{"id":11349,"date":"2025-07-20T18:22:52","date_gmt":"2025-07-20T16:22:52","guid":{"rendered":"https:\/\/www.mylasertabac.com\/%f0%9f%92%b8-precos-dos-macos-de-cigarros-na-europa-em-julho-de-2025-uma-comparacao-pais-a-pais\/"},"modified":"2025-10-09T12:38:51","modified_gmt":"2025-10-09T10:38:51","slug":"%f0%9f%92%b8-precos-dos-macos-de-cigarros-na-europa-em-julho-de-2025-uma-comparacao-pais-a-pais","status":"publish","type":"post","link":"https:\/\/www.mylasertabac.com\/pt-pt\/%f0%9f%92%b8-precos-dos-macos-de-cigarros-na-europa-em-julho-de-2025-uma-comparacao-pais-a-pais\/","title":{"rendered":"\ud83d\udcb8 Pre\u00e7os dos ma\u00e7os de cigarros na Europa em novembro de 2025: a grande compara\u00e7\u00e3o por pa\u00eds"},"content":{"rendered":"\n<div style=\"height:20px\" aria-hidden=\"true\" class=\"wp-block-spacer\"><\/div>\n\n<p><strong>Fumar \u00e9 caro. Muito caro. <\/strong>  Mas o pre\u00e7o de um pacote varia muito de um pa\u00eds europeu para outro. Em julho de 2025, as diferen\u00e7as de pre\u00e7os entre a Europa Ocidental e a Europa Oriental chegavam por vezes a <strong>10 euros<\/strong> para a mesma marca! Aqui tens um estudo completo, <strong>marca a marca e pa\u00eds a pa\u00eds<\/strong>, para responder \u00e0 pergunta:  <\/p>\n\n<blockquote class=\"wp-block-quote is-layout-flow wp-block-quote-is-layout-flow\">\n<p><strong>\ud83d\udd0d &#8220;Quanto custa um ma\u00e7o de cigarros Marlboro, Lucky Strike, Winston, Gitanes ou Camel, dependendo do pa\u00eds da Europa?&#8221;<\/strong><\/p>\n\n\n\n<div style=\"height:30px\" aria-hidden=\"true\" class=\"wp-block-spacer\"><\/div>\n<\/blockquote>\n\n<figure class=\"wp-block-image alignleft size-large is-resized\"><a href=\"https:\/\/www.mylasertabac.com\/pt-pt\/os-nossos-centros\/\"><img fetchpriority=\"high\" decoding=\"async\" width=\"1024\" height=\"668\" src=\"https:\/\/www.mylasertabac.com\/wp-content\/uploads\/2025\/08\/tu-veux-arreter-de-fumer-Clique-ici--1024x668.jpg\" alt=\"\" class=\"wp-image-13752\" style=\"width:458px;height:auto\" srcset=\"https:\/\/www.mylasertabac.com\/wp-content\/uploads\/2025\/08\/tu-veux-arreter-de-fumer-Clique-ici--1024x668.jpg 1024w, https:\/\/www.mylasertabac.com\/wp-content\/uploads\/2025\/08\/tu-veux-arreter-de-fumer-Clique-ici--300x196.jpg 300w, https:\/\/www.mylasertabac.com\/wp-content\/uploads\/2025\/08\/tu-veux-arreter-de-fumer-Clique-ici--768x501.jpg 768w, https:\/\/www.mylasertabac.com\/wp-content\/uploads\/2025\/08\/tu-veux-arreter-de-fumer-Clique-ici-.jpg 1206w\" sizes=\"(max-width: 1024px) 100vw, 1024px\" \/><\/a><\/figure>\n\n<h2 class=\"wp-block-heading\">\ud83d\udeac Um breve lembrete sobre a sa\u00fade p\u00fablica<\/h2>\n\n<blockquote class=\"wp-block-quote is-layout-flow wp-block-quote-is-layout-flow\">\n<p>\u26a0\ufe0f <strong>O consumo de tabaco \u00e9 perigoso para a tua sa\u00fade.<\/strong><br\/>\u00c9 a <strong>principal causa de morte evit\u00e1vel<\/strong> no mundo, sendo respons\u00e1vel por doen\u00e7as cardiovasculares, respirat\u00f3rias e cancro.<\/p>\n\n\n\n<div style=\"height:35px\" aria-hidden=\"true\" class=\"wp-block-spacer\"><\/div>\n<\/blockquote>\n\n<h2 class=\"wp-block-heading\">\ud83e\udde0 Porque \u00e9 que somos t\u00e3o viciados em cigarros?<\/h2>\n\n<div style=\"height:20px\" aria-hidden=\"true\" class=\"wp-block-spacer\"><\/div>\n\n<p>A depend\u00eancia do tabaco deve-se principalmente \u00e0 <strong>nicotina<\/strong>, uma subst\u00e2ncia psicotr\u00f3pica que actua no c\u00e9rebro <strong>gerando um efeito de recompensa r\u00e1pido<\/strong>. Funciona numa quest\u00e3o de segundos, aliviando o stress, o t\u00e9dio ou a tens\u00e3o&#8230; mas criando uma forte depend\u00eancia f\u00edsica e psicol\u00f3gica. A repeti\u00e7\u00e3o do ato e as rotinas sociais (pausas, caf\u00e9, aperitivos) refor\u00e7am este c\u00edrculo vicioso.  <\/p>\n\n<div style=\"height:20px\" aria-hidden=\"true\" class=\"wp-block-spacer\"><\/div>\n\n<h2 class=\"wp-block-heading\">A tabela completa dos pre\u00e7os dos cigarros mais vendidos em novembro de 2025 (por ma\u00e7o de 20)<\/h2>\n\n<div style=\"height:20px\" aria-hidden=\"true\" class=\"wp-block-spacer\"><\/div>\n\n<figure class=\"wp-block-table\"><table class=\"has-fixed-layout\"><thead><tr><th>Pa\u00eds<\/th><th>Marlboro (\u20ac)<\/th><th>Lucky Strike (\u20ac)<\/th><th>Winston (\u20ac)<\/th><th>Gitanes\/Gauloises (\u20ac)<\/th><th>Kamen (\u20ac)<\/th><\/tr><\/thead><tbody><tr><td>Fran\u00e7a<\/td><td>12,50<\/td><td>11,80<\/td><td>11,90<\/td><td>11,70<\/td><td>10,60<\/td><\/tr><tr><td>Alemanha<\/td><td>8,20<\/td><td>7,90<\/td><td>7,80<\/td><td>7,50<\/td><td>6,90<\/td><\/tr><tr><td>Espanha<\/td><td>5,30<\/td><td>4,95<\/td><td>5,00<\/td><td>4,80<\/td><td>4,60<\/td><\/tr><tr><td>It\u00e1lia<\/td><td>6,20<\/td><td>5,90<\/td><td>5,85<\/td><td>5,70<\/td><td>5,50<\/td><\/tr><tr><td>B\u00e9lgica<\/td><td>9,90<\/td><td>9,50<\/td><td>9,40<\/td><td>9,20<\/td><td>8,80<\/td><\/tr><tr><td>Pa\u00edses Baixos<\/td><td>11,00<\/td><td>10,40<\/td><td>10,30<\/td><td>10,10<\/td><td>9,60<\/td><\/tr><tr><td>Portugal<\/td><td>6,00<\/td><td>5,60<\/td><td>5,55<\/td><td>5,40<\/td><td>5,10<\/td><\/tr><tr><td>Su\u00ed\u00e7a<\/td><td>9,30<\/td><td>8,90<\/td><td>8,70<\/td><td>8,50<\/td><td>8,10<\/td><\/tr><tr><td>\u00c1ustria<\/td><td>7,90<\/td><td>7,50<\/td><td>7,40<\/td><td>7,30<\/td><td>7,00<\/td><\/tr><tr><td>Irlanda<\/td><td><strong>15,60<\/strong><\/td><td>14,90<\/td><td>14,80<\/td><td>14,60<\/td><td>13,90<\/td><\/tr><tr><td>Reino Unido<\/td><td><strong>17,80<\/strong><\/td><td>16,90<\/td><td>16,80<\/td><td>16,50<\/td><td>15,90<\/td><\/tr><tr><td>Luxemburgo<\/td><td>5,80<\/td><td>5,40<\/td><td>5,35<\/td><td>5,20<\/td><td>4,90<\/td><\/tr><tr><td>Su\u00e9cia<\/td><td>7,20<\/td><td>6,80<\/td><td>6,70<\/td><td>6,60<\/td><td>6,20<\/td><\/tr><tr><td>Noruega<\/td><td>13,90<\/td><td>13,10<\/td><td>13,00<\/td><td>12,80<\/td><td>12,00<\/td><\/tr><tr><td>Dinamarca<\/td><td>10,70<\/td><td>10,10<\/td><td>9,95<\/td><td>9,80<\/td><td>9,20<\/td><\/tr><tr><td>Finl\u00e2ndia<\/td><td>10,30<\/td><td>9,80<\/td><td>9,70<\/td><td>9,60<\/td><td>9,00<\/td><\/tr><tr><td>Gr\u00e9cia<\/td><td>5,40<\/td><td>5,10<\/td><td>5,00<\/td><td>4,90<\/td><td>4,70<\/td><\/tr><tr><td>Pol\u00f3nia<\/td><td>4,60<\/td><td>4,30<\/td><td>4,20<\/td><td>4,10<\/td><td>3,90<\/td><\/tr><tr><td>Rom\u00e9nia<\/td><td>4,70<\/td><td>4,30<\/td><td>4,25<\/td><td>4,10<\/td><td>3,95<\/td><\/tr><tr><td>Bulg\u00e1ria<\/td><td>3,80<\/td><td>3,50<\/td><td>3,45<\/td><td>3,30<\/td><td>3,10<\/td><\/tr><tr><td>Hungria<\/td><td>5,10<\/td><td>4,80<\/td><td>4,75<\/td><td>4,60<\/td><td>4,40<\/td><\/tr><tr><td>Eslov\u00e1quia<\/td><td>4,90<\/td><td>4,60<\/td><td>4,50<\/td><td>4,40<\/td><td>4,20<\/td><\/tr><tr><td>Eslov\u00e9nia<\/td><td>5,30<\/td><td>5,00<\/td><td>4,95<\/td><td>4,80<\/td><td>4,60<\/td><\/tr><tr><td>Cro\u00e1cia<\/td><td>4,80<\/td><td>4,50<\/td><td>4,40<\/td><td>4,30<\/td><td>4,10<\/td><\/tr><tr><td>Rep\u00fablica Checa<\/td><td>4,70<\/td><td>4,40<\/td><td>4,30<\/td><td>4,20<\/td><td>4,00<\/td><\/tr><tr><td>Est\u00f3nia<\/td><td>5,20<\/td><td>4,80<\/td><td>4,70<\/td><td>4,60<\/td><td>4,30<\/td><\/tr><tr><td>Let\u00f3nia<\/td><td>4,90<\/td><td>4,60<\/td><td>4,50<\/td><td>4,40<\/td><td>4,10<\/td><\/tr><tr><td>Litu\u00e2nia<\/td><td>4,80<\/td><td>4,50<\/td><td>4,40<\/td><td>4,30<\/td><td>4,00<\/td><\/tr><\/tbody><\/table><\/figure>\n\n<blockquote class=\"wp-block-quote is-layout-flow wp-block-quote-is-layout-flow\">\n<p>\ud83d\udcca <strong>M\u00e9dia europeia para todas as marcas: cerca de 7,30 euros\/embalagem<\/strong><\/p>\n<\/blockquote>\n\n<div style=\"height:43px\" aria-hidden=\"true\" class=\"wp-block-spacer\"><\/div>\n\n<blockquote class=\"wp-block-quote is-layout-flow wp-block-quote-is-layout-flow\">\n<p><\/p>\n<\/blockquote>\n\n<figure class=\"wp-block-image alignleft size-large is-resized\"><img decoding=\"async\" width=\"1024\" height=\"683\" src=\"https:\/\/www.mylasertabac.com\/wp-content\/uploads\/2025\/07\/quel-est-le-prix-dun-paquet-de-cigarette-en-fonction-des-pays-deurope-1024x683.png\" alt=\"\" class=\"wp-image-11328\" style=\"width:352px;height:auto\" srcset=\"https:\/\/www.mylasertabac.com\/wp-content\/uploads\/2025\/07\/quel-est-le-prix-dun-paquet-de-cigarette-en-fonction-des-pays-deurope-1024x683.png 1024w, https:\/\/www.mylasertabac.com\/wp-content\/uploads\/2025\/07\/quel-est-le-prix-dun-paquet-de-cigarette-en-fonction-des-pays-deurope-300x200.png 300w, https:\/\/www.mylasertabac.com\/wp-content\/uploads\/2025\/07\/quel-est-le-prix-dun-paquet-de-cigarette-en-fonction-des-pays-deurope-768x512.png 768w, https:\/\/www.mylasertabac.com\/wp-content\/uploads\/2025\/07\/quel-est-le-prix-dun-paquet-de-cigarette-en-fonction-des-pays-deurope-1536x1024.png 1536w, https:\/\/www.mylasertabac.com\/wp-content\/uploads\/2025\/07\/quel-est-le-prix-dun-paquet-de-cigarette-en-fonction-des-pays-deurope-2048x1366.png 2048w\" sizes=\"(max-width: 1024px) 100vw, 1024px\" \/><\/figure>\n\n<h2 class=\"wp-block-heading\">\ud83d\udd25 Os 5 principais pa\u00edses onde fumar ser\u00e1 mais caro na Europa em 2025<\/h2>\n\n<ol class=\"wp-block-list\">\n<li>\ud83c\uddec\ud83c\udde7 <strong>Reino Unido<\/strong> &#8211; At\u00e9 17,80 euros por pacote!<\/li>\n\n\n\n<li>\ud83c\uddee\ud83c\uddea <strong>Irlanda<\/strong> &#8211; Mais de 15 euros<\/li>\n\n\n\n<li>\ud83c\uddeb\ud83c\uddf7 <strong>Fran\u00e7a<\/strong> &#8211; At\u00e9 12,50 euros<\/li>\n\n\n\n<li>\ud83c\uddf3\ud83c\uddf4 <strong>Noruega<\/strong> &#8211; 13,90 euros (fora da UE)<\/li>\n\n\n\n<li>\ud83c\uddf3\ud83c\uddf1 <strong>Pa\u00edses Baixos<\/strong> &#8211; Aprox. 11 euros<\/li>\n<\/ol>\n\n<div style=\"height:43px\" aria-hidden=\"true\" class=\"wp-block-spacer\"><\/div>\n\n<hr class=\"wp-block-separator has-alpha-channel-opacity\"\/>\n\n<h2 class=\"wp-block-heading\">\ud83d\udcb0 E aqueles em que ainda \u00e9 &#8220;acess\u00edvel&#8221; (mas prejudicial)&#8230;<\/h2>\n\n<div style=\"height:20px\" aria-hidden=\"true\" class=\"wp-block-spacer\"><\/div>\n\n<ul class=\"wp-block-list\">\n<li>\ud83c\udde7\ud83c\uddec <strong>Bulg\u00e1ria<\/strong>: ~3,80 euros<\/li>\n\n\n\n<li>\ud83c\uddf7\ud83c\uddf4 <strong>Rom\u00e9nia<\/strong>: ~4,30 euros<\/li>\n\n\n\n<li>\ud83c\uddf5\ud83c\uddf1 <strong>Pol\u00f3nia<\/strong>: ~4,60 euros<\/li>\n\n\n\n<li>\ud83c\udde8\ud83c\uddff <strong>Rep\u00fablica Checa<\/strong>: ~4,30 euros<\/li>\n\n\n\n<li>\ud83c\udded\ud83c\uddfa <strong>Hungria<\/strong>: ~4,75 euros<\/li>\n<\/ul>\n\n<div style=\"height:26px\" aria-hidden=\"true\" class=\"wp-block-spacer\"><\/div>\n\n<p class=\"has-cyan-bluish-gray-background-color has-background\">L\u00ea tamb\u00e9m : <a href=\"https:\/\/www.mylasertabac.com\/pt-pt\/\">\n  <mark style=\"background-color:rgba(0, 0, 0, 0)\" class=\"has-inline-color has-luminous-vivid-orange-color\">Se queres deixar de fumar, temos a solu\u00e7\u00e3o para ti &#8230;<\/mark>\n<\/a><\/p>\n\n<div style=\"height:43px\" aria-hidden=\"true\" class=\"wp-block-spacer\"><\/div>\n\n<figure class=\"wp-block-image alignright size-full is-resized\"><img decoding=\"async\" width=\"953\" height=\"958\" src=\"https:\/\/www.mylasertabac.com\/wp-content\/uploads\/2025\/06\/mylaser.jpeg\" alt=\"\" class=\"wp-image-9693\" style=\"width:419px;height:auto\" srcset=\"https:\/\/www.mylasertabac.com\/wp-content\/uploads\/2025\/06\/mylaser.jpeg 953w, https:\/\/www.mylasertabac.com\/wp-content\/uploads\/2025\/06\/mylaser-298x300.jpeg 298w, https:\/\/www.mylasertabac.com\/wp-content\/uploads\/2025\/06\/mylaser-150x150.jpeg 150w, https:\/\/www.mylasertabac.com\/wp-content\/uploads\/2025\/06\/mylaser-768x772.jpeg 768w\" sizes=\"(max-width: 953px) 100vw, 953px\" \/><\/figure>\n\n<h2 class=\"wp-block-heading\">\ud83d\ude80 Queres deixar de fumar? Aqui tens a solu\u00e7\u00e3o natural e eficaz <\/h2>\n\n<p>E se a melhor decis\u00e3o da tua vida demorasse apenas 60 minutos? Visita <strong>\n  <a href=\"https:\/\/www.mylasertabac.com\/pt-pt\/\">MyLaserTabac<\/a>\n<\/strong>podemos ajudar-te a deixar de fumar atrav\u00e9s de um m\u00e9todo suave, r\u00e1pido e indolor: o <strong>laser anti-tabaco<\/strong> baseado na <strong>\n  <a href=\"https:\/\/www.mylasertabac.com\/pt-pt\/\">reflexologia auricular<\/a>\n<\/strong>. Este processo estimula pontos espec\u00edficos do ouvido ligados \u00e0 depend\u00eancia, reduzindo o desejo de fumar, o stress e a irritabilidade&#8230; numa s\u00f3 sess\u00e3o. Sem substitutos, sem reca\u00eddas. Os nossos <strong>\n  <a href=\"https:\/\/www.mylasertabac.com\/pt-pt\/os-nossos-centros\/\">centros em toda a Fran\u00e7a<\/a>\n<\/strong> acolhem-te num ambiente acolhedor, com uma abordagem personalizada e uma <strong>taxa de sucesso superior a 90%<\/strong>. Milhares de fumadores j\u00e1 depositaram a sua confian\u00e7a em n\u00f3s. E se fosse a tua vez?      <br\/><strong>Marca j\u00e1 uma consulta<\/strong> no centro MyLaserTabac mais pr\u00f3ximo de ti. A tua nova vida come\u00e7a aqui. <\/p>\n\n<p><\/p>\n\n<p><\/p>\n\n<p><\/p>\n\n<div style=\"height:37px\" aria-hidden=\"true\" class=\"wp-block-spacer\"><\/div>\n\n<h2 class=\"wp-block-heading\">\ud83c\udfaf Conclus\u00e3o: um or\u00e7amento que te pesa&#8230; e te faz querer parar<\/h2>\n\n<div style=\"height:20px\" aria-hidden=\"true\" class=\"wp-block-spacer\"><\/div>\n\n<p>Os governos europeus continuam a<strong>aumentar os impostos sobre o tabaco<\/strong> para desencorajar o consumo, ao mesmo tempo que financiam os seus sistemas de sa\u00fade.<\/p>\n\n<p>Um fumador que fume um ma\u00e7o por dia em Fran\u00e7a paga cerca de <strong>375 euros por m\u00eas<\/strong> &#8211; mais do que a renda de algumas cidades de prov\u00edncia.<\/p>\n\n<p>Por isso, n\u00e3o \u00e9 de admirar que <strong> <a href=\"https:\/\/www.mylasertabac.com\/pt-pt\/\">a cessa\u00e7\u00e3o tab\u00e1gica<\/a><\/strong> (por laser, substitui\u00e7\u00e3o, treino) esteja a ganhar terreno.<\/p>\n\n<div style=\"height:37px\" aria-hidden=\"true\" class=\"wp-block-spacer\"><\/div>\n\n<figure class=\"wp-block-image size-large\"><img decoding=\"async\" src=\"https:\/\/www.mylasertabac.com\/wp-content\/uploads\/\/mlt-verteau.svg\" alt=\"\" class=\"wp-image-13\"\/><\/figure>\n","protected":false},"excerpt":{"rendered":"<p>Fumar \u00e9 caro. Muito caro. Mas o pre\u00e7o de um pacote varia muito de um pa\u00eds europeu para outro. Em julho de 2025, as diferen\u00e7as de pre\u00e7os entre a Europa Ocidental e a Europa Oriental chegavam por vezes a 10 euros para a mesma marca! Aqui tens um estudo completo, marca a marca e pa\u00eds [&hellip;]<\/p>\n","protected":false},"author":2,"featured_media":17413,"comment_status":"closed","ping_status":"open","sticky":false,"template":"","format":"standard","meta":{"inline_featured_image":false,"footnotes":""},"categories":[664],"tags":[],"class_list":["post-11349","post","type-post","status-publish","format-standard","has-post-thumbnail","hentry","category-tabaco-pt-pt"],"yoast_head":"<!-- This site is optimized with the Yoast SEO plugin v27.5 - https:\/\/yoast.com\/product\/yoast-seo-wordpress\/ -->\n<title>\ud83d\udcb8 Pre\u00e7os dos ma\u00e7os de cigarros na Europa em novembro de 2025: a grande compara\u00e7\u00e3o por pa\u00eds - My Laser Tabac<\/title>\n<meta name=\"description\" content=\"Descobre o pre\u00e7o dos cigarros na Europa em novembro de 2025, marca a marca, com um quadro comparativo completo e \u00fatil.\" \/>\n<meta name=\"robots\" content=\"index, follow, max-snippet:-1, max-image-preview:large, max-video-preview:-1\" \/>\n<link rel=\"canonical\" href=\"https:\/\/www.mylasertabac.com\/pt-pt\/%f0%9f%92%b8-precos-dos-macos-de-cigarros-na-europa-em-julho-de-2025-uma-comparacao-pais-a-pais\/\" \/>\n<meta property=\"og:locale\" content=\"pt_PT\" \/>\n<meta property=\"og:type\" content=\"article\" \/>\n<meta property=\"og:title\" content=\"\ud83d\udcb8 Pre\u00e7os dos ma\u00e7os de cigarros na Europa em novembro de 2025: a grande compara\u00e7\u00e3o por pa\u00eds - My Laser Tabac\" \/>\n<meta property=\"og:description\" content=\"Descobre o pre\u00e7o dos cigarros na Europa em novembro de 2025, marca a marca, com um quadro comparativo completo e \u00fatil.\" \/>\n<meta property=\"og:url\" content=\"https:\/\/www.mylasertabac.com\/pt-pt\/%f0%9f%92%b8-precos-dos-macos-de-cigarros-na-europa-em-julho-de-2025-uma-comparacao-pais-a-pais\/\" \/>\n<meta property=\"og:site_name\" content=\"My Laser Tabac\" \/>\n<meta property=\"article:author\" content=\"https:\/\/www.facebook.com\/profile.php?id=61571554707319\" \/>\n<meta property=\"article:published_time\" content=\"2025-07-20T16:22:52+00:00\" \/>\n<meta property=\"article:modified_time\" content=\"2025-10-09T10:38:51+00:00\" \/>\n<meta property=\"og:image\" content=\"https:\/\/www.mylasertabac.com\/wp-content\/uploads\/2025\/07\/Prix-des-paquets-de-cigarette-en-Europe-en-Novembre-2025-1024x683.png\" \/>\n\t<meta property=\"og:image:width\" content=\"1024\" \/>\n\t<meta property=\"og:image:height\" content=\"683\" \/>\n\t<meta property=\"og:image:type\" content=\"image\/png\" \/>\n<meta name=\"author\" content=\"Florian Fortes\" \/>\n<meta name=\"twitter:card\" content=\"summary_large_image\" \/>\n<meta name=\"twitter:label1\" content=\"Escrito por\" \/>\n\t<meta name=\"twitter:data1\" content=\"Florian Fortes\" \/>\n\t<meta name=\"twitter:label2\" content=\"Tempo estimado de leitura\" \/>\n\t<meta name=\"twitter:data2\" content=\"3 minutos\" \/>\n<script type=\"application\/ld+json\" class=\"yoast-schema-graph\">{\"@context\":\"https:\\\/\\\/schema.org\",\"@graph\":[{\"@type\":\"Article\",\"@id\":\"https:\\\/\\\/www.mylasertabac.com\\\/pt-pt\\\/%f0%9f%92%b8-precos-dos-macos-de-cigarros-na-europa-em-julho-de-2025-uma-comparacao-pais-a-pais\\\/#article\",\"isPartOf\":{\"@id\":\"https:\\\/\\\/www.mylasertabac.com\\\/pt-pt\\\/%f0%9f%92%b8-precos-dos-macos-de-cigarros-na-europa-em-julho-de-2025-uma-comparacao-pais-a-pais\\\/\"},\"author\":{\"name\":\"Florian Fortes\",\"@id\":\"https:\\\/\\\/www.mylasertabac.com\\\/pt-pt\\\/#\\\/schema\\\/person\\\/02c249cb76d912efb6c315ec23eccdf3\"},\"headline\":\"\ud83d\udcb8 Pre\u00e7os dos ma\u00e7os de cigarros na Europa em novembro de 2025: a grande compara\u00e7\u00e3o por pa\u00eds\",\"datePublished\":\"2025-07-20T16:22:52+00:00\",\"dateModified\":\"2025-10-09T10:38:51+00:00\",\"mainEntityOfPage\":{\"@id\":\"https:\\\/\\\/www.mylasertabac.com\\\/pt-pt\\\/%f0%9f%92%b8-precos-dos-macos-de-cigarros-na-europa-em-julho-de-2025-uma-comparacao-pais-a-pais\\\/\"},\"wordCount\":614,\"publisher\":{\"@id\":\"https:\\\/\\\/www.mylasertabac.com\\\/pt-pt\\\/#organization\"},\"image\":{\"@id\":\"https:\\\/\\\/www.mylasertabac.com\\\/pt-pt\\\/%f0%9f%92%b8-precos-dos-macos-de-cigarros-na-europa-em-julho-de-2025-uma-comparacao-pais-a-pais\\\/#primaryimage\"},\"thumbnailUrl\":\"https:\\\/\\\/www.mylasertabac.com\\\/wp-content\\\/uploads\\\/2025\\\/07\\\/Prix-des-paquets-de-cigarette-en-Europe-en-Novembre-2025.png\",\"articleSection\":[\"tabaco\"],\"inLanguage\":\"pt-PT\"},{\"@type\":\"WebPage\",\"@id\":\"https:\\\/\\\/www.mylasertabac.com\\\/pt-pt\\\/%f0%9f%92%b8-precos-dos-macos-de-cigarros-na-europa-em-julho-de-2025-uma-comparacao-pais-a-pais\\\/\",\"url\":\"https:\\\/\\\/www.mylasertabac.com\\\/pt-pt\\\/%f0%9f%92%b8-precos-dos-macos-de-cigarros-na-europa-em-julho-de-2025-uma-comparacao-pais-a-pais\\\/\",\"name\":\"\ud83d\udcb8 Pre\u00e7os dos ma\u00e7os de cigarros na Europa em novembro de 2025: a grande compara\u00e7\u00e3o por pa\u00eds - My Laser Tabac\",\"isPartOf\":{\"@id\":\"https:\\\/\\\/www.mylasertabac.com\\\/pt-pt\\\/#website\"},\"primaryImageOfPage\":{\"@id\":\"https:\\\/\\\/www.mylasertabac.com\\\/pt-pt\\\/%f0%9f%92%b8-precos-dos-macos-de-cigarros-na-europa-em-julho-de-2025-uma-comparacao-pais-a-pais\\\/#primaryimage\"},\"image\":{\"@id\":\"https:\\\/\\\/www.mylasertabac.com\\\/pt-pt\\\/%f0%9f%92%b8-precos-dos-macos-de-cigarros-na-europa-em-julho-de-2025-uma-comparacao-pais-a-pais\\\/#primaryimage\"},\"thumbnailUrl\":\"https:\\\/\\\/www.mylasertabac.com\\\/wp-content\\\/uploads\\\/2025\\\/07\\\/Prix-des-paquets-de-cigarette-en-Europe-en-Novembre-2025.png\",\"datePublished\":\"2025-07-20T16:22:52+00:00\",\"dateModified\":\"2025-10-09T10:38:51+00:00\",\"description\":\"Descobre o pre\u00e7o dos cigarros na Europa em novembro de 2025, marca a marca, com um quadro comparativo completo e \u00fatil.\",\"breadcrumb\":{\"@id\":\"https:\\\/\\\/www.mylasertabac.com\\\/pt-pt\\\/%f0%9f%92%b8-precos-dos-macos-de-cigarros-na-europa-em-julho-de-2025-uma-comparacao-pais-a-pais\\\/#breadcrumb\"},\"inLanguage\":\"pt-PT\",\"potentialAction\":[{\"@type\":\"ReadAction\",\"target\":[\"https:\\\/\\\/www.mylasertabac.com\\\/pt-pt\\\/%f0%9f%92%b8-precos-dos-macos-de-cigarros-na-europa-em-julho-de-2025-uma-comparacao-pais-a-pais\\\/\"]}]},{\"@type\":\"ImageObject\",\"inLanguage\":\"pt-PT\",\"@id\":\"https:\\\/\\\/www.mylasertabac.com\\\/pt-pt\\\/%f0%9f%92%b8-precos-dos-macos-de-cigarros-na-europa-em-julho-de-2025-uma-comparacao-pais-a-pais\\\/#primaryimage\",\"url\":\"https:\\\/\\\/www.mylasertabac.com\\\/wp-content\\\/uploads\\\/2025\\\/07\\\/Prix-des-paquets-de-cigarette-en-Europe-en-Novembre-2025.png\",\"contentUrl\":\"https:\\\/\\\/www.mylasertabac.com\\\/wp-content\\\/uploads\\\/2025\\\/07\\\/Prix-des-paquets-de-cigarette-en-Europe-en-Novembre-2025.png\",\"width\":1536,\"height\":1024},{\"@type\":\"BreadcrumbList\",\"@id\":\"https:\\\/\\\/www.mylasertabac.com\\\/pt-pt\\\/%f0%9f%92%b8-precos-dos-macos-de-cigarros-na-europa-em-julho-de-2025-uma-comparacao-pais-a-pais\\\/#breadcrumb\",\"itemListElement\":[{\"@type\":\"ListItem\",\"position\":1,\"name\":\"Accueil\",\"item\":\"https:\\\/\\\/www.mylasertabac.com\\\/pt-pt\\\/casa\\\/\"},{\"@type\":\"ListItem\",\"position\":2,\"name\":\"\ud83d\udcb8 Pre\u00e7os dos ma\u00e7os de cigarros na Europa em novembro de 2025: a grande compara\u00e7\u00e3o por pa\u00eds\"}]},{\"@type\":\"WebSite\",\"@id\":\"https:\\\/\\\/www.mylasertabac.com\\\/pt-pt\\\/#website\",\"url\":\"https:\\\/\\\/www.mylasertabac.com\\\/pt-pt\\\/\",\"name\":\"My Laser Tabac\",\"description\":\"La solution laser qui transforme les fumeurs en ex-fumeurs\",\"publisher\":{\"@id\":\"https:\\\/\\\/www.mylasertabac.com\\\/pt-pt\\\/#organization\"},\"potentialAction\":[{\"@type\":\"SearchAction\",\"target\":{\"@type\":\"EntryPoint\",\"urlTemplate\":\"https:\\\/\\\/www.mylasertabac.com\\\/pt-pt\\\/?s={search_term_string}\"},\"query-input\":{\"@type\":\"PropertyValueSpecification\",\"valueRequired\":true,\"valueName\":\"search_term_string\"}}],\"inLanguage\":\"pt-PT\"},{\"@type\":\"Organization\",\"@id\":\"https:\\\/\\\/www.mylasertabac.com\\\/pt-pt\\\/#organization\",\"name\":\"My Laser Tabac\",\"url\":\"https:\\\/\\\/www.mylasertabac.com\\\/pt-pt\\\/\",\"logo\":{\"@type\":\"ImageObject\",\"inLanguage\":\"pt-PT\",\"@id\":\"https:\\\/\\\/www.mylasertabac.com\\\/pt-pt\\\/#\\\/schema\\\/logo\\\/image\\\/\",\"url\":\"https:\\\/\\\/www.mylasertabac.com\\\/wp-content\\\/uploads\\\/2024\\\/12\\\/mlt-verteau.svg\",\"contentUrl\":\"https:\\\/\\\/www.mylasertabac.com\\\/wp-content\\\/uploads\\\/2024\\\/12\\\/mlt-verteau.svg\",\"caption\":\"My Laser Tabac\"},\"image\":{\"@id\":\"https:\\\/\\\/www.mylasertabac.com\\\/pt-pt\\\/#\\\/schema\\\/logo\\\/image\\\/\"}},{\"@type\":\"Person\",\"@id\":\"https:\\\/\\\/www.mylasertabac.com\\\/pt-pt\\\/#\\\/schema\\\/person\\\/02c249cb76d912efb6c315ec23eccdf3\",\"name\":\"Florian Fortes\",\"image\":{\"@type\":\"ImageObject\",\"inLanguage\":\"pt-PT\",\"@id\":\"https:\\\/\\\/www.mylasertabac.com\\\/wp-content\\\/litespeed\\\/avatar\\\/142101a71d7b9e6490c1120d9c109a67.jpg?ver=1777461116\",\"url\":\"https:\\\/\\\/www.mylasertabac.com\\\/wp-content\\\/litespeed\\\/avatar\\\/142101a71d7b9e6490c1120d9c109a67.jpg?ver=1777461116\",\"contentUrl\":\"https:\\\/\\\/www.mylasertabac.com\\\/wp-content\\\/litespeed\\\/avatar\\\/142101a71d7b9e6490c1120d9c109a67.jpg?ver=1777461116\",\"caption\":\"Florian Fortes\"},\"sameAs\":[\"https:\\\/\\\/www.mylasertabac.com\",\"https:\\\/\\\/www.facebook.com\\\/profile.php?id=61571554707319\"],\"url\":\"https:\\\/\\\/www.mylasertabac.com\\\/pt-pt\\\/author\\\/florianfortes5312\\\/\"}]}<\/script>\n<!-- \/ Yoast SEO plugin. -->","yoast_head_json":{"title":"\ud83d\udcb8 Pre\u00e7os dos ma\u00e7os de cigarros na Europa em novembro de 2025: a grande compara\u00e7\u00e3o por pa\u00eds - My Laser Tabac","description":"Descobre o pre\u00e7o dos cigarros na Europa em novembro de 2025, marca a marca, com um quadro comparativo completo e \u00fatil.","robots":{"index":"index","follow":"follow","max-snippet":"max-snippet:-1","max-image-preview":"max-image-preview:large","max-video-preview":"max-video-preview:-1"},"canonical":"https:\/\/www.mylasertabac.com\/pt-pt\/%f0%9f%92%b8-precos-dos-macos-de-cigarros-na-europa-em-julho-de-2025-uma-comparacao-pais-a-pais\/","og_locale":"pt_PT","og_type":"article","og_title":"\ud83d\udcb8 Pre\u00e7os dos ma\u00e7os de cigarros na Europa em novembro de 2025: a grande compara\u00e7\u00e3o por pa\u00eds - My Laser Tabac","og_description":"Descobre o pre\u00e7o dos cigarros na Europa em novembro de 2025, marca a marca, com um quadro comparativo completo e \u00fatil.","og_url":"https:\/\/www.mylasertabac.com\/pt-pt\/%f0%9f%92%b8-precos-dos-macos-de-cigarros-na-europa-em-julho-de-2025-uma-comparacao-pais-a-pais\/","og_site_name":"My Laser Tabac","article_author":"https:\/\/www.facebook.com\/profile.php?id=61571554707319","article_published_time":"2025-07-20T16:22:52+00:00","article_modified_time":"2025-10-09T10:38:51+00:00","og_image":[{"width":1024,"height":683,"url":"https:\/\/www.mylasertabac.com\/wp-content\/uploads\/2025\/07\/Prix-des-paquets-de-cigarette-en-Europe-en-Novembre-2025-1024x683.png","type":"image\/png"}],"author":"Florian Fortes","twitter_card":"summary_large_image","twitter_misc":{"Escrito por":"Florian Fortes","Tempo estimado de leitura":"3 minutos"},"schema":{"@context":"https:\/\/schema.org","@graph":[{"@type":"Article","@id":"https:\/\/www.mylasertabac.com\/pt-pt\/%f0%9f%92%b8-precos-dos-macos-de-cigarros-na-europa-em-julho-de-2025-uma-comparacao-pais-a-pais\/#article","isPartOf":{"@id":"https:\/\/www.mylasertabac.com\/pt-pt\/%f0%9f%92%b8-precos-dos-macos-de-cigarros-na-europa-em-julho-de-2025-uma-comparacao-pais-a-pais\/"},"author":{"name":"Florian Fortes","@id":"https:\/\/www.mylasertabac.com\/pt-pt\/#\/schema\/person\/02c249cb76d912efb6c315ec23eccdf3"},"headline":"\ud83d\udcb8 Pre\u00e7os dos ma\u00e7os de cigarros na Europa em novembro de 2025: a grande compara\u00e7\u00e3o por pa\u00eds","datePublished":"2025-07-20T16:22:52+00:00","dateModified":"2025-10-09T10:38:51+00:00","mainEntityOfPage":{"@id":"https:\/\/www.mylasertabac.com\/pt-pt\/%f0%9f%92%b8-precos-dos-macos-de-cigarros-na-europa-em-julho-de-2025-uma-comparacao-pais-a-pais\/"},"wordCount":614,"publisher":{"@id":"https:\/\/www.mylasertabac.com\/pt-pt\/#organization"},"image":{"@id":"https:\/\/www.mylasertabac.com\/pt-pt\/%f0%9f%92%b8-precos-dos-macos-de-cigarros-na-europa-em-julho-de-2025-uma-comparacao-pais-a-pais\/#primaryimage"},"thumbnailUrl":"https:\/\/www.mylasertabac.com\/wp-content\/uploads\/2025\/07\/Prix-des-paquets-de-cigarette-en-Europe-en-Novembre-2025.png","articleSection":["tabaco"],"inLanguage":"pt-PT"},{"@type":"WebPage","@id":"https:\/\/www.mylasertabac.com\/pt-pt\/%f0%9f%92%b8-precos-dos-macos-de-cigarros-na-europa-em-julho-de-2025-uma-comparacao-pais-a-pais\/","url":"https:\/\/www.mylasertabac.com\/pt-pt\/%f0%9f%92%b8-precos-dos-macos-de-cigarros-na-europa-em-julho-de-2025-uma-comparacao-pais-a-pais\/","name":"\ud83d\udcb8 Pre\u00e7os dos ma\u00e7os de cigarros na Europa em novembro de 2025: a grande compara\u00e7\u00e3o por pa\u00eds - My Laser Tabac","isPartOf":{"@id":"https:\/\/www.mylasertabac.com\/pt-pt\/#website"},"primaryImageOfPage":{"@id":"https:\/\/www.mylasertabac.com\/pt-pt\/%f0%9f%92%b8-precos-dos-macos-de-cigarros-na-europa-em-julho-de-2025-uma-comparacao-pais-a-pais\/#primaryimage"},"image":{"@id":"https:\/\/www.mylasertabac.com\/pt-pt\/%f0%9f%92%b8-precos-dos-macos-de-cigarros-na-europa-em-julho-de-2025-uma-comparacao-pais-a-pais\/#primaryimage"},"thumbnailUrl":"https:\/\/www.mylasertabac.com\/wp-content\/uploads\/2025\/07\/Prix-des-paquets-de-cigarette-en-Europe-en-Novembre-2025.png","datePublished":"2025-07-20T16:22:52+00:00","dateModified":"2025-10-09T10:38:51+00:00","description":"Descobre o pre\u00e7o dos cigarros na Europa em novembro de 2025, marca a marca, com um quadro comparativo completo e \u00fatil.","breadcrumb":{"@id":"https:\/\/www.mylasertabac.com\/pt-pt\/%f0%9f%92%b8-precos-dos-macos-de-cigarros-na-europa-em-julho-de-2025-uma-comparacao-pais-a-pais\/#breadcrumb"},"inLanguage":"pt-PT","potentialAction":[{"@type":"ReadAction","target":["https:\/\/www.mylasertabac.com\/pt-pt\/%f0%9f%92%b8-precos-dos-macos-de-cigarros-na-europa-em-julho-de-2025-uma-comparacao-pais-a-pais\/"]}]},{"@type":"ImageObject","inLanguage":"pt-PT","@id":"https:\/\/www.mylasertabac.com\/pt-pt\/%f0%9f%92%b8-precos-dos-macos-de-cigarros-na-europa-em-julho-de-2025-uma-comparacao-pais-a-pais\/#primaryimage","url":"https:\/\/www.mylasertabac.com\/wp-content\/uploads\/2025\/07\/Prix-des-paquets-de-cigarette-en-Europe-en-Novembre-2025.png","contentUrl":"https:\/\/www.mylasertabac.com\/wp-content\/uploads\/2025\/07\/Prix-des-paquets-de-cigarette-en-Europe-en-Novembre-2025.png","width":1536,"height":1024},{"@type":"BreadcrumbList","@id":"https:\/\/www.mylasertabac.com\/pt-pt\/%f0%9f%92%b8-precos-dos-macos-de-cigarros-na-europa-em-julho-de-2025-uma-comparacao-pais-a-pais\/#breadcrumb","itemListElement":[{"@type":"ListItem","position":1,"name":"Accueil","item":"https:\/\/www.mylasertabac.com\/pt-pt\/casa\/"},{"@type":"ListItem","position":2,"name":"\ud83d\udcb8 Pre\u00e7os dos ma\u00e7os de cigarros na Europa em novembro de 2025: a grande compara\u00e7\u00e3o por pa\u00eds"}]},{"@type":"WebSite","@id":"https:\/\/www.mylasertabac.com\/pt-pt\/#website","url":"https:\/\/www.mylasertabac.com\/pt-pt\/","name":"My Laser Tabac","description":"La solution laser qui transforme les fumeurs en ex-fumeurs","publisher":{"@id":"https:\/\/www.mylasertabac.com\/pt-pt\/#organization"},"potentialAction":[{"@type":"SearchAction","target":{"@type":"EntryPoint","urlTemplate":"https:\/\/www.mylasertabac.com\/pt-pt\/?s={search_term_string}"},"query-input":{"@type":"PropertyValueSpecification","valueRequired":true,"valueName":"search_term_string"}}],"inLanguage":"pt-PT"},{"@type":"Organization","@id":"https:\/\/www.mylasertabac.com\/pt-pt\/#organization","name":"My Laser Tabac","url":"https:\/\/www.mylasertabac.com\/pt-pt\/","logo":{"@type":"ImageObject","inLanguage":"pt-PT","@id":"https:\/\/www.mylasertabac.com\/pt-pt\/#\/schema\/logo\/image\/","url":"https:\/\/www.mylasertabac.com\/wp-content\/uploads\/2024\/12\/mlt-verteau.svg","contentUrl":"https:\/\/www.mylasertabac.com\/wp-content\/uploads\/2024\/12\/mlt-verteau.svg","caption":"My Laser Tabac"},"image":{"@id":"https:\/\/www.mylasertabac.com\/pt-pt\/#\/schema\/logo\/image\/"}},{"@type":"Person","@id":"https:\/\/www.mylasertabac.com\/pt-pt\/#\/schema\/person\/02c249cb76d912efb6c315ec23eccdf3","name":"Florian Fortes","image":{"@type":"ImageObject","inLanguage":"pt-PT","@id":"https:\/\/www.mylasertabac.com\/wp-content\/litespeed\/avatar\/142101a71d7b9e6490c1120d9c109a67.jpg?ver=1777461116","url":"https:\/\/www.mylasertabac.com\/wp-content\/litespeed\/avatar\/142101a71d7b9e6490c1120d9c109a67.jpg?ver=1777461116","contentUrl":"https:\/\/www.mylasertabac.com\/wp-content\/litespeed\/avatar\/142101a71d7b9e6490c1120d9c109a67.jpg?ver=1777461116","caption":"Florian Fortes"},"sameAs":["https:\/\/www.mylasertabac.com","https:\/\/www.facebook.com\/profile.php?id=61571554707319"],"url":"https:\/\/www.mylasertabac.com\/pt-pt\/author\/florianfortes5312\/"}]}},"_links":{"self":[{"href":"https:\/\/www.mylasertabac.com\/pt-pt\/wp-json\/wp\/v2\/posts\/11349","targetHints":{"allow":["GET"]}}],"collection":[{"href":"https:\/\/www.mylasertabac.com\/pt-pt\/wp-json\/wp\/v2\/posts"}],"about":[{"href":"https:\/\/www.mylasertabac.com\/pt-pt\/wp-json\/wp\/v2\/types\/post"}],"author":[{"embeddable":true,"href":"https:\/\/www.mylasertabac.com\/pt-pt\/wp-json\/wp\/v2\/users\/2"}],"replies":[{"embeddable":true,"href":"https:\/\/www.mylasertabac.com\/pt-pt\/wp-json\/wp\/v2\/comments?post=11349"}],"version-history":[{"count":6,"href":"https:\/\/www.mylasertabac.com\/pt-pt\/wp-json\/wp\/v2\/posts\/11349\/revisions"}],"predecessor-version":[{"id":17433,"href":"https:\/\/www.mylasertabac.com\/pt-pt\/wp-json\/wp\/v2\/posts\/11349\/revisions\/17433"}],"wp:featuredmedia":[{"embeddable":true,"href":"https:\/\/www.mylasertabac.com\/pt-pt\/wp-json\/wp\/v2\/media\/17413"}],"wp:attachment":[{"href":"https:\/\/www.mylasertabac.com\/pt-pt\/wp-json\/wp\/v2\/media?parent=11349"}],"wp:term":[{"taxonomy":"category","embeddable":true,"href":"https:\/\/www.mylasertabac.com\/pt-pt\/wp-json\/wp\/v2\/categories?post=11349"},{"taxonomy":"post_tag","embeddable":true,"href":"https:\/\/www.mylasertabac.com\/pt-pt\/wp-json\/wp\/v2\/tags?post=11349"}],"curies":[{"name":"wp","href":"https:\/\/api.w.org\/{rel}","templated":true}]}}