{"id":11870,"date":"2025-07-30T14:17:30","date_gmt":"2025-07-30T12:17:30","guid":{"rendered":"https:\/\/www.mylasertabac.com\/fumar-ou-respirar-a-escolha-de-estilo-de-vida-que-muda-tudo\/"},"modified":"2025-07-20T14:18:07","modified_gmt":"2025-07-20T12:18:07","slug":"fumar-ou-respirar-a-escolha-de-estilo-de-vida-que-muda-tudo","status":"publish","type":"post","link":"https:\/\/www.mylasertabac.com\/pt-pt\/fumar-ou-respirar-a-escolha-de-estilo-de-vida-que-muda-tudo\/","title":{"rendered":"Fumar ou respirar: a escolha de estilo de vida que muda tudo"},"content":{"rendered":"\n<div style=\"height:18px\" aria-hidden=\"true\" class=\"wp-block-spacer\"><\/div>\n\n<h2 class=\"wp-block-heading\">Fumar, um ato que destr\u00f3i silenciosamente<\/h2>\n\n<div style=\"height:18px\" aria-hidden=\"true\" class=\"wp-block-spacer\"><\/div>\n\n<p>Fumar \u00e9 muito mais do que um simples h\u00e1bito. \u00c9 um v\u00edcio sorrateiro que, a cada tragada, inflama os teus br\u00f4nquios, irrita as tuas vias respirat\u00f3rias e destr\u00f3i lentamente a tua sa\u00fade. <\/p>\n\n<p>Desde as primeiras inala\u00e7\u00f5es, as consequ\u00eancias s\u00e3o vis\u00edveis: os c\u00edlios vibrat\u00f3rios dos teus pulm\u00f5es, os varredores naturais que limpam o teu sistema respirat\u00f3rio, deixam de funcionar. O muco acumula-se. As toxinas instalam-se. As infec\u00e7\u00f5es instalam-se.   <\/p>\n\n<p>O tabaco n\u00e3o \u00e9 apenas um risco a longo prazo. Actua aqui e agora. E quanto mais os anos passam, mais o corpo fica exausto: bronquite cr\u00f3nica, insufici\u00eancia respirat\u00f3ria, DPOC, cancro do pulm\u00e3o, acidentes vasculares cerebrais, ataques card\u00edacos&#8230; As estat\u00edsticas s\u00e3o cru\u00e9is: o tabaco mata cerca de 75.000 pessoas todos os anos em Fran\u00e7a.   <\/p>\n\n<p>E este veneno n\u00e3o afecta apenas os fumadores. O fumo passivo \u00e9 igualmente perigoso. Cerca de 1,6 milh\u00f5es de pessoas em todo o mundo morrem todos os anos devido ao tabagismo passivo. A tua fam\u00edlia, os teus filhos, os teus colegas&#8230; todos est\u00e3o expostos.   <\/p>\n\n<div style=\"height:18px\" aria-hidden=\"true\" class=\"wp-block-spacer\"><\/div>\n\n<hr class=\"wp-block-separator has-alpha-channel-opacity\"\/>\n\n<h2 class=\"wp-block-heading\">Respirar \u00e9 voltar a viver: o que o teu corpo ganha ao deixar de fumar<\/h2>\n\n<div style=\"height:18px\" aria-hidden=\"true\" class=\"wp-block-spacer\"><\/div>\n\n<p>A boa not\u00edcia \u00e9 que nunca \u00e9 demasiado tarde para inverter a tend\u00eancia. Assim que apagas o teu \u00faltimo cigarro, o corpo p\u00f5e em marcha um processo de repara\u00e7\u00e3o absolutamente espetacular. <\/p>\n\n<div style=\"height:18px\" aria-hidden=\"true\" class=\"wp-block-spacer\"><\/div>\n\n<ul class=\"wp-block-list\">\n<li><strong>Em 20 minutos<\/strong>: a tens\u00e3o arterial e o ritmo card\u00edaco come\u00e7am a normalizar.<\/li>\n\n\n\n<li><strong>Em 48 horas<\/strong>: o mon\u00f3xido de carbono \u00e9 eliminado, os n\u00edveis de oxig\u00e9nio voltam ao \u00f3timo e o olfato e o paladar melhoram.<\/li>\n\n\n\n<li><strong>Em apenas algumas semanas<\/strong>: a respira\u00e7\u00e3o torna-se mais fluida, a falta de ar diminui e a pele fica mais clara.<\/li>\n\n\n\n<li><strong>Em 1 ano<\/strong>: reduz para metade o risco de doen\u00e7as cardiovasculares.<\/li>\n\n\n\n<li><strong>Em 5 anos<\/strong>: o risco de cancro do pulm\u00e3o \u00e9 reduzido para metade.<\/li>\n<\/ul>\n\n<div style=\"height:18px\" aria-hidden=\"true\" class=\"wp-block-spacer\"><\/div>\n\n<p>Cada dia sem tabaco \u00e9 uma vit\u00f3ria. Recupera o f\u00f4lego, reduz a fadiga e refor\u00e7a a imunidade. <\/p>\n\n<div style=\"height:18px\" aria-hidden=\"true\" class=\"wp-block-spacer\"><\/div>\n\n<h2 class=\"wp-block-heading\">Ultrapassar os equ\u00edvocos: n\u00e3o, o consumo de tabaco ligeiro n\u00e3o \u00e9 inofensivo<\/h2>\n\n<div style=\"height:18px\" aria-hidden=\"true\" class=\"wp-block-spacer\"><\/div>\n\n<p>Muitas pessoas tranquilizam-se: &#8220;S\u00f3 fumo alguns cigarros por dia, n\u00e3o \u00e9 assim t\u00e3o grave&#8221;. \u00c9 um erro grave. Apenas um cigarro por dia \u00e9 suficiente para danificar as tuas art\u00e9rias, sobrecarregar o teu corpo com toxinas e manter a tua depend\u00eancia da nicotina.  <\/p>\n\n<p>A depend\u00eancia do tabaco \u00e9 poderosa, compar\u00e1vel \u00e0 depend\u00eancia da hero\u00edna. N\u00e3o \u00e9 apenas uma quest\u00e3o de for\u00e7a de vontade, \u00e9 uma batalha neuroqu\u00edmica. O tabaco sequestra os circuitos de recompensa do teu c\u00e9rebro. Cria um ciclo de desejo, compuls\u00e3o e culpa. \u00c9 uma verdadeira armadilha.    <\/p>\n\n<div style=\"height:18px\" aria-hidden=\"true\" class=\"wp-block-spacer\"><\/div>\n\n<h2 class=\"wp-block-heading\">Deixar de fumar: uma viagem, n\u00e3o um sacrif\u00edcio<\/h2>\n\n<div style=\"height:18px\" aria-hidden=\"true\" class=\"wp-block-spacer\"><\/div>\n\n<p>Deixar de fumar \u00e9 dif\u00edcil. N\u00e3o o podes negar. Os primeiros dias s\u00e3o muitas vezes marcados por sintomas de abstin\u00eancia: nervosismo, cansa\u00e7o, dificuldade em dormir, desejos de comer. Mas estes efeitos s\u00e3o tempor\u00e1rios. S\u00e3o um sinal de que o teu corpo est\u00e1 a deixar de fumar.    <\/p>\n\n<p>Qual \u00e9 a chave? Apoia. Existem agora solu\u00e7\u00f5es naturais, eficazes e n\u00e3o invasivas para te ajudar a parar sem sofrimento.  <\/p>\n\n<div style=\"height:18px\" aria-hidden=\"true\" class=\"wp-block-spacer\"><\/div>\n\n<h2 class=\"wp-block-heading\">Laser anti-tabagismo: uma solu\u00e7\u00e3o inovadora e natural<\/h2>\n\n<div style=\"height:18px\" aria-hidden=\"true\" class=\"wp-block-spacer\"><\/div>\n\n<p>Um dos m\u00e9todos mais prometedores \u00e9 o <strong>laser anti-tabaco<\/strong>, uma t\u00e9cnica inspirada na reflexologia auricular. Esta abordagem suave consiste em estimular pontos espec\u00edficos do ouvido com um laser frio. <\/p>\n\n<p>Este tratamento actua diretamente sobre as zonas nervosas ligadas \u00e0 depend\u00eancia, ao stress e \u00e0 necessidade de compensa\u00e7\u00e3o. Em apenas uma ou duas sess\u00f5es, muitos pacientes sentem uma clara redu\u00e7\u00e3o dos desejos, sem efeitos secund\u00e1rios. <\/p>\n\n<p>O laser anti-tabagismo n\u00e3o introduz qualquer subst\u00e2ncia no organismo. N\u00e3o se baseia na substitui\u00e7\u00e3o da nicotina, mas na estimula\u00e7\u00e3o natural dos circuitos de relaxamento e de depend\u00eancia. \u00c9 um m\u00e9todo seguro e r\u00e1pido, conhecido pela sua taxa de sucesso muito elevada.  <\/p>\n\n<div style=\"height:18px\" aria-hidden=\"true\" class=\"wp-block-spacer\"><\/div>\n\n<h2 class=\"wp-block-heading\">MyLaserTabac: centros em toda a Fran\u00e7a e na Europa<\/h2>\n\n<div style=\"height:18px\" aria-hidden=\"true\" class=\"wp-block-spacer\"><\/div>\n\n<p>Queres deixar de fumar? <strong>MyLaserTabac<\/strong> est\u00e1 aqui para o ajudar. Cri\u00e1mos uma rede de centros especializados na cessa\u00e7\u00e3o tab\u00e1gica a laser em toda a Fran\u00e7a. <\/p>\n\n<p>Os nossos profissionais s\u00e3o formados e experientes e oferecem-te cuidados personalizados e sem ju\u00edzos de valor. O objetivo \u00e9 simples: libertar-te definitivamente do tabaco, nas melhores condi\u00e7\u00f5es poss\u00edveis. <\/p>\n\n<p>E isto \u00e9 apenas o come\u00e7o. <strong>O MyLaserTabac est\u00e1 a come\u00e7ar a ser implementado em toda a Europa<\/strong>, para que todos os que procuram a liberdade possam desfrutar de uma vida sem fumo.<\/p>\n\n<div style=\"height:18px\" aria-hidden=\"true\" class=\"wp-block-spacer\"><\/div>\n\n<h2 class=\"wp-block-heading\">Conclus\u00e3o: e se fosse altura de respirares para sempre?<\/h2>\n\n<div style=\"height:18px\" aria-hidden=\"true\" class=\"wp-block-spacer\"><\/div>\n\n<p>Fumar ou respirar, essa \u00e9 a verdadeira quest\u00e3o. N\u00e3o se trata apenas de uma decis\u00e3o de sa\u00fade. Trata-se de te reclamares a ti pr\u00f3prio, \u00e0 tua respira\u00e7\u00e3o, ao teu corpo e \u00e0 tua liberdade.  <\/p>\n\n<p>Se est\u00e1s a ler estas linhas, talvez estejas a hesitar. Mas fica a saber: <strong>cada dia sem tabaco \u00e9 um renascimento<\/strong>. Com MyLaserTabac, n\u00e3o est\u00e1s sozinho.  <\/p>\n\n<p>Marca uma consulta. Experimenta um m\u00e9todo natural, r\u00e1pido e poderoso. E respira, finalmente, para sempre.  <\/p>\n\n<div style=\"height:27px\" aria-hidden=\"true\" class=\"wp-block-spacer\"><\/div>\n\n<p><\/p>\n","protected":false},"excerpt":{"rendered":"<p>Fumar, um ato que destr\u00f3i silenciosamente Fumar \u00e9 muito mais do que um simples h\u00e1bito. \u00c9 um v\u00edcio sorrateiro que, a cada tragada, inflama os teus br\u00f4nquios, irrita as tuas vias respirat\u00f3rias e destr\u00f3i lentamente a tua sa\u00fade. Desde as primeiras inala\u00e7\u00f5es, as consequ\u00eancias s\u00e3o vis\u00edveis: os c\u00edlios vibrat\u00f3rios dos teus pulm\u00f5es, os varredores naturais [&hellip;]<\/p>\n","protected":false},"author":2,"featured_media":11863,"comment_status":"closed","ping_status":"open","sticky":false,"template":"","format":"standard","meta":{"inline_featured_image":false,"footnotes":""},"categories":[181,77],"tags":[],"class_list":["post-11870","post","type-post","status-publish","format-standard","has-post-thumbnail","hentry","category-saude-e-toxicodependencia","category-sem-categoria"],"yoast_head":"<!-- This site is optimized with the Yoast SEO plugin v27.5 - https:\/\/yoast.com\/product\/yoast-seo-wordpress\/ -->\n<title>Fumar ou respirar: a escolha de estilo de vida que muda tudo - My Laser Tabac<\/title>\n<meta name=\"robots\" content=\"index, follow, max-snippet:-1, max-image-preview:large, max-video-preview:-1\" \/>\n<link rel=\"canonical\" href=\"https:\/\/www.mylasertabac.com\/pt-pt\/fumar-ou-respirar-a-escolha-de-estilo-de-vida-que-muda-tudo\/\" \/>\n<meta property=\"og:locale\" content=\"pt_PT\" \/>\n<meta property=\"og:type\" content=\"article\" \/>\n<meta property=\"og:title\" content=\"Fumar ou respirar: a escolha de estilo de vida que muda tudo - My Laser Tabac\" \/>\n<meta property=\"og:description\" content=\"Fumar, um ato que destr\u00f3i silenciosamente Fumar \u00e9 muito mais do que um simples h\u00e1bito. \u00c9 um v\u00edcio sorrateiro que, a cada tragada, inflama os teus br\u00f4nquios, irrita as tuas vias respirat\u00f3rias e destr\u00f3i lentamente a tua sa\u00fade. Desde as primeiras inala\u00e7\u00f5es, as consequ\u00eancias s\u00e3o vis\u00edveis: os c\u00edlios vibrat\u00f3rios dos teus pulm\u00f5es, os varredores naturais [&hellip;]\" \/>\n<meta property=\"og:url\" content=\"https:\/\/www.mylasertabac.com\/pt-pt\/fumar-ou-respirar-a-escolha-de-estilo-de-vida-que-muda-tudo\/\" \/>\n<meta property=\"og:site_name\" content=\"My Laser Tabac\" \/>\n<meta property=\"article:author\" content=\"https:\/\/www.facebook.com\/profile.php?id=61571554707319\" \/>\n<meta property=\"article:published_time\" content=\"2025-07-30T12:17:30+00:00\" \/>\n<meta property=\"og:image\" content=\"https:\/\/www.mylasertabac.com\/wp-content\/uploads\/2025\/07\/Fumer-ou-respirer-le-choix-qui-peut-tout-changer.png\" \/>\n\t<meta property=\"og:image:width\" content=\"1536\" \/>\n\t<meta property=\"og:image:height\" content=\"1024\" \/>\n\t<meta property=\"og:image:type\" content=\"image\/png\" \/>\n<meta name=\"author\" content=\"Florian Fortes\" \/>\n<meta name=\"twitter:card\" content=\"summary_large_image\" \/>\n<meta name=\"twitter:label1\" content=\"Escrito por\" \/>\n\t<meta name=\"twitter:data1\" content=\"Florian Fortes\" \/>\n\t<meta name=\"twitter:label2\" content=\"Tempo estimado de leitura\" \/>\n\t<meta name=\"twitter:data2\" content=\"4 minutos\" \/>\n<script type=\"application\/ld+json\" class=\"yoast-schema-graph\">{\"@context\":\"https:\\\/\\\/schema.org\",\"@graph\":[{\"@type\":\"Article\",\"@id\":\"https:\\\/\\\/www.mylasertabac.com\\\/pt-pt\\\/fumar-ou-respirar-a-escolha-de-estilo-de-vida-que-muda-tudo\\\/#article\",\"isPartOf\":{\"@id\":\"https:\\\/\\\/www.mylasertabac.com\\\/pt-pt\\\/fumar-ou-respirar-a-escolha-de-estilo-de-vida-que-muda-tudo\\\/\"},\"author\":{\"name\":\"Florian Fortes\",\"@id\":\"https:\\\/\\\/www.mylasertabac.com\\\/pt-pt\\\/#\\\/schema\\\/person\\\/02c249cb76d912efb6c315ec23eccdf3\"},\"headline\":\"Fumar ou respirar: a escolha de estilo de vida que muda tudo\",\"datePublished\":\"2025-07-30T12:17:30+00:00\",\"mainEntityOfPage\":{\"@id\":\"https:\\\/\\\/www.mylasertabac.com\\\/pt-pt\\\/fumar-ou-respirar-a-escolha-de-estilo-de-vida-que-muda-tudo\\\/\"},\"wordCount\":870,\"publisher\":{\"@id\":\"https:\\\/\\\/www.mylasertabac.com\\\/pt-pt\\\/#organization\"},\"image\":{\"@id\":\"https:\\\/\\\/www.mylasertabac.com\\\/pt-pt\\\/fumar-ou-respirar-a-escolha-de-estilo-de-vida-que-muda-tudo\\\/#primaryimage\"},\"thumbnailUrl\":\"https:\\\/\\\/www.mylasertabac.com\\\/wp-content\\\/uploads\\\/2025\\\/07\\\/Fumer-ou-respirer-le-choix-qui-peut-tout-changer.png\",\"articleSection\":[\"Sa\u00fade e toxicodepend\u00eancia\"],\"inLanguage\":\"pt-PT\"},{\"@type\":\"WebPage\",\"@id\":\"https:\\\/\\\/www.mylasertabac.com\\\/pt-pt\\\/fumar-ou-respirar-a-escolha-de-estilo-de-vida-que-muda-tudo\\\/\",\"url\":\"https:\\\/\\\/www.mylasertabac.com\\\/pt-pt\\\/fumar-ou-respirar-a-escolha-de-estilo-de-vida-que-muda-tudo\\\/\",\"name\":\"Fumar ou respirar: a escolha de estilo de vida que muda tudo - My Laser Tabac\",\"isPartOf\":{\"@id\":\"https:\\\/\\\/www.mylasertabac.com\\\/pt-pt\\\/#website\"},\"primaryImageOfPage\":{\"@id\":\"https:\\\/\\\/www.mylasertabac.com\\\/pt-pt\\\/fumar-ou-respirar-a-escolha-de-estilo-de-vida-que-muda-tudo\\\/#primaryimage\"},\"image\":{\"@id\":\"https:\\\/\\\/www.mylasertabac.com\\\/pt-pt\\\/fumar-ou-respirar-a-escolha-de-estilo-de-vida-que-muda-tudo\\\/#primaryimage\"},\"thumbnailUrl\":\"https:\\\/\\\/www.mylasertabac.com\\\/wp-content\\\/uploads\\\/2025\\\/07\\\/Fumer-ou-respirer-le-choix-qui-peut-tout-changer.png\",\"datePublished\":\"2025-07-30T12:17:30+00:00\",\"breadcrumb\":{\"@id\":\"https:\\\/\\\/www.mylasertabac.com\\\/pt-pt\\\/fumar-ou-respirar-a-escolha-de-estilo-de-vida-que-muda-tudo\\\/#breadcrumb\"},\"inLanguage\":\"pt-PT\",\"potentialAction\":[{\"@type\":\"ReadAction\",\"target\":[\"https:\\\/\\\/www.mylasertabac.com\\\/pt-pt\\\/fumar-ou-respirar-a-escolha-de-estilo-de-vida-que-muda-tudo\\\/\"]}]},{\"@type\":\"ImageObject\",\"inLanguage\":\"pt-PT\",\"@id\":\"https:\\\/\\\/www.mylasertabac.com\\\/pt-pt\\\/fumar-ou-respirar-a-escolha-de-estilo-de-vida-que-muda-tudo\\\/#primaryimage\",\"url\":\"https:\\\/\\\/www.mylasertabac.com\\\/wp-content\\\/uploads\\\/2025\\\/07\\\/Fumer-ou-respirer-le-choix-qui-peut-tout-changer.png\",\"contentUrl\":\"https:\\\/\\\/www.mylasertabac.com\\\/wp-content\\\/uploads\\\/2025\\\/07\\\/Fumer-ou-respirer-le-choix-qui-peut-tout-changer.png\",\"width\":1536,\"height\":1024},{\"@type\":\"BreadcrumbList\",\"@id\":\"https:\\\/\\\/www.mylasertabac.com\\\/pt-pt\\\/fumar-ou-respirar-a-escolha-de-estilo-de-vida-que-muda-tudo\\\/#breadcrumb\",\"itemListElement\":[{\"@type\":\"ListItem\",\"position\":1,\"name\":\"Accueil\",\"item\":\"https:\\\/\\\/www.mylasertabac.com\\\/pt-pt\\\/casa\\\/\"},{\"@type\":\"ListItem\",\"position\":2,\"name\":\"Fumar ou respirar: a escolha de estilo de vida que muda tudo\"}]},{\"@type\":\"WebSite\",\"@id\":\"https:\\\/\\\/www.mylasertabac.com\\\/pt-pt\\\/#website\",\"url\":\"https:\\\/\\\/www.mylasertabac.com\\\/pt-pt\\\/\",\"name\":\"My Laser Tabac\",\"description\":\"La solution laser qui transforme les fumeurs en ex-fumeurs\",\"publisher\":{\"@id\":\"https:\\\/\\\/www.mylasertabac.com\\\/pt-pt\\\/#organization\"},\"potentialAction\":[{\"@type\":\"SearchAction\",\"target\":{\"@type\":\"EntryPoint\",\"urlTemplate\":\"https:\\\/\\\/www.mylasertabac.com\\\/pt-pt\\\/?s={search_term_string}\"},\"query-input\":{\"@type\":\"PropertyValueSpecification\",\"valueRequired\":true,\"valueName\":\"search_term_string\"}}],\"inLanguage\":\"pt-PT\"},{\"@type\":\"Organization\",\"@id\":\"https:\\\/\\\/www.mylasertabac.com\\\/pt-pt\\\/#organization\",\"name\":\"My Laser Tabac\",\"url\":\"https:\\\/\\\/www.mylasertabac.com\\\/pt-pt\\\/\",\"logo\":{\"@type\":\"ImageObject\",\"inLanguage\":\"pt-PT\",\"@id\":\"https:\\\/\\\/www.mylasertabac.com\\\/pt-pt\\\/#\\\/schema\\\/logo\\\/image\\\/\",\"url\":\"https:\\\/\\\/www.mylasertabac.com\\\/wp-content\\\/uploads\\\/2024\\\/12\\\/mlt-verteau.svg\",\"contentUrl\":\"https:\\\/\\\/www.mylasertabac.com\\\/wp-content\\\/uploads\\\/2024\\\/12\\\/mlt-verteau.svg\",\"caption\":\"My Laser Tabac\"},\"image\":{\"@id\":\"https:\\\/\\\/www.mylasertabac.com\\\/pt-pt\\\/#\\\/schema\\\/logo\\\/image\\\/\"}},{\"@type\":\"Person\",\"@id\":\"https:\\\/\\\/www.mylasertabac.com\\\/pt-pt\\\/#\\\/schema\\\/person\\\/02c249cb76d912efb6c315ec23eccdf3\",\"name\":\"Florian Fortes\",\"image\":{\"@type\":\"ImageObject\",\"inLanguage\":\"pt-PT\",\"@id\":\"https:\\\/\\\/www.mylasertabac.com\\\/wp-content\\\/litespeed\\\/avatar\\\/142101a71d7b9e6490c1120d9c109a67.jpg?ver=1777461116\",\"url\":\"https:\\\/\\\/www.mylasertabac.com\\\/wp-content\\\/litespeed\\\/avatar\\\/142101a71d7b9e6490c1120d9c109a67.jpg?ver=1777461116\",\"contentUrl\":\"https:\\\/\\\/www.mylasertabac.com\\\/wp-content\\\/litespeed\\\/avatar\\\/142101a71d7b9e6490c1120d9c109a67.jpg?ver=1777461116\",\"caption\":\"Florian Fortes\"},\"sameAs\":[\"https:\\\/\\\/www.mylasertabac.com\",\"https:\\\/\\\/www.facebook.com\\\/profile.php?id=61571554707319\"],\"url\":\"https:\\\/\\\/www.mylasertabac.com\\\/pt-pt\\\/author\\\/florianfortes5312\\\/\"}]}<\/script>\n<!-- \/ Yoast SEO plugin. -->","yoast_head_json":{"title":"Fumar ou respirar: a escolha de estilo de vida que muda tudo - My Laser Tabac","robots":{"index":"index","follow":"follow","max-snippet":"max-snippet:-1","max-image-preview":"max-image-preview:large","max-video-preview":"max-video-preview:-1"},"canonical":"https:\/\/www.mylasertabac.com\/pt-pt\/fumar-ou-respirar-a-escolha-de-estilo-de-vida-que-muda-tudo\/","og_locale":"pt_PT","og_type":"article","og_title":"Fumar ou respirar: a escolha de estilo de vida que muda tudo - My Laser Tabac","og_description":"Fumar, um ato que destr\u00f3i silenciosamente Fumar \u00e9 muito mais do que um simples h\u00e1bito. \u00c9 um v\u00edcio sorrateiro que, a cada tragada, inflama os teus br\u00f4nquios, irrita as tuas vias respirat\u00f3rias e destr\u00f3i lentamente a tua sa\u00fade. Desde as primeiras inala\u00e7\u00f5es, as consequ\u00eancias s\u00e3o vis\u00edveis: os c\u00edlios vibrat\u00f3rios dos teus pulm\u00f5es, os varredores naturais [&hellip;]","og_url":"https:\/\/www.mylasertabac.com\/pt-pt\/fumar-ou-respirar-a-escolha-de-estilo-de-vida-que-muda-tudo\/","og_site_name":"My Laser Tabac","article_author":"https:\/\/www.facebook.com\/profile.php?id=61571554707319","article_published_time":"2025-07-30T12:17:30+00:00","og_image":[{"width":1536,"height":1024,"url":"https:\/\/www.mylasertabac.com\/wp-content\/uploads\/2025\/07\/Fumer-ou-respirer-le-choix-qui-peut-tout-changer.png","type":"image\/png"}],"author":"Florian Fortes","twitter_card":"summary_large_image","twitter_misc":{"Escrito por":"Florian Fortes","Tempo estimado de leitura":"4 minutos"},"schema":{"@context":"https:\/\/schema.org","@graph":[{"@type":"Article","@id":"https:\/\/www.mylasertabac.com\/pt-pt\/fumar-ou-respirar-a-escolha-de-estilo-de-vida-que-muda-tudo\/#article","isPartOf":{"@id":"https:\/\/www.mylasertabac.com\/pt-pt\/fumar-ou-respirar-a-escolha-de-estilo-de-vida-que-muda-tudo\/"},"author":{"name":"Florian Fortes","@id":"https:\/\/www.mylasertabac.com\/pt-pt\/#\/schema\/person\/02c249cb76d912efb6c315ec23eccdf3"},"headline":"Fumar ou respirar: a escolha de estilo de vida que muda tudo","datePublished":"2025-07-30T12:17:30+00:00","mainEntityOfPage":{"@id":"https:\/\/www.mylasertabac.com\/pt-pt\/fumar-ou-respirar-a-escolha-de-estilo-de-vida-que-muda-tudo\/"},"wordCount":870,"publisher":{"@id":"https:\/\/www.mylasertabac.com\/pt-pt\/#organization"},"image":{"@id":"https:\/\/www.mylasertabac.com\/pt-pt\/fumar-ou-respirar-a-escolha-de-estilo-de-vida-que-muda-tudo\/#primaryimage"},"thumbnailUrl":"https:\/\/www.mylasertabac.com\/wp-content\/uploads\/2025\/07\/Fumer-ou-respirer-le-choix-qui-peut-tout-changer.png","articleSection":["Sa\u00fade e toxicodepend\u00eancia"],"inLanguage":"pt-PT"},{"@type":"WebPage","@id":"https:\/\/www.mylasertabac.com\/pt-pt\/fumar-ou-respirar-a-escolha-de-estilo-de-vida-que-muda-tudo\/","url":"https:\/\/www.mylasertabac.com\/pt-pt\/fumar-ou-respirar-a-escolha-de-estilo-de-vida-que-muda-tudo\/","name":"Fumar ou respirar: a escolha de estilo de vida que muda tudo - My Laser Tabac","isPartOf":{"@id":"https:\/\/www.mylasertabac.com\/pt-pt\/#website"},"primaryImageOfPage":{"@id":"https:\/\/www.mylasertabac.com\/pt-pt\/fumar-ou-respirar-a-escolha-de-estilo-de-vida-que-muda-tudo\/#primaryimage"},"image":{"@id":"https:\/\/www.mylasertabac.com\/pt-pt\/fumar-ou-respirar-a-escolha-de-estilo-de-vida-que-muda-tudo\/#primaryimage"},"thumbnailUrl":"https:\/\/www.mylasertabac.com\/wp-content\/uploads\/2025\/07\/Fumer-ou-respirer-le-choix-qui-peut-tout-changer.png","datePublished":"2025-07-30T12:17:30+00:00","breadcrumb":{"@id":"https:\/\/www.mylasertabac.com\/pt-pt\/fumar-ou-respirar-a-escolha-de-estilo-de-vida-que-muda-tudo\/#breadcrumb"},"inLanguage":"pt-PT","potentialAction":[{"@type":"ReadAction","target":["https:\/\/www.mylasertabac.com\/pt-pt\/fumar-ou-respirar-a-escolha-de-estilo-de-vida-que-muda-tudo\/"]}]},{"@type":"ImageObject","inLanguage":"pt-PT","@id":"https:\/\/www.mylasertabac.com\/pt-pt\/fumar-ou-respirar-a-escolha-de-estilo-de-vida-que-muda-tudo\/#primaryimage","url":"https:\/\/www.mylasertabac.com\/wp-content\/uploads\/2025\/07\/Fumer-ou-respirer-le-choix-qui-peut-tout-changer.png","contentUrl":"https:\/\/www.mylasertabac.com\/wp-content\/uploads\/2025\/07\/Fumer-ou-respirer-le-choix-qui-peut-tout-changer.png","width":1536,"height":1024},{"@type":"BreadcrumbList","@id":"https:\/\/www.mylasertabac.com\/pt-pt\/fumar-ou-respirar-a-escolha-de-estilo-de-vida-que-muda-tudo\/#breadcrumb","itemListElement":[{"@type":"ListItem","position":1,"name":"Accueil","item":"https:\/\/www.mylasertabac.com\/pt-pt\/casa\/"},{"@type":"ListItem","position":2,"name":"Fumar ou respirar: a escolha de estilo de vida que muda tudo"}]},{"@type":"WebSite","@id":"https:\/\/www.mylasertabac.com\/pt-pt\/#website","url":"https:\/\/www.mylasertabac.com\/pt-pt\/","name":"My Laser Tabac","description":"La solution laser qui transforme les fumeurs en ex-fumeurs","publisher":{"@id":"https:\/\/www.mylasertabac.com\/pt-pt\/#organization"},"potentialAction":[{"@type":"SearchAction","target":{"@type":"EntryPoint","urlTemplate":"https:\/\/www.mylasertabac.com\/pt-pt\/?s={search_term_string}"},"query-input":{"@type":"PropertyValueSpecification","valueRequired":true,"valueName":"search_term_string"}}],"inLanguage":"pt-PT"},{"@type":"Organization","@id":"https:\/\/www.mylasertabac.com\/pt-pt\/#organization","name":"My Laser Tabac","url":"https:\/\/www.mylasertabac.com\/pt-pt\/","logo":{"@type":"ImageObject","inLanguage":"pt-PT","@id":"https:\/\/www.mylasertabac.com\/pt-pt\/#\/schema\/logo\/image\/","url":"https:\/\/www.mylasertabac.com\/wp-content\/uploads\/2024\/12\/mlt-verteau.svg","contentUrl":"https:\/\/www.mylasertabac.com\/wp-content\/uploads\/2024\/12\/mlt-verteau.svg","caption":"My Laser Tabac"},"image":{"@id":"https:\/\/www.mylasertabac.com\/pt-pt\/#\/schema\/logo\/image\/"}},{"@type":"Person","@id":"https:\/\/www.mylasertabac.com\/pt-pt\/#\/schema\/person\/02c249cb76d912efb6c315ec23eccdf3","name":"Florian Fortes","image":{"@type":"ImageObject","inLanguage":"pt-PT","@id":"https:\/\/www.mylasertabac.com\/wp-content\/litespeed\/avatar\/142101a71d7b9e6490c1120d9c109a67.jpg?ver=1777461116","url":"https:\/\/www.mylasertabac.com\/wp-content\/litespeed\/avatar\/142101a71d7b9e6490c1120d9c109a67.jpg?ver=1777461116","contentUrl":"https:\/\/www.mylasertabac.com\/wp-content\/litespeed\/avatar\/142101a71d7b9e6490c1120d9c109a67.jpg?ver=1777461116","caption":"Florian Fortes"},"sameAs":["https:\/\/www.mylasertabac.com","https:\/\/www.facebook.com\/profile.php?id=61571554707319"],"url":"https:\/\/www.mylasertabac.com\/pt-pt\/author\/florianfortes5312\/"}]}},"_links":{"self":[{"href":"https:\/\/www.mylasertabac.com\/pt-pt\/wp-json\/wp\/v2\/posts\/11870","targetHints":{"allow":["GET"]}}],"collection":[{"href":"https:\/\/www.mylasertabac.com\/pt-pt\/wp-json\/wp\/v2\/posts"}],"about":[{"href":"https:\/\/www.mylasertabac.com\/pt-pt\/wp-json\/wp\/v2\/types\/post"}],"author":[{"embeddable":true,"href":"https:\/\/www.mylasertabac.com\/pt-pt\/wp-json\/wp\/v2\/users\/2"}],"replies":[{"embeddable":true,"href":"https:\/\/www.mylasertabac.com\/pt-pt\/wp-json\/wp\/v2\/comments?post=11870"}],"version-history":[{"count":1,"href":"https:\/\/www.mylasertabac.com\/pt-pt\/wp-json\/wp\/v2\/posts\/11870\/revisions"}],"predecessor-version":[{"id":11872,"href":"https:\/\/www.mylasertabac.com\/pt-pt\/wp-json\/wp\/v2\/posts\/11870\/revisions\/11872"}],"wp:featuredmedia":[{"embeddable":true,"href":"https:\/\/www.mylasertabac.com\/pt-pt\/wp-json\/wp\/v2\/media\/11863"}],"wp:attachment":[{"href":"https:\/\/www.mylasertabac.com\/pt-pt\/wp-json\/wp\/v2\/media?parent=11870"}],"wp:term":[{"taxonomy":"category","embeddable":true,"href":"https:\/\/www.mylasertabac.com\/pt-pt\/wp-json\/wp\/v2\/categories?post=11870"},{"taxonomy":"post_tag","embeddable":true,"href":"https:\/\/www.mylasertabac.com\/pt-pt\/wp-json\/wp\/v2\/tags?post=11870"}],"curies":[{"name":"wp","href":"https:\/\/api.w.org\/{rel}","templated":true}]}}