{"id":11924,"date":"2025-07-22T08:45:28","date_gmt":"2025-07-22T06:45:28","guid":{"rendered":"https:\/\/www.mylasertabac.com\/as-10-marcas-de-cigarros-preferidas-dos-franceses-em-2025\/"},"modified":"2025-07-22T17:10:17","modified_gmt":"2025-07-22T15:10:17","slug":"as-10-marcas-de-cigarros-preferidas-dos-franceses-em-2025","status":"publish","type":"post","link":"https:\/\/www.mylasertabac.com\/pt-pt\/as-10-marcas-de-cigarros-preferidas-dos-franceses-em-2025\/","title":{"rendered":"As 10 marcas de cigarros preferidas dos franceses em 2025"},"content":{"rendered":"\n<blockquote class=\"wp-block-quote is-layout-flow wp-block-quote-is-layout-flow\">\n<div style=\"height:27px\" aria-hidden=\"true\" class=\"wp-block-spacer\"><\/div>\n\n\n\n<figure class=\"wp-block-table\"><table class=\"has-fixed-layout\"><tbody><tr><td>\u26a0\ufe0f <strong>O consumo de tabaco \u00e9 gravemente prejudicial para a sa\u00fade.<\/strong> Este artigo tem um car\u00e1cter meramente informativo. N\u00e3o promove de forma alguma o tabagismo. O seu objetivo \u00e9 permitir uma melhor compreens\u00e3o dos h\u00e1bitos dos fumadores, de forma a encoraj\u00e1-los a deixar de fumar.  <\/td><\/tr><\/tbody><\/table><\/figure>\n<\/blockquote>\n\n<div style=\"height:34px\" aria-hidden=\"true\" class=\"wp-block-spacer\"><\/div>\n\n<figure class=\"wp-block-image alignleft size-full is-resized\"><img fetchpriority=\"high\" decoding=\"async\" width=\"1024\" height=\"1024\" src=\"https:\/\/www.mylasertabac.com\/wp-content\/uploads\/2025\/07\/Top-10-des-cigarettes-en-France.png\" alt=\"\" class=\"wp-image-11378\" style=\"width:368px;height:auto\" srcset=\"https:\/\/www.mylasertabac.com\/wp-content\/uploads\/2025\/07\/Top-10-des-cigarettes-en-France.png 1024w, https:\/\/www.mylasertabac.com\/wp-content\/uploads\/2025\/07\/Top-10-des-cigarettes-en-France-300x300.png 300w, https:\/\/www.mylasertabac.com\/wp-content\/uploads\/2025\/07\/Top-10-des-cigarettes-en-France-150x150.png 150w, https:\/\/www.mylasertabac.com\/wp-content\/uploads\/2025\/07\/Top-10-des-cigarettes-en-France-768x768.png 768w\" sizes=\"(max-width: 1024px) 100vw, 1024px\" \/><\/figure>\n\n<h2 class=\"wp-block-heading\">\ud83c\uddeb\ud83c\uddf7 Porque \u00e9 que esta classifica\u00e7\u00e3o \u00e9 o assunto do momento<\/h2>\n\n<p>Em julho de 2025, apesar dos pre\u00e7os recorde, o mercado do tabaco em Fran\u00e7a continua s\u00f3lido. Muitos fumadores franceses permanecem fi\u00e9is a certas marcas emblem\u00e1ticas, apesar da subida cont\u00ednua dos pre\u00e7os. De acordo com as classifica\u00e7\u00f5es elaboradas por <strong>actu.fr<\/strong>, que reproduzimos aqui com um olhar estrat\u00e9gico e informativo, eis <strong>as 10 marcas mais vendidas em Fran\u00e7a<\/strong>.  <\/p>\n\n<div style=\"height:37px\" aria-hidden=\"true\" class=\"wp-block-spacer\"><\/div>\n\n<h2 class=\"wp-block-heading\">1. Marlboro <\/h2>\n\n<div style=\"height:27px\" aria-hidden=\"true\" class=\"wp-block-spacer\"><\/div>\n\n<ul class=\"wp-block-list\">\n<li><strong>Marca americana emblem\u00e1tica<\/strong>, a Marlboro mant\u00e9m-se h\u00e1 anos no primeiro lugar, apesar de ter um dos pre\u00e7os mais elevados do mercado (mais de 12 euros).<\/li>\n\n\n\n<li>Deve o seu sucesso a uma <strong>imagem viril e consciente do seu estatuto<\/strong>, a um gosto est\u00e1vel e a uma forte presen\u00e7a na buralisteria.<\/li>\n\n\n\n<li>Apela tanto aos fumadores de longa data como aos jovens adultos que procuram um &#8220;padr\u00e3o&#8221;.<\/li>\n<\/ul>\n\n<div style=\"height:27px\" aria-hidden=\"true\" class=\"wp-block-spacer\"><\/div>\n\n<h2 class=\"wp-block-heading\">\ud83e\udd48 2. Philip Morris <\/h2>\n\n<div style=\"height:27px\" aria-hidden=\"true\" class=\"wp-block-spacer\"><\/div>\n\n<ul class=\"wp-block-list\">\n<li>Menos cara do que a Marlboro, mas pertencente ao mesmo grupo, <strong>a Philip Morris Red and Blue<\/strong> \u00e9 a segunda marca mais vendida.<\/li>\n\n\n\n<li>Apela aos consumidores preocupados com o seu or\u00e7amento que procuram um <strong>sabor pr\u00f3ximo do das grandes marcas<\/strong>.<\/li>\n\n\n\n<li>\u00c9 tamb\u00e9m muito utilizado nos cigarros electr\u00f3nicos (IQOS).<\/li>\n<\/ul>\n\n<div style=\"height:27px\" aria-hidden=\"true\" class=\"wp-block-spacer\"><\/div>\n\n<h2 class=\"wp-block-heading\">\ud83e\udd49 3. Winston <\/h2>\n\n<div style=\"height:27px\" aria-hidden=\"true\" class=\"wp-block-spacer\"><\/div>\n\n<ul class=\"wp-block-list\">\n<li>Posiciona-se como uma <strong>alternativa interm\u00e9dia<\/strong> entre o premium e o low-cost.<\/li>\n\n\n\n<li>Winston atrai pelo seu <strong>baixo pre\u00e7o<\/strong> (cerca de 11 euros) e pelo seu sabor consistente.<\/li>\n\n\n\n<li>Em termos de volume, mant\u00e9m-se est\u00e1vel h\u00e1 v\u00e1rios anos.<\/li>\n<\/ul>\n\n<div style=\"height:27px\" aria-hidden=\"true\" class=\"wp-block-spacer\"><\/div>\n\n<h2 class=\"wp-block-heading\">4\ufe0f\u20e3. Lucky Strike <\/h2>\n\n<div style=\"height:27px\" aria-hidden=\"true\" class=\"wp-block-spacer\"><\/div>\n\n<ul class=\"wp-block-list\">\n<li>Esta marca hist\u00f3rica, reconhec\u00edvel pelo seu <strong>log\u00f3tipo vermelho<\/strong>, mant\u00e9m uma base s\u00f3lida de clientes fi\u00e9is.<\/li>\n\n\n\n<li>Joga com uma <strong>est\u00e9tica vintage<\/strong>, um posicionamento ligeiramente rebelde e uma <strong>paleta variada<\/strong> (vermelho, azul, compacto&#8230;).<\/li>\n\n\n\n<li>Continua bem posicionado no segmento dos fumadores di\u00e1rios.<\/li>\n<\/ul>\n\n<div style=\"height:27px\" aria-hidden=\"true\" class=\"wp-block-spacer\"><\/div>\n\n<h2 class=\"wp-block-heading\">5\ufe0f\u20e3. Vogue <\/h2>\n\n<div style=\"height:27px\" aria-hidden=\"true\" class=\"wp-block-spacer\"><\/div>\n\n<ul class=\"wp-block-list\">\n<li>Menos conhecida do grande p\u00fablico, <strong>a Vogue<\/strong> destina-se a uma <strong>clientela feminina ou ocasional<\/strong>, com formatos longos e finos.<\/li>\n\n\n\n<li>Destaca-se pelo seu design requintado e pela sua discri\u00e7\u00e3o.<\/li>\n\n\n\n<li>Apesar do seu pre\u00e7o elevado, continua a ser uma das 5 marcas mais vendidas.<\/li>\n<\/ul>\n\n<div style=\"height:27px\" aria-hidden=\"true\" class=\"wp-block-spacer\"><\/div>\n\n<h2 class=\"wp-block-heading\">6\ufe0f\u20e3. Chesterfield <\/h2>\n\n<div style=\"height:27px\" aria-hidden=\"true\" class=\"wp-block-spacer\"><\/div>\n\n<ul class=\"wp-block-list\">\n<li>Antiga marca premium que foi reposicionada como marca <strong>de entrada de gama<\/strong>, a Chesterfield est\u00e1 a desfrutar de um claro renascimento em termos de popularidade.<\/li>\n\n\n\n<li>Atrai jovens adultos e fumadores conscientes dos custos, com pre\u00e7os inferiores a 10 euros.<\/li>\n\n\n\n<li>Dispon\u00edvel em vers\u00e3o cl\u00e1ssica ou compacta.<\/li>\n<\/ul>\n\n<div style=\"height:27px\" aria-hidden=\"true\" class=\"wp-block-spacer\"><\/div>\n\n<h2 class=\"wp-block-heading\">7\ufe0f\u20e3. Camelo <\/h2>\n\n<div style=\"height:27px\" aria-hidden=\"true\" class=\"wp-block-spacer\"><\/div>\n\n<ul class=\"wp-block-list\">\n<li>Com o seu famoso camelo, <strong>Camel<\/strong> conserva uma <strong>imagem forte<\/strong>, ainda que envelhecida.<\/li>\n\n\n\n<li>Continua a ser popular entre as pessoas na casa dos trinta e quarenta anos, apreciado pelo seu sabor carater\u00edstico.<\/li>\n\n\n\n<li>O seu pre\u00e7o \u00e9 m\u00e9dio, rondando frequentemente os 11 euros.<\/li>\n<\/ul>\n\n<div style=\"height:27px\" aria-hidden=\"true\" class=\"wp-block-spacer\"><\/div>\n\n<h2 class=\"wp-block-heading\">8\ufe0f\u20e3. L&amp;M <\/h2>\n\n<ul class=\"wp-block-list\">\n<li>Posicionada no segmento de <strong>baixo custo<\/strong>, <strong>a L&amp;M<\/strong> est\u00e1 a ganhar rapidamente quota de mercado.<\/li>\n\n\n\n<li>Apela aos fumadores regulares com <strong>um or\u00e7amento limitado<\/strong>.<\/li>\n\n\n\n<li>A sua disponibilidade \u00e9 excelente, em todas as regi\u00f5es de Fran\u00e7a.<\/li>\n<\/ul>\n\n<div style=\"height:27px\" aria-hidden=\"true\" class=\"wp-block-spacer\"><\/div>\n\n<h2 class=\"wp-block-heading\">9\ufe0f\u20e3. Fortuna <\/h2>\n\n<div style=\"height:27px\" aria-hidden=\"true\" class=\"wp-block-spacer\"><\/div>\n\n<ul class=\"wp-block-list\">\n<li><strong>A fortuna<\/strong>, origin\u00e1ria de Espanha, imp\u00f4s-se como uma alternativa econ\u00f3mica, sobretudo nas zonas rurais.<\/li>\n\n\n\n<li>O seu <strong>pre\u00e7o muito baixo<\/strong> (frequentemente cerca de 9,50 euros) torna-o uma op\u00e7\u00e3o popular para os consumidores mais exigentes.<\/li>\n\n\n\n<li>Menos vis\u00edvel na publicidade, mas presente em muitas tabacarias.<\/li>\n<\/ul>\n\n<div style=\"height:27px\" aria-hidden=\"true\" class=\"wp-block-spacer\"><\/div>\n\n<h2 class=\"wp-block-heading\">\ud83d\udd1f 10. Not\u00edcias <\/h2>\n\n<div style=\"height:27px\" aria-hidden=\"true\" class=\"wp-block-spacer\"><\/div>\n\n<ul class=\"wp-block-list\">\n<li>Em \u00faltimo lugar na classifica\u00e7\u00e3o, <strong>a News<\/strong> \u00e9 uma das marcas mais acess\u00edveis em termos de pre\u00e7o.<\/li>\n\n\n\n<li>Est\u00e1 a ser adotado por fumadores <strong>ocasionais ou<\/strong> por <strong>aqueles que est\u00e3o em decl\u00ednio<\/strong>, que j\u00e1 n\u00e3o querem pagar um pre\u00e7o elevado por fumar.<\/li>\n<\/ul>\n\n<div style=\"height:27px\" aria-hidden=\"true\" class=\"wp-block-spacer\"><\/div>\n\n<h2 class=\"wp-block-heading\">An\u00e1lise das tend\u00eancias para 2025<\/h2>\n\n<div style=\"height:27px\" aria-hidden=\"true\" class=\"wp-block-spacer\"><\/div>\n\n<ul class=\"wp-block-list\">\n<li><strong>O pre\u00e7o tem uma forte influ\u00eancia na escolha<\/strong>: marcas como Chesterfield, L&amp;M e Fortuna est\u00e3o a ganhar terreno gra\u00e7as ao seu pre\u00e7o acess\u00edvel.<\/li>\n\n\n\n<li>As <strong>marcas de longa data<\/strong> (Marlboro, Lucky Strike, Camel) conservam quotas significativas, por fidelidade ou h\u00e1bito.<\/li>\n\n\n\n<li><strong>A segmenta\u00e7\u00e3o est\u00e1 a aumentar<\/strong>: alguns ainda procuram a imagem, outros apenas o custo.<\/li>\n<\/ul>\n\n<div style=\"height:28px\" aria-hidden=\"true\" class=\"wp-block-spacer\"><\/div>\n\n<p class=\"has-cyan-bluish-gray-background-color has-background\">L\u00ea tamb\u00e9m : <a href=\"https:\/\/www.mylasertabac.com\/pt-pt\/\"><mark style=\"background-color:rgba(0, 0, 0, 0)\" class=\"has-inline-color has-luminous-vivid-orange-color\">Queres deixar de fumar gra\u00e7as a um m\u00e9todo natural e indolor &#8230;<\/mark><\/a><\/p>\n\n<div style=\"height:47px\" aria-hidden=\"true\" class=\"wp-block-spacer\"><\/div>\n\n<figure class=\"wp-block-image alignright size-large is-resized\"><img decoding=\"async\" width=\"1024\" height=\"683\" src=\"https:\/\/www.mylasertabac.com\/wp-content\/uploads\/2025\/07\/stop-tabac-combien-ca-coute--1024x683.png\" alt=\"\" class=\"wp-image-10688\" style=\"width:387px;height:auto\" srcset=\"https:\/\/www.mylasertabac.com\/wp-content\/uploads\/2025\/07\/stop-tabac-combien-ca-coute--1024x683.png 1024w, https:\/\/www.mylasertabac.com\/wp-content\/uploads\/2025\/07\/stop-tabac-combien-ca-coute--300x200.png 300w, https:\/\/www.mylasertabac.com\/wp-content\/uploads\/2025\/07\/stop-tabac-combien-ca-coute--768x512.png 768w, https:\/\/www.mylasertabac.com\/wp-content\/uploads\/2025\/07\/stop-tabac-combien-ca-coute-.png 1536w\" sizes=\"(max-width: 1024px) 100vw, 1024px\" \/><\/figure>\n\n<h2 class=\"wp-block-heading\">\ud83d\uded1 Tabaco: um produto cada vez mais caro mas que continua a causar depend\u00eancia<\/h2>\n\n<p>Apesar de um <strong>pre\u00e7o m\u00e9dio de mais de 11 euros por embalagem<\/strong>, as vendas continuam a ser elevadas. Porqu\u00ea? Porque <strong>a nicotina actua diretamente sobre os mecanismos de depend\u00eancia<\/strong>. Cria uma sensa\u00e7\u00e3o imediata de satisfa\u00e7\u00e3o, acalma a ansiedade e mant\u00e9m os desejos. <\/p>\n\n<blockquote class=\"wp-block-quote is-layout-flow wp-block-quote-is-layout-flow\">\n<p>Em Fran\u00e7a, o tabaco \u00e9 respons\u00e1vel por mais de <strong>75.000 mortes por ano<\/strong>.<\/p>\n\n\n\n<div style=\"height:39px\" aria-hidden=\"true\" class=\"wp-block-spacer\"><\/div>\n<\/blockquote>\n\n<h2 class=\"wp-block-heading\">E se decidisses parar hoje?<\/h2>\n\n<div style=\"height:27px\" aria-hidden=\"true\" class=\"wp-block-spacer\"><\/div>\n\n<p>Na <strong>MyLaserTabac<\/strong>, ajud\u00e1mos milhares de fumadores a libertarem-se <strong>naturalmente dos cigarros<\/strong> gra\u00e7as a um m\u00e9todo r\u00e1pido e suave: <strong> <a href=\"https:\/\/www.mylasertabac.com\/pt-pt\/\">o tratamento anti-tabaco a laser com reflexologia auricular<\/a><\/strong>.<\/p>\n\n<p>Ao estimular pontos espec\u00edficos no ouvido, <strong>reduzimos o desejo de fumar, o stress e os sintomas de abstin\u00eancia<\/strong>, muitas vezes logo na primeira sess\u00e3o.<br\/>Sem substitutos, sem medicamentos, sem aumento de peso.<\/p>\n\n<div style=\"height:27px\" aria-hidden=\"true\" class=\"wp-block-spacer\"><\/div>\n\n<p><a href=\"https:\/\/www.mylasertabac.com\/pt-pt\/os-nossos-centros\/\"><strong>Marca j\u00e1 uma consulta<\/strong> num dos nossos centros MyLaserTabac<\/a> perto de ti.<br\/>A tua liberdade come\u00e7a aqui.<\/p>\n\n<div style=\"height:27px\" aria-hidden=\"true\" class=\"wp-block-spacer\"><\/div>\n\n<figure class=\"wp-block-image size-large\"><img decoding=\"async\" src=\"https:\/\/www.mylasertabac.com\/wp-content\/uploads\/\/mlt-verteau.svg\" alt=\"\" class=\"wp-image-13\"\/><\/figure>\n","protected":false},"excerpt":{"rendered":"<p>\ud83c\uddeb\ud83c\uddf7 Porque \u00e9 que esta classifica\u00e7\u00e3o \u00e9 o assunto do momento Em julho de 2025, apesar dos pre\u00e7os recorde, o mercado do tabaco em Fran\u00e7a continua s\u00f3lido. Muitos fumadores franceses permanecem fi\u00e9is a certas marcas emblem\u00e1ticas, apesar da subida cont\u00ednua dos pre\u00e7os. De acordo com as classifica\u00e7\u00f5es elaboradas por actu.fr, que reproduzimos aqui com um [&hellip;]<\/p>\n","protected":false},"author":2,"featured_media":11400,"comment_status":"closed","ping_status":"open","sticky":false,"template":"","format":"standard","meta":{"inline_featured_image":false,"footnotes":""},"categories":[664],"tags":[],"class_list":["post-11924","post","type-post","status-publish","format-standard","has-post-thumbnail","hentry","category-tabaco-pt-pt"],"yoast_head":"<!-- This site is optimized with the Yoast SEO plugin v27.5 - https:\/\/yoast.com\/product\/yoast-seo-wordpress\/ -->\n<title>As 10 marcas de cigarros mais vendidas em Fran\u00e7a em 2025<\/title>\n<meta name=\"description\" content=\"Descobre os 10 cigarros mais vendidos em Fran\u00e7a em 2025. Classifica\u00e7\u00f5es completas e informa\u00e7\u00f5es essenciais.\" \/>\n<meta name=\"robots\" content=\"index, follow, max-snippet:-1, max-image-preview:large, max-video-preview:-1\" \/>\n<link rel=\"canonical\" href=\"https:\/\/www.mylasertabac.com\/pt-pt\/as-10-marcas-de-cigarros-preferidas-dos-franceses-em-2025\/\" \/>\n<meta property=\"og:locale\" content=\"pt_PT\" \/>\n<meta property=\"og:type\" content=\"article\" \/>\n<meta property=\"og:title\" content=\"As 10 marcas de cigarros mais vendidas em Fran\u00e7a em 2025\" \/>\n<meta property=\"og:description\" content=\"Descobre os 10 cigarros mais vendidos em Fran\u00e7a em 2025. Classifica\u00e7\u00f5es completas e informa\u00e7\u00f5es essenciais.\" \/>\n<meta property=\"og:url\" content=\"https:\/\/www.mylasertabac.com\/pt-pt\/as-10-marcas-de-cigarros-preferidas-dos-franceses-em-2025\/\" \/>\n<meta property=\"og:site_name\" content=\"My Laser Tabac\" \/>\n<meta property=\"article:author\" content=\"https:\/\/www.facebook.com\/profile.php?id=61571554707319\" \/>\n<meta property=\"article:published_time\" content=\"2025-07-22T06:45:28+00:00\" \/>\n<meta property=\"article:modified_time\" content=\"2025-07-22T15:10:17+00:00\" \/>\n<meta property=\"og:image\" content=\"https:\/\/www.mylasertabac.com\/wp-content\/uploads\/2025\/07\/Top-10-des-cigarettes-les-plus-vendues-en-France-en-2025.png\" \/>\n\t<meta property=\"og:image:width\" content=\"1536\" \/>\n\t<meta property=\"og:image:height\" content=\"1024\" \/>\n\t<meta property=\"og:image:type\" content=\"image\/png\" \/>\n<meta name=\"author\" content=\"Florian Fortes\" \/>\n<meta name=\"twitter:card\" content=\"summary_large_image\" \/>\n<meta name=\"twitter:label1\" content=\"Escrito por\" \/>\n\t<meta name=\"twitter:data1\" content=\"Florian Fortes\" \/>\n\t<meta name=\"twitter:label2\" content=\"Tempo estimado de leitura\" \/>\n\t<meta name=\"twitter:data2\" content=\"4 minutos\" \/>\n<script type=\"application\/ld+json\" class=\"yoast-schema-graph\">{\"@context\":\"https:\\\/\\\/schema.org\",\"@graph\":[{\"@type\":\"Article\",\"@id\":\"https:\\\/\\\/www.mylasertabac.com\\\/pt-pt\\\/as-10-marcas-de-cigarros-preferidas-dos-franceses-em-2025\\\/#article\",\"isPartOf\":{\"@id\":\"https:\\\/\\\/www.mylasertabac.com\\\/pt-pt\\\/as-10-marcas-de-cigarros-preferidas-dos-franceses-em-2025\\\/\"},\"author\":{\"name\":\"Florian Fortes\",\"@id\":\"https:\\\/\\\/www.mylasertabac.com\\\/pt-pt\\\/#\\\/schema\\\/person\\\/02c249cb76d912efb6c315ec23eccdf3\"},\"headline\":\"As 10 marcas de cigarros preferidas dos franceses em 2025\",\"datePublished\":\"2025-07-22T06:45:28+00:00\",\"dateModified\":\"2025-07-22T15:10:17+00:00\",\"mainEntityOfPage\":{\"@id\":\"https:\\\/\\\/www.mylasertabac.com\\\/pt-pt\\\/as-10-marcas-de-cigarros-preferidas-dos-franceses-em-2025\\\/\"},\"wordCount\":864,\"publisher\":{\"@id\":\"https:\\\/\\\/www.mylasertabac.com\\\/pt-pt\\\/#organization\"},\"image\":{\"@id\":\"https:\\\/\\\/www.mylasertabac.com\\\/pt-pt\\\/as-10-marcas-de-cigarros-preferidas-dos-franceses-em-2025\\\/#primaryimage\"},\"thumbnailUrl\":\"https:\\\/\\\/www.mylasertabac.com\\\/wp-content\\\/uploads\\\/2025\\\/07\\\/Top-10-des-cigarettes-les-plus-vendues-en-France-en-2025.png\",\"articleSection\":[\"tabaco\"],\"inLanguage\":\"pt-PT\"},{\"@type\":\"WebPage\",\"@id\":\"https:\\\/\\\/www.mylasertabac.com\\\/pt-pt\\\/as-10-marcas-de-cigarros-preferidas-dos-franceses-em-2025\\\/\",\"url\":\"https:\\\/\\\/www.mylasertabac.com\\\/pt-pt\\\/as-10-marcas-de-cigarros-preferidas-dos-franceses-em-2025\\\/\",\"name\":\"As 10 marcas de cigarros mais vendidas em Fran\u00e7a em 2025\",\"isPartOf\":{\"@id\":\"https:\\\/\\\/www.mylasertabac.com\\\/pt-pt\\\/#website\"},\"primaryImageOfPage\":{\"@id\":\"https:\\\/\\\/www.mylasertabac.com\\\/pt-pt\\\/as-10-marcas-de-cigarros-preferidas-dos-franceses-em-2025\\\/#primaryimage\"},\"image\":{\"@id\":\"https:\\\/\\\/www.mylasertabac.com\\\/pt-pt\\\/as-10-marcas-de-cigarros-preferidas-dos-franceses-em-2025\\\/#primaryimage\"},\"thumbnailUrl\":\"https:\\\/\\\/www.mylasertabac.com\\\/wp-content\\\/uploads\\\/2025\\\/07\\\/Top-10-des-cigarettes-les-plus-vendues-en-France-en-2025.png\",\"datePublished\":\"2025-07-22T06:45:28+00:00\",\"dateModified\":\"2025-07-22T15:10:17+00:00\",\"description\":\"Descobre os 10 cigarros mais vendidos em Fran\u00e7a em 2025. Classifica\u00e7\u00f5es completas e informa\u00e7\u00f5es essenciais.\",\"breadcrumb\":{\"@id\":\"https:\\\/\\\/www.mylasertabac.com\\\/pt-pt\\\/as-10-marcas-de-cigarros-preferidas-dos-franceses-em-2025\\\/#breadcrumb\"},\"inLanguage\":\"pt-PT\",\"potentialAction\":[{\"@type\":\"ReadAction\",\"target\":[\"https:\\\/\\\/www.mylasertabac.com\\\/pt-pt\\\/as-10-marcas-de-cigarros-preferidas-dos-franceses-em-2025\\\/\"]}]},{\"@type\":\"ImageObject\",\"inLanguage\":\"pt-PT\",\"@id\":\"https:\\\/\\\/www.mylasertabac.com\\\/pt-pt\\\/as-10-marcas-de-cigarros-preferidas-dos-franceses-em-2025\\\/#primaryimage\",\"url\":\"https:\\\/\\\/www.mylasertabac.com\\\/wp-content\\\/uploads\\\/2025\\\/07\\\/Top-10-des-cigarettes-les-plus-vendues-en-France-en-2025.png\",\"contentUrl\":\"https:\\\/\\\/www.mylasertabac.com\\\/wp-content\\\/uploads\\\/2025\\\/07\\\/Top-10-des-cigarettes-les-plus-vendues-en-France-en-2025.png\",\"width\":1536,\"height\":1024},{\"@type\":\"BreadcrumbList\",\"@id\":\"https:\\\/\\\/www.mylasertabac.com\\\/pt-pt\\\/as-10-marcas-de-cigarros-preferidas-dos-franceses-em-2025\\\/#breadcrumb\",\"itemListElement\":[{\"@type\":\"ListItem\",\"position\":1,\"name\":\"Accueil\",\"item\":\"https:\\\/\\\/www.mylasertabac.com\\\/pt-pt\\\/casa\\\/\"},{\"@type\":\"ListItem\",\"position\":2,\"name\":\"As 10 marcas de cigarros preferidas dos franceses em 2025\"}]},{\"@type\":\"WebSite\",\"@id\":\"https:\\\/\\\/www.mylasertabac.com\\\/pt-pt\\\/#website\",\"url\":\"https:\\\/\\\/www.mylasertabac.com\\\/pt-pt\\\/\",\"name\":\"My Laser Tabac\",\"description\":\"La solution laser qui transforme les fumeurs en ex-fumeurs\",\"publisher\":{\"@id\":\"https:\\\/\\\/www.mylasertabac.com\\\/pt-pt\\\/#organization\"},\"potentialAction\":[{\"@type\":\"SearchAction\",\"target\":{\"@type\":\"EntryPoint\",\"urlTemplate\":\"https:\\\/\\\/www.mylasertabac.com\\\/pt-pt\\\/?s={search_term_string}\"},\"query-input\":{\"@type\":\"PropertyValueSpecification\",\"valueRequired\":true,\"valueName\":\"search_term_string\"}}],\"inLanguage\":\"pt-PT\"},{\"@type\":\"Organization\",\"@id\":\"https:\\\/\\\/www.mylasertabac.com\\\/pt-pt\\\/#organization\",\"name\":\"My Laser Tabac\",\"url\":\"https:\\\/\\\/www.mylasertabac.com\\\/pt-pt\\\/\",\"logo\":{\"@type\":\"ImageObject\",\"inLanguage\":\"pt-PT\",\"@id\":\"https:\\\/\\\/www.mylasertabac.com\\\/pt-pt\\\/#\\\/schema\\\/logo\\\/image\\\/\",\"url\":\"https:\\\/\\\/www.mylasertabac.com\\\/wp-content\\\/uploads\\\/2024\\\/12\\\/mlt-verteau.svg\",\"contentUrl\":\"https:\\\/\\\/www.mylasertabac.com\\\/wp-content\\\/uploads\\\/2024\\\/12\\\/mlt-verteau.svg\",\"caption\":\"My Laser Tabac\"},\"image\":{\"@id\":\"https:\\\/\\\/www.mylasertabac.com\\\/pt-pt\\\/#\\\/schema\\\/logo\\\/image\\\/\"}},{\"@type\":\"Person\",\"@id\":\"https:\\\/\\\/www.mylasertabac.com\\\/pt-pt\\\/#\\\/schema\\\/person\\\/02c249cb76d912efb6c315ec23eccdf3\",\"name\":\"Florian Fortes\",\"image\":{\"@type\":\"ImageObject\",\"inLanguage\":\"pt-PT\",\"@id\":\"https:\\\/\\\/www.mylasertabac.com\\\/wp-content\\\/litespeed\\\/avatar\\\/142101a71d7b9e6490c1120d9c109a67.jpg?ver=1777461116\",\"url\":\"https:\\\/\\\/www.mylasertabac.com\\\/wp-content\\\/litespeed\\\/avatar\\\/142101a71d7b9e6490c1120d9c109a67.jpg?ver=1777461116\",\"contentUrl\":\"https:\\\/\\\/www.mylasertabac.com\\\/wp-content\\\/litespeed\\\/avatar\\\/142101a71d7b9e6490c1120d9c109a67.jpg?ver=1777461116\",\"caption\":\"Florian Fortes\"},\"sameAs\":[\"https:\\\/\\\/www.mylasertabac.com\",\"https:\\\/\\\/www.facebook.com\\\/profile.php?id=61571554707319\"],\"url\":\"https:\\\/\\\/www.mylasertabac.com\\\/pt-pt\\\/author\\\/florianfortes5312\\\/\"}]}<\/script>\n<!-- \/ Yoast SEO plugin. -->","yoast_head_json":{"title":"As 10 marcas de cigarros mais vendidas em Fran\u00e7a em 2025","description":"Descobre os 10 cigarros mais vendidos em Fran\u00e7a em 2025. Classifica\u00e7\u00f5es completas e informa\u00e7\u00f5es essenciais.","robots":{"index":"index","follow":"follow","max-snippet":"max-snippet:-1","max-image-preview":"max-image-preview:large","max-video-preview":"max-video-preview:-1"},"canonical":"https:\/\/www.mylasertabac.com\/pt-pt\/as-10-marcas-de-cigarros-preferidas-dos-franceses-em-2025\/","og_locale":"pt_PT","og_type":"article","og_title":"As 10 marcas de cigarros mais vendidas em Fran\u00e7a em 2025","og_description":"Descobre os 10 cigarros mais vendidos em Fran\u00e7a em 2025. Classifica\u00e7\u00f5es completas e informa\u00e7\u00f5es essenciais.","og_url":"https:\/\/www.mylasertabac.com\/pt-pt\/as-10-marcas-de-cigarros-preferidas-dos-franceses-em-2025\/","og_site_name":"My Laser Tabac","article_author":"https:\/\/www.facebook.com\/profile.php?id=61571554707319","article_published_time":"2025-07-22T06:45:28+00:00","article_modified_time":"2025-07-22T15:10:17+00:00","og_image":[{"width":1536,"height":1024,"url":"https:\/\/www.mylasertabac.com\/wp-content\/uploads\/2025\/07\/Top-10-des-cigarettes-les-plus-vendues-en-France-en-2025.png","type":"image\/png"}],"author":"Florian Fortes","twitter_card":"summary_large_image","twitter_misc":{"Escrito por":"Florian Fortes","Tempo estimado de leitura":"4 minutos"},"schema":{"@context":"https:\/\/schema.org","@graph":[{"@type":"Article","@id":"https:\/\/www.mylasertabac.com\/pt-pt\/as-10-marcas-de-cigarros-preferidas-dos-franceses-em-2025\/#article","isPartOf":{"@id":"https:\/\/www.mylasertabac.com\/pt-pt\/as-10-marcas-de-cigarros-preferidas-dos-franceses-em-2025\/"},"author":{"name":"Florian Fortes","@id":"https:\/\/www.mylasertabac.com\/pt-pt\/#\/schema\/person\/02c249cb76d912efb6c315ec23eccdf3"},"headline":"As 10 marcas de cigarros preferidas dos franceses em 2025","datePublished":"2025-07-22T06:45:28+00:00","dateModified":"2025-07-22T15:10:17+00:00","mainEntityOfPage":{"@id":"https:\/\/www.mylasertabac.com\/pt-pt\/as-10-marcas-de-cigarros-preferidas-dos-franceses-em-2025\/"},"wordCount":864,"publisher":{"@id":"https:\/\/www.mylasertabac.com\/pt-pt\/#organization"},"image":{"@id":"https:\/\/www.mylasertabac.com\/pt-pt\/as-10-marcas-de-cigarros-preferidas-dos-franceses-em-2025\/#primaryimage"},"thumbnailUrl":"https:\/\/www.mylasertabac.com\/wp-content\/uploads\/2025\/07\/Top-10-des-cigarettes-les-plus-vendues-en-France-en-2025.png","articleSection":["tabaco"],"inLanguage":"pt-PT"},{"@type":"WebPage","@id":"https:\/\/www.mylasertabac.com\/pt-pt\/as-10-marcas-de-cigarros-preferidas-dos-franceses-em-2025\/","url":"https:\/\/www.mylasertabac.com\/pt-pt\/as-10-marcas-de-cigarros-preferidas-dos-franceses-em-2025\/","name":"As 10 marcas de cigarros mais vendidas em Fran\u00e7a em 2025","isPartOf":{"@id":"https:\/\/www.mylasertabac.com\/pt-pt\/#website"},"primaryImageOfPage":{"@id":"https:\/\/www.mylasertabac.com\/pt-pt\/as-10-marcas-de-cigarros-preferidas-dos-franceses-em-2025\/#primaryimage"},"image":{"@id":"https:\/\/www.mylasertabac.com\/pt-pt\/as-10-marcas-de-cigarros-preferidas-dos-franceses-em-2025\/#primaryimage"},"thumbnailUrl":"https:\/\/www.mylasertabac.com\/wp-content\/uploads\/2025\/07\/Top-10-des-cigarettes-les-plus-vendues-en-France-en-2025.png","datePublished":"2025-07-22T06:45:28+00:00","dateModified":"2025-07-22T15:10:17+00:00","description":"Descobre os 10 cigarros mais vendidos em Fran\u00e7a em 2025. Classifica\u00e7\u00f5es completas e informa\u00e7\u00f5es essenciais.","breadcrumb":{"@id":"https:\/\/www.mylasertabac.com\/pt-pt\/as-10-marcas-de-cigarros-preferidas-dos-franceses-em-2025\/#breadcrumb"},"inLanguage":"pt-PT","potentialAction":[{"@type":"ReadAction","target":["https:\/\/www.mylasertabac.com\/pt-pt\/as-10-marcas-de-cigarros-preferidas-dos-franceses-em-2025\/"]}]},{"@type":"ImageObject","inLanguage":"pt-PT","@id":"https:\/\/www.mylasertabac.com\/pt-pt\/as-10-marcas-de-cigarros-preferidas-dos-franceses-em-2025\/#primaryimage","url":"https:\/\/www.mylasertabac.com\/wp-content\/uploads\/2025\/07\/Top-10-des-cigarettes-les-plus-vendues-en-France-en-2025.png","contentUrl":"https:\/\/www.mylasertabac.com\/wp-content\/uploads\/2025\/07\/Top-10-des-cigarettes-les-plus-vendues-en-France-en-2025.png","width":1536,"height":1024},{"@type":"BreadcrumbList","@id":"https:\/\/www.mylasertabac.com\/pt-pt\/as-10-marcas-de-cigarros-preferidas-dos-franceses-em-2025\/#breadcrumb","itemListElement":[{"@type":"ListItem","position":1,"name":"Accueil","item":"https:\/\/www.mylasertabac.com\/pt-pt\/casa\/"},{"@type":"ListItem","position":2,"name":"As 10 marcas de cigarros preferidas dos franceses em 2025"}]},{"@type":"WebSite","@id":"https:\/\/www.mylasertabac.com\/pt-pt\/#website","url":"https:\/\/www.mylasertabac.com\/pt-pt\/","name":"My Laser Tabac","description":"La solution laser qui transforme les fumeurs en ex-fumeurs","publisher":{"@id":"https:\/\/www.mylasertabac.com\/pt-pt\/#organization"},"potentialAction":[{"@type":"SearchAction","target":{"@type":"EntryPoint","urlTemplate":"https:\/\/www.mylasertabac.com\/pt-pt\/?s={search_term_string}"},"query-input":{"@type":"PropertyValueSpecification","valueRequired":true,"valueName":"search_term_string"}}],"inLanguage":"pt-PT"},{"@type":"Organization","@id":"https:\/\/www.mylasertabac.com\/pt-pt\/#organization","name":"My Laser Tabac","url":"https:\/\/www.mylasertabac.com\/pt-pt\/","logo":{"@type":"ImageObject","inLanguage":"pt-PT","@id":"https:\/\/www.mylasertabac.com\/pt-pt\/#\/schema\/logo\/image\/","url":"https:\/\/www.mylasertabac.com\/wp-content\/uploads\/2024\/12\/mlt-verteau.svg","contentUrl":"https:\/\/www.mylasertabac.com\/wp-content\/uploads\/2024\/12\/mlt-verteau.svg","caption":"My Laser Tabac"},"image":{"@id":"https:\/\/www.mylasertabac.com\/pt-pt\/#\/schema\/logo\/image\/"}},{"@type":"Person","@id":"https:\/\/www.mylasertabac.com\/pt-pt\/#\/schema\/person\/02c249cb76d912efb6c315ec23eccdf3","name":"Florian Fortes","image":{"@type":"ImageObject","inLanguage":"pt-PT","@id":"https:\/\/www.mylasertabac.com\/wp-content\/litespeed\/avatar\/142101a71d7b9e6490c1120d9c109a67.jpg?ver=1777461116","url":"https:\/\/www.mylasertabac.com\/wp-content\/litespeed\/avatar\/142101a71d7b9e6490c1120d9c109a67.jpg?ver=1777461116","contentUrl":"https:\/\/www.mylasertabac.com\/wp-content\/litespeed\/avatar\/142101a71d7b9e6490c1120d9c109a67.jpg?ver=1777461116","caption":"Florian Fortes"},"sameAs":["https:\/\/www.mylasertabac.com","https:\/\/www.facebook.com\/profile.php?id=61571554707319"],"url":"https:\/\/www.mylasertabac.com\/pt-pt\/author\/florianfortes5312\/"}]}},"_links":{"self":[{"href":"https:\/\/www.mylasertabac.com\/pt-pt\/wp-json\/wp\/v2\/posts\/11924","targetHints":{"allow":["GET"]}}],"collection":[{"href":"https:\/\/www.mylasertabac.com\/pt-pt\/wp-json\/wp\/v2\/posts"}],"about":[{"href":"https:\/\/www.mylasertabac.com\/pt-pt\/wp-json\/wp\/v2\/types\/post"}],"author":[{"embeddable":true,"href":"https:\/\/www.mylasertabac.com\/pt-pt\/wp-json\/wp\/v2\/users\/2"}],"replies":[{"embeddable":true,"href":"https:\/\/www.mylasertabac.com\/pt-pt\/wp-json\/wp\/v2\/comments?post=11924"}],"version-history":[{"count":1,"href":"https:\/\/www.mylasertabac.com\/pt-pt\/wp-json\/wp\/v2\/posts\/11924\/revisions"}],"predecessor-version":[{"id":11926,"href":"https:\/\/www.mylasertabac.com\/pt-pt\/wp-json\/wp\/v2\/posts\/11924\/revisions\/11926"}],"wp:featuredmedia":[{"embeddable":true,"href":"https:\/\/www.mylasertabac.com\/pt-pt\/wp-json\/wp\/v2\/media\/11400"}],"wp:attachment":[{"href":"https:\/\/www.mylasertabac.com\/pt-pt\/wp-json\/wp\/v2\/media?parent=11924"}],"wp:term":[{"taxonomy":"category","embeddable":true,"href":"https:\/\/www.mylasertabac.com\/pt-pt\/wp-json\/wp\/v2\/categories?post=11924"},{"taxonomy":"post_tag","embeddable":true,"href":"https:\/\/www.mylasertabac.com\/pt-pt\/wp-json\/wp\/v2\/tags?post=11924"}],"curies":[{"name":"wp","href":"https:\/\/api.w.org\/{rel}","templated":true}]}}