{"id":11955,"date":"2025-07-23T18:30:00","date_gmt":"2025-07-23T16:30:00","guid":{"rendered":"https:\/\/www.mylasertabac.com\/sindrome-do-pulmao-de-pipocas-a-nova-doenca-invisivel-que-ameaca-os-vapers\/"},"modified":"2025-10-26T16:30:54","modified_gmt":"2025-10-26T15:30:54","slug":"sindrome-do-pulmao-de-pipocas-a-nova-doenca-invisivel-que-ameaca-os-vapers","status":"publish","type":"post","link":"https:\/\/www.mylasertabac.com\/pt-pt\/sindrome-do-pulmao-de-pipocas-a-nova-doenca-invisivel-que-ameaca-os-vapers\/","title":{"rendered":"&#8220;S\u00edndrome do pulm\u00e3o de pipocas&#8221;: a nova doen\u00e7a invis\u00edvel que amea\u00e7a os vapers"},"content":{"rendered":"\n<div style=\"height:21px\" aria-hidden=\"true\" class=\"wp-block-spacer\"><\/div>\n\n<p>Pensavas que os cigarros electr\u00f3nicos eram uma alternativa inofensiva ao tabaco? Pensa de novo. Um novo susto de sa\u00fade abalou o mundo do vaping: est\u00e3o a aparecer casos de doen\u00e7as respirat\u00f3rias graves e incur\u00e1veis entre os jovens vaporizadores. A &#8220;s\u00edndrome do pulm\u00e3o de pipoca&#8221;, at\u00e9 agora rara, est\u00e1 de volta \u00e0 ribalta, causando preocupa\u00e7\u00e3o e sensibiliza\u00e7\u00e3o.   <\/p>\n\n<p>Se \u00e9s vaporizador, ou conheces algu\u00e9m que o seja, l\u00ea este artigo at\u00e9 ao fim. Vais descobrir os verdadeiros perigos do vaping, os sintomas invis\u00edveis que destroem lentamente os teus pulm\u00f5es, bem como solu\u00e7\u00f5es naturais e eficazes para deixares <strong>de fumar<\/strong> sem sofrimento. Prometes? N\u00e3o. Uma realidade, gra\u00e7as a m\u00e9todos inovadores como o <strong>laser anti-tabaco<\/strong> e a <strong>reflexologia auricular<\/strong>, dispon\u00edveis nos centros <strong>MyLaserTabac<\/strong> em toda a Fran\u00e7a.    <\/p>\n\n<div style=\"height:38px\" aria-hidden=\"true\" class=\"wp-block-spacer\"><\/div>\n\n<figure class=\"wp-block-image alignleft size-large is-resized\"><a href=\"https:\/\/www.mylasertabac.com\/pt-pt\/os-nossos-centros\/\"><img fetchpriority=\"high\" decoding=\"async\" width=\"1024\" height=\"668\" src=\"https:\/\/www.mylasertabac.com\/wp-content\/uploads\/2025\/08\/tu-veux-arreter-de-fumer-Clique-ici--1024x668.jpg\" alt=\"\" class=\"wp-image-13752\" style=\"width:474px;height:auto\" srcset=\"https:\/\/www.mylasertabac.com\/wp-content\/uploads\/2025\/08\/tu-veux-arreter-de-fumer-Clique-ici--1024x668.jpg 1024w, https:\/\/www.mylasertabac.com\/wp-content\/uploads\/2025\/08\/tu-veux-arreter-de-fumer-Clique-ici--300x196.jpg 300w, https:\/\/www.mylasertabac.com\/wp-content\/uploads\/2025\/08\/tu-veux-arreter-de-fumer-Clique-ici--768x501.jpg 768w, https:\/\/www.mylasertabac.com\/wp-content\/uploads\/2025\/08\/tu-veux-arreter-de-fumer-Clique-ici-.jpg 1206w\" sizes=\"(max-width: 1024px) 100vw, 1024px\" \/><\/a><\/figure>\n\n<h2 class=\"wp-block-heading\">S\u00edndrome do pulm\u00e3o em pipocas: um nome que esconde uma doen\u00e7a irrevers\u00edvel<\/h2>\n\n<p>A doen\u00e7a tem um nome quase jocoso: <strong>s\u00edndrome do pulm\u00e3o de pipoca<\/strong>. Mas n\u00e3o te iludas. \u00c9 tudo menos inofensivo.  <\/p>\n\n<p>Este termo tem origem num caso m\u00e9dico observado numa f\u00e1brica de pipocas para micro-ondas, onde os empregados contra\u00edram uma doen\u00e7a respirat\u00f3ria rara devido a um aromatizante de manteiga utilizado nas prepara\u00e7\u00f5es. Este componente, <g id=\"gid_0\">o diacetilo<\/g>, tamb\u00e9m est\u00e1 presente em muitos <g id=\"gid_1\">l\u00edquidos adocicados de cigarros electr\u00f3nicos<\/g>. A inala\u00e7\u00e3o prolongada provoca bronquiolite obliterante, uma doen\u00e7a <strong>incur\u00e1vel<\/strong> dos bronqu\u00edolos (as vias respirat\u00f3rias mais pequenas dos pulm\u00f5es).  <\/p>\n\n<p>Atualmente, esta doen\u00e7a ressurge em jovens adultos, <strong>n\u00e3o fumadores mas vaporizadores<\/strong>, que desenvolvem uma tosse persistente, falta de ar cr\u00f3nica e fadiga pulmonar mesmo em repouso. Nesta fase, n\u00e3o existe <strong>cura<\/strong>. <\/p>\n\n<div style=\"height:38px\" aria-hidden=\"true\" class=\"wp-block-spacer\"><\/div>\n\n<h2 class=\"wp-block-heading\">Porque \u00e9 que o vaporizador \u00e9 t\u00e3o perigoso para os pulm\u00f5es?<\/h2>\n\n<p>Contrariamente \u00e0 cren\u00e7a popular, <strong>os e-l\u00edquidos<\/strong> cont\u00eam mais do que apenas nicotina. Cont\u00eam <strong>subst\u00e2ncias arom\u00e1ticas<\/strong>, por vezes aquecidas a altas temperaturas, que libertam <strong>compostos t\u00f3xicos<\/strong>: formalde\u00eddos, acetalde\u00eddos, acrole\u00edna, etc. Todos estes produtos qu\u00edmicos irritam as vias respirat\u00f3rias e <strong>causam danos duradouros nos tecidos pulmonares<\/strong>. <\/p>\n\n<p>E o problema n\u00e3o se fica por aqui. Muitos l\u00edquidos comercializados em todo o mundo, sobretudo atrav\u00e9s de canais informais ou mal controlados, cont\u00eam doses elevadas de <g id=\"gid_0\">diacetilo<\/g> ou de aditivos semelhantes n\u00e3o autorizados. Os jovens vapers, apreciadores de sabores doces, <strong>inalam estes produtos todos os dias<\/strong> sem o saberem.   O resultado? Um terreno f\u00e9rtil para doen\u00e7as cr\u00f3nicas e, por vezes, <strong>danos irrevers\u00edveis nos pulm\u00f5es<\/strong>.<\/p>\n\n<div style=\"height:33px\" aria-hidden=\"true\" class=\"wp-block-spacer\"><\/div>\n\n<p class=\"has-cyan-bluish-gray-background-color has-background\">L\u00ea tamb\u00e9m : <a href=\"https:\/\/www.mylasertabac.com\/pt-pt\/junta-te-ao-franchising-laser-anti-tabac-e-beneficia-de-um-conceito-chave-na-mao-rentavel\/\"><mark style=\"background-color:rgba(0, 0, 0, 0)\" class=\"has-inline-color has-luminous-vivid-orange-color\">Torna-te um especialista em reflexologia auricular tornando-se um franchisado Mylasertabac <\/mark><\/a> <\/p>\n\n<div style=\"height:21px\" aria-hidden=\"true\" class=\"wp-block-spacer\"><\/div>\n\n<hr class=\"wp-block-separator has-alpha-channel-opacity\"\/>\n\n<h2 class=\"wp-block-heading\">Uma depend\u00eancia que se instala rapidamente, com consequ\u00eancias a longo prazo<\/h2>\n\n<div style=\"height:21px\" aria-hidden=\"true\" class=\"wp-block-spacer\"><\/div>\n\n<p>Os cigarros electr\u00f3nicos s\u00e3o frequentemente apresentados como uma ajuda para deixar de fumar. No entanto, para os fumadores mais jovens, podem ser uma porta de entrada para a <strong>depend\u00eancia da nicotina<\/strong>, por vezes mais forte do que a gerada pelos cigarros tradicionais. <\/p>\n\n<p>A sensa\u00e7\u00e3o agrad\u00e1vel, os aromas frutados e a facilidade de acesso fazem dela uma armadilha formid\u00e1vel. Gradualmente, a dose aumenta, os h\u00e1bitos instalam-se e o corpo habitua-se <g id=\"gid_0\">a inalar<\/g> quantidades crescentes de qu\u00edmicos. A longo prazo, isto conduz n\u00e3o s\u00f3 a doen\u00e7as pulmonares, mas tamb\u00e9m a problemas cardiovasculares, dores de cabe\u00e7a cr\u00f3nicas, irritabilidade e at\u00e9 <strong>danos neurol\u00f3gicos<\/strong>.  <\/p>\n\n<div style=\"height:21px\" aria-hidden=\"true\" class=\"wp-block-spacer\"><\/div>\n\n<h2 class=\"wp-block-heading\">Deixar de fumar cigarros electr\u00f3nicos: uma decis\u00e3o dif\u00edcil mas que pode salvar a tua vida<\/h2>\n\n<div style=\"height:21px\" aria-hidden=\"true\" class=\"wp-block-spacer\"><\/div>\n\n<p>A boa not\u00edcia \u00e9 que \u00e9 <strong>poss\u00edvel deixar de<\/strong> usar cigarros electr\u00f3nicos, mesmo depois de v\u00e1rios anos de vaporiza\u00e7\u00e3o. E <strong>os benef\u00edcios<\/strong> s\u00e3o vis\u00edveis em apenas alguns dias: <\/p>\n\n<div style=\"height:21px\" aria-hidden=\"true\" class=\"wp-block-spacer\"><\/div>\n\n<ul class=\"wp-block-list\">\n<li>\ud83c\udf2c\ufe0f Respira mais suavemente<\/li>\n\n\n\n<li>\ud83d\udcaa Mais resist\u00eancia<\/li>\n\n\n\n<li>Dorme melhor<\/li>\n\n\n\n<li>Menos stress e ansiedade<\/li>\n\n\n\n<li>Concentra-te melhor<\/li>\n\n\n\n<li>Grandes poupan\u00e7as<\/li>\n<\/ul>\n\n<div style=\"height:21px\" aria-hidden=\"true\" class=\"wp-block-spacer\"><\/div>\n\n<p>Mas, como em qualquer desabitua\u00e7\u00e3o, precisas da <strong>ajuda certa<\/strong>. A nicotina \u00e9 altamente viciante, e o corpo anseia pela sua dose. Felizmente, existem solu\u00e7\u00f5es naturais e sem drogas.  <\/p>\n\n<div style=\"height:21px\" aria-hidden=\"true\" class=\"wp-block-spacer\"><\/div>\n\n<hr class=\"wp-block-separator has-alpha-channel-opacity\"\/>\n\n<h2 class=\"wp-block-heading\">Laser anti-tabagismo: o m\u00e9todo suave para deixar de fumar de forma r\u00e1pida e duradoura<\/h2>\n\n<div style=\"height:21px\" aria-hidden=\"true\" class=\"wp-block-spacer\"><\/div>\n\n<p>N\u00e3o queres adesivos, pastilhas ou medicamentos? O <g id=\"gid_0\"><g id=\"gid_1\">laser anti-tabagismo<\/g><\/g> \u00e9 uma alternativa revolucion\u00e1ria. Inspirado na acupunctura, este procedimento <strong>indolor<\/strong> actua em pontos precisos do rosto, pesco\u00e7o e orelhas para libertar <strong>endorfinas<\/strong> e acalmar os desejos.  <\/p>\n\n<p>Utilizado nos centros <strong>MyLaserTabac<\/strong>, o <strong>laser anti-tabaco<\/strong> alivia suavemente os sintomas de abstin\u00eancia e <strong>reequilibra o sistema nervoso<\/strong>. As sess\u00f5es duram menos de uma hora e produzem excelentes resultados, mesmo para fumadores e vapers de longa data. <\/p>\n\n<div style=\"height:21px\" aria-hidden=\"true\" class=\"wp-block-spacer\"><\/div>\n\n<hr class=\"wp-block-separator has-alpha-channel-opacity\"\/>\n\n<h2 class=\"wp-block-heading\">Reflexologia auricular: um pilar da retirada natural<\/h2>\n\n<div style=\"height:21px\" aria-hidden=\"true\" class=\"wp-block-spacer\"><\/div>\n\n<p>Este m\u00e9todo baseia-se num princ\u00edpio simples: o ouvido \u00e9 uma <strong>zona reflexa<\/strong> ligada a todos os \u00f3rg\u00e3os. Ao estimular certas zonas do ouvido com press\u00e3o ou impulsos laser, podemos atuar sobre : <\/p>\n\n<div style=\"height:21px\" aria-hidden=\"true\" class=\"wp-block-spacer\"><\/div>\n\n<ul class=\"wp-block-list\">\n<li><strong>Stress<\/strong><\/li>\n\n\n\n<li><strong>Depend\u00eancia<\/strong><\/li>\n\n\n\n<li><strong>Perturba\u00e7\u00f5es do sono<\/strong><\/li>\n\n\n\n<li><strong>Desejos de a\u00e7\u00facar<\/strong>, \u00e1lcool ou can\u00e1bis<\/li>\n<\/ul>\n\n<div style=\"height:27px\" aria-hidden=\"true\" class=\"wp-block-spacer\"><\/div>\n\n<p><strong>A reflexologia auricular<\/strong> \u00e9 uma parte ideal de um protocolo <strong>global de cessa\u00e7\u00e3o tab<\/strong>\u00e1gica, particularmente para aqueles que querem deixar de fumar <strong>sem substitutos qu\u00edmicos<\/strong>.<\/p>\n\n<div style=\"height:27px\" aria-hidden=\"true\" class=\"wp-block-spacer\"><\/div>\n\n<hr class=\"wp-block-separator has-alpha-channel-opacity\"\/>\n\n<h2 class=\"wp-block-heading\">MyLaserTabac: uma rede nacional dedicada \u00e0 tua sa\u00fade<\/h2>\n\n<div style=\"height:27px\" aria-hidden=\"true\" class=\"wp-block-spacer\"><\/div>\n\n<p>Em toda a Fran\u00e7a, os centros <strong>MyLaserTabac<\/strong> acolhem-te para te ajudar a <strong><a href=\"https:\/\/www.mylasertabac.com\/pt-pt\/\">deixar de fumar<\/a><\/strong><strong>deixar de usar cigarros electr\u00f3nicos<\/strong>, ou lutar contra outras depend\u00eancias como :<\/p>\n\n<div style=\"height:27px\" aria-hidden=\"true\" class=\"wp-block-spacer\"><\/div>\n\n<ul class=\"wp-block-list\">\n<li><strong>A\u00e7\u00facar<\/strong><\/li>\n\n\n\n<li><strong>\u00c1lcool<\/strong><\/li>\n\n\n\n<li><strong>Cannabis<\/strong><\/li>\n<\/ul>\n\n<div style=\"height:27px\" aria-hidden=\"true\" class=\"wp-block-spacer\"><\/div>\n\n<p>Por exemplo, o <strong><a href=\"https:\/\/www.mylasertabac.com\/es\/centres\/mylasertabac-ales\/\">centro anti-tabagismo de Al\u00e8s<\/a><\/strong> especializa-se em ajudar os &#8220;vapers&#8221; a deixarem de fumar, bem como em proporcionar um tratamento completo para os problemas de depend\u00eancia. Cada consultor beneficia de um <strong>apoio personalizado<\/strong>, de um <strong>ouvido compreensivo<\/strong> e de um acompanhamento adaptado.<\/p>\n\n<p>Quer sejas fumador, vaporizador ou simplesmente queiras recuperar a tua liberdade, <strong>MyLaserTabac<\/strong> oferece-te um caminho natural, eficaz e seguro para a mudan\u00e7a.<\/p>\n\n<div style=\"height:27px\" aria-hidden=\"true\" class=\"wp-block-spacer\"><\/div>\n\n<h2 class=\"wp-block-heading\">Conclus\u00e3o: o vaporizador n\u00e3o \u00e9 um jogo<\/h2>\n\n<div style=\"height:27px\" aria-hidden=\"true\" class=\"wp-block-spacer\"><\/div>\n\n<p><strong>A s\u00edndrome do pulm\u00e3o de pipoca<\/strong> \u00e9 uma chamada de aten\u00e7\u00e3o. Revela o outro lado de um mercado mal regulado, em que os jovens acreditam estar protegidos, quando na realidade est\u00e3o a expor-se a riscos <strong>irrevers\u00edveis<\/strong>. <\/p>\n\n<p>Os cigarros electr\u00f3nicos n\u00e3o s\u00e3o inofensivos. E agora, mais do que nunca, \u00e9 vital que deixes <g id=\"gid_0\">de fumar ou de vaporizar<\/g>. Gra\u00e7as ao <strong>laser anti-tabaco<\/strong>, \u00e0 <strong>reflexologia auricular<\/strong> e \u00e0 rede <strong>MyLaserTabac<\/strong>, tens ao teu alcance <strong>solu\u00e7\u00f5es concretas, naturais e eficazes<\/strong>.  <\/p>\n\n<p>N\u00e3o esperes at\u00e9 estares doente para reagir.  <strong>Escolhe a sa\u00fade. Escolhe a liberdade. <\/strong><\/p>\n\n<div style=\"height:65px\" aria-hidden=\"true\" class=\"wp-block-spacer\"><\/div>\n\n<hr class=\"wp-block-separator has-alpha-channel-opacity\"\/>\n\n<figure class=\"wp-block-image size-large\"><img decoding=\"async\" src=\"https:\/\/www.mylasertabac.com\/wp-content\/uploads\/\/mlt-verteau.svg\" alt=\"\" class=\"wp-image-13\"\/><\/figure>\n\n<p><\/p>\n","protected":false},"excerpt":{"rendered":"<p>Pensavas que os cigarros electr\u00f3nicos eram uma alternativa inofensiva ao tabaco? Pensa de novo. Um novo susto de sa\u00fade abalou o mundo do vaping: est\u00e3o a aparecer casos de doen\u00e7as respirat\u00f3rias graves e incur\u00e1veis entre os jovens vaporizadores. A &#8220;s\u00edndrome do pulm\u00e3o de pipoca&#8221;, at\u00e9 agora rara, est\u00e1 de volta \u00e0 ribalta, causando preocupa\u00e7\u00e3o e [&hellip;]<\/p>\n","protected":false},"author":2,"featured_media":11941,"comment_status":"closed","ping_status":"open","sticky":false,"template":"","format":"standard","meta":{"inline_featured_image":false,"footnotes":""},"categories":[130],"tags":[],"class_list":["post-11955","post","type-post","status-publish","format-standard","has-post-thumbnail","hentry","category-saude"],"yoast_head":"<!-- This site is optimized with the Yoast SEO plugin v27.5 - https:\/\/yoast.com\/product\/yoast-seo-wordpress\/ -->\n<title>&quot;S\u00edndrome do pulm\u00e3o de pipocas&quot;: a nova doen\u00e7a invis\u00edvel que amea\u00e7a os vapers - My Laser Tabac<\/title>\n<meta name=\"description\" content=\"Descobre o &quot;pulm\u00e3o de pipoca&quot;, a doen\u00e7a incur\u00e1vel que atinge os vapers. Sintomas, perigos e solu\u00e7\u00f5es naturais para deixares de fumar rapidamente.\" \/>\n<meta name=\"robots\" content=\"index, follow, max-snippet:-1, max-image-preview:large, max-video-preview:-1\" \/>\n<link rel=\"canonical\" href=\"https:\/\/www.mylasertabac.com\/pt-pt\/sindrome-do-pulmao-de-pipocas-a-nova-doenca-invisivel-que-ameaca-os-vapers\/\" \/>\n<meta property=\"og:locale\" content=\"pt_PT\" \/>\n<meta property=\"og:type\" content=\"article\" \/>\n<meta property=\"og:title\" content=\"&quot;S\u00edndrome do pulm\u00e3o de pipocas&quot;: a nova doen\u00e7a invis\u00edvel que amea\u00e7a os vapers - My Laser Tabac\" \/>\n<meta property=\"og:description\" content=\"Descobre o &quot;pulm\u00e3o de pipoca&quot;, a doen\u00e7a incur\u00e1vel que atinge os vapers. Sintomas, perigos e solu\u00e7\u00f5es naturais para deixares de fumar rapidamente.\" \/>\n<meta property=\"og:url\" content=\"https:\/\/www.mylasertabac.com\/pt-pt\/sindrome-do-pulmao-de-pipocas-a-nova-doenca-invisivel-que-ameaca-os-vapers\/\" \/>\n<meta property=\"og:site_name\" content=\"My Laser Tabac\" \/>\n<meta property=\"article:author\" content=\"https:\/\/www.facebook.com\/profile.php?id=61571554707319\" \/>\n<meta property=\"article:published_time\" content=\"2025-07-23T16:30:00+00:00\" \/>\n<meta property=\"article:modified_time\" content=\"2025-10-26T15:30:54+00:00\" \/>\n<meta property=\"og:image\" content=\"https:\/\/www.mylasertabac.com\/wp-content\/uploads\/2025\/07\/maladie-liee-a-la-cigarette-electronique-1024x683.png\" \/>\n\t<meta property=\"og:image:width\" content=\"1024\" \/>\n\t<meta property=\"og:image:height\" content=\"683\" \/>\n\t<meta property=\"og:image:type\" content=\"image\/png\" \/>\n<meta name=\"author\" content=\"Florian Fortes\" \/>\n<meta name=\"twitter:card\" content=\"summary_large_image\" \/>\n<meta name=\"twitter:label1\" content=\"Escrito por\" \/>\n\t<meta name=\"twitter:data1\" content=\"Florian Fortes\" \/>\n\t<meta name=\"twitter:label2\" content=\"Tempo estimado de leitura\" \/>\n\t<meta name=\"twitter:data2\" content=\"5 minutos\" \/>\n<script type=\"application\/ld+json\" class=\"yoast-schema-graph\">{\"@context\":\"https:\\\/\\\/schema.org\",\"@graph\":[{\"@type\":\"Article\",\"@id\":\"https:\\\/\\\/www.mylasertabac.com\\\/pt-pt\\\/sindrome-do-pulmao-de-pipocas-a-nova-doenca-invisivel-que-ameaca-os-vapers\\\/#article\",\"isPartOf\":{\"@id\":\"https:\\\/\\\/www.mylasertabac.com\\\/pt-pt\\\/sindrome-do-pulmao-de-pipocas-a-nova-doenca-invisivel-que-ameaca-os-vapers\\\/\"},\"author\":{\"name\":\"Florian Fortes\",\"@id\":\"https:\\\/\\\/www.mylasertabac.com\\\/pt-pt\\\/#\\\/schema\\\/person\\\/02c249cb76d912efb6c315ec23eccdf3\"},\"headline\":\"&#8220;S\u00edndrome do pulm\u00e3o de pipocas&#8221;: a nova doen\u00e7a invis\u00edvel que amea\u00e7a os vapers\",\"datePublished\":\"2025-07-23T16:30:00+00:00\",\"dateModified\":\"2025-10-26T15:30:54+00:00\",\"mainEntityOfPage\":{\"@id\":\"https:\\\/\\\/www.mylasertabac.com\\\/pt-pt\\\/sindrome-do-pulmao-de-pipocas-a-nova-doenca-invisivel-que-ameaca-os-vapers\\\/\"},\"wordCount\":1080,\"publisher\":{\"@id\":\"https:\\\/\\\/www.mylasertabac.com\\\/pt-pt\\\/#organization\"},\"image\":{\"@id\":\"https:\\\/\\\/www.mylasertabac.com\\\/pt-pt\\\/sindrome-do-pulmao-de-pipocas-a-nova-doenca-invisivel-que-ameaca-os-vapers\\\/#primaryimage\"},\"thumbnailUrl\":\"https:\\\/\\\/www.mylasertabac.com\\\/wp-content\\\/uploads\\\/2025\\\/07\\\/maladie-liee-a-la-cigarette-electronique.png\",\"articleSection\":[\"Sa\u00fade\"],\"inLanguage\":\"pt-PT\"},{\"@type\":\"WebPage\",\"@id\":\"https:\\\/\\\/www.mylasertabac.com\\\/pt-pt\\\/sindrome-do-pulmao-de-pipocas-a-nova-doenca-invisivel-que-ameaca-os-vapers\\\/\",\"url\":\"https:\\\/\\\/www.mylasertabac.com\\\/pt-pt\\\/sindrome-do-pulmao-de-pipocas-a-nova-doenca-invisivel-que-ameaca-os-vapers\\\/\",\"name\":\"\\\"S\u00edndrome do pulm\u00e3o de pipocas\\\": a nova doen\u00e7a invis\u00edvel que amea\u00e7a os vapers - My Laser Tabac\",\"isPartOf\":{\"@id\":\"https:\\\/\\\/www.mylasertabac.com\\\/pt-pt\\\/#website\"},\"primaryImageOfPage\":{\"@id\":\"https:\\\/\\\/www.mylasertabac.com\\\/pt-pt\\\/sindrome-do-pulmao-de-pipocas-a-nova-doenca-invisivel-que-ameaca-os-vapers\\\/#primaryimage\"},\"image\":{\"@id\":\"https:\\\/\\\/www.mylasertabac.com\\\/pt-pt\\\/sindrome-do-pulmao-de-pipocas-a-nova-doenca-invisivel-que-ameaca-os-vapers\\\/#primaryimage\"},\"thumbnailUrl\":\"https:\\\/\\\/www.mylasertabac.com\\\/wp-content\\\/uploads\\\/2025\\\/07\\\/maladie-liee-a-la-cigarette-electronique.png\",\"datePublished\":\"2025-07-23T16:30:00+00:00\",\"dateModified\":\"2025-10-26T15:30:54+00:00\",\"description\":\"Descobre o \\\"pulm\u00e3o de pipoca\\\", a doen\u00e7a incur\u00e1vel que atinge os vapers. Sintomas, perigos e solu\u00e7\u00f5es naturais para deixares de fumar rapidamente.\",\"breadcrumb\":{\"@id\":\"https:\\\/\\\/www.mylasertabac.com\\\/pt-pt\\\/sindrome-do-pulmao-de-pipocas-a-nova-doenca-invisivel-que-ameaca-os-vapers\\\/#breadcrumb\"},\"inLanguage\":\"pt-PT\",\"potentialAction\":[{\"@type\":\"ReadAction\",\"target\":[\"https:\\\/\\\/www.mylasertabac.com\\\/pt-pt\\\/sindrome-do-pulmao-de-pipocas-a-nova-doenca-invisivel-que-ameaca-os-vapers\\\/\"]}]},{\"@type\":\"ImageObject\",\"inLanguage\":\"pt-PT\",\"@id\":\"https:\\\/\\\/www.mylasertabac.com\\\/pt-pt\\\/sindrome-do-pulmao-de-pipocas-a-nova-doenca-invisivel-que-ameaca-os-vapers\\\/#primaryimage\",\"url\":\"https:\\\/\\\/www.mylasertabac.com\\\/wp-content\\\/uploads\\\/2025\\\/07\\\/maladie-liee-a-la-cigarette-electronique.png\",\"contentUrl\":\"https:\\\/\\\/www.mylasertabac.com\\\/wp-content\\\/uploads\\\/2025\\\/07\\\/maladie-liee-a-la-cigarette-electronique.png\",\"width\":1536,\"height\":1024},{\"@type\":\"BreadcrumbList\",\"@id\":\"https:\\\/\\\/www.mylasertabac.com\\\/pt-pt\\\/sindrome-do-pulmao-de-pipocas-a-nova-doenca-invisivel-que-ameaca-os-vapers\\\/#breadcrumb\",\"itemListElement\":[{\"@type\":\"ListItem\",\"position\":1,\"name\":\"Accueil\",\"item\":\"https:\\\/\\\/www.mylasertabac.com\\\/pt-pt\\\/casa\\\/\"},{\"@type\":\"ListItem\",\"position\":2,\"name\":\"\u00abS\u00edndrome do pulm\u00e3o de pipocas\u00bb: a nova doen\u00e7a invis\u00edvel que amea\u00e7a os vapers\"}]},{\"@type\":\"WebSite\",\"@id\":\"https:\\\/\\\/www.mylasertabac.com\\\/pt-pt\\\/#website\",\"url\":\"https:\\\/\\\/www.mylasertabac.com\\\/pt-pt\\\/\",\"name\":\"My Laser Tabac\",\"description\":\"La solution laser qui transforme les fumeurs en ex-fumeurs\",\"publisher\":{\"@id\":\"https:\\\/\\\/www.mylasertabac.com\\\/pt-pt\\\/#organization\"},\"potentialAction\":[{\"@type\":\"SearchAction\",\"target\":{\"@type\":\"EntryPoint\",\"urlTemplate\":\"https:\\\/\\\/www.mylasertabac.com\\\/pt-pt\\\/?s={search_term_string}\"},\"query-input\":{\"@type\":\"PropertyValueSpecification\",\"valueRequired\":true,\"valueName\":\"search_term_string\"}}],\"inLanguage\":\"pt-PT\"},{\"@type\":\"Organization\",\"@id\":\"https:\\\/\\\/www.mylasertabac.com\\\/pt-pt\\\/#organization\",\"name\":\"My Laser Tabac\",\"url\":\"https:\\\/\\\/www.mylasertabac.com\\\/pt-pt\\\/\",\"logo\":{\"@type\":\"ImageObject\",\"inLanguage\":\"pt-PT\",\"@id\":\"https:\\\/\\\/www.mylasertabac.com\\\/pt-pt\\\/#\\\/schema\\\/logo\\\/image\\\/\",\"url\":\"https:\\\/\\\/www.mylasertabac.com\\\/wp-content\\\/uploads\\\/2024\\\/12\\\/mlt-verteau.svg\",\"contentUrl\":\"https:\\\/\\\/www.mylasertabac.com\\\/wp-content\\\/uploads\\\/2024\\\/12\\\/mlt-verteau.svg\",\"caption\":\"My Laser Tabac\"},\"image\":{\"@id\":\"https:\\\/\\\/www.mylasertabac.com\\\/pt-pt\\\/#\\\/schema\\\/logo\\\/image\\\/\"}},{\"@type\":\"Person\",\"@id\":\"https:\\\/\\\/www.mylasertabac.com\\\/pt-pt\\\/#\\\/schema\\\/person\\\/02c249cb76d912efb6c315ec23eccdf3\",\"name\":\"Florian Fortes\",\"image\":{\"@type\":\"ImageObject\",\"inLanguage\":\"pt-PT\",\"@id\":\"https:\\\/\\\/www.mylasertabac.com\\\/wp-content\\\/litespeed\\\/avatar\\\/142101a71d7b9e6490c1120d9c109a67.jpg?ver=1777461116\",\"url\":\"https:\\\/\\\/www.mylasertabac.com\\\/wp-content\\\/litespeed\\\/avatar\\\/142101a71d7b9e6490c1120d9c109a67.jpg?ver=1777461116\",\"contentUrl\":\"https:\\\/\\\/www.mylasertabac.com\\\/wp-content\\\/litespeed\\\/avatar\\\/142101a71d7b9e6490c1120d9c109a67.jpg?ver=1777461116\",\"caption\":\"Florian Fortes\"},\"sameAs\":[\"https:\\\/\\\/www.mylasertabac.com\",\"https:\\\/\\\/www.facebook.com\\\/profile.php?id=61571554707319\"],\"url\":\"https:\\\/\\\/www.mylasertabac.com\\\/pt-pt\\\/author\\\/florianfortes5312\\\/\"}]}<\/script>\n<!-- \/ Yoast SEO plugin. -->","yoast_head_json":{"title":"\"S\u00edndrome do pulm\u00e3o de pipocas\": a nova doen\u00e7a invis\u00edvel que amea\u00e7a os vapers - My Laser Tabac","description":"Descobre o \"pulm\u00e3o de pipoca\", a doen\u00e7a incur\u00e1vel que atinge os vapers. Sintomas, perigos e solu\u00e7\u00f5es naturais para deixares de fumar rapidamente.","robots":{"index":"index","follow":"follow","max-snippet":"max-snippet:-1","max-image-preview":"max-image-preview:large","max-video-preview":"max-video-preview:-1"},"canonical":"https:\/\/www.mylasertabac.com\/pt-pt\/sindrome-do-pulmao-de-pipocas-a-nova-doenca-invisivel-que-ameaca-os-vapers\/","og_locale":"pt_PT","og_type":"article","og_title":"\"S\u00edndrome do pulm\u00e3o de pipocas\": a nova doen\u00e7a invis\u00edvel que amea\u00e7a os vapers - My Laser Tabac","og_description":"Descobre o \"pulm\u00e3o de pipoca\", a doen\u00e7a incur\u00e1vel que atinge os vapers. Sintomas, perigos e solu\u00e7\u00f5es naturais para deixares de fumar rapidamente.","og_url":"https:\/\/www.mylasertabac.com\/pt-pt\/sindrome-do-pulmao-de-pipocas-a-nova-doenca-invisivel-que-ameaca-os-vapers\/","og_site_name":"My Laser Tabac","article_author":"https:\/\/www.facebook.com\/profile.php?id=61571554707319","article_published_time":"2025-07-23T16:30:00+00:00","article_modified_time":"2025-10-26T15:30:54+00:00","og_image":[{"width":1024,"height":683,"url":"https:\/\/www.mylasertabac.com\/wp-content\/uploads\/2025\/07\/maladie-liee-a-la-cigarette-electronique-1024x683.png","type":"image\/png"}],"author":"Florian Fortes","twitter_card":"summary_large_image","twitter_misc":{"Escrito por":"Florian Fortes","Tempo estimado de leitura":"5 minutos"},"schema":{"@context":"https:\/\/schema.org","@graph":[{"@type":"Article","@id":"https:\/\/www.mylasertabac.com\/pt-pt\/sindrome-do-pulmao-de-pipocas-a-nova-doenca-invisivel-que-ameaca-os-vapers\/#article","isPartOf":{"@id":"https:\/\/www.mylasertabac.com\/pt-pt\/sindrome-do-pulmao-de-pipocas-a-nova-doenca-invisivel-que-ameaca-os-vapers\/"},"author":{"name":"Florian Fortes","@id":"https:\/\/www.mylasertabac.com\/pt-pt\/#\/schema\/person\/02c249cb76d912efb6c315ec23eccdf3"},"headline":"&#8220;S\u00edndrome do pulm\u00e3o de pipocas&#8221;: a nova doen\u00e7a invis\u00edvel que amea\u00e7a os vapers","datePublished":"2025-07-23T16:30:00+00:00","dateModified":"2025-10-26T15:30:54+00:00","mainEntityOfPage":{"@id":"https:\/\/www.mylasertabac.com\/pt-pt\/sindrome-do-pulmao-de-pipocas-a-nova-doenca-invisivel-que-ameaca-os-vapers\/"},"wordCount":1080,"publisher":{"@id":"https:\/\/www.mylasertabac.com\/pt-pt\/#organization"},"image":{"@id":"https:\/\/www.mylasertabac.com\/pt-pt\/sindrome-do-pulmao-de-pipocas-a-nova-doenca-invisivel-que-ameaca-os-vapers\/#primaryimage"},"thumbnailUrl":"https:\/\/www.mylasertabac.com\/wp-content\/uploads\/2025\/07\/maladie-liee-a-la-cigarette-electronique.png","articleSection":["Sa\u00fade"],"inLanguage":"pt-PT"},{"@type":"WebPage","@id":"https:\/\/www.mylasertabac.com\/pt-pt\/sindrome-do-pulmao-de-pipocas-a-nova-doenca-invisivel-que-ameaca-os-vapers\/","url":"https:\/\/www.mylasertabac.com\/pt-pt\/sindrome-do-pulmao-de-pipocas-a-nova-doenca-invisivel-que-ameaca-os-vapers\/","name":"\"S\u00edndrome do pulm\u00e3o de pipocas\": a nova doen\u00e7a invis\u00edvel que amea\u00e7a os vapers - My Laser Tabac","isPartOf":{"@id":"https:\/\/www.mylasertabac.com\/pt-pt\/#website"},"primaryImageOfPage":{"@id":"https:\/\/www.mylasertabac.com\/pt-pt\/sindrome-do-pulmao-de-pipocas-a-nova-doenca-invisivel-que-ameaca-os-vapers\/#primaryimage"},"image":{"@id":"https:\/\/www.mylasertabac.com\/pt-pt\/sindrome-do-pulmao-de-pipocas-a-nova-doenca-invisivel-que-ameaca-os-vapers\/#primaryimage"},"thumbnailUrl":"https:\/\/www.mylasertabac.com\/wp-content\/uploads\/2025\/07\/maladie-liee-a-la-cigarette-electronique.png","datePublished":"2025-07-23T16:30:00+00:00","dateModified":"2025-10-26T15:30:54+00:00","description":"Descobre o \"pulm\u00e3o de pipoca\", a doen\u00e7a incur\u00e1vel que atinge os vapers. Sintomas, perigos e solu\u00e7\u00f5es naturais para deixares de fumar rapidamente.","breadcrumb":{"@id":"https:\/\/www.mylasertabac.com\/pt-pt\/sindrome-do-pulmao-de-pipocas-a-nova-doenca-invisivel-que-ameaca-os-vapers\/#breadcrumb"},"inLanguage":"pt-PT","potentialAction":[{"@type":"ReadAction","target":["https:\/\/www.mylasertabac.com\/pt-pt\/sindrome-do-pulmao-de-pipocas-a-nova-doenca-invisivel-que-ameaca-os-vapers\/"]}]},{"@type":"ImageObject","inLanguage":"pt-PT","@id":"https:\/\/www.mylasertabac.com\/pt-pt\/sindrome-do-pulmao-de-pipocas-a-nova-doenca-invisivel-que-ameaca-os-vapers\/#primaryimage","url":"https:\/\/www.mylasertabac.com\/wp-content\/uploads\/2025\/07\/maladie-liee-a-la-cigarette-electronique.png","contentUrl":"https:\/\/www.mylasertabac.com\/wp-content\/uploads\/2025\/07\/maladie-liee-a-la-cigarette-electronique.png","width":1536,"height":1024},{"@type":"BreadcrumbList","@id":"https:\/\/www.mylasertabac.com\/pt-pt\/sindrome-do-pulmao-de-pipocas-a-nova-doenca-invisivel-que-ameaca-os-vapers\/#breadcrumb","itemListElement":[{"@type":"ListItem","position":1,"name":"Accueil","item":"https:\/\/www.mylasertabac.com\/pt-pt\/casa\/"},{"@type":"ListItem","position":2,"name":"\u00abS\u00edndrome do pulm\u00e3o de pipocas\u00bb: a nova doen\u00e7a invis\u00edvel que amea\u00e7a os vapers"}]},{"@type":"WebSite","@id":"https:\/\/www.mylasertabac.com\/pt-pt\/#website","url":"https:\/\/www.mylasertabac.com\/pt-pt\/","name":"My Laser Tabac","description":"La solution laser qui transforme les fumeurs en ex-fumeurs","publisher":{"@id":"https:\/\/www.mylasertabac.com\/pt-pt\/#organization"},"potentialAction":[{"@type":"SearchAction","target":{"@type":"EntryPoint","urlTemplate":"https:\/\/www.mylasertabac.com\/pt-pt\/?s={search_term_string}"},"query-input":{"@type":"PropertyValueSpecification","valueRequired":true,"valueName":"search_term_string"}}],"inLanguage":"pt-PT"},{"@type":"Organization","@id":"https:\/\/www.mylasertabac.com\/pt-pt\/#organization","name":"My Laser Tabac","url":"https:\/\/www.mylasertabac.com\/pt-pt\/","logo":{"@type":"ImageObject","inLanguage":"pt-PT","@id":"https:\/\/www.mylasertabac.com\/pt-pt\/#\/schema\/logo\/image\/","url":"https:\/\/www.mylasertabac.com\/wp-content\/uploads\/2024\/12\/mlt-verteau.svg","contentUrl":"https:\/\/www.mylasertabac.com\/wp-content\/uploads\/2024\/12\/mlt-verteau.svg","caption":"My Laser Tabac"},"image":{"@id":"https:\/\/www.mylasertabac.com\/pt-pt\/#\/schema\/logo\/image\/"}},{"@type":"Person","@id":"https:\/\/www.mylasertabac.com\/pt-pt\/#\/schema\/person\/02c249cb76d912efb6c315ec23eccdf3","name":"Florian Fortes","image":{"@type":"ImageObject","inLanguage":"pt-PT","@id":"https:\/\/www.mylasertabac.com\/wp-content\/litespeed\/avatar\/142101a71d7b9e6490c1120d9c109a67.jpg?ver=1777461116","url":"https:\/\/www.mylasertabac.com\/wp-content\/litespeed\/avatar\/142101a71d7b9e6490c1120d9c109a67.jpg?ver=1777461116","contentUrl":"https:\/\/www.mylasertabac.com\/wp-content\/litespeed\/avatar\/142101a71d7b9e6490c1120d9c109a67.jpg?ver=1777461116","caption":"Florian Fortes"},"sameAs":["https:\/\/www.mylasertabac.com","https:\/\/www.facebook.com\/profile.php?id=61571554707319"],"url":"https:\/\/www.mylasertabac.com\/pt-pt\/author\/florianfortes5312\/"}]}},"_links":{"self":[{"href":"https:\/\/www.mylasertabac.com\/pt-pt\/wp-json\/wp\/v2\/posts\/11955","targetHints":{"allow":["GET"]}}],"collection":[{"href":"https:\/\/www.mylasertabac.com\/pt-pt\/wp-json\/wp\/v2\/posts"}],"about":[{"href":"https:\/\/www.mylasertabac.com\/pt-pt\/wp-json\/wp\/v2\/types\/post"}],"author":[{"embeddable":true,"href":"https:\/\/www.mylasertabac.com\/pt-pt\/wp-json\/wp\/v2\/users\/2"}],"replies":[{"embeddable":true,"href":"https:\/\/www.mylasertabac.com\/pt-pt\/wp-json\/wp\/v2\/comments?post=11955"}],"version-history":[{"count":5,"href":"https:\/\/www.mylasertabac.com\/pt-pt\/wp-json\/wp\/v2\/posts\/11955\/revisions"}],"predecessor-version":[{"id":18723,"href":"https:\/\/www.mylasertabac.com\/pt-pt\/wp-json\/wp\/v2\/posts\/11955\/revisions\/18723"}],"wp:featuredmedia":[{"embeddable":true,"href":"https:\/\/www.mylasertabac.com\/pt-pt\/wp-json\/wp\/v2\/media\/11941"}],"wp:attachment":[{"href":"https:\/\/www.mylasertabac.com\/pt-pt\/wp-json\/wp\/v2\/media?parent=11955"}],"wp:term":[{"taxonomy":"category","embeddable":true,"href":"https:\/\/www.mylasertabac.com\/pt-pt\/wp-json\/wp\/v2\/categories?post=11955"},{"taxonomy":"post_tag","embeddable":true,"href":"https:\/\/www.mylasertabac.com\/pt-pt\/wp-json\/wp\/v2\/tags?post=11955"}],"curies":[{"name":"wp","href":"https:\/\/api.w.org\/{rel}","templated":true}]}}