{"id":12005,"date":"2025-07-24T16:27:08","date_gmt":"2025-07-24T14:27:08","guid":{"rendered":"https:\/\/www.mylasertabac.com\/%f0%9f%9a%a8-trafico-de-cigarros-sem-impostos-andorra-o-novo-campo-de-batalha-entre-o-comercio-ilegal-e-a-saude-publica\/"},"modified":"2025-07-24T16:36:48","modified_gmt":"2025-07-24T14:36:48","slug":"%f0%9f%9a%a8-trafico-de-cigarros-sem-impostos-andorra-o-novo-campo-de-batalha-entre-o-comercio-ilegal-e-a-saude-publica","status":"publish","type":"post","link":"https:\/\/www.mylasertabac.com\/pt-pt\/%f0%9f%9a%a8-trafico-de-cigarros-sem-impostos-andorra-o-novo-campo-de-batalha-entre-o-comercio-ilegal-e-a-saude-publica\/","title":{"rendered":"\ud83d\udea8 Tr\u00e1fico de cigarros sem impostos: Andorra, o novo campo de batalha entre o com\u00e9rcio ilegal e a sa\u00fade p\u00fablica"},"content":{"rendered":"\n<p>O tema \u00e9 intrigante, chocante e alarmante: todos os anos, milh\u00f5es de cigarros s\u00e3o contrabandeados entre Andorra e Fran\u00e7a. E o resultado? Em 2024, as vendas oficiais baixaram <strong>6 a 8%<\/strong>, apesar do consumo constante. Explica\u00e7\u00e3o: n\u00e3o \u00e9 a preven\u00e7\u00e3o que est\u00e1 a ganhar terreno, mas sim <strong>o contrabando que est\u00e1 a florescer<\/strong>, sobretudo para a submiss\u00e3o, atrav\u00e9s do Principado.   <\/p>\n\n<div style=\"height:21px\" aria-hidden=\"true\" class=\"wp-block-spacer\"><\/div>\n\n<h2 class=\"wp-block-heading\">Queda hist\u00f3rica nas vendas oficiais: um indicador alarmante<\/h2>\n\n<div style=\"height:21px\" aria-hidden=\"true\" class=\"wp-block-spacer\"><\/div>\n\n<p>As estat\u00edsticas aduaneiras s\u00e3o claras: as vendas de cigarros regulamentados em Fran\u00e7a diminu\u00edram <strong>entre 6% e 8% em 2024<\/strong>. Por detr\u00e1s destes n\u00fameros n\u00e3o est\u00e1 um abandono maci\u00e7o do consumo de tabaco, mas um <strong>\u00eaxodo maci\u00e7o para o mercado negro<\/strong>. Quanto menos se fuma legalmente, mais as redes florescem, nomeadamente nas zonas abrangidas por Andorra e pelo Luxemburgo.  <\/p>\n\n<div style=\"height:36px\" aria-hidden=\"true\" class=\"wp-block-spacer\"><\/div>\n\n<figure class=\"wp-block-image alignleft size-full is-resized\"><img fetchpriority=\"high\" decoding=\"async\" width=\"1024\" height=\"1024\" src=\"https:\/\/www.mylasertabac.com\/wp-content\/uploads\/2025\/07\/Vente-de-cigarette-en-Andorre-un-trafic-vers-la-France.png\" alt=\"\" class=\"wp-image-11460\" style=\"width:387px;height:auto\" srcset=\"https:\/\/www.mylasertabac.com\/wp-content\/uploads\/2025\/07\/Vente-de-cigarette-en-Andorre-un-trafic-vers-la-France.png 1024w, https:\/\/www.mylasertabac.com\/wp-content\/uploads\/2025\/07\/Vente-de-cigarette-en-Andorre-un-trafic-vers-la-France-300x300.png 300w, https:\/\/www.mylasertabac.com\/wp-content\/uploads\/2025\/07\/Vente-de-cigarette-en-Andorre-un-trafic-vers-la-France-150x150.png 150w, https:\/\/www.mylasertabac.com\/wp-content\/uploads\/2025\/07\/Vente-de-cigarette-en-Andorre-un-trafic-vers-la-France-768x768.png 768w\" sizes=\"(max-width: 1024px) 100vw, 1024px\" \/><\/figure>\n\n<h2 class=\"wp-block-heading\">\ud83d\udee4\ufe0f Andorra: porta de entrada para o contrabando maci\u00e7o<\/h2>\n\n<ul class=\"wp-block-list\">\n<li>Todos os anos, cerca de <strong>850 milh\u00f5es de cigarros<\/strong> s\u00e3o expedidos de Andorra para Fran\u00e7a, enquanto o consumo local se limita a <strong>120 milh\u00f5es<\/strong>, o que constitui um excedente colossal.<\/li>\n\n\n\n<li>Em outubro de 2024, os servi\u00e7os aduaneiros apreenderam quase <strong>16 000 pacotes<\/strong>, escondidos em cavidades naturais em Pas-de-la-Case, representando <strong>mais de 62 500 euros<\/strong> em mercadorias.<\/li>\n\n\n\n<li>S\u00f3 em 2023, foram interceptados <strong>34 527 cartuchos<\/strong>, contra 11 500 no ano anterior, o que representa um aumento de quase <strong>200%<\/strong>.<\/li>\n<\/ul>\n\n<p>Este tr\u00e1fego maci\u00e7o baseia-se na diferen\u00e7a consider\u00e1vel de impostos em rela\u00e7\u00e3o \u00e0 Fran\u00e7a, o que torna o Principado muito atrativo para os contrabandistas.<\/p>\n\n<div style=\"height:42px\" aria-hidden=\"true\" class=\"wp-block-spacer\"><\/div>\n\n<h2 class=\"wp-block-heading\">\ud83c\udfd9\ufe0f Vendedores ambulantes e mercearias: o tr\u00e2nsito torna-se comum na cidade<\/h2>\n\n<p>Hoje em dia, em muitas cidades e bairros, o <strong>tubo de ensaio<\/strong> tornou-se um lugar-comum:<\/p>\n\n<ul class=\"wp-block-list\">\n<li>Nas esquinas das ruas, nos parques de estacionamento, nos autocarros e nos \u00e1trios dos edif\u00edcios, vendem-se pacotes n\u00e3o rastre\u00e1veis a pre\u00e7os de saldo.<\/li>\n\n\n\n<li><strong>As mercearias<\/strong> vendem clandestinamente tabaco isento de impostos, sem que os clientes habituais vejam qualquer risco.<\/li>\n<\/ul>\n\n<p>Estes canais informais est\u00e3o a secar as receitas das tabacarias, ao mesmo tempo que mancham a seguran\u00e7a sanit\u00e1ria: <strong>produtos n\u00e3o controlados, riscos t\u00f3xicos, aus\u00eancia total de garantias.<\/strong><\/p>\n\n<div style=\"height:21px\" aria-hidden=\"true\" class=\"wp-block-spacer\"><\/div>\n\n<h2 class=\"wp-block-heading\">Consequ\u00eancias para a economia e a sociedade<\/h2>\n\n<div style=\"height:21px\" aria-hidden=\"true\" class=\"wp-block-spacer\"><\/div>\n\n<ul class=\"wp-block-list\">\n<li>Estima-se <strong>que a perda fiscal se situe entre 3 e 7 mil<\/strong> milh\u00f5es de euros por ano.<\/li>\n\n\n\n<li><strong>Tabacarias em dificuldades<\/strong>, obrigadas a baixar os pre\u00e7os ou mesmo a fechar a loja.<\/li>\n\n\n\n<li><strong>Aumento do risco para a sa\u00fade<\/strong>: tabaco de contrafa\u00e7\u00e3o sem garantia de sa\u00fade.<\/li>\n\n\n\n<li><strong>Refor\u00e7o das redes criminosas<\/strong>, dispostas a tudo para manter o circuito em funcionamento.<\/li>\n<\/ul>\n\n<div style=\"height:28px\" aria-hidden=\"true\" class=\"wp-block-spacer\"><\/div>\n\n<figure class=\"wp-block-image size-large\"><img decoding=\"async\" width=\"1024\" height=\"683\" src=\"https:\/\/www.mylasertabac.com\/wp-content\/uploads\/2025\/07\/trafic-de-cigarette-entre-la-France-et-lAndorre--1024x683.png\" alt=\"\" class=\"wp-image-11468\" srcset=\"https:\/\/www.mylasertabac.com\/wp-content\/uploads\/2025\/07\/trafic-de-cigarette-entre-la-France-et-lAndorre--1024x683.png 1024w, https:\/\/www.mylasertabac.com\/wp-content\/uploads\/2025\/07\/trafic-de-cigarette-entre-la-France-et-lAndorre--300x200.png 300w, https:\/\/www.mylasertabac.com\/wp-content\/uploads\/2025\/07\/trafic-de-cigarette-entre-la-France-et-lAndorre--768x512.png 768w, https:\/\/www.mylasertabac.com\/wp-content\/uploads\/2025\/07\/trafic-de-cigarette-entre-la-France-et-lAndorre-.png 1536w\" sizes=\"(max-width: 1024px) 100vw, 1024px\" \/><\/figure>\n\n<div style=\"height:29px\" aria-hidden=\"true\" class=\"wp-block-spacer\"><\/div>\n\n<h2 class=\"wp-block-heading\">\u2699\ufe0f Redes organizadas na vanguarda<\/h2>\n\n<div style=\"height:21px\" aria-hidden=\"true\" class=\"wp-block-spacer\"><\/div>\n\n<p>Atualmente, j\u00e1 n\u00e3o se trata de uma opera\u00e7\u00e3o de contrabando isolada:<\/p>\n\n<ul class=\"wp-block-list\">\n<li>Organiza\u00e7\u00e3o precisa das <strong>redes fronteiri\u00e7as<\/strong> (Andorra-Fran\u00e7a),<\/li>\n\n\n\n<li>Vendas atrav\u00e9s de <strong>mercearias n\u00e3o autorizadas<\/strong>, <strong>grupos de WhatsApp<\/strong> e <strong>partilha clandestina de autom\u00f3veis<\/strong>,<\/li>\n\n\n\n<li>Utiliza\u00e7\u00e3o ocasional de <strong>drones<\/strong> para localizar pontos de dep\u00f3sito no solo,<\/li>\n\n\n\n<li>Contentores escondidos sob o disfarce de transportes leg\u00edtimos: autocarros, cami\u00f5es, encomendas postais, pacotes.<\/li>\n\n\n\n<li>Sistemas sofisticados de evas\u00e3o criados por profissionais do crime organizado.<\/li>\n<\/ul>\n\n<div style=\"height:21px\" aria-hidden=\"true\" class=\"wp-block-spacer\"><\/div>\n\n<h2 class=\"wp-block-heading\">\ud83d\udee1\ufe0f Resposta do Governo: drones, scanners, san\u00e7\u00f5es<\/h2>\n\n<p>O governo criou um verdadeiro <strong>arsenal<\/strong> para travar esta hemorragia:<\/p>\n\n<ul class=\"wp-block-list\">\n<li><strong>Patrulhas conjuntas<\/strong> com a Guardia Civil,<\/li>\n\n\n\n<li><strong>3 drones<\/strong> utilizados para mapear os fluxos de tr\u00e1fego ao longo da RN20 e nas montanhas,<\/li>\n\n\n\n<li><strong>Scanners port\u00e1teis<\/strong>, mais c\u00e3es detectores (+20%),<\/li>\n\n\n\n<li><strong>Controlos postais<\/strong>, de autocarros e de comboios para bloquear o tr\u00e1fego antes de entrar em Fran\u00e7a,<\/li>\n\n\n\n<li><strong>San\u00e7\u00f5es mais severas<\/strong>: multas, encerramentos administrativos, san\u00e7\u00f5es penais mais severas.<\/li>\n<\/ul>\n\n<div style=\"height:31px\" aria-hidden=\"true\" class=\"wp-block-spacer\"><\/div>\n\n<figure class=\"wp-block-image alignright size-full is-resized\"><img decoding=\"async\" width=\"1024\" height=\"1024\" src=\"https:\/\/www.mylasertabac.com\/wp-content\/uploads\/2025\/07\/Vente-de-cigarette-de-contrebande.png\" alt=\"\" class=\"wp-image-11476\" style=\"width:321px;height:auto\" srcset=\"https:\/\/www.mylasertabac.com\/wp-content\/uploads\/2025\/07\/Vente-de-cigarette-de-contrebande.png 1024w, https:\/\/www.mylasertabac.com\/wp-content\/uploads\/2025\/07\/Vente-de-cigarette-de-contrebande-300x300.png 300w, https:\/\/www.mylasertabac.com\/wp-content\/uploads\/2025\/07\/Vente-de-cigarette-de-contrebande-150x150.png 150w, https:\/\/www.mylasertabac.com\/wp-content\/uploads\/2025\/07\/Vente-de-cigarette-de-contrebande-768x768.png 768w\" sizes=\"(max-width: 1024px) 100vw, 1024px\" \/><\/figure>\n\n<h2 class=\"wp-block-heading\">Redes que amea\u00e7am o tecido local<\/h2>\n\n<ul class=\"wp-block-list\">\n<li>Os tabaqueiros est\u00e3o a pagar um pre\u00e7o elevado por produtos sem rotulagem nem regulamenta\u00e7\u00e3o.<\/li>\n\n\n\n<li>Os clientes compram por menos, mas <strong>est\u00e3o expostos a produtos perigosos<\/strong>.<\/li>\n\n\n\n<li>A periferia das fronteiras est\u00e1 a tornar-se um terreno f\u00e9rtil para o crime organizado: <strong>contrabando, branqueamento de capitais e redes paralelas<\/strong>.<\/li>\n<\/ul>\n\n<p><\/p>\n\n<p><\/p>\n\n<p><\/p>\n\n<p><\/p>\n\n<div style=\"height:32px\" aria-hidden=\"true\" class=\"wp-block-spacer\"><\/div>\n\n<figure class=\"wp-block-table\"><table class=\"has-fixed-layout\"><tbody><tr><td>L\u00ea tamb\u00e9m: <a href=\"https:\/\/www.mylasertabac.com\/pt-pt\/formacao-sobre-a-retirada-do-acucar-torna-te-um-profissional-certificado-em-laser-anti-dependencia\/\"><mark style=\"background-color:rgba(0, 0, 0, 0)\" class=\"has-inline-color has-luminous-vivid-orange-color\">Se queres come\u00e7ar o teu pr\u00f3prio neg\u00f3cio, oferecemos forma\u00e7\u00e3o sobre a retirada do a\u00e7\u00facar.<\/mark><\/a><\/td><\/tr><\/tbody><\/table><\/figure>\n\n<div style=\"height:21px\" aria-hidden=\"true\" class=\"wp-block-spacer\"><\/div>\n\n<h2 class=\"wp-block-heading\">Que solu\u00e7\u00e3o concreta pode ser encontrada para acabar com o financiamento deste tr\u00e1fico?<\/h2>\n\n<div style=\"height:21px\" aria-hidden=\"true\" class=\"wp-block-spacer\"><\/div>\n\n<p>A resposta mais radical \u00e9<strong>deixar de fumar<\/strong>, oficialmente, com ajuda profissional. \u00c9 a\u00ed que entra o MyLaserTabac. <\/p>\n\n<p>O nosso m\u00e9todo natural baseia-se na <strong><a href=\"https:\/\/www.mylasertabac.com\/pt-pt\/\">reflexologia auricular a laser<\/a><\/strong>um protocolo indolor e sem medicamentos:<\/p>\n\n<ul class=\"wp-block-list\">\n<li>Um laser estimula os pontos reflexos ligados \u00e0 depend\u00eancia, ao stress e ao desejo,<\/li>\n\n\n\n<li>Resultados tang\u00edveis desde a <strong>primeira sess\u00e3o<\/strong>: redu\u00e7\u00e3o r\u00e1pida da depend\u00eancia,<\/li>\n\n\n\n<li>Melhora o sono, a disposi\u00e7\u00e3o e a sa\u00fade respirat\u00f3ria,<\/li>\n\n\n\n<li><strong>Taxa de sucesso de 90%<\/strong>, sem substitutos, sem efeitos secund\u00e1rios.<\/li>\n<\/ul>\n\n<div style=\"height:21px\" aria-hidden=\"true\" class=\"wp-block-spacer\"><\/div>\n\n<h2 class=\"wp-block-heading\">\u2705 A escolha certa: sa\u00fade, liberdade e apoio aos canais legais<\/h2>\n\n<div style=\"height:21px\" aria-hidden=\"true\" class=\"wp-block-spacer\"><\/div>\n\n<ul class=\"wp-block-list\">\n<li>Ao parar, reconstr\u00f3i <strong>a tua sa\u00fade<\/strong>,<\/li>\n\n\n\n<li>Est\u00e1s a p\u00f4r <strong>fim a uma compra duvidosa que alimentava redes criminosas<\/strong>,<\/li>\n\n\n\n<li>Apoias <strong>a economia francesa<\/strong>, os empregos das tabaqueiras e a regulamenta\u00e7\u00e3o p\u00fablica.<\/li>\n<\/ul>\n\n<div style=\"height:21px\" aria-hidden=\"true\" class=\"wp-block-spacer\"><\/div>\n\n<hr class=\"wp-block-separator has-alpha-channel-opacity\"\/>\n\n<h2 class=\"wp-block-heading\">Queres saber mais?<\/h2>\n\n<p>Visita <a class=\"\" href=\"https:\/\/www.mylasertabac.com\/pt-pt\/\">mylasertabac.com<\/a> para saberes mais:<\/p>\n\n<ul class=\"wp-block-list\">\n<li>Como funciona o nosso protocolo de reflexologia auricular a laser,<\/li>\n\n\n\n<li>Onde encontrar um <a href=\"https:\/\/www.mylasertabac.com\/pt-pt\/os-nossos-centros\/\">centro MyLaserTabac<\/a> perto de ti,<\/li>\n\n\n\n<li>Testemunhos de pessoas que optaram por assumir o controlo das suas vidas.<\/li>\n<\/ul>\n\n<p>Porque cada pacote com taxa zero \u00e9 um problema para o futuro. E <strong>tu podes fazer a diferen\u00e7a<\/strong>, simplesmente escolhendo um caminho diferente. <\/p>\n\n<div style=\"height:39px\" aria-hidden=\"true\" class=\"wp-block-spacer\"><\/div>\n\n<figure class=\"wp-block-image size-large\"><img decoding=\"async\" src=\"https:\/\/www.mylasertabac.com\/wp-content\/uploads\/\/mlt-verteau.svg\" alt=\"\" class=\"wp-image-13\"\/><\/figure>\n\n<p><\/p>\n","protected":false},"excerpt":{"rendered":"<p>O tema \u00e9 intrigante, chocante e alarmante: todos os anos, milh\u00f5es de cigarros s\u00e3o contrabandeados entre Andorra e Fran\u00e7a. E o resultado? Em 2024, as vendas oficiais baixaram 6 a 8%, apesar do consumo constante. Explica\u00e7\u00e3o: n\u00e3o \u00e9 a preven\u00e7\u00e3o que est\u00e1 a ganhar terreno, mas sim o contrabando que est\u00e1 a florescer, sobretudo para [&hellip;]<\/p>\n","protected":false},"author":2,"featured_media":11458,"comment_status":"closed","ping_status":"open","sticky":false,"template":"","format":"standard","meta":{"inline_featured_image":false,"footnotes":""},"categories":[579],"tags":[],"class_list":["post-12005","post","type-post","status-publish","format-standard","has-post-thumbnail","hentry","category-lei"],"yoast_head":"<!-- This site is optimized with the Yoast SEO plugin v27.5 - https:\/\/yoast.com\/product\/yoast-seo-wordpress\/ -->\n<title>\ud83d\udea8 Tr\u00e1fico de cigarros sem impostos: Andorra, o novo campo de batalha entre o com\u00e9rcio ilegal e a sa\u00fade p\u00fablica - My Laser Tabac<\/title>\n<meta name=\"description\" content=\"V\u00ea os bastidores do contrabando de cigarros entre Fran\u00e7a e Andorra, uma rede ilegal com m\u00e9todos formid\u00e1veis\" \/>\n<meta name=\"robots\" content=\"index, follow, max-snippet:-1, max-image-preview:large, max-video-preview:-1\" \/>\n<link rel=\"canonical\" href=\"https:\/\/www.mylasertabac.com\/pt-pt\/%f0%9f%9a%a8-trafico-de-cigarros-sem-impostos-andorra-o-novo-campo-de-batalha-entre-o-comercio-ilegal-e-a-saude-publica\/\" \/>\n<meta property=\"og:locale\" content=\"pt_PT\" \/>\n<meta property=\"og:type\" content=\"article\" \/>\n<meta property=\"og:title\" content=\"\ud83d\udea8 Tr\u00e1fico de cigarros sem impostos: Andorra, o novo campo de batalha entre o com\u00e9rcio ilegal e a sa\u00fade p\u00fablica - My Laser Tabac\" \/>\n<meta property=\"og:description\" content=\"V\u00ea os bastidores do contrabando de cigarros entre Fran\u00e7a e Andorra, uma rede ilegal com m\u00e9todos formid\u00e1veis\" \/>\n<meta property=\"og:url\" content=\"https:\/\/www.mylasertabac.com\/pt-pt\/%f0%9f%9a%a8-trafico-de-cigarros-sem-impostos-andorra-o-novo-campo-de-batalha-entre-o-comercio-ilegal-e-a-saude-publica\/\" \/>\n<meta property=\"og:site_name\" content=\"My Laser Tabac\" \/>\n<meta property=\"article:author\" content=\"https:\/\/www.facebook.com\/profile.php?id=61571554707319\" \/>\n<meta property=\"article:published_time\" content=\"2025-07-24T14:27:08+00:00\" \/>\n<meta property=\"article:modified_time\" content=\"2025-07-24T14:36:48+00:00\" \/>\n<meta property=\"og:image\" content=\"https:\/\/www.mylasertabac.com\/wp-content\/uploads\/2025\/07\/trafic-de-cigarette-entre-landorre-et-la-France-1024x683.png\" \/>\n\t<meta property=\"og:image:width\" content=\"1024\" \/>\n\t<meta property=\"og:image:height\" content=\"683\" \/>\n\t<meta property=\"og:image:type\" content=\"image\/png\" \/>\n<meta name=\"author\" content=\"Florian Fortes\" \/>\n<meta name=\"twitter:card\" content=\"summary_large_image\" \/>\n<meta name=\"twitter:label1\" content=\"Escrito por\" \/>\n\t<meta name=\"twitter:data1\" content=\"Florian Fortes\" \/>\n\t<meta name=\"twitter:label2\" content=\"Tempo estimado de leitura\" \/>\n\t<meta name=\"twitter:data2\" content=\"4 minutos\" \/>\n<script type=\"application\/ld+json\" class=\"yoast-schema-graph\">{\"@context\":\"https:\\\/\\\/schema.org\",\"@graph\":[{\"@type\":\"Article\",\"@id\":\"https:\\\/\\\/www.mylasertabac.com\\\/pt-pt\\\/%f0%9f%9a%a8-trafico-de-cigarros-sem-impostos-andorra-o-novo-campo-de-batalha-entre-o-comercio-ilegal-e-a-saude-publica\\\/#article\",\"isPartOf\":{\"@id\":\"https:\\\/\\\/www.mylasertabac.com\\\/pt-pt\\\/%f0%9f%9a%a8-trafico-de-cigarros-sem-impostos-andorra-o-novo-campo-de-batalha-entre-o-comercio-ilegal-e-a-saude-publica\\\/\"},\"author\":{\"name\":\"Florian Fortes\",\"@id\":\"https:\\\/\\\/www.mylasertabac.com\\\/pt-pt\\\/#\\\/schema\\\/person\\\/02c249cb76d912efb6c315ec23eccdf3\"},\"headline\":\"\ud83d\udea8 Tr\u00e1fico de cigarros sem impostos: Andorra, o novo campo de batalha entre o com\u00e9rcio ilegal e a sa\u00fade p\u00fablica\",\"datePublished\":\"2025-07-24T14:27:08+00:00\",\"dateModified\":\"2025-07-24T14:36:48+00:00\",\"mainEntityOfPage\":{\"@id\":\"https:\\\/\\\/www.mylasertabac.com\\\/pt-pt\\\/%f0%9f%9a%a8-trafico-de-cigarros-sem-impostos-andorra-o-novo-campo-de-batalha-entre-o-comercio-ilegal-e-a-saude-publica\\\/\"},\"wordCount\":883,\"publisher\":{\"@id\":\"https:\\\/\\\/www.mylasertabac.com\\\/pt-pt\\\/#organization\"},\"image\":{\"@id\":\"https:\\\/\\\/www.mylasertabac.com\\\/pt-pt\\\/%f0%9f%9a%a8-trafico-de-cigarros-sem-impostos-andorra-o-novo-campo-de-batalha-entre-o-comercio-ilegal-e-a-saude-publica\\\/#primaryimage\"},\"thumbnailUrl\":\"https:\\\/\\\/www.mylasertabac.com\\\/wp-content\\\/uploads\\\/2025\\\/07\\\/trafic-de-cigarette-entre-landorre-et-la-France.png\",\"articleSection\":[\"lei\"],\"inLanguage\":\"pt-PT\"},{\"@type\":\"WebPage\",\"@id\":\"https:\\\/\\\/www.mylasertabac.com\\\/pt-pt\\\/%f0%9f%9a%a8-trafico-de-cigarros-sem-impostos-andorra-o-novo-campo-de-batalha-entre-o-comercio-ilegal-e-a-saude-publica\\\/\",\"url\":\"https:\\\/\\\/www.mylasertabac.com\\\/pt-pt\\\/%f0%9f%9a%a8-trafico-de-cigarros-sem-impostos-andorra-o-novo-campo-de-batalha-entre-o-comercio-ilegal-e-a-saude-publica\\\/\",\"name\":\"\ud83d\udea8 Tr\u00e1fico de cigarros sem impostos: Andorra, o novo campo de batalha entre o com\u00e9rcio ilegal e a sa\u00fade p\u00fablica - My Laser Tabac\",\"isPartOf\":{\"@id\":\"https:\\\/\\\/www.mylasertabac.com\\\/pt-pt\\\/#website\"},\"primaryImageOfPage\":{\"@id\":\"https:\\\/\\\/www.mylasertabac.com\\\/pt-pt\\\/%f0%9f%9a%a8-trafico-de-cigarros-sem-impostos-andorra-o-novo-campo-de-batalha-entre-o-comercio-ilegal-e-a-saude-publica\\\/#primaryimage\"},\"image\":{\"@id\":\"https:\\\/\\\/www.mylasertabac.com\\\/pt-pt\\\/%f0%9f%9a%a8-trafico-de-cigarros-sem-impostos-andorra-o-novo-campo-de-batalha-entre-o-comercio-ilegal-e-a-saude-publica\\\/#primaryimage\"},\"thumbnailUrl\":\"https:\\\/\\\/www.mylasertabac.com\\\/wp-content\\\/uploads\\\/2025\\\/07\\\/trafic-de-cigarette-entre-landorre-et-la-France.png\",\"datePublished\":\"2025-07-24T14:27:08+00:00\",\"dateModified\":\"2025-07-24T14:36:48+00:00\",\"description\":\"V\u00ea os bastidores do contrabando de cigarros entre Fran\u00e7a e Andorra, uma rede ilegal com m\u00e9todos formid\u00e1veis\",\"breadcrumb\":{\"@id\":\"https:\\\/\\\/www.mylasertabac.com\\\/pt-pt\\\/%f0%9f%9a%a8-trafico-de-cigarros-sem-impostos-andorra-o-novo-campo-de-batalha-entre-o-comercio-ilegal-e-a-saude-publica\\\/#breadcrumb\"},\"inLanguage\":\"pt-PT\",\"potentialAction\":[{\"@type\":\"ReadAction\",\"target\":[\"https:\\\/\\\/www.mylasertabac.com\\\/pt-pt\\\/%f0%9f%9a%a8-trafico-de-cigarros-sem-impostos-andorra-o-novo-campo-de-batalha-entre-o-comercio-ilegal-e-a-saude-publica\\\/\"]}]},{\"@type\":\"ImageObject\",\"inLanguage\":\"pt-PT\",\"@id\":\"https:\\\/\\\/www.mylasertabac.com\\\/pt-pt\\\/%f0%9f%9a%a8-trafico-de-cigarros-sem-impostos-andorra-o-novo-campo-de-batalha-entre-o-comercio-ilegal-e-a-saude-publica\\\/#primaryimage\",\"url\":\"https:\\\/\\\/www.mylasertabac.com\\\/wp-content\\\/uploads\\\/2025\\\/07\\\/trafic-de-cigarette-entre-landorre-et-la-France.png\",\"contentUrl\":\"https:\\\/\\\/www.mylasertabac.com\\\/wp-content\\\/uploads\\\/2025\\\/07\\\/trafic-de-cigarette-entre-landorre-et-la-France.png\",\"width\":1536,\"height\":1024},{\"@type\":\"BreadcrumbList\",\"@id\":\"https:\\\/\\\/www.mylasertabac.com\\\/pt-pt\\\/%f0%9f%9a%a8-trafico-de-cigarros-sem-impostos-andorra-o-novo-campo-de-batalha-entre-o-comercio-ilegal-e-a-saude-publica\\\/#breadcrumb\",\"itemListElement\":[{\"@type\":\"ListItem\",\"position\":1,\"name\":\"Accueil\",\"item\":\"https:\\\/\\\/www.mylasertabac.com\\\/pt-pt\\\/casa\\\/\"},{\"@type\":\"ListItem\",\"position\":2,\"name\":\"\ud83d\udea8 Tr\u00e1fico de cigarros sem impostos: Andorra, o novo campo de batalha entre o com\u00e9rcio ilegal e a sa\u00fade p\u00fablica\"}]},{\"@type\":\"WebSite\",\"@id\":\"https:\\\/\\\/www.mylasertabac.com\\\/pt-pt\\\/#website\",\"url\":\"https:\\\/\\\/www.mylasertabac.com\\\/pt-pt\\\/\",\"name\":\"My Laser Tabac\",\"description\":\"La solution laser qui transforme les fumeurs en ex-fumeurs\",\"publisher\":{\"@id\":\"https:\\\/\\\/www.mylasertabac.com\\\/pt-pt\\\/#organization\"},\"potentialAction\":[{\"@type\":\"SearchAction\",\"target\":{\"@type\":\"EntryPoint\",\"urlTemplate\":\"https:\\\/\\\/www.mylasertabac.com\\\/pt-pt\\\/?s={search_term_string}\"},\"query-input\":{\"@type\":\"PropertyValueSpecification\",\"valueRequired\":true,\"valueName\":\"search_term_string\"}}],\"inLanguage\":\"pt-PT\"},{\"@type\":\"Organization\",\"@id\":\"https:\\\/\\\/www.mylasertabac.com\\\/pt-pt\\\/#organization\",\"name\":\"My Laser Tabac\",\"url\":\"https:\\\/\\\/www.mylasertabac.com\\\/pt-pt\\\/\",\"logo\":{\"@type\":\"ImageObject\",\"inLanguage\":\"pt-PT\",\"@id\":\"https:\\\/\\\/www.mylasertabac.com\\\/pt-pt\\\/#\\\/schema\\\/logo\\\/image\\\/\",\"url\":\"https:\\\/\\\/www.mylasertabac.com\\\/wp-content\\\/uploads\\\/2024\\\/12\\\/mlt-verteau.svg\",\"contentUrl\":\"https:\\\/\\\/www.mylasertabac.com\\\/wp-content\\\/uploads\\\/2024\\\/12\\\/mlt-verteau.svg\",\"caption\":\"My Laser Tabac\"},\"image\":{\"@id\":\"https:\\\/\\\/www.mylasertabac.com\\\/pt-pt\\\/#\\\/schema\\\/logo\\\/image\\\/\"}},{\"@type\":\"Person\",\"@id\":\"https:\\\/\\\/www.mylasertabac.com\\\/pt-pt\\\/#\\\/schema\\\/person\\\/02c249cb76d912efb6c315ec23eccdf3\",\"name\":\"Florian Fortes\",\"image\":{\"@type\":\"ImageObject\",\"inLanguage\":\"pt-PT\",\"@id\":\"https:\\\/\\\/www.mylasertabac.com\\\/wp-content\\\/litespeed\\\/avatar\\\/142101a71d7b9e6490c1120d9c109a67.jpg?ver=1777461116\",\"url\":\"https:\\\/\\\/www.mylasertabac.com\\\/wp-content\\\/litespeed\\\/avatar\\\/142101a71d7b9e6490c1120d9c109a67.jpg?ver=1777461116\",\"contentUrl\":\"https:\\\/\\\/www.mylasertabac.com\\\/wp-content\\\/litespeed\\\/avatar\\\/142101a71d7b9e6490c1120d9c109a67.jpg?ver=1777461116\",\"caption\":\"Florian Fortes\"},\"sameAs\":[\"https:\\\/\\\/www.mylasertabac.com\",\"https:\\\/\\\/www.facebook.com\\\/profile.php?id=61571554707319\"],\"url\":\"https:\\\/\\\/www.mylasertabac.com\\\/pt-pt\\\/author\\\/florianfortes5312\\\/\"}]}<\/script>\n<!-- \/ Yoast SEO plugin. -->","yoast_head_json":{"title":"\ud83d\udea8 Tr\u00e1fico de cigarros sem impostos: Andorra, o novo campo de batalha entre o com\u00e9rcio ilegal e a sa\u00fade p\u00fablica - My Laser Tabac","description":"V\u00ea os bastidores do contrabando de cigarros entre Fran\u00e7a e Andorra, uma rede ilegal com m\u00e9todos formid\u00e1veis","robots":{"index":"index","follow":"follow","max-snippet":"max-snippet:-1","max-image-preview":"max-image-preview:large","max-video-preview":"max-video-preview:-1"},"canonical":"https:\/\/www.mylasertabac.com\/pt-pt\/%f0%9f%9a%a8-trafico-de-cigarros-sem-impostos-andorra-o-novo-campo-de-batalha-entre-o-comercio-ilegal-e-a-saude-publica\/","og_locale":"pt_PT","og_type":"article","og_title":"\ud83d\udea8 Tr\u00e1fico de cigarros sem impostos: Andorra, o novo campo de batalha entre o com\u00e9rcio ilegal e a sa\u00fade p\u00fablica - My Laser Tabac","og_description":"V\u00ea os bastidores do contrabando de cigarros entre Fran\u00e7a e Andorra, uma rede ilegal com m\u00e9todos formid\u00e1veis","og_url":"https:\/\/www.mylasertabac.com\/pt-pt\/%f0%9f%9a%a8-trafico-de-cigarros-sem-impostos-andorra-o-novo-campo-de-batalha-entre-o-comercio-ilegal-e-a-saude-publica\/","og_site_name":"My Laser Tabac","article_author":"https:\/\/www.facebook.com\/profile.php?id=61571554707319","article_published_time":"2025-07-24T14:27:08+00:00","article_modified_time":"2025-07-24T14:36:48+00:00","og_image":[{"width":1024,"height":683,"url":"https:\/\/www.mylasertabac.com\/wp-content\/uploads\/2025\/07\/trafic-de-cigarette-entre-landorre-et-la-France-1024x683.png","type":"image\/png"}],"author":"Florian Fortes","twitter_card":"summary_large_image","twitter_misc":{"Escrito por":"Florian Fortes","Tempo estimado de leitura":"4 minutos"},"schema":{"@context":"https:\/\/schema.org","@graph":[{"@type":"Article","@id":"https:\/\/www.mylasertabac.com\/pt-pt\/%f0%9f%9a%a8-trafico-de-cigarros-sem-impostos-andorra-o-novo-campo-de-batalha-entre-o-comercio-ilegal-e-a-saude-publica\/#article","isPartOf":{"@id":"https:\/\/www.mylasertabac.com\/pt-pt\/%f0%9f%9a%a8-trafico-de-cigarros-sem-impostos-andorra-o-novo-campo-de-batalha-entre-o-comercio-ilegal-e-a-saude-publica\/"},"author":{"name":"Florian Fortes","@id":"https:\/\/www.mylasertabac.com\/pt-pt\/#\/schema\/person\/02c249cb76d912efb6c315ec23eccdf3"},"headline":"\ud83d\udea8 Tr\u00e1fico de cigarros sem impostos: Andorra, o novo campo de batalha entre o com\u00e9rcio ilegal e a sa\u00fade p\u00fablica","datePublished":"2025-07-24T14:27:08+00:00","dateModified":"2025-07-24T14:36:48+00:00","mainEntityOfPage":{"@id":"https:\/\/www.mylasertabac.com\/pt-pt\/%f0%9f%9a%a8-trafico-de-cigarros-sem-impostos-andorra-o-novo-campo-de-batalha-entre-o-comercio-ilegal-e-a-saude-publica\/"},"wordCount":883,"publisher":{"@id":"https:\/\/www.mylasertabac.com\/pt-pt\/#organization"},"image":{"@id":"https:\/\/www.mylasertabac.com\/pt-pt\/%f0%9f%9a%a8-trafico-de-cigarros-sem-impostos-andorra-o-novo-campo-de-batalha-entre-o-comercio-ilegal-e-a-saude-publica\/#primaryimage"},"thumbnailUrl":"https:\/\/www.mylasertabac.com\/wp-content\/uploads\/2025\/07\/trafic-de-cigarette-entre-landorre-et-la-France.png","articleSection":["lei"],"inLanguage":"pt-PT"},{"@type":"WebPage","@id":"https:\/\/www.mylasertabac.com\/pt-pt\/%f0%9f%9a%a8-trafico-de-cigarros-sem-impostos-andorra-o-novo-campo-de-batalha-entre-o-comercio-ilegal-e-a-saude-publica\/","url":"https:\/\/www.mylasertabac.com\/pt-pt\/%f0%9f%9a%a8-trafico-de-cigarros-sem-impostos-andorra-o-novo-campo-de-batalha-entre-o-comercio-ilegal-e-a-saude-publica\/","name":"\ud83d\udea8 Tr\u00e1fico de cigarros sem impostos: Andorra, o novo campo de batalha entre o com\u00e9rcio ilegal e a sa\u00fade p\u00fablica - My Laser Tabac","isPartOf":{"@id":"https:\/\/www.mylasertabac.com\/pt-pt\/#website"},"primaryImageOfPage":{"@id":"https:\/\/www.mylasertabac.com\/pt-pt\/%f0%9f%9a%a8-trafico-de-cigarros-sem-impostos-andorra-o-novo-campo-de-batalha-entre-o-comercio-ilegal-e-a-saude-publica\/#primaryimage"},"image":{"@id":"https:\/\/www.mylasertabac.com\/pt-pt\/%f0%9f%9a%a8-trafico-de-cigarros-sem-impostos-andorra-o-novo-campo-de-batalha-entre-o-comercio-ilegal-e-a-saude-publica\/#primaryimage"},"thumbnailUrl":"https:\/\/www.mylasertabac.com\/wp-content\/uploads\/2025\/07\/trafic-de-cigarette-entre-landorre-et-la-France.png","datePublished":"2025-07-24T14:27:08+00:00","dateModified":"2025-07-24T14:36:48+00:00","description":"V\u00ea os bastidores do contrabando de cigarros entre Fran\u00e7a e Andorra, uma rede ilegal com m\u00e9todos formid\u00e1veis","breadcrumb":{"@id":"https:\/\/www.mylasertabac.com\/pt-pt\/%f0%9f%9a%a8-trafico-de-cigarros-sem-impostos-andorra-o-novo-campo-de-batalha-entre-o-comercio-ilegal-e-a-saude-publica\/#breadcrumb"},"inLanguage":"pt-PT","potentialAction":[{"@type":"ReadAction","target":["https:\/\/www.mylasertabac.com\/pt-pt\/%f0%9f%9a%a8-trafico-de-cigarros-sem-impostos-andorra-o-novo-campo-de-batalha-entre-o-comercio-ilegal-e-a-saude-publica\/"]}]},{"@type":"ImageObject","inLanguage":"pt-PT","@id":"https:\/\/www.mylasertabac.com\/pt-pt\/%f0%9f%9a%a8-trafico-de-cigarros-sem-impostos-andorra-o-novo-campo-de-batalha-entre-o-comercio-ilegal-e-a-saude-publica\/#primaryimage","url":"https:\/\/www.mylasertabac.com\/wp-content\/uploads\/2025\/07\/trafic-de-cigarette-entre-landorre-et-la-France.png","contentUrl":"https:\/\/www.mylasertabac.com\/wp-content\/uploads\/2025\/07\/trafic-de-cigarette-entre-landorre-et-la-France.png","width":1536,"height":1024},{"@type":"BreadcrumbList","@id":"https:\/\/www.mylasertabac.com\/pt-pt\/%f0%9f%9a%a8-trafico-de-cigarros-sem-impostos-andorra-o-novo-campo-de-batalha-entre-o-comercio-ilegal-e-a-saude-publica\/#breadcrumb","itemListElement":[{"@type":"ListItem","position":1,"name":"Accueil","item":"https:\/\/www.mylasertabac.com\/pt-pt\/casa\/"},{"@type":"ListItem","position":2,"name":"\ud83d\udea8 Tr\u00e1fico de cigarros sem impostos: Andorra, o novo campo de batalha entre o com\u00e9rcio ilegal e a sa\u00fade p\u00fablica"}]},{"@type":"WebSite","@id":"https:\/\/www.mylasertabac.com\/pt-pt\/#website","url":"https:\/\/www.mylasertabac.com\/pt-pt\/","name":"My Laser Tabac","description":"La solution laser qui transforme les fumeurs en ex-fumeurs","publisher":{"@id":"https:\/\/www.mylasertabac.com\/pt-pt\/#organization"},"potentialAction":[{"@type":"SearchAction","target":{"@type":"EntryPoint","urlTemplate":"https:\/\/www.mylasertabac.com\/pt-pt\/?s={search_term_string}"},"query-input":{"@type":"PropertyValueSpecification","valueRequired":true,"valueName":"search_term_string"}}],"inLanguage":"pt-PT"},{"@type":"Organization","@id":"https:\/\/www.mylasertabac.com\/pt-pt\/#organization","name":"My Laser Tabac","url":"https:\/\/www.mylasertabac.com\/pt-pt\/","logo":{"@type":"ImageObject","inLanguage":"pt-PT","@id":"https:\/\/www.mylasertabac.com\/pt-pt\/#\/schema\/logo\/image\/","url":"https:\/\/www.mylasertabac.com\/wp-content\/uploads\/2024\/12\/mlt-verteau.svg","contentUrl":"https:\/\/www.mylasertabac.com\/wp-content\/uploads\/2024\/12\/mlt-verteau.svg","caption":"My Laser Tabac"},"image":{"@id":"https:\/\/www.mylasertabac.com\/pt-pt\/#\/schema\/logo\/image\/"}},{"@type":"Person","@id":"https:\/\/www.mylasertabac.com\/pt-pt\/#\/schema\/person\/02c249cb76d912efb6c315ec23eccdf3","name":"Florian Fortes","image":{"@type":"ImageObject","inLanguage":"pt-PT","@id":"https:\/\/www.mylasertabac.com\/wp-content\/litespeed\/avatar\/142101a71d7b9e6490c1120d9c109a67.jpg?ver=1777461116","url":"https:\/\/www.mylasertabac.com\/wp-content\/litespeed\/avatar\/142101a71d7b9e6490c1120d9c109a67.jpg?ver=1777461116","contentUrl":"https:\/\/www.mylasertabac.com\/wp-content\/litespeed\/avatar\/142101a71d7b9e6490c1120d9c109a67.jpg?ver=1777461116","caption":"Florian Fortes"},"sameAs":["https:\/\/www.mylasertabac.com","https:\/\/www.facebook.com\/profile.php?id=61571554707319"],"url":"https:\/\/www.mylasertabac.com\/pt-pt\/author\/florianfortes5312\/"}]}},"_links":{"self":[{"href":"https:\/\/www.mylasertabac.com\/pt-pt\/wp-json\/wp\/v2\/posts\/12005","targetHints":{"allow":["GET"]}}],"collection":[{"href":"https:\/\/www.mylasertabac.com\/pt-pt\/wp-json\/wp\/v2\/posts"}],"about":[{"href":"https:\/\/www.mylasertabac.com\/pt-pt\/wp-json\/wp\/v2\/types\/post"}],"author":[{"embeddable":true,"href":"https:\/\/www.mylasertabac.com\/pt-pt\/wp-json\/wp\/v2\/users\/2"}],"replies":[{"embeddable":true,"href":"https:\/\/www.mylasertabac.com\/pt-pt\/wp-json\/wp\/v2\/comments?post=12005"}],"version-history":[{"count":1,"href":"https:\/\/www.mylasertabac.com\/pt-pt\/wp-json\/wp\/v2\/posts\/12005\/revisions"}],"predecessor-version":[{"id":12008,"href":"https:\/\/www.mylasertabac.com\/pt-pt\/wp-json\/wp\/v2\/posts\/12005\/revisions\/12008"}],"wp:featuredmedia":[{"embeddable":true,"href":"https:\/\/www.mylasertabac.com\/pt-pt\/wp-json\/wp\/v2\/media\/11458"}],"wp:attachment":[{"href":"https:\/\/www.mylasertabac.com\/pt-pt\/wp-json\/wp\/v2\/media?parent=12005"}],"wp:term":[{"taxonomy":"category","embeddable":true,"href":"https:\/\/www.mylasertabac.com\/pt-pt\/wp-json\/wp\/v2\/categories?post=12005"},{"taxonomy":"post_tag","embeddable":true,"href":"https:\/\/www.mylasertabac.com\/pt-pt\/wp-json\/wp\/v2\/tags?post=12005"}],"curies":[{"name":"wp","href":"https:\/\/api.w.org\/{rel}","templated":true}]}}