{"id":12164,"date":"2025-07-28T20:14:00","date_gmt":"2025-07-28T18:14:00","guid":{"rendered":"https:\/\/www.mylasertabac.com\/cbd-o-que-precisas-realmente-de-saber-antes-de-o-usares-com-a-consciencia-tranquila\/"},"modified":"2025-07-29T09:25:18","modified_gmt":"2025-07-29T07:25:18","slug":"cbd-o-que-precisas-realmente-de-saber-antes-de-o-usares-com-a-consciencia-tranquila","status":"publish","type":"post","link":"https:\/\/www.mylasertabac.com\/pt-pt\/cbd-o-que-precisas-realmente-de-saber-antes-de-o-usares-com-a-consciencia-tranquila\/","title":{"rendered":"CBD: O que precisas realmente de saber antes de o usares com a consci\u00eancia tranquila"},"content":{"rendered":"\n<div style=\"height:18px\" aria-hidden=\"true\" class=\"wp-block-spacer\"><\/div>\n\n<p>O CBD, ou canabidiol, est\u00e1 na boca de toda a gente hoje em dia. Gotas debaixo da l\u00edngua, ch\u00e1s de ervas calmantes, cosm\u00e9ticos relaxantes, c\u00e1psulas para te ajudar a dormir melhor&#8230; esta mol\u00e9cula n\u00e3o psicotr\u00f3pica derivada do c\u00e2nhamo est\u00e1 a causar tanto entusiasmo como a levantar quest\u00f5es. E com raz\u00e3o.  <\/p>\n\n<p>Num mundo onde o stress, os dist\u00farbios do sono e as dores cr\u00f3nicas afectam um n\u00famero crescente de adultos, o CBD \u00e9 muitas vezes apresentado como uma solu\u00e7\u00e3o milagrosa. Mas antes de se tornar um reflexo de bem-estar, \u00e9 essencial compreender os seus efeitos reais, as suas utiliza\u00e7\u00f5es respons\u00e1veis e os erros a n\u00e3o cometer. <\/p>\n\n<div style=\"height:18px\" aria-hidden=\"true\" class=\"wp-block-spacer\"><\/div>\n\n<hr class=\"wp-block-separator has-alpha-channel-opacity\"\/>\n\n<h3 class=\"wp-block-heading\">Compreender o CBD e as suas diferen\u00e7as em rela\u00e7\u00e3o ao THC<\/h3>\n\n<div style=\"height:18px\" aria-hidden=\"true\" class=\"wp-block-spacer\"><\/div>\n\n<p>Tal como o THC, o CBD \u00e9 um canabin\u00f3ide derivado do c\u00e2nhamo industrial. Ao contr\u00e1rio do THC, o CBD <strong>n\u00e3o<\/strong> tem <strong>efeitos psicotr\u00f3picos<\/strong>. N\u00e3o altera nem a perce\u00e7\u00e3o nem o comportamento, o que o torna <strong>legal<\/strong> em Fran\u00e7a, desde que o seu teor de THC seja inferior a 0,3%.  <\/p>\n\n<p>Os efeitos do CBD s\u00e3o principalmente <strong>relaxantes<\/strong>, anti-inflamat\u00f3rios e ansiol\u00edticos. Interage com o sistema endocanabin\u00f3ide do nosso corpo para ajudar a regular certas fun\u00e7\u00f5es essenciais: humor, sono, apetite e dor. <\/p>\n\n<div style=\"height:18px\" aria-hidden=\"true\" class=\"wp-block-spacer\"><\/div>\n\n<hr class=\"wp-block-separator has-alpha-channel-opacity\"\/>\n\n<h3 class=\"wp-block-heading\">Quais s\u00e3o os poss\u00edveis efeitos e benef\u00edcios?<\/h3>\n\n<p>Embora os estudos cient\u00edficos ainda estejam em curso, o CBD tem sido associado a uma s\u00e9rie de efeitos positivos:<\/p>\n\n<ul class=\"wp-block-list\">\n<li><strong>Reduz o stress e a ansiedade<\/strong>,<\/li>\n\n\n\n<li>Melhora <strong>a qualidade do sono<\/strong> (menos despertares noturnos),<\/li>\n\n\n\n<li>Uma ajuda natural contra certas dores cr\u00f3nicas ou articulares,<\/li>\n\n\n\n<li>Apoia as inflama\u00e7\u00f5es repetidas,<\/li>\n\n\n\n<li>Apoio durante os per\u00edodos de <strong>cessa\u00e7\u00e3o do tabagismo ou de depend\u00eancia<\/strong>.<\/li>\n<\/ul>\n\n<p>Mas aten\u00e7\u00e3o: estes efeitos variam de um indiv\u00edduo para outro, dependendo do seu perfil, da regularidade da utiliza\u00e7\u00e3o, da qualidade do produto e da dosagem.<\/p>\n\n<div style=\"height:18px\" aria-hidden=\"true\" class=\"wp-block-spacer\"><\/div>\n\n<hr class=\"wp-block-separator has-alpha-channel-opacity\"\/>\n\n<h3 class=\"wp-block-heading\">Em que formas se apresenta o CBD?<\/h3>\n\n<div style=\"height:28px\" aria-hidden=\"true\" class=\"wp-block-spacer\"><\/div>\n\n<figure class=\"wp-block-image alignleft size-large is-resized\"><img fetchpriority=\"high\" decoding=\"async\" width=\"1024\" height=\"683\" src=\"https:\/\/www.mylasertabac.com\/wp-content\/uploads\/2025\/07\/Tasse-de-the-CBD-sur-bois-1024x683.png\" alt=\"\" class=\"wp-image-12176\" style=\"width:341px;height:auto\" srcset=\"https:\/\/www.mylasertabac.com\/wp-content\/uploads\/2025\/07\/Tasse-de-the-CBD-sur-bois-1024x683.png 1024w, https:\/\/www.mylasertabac.com\/wp-content\/uploads\/2025\/07\/Tasse-de-the-CBD-sur-bois-300x200.png 300w, https:\/\/www.mylasertabac.com\/wp-content\/uploads\/2025\/07\/Tasse-de-the-CBD-sur-bois-768x512.png 768w, https:\/\/www.mylasertabac.com\/wp-content\/uploads\/2025\/07\/Tasse-de-the-CBD-sur-bois.png 1536w\" sizes=\"(max-width: 1024px) 100vw, 1024px\" \/><\/figure>\n\n<p>Atualmente, o CBD apresenta-se sob v\u00e1rias formas. Cada uma tem as suas pr\u00f3prias vantagens e carater\u00edsticas espec\u00edficas: <\/p>\n\n<ul class=\"wp-block-list\">\n<li><strong>\u00d3leos sublinguais<\/strong>: algumas gotas debaixo da l\u00edngua para um efeito r\u00e1pido.<\/li>\n\n\n\n<li><strong>Infus\u00f5es<\/strong>: um formato suave, ideal para a noite.<\/li>\n\n\n\n<li><strong>C\u00e1psulas<\/strong> ou suplementos alimentares: para uma dosagem precisa.<\/li>\n\n\n\n<li><strong>E-l\u00edquidos<\/strong> para cigarros electr\u00f3nicos: para vapers.<\/li>\n\n\n\n<li><strong>Cremes e b\u00e1lsamos<\/strong>: para dores musculares ou articulares localizadas.<\/li>\n<\/ul>\n\n<div style=\"height:27px\" aria-hidden=\"true\" class=\"wp-block-spacer\"><\/div>\n\n<h3 class=\"wp-block-heading\">Como \u00e9 que o CBD pode ser consumido de forma respons\u00e1vel?<\/h3>\n\n<div style=\"height:18px\" aria-hidden=\"true\" class=\"wp-block-spacer\"><\/div>\n\n<p>Uma utiliza\u00e7\u00e3o sensata come\u00e7a com a <strong>escolha de produtos de qualidade<\/strong>. Privilegia sempre as marcas que fornecem <strong>an\u00e1lises laboratoriais (COA)<\/strong> que certificam a concentra\u00e7\u00e3o exacta de CBD e a aus\u00eancia de contaminantes. <\/p>\n\n<p>Come\u00e7a com doses baixas (entre 10 e 20 mg\/dia) para ver como reage o teu organismo. Ajusta gradualmente, de acordo com as tuas necessidades. Em caso de d\u00favida ou se estiveres a fazer um tratamento m\u00e9dico, recomenda-se vivamente que consultes um profissional de sa\u00fade.  <\/p>\n\n<div style=\"height:18px\" aria-hidden=\"true\" class=\"wp-block-spacer\"><\/div>\n\n<hr class=\"wp-block-separator has-alpha-channel-opacity\"\/>\n\n<h3 class=\"wp-block-heading\">CBD para apoiar a abstin\u00eancia: uma abordagem interessante<\/h3>\n\n<div style=\"height:18px\" aria-hidden=\"true\" class=\"wp-block-spacer\"><\/div>\n\n<p>Muitos ex-fumadores e ex-vaporizadores testemunham o efeito calmante do CBD durante a <strong>cessa\u00e7\u00e3o tab\u00e1gica<\/strong>. Diz-se que reduz<strong>a ansiedade<\/strong>, melhora o sono, reduz <strong>os desejos compulsivos<\/strong> e alivia o stress. Embora n\u00e3o seja um substituto para o apoio, pode ser uma ajuda \u00fatil e natural.  <\/p>\n\n<p>Mas existe agora uma <strong>solu\u00e7\u00e3o ainda mais direcionada e eficaz<\/strong>: <strong>o desmame a laser<\/strong>.<\/p>\n\n<div style=\"height:19px\" aria-hidden=\"true\" class=\"wp-block-spacer\"><\/div>\n\n<p class=\"has-cyan-bluish-gray-background-color has-background\">Tamb\u00e9m vale a pena leres:<mark style=\"background-color:rgba(0, 0, 0, 0)\" class=\"has-inline-color has-luminous-vivid-orange-color\"> <\/mark><a href=\"https:\/\/www.mylasertabac.com\/infos\/formation-laser-anti-tabac-et-addictions\/https:\/\/www.mylasertabac.com\/infos\/formation-laser-anti-tabac-et-addictions\/\"><mark style=\"background-color:rgba(0, 0, 0, 0)\" class=\"has-inline-color has-luminous-vivid-orange-color\">Tudo o que precisas de saber sobre o curso de desmame a laser anti-tabagismo e depend\u00eancia.<\/mark><\/a><\/p>\n\n<div style=\"height:18px\" aria-hidden=\"true\" class=\"wp-block-spacer\"><\/div>\n\n<hr class=\"wp-block-separator has-alpha-channel-opacity\"\/>\n\n<figure class=\"wp-block-image alignright size-large is-resized\"><img decoding=\"async\" src=\"https:\/\/www.mylasertabac.com\/wp-content\/uploads\/\/mlt-verteau.svg\" alt=\"\" class=\"wp-image-13\" style=\"width:471px;height:auto\"\/><\/figure>\n\n<h3 class=\"wp-block-heading\">Liberta-te do tabaco com um laser: um m\u00e9todo natural e indolor<\/h3>\n\n<p>O <strong>laser anti-tabagismo<\/strong> \u00e9 um m\u00e9todo suave inspirado na acupunctura e na reflexologia. Utiliza um laser suave para estimular pontos espec\u00edficos na orelha e no rosto para <strong>libertar endorfinas<\/strong>, reduzir os sintomas de abstin\u00eancia e acalmar os desejos de nicotina. <\/p>\n\n<p>Cada vez mais centros especializados, como o <strong>MyLaserTabac<\/strong>, oferecem este apoio personalizado. Uma \u00fanica sess\u00e3o \u00e9 muitas vezes suficiente para provocar uma verdadeira mudan\u00e7a. O m\u00e9todo \u00e9 <strong>indolor, sem qu\u00edmicos ou substitutos<\/strong>.  <\/p>\n\n<p>Esta abordagem natural \u00e9 particularmente adequada para aqueles que querem deixar de fumar <strong>sem ganhar peso<\/strong>, <strong>sem stress<\/strong> e <strong>sem compensar<\/strong> com outros v\u00edcios.<\/p>\n\n<div style=\"height:18px\" aria-hidden=\"true\" class=\"wp-block-spacer\"><\/div>\n\n<hr class=\"wp-block-separator has-alpha-channel-opacity\"\/>\n\n<h3 class=\"wp-block-heading\">Precau\u00e7\u00f5es a tomar com o CBD<\/h3>\n\n<div style=\"height:18px\" aria-hidden=\"true\" class=\"wp-block-spacer\"><\/div>\n\n<p>Apesar do seu perfil seguro, o CBD n\u00e3o \u00e9 inofensivo. Segue as principais recomenda\u00e7\u00f5es: <\/p>\n\n<ul class=\"wp-block-list\">\n<li>Evita <strong>a automedica\u00e7\u00e3o excessiva<\/strong>: o CBD \u00e9 um apoio, n\u00e3o uma solu\u00e7\u00e3o milagrosa.<\/li>\n\n\n\n<li><strong>Cuidado com as intera\u00e7\u00f5es medicamentosas<\/strong>: pede conselho ao teu m\u00e9dico se estiveres a tomar algum medicamento.<\/li>\n\n\n\n<li><strong>Escolhe marcas fi\u00e1veis<\/strong>: o sector ainda n\u00e3o est\u00e1 totalmente regulamentado.<\/li>\n\n\n\n<li>Mant\u00e9m-te <strong>fiel \u00e0s tuas doses<\/strong>: n\u00e3o vale a pena exagerar. Menos, mas melhor, \u00e9 muitas vezes mais eficaz. <\/li>\n<\/ul>\n\n<div style=\"height:18px\" aria-hidden=\"true\" class=\"wp-block-spacer\"><\/div>\n\n<hr class=\"wp-block-separator has-alpha-channel-opacity\"\/>\n\n<h3 class=\"wp-block-heading\">Em conclus\u00e3o: CBD e bem-estar, sim&#8230; mas com consci\u00eancia<\/h3>\n\n<div style=\"height:18px\" aria-hidden=\"true\" class=\"wp-block-spacer\"><\/div>\n\n<p>O CBD tem o seu lugar numa abordagem de bem-estar geral, desde que seja utilizado <strong>de forma respons\u00e1vel<\/strong>. Pode ser uma verdadeira ajuda para relaxar, dormir melhor ou mesmo come\u00e7ar a <strong>deixar de fumar<\/strong>, especialmente se for combinado com um <strong>m\u00e9todo de abstin\u00eancia a laser<\/strong>. <\/p>\n\n<p>Conhecer-te, respeitar-te, libertar-te. E, finalmente, <strong>respirar livremente<\/strong>. <\/p>\n\n<div style=\"height:30px\" aria-hidden=\"true\" class=\"wp-block-spacer\"><\/div>\n\n<figure class=\"wp-block-image size-large\"><img decoding=\"async\" src=\"https:\/\/www.mylasertabac.com\/wp-content\/uploads\/\/mlt-verteau.svg\" alt=\"\" class=\"wp-image-13\"\/><\/figure>\n","protected":false},"excerpt":{"rendered":"<p>O CBD, ou canabidiol, est\u00e1 na boca de toda a gente hoje em dia. Gotas debaixo da l\u00edngua, ch\u00e1s de ervas calmantes, cosm\u00e9ticos relaxantes, c\u00e1psulas para te ajudar a dormir melhor&#8230; esta mol\u00e9cula n\u00e3o psicotr\u00f3pica derivada do c\u00e2nhamo est\u00e1 a causar tanto entusiasmo como a levantar quest\u00f5es. E com raz\u00e3o. Num mundo onde o stress, [&hellip;]<\/p>\n","protected":false},"author":2,"featured_media":12159,"comment_status":"closed","ping_status":"open","sticky":false,"template":"","format":"standard","meta":{"inline_featured_image":false,"footnotes":""},"categories":[130],"tags":[],"class_list":["post-12164","post","type-post","status-publish","format-standard","has-post-thumbnail","hentry","category-saude"],"yoast_head":"<!-- This site is optimized with the Yoast SEO plugin v27.5 - https:\/\/yoast.com\/product\/yoast-seo-wordpress\/ -->\n<title>CBD: O que precisas realmente de saber antes de o usares com a consci\u00eancia tranquila - My Laser Tabac<\/title>\n<meta name=\"description\" content=\"Descobre como utilizar o CBD de forma sensata e como o laser pode ajudar no abandono suave dos v\u00edcios.\" \/>\n<meta name=\"robots\" content=\"index, follow, max-snippet:-1, max-image-preview:large, max-video-preview:-1\" \/>\n<link rel=\"canonical\" href=\"https:\/\/www.mylasertabac.com\/pt-pt\/cbd-o-que-precisas-realmente-de-saber-antes-de-o-usares-com-a-consciencia-tranquila\/\" \/>\n<meta property=\"og:locale\" content=\"pt_PT\" \/>\n<meta property=\"og:type\" content=\"article\" \/>\n<meta property=\"og:title\" content=\"CBD: O que precisas realmente de saber antes de o usares com a consci\u00eancia tranquila - My Laser Tabac\" \/>\n<meta property=\"og:description\" content=\"Descobre como utilizar o CBD de forma sensata e como o laser pode ajudar no abandono suave dos v\u00edcios.\" \/>\n<meta property=\"og:url\" content=\"https:\/\/www.mylasertabac.com\/pt-pt\/cbd-o-que-precisas-realmente-de-saber-antes-de-o-usares-com-a-consciencia-tranquila\/\" \/>\n<meta property=\"og:site_name\" content=\"My Laser Tabac\" \/>\n<meta property=\"article:author\" content=\"https:\/\/www.facebook.com\/profile.php?id=61571554707319\" \/>\n<meta property=\"article:published_time\" content=\"2025-07-28T18:14:00+00:00\" \/>\n<meta property=\"article:modified_time\" content=\"2025-07-29T07:25:18+00:00\" \/>\n<meta property=\"og:image\" content=\"https:\/\/www.mylasertabac.com\/wp-content\/uploads\/2025\/07\/Consomation-de-cbd--1024x683.png\" \/>\n\t<meta property=\"og:image:width\" content=\"1024\" \/>\n\t<meta property=\"og:image:height\" content=\"683\" \/>\n\t<meta property=\"og:image:type\" content=\"image\/png\" \/>\n<meta name=\"author\" content=\"Florian Fortes\" \/>\n<meta name=\"twitter:card\" content=\"summary_large_image\" \/>\n<meta name=\"twitter:label1\" content=\"Escrito por\" \/>\n\t<meta name=\"twitter:data1\" content=\"Florian Fortes\" \/>\n\t<meta name=\"twitter:label2\" content=\"Tempo estimado de leitura\" \/>\n\t<meta name=\"twitter:data2\" content=\"4 minutos\" \/>\n<script type=\"application\/ld+json\" class=\"yoast-schema-graph\">{\"@context\":\"https:\\\/\\\/schema.org\",\"@graph\":[{\"@type\":\"Article\",\"@id\":\"https:\\\/\\\/www.mylasertabac.com\\\/pt-pt\\\/cbd-o-que-precisas-realmente-de-saber-antes-de-o-usares-com-a-consciencia-tranquila\\\/#article\",\"isPartOf\":{\"@id\":\"https:\\\/\\\/www.mylasertabac.com\\\/pt-pt\\\/cbd-o-que-precisas-realmente-de-saber-antes-de-o-usares-com-a-consciencia-tranquila\\\/\"},\"author\":{\"name\":\"Florian Fortes\",\"@id\":\"https:\\\/\\\/www.mylasertabac.com\\\/pt-pt\\\/#\\\/schema\\\/person\\\/02c249cb76d912efb6c315ec23eccdf3\"},\"headline\":\"CBD: O que precisas realmente de saber antes de o usares com a consci\u00eancia tranquila\",\"datePublished\":\"2025-07-28T18:14:00+00:00\",\"dateModified\":\"2025-07-29T07:25:18+00:00\",\"mainEntityOfPage\":{\"@id\":\"https:\\\/\\\/www.mylasertabac.com\\\/pt-pt\\\/cbd-o-que-precisas-realmente-de-saber-antes-de-o-usares-com-a-consciencia-tranquila\\\/\"},\"wordCount\":872,\"publisher\":{\"@id\":\"https:\\\/\\\/www.mylasertabac.com\\\/pt-pt\\\/#organization\"},\"image\":{\"@id\":\"https:\\\/\\\/www.mylasertabac.com\\\/pt-pt\\\/cbd-o-que-precisas-realmente-de-saber-antes-de-o-usares-com-a-consciencia-tranquila\\\/#primaryimage\"},\"thumbnailUrl\":\"https:\\\/\\\/www.mylasertabac.com\\\/wp-content\\\/uploads\\\/2025\\\/07\\\/Consomation-de-cbd-.png\",\"articleSection\":[\"Sa\u00fade\"],\"inLanguage\":\"pt-PT\"},{\"@type\":\"WebPage\",\"@id\":\"https:\\\/\\\/www.mylasertabac.com\\\/pt-pt\\\/cbd-o-que-precisas-realmente-de-saber-antes-de-o-usares-com-a-consciencia-tranquila\\\/\",\"url\":\"https:\\\/\\\/www.mylasertabac.com\\\/pt-pt\\\/cbd-o-que-precisas-realmente-de-saber-antes-de-o-usares-com-a-consciencia-tranquila\\\/\",\"name\":\"CBD: O que precisas realmente de saber antes de o usares com a consci\u00eancia tranquila - My Laser Tabac\",\"isPartOf\":{\"@id\":\"https:\\\/\\\/www.mylasertabac.com\\\/pt-pt\\\/#website\"},\"primaryImageOfPage\":{\"@id\":\"https:\\\/\\\/www.mylasertabac.com\\\/pt-pt\\\/cbd-o-que-precisas-realmente-de-saber-antes-de-o-usares-com-a-consciencia-tranquila\\\/#primaryimage\"},\"image\":{\"@id\":\"https:\\\/\\\/www.mylasertabac.com\\\/pt-pt\\\/cbd-o-que-precisas-realmente-de-saber-antes-de-o-usares-com-a-consciencia-tranquila\\\/#primaryimage\"},\"thumbnailUrl\":\"https:\\\/\\\/www.mylasertabac.com\\\/wp-content\\\/uploads\\\/2025\\\/07\\\/Consomation-de-cbd-.png\",\"datePublished\":\"2025-07-28T18:14:00+00:00\",\"dateModified\":\"2025-07-29T07:25:18+00:00\",\"description\":\"Descobre como utilizar o CBD de forma sensata e como o laser pode ajudar no abandono suave dos v\u00edcios.\",\"breadcrumb\":{\"@id\":\"https:\\\/\\\/www.mylasertabac.com\\\/pt-pt\\\/cbd-o-que-precisas-realmente-de-saber-antes-de-o-usares-com-a-consciencia-tranquila\\\/#breadcrumb\"},\"inLanguage\":\"pt-PT\",\"potentialAction\":[{\"@type\":\"ReadAction\",\"target\":[\"https:\\\/\\\/www.mylasertabac.com\\\/pt-pt\\\/cbd-o-que-precisas-realmente-de-saber-antes-de-o-usares-com-a-consciencia-tranquila\\\/\"]}]},{\"@type\":\"ImageObject\",\"inLanguage\":\"pt-PT\",\"@id\":\"https:\\\/\\\/www.mylasertabac.com\\\/pt-pt\\\/cbd-o-que-precisas-realmente-de-saber-antes-de-o-usares-com-a-consciencia-tranquila\\\/#primaryimage\",\"url\":\"https:\\\/\\\/www.mylasertabac.com\\\/wp-content\\\/uploads\\\/2025\\\/07\\\/Consomation-de-cbd-.png\",\"contentUrl\":\"https:\\\/\\\/www.mylasertabac.com\\\/wp-content\\\/uploads\\\/2025\\\/07\\\/Consomation-de-cbd-.png\",\"width\":1536,\"height\":1024},{\"@type\":\"BreadcrumbList\",\"@id\":\"https:\\\/\\\/www.mylasertabac.com\\\/pt-pt\\\/cbd-o-que-precisas-realmente-de-saber-antes-de-o-usares-com-a-consciencia-tranquila\\\/#breadcrumb\",\"itemListElement\":[{\"@type\":\"ListItem\",\"position\":1,\"name\":\"Accueil\",\"item\":\"https:\\\/\\\/www.mylasertabac.com\\\/pt-pt\\\/casa\\\/\"},{\"@type\":\"ListItem\",\"position\":2,\"name\":\"CBD: O que precisas realmente de saber antes de o usares com a consci\u00eancia tranquila\"}]},{\"@type\":\"WebSite\",\"@id\":\"https:\\\/\\\/www.mylasertabac.com\\\/pt-pt\\\/#website\",\"url\":\"https:\\\/\\\/www.mylasertabac.com\\\/pt-pt\\\/\",\"name\":\"My Laser Tabac\",\"description\":\"La solution laser qui transforme les fumeurs en ex-fumeurs\",\"publisher\":{\"@id\":\"https:\\\/\\\/www.mylasertabac.com\\\/pt-pt\\\/#organization\"},\"potentialAction\":[{\"@type\":\"SearchAction\",\"target\":{\"@type\":\"EntryPoint\",\"urlTemplate\":\"https:\\\/\\\/www.mylasertabac.com\\\/pt-pt\\\/?s={search_term_string}\"},\"query-input\":{\"@type\":\"PropertyValueSpecification\",\"valueRequired\":true,\"valueName\":\"search_term_string\"}}],\"inLanguage\":\"pt-PT\"},{\"@type\":\"Organization\",\"@id\":\"https:\\\/\\\/www.mylasertabac.com\\\/pt-pt\\\/#organization\",\"name\":\"My Laser Tabac\",\"url\":\"https:\\\/\\\/www.mylasertabac.com\\\/pt-pt\\\/\",\"logo\":{\"@type\":\"ImageObject\",\"inLanguage\":\"pt-PT\",\"@id\":\"https:\\\/\\\/www.mylasertabac.com\\\/pt-pt\\\/#\\\/schema\\\/logo\\\/image\\\/\",\"url\":\"https:\\\/\\\/www.mylasertabac.com\\\/wp-content\\\/uploads\\\/2024\\\/12\\\/mlt-verteau.svg\",\"contentUrl\":\"https:\\\/\\\/www.mylasertabac.com\\\/wp-content\\\/uploads\\\/2024\\\/12\\\/mlt-verteau.svg\",\"caption\":\"My Laser Tabac\"},\"image\":{\"@id\":\"https:\\\/\\\/www.mylasertabac.com\\\/pt-pt\\\/#\\\/schema\\\/logo\\\/image\\\/\"}},{\"@type\":\"Person\",\"@id\":\"https:\\\/\\\/www.mylasertabac.com\\\/pt-pt\\\/#\\\/schema\\\/person\\\/02c249cb76d912efb6c315ec23eccdf3\",\"name\":\"Florian Fortes\",\"image\":{\"@type\":\"ImageObject\",\"inLanguage\":\"pt-PT\",\"@id\":\"https:\\\/\\\/www.mylasertabac.com\\\/wp-content\\\/litespeed\\\/avatar\\\/142101a71d7b9e6490c1120d9c109a67.jpg?ver=1777461116\",\"url\":\"https:\\\/\\\/www.mylasertabac.com\\\/wp-content\\\/litespeed\\\/avatar\\\/142101a71d7b9e6490c1120d9c109a67.jpg?ver=1777461116\",\"contentUrl\":\"https:\\\/\\\/www.mylasertabac.com\\\/wp-content\\\/litespeed\\\/avatar\\\/142101a71d7b9e6490c1120d9c109a67.jpg?ver=1777461116\",\"caption\":\"Florian Fortes\"},\"sameAs\":[\"https:\\\/\\\/www.mylasertabac.com\",\"https:\\\/\\\/www.facebook.com\\\/profile.php?id=61571554707319\"],\"url\":\"https:\\\/\\\/www.mylasertabac.com\\\/pt-pt\\\/author\\\/florianfortes5312\\\/\"}]}<\/script>\n<!-- \/ Yoast SEO plugin. -->","yoast_head_json":{"title":"CBD: O que precisas realmente de saber antes de o usares com a consci\u00eancia tranquila - My Laser Tabac","description":"Descobre como utilizar o CBD de forma sensata e como o laser pode ajudar no abandono suave dos v\u00edcios.","robots":{"index":"index","follow":"follow","max-snippet":"max-snippet:-1","max-image-preview":"max-image-preview:large","max-video-preview":"max-video-preview:-1"},"canonical":"https:\/\/www.mylasertabac.com\/pt-pt\/cbd-o-que-precisas-realmente-de-saber-antes-de-o-usares-com-a-consciencia-tranquila\/","og_locale":"pt_PT","og_type":"article","og_title":"CBD: O que precisas realmente de saber antes de o usares com a consci\u00eancia tranquila - My Laser Tabac","og_description":"Descobre como utilizar o CBD de forma sensata e como o laser pode ajudar no abandono suave dos v\u00edcios.","og_url":"https:\/\/www.mylasertabac.com\/pt-pt\/cbd-o-que-precisas-realmente-de-saber-antes-de-o-usares-com-a-consciencia-tranquila\/","og_site_name":"My Laser Tabac","article_author":"https:\/\/www.facebook.com\/profile.php?id=61571554707319","article_published_time":"2025-07-28T18:14:00+00:00","article_modified_time":"2025-07-29T07:25:18+00:00","og_image":[{"width":1024,"height":683,"url":"https:\/\/www.mylasertabac.com\/wp-content\/uploads\/2025\/07\/Consomation-de-cbd--1024x683.png","type":"image\/png"}],"author":"Florian Fortes","twitter_card":"summary_large_image","twitter_misc":{"Escrito por":"Florian Fortes","Tempo estimado de leitura":"4 minutos"},"schema":{"@context":"https:\/\/schema.org","@graph":[{"@type":"Article","@id":"https:\/\/www.mylasertabac.com\/pt-pt\/cbd-o-que-precisas-realmente-de-saber-antes-de-o-usares-com-a-consciencia-tranquila\/#article","isPartOf":{"@id":"https:\/\/www.mylasertabac.com\/pt-pt\/cbd-o-que-precisas-realmente-de-saber-antes-de-o-usares-com-a-consciencia-tranquila\/"},"author":{"name":"Florian Fortes","@id":"https:\/\/www.mylasertabac.com\/pt-pt\/#\/schema\/person\/02c249cb76d912efb6c315ec23eccdf3"},"headline":"CBD: O que precisas realmente de saber antes de o usares com a consci\u00eancia tranquila","datePublished":"2025-07-28T18:14:00+00:00","dateModified":"2025-07-29T07:25:18+00:00","mainEntityOfPage":{"@id":"https:\/\/www.mylasertabac.com\/pt-pt\/cbd-o-que-precisas-realmente-de-saber-antes-de-o-usares-com-a-consciencia-tranquila\/"},"wordCount":872,"publisher":{"@id":"https:\/\/www.mylasertabac.com\/pt-pt\/#organization"},"image":{"@id":"https:\/\/www.mylasertabac.com\/pt-pt\/cbd-o-que-precisas-realmente-de-saber-antes-de-o-usares-com-a-consciencia-tranquila\/#primaryimage"},"thumbnailUrl":"https:\/\/www.mylasertabac.com\/wp-content\/uploads\/2025\/07\/Consomation-de-cbd-.png","articleSection":["Sa\u00fade"],"inLanguage":"pt-PT"},{"@type":"WebPage","@id":"https:\/\/www.mylasertabac.com\/pt-pt\/cbd-o-que-precisas-realmente-de-saber-antes-de-o-usares-com-a-consciencia-tranquila\/","url":"https:\/\/www.mylasertabac.com\/pt-pt\/cbd-o-que-precisas-realmente-de-saber-antes-de-o-usares-com-a-consciencia-tranquila\/","name":"CBD: O que precisas realmente de saber antes de o usares com a consci\u00eancia tranquila - My Laser Tabac","isPartOf":{"@id":"https:\/\/www.mylasertabac.com\/pt-pt\/#website"},"primaryImageOfPage":{"@id":"https:\/\/www.mylasertabac.com\/pt-pt\/cbd-o-que-precisas-realmente-de-saber-antes-de-o-usares-com-a-consciencia-tranquila\/#primaryimage"},"image":{"@id":"https:\/\/www.mylasertabac.com\/pt-pt\/cbd-o-que-precisas-realmente-de-saber-antes-de-o-usares-com-a-consciencia-tranquila\/#primaryimage"},"thumbnailUrl":"https:\/\/www.mylasertabac.com\/wp-content\/uploads\/2025\/07\/Consomation-de-cbd-.png","datePublished":"2025-07-28T18:14:00+00:00","dateModified":"2025-07-29T07:25:18+00:00","description":"Descobre como utilizar o CBD de forma sensata e como o laser pode ajudar no abandono suave dos v\u00edcios.","breadcrumb":{"@id":"https:\/\/www.mylasertabac.com\/pt-pt\/cbd-o-que-precisas-realmente-de-saber-antes-de-o-usares-com-a-consciencia-tranquila\/#breadcrumb"},"inLanguage":"pt-PT","potentialAction":[{"@type":"ReadAction","target":["https:\/\/www.mylasertabac.com\/pt-pt\/cbd-o-que-precisas-realmente-de-saber-antes-de-o-usares-com-a-consciencia-tranquila\/"]}]},{"@type":"ImageObject","inLanguage":"pt-PT","@id":"https:\/\/www.mylasertabac.com\/pt-pt\/cbd-o-que-precisas-realmente-de-saber-antes-de-o-usares-com-a-consciencia-tranquila\/#primaryimage","url":"https:\/\/www.mylasertabac.com\/wp-content\/uploads\/2025\/07\/Consomation-de-cbd-.png","contentUrl":"https:\/\/www.mylasertabac.com\/wp-content\/uploads\/2025\/07\/Consomation-de-cbd-.png","width":1536,"height":1024},{"@type":"BreadcrumbList","@id":"https:\/\/www.mylasertabac.com\/pt-pt\/cbd-o-que-precisas-realmente-de-saber-antes-de-o-usares-com-a-consciencia-tranquila\/#breadcrumb","itemListElement":[{"@type":"ListItem","position":1,"name":"Accueil","item":"https:\/\/www.mylasertabac.com\/pt-pt\/casa\/"},{"@type":"ListItem","position":2,"name":"CBD: O que precisas realmente de saber antes de o usares com a consci\u00eancia tranquila"}]},{"@type":"WebSite","@id":"https:\/\/www.mylasertabac.com\/pt-pt\/#website","url":"https:\/\/www.mylasertabac.com\/pt-pt\/","name":"My Laser Tabac","description":"La solution laser qui transforme les fumeurs en ex-fumeurs","publisher":{"@id":"https:\/\/www.mylasertabac.com\/pt-pt\/#organization"},"potentialAction":[{"@type":"SearchAction","target":{"@type":"EntryPoint","urlTemplate":"https:\/\/www.mylasertabac.com\/pt-pt\/?s={search_term_string}"},"query-input":{"@type":"PropertyValueSpecification","valueRequired":true,"valueName":"search_term_string"}}],"inLanguage":"pt-PT"},{"@type":"Organization","@id":"https:\/\/www.mylasertabac.com\/pt-pt\/#organization","name":"My Laser Tabac","url":"https:\/\/www.mylasertabac.com\/pt-pt\/","logo":{"@type":"ImageObject","inLanguage":"pt-PT","@id":"https:\/\/www.mylasertabac.com\/pt-pt\/#\/schema\/logo\/image\/","url":"https:\/\/www.mylasertabac.com\/wp-content\/uploads\/2024\/12\/mlt-verteau.svg","contentUrl":"https:\/\/www.mylasertabac.com\/wp-content\/uploads\/2024\/12\/mlt-verteau.svg","caption":"My Laser Tabac"},"image":{"@id":"https:\/\/www.mylasertabac.com\/pt-pt\/#\/schema\/logo\/image\/"}},{"@type":"Person","@id":"https:\/\/www.mylasertabac.com\/pt-pt\/#\/schema\/person\/02c249cb76d912efb6c315ec23eccdf3","name":"Florian Fortes","image":{"@type":"ImageObject","inLanguage":"pt-PT","@id":"https:\/\/www.mylasertabac.com\/wp-content\/litespeed\/avatar\/142101a71d7b9e6490c1120d9c109a67.jpg?ver=1777461116","url":"https:\/\/www.mylasertabac.com\/wp-content\/litespeed\/avatar\/142101a71d7b9e6490c1120d9c109a67.jpg?ver=1777461116","contentUrl":"https:\/\/www.mylasertabac.com\/wp-content\/litespeed\/avatar\/142101a71d7b9e6490c1120d9c109a67.jpg?ver=1777461116","caption":"Florian Fortes"},"sameAs":["https:\/\/www.mylasertabac.com","https:\/\/www.facebook.com\/profile.php?id=61571554707319"],"url":"https:\/\/www.mylasertabac.com\/pt-pt\/author\/florianfortes5312\/"}]}},"_links":{"self":[{"href":"https:\/\/www.mylasertabac.com\/pt-pt\/wp-json\/wp\/v2\/posts\/12164","targetHints":{"allow":["GET"]}}],"collection":[{"href":"https:\/\/www.mylasertabac.com\/pt-pt\/wp-json\/wp\/v2\/posts"}],"about":[{"href":"https:\/\/www.mylasertabac.com\/pt-pt\/wp-json\/wp\/v2\/types\/post"}],"author":[{"embeddable":true,"href":"https:\/\/www.mylasertabac.com\/pt-pt\/wp-json\/wp\/v2\/users\/2"}],"replies":[{"embeddable":true,"href":"https:\/\/www.mylasertabac.com\/pt-pt\/wp-json\/wp\/v2\/comments?post=12164"}],"version-history":[{"count":4,"href":"https:\/\/www.mylasertabac.com\/pt-pt\/wp-json\/wp\/v2\/posts\/12164\/revisions"}],"predecessor-version":[{"id":12200,"href":"https:\/\/www.mylasertabac.com\/pt-pt\/wp-json\/wp\/v2\/posts\/12164\/revisions\/12200"}],"wp:featuredmedia":[{"embeddable":true,"href":"https:\/\/www.mylasertabac.com\/pt-pt\/wp-json\/wp\/v2\/media\/12159"}],"wp:attachment":[{"href":"https:\/\/www.mylasertabac.com\/pt-pt\/wp-json\/wp\/v2\/media?parent=12164"}],"wp:term":[{"taxonomy":"category","embeddable":true,"href":"https:\/\/www.mylasertabac.com\/pt-pt\/wp-json\/wp\/v2\/categories?post=12164"},{"taxonomy":"post_tag","embeddable":true,"href":"https:\/\/www.mylasertabac.com\/pt-pt\/wp-json\/wp\/v2\/tags?post=12164"}],"curies":[{"name":"wp","href":"https:\/\/api.w.org\/{rel}","templated":true}]}}