{"id":12263,"date":"2025-07-30T00:41:43","date_gmt":"2025-07-29T22:41:43","guid":{"rendered":"https:\/\/www.mylasertabac.com\/a-geracao-z-esta-a-tornar-se-viciada-sem-se-aperceber\/"},"modified":"2025-07-30T08:34:35","modified_gmt":"2025-07-30T06:34:35","slug":"a-geracao-z-esta-a-tornar-se-viciada-sem-se-aperceber","status":"publish","type":"post","link":"https:\/\/www.mylasertabac.com\/pt-pt\/a-geracao-z-esta-a-tornar-se-viciada-sem-se-aperceber\/","title":{"rendered":"A Gera\u00e7\u00e3o Z est\u00e1 a tornar-se viciada sem se aperceber?"},"content":{"rendered":"\n<div style=\"height:15px\" aria-hidden=\"true\" class=\"wp-block-spacer\"><\/div>\n\n<p>T\u00eam entre 12 e 27 anos. Cresceram com a Internet, as redes sociais, a vida r\u00e1pida e a instantaneidade. Mas, acima de tudo, s\u00e3o os alvos ideais para uma nova forma de depend\u00eancia: mais insidiosa, mais socialmente aceite, mas igualmente perigosa. Estar\u00e1 a gera\u00e7\u00e3o Z a cair na armadilha invis\u00edvel das novas depend\u00eancias? E se os sinais de alarme estivessem a tocar agora?    <\/p>\n\n<div style=\"height:15px\" aria-hidden=\"true\" class=\"wp-block-spacer\"><\/div>\n\n<h2 class=\"wp-block-heading\">V\u00edcios que n\u00e3o dizem o seu nome<\/h2>\n\n<div style=\"height:15px\" aria-hidden=\"true\" class=\"wp-block-spacer\"><\/div>\n\n<h3 class=\"wp-block-heading\">La PEUF: o cigarro eletr\u00f3nico &#8220;invis\u00edvel&#8221; mas perigoso<\/h3>\n\n<div style=\"height:23px\" aria-hidden=\"true\" class=\"wp-block-spacer\"><\/div>\n\n<p>O <strong>PEUF<\/strong>, um cigarro eletr\u00f3nico descart\u00e1vel com um aspeto colorido e um sabor doce, \u00e9 cada vez mais apelativo para os adolescentes. Apresentado como uma alternativa &#8220;menos nociva&#8221; aos cigarros convencionais, \u00e9 na realidade uma <strong>formid\u00e1vel armadilha de marketing<\/strong>. Por detr\u00e1s da sua apar\u00eancia inofensiva, esconde muitas vezes um <strong>teor de nicotina muito elevado<\/strong>, equivalente ao de um ma\u00e7o de cigarros.  <\/p>\n\n<div style=\"height:15px\" aria-hidden=\"true\" class=\"wp-block-spacer\"><\/div>\n\n<p>O que \u00e9 mais preocupante? O facto de se ter tornado um lugar-comum. As baforadas s\u00e3o trocadas nos recreios das escolas como se fossem apenas um acess\u00f3rio da moda. No entanto, de acordo com um inqu\u00e9rito recente, <strong>1 em cada 2 adolescentes j\u00e1 experimentou uma baforada antes dos 15 anos<\/strong>. O perigo? A depend\u00eancia precoce, banalizada e muitas vezes <strong>ignorada pelos adultos<\/strong>.     <\/p>\n\n<div style=\"height:21px\" aria-hidden=\"true\" class=\"wp-block-spacer\"><\/div>\n\n<figure class=\"wp-block-image aligncenter size-full\"><img fetchpriority=\"high\" decoding=\"async\" width=\"1024\" height=\"1024\" src=\"https:\/\/www.mylasertabac.com\/wp-content\/uploads\/2025\/07\/addiction-au-reseau-sociaux.png\" alt=\"\" class=\"wp-image-12308\" srcset=\"https:\/\/www.mylasertabac.com\/wp-content\/uploads\/2025\/07\/addiction-au-reseau-sociaux.png 1024w, https:\/\/www.mylasertabac.com\/wp-content\/uploads\/2025\/07\/addiction-au-reseau-sociaux-300x300.png 300w, https:\/\/www.mylasertabac.com\/wp-content\/uploads\/2025\/07\/addiction-au-reseau-sociaux-150x150.png 150w, https:\/\/www.mylasertabac.com\/wp-content\/uploads\/2025\/07\/addiction-au-reseau-sociaux-768x768.png 768w\" sizes=\"(max-width: 1024px) 100vw, 1024px\" \/><\/figure>\n\n<h3 class=\"wp-block-heading\">A\u00e7\u00facar, ecr\u00e3s, dopamina: os novos traficantes de droga da vida quotidiana<\/h3>\n\n<p>Longe do clich\u00e9 das drogas il\u00edcitas, a gera\u00e7\u00e3o Z est\u00e1 diariamente exposta a <strong>subst\u00e2ncias aditivas legais<\/strong>&#8230; mas que s\u00e3o igualmente preocupantes. O a\u00e7\u00facar, omnipresente em bebidas, snacks, cereais e refei\u00e7\u00f5es prontas, actua como uma <strong>droga suave<\/strong> no c\u00e9rebro. Provoca picos de <strong>dopamina<\/strong> que criam uma depend\u00eancia insidiosa que \u00e9 dif\u00edcil de quebrar.  <\/p>\n\n<p><strong>Os ecr\u00e3s<\/strong> e <strong>as redes sociais<\/strong> funcionam com base no mesmo princ\u00edpio: recompensa instant\u00e2nea, scrolling infinito, perda de pontos de refer\u00eancia temporais. O resultado? Uma <strong>depend\u00eancia comportamental<\/strong> com efeitos compar\u00e1veis aos da droga, com perturba\u00e7\u00f5es do sono, ansiedade, diminui\u00e7\u00e3o da concentra\u00e7\u00e3o&#8230; e incapacidade de desistir.<\/p>\n\n<div style=\"height:31px\" aria-hidden=\"true\" class=\"wp-block-spacer\"><\/div>\n\n<h3 class=\"wp-block-heading\">Cannabis light e ansiol\u00edticos em livre circula\u00e7\u00e3o: falsa seguran\u00e7a, risco real<\/h3>\n\n<div style=\"height:16px\" aria-hidden=\"true\" class=\"wp-block-spacer\"><\/div>\n\n<p>Outro desvio maci\u00e7o \u00e9 o consumo de <strong>can\u00e1bis &#8220;light&#8221;<\/strong> (CBD) e de ansiol\u00edticos. Apresentados como produtos relaxantes, naturais ou &#8220;legais&#8221;, s\u00e3o utilizados por uma parte da Gera\u00e7\u00e3o Z para lidar com o stress, a infelicidade ou o t\u00e9dio. E o problema? <strong>A automedica\u00e7\u00e3o torna-se um lugar-comum<\/strong> a partir da adolesc\u00eancia e uma <strong>porta de entrada para depend\u00eancias mais graves<\/strong>.   <\/p>\n\n<p>Estes produtos, mesmo os de venda livre, n\u00e3o <strong>s\u00e3o<\/strong> isentos <strong>de perigo<\/strong>. Criam h\u00e1bitos de fuga e de compensa\u00e7\u00e3o, e criam um terreno f\u00e9rtil para o mal-estar cr\u00f3nico. <\/p>\n\n<div style=\"height:16px\" aria-hidden=\"true\" class=\"wp-block-spacer\"><\/div>\n\n<h2 class=\"wp-block-heading\">Porque \u00e9 que a gera\u00e7\u00e3o Z \u00e9 a mais vulner\u00e1vel<\/h2>\n\n<div style=\"height:16px\" aria-hidden=\"true\" class=\"wp-block-spacer\"><\/div>\n\n<h3 class=\"wp-block-heading\">Uma cultura do &#8220;prazer imediato<\/h3>\n\n<div style=\"height:16px\" aria-hidden=\"true\" class=\"wp-block-spacer\"><\/div>\n\n<p>O mundo digital mudou a nossa rela\u00e7\u00e3o com o tempo. Para a gera\u00e7\u00e3o Z, tudo est\u00e1 <strong>dispon\u00edvel imediatamente<\/strong>: s\u00e9ries, gostos, jogos, produtos. Esta cultura da instantaneidade torna dif\u00edcil <strong>lidar com a frustra\u00e7\u00e3o<\/strong> e leva a uma procura constante de novas fontes de prazer r\u00e1pido. Uma din\u00e2mica que <strong>predisp\u00f5e fortemente \u00e0 depend\u00eancia<\/strong>, em todas as suas formas.   <\/p>\n\n<div style=\"height:16px\" aria-hidden=\"true\" class=\"wp-block-spacer\"><\/div>\n\n<figure class=\"wp-block-image aligncenter size-large\"><img decoding=\"async\" width=\"1024\" height=\"1024\" src=\"https:\/\/www.mylasertabac.com\/wp-content\/uploads\/2025\/07\/tiktok-1024x1024.png\" alt=\"\" class=\"wp-image-12254\" srcset=\"https:\/\/www.mylasertabac.com\/wp-content\/uploads\/2025\/07\/tiktok-1024x1024.png 1024w, https:\/\/www.mylasertabac.com\/wp-content\/uploads\/2025\/07\/tiktok-300x300.png 300w, https:\/\/www.mylasertabac.com\/wp-content\/uploads\/2025\/07\/tiktok-150x150.png 150w, https:\/\/www.mylasertabac.com\/wp-content\/uploads\/2025\/07\/tiktok-768x768.png 768w, https:\/\/www.mylasertabac.com\/wp-content\/uploads\/2025\/07\/tiktok-1536x1536.png 1536w, https:\/\/www.mylasertabac.com\/wp-content\/uploads\/2025\/07\/tiktok-2048x2048.png 2048w\" sizes=\"(max-width: 1024px) 100vw, 1024px\" \/><\/figure>\n\n<h3 class=\"wp-block-heading\">Ferramentas de marketing ultra-direcionadas (TikTok, influenciadores, jogos online)<\/h3>\n\n<p>As marcas compreenderam claramente o funcionamento psicol\u00f3gico dos jovens. Os <strong>algoritmos do TikTok<\/strong>, os product placements dos influencers ou os jogos de v\u00eddeo com compras integradas s\u00e3o concebidos para <strong>criar uma liga\u00e7\u00e3o<\/strong>, ou mesmo uma depend\u00eancia. J\u00e1 n\u00e3o se trata apenas de consumo, mas de <strong>captar a aten\u00e7\u00e3o e as emo\u00e7\u00f5es<\/strong>.  <\/p>\n\n<p>Por detr\u00e1s desta estrat\u00e9gia est\u00e1 um \u00fanico objetivo: manter os jovens &#8220;dentro&#8221;, ligados e inclinados a consumir mais. \u00c9 uma forma de depend\u00eancia <strong>invis\u00edvel, mas assustadoramente eficaz<\/strong>. <\/p>\n\n<div style=\"height:18px\" aria-hidden=\"true\" class=\"wp-block-spacer\"><\/div>\n\n<h3 class=\"wp-block-heading\">Falta de orienta\u00e7\u00f5es pedag\u00f3gicas sobre as verdadeiras depend\u00eancias<\/h3>\n\n<div style=\"height:16px\" aria-hidden=\"true\" class=\"wp-block-spacer\"><\/div>\n\n<p>Os jovens est\u00e3o mal informados sobre a <strong>verdadeira natureza das depend\u00eancias modernas<\/strong>. Enquanto os perigos do tabaco e do \u00e1lcool s\u00e3o bem conhecidos, os perigos do a\u00e7\u00facar, do PEUF e das redes sociais continuam a ser pouco ensinados em casa ou na escola. O resultado \u00e9 um <strong>comportamento de risco que \u00e9 ignorado<\/strong>, normalizado e, por vezes, at\u00e9 encorajado pelo ambiente social.  <\/p>\n\n<p>Muitas vezes, os pr\u00f3prios adultos n\u00e3o t\u00eam <strong>uma orienta\u00e7\u00e3o clara<\/strong> sobre estas novas formas de depend\u00eancia, o que <strong>torna dif\u00edcil prevenir ou reagir de forma adequada<\/strong>.<\/p>\n\n<div style=\"height:16px\" aria-hidden=\"true\" class=\"wp-block-spacer\"><\/div>\n\n<h2 class=\"wp-block-heading\">O que podes fazer antes que as coisas fiquem fora de controlo?<\/h2>\n\n<div style=\"height:16px\" aria-hidden=\"true\" class=\"wp-block-spacer\"><\/div>\n\n<h3 class=\"wp-block-heading\">Sinais a que deves estar atento nos jovens<\/h3>\n\n<div style=\"height:16px\" aria-hidden=\"true\" class=\"wp-block-spacer\"><\/div>\n\n<p>A vigil\u00e2ncia come\u00e7a com a observa\u00e7\u00e3o. Um jovem toxicodependente n\u00e3o se identifica como tal, mas h\u00e1 sinais de alerta: <\/p>\n\n<ul class=\"wp-block-list\">\n<li>Irritabilidade excessiva quando desligas os ecr\u00e3s ou o PEUF<\/li>\n\n\n\n<li>Consumo compulsivo de bebidas ou snacks a\u00e7ucarados<\/li>\n\n\n\n<li>Isolamento, perda gradual de interesse em actividades de lazer &#8220;fora do ecr\u00e3&#8221;.<\/li>\n\n\n\n<li>Dificuldade em dormir, inquieta\u00e7\u00e3o, cansa\u00e7o constante<\/li>\n\n\n\n<li>Consumo &#8220;orientado&#8221;: para aliviar o stress, relaxar, acompanhar a escola&#8230;<\/li>\n<\/ul>\n\n<p>Estes sinais n\u00e3o devem ser ignorados. <strong>Muitas vezes indicam o in\u00edcio de uma depend\u00eancia<\/strong>, mesmo que esteja disfar\u00e7ada. <\/p>\n\n<div style=\"height:16px\" aria-hidden=\"true\" class=\"wp-block-spacer\"><\/div>\n\n<h3 class=\"wp-block-heading\">Quebrar tabus e abrir o di\u00e1logo<\/h3>\n\n<div style=\"height:16px\" aria-hidden=\"true\" class=\"wp-block-spacer\"><\/div>\n\n<p>O primeiro passo \u00e9 <strong>falar sem julgar<\/strong>. Evita discursos moralizantes ou que induzam \u00e0 culpa, e opta por uma posi\u00e7\u00e3o de compreens\u00e3o. Fazer perguntas, ouvir e partilhar as tuas pr\u00f3prias experi\u00eancias \u00e9 muitas vezes mais eficaz do que um serm\u00e3o.  <\/p>\n\n<p>P\u00f4r palavras no que \u00e9 vivido permite que os jovens <strong>tomem consci\u00eancia do<\/strong> seu comportamento sem vergonha. \u00c9 tamb\u00e9m uma forma de <strong>se reconectarem com a realidade<\/strong> num mundo digital que, por vezes, \u00e9 demasiado suave. <\/p>\n\n<div style=\"height:16px\" aria-hidden=\"true\" class=\"wp-block-spacer\"><\/div>\n\n<figure class=\"wp-block-image aligncenter size-full\"><img decoding=\"async\" width=\"975\" height=\"982\" src=\"https:\/\/www.mylasertabac.com\/wp-content\/uploads\/2025\/06\/centre.jpeg\" alt=\"\" class=\"wp-image-9265\" srcset=\"https:\/\/www.mylasertabac.com\/wp-content\/uploads\/2025\/06\/centre.jpeg 975w, https:\/\/www.mylasertabac.com\/wp-content\/uploads\/2025\/06\/centre-298x300.jpeg 298w, https:\/\/www.mylasertabac.com\/wp-content\/uploads\/2025\/06\/centre-150x150.jpeg 150w, https:\/\/www.mylasertabac.com\/wp-content\/uploads\/2025\/06\/centre-768x774.jpeg 768w\" sizes=\"(max-width: 975px) 100vw, 975px\" \/><\/figure>\n\n<h3 class=\"wp-block-heading\">O laser anti-depend\u00eancia: uma alternativa natural que conquista cada vez mais jovens<\/h3>\n\n<p>Existem solu\u00e7\u00f5es inovadoras, naturais e eficazes para estas novas depend\u00eancias. O <strong>laser anti-depend\u00eancia<\/strong>, um m\u00e9todo suave derivado da reflexologia auricular, \u00e9 cada vez mais utilizado para tratar os jovens que sofrem de depend\u00eancias: <strong>tabaco, a\u00e7\u00facar, can\u00e1bis, stress, ecr\u00e3s,<\/strong>etc. <\/p>\n\n<p>Esta t\u00e9cnica indolor actua nas <strong>zonas reflexas do ouvido<\/strong>, estimulando os circuitos de descarga do c\u00e9rebro e reduzindo os desejos. \u00c9 particularmente indicada para a <strong>Gera\u00e7\u00e3o Z<\/strong>, que tem relut\u00e2ncia em consumir drogas e procura m\u00e9todos r\u00e1pidos, eficazes e naturais. <\/p>\n\n<p>Cada vez mais jovens procuram a <strong>MyLaserTabac<\/strong> <strong>com os seus pais<\/strong>, em busca de equil\u00edbrio, confian\u00e7a e liberta\u00e7\u00e3o de comportamentos compulsivos.<\/p>\n\n<div style=\"height:16px\" aria-hidden=\"true\" class=\"wp-block-spacer\"><\/div>\n\n<hr class=\"wp-block-separator has-alpha-channel-opacity\"\/>\n\n<h2 class=\"wp-block-heading\">Em conclus\u00e3o<\/h2>\n\n<p>A Gera\u00e7\u00e3o Z pode n\u00e3o fumar como as gera\u00e7\u00f5es anteriores, mas inala <strong>outras formas de depend\u00eancia<\/strong>, mais modernas, mais desonestas, mas igualmente poderosas. PEUF, ecr\u00e3s, a\u00e7\u00facar e produtos anti-ansiedade n\u00e3o s\u00e3o pormenores insignificantes. Est\u00e3o a moldar uma <strong>nova paisagem de depend\u00eancia<\/strong>, \u00e0 qual temos de responder rapidamente, com ferramentas adequadas.  <\/p>\n\n<p>O laser <strong><a href=\"https:\/\/www.mylasertabac.com\/pt-pt\/\">laser anti-depend\u00eancia<\/a><\/strong>oferecido no <strong><a href=\"https:\/\/www.mylasertabac.com\/pt-pt\/\">MyLaserTabac<\/a><\/strong>\u00e9 uma resposta pr\u00e1tica, suave e eficaz a estes novos desafios. Vamos agir antes que estas depend\u00eancias silenciosas se tornem pris\u00f5es invis\u00edveis para toda uma gera\u00e7\u00e3o. <\/p>\n\n<div style=\"height:39px\" aria-hidden=\"true\" class=\"wp-block-spacer\"><\/div>\n\n<figure class=\"wp-block-image size-large\"><img decoding=\"async\" src=\"https:\/\/www.mylasertabac.com\/wp-content\/uploads\/\/mlt-verteau.svg\" alt=\"\" class=\"wp-image-13\"\/><\/figure>\n","protected":false},"excerpt":{"rendered":"<p>T\u00eam entre 12 e 27 anos. Cresceram com a Internet, as redes sociais, a vida r\u00e1pida e a instantaneidade. Mas, acima de tudo, s\u00e3o os alvos ideais para uma nova forma de depend\u00eancia: mais insidiosa, mais socialmente aceite, mas igualmente perigosa. Estar\u00e1 a gera\u00e7\u00e3o Z a cair na armadilha invis\u00edvel das novas depend\u00eancias? E se [&hellip;]<\/p>\n","protected":false},"author":2,"featured_media":12291,"comment_status":"closed","ping_status":"open","sticky":false,"template":"","format":"standard","meta":{"inline_featured_image":false,"footnotes":""},"categories":[181],"tags":[],"class_list":["post-12263","post","type-post","status-publish","format-standard","has-post-thumbnail","hentry","category-saude-e-toxicodependencia"],"yoast_head":"<!-- This site is optimized with the Yoast SEO plugin v27.5 - https:\/\/yoast.com\/product\/yoast-seo-wordpress\/ -->\n<title>A Gera\u00e7\u00e3o Z est\u00e1 a tornar-se viciada sem se aperceber? - My Laser Tabac<\/title>\n<meta name=\"description\" content=\"A Gera\u00e7\u00e3o Z est\u00e1 a desenvolver novas depend\u00eancias invis\u00edveis. Descobre como lidar com as armadilhas do a\u00e7\u00facar, do vaporizador, dos ecr\u00e3s e da can\u00e1bis.\" \/>\n<meta name=\"robots\" content=\"index, follow, max-snippet:-1, max-image-preview:large, max-video-preview:-1\" \/>\n<link rel=\"canonical\" href=\"https:\/\/www.mylasertabac.com\/pt-pt\/a-geracao-z-esta-a-tornar-se-viciada-sem-se-aperceber\/\" \/>\n<meta property=\"og:locale\" content=\"pt_PT\" \/>\n<meta property=\"og:type\" content=\"article\" \/>\n<meta property=\"og:title\" content=\"A Gera\u00e7\u00e3o Z est\u00e1 a tornar-se viciada sem se aperceber? - My Laser Tabac\" \/>\n<meta property=\"og:description\" content=\"A Gera\u00e7\u00e3o Z est\u00e1 a desenvolver novas depend\u00eancias invis\u00edveis. Descobre como lidar com as armadilhas do a\u00e7\u00facar, do vaporizador, dos ecr\u00e3s e da can\u00e1bis.\" \/>\n<meta property=\"og:url\" content=\"https:\/\/www.mylasertabac.com\/pt-pt\/a-geracao-z-esta-a-tornar-se-viciada-sem-se-aperceber\/\" \/>\n<meta property=\"og:site_name\" content=\"My Laser Tabac\" \/>\n<meta property=\"article:author\" content=\"https:\/\/www.facebook.com\/profile.php?id=61571554707319\" \/>\n<meta property=\"article:published_time\" content=\"2025-07-29T22:41:43+00:00\" \/>\n<meta property=\"article:modified_time\" content=\"2025-07-30T06:34:35+00:00\" \/>\n<meta property=\"og:image\" content=\"https:\/\/www.mylasertabac.com\/wp-content\/uploads\/2025\/07\/generation-z-.jpeg\" \/>\n\t<meta property=\"og:image:width\" content=\"1206\" \/>\n\t<meta property=\"og:image:height\" content=\"793\" \/>\n\t<meta property=\"og:image:type\" content=\"image\/jpeg\" \/>\n<meta name=\"author\" content=\"Florian Fortes\" \/>\n<meta name=\"twitter:card\" content=\"summary_large_image\" \/>\n<meta name=\"twitter:label1\" content=\"Escrito por\" \/>\n\t<meta name=\"twitter:data1\" content=\"Florian Fortes\" \/>\n\t<meta name=\"twitter:label2\" content=\"Tempo estimado de leitura\" \/>\n\t<meta name=\"twitter:data2\" content=\"6 minutos\" \/>\n<script type=\"application\/ld+json\" class=\"yoast-schema-graph\">{\"@context\":\"https:\\\/\\\/schema.org\",\"@graph\":[{\"@type\":\"Article\",\"@id\":\"https:\\\/\\\/www.mylasertabac.com\\\/pt-pt\\\/a-geracao-z-esta-a-tornar-se-viciada-sem-se-aperceber\\\/#article\",\"isPartOf\":{\"@id\":\"https:\\\/\\\/www.mylasertabac.com\\\/pt-pt\\\/a-geracao-z-esta-a-tornar-se-viciada-sem-se-aperceber\\\/\"},\"author\":{\"name\":\"Florian Fortes\",\"@id\":\"https:\\\/\\\/www.mylasertabac.com\\\/pt-pt\\\/#\\\/schema\\\/person\\\/02c249cb76d912efb6c315ec23eccdf3\"},\"headline\":\"A Gera\u00e7\u00e3o Z est\u00e1 a tornar-se viciada sem se aperceber?\",\"datePublished\":\"2025-07-29T22:41:43+00:00\",\"dateModified\":\"2025-07-30T06:34:35+00:00\",\"mainEntityOfPage\":{\"@id\":\"https:\\\/\\\/www.mylasertabac.com\\\/pt-pt\\\/a-geracao-z-esta-a-tornar-se-viciada-sem-se-aperceber\\\/\"},\"wordCount\":1177,\"publisher\":{\"@id\":\"https:\\\/\\\/www.mylasertabac.com\\\/pt-pt\\\/#organization\"},\"image\":{\"@id\":\"https:\\\/\\\/www.mylasertabac.com\\\/pt-pt\\\/a-geracao-z-esta-a-tornar-se-viciada-sem-se-aperceber\\\/#primaryimage\"},\"thumbnailUrl\":\"https:\\\/\\\/www.mylasertabac.com\\\/wp-content\\\/uploads\\\/2025\\\/07\\\/generation-z-.jpeg\",\"articleSection\":[\"Sa\u00fade e toxicodepend\u00eancia\"],\"inLanguage\":\"pt-PT\"},{\"@type\":\"WebPage\",\"@id\":\"https:\\\/\\\/www.mylasertabac.com\\\/pt-pt\\\/a-geracao-z-esta-a-tornar-se-viciada-sem-se-aperceber\\\/\",\"url\":\"https:\\\/\\\/www.mylasertabac.com\\\/pt-pt\\\/a-geracao-z-esta-a-tornar-se-viciada-sem-se-aperceber\\\/\",\"name\":\"A Gera\u00e7\u00e3o Z est\u00e1 a tornar-se viciada sem se aperceber? - My Laser Tabac\",\"isPartOf\":{\"@id\":\"https:\\\/\\\/www.mylasertabac.com\\\/pt-pt\\\/#website\"},\"primaryImageOfPage\":{\"@id\":\"https:\\\/\\\/www.mylasertabac.com\\\/pt-pt\\\/a-geracao-z-esta-a-tornar-se-viciada-sem-se-aperceber\\\/#primaryimage\"},\"image\":{\"@id\":\"https:\\\/\\\/www.mylasertabac.com\\\/pt-pt\\\/a-geracao-z-esta-a-tornar-se-viciada-sem-se-aperceber\\\/#primaryimage\"},\"thumbnailUrl\":\"https:\\\/\\\/www.mylasertabac.com\\\/wp-content\\\/uploads\\\/2025\\\/07\\\/generation-z-.jpeg\",\"datePublished\":\"2025-07-29T22:41:43+00:00\",\"dateModified\":\"2025-07-30T06:34:35+00:00\",\"description\":\"A Gera\u00e7\u00e3o Z est\u00e1 a desenvolver novas depend\u00eancias invis\u00edveis. Descobre como lidar com as armadilhas do a\u00e7\u00facar, do vaporizador, dos ecr\u00e3s e da can\u00e1bis.\",\"breadcrumb\":{\"@id\":\"https:\\\/\\\/www.mylasertabac.com\\\/pt-pt\\\/a-geracao-z-esta-a-tornar-se-viciada-sem-se-aperceber\\\/#breadcrumb\"},\"inLanguage\":\"pt-PT\",\"potentialAction\":[{\"@type\":\"ReadAction\",\"target\":[\"https:\\\/\\\/www.mylasertabac.com\\\/pt-pt\\\/a-geracao-z-esta-a-tornar-se-viciada-sem-se-aperceber\\\/\"]}]},{\"@type\":\"ImageObject\",\"inLanguage\":\"pt-PT\",\"@id\":\"https:\\\/\\\/www.mylasertabac.com\\\/pt-pt\\\/a-geracao-z-esta-a-tornar-se-viciada-sem-se-aperceber\\\/#primaryimage\",\"url\":\"https:\\\/\\\/www.mylasertabac.com\\\/wp-content\\\/uploads\\\/2025\\\/07\\\/generation-z-.jpeg\",\"contentUrl\":\"https:\\\/\\\/www.mylasertabac.com\\\/wp-content\\\/uploads\\\/2025\\\/07\\\/generation-z-.jpeg\",\"width\":1206,\"height\":793},{\"@type\":\"BreadcrumbList\",\"@id\":\"https:\\\/\\\/www.mylasertabac.com\\\/pt-pt\\\/a-geracao-z-esta-a-tornar-se-viciada-sem-se-aperceber\\\/#breadcrumb\",\"itemListElement\":[{\"@type\":\"ListItem\",\"position\":1,\"name\":\"Accueil\",\"item\":\"https:\\\/\\\/www.mylasertabac.com\\\/pt-pt\\\/casa\\\/\"},{\"@type\":\"ListItem\",\"position\":2,\"name\":\"A Gera\u00e7\u00e3o Z est\u00e1 a tornar-se viciada sem se aperceber?\"}]},{\"@type\":\"WebSite\",\"@id\":\"https:\\\/\\\/www.mylasertabac.com\\\/pt-pt\\\/#website\",\"url\":\"https:\\\/\\\/www.mylasertabac.com\\\/pt-pt\\\/\",\"name\":\"My Laser Tabac\",\"description\":\"La solution laser qui transforme les fumeurs en ex-fumeurs\",\"publisher\":{\"@id\":\"https:\\\/\\\/www.mylasertabac.com\\\/pt-pt\\\/#organization\"},\"potentialAction\":[{\"@type\":\"SearchAction\",\"target\":{\"@type\":\"EntryPoint\",\"urlTemplate\":\"https:\\\/\\\/www.mylasertabac.com\\\/pt-pt\\\/?s={search_term_string}\"},\"query-input\":{\"@type\":\"PropertyValueSpecification\",\"valueRequired\":true,\"valueName\":\"search_term_string\"}}],\"inLanguage\":\"pt-PT\"},{\"@type\":\"Organization\",\"@id\":\"https:\\\/\\\/www.mylasertabac.com\\\/pt-pt\\\/#organization\",\"name\":\"My Laser Tabac\",\"url\":\"https:\\\/\\\/www.mylasertabac.com\\\/pt-pt\\\/\",\"logo\":{\"@type\":\"ImageObject\",\"inLanguage\":\"pt-PT\",\"@id\":\"https:\\\/\\\/www.mylasertabac.com\\\/pt-pt\\\/#\\\/schema\\\/logo\\\/image\\\/\",\"url\":\"https:\\\/\\\/www.mylasertabac.com\\\/wp-content\\\/uploads\\\/2024\\\/12\\\/mlt-verteau.svg\",\"contentUrl\":\"https:\\\/\\\/www.mylasertabac.com\\\/wp-content\\\/uploads\\\/2024\\\/12\\\/mlt-verteau.svg\",\"caption\":\"My Laser Tabac\"},\"image\":{\"@id\":\"https:\\\/\\\/www.mylasertabac.com\\\/pt-pt\\\/#\\\/schema\\\/logo\\\/image\\\/\"}},{\"@type\":\"Person\",\"@id\":\"https:\\\/\\\/www.mylasertabac.com\\\/pt-pt\\\/#\\\/schema\\\/person\\\/02c249cb76d912efb6c315ec23eccdf3\",\"name\":\"Florian Fortes\",\"image\":{\"@type\":\"ImageObject\",\"inLanguage\":\"pt-PT\",\"@id\":\"https:\\\/\\\/www.mylasertabac.com\\\/wp-content\\\/litespeed\\\/avatar\\\/142101a71d7b9e6490c1120d9c109a67.jpg?ver=1777461116\",\"url\":\"https:\\\/\\\/www.mylasertabac.com\\\/wp-content\\\/litespeed\\\/avatar\\\/142101a71d7b9e6490c1120d9c109a67.jpg?ver=1777461116\",\"contentUrl\":\"https:\\\/\\\/www.mylasertabac.com\\\/wp-content\\\/litespeed\\\/avatar\\\/142101a71d7b9e6490c1120d9c109a67.jpg?ver=1777461116\",\"caption\":\"Florian Fortes\"},\"sameAs\":[\"https:\\\/\\\/www.mylasertabac.com\",\"https:\\\/\\\/www.facebook.com\\\/profile.php?id=61571554707319\"],\"url\":\"https:\\\/\\\/www.mylasertabac.com\\\/pt-pt\\\/author\\\/florianfortes5312\\\/\"}]}<\/script>\n<!-- \/ Yoast SEO plugin. -->","yoast_head_json":{"title":"A Gera\u00e7\u00e3o Z est\u00e1 a tornar-se viciada sem se aperceber? - My Laser Tabac","description":"A Gera\u00e7\u00e3o Z est\u00e1 a desenvolver novas depend\u00eancias invis\u00edveis. Descobre como lidar com as armadilhas do a\u00e7\u00facar, do vaporizador, dos ecr\u00e3s e da can\u00e1bis.","robots":{"index":"index","follow":"follow","max-snippet":"max-snippet:-1","max-image-preview":"max-image-preview:large","max-video-preview":"max-video-preview:-1"},"canonical":"https:\/\/www.mylasertabac.com\/pt-pt\/a-geracao-z-esta-a-tornar-se-viciada-sem-se-aperceber\/","og_locale":"pt_PT","og_type":"article","og_title":"A Gera\u00e7\u00e3o Z est\u00e1 a tornar-se viciada sem se aperceber? - My Laser Tabac","og_description":"A Gera\u00e7\u00e3o Z est\u00e1 a desenvolver novas depend\u00eancias invis\u00edveis. Descobre como lidar com as armadilhas do a\u00e7\u00facar, do vaporizador, dos ecr\u00e3s e da can\u00e1bis.","og_url":"https:\/\/www.mylasertabac.com\/pt-pt\/a-geracao-z-esta-a-tornar-se-viciada-sem-se-aperceber\/","og_site_name":"My Laser Tabac","article_author":"https:\/\/www.facebook.com\/profile.php?id=61571554707319","article_published_time":"2025-07-29T22:41:43+00:00","article_modified_time":"2025-07-30T06:34:35+00:00","og_image":[{"width":1206,"height":793,"url":"https:\/\/www.mylasertabac.com\/wp-content\/uploads\/2025\/07\/generation-z-.jpeg","type":"image\/jpeg"}],"author":"Florian Fortes","twitter_card":"summary_large_image","twitter_misc":{"Escrito por":"Florian Fortes","Tempo estimado de leitura":"6 minutos"},"schema":{"@context":"https:\/\/schema.org","@graph":[{"@type":"Article","@id":"https:\/\/www.mylasertabac.com\/pt-pt\/a-geracao-z-esta-a-tornar-se-viciada-sem-se-aperceber\/#article","isPartOf":{"@id":"https:\/\/www.mylasertabac.com\/pt-pt\/a-geracao-z-esta-a-tornar-se-viciada-sem-se-aperceber\/"},"author":{"name":"Florian Fortes","@id":"https:\/\/www.mylasertabac.com\/pt-pt\/#\/schema\/person\/02c249cb76d912efb6c315ec23eccdf3"},"headline":"A Gera\u00e7\u00e3o Z est\u00e1 a tornar-se viciada sem se aperceber?","datePublished":"2025-07-29T22:41:43+00:00","dateModified":"2025-07-30T06:34:35+00:00","mainEntityOfPage":{"@id":"https:\/\/www.mylasertabac.com\/pt-pt\/a-geracao-z-esta-a-tornar-se-viciada-sem-se-aperceber\/"},"wordCount":1177,"publisher":{"@id":"https:\/\/www.mylasertabac.com\/pt-pt\/#organization"},"image":{"@id":"https:\/\/www.mylasertabac.com\/pt-pt\/a-geracao-z-esta-a-tornar-se-viciada-sem-se-aperceber\/#primaryimage"},"thumbnailUrl":"https:\/\/www.mylasertabac.com\/wp-content\/uploads\/2025\/07\/generation-z-.jpeg","articleSection":["Sa\u00fade e toxicodepend\u00eancia"],"inLanguage":"pt-PT"},{"@type":"WebPage","@id":"https:\/\/www.mylasertabac.com\/pt-pt\/a-geracao-z-esta-a-tornar-se-viciada-sem-se-aperceber\/","url":"https:\/\/www.mylasertabac.com\/pt-pt\/a-geracao-z-esta-a-tornar-se-viciada-sem-se-aperceber\/","name":"A Gera\u00e7\u00e3o Z est\u00e1 a tornar-se viciada sem se aperceber? - My Laser Tabac","isPartOf":{"@id":"https:\/\/www.mylasertabac.com\/pt-pt\/#website"},"primaryImageOfPage":{"@id":"https:\/\/www.mylasertabac.com\/pt-pt\/a-geracao-z-esta-a-tornar-se-viciada-sem-se-aperceber\/#primaryimage"},"image":{"@id":"https:\/\/www.mylasertabac.com\/pt-pt\/a-geracao-z-esta-a-tornar-se-viciada-sem-se-aperceber\/#primaryimage"},"thumbnailUrl":"https:\/\/www.mylasertabac.com\/wp-content\/uploads\/2025\/07\/generation-z-.jpeg","datePublished":"2025-07-29T22:41:43+00:00","dateModified":"2025-07-30T06:34:35+00:00","description":"A Gera\u00e7\u00e3o Z est\u00e1 a desenvolver novas depend\u00eancias invis\u00edveis. Descobre como lidar com as armadilhas do a\u00e7\u00facar, do vaporizador, dos ecr\u00e3s e da can\u00e1bis.","breadcrumb":{"@id":"https:\/\/www.mylasertabac.com\/pt-pt\/a-geracao-z-esta-a-tornar-se-viciada-sem-se-aperceber\/#breadcrumb"},"inLanguage":"pt-PT","potentialAction":[{"@type":"ReadAction","target":["https:\/\/www.mylasertabac.com\/pt-pt\/a-geracao-z-esta-a-tornar-se-viciada-sem-se-aperceber\/"]}]},{"@type":"ImageObject","inLanguage":"pt-PT","@id":"https:\/\/www.mylasertabac.com\/pt-pt\/a-geracao-z-esta-a-tornar-se-viciada-sem-se-aperceber\/#primaryimage","url":"https:\/\/www.mylasertabac.com\/wp-content\/uploads\/2025\/07\/generation-z-.jpeg","contentUrl":"https:\/\/www.mylasertabac.com\/wp-content\/uploads\/2025\/07\/generation-z-.jpeg","width":1206,"height":793},{"@type":"BreadcrumbList","@id":"https:\/\/www.mylasertabac.com\/pt-pt\/a-geracao-z-esta-a-tornar-se-viciada-sem-se-aperceber\/#breadcrumb","itemListElement":[{"@type":"ListItem","position":1,"name":"Accueil","item":"https:\/\/www.mylasertabac.com\/pt-pt\/casa\/"},{"@type":"ListItem","position":2,"name":"A Gera\u00e7\u00e3o Z est\u00e1 a tornar-se viciada sem se aperceber?"}]},{"@type":"WebSite","@id":"https:\/\/www.mylasertabac.com\/pt-pt\/#website","url":"https:\/\/www.mylasertabac.com\/pt-pt\/","name":"My Laser Tabac","description":"La solution laser qui transforme les fumeurs en ex-fumeurs","publisher":{"@id":"https:\/\/www.mylasertabac.com\/pt-pt\/#organization"},"potentialAction":[{"@type":"SearchAction","target":{"@type":"EntryPoint","urlTemplate":"https:\/\/www.mylasertabac.com\/pt-pt\/?s={search_term_string}"},"query-input":{"@type":"PropertyValueSpecification","valueRequired":true,"valueName":"search_term_string"}}],"inLanguage":"pt-PT"},{"@type":"Organization","@id":"https:\/\/www.mylasertabac.com\/pt-pt\/#organization","name":"My Laser Tabac","url":"https:\/\/www.mylasertabac.com\/pt-pt\/","logo":{"@type":"ImageObject","inLanguage":"pt-PT","@id":"https:\/\/www.mylasertabac.com\/pt-pt\/#\/schema\/logo\/image\/","url":"https:\/\/www.mylasertabac.com\/wp-content\/uploads\/2024\/12\/mlt-verteau.svg","contentUrl":"https:\/\/www.mylasertabac.com\/wp-content\/uploads\/2024\/12\/mlt-verteau.svg","caption":"My Laser Tabac"},"image":{"@id":"https:\/\/www.mylasertabac.com\/pt-pt\/#\/schema\/logo\/image\/"}},{"@type":"Person","@id":"https:\/\/www.mylasertabac.com\/pt-pt\/#\/schema\/person\/02c249cb76d912efb6c315ec23eccdf3","name":"Florian Fortes","image":{"@type":"ImageObject","inLanguage":"pt-PT","@id":"https:\/\/www.mylasertabac.com\/wp-content\/litespeed\/avatar\/142101a71d7b9e6490c1120d9c109a67.jpg?ver=1777461116","url":"https:\/\/www.mylasertabac.com\/wp-content\/litespeed\/avatar\/142101a71d7b9e6490c1120d9c109a67.jpg?ver=1777461116","contentUrl":"https:\/\/www.mylasertabac.com\/wp-content\/litespeed\/avatar\/142101a71d7b9e6490c1120d9c109a67.jpg?ver=1777461116","caption":"Florian Fortes"},"sameAs":["https:\/\/www.mylasertabac.com","https:\/\/www.facebook.com\/profile.php?id=61571554707319"],"url":"https:\/\/www.mylasertabac.com\/pt-pt\/author\/florianfortes5312\/"}]}},"_links":{"self":[{"href":"https:\/\/www.mylasertabac.com\/pt-pt\/wp-json\/wp\/v2\/posts\/12263","targetHints":{"allow":["GET"]}}],"collection":[{"href":"https:\/\/www.mylasertabac.com\/pt-pt\/wp-json\/wp\/v2\/posts"}],"about":[{"href":"https:\/\/www.mylasertabac.com\/pt-pt\/wp-json\/wp\/v2\/types\/post"}],"author":[{"embeddable":true,"href":"https:\/\/www.mylasertabac.com\/pt-pt\/wp-json\/wp\/v2\/users\/2"}],"replies":[{"embeddable":true,"href":"https:\/\/www.mylasertabac.com\/pt-pt\/wp-json\/wp\/v2\/comments?post=12263"}],"version-history":[{"count":7,"href":"https:\/\/www.mylasertabac.com\/pt-pt\/wp-json\/wp\/v2\/posts\/12263\/revisions"}],"predecessor-version":[{"id":12334,"href":"https:\/\/www.mylasertabac.com\/pt-pt\/wp-json\/wp\/v2\/posts\/12263\/revisions\/12334"}],"wp:featuredmedia":[{"embeddable":true,"href":"https:\/\/www.mylasertabac.com\/pt-pt\/wp-json\/wp\/v2\/media\/12291"}],"wp:attachment":[{"href":"https:\/\/www.mylasertabac.com\/pt-pt\/wp-json\/wp\/v2\/media?parent=12263"}],"wp:term":[{"taxonomy":"category","embeddable":true,"href":"https:\/\/www.mylasertabac.com\/pt-pt\/wp-json\/wp\/v2\/categories?post=12263"},{"taxonomy":"post_tag","embeddable":true,"href":"https:\/\/www.mylasertabac.com\/pt-pt\/wp-json\/wp\/v2\/tags?post=12263"}],"curies":[{"name":"wp","href":"https:\/\/api.w.org\/{rel}","templated":true}]}}