{"id":12363,"date":"2025-07-31T11:52:54","date_gmt":"2025-07-31T09:52:54","guid":{"rendered":"https:\/\/www.mylasertabac.com\/cancro-do-figado-3-em-cada-5-casos-sao-evitaveis-atraves-da-reducao-dos-factores-de-risco-nomeadamente-o-consumo-de-alcool\/"},"modified":"2025-07-31T11:55:07","modified_gmt":"2025-07-31T09:55:07","slug":"cancro-do-figado-3-em-cada-5-casos-sao-evitaveis-atraves-da-reducao-dos-factores-de-risco-nomeadamente-o-consumo-de-alcool","status":"publish","type":"post","link":"https:\/\/www.mylasertabac.com\/pt-pt\/cancro-do-figado-3-em-cada-5-casos-sao-evitaveis-atraves-da-reducao-dos-factores-de-risco-nomeadamente-o-consumo-de-alcool\/","title":{"rendered":"Cancro do f\u00edgado: 3 em cada 5 casos s\u00e3o evit\u00e1veis atrav\u00e9s da redu\u00e7\u00e3o dos factores de risco, nomeadamente o consumo de \u00e1lcool"},"content":{"rendered":"\n<p>Tr\u00eas em cada cinco cancros do f\u00edgado s\u00e3o considerados evit\u00e1veis. E entre as principais causas? <strong>O consumo excessivo de \u00e1lcool<\/strong>. Mas por detr\u00e1s destes n\u00fameros h\u00e1 realidades mais graves: uma doen\u00e7a silenciosa, muitas vezes detectada demasiado tarde, atribu\u00edvel a escolhas de estilo de vida que podem ser invertidas.  <\/p>\n\n<div style=\"height:25px\" aria-hidden=\"true\" class=\"wp-block-spacer\"><\/div>\n\n<hr class=\"wp-block-separator has-alpha-channel-opacity\"\/>\n\n<h2 class=\"wp-block-heading\">O consumo de \u00e1lcool: um perigo grave mas revers\u00edvel<\/h2>\n\n<div style=\"height:25px\" aria-hidden=\"true\" class=\"wp-block-spacer\"><\/div>\n\n<p>Cada copo conta. Mesmo aqueles que justificamos como &#8220;toler\u00e1veis&#8221;. Porque <strong>o \u00e1lcool tem um impacto direto no f\u00edgado, tornando-o vulner\u00e1vel<\/strong> a danos cr\u00f3nicos e por vezes irrevers\u00edveis. Um estudo nacional recentemente publicado mostra que a interrup\u00e7\u00e3o ou redu\u00e7\u00e3o substancial do consumo de \u00e1lcool est\u00e1 associada a uma <strong>redu\u00e7\u00e3o de quase 40% do risco de cancros relacionados com o \u00e1lcool<\/strong> (f\u00edgado, garganta, es\u00f3fago, etc.).     <\/p>\n\n<p><\/p>\n\n<p>Estes benef\u00edcios n\u00e3o est\u00e3o distantes: come\u00e7am logo que deixas o h\u00e1bito. <strong>A abstin\u00eancia do \u00e1lcool<\/strong>, combinada com a abstin\u00eancia a longo prazo, torna-se ent\u00e3o uma importante medida de sa\u00fade p\u00fablica. <\/p>\n\n<div style=\"height:25px\" aria-hidden=\"true\" class=\"wp-block-spacer\"><\/div>\n\n<hr class=\"wp-block-separator has-alpha-channel-opacity\"\/>\n\n<h2 class=\"wp-block-heading\">Sintomas de abstin\u00eancia: o que podes esperar<\/h2>\n\n<div style=\"height:25px\" aria-hidden=\"true\" class=\"wp-block-spacer\"><\/div>\n\n<p>Deixar de beber \u00e1lcool n\u00e3o \u00e9 um passo trivial. Ap\u00f3s anos de consumo, o corpo reage rapidamente: <\/p>\n\n<div style=\"height:15px\" aria-hidden=\"true\" class=\"wp-block-spacer\"><\/div>\n\n<ul class=\"wp-block-list\">\n<li>De 6 a 12 horas: ansiedade, tremores, ins\u00f3nias, n\u00e1useas .<\/li>\n\n\n\n<li>Entre 24 e 72 horas: poss\u00edvel agravamento, delirium tremens, alucina\u00e7\u00f5es, convuls\u00f5es.<\/li>\n\n\n\n<li>A fase aguda dura cerca de 3 a 7 dias, mas os sintomas psicol\u00f3gicos podem prolongar-se por v\u00e1rias semanas.<\/li>\n<\/ul>\n\n<p>Sem apoio m\u00e9dico, estes per\u00edodos exp\u00f5em-te a riscos por vezes graves. Da\u00ed a import\u00e2ncia crucial de um acompanhamento adequado assim que decidires libertar-te de uma depend\u00eancia. <\/p>\n\n<div style=\"height:24px\" aria-hidden=\"true\" class=\"wp-block-spacer\"><\/div>\n\n<p class=\"has-cyan-bluish-gray-background-color has-background\">L\u00ea tamb\u00e9m: <a href=\"https:\/\/www.mylasertabac.com\/pt-pt\/informacoes\/formacao-laser-anti-tabaco-e-contra-a-dependencia\/\"><mark style=\"background-color:rgba(0, 0, 0, 0)\" class=\"has-inline-color has-luminous-vivid-orange-color\">Se pretendes lan\u00e7ar um novo neg\u00f3cio em expans\u00e3o, oferecemos cursos de forma\u00e7\u00e3o em reflexologia auricular.<\/mark><\/a><\/p>\n\n<div style=\"height:24px\" aria-hidden=\"true\" class=\"wp-block-spacer\"><\/div>\n\n<hr class=\"wp-block-separator has-alpha-channel-opacity\"\/>\n\n<h2 class=\"wp-block-heading\">Porqu\u00ea agir agora? Os benef\u00edcios de uma retirada devidamente supervisionada <\/h2>\n\n<div style=\"height:15px\" aria-hidden=\"true\" class=\"wp-block-spacer\"><\/div>\n\n<p>Estes benef\u00edcios v\u00e3o muito para al\u00e9m do aspeto &#8220;f\u00edgado&#8221;:<\/p>\n\n<div style=\"height:15px\" aria-hidden=\"true\" class=\"wp-block-spacer\"><\/div>\n\n<ul class=\"wp-block-list\">\n<li>Redu\u00e7\u00e3o <strong>substancial do risco de cancro do f\u00edgado, da<\/strong> cavidade oral, da faringe, do es\u00f3fago, do c\u00f3lon e do reto.<\/li>\n\n\n\n<li>Melhora <strong>a fun\u00e7\u00e3o hep\u00e1tica<\/strong>, facilita a digest\u00e3o e revitaliza a energia.<\/li>\n\n\n\n<li>Estabiliza\u00e7\u00e3o do humor, melhoria da qualidade do sono, redu\u00e7\u00e3o da ansiedade e do risco de depress\u00e3o p\u00f3s-desmame.<\/li>\n<\/ul>\n\n<p>Uma vez iniciada a abstin\u00eancia, cada dia sem \u00e1lcool refor\u00e7a estes efeitos. \u00c9 uma vit\u00f3ria gradual mas real. <\/p>\n\n<div style=\"height:15px\" aria-hidden=\"true\" class=\"wp-block-spacer\"><\/div>\n\n<hr class=\"wp-block-separator has-alpha-channel-opacity\"\/>\n\n<h2 class=\"wp-block-heading\">Retirada do \u00e1lcool: um processo passo a passo<\/h2>\n\n<div style=\"height:23px\" aria-hidden=\"true\" class=\"wp-block-spacer\"><\/div>\n\n<h3 class=\"wp-block-heading\">1. Diagn\u00f3stico personalizado<\/h3>\n\n<div style=\"height:23px\" aria-hidden=\"true\" class=\"wp-block-spacer\"><\/div>\n\n<p>Um profissional de sa\u00fade (m\u00e9dico, toxicologista, enfermeiro ou psic\u00f3logo) avalia a depend\u00eancia e a hist\u00f3ria cl\u00ednica e prop\u00f5e um plano adaptado. Associa\u00e7\u00f5es e estruturas especializadas, como o Alcool Info Service, tamb\u00e9m oferecem um apoio essencial. <\/p>\n\n<div style=\"height:23px\" aria-hidden=\"true\" class=\"wp-block-spacer\"><\/div>\n\n<h3 class=\"wp-block-heading\">2. Tratamento adequado na fase aguda<\/h3>\n\n<div style=\"height:23px\" aria-hidden=\"true\" class=\"wp-block-spacer\"><\/div>\n\n<p>Em alguns casos, nomeadamente em caso de sinais graves, pode ser necess\u00e1rio hospitalizar. As benzodiazepinas (clordiazep\u00f3xido, diazepam) previnem as crises convulsivas e os suplementos vitam\u00ednicos (sobretudo B1\/tiamina) protegem o c\u00e9rebro. <\/p>\n\n<div style=\"height:23px\" aria-hidden=\"true\" class=\"wp-block-spacer\"><\/div>\n\n<h3 class=\"wp-block-heading\">3. Transi\u00e7\u00e3o para uma abstin\u00eancia est\u00e1vel<\/h3>\n\n<div style=\"height:23px\" aria-hidden=\"true\" class=\"wp-block-spacer\"><\/div>\n\n<p>A cessa\u00e7\u00e3o parcial ou total, supervisionada e progressiva, ajuda a evitar reca\u00eddas s\u00fabitas. A abstin\u00eancia prolongada est\u00e1 claramente associada a uma redu\u00e7\u00e3o do risco de cancro da ordem dos 40% ou mais. <\/p>\n\n<div style=\"height:23px\" aria-hidden=\"true\" class=\"wp-block-spacer\"><\/div>\n\n<h3 class=\"wp-block-heading\">4. Apoio psicol\u00f3gico e social<\/h3>\n\n<div style=\"height:23px\" aria-hidden=\"true\" class=\"wp-block-spacer\"><\/div>\n\n<p>Grupos de discuss\u00e3o, psicoterapia, apoio a fam\u00edlias ou associa\u00e7\u00f5es &#8211; a dimens\u00e3o humana \u00e9 crucial. Quebrar o isolamento contribui para uma mudan\u00e7a duradoura. <\/p>\n\n<div style=\"height:23px\" aria-hidden=\"true\" class=\"wp-block-spacer\"><\/div>\n\n<h2 class=\"wp-block-heading\">Criar uma nova rotina: um aliado complementar na retirada<\/h2>\n\n<div style=\"height:23px\" aria-hidden=\"true\" class=\"wp-block-spacer\"><\/div>\n\n<p>Desporto, rituais de bem-estar, t\u00e9cnicas de respira\u00e7\u00e3o&#8230; Todas estas pr\u00e1ticas apoiam a tua decis\u00e3o. Proporcionam estrutura, prazer e uma nova hist\u00f3ria para contares a ti pr\u00f3prio. E mant\u00e9m a mente t\u00e3o ocupada como o corpo, reduzindo a vontade de consumir.  <\/p>\n\n<div style=\"height:23px\" aria-hidden=\"true\" class=\"wp-block-spacer\"><\/div>\n\n<h2 class=\"wp-block-heading\">Em conclus\u00e3o: se te libertares do \u00e1lcool, j\u00e1 est\u00e1s a tomar medidas para prevenir o cancro<\/h2>\n\n<div style=\"height:23px\" aria-hidden=\"true\" class=\"wp-block-spacer\"><\/div>\n\n<p>Sim, tr\u00eas em cada cinco casos de cancro do f\u00edgado podem ser evitados. A mudan\u00e7a come\u00e7a com decis\u00f5es concretas, hoje. A<a href=\"https:\/\/www.mylasertabac.com\/pt-pt\/\"> <strong>abstin\u00eancia alco\u00f3lica<\/strong><\/a><strong> associada<\/strong> \u00e0 abstin\u00eancia, n\u00e3o \u00e9 apenas uma iniciativa de sa\u00fade, \u00e9 tamb\u00e9m uma promessa de serenidade, uma forma de recuperar o controlo sobre o teu corpo, o teu futuro, a tua vida.  <\/p>\n\n<p>\u00c9 um caminho exigente, mas \u00e9 um caminho humano. E acima de tudo: \u00e9 um caminho de salva\u00e7\u00e3o. Ent\u00e3o, est\u00e1s pronto para atravessar livremente este primeiro cap\u00edtulo?    <\/p>\n\n<p>Se queres deixar o \u00e1lcool, marca uma consulta num dos <a href=\"https:\/\/www.mylasertabac.com\/pt-pt\/os-nossos-centros\/\">nossos centros de laser<\/a> em toda a Fran\u00e7a.<\/p>\n\n<div style=\"height:48px\" aria-hidden=\"true\" class=\"wp-block-spacer\"><\/div>\n\n<figure class=\"wp-block-image size-large\"><img decoding=\"async\" src=\"https:\/\/www.mylasertabac.com\/wp-content\/uploads\/\/mlt-verteau.svg\" alt=\"\" class=\"wp-image-13\"\/><\/figure>\n\n<p><\/p>\n","protected":false},"excerpt":{"rendered":"<p>Tr\u00eas em cada cinco cancros do f\u00edgado s\u00e3o considerados evit\u00e1veis. E entre as principais causas? O consumo excessivo de \u00e1lcool. Mas por detr\u00e1s destes n\u00fameros h\u00e1 realidades mais graves: uma doen\u00e7a silenciosa, muitas vezes detectada demasiado tarde, atribu\u00edvel a escolhas de estilo de vida que podem ser invertidas. O consumo de \u00e1lcool: um perigo grave [&hellip;]<\/p>\n","protected":false},"author":2,"featured_media":12354,"comment_status":"closed","ping_status":"open","sticky":false,"template":"","format":"standard","meta":{"inline_featured_image":false,"footnotes":""},"categories":[77],"tags":[],"class_list":["post-12363","post","type-post","status-publish","format-standard","has-post-thumbnail","hentry","category-sem-categoria"],"yoast_head":"<!-- This site is optimized with the Yoast SEO plugin v27.5 - https:\/\/yoast.com\/product\/yoast-seo-wordpress\/ -->\n<title>Cancro do f\u00edgado: 3 em cada 5 casos s\u00e3o evit\u00e1veis atrav\u00e9s da redu\u00e7\u00e3o dos factores de risco, nomeadamente o consumo de \u00e1lcool - My Laser Tabac<\/title>\n<meta name=\"description\" content=\"Descobre como prevenir o cancro do f\u00edgado actuando sobre os verdadeiros factores desencadeantes, nomeadamente o \u00e1lcool. H\u00e1 solu\u00e7\u00f5es, descobre mais.\" \/>\n<meta name=\"robots\" content=\"index, follow, max-snippet:-1, max-image-preview:large, max-video-preview:-1\" \/>\n<link rel=\"canonical\" href=\"https:\/\/www.mylasertabac.com\/pt-pt\/cancro-do-figado-3-em-cada-5-casos-sao-evitaveis-atraves-da-reducao-dos-factores-de-risco-nomeadamente-o-consumo-de-alcool\/\" \/>\n<meta property=\"og:locale\" content=\"pt_PT\" \/>\n<meta property=\"og:type\" content=\"article\" \/>\n<meta property=\"og:title\" content=\"Cancro do f\u00edgado: 3 em cada 5 casos s\u00e3o evit\u00e1veis atrav\u00e9s da redu\u00e7\u00e3o dos factores de risco, nomeadamente o consumo de \u00e1lcool - My Laser Tabac\" \/>\n<meta property=\"og:description\" content=\"Descobre como prevenir o cancro do f\u00edgado actuando sobre os verdadeiros factores desencadeantes, nomeadamente o \u00e1lcool. H\u00e1 solu\u00e7\u00f5es, descobre mais.\" \/>\n<meta property=\"og:url\" content=\"https:\/\/www.mylasertabac.com\/pt-pt\/cancro-do-figado-3-em-cada-5-casos-sao-evitaveis-atraves-da-reducao-dos-factores-de-risco-nomeadamente-o-consumo-de-alcool\/\" \/>\n<meta property=\"og:site_name\" content=\"My Laser Tabac\" \/>\n<meta property=\"article:author\" content=\"https:\/\/www.facebook.com\/profile.php?id=61571554707319\" \/>\n<meta property=\"article:published_time\" content=\"2025-07-31T09:52:54+00:00\" \/>\n<meta property=\"article:modified_time\" content=\"2025-07-31T09:55:07+00:00\" \/>\n<meta property=\"og:image\" content=\"https:\/\/www.mylasertabac.com\/wp-content\/uploads\/2025\/07\/cancer-du-foi-comment-eviter.jpg\" \/>\n\t<meta property=\"og:image:width\" content=\"1600\" \/>\n\t<meta property=\"og:image:height\" content=\"1067\" \/>\n\t<meta property=\"og:image:type\" content=\"image\/jpeg\" \/>\n<meta name=\"author\" content=\"Florian Fortes\" \/>\n<meta name=\"twitter:card\" content=\"summary_large_image\" \/>\n<meta name=\"twitter:label1\" content=\"Escrito por\" \/>\n\t<meta name=\"twitter:data1\" content=\"Florian Fortes\" \/>\n\t<meta name=\"twitter:label2\" content=\"Tempo estimado de leitura\" \/>\n\t<meta name=\"twitter:data2\" content=\"4 minutos\" \/>\n<script type=\"application\/ld+json\" class=\"yoast-schema-graph\">{\"@context\":\"https:\\\/\\\/schema.org\",\"@graph\":[{\"@type\":\"Article\",\"@id\":\"https:\\\/\\\/www.mylasertabac.com\\\/pt-pt\\\/cancro-do-figado-3-em-cada-5-casos-sao-evitaveis-atraves-da-reducao-dos-factores-de-risco-nomeadamente-o-consumo-de-alcool\\\/#article\",\"isPartOf\":{\"@id\":\"https:\\\/\\\/www.mylasertabac.com\\\/pt-pt\\\/cancro-do-figado-3-em-cada-5-casos-sao-evitaveis-atraves-da-reducao-dos-factores-de-risco-nomeadamente-o-consumo-de-alcool\\\/\"},\"author\":{\"name\":\"Florian Fortes\",\"@id\":\"https:\\\/\\\/www.mylasertabac.com\\\/pt-pt\\\/#\\\/schema\\\/person\\\/02c249cb76d912efb6c315ec23eccdf3\"},\"headline\":\"Cancro do f\u00edgado: 3 em cada 5 casos s\u00e3o evit\u00e1veis atrav\u00e9s da redu\u00e7\u00e3o dos factores de risco, nomeadamente o consumo de \u00e1lcool\",\"datePublished\":\"2025-07-31T09:52:54+00:00\",\"dateModified\":\"2025-07-31T09:55:07+00:00\",\"mainEntityOfPage\":{\"@id\":\"https:\\\/\\\/www.mylasertabac.com\\\/pt-pt\\\/cancro-do-figado-3-em-cada-5-casos-sao-evitaveis-atraves-da-reducao-dos-factores-de-risco-nomeadamente-o-consumo-de-alcool\\\/\"},\"wordCount\":781,\"publisher\":{\"@id\":\"https:\\\/\\\/www.mylasertabac.com\\\/pt-pt\\\/#organization\"},\"image\":{\"@id\":\"https:\\\/\\\/www.mylasertabac.com\\\/pt-pt\\\/cancro-do-figado-3-em-cada-5-casos-sao-evitaveis-atraves-da-reducao-dos-factores-de-risco-nomeadamente-o-consumo-de-alcool\\\/#primaryimage\"},\"thumbnailUrl\":\"https:\\\/\\\/www.mylasertabac.com\\\/wp-content\\\/uploads\\\/2025\\\/07\\\/cancer-du-foi-comment-eviter.jpg\",\"inLanguage\":\"pt-PT\"},{\"@type\":\"WebPage\",\"@id\":\"https:\\\/\\\/www.mylasertabac.com\\\/pt-pt\\\/cancro-do-figado-3-em-cada-5-casos-sao-evitaveis-atraves-da-reducao-dos-factores-de-risco-nomeadamente-o-consumo-de-alcool\\\/\",\"url\":\"https:\\\/\\\/www.mylasertabac.com\\\/pt-pt\\\/cancro-do-figado-3-em-cada-5-casos-sao-evitaveis-atraves-da-reducao-dos-factores-de-risco-nomeadamente-o-consumo-de-alcool\\\/\",\"name\":\"Cancro do f\u00edgado: 3 em cada 5 casos s\u00e3o evit\u00e1veis atrav\u00e9s da redu\u00e7\u00e3o dos factores de risco, nomeadamente o consumo de \u00e1lcool - My Laser Tabac\",\"isPartOf\":{\"@id\":\"https:\\\/\\\/www.mylasertabac.com\\\/pt-pt\\\/#website\"},\"primaryImageOfPage\":{\"@id\":\"https:\\\/\\\/www.mylasertabac.com\\\/pt-pt\\\/cancro-do-figado-3-em-cada-5-casos-sao-evitaveis-atraves-da-reducao-dos-factores-de-risco-nomeadamente-o-consumo-de-alcool\\\/#primaryimage\"},\"image\":{\"@id\":\"https:\\\/\\\/www.mylasertabac.com\\\/pt-pt\\\/cancro-do-figado-3-em-cada-5-casos-sao-evitaveis-atraves-da-reducao-dos-factores-de-risco-nomeadamente-o-consumo-de-alcool\\\/#primaryimage\"},\"thumbnailUrl\":\"https:\\\/\\\/www.mylasertabac.com\\\/wp-content\\\/uploads\\\/2025\\\/07\\\/cancer-du-foi-comment-eviter.jpg\",\"datePublished\":\"2025-07-31T09:52:54+00:00\",\"dateModified\":\"2025-07-31T09:55:07+00:00\",\"description\":\"Descobre como prevenir o cancro do f\u00edgado actuando sobre os verdadeiros factores desencadeantes, nomeadamente o \u00e1lcool. H\u00e1 solu\u00e7\u00f5es, descobre mais.\",\"breadcrumb\":{\"@id\":\"https:\\\/\\\/www.mylasertabac.com\\\/pt-pt\\\/cancro-do-figado-3-em-cada-5-casos-sao-evitaveis-atraves-da-reducao-dos-factores-de-risco-nomeadamente-o-consumo-de-alcool\\\/#breadcrumb\"},\"inLanguage\":\"pt-PT\",\"potentialAction\":[{\"@type\":\"ReadAction\",\"target\":[\"https:\\\/\\\/www.mylasertabac.com\\\/pt-pt\\\/cancro-do-figado-3-em-cada-5-casos-sao-evitaveis-atraves-da-reducao-dos-factores-de-risco-nomeadamente-o-consumo-de-alcool\\\/\"]}]},{\"@type\":\"ImageObject\",\"inLanguage\":\"pt-PT\",\"@id\":\"https:\\\/\\\/www.mylasertabac.com\\\/pt-pt\\\/cancro-do-figado-3-em-cada-5-casos-sao-evitaveis-atraves-da-reducao-dos-factores-de-risco-nomeadamente-o-consumo-de-alcool\\\/#primaryimage\",\"url\":\"https:\\\/\\\/www.mylasertabac.com\\\/wp-content\\\/uploads\\\/2025\\\/07\\\/cancer-du-foi-comment-eviter.jpg\",\"contentUrl\":\"https:\\\/\\\/www.mylasertabac.com\\\/wp-content\\\/uploads\\\/2025\\\/07\\\/cancer-du-foi-comment-eviter.jpg\",\"width\":1600,\"height\":1067},{\"@type\":\"BreadcrumbList\",\"@id\":\"https:\\\/\\\/www.mylasertabac.com\\\/pt-pt\\\/cancro-do-figado-3-em-cada-5-casos-sao-evitaveis-atraves-da-reducao-dos-factores-de-risco-nomeadamente-o-consumo-de-alcool\\\/#breadcrumb\",\"itemListElement\":[{\"@type\":\"ListItem\",\"position\":1,\"name\":\"Accueil\",\"item\":\"https:\\\/\\\/www.mylasertabac.com\\\/pt-pt\\\/casa\\\/\"},{\"@type\":\"ListItem\",\"position\":2,\"name\":\"Cancro do f\u00edgado: 3 em cada 5 casos s\u00e3o evit\u00e1veis atrav\u00e9s da redu\u00e7\u00e3o dos factores de risco, nomeadamente o consumo de \u00e1lcool\"}]},{\"@type\":\"WebSite\",\"@id\":\"https:\\\/\\\/www.mylasertabac.com\\\/pt-pt\\\/#website\",\"url\":\"https:\\\/\\\/www.mylasertabac.com\\\/pt-pt\\\/\",\"name\":\"My Laser Tabac\",\"description\":\"La solution laser qui transforme les fumeurs en ex-fumeurs\",\"publisher\":{\"@id\":\"https:\\\/\\\/www.mylasertabac.com\\\/pt-pt\\\/#organization\"},\"potentialAction\":[{\"@type\":\"SearchAction\",\"target\":{\"@type\":\"EntryPoint\",\"urlTemplate\":\"https:\\\/\\\/www.mylasertabac.com\\\/pt-pt\\\/?s={search_term_string}\"},\"query-input\":{\"@type\":\"PropertyValueSpecification\",\"valueRequired\":true,\"valueName\":\"search_term_string\"}}],\"inLanguage\":\"pt-PT\"},{\"@type\":\"Organization\",\"@id\":\"https:\\\/\\\/www.mylasertabac.com\\\/pt-pt\\\/#organization\",\"name\":\"My Laser Tabac\",\"url\":\"https:\\\/\\\/www.mylasertabac.com\\\/pt-pt\\\/\",\"logo\":{\"@type\":\"ImageObject\",\"inLanguage\":\"pt-PT\",\"@id\":\"https:\\\/\\\/www.mylasertabac.com\\\/pt-pt\\\/#\\\/schema\\\/logo\\\/image\\\/\",\"url\":\"https:\\\/\\\/www.mylasertabac.com\\\/wp-content\\\/uploads\\\/2024\\\/12\\\/mlt-verteau.svg\",\"contentUrl\":\"https:\\\/\\\/www.mylasertabac.com\\\/wp-content\\\/uploads\\\/2024\\\/12\\\/mlt-verteau.svg\",\"caption\":\"My Laser Tabac\"},\"image\":{\"@id\":\"https:\\\/\\\/www.mylasertabac.com\\\/pt-pt\\\/#\\\/schema\\\/logo\\\/image\\\/\"}},{\"@type\":\"Person\",\"@id\":\"https:\\\/\\\/www.mylasertabac.com\\\/pt-pt\\\/#\\\/schema\\\/person\\\/02c249cb76d912efb6c315ec23eccdf3\",\"name\":\"Florian Fortes\",\"image\":{\"@type\":\"ImageObject\",\"inLanguage\":\"pt-PT\",\"@id\":\"https:\\\/\\\/www.mylasertabac.com\\\/wp-content\\\/litespeed\\\/avatar\\\/142101a71d7b9e6490c1120d9c109a67.jpg?ver=1777461116\",\"url\":\"https:\\\/\\\/www.mylasertabac.com\\\/wp-content\\\/litespeed\\\/avatar\\\/142101a71d7b9e6490c1120d9c109a67.jpg?ver=1777461116\",\"contentUrl\":\"https:\\\/\\\/www.mylasertabac.com\\\/wp-content\\\/litespeed\\\/avatar\\\/142101a71d7b9e6490c1120d9c109a67.jpg?ver=1777461116\",\"caption\":\"Florian Fortes\"},\"sameAs\":[\"https:\\\/\\\/www.mylasertabac.com\",\"https:\\\/\\\/www.facebook.com\\\/profile.php?id=61571554707319\"],\"url\":\"https:\\\/\\\/www.mylasertabac.com\\\/pt-pt\\\/author\\\/florianfortes5312\\\/\"}]}<\/script>\n<!-- \/ Yoast SEO plugin. -->","yoast_head_json":{"title":"Cancro do f\u00edgado: 3 em cada 5 casos s\u00e3o evit\u00e1veis atrav\u00e9s da redu\u00e7\u00e3o dos factores de risco, nomeadamente o consumo de \u00e1lcool - My Laser Tabac","description":"Descobre como prevenir o cancro do f\u00edgado actuando sobre os verdadeiros factores desencadeantes, nomeadamente o \u00e1lcool. H\u00e1 solu\u00e7\u00f5es, descobre mais.","robots":{"index":"index","follow":"follow","max-snippet":"max-snippet:-1","max-image-preview":"max-image-preview:large","max-video-preview":"max-video-preview:-1"},"canonical":"https:\/\/www.mylasertabac.com\/pt-pt\/cancro-do-figado-3-em-cada-5-casos-sao-evitaveis-atraves-da-reducao-dos-factores-de-risco-nomeadamente-o-consumo-de-alcool\/","og_locale":"pt_PT","og_type":"article","og_title":"Cancro do f\u00edgado: 3 em cada 5 casos s\u00e3o evit\u00e1veis atrav\u00e9s da redu\u00e7\u00e3o dos factores de risco, nomeadamente o consumo de \u00e1lcool - My Laser Tabac","og_description":"Descobre como prevenir o cancro do f\u00edgado actuando sobre os verdadeiros factores desencadeantes, nomeadamente o \u00e1lcool. H\u00e1 solu\u00e7\u00f5es, descobre mais.","og_url":"https:\/\/www.mylasertabac.com\/pt-pt\/cancro-do-figado-3-em-cada-5-casos-sao-evitaveis-atraves-da-reducao-dos-factores-de-risco-nomeadamente-o-consumo-de-alcool\/","og_site_name":"My Laser Tabac","article_author":"https:\/\/www.facebook.com\/profile.php?id=61571554707319","article_published_time":"2025-07-31T09:52:54+00:00","article_modified_time":"2025-07-31T09:55:07+00:00","og_image":[{"width":1600,"height":1067,"url":"https:\/\/www.mylasertabac.com\/wp-content\/uploads\/2025\/07\/cancer-du-foi-comment-eviter.jpg","type":"image\/jpeg"}],"author":"Florian Fortes","twitter_card":"summary_large_image","twitter_misc":{"Escrito por":"Florian Fortes","Tempo estimado de leitura":"4 minutos"},"schema":{"@context":"https:\/\/schema.org","@graph":[{"@type":"Article","@id":"https:\/\/www.mylasertabac.com\/pt-pt\/cancro-do-figado-3-em-cada-5-casos-sao-evitaveis-atraves-da-reducao-dos-factores-de-risco-nomeadamente-o-consumo-de-alcool\/#article","isPartOf":{"@id":"https:\/\/www.mylasertabac.com\/pt-pt\/cancro-do-figado-3-em-cada-5-casos-sao-evitaveis-atraves-da-reducao-dos-factores-de-risco-nomeadamente-o-consumo-de-alcool\/"},"author":{"name":"Florian Fortes","@id":"https:\/\/www.mylasertabac.com\/pt-pt\/#\/schema\/person\/02c249cb76d912efb6c315ec23eccdf3"},"headline":"Cancro do f\u00edgado: 3 em cada 5 casos s\u00e3o evit\u00e1veis atrav\u00e9s da redu\u00e7\u00e3o dos factores de risco, nomeadamente o consumo de \u00e1lcool","datePublished":"2025-07-31T09:52:54+00:00","dateModified":"2025-07-31T09:55:07+00:00","mainEntityOfPage":{"@id":"https:\/\/www.mylasertabac.com\/pt-pt\/cancro-do-figado-3-em-cada-5-casos-sao-evitaveis-atraves-da-reducao-dos-factores-de-risco-nomeadamente-o-consumo-de-alcool\/"},"wordCount":781,"publisher":{"@id":"https:\/\/www.mylasertabac.com\/pt-pt\/#organization"},"image":{"@id":"https:\/\/www.mylasertabac.com\/pt-pt\/cancro-do-figado-3-em-cada-5-casos-sao-evitaveis-atraves-da-reducao-dos-factores-de-risco-nomeadamente-o-consumo-de-alcool\/#primaryimage"},"thumbnailUrl":"https:\/\/www.mylasertabac.com\/wp-content\/uploads\/2025\/07\/cancer-du-foi-comment-eviter.jpg","inLanguage":"pt-PT"},{"@type":"WebPage","@id":"https:\/\/www.mylasertabac.com\/pt-pt\/cancro-do-figado-3-em-cada-5-casos-sao-evitaveis-atraves-da-reducao-dos-factores-de-risco-nomeadamente-o-consumo-de-alcool\/","url":"https:\/\/www.mylasertabac.com\/pt-pt\/cancro-do-figado-3-em-cada-5-casos-sao-evitaveis-atraves-da-reducao-dos-factores-de-risco-nomeadamente-o-consumo-de-alcool\/","name":"Cancro do f\u00edgado: 3 em cada 5 casos s\u00e3o evit\u00e1veis atrav\u00e9s da redu\u00e7\u00e3o dos factores de risco, nomeadamente o consumo de \u00e1lcool - My Laser Tabac","isPartOf":{"@id":"https:\/\/www.mylasertabac.com\/pt-pt\/#website"},"primaryImageOfPage":{"@id":"https:\/\/www.mylasertabac.com\/pt-pt\/cancro-do-figado-3-em-cada-5-casos-sao-evitaveis-atraves-da-reducao-dos-factores-de-risco-nomeadamente-o-consumo-de-alcool\/#primaryimage"},"image":{"@id":"https:\/\/www.mylasertabac.com\/pt-pt\/cancro-do-figado-3-em-cada-5-casos-sao-evitaveis-atraves-da-reducao-dos-factores-de-risco-nomeadamente-o-consumo-de-alcool\/#primaryimage"},"thumbnailUrl":"https:\/\/www.mylasertabac.com\/wp-content\/uploads\/2025\/07\/cancer-du-foi-comment-eviter.jpg","datePublished":"2025-07-31T09:52:54+00:00","dateModified":"2025-07-31T09:55:07+00:00","description":"Descobre como prevenir o cancro do f\u00edgado actuando sobre os verdadeiros factores desencadeantes, nomeadamente o \u00e1lcool. H\u00e1 solu\u00e7\u00f5es, descobre mais.","breadcrumb":{"@id":"https:\/\/www.mylasertabac.com\/pt-pt\/cancro-do-figado-3-em-cada-5-casos-sao-evitaveis-atraves-da-reducao-dos-factores-de-risco-nomeadamente-o-consumo-de-alcool\/#breadcrumb"},"inLanguage":"pt-PT","potentialAction":[{"@type":"ReadAction","target":["https:\/\/www.mylasertabac.com\/pt-pt\/cancro-do-figado-3-em-cada-5-casos-sao-evitaveis-atraves-da-reducao-dos-factores-de-risco-nomeadamente-o-consumo-de-alcool\/"]}]},{"@type":"ImageObject","inLanguage":"pt-PT","@id":"https:\/\/www.mylasertabac.com\/pt-pt\/cancro-do-figado-3-em-cada-5-casos-sao-evitaveis-atraves-da-reducao-dos-factores-de-risco-nomeadamente-o-consumo-de-alcool\/#primaryimage","url":"https:\/\/www.mylasertabac.com\/wp-content\/uploads\/2025\/07\/cancer-du-foi-comment-eviter.jpg","contentUrl":"https:\/\/www.mylasertabac.com\/wp-content\/uploads\/2025\/07\/cancer-du-foi-comment-eviter.jpg","width":1600,"height":1067},{"@type":"BreadcrumbList","@id":"https:\/\/www.mylasertabac.com\/pt-pt\/cancro-do-figado-3-em-cada-5-casos-sao-evitaveis-atraves-da-reducao-dos-factores-de-risco-nomeadamente-o-consumo-de-alcool\/#breadcrumb","itemListElement":[{"@type":"ListItem","position":1,"name":"Accueil","item":"https:\/\/www.mylasertabac.com\/pt-pt\/casa\/"},{"@type":"ListItem","position":2,"name":"Cancro do f\u00edgado: 3 em cada 5 casos s\u00e3o evit\u00e1veis atrav\u00e9s da redu\u00e7\u00e3o dos factores de risco, nomeadamente o consumo de \u00e1lcool"}]},{"@type":"WebSite","@id":"https:\/\/www.mylasertabac.com\/pt-pt\/#website","url":"https:\/\/www.mylasertabac.com\/pt-pt\/","name":"My Laser Tabac","description":"La solution laser qui transforme les fumeurs en ex-fumeurs","publisher":{"@id":"https:\/\/www.mylasertabac.com\/pt-pt\/#organization"},"potentialAction":[{"@type":"SearchAction","target":{"@type":"EntryPoint","urlTemplate":"https:\/\/www.mylasertabac.com\/pt-pt\/?s={search_term_string}"},"query-input":{"@type":"PropertyValueSpecification","valueRequired":true,"valueName":"search_term_string"}}],"inLanguage":"pt-PT"},{"@type":"Organization","@id":"https:\/\/www.mylasertabac.com\/pt-pt\/#organization","name":"My Laser Tabac","url":"https:\/\/www.mylasertabac.com\/pt-pt\/","logo":{"@type":"ImageObject","inLanguage":"pt-PT","@id":"https:\/\/www.mylasertabac.com\/pt-pt\/#\/schema\/logo\/image\/","url":"https:\/\/www.mylasertabac.com\/wp-content\/uploads\/2024\/12\/mlt-verteau.svg","contentUrl":"https:\/\/www.mylasertabac.com\/wp-content\/uploads\/2024\/12\/mlt-verteau.svg","caption":"My Laser Tabac"},"image":{"@id":"https:\/\/www.mylasertabac.com\/pt-pt\/#\/schema\/logo\/image\/"}},{"@type":"Person","@id":"https:\/\/www.mylasertabac.com\/pt-pt\/#\/schema\/person\/02c249cb76d912efb6c315ec23eccdf3","name":"Florian Fortes","image":{"@type":"ImageObject","inLanguage":"pt-PT","@id":"https:\/\/www.mylasertabac.com\/wp-content\/litespeed\/avatar\/142101a71d7b9e6490c1120d9c109a67.jpg?ver=1777461116","url":"https:\/\/www.mylasertabac.com\/wp-content\/litespeed\/avatar\/142101a71d7b9e6490c1120d9c109a67.jpg?ver=1777461116","contentUrl":"https:\/\/www.mylasertabac.com\/wp-content\/litespeed\/avatar\/142101a71d7b9e6490c1120d9c109a67.jpg?ver=1777461116","caption":"Florian Fortes"},"sameAs":["https:\/\/www.mylasertabac.com","https:\/\/www.facebook.com\/profile.php?id=61571554707319"],"url":"https:\/\/www.mylasertabac.com\/pt-pt\/author\/florianfortes5312\/"}]}},"_links":{"self":[{"href":"https:\/\/www.mylasertabac.com\/pt-pt\/wp-json\/wp\/v2\/posts\/12363","targetHints":{"allow":["GET"]}}],"collection":[{"href":"https:\/\/www.mylasertabac.com\/pt-pt\/wp-json\/wp\/v2\/posts"}],"about":[{"href":"https:\/\/www.mylasertabac.com\/pt-pt\/wp-json\/wp\/v2\/types\/post"}],"author":[{"embeddable":true,"href":"https:\/\/www.mylasertabac.com\/pt-pt\/wp-json\/wp\/v2\/users\/2"}],"replies":[{"embeddable":true,"href":"https:\/\/www.mylasertabac.com\/pt-pt\/wp-json\/wp\/v2\/comments?post=12363"}],"version-history":[{"count":1,"href":"https:\/\/www.mylasertabac.com\/pt-pt\/wp-json\/wp\/v2\/posts\/12363\/revisions"}],"predecessor-version":[{"id":12365,"href":"https:\/\/www.mylasertabac.com\/pt-pt\/wp-json\/wp\/v2\/posts\/12363\/revisions\/12365"}],"wp:featuredmedia":[{"embeddable":true,"href":"https:\/\/www.mylasertabac.com\/pt-pt\/wp-json\/wp\/v2\/media\/12354"}],"wp:attachment":[{"href":"https:\/\/www.mylasertabac.com\/pt-pt\/wp-json\/wp\/v2\/media?parent=12363"}],"wp:term":[{"taxonomy":"category","embeddable":true,"href":"https:\/\/www.mylasertabac.com\/pt-pt\/wp-json\/wp\/v2\/categories?post=12363"},{"taxonomy":"post_tag","embeddable":true,"href":"https:\/\/www.mylasertabac.com\/pt-pt\/wp-json\/wp\/v2\/tags?post=12363"}],"curies":[{"name":"wp","href":"https:\/\/api.w.org\/{rel}","templated":true}]}}