{"id":15573,"date":"2025-09-06T09:12:49","date_gmt":"2025-09-06T07:12:49","guid":{"rendered":"https:\/\/www.mylasertabac.com\/2026-proibicao-das-saquetas-de-nicotina-em-franca-o-que-isto-significa-para-ti\/"},"modified":"2025-09-08T09:13:46","modified_gmt":"2025-09-08T07:13:46","slug":"2026-proibicao-das-saquetas-de-nicotina-em-franca-o-que-isto-significa-para-ti","status":"publish","type":"post","link":"https:\/\/www.mylasertabac.com\/pt-pt\/2026-proibicao-das-saquetas-de-nicotina-em-franca-o-que-isto-significa-para-ti\/","title":{"rendered":"2026: proibi\u00e7\u00e3o das saquetas de nicotina em Fran\u00e7a &#8211; o que isto significa para ti"},"content":{"rendered":"\n<h2 class=\"wp-block-heading\">Um produto no alvo&#8230; e sob fogo dos reguladores<\/h2>\n\n<p>Em fevereiro de 2025, a Fran\u00e7a informou oficialmente a Comiss\u00e3o Europeia da sua inten\u00e7\u00e3o de proibir as saquetas de nicotina &#8211; tamb\u00e9m conhecidas como &#8220;pouches&#8221; &#8211; devido ao seu apelo perigoso, especialmente para os jovens . Com o aval impl\u00edcito de Bruxelas no in\u00edcio de setembro, esta medida pode agora ser aplicada. <\/p>\n\n<div style=\"height:18px\" aria-hidden=\"true\" class=\"wp-block-spacer\"><\/div>\n\n<h2 class=\"wp-block-heading\">Porque \u00e9 que est\u00e1s t\u00e3o entusiasmado com estas saquetas de nicotina?<\/h2>\n\n<ul class=\"wp-block-list\">\n<li><strong>Marketing direcionado para os jovens<\/strong>: sabores frutados ou mentolados, comunica\u00e7\u00e3o insidiosa nas redes sociais atrav\u00e9s do TikTok e dos influencers&#8230; tudo estrat\u00e9gias destinadas a atrair e fidelizar novos consumidores.<\/li>\n\n\n\n<li><strong>N\u00edveis elevados de nicotina e depend\u00eancia r\u00e1pida<\/strong>: alguns destes produtos fornecem at\u00e9 100 mg por dose, uma concentra\u00e7\u00e3o altamente viciante compar\u00e1vel ou mesmo superior \u00e0 dos cigarros.<\/li>\n\n\n\n<li>Os <strong>casos de envenenamento<\/strong> s\u00e3o <strong>preocupantes<\/strong>: os centros de controlo de envenenamentos est\u00e3o a registar um aumento do n\u00famero de alertas entre os adolescentes, com sintomas de overdose aguda.<\/li>\n<\/ul>\n\n<div style=\"height:18px\" aria-hidden=\"true\" class=\"wp-block-spacer\"><\/div>\n\n<h2 class=\"wp-block-heading\">Uma medida justificada&#8230; mas controversa<\/h2>\n\n<p>Para proteger os jovens, o Ministro da Sa\u00fade franc\u00eas anunciou que todos estes produtos ser\u00e3o proibidos at\u00e9 2026.<br\/>No entanto, alguns especialistas alertam para o facto de a proibi\u00e7\u00e3o privar os fumadores adultos de uma alternativa potencialmente menos nociva ao tabaco fumado, como demonstrou o modelo sueco do snus. Trata-se de uma medida radical, mas coerente com uma pol\u00edtica de redu\u00e7\u00e3o maci\u00e7a da depend\u00eancia. <\/p>\n\n<div style=\"height:18px\" aria-hidden=\"true\" class=\"wp-block-spacer\"><\/div>\n\n<h2 class=\"wp-block-heading\">O que isto te traz: clareza e prote\u00e7\u00e3o refor\u00e7ada<\/h2>\n\n<ul class=\"wp-block-list\">\n<li><strong>Menos confus\u00e3o, mais preven\u00e7\u00e3o<\/strong>: os jovens deixar\u00e3o de estar expostos a produtos de nicotina escondidos atr\u00e1s de embalagens atractivas.<\/li>\n\n\n\n<li><strong>Prevenir a depend\u00eancia precoce<\/strong>: um passo importante para evitar que a nicotina se instale na vida dos adolescentes.<\/li>\n\n\n\n<li><strong>Uma mensagem clara: a sa\u00fade \u00e9 a prioridade.<\/strong>  \u00c9 uma decis\u00e3o ousada, destinada a controlar os efeitos nocivos do marketing agressivo e das alternativas demasiado sedutoras.<\/li>\n<\/ul>\n\n<div style=\"height:37px\" aria-hidden=\"true\" class=\"wp-block-spacer\"><\/div>\n\n<figure class=\"wp-block-image alignright size-large is-resized\"><a href=\"https:\/\/www.mylasertabac.com\/pt-pt\/os-nossos-centros\/\"><img fetchpriority=\"high\" decoding=\"async\" width=\"1024\" height=\"668\" src=\"https:\/\/www.mylasertabac.com\/wp-content\/uploads\/2025\/08\/tu-veux-arreter-de-fumer-Clique-ici--1024x668.jpg\" alt=\"\" class=\"wp-image-13752\" style=\"width:426px;height:auto\" srcset=\"https:\/\/www.mylasertabac.com\/wp-content\/uploads\/2025\/08\/tu-veux-arreter-de-fumer-Clique-ici--1024x668.jpg 1024w, https:\/\/www.mylasertabac.com\/wp-content\/uploads\/2025\/08\/tu-veux-arreter-de-fumer-Clique-ici--300x196.jpg 300w, https:\/\/www.mylasertabac.com\/wp-content\/uploads\/2025\/08\/tu-veux-arreter-de-fumer-Clique-ici--768x501.jpg 768w, https:\/\/www.mylasertabac.com\/wp-content\/uploads\/2025\/08\/tu-veux-arreter-de-fumer-Clique-ici-.jpg 1206w\" sizes=\"(max-width: 1024px) 100vw, 1024px\" \/><\/a><\/figure>\n\n<h2 class=\"wp-block-heading\">Est\u00e1s pronto para agir?<\/h2>\n\n<p>A proibi\u00e7\u00e3o destes sacos dever\u00e1 facilitar a vida aos fumadores que se v\u00eaem confrontados com esta discreta tenta\u00e7\u00e3o, abrindo simultaneamente caminho a outros m\u00e9todos mais saud\u00e1veis para deixar de fumar.<\/p>\n\n<div style=\"height:31px\" aria-hidden=\"true\" class=\"wp-block-spacer\"><\/div>\n\n<h3 class=\"wp-block-heading\">Passa \u00e0 fase seguinte: liberta-te de todas as depend\u00eancias<\/h3>\n\n<p>Na <strong>MyLaserTabac<\/strong>, oferecemos-te um m\u00e9todo natural e eficaz &#8211; a reflexologia a laser do ouvido. <strong><a href=\"https:\/\/www.mylasertabac.com\/pt-pt\/\">reflexologia a laser do ouvido<\/a><\/strong> &#8211; para te ajudar a deixar de fumar e outras depend\u00eancias (a\u00e7\u00facar, can\u00e1bis, \u00e1lcool).<\/p>\n\n<ul class=\"wp-block-list\">\n<li>Uma abordagem suave e sem qu\u00edmicos<\/li>\n\n\n\n<li>Cuidados individualizados, j\u00e1 aclamados por milhares de pessoas<\/li>\n\n\n\n<li>Um m\u00e9todo que trabalha o corpo e a mente: stress, desejos, motiva\u00e7\u00e3o, equil\u00edbrio, etc.<\/li>\n<\/ul>\n\n<div style=\"height:18px\" aria-hidden=\"true\" class=\"wp-block-spacer\"><\/div>\n\n<p><strong>Age agora<\/strong>. Aproveita um momento chave na legisla\u00e7\u00e3o para finalmente dizeres STOP \u00e0 nicotina. <strong>Marca uma consulta num dos nossos centros <a href=\"https:\/\/www.mylasertabac.com\/pt-pt\/\">MyLaserTabac<\/a><\/strong> e come\u00e7a a tua nova vida sem tabaco ou substitutos viciantes &#8211; de forma simples, natural e definitiva. <\/p>\n\n<div style=\"height:36px\" aria-hidden=\"true\" class=\"wp-block-spacer\"><\/div>\n\n<figure class=\"wp-block-image size-large\"><img decoding=\"async\" src=\"https:\/\/www.mylasertabac.com\/wp-content\/uploads\/\/mlt-verteau.svg\" alt=\"\" class=\"wp-image-13\"\/><\/figure>\n","protected":false},"excerpt":{"rendered":"<p>Um produto no alvo&#8230; e sob fogo dos reguladores Em fevereiro de 2025, a Fran\u00e7a informou oficialmente a Comiss\u00e3o Europeia da sua inten\u00e7\u00e3o de proibir as saquetas de nicotina &#8211; tamb\u00e9m conhecidas como &#8220;pouches&#8221; &#8211; devido ao seu apelo perigoso, especialmente para os jovens . Com o aval impl\u00edcito de Bruxelas no in\u00edcio de setembro, [&hellip;]<\/p>\n","protected":false},"author":2,"featured_media":15565,"comment_status":"closed","ping_status":"open","sticky":false,"template":"","format":"standard","meta":{"inline_featured_image":false,"footnotes":""},"categories":[579],"tags":[],"class_list":["post-15573","post","type-post","status-publish","format-standard","has-post-thumbnail","hentry","category-lei"],"yoast_head":"<!-- This site is optimized with the Yoast SEO plugin v27.4 - https:\/\/yoast.com\/product\/yoast-seo-wordpress\/ -->\n<title>Fran\u00e7a 2026: proibi\u00e7\u00e3o total das saquetas de nicotina<\/title>\n<meta name=\"description\" content=\"Em janeiro de 2026, a Fran\u00e7a vai proibir as saquetas de nicotina para proteger os jovens e combater a depend\u00eancia.\" \/>\n<meta name=\"robots\" content=\"index, follow, max-snippet:-1, max-image-preview:large, max-video-preview:-1\" \/>\n<link rel=\"canonical\" href=\"https:\/\/www.mylasertabac.com\/pt-pt\/2026-proibicao-das-saquetas-de-nicotina-em-franca-o-que-isto-significa-para-ti\/\" \/>\n<meta property=\"og:locale\" content=\"pt_PT\" \/>\n<meta property=\"og:type\" content=\"article\" \/>\n<meta property=\"og:title\" content=\"Fran\u00e7a 2026: proibi\u00e7\u00e3o total das saquetas de nicotina\" \/>\n<meta property=\"og:description\" content=\"Em janeiro de 2026, a Fran\u00e7a vai proibir as saquetas de nicotina para proteger os jovens e combater a depend\u00eancia.\" \/>\n<meta property=\"og:url\" content=\"https:\/\/www.mylasertabac.com\/pt-pt\/2026-proibicao-das-saquetas-de-nicotina-em-franca-o-que-isto-significa-para-ti\/\" \/>\n<meta property=\"og:site_name\" content=\"My Laser Tabac\" \/>\n<meta property=\"article:author\" content=\"https:\/\/www.facebook.com\/profile.php?id=61571554707319\" \/>\n<meta property=\"article:published_time\" content=\"2025-09-06T07:12:49+00:00\" \/>\n<meta property=\"article:modified_time\" content=\"2025-09-08T07:13:46+00:00\" \/>\n<meta property=\"og:image\" content=\"https:\/\/www.mylasertabac.com\/wp-content\/uploads\/2025\/09\/Sachet-de-nicotine-interdit-en-France.jpg\" \/>\n\t<meta property=\"og:image:width\" content=\"1536\" \/>\n\t<meta property=\"og:image:height\" content=\"864\" \/>\n\t<meta property=\"og:image:type\" content=\"image\/jpeg\" \/>\n<meta name=\"author\" content=\"Florian Fortes\" \/>\n<meta name=\"twitter:card\" content=\"summary_large_image\" \/>\n<meta name=\"twitter:label1\" content=\"Escrito por\" \/>\n\t<meta name=\"twitter:data1\" content=\"Florian Fortes\" \/>\n\t<meta name=\"twitter:label2\" content=\"Tempo estimado de leitura\" \/>\n\t<meta name=\"twitter:data2\" content=\"2 minutos\" \/>\n<script type=\"application\/ld+json\" class=\"yoast-schema-graph\">{\"@context\":\"https:\\\/\\\/schema.org\",\"@graph\":[{\"@type\":\"Article\",\"@id\":\"https:\\\/\\\/www.mylasertabac.com\\\/pt-pt\\\/2026-proibicao-das-saquetas-de-nicotina-em-franca-o-que-isto-significa-para-ti\\\/#article\",\"isPartOf\":{\"@id\":\"https:\\\/\\\/www.mylasertabac.com\\\/pt-pt\\\/2026-proibicao-das-saquetas-de-nicotina-em-franca-o-que-isto-significa-para-ti\\\/\"},\"author\":{\"name\":\"Florian Fortes\",\"@id\":\"https:\\\/\\\/www.mylasertabac.com\\\/pt-pt\\\/#\\\/schema\\\/person\\\/02c249cb76d912efb6c315ec23eccdf3\"},\"headline\":\"2026: proibi\u00e7\u00e3o das saquetas de nicotina em Fran\u00e7a &#8211; o que isto significa para ti\",\"datePublished\":\"2025-09-06T07:12:49+00:00\",\"dateModified\":\"2025-09-08T07:13:46+00:00\",\"mainEntityOfPage\":{\"@id\":\"https:\\\/\\\/www.mylasertabac.com\\\/pt-pt\\\/2026-proibicao-das-saquetas-de-nicotina-em-franca-o-que-isto-significa-para-ti\\\/\"},\"wordCount\":502,\"publisher\":{\"@id\":\"https:\\\/\\\/www.mylasertabac.com\\\/pt-pt\\\/#organization\"},\"image\":{\"@id\":\"https:\\\/\\\/www.mylasertabac.com\\\/pt-pt\\\/2026-proibicao-das-saquetas-de-nicotina-em-franca-o-que-isto-significa-para-ti\\\/#primaryimage\"},\"thumbnailUrl\":\"https:\\\/\\\/www.mylasertabac.com\\\/wp-content\\\/uploads\\\/2025\\\/09\\\/Sachet-de-nicotine-interdit-en-France.jpg\",\"articleSection\":[\"lei\"],\"inLanguage\":\"pt-PT\"},{\"@type\":\"WebPage\",\"@id\":\"https:\\\/\\\/www.mylasertabac.com\\\/pt-pt\\\/2026-proibicao-das-saquetas-de-nicotina-em-franca-o-que-isto-significa-para-ti\\\/\",\"url\":\"https:\\\/\\\/www.mylasertabac.com\\\/pt-pt\\\/2026-proibicao-das-saquetas-de-nicotina-em-franca-o-que-isto-significa-para-ti\\\/\",\"name\":\"Fran\u00e7a 2026: proibi\u00e7\u00e3o total das saquetas de nicotina\",\"isPartOf\":{\"@id\":\"https:\\\/\\\/www.mylasertabac.com\\\/pt-pt\\\/#website\"},\"primaryImageOfPage\":{\"@id\":\"https:\\\/\\\/www.mylasertabac.com\\\/pt-pt\\\/2026-proibicao-das-saquetas-de-nicotina-em-franca-o-que-isto-significa-para-ti\\\/#primaryimage\"},\"image\":{\"@id\":\"https:\\\/\\\/www.mylasertabac.com\\\/pt-pt\\\/2026-proibicao-das-saquetas-de-nicotina-em-franca-o-que-isto-significa-para-ti\\\/#primaryimage\"},\"thumbnailUrl\":\"https:\\\/\\\/www.mylasertabac.com\\\/wp-content\\\/uploads\\\/2025\\\/09\\\/Sachet-de-nicotine-interdit-en-France.jpg\",\"datePublished\":\"2025-09-06T07:12:49+00:00\",\"dateModified\":\"2025-09-08T07:13:46+00:00\",\"description\":\"Em janeiro de 2026, a Fran\u00e7a vai proibir as saquetas de nicotina para proteger os jovens e combater a depend\u00eancia.\",\"breadcrumb\":{\"@id\":\"https:\\\/\\\/www.mylasertabac.com\\\/pt-pt\\\/2026-proibicao-das-saquetas-de-nicotina-em-franca-o-que-isto-significa-para-ti\\\/#breadcrumb\"},\"inLanguage\":\"pt-PT\",\"potentialAction\":[{\"@type\":\"ReadAction\",\"target\":[\"https:\\\/\\\/www.mylasertabac.com\\\/pt-pt\\\/2026-proibicao-das-saquetas-de-nicotina-em-franca-o-que-isto-significa-para-ti\\\/\"]}]},{\"@type\":\"ImageObject\",\"inLanguage\":\"pt-PT\",\"@id\":\"https:\\\/\\\/www.mylasertabac.com\\\/pt-pt\\\/2026-proibicao-das-saquetas-de-nicotina-em-franca-o-que-isto-significa-para-ti\\\/#primaryimage\",\"url\":\"https:\\\/\\\/www.mylasertabac.com\\\/wp-content\\\/uploads\\\/2025\\\/09\\\/Sachet-de-nicotine-interdit-en-France.jpg\",\"contentUrl\":\"https:\\\/\\\/www.mylasertabac.com\\\/wp-content\\\/uploads\\\/2025\\\/09\\\/Sachet-de-nicotine-interdit-en-France.jpg\",\"width\":1536,\"height\":864},{\"@type\":\"BreadcrumbList\",\"@id\":\"https:\\\/\\\/www.mylasertabac.com\\\/pt-pt\\\/2026-proibicao-das-saquetas-de-nicotina-em-franca-o-que-isto-significa-para-ti\\\/#breadcrumb\",\"itemListElement\":[{\"@type\":\"ListItem\",\"position\":1,\"name\":\"Accueil\",\"item\":\"https:\\\/\\\/www.mylasertabac.com\\\/pt-pt\\\/casa\\\/\"},{\"@type\":\"ListItem\",\"position\":2,\"name\":\"2026: proibi\u00e7\u00e3o das saquetas de nicotina em Fran\u00e7a &#8211; o que isto significa para ti\"}]},{\"@type\":\"WebSite\",\"@id\":\"https:\\\/\\\/www.mylasertabac.com\\\/pt-pt\\\/#website\",\"url\":\"https:\\\/\\\/www.mylasertabac.com\\\/pt-pt\\\/\",\"name\":\"My Laser Tabac\",\"description\":\"La solution laser qui transforme les fumeurs en ex-fumeurs\",\"publisher\":{\"@id\":\"https:\\\/\\\/www.mylasertabac.com\\\/pt-pt\\\/#organization\"},\"potentialAction\":[{\"@type\":\"SearchAction\",\"target\":{\"@type\":\"EntryPoint\",\"urlTemplate\":\"https:\\\/\\\/www.mylasertabac.com\\\/pt-pt\\\/?s={search_term_string}\"},\"query-input\":{\"@type\":\"PropertyValueSpecification\",\"valueRequired\":true,\"valueName\":\"search_term_string\"}}],\"inLanguage\":\"pt-PT\"},{\"@type\":\"Organization\",\"@id\":\"https:\\\/\\\/www.mylasertabac.com\\\/pt-pt\\\/#organization\",\"name\":\"My Laser Tabac\",\"url\":\"https:\\\/\\\/www.mylasertabac.com\\\/pt-pt\\\/\",\"logo\":{\"@type\":\"ImageObject\",\"inLanguage\":\"pt-PT\",\"@id\":\"https:\\\/\\\/www.mylasertabac.com\\\/pt-pt\\\/#\\\/schema\\\/logo\\\/image\\\/\",\"url\":\"https:\\\/\\\/www.mylasertabac.com\\\/wp-content\\\/uploads\\\/2024\\\/12\\\/mlt-verteau.svg\",\"contentUrl\":\"https:\\\/\\\/www.mylasertabac.com\\\/wp-content\\\/uploads\\\/2024\\\/12\\\/mlt-verteau.svg\",\"caption\":\"My Laser Tabac\"},\"image\":{\"@id\":\"https:\\\/\\\/www.mylasertabac.com\\\/pt-pt\\\/#\\\/schema\\\/logo\\\/image\\\/\"}},{\"@type\":\"Person\",\"@id\":\"https:\\\/\\\/www.mylasertabac.com\\\/pt-pt\\\/#\\\/schema\\\/person\\\/02c249cb76d912efb6c315ec23eccdf3\",\"name\":\"Florian Fortes\",\"image\":{\"@type\":\"ImageObject\",\"inLanguage\":\"pt-PT\",\"@id\":\"https:\\\/\\\/www.mylasertabac.com\\\/wp-content\\\/litespeed\\\/avatar\\\/142101a71d7b9e6490c1120d9c109a67.jpg?ver=1776856306\",\"url\":\"https:\\\/\\\/www.mylasertabac.com\\\/wp-content\\\/litespeed\\\/avatar\\\/142101a71d7b9e6490c1120d9c109a67.jpg?ver=1776856306\",\"contentUrl\":\"https:\\\/\\\/www.mylasertabac.com\\\/wp-content\\\/litespeed\\\/avatar\\\/142101a71d7b9e6490c1120d9c109a67.jpg?ver=1776856306\",\"caption\":\"Florian Fortes\"},\"sameAs\":[\"https:\\\/\\\/www.mylasertabac.com\",\"https:\\\/\\\/www.facebook.com\\\/profile.php?id=61571554707319\"],\"url\":\"https:\\\/\\\/www.mylasertabac.com\\\/pt-pt\\\/author\\\/florianfortes5312\\\/\"}]}<\/script>\n<!-- \/ Yoast SEO plugin. -->","yoast_head_json":{"title":"Fran\u00e7a 2026: proibi\u00e7\u00e3o total das saquetas de nicotina","description":"Em janeiro de 2026, a Fran\u00e7a vai proibir as saquetas de nicotina para proteger os jovens e combater a depend\u00eancia.","robots":{"index":"index","follow":"follow","max-snippet":"max-snippet:-1","max-image-preview":"max-image-preview:large","max-video-preview":"max-video-preview:-1"},"canonical":"https:\/\/www.mylasertabac.com\/pt-pt\/2026-proibicao-das-saquetas-de-nicotina-em-franca-o-que-isto-significa-para-ti\/","og_locale":"pt_PT","og_type":"article","og_title":"Fran\u00e7a 2026: proibi\u00e7\u00e3o total das saquetas de nicotina","og_description":"Em janeiro de 2026, a Fran\u00e7a vai proibir as saquetas de nicotina para proteger os jovens e combater a depend\u00eancia.","og_url":"https:\/\/www.mylasertabac.com\/pt-pt\/2026-proibicao-das-saquetas-de-nicotina-em-franca-o-que-isto-significa-para-ti\/","og_site_name":"My Laser Tabac","article_author":"https:\/\/www.facebook.com\/profile.php?id=61571554707319","article_published_time":"2025-09-06T07:12:49+00:00","article_modified_time":"2025-09-08T07:13:46+00:00","og_image":[{"width":1536,"height":864,"url":"https:\/\/www.mylasertabac.com\/wp-content\/uploads\/2025\/09\/Sachet-de-nicotine-interdit-en-France.jpg","type":"image\/jpeg"}],"author":"Florian Fortes","twitter_card":"summary_large_image","twitter_misc":{"Escrito por":"Florian Fortes","Tempo estimado de leitura":"2 minutos"},"schema":{"@context":"https:\/\/schema.org","@graph":[{"@type":"Article","@id":"https:\/\/www.mylasertabac.com\/pt-pt\/2026-proibicao-das-saquetas-de-nicotina-em-franca-o-que-isto-significa-para-ti\/#article","isPartOf":{"@id":"https:\/\/www.mylasertabac.com\/pt-pt\/2026-proibicao-das-saquetas-de-nicotina-em-franca-o-que-isto-significa-para-ti\/"},"author":{"name":"Florian Fortes","@id":"https:\/\/www.mylasertabac.com\/pt-pt\/#\/schema\/person\/02c249cb76d912efb6c315ec23eccdf3"},"headline":"2026: proibi\u00e7\u00e3o das saquetas de nicotina em Fran\u00e7a &#8211; o que isto significa para ti","datePublished":"2025-09-06T07:12:49+00:00","dateModified":"2025-09-08T07:13:46+00:00","mainEntityOfPage":{"@id":"https:\/\/www.mylasertabac.com\/pt-pt\/2026-proibicao-das-saquetas-de-nicotina-em-franca-o-que-isto-significa-para-ti\/"},"wordCount":502,"publisher":{"@id":"https:\/\/www.mylasertabac.com\/pt-pt\/#organization"},"image":{"@id":"https:\/\/www.mylasertabac.com\/pt-pt\/2026-proibicao-das-saquetas-de-nicotina-em-franca-o-que-isto-significa-para-ti\/#primaryimage"},"thumbnailUrl":"https:\/\/www.mylasertabac.com\/wp-content\/uploads\/2025\/09\/Sachet-de-nicotine-interdit-en-France.jpg","articleSection":["lei"],"inLanguage":"pt-PT"},{"@type":"WebPage","@id":"https:\/\/www.mylasertabac.com\/pt-pt\/2026-proibicao-das-saquetas-de-nicotina-em-franca-o-que-isto-significa-para-ti\/","url":"https:\/\/www.mylasertabac.com\/pt-pt\/2026-proibicao-das-saquetas-de-nicotina-em-franca-o-que-isto-significa-para-ti\/","name":"Fran\u00e7a 2026: proibi\u00e7\u00e3o total das saquetas de nicotina","isPartOf":{"@id":"https:\/\/www.mylasertabac.com\/pt-pt\/#website"},"primaryImageOfPage":{"@id":"https:\/\/www.mylasertabac.com\/pt-pt\/2026-proibicao-das-saquetas-de-nicotina-em-franca-o-que-isto-significa-para-ti\/#primaryimage"},"image":{"@id":"https:\/\/www.mylasertabac.com\/pt-pt\/2026-proibicao-das-saquetas-de-nicotina-em-franca-o-que-isto-significa-para-ti\/#primaryimage"},"thumbnailUrl":"https:\/\/www.mylasertabac.com\/wp-content\/uploads\/2025\/09\/Sachet-de-nicotine-interdit-en-France.jpg","datePublished":"2025-09-06T07:12:49+00:00","dateModified":"2025-09-08T07:13:46+00:00","description":"Em janeiro de 2026, a Fran\u00e7a vai proibir as saquetas de nicotina para proteger os jovens e combater a depend\u00eancia.","breadcrumb":{"@id":"https:\/\/www.mylasertabac.com\/pt-pt\/2026-proibicao-das-saquetas-de-nicotina-em-franca-o-que-isto-significa-para-ti\/#breadcrumb"},"inLanguage":"pt-PT","potentialAction":[{"@type":"ReadAction","target":["https:\/\/www.mylasertabac.com\/pt-pt\/2026-proibicao-das-saquetas-de-nicotina-em-franca-o-que-isto-significa-para-ti\/"]}]},{"@type":"ImageObject","inLanguage":"pt-PT","@id":"https:\/\/www.mylasertabac.com\/pt-pt\/2026-proibicao-das-saquetas-de-nicotina-em-franca-o-que-isto-significa-para-ti\/#primaryimage","url":"https:\/\/www.mylasertabac.com\/wp-content\/uploads\/2025\/09\/Sachet-de-nicotine-interdit-en-France.jpg","contentUrl":"https:\/\/www.mylasertabac.com\/wp-content\/uploads\/2025\/09\/Sachet-de-nicotine-interdit-en-France.jpg","width":1536,"height":864},{"@type":"BreadcrumbList","@id":"https:\/\/www.mylasertabac.com\/pt-pt\/2026-proibicao-das-saquetas-de-nicotina-em-franca-o-que-isto-significa-para-ti\/#breadcrumb","itemListElement":[{"@type":"ListItem","position":1,"name":"Accueil","item":"https:\/\/www.mylasertabac.com\/pt-pt\/casa\/"},{"@type":"ListItem","position":2,"name":"2026: proibi\u00e7\u00e3o das saquetas de nicotina em Fran\u00e7a &#8211; o que isto significa para ti"}]},{"@type":"WebSite","@id":"https:\/\/www.mylasertabac.com\/pt-pt\/#website","url":"https:\/\/www.mylasertabac.com\/pt-pt\/","name":"My Laser Tabac","description":"La solution laser qui transforme les fumeurs en ex-fumeurs","publisher":{"@id":"https:\/\/www.mylasertabac.com\/pt-pt\/#organization"},"potentialAction":[{"@type":"SearchAction","target":{"@type":"EntryPoint","urlTemplate":"https:\/\/www.mylasertabac.com\/pt-pt\/?s={search_term_string}"},"query-input":{"@type":"PropertyValueSpecification","valueRequired":true,"valueName":"search_term_string"}}],"inLanguage":"pt-PT"},{"@type":"Organization","@id":"https:\/\/www.mylasertabac.com\/pt-pt\/#organization","name":"My Laser Tabac","url":"https:\/\/www.mylasertabac.com\/pt-pt\/","logo":{"@type":"ImageObject","inLanguage":"pt-PT","@id":"https:\/\/www.mylasertabac.com\/pt-pt\/#\/schema\/logo\/image\/","url":"https:\/\/www.mylasertabac.com\/wp-content\/uploads\/2024\/12\/mlt-verteau.svg","contentUrl":"https:\/\/www.mylasertabac.com\/wp-content\/uploads\/2024\/12\/mlt-verteau.svg","caption":"My Laser Tabac"},"image":{"@id":"https:\/\/www.mylasertabac.com\/pt-pt\/#\/schema\/logo\/image\/"}},{"@type":"Person","@id":"https:\/\/www.mylasertabac.com\/pt-pt\/#\/schema\/person\/02c249cb76d912efb6c315ec23eccdf3","name":"Florian Fortes","image":{"@type":"ImageObject","inLanguage":"pt-PT","@id":"https:\/\/www.mylasertabac.com\/wp-content\/litespeed\/avatar\/142101a71d7b9e6490c1120d9c109a67.jpg?ver=1776856306","url":"https:\/\/www.mylasertabac.com\/wp-content\/litespeed\/avatar\/142101a71d7b9e6490c1120d9c109a67.jpg?ver=1776856306","contentUrl":"https:\/\/www.mylasertabac.com\/wp-content\/litespeed\/avatar\/142101a71d7b9e6490c1120d9c109a67.jpg?ver=1776856306","caption":"Florian Fortes"},"sameAs":["https:\/\/www.mylasertabac.com","https:\/\/www.facebook.com\/profile.php?id=61571554707319"],"url":"https:\/\/www.mylasertabac.com\/pt-pt\/author\/florianfortes5312\/"}]}},"_links":{"self":[{"href":"https:\/\/www.mylasertabac.com\/pt-pt\/wp-json\/wp\/v2\/posts\/15573","targetHints":{"allow":["GET"]}}],"collection":[{"href":"https:\/\/www.mylasertabac.com\/pt-pt\/wp-json\/wp\/v2\/posts"}],"about":[{"href":"https:\/\/www.mylasertabac.com\/pt-pt\/wp-json\/wp\/v2\/types\/post"}],"author":[{"embeddable":true,"href":"https:\/\/www.mylasertabac.com\/pt-pt\/wp-json\/wp\/v2\/users\/2"}],"replies":[{"embeddable":true,"href":"https:\/\/www.mylasertabac.com\/pt-pt\/wp-json\/wp\/v2\/comments?post=15573"}],"version-history":[{"count":1,"href":"https:\/\/www.mylasertabac.com\/pt-pt\/wp-json\/wp\/v2\/posts\/15573\/revisions"}],"predecessor-version":[{"id":15575,"href":"https:\/\/www.mylasertabac.com\/pt-pt\/wp-json\/wp\/v2\/posts\/15573\/revisions\/15575"}],"wp:featuredmedia":[{"embeddable":true,"href":"https:\/\/www.mylasertabac.com\/pt-pt\/wp-json\/wp\/v2\/media\/15565"}],"wp:attachment":[{"href":"https:\/\/www.mylasertabac.com\/pt-pt\/wp-json\/wp\/v2\/media?parent=15573"}],"wp:term":[{"taxonomy":"category","embeddable":true,"href":"https:\/\/www.mylasertabac.com\/pt-pt\/wp-json\/wp\/v2\/categories?post=15573"},{"taxonomy":"post_tag","embeddable":true,"href":"https:\/\/www.mylasertabac.com\/pt-pt\/wp-json\/wp\/v2\/tags?post=15573"}],"curies":[{"name":"wp","href":"https:\/\/api.w.org\/{rel}","templated":true}]}}