{"id":15609,"date":"2025-09-08T09:31:29","date_gmt":"2025-09-08T07:31:29","guid":{"rendered":"https:\/\/www.mylasertabac.com\/um-simples-gesto-diario-pode-acelerar-o-envelhecimento-do-teu-cerebro-em-um-ano-e-meio-descobre-porque\/"},"modified":"2025-09-08T10:53:16","modified_gmt":"2025-09-08T08:53:16","slug":"um-simples-gesto-diario-pode-acelerar-o-envelhecimento-do-teu-cerebro-em-um-ano-e-meio-descobre-porque","status":"publish","type":"post","link":"https:\/\/www.mylasertabac.com\/pt-pt\/um-simples-gesto-diario-pode-acelerar-o-envelhecimento-do-teu-cerebro-em-um-ano-e-meio-descobre-porque\/","title":{"rendered":"Um simples gesto di\u00e1rio pode acelerar o envelhecimento do teu c\u00e9rebro em um ano e meio. Descobre porqu\u00ea."},"content":{"rendered":"\n<div style=\"height:21px\" aria-hidden=\"true\" class=\"wp-block-spacer\"><\/div>\n\n<p>Imagina que bebes um iogurte &#8220;magro&#8221; ou uma bebida gaseificada &#8220;de dieta&#8221;, pensando que est\u00e1s a fazer uma escolha saud\u00e1vel. E, no entanto, dia ap\u00f3s dia, podes estar a contribuir para o enfraquecimento das tuas capacidades cognitivas. Um s\u00f3lido estudo de oito anos revela que os ado\u00e7antes artificiais &#8211; frequentemente considerados a alternativa &#8220;respons\u00e1vel&#8221; ao a\u00e7\u00facar &#8211; est\u00e3o longe de ser inofensivos.  <\/p>\n\n<p>Uma pesquisa realizada no Brasil e publicada na revista <em>Neurology<\/em> acompanhou mais de 12.000 participantes, com idade m\u00e9dia de 52 anos, durante um per\u00edodo de oito anos. Os que consumiram quantidades elevadas de edulcorantes como aspartame, sacarina, acessulfame-K, eritritol, sorbitol ou xilitol viram o seu decl\u00ednio cognitivo progredir 62% mais rapidamente do que os que consumiram quantidades reduzidas. <\/p>\n\n<p>Esta acelera\u00e7\u00e3o resulta num envelhecimento do c\u00e9rebro equivalente a cerca de 1,6 anos mais <a href=\"https:\/\/www.theguardian.com\/food\/2025\/sep\/03\/sweeteners-can-harm-cognitive-health-equivalent-to-16-years-of-ageing-study-finds?utm_source=chatgpt.com\" target=\"_blank\" rel=\"noreferrer noopener\">The GuardianWhy<\/a><a href=\"https:\/\/www.pourquoidocteur.fr\/Articles\/Question-d-actu\/52474-Declin-cognitif-lien-consommation-d-edulcorants?utm_source=chatgpt.com\" target=\"_blank\" rel=\"noreferrer noopener\">Doctor<\/a>. O impacto \u00e9 particularmente not\u00f3rio nas pessoas com menos de 60 anos e nos diab\u00e9ticos. <\/p>\n\n<p>Ent\u00e3o, o que esperavas: prazer sem consequ\u00eancias? \u00c9 isto que a &#8220;luz&#8221; deixa por vezes para tr\u00e1s: informar, incitar \u00e0 a\u00e7\u00e3o, escapar ao efeito cumulativo destes aditivos. <\/p>\n\n<div style=\"height:21px\" aria-hidden=\"true\" class=\"wp-block-spacer\"><\/div>\n\n<p><strong>O que isto significa para ti em termos pr\u00e1ticos<\/strong><\/p>\n\n<ul class=\"wp-block-list\">\n<li>o consumo regular de edulcorantes artificiais, mesmo os invis\u00edveis nos alimentos &#8220;magros&#8221;, pode acelerar a perda de fun\u00e7\u00f5es cerebrais essenciais &#8211; mem\u00f3ria, flu\u00eancia verbal, reflexos.<\/li>\n\n\n\n<li>o desencanto n\u00e3o \u00e9 simplesmente o resultado de uma estat\u00edstica isolada, mas de um risco tang\u00edvel durante um longo per\u00edodo de tempo.<\/li>\n\n\n\n<li>A rela\u00e7\u00e3o estabelecida por este estudo, embora observada (e n\u00e3o causalmente comprovada), \u00e9 suficientemente grave para nos fazer repensar a nossa rela\u00e7\u00e3o com estes substitutos do a\u00e7\u00facar.<\/li>\n<\/ul>\n\n<p>As vozes da ind\u00fastria alimentar e das associa\u00e7\u00f5es comerciais salientam que o estudo \u00e9 observacional e n\u00e3o prova uma liga\u00e7\u00e3o causal. Salientam que os estudos regulamentares actuais consideram que os edulcorantes s\u00e3o seguros nas doses recomendadas. Mas quando uma descoberta deste tipo promete uma deteriora\u00e7\u00e3o mental mais r\u00e1pida, torna-se imperativo ter cuidado.  <\/p>\n\n<div style=\"height:21px\" aria-hidden=\"true\" class=\"wp-block-spacer\"><\/div>\n\n<p><strong>O que podes fazer agora<\/strong><\/p>\n\n<ol class=\"wp-block-list\">\n<li>repensa os teus h\u00e1bitos alimentares. o r\u00f3tulo &#8220;sem a\u00e7\u00facar&#8221; n\u00e3o \u00e9 garantia de uma melhor sa\u00fade cognitiva. <\/li>\n\n\n\n<li>Prefere alternativas naturais, como o mel, o xarope de \u00e1cer ou mesmo a tagatose &#8211; esta \u00faltima n\u00e3o foi associada a um decl\u00ednio cognitivo acelerado.<\/li>\n\n\n\n<li>considera h\u00e1bitos mais saud\u00e1veis: opta por fruta inteira, cozinha os teus pr\u00f3prios alimentos, limita os produtos ultra-processados.<\/li>\n\n\n\n<li>Tem em mente que, para proteger o teu c\u00e9rebro, s\u00e3o as ac\u00e7\u00f5es di\u00e1rias e repetidas que fazem a diferen\u00e7a.<\/li>\n<\/ol>\n\n<div style=\"height:29px\" aria-hidden=\"true\" class=\"wp-block-spacer\"><\/div>\n\n<p><strong>Uma escolha pode mudar tudo<\/strong><\/p>\n\n<p>Sempre controlaste o que entra no teu corpo. Hoje, estes n\u00fameros oferecem-te uma nova oportunidade: reduzir uma amea\u00e7a invis\u00edvel mas real. E reconstruir o teu equil\u00edbrio alimentar com maior inten\u00e7\u00e3o. Cuidar bem de ti, sem truques, torna-se n\u00e3o s\u00f3 um ato de bondade, mas tamb\u00e9m um investimento a longo prazo.   <\/p>\n\n<div style=\"height:48px\" aria-hidden=\"true\" class=\"wp-block-spacer\"><\/div>\n\n<figure class=\"wp-block-image size-large\"><img decoding=\"async\" src=\"https:\/\/www.mylasertabac.com\/wp-content\/uploads\/\/mlt-verteau.svg\" alt=\"\" class=\"wp-image-13\"\/><\/figure>\n","protected":false},"excerpt":{"rendered":"<p>Imagina que bebes um iogurte &#8220;magro&#8221; ou uma bebida gaseificada &#8220;de dieta&#8221;, pensando que est\u00e1s a fazer uma escolha saud\u00e1vel. E, no entanto, dia ap\u00f3s dia, podes estar a contribuir para o enfraquecimento das tuas capacidades cognitivas. Um s\u00f3lido estudo de oito anos revela que os ado\u00e7antes artificiais &#8211; frequentemente considerados a alternativa &#8220;respons\u00e1vel&#8221; ao [&hellip;]<\/p>\n","protected":false},"author":2,"featured_media":15597,"comment_status":"closed","ping_status":"open","sticky":false,"template":"","format":"standard","meta":{"inline_featured_image":false,"footnotes":""},"categories":[130],"tags":[],"class_list":["post-15609","post","type-post","status-publish","format-standard","has-post-thumbnail","hentry","category-saude"],"yoast_head":"<!-- This site is optimized with the Yoast SEO plugin v27.4 - https:\/\/yoast.com\/product\/yoast-seo-wordpress\/ -->\n<title>Um simples gesto di\u00e1rio pode acelerar o envelhecimento do teu c\u00e9rebro em um ano e meio. Descobre porqu\u00ea. - My Laser Tabac<\/title>\n<meta name=\"description\" content=\"Um estudo revela que os ado\u00e7antes artificiais aceleram o envelhecimento do c\u00e9rebro, aumentando significativamente o decl\u00ednio cognitivo.\" \/>\n<meta name=\"robots\" content=\"index, follow, max-snippet:-1, max-image-preview:large, max-video-preview:-1\" \/>\n<link rel=\"canonical\" href=\"https:\/\/www.mylasertabac.com\/pt-pt\/um-simples-gesto-diario-pode-acelerar-o-envelhecimento-do-teu-cerebro-em-um-ano-e-meio-descobre-porque\/\" \/>\n<meta property=\"og:locale\" content=\"pt_PT\" \/>\n<meta property=\"og:type\" content=\"article\" \/>\n<meta property=\"og:title\" content=\"Um simples gesto di\u00e1rio pode acelerar o envelhecimento do teu c\u00e9rebro em um ano e meio. Descobre porqu\u00ea. - My Laser Tabac\" \/>\n<meta property=\"og:description\" content=\"Um estudo revela que os ado\u00e7antes artificiais aceleram o envelhecimento do c\u00e9rebro, aumentando significativamente o decl\u00ednio cognitivo.\" \/>\n<meta property=\"og:url\" content=\"https:\/\/www.mylasertabac.com\/pt-pt\/um-simples-gesto-diario-pode-acelerar-o-envelhecimento-do-teu-cerebro-em-um-ano-e-meio-descobre-porque\/\" \/>\n<meta property=\"og:site_name\" content=\"My Laser Tabac\" \/>\n<meta property=\"article:author\" content=\"https:\/\/www.facebook.com\/profile.php?id=61571554707319\" \/>\n<meta property=\"article:published_time\" content=\"2025-09-08T07:31:29+00:00\" \/>\n<meta property=\"article:modified_time\" content=\"2025-09-08T08:53:16+00:00\" \/>\n<meta property=\"og:image\" content=\"https:\/\/www.mylasertabac.com\/wp-content\/uploads\/2025\/09\/ChatGPT-Image-8-sept.-2025-a-09_27_52-1024x683.png\" \/>\n\t<meta property=\"og:image:width\" content=\"1024\" \/>\n\t<meta property=\"og:image:height\" content=\"683\" \/>\n\t<meta property=\"og:image:type\" content=\"image\/png\" \/>\n<meta name=\"author\" content=\"Florian Fortes\" \/>\n<meta name=\"twitter:card\" content=\"summary_large_image\" \/>\n<meta name=\"twitter:label1\" content=\"Escrito por\" \/>\n\t<meta name=\"twitter:data1\" content=\"Florian Fortes\" \/>\n\t<meta name=\"twitter:label2\" content=\"Tempo estimado de leitura\" \/>\n\t<meta name=\"twitter:data2\" content=\"3 minutos\" \/>\n<script type=\"application\/ld+json\" class=\"yoast-schema-graph\">{\"@context\":\"https:\\\/\\\/schema.org\",\"@graph\":[{\"@type\":\"Article\",\"@id\":\"https:\\\/\\\/www.mylasertabac.com\\\/pt-pt\\\/um-simples-gesto-diario-pode-acelerar-o-envelhecimento-do-teu-cerebro-em-um-ano-e-meio-descobre-porque\\\/#article\",\"isPartOf\":{\"@id\":\"https:\\\/\\\/www.mylasertabac.com\\\/pt-pt\\\/um-simples-gesto-diario-pode-acelerar-o-envelhecimento-do-teu-cerebro-em-um-ano-e-meio-descobre-porque\\\/\"},\"author\":{\"name\":\"Florian Fortes\",\"@id\":\"https:\\\/\\\/www.mylasertabac.com\\\/pt-pt\\\/#\\\/schema\\\/person\\\/02c249cb76d912efb6c315ec23eccdf3\"},\"headline\":\"Um simples gesto di\u00e1rio pode acelerar o envelhecimento do teu c\u00e9rebro em um ano e meio. Descobre porqu\u00ea.\",\"datePublished\":\"2025-09-08T07:31:29+00:00\",\"dateModified\":\"2025-09-08T08:53:16+00:00\",\"mainEntityOfPage\":{\"@id\":\"https:\\\/\\\/www.mylasertabac.com\\\/pt-pt\\\/um-simples-gesto-diario-pode-acelerar-o-envelhecimento-do-teu-cerebro-em-um-ano-e-meio-descobre-porque\\\/\"},\"wordCount\":521,\"publisher\":{\"@id\":\"https:\\\/\\\/www.mylasertabac.com\\\/pt-pt\\\/#organization\"},\"image\":{\"@id\":\"https:\\\/\\\/www.mylasertabac.com\\\/pt-pt\\\/um-simples-gesto-diario-pode-acelerar-o-envelhecimento-do-teu-cerebro-em-um-ano-e-meio-descobre-porque\\\/#primaryimage\"},\"thumbnailUrl\":\"https:\\\/\\\/www.mylasertabac.com\\\/wp-content\\\/uploads\\\/2025\\\/09\\\/ChatGPT-Image-8-sept.-2025-a-09_27_52.png\",\"articleSection\":[\"Sa\u00fade\"],\"inLanguage\":\"pt-PT\"},{\"@type\":\"WebPage\",\"@id\":\"https:\\\/\\\/www.mylasertabac.com\\\/pt-pt\\\/um-simples-gesto-diario-pode-acelerar-o-envelhecimento-do-teu-cerebro-em-um-ano-e-meio-descobre-porque\\\/\",\"url\":\"https:\\\/\\\/www.mylasertabac.com\\\/pt-pt\\\/um-simples-gesto-diario-pode-acelerar-o-envelhecimento-do-teu-cerebro-em-um-ano-e-meio-descobre-porque\\\/\",\"name\":\"Um simples gesto di\u00e1rio pode acelerar o envelhecimento do teu c\u00e9rebro em um ano e meio. Descobre porqu\u00ea. - My Laser Tabac\",\"isPartOf\":{\"@id\":\"https:\\\/\\\/www.mylasertabac.com\\\/pt-pt\\\/#website\"},\"primaryImageOfPage\":{\"@id\":\"https:\\\/\\\/www.mylasertabac.com\\\/pt-pt\\\/um-simples-gesto-diario-pode-acelerar-o-envelhecimento-do-teu-cerebro-em-um-ano-e-meio-descobre-porque\\\/#primaryimage\"},\"image\":{\"@id\":\"https:\\\/\\\/www.mylasertabac.com\\\/pt-pt\\\/um-simples-gesto-diario-pode-acelerar-o-envelhecimento-do-teu-cerebro-em-um-ano-e-meio-descobre-porque\\\/#primaryimage\"},\"thumbnailUrl\":\"https:\\\/\\\/www.mylasertabac.com\\\/wp-content\\\/uploads\\\/2025\\\/09\\\/ChatGPT-Image-8-sept.-2025-a-09_27_52.png\",\"datePublished\":\"2025-09-08T07:31:29+00:00\",\"dateModified\":\"2025-09-08T08:53:16+00:00\",\"description\":\"Um estudo revela que os ado\u00e7antes artificiais aceleram o envelhecimento do c\u00e9rebro, aumentando significativamente o decl\u00ednio cognitivo.\",\"breadcrumb\":{\"@id\":\"https:\\\/\\\/www.mylasertabac.com\\\/pt-pt\\\/um-simples-gesto-diario-pode-acelerar-o-envelhecimento-do-teu-cerebro-em-um-ano-e-meio-descobre-porque\\\/#breadcrumb\"},\"inLanguage\":\"pt-PT\",\"potentialAction\":[{\"@type\":\"ReadAction\",\"target\":[\"https:\\\/\\\/www.mylasertabac.com\\\/pt-pt\\\/um-simples-gesto-diario-pode-acelerar-o-envelhecimento-do-teu-cerebro-em-um-ano-e-meio-descobre-porque\\\/\"]}]},{\"@type\":\"ImageObject\",\"inLanguage\":\"pt-PT\",\"@id\":\"https:\\\/\\\/www.mylasertabac.com\\\/pt-pt\\\/um-simples-gesto-diario-pode-acelerar-o-envelhecimento-do-teu-cerebro-em-um-ano-e-meio-descobre-porque\\\/#primaryimage\",\"url\":\"https:\\\/\\\/www.mylasertabac.com\\\/wp-content\\\/uploads\\\/2025\\\/09\\\/ChatGPT-Image-8-sept.-2025-a-09_27_52.png\",\"contentUrl\":\"https:\\\/\\\/www.mylasertabac.com\\\/wp-content\\\/uploads\\\/2025\\\/09\\\/ChatGPT-Image-8-sept.-2025-a-09_27_52.png\",\"width\":1536,\"height\":1024},{\"@type\":\"BreadcrumbList\",\"@id\":\"https:\\\/\\\/www.mylasertabac.com\\\/pt-pt\\\/um-simples-gesto-diario-pode-acelerar-o-envelhecimento-do-teu-cerebro-em-um-ano-e-meio-descobre-porque\\\/#breadcrumb\",\"itemListElement\":[{\"@type\":\"ListItem\",\"position\":1,\"name\":\"Accueil\",\"item\":\"https:\\\/\\\/www.mylasertabac.com\\\/pt-pt\\\/casa\\\/\"},{\"@type\":\"ListItem\",\"position\":2,\"name\":\"Um simples gesto di\u00e1rio pode acelerar o envelhecimento do teu c\u00e9rebro em um ano e meio. Descobre porqu\u00ea.\"}]},{\"@type\":\"WebSite\",\"@id\":\"https:\\\/\\\/www.mylasertabac.com\\\/pt-pt\\\/#website\",\"url\":\"https:\\\/\\\/www.mylasertabac.com\\\/pt-pt\\\/\",\"name\":\"My Laser Tabac\",\"description\":\"La solution laser qui transforme les fumeurs en ex-fumeurs\",\"publisher\":{\"@id\":\"https:\\\/\\\/www.mylasertabac.com\\\/pt-pt\\\/#organization\"},\"potentialAction\":[{\"@type\":\"SearchAction\",\"target\":{\"@type\":\"EntryPoint\",\"urlTemplate\":\"https:\\\/\\\/www.mylasertabac.com\\\/pt-pt\\\/?s={search_term_string}\"},\"query-input\":{\"@type\":\"PropertyValueSpecification\",\"valueRequired\":true,\"valueName\":\"search_term_string\"}}],\"inLanguage\":\"pt-PT\"},{\"@type\":\"Organization\",\"@id\":\"https:\\\/\\\/www.mylasertabac.com\\\/pt-pt\\\/#organization\",\"name\":\"My Laser Tabac\",\"url\":\"https:\\\/\\\/www.mylasertabac.com\\\/pt-pt\\\/\",\"logo\":{\"@type\":\"ImageObject\",\"inLanguage\":\"pt-PT\",\"@id\":\"https:\\\/\\\/www.mylasertabac.com\\\/pt-pt\\\/#\\\/schema\\\/logo\\\/image\\\/\",\"url\":\"https:\\\/\\\/www.mylasertabac.com\\\/wp-content\\\/uploads\\\/2024\\\/12\\\/mlt-verteau.svg\",\"contentUrl\":\"https:\\\/\\\/www.mylasertabac.com\\\/wp-content\\\/uploads\\\/2024\\\/12\\\/mlt-verteau.svg\",\"caption\":\"My Laser Tabac\"},\"image\":{\"@id\":\"https:\\\/\\\/www.mylasertabac.com\\\/pt-pt\\\/#\\\/schema\\\/logo\\\/image\\\/\"}},{\"@type\":\"Person\",\"@id\":\"https:\\\/\\\/www.mylasertabac.com\\\/pt-pt\\\/#\\\/schema\\\/person\\\/02c249cb76d912efb6c315ec23eccdf3\",\"name\":\"Florian Fortes\",\"image\":{\"@type\":\"ImageObject\",\"inLanguage\":\"pt-PT\",\"@id\":\"https:\\\/\\\/www.mylasertabac.com\\\/wp-content\\\/litespeed\\\/avatar\\\/142101a71d7b9e6490c1120d9c109a67.jpg?ver=1776856306\",\"url\":\"https:\\\/\\\/www.mylasertabac.com\\\/wp-content\\\/litespeed\\\/avatar\\\/142101a71d7b9e6490c1120d9c109a67.jpg?ver=1776856306\",\"contentUrl\":\"https:\\\/\\\/www.mylasertabac.com\\\/wp-content\\\/litespeed\\\/avatar\\\/142101a71d7b9e6490c1120d9c109a67.jpg?ver=1776856306\",\"caption\":\"Florian Fortes\"},\"sameAs\":[\"https:\\\/\\\/www.mylasertabac.com\",\"https:\\\/\\\/www.facebook.com\\\/profile.php?id=61571554707319\"],\"url\":\"https:\\\/\\\/www.mylasertabac.com\\\/pt-pt\\\/author\\\/florianfortes5312\\\/\"}]}<\/script>\n<!-- \/ Yoast SEO plugin. -->","yoast_head_json":{"title":"Um simples gesto di\u00e1rio pode acelerar o envelhecimento do teu c\u00e9rebro em um ano e meio. Descobre porqu\u00ea. - My Laser Tabac","description":"Um estudo revela que os ado\u00e7antes artificiais aceleram o envelhecimento do c\u00e9rebro, aumentando significativamente o decl\u00ednio cognitivo.","robots":{"index":"index","follow":"follow","max-snippet":"max-snippet:-1","max-image-preview":"max-image-preview:large","max-video-preview":"max-video-preview:-1"},"canonical":"https:\/\/www.mylasertabac.com\/pt-pt\/um-simples-gesto-diario-pode-acelerar-o-envelhecimento-do-teu-cerebro-em-um-ano-e-meio-descobre-porque\/","og_locale":"pt_PT","og_type":"article","og_title":"Um simples gesto di\u00e1rio pode acelerar o envelhecimento do teu c\u00e9rebro em um ano e meio. Descobre porqu\u00ea. - My Laser Tabac","og_description":"Um estudo revela que os ado\u00e7antes artificiais aceleram o envelhecimento do c\u00e9rebro, aumentando significativamente o decl\u00ednio cognitivo.","og_url":"https:\/\/www.mylasertabac.com\/pt-pt\/um-simples-gesto-diario-pode-acelerar-o-envelhecimento-do-teu-cerebro-em-um-ano-e-meio-descobre-porque\/","og_site_name":"My Laser Tabac","article_author":"https:\/\/www.facebook.com\/profile.php?id=61571554707319","article_published_time":"2025-09-08T07:31:29+00:00","article_modified_time":"2025-09-08T08:53:16+00:00","og_image":[{"width":1024,"height":683,"url":"https:\/\/www.mylasertabac.com\/wp-content\/uploads\/2025\/09\/ChatGPT-Image-8-sept.-2025-a-09_27_52-1024x683.png","type":"image\/png"}],"author":"Florian Fortes","twitter_card":"summary_large_image","twitter_misc":{"Escrito por":"Florian Fortes","Tempo estimado de leitura":"3 minutos"},"schema":{"@context":"https:\/\/schema.org","@graph":[{"@type":"Article","@id":"https:\/\/www.mylasertabac.com\/pt-pt\/um-simples-gesto-diario-pode-acelerar-o-envelhecimento-do-teu-cerebro-em-um-ano-e-meio-descobre-porque\/#article","isPartOf":{"@id":"https:\/\/www.mylasertabac.com\/pt-pt\/um-simples-gesto-diario-pode-acelerar-o-envelhecimento-do-teu-cerebro-em-um-ano-e-meio-descobre-porque\/"},"author":{"name":"Florian Fortes","@id":"https:\/\/www.mylasertabac.com\/pt-pt\/#\/schema\/person\/02c249cb76d912efb6c315ec23eccdf3"},"headline":"Um simples gesto di\u00e1rio pode acelerar o envelhecimento do teu c\u00e9rebro em um ano e meio. Descobre porqu\u00ea.","datePublished":"2025-09-08T07:31:29+00:00","dateModified":"2025-09-08T08:53:16+00:00","mainEntityOfPage":{"@id":"https:\/\/www.mylasertabac.com\/pt-pt\/um-simples-gesto-diario-pode-acelerar-o-envelhecimento-do-teu-cerebro-em-um-ano-e-meio-descobre-porque\/"},"wordCount":521,"publisher":{"@id":"https:\/\/www.mylasertabac.com\/pt-pt\/#organization"},"image":{"@id":"https:\/\/www.mylasertabac.com\/pt-pt\/um-simples-gesto-diario-pode-acelerar-o-envelhecimento-do-teu-cerebro-em-um-ano-e-meio-descobre-porque\/#primaryimage"},"thumbnailUrl":"https:\/\/www.mylasertabac.com\/wp-content\/uploads\/2025\/09\/ChatGPT-Image-8-sept.-2025-a-09_27_52.png","articleSection":["Sa\u00fade"],"inLanguage":"pt-PT"},{"@type":"WebPage","@id":"https:\/\/www.mylasertabac.com\/pt-pt\/um-simples-gesto-diario-pode-acelerar-o-envelhecimento-do-teu-cerebro-em-um-ano-e-meio-descobre-porque\/","url":"https:\/\/www.mylasertabac.com\/pt-pt\/um-simples-gesto-diario-pode-acelerar-o-envelhecimento-do-teu-cerebro-em-um-ano-e-meio-descobre-porque\/","name":"Um simples gesto di\u00e1rio pode acelerar o envelhecimento do teu c\u00e9rebro em um ano e meio. Descobre porqu\u00ea. - My Laser Tabac","isPartOf":{"@id":"https:\/\/www.mylasertabac.com\/pt-pt\/#website"},"primaryImageOfPage":{"@id":"https:\/\/www.mylasertabac.com\/pt-pt\/um-simples-gesto-diario-pode-acelerar-o-envelhecimento-do-teu-cerebro-em-um-ano-e-meio-descobre-porque\/#primaryimage"},"image":{"@id":"https:\/\/www.mylasertabac.com\/pt-pt\/um-simples-gesto-diario-pode-acelerar-o-envelhecimento-do-teu-cerebro-em-um-ano-e-meio-descobre-porque\/#primaryimage"},"thumbnailUrl":"https:\/\/www.mylasertabac.com\/wp-content\/uploads\/2025\/09\/ChatGPT-Image-8-sept.-2025-a-09_27_52.png","datePublished":"2025-09-08T07:31:29+00:00","dateModified":"2025-09-08T08:53:16+00:00","description":"Um estudo revela que os ado\u00e7antes artificiais aceleram o envelhecimento do c\u00e9rebro, aumentando significativamente o decl\u00ednio cognitivo.","breadcrumb":{"@id":"https:\/\/www.mylasertabac.com\/pt-pt\/um-simples-gesto-diario-pode-acelerar-o-envelhecimento-do-teu-cerebro-em-um-ano-e-meio-descobre-porque\/#breadcrumb"},"inLanguage":"pt-PT","potentialAction":[{"@type":"ReadAction","target":["https:\/\/www.mylasertabac.com\/pt-pt\/um-simples-gesto-diario-pode-acelerar-o-envelhecimento-do-teu-cerebro-em-um-ano-e-meio-descobre-porque\/"]}]},{"@type":"ImageObject","inLanguage":"pt-PT","@id":"https:\/\/www.mylasertabac.com\/pt-pt\/um-simples-gesto-diario-pode-acelerar-o-envelhecimento-do-teu-cerebro-em-um-ano-e-meio-descobre-porque\/#primaryimage","url":"https:\/\/www.mylasertabac.com\/wp-content\/uploads\/2025\/09\/ChatGPT-Image-8-sept.-2025-a-09_27_52.png","contentUrl":"https:\/\/www.mylasertabac.com\/wp-content\/uploads\/2025\/09\/ChatGPT-Image-8-sept.-2025-a-09_27_52.png","width":1536,"height":1024},{"@type":"BreadcrumbList","@id":"https:\/\/www.mylasertabac.com\/pt-pt\/um-simples-gesto-diario-pode-acelerar-o-envelhecimento-do-teu-cerebro-em-um-ano-e-meio-descobre-porque\/#breadcrumb","itemListElement":[{"@type":"ListItem","position":1,"name":"Accueil","item":"https:\/\/www.mylasertabac.com\/pt-pt\/casa\/"},{"@type":"ListItem","position":2,"name":"Um simples gesto di\u00e1rio pode acelerar o envelhecimento do teu c\u00e9rebro em um ano e meio. Descobre porqu\u00ea."}]},{"@type":"WebSite","@id":"https:\/\/www.mylasertabac.com\/pt-pt\/#website","url":"https:\/\/www.mylasertabac.com\/pt-pt\/","name":"My Laser Tabac","description":"La solution laser qui transforme les fumeurs en ex-fumeurs","publisher":{"@id":"https:\/\/www.mylasertabac.com\/pt-pt\/#organization"},"potentialAction":[{"@type":"SearchAction","target":{"@type":"EntryPoint","urlTemplate":"https:\/\/www.mylasertabac.com\/pt-pt\/?s={search_term_string}"},"query-input":{"@type":"PropertyValueSpecification","valueRequired":true,"valueName":"search_term_string"}}],"inLanguage":"pt-PT"},{"@type":"Organization","@id":"https:\/\/www.mylasertabac.com\/pt-pt\/#organization","name":"My Laser Tabac","url":"https:\/\/www.mylasertabac.com\/pt-pt\/","logo":{"@type":"ImageObject","inLanguage":"pt-PT","@id":"https:\/\/www.mylasertabac.com\/pt-pt\/#\/schema\/logo\/image\/","url":"https:\/\/www.mylasertabac.com\/wp-content\/uploads\/2024\/12\/mlt-verteau.svg","contentUrl":"https:\/\/www.mylasertabac.com\/wp-content\/uploads\/2024\/12\/mlt-verteau.svg","caption":"My Laser Tabac"},"image":{"@id":"https:\/\/www.mylasertabac.com\/pt-pt\/#\/schema\/logo\/image\/"}},{"@type":"Person","@id":"https:\/\/www.mylasertabac.com\/pt-pt\/#\/schema\/person\/02c249cb76d912efb6c315ec23eccdf3","name":"Florian Fortes","image":{"@type":"ImageObject","inLanguage":"pt-PT","@id":"https:\/\/www.mylasertabac.com\/wp-content\/litespeed\/avatar\/142101a71d7b9e6490c1120d9c109a67.jpg?ver=1776856306","url":"https:\/\/www.mylasertabac.com\/wp-content\/litespeed\/avatar\/142101a71d7b9e6490c1120d9c109a67.jpg?ver=1776856306","contentUrl":"https:\/\/www.mylasertabac.com\/wp-content\/litespeed\/avatar\/142101a71d7b9e6490c1120d9c109a67.jpg?ver=1776856306","caption":"Florian Fortes"},"sameAs":["https:\/\/www.mylasertabac.com","https:\/\/www.facebook.com\/profile.php?id=61571554707319"],"url":"https:\/\/www.mylasertabac.com\/pt-pt\/author\/florianfortes5312\/"}]}},"_links":{"self":[{"href":"https:\/\/www.mylasertabac.com\/pt-pt\/wp-json\/wp\/v2\/posts\/15609","targetHints":{"allow":["GET"]}}],"collection":[{"href":"https:\/\/www.mylasertabac.com\/pt-pt\/wp-json\/wp\/v2\/posts"}],"about":[{"href":"https:\/\/www.mylasertabac.com\/pt-pt\/wp-json\/wp\/v2\/types\/post"}],"author":[{"embeddable":true,"href":"https:\/\/www.mylasertabac.com\/pt-pt\/wp-json\/wp\/v2\/users\/2"}],"replies":[{"embeddable":true,"href":"https:\/\/www.mylasertabac.com\/pt-pt\/wp-json\/wp\/v2\/comments?post=15609"}],"version-history":[{"count":3,"href":"https:\/\/www.mylasertabac.com\/pt-pt\/wp-json\/wp\/v2\/posts\/15609\/revisions"}],"predecessor-version":[{"id":15621,"href":"https:\/\/www.mylasertabac.com\/pt-pt\/wp-json\/wp\/v2\/posts\/15609\/revisions\/15621"}],"wp:featuredmedia":[{"embeddable":true,"href":"https:\/\/www.mylasertabac.com\/pt-pt\/wp-json\/wp\/v2\/media\/15597"}],"wp:attachment":[{"href":"https:\/\/www.mylasertabac.com\/pt-pt\/wp-json\/wp\/v2\/media?parent=15609"}],"wp:term":[{"taxonomy":"category","embeddable":true,"href":"https:\/\/www.mylasertabac.com\/pt-pt\/wp-json\/wp\/v2\/categories?post=15609"},{"taxonomy":"post_tag","embeddable":true,"href":"https:\/\/www.mylasertabac.com\/pt-pt\/wp-json\/wp\/v2\/tags?post=15609"}],"curies":[{"name":"wp","href":"https:\/\/api.w.org\/{rel}","templated":true}]}}