{"id":16042,"date":"2025-09-12T08:09:00","date_gmt":"2025-09-12T06:09:00","guid":{"rendered":"https:\/\/www.mylasertabac.com\/programa-de-20-dias-mylasertabac-dia-5\/"},"modified":"2025-09-09T21:09:43","modified_gmt":"2025-09-09T19:09:43","slug":"programa-de-20-dias-mylasertabac-dia-5","status":"publish","type":"post","link":"https:\/\/www.mylasertabac.com\/pt-pt\/programa-de-20-dias-mylasertabac-dia-5\/","title":{"rendered":"Programa de 20 dias MyLaserTabac &#8211; Dia 5"},"content":{"rendered":"\n<p>Menus equilibrados para manteres o peso depois de deixares de fumar<\/p>\n\n<p>Deixaste de fumar gra\u00e7as ao m\u00e9todo <strong>MyLaserTabac<\/strong>. Parab\u00e9ns, \u00e9 uma decis\u00e3o que muda a tua vida. Mas h\u00e1 mais do que isso: muitas pessoas preocupam-se com o facto de ganharem peso depois de se despedirem dos cigarros. Como sabes, a nicotina suprime o apetite e estimula o metabolismo. Ent\u00e3o, como \u00e9 que evitas compensar comendo?    <\/p>\n\n<p>No <strong>MyLaserTabac<\/strong>, vamos mais longe do que apenas deixar de fumar. Todos os dias, oferecemos-te refei\u00e7\u00f5es f\u00e1ceis, equilibradas e saborosas para te ajudar a manteres-te magro. E tamb\u00e9m apoiamos aqueles que querem libertar-se de outros v\u00edcios: a\u00e7\u00facar, \u00e1lcool e can\u00e1bis. J\u00e1 n\u00e3o est\u00e1s sozinho, tens um aliado para te guiar, passo a passo.   <\/p>\n\n<p>Hoje, <strong>dia 5<\/strong>, descobre tr\u00eas novas receitas equilibradas e r\u00e1pidas de preparar, com um custo estimado para cada refei\u00e7\u00e3o.<\/p>\n\n<div style=\"height:24px\" aria-hidden=\"true\" class=\"wp-block-spacer\"><\/div>\n\n<h2 class=\"wp-block-heading\">O m\u00e9todo anti-tabaco MyLaserTabac express<\/h2>\n\n<p>Quando tiveres vontade de fumar:<\/p>\n\n<ol class=\"wp-block-list\">\n<li><strong>Bebe um copo grande de \u00e1gua fresca<\/strong> \ud83d\udca7<\/li>\n\n\n\n<li>Respira <strong>profundamente em 4-4<\/strong> (inspira 4 segundos, expira 4 segundos, durante 1 minuto) \ud83c\udf2c\ufe0f<\/li>\n\n\n\n<li><strong>Mexe-te durante 90 segundos<\/strong>: alongamento, caminhada r\u00e1pida, alguns passos din\u00e2micos \ud83d\udeb6\u200d\u2642\ufe0f<\/li>\n\n\n\n<li>Muda <strong>o sabor da tua boca<\/strong>: fruta fresca \ud83c\udf4f, ch\u00e1 de ervas quente ou pastilhas el\u00e1sticas sem a\u00e7\u00facar.<\/li>\n<\/ol>\n\n<p>Em apenas tr\u00eas minutos, est\u00e1s de novo no controlo.<\/p>\n\n<div style=\"height:24px\" aria-hidden=\"true\" class=\"wp-block-spacer\"><\/div>\n\n<h2 class=\"wp-block-heading\">Pequeno-almo\u00e7o &#8211; Queijo fresco com papas de aveia, mel e pera<\/h2>\n\n<p>Um pequeno-almo\u00e7o suave e completo, rico em fibras e prote\u00ednas, para come\u00e7ares bem o dia.<\/p>\n\n<p><strong>Ingredientes (1 pessoa)<\/strong><\/p>\n\n<ul class=\"wp-block-list\">\n<li>150 g 0% de queijo fresco ou skyr<\/li>\n\n\n\n<li>30 g de aveia em flocos<\/li>\n\n\n\n<li>\u00bd pera madura, cortada em cubos<\/li>\n\n\n\n<li>1 colher de ch\u00e1 de mel <\/li>\n\n\n\n<li>1 pitada de canela<\/li>\n<\/ul>\n\n<p><strong>Prepara\u00e7\u00e3o<\/strong><\/p>\n\n<ol class=\"wp-block-list\">\n<li>Deita o queijo fresco numa tigela.<\/li>\n\n\n\n<li>Acrescenta a aveia e a pera cortada em cubos.<\/li>\n\n\n\n<li>Rega com mel e polvilha com canela.<\/li>\n<\/ol>\n\n<p><strong>Tempo de prepara\u00e7\u00e3o<\/strong>: 5 minutos<br\/><strong>Custo aproximado<\/strong>: 1,20 euros por por\u00e7\u00e3o<\/p>\n\n<div style=\"height:24px\" aria-hidden=\"true\" class=\"wp-block-spacer\"><\/div>\n\n<hr class=\"wp-block-separator has-alpha-channel-opacity\"\/>\n\n<h2 class=\"wp-block-heading\">Almo\u00e7o &#8211; Tigela de Buda com frango, gr\u00e3o-de-bico e legumes grelhados<\/h2>\n\n<p>Uma refei\u00e7\u00e3o completa, colorida e equilibrada que te mant\u00e9m vivo durante toda a tarde.<\/p>\n\n<p><strong>Ingredientes (1 pessoa)<\/strong><\/p>\n\n<ul class=\"wp-block-list\">\n<li>100 g de peito de frango<\/li>\n\n\n\n<li>80 g de gr\u00e3o-de-bico cozido<\/li>\n\n\n\n<li>\u00bd batata-doce<\/li>\n\n\n\n<li>\u00bd courgette<\/li>\n\n\n\n<li>\u00bd abacate<\/li>\n\n\n\n<li>1 colher de sopa de azeite <\/li>\n\n\n\n<li>Sumo de lim\u00e3o, sal, pimenta, colorau<\/li>\n<\/ul>\n\n<div style=\"height:15px\" aria-hidden=\"true\" class=\"wp-block-spacer\"><\/div>\n\n<p><strong>Prepara\u00e7\u00e3o<\/strong><\/p>\n\n<ol class=\"wp-block-list\">\n<li>Pr\u00e9-aquece o forno a 200\u00b0C. Corta a batata-doce e a courgette em cubos e tempera com azeite, sal, pimenta e paprica. Coloca no forno durante 20 minutos.  <\/li>\n\n\n\n<li>Entretanto, grelha o frango numa frigideira durante 3-4 minutos de cada lado.<\/li>\n\n\n\n<li>Coloca o gr\u00e3o-de-bico, os legumes grelhados, o abacate cortado em fatias e o frango numa tigela.<\/li>\n\n\n\n<li>Rega com sumo de lim\u00e3o.<\/li>\n<\/ol>\n\n<p><strong>Tempo de prepara\u00e7\u00e3o\/cozedura<\/strong>: 25 minutos<br\/><strong>Custo aproximado<\/strong>: 3,50 euros por por\u00e7\u00e3o<\/p>\n\n<div style=\"height:12px\" aria-hidden=\"true\" class=\"wp-block-spacer\"><\/div>\n\n<h2 class=\"wp-block-heading\">Jantar &#8211; Sopa de br\u00f3colos e batata com leite de am\u00eandoa<\/h2>\n\n<p>Um jantar quente, diger\u00edvel e completo, ideal para a noite.<\/p>\n\n<p><strong>Ingredientes (1 pessoa)<\/strong><\/p>\n\n<ul class=\"wp-block-list\">\n<li>200 g de br\u00f3colos<\/li>\n\n\n\n<li>1 batata pequena<\/li>\n\n\n\n<li>\u00bd cebola<\/li>\n\n\n\n<li>200 ml de caldo de legumes<\/li>\n\n\n\n<li>100 ml de leite de am\u00eandoa sem a\u00e7\u00facar<\/li>\n\n\n\n<li>1 colher de ch\u00e1 de azeite <\/li>\n\n\n\n<li>Sal e pimenta<\/li>\n<\/ul>\n\n<div style=\"height:15px\" aria-hidden=\"true\" class=\"wp-block-spacer\"><\/div>\n\n<p><strong>Prepara\u00e7\u00e3o<\/strong><\/p>\n\n<ol class=\"wp-block-list\">\n<li>Pica a cebola e frita-a num tacho com o azeite.<\/li>\n\n\n\n<li>Acrescenta os br\u00f3colos e a batata cortada em cubos. Cobre com o caldo. <\/li>\n\n\n\n<li>Cozinha durante 15 minutos em lume m\u00e9dio.<\/li>\n\n\n\n<li>Mistura, adiciona o leite de am\u00eandoa e ajusta os temperos.<\/li>\n<\/ol>\n\n<p><strong>Tempo de prepara\u00e7\u00e3o\/cozedura<\/strong>: 20 minutos<br\/><strong>Custo aproximado<\/strong>: 2,00 euros por por\u00e7\u00e3o<\/p>\n\n<div style=\"height:24px\" aria-hidden=\"true\" class=\"wp-block-spacer\"><\/div>\n\n<h2 class=\"wp-block-heading\">Lanche opcional<\/h2>\n\n<p>Iogurte simples com um punhado de nozes (cerca de 1,20 euros).<\/p>\n\n<h2 class=\"wp-block-heading\">Conclus\u00e3o<\/h2>\n\n<p>Cada refei\u00e7\u00e3o do <strong>Dia 5<\/strong> foi concebida para ser simples, r\u00e1pida, econ\u00f3mica e satisfat\u00f3ria. Deixaste de fumar gra\u00e7as a <strong>MyLaserTabac<\/strong>, agora evitas o aumento de peso e cuidas da tua sa\u00fade. <\/p>\n\n<p><strong>Parab\u00e9ns<\/strong> por teres seguido este programa! Cada dia sem cigarros \u00e9 uma vit\u00f3ria. Continua, passo a passo. Estamos aqui para te apoiar enquanto deixas de fumar e de todas as depend\u00eancias, e para te ajudar a conseguir uma alimenta\u00e7\u00e3o equilibrada.   <\/p>\n\n<div style=\"height:24px\" aria-hidden=\"true\" class=\"wp-block-spacer\"><\/div>\n","protected":false},"excerpt":{"rendered":"<p>Menus equilibrados para manteres o peso depois de deixares de fumar Deixaste de fumar gra\u00e7as ao m\u00e9todo MyLaserTabac. Parab\u00e9ns, \u00e9 uma decis\u00e3o que muda a tua vida. Mas h\u00e1 mais do que isso: muitas pessoas preocupam-se com o facto de ganharem peso depois de se despedirem dos cigarros. Como sabes, a nicotina suprime o apetite [&hellip;]<\/p>\n","protected":false},"author":2,"featured_media":16087,"comment_status":"closed","ping_status":"open","sticky":false,"template":"","format":"standard","meta":{"inline_featured_image":false,"footnotes":""},"categories":[77],"tags":[],"class_list":["post-16042","post","type-post","status-publish","format-standard","has-post-thumbnail","hentry","category-sem-categoria"],"yoast_head":"<!-- This site is optimized with the Yoast SEO plugin v27.5 - https:\/\/yoast.com\/product\/yoast-seo-wordpress\/ -->\n<title>Programa de 20 dias MyLaserTabac - Dia 5 - My Laser Tabac<\/title>\n<meta name=\"robots\" content=\"index, follow, max-snippet:-1, max-image-preview:large, max-video-preview:-1\" \/>\n<link rel=\"canonical\" href=\"https:\/\/www.mylasertabac.com\/pt-pt\/programa-de-20-dias-mylasertabac-dia-5\/\" \/>\n<meta property=\"og:locale\" content=\"pt_PT\" \/>\n<meta property=\"og:type\" content=\"article\" \/>\n<meta property=\"og:title\" content=\"Programa de 20 dias MyLaserTabac - Dia 5 - My Laser Tabac\" \/>\n<meta property=\"og:description\" content=\"Menus equilibrados para manteres o peso depois de deixares de fumar Deixaste de fumar gra\u00e7as ao m\u00e9todo MyLaserTabac. Parab\u00e9ns, \u00e9 uma decis\u00e3o que muda a tua vida. Mas h\u00e1 mais do que isso: muitas pessoas preocupam-se com o facto de ganharem peso depois de se despedirem dos cigarros. Como sabes, a nicotina suprime o apetite [&hellip;]\" \/>\n<meta property=\"og:url\" content=\"https:\/\/www.mylasertabac.com\/pt-pt\/programa-de-20-dias-mylasertabac-dia-5\/\" \/>\n<meta property=\"og:site_name\" content=\"My Laser Tabac\" \/>\n<meta property=\"article:author\" content=\"https:\/\/www.facebook.com\/profile.php?id=61571554707319\" \/>\n<meta property=\"article:published_time\" content=\"2025-09-12T06:09:00+00:00\" \/>\n<meta property=\"og:image\" content=\"https:\/\/www.mylasertabac.com\/wp-content\/uploads\/2025\/09\/jour-5-pour-ne-pas-grossir-quand-ont-arrete-de-fumer-1024x683.png\" \/>\n\t<meta property=\"og:image:width\" content=\"1024\" \/>\n\t<meta property=\"og:image:height\" content=\"683\" \/>\n\t<meta property=\"og:image:type\" content=\"image\/png\" \/>\n<meta name=\"author\" content=\"Florian Fortes\" \/>\n<meta name=\"twitter:card\" content=\"summary_large_image\" \/>\n<meta name=\"twitter:label1\" content=\"Escrito por\" \/>\n\t<meta name=\"twitter:data1\" content=\"Florian Fortes\" \/>\n\t<meta name=\"twitter:label2\" content=\"Tempo estimado de leitura\" \/>\n\t<meta name=\"twitter:data2\" content=\"3 minutos\" \/>\n<script type=\"application\/ld+json\" class=\"yoast-schema-graph\">{\"@context\":\"https:\\\/\\\/schema.org\",\"@graph\":[{\"@type\":\"Article\",\"@id\":\"https:\\\/\\\/www.mylasertabac.com\\\/pt-pt\\\/programa-de-20-dias-mylasertabac-dia-5\\\/#article\",\"isPartOf\":{\"@id\":\"https:\\\/\\\/www.mylasertabac.com\\\/pt-pt\\\/programa-de-20-dias-mylasertabac-dia-5\\\/\"},\"author\":{\"name\":\"Florian Fortes\",\"@id\":\"https:\\\/\\\/www.mylasertabac.com\\\/pt-pt\\\/#\\\/schema\\\/person\\\/02c249cb76d912efb6c315ec23eccdf3\"},\"headline\":\"Programa de 20 dias MyLaserTabac &#8211; Dia 5\",\"datePublished\":\"2025-09-12T06:09:00+00:00\",\"mainEntityOfPage\":{\"@id\":\"https:\\\/\\\/www.mylasertabac.com\\\/pt-pt\\\/programa-de-20-dias-mylasertabac-dia-5\\\/\"},\"wordCount\":653,\"publisher\":{\"@id\":\"https:\\\/\\\/www.mylasertabac.com\\\/pt-pt\\\/#organization\"},\"image\":{\"@id\":\"https:\\\/\\\/www.mylasertabac.com\\\/pt-pt\\\/programa-de-20-dias-mylasertabac-dia-5\\\/#primaryimage\"},\"thumbnailUrl\":\"https:\\\/\\\/www.mylasertabac.com\\\/wp-content\\\/uploads\\\/2025\\\/09\\\/jour-5-pour-ne-pas-grossir-quand-ont-arrete-de-fumer.png\",\"inLanguage\":\"pt-PT\"},{\"@type\":\"WebPage\",\"@id\":\"https:\\\/\\\/www.mylasertabac.com\\\/pt-pt\\\/programa-de-20-dias-mylasertabac-dia-5\\\/\",\"url\":\"https:\\\/\\\/www.mylasertabac.com\\\/pt-pt\\\/programa-de-20-dias-mylasertabac-dia-5\\\/\",\"name\":\"Programa de 20 dias MyLaserTabac - Dia 5 - My Laser Tabac\",\"isPartOf\":{\"@id\":\"https:\\\/\\\/www.mylasertabac.com\\\/pt-pt\\\/#website\"},\"primaryImageOfPage\":{\"@id\":\"https:\\\/\\\/www.mylasertabac.com\\\/pt-pt\\\/programa-de-20-dias-mylasertabac-dia-5\\\/#primaryimage\"},\"image\":{\"@id\":\"https:\\\/\\\/www.mylasertabac.com\\\/pt-pt\\\/programa-de-20-dias-mylasertabac-dia-5\\\/#primaryimage\"},\"thumbnailUrl\":\"https:\\\/\\\/www.mylasertabac.com\\\/wp-content\\\/uploads\\\/2025\\\/09\\\/jour-5-pour-ne-pas-grossir-quand-ont-arrete-de-fumer.png\",\"datePublished\":\"2025-09-12T06:09:00+00:00\",\"breadcrumb\":{\"@id\":\"https:\\\/\\\/www.mylasertabac.com\\\/pt-pt\\\/programa-de-20-dias-mylasertabac-dia-5\\\/#breadcrumb\"},\"inLanguage\":\"pt-PT\",\"potentialAction\":[{\"@type\":\"ReadAction\",\"target\":[\"https:\\\/\\\/www.mylasertabac.com\\\/pt-pt\\\/programa-de-20-dias-mylasertabac-dia-5\\\/\"]}]},{\"@type\":\"ImageObject\",\"inLanguage\":\"pt-PT\",\"@id\":\"https:\\\/\\\/www.mylasertabac.com\\\/pt-pt\\\/programa-de-20-dias-mylasertabac-dia-5\\\/#primaryimage\",\"url\":\"https:\\\/\\\/www.mylasertabac.com\\\/wp-content\\\/uploads\\\/2025\\\/09\\\/jour-5-pour-ne-pas-grossir-quand-ont-arrete-de-fumer.png\",\"contentUrl\":\"https:\\\/\\\/www.mylasertabac.com\\\/wp-content\\\/uploads\\\/2025\\\/09\\\/jour-5-pour-ne-pas-grossir-quand-ont-arrete-de-fumer.png\",\"width\":1536,\"height\":1024},{\"@type\":\"BreadcrumbList\",\"@id\":\"https:\\\/\\\/www.mylasertabac.com\\\/pt-pt\\\/programa-de-20-dias-mylasertabac-dia-5\\\/#breadcrumb\",\"itemListElement\":[{\"@type\":\"ListItem\",\"position\":1,\"name\":\"Accueil\",\"item\":\"https:\\\/\\\/www.mylasertabac.com\\\/pt-pt\\\/casa\\\/\"},{\"@type\":\"ListItem\",\"position\":2,\"name\":\"Programa de 20 dias MyLaserTabac &#8211; Dia 5\"}]},{\"@type\":\"WebSite\",\"@id\":\"https:\\\/\\\/www.mylasertabac.com\\\/pt-pt\\\/#website\",\"url\":\"https:\\\/\\\/www.mylasertabac.com\\\/pt-pt\\\/\",\"name\":\"My Laser Tabac\",\"description\":\"La solution laser qui transforme les fumeurs en ex-fumeurs\",\"publisher\":{\"@id\":\"https:\\\/\\\/www.mylasertabac.com\\\/pt-pt\\\/#organization\"},\"potentialAction\":[{\"@type\":\"SearchAction\",\"target\":{\"@type\":\"EntryPoint\",\"urlTemplate\":\"https:\\\/\\\/www.mylasertabac.com\\\/pt-pt\\\/?s={search_term_string}\"},\"query-input\":{\"@type\":\"PropertyValueSpecification\",\"valueRequired\":true,\"valueName\":\"search_term_string\"}}],\"inLanguage\":\"pt-PT\"},{\"@type\":\"Organization\",\"@id\":\"https:\\\/\\\/www.mylasertabac.com\\\/pt-pt\\\/#organization\",\"name\":\"My Laser Tabac\",\"url\":\"https:\\\/\\\/www.mylasertabac.com\\\/pt-pt\\\/\",\"logo\":{\"@type\":\"ImageObject\",\"inLanguage\":\"pt-PT\",\"@id\":\"https:\\\/\\\/www.mylasertabac.com\\\/pt-pt\\\/#\\\/schema\\\/logo\\\/image\\\/\",\"url\":\"https:\\\/\\\/www.mylasertabac.com\\\/wp-content\\\/uploads\\\/2024\\\/12\\\/mlt-verteau.svg\",\"contentUrl\":\"https:\\\/\\\/www.mylasertabac.com\\\/wp-content\\\/uploads\\\/2024\\\/12\\\/mlt-verteau.svg\",\"caption\":\"My Laser Tabac\"},\"image\":{\"@id\":\"https:\\\/\\\/www.mylasertabac.com\\\/pt-pt\\\/#\\\/schema\\\/logo\\\/image\\\/\"}},{\"@type\":\"Person\",\"@id\":\"https:\\\/\\\/www.mylasertabac.com\\\/pt-pt\\\/#\\\/schema\\\/person\\\/02c249cb76d912efb6c315ec23eccdf3\",\"name\":\"Florian Fortes\",\"image\":{\"@type\":\"ImageObject\",\"inLanguage\":\"pt-PT\",\"@id\":\"https:\\\/\\\/www.mylasertabac.com\\\/wp-content\\\/litespeed\\\/avatar\\\/142101a71d7b9e6490c1120d9c109a67.jpg?ver=1776856306\",\"url\":\"https:\\\/\\\/www.mylasertabac.com\\\/wp-content\\\/litespeed\\\/avatar\\\/142101a71d7b9e6490c1120d9c109a67.jpg?ver=1776856306\",\"contentUrl\":\"https:\\\/\\\/www.mylasertabac.com\\\/wp-content\\\/litespeed\\\/avatar\\\/142101a71d7b9e6490c1120d9c109a67.jpg?ver=1776856306\",\"caption\":\"Florian Fortes\"},\"sameAs\":[\"https:\\\/\\\/www.mylasertabac.com\",\"https:\\\/\\\/www.facebook.com\\\/profile.php?id=61571554707319\"],\"url\":\"https:\\\/\\\/www.mylasertabac.com\\\/pt-pt\\\/author\\\/florianfortes5312\\\/\"}]}<\/script>\n<!-- \/ Yoast SEO plugin. -->","yoast_head_json":{"title":"Programa de 20 dias MyLaserTabac - Dia 5 - My Laser Tabac","robots":{"index":"index","follow":"follow","max-snippet":"max-snippet:-1","max-image-preview":"max-image-preview:large","max-video-preview":"max-video-preview:-1"},"canonical":"https:\/\/www.mylasertabac.com\/pt-pt\/programa-de-20-dias-mylasertabac-dia-5\/","og_locale":"pt_PT","og_type":"article","og_title":"Programa de 20 dias MyLaserTabac - Dia 5 - My Laser Tabac","og_description":"Menus equilibrados para manteres o peso depois de deixares de fumar Deixaste de fumar gra\u00e7as ao m\u00e9todo MyLaserTabac. Parab\u00e9ns, \u00e9 uma decis\u00e3o que muda a tua vida. Mas h\u00e1 mais do que isso: muitas pessoas preocupam-se com o facto de ganharem peso depois de se despedirem dos cigarros. Como sabes, a nicotina suprime o apetite [&hellip;]","og_url":"https:\/\/www.mylasertabac.com\/pt-pt\/programa-de-20-dias-mylasertabac-dia-5\/","og_site_name":"My Laser Tabac","article_author":"https:\/\/www.facebook.com\/profile.php?id=61571554707319","article_published_time":"2025-09-12T06:09:00+00:00","og_image":[{"width":1024,"height":683,"url":"https:\/\/www.mylasertabac.com\/wp-content\/uploads\/2025\/09\/jour-5-pour-ne-pas-grossir-quand-ont-arrete-de-fumer-1024x683.png","type":"image\/png"}],"author":"Florian Fortes","twitter_card":"summary_large_image","twitter_misc":{"Escrito por":"Florian Fortes","Tempo estimado de leitura":"3 minutos"},"schema":{"@context":"https:\/\/schema.org","@graph":[{"@type":"Article","@id":"https:\/\/www.mylasertabac.com\/pt-pt\/programa-de-20-dias-mylasertabac-dia-5\/#article","isPartOf":{"@id":"https:\/\/www.mylasertabac.com\/pt-pt\/programa-de-20-dias-mylasertabac-dia-5\/"},"author":{"name":"Florian Fortes","@id":"https:\/\/www.mylasertabac.com\/pt-pt\/#\/schema\/person\/02c249cb76d912efb6c315ec23eccdf3"},"headline":"Programa de 20 dias MyLaserTabac &#8211; Dia 5","datePublished":"2025-09-12T06:09:00+00:00","mainEntityOfPage":{"@id":"https:\/\/www.mylasertabac.com\/pt-pt\/programa-de-20-dias-mylasertabac-dia-5\/"},"wordCount":653,"publisher":{"@id":"https:\/\/www.mylasertabac.com\/pt-pt\/#organization"},"image":{"@id":"https:\/\/www.mylasertabac.com\/pt-pt\/programa-de-20-dias-mylasertabac-dia-5\/#primaryimage"},"thumbnailUrl":"https:\/\/www.mylasertabac.com\/wp-content\/uploads\/2025\/09\/jour-5-pour-ne-pas-grossir-quand-ont-arrete-de-fumer.png","inLanguage":"pt-PT"},{"@type":"WebPage","@id":"https:\/\/www.mylasertabac.com\/pt-pt\/programa-de-20-dias-mylasertabac-dia-5\/","url":"https:\/\/www.mylasertabac.com\/pt-pt\/programa-de-20-dias-mylasertabac-dia-5\/","name":"Programa de 20 dias MyLaserTabac - Dia 5 - My Laser Tabac","isPartOf":{"@id":"https:\/\/www.mylasertabac.com\/pt-pt\/#website"},"primaryImageOfPage":{"@id":"https:\/\/www.mylasertabac.com\/pt-pt\/programa-de-20-dias-mylasertabac-dia-5\/#primaryimage"},"image":{"@id":"https:\/\/www.mylasertabac.com\/pt-pt\/programa-de-20-dias-mylasertabac-dia-5\/#primaryimage"},"thumbnailUrl":"https:\/\/www.mylasertabac.com\/wp-content\/uploads\/2025\/09\/jour-5-pour-ne-pas-grossir-quand-ont-arrete-de-fumer.png","datePublished":"2025-09-12T06:09:00+00:00","breadcrumb":{"@id":"https:\/\/www.mylasertabac.com\/pt-pt\/programa-de-20-dias-mylasertabac-dia-5\/#breadcrumb"},"inLanguage":"pt-PT","potentialAction":[{"@type":"ReadAction","target":["https:\/\/www.mylasertabac.com\/pt-pt\/programa-de-20-dias-mylasertabac-dia-5\/"]}]},{"@type":"ImageObject","inLanguage":"pt-PT","@id":"https:\/\/www.mylasertabac.com\/pt-pt\/programa-de-20-dias-mylasertabac-dia-5\/#primaryimage","url":"https:\/\/www.mylasertabac.com\/wp-content\/uploads\/2025\/09\/jour-5-pour-ne-pas-grossir-quand-ont-arrete-de-fumer.png","contentUrl":"https:\/\/www.mylasertabac.com\/wp-content\/uploads\/2025\/09\/jour-5-pour-ne-pas-grossir-quand-ont-arrete-de-fumer.png","width":1536,"height":1024},{"@type":"BreadcrumbList","@id":"https:\/\/www.mylasertabac.com\/pt-pt\/programa-de-20-dias-mylasertabac-dia-5\/#breadcrumb","itemListElement":[{"@type":"ListItem","position":1,"name":"Accueil","item":"https:\/\/www.mylasertabac.com\/pt-pt\/casa\/"},{"@type":"ListItem","position":2,"name":"Programa de 20 dias MyLaserTabac &#8211; Dia 5"}]},{"@type":"WebSite","@id":"https:\/\/www.mylasertabac.com\/pt-pt\/#website","url":"https:\/\/www.mylasertabac.com\/pt-pt\/","name":"My Laser Tabac","description":"La solution laser qui transforme les fumeurs en ex-fumeurs","publisher":{"@id":"https:\/\/www.mylasertabac.com\/pt-pt\/#organization"},"potentialAction":[{"@type":"SearchAction","target":{"@type":"EntryPoint","urlTemplate":"https:\/\/www.mylasertabac.com\/pt-pt\/?s={search_term_string}"},"query-input":{"@type":"PropertyValueSpecification","valueRequired":true,"valueName":"search_term_string"}}],"inLanguage":"pt-PT"},{"@type":"Organization","@id":"https:\/\/www.mylasertabac.com\/pt-pt\/#organization","name":"My Laser Tabac","url":"https:\/\/www.mylasertabac.com\/pt-pt\/","logo":{"@type":"ImageObject","inLanguage":"pt-PT","@id":"https:\/\/www.mylasertabac.com\/pt-pt\/#\/schema\/logo\/image\/","url":"https:\/\/www.mylasertabac.com\/wp-content\/uploads\/2024\/12\/mlt-verteau.svg","contentUrl":"https:\/\/www.mylasertabac.com\/wp-content\/uploads\/2024\/12\/mlt-verteau.svg","caption":"My Laser Tabac"},"image":{"@id":"https:\/\/www.mylasertabac.com\/pt-pt\/#\/schema\/logo\/image\/"}},{"@type":"Person","@id":"https:\/\/www.mylasertabac.com\/pt-pt\/#\/schema\/person\/02c249cb76d912efb6c315ec23eccdf3","name":"Florian Fortes","image":{"@type":"ImageObject","inLanguage":"pt-PT","@id":"https:\/\/www.mylasertabac.com\/wp-content\/litespeed\/avatar\/142101a71d7b9e6490c1120d9c109a67.jpg?ver=1776856306","url":"https:\/\/www.mylasertabac.com\/wp-content\/litespeed\/avatar\/142101a71d7b9e6490c1120d9c109a67.jpg?ver=1776856306","contentUrl":"https:\/\/www.mylasertabac.com\/wp-content\/litespeed\/avatar\/142101a71d7b9e6490c1120d9c109a67.jpg?ver=1776856306","caption":"Florian Fortes"},"sameAs":["https:\/\/www.mylasertabac.com","https:\/\/www.facebook.com\/profile.php?id=61571554707319"],"url":"https:\/\/www.mylasertabac.com\/pt-pt\/author\/florianfortes5312\/"}]}},"_links":{"self":[{"href":"https:\/\/www.mylasertabac.com\/pt-pt\/wp-json\/wp\/v2\/posts\/16042","targetHints":{"allow":["GET"]}}],"collection":[{"href":"https:\/\/www.mylasertabac.com\/pt-pt\/wp-json\/wp\/v2\/posts"}],"about":[{"href":"https:\/\/www.mylasertabac.com\/pt-pt\/wp-json\/wp\/v2\/types\/post"}],"author":[{"embeddable":true,"href":"https:\/\/www.mylasertabac.com\/pt-pt\/wp-json\/wp\/v2\/users\/2"}],"replies":[{"embeddable":true,"href":"https:\/\/www.mylasertabac.com\/pt-pt\/wp-json\/wp\/v2\/comments?post=16042"}],"version-history":[{"count":1,"href":"https:\/\/www.mylasertabac.com\/pt-pt\/wp-json\/wp\/v2\/posts\/16042\/revisions"}],"predecessor-version":[{"id":16043,"href":"https:\/\/www.mylasertabac.com\/pt-pt\/wp-json\/wp\/v2\/posts\/16042\/revisions\/16043"}],"wp:featuredmedia":[{"embeddable":true,"href":"https:\/\/www.mylasertabac.com\/pt-pt\/wp-json\/wp\/v2\/media\/16087"}],"wp:attachment":[{"href":"https:\/\/www.mylasertabac.com\/pt-pt\/wp-json\/wp\/v2\/media?parent=16042"}],"wp:term":[{"taxonomy":"category","embeddable":true,"href":"https:\/\/www.mylasertabac.com\/pt-pt\/wp-json\/wp\/v2\/categories?post=16042"},{"taxonomy":"post_tag","embeddable":true,"href":"https:\/\/www.mylasertabac.com\/pt-pt\/wp-json\/wp\/v2\/tags?post=16042"}],"curies":[{"name":"wp","href":"https:\/\/api.w.org\/{rel}","templated":true}]}}