{"id":16206,"date":"2025-09-10T17:27:19","date_gmt":"2025-09-10T15:27:19","guid":{"rendered":"https:\/\/www.mylasertabac.com\/os-efeitos-transgeracionais-do-tabagismo-passivo-um-legado-silencioso-a-ser-quebrado\/"},"modified":"2025-09-10T18:03:47","modified_gmt":"2025-09-10T16:03:47","slug":"os-efeitos-transgeracionais-do-tabagismo-passivo-um-legado-silencioso-a-ser-quebrado","status":"publish","type":"post","link":"https:\/\/www.mylasertabac.com\/pt-pt\/os-efeitos-transgeracionais-do-tabagismo-passivo-um-legado-silencioso-a-ser-quebrado\/","title":{"rendered":"O TEU TABAGISMO PODE AFECTAR A SA\u00daDE PULMONAR DOS TEUS NETOS, DE ACORDO COM UM NOVO ESTUDO"},"content":{"rendered":"\n<p><\/p>\n\n<p>O tabagismo n\u00e3o afecta apenas a sa\u00fade dos pr\u00f3prios fumadores. Numerosos estudos cient\u00edficos demonstraram que o fumo do cigarro, mesmo quando sofrido de forma passiva, pode deixar marcas duradouras. Pior ainda, estudos recentes revelam que estes efeitos podem ser transmitidos \u00e0s gera\u00e7\u00f5es seguintes, afectando a sa\u00fade pulmonar dos filhos&#8230; e at\u00e9 dos netos.  <\/p>\n\n<div style=\"height:20px\" aria-hidden=\"true\" class=\"wp-block-spacer\"><\/div>\n\n<h2 class=\"wp-block-heading\">Um estudo australiano: quando a exposi\u00e7\u00e3o passiva afecta as gera\u00e7\u00f5es futuras<\/h2>\n\n<p>Um estudo australiano recente, publicado na revista <em>Thorax<\/em>, revela que os homens que foram expostos ao tabagismo passivo quando eram crian\u00e7as t\u00eam mais probabilidades de ter filhos com uma fun\u00e7\u00e3o pulmonar afetada na idade adulta. Aos 53 anos, estes filhos tinham um <strong>FEV1<\/strong> (volume expirat\u00f3rio for\u00e7ado num segundo) 56% inferior ao dos filhos de pais n\u00e3o expostos. <\/p>\n\n<p>Os investigadores salientam que poss\u00edveis altera\u00e7\u00f5es gen\u00e9ticas &#8211; particularmente durante a pr\u00e9-puberdade nos rapazes &#8211; poderiam explicar esta transmiss\u00e3o da disfun\u00e7\u00e3o respirat\u00f3ria aos seus descendentes.<\/p>\n\n<div style=\"height:20px\" aria-hidden=\"true\" class=\"wp-block-spacer\"><\/div>\n\n<h2 class=\"wp-block-heading\">Consequ\u00eancias j\u00e1 sentidas pelas crian\u00e7as<\/h2>\n\n<p>A exposi\u00e7\u00e3o ao tabagismo passivo j\u00e1 afecta os mais jovens atrav\u00e9s de infec\u00e7\u00f5es respirat\u00f3rias frequentes, asma, infec\u00e7\u00f5es do ouvido e bronquite. A longo prazo, estas condi\u00e7\u00f5es aumentam o risco de doen\u00e7as cardiovasculares e de cancro do pulm\u00e3o. <\/p>\n\n<p>H\u00e1 tamb\u00e9m provas de que o tabagismo passivo provoca altera\u00e7\u00f5es epigen\u00e9ticas &#8211; incluindo a metila\u00e7\u00e3o do ADN &#8211; nas crian\u00e7as, por vezes t\u00e3o intensas como nos fumadores activos. Ainda hoje, cerca de <strong>40% das crian\u00e7as do mundo<\/strong> est\u00e3o sujeitas a esta exposi\u00e7\u00e3o perigosa. <\/p>\n\n<div style=\"height:20px\" aria-hidden=\"true\" class=\"wp-block-spacer\"><\/div>\n\n<h2 class=\"wp-block-heading\">Quebrar a cadeia: porque \u00e9 que parar \u00e9 essencial<\/h2>\n\n<div style=\"height:20px\" aria-hidden=\"true\" class=\"wp-block-spacer\"><\/div>\n\n<p>Deixaste <a href=\"https:\/\/www.mylasertabac.com\/pt-pt\/\">de fumar<\/a> com <strong><a href=\"https:\/\/www.mylasertabac.com\/pt-pt\/\">MyLaserTabac<\/a><\/strong>e esse \u00e9 o primeiro passo para um futuro livre. Mas ao deixares de fumar, n\u00e3o est\u00e1s apenas a proteger a tua sa\u00fade: est\u00e1s a quebrar o ciclo transgeracional de depend\u00eancia e doen\u00e7a. <\/p>\n\n<p>Deixar de fumar reduz o risco de morte prematura (milh\u00f5es de mortes s\u00e3o evit\u00e1veis todos os anos) e protege n\u00e3o s\u00f3 o teu h\u00e1lito, mas tamb\u00e9m o patrim\u00f3nio respirat\u00f3rio dos teus filhos.<\/p>\n\n<div style=\"height:27px\" aria-hidden=\"true\" class=\"wp-block-spacer\"><\/div>\n\n<figure class=\"wp-block-table\"><table class=\"has-fixed-layout\"><tbody><tr><td>Vale a pena ler tamb\u00e9m: <a href=\"https:\/\/www.mylasertabac.com\/pt-pt\/informacoes\/formacao-laser-anti-tabaco-e-contra-a-dependencia\/\"><mark style=\"background-color:rgba(0, 0, 0, 0)\" class=\"has-inline-color has-luminous-vivid-orange-color\">Se quiseres criar uma empresa nova e em r\u00e1pido crescimento no dom\u00ednio do tratamento de toxicodepend\u00eancias, gostar\u00edamos de te ouvir &#8230;<\/mark><\/a><\/td><\/tr><\/tbody><\/table><\/figure>\n\n<p><\/p>\n\n<div style=\"height:27px\" aria-hidden=\"true\" class=\"wp-block-spacer\"><\/div>\n\n<figure class=\"wp-block-image alignleft size-large is-resized\"><a href=\"https:\/\/www.mylasertabac.com\/pt-pt\/os-nossos-centros\/\"><img fetchpriority=\"high\" decoding=\"async\" width=\"1024\" height=\"668\" src=\"https:\/\/www.mylasertabac.com\/wp-content\/uploads\/2025\/08\/tu-veux-arreter-de-fumer-Clique-ici--1024x668.jpg\" alt=\"\" class=\"wp-image-13752\" style=\"width:536px;height:auto\" srcset=\"https:\/\/www.mylasertabac.com\/wp-content\/uploads\/2025\/08\/tu-veux-arreter-de-fumer-Clique-ici--1024x668.jpg 1024w, https:\/\/www.mylasertabac.com\/wp-content\/uploads\/2025\/08\/tu-veux-arreter-de-fumer-Clique-ici--300x196.jpg 300w, https:\/\/www.mylasertabac.com\/wp-content\/uploads\/2025\/08\/tu-veux-arreter-de-fumer-Clique-ici--768x501.jpg 768w, https:\/\/www.mylasertabac.com\/wp-content\/uploads\/2025\/08\/tu-veux-arreter-de-fumer-Clique-ici-.jpg 1206w\" sizes=\"(max-width: 1024px) 100vw, 1024px\" \/><\/a><\/figure>\n\n<h2 class=\"wp-block-heading\">MyLaserTabac, um m\u00e9todo eficaz e respeitador<\/h2>\n\n<p>A nossa abordagem \u00fanica baseia-se na <strong><a href=\"https:\/\/www.mylasertabac.com\/pt-pt\/\">reflexologia auricular<\/a><\/strong>uma estimula\u00e7\u00e3o direcionada dos pontos de depend\u00eancia localizados na orelha. Trabalha de forma suave e eficaz para te ajudar a quebrar o h\u00e1bito para sempre: <\/p>\n\n<ul class=\"wp-block-list\">\n<li>fuma,<\/li>\n\n\n\n<li>a\u00e7\u00facar,<\/li>\n\n\n\n<li>\u00e1lcool,<\/li>\n\n\n\n<li>can\u00e1bis.<\/li>\n<\/ul>\n\n<p>Estamos presentes em muitos departamentos de Fran\u00e7a e em v\u00e1rios outros pa\u00edses. Podemos ajudar-te n\u00e3o s\u00f3 a deixar de fumar, mas tamb\u00e9m a proteger as gera\u00e7\u00f5es futuras &#8211; porque a verdadeira liberdade s\u00f3 pode ser transmitida uma vez. <\/p>\n\n<div style=\"height:35px\" aria-hidden=\"true\" class=\"wp-block-spacer\"><\/div>\n\n<h2 class=\"wp-block-heading\">Conclus\u00e3o: para ti, para os teus filhos e para o futuro<\/h2>\n\n<p>O estudo australiano mostra que o impacto do tabagismo passivo pode ser transmitido aos teus filhos &#8211; atrav\u00e9s de danos pulmonares duradouros e efeitos gen\u00e9ticos invis\u00edveis. Para p\u00f4r fim a esta amea\u00e7a silenciosa, deixar de fumar \u00e9 mais do que um ato pessoal: \u00e9 um gesto para com toda a tua linhagem. <\/p>\n\n<p>Com o <strong>MyLaserTabac<\/strong>, escolhes uma vida sem tabaco, sem depend\u00eancia &#8211; para ti, para os teus filhos, para o futuro. Tu tens este poder. Faz dele a tua for\u00e7a.  <\/p>\n\n<div style=\"height:53px\" aria-hidden=\"true\" class=\"wp-block-spacer\"><\/div>\n\n<figure class=\"wp-block-image size-large\"><img decoding=\"async\" src=\"https:\/\/www.mylasertabac.com\/wp-content\/uploads\/\/mlt-verteau.svg\" alt=\"\" class=\"wp-image-13\"\/><\/figure>\n","protected":false},"excerpt":{"rendered":"<p>O tabagismo n\u00e3o afecta apenas a sa\u00fade dos pr\u00f3prios fumadores. Numerosos estudos cient\u00edficos demonstraram que o fumo do cigarro, mesmo quando sofrido de forma passiva, pode deixar marcas duradouras. Pior ainda, estudos recentes revelam que estes efeitos podem ser transmitidos \u00e0s gera\u00e7\u00f5es seguintes, afectando a sa\u00fade pulmonar dos filhos&#8230; e at\u00e9 dos netos. Um estudo [&hellip;]<\/p>\n","protected":false},"author":2,"featured_media":16199,"comment_status":"closed","ping_status":"open","sticky":false,"template":"","format":"standard","meta":{"inline_featured_image":false,"footnotes":""},"categories":[130],"tags":[],"class_list":["post-16206","post","type-post","status-publish","format-standard","has-post-thumbnail","hentry","category-saude"],"yoast_head":"<!-- This site is optimized with the Yoast SEO plugin v27.4 - https:\/\/yoast.com\/product\/yoast-seo-wordpress\/ -->\n<title>O TEU TABAGISMO PODE AFECTAR A SA\u00daDE PULMONAR DOS TEUS NETOS, DE ACORDO COM UM NOVO ESTUDO - My Laser Tabac<\/title>\n<meta name=\"description\" content=\"Descobre como o tabagismo passivo pode afetar os teus filhos e netos e porque \u00e9 urgente tomar medidas.\" \/>\n<meta name=\"robots\" content=\"index, follow, max-snippet:-1, max-image-preview:large, max-video-preview:-1\" \/>\n<link rel=\"canonical\" href=\"https:\/\/www.mylasertabac.com\/pt-pt\/os-efeitos-transgeracionais-do-tabagismo-passivo-um-legado-silencioso-a-ser-quebrado\/\" \/>\n<meta property=\"og:locale\" content=\"pt_PT\" \/>\n<meta property=\"og:type\" content=\"article\" \/>\n<meta property=\"og:title\" content=\"O TEU TABAGISMO PODE AFECTAR A SA\u00daDE PULMONAR DOS TEUS NETOS, DE ACORDO COM UM NOVO ESTUDO - My Laser Tabac\" \/>\n<meta property=\"og:description\" content=\"Descobre como o tabagismo passivo pode afetar os teus filhos e netos e porque \u00e9 urgente tomar medidas.\" \/>\n<meta property=\"og:url\" content=\"https:\/\/www.mylasertabac.com\/pt-pt\/os-efeitos-transgeracionais-do-tabagismo-passivo-um-legado-silencioso-a-ser-quebrado\/\" \/>\n<meta property=\"og:site_name\" content=\"My Laser Tabac\" \/>\n<meta property=\"article:author\" content=\"https:\/\/www.facebook.com\/profile.php?id=61571554707319\" \/>\n<meta property=\"article:published_time\" content=\"2025-09-10T15:27:19+00:00\" \/>\n<meta property=\"article:modified_time\" content=\"2025-09-10T16:03:47+00:00\" \/>\n<meta property=\"og:image\" content=\"https:\/\/www.mylasertabac.com\/wp-content\/uploads\/2025\/09\/Les-effets-de-la-cigarette-sur-nos-petit-enfants-1024x683.png\" \/>\n\t<meta property=\"og:image:width\" content=\"1024\" \/>\n\t<meta property=\"og:image:height\" content=\"683\" \/>\n\t<meta property=\"og:image:type\" content=\"image\/png\" \/>\n<meta name=\"author\" content=\"Florian Fortes\" \/>\n<meta name=\"twitter:card\" content=\"summary_large_image\" \/>\n<meta name=\"twitter:label1\" content=\"Escrito por\" \/>\n\t<meta name=\"twitter:data1\" content=\"Florian Fortes\" \/>\n\t<meta name=\"twitter:label2\" content=\"Tempo estimado de leitura\" \/>\n\t<meta name=\"twitter:data2\" content=\"3 minutos\" \/>\n<script type=\"application\/ld+json\" class=\"yoast-schema-graph\">{\"@context\":\"https:\\\/\\\/schema.org\",\"@graph\":[{\"@type\":\"Article\",\"@id\":\"https:\\\/\\\/www.mylasertabac.com\\\/pt-pt\\\/os-efeitos-transgeracionais-do-tabagismo-passivo-um-legado-silencioso-a-ser-quebrado\\\/#article\",\"isPartOf\":{\"@id\":\"https:\\\/\\\/www.mylasertabac.com\\\/pt-pt\\\/os-efeitos-transgeracionais-do-tabagismo-passivo-um-legado-silencioso-a-ser-quebrado\\\/\"},\"author\":{\"name\":\"Florian Fortes\",\"@id\":\"https:\\\/\\\/www.mylasertabac.com\\\/pt-pt\\\/#\\\/schema\\\/person\\\/02c249cb76d912efb6c315ec23eccdf3\"},\"headline\":\"O TEU TABAGISMO PODE AFECTAR A SA\u00daDE PULMONAR DOS TEUS NETOS, DE ACORDO COM UM NOVO ESTUDO\",\"datePublished\":\"2025-09-10T15:27:19+00:00\",\"dateModified\":\"2025-09-10T16:03:47+00:00\",\"mainEntityOfPage\":{\"@id\":\"https:\\\/\\\/www.mylasertabac.com\\\/pt-pt\\\/os-efeitos-transgeracionais-do-tabagismo-passivo-um-legado-silencioso-a-ser-quebrado\\\/\"},\"wordCount\":597,\"publisher\":{\"@id\":\"https:\\\/\\\/www.mylasertabac.com\\\/pt-pt\\\/#organization\"},\"image\":{\"@id\":\"https:\\\/\\\/www.mylasertabac.com\\\/pt-pt\\\/os-efeitos-transgeracionais-do-tabagismo-passivo-um-legado-silencioso-a-ser-quebrado\\\/#primaryimage\"},\"thumbnailUrl\":\"https:\\\/\\\/www.mylasertabac.com\\\/wp-content\\\/uploads\\\/2025\\\/09\\\/Les-effets-de-la-cigarette-sur-nos-petit-enfants.png\",\"articleSection\":[\"Sa\u00fade\"],\"inLanguage\":\"pt-PT\"},{\"@type\":\"WebPage\",\"@id\":\"https:\\\/\\\/www.mylasertabac.com\\\/pt-pt\\\/os-efeitos-transgeracionais-do-tabagismo-passivo-um-legado-silencioso-a-ser-quebrado\\\/\",\"url\":\"https:\\\/\\\/www.mylasertabac.com\\\/pt-pt\\\/os-efeitos-transgeracionais-do-tabagismo-passivo-um-legado-silencioso-a-ser-quebrado\\\/\",\"name\":\"O TEU TABAGISMO PODE AFECTAR A SA\u00daDE PULMONAR DOS TEUS NETOS, DE ACORDO COM UM NOVO ESTUDO - My Laser Tabac\",\"isPartOf\":{\"@id\":\"https:\\\/\\\/www.mylasertabac.com\\\/pt-pt\\\/#website\"},\"primaryImageOfPage\":{\"@id\":\"https:\\\/\\\/www.mylasertabac.com\\\/pt-pt\\\/os-efeitos-transgeracionais-do-tabagismo-passivo-um-legado-silencioso-a-ser-quebrado\\\/#primaryimage\"},\"image\":{\"@id\":\"https:\\\/\\\/www.mylasertabac.com\\\/pt-pt\\\/os-efeitos-transgeracionais-do-tabagismo-passivo-um-legado-silencioso-a-ser-quebrado\\\/#primaryimage\"},\"thumbnailUrl\":\"https:\\\/\\\/www.mylasertabac.com\\\/wp-content\\\/uploads\\\/2025\\\/09\\\/Les-effets-de-la-cigarette-sur-nos-petit-enfants.png\",\"datePublished\":\"2025-09-10T15:27:19+00:00\",\"dateModified\":\"2025-09-10T16:03:47+00:00\",\"description\":\"Descobre como o tabagismo passivo pode afetar os teus filhos e netos e porque \u00e9 urgente tomar medidas.\",\"breadcrumb\":{\"@id\":\"https:\\\/\\\/www.mylasertabac.com\\\/pt-pt\\\/os-efeitos-transgeracionais-do-tabagismo-passivo-um-legado-silencioso-a-ser-quebrado\\\/#breadcrumb\"},\"inLanguage\":\"pt-PT\",\"potentialAction\":[{\"@type\":\"ReadAction\",\"target\":[\"https:\\\/\\\/www.mylasertabac.com\\\/pt-pt\\\/os-efeitos-transgeracionais-do-tabagismo-passivo-um-legado-silencioso-a-ser-quebrado\\\/\"]}]},{\"@type\":\"ImageObject\",\"inLanguage\":\"pt-PT\",\"@id\":\"https:\\\/\\\/www.mylasertabac.com\\\/pt-pt\\\/os-efeitos-transgeracionais-do-tabagismo-passivo-um-legado-silencioso-a-ser-quebrado\\\/#primaryimage\",\"url\":\"https:\\\/\\\/www.mylasertabac.com\\\/wp-content\\\/uploads\\\/2025\\\/09\\\/Les-effets-de-la-cigarette-sur-nos-petit-enfants.png\",\"contentUrl\":\"https:\\\/\\\/www.mylasertabac.com\\\/wp-content\\\/uploads\\\/2025\\\/09\\\/Les-effets-de-la-cigarette-sur-nos-petit-enfants.png\",\"width\":1536,\"height\":1024},{\"@type\":\"BreadcrumbList\",\"@id\":\"https:\\\/\\\/www.mylasertabac.com\\\/pt-pt\\\/os-efeitos-transgeracionais-do-tabagismo-passivo-um-legado-silencioso-a-ser-quebrado\\\/#breadcrumb\",\"itemListElement\":[{\"@type\":\"ListItem\",\"position\":1,\"name\":\"Accueil\",\"item\":\"https:\\\/\\\/www.mylasertabac.com\\\/pt-pt\\\/casa\\\/\"},{\"@type\":\"ListItem\",\"position\":2,\"name\":\"O TEU TABAGISMO PODE AFECTAR A SA\u00daDE PULMONAR DOS TEUS NETOS, DE ACORDO COM UM NOVO ESTUDO\"}]},{\"@type\":\"WebSite\",\"@id\":\"https:\\\/\\\/www.mylasertabac.com\\\/pt-pt\\\/#website\",\"url\":\"https:\\\/\\\/www.mylasertabac.com\\\/pt-pt\\\/\",\"name\":\"My Laser Tabac\",\"description\":\"La solution laser qui transforme les fumeurs en ex-fumeurs\",\"publisher\":{\"@id\":\"https:\\\/\\\/www.mylasertabac.com\\\/pt-pt\\\/#organization\"},\"potentialAction\":[{\"@type\":\"SearchAction\",\"target\":{\"@type\":\"EntryPoint\",\"urlTemplate\":\"https:\\\/\\\/www.mylasertabac.com\\\/pt-pt\\\/?s={search_term_string}\"},\"query-input\":{\"@type\":\"PropertyValueSpecification\",\"valueRequired\":true,\"valueName\":\"search_term_string\"}}],\"inLanguage\":\"pt-PT\"},{\"@type\":\"Organization\",\"@id\":\"https:\\\/\\\/www.mylasertabac.com\\\/pt-pt\\\/#organization\",\"name\":\"My Laser Tabac\",\"url\":\"https:\\\/\\\/www.mylasertabac.com\\\/pt-pt\\\/\",\"logo\":{\"@type\":\"ImageObject\",\"inLanguage\":\"pt-PT\",\"@id\":\"https:\\\/\\\/www.mylasertabac.com\\\/pt-pt\\\/#\\\/schema\\\/logo\\\/image\\\/\",\"url\":\"https:\\\/\\\/www.mylasertabac.com\\\/wp-content\\\/uploads\\\/2024\\\/12\\\/mlt-verteau.svg\",\"contentUrl\":\"https:\\\/\\\/www.mylasertabac.com\\\/wp-content\\\/uploads\\\/2024\\\/12\\\/mlt-verteau.svg\",\"caption\":\"My Laser Tabac\"},\"image\":{\"@id\":\"https:\\\/\\\/www.mylasertabac.com\\\/pt-pt\\\/#\\\/schema\\\/logo\\\/image\\\/\"}},{\"@type\":\"Person\",\"@id\":\"https:\\\/\\\/www.mylasertabac.com\\\/pt-pt\\\/#\\\/schema\\\/person\\\/02c249cb76d912efb6c315ec23eccdf3\",\"name\":\"Florian Fortes\",\"image\":{\"@type\":\"ImageObject\",\"inLanguage\":\"pt-PT\",\"@id\":\"https:\\\/\\\/www.mylasertabac.com\\\/wp-content\\\/litespeed\\\/avatar\\\/142101a71d7b9e6490c1120d9c109a67.jpg?ver=1776856306\",\"url\":\"https:\\\/\\\/www.mylasertabac.com\\\/wp-content\\\/litespeed\\\/avatar\\\/142101a71d7b9e6490c1120d9c109a67.jpg?ver=1776856306\",\"contentUrl\":\"https:\\\/\\\/www.mylasertabac.com\\\/wp-content\\\/litespeed\\\/avatar\\\/142101a71d7b9e6490c1120d9c109a67.jpg?ver=1776856306\",\"caption\":\"Florian Fortes\"},\"sameAs\":[\"https:\\\/\\\/www.mylasertabac.com\",\"https:\\\/\\\/www.facebook.com\\\/profile.php?id=61571554707319\"],\"url\":\"https:\\\/\\\/www.mylasertabac.com\\\/pt-pt\\\/author\\\/florianfortes5312\\\/\"}]}<\/script>\n<!-- \/ Yoast SEO plugin. -->","yoast_head_json":{"title":"O TEU TABAGISMO PODE AFECTAR A SA\u00daDE PULMONAR DOS TEUS NETOS, DE ACORDO COM UM NOVO ESTUDO - My Laser Tabac","description":"Descobre como o tabagismo passivo pode afetar os teus filhos e netos e porque \u00e9 urgente tomar medidas.","robots":{"index":"index","follow":"follow","max-snippet":"max-snippet:-1","max-image-preview":"max-image-preview:large","max-video-preview":"max-video-preview:-1"},"canonical":"https:\/\/www.mylasertabac.com\/pt-pt\/os-efeitos-transgeracionais-do-tabagismo-passivo-um-legado-silencioso-a-ser-quebrado\/","og_locale":"pt_PT","og_type":"article","og_title":"O TEU TABAGISMO PODE AFECTAR A SA\u00daDE PULMONAR DOS TEUS NETOS, DE ACORDO COM UM NOVO ESTUDO - My Laser Tabac","og_description":"Descobre como o tabagismo passivo pode afetar os teus filhos e netos e porque \u00e9 urgente tomar medidas.","og_url":"https:\/\/www.mylasertabac.com\/pt-pt\/os-efeitos-transgeracionais-do-tabagismo-passivo-um-legado-silencioso-a-ser-quebrado\/","og_site_name":"My Laser Tabac","article_author":"https:\/\/www.facebook.com\/profile.php?id=61571554707319","article_published_time":"2025-09-10T15:27:19+00:00","article_modified_time":"2025-09-10T16:03:47+00:00","og_image":[{"width":1024,"height":683,"url":"https:\/\/www.mylasertabac.com\/wp-content\/uploads\/2025\/09\/Les-effets-de-la-cigarette-sur-nos-petit-enfants-1024x683.png","type":"image\/png"}],"author":"Florian Fortes","twitter_card":"summary_large_image","twitter_misc":{"Escrito por":"Florian Fortes","Tempo estimado de leitura":"3 minutos"},"schema":{"@context":"https:\/\/schema.org","@graph":[{"@type":"Article","@id":"https:\/\/www.mylasertabac.com\/pt-pt\/os-efeitos-transgeracionais-do-tabagismo-passivo-um-legado-silencioso-a-ser-quebrado\/#article","isPartOf":{"@id":"https:\/\/www.mylasertabac.com\/pt-pt\/os-efeitos-transgeracionais-do-tabagismo-passivo-um-legado-silencioso-a-ser-quebrado\/"},"author":{"name":"Florian Fortes","@id":"https:\/\/www.mylasertabac.com\/pt-pt\/#\/schema\/person\/02c249cb76d912efb6c315ec23eccdf3"},"headline":"O TEU TABAGISMO PODE AFECTAR A SA\u00daDE PULMONAR DOS TEUS NETOS, DE ACORDO COM UM NOVO ESTUDO","datePublished":"2025-09-10T15:27:19+00:00","dateModified":"2025-09-10T16:03:47+00:00","mainEntityOfPage":{"@id":"https:\/\/www.mylasertabac.com\/pt-pt\/os-efeitos-transgeracionais-do-tabagismo-passivo-um-legado-silencioso-a-ser-quebrado\/"},"wordCount":597,"publisher":{"@id":"https:\/\/www.mylasertabac.com\/pt-pt\/#organization"},"image":{"@id":"https:\/\/www.mylasertabac.com\/pt-pt\/os-efeitos-transgeracionais-do-tabagismo-passivo-um-legado-silencioso-a-ser-quebrado\/#primaryimage"},"thumbnailUrl":"https:\/\/www.mylasertabac.com\/wp-content\/uploads\/2025\/09\/Les-effets-de-la-cigarette-sur-nos-petit-enfants.png","articleSection":["Sa\u00fade"],"inLanguage":"pt-PT"},{"@type":"WebPage","@id":"https:\/\/www.mylasertabac.com\/pt-pt\/os-efeitos-transgeracionais-do-tabagismo-passivo-um-legado-silencioso-a-ser-quebrado\/","url":"https:\/\/www.mylasertabac.com\/pt-pt\/os-efeitos-transgeracionais-do-tabagismo-passivo-um-legado-silencioso-a-ser-quebrado\/","name":"O TEU TABAGISMO PODE AFECTAR A SA\u00daDE PULMONAR DOS TEUS NETOS, DE ACORDO COM UM NOVO ESTUDO - My Laser Tabac","isPartOf":{"@id":"https:\/\/www.mylasertabac.com\/pt-pt\/#website"},"primaryImageOfPage":{"@id":"https:\/\/www.mylasertabac.com\/pt-pt\/os-efeitos-transgeracionais-do-tabagismo-passivo-um-legado-silencioso-a-ser-quebrado\/#primaryimage"},"image":{"@id":"https:\/\/www.mylasertabac.com\/pt-pt\/os-efeitos-transgeracionais-do-tabagismo-passivo-um-legado-silencioso-a-ser-quebrado\/#primaryimage"},"thumbnailUrl":"https:\/\/www.mylasertabac.com\/wp-content\/uploads\/2025\/09\/Les-effets-de-la-cigarette-sur-nos-petit-enfants.png","datePublished":"2025-09-10T15:27:19+00:00","dateModified":"2025-09-10T16:03:47+00:00","description":"Descobre como o tabagismo passivo pode afetar os teus filhos e netos e porque \u00e9 urgente tomar medidas.","breadcrumb":{"@id":"https:\/\/www.mylasertabac.com\/pt-pt\/os-efeitos-transgeracionais-do-tabagismo-passivo-um-legado-silencioso-a-ser-quebrado\/#breadcrumb"},"inLanguage":"pt-PT","potentialAction":[{"@type":"ReadAction","target":["https:\/\/www.mylasertabac.com\/pt-pt\/os-efeitos-transgeracionais-do-tabagismo-passivo-um-legado-silencioso-a-ser-quebrado\/"]}]},{"@type":"ImageObject","inLanguage":"pt-PT","@id":"https:\/\/www.mylasertabac.com\/pt-pt\/os-efeitos-transgeracionais-do-tabagismo-passivo-um-legado-silencioso-a-ser-quebrado\/#primaryimage","url":"https:\/\/www.mylasertabac.com\/wp-content\/uploads\/2025\/09\/Les-effets-de-la-cigarette-sur-nos-petit-enfants.png","contentUrl":"https:\/\/www.mylasertabac.com\/wp-content\/uploads\/2025\/09\/Les-effets-de-la-cigarette-sur-nos-petit-enfants.png","width":1536,"height":1024},{"@type":"BreadcrumbList","@id":"https:\/\/www.mylasertabac.com\/pt-pt\/os-efeitos-transgeracionais-do-tabagismo-passivo-um-legado-silencioso-a-ser-quebrado\/#breadcrumb","itemListElement":[{"@type":"ListItem","position":1,"name":"Accueil","item":"https:\/\/www.mylasertabac.com\/pt-pt\/casa\/"},{"@type":"ListItem","position":2,"name":"O TEU TABAGISMO PODE AFECTAR A SA\u00daDE PULMONAR DOS TEUS NETOS, DE ACORDO COM UM NOVO ESTUDO"}]},{"@type":"WebSite","@id":"https:\/\/www.mylasertabac.com\/pt-pt\/#website","url":"https:\/\/www.mylasertabac.com\/pt-pt\/","name":"My Laser Tabac","description":"La solution laser qui transforme les fumeurs en ex-fumeurs","publisher":{"@id":"https:\/\/www.mylasertabac.com\/pt-pt\/#organization"},"potentialAction":[{"@type":"SearchAction","target":{"@type":"EntryPoint","urlTemplate":"https:\/\/www.mylasertabac.com\/pt-pt\/?s={search_term_string}"},"query-input":{"@type":"PropertyValueSpecification","valueRequired":true,"valueName":"search_term_string"}}],"inLanguage":"pt-PT"},{"@type":"Organization","@id":"https:\/\/www.mylasertabac.com\/pt-pt\/#organization","name":"My Laser Tabac","url":"https:\/\/www.mylasertabac.com\/pt-pt\/","logo":{"@type":"ImageObject","inLanguage":"pt-PT","@id":"https:\/\/www.mylasertabac.com\/pt-pt\/#\/schema\/logo\/image\/","url":"https:\/\/www.mylasertabac.com\/wp-content\/uploads\/2024\/12\/mlt-verteau.svg","contentUrl":"https:\/\/www.mylasertabac.com\/wp-content\/uploads\/2024\/12\/mlt-verteau.svg","caption":"My Laser Tabac"},"image":{"@id":"https:\/\/www.mylasertabac.com\/pt-pt\/#\/schema\/logo\/image\/"}},{"@type":"Person","@id":"https:\/\/www.mylasertabac.com\/pt-pt\/#\/schema\/person\/02c249cb76d912efb6c315ec23eccdf3","name":"Florian Fortes","image":{"@type":"ImageObject","inLanguage":"pt-PT","@id":"https:\/\/www.mylasertabac.com\/wp-content\/litespeed\/avatar\/142101a71d7b9e6490c1120d9c109a67.jpg?ver=1776856306","url":"https:\/\/www.mylasertabac.com\/wp-content\/litespeed\/avatar\/142101a71d7b9e6490c1120d9c109a67.jpg?ver=1776856306","contentUrl":"https:\/\/www.mylasertabac.com\/wp-content\/litespeed\/avatar\/142101a71d7b9e6490c1120d9c109a67.jpg?ver=1776856306","caption":"Florian Fortes"},"sameAs":["https:\/\/www.mylasertabac.com","https:\/\/www.facebook.com\/profile.php?id=61571554707319"],"url":"https:\/\/www.mylasertabac.com\/pt-pt\/author\/florianfortes5312\/"}]}},"_links":{"self":[{"href":"https:\/\/www.mylasertabac.com\/pt-pt\/wp-json\/wp\/v2\/posts\/16206","targetHints":{"allow":["GET"]}}],"collection":[{"href":"https:\/\/www.mylasertabac.com\/pt-pt\/wp-json\/wp\/v2\/posts"}],"about":[{"href":"https:\/\/www.mylasertabac.com\/pt-pt\/wp-json\/wp\/v2\/types\/post"}],"author":[{"embeddable":true,"href":"https:\/\/www.mylasertabac.com\/pt-pt\/wp-json\/wp\/v2\/users\/2"}],"replies":[{"embeddable":true,"href":"https:\/\/www.mylasertabac.com\/pt-pt\/wp-json\/wp\/v2\/comments?post=16206"}],"version-history":[{"count":5,"href":"https:\/\/www.mylasertabac.com\/pt-pt\/wp-json\/wp\/v2\/posts\/16206\/revisions"}],"predecessor-version":[{"id":16243,"href":"https:\/\/www.mylasertabac.com\/pt-pt\/wp-json\/wp\/v2\/posts\/16206\/revisions\/16243"}],"wp:featuredmedia":[{"embeddable":true,"href":"https:\/\/www.mylasertabac.com\/pt-pt\/wp-json\/wp\/v2\/media\/16199"}],"wp:attachment":[{"href":"https:\/\/www.mylasertabac.com\/pt-pt\/wp-json\/wp\/v2\/media?parent=16206"}],"wp:term":[{"taxonomy":"category","embeddable":true,"href":"https:\/\/www.mylasertabac.com\/pt-pt\/wp-json\/wp\/v2\/categories?post=16206"},{"taxonomy":"post_tag","embeddable":true,"href":"https:\/\/www.mylasertabac.com\/pt-pt\/wp-json\/wp\/v2\/tags?post=16206"}],"curies":[{"name":"wp","href":"https:\/\/api.w.org\/{rel}","templated":true}]}}