{"id":16255,"date":"2025-09-10T18:19:53","date_gmt":"2025-09-10T16:19:53","guid":{"rendered":"https:\/\/www.mylasertabac.com\/dois-alunos-do-ensino-secundario-hospitalizados-depois-de-terem-fumado-pete-ton-crane-alerta-da-escola\/"},"modified":"2025-09-10T20:42:37","modified_gmt":"2025-09-10T18:42:37","slug":"dois-alunos-do-ensino-secundario-hospitalizados-depois-de-terem-fumado-pete-ton-crane-alerta-da-escola","status":"publish","type":"post","link":"https:\/\/www.mylasertabac.com\/pt-pt\/dois-alunos-do-ensino-secundario-hospitalizados-depois-de-terem-fumado-pete-ton-crane-alerta-da-escola\/","title":{"rendered":"Dois alunos do ensino secund\u00e1rio hospitalizados depois de terem fumado &#8220;P\u00e8te ton cr\u00e2ne&#8221;: alerta da escola"},"content":{"rendered":"\n<p>Uma not\u00edcia arrepiante est\u00e1 a abalar as escolas secund\u00e1rias da regi\u00e3o de Oise: dois alunos desmaiaram depois de terem tomado <strong>PTC<\/strong>, apelidada de <em>&#8220;p\u00e8te ton cr\u00e2ne&#8221;<\/em>, uma droga sint\u00e9tica capaz de provocar efeitos imediatos t\u00e3o violentos quanto imprevis\u00edveis <em>.<\/em> Uma droga sint\u00e9tica capaz de produzir efeitos imediatos t\u00e3o violentos quanto imprevis\u00edveis. O que poderia ter sido um incidente isolado tornou-se agora um aviso de uma tend\u00eancia perigosa que exige uma vigil\u00e2ncia acrescida &#8211; na sala de aula e entre os pr\u00f3prios adolescentes.  <\/p>\n\n<div style=\"height:23px\" aria-hidden=\"true\" class=\"wp-block-spacer\"><\/div>\n\n<h2 class=\"wp-block-heading\">O que \u00e9 o PTC (ou <em>Buddha Blue<\/em>)?<\/h2>\n\n<p><strong>O PTC<\/strong>, ou <em>Buddha Blue<\/em>, \u00e9 um <strong>canabin\u00f3ide sint\u00e9tico<\/strong> vendido sob a forma de l\u00edquido para vaporizar ou de p\u00f3 para polvilhar em misturas de plantas. Ao contr\u00e1rio da can\u00e1bis natural, n\u00e3o cont\u00e9m THC, mas mol\u00e9culas sint\u00e9ticas que imitam os seus efeitos &#8211; frequentemente com uma pot\u00eancia alarmante, por vezes equivalente a 95% de concentra\u00e7\u00e3o de THC puro <a href=\"https:\/\/sante.journaldesfemmes.fr\/fiches-sante-du-quotidien\/2580000-buddha-blue-ptc-drogue-effet-composition\/?utm_source=chatgpt.com\" target=\"_blank\" rel=\"noreferrer noopener\">Journal des Femmes Sant\u00e9Le<\/a><a href=\"https:\/\/www.mondedemain.org\/revues\/2025\/mars-avril\/du-ptc-dans-les-ecoles?utm_source=chatgpt.com\" target=\"_blank\" rel=\"noreferrer noopener\">Monde de Demain<\/a>. <\/p>\n\n<p>O seu custo, que \u00e9 acess\u00edvel aos jovens, a natureza discreta do vaping e a sua acessibilidade (principalmente em linha ou nas imedia\u00e7\u00f5es das escolas) facilitaram a sua difus\u00e3o nas escolas secund\u00e1rias.<\/p>\n\n<div style=\"height:23px\" aria-hidden=\"true\" class=\"wp-block-spacer\"><\/div>\n\n<figure class=\"wp-block-image alignleft size-large is-resized\"><a href=\"https:\/\/www.mylasertabac.com\/pt-pt\/os-nossos-centros\/\"><img fetchpriority=\"high\" decoding=\"async\" width=\"1024\" height=\"668\" src=\"https:\/\/www.mylasertabac.com\/wp-content\/uploads\/2025\/08\/tu-veux-arreter-de-fumer-Clique-ici--1024x668.jpg\" alt=\"\" class=\"wp-image-13752\" style=\"width:446px;height:auto\" srcset=\"https:\/\/www.mylasertabac.com\/wp-content\/uploads\/2025\/08\/tu-veux-arreter-de-fumer-Clique-ici--1024x668.jpg 1024w, https:\/\/www.mylasertabac.com\/wp-content\/uploads\/2025\/08\/tu-veux-arreter-de-fumer-Clique-ici--300x196.jpg 300w, https:\/\/www.mylasertabac.com\/wp-content\/uploads\/2025\/08\/tu-veux-arreter-de-fumer-Clique-ici--768x501.jpg 768w, https:\/\/www.mylasertabac.com\/wp-content\/uploads\/2025\/08\/tu-veux-arreter-de-fumer-Clique-ici-.jpg 1206w\" sizes=\"(max-width: 1024px) 100vw, 1024px\" \/><\/a><\/figure>\n\n<h2 class=\"wp-block-heading\">Efeitos dram\u00e1ticos e perigosos<\/h2>\n\n<p>Os jovens utilizadores relatam experi\u00eancias traum\u00e1ticas: alucina\u00e7\u00f5es, perda da realidade, convuls\u00f5es, mal-estar e at\u00e9 perda de consci\u00eancia. Alguns descrevem mesmo ataques de ansiedade extrema, pensamentos suicidas, problemas card\u00edacos ou renais e um efeito viciante muito r\u00e1pido. <\/p>\n\n<p>Um recente an\u00fancio de preven\u00e7\u00e3o difundido pela pol\u00edcia nacional francesa alerta para estas subst\u00e2ncias particularmente perigosas, que s\u00e3o consumidas discretamente pelos adolescentes.<\/p>\n\n<div style=\"height:23px\" aria-hidden=\"true\" class=\"wp-block-spacer\"><\/div>\n\n<p><\/p>\n\n<h2 class=\"wp-block-heading\">Testemunhos indignados ou desorientados<\/h2>\n\n<blockquote class=\"wp-block-quote is-layout-flow wp-block-quote-is-layout-flow\">\n<p>&#8220;Em cinco segundos, percebi que algo estava errado. Vomitei, tive convuls\u00f5es&#8230; n\u00e3o conseguia respirar nem ver o que se passava \u00e0 minha volta.&#8221;<br\/>&#8211; Uma estudante hospitalizada depois de ter fumado PTC no recreio da escola. Estas experi\u00eancias est\u00e3o longe de ser raras. Muitos jovens relatam uma &#8220;bad trip&#8221; retroactiva, com falta de ar e ansiedade persistentes durante v\u00e1rios dias.  <\/p>\n\n\n\n<div style=\"height:28px\" aria-hidden=\"true\" class=\"wp-block-spacer\"><\/div>\n<\/blockquote>\n\n<h2 class=\"wp-block-heading\">Agir para prevenir: as escolas devem intervir<\/h2>\n\n<p>H\u00e1 uma necessidade urgente de a\u00e7\u00e3o nas escolas:<\/p>\n\n<ul class=\"wp-block-list\">\n<li>Incluir <strong>cursos de preven\u00e7\u00e3o<\/strong> desde o ensino secund\u00e1rio sobre os perigos do vaporizador, dos canabin\u00f3ides sint\u00e9ticos e das drogas sint\u00e9ticas em geral.<\/li>\n\n\n\n<li>Formar os professores e os pais para <strong>reconhecerem os sinais de intoxica\u00e7\u00e3o<\/strong> (mal-estar, confus\u00e3o, comportamento estranho).<\/li>\n\n\n\n<li>Envolver os pr\u00f3prios jovens em iniciativas <strong>participativas de sensibiliza\u00e7\u00e3o<\/strong>, para os incentivar a assumir responsabilidades e a apoiar os seus pares.<\/li>\n<\/ul>\n\n<div style=\"height:34px\" aria-hidden=\"true\" class=\"wp-block-spacer\"><\/div>\n\n<h2 class=\"wp-block-heading\">Conclus\u00e3o: informar para proteger hoje e amanh\u00e3<\/h2>\n\n<p>O mal-estar sentido por estes dois estudantes do ensino secund\u00e1rio depois de terem fumado <em>P\u00e8te ton cr\u00e2ne<\/em> deveria ser um detonador: uma raz\u00e3o para abrir um di\u00e1logo, para controlar ferozmente estes novos usos perigosos e para refor\u00e7ar a educa\u00e7\u00e3o para a sa\u00fade a partir da adolesc\u00eancia.<\/p>\n\n<p>O caminho a seguir \u00e9 claro: <strong>a informa\u00e7\u00e3o j\u00e1 n\u00e3o \u00e9 suficiente<\/strong>, temos de educar, prevenir e envolver as pessoas. E, claro, para todos aqueles que querem libertar-se da depend\u00eancia &#8211; tabaco, vaporizadores ou outras subst\u00e2ncias &#8211; o nosso m\u00e9todo <strong>de reflexologia auricular<\/strong>, desenvolvido pela <strong>MyLaserTabac<\/strong>, oferece uma ajuda suave, natural e eficaz. <\/p>\n\n<p>Juntos, vamos educar, informar e construir um futuro sem fumo e sem drogas.<\/p>\n\n<div style=\"height:40px\" aria-hidden=\"true\" class=\"wp-block-spacer\"><\/div>\n\n<figure class=\"wp-block-image size-large\"><img decoding=\"async\" src=\"https:\/\/www.mylasertabac.com\/wp-content\/uploads\/\/mlt-verteau.svg\" alt=\"\" class=\"wp-image-13\"\/><\/figure>\n","protected":false},"excerpt":{"rendered":"<p>Uma not\u00edcia arrepiante est\u00e1 a abalar as escolas secund\u00e1rias da regi\u00e3o de Oise: dois alunos desmaiaram depois de terem tomado PTC, apelidada de &#8220;p\u00e8te ton cr\u00e2ne&#8221;, uma droga sint\u00e9tica capaz de provocar efeitos imediatos t\u00e3o violentos quanto imprevis\u00edveis . Uma droga sint\u00e9tica capaz de produzir efeitos imediatos t\u00e3o violentos quanto imprevis\u00edveis. O que poderia ter [&hellip;]<\/p>\n","protected":false},"author":2,"featured_media":16279,"comment_status":"closed","ping_status":"open","sticky":false,"template":"","format":"standard","meta":{"inline_featured_image":false,"footnotes":""},"categories":[680],"tags":[],"class_list":["post-16255","post","type-post","status-publish","format-standard","has-post-thumbnail","hentry","category-noticias-pt-pt"],"yoast_head":"<!-- This site is optimized with the Yoast SEO plugin v27.4 - https:\/\/yoast.com\/product\/yoast-seo-wordpress\/ -->\n<title>Dois alunos do ensino secund\u00e1rio hospitalizados depois de terem fumado &quot;P\u00e8te ton cr\u00e2ne&quot;: alerta da escola - My Laser Tabac<\/title>\n<meta name=\"description\" content=\"Dois estudantes do ensino secund\u00e1rio que foram v\u00edtimas do esquema &quot;P\u00e8te ton cr\u00e2ne&quot; voltam a lan\u00e7ar o alerta: perigos, desconforto e necessidade de informar os jovens na escola.\" \/>\n<meta name=\"robots\" content=\"index, follow, max-snippet:-1, max-image-preview:large, max-video-preview:-1\" \/>\n<link rel=\"canonical\" href=\"https:\/\/www.mylasertabac.com\/pt-pt\/dois-alunos-do-ensino-secundario-hospitalizados-depois-de-terem-fumado-pete-ton-crane-alerta-da-escola\/\" \/>\n<meta property=\"og:locale\" content=\"pt_PT\" \/>\n<meta property=\"og:type\" content=\"article\" \/>\n<meta property=\"og:title\" content=\"Dois alunos do ensino secund\u00e1rio hospitalizados depois de terem fumado &quot;P\u00e8te ton cr\u00e2ne&quot;: alerta da escola - My Laser Tabac\" \/>\n<meta property=\"og:description\" content=\"Dois estudantes do ensino secund\u00e1rio que foram v\u00edtimas do esquema &quot;P\u00e8te ton cr\u00e2ne&quot; voltam a lan\u00e7ar o alerta: perigos, desconforto e necessidade de informar os jovens na escola.\" \/>\n<meta property=\"og:url\" content=\"https:\/\/www.mylasertabac.com\/pt-pt\/dois-alunos-do-ensino-secundario-hospitalizados-depois-de-terem-fumado-pete-ton-crane-alerta-da-escola\/\" \/>\n<meta property=\"og:site_name\" content=\"My Laser Tabac\" \/>\n<meta property=\"article:author\" content=\"https:\/\/www.facebook.com\/profile.php?id=61571554707319\" \/>\n<meta property=\"article:published_time\" content=\"2025-09-10T16:19:53+00:00\" \/>\n<meta property=\"article:modified_time\" content=\"2025-09-10T18:42:37+00:00\" \/>\n<meta property=\"og:image\" content=\"https:\/\/www.mylasertabac.com\/wp-content\/uploads\/2025\/09\/malaise-dans-un-lycee-suite-a-la-consommation-de-la-drogue-pete-ton-crane-1024x683.png\" \/>\n\t<meta property=\"og:image:width\" content=\"1024\" \/>\n\t<meta property=\"og:image:height\" content=\"683\" \/>\n\t<meta property=\"og:image:type\" content=\"image\/png\" \/>\n<meta name=\"author\" content=\"Florian Fortes\" \/>\n<meta name=\"twitter:card\" content=\"summary_large_image\" \/>\n<meta name=\"twitter:label1\" content=\"Escrito por\" \/>\n\t<meta name=\"twitter:data1\" content=\"Florian Fortes\" \/>\n\t<meta name=\"twitter:label2\" content=\"Tempo estimado de leitura\" \/>\n\t<meta name=\"twitter:data2\" content=\"3 minutos\" \/>\n<script type=\"application\/ld+json\" class=\"yoast-schema-graph\">{\"@context\":\"https:\\\/\\\/schema.org\",\"@graph\":[{\"@type\":\"Article\",\"@id\":\"https:\\\/\\\/www.mylasertabac.com\\\/pt-pt\\\/dois-alunos-do-ensino-secundario-hospitalizados-depois-de-terem-fumado-pete-ton-crane-alerta-da-escola\\\/#article\",\"isPartOf\":{\"@id\":\"https:\\\/\\\/www.mylasertabac.com\\\/pt-pt\\\/dois-alunos-do-ensino-secundario-hospitalizados-depois-de-terem-fumado-pete-ton-crane-alerta-da-escola\\\/\"},\"author\":{\"name\":\"Florian Fortes\",\"@id\":\"https:\\\/\\\/www.mylasertabac.com\\\/pt-pt\\\/#\\\/schema\\\/person\\\/02c249cb76d912efb6c315ec23eccdf3\"},\"headline\":\"Dois alunos do ensino secund\u00e1rio hospitalizados depois de terem fumado &#8220;P\u00e8te ton cr\u00e2ne&#8221;: alerta da escola\",\"datePublished\":\"2025-09-10T16:19:53+00:00\",\"dateModified\":\"2025-09-10T18:42:37+00:00\",\"mainEntityOfPage\":{\"@id\":\"https:\\\/\\\/www.mylasertabac.com\\\/pt-pt\\\/dois-alunos-do-ensino-secundario-hospitalizados-depois-de-terem-fumado-pete-ton-crane-alerta-da-escola\\\/\"},\"wordCount\":590,\"publisher\":{\"@id\":\"https:\\\/\\\/www.mylasertabac.com\\\/pt-pt\\\/#organization\"},\"image\":{\"@id\":\"https:\\\/\\\/www.mylasertabac.com\\\/pt-pt\\\/dois-alunos-do-ensino-secundario-hospitalizados-depois-de-terem-fumado-pete-ton-crane-alerta-da-escola\\\/#primaryimage\"},\"thumbnailUrl\":\"https:\\\/\\\/www.mylasertabac.com\\\/wp-content\\\/uploads\\\/2025\\\/09\\\/malaise-dans-un-lycee-suite-a-la-consommation-de-la-drogue-pete-ton-crane.png\",\"articleSection\":[\"not\u00edcias\"],\"inLanguage\":\"pt-PT\"},{\"@type\":\"WebPage\",\"@id\":\"https:\\\/\\\/www.mylasertabac.com\\\/pt-pt\\\/dois-alunos-do-ensino-secundario-hospitalizados-depois-de-terem-fumado-pete-ton-crane-alerta-da-escola\\\/\",\"url\":\"https:\\\/\\\/www.mylasertabac.com\\\/pt-pt\\\/dois-alunos-do-ensino-secundario-hospitalizados-depois-de-terem-fumado-pete-ton-crane-alerta-da-escola\\\/\",\"name\":\"Dois alunos do ensino secund\u00e1rio hospitalizados depois de terem fumado \\\"P\u00e8te ton cr\u00e2ne\\\": alerta da escola - My Laser Tabac\",\"isPartOf\":{\"@id\":\"https:\\\/\\\/www.mylasertabac.com\\\/pt-pt\\\/#website\"},\"primaryImageOfPage\":{\"@id\":\"https:\\\/\\\/www.mylasertabac.com\\\/pt-pt\\\/dois-alunos-do-ensino-secundario-hospitalizados-depois-de-terem-fumado-pete-ton-crane-alerta-da-escola\\\/#primaryimage\"},\"image\":{\"@id\":\"https:\\\/\\\/www.mylasertabac.com\\\/pt-pt\\\/dois-alunos-do-ensino-secundario-hospitalizados-depois-de-terem-fumado-pete-ton-crane-alerta-da-escola\\\/#primaryimage\"},\"thumbnailUrl\":\"https:\\\/\\\/www.mylasertabac.com\\\/wp-content\\\/uploads\\\/2025\\\/09\\\/malaise-dans-un-lycee-suite-a-la-consommation-de-la-drogue-pete-ton-crane.png\",\"datePublished\":\"2025-09-10T16:19:53+00:00\",\"dateModified\":\"2025-09-10T18:42:37+00:00\",\"description\":\"Dois estudantes do ensino secund\u00e1rio que foram v\u00edtimas do esquema \\\"P\u00e8te ton cr\u00e2ne\\\" voltam a lan\u00e7ar o alerta: perigos, desconforto e necessidade de informar os jovens na escola.\",\"breadcrumb\":{\"@id\":\"https:\\\/\\\/www.mylasertabac.com\\\/pt-pt\\\/dois-alunos-do-ensino-secundario-hospitalizados-depois-de-terem-fumado-pete-ton-crane-alerta-da-escola\\\/#breadcrumb\"},\"inLanguage\":\"pt-PT\",\"potentialAction\":[{\"@type\":\"ReadAction\",\"target\":[\"https:\\\/\\\/www.mylasertabac.com\\\/pt-pt\\\/dois-alunos-do-ensino-secundario-hospitalizados-depois-de-terem-fumado-pete-ton-crane-alerta-da-escola\\\/\"]}]},{\"@type\":\"ImageObject\",\"inLanguage\":\"pt-PT\",\"@id\":\"https:\\\/\\\/www.mylasertabac.com\\\/pt-pt\\\/dois-alunos-do-ensino-secundario-hospitalizados-depois-de-terem-fumado-pete-ton-crane-alerta-da-escola\\\/#primaryimage\",\"url\":\"https:\\\/\\\/www.mylasertabac.com\\\/wp-content\\\/uploads\\\/2025\\\/09\\\/malaise-dans-un-lycee-suite-a-la-consommation-de-la-drogue-pete-ton-crane.png\",\"contentUrl\":\"https:\\\/\\\/www.mylasertabac.com\\\/wp-content\\\/uploads\\\/2025\\\/09\\\/malaise-dans-un-lycee-suite-a-la-consommation-de-la-drogue-pete-ton-crane.png\",\"width\":1536,\"height\":1024},{\"@type\":\"BreadcrumbList\",\"@id\":\"https:\\\/\\\/www.mylasertabac.com\\\/pt-pt\\\/dois-alunos-do-ensino-secundario-hospitalizados-depois-de-terem-fumado-pete-ton-crane-alerta-da-escola\\\/#breadcrumb\",\"itemListElement\":[{\"@type\":\"ListItem\",\"position\":1,\"name\":\"Accueil\",\"item\":\"https:\\\/\\\/www.mylasertabac.com\\\/pt-pt\\\/casa\\\/\"},{\"@type\":\"ListItem\",\"position\":2,\"name\":\"Dois alunos do ensino secund\u00e1rio hospitalizados depois de terem fumado \u00abP\u00e8te ton cr\u00e2ne\u00bb: alerta da escola\"}]},{\"@type\":\"WebSite\",\"@id\":\"https:\\\/\\\/www.mylasertabac.com\\\/pt-pt\\\/#website\",\"url\":\"https:\\\/\\\/www.mylasertabac.com\\\/pt-pt\\\/\",\"name\":\"My Laser Tabac\",\"description\":\"La solution laser qui transforme les fumeurs en ex-fumeurs\",\"publisher\":{\"@id\":\"https:\\\/\\\/www.mylasertabac.com\\\/pt-pt\\\/#organization\"},\"potentialAction\":[{\"@type\":\"SearchAction\",\"target\":{\"@type\":\"EntryPoint\",\"urlTemplate\":\"https:\\\/\\\/www.mylasertabac.com\\\/pt-pt\\\/?s={search_term_string}\"},\"query-input\":{\"@type\":\"PropertyValueSpecification\",\"valueRequired\":true,\"valueName\":\"search_term_string\"}}],\"inLanguage\":\"pt-PT\"},{\"@type\":\"Organization\",\"@id\":\"https:\\\/\\\/www.mylasertabac.com\\\/pt-pt\\\/#organization\",\"name\":\"My Laser Tabac\",\"url\":\"https:\\\/\\\/www.mylasertabac.com\\\/pt-pt\\\/\",\"logo\":{\"@type\":\"ImageObject\",\"inLanguage\":\"pt-PT\",\"@id\":\"https:\\\/\\\/www.mylasertabac.com\\\/pt-pt\\\/#\\\/schema\\\/logo\\\/image\\\/\",\"url\":\"https:\\\/\\\/www.mylasertabac.com\\\/wp-content\\\/uploads\\\/2024\\\/12\\\/mlt-verteau.svg\",\"contentUrl\":\"https:\\\/\\\/www.mylasertabac.com\\\/wp-content\\\/uploads\\\/2024\\\/12\\\/mlt-verteau.svg\",\"caption\":\"My Laser Tabac\"},\"image\":{\"@id\":\"https:\\\/\\\/www.mylasertabac.com\\\/pt-pt\\\/#\\\/schema\\\/logo\\\/image\\\/\"}},{\"@type\":\"Person\",\"@id\":\"https:\\\/\\\/www.mylasertabac.com\\\/pt-pt\\\/#\\\/schema\\\/person\\\/02c249cb76d912efb6c315ec23eccdf3\",\"name\":\"Florian Fortes\",\"image\":{\"@type\":\"ImageObject\",\"inLanguage\":\"pt-PT\",\"@id\":\"https:\\\/\\\/www.mylasertabac.com\\\/wp-content\\\/litespeed\\\/avatar\\\/142101a71d7b9e6490c1120d9c109a67.jpg?ver=1776856306\",\"url\":\"https:\\\/\\\/www.mylasertabac.com\\\/wp-content\\\/litespeed\\\/avatar\\\/142101a71d7b9e6490c1120d9c109a67.jpg?ver=1776856306\",\"contentUrl\":\"https:\\\/\\\/www.mylasertabac.com\\\/wp-content\\\/litespeed\\\/avatar\\\/142101a71d7b9e6490c1120d9c109a67.jpg?ver=1776856306\",\"caption\":\"Florian Fortes\"},\"sameAs\":[\"https:\\\/\\\/www.mylasertabac.com\",\"https:\\\/\\\/www.facebook.com\\\/profile.php?id=61571554707319\"],\"url\":\"https:\\\/\\\/www.mylasertabac.com\\\/pt-pt\\\/author\\\/florianfortes5312\\\/\"}]}<\/script>\n<!-- \/ Yoast SEO plugin. -->","yoast_head_json":{"title":"Dois alunos do ensino secund\u00e1rio hospitalizados depois de terem fumado \"P\u00e8te ton cr\u00e2ne\": alerta da escola - My Laser Tabac","description":"Dois estudantes do ensino secund\u00e1rio que foram v\u00edtimas do esquema \"P\u00e8te ton cr\u00e2ne\" voltam a lan\u00e7ar o alerta: perigos, desconforto e necessidade de informar os jovens na escola.","robots":{"index":"index","follow":"follow","max-snippet":"max-snippet:-1","max-image-preview":"max-image-preview:large","max-video-preview":"max-video-preview:-1"},"canonical":"https:\/\/www.mylasertabac.com\/pt-pt\/dois-alunos-do-ensino-secundario-hospitalizados-depois-de-terem-fumado-pete-ton-crane-alerta-da-escola\/","og_locale":"pt_PT","og_type":"article","og_title":"Dois alunos do ensino secund\u00e1rio hospitalizados depois de terem fumado \"P\u00e8te ton cr\u00e2ne\": alerta da escola - My Laser Tabac","og_description":"Dois estudantes do ensino secund\u00e1rio que foram v\u00edtimas do esquema \"P\u00e8te ton cr\u00e2ne\" voltam a lan\u00e7ar o alerta: perigos, desconforto e necessidade de informar os jovens na escola.","og_url":"https:\/\/www.mylasertabac.com\/pt-pt\/dois-alunos-do-ensino-secundario-hospitalizados-depois-de-terem-fumado-pete-ton-crane-alerta-da-escola\/","og_site_name":"My Laser Tabac","article_author":"https:\/\/www.facebook.com\/profile.php?id=61571554707319","article_published_time":"2025-09-10T16:19:53+00:00","article_modified_time":"2025-09-10T18:42:37+00:00","og_image":[{"width":1024,"height":683,"url":"https:\/\/www.mylasertabac.com\/wp-content\/uploads\/2025\/09\/malaise-dans-un-lycee-suite-a-la-consommation-de-la-drogue-pete-ton-crane-1024x683.png","type":"image\/png"}],"author":"Florian Fortes","twitter_card":"summary_large_image","twitter_misc":{"Escrito por":"Florian Fortes","Tempo estimado de leitura":"3 minutos"},"schema":{"@context":"https:\/\/schema.org","@graph":[{"@type":"Article","@id":"https:\/\/www.mylasertabac.com\/pt-pt\/dois-alunos-do-ensino-secundario-hospitalizados-depois-de-terem-fumado-pete-ton-crane-alerta-da-escola\/#article","isPartOf":{"@id":"https:\/\/www.mylasertabac.com\/pt-pt\/dois-alunos-do-ensino-secundario-hospitalizados-depois-de-terem-fumado-pete-ton-crane-alerta-da-escola\/"},"author":{"name":"Florian Fortes","@id":"https:\/\/www.mylasertabac.com\/pt-pt\/#\/schema\/person\/02c249cb76d912efb6c315ec23eccdf3"},"headline":"Dois alunos do ensino secund\u00e1rio hospitalizados depois de terem fumado &#8220;P\u00e8te ton cr\u00e2ne&#8221;: alerta da escola","datePublished":"2025-09-10T16:19:53+00:00","dateModified":"2025-09-10T18:42:37+00:00","mainEntityOfPage":{"@id":"https:\/\/www.mylasertabac.com\/pt-pt\/dois-alunos-do-ensino-secundario-hospitalizados-depois-de-terem-fumado-pete-ton-crane-alerta-da-escola\/"},"wordCount":590,"publisher":{"@id":"https:\/\/www.mylasertabac.com\/pt-pt\/#organization"},"image":{"@id":"https:\/\/www.mylasertabac.com\/pt-pt\/dois-alunos-do-ensino-secundario-hospitalizados-depois-de-terem-fumado-pete-ton-crane-alerta-da-escola\/#primaryimage"},"thumbnailUrl":"https:\/\/www.mylasertabac.com\/wp-content\/uploads\/2025\/09\/malaise-dans-un-lycee-suite-a-la-consommation-de-la-drogue-pete-ton-crane.png","articleSection":["not\u00edcias"],"inLanguage":"pt-PT"},{"@type":"WebPage","@id":"https:\/\/www.mylasertabac.com\/pt-pt\/dois-alunos-do-ensino-secundario-hospitalizados-depois-de-terem-fumado-pete-ton-crane-alerta-da-escola\/","url":"https:\/\/www.mylasertabac.com\/pt-pt\/dois-alunos-do-ensino-secundario-hospitalizados-depois-de-terem-fumado-pete-ton-crane-alerta-da-escola\/","name":"Dois alunos do ensino secund\u00e1rio hospitalizados depois de terem fumado \"P\u00e8te ton cr\u00e2ne\": alerta da escola - My Laser Tabac","isPartOf":{"@id":"https:\/\/www.mylasertabac.com\/pt-pt\/#website"},"primaryImageOfPage":{"@id":"https:\/\/www.mylasertabac.com\/pt-pt\/dois-alunos-do-ensino-secundario-hospitalizados-depois-de-terem-fumado-pete-ton-crane-alerta-da-escola\/#primaryimage"},"image":{"@id":"https:\/\/www.mylasertabac.com\/pt-pt\/dois-alunos-do-ensino-secundario-hospitalizados-depois-de-terem-fumado-pete-ton-crane-alerta-da-escola\/#primaryimage"},"thumbnailUrl":"https:\/\/www.mylasertabac.com\/wp-content\/uploads\/2025\/09\/malaise-dans-un-lycee-suite-a-la-consommation-de-la-drogue-pete-ton-crane.png","datePublished":"2025-09-10T16:19:53+00:00","dateModified":"2025-09-10T18:42:37+00:00","description":"Dois estudantes do ensino secund\u00e1rio que foram v\u00edtimas do esquema \"P\u00e8te ton cr\u00e2ne\" voltam a lan\u00e7ar o alerta: perigos, desconforto e necessidade de informar os jovens na escola.","breadcrumb":{"@id":"https:\/\/www.mylasertabac.com\/pt-pt\/dois-alunos-do-ensino-secundario-hospitalizados-depois-de-terem-fumado-pete-ton-crane-alerta-da-escola\/#breadcrumb"},"inLanguage":"pt-PT","potentialAction":[{"@type":"ReadAction","target":["https:\/\/www.mylasertabac.com\/pt-pt\/dois-alunos-do-ensino-secundario-hospitalizados-depois-de-terem-fumado-pete-ton-crane-alerta-da-escola\/"]}]},{"@type":"ImageObject","inLanguage":"pt-PT","@id":"https:\/\/www.mylasertabac.com\/pt-pt\/dois-alunos-do-ensino-secundario-hospitalizados-depois-de-terem-fumado-pete-ton-crane-alerta-da-escola\/#primaryimage","url":"https:\/\/www.mylasertabac.com\/wp-content\/uploads\/2025\/09\/malaise-dans-un-lycee-suite-a-la-consommation-de-la-drogue-pete-ton-crane.png","contentUrl":"https:\/\/www.mylasertabac.com\/wp-content\/uploads\/2025\/09\/malaise-dans-un-lycee-suite-a-la-consommation-de-la-drogue-pete-ton-crane.png","width":1536,"height":1024},{"@type":"BreadcrumbList","@id":"https:\/\/www.mylasertabac.com\/pt-pt\/dois-alunos-do-ensino-secundario-hospitalizados-depois-de-terem-fumado-pete-ton-crane-alerta-da-escola\/#breadcrumb","itemListElement":[{"@type":"ListItem","position":1,"name":"Accueil","item":"https:\/\/www.mylasertabac.com\/pt-pt\/casa\/"},{"@type":"ListItem","position":2,"name":"Dois alunos do ensino secund\u00e1rio hospitalizados depois de terem fumado \u00abP\u00e8te ton cr\u00e2ne\u00bb: alerta da escola"}]},{"@type":"WebSite","@id":"https:\/\/www.mylasertabac.com\/pt-pt\/#website","url":"https:\/\/www.mylasertabac.com\/pt-pt\/","name":"My Laser Tabac","description":"La solution laser qui transforme les fumeurs en ex-fumeurs","publisher":{"@id":"https:\/\/www.mylasertabac.com\/pt-pt\/#organization"},"potentialAction":[{"@type":"SearchAction","target":{"@type":"EntryPoint","urlTemplate":"https:\/\/www.mylasertabac.com\/pt-pt\/?s={search_term_string}"},"query-input":{"@type":"PropertyValueSpecification","valueRequired":true,"valueName":"search_term_string"}}],"inLanguage":"pt-PT"},{"@type":"Organization","@id":"https:\/\/www.mylasertabac.com\/pt-pt\/#organization","name":"My Laser Tabac","url":"https:\/\/www.mylasertabac.com\/pt-pt\/","logo":{"@type":"ImageObject","inLanguage":"pt-PT","@id":"https:\/\/www.mylasertabac.com\/pt-pt\/#\/schema\/logo\/image\/","url":"https:\/\/www.mylasertabac.com\/wp-content\/uploads\/2024\/12\/mlt-verteau.svg","contentUrl":"https:\/\/www.mylasertabac.com\/wp-content\/uploads\/2024\/12\/mlt-verteau.svg","caption":"My Laser Tabac"},"image":{"@id":"https:\/\/www.mylasertabac.com\/pt-pt\/#\/schema\/logo\/image\/"}},{"@type":"Person","@id":"https:\/\/www.mylasertabac.com\/pt-pt\/#\/schema\/person\/02c249cb76d912efb6c315ec23eccdf3","name":"Florian Fortes","image":{"@type":"ImageObject","inLanguage":"pt-PT","@id":"https:\/\/www.mylasertabac.com\/wp-content\/litespeed\/avatar\/142101a71d7b9e6490c1120d9c109a67.jpg?ver=1776856306","url":"https:\/\/www.mylasertabac.com\/wp-content\/litespeed\/avatar\/142101a71d7b9e6490c1120d9c109a67.jpg?ver=1776856306","contentUrl":"https:\/\/www.mylasertabac.com\/wp-content\/litespeed\/avatar\/142101a71d7b9e6490c1120d9c109a67.jpg?ver=1776856306","caption":"Florian Fortes"},"sameAs":["https:\/\/www.mylasertabac.com","https:\/\/www.facebook.com\/profile.php?id=61571554707319"],"url":"https:\/\/www.mylasertabac.com\/pt-pt\/author\/florianfortes5312\/"}]}},"_links":{"self":[{"href":"https:\/\/www.mylasertabac.com\/pt-pt\/wp-json\/wp\/v2\/posts\/16255","targetHints":{"allow":["GET"]}}],"collection":[{"href":"https:\/\/www.mylasertabac.com\/pt-pt\/wp-json\/wp\/v2\/posts"}],"about":[{"href":"https:\/\/www.mylasertabac.com\/pt-pt\/wp-json\/wp\/v2\/types\/post"}],"author":[{"embeddable":true,"href":"https:\/\/www.mylasertabac.com\/pt-pt\/wp-json\/wp\/v2\/users\/2"}],"replies":[{"embeddable":true,"href":"https:\/\/www.mylasertabac.com\/pt-pt\/wp-json\/wp\/v2\/comments?post=16255"}],"version-history":[{"count":3,"href":"https:\/\/www.mylasertabac.com\/pt-pt\/wp-json\/wp\/v2\/posts\/16255\/revisions"}],"predecessor-version":[{"id":16289,"href":"https:\/\/www.mylasertabac.com\/pt-pt\/wp-json\/wp\/v2\/posts\/16255\/revisions\/16289"}],"wp:featuredmedia":[{"embeddable":true,"href":"https:\/\/www.mylasertabac.com\/pt-pt\/wp-json\/wp\/v2\/media\/16279"}],"wp:attachment":[{"href":"https:\/\/www.mylasertabac.com\/pt-pt\/wp-json\/wp\/v2\/media?parent=16255"}],"wp:term":[{"taxonomy":"category","embeddable":true,"href":"https:\/\/www.mylasertabac.com\/pt-pt\/wp-json\/wp\/v2\/categories?post=16255"},{"taxonomy":"post_tag","embeddable":true,"href":"https:\/\/www.mylasertabac.com\/pt-pt\/wp-json\/wp\/v2\/tags?post=16255"}],"curies":[{"name":"wp","href":"https:\/\/api.w.org\/{rel}","templated":true}]}}