{"id":18504,"date":"2025-10-21T10:28:56","date_gmt":"2025-10-21T08:28:56","guid":{"rendered":"https:\/\/www.mylasertabac.com\/precos-dos-cigarros-em-marrocos-em-2025-aumento-confirmado-e-novas-tarifas-oficiais\/"},"modified":"2025-10-21T11:49:45","modified_gmt":"2025-10-21T09:49:45","slug":"precos-dos-cigarros-em-marrocos-em-2025-aumento-confirmado-e-novas-tarifas-oficiais","status":"publish","type":"post","link":"https:\/\/www.mylasertabac.com\/pt-pt\/precos-dos-cigarros-em-marrocos-em-2025-aumento-confirmado-e-novas-tarifas-oficiais\/","title":{"rendered":"Pre\u00e7os dos cigarros em Marrocos em 2025: aumento confirmado e novas tarifas oficiais"},"content":{"rendered":"\n<div style=\"height:37px\" aria-hidden=\"true\" class=\"wp-block-spacer\"><\/div>\n\n<figure class=\"wp-block-image alignleft size-large is-resized\"><a href=\"https:\/\/www.mylasertabac.com\/pt-pt\/os-nossos-centros\/\"><img fetchpriority=\"high\" decoding=\"async\" width=\"1024\" height=\"668\" src=\"https:\/\/www.mylasertabac.com\/wp-content\/uploads\/2025\/08\/tu-veux-arreter-de-fumer-Clique-ici--1024x668.jpg\" alt=\"\" class=\"wp-image-13752\" style=\"width:435px;height:auto\" srcset=\"https:\/\/www.mylasertabac.com\/wp-content\/uploads\/2025\/08\/tu-veux-arreter-de-fumer-Clique-ici--1024x668.jpg 1024w, https:\/\/www.mylasertabac.com\/wp-content\/uploads\/2025\/08\/tu-veux-arreter-de-fumer-Clique-ici--300x196.jpg 300w, https:\/\/www.mylasertabac.com\/wp-content\/uploads\/2025\/08\/tu-veux-arreter-de-fumer-Clique-ici--768x501.jpg 768w, https:\/\/www.mylasertabac.com\/wp-content\/uploads\/2025\/08\/tu-veux-arreter-de-fumer-Clique-ici-.jpg 1206w\" sizes=\"(max-width: 1024px) 100vw, 1024px\" \/><\/a><\/figure>\n\n<h3 class=\"wp-block-heading\">Novos pre\u00e7os do tabaco suscitam debate sobre consumo e abandono do v\u00edcio<\/h3>\n\n<p>Desde o in\u00edcio de 2025, o <strong>pre\u00e7o<\/strong> dos <strong>cigarros<\/strong> em <strong>Marrocos<\/strong> voltou a <strong>aumentar<\/strong>, como resultado direto dos ajustamentos do imposto sobre o consumo interno<strong>(TIC)<\/strong> dos <strong>produtos<\/strong> <strong>do tabaco<\/strong>. O objetivo desta medida \u00e9 alinhar <strong>os pre\u00e7os nacionais<\/strong>com os padr\u00f5es regionais, apoiando simultaneamente os objectivos de sa\u00fade p\u00fablica.<br\/>Estas revis\u00f5es <strong>de pre\u00e7os<\/strong> afectam quase todas as <strong>marcas<\/strong> dispon\u00edveis no mercado, desde as marcas <strong>topo de gama<\/strong> como a <strong>Marlboro<\/strong> at\u00e9 ao segmento m\u00e9dio representado pela <strong>Gauloises<\/strong> e <strong>Marquise<\/strong>. <\/p>\n\n<div style=\"height:39px\" aria-hidden=\"true\" class=\"wp-block-spacer\"><\/div>\n\n<figure class=\"wp-block-table\"><table class=\"has-fixed-layout\"><thead><tr><th>N\u00b0<\/th><th>Marca \/ Modelo<\/th><th>Pre\u00e7o (MAD)<\/th><th>Equivalente (\u20ac)<\/th><th>Mudan\u00e7a 2024-2025<\/th><th>Segmento<\/th><\/tr><\/thead><tbody><tr><td>1<\/td><td>Marlboro Red Beyond<\/td><td>41 MAD<\/td><td>~3,75 \u20ac<\/td><td>+1 MAD<\/td><td>Pr\u00e9mio<\/td><\/tr><tr><td>2<\/td><td>Marlboro Gold<\/td><td>40 MAD<\/td><td>~3,65 \u20ac<\/td><td>+1 MAD<\/td><td>Pr\u00e9mio<\/td><\/tr><tr><td>3<\/td><td>Azul camel<\/td><td>35 MAD<\/td><td>~3,20 \u20ac<\/td><td>+0,5 MAD<\/td><td>M\u00e9dia<\/td><\/tr><tr><td>4<\/td><td>Camel Silver<\/td><td>34 MAD<\/td><td>~3,10 \u20ac<\/td><td>+1 MAD<\/td><td>M\u00e9dia<\/td><\/tr><tr><td>5<\/td><td>Gauloises Cl\u00e1ssico<\/td><td>26 MAD<\/td><td>~2,40 \u20ac<\/td><td>+1 MAD<\/td><td>M\u00e9dia<\/td><\/tr><tr><td>6<\/td><td>Luzes de Gauloises<\/td><td>27 MAD<\/td><td>~2,45 \u20ac<\/td><td>+1 MAD<\/td><td>M\u00e9dia<\/td><\/tr><tr><td>7<\/td><td>Chesterfield Vermelho<\/td><td>27 MAD<\/td><td>~2,50 \u20ac<\/td><td>+1 MAD<\/td><td>M\u00e9dia<\/td><\/tr><tr><td>8<\/td><td>Azul Chesterfield<\/td><td>28 MAD<\/td><td>~2,55 \u20ac<\/td><td>+1 MAD<\/td><td>M\u00e9dia<\/td><\/tr><tr><td>9<\/td><td>Marquise Medium<\/td><td>27 MAD<\/td><td>~2,50 \u20ac<\/td><td>+1 MAD<\/td><td>M\u00e9dia<\/td><\/tr><tr><td>10<\/td><td>Luzes Marquise<\/td><td>28 MAD<\/td><td>~2,55 \u20ac<\/td><td>+1 MAD<\/td><td>M\u00e9dia<\/td><\/tr><tr><td>11<\/td><td>L&amp;M Intense<\/td><td>27 MAD<\/td><td>~2,50 \u20ac<\/td><td>+2 MAD<\/td><td>M\u00e9dia<\/td><\/tr><tr><td>12<\/td><td>Etiqueta azul L&amp;M<\/td><td>28 MAD<\/td><td>~2,60 \u20ac<\/td><td>+1 MAD<\/td><td>M\u00e9dia<\/td><\/tr><tr><td>13<\/td><td>Philip Morris Club Blue<\/td><td>30 MAD<\/td><td>~2,75 \u20ac<\/td><td>+1 MAD<\/td><td>Pr\u00e9mio<\/td><\/tr><tr><td>14<\/td><td>Philip Morris Club Red<\/td><td>31 MAD<\/td><td>~2,85 \u20ac<\/td><td>+1 MAD<\/td><td>Pr\u00e9mio<\/td><\/tr><tr><td>15<\/td><td>Lucky Strike Red<\/td><td>33 MAD<\/td><td>~3,00 \u20ac<\/td><td>+0,5 MAD<\/td><td>Pr\u00e9mio<\/td><\/tr><tr><td>16<\/td><td>Lucky Strike Blue<\/td><td>34 MAD<\/td><td>~3,10 \u20ac<\/td><td>+1 MAD<\/td><td>Pr\u00e9mio<\/td><\/tr><tr><td>17<\/td><td>Winston Classic<\/td><td>32 MAD<\/td><td>~2,95 \u20ac<\/td><td>+1 MAD<\/td><td>M\u00e9dia<\/td><\/tr><tr><td>18<\/td><td>Filtros de Monte Carlo<\/td><td>28 MAD<\/td><td>~2,60 \u20ac<\/td><td>+1 MAD<\/td><td>M\u00e9dia<\/td><\/tr><tr><td>19<\/td><td>Casa<\/td><td>29 MAD<\/td><td>~2,65 \u20ac<\/td><td>+1 MAD<\/td><td>M\u00e9dia<\/td><\/tr><tr><td>20<\/td><td>Gold Coast Vermelho<\/td><td>25 MAD<\/td><td>~2,30 \u20ac<\/td><td>+1 MAD<\/td><td>Econ\u00f3mico<\/td><\/tr><\/tbody><\/table><\/figure>\n\n<blockquote class=\"wp-block-quote is-layout-flow wp-block-quote-is-layout-flow\">\n<p>Taxa de convers\u00e3o indicativa: 1 euro \u2248 10,9 dirhams (taxa m\u00e9dia do outono de 2025).<\/p>\n<\/blockquote>\n\n<p>Este quadro baseia-se nas circulares emitidas pela Administration des Douanes et Imp\u00f4ts Indirects (ADII) e nas publica\u00e7\u00f5es<strong>H24Info<\/strong>. Reflecte as taxas oficiais em vigor em todas as <strong>cidades<\/strong> marroquinas (Casablanca, Marraquexe, Essaouira, Ouarzazate, Rabat, T\u00e2nger, etc.). <\/p>\n\n<div style=\"height:31px\" aria-hidden=\"true\" class=\"wp-block-spacer\"><\/div>\n\n<h2 class=\"wp-block-heading\"><strong>Aumento moderado mas constante<\/strong><\/h2>\n\n<p>O <strong>aumento<\/strong> continua a ser moderado, oscilando entre +0,5 e +2 dirhams, consoante a <strong>marca<\/strong> e a <strong>gama<\/strong>. <strong>Os ma\u00e7os de<\/strong> <strong>Marlboro<\/strong> e <strong>Camel<\/strong> mant\u00eam o seu estatuto de produtos <strong>premium<\/strong>, enquanto <strong>os Gauloises<\/strong>, <strong>Marquise<\/strong> e <strong>Chesterfield<\/strong> dominam <strong>as vendas<\/strong> no segmento m\u00e9dio.<br\/><strong>Os pre\u00e7os<\/strong> <strong>do tabaco<\/strong> em <strong>Marrocos<\/strong> continuam a ser mais baixos do que em <strong>Fran\u00e7a<\/strong>, onde um <strong>ma\u00e7o<\/strong> custa em m\u00e9dia 13 euros. Isto faz com que o <strong>pa\u00eds<\/strong> seja um <strong>destino<\/strong> atrativo para alguns <strong>viajantes<\/strong> que procuram <strong>produtos<\/strong> mais baratos, sobretudo nas zonas <strong>francas<\/strong> ou nos aeroportos.<\/p>\n\n<div style=\"height:22px\" aria-hidden=\"true\" class=\"wp-block-spacer\"><\/div>\n\n<h2 class=\"wp-block-heading\"><strong>As TIC como alavanca fiscal e de sa\u00fade<\/strong><\/h2>\n\n<p>O <strong>TIC<\/strong> (imposto sobre o consumo interno) continua a ser o principal fator deste <strong>aumento<\/strong>. Cada <strong>unidade de<\/strong> <strong>tabaco<\/strong>vendida <strong>contribui<\/strong>para aumentar as receitas p\u00fablicas e apoiar as pol\u00edticas <strong>de preven\u00e7\u00e3o<\/strong>.<br\/>Para 1000 <strong>cigarros<\/strong>, o CIT m\u00ednimo atingir\u00e1 em breve 953 MAD &#8211; um <strong>custo<\/strong> m\u00e9dio claramente superior ao de 2024.<br\/>Esta pol\u00edtica tem um duplo objetivo: reduzir <strong>o consumo de<\/strong> <strong>tabaco<\/strong> e limitar <strong>as compras<\/strong> em massa fora do <strong>quadro<\/strong> regulamentado. <\/p>\n\n<p>As autoridades sublinham que estas medidas se inscrevem numa estrat\u00e9gia global de prote\u00e7\u00e3o da <strong>sa\u00fade p\u00fablica<\/strong>, de regula\u00e7\u00e3o do <strong>mercado<\/strong> e de luta contra o contrabando, um dos principais <strong>concorrentes das<\/strong> redes <strong>de venda<\/strong> oficiais.<\/p>\n\n<div style=\"height:26px\" aria-hidden=\"true\" class=\"wp-block-spacer\"><\/div>\n\n<figure class=\"wp-block-table\"><table class=\"has-fixed-layout\"><tbody><tr><td>L\u00ea tamb\u00e9m: <a href=\"https:\/\/www.mylasertabac.com\/pt-pt\/informacoes\/formacao-laser-anti-tabaco-e-contra-a-dependencia\/\"><mark style=\"background-color:rgba(0, 0, 0, 0)\" class=\"has-inline-color has-luminous-vivid-orange-color\">Mylasertabac oferece forma\u00e7\u00e3o em reflexologia auricular se quiseres come\u00e7ar um neg\u00f3cio na \u00e1rea da cessa\u00e7\u00e3o da depend\u00eancia.<\/mark><\/a><\/td><\/tr><\/tbody><\/table><\/figure>\n\n<div style=\"height:22px\" aria-hidden=\"true\" class=\"wp-block-spacer\"><\/div>\n\n<h2 class=\"wp-block-heading\"><strong>Efeitos sobre o consumo e o poder de compra<\/strong><\/h2>\n\n<p>Para um <strong>fumador<\/strong> que consome um <strong>ma\u00e7o<\/strong> por dia, o <strong>aumento<\/strong> m\u00e9dio de 1 MAD por <strong>ma\u00e7o<\/strong> representa um acr\u00e9scimo de 360 MAD por ano.<br\/>Em Marraquexe e Essaouira, os turistas notam ligeiras diferen\u00e7as de <strong>pre\u00e7os<\/strong> entre as zonas urbanas e as zonas costeiras, nomeadamente nos quiosques autorizados. Nas grandes <strong>cidades<\/strong>, os distribuidores mant\u00eam <strong>as ofertas<\/strong> habituais, enquanto as lojas <strong>francas<\/strong> junto aos aeroportos aplicam as tarifas mais competitivas. <\/p>\n\n<p>O <strong>or\u00e7amento<\/strong> m\u00e9dio gasto em <strong>tabaco<\/strong> est\u00e1 a tornar-se um verdadeiro indicador do custo de <strong>vida<\/strong> em <strong>Marrocos<\/strong>, onde <strong>os pre\u00e7os<\/strong> do dia a dia (combust\u00edvel, alimenta\u00e7\u00e3o, <strong>cal\u00e7ado<\/strong>) tamb\u00e9m est\u00e3o a subir.<\/p>\n\n<div style=\"height:22px\" aria-hidden=\"true\" class=\"wp-block-spacer\"><\/div>\n\n<h2 class=\"wp-block-heading\"><strong>Compara\u00e7\u00e3o internacional e atra\u00e7\u00e3o tur\u00edstica<\/strong><\/h2>\n\n<p><strong>Os pre\u00e7os<\/strong> <strong>do tabaco<\/strong> continuam a ser muito competitivos em compara\u00e7\u00e3o com os da Europa. Em <strong>Marrocos,<\/strong> um <strong>ma\u00e7o<\/strong> de <strong>Gauloises<\/strong> ou de <strong>Chesterfield<\/strong> custa entre 2,4 e 2,8 euros, contra mais de 12 euros em <strong>Fran\u00e7a<\/strong>. Esta diferen\u00e7a incentiva <strong>os viajantes<\/strong> a fazerem <strong>compras<\/strong> durante a sua estadia, mas a legisla\u00e7\u00e3o limita estritamente o n\u00famero de <strong>ma\u00e7os<\/strong> que podem ser importados para a Uni\u00e3o Europeia.  <\/p>\n\n<p><strong>Destinos<\/strong> marroquinos como Marraquexe, Essaouira e Ouarzazate continuam a ser populares, mas as autoridades alertam para a importa\u00e7\u00e3o ilegal de <strong>produtos<\/strong> <strong>de tabaco<\/strong>, lembrando que a <strong>moeda<\/strong> local, o dirham, regula <strong>as transac\u00e7\u00f5es<\/strong> internas.<\/p>\n\n<div style=\"height:22px\" aria-hidden=\"true\" class=\"wp-block-spacer\"><\/div>\n\n<h2 class=\"wp-block-heading\"><strong>Rumo a um futuro sem fumo: a solu\u00e7\u00e3o MyLaserTabac<\/strong><\/h2>\n\n<p>Perante o aumento <strong>do custo do<\/strong> <strong>tabaco<\/strong> e a crescente consci\u00eancia colectiva dos <strong>riscos<\/strong> para a sa\u00fade, cada vez mais <strong>fumadores<\/strong> procuram libertar-se do v\u00edcio.<br\/>A empresa <strong><a href=\"https:\/\/www.mylasertabac.com\/pt-pt\/os-nossos-centros\/\">MyLaserTabac<\/a><\/strong>pioneira em <strong>Marrocos<\/strong> e em <strong>Fran\u00e7a<\/strong>, prop\u00f5e um m\u00e9todo inovador baseado na <strong>reflexologia auricular<\/strong> e na <strong>terapia anti-tabaco<\/strong> <strong><a href=\"https:\/\/www.mylasertabac.com\/pt-pt\/os-nossos-centros\/\">laser anti-tabaco<\/a><\/strong>.<\/p>\n\n<p>Esta t\u00e9cnica baseia-se na estimula\u00e7\u00e3o dos <strong>pontos auriculares<\/strong> ligados ao sistema nervoso. O <strong>laser<\/strong> suave actua sobre as zonas ligadas \u00e0 depend\u00eancia, ao stress e ao <strong>consumo<\/strong> compulsivo. Em apenas algumas sess\u00f5es, <strong>os viajantes<\/strong> ou os residentes que querem deixar de fumar sentem uma redu\u00e7\u00e3o not\u00e1vel dos seus desejos.  <\/p>\n\n<p>Sem medicamentos ou substitutos qu\u00edmicos, <strong>a reflexologia auricular a laser<\/strong> reequilibra o <strong>organismo<\/strong>, acalma o <strong>c\u00e9rebro<\/strong> e ajuda <strong>a prevenir<\/strong> <strong>o tabagismo<\/strong>. Uma alternativa moderna e natural para quem quer preservar a sua <strong>vida<\/strong> e o seu <strong>or\u00e7amento<\/strong>. <\/p>\n\n<div style=\"height:22px\" aria-hidden=\"true\" class=\"wp-block-spacer\"><\/div>\n\n<h2 class=\"wp-block-heading\"><strong>Conclus\u00e3o<\/strong><\/h2>\n\n<p><strong>Marrocos<\/strong> faz parte de uma estrat\u00e9gia equilibrada: ajustar <strong>os pre\u00e7os<\/strong> <strong>do tabaco<\/strong> sem penalizar excessivamente os consumidores, refor\u00e7ando simultaneamente as pol\u00edticas <strong>de preven\u00e7\u00e3o<\/strong>.<br\/>Mas, para muitos, a verdadeira poupan\u00e7a est\u00e1 noutro lado: na <strong>decis\u00e3o de deixar de fumar<\/strong>. Gra\u00e7as a abordagens como <strong>MyLaserTabac<\/strong>, combinar <strong>sa\u00fade<\/strong>, <strong>or\u00e7amento<\/strong> e <strong>liberdade<\/strong> nunca foi t\u00e3o pr\u00e1tico. <\/p>\n\n<div style=\"height:35px\" aria-hidden=\"true\" class=\"wp-block-spacer\"><\/div>\n\n<figure class=\"wp-block-image size-large\"><img decoding=\"async\" src=\"https:\/\/www.mylasertabac.com\/wp-content\/uploads\/\/mlt-verteau.svg\" alt=\"\" class=\"wp-image-13\"\/><\/figure>\n","protected":false},"excerpt":{"rendered":"<p>Novos pre\u00e7os do tabaco suscitam debate sobre consumo e abandono do v\u00edcio Desde o in\u00edcio de 2025, o pre\u00e7o dos cigarros em Marrocos voltou a aumentar, como resultado direto dos ajustamentos do imposto sobre o consumo interno(TIC) dos produtos do tabaco. O objetivo desta medida \u00e9 alinhar os pre\u00e7os nacionaiscom os padr\u00f5es regionais, apoiando simultaneamente [&hellip;]<\/p>\n","protected":false},"author":2,"featured_media":19664,"comment_status":"closed","ping_status":"open","sticky":false,"template":"","format":"standard","meta":{"inline_featured_image":false,"footnotes":""},"categories":[664],"tags":[],"class_list":["post-18504","post","type-post","status-publish","format-standard","has-post-thumbnail","hentry","category-tabaco-pt-pt"],"yoast_head":"<!-- This site is optimized with the Yoast SEO plugin v27.4 - https:\/\/yoast.com\/product\/yoast-seo-wordpress\/ -->\n<title>Pre\u00e7os dos cigarros em Marrocos em 2025: aumento confirmado e novas tarifas oficiais - My Laser Tabac<\/title>\n<meta name=\"description\" content=\"Descobre os pre\u00e7os dos cigarros em Marrocos em 2025 e as solu\u00e7\u00f5es MyLaserTabac para um abandono natural e sustent\u00e1vel.\" \/>\n<meta name=\"robots\" content=\"index, follow, max-snippet:-1, max-image-preview:large, max-video-preview:-1\" \/>\n<link rel=\"canonical\" href=\"https:\/\/www.mylasertabac.com\/pt-pt\/precos-dos-cigarros-em-marrocos-em-2025-aumento-confirmado-e-novas-tarifas-oficiais\/\" \/>\n<meta property=\"og:locale\" content=\"pt_PT\" \/>\n<meta property=\"og:type\" content=\"article\" \/>\n<meta property=\"og:title\" content=\"Pre\u00e7os dos cigarros em Marrocos em 2025: aumento confirmado e novas tarifas oficiais - My Laser Tabac\" \/>\n<meta property=\"og:description\" content=\"Descobre os pre\u00e7os dos cigarros em Marrocos em 2025 e as solu\u00e7\u00f5es MyLaserTabac para um abandono natural e sustent\u00e1vel.\" \/>\n<meta property=\"og:url\" content=\"https:\/\/www.mylasertabac.com\/pt-pt\/precos-dos-cigarros-em-marrocos-em-2025-aumento-confirmado-e-novas-tarifas-oficiais\/\" \/>\n<meta property=\"og:site_name\" content=\"My Laser Tabac\" \/>\n<meta property=\"article:author\" content=\"https:\/\/www.facebook.com\/profile.php?id=61571554707319\" \/>\n<meta property=\"article:published_time\" content=\"2025-10-21T08:28:56+00:00\" \/>\n<meta property=\"article:modified_time\" content=\"2025-10-21T09:49:45+00:00\" \/>\n<meta property=\"og:image\" content=\"https:\/\/www.mylasertabac.com\/wp-content\/uploads\/2025\/10\/Prix-des-cigarette-au-maroc-en-2025-1024x683.png\" \/>\n\t<meta property=\"og:image:width\" content=\"1024\" \/>\n\t<meta property=\"og:image:height\" content=\"683\" \/>\n\t<meta property=\"og:image:type\" content=\"image\/png\" \/>\n<meta name=\"author\" content=\"Florian Fortes\" \/>\n<meta name=\"twitter:card\" content=\"summary_large_image\" \/>\n<meta name=\"twitter:label1\" content=\"Escrito por\" \/>\n\t<meta name=\"twitter:data1\" content=\"Florian Fortes\" \/>\n\t<meta name=\"twitter:label2\" content=\"Tempo estimado de leitura\" \/>\n\t<meta name=\"twitter:data2\" content=\"5 minutos\" \/>\n<script type=\"application\/ld+json\" class=\"yoast-schema-graph\">{\"@context\":\"https:\\\/\\\/schema.org\",\"@graph\":[{\"@type\":\"Article\",\"@id\":\"https:\\\/\\\/www.mylasertabac.com\\\/pt-pt\\\/precos-dos-cigarros-em-marrocos-em-2025-aumento-confirmado-e-novas-tarifas-oficiais\\\/#article\",\"isPartOf\":{\"@id\":\"https:\\\/\\\/www.mylasertabac.com\\\/pt-pt\\\/precos-dos-cigarros-em-marrocos-em-2025-aumento-confirmado-e-novas-tarifas-oficiais\\\/\"},\"author\":{\"name\":\"Florian Fortes\",\"@id\":\"https:\\\/\\\/www.mylasertabac.com\\\/pt-pt\\\/#\\\/schema\\\/person\\\/02c249cb76d912efb6c315ec23eccdf3\"},\"headline\":\"Pre\u00e7os dos cigarros em Marrocos em 2025: aumento confirmado e novas tarifas oficiais\",\"datePublished\":\"2025-10-21T08:28:56+00:00\",\"dateModified\":\"2025-10-21T09:49:45+00:00\",\"mainEntityOfPage\":{\"@id\":\"https:\\\/\\\/www.mylasertabac.com\\\/pt-pt\\\/precos-dos-cigarros-em-marrocos-em-2025-aumento-confirmado-e-novas-tarifas-oficiais\\\/\"},\"wordCount\":1025,\"publisher\":{\"@id\":\"https:\\\/\\\/www.mylasertabac.com\\\/pt-pt\\\/#organization\"},\"image\":{\"@id\":\"https:\\\/\\\/www.mylasertabac.com\\\/pt-pt\\\/precos-dos-cigarros-em-marrocos-em-2025-aumento-confirmado-e-novas-tarifas-oficiais\\\/#primaryimage\"},\"thumbnailUrl\":\"https:\\\/\\\/www.mylasertabac.com\\\/wp-content\\\/uploads\\\/2025\\\/10\\\/Quel-est-le-prix-des-cigarettes-au-maroc-en-2026.png\",\"articleSection\":[\"tabaco\"],\"inLanguage\":\"pt-PT\"},{\"@type\":\"WebPage\",\"@id\":\"https:\\\/\\\/www.mylasertabac.com\\\/pt-pt\\\/precos-dos-cigarros-em-marrocos-em-2025-aumento-confirmado-e-novas-tarifas-oficiais\\\/\",\"url\":\"https:\\\/\\\/www.mylasertabac.com\\\/pt-pt\\\/precos-dos-cigarros-em-marrocos-em-2025-aumento-confirmado-e-novas-tarifas-oficiais\\\/\",\"name\":\"Pre\u00e7os dos cigarros em Marrocos em 2025: aumento confirmado e novas tarifas oficiais - My Laser Tabac\",\"isPartOf\":{\"@id\":\"https:\\\/\\\/www.mylasertabac.com\\\/pt-pt\\\/#website\"},\"primaryImageOfPage\":{\"@id\":\"https:\\\/\\\/www.mylasertabac.com\\\/pt-pt\\\/precos-dos-cigarros-em-marrocos-em-2025-aumento-confirmado-e-novas-tarifas-oficiais\\\/#primaryimage\"},\"image\":{\"@id\":\"https:\\\/\\\/www.mylasertabac.com\\\/pt-pt\\\/precos-dos-cigarros-em-marrocos-em-2025-aumento-confirmado-e-novas-tarifas-oficiais\\\/#primaryimage\"},\"thumbnailUrl\":\"https:\\\/\\\/www.mylasertabac.com\\\/wp-content\\\/uploads\\\/2025\\\/10\\\/Quel-est-le-prix-des-cigarettes-au-maroc-en-2026.png\",\"datePublished\":\"2025-10-21T08:28:56+00:00\",\"dateModified\":\"2025-10-21T09:49:45+00:00\",\"description\":\"Descobre os pre\u00e7os dos cigarros em Marrocos em 2025 e as solu\u00e7\u00f5es MyLaserTabac para um abandono natural e sustent\u00e1vel.\",\"breadcrumb\":{\"@id\":\"https:\\\/\\\/www.mylasertabac.com\\\/pt-pt\\\/precos-dos-cigarros-em-marrocos-em-2025-aumento-confirmado-e-novas-tarifas-oficiais\\\/#breadcrumb\"},\"inLanguage\":\"pt-PT\",\"potentialAction\":[{\"@type\":\"ReadAction\",\"target\":[\"https:\\\/\\\/www.mylasertabac.com\\\/pt-pt\\\/precos-dos-cigarros-em-marrocos-em-2025-aumento-confirmado-e-novas-tarifas-oficiais\\\/\"]}]},{\"@type\":\"ImageObject\",\"inLanguage\":\"pt-PT\",\"@id\":\"https:\\\/\\\/www.mylasertabac.com\\\/pt-pt\\\/precos-dos-cigarros-em-marrocos-em-2025-aumento-confirmado-e-novas-tarifas-oficiais\\\/#primaryimage\",\"url\":\"https:\\\/\\\/www.mylasertabac.com\\\/wp-content\\\/uploads\\\/2025\\\/10\\\/Quel-est-le-prix-des-cigarettes-au-maroc-en-2026.png\",\"contentUrl\":\"https:\\\/\\\/www.mylasertabac.com\\\/wp-content\\\/uploads\\\/2025\\\/10\\\/Quel-est-le-prix-des-cigarettes-au-maroc-en-2026.png\",\"width\":1536,\"height\":1024},{\"@type\":\"BreadcrumbList\",\"@id\":\"https:\\\/\\\/www.mylasertabac.com\\\/pt-pt\\\/precos-dos-cigarros-em-marrocos-em-2025-aumento-confirmado-e-novas-tarifas-oficiais\\\/#breadcrumb\",\"itemListElement\":[{\"@type\":\"ListItem\",\"position\":1,\"name\":\"Accueil\",\"item\":\"https:\\\/\\\/www.mylasertabac.com\\\/pt-pt\\\/casa\\\/\"},{\"@type\":\"ListItem\",\"position\":2,\"name\":\"Pre\u00e7os dos cigarros em Marrocos em 2025: aumento confirmado e novas tarifas oficiais\"}]},{\"@type\":\"WebSite\",\"@id\":\"https:\\\/\\\/www.mylasertabac.com\\\/pt-pt\\\/#website\",\"url\":\"https:\\\/\\\/www.mylasertabac.com\\\/pt-pt\\\/\",\"name\":\"My Laser Tabac\",\"description\":\"La solution laser qui transforme les fumeurs en ex-fumeurs\",\"publisher\":{\"@id\":\"https:\\\/\\\/www.mylasertabac.com\\\/pt-pt\\\/#organization\"},\"potentialAction\":[{\"@type\":\"SearchAction\",\"target\":{\"@type\":\"EntryPoint\",\"urlTemplate\":\"https:\\\/\\\/www.mylasertabac.com\\\/pt-pt\\\/?s={search_term_string}\"},\"query-input\":{\"@type\":\"PropertyValueSpecification\",\"valueRequired\":true,\"valueName\":\"search_term_string\"}}],\"inLanguage\":\"pt-PT\"},{\"@type\":\"Organization\",\"@id\":\"https:\\\/\\\/www.mylasertabac.com\\\/pt-pt\\\/#organization\",\"name\":\"My Laser Tabac\",\"url\":\"https:\\\/\\\/www.mylasertabac.com\\\/pt-pt\\\/\",\"logo\":{\"@type\":\"ImageObject\",\"inLanguage\":\"pt-PT\",\"@id\":\"https:\\\/\\\/www.mylasertabac.com\\\/pt-pt\\\/#\\\/schema\\\/logo\\\/image\\\/\",\"url\":\"https:\\\/\\\/www.mylasertabac.com\\\/wp-content\\\/uploads\\\/2024\\\/12\\\/mlt-verteau.svg\",\"contentUrl\":\"https:\\\/\\\/www.mylasertabac.com\\\/wp-content\\\/uploads\\\/2024\\\/12\\\/mlt-verteau.svg\",\"caption\":\"My Laser Tabac\"},\"image\":{\"@id\":\"https:\\\/\\\/www.mylasertabac.com\\\/pt-pt\\\/#\\\/schema\\\/logo\\\/image\\\/\"}},{\"@type\":\"Person\",\"@id\":\"https:\\\/\\\/www.mylasertabac.com\\\/pt-pt\\\/#\\\/schema\\\/person\\\/02c249cb76d912efb6c315ec23eccdf3\",\"name\":\"Florian Fortes\",\"image\":{\"@type\":\"ImageObject\",\"inLanguage\":\"pt-PT\",\"@id\":\"https:\\\/\\\/www.mylasertabac.com\\\/wp-content\\\/litespeed\\\/avatar\\\/142101a71d7b9e6490c1120d9c109a67.jpg?ver=1776856306\",\"url\":\"https:\\\/\\\/www.mylasertabac.com\\\/wp-content\\\/litespeed\\\/avatar\\\/142101a71d7b9e6490c1120d9c109a67.jpg?ver=1776856306\",\"contentUrl\":\"https:\\\/\\\/www.mylasertabac.com\\\/wp-content\\\/litespeed\\\/avatar\\\/142101a71d7b9e6490c1120d9c109a67.jpg?ver=1776856306\",\"caption\":\"Florian Fortes\"},\"sameAs\":[\"https:\\\/\\\/www.mylasertabac.com\",\"https:\\\/\\\/www.facebook.com\\\/profile.php?id=61571554707319\"],\"url\":\"https:\\\/\\\/www.mylasertabac.com\\\/pt-pt\\\/author\\\/florianfortes5312\\\/\"}]}<\/script>\n<!-- \/ Yoast SEO plugin. -->","yoast_head_json":{"title":"Pre\u00e7os dos cigarros em Marrocos em 2025: aumento confirmado e novas tarifas oficiais - My Laser Tabac","description":"Descobre os pre\u00e7os dos cigarros em Marrocos em 2025 e as solu\u00e7\u00f5es MyLaserTabac para um abandono natural e sustent\u00e1vel.","robots":{"index":"index","follow":"follow","max-snippet":"max-snippet:-1","max-image-preview":"max-image-preview:large","max-video-preview":"max-video-preview:-1"},"canonical":"https:\/\/www.mylasertabac.com\/pt-pt\/precos-dos-cigarros-em-marrocos-em-2025-aumento-confirmado-e-novas-tarifas-oficiais\/","og_locale":"pt_PT","og_type":"article","og_title":"Pre\u00e7os dos cigarros em Marrocos em 2025: aumento confirmado e novas tarifas oficiais - My Laser Tabac","og_description":"Descobre os pre\u00e7os dos cigarros em Marrocos em 2025 e as solu\u00e7\u00f5es MyLaserTabac para um abandono natural e sustent\u00e1vel.","og_url":"https:\/\/www.mylasertabac.com\/pt-pt\/precos-dos-cigarros-em-marrocos-em-2025-aumento-confirmado-e-novas-tarifas-oficiais\/","og_site_name":"My Laser Tabac","article_author":"https:\/\/www.facebook.com\/profile.php?id=61571554707319","article_published_time":"2025-10-21T08:28:56+00:00","article_modified_time":"2025-10-21T09:49:45+00:00","og_image":[{"width":1024,"height":683,"url":"https:\/\/www.mylasertabac.com\/wp-content\/uploads\/2025\/10\/Prix-des-cigarette-au-maroc-en-2025-1024x683.png","type":"image\/png"}],"author":"Florian Fortes","twitter_card":"summary_large_image","twitter_misc":{"Escrito por":"Florian Fortes","Tempo estimado de leitura":"5 minutos"},"schema":{"@context":"https:\/\/schema.org","@graph":[{"@type":"Article","@id":"https:\/\/www.mylasertabac.com\/pt-pt\/precos-dos-cigarros-em-marrocos-em-2025-aumento-confirmado-e-novas-tarifas-oficiais\/#article","isPartOf":{"@id":"https:\/\/www.mylasertabac.com\/pt-pt\/precos-dos-cigarros-em-marrocos-em-2025-aumento-confirmado-e-novas-tarifas-oficiais\/"},"author":{"name":"Florian Fortes","@id":"https:\/\/www.mylasertabac.com\/pt-pt\/#\/schema\/person\/02c249cb76d912efb6c315ec23eccdf3"},"headline":"Pre\u00e7os dos cigarros em Marrocos em 2025: aumento confirmado e novas tarifas oficiais","datePublished":"2025-10-21T08:28:56+00:00","dateModified":"2025-10-21T09:49:45+00:00","mainEntityOfPage":{"@id":"https:\/\/www.mylasertabac.com\/pt-pt\/precos-dos-cigarros-em-marrocos-em-2025-aumento-confirmado-e-novas-tarifas-oficiais\/"},"wordCount":1025,"publisher":{"@id":"https:\/\/www.mylasertabac.com\/pt-pt\/#organization"},"image":{"@id":"https:\/\/www.mylasertabac.com\/pt-pt\/precos-dos-cigarros-em-marrocos-em-2025-aumento-confirmado-e-novas-tarifas-oficiais\/#primaryimage"},"thumbnailUrl":"https:\/\/www.mylasertabac.com\/wp-content\/uploads\/2025\/10\/Quel-est-le-prix-des-cigarettes-au-maroc-en-2026.png","articleSection":["tabaco"],"inLanguage":"pt-PT"},{"@type":"WebPage","@id":"https:\/\/www.mylasertabac.com\/pt-pt\/precos-dos-cigarros-em-marrocos-em-2025-aumento-confirmado-e-novas-tarifas-oficiais\/","url":"https:\/\/www.mylasertabac.com\/pt-pt\/precos-dos-cigarros-em-marrocos-em-2025-aumento-confirmado-e-novas-tarifas-oficiais\/","name":"Pre\u00e7os dos cigarros em Marrocos em 2025: aumento confirmado e novas tarifas oficiais - My Laser Tabac","isPartOf":{"@id":"https:\/\/www.mylasertabac.com\/pt-pt\/#website"},"primaryImageOfPage":{"@id":"https:\/\/www.mylasertabac.com\/pt-pt\/precos-dos-cigarros-em-marrocos-em-2025-aumento-confirmado-e-novas-tarifas-oficiais\/#primaryimage"},"image":{"@id":"https:\/\/www.mylasertabac.com\/pt-pt\/precos-dos-cigarros-em-marrocos-em-2025-aumento-confirmado-e-novas-tarifas-oficiais\/#primaryimage"},"thumbnailUrl":"https:\/\/www.mylasertabac.com\/wp-content\/uploads\/2025\/10\/Quel-est-le-prix-des-cigarettes-au-maroc-en-2026.png","datePublished":"2025-10-21T08:28:56+00:00","dateModified":"2025-10-21T09:49:45+00:00","description":"Descobre os pre\u00e7os dos cigarros em Marrocos em 2025 e as solu\u00e7\u00f5es MyLaserTabac para um abandono natural e sustent\u00e1vel.","breadcrumb":{"@id":"https:\/\/www.mylasertabac.com\/pt-pt\/precos-dos-cigarros-em-marrocos-em-2025-aumento-confirmado-e-novas-tarifas-oficiais\/#breadcrumb"},"inLanguage":"pt-PT","potentialAction":[{"@type":"ReadAction","target":["https:\/\/www.mylasertabac.com\/pt-pt\/precos-dos-cigarros-em-marrocos-em-2025-aumento-confirmado-e-novas-tarifas-oficiais\/"]}]},{"@type":"ImageObject","inLanguage":"pt-PT","@id":"https:\/\/www.mylasertabac.com\/pt-pt\/precos-dos-cigarros-em-marrocos-em-2025-aumento-confirmado-e-novas-tarifas-oficiais\/#primaryimage","url":"https:\/\/www.mylasertabac.com\/wp-content\/uploads\/2025\/10\/Quel-est-le-prix-des-cigarettes-au-maroc-en-2026.png","contentUrl":"https:\/\/www.mylasertabac.com\/wp-content\/uploads\/2025\/10\/Quel-est-le-prix-des-cigarettes-au-maroc-en-2026.png","width":1536,"height":1024},{"@type":"BreadcrumbList","@id":"https:\/\/www.mylasertabac.com\/pt-pt\/precos-dos-cigarros-em-marrocos-em-2025-aumento-confirmado-e-novas-tarifas-oficiais\/#breadcrumb","itemListElement":[{"@type":"ListItem","position":1,"name":"Accueil","item":"https:\/\/www.mylasertabac.com\/pt-pt\/casa\/"},{"@type":"ListItem","position":2,"name":"Pre\u00e7os dos cigarros em Marrocos em 2025: aumento confirmado e novas tarifas oficiais"}]},{"@type":"WebSite","@id":"https:\/\/www.mylasertabac.com\/pt-pt\/#website","url":"https:\/\/www.mylasertabac.com\/pt-pt\/","name":"My Laser Tabac","description":"La solution laser qui transforme les fumeurs en ex-fumeurs","publisher":{"@id":"https:\/\/www.mylasertabac.com\/pt-pt\/#organization"},"potentialAction":[{"@type":"SearchAction","target":{"@type":"EntryPoint","urlTemplate":"https:\/\/www.mylasertabac.com\/pt-pt\/?s={search_term_string}"},"query-input":{"@type":"PropertyValueSpecification","valueRequired":true,"valueName":"search_term_string"}}],"inLanguage":"pt-PT"},{"@type":"Organization","@id":"https:\/\/www.mylasertabac.com\/pt-pt\/#organization","name":"My Laser Tabac","url":"https:\/\/www.mylasertabac.com\/pt-pt\/","logo":{"@type":"ImageObject","inLanguage":"pt-PT","@id":"https:\/\/www.mylasertabac.com\/pt-pt\/#\/schema\/logo\/image\/","url":"https:\/\/www.mylasertabac.com\/wp-content\/uploads\/2024\/12\/mlt-verteau.svg","contentUrl":"https:\/\/www.mylasertabac.com\/wp-content\/uploads\/2024\/12\/mlt-verteau.svg","caption":"My Laser Tabac"},"image":{"@id":"https:\/\/www.mylasertabac.com\/pt-pt\/#\/schema\/logo\/image\/"}},{"@type":"Person","@id":"https:\/\/www.mylasertabac.com\/pt-pt\/#\/schema\/person\/02c249cb76d912efb6c315ec23eccdf3","name":"Florian Fortes","image":{"@type":"ImageObject","inLanguage":"pt-PT","@id":"https:\/\/www.mylasertabac.com\/wp-content\/litespeed\/avatar\/142101a71d7b9e6490c1120d9c109a67.jpg?ver=1776856306","url":"https:\/\/www.mylasertabac.com\/wp-content\/litespeed\/avatar\/142101a71d7b9e6490c1120d9c109a67.jpg?ver=1776856306","contentUrl":"https:\/\/www.mylasertabac.com\/wp-content\/litespeed\/avatar\/142101a71d7b9e6490c1120d9c109a67.jpg?ver=1776856306","caption":"Florian Fortes"},"sameAs":["https:\/\/www.mylasertabac.com","https:\/\/www.facebook.com\/profile.php?id=61571554707319"],"url":"https:\/\/www.mylasertabac.com\/pt-pt\/author\/florianfortes5312\/"}]}},"_links":{"self":[{"href":"https:\/\/www.mylasertabac.com\/pt-pt\/wp-json\/wp\/v2\/posts\/18504","targetHints":{"allow":["GET"]}}],"collection":[{"href":"https:\/\/www.mylasertabac.com\/pt-pt\/wp-json\/wp\/v2\/posts"}],"about":[{"href":"https:\/\/www.mylasertabac.com\/pt-pt\/wp-json\/wp\/v2\/types\/post"}],"author":[{"embeddable":true,"href":"https:\/\/www.mylasertabac.com\/pt-pt\/wp-json\/wp\/v2\/users\/2"}],"replies":[{"embeddable":true,"href":"https:\/\/www.mylasertabac.com\/pt-pt\/wp-json\/wp\/v2\/comments?post=18504"}],"version-history":[{"count":6,"href":"https:\/\/www.mylasertabac.com\/pt-pt\/wp-json\/wp\/v2\/posts\/18504\/revisions"}],"predecessor-version":[{"id":18551,"href":"https:\/\/www.mylasertabac.com\/pt-pt\/wp-json\/wp\/v2\/posts\/18504\/revisions\/18551"}],"wp:featuredmedia":[{"embeddable":true,"href":"https:\/\/www.mylasertabac.com\/pt-pt\/wp-json\/wp\/v2\/media\/19664"}],"wp:attachment":[{"href":"https:\/\/www.mylasertabac.com\/pt-pt\/wp-json\/wp\/v2\/media?parent=18504"}],"wp:term":[{"taxonomy":"category","embeddable":true,"href":"https:\/\/www.mylasertabac.com\/pt-pt\/wp-json\/wp\/v2\/categories?post=18504"},{"taxonomy":"post_tag","embeddable":true,"href":"https:\/\/www.mylasertabac.com\/pt-pt\/wp-json\/wp\/v2\/tags?post=18504"}],"curies":[{"name":"wp","href":"https:\/\/api.w.org\/{rel}","templated":true}]}}