{"id":18613,"date":"2025-10-21T12:34:04","date_gmt":"2025-10-21T10:34:04","guid":{"rendered":"https:\/\/www.mylasertabac.com\/agora-os-vaporizadores-estao-revoltados-com-o-novo-imposto-sobre-os-e-liquidos\/"},"modified":"2025-10-21T23:30:32","modified_gmt":"2025-10-21T21:30:32","slug":"agora-os-vaporizadores-estao-revoltados-com-o-novo-imposto-sobre-os-e-liquidos","status":"publish","type":"post","link":"https:\/\/www.mylasertabac.com\/pt-pt\/agora-os-vaporizadores-estao-revoltados-com-o-novo-imposto-sobre-os-e-liquidos\/","title":{"rendered":"&#8220;Agora, os vaporizadores est\u00e3o revoltados com o novo imposto sobre os e-l\u00edquidos&#8221;."},"content":{"rendered":"\n<div style=\"height:33px\" aria-hidden=\"true\" class=\"wp-block-spacer\"><\/div>\n\n<p>Nos \u00faltimos anos, muitos adultos em Fran\u00e7a passaram a utilizar <strong>o vaporizador<\/strong> como forma de deixar de <strong>fumar<\/strong>, convencidos de que os cigarros <strong>electr\u00f3nicos<\/strong> oferecem uma alternativa mais barata e mais saud\u00e1vel. Mas a chegada de um <strong>novo imposto<\/strong>sobre os <strong>l\u00edquidos<\/strong> vaporizadores pode perturbar este c\u00e1lculo econ\u00f3mico. O <strong>mercado<\/strong> <strong>do vaping<\/strong>est\u00e1 em plena agita\u00e7\u00e3o, com <strong>os vaporizadores<\/strong> a sentirem-se encurralados entre decis\u00f5es or\u00e7amentais, sanit\u00e1rias e pol\u00edticas.  <\/p>\n\n<div style=\"height:32px\" aria-hidden=\"true\" class=\"wp-block-spacer\"><\/div>\n\n<figure class=\"wp-block-image alignleft size-full is-resized\"><img fetchpriority=\"high\" decoding=\"async\" width=\"1024\" height=\"1024\" src=\"https:\/\/www.mylasertabac.com\/wp-content\/uploads\/2025\/10\/temoignage-de-Julia-38-ans-qui-buvait-beaucoup-de-lalcool.png\" alt=\"\" class=\"wp-image-18119\" style=\"width:596px;height:auto\" srcset=\"https:\/\/www.mylasertabac.com\/wp-content\/uploads\/2025\/10\/temoignage-de-Julia-38-ans-qui-buvait-beaucoup-de-lalcool.png 1024w, https:\/\/www.mylasertabac.com\/wp-content\/uploads\/2025\/10\/temoignage-de-Julia-38-ans-qui-buvait-beaucoup-de-lalcool-300x300.png 300w, https:\/\/www.mylasertabac.com\/wp-content\/uploads\/2025\/10\/temoignage-de-Julia-38-ans-qui-buvait-beaucoup-de-lalcool-150x150.png 150w, https:\/\/www.mylasertabac.com\/wp-content\/uploads\/2025\/10\/temoignage-de-Julia-38-ans-qui-buvait-beaucoup-de-lalcool-768x768.png 768w\" sizes=\"(max-width: 1024px) 100vw, 1024px\" \/><\/figure>\n\n<h4 class=\"wp-block-heading\">Testemunho de um vaporizador<\/h4>\n\n<p>&#8220;Costumava fumar um ma\u00e7o de <strong>cigarros<\/strong> normais por dia&#8221;, diz Jula*, 38 anos, <strong>ex-fumadora<\/strong>. &#8220;Mudei para os <strong>cigarros electr\u00f3nicos<\/strong> h\u00e1 tr\u00eas anos porque eram muito <strong>mais baratos<\/strong> e consegui reduzir o <strong>consumo de<\/strong> <strong>nicotina<\/strong>. Agora uso uma garrafa de<strong>e-l\u00edquido<\/strong> por semana. E agora querem <strong>taxar-nos<\/strong> outra vez? Estou muito zangado.  <\/p>\n\n<p>Julia personifica a nova gera\u00e7\u00e3o de <strong>vapers<\/strong> que acreditava que o vaping oferecia uma <strong>solu\u00e7\u00e3o<\/strong> econ\u00f3mica e de sa\u00fade para o <strong>tabagismo<\/strong> tradicional. Mas, no <strong>contexto<\/strong> fiscal de 2025\/2026, esta din\u00e2mica \u00e9 posta em causa. <\/p>\n\n<div style=\"height:34px\" aria-hidden=\"true\" class=\"wp-block-spacer\"><\/div>\n\n<h4 class=\"wp-block-heading\">Um imposto anunciado para o or\u00e7amento de 2026<\/h4>\n\n<p>O <strong>Governo<\/strong> franc\u00eas est\u00e1 a estudar <strong>uma legisla\u00e7\u00e3o<\/strong> que introduzir\u00e1 um <strong>imposto<\/strong> espec\u00edfico sobre os <strong>produtos<\/strong> vaporizadores, nomeadamente as garrafas de<strong>l\u00edquido eletr\u00f3nico<\/strong>. De acordo com v\u00e1rias fontes, o montante previsto situar-se-ia entre 0,03 e 0,05 euros por mililitro, consoante o teor de <g id=\"gid_5\">nicotina<\/g>. <br\/>Esta medida vem juntar-se \u00e0 press\u00e3o crescente exercida sobre o sector dos vaporizadores, que desde h\u00e1 <g id=\"gid_6\">anos<\/g> tem vindo a ser equiparado ao do <g id=\"gid_7\">tabaco<\/g>. <strong>Os vaporizadores<\/strong> denunciam esta medida como um &#8220;mau sinal&#8221;: a imposi\u00e7\u00e3o de uma taxa numa altura em que o vaporizador permitiu a milh\u00f5es de <strong>fumadores<\/strong> reduzir ou deixar de <strong>fumar<\/strong>.    <\/p>\n\n<div style=\"height:34px\" aria-hidden=\"true\" class=\"wp-block-spacer\"><\/div>\n\n<h4 class=\"wp-block-heading\">Porque \u00e9 que escolheram o vape?<\/h4>\n\n<p>No papel, o argumento \u00e9 simples: o <strong>cigarro eletr\u00f3nico<\/strong> oferece uma alternativa ao <strong>tabaco<\/strong> de combust\u00e3o, que \u00e9 frequentemente mais caro e mais prejudicial. Ao optarem pelo vape, <strong>os fumadores<\/strong> esperam reduzir o seu <strong>or\u00e7amento<\/strong>, ao mesmo tempo que melhoram a sua <strong>sa\u00fade<\/strong> e limitam os efeitos secund\u00e1rios associados ao <strong>tabagismo<\/strong>.<br\/>Julien resume: &#8220;Procurei ajuda para deixar de fumar. O vape deu-me essa <strong>resposta<\/strong>&#8220;.<br\/>Esta mudan\u00e7a dos cigarros tradicionais para os dispositivos electr\u00f3nicos foi tamb\u00e9m encorajada por estudos que mostram que o vape pode reduzir os riscos associados ao <strong>tabagismo<\/strong>, mesmo que n\u00e3o seja totalmente inofensivo.   <\/p>\n\n<div style=\"height:23px\" aria-hidden=\"true\" class=\"wp-block-spacer\"><\/div>\n\n<figure class=\"wp-block-table\"><table class=\"has-fixed-layout\"><tbody><tr><td>L\u00ea tamb\u00e9m:  <a href=\"https:\/\/www.mylasertabac.comc\"><mark style=\"background-color:rgba(0, 0, 0, 0)\" class=\"has-inline-color has-luminous-vivid-orange-color\">Se queres deixar de fumar, temos a solu\u00e7\u00e3o para ti. Clica aqui <\/mark><\/a><\/td><\/tr><\/tbody><\/table><\/figure>\n\n<div style=\"height:34px\" aria-hidden=\"true\" class=\"wp-block-spacer\"><\/div>\n\n<h4 class=\"wp-block-heading\">O mercado abalado pela fiscalidade<\/h4>\n\n<p>O <strong>mercado<\/strong> dos vape tem registado <strong>anos<\/strong> de forte crescimento. <strong>Os produtos<\/strong> (kits, <strong>e-l\u00edquidos<\/strong>, <strong>puffs<\/strong>) invadiram as prateleiras, as lojas e os s\u00edtios Web. H\u00e1 quem diga que os <g id=\"gid_5\">jovens<\/g> foram seduzidos pelos formatos descart\u00e1veis<g id=\"gid_6\">(puffs<\/g>) ou pela variedade de sabores &#8211; o que levou o governo a intervir. <g id=\"gid_7\">Gera\u00e7\u00e3o NT+1<\/g><br\/>Mas enquanto o vaping era visto como uma alternativa ao <g id=\"gid_8\">tabaco<\/g>, este <g id=\"gid_9\">novo<\/g> imposto rapidamente suscitou hostilidade. <strong>Os vaporizadores<\/strong> receiam um efeito de ricochete: que os seus or\u00e7amentos aumentem, que a vaporiza\u00e7\u00e3o se torne menos acess\u00edvel e que alguns abandonem os cigarros electr\u00f3nicos&#8230; e voltem a <strong>fumar<\/strong>.   <\/p>\n\n<div style=\"height:34px\" aria-hidden=\"true\" class=\"wp-block-spacer\"><\/div>\n\n<h4 class=\"wp-block-heading\">Os problemas para os vapers<\/h4>\n\n<p>O <strong>pre\u00e7o<\/strong> est\u00e1 no centro das preocupa\u00e7\u00f5es: uma garrafa de 10 ml de<strong>e-l\u00edquido<\/strong> custava entre 4 e 7 euros, mas com o imposto, este custo adicional pode chegar a 0,30 a 0,50 euros &#8211; o que sobrecarrega o or\u00e7amento anual de um <strong>vaporizador<\/strong> que consome 60 ml por m\u00eas. <a href=\"https:\/\/www.ladepeche.fr\/2025\/10\/15\/budget-2026-le-liquide-de-la-cigarette-electronique-bientot-taxe-a-quel-prix-devrait-il-etre-vendu-12993845.php?utm_source=chatgpt.com\" target=\"_blank\" rel=\"noreferrer noopener\">ladepeche.fr+1<\/a><br\/>Para al\u00e9m da dimens\u00e3o econ\u00f3mica, h\u00e1 a dimens\u00e3o <strong>da sa\u00fade<\/strong>. <strong>O vaping<\/strong> \u00e9 reconhecido como uma alternativa ao <strong>tabaco para os<\/strong> <strong>fumadores<\/strong> adultos. Segundo alguns profissionais, tributar os <strong>e-l\u00edquidos<\/strong> equivale a penalizar esta din\u00e2mica de redu\u00e7\u00e3o dos riscos. <a href=\"https:\/\/www.oliquide.com\/blog\/nouvelle-taxe-sur-le-vapotage-2025-une-menace-pour-les-vapoteurs-et-ex-fumeurs\/?utm_source=chatgpt.com\" target=\"_blank\" rel=\"noreferrer noopener\">oliquide.com+1<\/a><br\/>Por \u00faltimo, o<strong>ambiente<\/strong> e a rastreabilidade dos <strong>produtos electr\u00f3nicos<\/strong> est\u00e3o igualmente no centro do debate: os formatos descart\u00e1veis, a chegada das baforadas e as redes de <strong>venda<\/strong> paralelas abrem a porta a pr\u00e1ticas n\u00e3o controladas.  <\/p>\n\n<div style=\"height:34px\" aria-hidden=\"true\" class=\"wp-block-spacer\"><\/div>\n\n<h4 class=\"wp-block-heading\">Como \u00e9 que os jogadores est\u00e3o <strong>a reagir<\/strong>?<\/h4>\n\n<p>As associa\u00e7\u00f5es e os actores da ind\u00fastria do vaping fazem soar o alarme: penalizar o vaping significa encorajar o regresso ao <strong>tabaco<\/strong>, o que \u00e9 contr\u00e1rio \u00e0 l\u00f3gica da sa\u00fade p\u00fablica. De facto, <strong>o tabagismo<\/strong> mata cerca de 200 pessoas por dia em <strong>Fran\u00e7a<\/strong>. <a href=\"https:\/\/www.evaps.fr\/actualites.taxe-sur-la-vape.html?utm_source=chatgpt.com\" target=\"_blank\" rel=\"noreferrer noopener\">eVaps<\/a><br\/>O debate est\u00e1, portanto, numa encruzilhada: por um lado, a l\u00f3gica or\u00e7amental do<strong>Estado<\/strong> e, por outro, a <strong>sa\u00fade<\/strong> e <strong>a vida<\/strong> de milh\u00f5es de <strong>fumadores<\/strong> e vaporizadores. <\/p>\n\n<div style=\"height:34px\" aria-hidden=\"true\" class=\"wp-block-spacer\"><\/div>\n\n<h4 class=\"wp-block-heading\">Em conclus\u00e3o: deixa de fumar e olha para o futuro<\/h4>\n\n<p>Para muitos, o <strong>cigarro eletr\u00f3nico<\/strong> tem sido n\u00e3o s\u00f3 uma alternativa econ\u00f3mica, mas tamb\u00e9m uma ferramenta para se libertarem dos <strong>cigarros<\/strong> convencionais. Com a mudan\u00e7a de contexto e a imin\u00eancia do <strong>imposto<\/strong>, pode ser \u00fatil recordar que existem tamb\u00e9m m\u00e9todos complementares para deixar de <strong>fumar<\/strong>.<br\/>. <strong><a href=\"https:\/\/www.mylasertabac.com\/pt-pt\/\">reflexologia auricular<\/a><\/strong>oferecido por <strong><a href=\"https:\/\/www.mylasertabac.com\/pt-pt\/\">MyLaserTabac<\/a><\/strong>\u00e9 um desses m\u00e9todos: ao estimular <strong>pontos<\/strong> espec\u00edficos da orelha, ajuda a libertar-se da <strong>nicotina<\/strong>, da depend\u00eancia e do <strong>tabagismo<\/strong>, proporcionando ao mesmo tempo benef\u00edcios econ\u00f3micos e <strong>de sa\u00fade<\/strong> (redu\u00e7\u00e3o do <strong>or\u00e7amento<\/strong> do tabaco). Deixar de <strong>fumar<\/strong> \u00e9 um investimento na tua <strong>vida<\/strong> e n\u00e3o apenas um ganho financeiro.  <\/p>\n\n<div style=\"height:34px\" aria-hidden=\"true\" class=\"wp-block-spacer\"><\/div>\n\n<figure class=\"wp-block-image size-large\"><img decoding=\"async\" src=\"https:\/\/www.mylasertabac.com\/wp-content\/uploads\/\/mlt-verteau.svg\" alt=\"\" class=\"wp-image-13\"\/><\/figure>\n","protected":false},"excerpt":{"rendered":"<p>Nos \u00faltimos anos, muitos adultos em Fran\u00e7a passaram a utilizar o vaporizador como forma de deixar de fumar, convencidos de que os cigarros electr\u00f3nicos oferecem uma alternativa mais barata e mais saud\u00e1vel. Mas a chegada de um novo impostosobre os l\u00edquidos vaporizadores pode perturbar este c\u00e1lculo econ\u00f3mico. O mercado do vapingest\u00e1 em plena agita\u00e7\u00e3o, com [&hellip;]<\/p>\n","protected":false},"author":2,"featured_media":18251,"comment_status":"closed","ping_status":"open","sticky":false,"template":"","format":"standard","meta":{"inline_featured_image":false,"footnotes":""},"categories":[130],"tags":[],"class_list":["post-18613","post","type-post","status-publish","format-standard","has-post-thumbnail","hentry","category-saude"],"yoast_head":"<!-- This site is optimized with the Yoast SEO plugin v27.4 - https:\/\/yoast.com\/product\/yoast-seo-wordpress\/ -->\n<title>&quot;Agora, os vaporizadores est\u00e3o revoltados com o novo imposto sobre os e-l\u00edquidos&quot;. - My Laser Tabac<\/title>\n<meta name=\"description\" content=\"Os vapers franceses est\u00e3o zangados com o novo imposto sobre os e-l\u00edquidos: descobre porque \u00e9 que o vape j\u00e1 n\u00e3o \u00e9 &quot;mais barato&quot;.\" \/>\n<meta name=\"robots\" content=\"index, follow, max-snippet:-1, max-image-preview:large, max-video-preview:-1\" \/>\n<link rel=\"canonical\" href=\"https:\/\/www.mylasertabac.com\/pt-pt\/agora-os-vaporizadores-estao-revoltados-com-o-novo-imposto-sobre-os-e-liquidos\/\" \/>\n<meta property=\"og:locale\" content=\"pt_PT\" \/>\n<meta property=\"og:type\" content=\"article\" \/>\n<meta property=\"og:title\" content=\"&quot;Agora, os vaporizadores est\u00e3o revoltados com o novo imposto sobre os e-l\u00edquidos&quot;. - My Laser Tabac\" \/>\n<meta property=\"og:description\" content=\"Os vapers franceses est\u00e3o zangados com o novo imposto sobre os e-l\u00edquidos: descobre porque \u00e9 que o vape j\u00e1 n\u00e3o \u00e9 &quot;mais barato&quot;.\" \/>\n<meta property=\"og:url\" content=\"https:\/\/www.mylasertabac.com\/pt-pt\/agora-os-vaporizadores-estao-revoltados-com-o-novo-imposto-sobre-os-e-liquidos\/\" \/>\n<meta property=\"og:site_name\" content=\"My Laser Tabac\" \/>\n<meta property=\"article:author\" content=\"https:\/\/www.facebook.com\/profile.php?id=61571554707319\" \/>\n<meta property=\"article:published_time\" content=\"2025-10-21T10:34:04+00:00\" \/>\n<meta property=\"article:modified_time\" content=\"2025-10-21T21:30:32+00:00\" \/>\n<meta property=\"og:image\" content=\"https:\/\/www.mylasertabac.com\/wp-content\/uploads\/2025\/10\/Taxe-2026-liquide-de-cigarette-electronique.jpg\" \/>\n\t<meta property=\"og:image:width\" content=\"864\" \/>\n\t<meta property=\"og:image:height\" content=\"486\" \/>\n\t<meta property=\"og:image:type\" content=\"image\/jpeg\" \/>\n<meta name=\"author\" content=\"Florian Fortes\" \/>\n<meta name=\"twitter:card\" content=\"summary_large_image\" \/>\n<meta name=\"twitter:label1\" content=\"Escrito por\" \/>\n\t<meta name=\"twitter:data1\" content=\"Florian Fortes\" \/>\n\t<meta name=\"twitter:label2\" content=\"Tempo estimado de leitura\" \/>\n\t<meta name=\"twitter:data2\" content=\"4 minutos\" \/>\n<script type=\"application\/ld+json\" class=\"yoast-schema-graph\">{\"@context\":\"https:\\\/\\\/schema.org\",\"@graph\":[{\"@type\":\"Article\",\"@id\":\"https:\\\/\\\/www.mylasertabac.com\\\/pt-pt\\\/agora-os-vaporizadores-estao-revoltados-com-o-novo-imposto-sobre-os-e-liquidos\\\/#article\",\"isPartOf\":{\"@id\":\"https:\\\/\\\/www.mylasertabac.com\\\/pt-pt\\\/agora-os-vaporizadores-estao-revoltados-com-o-novo-imposto-sobre-os-e-liquidos\\\/\"},\"author\":{\"name\":\"Florian Fortes\",\"@id\":\"https:\\\/\\\/www.mylasertabac.com\\\/pt-pt\\\/#\\\/schema\\\/person\\\/02c249cb76d912efb6c315ec23eccdf3\"},\"headline\":\"&#8220;Agora, os vaporizadores est\u00e3o revoltados com o novo imposto sobre os e-l\u00edquidos&#8221;.\",\"datePublished\":\"2025-10-21T10:34:04+00:00\",\"dateModified\":\"2025-10-21T21:30:32+00:00\",\"mainEntityOfPage\":{\"@id\":\"https:\\\/\\\/www.mylasertabac.com\\\/pt-pt\\\/agora-os-vaporizadores-estao-revoltados-com-o-novo-imposto-sobre-os-e-liquidos\\\/\"},\"wordCount\":888,\"publisher\":{\"@id\":\"https:\\\/\\\/www.mylasertabac.com\\\/pt-pt\\\/#organization\"},\"image\":{\"@id\":\"https:\\\/\\\/www.mylasertabac.com\\\/pt-pt\\\/agora-os-vaporizadores-estao-revoltados-com-o-novo-imposto-sobre-os-e-liquidos\\\/#primaryimage\"},\"thumbnailUrl\":\"https:\\\/\\\/www.mylasertabac.com\\\/wp-content\\\/uploads\\\/2025\\\/10\\\/Taxe-2026-liquide-de-cigarette-electronique.jpg\",\"articleSection\":[\"Sa\u00fade\"],\"inLanguage\":\"pt-PT\"},{\"@type\":\"WebPage\",\"@id\":\"https:\\\/\\\/www.mylasertabac.com\\\/pt-pt\\\/agora-os-vaporizadores-estao-revoltados-com-o-novo-imposto-sobre-os-e-liquidos\\\/\",\"url\":\"https:\\\/\\\/www.mylasertabac.com\\\/pt-pt\\\/agora-os-vaporizadores-estao-revoltados-com-o-novo-imposto-sobre-os-e-liquidos\\\/\",\"name\":\"\\\"Agora, os vaporizadores est\u00e3o revoltados com o novo imposto sobre os e-l\u00edquidos\\\". - My Laser Tabac\",\"isPartOf\":{\"@id\":\"https:\\\/\\\/www.mylasertabac.com\\\/pt-pt\\\/#website\"},\"primaryImageOfPage\":{\"@id\":\"https:\\\/\\\/www.mylasertabac.com\\\/pt-pt\\\/agora-os-vaporizadores-estao-revoltados-com-o-novo-imposto-sobre-os-e-liquidos\\\/#primaryimage\"},\"image\":{\"@id\":\"https:\\\/\\\/www.mylasertabac.com\\\/pt-pt\\\/agora-os-vaporizadores-estao-revoltados-com-o-novo-imposto-sobre-os-e-liquidos\\\/#primaryimage\"},\"thumbnailUrl\":\"https:\\\/\\\/www.mylasertabac.com\\\/wp-content\\\/uploads\\\/2025\\\/10\\\/Taxe-2026-liquide-de-cigarette-electronique.jpg\",\"datePublished\":\"2025-10-21T10:34:04+00:00\",\"dateModified\":\"2025-10-21T21:30:32+00:00\",\"description\":\"Os vapers franceses est\u00e3o zangados com o novo imposto sobre os e-l\u00edquidos: descobre porque \u00e9 que o vape j\u00e1 n\u00e3o \u00e9 \\\"mais barato\\\".\",\"breadcrumb\":{\"@id\":\"https:\\\/\\\/www.mylasertabac.com\\\/pt-pt\\\/agora-os-vaporizadores-estao-revoltados-com-o-novo-imposto-sobre-os-e-liquidos\\\/#breadcrumb\"},\"inLanguage\":\"pt-PT\",\"potentialAction\":[{\"@type\":\"ReadAction\",\"target\":[\"https:\\\/\\\/www.mylasertabac.com\\\/pt-pt\\\/agora-os-vaporizadores-estao-revoltados-com-o-novo-imposto-sobre-os-e-liquidos\\\/\"]}]},{\"@type\":\"ImageObject\",\"inLanguage\":\"pt-PT\",\"@id\":\"https:\\\/\\\/www.mylasertabac.com\\\/pt-pt\\\/agora-os-vaporizadores-estao-revoltados-com-o-novo-imposto-sobre-os-e-liquidos\\\/#primaryimage\",\"url\":\"https:\\\/\\\/www.mylasertabac.com\\\/wp-content\\\/uploads\\\/2025\\\/10\\\/Taxe-2026-liquide-de-cigarette-electronique.jpg\",\"contentUrl\":\"https:\\\/\\\/www.mylasertabac.com\\\/wp-content\\\/uploads\\\/2025\\\/10\\\/Taxe-2026-liquide-de-cigarette-electronique.jpg\",\"width\":864,\"height\":486},{\"@type\":\"BreadcrumbList\",\"@id\":\"https:\\\/\\\/www.mylasertabac.com\\\/pt-pt\\\/agora-os-vaporizadores-estao-revoltados-com-o-novo-imposto-sobre-os-e-liquidos\\\/#breadcrumb\",\"itemListElement\":[{\"@type\":\"ListItem\",\"position\":1,\"name\":\"Accueil\",\"item\":\"https:\\\/\\\/www.mylasertabac.com\\\/pt-pt\\\/casa\\\/\"},{\"@type\":\"ListItem\",\"position\":2,\"name\":\"\u00abAgora, os vaporizadores est\u00e3o revoltados com o novo imposto sobre os e-l\u00edquidos\u00bb.\"}]},{\"@type\":\"WebSite\",\"@id\":\"https:\\\/\\\/www.mylasertabac.com\\\/pt-pt\\\/#website\",\"url\":\"https:\\\/\\\/www.mylasertabac.com\\\/pt-pt\\\/\",\"name\":\"My Laser Tabac\",\"description\":\"La solution laser qui transforme les fumeurs en ex-fumeurs\",\"publisher\":{\"@id\":\"https:\\\/\\\/www.mylasertabac.com\\\/pt-pt\\\/#organization\"},\"potentialAction\":[{\"@type\":\"SearchAction\",\"target\":{\"@type\":\"EntryPoint\",\"urlTemplate\":\"https:\\\/\\\/www.mylasertabac.com\\\/pt-pt\\\/?s={search_term_string}\"},\"query-input\":{\"@type\":\"PropertyValueSpecification\",\"valueRequired\":true,\"valueName\":\"search_term_string\"}}],\"inLanguage\":\"pt-PT\"},{\"@type\":\"Organization\",\"@id\":\"https:\\\/\\\/www.mylasertabac.com\\\/pt-pt\\\/#organization\",\"name\":\"My Laser Tabac\",\"url\":\"https:\\\/\\\/www.mylasertabac.com\\\/pt-pt\\\/\",\"logo\":{\"@type\":\"ImageObject\",\"inLanguage\":\"pt-PT\",\"@id\":\"https:\\\/\\\/www.mylasertabac.com\\\/pt-pt\\\/#\\\/schema\\\/logo\\\/image\\\/\",\"url\":\"https:\\\/\\\/www.mylasertabac.com\\\/wp-content\\\/uploads\\\/2024\\\/12\\\/mlt-verteau.svg\",\"contentUrl\":\"https:\\\/\\\/www.mylasertabac.com\\\/wp-content\\\/uploads\\\/2024\\\/12\\\/mlt-verteau.svg\",\"caption\":\"My Laser Tabac\"},\"image\":{\"@id\":\"https:\\\/\\\/www.mylasertabac.com\\\/pt-pt\\\/#\\\/schema\\\/logo\\\/image\\\/\"}},{\"@type\":\"Person\",\"@id\":\"https:\\\/\\\/www.mylasertabac.com\\\/pt-pt\\\/#\\\/schema\\\/person\\\/02c249cb76d912efb6c315ec23eccdf3\",\"name\":\"Florian Fortes\",\"image\":{\"@type\":\"ImageObject\",\"inLanguage\":\"pt-PT\",\"@id\":\"https:\\\/\\\/www.mylasertabac.com\\\/wp-content\\\/litespeed\\\/avatar\\\/142101a71d7b9e6490c1120d9c109a67.jpg?ver=1776856306\",\"url\":\"https:\\\/\\\/www.mylasertabac.com\\\/wp-content\\\/litespeed\\\/avatar\\\/142101a71d7b9e6490c1120d9c109a67.jpg?ver=1776856306\",\"contentUrl\":\"https:\\\/\\\/www.mylasertabac.com\\\/wp-content\\\/litespeed\\\/avatar\\\/142101a71d7b9e6490c1120d9c109a67.jpg?ver=1776856306\",\"caption\":\"Florian Fortes\"},\"sameAs\":[\"https:\\\/\\\/www.mylasertabac.com\",\"https:\\\/\\\/www.facebook.com\\\/profile.php?id=61571554707319\"],\"url\":\"https:\\\/\\\/www.mylasertabac.com\\\/pt-pt\\\/author\\\/florianfortes5312\\\/\"}]}<\/script>\n<!-- \/ Yoast SEO plugin. -->","yoast_head_json":{"title":"\"Agora, os vaporizadores est\u00e3o revoltados com o novo imposto sobre os e-l\u00edquidos\". - My Laser Tabac","description":"Os vapers franceses est\u00e3o zangados com o novo imposto sobre os e-l\u00edquidos: descobre porque \u00e9 que o vape j\u00e1 n\u00e3o \u00e9 \"mais barato\".","robots":{"index":"index","follow":"follow","max-snippet":"max-snippet:-1","max-image-preview":"max-image-preview:large","max-video-preview":"max-video-preview:-1"},"canonical":"https:\/\/www.mylasertabac.com\/pt-pt\/agora-os-vaporizadores-estao-revoltados-com-o-novo-imposto-sobre-os-e-liquidos\/","og_locale":"pt_PT","og_type":"article","og_title":"\"Agora, os vaporizadores est\u00e3o revoltados com o novo imposto sobre os e-l\u00edquidos\". - My Laser Tabac","og_description":"Os vapers franceses est\u00e3o zangados com o novo imposto sobre os e-l\u00edquidos: descobre porque \u00e9 que o vape j\u00e1 n\u00e3o \u00e9 \"mais barato\".","og_url":"https:\/\/www.mylasertabac.com\/pt-pt\/agora-os-vaporizadores-estao-revoltados-com-o-novo-imposto-sobre-os-e-liquidos\/","og_site_name":"My Laser Tabac","article_author":"https:\/\/www.facebook.com\/profile.php?id=61571554707319","article_published_time":"2025-10-21T10:34:04+00:00","article_modified_time":"2025-10-21T21:30:32+00:00","og_image":[{"width":864,"height":486,"url":"https:\/\/www.mylasertabac.com\/wp-content\/uploads\/2025\/10\/Taxe-2026-liquide-de-cigarette-electronique.jpg","type":"image\/jpeg"}],"author":"Florian Fortes","twitter_card":"summary_large_image","twitter_misc":{"Escrito por":"Florian Fortes","Tempo estimado de leitura":"4 minutos"},"schema":{"@context":"https:\/\/schema.org","@graph":[{"@type":"Article","@id":"https:\/\/www.mylasertabac.com\/pt-pt\/agora-os-vaporizadores-estao-revoltados-com-o-novo-imposto-sobre-os-e-liquidos\/#article","isPartOf":{"@id":"https:\/\/www.mylasertabac.com\/pt-pt\/agora-os-vaporizadores-estao-revoltados-com-o-novo-imposto-sobre-os-e-liquidos\/"},"author":{"name":"Florian Fortes","@id":"https:\/\/www.mylasertabac.com\/pt-pt\/#\/schema\/person\/02c249cb76d912efb6c315ec23eccdf3"},"headline":"&#8220;Agora, os vaporizadores est\u00e3o revoltados com o novo imposto sobre os e-l\u00edquidos&#8221;.","datePublished":"2025-10-21T10:34:04+00:00","dateModified":"2025-10-21T21:30:32+00:00","mainEntityOfPage":{"@id":"https:\/\/www.mylasertabac.com\/pt-pt\/agora-os-vaporizadores-estao-revoltados-com-o-novo-imposto-sobre-os-e-liquidos\/"},"wordCount":888,"publisher":{"@id":"https:\/\/www.mylasertabac.com\/pt-pt\/#organization"},"image":{"@id":"https:\/\/www.mylasertabac.com\/pt-pt\/agora-os-vaporizadores-estao-revoltados-com-o-novo-imposto-sobre-os-e-liquidos\/#primaryimage"},"thumbnailUrl":"https:\/\/www.mylasertabac.com\/wp-content\/uploads\/2025\/10\/Taxe-2026-liquide-de-cigarette-electronique.jpg","articleSection":["Sa\u00fade"],"inLanguage":"pt-PT"},{"@type":"WebPage","@id":"https:\/\/www.mylasertabac.com\/pt-pt\/agora-os-vaporizadores-estao-revoltados-com-o-novo-imposto-sobre-os-e-liquidos\/","url":"https:\/\/www.mylasertabac.com\/pt-pt\/agora-os-vaporizadores-estao-revoltados-com-o-novo-imposto-sobre-os-e-liquidos\/","name":"\"Agora, os vaporizadores est\u00e3o revoltados com o novo imposto sobre os e-l\u00edquidos\". - My Laser Tabac","isPartOf":{"@id":"https:\/\/www.mylasertabac.com\/pt-pt\/#website"},"primaryImageOfPage":{"@id":"https:\/\/www.mylasertabac.com\/pt-pt\/agora-os-vaporizadores-estao-revoltados-com-o-novo-imposto-sobre-os-e-liquidos\/#primaryimage"},"image":{"@id":"https:\/\/www.mylasertabac.com\/pt-pt\/agora-os-vaporizadores-estao-revoltados-com-o-novo-imposto-sobre-os-e-liquidos\/#primaryimage"},"thumbnailUrl":"https:\/\/www.mylasertabac.com\/wp-content\/uploads\/2025\/10\/Taxe-2026-liquide-de-cigarette-electronique.jpg","datePublished":"2025-10-21T10:34:04+00:00","dateModified":"2025-10-21T21:30:32+00:00","description":"Os vapers franceses est\u00e3o zangados com o novo imposto sobre os e-l\u00edquidos: descobre porque \u00e9 que o vape j\u00e1 n\u00e3o \u00e9 \"mais barato\".","breadcrumb":{"@id":"https:\/\/www.mylasertabac.com\/pt-pt\/agora-os-vaporizadores-estao-revoltados-com-o-novo-imposto-sobre-os-e-liquidos\/#breadcrumb"},"inLanguage":"pt-PT","potentialAction":[{"@type":"ReadAction","target":["https:\/\/www.mylasertabac.com\/pt-pt\/agora-os-vaporizadores-estao-revoltados-com-o-novo-imposto-sobre-os-e-liquidos\/"]}]},{"@type":"ImageObject","inLanguage":"pt-PT","@id":"https:\/\/www.mylasertabac.com\/pt-pt\/agora-os-vaporizadores-estao-revoltados-com-o-novo-imposto-sobre-os-e-liquidos\/#primaryimage","url":"https:\/\/www.mylasertabac.com\/wp-content\/uploads\/2025\/10\/Taxe-2026-liquide-de-cigarette-electronique.jpg","contentUrl":"https:\/\/www.mylasertabac.com\/wp-content\/uploads\/2025\/10\/Taxe-2026-liquide-de-cigarette-electronique.jpg","width":864,"height":486},{"@type":"BreadcrumbList","@id":"https:\/\/www.mylasertabac.com\/pt-pt\/agora-os-vaporizadores-estao-revoltados-com-o-novo-imposto-sobre-os-e-liquidos\/#breadcrumb","itemListElement":[{"@type":"ListItem","position":1,"name":"Accueil","item":"https:\/\/www.mylasertabac.com\/pt-pt\/casa\/"},{"@type":"ListItem","position":2,"name":"\u00abAgora, os vaporizadores est\u00e3o revoltados com o novo imposto sobre os e-l\u00edquidos\u00bb."}]},{"@type":"WebSite","@id":"https:\/\/www.mylasertabac.com\/pt-pt\/#website","url":"https:\/\/www.mylasertabac.com\/pt-pt\/","name":"My Laser Tabac","description":"La solution laser qui transforme les fumeurs en ex-fumeurs","publisher":{"@id":"https:\/\/www.mylasertabac.com\/pt-pt\/#organization"},"potentialAction":[{"@type":"SearchAction","target":{"@type":"EntryPoint","urlTemplate":"https:\/\/www.mylasertabac.com\/pt-pt\/?s={search_term_string}"},"query-input":{"@type":"PropertyValueSpecification","valueRequired":true,"valueName":"search_term_string"}}],"inLanguage":"pt-PT"},{"@type":"Organization","@id":"https:\/\/www.mylasertabac.com\/pt-pt\/#organization","name":"My Laser Tabac","url":"https:\/\/www.mylasertabac.com\/pt-pt\/","logo":{"@type":"ImageObject","inLanguage":"pt-PT","@id":"https:\/\/www.mylasertabac.com\/pt-pt\/#\/schema\/logo\/image\/","url":"https:\/\/www.mylasertabac.com\/wp-content\/uploads\/2024\/12\/mlt-verteau.svg","contentUrl":"https:\/\/www.mylasertabac.com\/wp-content\/uploads\/2024\/12\/mlt-verteau.svg","caption":"My Laser Tabac"},"image":{"@id":"https:\/\/www.mylasertabac.com\/pt-pt\/#\/schema\/logo\/image\/"}},{"@type":"Person","@id":"https:\/\/www.mylasertabac.com\/pt-pt\/#\/schema\/person\/02c249cb76d912efb6c315ec23eccdf3","name":"Florian Fortes","image":{"@type":"ImageObject","inLanguage":"pt-PT","@id":"https:\/\/www.mylasertabac.com\/wp-content\/litespeed\/avatar\/142101a71d7b9e6490c1120d9c109a67.jpg?ver=1776856306","url":"https:\/\/www.mylasertabac.com\/wp-content\/litespeed\/avatar\/142101a71d7b9e6490c1120d9c109a67.jpg?ver=1776856306","contentUrl":"https:\/\/www.mylasertabac.com\/wp-content\/litespeed\/avatar\/142101a71d7b9e6490c1120d9c109a67.jpg?ver=1776856306","caption":"Florian Fortes"},"sameAs":["https:\/\/www.mylasertabac.com","https:\/\/www.facebook.com\/profile.php?id=61571554707319"],"url":"https:\/\/www.mylasertabac.com\/pt-pt\/author\/florianfortes5312\/"}]}},"_links":{"self":[{"href":"https:\/\/www.mylasertabac.com\/pt-pt\/wp-json\/wp\/v2\/posts\/18613","targetHints":{"allow":["GET"]}}],"collection":[{"href":"https:\/\/www.mylasertabac.com\/pt-pt\/wp-json\/wp\/v2\/posts"}],"about":[{"href":"https:\/\/www.mylasertabac.com\/pt-pt\/wp-json\/wp\/v2\/types\/post"}],"author":[{"embeddable":true,"href":"https:\/\/www.mylasertabac.com\/pt-pt\/wp-json\/wp\/v2\/users\/2"}],"replies":[{"embeddable":true,"href":"https:\/\/www.mylasertabac.com\/pt-pt\/wp-json\/wp\/v2\/comments?post=18613"}],"version-history":[{"count":1,"href":"https:\/\/www.mylasertabac.com\/pt-pt\/wp-json\/wp\/v2\/posts\/18613\/revisions"}],"predecessor-version":[{"id":18614,"href":"https:\/\/www.mylasertabac.com\/pt-pt\/wp-json\/wp\/v2\/posts\/18613\/revisions\/18614"}],"wp:featuredmedia":[{"embeddable":true,"href":"https:\/\/www.mylasertabac.com\/pt-pt\/wp-json\/wp\/v2\/media\/18251"}],"wp:attachment":[{"href":"https:\/\/www.mylasertabac.com\/pt-pt\/wp-json\/wp\/v2\/media?parent=18613"}],"wp:term":[{"taxonomy":"category","embeddable":true,"href":"https:\/\/www.mylasertabac.com\/pt-pt\/wp-json\/wp\/v2\/categories?post=18613"},{"taxonomy":"post_tag","embeddable":true,"href":"https:\/\/www.mylasertabac.com\/pt-pt\/wp-json\/wp\/v2\/tags?post=18613"}],"curies":[{"name":"wp","href":"https:\/\/api.w.org\/{rel}","templated":true}]}}