{"id":18689,"date":"2025-10-26T10:25:40","date_gmt":"2025-10-26T09:25:40","guid":{"rendered":"https:\/\/www.mylasertabac.com\/perdas-fiscais-de-43-mil-milhoes-de-euros-porque-e-que-as-receitas-do-tabaco-estao-a-cair-em-franca\/"},"modified":"2025-10-26T10:27:10","modified_gmt":"2025-10-26T09:27:10","slug":"perdas-fiscais-de-43-mil-milhoes-de-euros-porque-e-que-as-receitas-do-tabaco-estao-a-cair-em-franca","status":"publish","type":"post","link":"https:\/\/www.mylasertabac.com\/pt-pt\/perdas-fiscais-de-43-mil-milhoes-de-euros-porque-e-que-as-receitas-do-tabaco-estao-a-cair-em-franca\/","title":{"rendered":"Perdas fiscais de 4,3 mil milh\u00f5es de euros: porque \u00e9 que as receitas do tabaco est\u00e3o a cair em Fran\u00e7a"},"content":{"rendered":"\n<p>\u00c9 um n\u00famero que faz Bercy tossir.<br\/>Em 2023, as receitas fiscais provenientes do <strong>tabaco<\/strong> diminu\u00edram <strong>4,3 mil milh\u00f5es de euros<\/strong>, um decl\u00ednio hist\u00f3rico para um sector que foi durante muito tempo considerado uma &#8220;vaca leiteira&#8221; para o or\u00e7amento.<br\/>Por detr\u00e1s deste n\u00famero, h\u00e1 uma constata\u00e7\u00e3o: os franceses continuam a fumar, mas j\u00e1 n\u00e3o compram os seus cigarros em Fran\u00e7a.<\/p>\n\n<p>Entre as compras transfronteiri\u00e7as, a explos\u00e3o do mercado paralelo e os novos h\u00e1bitos de consumo, a fiscalidade sobre o tabaco est\u00e1 a atravessar uma crise profunda.<br\/>O que \u00e9 que aconteceu realmente? E como explicas esta perda espantosa para o Estado? <\/p>\n\n<div style=\"height:22px\" aria-hidden=\"true\" class=\"wp-block-spacer\"><\/div>\n\n<h2 class=\"wp-block-heading\"><strong>Um pre\u00e7o que se tornou um impedimento&#8230; mas n\u00e3o para todos<\/strong><\/h2>\n\n<p>H\u00e1 v\u00e1rios anos que o governo franc\u00eas prossegue uma pol\u00edtica deliberada de <strong>fazer do tabaco um produto de luxo<\/strong>, aumentando regularmente os impostos.<br\/>O objetivo declarado \u00e9 reduzir o n\u00famero de fumadores, melhorar a sa\u00fade p\u00fablica e compensar os custos das doen\u00e7as relacionadas com o tabagismo.<\/p>\n\n<p>Resultado: um <strong>ma\u00e7o custava mais de 12 euros<\/strong> em algumas tabacarias, uma m\u00e9dia de cerca de 11 euros e um aumento constante.<br\/>Mas esta estrat\u00e9gia acabou por ter um efeito inesperado: em vez de deixarem de fumar, <strong>alguns consumidores mudaram simplesmente de ponto de compra.<\/strong><\/p>\n\n<div style=\"height:22px\" aria-hidden=\"true\" class=\"wp-block-spacer\"><\/div>\n\n<h2 class=\"wp-block-heading\"><strong>O apelo do estrangeiro: as fronteiras tornam-se buracos fiscais<\/strong><\/h2>\n\n<p>Com a subida dos pre\u00e7os em Fran\u00e7a, muitos fumadores voltam-se agora para os <strong>pa\u00edses vizinhos<\/strong>: Espanha, Luxemburgo, B\u00e9lgica, Alemanha e It\u00e1lia.<br\/>As diferen\u00e7as de pre\u00e7os s\u00e3o consider\u00e1veis: por vezes, <strong>at\u00e9 menos 4 euros por ma\u00e7o<\/strong>.<\/p>\n\n<p>A partir de 2023, a situa\u00e7\u00e3o mudou de novo com a nova <strong>diretiva europeia<\/strong> que autoriza os viajantes a trazerem <strong>at\u00e9 4 caixas<\/strong>, ou seja, <strong>800 cigarros<\/strong>, de outro pa\u00eds membro da Uni\u00e3o Europeia.<br\/>Uma decis\u00e3o legal, mas catastr\u00f3fica para o Tesouro franc\u00eas: milh\u00f5es de fumadores compram agora os seus produtos no estrangeiro, por vezes v\u00e1rias vezes por ano, de forma totalmente legal.<\/p>\n\n<p>Para muitas pessoas, o c\u00e1lculo \u00e9 f\u00e1cil.<br\/>Uma viagem de carro de ida e volta a Espanha ou ao Luxemburgo permite poupar v\u00e1rias centenas de euros.<br\/>Resultado: o consumo de tabaco n\u00e3o diminui, mas <strong>as receitas fiscais evaporam-se<\/strong>.<\/p>\n\n<div style=\"height:22px\" aria-hidden=\"true\" class=\"wp-block-spacer\"><\/div>\n\n<figure class=\"wp-block-table\"><table class=\"has-fixed-layout\"><tbody><tr><td>L\u00ea tamb\u00e9m: <a href=\"https:\/\/www.mylasertabac.com\/pt-pt\/qual-sera-o-preco-dos-cigarros-em-espanha-em-agosto-de-2025\/\">Quanto custar\u00e3o os cigarros em Espanha em 2025?<\/a><\/td><\/tr><\/tbody><\/table><\/figure>\n\n<div style=\"height:22px\" aria-hidden=\"true\" class=\"wp-block-spacer\"><\/div>\n\n<h2 class=\"wp-block-heading\"><strong>Tabacarias na linha da frente<\/strong><\/h2>\n\n<p><strong>Os tabaqueiros franceses<\/strong> s\u00e3o os primeiros a aperceberem-se desta mudan\u00e7a.<br\/>As vendas em Fran\u00e7a diminuem de ano para ano, amea\u00e7ando milhares de lojas locais.<br\/>Alguns estimam que quase <strong>30% do tabaco consumido em Fran\u00e7a<\/strong> prov\u00e9m atualmente do estrangeiro ou do mercado paralelo.<\/p>\n\n<p>&#8220;Os nossos clientes n\u00e3o est\u00e3o a fumar menos, est\u00e3o a fumar de forma diferente&#8221;, diz uma tabacaria da Als\u00e1cia.<br\/>&#8220;Aqueles que t\u00eam uma fronteira a menos de uma hora de dist\u00e2ncia j\u00e1 n\u00e3o compram nada aqui. N\u00e3o podemos competir com os pre\u00e7os do Luxemburgo&#8221;.<\/p>\n\n<p>Perante esta situa\u00e7\u00e3o, a ind\u00fastria apela a uma <strong>harmoniza\u00e7\u00e3o europeia dos<\/strong> impostos sobre o tabaco.<br\/>Mas esta perspetiva est\u00e1 ainda longe de ser concretizada: cada pa\u00eds defende os seus pr\u00f3prios interesses econ\u00f3micos e sociais.<\/p>\n\n<div style=\"height:22px\" aria-hidden=\"true\" class=\"wp-block-spacer\"><\/div>\n\n<figure class=\"wp-block-image alignright size-full is-resized\"><img fetchpriority=\"high\" decoding=\"async\" width=\"864\" height=\"486\" src=\"https:\/\/www.mylasertabac.com\/wp-content\/uploads\/2025\/10\/Taxe-2026-liquide-de-cigarette-electronique.jpg\" alt=\"\" class=\"wp-image-18245\" style=\"width:471px;height:auto\" srcset=\"https:\/\/www.mylasertabac.com\/wp-content\/uploads\/2025\/10\/Taxe-2026-liquide-de-cigarette-electronique.jpg 864w, https:\/\/www.mylasertabac.com\/wp-content\/uploads\/2025\/10\/Taxe-2026-liquide-de-cigarette-electronique-300x169.jpg 300w, https:\/\/www.mylasertabac.com\/wp-content\/uploads\/2025\/10\/Taxe-2026-liquide-de-cigarette-electronique-768x432.jpg 768w\" sizes=\"(max-width: 864px) 100vw, 864px\" \/><\/figure>\n\n<h2 class=\"wp-block-heading\"><strong>A ascens\u00e3o do cigarro eletr\u00f3nico: entre a economia e a ilus\u00e3o<\/strong><\/h2>\n\n<p>Outro fen\u00f3meno not\u00e1vel \u00e9 o <strong>crescimento do vaping<\/strong>.<br\/>Muitos fumadores est\u00e3o a recorrer aos <strong>cigarros electr\u00f3nicos<\/strong>, n\u00e3o para deixarem de fumar, mas para <strong>gastarem menos<\/strong>.<br\/>Os e-l\u00edquidos, embora tributados, continuam a ser muito mais acess\u00edveis do que um ma\u00e7o de cigarros.<\/p>\n\n<p>O vaping atrai tamb\u00e9m uma gera\u00e7\u00e3o mais jovem, seduzida pela variedade de sabores e pela promessa de um &#8220;fumo mais saud\u00e1vel&#8221;.<br\/>Mas, na realidade, a nicotina continua l\u00e1 e o v\u00edcio mant\u00e9m-se.<br\/>Alguns especialistas sublinham mesmo que, para muitas pessoas, o cigarro eletr\u00f3nico se torna uma <strong>ponte entre dois v\u00edcios<\/strong>: deixar o tabaco por outro v\u00edcio.<\/p>\n\n<p>Embora possa ajudar algumas pessoas a reduzir o seu consumo, o cigarro eletr\u00f3nico n\u00e3o \u00e9 uma solu\u00e7\u00e3o duradoura para todos.<br\/>O <strong>custo mais baixo<\/strong> continua a ser o argumento n\u00famero um, muito \u00e0 frente da sa\u00fade e da abstin\u00eancia.<\/p>\n\n<div style=\"height:22px\" aria-hidden=\"true\" class=\"wp-block-spacer\"><\/div>\n\n<h2 class=\"wp-block-heading\"><strong>Um v\u00edcio que se move, n\u00e3o desaparece<\/strong><\/h2>\n\n<p>Esta situa\u00e7\u00e3o ilustra um paradoxo: a Fran\u00e7a tem menos fumadores &#8220;declarados&#8221;, mas <strong>a depend\u00eancia da nicotina continua<\/strong>a ser muito forte.<br\/>A necessidade de compensa\u00e7\u00e3o, de relaxamento ou de ritual continua profundamente enraizada.<\/p>\n\n<p>E \u00e9 aqui que come\u00e7am a surgir outras abordagens mais suaves e hol\u00edsticas, nomeadamente <strong><a href=\"https:\/\/www.mylasertabac.com\/pt-pt\/\">a reflexologia a laserdo ouvido<\/a><\/strong>.<\/p>\n\n<div style=\"height:30px\" aria-hidden=\"true\" class=\"wp-block-spacer\"><\/div>\n\n<figure class=\"wp-block-image alignleft size-large is-resized\"><a href=\"https:\/\/www.mylasertabac.com\/pt-pt\/os-nossos-centros\/\"><img decoding=\"async\" width=\"1024\" height=\"668\" src=\"https:\/\/www.mylasertabac.com\/wp-content\/uploads\/2025\/08\/tu-veux-arreter-de-fumer-Clique-ici--1024x668.jpg\" alt=\"\" class=\"wp-image-13752\" style=\"width:453px;height:auto\" srcset=\"https:\/\/www.mylasertabac.com\/wp-content\/uploads\/2025\/08\/tu-veux-arreter-de-fumer-Clique-ici--1024x668.jpg 1024w, https:\/\/www.mylasertabac.com\/wp-content\/uploads\/2025\/08\/tu-veux-arreter-de-fumer-Clique-ici--300x196.jpg 300w, https:\/\/www.mylasertabac.com\/wp-content\/uploads\/2025\/08\/tu-veux-arreter-de-fumer-Clique-ici--768x501.jpg 768w, https:\/\/www.mylasertabac.com\/wp-content\/uploads\/2025\/08\/tu-veux-arreter-de-fumer-Clique-ici-.jpg 1206w\" sizes=\"(max-width: 1024px) 100vw, 1024px\" \/><\/a><\/figure>\n\n<h2 class=\"wp-block-heading\"><strong>Laser anti-tabagismo: um m\u00e9todo suave que est\u00e1 a tornar-se cada vez mais popular<\/strong><\/h2>\n\n<p>Entre as alternativas naturais, o <strong>m\u00e9todo anti-tabaco a laser<\/strong> \u00e9 cada vez mais falado.<br\/>Inspirado na <strong>reflexologia auricular<\/strong>, consiste em estimular pontos precisos do pavilh\u00e3o auricular com um <strong>laser de baixa intensidade<\/strong>.<br\/>Esta estimula\u00e7\u00e3o envia uma mensagem ao sistema nervoso, favorecendo a liberta\u00e7\u00e3o de endorfinas e aliviando a sensa\u00e7\u00e3o de abstin\u00eancia.<\/p>\n\n<p>Ao contr\u00e1rio dos substitutos da nicotina, este m\u00e9todo <strong>n\u00e3o introduz qualquer subst\u00e2ncia no organismo<\/strong>.<br\/>Actua na <strong>regula\u00e7\u00e3o natural das depend\u00eancias<\/strong> e ajuda a <strong>reduzir o stress<\/strong>, que \u00e9 muitas vezes a causa das reca\u00eddas.<br\/>As sess\u00f5es, que s\u00e3o r\u00e1pidas e indolores, s\u00e3o vistas como um apoio hol\u00edstico ao corpo e \u00e0 mente, longe das solu\u00e7\u00f5es qu\u00edmicas ou punitivas.<\/p>\n\n<p>Cada vez mais profissionais se formam nesta abordagem, nomeadamente para a <strong>cessa\u00e7\u00e3o tab\u00e1gica<\/strong>, mas tamb\u00e9m para outras depend\u00eancias: <strong>a\u00e7\u00facar, \u00e1lcool, can\u00e1bis<\/strong> ou <strong>gest\u00e3o do stress<\/strong>.<br\/>\u00c9 um m\u00e9todo em plena expans\u00e3o, apoiado por testemunhos de clientes que afirmam ter recuperado a sua liberdade sem dor nem frustra\u00e7\u00e3o.<\/p>\n\n<div style=\"height:22px\" aria-hidden=\"true\" class=\"wp-block-spacer\"><\/div>\n\n<h2 class=\"wp-block-heading\"><strong>O papel das novas pr\u00e1ticas na sa\u00fade p\u00fablica<\/strong><\/h2>\n\n<p>Quando as pol\u00edticas fiscais atingem os seus limites, o <a href=\"https:\/\/www.mylasertabac.com\/pt-pt\/\"><strong>laser anti-tabagismo<\/strong> <\/a>e <strong>as abordagens naturais<\/strong> oferecem uma alternativa promissora.<br\/>Fazem parte de uma estrat\u00e9gia de preven\u00e7\u00e3o e de educa\u00e7\u00e3o para a sa\u00fade, em que a fiscalidade, por si s\u00f3, j\u00e1 n\u00e3o \u00e9 suficiente.<\/p>\n\n<p>H\u00e1 muito que o governo se baseia no pre\u00e7o para desencorajar o consumo.<br\/>Mas esta estrat\u00e9gia encorajou sobretudo o <strong>mercado paralelo<\/strong> e <strong>as compras transfronteiri\u00e7as<\/strong>.<br\/>\u00c9 urgente repensar a pol\u00edtica de sa\u00fade p\u00fablica em mat\u00e9ria de tabaco, apoiando m\u00e9todos que <strong>respeitem o corpo<\/strong> e <strong>se centrem nas pessoas<\/strong>.<\/p>\n\n<div style=\"height:22px\" aria-hidden=\"true\" class=\"wp-block-spacer\"><\/div>\n\n<h2 class=\"wp-block-heading\"><strong>Conclus\u00e3o: uma mudan\u00e7a de \u00e9poca na luta contra o tabaco<\/strong><\/h2>\n\n<p>Os 4,3 mil milh\u00f5es de euros perdidos at\u00e9 2023 n\u00e3o s\u00e3o apenas um problema contabil\u00edstico: marcam um <strong>ponto de viragem na sociedade<\/strong>.<br\/>Os fumadores procuram agora solu\u00e7\u00f5es mais baratas, mais naturais e mais sustent\u00e1veis.<br\/>O modelo baseado nos impostos est\u00e1 a mostrar as suas limita\u00e7\u00f5es; a chave do sucesso reside agora no <strong>apoio personalizado<\/strong>, na <strong>preven\u00e7\u00e3o<\/strong> e na <strong>sensibiliza\u00e7\u00e3o individual<\/strong>.<\/p>\n\n<p><strong>Os lasers anti-tabaco<\/strong>, <strong>a reflexologia auricular<\/strong> e <strong>as novas abordagens ao bem-estar<\/strong> encarnam esta nova abordagem.<br\/>Colocam as pessoas de novo no centro do processo de cura.<\/p>\n\n<p>E talvez um dia, as perdas fiscais do tabaco deixem de ser um sinal de fracasso econ\u00f3mico&#8230; mas um sinal de que a sociedade tamb\u00e9m aprendeu a respirar de forma diferente. \ud83c\udf3f<\/p>\n\n<div style=\"height:35px\" aria-hidden=\"true\" class=\"wp-block-spacer\"><\/div>\n\n<figure class=\"wp-block-image size-large\"><img decoding=\"async\" src=\"https:\/\/www.mylasertabac.com\/wp-content\/uploads\/\/mlt-verteau.svg\" alt=\"\" class=\"wp-image-13\"\/><\/figure>\n","protected":false},"excerpt":{"rendered":"<p>\u00c9 um n\u00famero que faz Bercy tossir.Em 2023, as receitas fiscais provenientes do tabaco diminu\u00edram 4,3 mil milh\u00f5es de euros, um decl\u00ednio hist\u00f3rico para um sector que foi durante muito tempo considerado uma &#8220;vaca leiteira&#8221; para o or\u00e7amento.Por detr\u00e1s deste n\u00famero, h\u00e1 uma constata\u00e7\u00e3o: os franceses continuam a fumar, mas j\u00e1 n\u00e3o compram os seus [&hellip;]<\/p>\n","protected":false},"author":2,"featured_media":18682,"comment_status":"closed","ping_status":"open","sticky":false,"template":"","format":"standard","meta":{"inline_featured_image":false,"footnotes":""},"categories":[680],"tags":[],"class_list":["post-18689","post","type-post","status-publish","format-standard","has-post-thumbnail","hentry","category-noticias-pt-pt"],"yoast_head":"<!-- This site is optimized with the Yoast SEO plugin v27.4 - https:\/\/yoast.com\/product\/yoast-seo-wordpress\/ -->\n<title>Perdas fiscais de 4,3 mil milh\u00f5es de euros: porque \u00e9 que as receitas do tabaco est\u00e3o a cair em Fran\u00e7a - My Laser Tabac<\/title>\n<meta name=\"description\" content=\"As tabacarias est\u00e3o a fechar em Fran\u00e7a: a fiscalidade, as compras transfronteiri\u00e7as e os novos h\u00e1bitos explicam o decl\u00ednio do com\u00e9rcio nacional.\" \/>\n<meta name=\"robots\" content=\"index, follow, max-snippet:-1, max-image-preview:large, max-video-preview:-1\" \/>\n<link rel=\"canonical\" href=\"https:\/\/www.mylasertabac.com\/pt-pt\/perdas-fiscais-de-43-mil-milhoes-de-euros-porque-e-que-as-receitas-do-tabaco-estao-a-cair-em-franca\/\" \/>\n<meta property=\"og:locale\" content=\"pt_PT\" \/>\n<meta property=\"og:type\" content=\"article\" \/>\n<meta property=\"og:title\" content=\"Perdas fiscais de 4,3 mil milh\u00f5es de euros: porque \u00e9 que as receitas do tabaco est\u00e3o a cair em Fran\u00e7a - My Laser Tabac\" \/>\n<meta property=\"og:description\" content=\"As tabacarias est\u00e3o a fechar em Fran\u00e7a: a fiscalidade, as compras transfronteiri\u00e7as e os novos h\u00e1bitos explicam o decl\u00ednio do com\u00e9rcio nacional.\" \/>\n<meta property=\"og:url\" content=\"https:\/\/www.mylasertabac.com\/pt-pt\/perdas-fiscais-de-43-mil-milhoes-de-euros-porque-e-que-as-receitas-do-tabaco-estao-a-cair-em-franca\/\" \/>\n<meta property=\"og:site_name\" content=\"My Laser Tabac\" \/>\n<meta property=\"article:author\" content=\"https:\/\/www.facebook.com\/profile.php?id=61571554707319\" \/>\n<meta property=\"article:published_time\" content=\"2025-10-26T09:25:40+00:00\" \/>\n<meta property=\"article:modified_time\" content=\"2025-10-26T09:27:10+00:00\" \/>\n<meta property=\"og:image\" content=\"https:\/\/www.mylasertabac.com\/wp-content\/uploads\/2025\/10\/les-bureaux-de-tabac-ferment-une-baisse-dactivite-suite-au-augmentation-du-prix-des-cigarette-en-France.png\" \/>\n\t<meta property=\"og:image:width\" content=\"1024\" \/>\n\t<meta property=\"og:image:height\" content=\"1024\" \/>\n\t<meta property=\"og:image:type\" content=\"image\/png\" \/>\n<meta name=\"author\" content=\"Florian Fortes\" \/>\n<meta name=\"twitter:card\" content=\"summary_large_image\" \/>\n<meta name=\"twitter:label1\" content=\"Escrito por\" \/>\n\t<meta name=\"twitter:data1\" content=\"Florian Fortes\" \/>\n\t<meta name=\"twitter:label2\" content=\"Tempo estimado de leitura\" \/>\n\t<meta name=\"twitter:data2\" content=\"6 minutos\" \/>\n<script type=\"application\/ld+json\" class=\"yoast-schema-graph\">{\"@context\":\"https:\\\/\\\/schema.org\",\"@graph\":[{\"@type\":\"Article\",\"@id\":\"https:\\\/\\\/www.mylasertabac.com\\\/pt-pt\\\/perdas-fiscais-de-43-mil-milhoes-de-euros-porque-e-que-as-receitas-do-tabaco-estao-a-cair-em-franca\\\/#article\",\"isPartOf\":{\"@id\":\"https:\\\/\\\/www.mylasertabac.com\\\/pt-pt\\\/perdas-fiscais-de-43-mil-milhoes-de-euros-porque-e-que-as-receitas-do-tabaco-estao-a-cair-em-franca\\\/\"},\"author\":{\"name\":\"Florian Fortes\",\"@id\":\"https:\\\/\\\/www.mylasertabac.com\\\/pt-pt\\\/#\\\/schema\\\/person\\\/02c249cb76d912efb6c315ec23eccdf3\"},\"headline\":\"Perdas fiscais de 4,3 mil milh\u00f5es de euros: porque \u00e9 que as receitas do tabaco est\u00e3o a cair em Fran\u00e7a\",\"datePublished\":\"2025-10-26T09:25:40+00:00\",\"dateModified\":\"2025-10-26T09:27:10+00:00\",\"mainEntityOfPage\":{\"@id\":\"https:\\\/\\\/www.mylasertabac.com\\\/pt-pt\\\/perdas-fiscais-de-43-mil-milhoes-de-euros-porque-e-que-as-receitas-do-tabaco-estao-a-cair-em-franca\\\/\"},\"wordCount\":1244,\"publisher\":{\"@id\":\"https:\\\/\\\/www.mylasertabac.com\\\/pt-pt\\\/#organization\"},\"image\":{\"@id\":\"https:\\\/\\\/www.mylasertabac.com\\\/pt-pt\\\/perdas-fiscais-de-43-mil-milhoes-de-euros-porque-e-que-as-receitas-do-tabaco-estao-a-cair-em-franca\\\/#primaryimage\"},\"thumbnailUrl\":\"https:\\\/\\\/www.mylasertabac.com\\\/wp-content\\\/uploads\\\/2025\\\/10\\\/les-bureaux-de-tabac-ferment-une-baisse-dactivite-suite-au-augmentation-du-prix-des-cigarette-en-France.png\",\"articleSection\":[\"not\u00edcias\"],\"inLanguage\":\"pt-PT\"},{\"@type\":\"WebPage\",\"@id\":\"https:\\\/\\\/www.mylasertabac.com\\\/pt-pt\\\/perdas-fiscais-de-43-mil-milhoes-de-euros-porque-e-que-as-receitas-do-tabaco-estao-a-cair-em-franca\\\/\",\"url\":\"https:\\\/\\\/www.mylasertabac.com\\\/pt-pt\\\/perdas-fiscais-de-43-mil-milhoes-de-euros-porque-e-que-as-receitas-do-tabaco-estao-a-cair-em-franca\\\/\",\"name\":\"Perdas fiscais de 4,3 mil milh\u00f5es de euros: porque \u00e9 que as receitas do tabaco est\u00e3o a cair em Fran\u00e7a - My Laser Tabac\",\"isPartOf\":{\"@id\":\"https:\\\/\\\/www.mylasertabac.com\\\/pt-pt\\\/#website\"},\"primaryImageOfPage\":{\"@id\":\"https:\\\/\\\/www.mylasertabac.com\\\/pt-pt\\\/perdas-fiscais-de-43-mil-milhoes-de-euros-porque-e-que-as-receitas-do-tabaco-estao-a-cair-em-franca\\\/#primaryimage\"},\"image\":{\"@id\":\"https:\\\/\\\/www.mylasertabac.com\\\/pt-pt\\\/perdas-fiscais-de-43-mil-milhoes-de-euros-porque-e-que-as-receitas-do-tabaco-estao-a-cair-em-franca\\\/#primaryimage\"},\"thumbnailUrl\":\"https:\\\/\\\/www.mylasertabac.com\\\/wp-content\\\/uploads\\\/2025\\\/10\\\/les-bureaux-de-tabac-ferment-une-baisse-dactivite-suite-au-augmentation-du-prix-des-cigarette-en-France.png\",\"datePublished\":\"2025-10-26T09:25:40+00:00\",\"dateModified\":\"2025-10-26T09:27:10+00:00\",\"description\":\"As tabacarias est\u00e3o a fechar em Fran\u00e7a: a fiscalidade, as compras transfronteiri\u00e7as e os novos h\u00e1bitos explicam o decl\u00ednio do com\u00e9rcio nacional.\",\"breadcrumb\":{\"@id\":\"https:\\\/\\\/www.mylasertabac.com\\\/pt-pt\\\/perdas-fiscais-de-43-mil-milhoes-de-euros-porque-e-que-as-receitas-do-tabaco-estao-a-cair-em-franca\\\/#breadcrumb\"},\"inLanguage\":\"pt-PT\",\"potentialAction\":[{\"@type\":\"ReadAction\",\"target\":[\"https:\\\/\\\/www.mylasertabac.com\\\/pt-pt\\\/perdas-fiscais-de-43-mil-milhoes-de-euros-porque-e-que-as-receitas-do-tabaco-estao-a-cair-em-franca\\\/\"]}]},{\"@type\":\"ImageObject\",\"inLanguage\":\"pt-PT\",\"@id\":\"https:\\\/\\\/www.mylasertabac.com\\\/pt-pt\\\/perdas-fiscais-de-43-mil-milhoes-de-euros-porque-e-que-as-receitas-do-tabaco-estao-a-cair-em-franca\\\/#primaryimage\",\"url\":\"https:\\\/\\\/www.mylasertabac.com\\\/wp-content\\\/uploads\\\/2025\\\/10\\\/les-bureaux-de-tabac-ferment-une-baisse-dactivite-suite-au-augmentation-du-prix-des-cigarette-en-France.png\",\"contentUrl\":\"https:\\\/\\\/www.mylasertabac.com\\\/wp-content\\\/uploads\\\/2025\\\/10\\\/les-bureaux-de-tabac-ferment-une-baisse-dactivite-suite-au-augmentation-du-prix-des-cigarette-en-France.png\",\"width\":1024,\"height\":1024},{\"@type\":\"BreadcrumbList\",\"@id\":\"https:\\\/\\\/www.mylasertabac.com\\\/pt-pt\\\/perdas-fiscais-de-43-mil-milhoes-de-euros-porque-e-que-as-receitas-do-tabaco-estao-a-cair-em-franca\\\/#breadcrumb\",\"itemListElement\":[{\"@type\":\"ListItem\",\"position\":1,\"name\":\"Accueil\",\"item\":\"https:\\\/\\\/www.mylasertabac.com\\\/pt-pt\\\/casa\\\/\"},{\"@type\":\"ListItem\",\"position\":2,\"name\":\"Perdas fiscais de 4,3 mil milh\u00f5es de euros: porque \u00e9 que as receitas do tabaco est\u00e3o a cair em Fran\u00e7a\"}]},{\"@type\":\"WebSite\",\"@id\":\"https:\\\/\\\/www.mylasertabac.com\\\/pt-pt\\\/#website\",\"url\":\"https:\\\/\\\/www.mylasertabac.com\\\/pt-pt\\\/\",\"name\":\"My Laser Tabac\",\"description\":\"La solution laser qui transforme les fumeurs en ex-fumeurs\",\"publisher\":{\"@id\":\"https:\\\/\\\/www.mylasertabac.com\\\/pt-pt\\\/#organization\"},\"potentialAction\":[{\"@type\":\"SearchAction\",\"target\":{\"@type\":\"EntryPoint\",\"urlTemplate\":\"https:\\\/\\\/www.mylasertabac.com\\\/pt-pt\\\/?s={search_term_string}\"},\"query-input\":{\"@type\":\"PropertyValueSpecification\",\"valueRequired\":true,\"valueName\":\"search_term_string\"}}],\"inLanguage\":\"pt-PT\"},{\"@type\":\"Organization\",\"@id\":\"https:\\\/\\\/www.mylasertabac.com\\\/pt-pt\\\/#organization\",\"name\":\"My Laser Tabac\",\"url\":\"https:\\\/\\\/www.mylasertabac.com\\\/pt-pt\\\/\",\"logo\":{\"@type\":\"ImageObject\",\"inLanguage\":\"pt-PT\",\"@id\":\"https:\\\/\\\/www.mylasertabac.com\\\/pt-pt\\\/#\\\/schema\\\/logo\\\/image\\\/\",\"url\":\"https:\\\/\\\/www.mylasertabac.com\\\/wp-content\\\/uploads\\\/2024\\\/12\\\/mlt-verteau.svg\",\"contentUrl\":\"https:\\\/\\\/www.mylasertabac.com\\\/wp-content\\\/uploads\\\/2024\\\/12\\\/mlt-verteau.svg\",\"caption\":\"My Laser Tabac\"},\"image\":{\"@id\":\"https:\\\/\\\/www.mylasertabac.com\\\/pt-pt\\\/#\\\/schema\\\/logo\\\/image\\\/\"}},{\"@type\":\"Person\",\"@id\":\"https:\\\/\\\/www.mylasertabac.com\\\/pt-pt\\\/#\\\/schema\\\/person\\\/02c249cb76d912efb6c315ec23eccdf3\",\"name\":\"Florian Fortes\",\"image\":{\"@type\":\"ImageObject\",\"inLanguage\":\"pt-PT\",\"@id\":\"https:\\\/\\\/www.mylasertabac.com\\\/wp-content\\\/litespeed\\\/avatar\\\/142101a71d7b9e6490c1120d9c109a67.jpg?ver=1776856306\",\"url\":\"https:\\\/\\\/www.mylasertabac.com\\\/wp-content\\\/litespeed\\\/avatar\\\/142101a71d7b9e6490c1120d9c109a67.jpg?ver=1776856306\",\"contentUrl\":\"https:\\\/\\\/www.mylasertabac.com\\\/wp-content\\\/litespeed\\\/avatar\\\/142101a71d7b9e6490c1120d9c109a67.jpg?ver=1776856306\",\"caption\":\"Florian Fortes\"},\"sameAs\":[\"https:\\\/\\\/www.mylasertabac.com\",\"https:\\\/\\\/www.facebook.com\\\/profile.php?id=61571554707319\"],\"url\":\"https:\\\/\\\/www.mylasertabac.com\\\/pt-pt\\\/author\\\/florianfortes5312\\\/\"}]}<\/script>\n<!-- \/ Yoast SEO plugin. -->","yoast_head_json":{"title":"Perdas fiscais de 4,3 mil milh\u00f5es de euros: porque \u00e9 que as receitas do tabaco est\u00e3o a cair em Fran\u00e7a - My Laser Tabac","description":"As tabacarias est\u00e3o a fechar em Fran\u00e7a: a fiscalidade, as compras transfronteiri\u00e7as e os novos h\u00e1bitos explicam o decl\u00ednio do com\u00e9rcio nacional.","robots":{"index":"index","follow":"follow","max-snippet":"max-snippet:-1","max-image-preview":"max-image-preview:large","max-video-preview":"max-video-preview:-1"},"canonical":"https:\/\/www.mylasertabac.com\/pt-pt\/perdas-fiscais-de-43-mil-milhoes-de-euros-porque-e-que-as-receitas-do-tabaco-estao-a-cair-em-franca\/","og_locale":"pt_PT","og_type":"article","og_title":"Perdas fiscais de 4,3 mil milh\u00f5es de euros: porque \u00e9 que as receitas do tabaco est\u00e3o a cair em Fran\u00e7a - My Laser Tabac","og_description":"As tabacarias est\u00e3o a fechar em Fran\u00e7a: a fiscalidade, as compras transfronteiri\u00e7as e os novos h\u00e1bitos explicam o decl\u00ednio do com\u00e9rcio nacional.","og_url":"https:\/\/www.mylasertabac.com\/pt-pt\/perdas-fiscais-de-43-mil-milhoes-de-euros-porque-e-que-as-receitas-do-tabaco-estao-a-cair-em-franca\/","og_site_name":"My Laser Tabac","article_author":"https:\/\/www.facebook.com\/profile.php?id=61571554707319","article_published_time":"2025-10-26T09:25:40+00:00","article_modified_time":"2025-10-26T09:27:10+00:00","og_image":[{"width":1024,"height":1024,"url":"https:\/\/www.mylasertabac.com\/wp-content\/uploads\/2025\/10\/les-bureaux-de-tabac-ferment-une-baisse-dactivite-suite-au-augmentation-du-prix-des-cigarette-en-France.png","type":"image\/png"}],"author":"Florian Fortes","twitter_card":"summary_large_image","twitter_misc":{"Escrito por":"Florian Fortes","Tempo estimado de leitura":"6 minutos"},"schema":{"@context":"https:\/\/schema.org","@graph":[{"@type":"Article","@id":"https:\/\/www.mylasertabac.com\/pt-pt\/perdas-fiscais-de-43-mil-milhoes-de-euros-porque-e-que-as-receitas-do-tabaco-estao-a-cair-em-franca\/#article","isPartOf":{"@id":"https:\/\/www.mylasertabac.com\/pt-pt\/perdas-fiscais-de-43-mil-milhoes-de-euros-porque-e-que-as-receitas-do-tabaco-estao-a-cair-em-franca\/"},"author":{"name":"Florian Fortes","@id":"https:\/\/www.mylasertabac.com\/pt-pt\/#\/schema\/person\/02c249cb76d912efb6c315ec23eccdf3"},"headline":"Perdas fiscais de 4,3 mil milh\u00f5es de euros: porque \u00e9 que as receitas do tabaco est\u00e3o a cair em Fran\u00e7a","datePublished":"2025-10-26T09:25:40+00:00","dateModified":"2025-10-26T09:27:10+00:00","mainEntityOfPage":{"@id":"https:\/\/www.mylasertabac.com\/pt-pt\/perdas-fiscais-de-43-mil-milhoes-de-euros-porque-e-que-as-receitas-do-tabaco-estao-a-cair-em-franca\/"},"wordCount":1244,"publisher":{"@id":"https:\/\/www.mylasertabac.com\/pt-pt\/#organization"},"image":{"@id":"https:\/\/www.mylasertabac.com\/pt-pt\/perdas-fiscais-de-43-mil-milhoes-de-euros-porque-e-que-as-receitas-do-tabaco-estao-a-cair-em-franca\/#primaryimage"},"thumbnailUrl":"https:\/\/www.mylasertabac.com\/wp-content\/uploads\/2025\/10\/les-bureaux-de-tabac-ferment-une-baisse-dactivite-suite-au-augmentation-du-prix-des-cigarette-en-France.png","articleSection":["not\u00edcias"],"inLanguage":"pt-PT"},{"@type":"WebPage","@id":"https:\/\/www.mylasertabac.com\/pt-pt\/perdas-fiscais-de-43-mil-milhoes-de-euros-porque-e-que-as-receitas-do-tabaco-estao-a-cair-em-franca\/","url":"https:\/\/www.mylasertabac.com\/pt-pt\/perdas-fiscais-de-43-mil-milhoes-de-euros-porque-e-que-as-receitas-do-tabaco-estao-a-cair-em-franca\/","name":"Perdas fiscais de 4,3 mil milh\u00f5es de euros: porque \u00e9 que as receitas do tabaco est\u00e3o a cair em Fran\u00e7a - My Laser Tabac","isPartOf":{"@id":"https:\/\/www.mylasertabac.com\/pt-pt\/#website"},"primaryImageOfPage":{"@id":"https:\/\/www.mylasertabac.com\/pt-pt\/perdas-fiscais-de-43-mil-milhoes-de-euros-porque-e-que-as-receitas-do-tabaco-estao-a-cair-em-franca\/#primaryimage"},"image":{"@id":"https:\/\/www.mylasertabac.com\/pt-pt\/perdas-fiscais-de-43-mil-milhoes-de-euros-porque-e-que-as-receitas-do-tabaco-estao-a-cair-em-franca\/#primaryimage"},"thumbnailUrl":"https:\/\/www.mylasertabac.com\/wp-content\/uploads\/2025\/10\/les-bureaux-de-tabac-ferment-une-baisse-dactivite-suite-au-augmentation-du-prix-des-cigarette-en-France.png","datePublished":"2025-10-26T09:25:40+00:00","dateModified":"2025-10-26T09:27:10+00:00","description":"As tabacarias est\u00e3o a fechar em Fran\u00e7a: a fiscalidade, as compras transfronteiri\u00e7as e os novos h\u00e1bitos explicam o decl\u00ednio do com\u00e9rcio nacional.","breadcrumb":{"@id":"https:\/\/www.mylasertabac.com\/pt-pt\/perdas-fiscais-de-43-mil-milhoes-de-euros-porque-e-que-as-receitas-do-tabaco-estao-a-cair-em-franca\/#breadcrumb"},"inLanguage":"pt-PT","potentialAction":[{"@type":"ReadAction","target":["https:\/\/www.mylasertabac.com\/pt-pt\/perdas-fiscais-de-43-mil-milhoes-de-euros-porque-e-que-as-receitas-do-tabaco-estao-a-cair-em-franca\/"]}]},{"@type":"ImageObject","inLanguage":"pt-PT","@id":"https:\/\/www.mylasertabac.com\/pt-pt\/perdas-fiscais-de-43-mil-milhoes-de-euros-porque-e-que-as-receitas-do-tabaco-estao-a-cair-em-franca\/#primaryimage","url":"https:\/\/www.mylasertabac.com\/wp-content\/uploads\/2025\/10\/les-bureaux-de-tabac-ferment-une-baisse-dactivite-suite-au-augmentation-du-prix-des-cigarette-en-France.png","contentUrl":"https:\/\/www.mylasertabac.com\/wp-content\/uploads\/2025\/10\/les-bureaux-de-tabac-ferment-une-baisse-dactivite-suite-au-augmentation-du-prix-des-cigarette-en-France.png","width":1024,"height":1024},{"@type":"BreadcrumbList","@id":"https:\/\/www.mylasertabac.com\/pt-pt\/perdas-fiscais-de-43-mil-milhoes-de-euros-porque-e-que-as-receitas-do-tabaco-estao-a-cair-em-franca\/#breadcrumb","itemListElement":[{"@type":"ListItem","position":1,"name":"Accueil","item":"https:\/\/www.mylasertabac.com\/pt-pt\/casa\/"},{"@type":"ListItem","position":2,"name":"Perdas fiscais de 4,3 mil milh\u00f5es de euros: porque \u00e9 que as receitas do tabaco est\u00e3o a cair em Fran\u00e7a"}]},{"@type":"WebSite","@id":"https:\/\/www.mylasertabac.com\/pt-pt\/#website","url":"https:\/\/www.mylasertabac.com\/pt-pt\/","name":"My Laser Tabac","description":"La solution laser qui transforme les fumeurs en ex-fumeurs","publisher":{"@id":"https:\/\/www.mylasertabac.com\/pt-pt\/#organization"},"potentialAction":[{"@type":"SearchAction","target":{"@type":"EntryPoint","urlTemplate":"https:\/\/www.mylasertabac.com\/pt-pt\/?s={search_term_string}"},"query-input":{"@type":"PropertyValueSpecification","valueRequired":true,"valueName":"search_term_string"}}],"inLanguage":"pt-PT"},{"@type":"Organization","@id":"https:\/\/www.mylasertabac.com\/pt-pt\/#organization","name":"My Laser Tabac","url":"https:\/\/www.mylasertabac.com\/pt-pt\/","logo":{"@type":"ImageObject","inLanguage":"pt-PT","@id":"https:\/\/www.mylasertabac.com\/pt-pt\/#\/schema\/logo\/image\/","url":"https:\/\/www.mylasertabac.com\/wp-content\/uploads\/2024\/12\/mlt-verteau.svg","contentUrl":"https:\/\/www.mylasertabac.com\/wp-content\/uploads\/2024\/12\/mlt-verteau.svg","caption":"My Laser Tabac"},"image":{"@id":"https:\/\/www.mylasertabac.com\/pt-pt\/#\/schema\/logo\/image\/"}},{"@type":"Person","@id":"https:\/\/www.mylasertabac.com\/pt-pt\/#\/schema\/person\/02c249cb76d912efb6c315ec23eccdf3","name":"Florian Fortes","image":{"@type":"ImageObject","inLanguage":"pt-PT","@id":"https:\/\/www.mylasertabac.com\/wp-content\/litespeed\/avatar\/142101a71d7b9e6490c1120d9c109a67.jpg?ver=1776856306","url":"https:\/\/www.mylasertabac.com\/wp-content\/litespeed\/avatar\/142101a71d7b9e6490c1120d9c109a67.jpg?ver=1776856306","contentUrl":"https:\/\/www.mylasertabac.com\/wp-content\/litespeed\/avatar\/142101a71d7b9e6490c1120d9c109a67.jpg?ver=1776856306","caption":"Florian Fortes"},"sameAs":["https:\/\/www.mylasertabac.com","https:\/\/www.facebook.com\/profile.php?id=61571554707319"],"url":"https:\/\/www.mylasertabac.com\/pt-pt\/author\/florianfortes5312\/"}]}},"_links":{"self":[{"href":"https:\/\/www.mylasertabac.com\/pt-pt\/wp-json\/wp\/v2\/posts\/18689","targetHints":{"allow":["GET"]}}],"collection":[{"href":"https:\/\/www.mylasertabac.com\/pt-pt\/wp-json\/wp\/v2\/posts"}],"about":[{"href":"https:\/\/www.mylasertabac.com\/pt-pt\/wp-json\/wp\/v2\/types\/post"}],"author":[{"embeddable":true,"href":"https:\/\/www.mylasertabac.com\/pt-pt\/wp-json\/wp\/v2\/users\/2"}],"replies":[{"embeddable":true,"href":"https:\/\/www.mylasertabac.com\/pt-pt\/wp-json\/wp\/v2\/comments?post=18689"}],"version-history":[{"count":3,"href":"https:\/\/www.mylasertabac.com\/pt-pt\/wp-json\/wp\/v2\/posts\/18689\/revisions"}],"predecessor-version":[{"id":18707,"href":"https:\/\/www.mylasertabac.com\/pt-pt\/wp-json\/wp\/v2\/posts\/18689\/revisions\/18707"}],"wp:featuredmedia":[{"embeddable":true,"href":"https:\/\/www.mylasertabac.com\/pt-pt\/wp-json\/wp\/v2\/media\/18682"}],"wp:attachment":[{"href":"https:\/\/www.mylasertabac.com\/pt-pt\/wp-json\/wp\/v2\/media?parent=18689"}],"wp:term":[{"taxonomy":"category","embeddable":true,"href":"https:\/\/www.mylasertabac.com\/pt-pt\/wp-json\/wp\/v2\/categories?post=18689"},{"taxonomy":"post_tag","embeddable":true,"href":"https:\/\/www.mylasertabac.com\/pt-pt\/wp-json\/wp\/v2\/tags?post=18689"}],"curies":[{"name":"wp","href":"https:\/\/api.w.org\/{rel}","templated":true}]}}