{"id":18792,"date":"2025-10-27T07:47:58","date_gmt":"2025-10-27T06:47:58","guid":{"rendered":"https:\/\/www.mylasertabac.com\/deixar-de-fumar-provoca-cancro-desconstruir-o-mito-para-sempre\/"},"modified":"2025-10-27T07:48:43","modified_gmt":"2025-10-27T06:48:43","slug":"deixar-de-fumar-provoca-cancro-desconstruir-o-mito-para-sempre","status":"publish","type":"post","link":"https:\/\/www.mylasertabac.com\/pt-pt\/deixar-de-fumar-provoca-cancro-desconstruir-o-mito-para-sempre\/","title":{"rendered":"Deixar de fumar provoca cancro? Desconstruir o mito para sempre"},"content":{"rendered":"\n<div style=\"height:25px\" aria-hidden=\"true\" class=\"wp-block-spacer\"><\/div>\n\n<p>\u00c9 uma ideia que ainda preocupa alguns <strong>fumadores<\/strong>: <em>&#8220;e se deixar de fumar provocar cancro?<\/em>&#8220;<br\/>Uma cren\u00e7a infundada, mas persistente, que alimenta os medos de muitas <strong>pessoas<\/strong> que querem libertar-se da <strong>depend\u00eancia do tabaco<\/strong>.<br\/>Na realidade, <strong>os benef\u00edcios<\/strong> de<strong>deixar de fumar<\/strong> s\u00e3o consider\u00e1veis, tanto para os <strong>pulm\u00f5es<\/strong> como para a <strong>sa\u00fade em geral<\/strong>.<\/p>\n\n<p>E, ao contr\u00e1rio dos rumores, <strong>deixar de fumar n\u00e3o causa cancro<\/strong> &#8211; na verdade, \u00e9 a melhor forma de reduzir o <strong>risco<\/strong>.<\/p>\n\n<div style=\"height:25px\" aria-hidden=\"true\" class=\"wp-block-spacer\"><\/div>\n\n<figure class=\"wp-block-image alignleft size-large is-resized\"><a href=\"https:\/\/www.mylasertabac.com\/pt-pt\/os-nossos-centros\/\"><img fetchpriority=\"high\" decoding=\"async\" width=\"1024\" height=\"668\" src=\"https:\/\/www.mylasertabac.com\/wp-content\/uploads\/2025\/08\/tu-veux-arreter-de-fumer-Clique-ici--1024x668.jpg\" alt=\"\" class=\"wp-image-13752\" style=\"width:430px;height:auto\" srcset=\"https:\/\/www.mylasertabac.com\/wp-content\/uploads\/2025\/08\/tu-veux-arreter-de-fumer-Clique-ici--1024x668.jpg 1024w, https:\/\/www.mylasertabac.com\/wp-content\/uploads\/2025\/08\/tu-veux-arreter-de-fumer-Clique-ici--300x196.jpg 300w, https:\/\/www.mylasertabac.com\/wp-content\/uploads\/2025\/08\/tu-veux-arreter-de-fumer-Clique-ici--768x501.jpg 768w, https:\/\/www.mylasertabac.com\/wp-content\/uploads\/2025\/08\/tu-veux-arreter-de-fumer-Clique-ici-.jpg 1206w\" sizes=\"(max-width: 1024px) 100vw, 1024px\" \/><\/a><\/figure>\n\n<h2 class=\"wp-block-heading\"><strong>Tabaco e cancro: uma rela\u00e7\u00e3o bem estabelecida<\/strong><\/h2>\n\n<p><strong>O tabaco<\/strong> continua a ser a principal causa de <strong>cancro<\/strong> evit\u00e1vel em <strong>Fran\u00e7a<\/strong>.<br\/>Cada <strong>cigarro<\/strong> cont\u00e9m milhares de <strong>subst\u00e2ncias t\u00f3xicas<\/strong>, v\u00e1rias das quais s\u00e3o diretamente <strong>respons\u00e1veis por<\/strong> muta\u00e7\u00f5es nas <strong>c\u00e9lulas<\/strong> pulmonares.<br\/>Estas incluem :<\/p>\n\n<ul class=\"wp-block-list\">\n<li><strong>mon\u00f3xido de carbono<\/strong>,<\/li>\n\n\n\n<li>metais pesados,<\/li>\n\n\n\n<li>tars,<\/li>\n\n\n\n<li><strong>nicotina<\/strong> (que mant\u00e9m <strong>a depend\u00eancia<\/strong>),<\/li>\n\n\n\n<li>e <strong>compostos cancer\u00edgenos<\/strong> ligados \u00e0 combust\u00e3o.<\/li>\n<\/ul>\n\n<p>Estes elementos acumulam-se nos <strong>pulm\u00f5es<\/strong>, perturbando a regenera\u00e7\u00e3o celular e alterando o funcionamento do <strong>corpo<\/strong>.<br\/><strong>Os fumadores<\/strong> exp\u00f5em n\u00e3o s\u00f3 <strong>os pulm\u00f5es<\/strong>, mas tamb\u00e9m <strong>o cora\u00e7\u00e3o<\/strong>, <strong>os vasos sangu\u00edneos<\/strong> e <strong>o sistema imunit\u00e1rio<\/strong> a danos profundos.<\/p>\n\n<p>\u00c9 importante lembrar que \u00e9 o <strong>fumo<\/strong>, e n\u00e3o o <strong>abandono do mesmo<\/strong>, que causa <strong>o cancro<\/strong>.<\/p>\n\n<div style=\"height:25px\" aria-hidden=\"true\" class=\"wp-block-spacer\"><\/div>\n\n<h2 class=\"wp-block-heading\"><strong>Porque \u00e9 que algumas pessoas pensam que deixar de fumar te faz adoecer?<\/strong><\/h2>\n\n<p>Quando <strong>os fumadores<\/strong> decidem <strong>parar<\/strong>, <strong>o<\/strong> seu <strong>corpo<\/strong> inicia um processo <strong>natural de limpeza<\/strong>.<br\/>Esta fase de <strong>abstin\u00eancia<\/strong> pode por vezes ser desconfort\u00e1vel: tosse, cansa\u00e7o, nervosismo, ligeiras dores no peito.<br\/>Estes <strong>efeitos<\/strong> tempor\u00e1rios n\u00e3o s\u00e3o um sinal de <strong>doen\u00e7a<\/strong>, mas sim de <strong>regenera\u00e7\u00e3o<\/strong>.<\/p>\n\n<p><strong>A abstin\u00eancia da nicotina<\/strong> permite aos <strong>pulm\u00f5es<\/strong> evacuar os res\u00edduos de <strong>subst\u00e2ncias t\u00f3xicas<\/strong> acumuladas.<br\/>Os <strong>c\u00edlios br\u00f4nquicos<\/strong>, adormecidos pelo fumo, voltam a funcionar, o que pode provocar uma tosse mais pronunciada.<br\/>Este reflexo \u00e9, na verdade, um sinal de cura.<\/p>\n\n<p>Assim, se algumas <strong>pessoas<\/strong> descobrem que t\u00eam <strong>cancro<\/strong> depois de deixarem de <strong>fumar<\/strong>, isso n\u00e3o \u00e9 o resultado de<strong>terem deixado de fumar<\/strong>, mas sim a <strong>revela\u00e7\u00e3o de uma doen\u00e7a que j\u00e1 estava presente<\/strong>.<br\/><strong>Fumar<\/strong> esconde os sintomas, mas <strong>deixar de fumar<\/strong> traz-os \u00e0 luz.<\/p>\n\n<div style=\"height:25px\" aria-hidden=\"true\" class=\"wp-block-spacer\"><\/div>\n\n<figure class=\"wp-block-table\"><table class=\"has-fixed-layout\"><tbody><tr><td>Vale a pena ler tamb\u00e9m: <a href=\"https:\/\/www.mylasertabac.com\/pt-pt\/informacoes\/formacao-laser-anti-tabaco-e-contra-a-dependencia\/\"><mark style=\"background-color:rgba(0, 0, 0, 0)\" class=\"has-inline-color has-luminous-vivid-orange-color\">Se queres lan\u00e7ar um neg\u00f3cio em expans\u00e3o, a Mylasertabac oferece forma\u00e7\u00e3o para te tornares um especialista na \u00e1rea dos lasers antitabaco.<\/mark><\/a><\/td><\/tr><\/tbody><\/table><\/figure>\n\n<div style=\"height:25px\" aria-hidden=\"true\" class=\"wp-block-spacer\"><\/div>\n\n<h2 class=\"wp-block-heading\"><strong>Os benef\u00edcios mensur\u00e1veis para a sa\u00fade de deixar de fumar<\/strong><\/h2>\n\n<p>As provas s\u00e3o claras: os <strong>benef\u00edcios<\/strong> fazem-se sentir desde o <strong>primeiro dia de paragem<\/strong>.<\/p>\n\n<ul class=\"wp-block-list\">\n<li>Ap\u00f3s 24 horas, o <strong>mon\u00f3xido de carbono<\/strong> desaparece do sangue.<\/li>\n\n\n\n<li>Ap\u00f3s 48 horas, <strong>a nicotina<\/strong> \u00e9 eliminada do organismo.<\/li>\n\n\n\n<li>Ap\u00f3s 2 a 3 semanas, a respira\u00e7\u00e3o torna-se mais fluida e os <strong>pulm\u00f5es<\/strong> regeneram-se.<\/li>\n\n\n\n<li>Ap\u00f3s 1 ano, o <strong>risco de<\/strong><strong>ataque card\u00edaco<\/strong> diminui para metade.<\/li>\n\n\n\n<li>Ap\u00f3s 10 anos, <strong>o risco de cancro do pulm\u00e3o<\/strong> diminui para metade.<\/li>\n<\/ul>\n\n<p>Cada dia sem <strong>cigarros<\/strong> \u00e9 um <strong>tratamento natural<\/strong> que o <strong>corpo<\/strong> d\u00e1 a si pr\u00f3prio para recuperar a sua vitalidade.<br\/><strong>Fumar<\/strong> enfraquece o sistema respirat\u00f3rio, ao passo que <strong>deixar de<\/strong> fumar o fortalece.<\/p>\n\n<div style=\"height:25px\" aria-hidden=\"true\" class=\"wp-block-spacer\"><\/div>\n\n<figure class=\"wp-block-image alignright size-full is-resized\"><img decoding=\"async\" width=\"975\" height=\"982\" src=\"https:\/\/www.mylasertabac.com\/wp-content\/uploads\/2025\/06\/centre.jpeg\" alt=\"\" class=\"wp-image-9265\" style=\"width:419px;height:auto\" srcset=\"https:\/\/www.mylasertabac.com\/wp-content\/uploads\/2025\/06\/centre.jpeg 975w, https:\/\/www.mylasertabac.com\/wp-content\/uploads\/2025\/06\/centre-298x300.jpeg 298w, https:\/\/www.mylasertabac.com\/wp-content\/uploads\/2025\/06\/centre-150x150.jpeg 150w, https:\/\/www.mylasertabac.com\/wp-content\/uploads\/2025\/06\/centre-768x774.jpeg 768w\" sizes=\"(max-width: 975px) 100vw, 975px\" \/><\/figure>\n\n<h2 class=\"wp-block-heading\"><strong>Laser anti-tabagismo: uma forma suave e eficaz de dizer para parares<\/strong><\/h2>\n\n<p>Hoje em dia, os novos m\u00e9todos<strong>de apoio<\/strong> est\u00e3o a tornar mais f\u00e1cil <strong><a href=\"https:\/\/www.mylasertabac.com\/pt-pt\/\">deixares de fumar<\/a><\/strong>sem stress ou aumento <strong>de peso<\/strong>.<br\/>Estes incluem <strong><a href=\"https:\/\/www.mylasertabac.com\/pt-pt\/\">a reflexologia auricular a laser<\/a><\/strong>conhecida como o <strong>laser anti-tabaco<\/strong>, est\u00e1 a conquistar um n\u00famero crescente de <strong>pacientes<\/strong>.<\/p>\n\n<p>O princ\u00edpio \u00e9 simples: consiste em estimular pontos espec\u00edficos da orelha &#8211; zonas ligadas ao <strong>c\u00e9rebro humano<\/strong> &#8211; com um <strong>laser suave<\/strong>, indolor e n\u00e3o invasivo.<br\/>Esta <strong>estimula\u00e7\u00e3o energ\u00e9tica<\/strong> ativa a produ\u00e7\u00e3o de endorfinas, aliviando <strong>a depend\u00eancia da nicotina<\/strong> e reduzindo o desejo de <strong>fumar<\/strong>.<\/p>\n\n<p>Ao contr\u00e1rio dos <strong>substitutos da nicotina<\/strong> ou dos <strong>adesivos<\/strong>, este <strong>m\u00e9todo natural<\/strong> n\u00e3o cont\u00e9m <strong>qu\u00edmicos<\/strong>.<br\/>Actua sobre as causas subjacentes da depend\u00eancia, tanto f\u00edsicas como emocionais.<\/p>\n\n<p><strong>Os doentes<\/strong> t\u00eam <strong>opini\u00f5es positivas<\/strong>:<\/p>\n\n<blockquote class=\"wp-block-quote is-layout-flow wp-block-quote-is-layout-flow\">\n<p>&#8220;Vim para uma <strong>sess\u00e3o<\/strong>, sem acreditar realmente. <g id=\"gid_1\">Passados<\/g> dois dias, j\u00e1 n\u00e3o tinha vontade de <g id=\"gid_2\">fumar<\/g>. Reencontrei o meu f\u00f4lego e a minha serenidade&#8221;.  <\/p>\n<\/blockquote>\n\n<p>A abordagem <strong>laser anti-tabagismo<\/strong> n\u00e3o se limita ao <strong>tabagismo<\/strong>: ajuda tamb\u00e9m a reduzir <strong>o consumo de<\/strong> \u00e1lcool e de a\u00e7\u00facar e at\u00e9 a gerir melhor <strong>o stress<\/strong>.<\/p>\n\n<div style=\"height:25px\" aria-hidden=\"true\" class=\"wp-block-spacer\"><\/div>\n\n<h2 class=\"wp-block-heading\"><strong>Porqu\u00ea escolher a reflexologia auricular a laser?<\/strong><\/h2>\n\n<p>Este <strong>m\u00e9todo para<\/strong> <strong>deixar de fumar<\/strong> baseia-se numa abordagem <strong>de reequil\u00edbrio global<\/strong>.<br\/>Considera <strong>os fumadores<\/strong> n\u00e3o como &#8220;doentes&#8221;, mas como <strong>pessoas<\/strong> em transi\u00e7\u00e3o para um melhor <strong>estado de sa\u00fade<\/strong>.<\/p>\n\n<p>O <strong>laser<\/strong>, utilizado nos pontos reflexos do ouvido, envia sinais precisos ao <strong>c\u00e9rebro<\/strong>.<br\/>Estes est\u00edmulos ajudam a <strong>libertar<\/strong> <strong>a depend\u00eancia<\/strong>, a reduzir a tens\u00e3o nervosa e a apoiar o <strong>corpo<\/strong> na sua fase de desintoxica\u00e7\u00e3o.<\/p>\n\n<p>O <strong>profissional<\/strong> adapta a <strong>sess\u00e3o<\/strong> ao <strong>perfil do fumador<\/strong>, aos seus h\u00e1bitos <strong>tab\u00e1gicos<\/strong>, ao seu <strong>peso<\/strong> e \u00e0 <strong>raz\u00e3o para deixar de fumar<\/strong>.<br\/>Cada <strong>tratamento<\/strong> \u00e9 personalizado, com conselhos sobre a <strong>vida quotidiana<\/strong>, a respira\u00e7\u00e3o e a gest\u00e3o <strong>do stress<\/strong>.<\/p>\n\n<p>Este <strong>apoio profissional<\/strong> \u00e9 essencial: combina compet\u00eancia, escuta e compreens\u00e3o do <strong>doente<\/strong>.<br\/>\u00c9 esta a <strong>qualidade da<\/strong> rede MyLaserTabac, pioneira nesta abordagem em <strong>Fran\u00e7a<\/strong>.<\/p>\n\n<div style=\"height:25px\" aria-hidden=\"true\" class=\"wp-block-spacer\"><\/div>\n\n<h2 class=\"wp-block-heading\"><strong>Os jovens e a preven\u00e7\u00e3o: um grande desafio<\/strong><\/h2>\n\n<p><strong>Os jovens<\/strong> s\u00e3o uma gera\u00e7\u00e3o de risco.<br\/>Muitos come\u00e7am a <strong>fumar<\/strong> antes dos 18 anos, muitas vezes por m\u00edmica ou influ\u00eancia social.<br\/>Os seus <strong>corpos<\/strong> s\u00e3o mais vulner\u00e1veis a <strong>subst\u00e2ncias t\u00f3xicas<\/strong> e <strong>a depend\u00eancia da nicotina<\/strong> instala-se mais rapidamente.<\/p>\n\n<p>Por isso, \u00e9 essencial sensibilizar para a import\u00e2ncia de <strong>deixar de<\/strong> fumar cedo.<br\/>Quanto mais cedo se<strong>deixar de<\/strong> fumar, maior \u00e9 a capacidade de regenera\u00e7\u00e3o dos <strong>pulm\u00f5es<\/strong> e das <strong>c\u00e9lulas<\/strong>.<br\/>As campanhas<strong>de informa\u00e7\u00e3o<\/strong> e os centros especializados &#8211; como o <strong>Tabac Info Service<\/strong> &#8211; desempenham um papel fundamental na orienta\u00e7\u00e3o dos jovens para os <strong>tratamentos<\/strong> adequados.<\/p>\n\n<div style=\"height:25px\" aria-hidden=\"true\" class=\"wp-block-spacer\"><\/div>\n\n<h2 class=\"wp-block-heading\"><strong>Fumar n\u00e3o \u00e9 uma escolha trivial: \u00e9 uma depend\u00eancia que precisa de ser compreendida<\/strong><\/h2>\n\n<p>N\u00e3o te tornas <strong>fumador<\/strong> por acaso.<br\/><strong>O tabaco<\/strong> actua no <strong>c\u00e9rebro<\/strong> como uma droga: estimula a dopamina, dando uma sensa\u00e7\u00e3o tempor\u00e1ria de prazer.<br\/>Mas, em pouco tempo, <strong>os fumadores<\/strong> j\u00e1 n\u00e3o <strong>fumam<\/strong> por prazer, mas para evitar a abstin\u00eancia.<\/p>\n\n<p><strong>A nicotina<\/strong> e outras <strong>subst\u00e2ncias t\u00f3xicas<\/strong> alimentam esta <strong>depend\u00eancia<\/strong>.<br\/>A \u00fanica forma de acabar de vez com o v\u00edcio \u00e9 ajudar o <strong>corpo<\/strong> e <strong>a mente<\/strong> a <strong>libertarem-se<\/strong> em conjunto.<br\/>\u00c9 isto que <strong>a reflexologia auricular laser<\/strong> faz, conciliando o f\u00edsico e o psicol\u00f3gico.<\/p>\n\n<div style=\"height:25px\" aria-hidden=\"true\" class=\"wp-block-spacer\"><\/div>\n\n<h2 class=\"wp-block-heading\"><strong>Conclus\u00e3o: n\u00e3o, deixar de fumar n\u00e3o causa cancro &#8211; previne-o<\/strong><\/h2>\n\n<p>A ideia de que <strong>deixar de fumar<\/strong> provoca <strong>cancro<\/strong> \u00e9 um mito perigoso.<br\/>\u00c9 precisamente o contr\u00e1rio: quanto mais cedo parares, maiores ser\u00e3o os <strong>benef\u00edcios<\/strong> <strong>para a sa\u00fade<\/strong>.<\/p>\n\n<p>O <strong>risco de<\/strong> <strong>doen\u00e7as<\/strong> graves <strong>\u00e9 reduzido<\/strong>, <strong>o consumo de<\/strong><strong>oxig\u00e9nio<\/strong> melhora e <strong>o corpo<\/strong> recupera as suas fun\u00e7\u00f5es naturais.<br\/>Cada <strong>dia sem cigarro<\/strong> prolonga <strong>a vida<\/strong> e protege<strong>as pessoas que te rodeiam<\/strong>, especialmente <strong>as crian\u00e7as<\/strong> expostas ao <strong>tabagismo passivo.<\/strong><\/p>\n\n<p>O laser <strong><a href=\"https:\/\/www.mylasertabac.com\/pt-pt\/\">laser anti-tabagismo<\/a><\/strong>baseado na <strong>reflexologia auricular<\/strong>, \u00e9 uma <strong>solu\u00e7\u00e3o natural, profissional e duradoura<\/strong> para quebrar a <strong>depend\u00eancia do tabaco<\/strong> sem dor nem stress.<\/p>\n\n<p>Por isso, n\u00e3o, <strong>deixar de fumar n\u00e3o causa cancro<\/strong>.<br\/>Pelo contr\u00e1rio, \u00e9 o primeiro passo para uma <strong>vida melhor<\/strong>, uma <strong>nova vida<\/strong> e finalmente <strong>a liberdade<\/strong>. \ud83c\udf3f<\/p>\n\n<div style=\"height:25px\" aria-hidden=\"true\" class=\"wp-block-spacer\"><\/div>\n\n<figure class=\"wp-block-image size-large\"><img decoding=\"async\" src=\"https:\/\/www.mylasertabac.com\/wp-content\/uploads\/\/mlt-verteau.svg\" alt=\"\" class=\"wp-image-13\"\/><\/figure>\n","protected":false},"excerpt":{"rendered":"<p>\u00c9 uma ideia que ainda preocupa alguns fumadores: &#8220;e se deixar de fumar provocar cancro?&#8220;Uma cren\u00e7a infundada, mas persistente, que alimenta os medos de muitas pessoas que querem libertar-se da depend\u00eancia do tabaco.Na realidade, os benef\u00edcios dedeixar de fumar s\u00e3o consider\u00e1veis, tanto para os pulm\u00f5es como para a sa\u00fade em geral. E, ao contr\u00e1rio dos [&hellip;]<\/p>\n","protected":false},"author":2,"featured_media":18789,"comment_status":"closed","ping_status":"open","sticky":false,"template":"","format":"standard","meta":{"inline_featured_image":false,"footnotes":""},"categories":[181],"tags":[],"class_list":["post-18792","post","type-post","status-publish","format-standard","has-post-thumbnail","hentry","category-saude-e-toxicodependencia"],"yoast_head":"<!-- This site is optimized with the Yoast SEO plugin v27.4 - https:\/\/yoast.com\/product\/yoast-seo-wordpress\/ -->\n<title>Deixar de fumar provoca cancro? Desconstruir o mito para sempre - My Laser Tabac<\/title>\n<meta name=\"description\" content=\"Descobre como os lasers anti-tabaco e a reflexologia auricular te podem ajudar a deixar de fumar de vez e a proteger a tua sa\u00fade.\" \/>\n<meta name=\"robots\" content=\"index, follow, max-snippet:-1, max-image-preview:large, max-video-preview:-1\" \/>\n<link rel=\"canonical\" href=\"https:\/\/www.mylasertabac.com\/pt-pt\/deixar-de-fumar-provoca-cancro-desconstruir-o-mito-para-sempre\/\" \/>\n<meta property=\"og:locale\" content=\"pt_PT\" \/>\n<meta property=\"og:type\" content=\"article\" \/>\n<meta property=\"og:title\" content=\"Deixar de fumar provoca cancro? Desconstruir o mito para sempre - My Laser Tabac\" \/>\n<meta property=\"og:description\" content=\"Descobre como os lasers anti-tabaco e a reflexologia auricular te podem ajudar a deixar de fumar de vez e a proteger a tua sa\u00fade.\" \/>\n<meta property=\"og:url\" content=\"https:\/\/www.mylasertabac.com\/pt-pt\/deixar-de-fumar-provoca-cancro-desconstruir-o-mito-para-sempre\/\" \/>\n<meta property=\"og:site_name\" content=\"My Laser Tabac\" \/>\n<meta property=\"article:author\" content=\"https:\/\/www.facebook.com\/profile.php?id=61571554707319\" \/>\n<meta property=\"article:published_time\" content=\"2025-10-27T06:47:58+00:00\" \/>\n<meta property=\"article:modified_time\" content=\"2025-10-27T06:48:43+00:00\" \/>\n<meta property=\"og:image\" content=\"https:\/\/www.mylasertabac.com\/wp-content\/uploads\/2025\/10\/quels-sont-les-risques-darreter-de-fumer--1024x683.png\" \/>\n\t<meta property=\"og:image:width\" content=\"1024\" \/>\n\t<meta property=\"og:image:height\" content=\"683\" \/>\n\t<meta property=\"og:image:type\" content=\"image\/png\" \/>\n<meta name=\"author\" content=\"Florian Fortes\" \/>\n<meta name=\"twitter:card\" content=\"summary_large_image\" \/>\n<meta name=\"twitter:label1\" content=\"Escrito por\" \/>\n\t<meta name=\"twitter:data1\" content=\"Florian Fortes\" \/>\n\t<meta name=\"twitter:label2\" content=\"Tempo estimado de leitura\" \/>\n\t<meta name=\"twitter:data2\" content=\"6 minutos\" \/>\n<script type=\"application\/ld+json\" class=\"yoast-schema-graph\">{\"@context\":\"https:\\\/\\\/schema.org\",\"@graph\":[{\"@type\":\"Article\",\"@id\":\"https:\\\/\\\/www.mylasertabac.com\\\/pt-pt\\\/deixar-de-fumar-provoca-cancro-desconstruir-o-mito-para-sempre\\\/#article\",\"isPartOf\":{\"@id\":\"https:\\\/\\\/www.mylasertabac.com\\\/pt-pt\\\/deixar-de-fumar-provoca-cancro-desconstruir-o-mito-para-sempre\\\/\"},\"author\":{\"name\":\"Florian Fortes\",\"@id\":\"https:\\\/\\\/www.mylasertabac.com\\\/pt-pt\\\/#\\\/schema\\\/person\\\/02c249cb76d912efb6c315ec23eccdf3\"},\"headline\":\"Deixar de fumar provoca cancro? Desconstruir o mito para sempre\",\"datePublished\":\"2025-10-27T06:47:58+00:00\",\"dateModified\":\"2025-10-27T06:48:43+00:00\",\"mainEntityOfPage\":{\"@id\":\"https:\\\/\\\/www.mylasertabac.com\\\/pt-pt\\\/deixar-de-fumar-provoca-cancro-desconstruir-o-mito-para-sempre\\\/\"},\"wordCount\":1252,\"publisher\":{\"@id\":\"https:\\\/\\\/www.mylasertabac.com\\\/pt-pt\\\/#organization\"},\"image\":{\"@id\":\"https:\\\/\\\/www.mylasertabac.com\\\/pt-pt\\\/deixar-de-fumar-provoca-cancro-desconstruir-o-mito-para-sempre\\\/#primaryimage\"},\"thumbnailUrl\":\"https:\\\/\\\/www.mylasertabac.com\\\/wp-content\\\/uploads\\\/2025\\\/10\\\/quels-sont-les-risques-darreter-de-fumer-.png\",\"articleSection\":[\"Sa\u00fade e toxicodepend\u00eancia\"],\"inLanguage\":\"pt-PT\"},{\"@type\":\"WebPage\",\"@id\":\"https:\\\/\\\/www.mylasertabac.com\\\/pt-pt\\\/deixar-de-fumar-provoca-cancro-desconstruir-o-mito-para-sempre\\\/\",\"url\":\"https:\\\/\\\/www.mylasertabac.com\\\/pt-pt\\\/deixar-de-fumar-provoca-cancro-desconstruir-o-mito-para-sempre\\\/\",\"name\":\"Deixar de fumar provoca cancro? Desconstruir o mito para sempre - My Laser Tabac\",\"isPartOf\":{\"@id\":\"https:\\\/\\\/www.mylasertabac.com\\\/pt-pt\\\/#website\"},\"primaryImageOfPage\":{\"@id\":\"https:\\\/\\\/www.mylasertabac.com\\\/pt-pt\\\/deixar-de-fumar-provoca-cancro-desconstruir-o-mito-para-sempre\\\/#primaryimage\"},\"image\":{\"@id\":\"https:\\\/\\\/www.mylasertabac.com\\\/pt-pt\\\/deixar-de-fumar-provoca-cancro-desconstruir-o-mito-para-sempre\\\/#primaryimage\"},\"thumbnailUrl\":\"https:\\\/\\\/www.mylasertabac.com\\\/wp-content\\\/uploads\\\/2025\\\/10\\\/quels-sont-les-risques-darreter-de-fumer-.png\",\"datePublished\":\"2025-10-27T06:47:58+00:00\",\"dateModified\":\"2025-10-27T06:48:43+00:00\",\"description\":\"Descobre como os lasers anti-tabaco e a reflexologia auricular te podem ajudar a deixar de fumar de vez e a proteger a tua sa\u00fade.\",\"breadcrumb\":{\"@id\":\"https:\\\/\\\/www.mylasertabac.com\\\/pt-pt\\\/deixar-de-fumar-provoca-cancro-desconstruir-o-mito-para-sempre\\\/#breadcrumb\"},\"inLanguage\":\"pt-PT\",\"potentialAction\":[{\"@type\":\"ReadAction\",\"target\":[\"https:\\\/\\\/www.mylasertabac.com\\\/pt-pt\\\/deixar-de-fumar-provoca-cancro-desconstruir-o-mito-para-sempre\\\/\"]}]},{\"@type\":\"ImageObject\",\"inLanguage\":\"pt-PT\",\"@id\":\"https:\\\/\\\/www.mylasertabac.com\\\/pt-pt\\\/deixar-de-fumar-provoca-cancro-desconstruir-o-mito-para-sempre\\\/#primaryimage\",\"url\":\"https:\\\/\\\/www.mylasertabac.com\\\/wp-content\\\/uploads\\\/2025\\\/10\\\/quels-sont-les-risques-darreter-de-fumer-.png\",\"contentUrl\":\"https:\\\/\\\/www.mylasertabac.com\\\/wp-content\\\/uploads\\\/2025\\\/10\\\/quels-sont-les-risques-darreter-de-fumer-.png\",\"width\":1536,\"height\":1024},{\"@type\":\"BreadcrumbList\",\"@id\":\"https:\\\/\\\/www.mylasertabac.com\\\/pt-pt\\\/deixar-de-fumar-provoca-cancro-desconstruir-o-mito-para-sempre\\\/#breadcrumb\",\"itemListElement\":[{\"@type\":\"ListItem\",\"position\":1,\"name\":\"Accueil\",\"item\":\"https:\\\/\\\/www.mylasertabac.com\\\/pt-pt\\\/casa\\\/\"},{\"@type\":\"ListItem\",\"position\":2,\"name\":\"Deixar de fumar provoca cancro? Desconstruir o mito para sempre\"}]},{\"@type\":\"WebSite\",\"@id\":\"https:\\\/\\\/www.mylasertabac.com\\\/pt-pt\\\/#website\",\"url\":\"https:\\\/\\\/www.mylasertabac.com\\\/pt-pt\\\/\",\"name\":\"My Laser Tabac\",\"description\":\"La solution laser qui transforme les fumeurs en ex-fumeurs\",\"publisher\":{\"@id\":\"https:\\\/\\\/www.mylasertabac.com\\\/pt-pt\\\/#organization\"},\"potentialAction\":[{\"@type\":\"SearchAction\",\"target\":{\"@type\":\"EntryPoint\",\"urlTemplate\":\"https:\\\/\\\/www.mylasertabac.com\\\/pt-pt\\\/?s={search_term_string}\"},\"query-input\":{\"@type\":\"PropertyValueSpecification\",\"valueRequired\":true,\"valueName\":\"search_term_string\"}}],\"inLanguage\":\"pt-PT\"},{\"@type\":\"Organization\",\"@id\":\"https:\\\/\\\/www.mylasertabac.com\\\/pt-pt\\\/#organization\",\"name\":\"My Laser Tabac\",\"url\":\"https:\\\/\\\/www.mylasertabac.com\\\/pt-pt\\\/\",\"logo\":{\"@type\":\"ImageObject\",\"inLanguage\":\"pt-PT\",\"@id\":\"https:\\\/\\\/www.mylasertabac.com\\\/pt-pt\\\/#\\\/schema\\\/logo\\\/image\\\/\",\"url\":\"https:\\\/\\\/www.mylasertabac.com\\\/wp-content\\\/uploads\\\/2024\\\/12\\\/mlt-verteau.svg\",\"contentUrl\":\"https:\\\/\\\/www.mylasertabac.com\\\/wp-content\\\/uploads\\\/2024\\\/12\\\/mlt-verteau.svg\",\"caption\":\"My Laser Tabac\"},\"image\":{\"@id\":\"https:\\\/\\\/www.mylasertabac.com\\\/pt-pt\\\/#\\\/schema\\\/logo\\\/image\\\/\"}},{\"@type\":\"Person\",\"@id\":\"https:\\\/\\\/www.mylasertabac.com\\\/pt-pt\\\/#\\\/schema\\\/person\\\/02c249cb76d912efb6c315ec23eccdf3\",\"name\":\"Florian Fortes\",\"image\":{\"@type\":\"ImageObject\",\"inLanguage\":\"pt-PT\",\"@id\":\"https:\\\/\\\/www.mylasertabac.com\\\/wp-content\\\/litespeed\\\/avatar\\\/142101a71d7b9e6490c1120d9c109a67.jpg?ver=1776856306\",\"url\":\"https:\\\/\\\/www.mylasertabac.com\\\/wp-content\\\/litespeed\\\/avatar\\\/142101a71d7b9e6490c1120d9c109a67.jpg?ver=1776856306\",\"contentUrl\":\"https:\\\/\\\/www.mylasertabac.com\\\/wp-content\\\/litespeed\\\/avatar\\\/142101a71d7b9e6490c1120d9c109a67.jpg?ver=1776856306\",\"caption\":\"Florian Fortes\"},\"sameAs\":[\"https:\\\/\\\/www.mylasertabac.com\",\"https:\\\/\\\/www.facebook.com\\\/profile.php?id=61571554707319\"],\"url\":\"https:\\\/\\\/www.mylasertabac.com\\\/pt-pt\\\/author\\\/florianfortes5312\\\/\"}]}<\/script>\n<!-- \/ Yoast SEO plugin. -->","yoast_head_json":{"title":"Deixar de fumar provoca cancro? Desconstruir o mito para sempre - My Laser Tabac","description":"Descobre como os lasers anti-tabaco e a reflexologia auricular te podem ajudar a deixar de fumar de vez e a proteger a tua sa\u00fade.","robots":{"index":"index","follow":"follow","max-snippet":"max-snippet:-1","max-image-preview":"max-image-preview:large","max-video-preview":"max-video-preview:-1"},"canonical":"https:\/\/www.mylasertabac.com\/pt-pt\/deixar-de-fumar-provoca-cancro-desconstruir-o-mito-para-sempre\/","og_locale":"pt_PT","og_type":"article","og_title":"Deixar de fumar provoca cancro? Desconstruir o mito para sempre - My Laser Tabac","og_description":"Descobre como os lasers anti-tabaco e a reflexologia auricular te podem ajudar a deixar de fumar de vez e a proteger a tua sa\u00fade.","og_url":"https:\/\/www.mylasertabac.com\/pt-pt\/deixar-de-fumar-provoca-cancro-desconstruir-o-mito-para-sempre\/","og_site_name":"My Laser Tabac","article_author":"https:\/\/www.facebook.com\/profile.php?id=61571554707319","article_published_time":"2025-10-27T06:47:58+00:00","article_modified_time":"2025-10-27T06:48:43+00:00","og_image":[{"width":1024,"height":683,"url":"https:\/\/www.mylasertabac.com\/wp-content\/uploads\/2025\/10\/quels-sont-les-risques-darreter-de-fumer--1024x683.png","type":"image\/png"}],"author":"Florian Fortes","twitter_card":"summary_large_image","twitter_misc":{"Escrito por":"Florian Fortes","Tempo estimado de leitura":"6 minutos"},"schema":{"@context":"https:\/\/schema.org","@graph":[{"@type":"Article","@id":"https:\/\/www.mylasertabac.com\/pt-pt\/deixar-de-fumar-provoca-cancro-desconstruir-o-mito-para-sempre\/#article","isPartOf":{"@id":"https:\/\/www.mylasertabac.com\/pt-pt\/deixar-de-fumar-provoca-cancro-desconstruir-o-mito-para-sempre\/"},"author":{"name":"Florian Fortes","@id":"https:\/\/www.mylasertabac.com\/pt-pt\/#\/schema\/person\/02c249cb76d912efb6c315ec23eccdf3"},"headline":"Deixar de fumar provoca cancro? Desconstruir o mito para sempre","datePublished":"2025-10-27T06:47:58+00:00","dateModified":"2025-10-27T06:48:43+00:00","mainEntityOfPage":{"@id":"https:\/\/www.mylasertabac.com\/pt-pt\/deixar-de-fumar-provoca-cancro-desconstruir-o-mito-para-sempre\/"},"wordCount":1252,"publisher":{"@id":"https:\/\/www.mylasertabac.com\/pt-pt\/#organization"},"image":{"@id":"https:\/\/www.mylasertabac.com\/pt-pt\/deixar-de-fumar-provoca-cancro-desconstruir-o-mito-para-sempre\/#primaryimage"},"thumbnailUrl":"https:\/\/www.mylasertabac.com\/wp-content\/uploads\/2025\/10\/quels-sont-les-risques-darreter-de-fumer-.png","articleSection":["Sa\u00fade e toxicodepend\u00eancia"],"inLanguage":"pt-PT"},{"@type":"WebPage","@id":"https:\/\/www.mylasertabac.com\/pt-pt\/deixar-de-fumar-provoca-cancro-desconstruir-o-mito-para-sempre\/","url":"https:\/\/www.mylasertabac.com\/pt-pt\/deixar-de-fumar-provoca-cancro-desconstruir-o-mito-para-sempre\/","name":"Deixar de fumar provoca cancro? Desconstruir o mito para sempre - My Laser Tabac","isPartOf":{"@id":"https:\/\/www.mylasertabac.com\/pt-pt\/#website"},"primaryImageOfPage":{"@id":"https:\/\/www.mylasertabac.com\/pt-pt\/deixar-de-fumar-provoca-cancro-desconstruir-o-mito-para-sempre\/#primaryimage"},"image":{"@id":"https:\/\/www.mylasertabac.com\/pt-pt\/deixar-de-fumar-provoca-cancro-desconstruir-o-mito-para-sempre\/#primaryimage"},"thumbnailUrl":"https:\/\/www.mylasertabac.com\/wp-content\/uploads\/2025\/10\/quels-sont-les-risques-darreter-de-fumer-.png","datePublished":"2025-10-27T06:47:58+00:00","dateModified":"2025-10-27T06:48:43+00:00","description":"Descobre como os lasers anti-tabaco e a reflexologia auricular te podem ajudar a deixar de fumar de vez e a proteger a tua sa\u00fade.","breadcrumb":{"@id":"https:\/\/www.mylasertabac.com\/pt-pt\/deixar-de-fumar-provoca-cancro-desconstruir-o-mito-para-sempre\/#breadcrumb"},"inLanguage":"pt-PT","potentialAction":[{"@type":"ReadAction","target":["https:\/\/www.mylasertabac.com\/pt-pt\/deixar-de-fumar-provoca-cancro-desconstruir-o-mito-para-sempre\/"]}]},{"@type":"ImageObject","inLanguage":"pt-PT","@id":"https:\/\/www.mylasertabac.com\/pt-pt\/deixar-de-fumar-provoca-cancro-desconstruir-o-mito-para-sempre\/#primaryimage","url":"https:\/\/www.mylasertabac.com\/wp-content\/uploads\/2025\/10\/quels-sont-les-risques-darreter-de-fumer-.png","contentUrl":"https:\/\/www.mylasertabac.com\/wp-content\/uploads\/2025\/10\/quels-sont-les-risques-darreter-de-fumer-.png","width":1536,"height":1024},{"@type":"BreadcrumbList","@id":"https:\/\/www.mylasertabac.com\/pt-pt\/deixar-de-fumar-provoca-cancro-desconstruir-o-mito-para-sempre\/#breadcrumb","itemListElement":[{"@type":"ListItem","position":1,"name":"Accueil","item":"https:\/\/www.mylasertabac.com\/pt-pt\/casa\/"},{"@type":"ListItem","position":2,"name":"Deixar de fumar provoca cancro? Desconstruir o mito para sempre"}]},{"@type":"WebSite","@id":"https:\/\/www.mylasertabac.com\/pt-pt\/#website","url":"https:\/\/www.mylasertabac.com\/pt-pt\/","name":"My Laser Tabac","description":"La solution laser qui transforme les fumeurs en ex-fumeurs","publisher":{"@id":"https:\/\/www.mylasertabac.com\/pt-pt\/#organization"},"potentialAction":[{"@type":"SearchAction","target":{"@type":"EntryPoint","urlTemplate":"https:\/\/www.mylasertabac.com\/pt-pt\/?s={search_term_string}"},"query-input":{"@type":"PropertyValueSpecification","valueRequired":true,"valueName":"search_term_string"}}],"inLanguage":"pt-PT"},{"@type":"Organization","@id":"https:\/\/www.mylasertabac.com\/pt-pt\/#organization","name":"My Laser Tabac","url":"https:\/\/www.mylasertabac.com\/pt-pt\/","logo":{"@type":"ImageObject","inLanguage":"pt-PT","@id":"https:\/\/www.mylasertabac.com\/pt-pt\/#\/schema\/logo\/image\/","url":"https:\/\/www.mylasertabac.com\/wp-content\/uploads\/2024\/12\/mlt-verteau.svg","contentUrl":"https:\/\/www.mylasertabac.com\/wp-content\/uploads\/2024\/12\/mlt-verteau.svg","caption":"My Laser Tabac"},"image":{"@id":"https:\/\/www.mylasertabac.com\/pt-pt\/#\/schema\/logo\/image\/"}},{"@type":"Person","@id":"https:\/\/www.mylasertabac.com\/pt-pt\/#\/schema\/person\/02c249cb76d912efb6c315ec23eccdf3","name":"Florian Fortes","image":{"@type":"ImageObject","inLanguage":"pt-PT","@id":"https:\/\/www.mylasertabac.com\/wp-content\/litespeed\/avatar\/142101a71d7b9e6490c1120d9c109a67.jpg?ver=1776856306","url":"https:\/\/www.mylasertabac.com\/wp-content\/litespeed\/avatar\/142101a71d7b9e6490c1120d9c109a67.jpg?ver=1776856306","contentUrl":"https:\/\/www.mylasertabac.com\/wp-content\/litespeed\/avatar\/142101a71d7b9e6490c1120d9c109a67.jpg?ver=1776856306","caption":"Florian Fortes"},"sameAs":["https:\/\/www.mylasertabac.com","https:\/\/www.facebook.com\/profile.php?id=61571554707319"],"url":"https:\/\/www.mylasertabac.com\/pt-pt\/author\/florianfortes5312\/"}]}},"_links":{"self":[{"href":"https:\/\/www.mylasertabac.com\/pt-pt\/wp-json\/wp\/v2\/posts\/18792","targetHints":{"allow":["GET"]}}],"collection":[{"href":"https:\/\/www.mylasertabac.com\/pt-pt\/wp-json\/wp\/v2\/posts"}],"about":[{"href":"https:\/\/www.mylasertabac.com\/pt-pt\/wp-json\/wp\/v2\/types\/post"}],"author":[{"embeddable":true,"href":"https:\/\/www.mylasertabac.com\/pt-pt\/wp-json\/wp\/v2\/users\/2"}],"replies":[{"embeddable":true,"href":"https:\/\/www.mylasertabac.com\/pt-pt\/wp-json\/wp\/v2\/comments?post=18792"}],"version-history":[{"count":1,"href":"https:\/\/www.mylasertabac.com\/pt-pt\/wp-json\/wp\/v2\/posts\/18792\/revisions"}],"predecessor-version":[{"id":18793,"href":"https:\/\/www.mylasertabac.com\/pt-pt\/wp-json\/wp\/v2\/posts\/18792\/revisions\/18793"}],"wp:featuredmedia":[{"embeddable":true,"href":"https:\/\/www.mylasertabac.com\/pt-pt\/wp-json\/wp\/v2\/media\/18789"}],"wp:attachment":[{"href":"https:\/\/www.mylasertabac.com\/pt-pt\/wp-json\/wp\/v2\/media?parent=18792"}],"wp:term":[{"taxonomy":"category","embeddable":true,"href":"https:\/\/www.mylasertabac.com\/pt-pt\/wp-json\/wp\/v2\/categories?post=18792"},{"taxonomy":"post_tag","embeddable":true,"href":"https:\/\/www.mylasertabac.com\/pt-pt\/wp-json\/wp\/v2\/tags?post=18792"}],"curies":[{"name":"wp","href":"https:\/\/api.w.org\/{rel}","templated":true}]}}