{"id":18883,"date":"2025-10-27T10:36:56","date_gmt":"2025-10-27T09:36:56","guid":{"rendered":"https:\/\/www.mylasertabac.com\/falar-de-canabis-ao-volante-o-que-percebi-depois-de-ler-o-estudo\/"},"modified":"2025-10-27T19:38:39","modified_gmt":"2025-10-27T18:38:39","slug":"falar-de-canabis-ao-volante-o-que-percebi-depois-de-ler-o-estudo","status":"publish","type":"post","link":"https:\/\/www.mylasertabac.com\/pt-pt\/falar-de-canabis-ao-volante-o-que-percebi-depois-de-ler-o-estudo\/","title":{"rendered":"Falar de can\u00e1bis ao volante: o que percebi depois de ler o estudo"},"content":{"rendered":"\n<div style=\"height:23px\" aria-hidden=\"true\" class=\"wp-block-spacer\"><\/div>\n\n<p>Lembro-me da sensa\u00e7\u00e3o de invulnerabilidade que tinha quando era jovem, ao volante. Um charro de vez em quando? &#8220;Relaxa-me, n\u00e3o vou conduzir muito tempo&#8221;. H\u00e1 muito que a condu\u00e7\u00e3o sob o efeito do \u00e1lcool \u00e9 estigmatizada, mas a cannabis? Essa parecia-me mais leve, menos &#8220;perigosa&#8221;. Depois li o estudo recentemente publicado e tudo mudou.     <\/p>\n\n<div style=\"height:23px\" aria-hidden=\"true\" class=\"wp-block-spacer\"><\/div>\n\n<h3 class=\"wp-block-heading\">O que revela o estudo<\/h3>\n\n<p>O estudo realizado no condado de Maryland, nos Estados Unidos, mostra que cerca de <strong>41,9%<\/strong> dos condutores que morreram em acidentes tinham <strong>THC ativo<\/strong> no sangue. <a href=\"https:\/\/www.pourquoidocteur.fr\/Articles\/Question-d-actu\/52764-Cannabis-volant-l-etude-tire-sonnette-d-alarme?utm_source=chatgpt.com\" target=\"_blank\" rel=\"noreferrer noopener\">Why Docteur+1<\/a><br\/>Por outras palavras, quase um em cada dois condutores neste contexto tinha consumido cannabis pouco antes do acidente.<br\/>Em Fran\u00e7a, os testes \u00e0 saliva efectuados nos autocarros escolares entre janeiro e agosto de 2025 revelam tamb\u00e9m uma realidade inquietante: em mais de <strong>30 000 rastreios<\/strong>, 119 condutores acusaram positivo para um estupefaciente (o primeiro dos quais era a cannabis), contra 63 para o \u00e1lcool.  <\/p>\n\n<div style=\"height:23px\" aria-hidden=\"true\" class=\"wp-block-spacer\"><\/div>\n\n<figure class=\"wp-block-table\"><table class=\"has-fixed-layout\"><tbody><tr><td>L\u00ea tamb\u00e9m:  <a href=\"https:\/\/www.mylasertabac.com\/pt-pt\/informacoes\/formacao-laser-anti-tabaco-e-contra-a-dependencia\/\"><mark style=\"background-color:rgba(0, 0, 0, 0)\" class=\"has-inline-color has-luminous-vivid-orange-color\">Queres come\u00e7ar um neg\u00f3cio em expans\u00e3o no sector da sa\u00fade. Mylasertabac oferece-te uma forma\u00e7\u00e3o chave na m\u00e3o. <\/mark><\/a><\/td><\/tr><\/tbody><\/table><\/figure>\n\n<div style=\"height:23px\" aria-hidden=\"true\" class=\"wp-block-spacer\"><\/div>\n\n<figure class=\"wp-block-image alignleft size-large is-resized\"><a href=\"https:\/\/www.mylasertabac.com\/pt-pt\/os-nossos-centros\/\"><img fetchpriority=\"high\" decoding=\"async\" width=\"1024\" height=\"668\" src=\"https:\/\/www.mylasertabac.com\/wp-content\/uploads\/2025\/08\/tu-veux-arreter-de-fumer-Clique-ici--1024x668.jpg\" alt=\"\" class=\"wp-image-13752\" style=\"width:467px;height:auto\" srcset=\"https:\/\/www.mylasertabac.com\/wp-content\/uploads\/2025\/08\/tu-veux-arreter-de-fumer-Clique-ici--1024x668.jpg 1024w, https:\/\/www.mylasertabac.com\/wp-content\/uploads\/2025\/08\/tu-veux-arreter-de-fumer-Clique-ici--300x196.jpg 300w, https:\/\/www.mylasertabac.com\/wp-content\/uploads\/2025\/08\/tu-veux-arreter-de-fumer-Clique-ici--768x501.jpg 768w, https:\/\/www.mylasertabac.com\/wp-content\/uploads\/2025\/08\/tu-veux-arreter-de-fumer-Clique-ici-.jpg 1206w\" sizes=\"(max-width: 1024px) 100vw, 1024px\" \/><\/a><\/figure>\n\n<h3 class=\"wp-block-heading\">Porque \u00e9 que o perigo continua a ser minimizado<\/h3>\n\n<p>Vejo tr\u00eas raz\u00f5es principais para isso.<\/p>\n\n<ul class=\"wp-block-list\">\n<li>A cannabis \u00e9 frequentemente considerada &#8220;menos grave&#8221; do que o \u00e1lcool. No entanto, a investiga\u00e7\u00e3o mostra que a cannabis afecta <strong>o estado de alerta<\/strong>, prolonga o <strong>tempo de rea\u00e7\u00e3o<\/strong> e prejudica a coordena\u00e7\u00e3o &#8211; todos elementos essenciais para a condu\u00e7\u00e3o.   <\/li>\n\n\n\n<li>Alguns consumidores pensam que conduzem &#8220;na boa&#8221;, sem sentirem qualquer efeito. O estudo sublinha que <em>a toler\u00e2ncia<\/em> existe, mas que dissimula o perigo \u00e0 custa de uma diminui\u00e7\u00e3o dos reflexos.   <\/li>\n\n\n\n<li>At\u00e9 \u00e0 data, as mensagens de preven\u00e7\u00e3o t\u00eam sido muito mais fortes para o \u00e1lcool do que para as drogas. Este alinhamento tardio explica a persistente falta de sensibiliza\u00e7\u00e3o. <\/li>\n<\/ul>\n\n<div style=\"height:23px\" aria-hidden=\"true\" class=\"wp-block-spacer\"><\/div>\n\n<h3 class=\"wp-block-heading\">Do que me lembro como pai, como cidad\u00e3o<\/h3>\n\n<p>Como pai, apercebo-me da urg\u00eancia desta quest\u00e3o: um jovem que fuma um charro antes de conduzir n\u00e3o se considera necessariamente &#8220;sob influ\u00eancia&#8221;. E no entanto.<br\/>Na estrada, cada segundo conta. Este estudo recorda-nos que mesmo uma ligeira diminui\u00e7\u00e3o da capacidade de condu\u00e7\u00e3o pode ser suficiente para te fazer ultrapassar os limites. <a href=\"https:\/\/www.latribuneauto.com\/conseils\/utilisation\/9550-le-cannabis-au-volant-multiplie-par-deux-le-risque-daccident-mortel-sur-la-route?utm_source=chatgpt.com\" target=\"_blank\" rel=\"noreferrer noopener\">La Tribune Auto+1<\/a><br\/>Para mim, isto significa: falamos destes assuntos com os meus filhos. Falamos da realidade, n\u00e3o deixamos que o tempo e a inconsci\u00eancia tomem conta de n\u00f3s.   <\/p>\n\n<div style=\"height:23px\" aria-hidden=\"true\" class=\"wp-block-spacer\"><\/div>\n\n<h3 class=\"wp-block-heading\">Uma boa informa\u00e7\u00e3o tamb\u00e9m significa compreens\u00e3o<\/h3>\n\n<p>Os efeitos da cannabis ao volante ultrapassam o simples &#8220;estado de embriaguez&#8221;. Reflexos mais lentos, diminui\u00e7\u00e3o da concentra\u00e7\u00e3o, m\u00e1 avalia\u00e7\u00e3o da dist\u00e2ncia&#8230; Todos estes aspectos foram confirmados. <br\/>Um aspeto que o estudo salienta \u00e9 que n\u00e3o se trata apenas de <strong>quanto<\/strong> fumas, mas tamb\u00e9m de <strong>quando<\/strong> conduzes depois de fumares. Mesmo os utilizadores ocasionais podem ter um efeito que dura v\u00e1rias horas.    <\/p>\n\n<div style=\"height:23px\" aria-hidden=\"true\" class=\"wp-block-spacer\"><\/div>\n\n<h3 class=\"wp-block-heading\">O que podes fazer hoje<\/h3>\n\n<ul class=\"wp-block-list\">\n<li>\u00c9 tempo de abordar este assunto com sinceridade: n\u00e3o como um &#8220;n\u00e3o deves&#8221;, mas como um &#8220;sabes porque digo isto&#8221;.<\/li>\n\n\n\n<li>Introduzir par\u00e2metros de refer\u00eancia claros: conduzir implica que sou plenamente capaz; qualquer subst\u00e2ncia que enfraque\u00e7a esta capacidade \u00e9 incompat\u00edvel com a condu\u00e7\u00e3o.<\/li>\n\n\n\n<li>Promove a alternativa: para aqueles que consomem, \u00e9 melhor escolher uma hora sem conduzir, planear uma viagem de regresso sem ve\u00edculo ou adiar a condu\u00e7\u00e3o por v\u00e1rias horas.<\/li>\n\n\n\n<li>Enquanto estrutura, educador ou pai, temos de transmitir uma mensagem que inclua a can\u00e1bis da mesma forma que falamos do \u00e1lcool: n\u00e3o se trata apenas de legalidade, trata-se de <strong>seguran\u00e7a<\/strong>.<\/li>\n<\/ul>\n\n<div style=\"height:23px\" aria-hidden=\"true\" class=\"wp-block-spacer\"><\/div>\n\n<h3 class=\"wp-block-heading\">O que muda na nossa perce\u00e7\u00e3o<\/h3>\n\n<p>Este estudo convenceu-me de que a cannabis n\u00e3o pode ser tratada separadamente: \u00e9 um verdadeiro fator de risco para a condu\u00e7\u00e3o.<br\/>Posso optar por consumi-la, mas tenho de compreender que conduzir depois \u00e9 um jogo perigoso.<br\/>A sociedade tamb\u00e9m tem de aceitar esta mensagem: controlos mais apertados, campanhas expl\u00edcitas, interc\u00e2mbios com os jovens.<\/p>\n\n<div style=\"height:23px\" aria-hidden=\"true\" class=\"wp-block-spacer\"><\/div>\n\n<h3 class=\"wp-block-heading\">Em conclus\u00e3o<\/h3>\n\n<p>Falar sobre a cannabis ao volante n\u00e3o \u00e9 assustar as pessoas: \u00e9 faz\u00ea-las pensar.<br\/>Um segundo de desaten\u00e7\u00e3o, um reflexo retardado, pode custar uma vida.<br\/>E essa vida&#8230; vale mais do que o momento.<br\/>Se h\u00e1 uma coisa que aprendi, \u00e9 que a liberdade de conduzir em seguran\u00e7a vale a pena estar vigilante.<br\/>E que o di\u00e1logo aberto e sincero pode mudar comportamentos.<\/p>\n\n<div style=\"height:23px\" aria-hidden=\"true\" class=\"wp-block-spacer\"><\/div>\n\n<figure class=\"wp-block-image size-large\"><img decoding=\"async\" src=\"https:\/\/www.mylasertabac.com\/wp-content\/uploads\/\/mlt-verteau.svg\" alt=\"\" class=\"wp-image-13\"\/><\/figure>\n","protected":false},"excerpt":{"rendered":"<p>Lembro-me da sensa\u00e7\u00e3o de invulnerabilidade que tinha quando era jovem, ao volante. Um charro de vez em quando? &#8220;Relaxa-me, n\u00e3o vou conduzir muito tempo&#8221;. H\u00e1 muito que a condu\u00e7\u00e3o sob o efeito do \u00e1lcool \u00e9 estigmatizada, mas a cannabis? Essa parecia-me mais leve, menos &#8220;perigosa&#8221;. Depois li o estudo recentemente publicado e tudo mudou. O [&hellip;]<\/p>\n","protected":false},"author":2,"featured_media":18875,"comment_status":"closed","ping_status":"open","sticky":false,"template":"","format":"standard","meta":{"inline_featured_image":false,"footnotes":""},"categories":[130],"tags":[],"class_list":["post-18883","post","type-post","status-publish","format-standard","has-post-thumbnail","hentry","category-saude"],"yoast_head":"<!-- This site is optimized with the Yoast SEO plugin v27.5 - https:\/\/yoast.com\/product\/yoast-seo-wordpress\/ -->\n<title>Falar de can\u00e1bis ao volante: o que percebi depois de ler o estudo - My Laser Tabac<\/title>\n<meta name=\"description\" content=\"Descobre os perigos do consumo de cannabis ao volante e como, de acordo com os estudos mais recentes, aumenta o risco de acidentes.\" \/>\n<meta name=\"robots\" content=\"index, follow, max-snippet:-1, max-image-preview:large, max-video-preview:-1\" \/>\n<link rel=\"canonical\" href=\"https:\/\/www.mylasertabac.com\/pt-pt\/falar-de-canabis-ao-volante-o-que-percebi-depois-de-ler-o-estudo\/\" \/>\n<meta property=\"og:locale\" content=\"pt_PT\" \/>\n<meta property=\"og:type\" content=\"article\" \/>\n<meta property=\"og:title\" content=\"Falar de can\u00e1bis ao volante: o que percebi depois de ler o estudo - My Laser Tabac\" \/>\n<meta property=\"og:description\" content=\"Descobre os perigos do consumo de cannabis ao volante e como, de acordo com os estudos mais recentes, aumenta o risco de acidentes.\" \/>\n<meta property=\"og:url\" content=\"https:\/\/www.mylasertabac.com\/pt-pt\/falar-de-canabis-ao-volante-o-que-percebi-depois-de-ler-o-estudo\/\" \/>\n<meta property=\"og:site_name\" content=\"My Laser Tabac\" \/>\n<meta property=\"article:author\" content=\"https:\/\/www.facebook.com\/profile.php?id=61571554707319\" \/>\n<meta property=\"article:published_time\" content=\"2025-10-27T09:36:56+00:00\" \/>\n<meta property=\"article:modified_time\" content=\"2025-10-27T18:38:39+00:00\" \/>\n<meta property=\"og:image\" content=\"https:\/\/www.mylasertabac.com\/wp-content\/uploads\/2025\/10\/les-fumeurs-de-cannabis-au-volant--1024x683.png\" \/>\n\t<meta property=\"og:image:width\" content=\"1024\" \/>\n\t<meta property=\"og:image:height\" content=\"683\" \/>\n\t<meta property=\"og:image:type\" content=\"image\/png\" \/>\n<meta name=\"author\" content=\"Florian Fortes\" \/>\n<meta name=\"twitter:card\" content=\"summary_large_image\" \/>\n<meta name=\"twitter:label1\" content=\"Escrito por\" \/>\n\t<meta name=\"twitter:data1\" content=\"Florian Fortes\" \/>\n\t<meta name=\"twitter:label2\" content=\"Tempo estimado de leitura\" \/>\n\t<meta name=\"twitter:data2\" content=\"4 minutos\" \/>\n<script type=\"application\/ld+json\" class=\"yoast-schema-graph\">{\"@context\":\"https:\\\/\\\/schema.org\",\"@graph\":[{\"@type\":\"Article\",\"@id\":\"https:\\\/\\\/www.mylasertabac.com\\\/pt-pt\\\/falar-de-canabis-ao-volante-o-que-percebi-depois-de-ler-o-estudo\\\/#article\",\"isPartOf\":{\"@id\":\"https:\\\/\\\/www.mylasertabac.com\\\/pt-pt\\\/falar-de-canabis-ao-volante-o-que-percebi-depois-de-ler-o-estudo\\\/\"},\"author\":{\"name\":\"Florian Fortes\",\"@id\":\"https:\\\/\\\/www.mylasertabac.com\\\/pt-pt\\\/#\\\/schema\\\/person\\\/02c249cb76d912efb6c315ec23eccdf3\"},\"headline\":\"Falar de can\u00e1bis ao volante: o que percebi depois de ler o estudo\",\"datePublished\":\"2025-10-27T09:36:56+00:00\",\"dateModified\":\"2025-10-27T18:38:39+00:00\",\"mainEntityOfPage\":{\"@id\":\"https:\\\/\\\/www.mylasertabac.com\\\/pt-pt\\\/falar-de-canabis-ao-volante-o-que-percebi-depois-de-ler-o-estudo\\\/\"},\"wordCount\":731,\"publisher\":{\"@id\":\"https:\\\/\\\/www.mylasertabac.com\\\/pt-pt\\\/#organization\"},\"image\":{\"@id\":\"https:\\\/\\\/www.mylasertabac.com\\\/pt-pt\\\/falar-de-canabis-ao-volante-o-que-percebi-depois-de-ler-o-estudo\\\/#primaryimage\"},\"thumbnailUrl\":\"https:\\\/\\\/www.mylasertabac.com\\\/wp-content\\\/uploads\\\/2025\\\/10\\\/les-fumeurs-de-cannabis-au-volant-.png\",\"articleSection\":[\"Sa\u00fade\"],\"inLanguage\":\"pt-PT\"},{\"@type\":\"WebPage\",\"@id\":\"https:\\\/\\\/www.mylasertabac.com\\\/pt-pt\\\/falar-de-canabis-ao-volante-o-que-percebi-depois-de-ler-o-estudo\\\/\",\"url\":\"https:\\\/\\\/www.mylasertabac.com\\\/pt-pt\\\/falar-de-canabis-ao-volante-o-que-percebi-depois-de-ler-o-estudo\\\/\",\"name\":\"Falar de can\u00e1bis ao volante: o que percebi depois de ler o estudo - My Laser Tabac\",\"isPartOf\":{\"@id\":\"https:\\\/\\\/www.mylasertabac.com\\\/pt-pt\\\/#website\"},\"primaryImageOfPage\":{\"@id\":\"https:\\\/\\\/www.mylasertabac.com\\\/pt-pt\\\/falar-de-canabis-ao-volante-o-que-percebi-depois-de-ler-o-estudo\\\/#primaryimage\"},\"image\":{\"@id\":\"https:\\\/\\\/www.mylasertabac.com\\\/pt-pt\\\/falar-de-canabis-ao-volante-o-que-percebi-depois-de-ler-o-estudo\\\/#primaryimage\"},\"thumbnailUrl\":\"https:\\\/\\\/www.mylasertabac.com\\\/wp-content\\\/uploads\\\/2025\\\/10\\\/les-fumeurs-de-cannabis-au-volant-.png\",\"datePublished\":\"2025-10-27T09:36:56+00:00\",\"dateModified\":\"2025-10-27T18:38:39+00:00\",\"description\":\"Descobre os perigos do consumo de cannabis ao volante e como, de acordo com os estudos mais recentes, aumenta o risco de acidentes.\",\"breadcrumb\":{\"@id\":\"https:\\\/\\\/www.mylasertabac.com\\\/pt-pt\\\/falar-de-canabis-ao-volante-o-que-percebi-depois-de-ler-o-estudo\\\/#breadcrumb\"},\"inLanguage\":\"pt-PT\",\"potentialAction\":[{\"@type\":\"ReadAction\",\"target\":[\"https:\\\/\\\/www.mylasertabac.com\\\/pt-pt\\\/falar-de-canabis-ao-volante-o-que-percebi-depois-de-ler-o-estudo\\\/\"]}]},{\"@type\":\"ImageObject\",\"inLanguage\":\"pt-PT\",\"@id\":\"https:\\\/\\\/www.mylasertabac.com\\\/pt-pt\\\/falar-de-canabis-ao-volante-o-que-percebi-depois-de-ler-o-estudo\\\/#primaryimage\",\"url\":\"https:\\\/\\\/www.mylasertabac.com\\\/wp-content\\\/uploads\\\/2025\\\/10\\\/les-fumeurs-de-cannabis-au-volant-.png\",\"contentUrl\":\"https:\\\/\\\/www.mylasertabac.com\\\/wp-content\\\/uploads\\\/2025\\\/10\\\/les-fumeurs-de-cannabis-au-volant-.png\",\"width\":1536,\"height\":1024},{\"@type\":\"BreadcrumbList\",\"@id\":\"https:\\\/\\\/www.mylasertabac.com\\\/pt-pt\\\/falar-de-canabis-ao-volante-o-que-percebi-depois-de-ler-o-estudo\\\/#breadcrumb\",\"itemListElement\":[{\"@type\":\"ListItem\",\"position\":1,\"name\":\"Accueil\",\"item\":\"https:\\\/\\\/www.mylasertabac.com\\\/pt-pt\\\/casa\\\/\"},{\"@type\":\"ListItem\",\"position\":2,\"name\":\"Falar de can\u00e1bis ao volante: o que percebi depois de ler o estudo\"}]},{\"@type\":\"WebSite\",\"@id\":\"https:\\\/\\\/www.mylasertabac.com\\\/pt-pt\\\/#website\",\"url\":\"https:\\\/\\\/www.mylasertabac.com\\\/pt-pt\\\/\",\"name\":\"My Laser Tabac\",\"description\":\"La solution laser qui transforme les fumeurs en ex-fumeurs\",\"publisher\":{\"@id\":\"https:\\\/\\\/www.mylasertabac.com\\\/pt-pt\\\/#organization\"},\"potentialAction\":[{\"@type\":\"SearchAction\",\"target\":{\"@type\":\"EntryPoint\",\"urlTemplate\":\"https:\\\/\\\/www.mylasertabac.com\\\/pt-pt\\\/?s={search_term_string}\"},\"query-input\":{\"@type\":\"PropertyValueSpecification\",\"valueRequired\":true,\"valueName\":\"search_term_string\"}}],\"inLanguage\":\"pt-PT\"},{\"@type\":\"Organization\",\"@id\":\"https:\\\/\\\/www.mylasertabac.com\\\/pt-pt\\\/#organization\",\"name\":\"My Laser Tabac\",\"url\":\"https:\\\/\\\/www.mylasertabac.com\\\/pt-pt\\\/\",\"logo\":{\"@type\":\"ImageObject\",\"inLanguage\":\"pt-PT\",\"@id\":\"https:\\\/\\\/www.mylasertabac.com\\\/pt-pt\\\/#\\\/schema\\\/logo\\\/image\\\/\",\"url\":\"https:\\\/\\\/www.mylasertabac.com\\\/wp-content\\\/uploads\\\/2024\\\/12\\\/mlt-verteau.svg\",\"contentUrl\":\"https:\\\/\\\/www.mylasertabac.com\\\/wp-content\\\/uploads\\\/2024\\\/12\\\/mlt-verteau.svg\",\"caption\":\"My Laser Tabac\"},\"image\":{\"@id\":\"https:\\\/\\\/www.mylasertabac.com\\\/pt-pt\\\/#\\\/schema\\\/logo\\\/image\\\/\"}},{\"@type\":\"Person\",\"@id\":\"https:\\\/\\\/www.mylasertabac.com\\\/pt-pt\\\/#\\\/schema\\\/person\\\/02c249cb76d912efb6c315ec23eccdf3\",\"name\":\"Florian Fortes\",\"image\":{\"@type\":\"ImageObject\",\"inLanguage\":\"pt-PT\",\"@id\":\"https:\\\/\\\/www.mylasertabac.com\\\/wp-content\\\/litespeed\\\/avatar\\\/142101a71d7b9e6490c1120d9c109a67.jpg?ver=1777461116\",\"url\":\"https:\\\/\\\/www.mylasertabac.com\\\/wp-content\\\/litespeed\\\/avatar\\\/142101a71d7b9e6490c1120d9c109a67.jpg?ver=1777461116\",\"contentUrl\":\"https:\\\/\\\/www.mylasertabac.com\\\/wp-content\\\/litespeed\\\/avatar\\\/142101a71d7b9e6490c1120d9c109a67.jpg?ver=1777461116\",\"caption\":\"Florian Fortes\"},\"sameAs\":[\"https:\\\/\\\/www.mylasertabac.com\",\"https:\\\/\\\/www.facebook.com\\\/profile.php?id=61571554707319\"],\"url\":\"https:\\\/\\\/www.mylasertabac.com\\\/pt-pt\\\/author\\\/florianfortes5312\\\/\"}]}<\/script>\n<!-- \/ Yoast SEO plugin. -->","yoast_head_json":{"title":"Falar de can\u00e1bis ao volante: o que percebi depois de ler o estudo - My Laser Tabac","description":"Descobre os perigos do consumo de cannabis ao volante e como, de acordo com os estudos mais recentes, aumenta o risco de acidentes.","robots":{"index":"index","follow":"follow","max-snippet":"max-snippet:-1","max-image-preview":"max-image-preview:large","max-video-preview":"max-video-preview:-1"},"canonical":"https:\/\/www.mylasertabac.com\/pt-pt\/falar-de-canabis-ao-volante-o-que-percebi-depois-de-ler-o-estudo\/","og_locale":"pt_PT","og_type":"article","og_title":"Falar de can\u00e1bis ao volante: o que percebi depois de ler o estudo - My Laser Tabac","og_description":"Descobre os perigos do consumo de cannabis ao volante e como, de acordo com os estudos mais recentes, aumenta o risco de acidentes.","og_url":"https:\/\/www.mylasertabac.com\/pt-pt\/falar-de-canabis-ao-volante-o-que-percebi-depois-de-ler-o-estudo\/","og_site_name":"My Laser Tabac","article_author":"https:\/\/www.facebook.com\/profile.php?id=61571554707319","article_published_time":"2025-10-27T09:36:56+00:00","article_modified_time":"2025-10-27T18:38:39+00:00","og_image":[{"width":1024,"height":683,"url":"https:\/\/www.mylasertabac.com\/wp-content\/uploads\/2025\/10\/les-fumeurs-de-cannabis-au-volant--1024x683.png","type":"image\/png"}],"author":"Florian Fortes","twitter_card":"summary_large_image","twitter_misc":{"Escrito por":"Florian Fortes","Tempo estimado de leitura":"4 minutos"},"schema":{"@context":"https:\/\/schema.org","@graph":[{"@type":"Article","@id":"https:\/\/www.mylasertabac.com\/pt-pt\/falar-de-canabis-ao-volante-o-que-percebi-depois-de-ler-o-estudo\/#article","isPartOf":{"@id":"https:\/\/www.mylasertabac.com\/pt-pt\/falar-de-canabis-ao-volante-o-que-percebi-depois-de-ler-o-estudo\/"},"author":{"name":"Florian Fortes","@id":"https:\/\/www.mylasertabac.com\/pt-pt\/#\/schema\/person\/02c249cb76d912efb6c315ec23eccdf3"},"headline":"Falar de can\u00e1bis ao volante: o que percebi depois de ler o estudo","datePublished":"2025-10-27T09:36:56+00:00","dateModified":"2025-10-27T18:38:39+00:00","mainEntityOfPage":{"@id":"https:\/\/www.mylasertabac.com\/pt-pt\/falar-de-canabis-ao-volante-o-que-percebi-depois-de-ler-o-estudo\/"},"wordCount":731,"publisher":{"@id":"https:\/\/www.mylasertabac.com\/pt-pt\/#organization"},"image":{"@id":"https:\/\/www.mylasertabac.com\/pt-pt\/falar-de-canabis-ao-volante-o-que-percebi-depois-de-ler-o-estudo\/#primaryimage"},"thumbnailUrl":"https:\/\/www.mylasertabac.com\/wp-content\/uploads\/2025\/10\/les-fumeurs-de-cannabis-au-volant-.png","articleSection":["Sa\u00fade"],"inLanguage":"pt-PT"},{"@type":"WebPage","@id":"https:\/\/www.mylasertabac.com\/pt-pt\/falar-de-canabis-ao-volante-o-que-percebi-depois-de-ler-o-estudo\/","url":"https:\/\/www.mylasertabac.com\/pt-pt\/falar-de-canabis-ao-volante-o-que-percebi-depois-de-ler-o-estudo\/","name":"Falar de can\u00e1bis ao volante: o que percebi depois de ler o estudo - My Laser Tabac","isPartOf":{"@id":"https:\/\/www.mylasertabac.com\/pt-pt\/#website"},"primaryImageOfPage":{"@id":"https:\/\/www.mylasertabac.com\/pt-pt\/falar-de-canabis-ao-volante-o-que-percebi-depois-de-ler-o-estudo\/#primaryimage"},"image":{"@id":"https:\/\/www.mylasertabac.com\/pt-pt\/falar-de-canabis-ao-volante-o-que-percebi-depois-de-ler-o-estudo\/#primaryimage"},"thumbnailUrl":"https:\/\/www.mylasertabac.com\/wp-content\/uploads\/2025\/10\/les-fumeurs-de-cannabis-au-volant-.png","datePublished":"2025-10-27T09:36:56+00:00","dateModified":"2025-10-27T18:38:39+00:00","description":"Descobre os perigos do consumo de cannabis ao volante e como, de acordo com os estudos mais recentes, aumenta o risco de acidentes.","breadcrumb":{"@id":"https:\/\/www.mylasertabac.com\/pt-pt\/falar-de-canabis-ao-volante-o-que-percebi-depois-de-ler-o-estudo\/#breadcrumb"},"inLanguage":"pt-PT","potentialAction":[{"@type":"ReadAction","target":["https:\/\/www.mylasertabac.com\/pt-pt\/falar-de-canabis-ao-volante-o-que-percebi-depois-de-ler-o-estudo\/"]}]},{"@type":"ImageObject","inLanguage":"pt-PT","@id":"https:\/\/www.mylasertabac.com\/pt-pt\/falar-de-canabis-ao-volante-o-que-percebi-depois-de-ler-o-estudo\/#primaryimage","url":"https:\/\/www.mylasertabac.com\/wp-content\/uploads\/2025\/10\/les-fumeurs-de-cannabis-au-volant-.png","contentUrl":"https:\/\/www.mylasertabac.com\/wp-content\/uploads\/2025\/10\/les-fumeurs-de-cannabis-au-volant-.png","width":1536,"height":1024},{"@type":"BreadcrumbList","@id":"https:\/\/www.mylasertabac.com\/pt-pt\/falar-de-canabis-ao-volante-o-que-percebi-depois-de-ler-o-estudo\/#breadcrumb","itemListElement":[{"@type":"ListItem","position":1,"name":"Accueil","item":"https:\/\/www.mylasertabac.com\/pt-pt\/casa\/"},{"@type":"ListItem","position":2,"name":"Falar de can\u00e1bis ao volante: o que percebi depois de ler o estudo"}]},{"@type":"WebSite","@id":"https:\/\/www.mylasertabac.com\/pt-pt\/#website","url":"https:\/\/www.mylasertabac.com\/pt-pt\/","name":"My Laser Tabac","description":"La solution laser qui transforme les fumeurs en ex-fumeurs","publisher":{"@id":"https:\/\/www.mylasertabac.com\/pt-pt\/#organization"},"potentialAction":[{"@type":"SearchAction","target":{"@type":"EntryPoint","urlTemplate":"https:\/\/www.mylasertabac.com\/pt-pt\/?s={search_term_string}"},"query-input":{"@type":"PropertyValueSpecification","valueRequired":true,"valueName":"search_term_string"}}],"inLanguage":"pt-PT"},{"@type":"Organization","@id":"https:\/\/www.mylasertabac.com\/pt-pt\/#organization","name":"My Laser Tabac","url":"https:\/\/www.mylasertabac.com\/pt-pt\/","logo":{"@type":"ImageObject","inLanguage":"pt-PT","@id":"https:\/\/www.mylasertabac.com\/pt-pt\/#\/schema\/logo\/image\/","url":"https:\/\/www.mylasertabac.com\/wp-content\/uploads\/2024\/12\/mlt-verteau.svg","contentUrl":"https:\/\/www.mylasertabac.com\/wp-content\/uploads\/2024\/12\/mlt-verteau.svg","caption":"My Laser Tabac"},"image":{"@id":"https:\/\/www.mylasertabac.com\/pt-pt\/#\/schema\/logo\/image\/"}},{"@type":"Person","@id":"https:\/\/www.mylasertabac.com\/pt-pt\/#\/schema\/person\/02c249cb76d912efb6c315ec23eccdf3","name":"Florian Fortes","image":{"@type":"ImageObject","inLanguage":"pt-PT","@id":"https:\/\/www.mylasertabac.com\/wp-content\/litespeed\/avatar\/142101a71d7b9e6490c1120d9c109a67.jpg?ver=1777461116","url":"https:\/\/www.mylasertabac.com\/wp-content\/litespeed\/avatar\/142101a71d7b9e6490c1120d9c109a67.jpg?ver=1777461116","contentUrl":"https:\/\/www.mylasertabac.com\/wp-content\/litespeed\/avatar\/142101a71d7b9e6490c1120d9c109a67.jpg?ver=1777461116","caption":"Florian Fortes"},"sameAs":["https:\/\/www.mylasertabac.com","https:\/\/www.facebook.com\/profile.php?id=61571554707319"],"url":"https:\/\/www.mylasertabac.com\/pt-pt\/author\/florianfortes5312\/"}]}},"_links":{"self":[{"href":"https:\/\/www.mylasertabac.com\/pt-pt\/wp-json\/wp\/v2\/posts\/18883","targetHints":{"allow":["GET"]}}],"collection":[{"href":"https:\/\/www.mylasertabac.com\/pt-pt\/wp-json\/wp\/v2\/posts"}],"about":[{"href":"https:\/\/www.mylasertabac.com\/pt-pt\/wp-json\/wp\/v2\/types\/post"}],"author":[{"embeddable":true,"href":"https:\/\/www.mylasertabac.com\/pt-pt\/wp-json\/wp\/v2\/users\/2"}],"replies":[{"embeddable":true,"href":"https:\/\/www.mylasertabac.com\/pt-pt\/wp-json\/wp\/v2\/comments?post=18883"}],"version-history":[{"count":1,"href":"https:\/\/www.mylasertabac.com\/pt-pt\/wp-json\/wp\/v2\/posts\/18883\/revisions"}],"predecessor-version":[{"id":18885,"href":"https:\/\/www.mylasertabac.com\/pt-pt\/wp-json\/wp\/v2\/posts\/18883\/revisions\/18885"}],"wp:featuredmedia":[{"embeddable":true,"href":"https:\/\/www.mylasertabac.com\/pt-pt\/wp-json\/wp\/v2\/media\/18875"}],"wp:attachment":[{"href":"https:\/\/www.mylasertabac.com\/pt-pt\/wp-json\/wp\/v2\/media?parent=18883"}],"wp:term":[{"taxonomy":"category","embeddable":true,"href":"https:\/\/www.mylasertabac.com\/pt-pt\/wp-json\/wp\/v2\/categories?post=18883"},{"taxonomy":"post_tag","embeddable":true,"href":"https:\/\/www.mylasertabac.com\/pt-pt\/wp-json\/wp\/v2\/tags?post=18883"}],"curies":[{"name":"wp","href":"https:\/\/api.w.org\/{rel}","templated":true}]}}