{"id":18907,"date":"2025-10-28T09:22:07","date_gmt":"2025-10-28T08:22:07","guid":{"rendered":"https:\/\/www.mylasertabac.com\/ecras-criancas-e-desigualdades-como-o-consumo-digital-ja-esta-a-ser-praticado-na-faixa-etaria-dos-3-aos-11-anos\/"},"modified":"2025-10-28T09:46:00","modified_gmt":"2025-10-28T08:46:00","slug":"ecras-criancas-e-desigualdades-como-o-consumo-digital-ja-esta-a-ser-praticado-na-faixa-etaria-dos-3-aos-11-anos","status":"publish","type":"post","link":"https:\/\/www.mylasertabac.com\/pt-pt\/ecras-criancas-e-desigualdades-como-o-consumo-digital-ja-esta-a-ser-praticado-na-faixa-etaria-dos-3-aos-11-anos\/","title":{"rendered":"Ecr\u00e3s, crian\u00e7as e desigualdades: como o consumo digital j\u00e1 est\u00e1 a ser praticado na faixa et\u00e1ria dos 3 aos 11 anos"},"content":{"rendered":"\n<div style=\"height:24px\" aria-hidden=\"true\" class=\"wp-block-spacer\"><\/div>\n\n<p>Numa altura em que os ecr\u00e3s s\u00e3o uma parte sempre presente do nosso quotidiano, uma coisa \u00e9 certa: os seus efeitos n\u00e3o se limitam aos adolescentes. As crian\u00e7as mais pequenas &#8211; dos 3 aos 11 anos &#8211; j\u00e1 s\u00e3o afectadas. E por detr\u00e1s desta constata\u00e7\u00e3o est\u00e3o <strong>desigualdades sociais<\/strong> que p\u00f5em em causa a nossa rela\u00e7\u00e3o com a educa\u00e7\u00e3o digital.  <\/p>\n\n<div style=\"height:24px\" aria-hidden=\"true\" class=\"wp-block-spacer\"><\/div>\n\n<h3 class=\"wp-block-heading\">Exposi\u00e7\u00e3o precoce e di\u00e1ria que \u00e9 frequentemente subestimada<\/h3>\n\n<p>As crian\u00e7as de hoje est\u00e3o a crescer num mundo digital. Televis\u00e3o, tablets, consolas, smartphones: a exposi\u00e7\u00e3o come\u00e7a cedo. O \u00faltimo relat\u00f3rio sobre os h\u00e1bitos de utiliza\u00e7\u00e3o de ecr\u00e3s das crian\u00e7as dos 3 aos 11 anos em Fran\u00e7a revela que quase todas as crian\u00e7as desta faixa et\u00e1ria utilizam um ecr\u00e3 todos os dias. O que \u00e9 ainda mais surpreendente \u00e9 que o tempo de utiliza\u00e7\u00e3o dos ecr\u00e3s aumenta com a idade &#8211; em m\u00e9dia, cerca de 1 hora e 15 minutos por dia para as crian\u00e7as dos 3 aos 5 anos e at\u00e9 2 horas e 30 minutos para as crian\u00e7as dos 9 aos 11 anos. Verdadeira imers\u00e3o digital.    <\/p>\n\n<p>Mas n\u00e3o se trata apenas de uma quest\u00e3o de dura\u00e7\u00e3o. O <strong>ambiente familiar<\/strong>, a <strong>sala de estar<\/strong>, a <strong>presen\u00e7a de um ecr\u00e3 no quarto<\/strong>, tudo contribui para refor\u00e7ar este fen\u00f3meno. E s\u00e3o os agregados familiares com menos recursos &#8211; em termos de espa\u00e7o e de tempo parental &#8211; os mais afectados. Por outras palavras: mais do que um h\u00e1bito, trata-se de um <strong>reflexo social marcado pela desigualdade<\/strong>.   <\/p>\n\n<div style=\"height:24px\" aria-hidden=\"true\" class=\"wp-block-spacer\"><\/div>\n\n<figure class=\"wp-block-table\"><table class=\"has-fixed-layout\"><tbody><tr><td>L\u00ea tamb\u00e9m:  <a href=\"https:\/\/www.mylasertabac.com\/pt-pt\/informacoes\/formacao-laser-anti-tabaco-e-contra-a-dependencia\/\"><mark style=\"background-color:rgba(0, 0, 0, 0)\" class=\"has-inline-color has-luminous-vivid-orange-color\">Se queres abrir um franchising de crescimento r\u00e1pido no campo do tratamento de depend\u00eancias, Mylasertabac oferece-te um conceito chave na m\u00e3o. Clica aqui para saberes mais. <\/mark><\/a><\/td><\/tr><\/tbody><\/table><\/figure>\n\n<div style=\"height:24px\" aria-hidden=\"true\" class=\"wp-block-spacer\"><\/div>\n\n<h3 class=\"wp-block-heading\">Porque \u00e9 que esta exposi\u00e7\u00e3o \u00e9 t\u00e3o preocupante?<\/h3>\n\n<p>A utiliza\u00e7\u00e3o intensiva de ecr\u00e3s pelas crian\u00e7as pode afetar o sono, atrasar o desenvolvimento da linguagem, alterar os h\u00e1bitos de brincadeira e limitar a atividade f\u00edsica. O c\u00e9rebro, que est\u00e1 ainda em desenvolvimento, \u00e9 particularmente recetivo a estes est\u00edmulos frequentes. Observa-se, por vezes, irritabilidade, dificuldade de concentra\u00e7\u00e3o e falta de interesse por actividades fora do ecr\u00e3.  <\/p>\n\n<p>E depois h\u00e1 o efeito a longo prazo: menos movimento, mais tempo sentado, mais exposi\u00e7\u00e3o a conte\u00fados inadequados. Estes factores podem levar a h\u00e1bitos sedent\u00e1rios, perturba\u00e7\u00f5es do sono e at\u00e9 a uma rela\u00e7\u00e3o menos equilibrada com a autoimagem e a intera\u00e7\u00e3o social. <\/p>\n\n<div style=\"height:24px\" aria-hidden=\"true\" class=\"wp-block-spacer\"><\/div>\n\n<h3 class=\"wp-block-heading\">A desigualdade \u00e0 superf\u00edcie: o ambiente faz a diferen\u00e7a<\/h3>\n\n<p>Uma coisa \u00e9 certa: <strong>o tempo de ecr\u00e3 depende muito das condi\u00e7\u00f5es de vida da fam\u00edlia<\/strong>. Em algumas casas: um pai ou uma m\u00e3e frequentemente ausente, um espa\u00e7o apertado, acesso quase constante a um smartphone ou tablet. Noutros: um ambiente mais estruturado, regras expl\u00edcitas sobre os ecr\u00e3s, mais actividades alternativas fora do mundo digital.  <\/p>\n\n<p>Estas diferen\u00e7as t\u00eam um impacto tang\u00edvel. As crian\u00e7as de meios mais pobres t\u00eam frequentemente mais tempo de ecr\u00e3, menos supervis\u00e3o e mais solid\u00e3o digital. Esta situa\u00e7\u00e3o n\u00e3o \u00e9 inevit\u00e1vel, mas aponta para um desafio: o da equidade educativa num mundo digital omnipresente.  <\/p>\n\n<div style=\"height:24px\" aria-hidden=\"true\" class=\"wp-block-spacer\"><\/div>\n\n<h3 class=\"wp-block-heading\">Como \u00e9 que abordas o assunto enquanto pai, professor ou familiar?<\/h3>\n\n<ul class=\"wp-block-list\">\n<li><strong>Oferece um tempo sem ecr\u00e3s<\/strong>, mesmo que seja por pouco tempo: um jogo de tabuleiro, um passeio, uma conversa.<\/li>\n\n\n\n<li>Estabelece <strong>regras claras e adequadas \u00e0 idade<\/strong>: &#8220;15 minutos depois da escola&#8221;, ou &#8220;um dia sem consola no fim de semana&#8221;.<\/li>\n\n\n\n<li><strong>Wiser sobre a exemplaridade: a tua pr\u00f3pria rela\u00e7\u00e3o com o ecr\u00e3 \u00e9 um modelo.<\/strong>  A crian\u00e7a observa tanto o que fazes como o que dizes.<\/li>\n\n\n\n<li><strong>Discutir em vez de dar li\u00e7\u00f5es: &#8220;O que v\u00eas neste jogo?&#8221;, &#8220;O que gostaste na aplica\u00e7\u00e3o?&#8221;<\/strong>  O debate aberto ajuda a desenvolver as capacidades de pensamento cr\u00edtico.<\/li>\n\n\n\n<li><strong>Promove alternativas: livros, desporto, culin\u00e1ria, bricolage, etc.<\/strong> O prazer n\u00e3o est\u00e1 apenas reservado aos ecr\u00e3s. Est\u00e1 na liga\u00e7\u00e3o, no movimento, na curiosidade. <\/li>\n<\/ul>\n\n<div style=\"height:24px\" aria-hidden=\"true\" class=\"wp-block-spacer\"><\/div>\n\n<h3 class=\"wp-block-heading\">Agir nas escolas, associa\u00e7\u00f5es e comunidades<\/h3>\n\n<p>A um n\u00edvel mais amplo, \u00e9 essencial sensibilizar os professores, os animadores e os gestores dos centros de lazer. Temos de repensar a disposi\u00e7\u00e3o dos espa\u00e7os, oferecer actividades longe do ecr\u00e3 e ter em conta que n\u00e3o se trata apenas de uma quest\u00e3o t\u00e9cnica, mas sim de uma quest\u00e3o <strong>social<\/strong>. <\/p>\n\n<div style=\"height:24px\" aria-hidden=\"true\" class=\"wp-block-spacer\"><\/div>\n\n<h3 class=\"wp-block-heading\">Em conclus\u00e3o<\/h3>\n\n<p>A utiliza\u00e7\u00e3o dos ecr\u00e3s pelas crian\u00e7as dos 3 aos 11 anos n\u00e3o \u00e9 apenas uma quest\u00e3o de tempo. Afecta <strong>a sa\u00fade<\/strong>, <strong>a concentra\u00e7\u00e3o<\/strong>, o <strong>ritmo de vida<\/strong> e, acima de tudo, <strong>a justi\u00e7a social<\/strong>.<br\/>Quando falamos de ecr\u00e3s, falamos tamb\u00e9m de condi\u00e7\u00f5es de vida, de recursos e de pontos de refer\u00eancia.<br\/>Todas as crian\u00e7as merecem um ambiente digital equilibrado, rodeado e orientado.<br\/>E, desde que actuemos com base no enquadramento, seremos capazes de transformar este tempo de imers\u00e3o numa verdadeira oportunidade de aprendizagem, de cria\u00e7\u00e3o de la\u00e7os e de descoberta. <\/p>\n\n<div style=\"height:24px\" aria-hidden=\"true\" class=\"wp-block-spacer\"><\/div>\n\n<figure class=\"wp-block-image size-large\"><img decoding=\"async\" src=\"https:\/\/www.mylasertabac.com\/wp-content\/uploads\/\/mlt-verteau.svg\" alt=\"\" class=\"wp-image-13\"\/><\/figure>\n","protected":false},"excerpt":{"rendered":"<p>Numa altura em que os ecr\u00e3s s\u00e3o uma parte sempre presente do nosso quotidiano, uma coisa \u00e9 certa: os seus efeitos n\u00e3o se limitam aos adolescentes. As crian\u00e7as mais pequenas &#8211; dos 3 aos 11 anos &#8211; j\u00e1 s\u00e3o afectadas. E por detr\u00e1s desta constata\u00e7\u00e3o est\u00e3o desigualdades sociais que p\u00f5em em causa a nossa rela\u00e7\u00e3o [&hellip;]<\/p>\n","protected":false},"author":2,"featured_media":18900,"comment_status":"closed","ping_status":"open","sticky":false,"template":"","format":"standard","meta":{"inline_featured_image":false,"footnotes":""},"categories":[130],"tags":[],"class_list":["post-18907","post","type-post","status-publish","format-standard","has-post-thumbnail","hentry","category-saude"],"yoast_head":"<!-- This site is optimized with the Yoast SEO plugin v27.4 - https:\/\/yoast.com\/product\/yoast-seo-wordpress\/ -->\n<title>Ecr\u00e3s, crian\u00e7as e desigualdades: como o consumo digital j\u00e1 est\u00e1 a ser praticado na faixa et\u00e1ria dos 3 aos 11 anos - My Laser Tabac<\/title>\n<meta name=\"description\" content=\"Descobre como o tempo de ecr\u00e3 afecta as crian\u00e7as e como estabelecer um equil\u00edbrio digital saud\u00e1vel na vida quotidiana.\" \/>\n<meta name=\"robots\" content=\"index, follow, max-snippet:-1, max-image-preview:large, max-video-preview:-1\" \/>\n<link rel=\"canonical\" href=\"https:\/\/www.mylasertabac.com\/pt-pt\/ecras-criancas-e-desigualdades-como-o-consumo-digital-ja-esta-a-ser-praticado-na-faixa-etaria-dos-3-aos-11-anos\/\" \/>\n<meta property=\"og:locale\" content=\"pt_PT\" \/>\n<meta property=\"og:type\" content=\"article\" \/>\n<meta property=\"og:title\" content=\"Ecr\u00e3s, crian\u00e7as e desigualdades: como o consumo digital j\u00e1 est\u00e1 a ser praticado na faixa et\u00e1ria dos 3 aos 11 anos - My Laser Tabac\" \/>\n<meta property=\"og:description\" content=\"Descobre como o tempo de ecr\u00e3 afecta as crian\u00e7as e como estabelecer um equil\u00edbrio digital saud\u00e1vel na vida quotidiana.\" \/>\n<meta property=\"og:url\" content=\"https:\/\/www.mylasertabac.com\/pt-pt\/ecras-criancas-e-desigualdades-como-o-consumo-digital-ja-esta-a-ser-praticado-na-faixa-etaria-dos-3-aos-11-anos\/\" \/>\n<meta property=\"og:site_name\" content=\"My Laser Tabac\" \/>\n<meta property=\"article:author\" content=\"https:\/\/www.facebook.com\/profile.php?id=61571554707319\" \/>\n<meta property=\"article:published_time\" content=\"2025-10-28T08:22:07+00:00\" \/>\n<meta property=\"article:modified_time\" content=\"2025-10-28T08:46:00+00:00\" \/>\n<meta property=\"og:image\" content=\"https:\/\/www.mylasertabac.com\/wp-content\/uploads\/2025\/10\/addiction-des-jeunes-au-tablette-et-jeu-video--1024x683.png\" \/>\n\t<meta property=\"og:image:width\" content=\"1024\" \/>\n\t<meta property=\"og:image:height\" content=\"683\" \/>\n\t<meta property=\"og:image:type\" content=\"image\/png\" \/>\n<meta name=\"author\" content=\"Florian Fortes\" \/>\n<meta name=\"twitter:card\" content=\"summary_large_image\" \/>\n<meta name=\"twitter:label1\" content=\"Escrito por\" \/>\n\t<meta name=\"twitter:data1\" content=\"Florian Fortes\" \/>\n\t<meta name=\"twitter:label2\" content=\"Tempo estimado de leitura\" \/>\n\t<meta name=\"twitter:data2\" content=\"4 minutos\" \/>\n<script type=\"application\/ld+json\" class=\"yoast-schema-graph\">{\"@context\":\"https:\\\/\\\/schema.org\",\"@graph\":[{\"@type\":\"Article\",\"@id\":\"https:\\\/\\\/www.mylasertabac.com\\\/pt-pt\\\/ecras-criancas-e-desigualdades-como-o-consumo-digital-ja-esta-a-ser-praticado-na-faixa-etaria-dos-3-aos-11-anos\\\/#article\",\"isPartOf\":{\"@id\":\"https:\\\/\\\/www.mylasertabac.com\\\/pt-pt\\\/ecras-criancas-e-desigualdades-como-o-consumo-digital-ja-esta-a-ser-praticado-na-faixa-etaria-dos-3-aos-11-anos\\\/\"},\"author\":{\"name\":\"Florian Fortes\",\"@id\":\"https:\\\/\\\/www.mylasertabac.com\\\/pt-pt\\\/#\\\/schema\\\/person\\\/02c249cb76d912efb6c315ec23eccdf3\"},\"headline\":\"Ecr\u00e3s, crian\u00e7as e desigualdades: como o consumo digital j\u00e1 est\u00e1 a ser praticado na faixa et\u00e1ria dos 3 aos 11 anos\",\"datePublished\":\"2025-10-28T08:22:07+00:00\",\"dateModified\":\"2025-10-28T08:46:00+00:00\",\"mainEntityOfPage\":{\"@id\":\"https:\\\/\\\/www.mylasertabac.com\\\/pt-pt\\\/ecras-criancas-e-desigualdades-como-o-consumo-digital-ja-esta-a-ser-praticado-na-faixa-etaria-dos-3-aos-11-anos\\\/\"},\"wordCount\":863,\"publisher\":{\"@id\":\"https:\\\/\\\/www.mylasertabac.com\\\/pt-pt\\\/#organization\"},\"image\":{\"@id\":\"https:\\\/\\\/www.mylasertabac.com\\\/pt-pt\\\/ecras-criancas-e-desigualdades-como-o-consumo-digital-ja-esta-a-ser-praticado-na-faixa-etaria-dos-3-aos-11-anos\\\/#primaryimage\"},\"thumbnailUrl\":\"https:\\\/\\\/www.mylasertabac.com\\\/wp-content\\\/uploads\\\/2025\\\/10\\\/addiction-des-jeunes-au-tablette-et-jeu-video-.png\",\"articleSection\":[\"Sa\u00fade\"],\"inLanguage\":\"pt-PT\"},{\"@type\":\"WebPage\",\"@id\":\"https:\\\/\\\/www.mylasertabac.com\\\/pt-pt\\\/ecras-criancas-e-desigualdades-como-o-consumo-digital-ja-esta-a-ser-praticado-na-faixa-etaria-dos-3-aos-11-anos\\\/\",\"url\":\"https:\\\/\\\/www.mylasertabac.com\\\/pt-pt\\\/ecras-criancas-e-desigualdades-como-o-consumo-digital-ja-esta-a-ser-praticado-na-faixa-etaria-dos-3-aos-11-anos\\\/\",\"name\":\"Ecr\u00e3s, crian\u00e7as e desigualdades: como o consumo digital j\u00e1 est\u00e1 a ser praticado na faixa et\u00e1ria dos 3 aos 11 anos - My Laser Tabac\",\"isPartOf\":{\"@id\":\"https:\\\/\\\/www.mylasertabac.com\\\/pt-pt\\\/#website\"},\"primaryImageOfPage\":{\"@id\":\"https:\\\/\\\/www.mylasertabac.com\\\/pt-pt\\\/ecras-criancas-e-desigualdades-como-o-consumo-digital-ja-esta-a-ser-praticado-na-faixa-etaria-dos-3-aos-11-anos\\\/#primaryimage\"},\"image\":{\"@id\":\"https:\\\/\\\/www.mylasertabac.com\\\/pt-pt\\\/ecras-criancas-e-desigualdades-como-o-consumo-digital-ja-esta-a-ser-praticado-na-faixa-etaria-dos-3-aos-11-anos\\\/#primaryimage\"},\"thumbnailUrl\":\"https:\\\/\\\/www.mylasertabac.com\\\/wp-content\\\/uploads\\\/2025\\\/10\\\/addiction-des-jeunes-au-tablette-et-jeu-video-.png\",\"datePublished\":\"2025-10-28T08:22:07+00:00\",\"dateModified\":\"2025-10-28T08:46:00+00:00\",\"description\":\"Descobre como o tempo de ecr\u00e3 afecta as crian\u00e7as e como estabelecer um equil\u00edbrio digital saud\u00e1vel na vida quotidiana.\",\"breadcrumb\":{\"@id\":\"https:\\\/\\\/www.mylasertabac.com\\\/pt-pt\\\/ecras-criancas-e-desigualdades-como-o-consumo-digital-ja-esta-a-ser-praticado-na-faixa-etaria-dos-3-aos-11-anos\\\/#breadcrumb\"},\"inLanguage\":\"pt-PT\",\"potentialAction\":[{\"@type\":\"ReadAction\",\"target\":[\"https:\\\/\\\/www.mylasertabac.com\\\/pt-pt\\\/ecras-criancas-e-desigualdades-como-o-consumo-digital-ja-esta-a-ser-praticado-na-faixa-etaria-dos-3-aos-11-anos\\\/\"]}]},{\"@type\":\"ImageObject\",\"inLanguage\":\"pt-PT\",\"@id\":\"https:\\\/\\\/www.mylasertabac.com\\\/pt-pt\\\/ecras-criancas-e-desigualdades-como-o-consumo-digital-ja-esta-a-ser-praticado-na-faixa-etaria-dos-3-aos-11-anos\\\/#primaryimage\",\"url\":\"https:\\\/\\\/www.mylasertabac.com\\\/wp-content\\\/uploads\\\/2025\\\/10\\\/addiction-des-jeunes-au-tablette-et-jeu-video-.png\",\"contentUrl\":\"https:\\\/\\\/www.mylasertabac.com\\\/wp-content\\\/uploads\\\/2025\\\/10\\\/addiction-des-jeunes-au-tablette-et-jeu-video-.png\",\"width\":1536,\"height\":1024},{\"@type\":\"BreadcrumbList\",\"@id\":\"https:\\\/\\\/www.mylasertabac.com\\\/pt-pt\\\/ecras-criancas-e-desigualdades-como-o-consumo-digital-ja-esta-a-ser-praticado-na-faixa-etaria-dos-3-aos-11-anos\\\/#breadcrumb\",\"itemListElement\":[{\"@type\":\"ListItem\",\"position\":1,\"name\":\"Accueil\",\"item\":\"https:\\\/\\\/www.mylasertabac.com\\\/pt-pt\\\/casa\\\/\"},{\"@type\":\"ListItem\",\"position\":2,\"name\":\"Ecr\u00e3s, crian\u00e7as e desigualdades: como o consumo digital j\u00e1 est\u00e1 a ser praticado na faixa et\u00e1ria dos 3 aos 11 anos\"}]},{\"@type\":\"WebSite\",\"@id\":\"https:\\\/\\\/www.mylasertabac.com\\\/pt-pt\\\/#website\",\"url\":\"https:\\\/\\\/www.mylasertabac.com\\\/pt-pt\\\/\",\"name\":\"My Laser Tabac\",\"description\":\"La solution laser qui transforme les fumeurs en ex-fumeurs\",\"publisher\":{\"@id\":\"https:\\\/\\\/www.mylasertabac.com\\\/pt-pt\\\/#organization\"},\"potentialAction\":[{\"@type\":\"SearchAction\",\"target\":{\"@type\":\"EntryPoint\",\"urlTemplate\":\"https:\\\/\\\/www.mylasertabac.com\\\/pt-pt\\\/?s={search_term_string}\"},\"query-input\":{\"@type\":\"PropertyValueSpecification\",\"valueRequired\":true,\"valueName\":\"search_term_string\"}}],\"inLanguage\":\"pt-PT\"},{\"@type\":\"Organization\",\"@id\":\"https:\\\/\\\/www.mylasertabac.com\\\/pt-pt\\\/#organization\",\"name\":\"My Laser Tabac\",\"url\":\"https:\\\/\\\/www.mylasertabac.com\\\/pt-pt\\\/\",\"logo\":{\"@type\":\"ImageObject\",\"inLanguage\":\"pt-PT\",\"@id\":\"https:\\\/\\\/www.mylasertabac.com\\\/pt-pt\\\/#\\\/schema\\\/logo\\\/image\\\/\",\"url\":\"https:\\\/\\\/www.mylasertabac.com\\\/wp-content\\\/uploads\\\/2024\\\/12\\\/mlt-verteau.svg\",\"contentUrl\":\"https:\\\/\\\/www.mylasertabac.com\\\/wp-content\\\/uploads\\\/2024\\\/12\\\/mlt-verteau.svg\",\"caption\":\"My Laser Tabac\"},\"image\":{\"@id\":\"https:\\\/\\\/www.mylasertabac.com\\\/pt-pt\\\/#\\\/schema\\\/logo\\\/image\\\/\"}},{\"@type\":\"Person\",\"@id\":\"https:\\\/\\\/www.mylasertabac.com\\\/pt-pt\\\/#\\\/schema\\\/person\\\/02c249cb76d912efb6c315ec23eccdf3\",\"name\":\"Florian Fortes\",\"image\":{\"@type\":\"ImageObject\",\"inLanguage\":\"pt-PT\",\"@id\":\"https:\\\/\\\/www.mylasertabac.com\\\/wp-content\\\/litespeed\\\/avatar\\\/142101a71d7b9e6490c1120d9c109a67.jpg?ver=1776856306\",\"url\":\"https:\\\/\\\/www.mylasertabac.com\\\/wp-content\\\/litespeed\\\/avatar\\\/142101a71d7b9e6490c1120d9c109a67.jpg?ver=1776856306\",\"contentUrl\":\"https:\\\/\\\/www.mylasertabac.com\\\/wp-content\\\/litespeed\\\/avatar\\\/142101a71d7b9e6490c1120d9c109a67.jpg?ver=1776856306\",\"caption\":\"Florian Fortes\"},\"sameAs\":[\"https:\\\/\\\/www.mylasertabac.com\",\"https:\\\/\\\/www.facebook.com\\\/profile.php?id=61571554707319\"],\"url\":\"https:\\\/\\\/www.mylasertabac.com\\\/pt-pt\\\/author\\\/florianfortes5312\\\/\"}]}<\/script>\n<!-- \/ Yoast SEO plugin. -->","yoast_head_json":{"title":"Ecr\u00e3s, crian\u00e7as e desigualdades: como o consumo digital j\u00e1 est\u00e1 a ser praticado na faixa et\u00e1ria dos 3 aos 11 anos - My Laser Tabac","description":"Descobre como o tempo de ecr\u00e3 afecta as crian\u00e7as e como estabelecer um equil\u00edbrio digital saud\u00e1vel na vida quotidiana.","robots":{"index":"index","follow":"follow","max-snippet":"max-snippet:-1","max-image-preview":"max-image-preview:large","max-video-preview":"max-video-preview:-1"},"canonical":"https:\/\/www.mylasertabac.com\/pt-pt\/ecras-criancas-e-desigualdades-como-o-consumo-digital-ja-esta-a-ser-praticado-na-faixa-etaria-dos-3-aos-11-anos\/","og_locale":"pt_PT","og_type":"article","og_title":"Ecr\u00e3s, crian\u00e7as e desigualdades: como o consumo digital j\u00e1 est\u00e1 a ser praticado na faixa et\u00e1ria dos 3 aos 11 anos - My Laser Tabac","og_description":"Descobre como o tempo de ecr\u00e3 afecta as crian\u00e7as e como estabelecer um equil\u00edbrio digital saud\u00e1vel na vida quotidiana.","og_url":"https:\/\/www.mylasertabac.com\/pt-pt\/ecras-criancas-e-desigualdades-como-o-consumo-digital-ja-esta-a-ser-praticado-na-faixa-etaria-dos-3-aos-11-anos\/","og_site_name":"My Laser Tabac","article_author":"https:\/\/www.facebook.com\/profile.php?id=61571554707319","article_published_time":"2025-10-28T08:22:07+00:00","article_modified_time":"2025-10-28T08:46:00+00:00","og_image":[{"width":1024,"height":683,"url":"https:\/\/www.mylasertabac.com\/wp-content\/uploads\/2025\/10\/addiction-des-jeunes-au-tablette-et-jeu-video--1024x683.png","type":"image\/png"}],"author":"Florian Fortes","twitter_card":"summary_large_image","twitter_misc":{"Escrito por":"Florian Fortes","Tempo estimado de leitura":"4 minutos"},"schema":{"@context":"https:\/\/schema.org","@graph":[{"@type":"Article","@id":"https:\/\/www.mylasertabac.com\/pt-pt\/ecras-criancas-e-desigualdades-como-o-consumo-digital-ja-esta-a-ser-praticado-na-faixa-etaria-dos-3-aos-11-anos\/#article","isPartOf":{"@id":"https:\/\/www.mylasertabac.com\/pt-pt\/ecras-criancas-e-desigualdades-como-o-consumo-digital-ja-esta-a-ser-praticado-na-faixa-etaria-dos-3-aos-11-anos\/"},"author":{"name":"Florian Fortes","@id":"https:\/\/www.mylasertabac.com\/pt-pt\/#\/schema\/person\/02c249cb76d912efb6c315ec23eccdf3"},"headline":"Ecr\u00e3s, crian\u00e7as e desigualdades: como o consumo digital j\u00e1 est\u00e1 a ser praticado na faixa et\u00e1ria dos 3 aos 11 anos","datePublished":"2025-10-28T08:22:07+00:00","dateModified":"2025-10-28T08:46:00+00:00","mainEntityOfPage":{"@id":"https:\/\/www.mylasertabac.com\/pt-pt\/ecras-criancas-e-desigualdades-como-o-consumo-digital-ja-esta-a-ser-praticado-na-faixa-etaria-dos-3-aos-11-anos\/"},"wordCount":863,"publisher":{"@id":"https:\/\/www.mylasertabac.com\/pt-pt\/#organization"},"image":{"@id":"https:\/\/www.mylasertabac.com\/pt-pt\/ecras-criancas-e-desigualdades-como-o-consumo-digital-ja-esta-a-ser-praticado-na-faixa-etaria-dos-3-aos-11-anos\/#primaryimage"},"thumbnailUrl":"https:\/\/www.mylasertabac.com\/wp-content\/uploads\/2025\/10\/addiction-des-jeunes-au-tablette-et-jeu-video-.png","articleSection":["Sa\u00fade"],"inLanguage":"pt-PT"},{"@type":"WebPage","@id":"https:\/\/www.mylasertabac.com\/pt-pt\/ecras-criancas-e-desigualdades-como-o-consumo-digital-ja-esta-a-ser-praticado-na-faixa-etaria-dos-3-aos-11-anos\/","url":"https:\/\/www.mylasertabac.com\/pt-pt\/ecras-criancas-e-desigualdades-como-o-consumo-digital-ja-esta-a-ser-praticado-na-faixa-etaria-dos-3-aos-11-anos\/","name":"Ecr\u00e3s, crian\u00e7as e desigualdades: como o consumo digital j\u00e1 est\u00e1 a ser praticado na faixa et\u00e1ria dos 3 aos 11 anos - My Laser Tabac","isPartOf":{"@id":"https:\/\/www.mylasertabac.com\/pt-pt\/#website"},"primaryImageOfPage":{"@id":"https:\/\/www.mylasertabac.com\/pt-pt\/ecras-criancas-e-desigualdades-como-o-consumo-digital-ja-esta-a-ser-praticado-na-faixa-etaria-dos-3-aos-11-anos\/#primaryimage"},"image":{"@id":"https:\/\/www.mylasertabac.com\/pt-pt\/ecras-criancas-e-desigualdades-como-o-consumo-digital-ja-esta-a-ser-praticado-na-faixa-etaria-dos-3-aos-11-anos\/#primaryimage"},"thumbnailUrl":"https:\/\/www.mylasertabac.com\/wp-content\/uploads\/2025\/10\/addiction-des-jeunes-au-tablette-et-jeu-video-.png","datePublished":"2025-10-28T08:22:07+00:00","dateModified":"2025-10-28T08:46:00+00:00","description":"Descobre como o tempo de ecr\u00e3 afecta as crian\u00e7as e como estabelecer um equil\u00edbrio digital saud\u00e1vel na vida quotidiana.","breadcrumb":{"@id":"https:\/\/www.mylasertabac.com\/pt-pt\/ecras-criancas-e-desigualdades-como-o-consumo-digital-ja-esta-a-ser-praticado-na-faixa-etaria-dos-3-aos-11-anos\/#breadcrumb"},"inLanguage":"pt-PT","potentialAction":[{"@type":"ReadAction","target":["https:\/\/www.mylasertabac.com\/pt-pt\/ecras-criancas-e-desigualdades-como-o-consumo-digital-ja-esta-a-ser-praticado-na-faixa-etaria-dos-3-aos-11-anos\/"]}]},{"@type":"ImageObject","inLanguage":"pt-PT","@id":"https:\/\/www.mylasertabac.com\/pt-pt\/ecras-criancas-e-desigualdades-como-o-consumo-digital-ja-esta-a-ser-praticado-na-faixa-etaria-dos-3-aos-11-anos\/#primaryimage","url":"https:\/\/www.mylasertabac.com\/wp-content\/uploads\/2025\/10\/addiction-des-jeunes-au-tablette-et-jeu-video-.png","contentUrl":"https:\/\/www.mylasertabac.com\/wp-content\/uploads\/2025\/10\/addiction-des-jeunes-au-tablette-et-jeu-video-.png","width":1536,"height":1024},{"@type":"BreadcrumbList","@id":"https:\/\/www.mylasertabac.com\/pt-pt\/ecras-criancas-e-desigualdades-como-o-consumo-digital-ja-esta-a-ser-praticado-na-faixa-etaria-dos-3-aos-11-anos\/#breadcrumb","itemListElement":[{"@type":"ListItem","position":1,"name":"Accueil","item":"https:\/\/www.mylasertabac.com\/pt-pt\/casa\/"},{"@type":"ListItem","position":2,"name":"Ecr\u00e3s, crian\u00e7as e desigualdades: como o consumo digital j\u00e1 est\u00e1 a ser praticado na faixa et\u00e1ria dos 3 aos 11 anos"}]},{"@type":"WebSite","@id":"https:\/\/www.mylasertabac.com\/pt-pt\/#website","url":"https:\/\/www.mylasertabac.com\/pt-pt\/","name":"My Laser Tabac","description":"La solution laser qui transforme les fumeurs en ex-fumeurs","publisher":{"@id":"https:\/\/www.mylasertabac.com\/pt-pt\/#organization"},"potentialAction":[{"@type":"SearchAction","target":{"@type":"EntryPoint","urlTemplate":"https:\/\/www.mylasertabac.com\/pt-pt\/?s={search_term_string}"},"query-input":{"@type":"PropertyValueSpecification","valueRequired":true,"valueName":"search_term_string"}}],"inLanguage":"pt-PT"},{"@type":"Organization","@id":"https:\/\/www.mylasertabac.com\/pt-pt\/#organization","name":"My Laser Tabac","url":"https:\/\/www.mylasertabac.com\/pt-pt\/","logo":{"@type":"ImageObject","inLanguage":"pt-PT","@id":"https:\/\/www.mylasertabac.com\/pt-pt\/#\/schema\/logo\/image\/","url":"https:\/\/www.mylasertabac.com\/wp-content\/uploads\/2024\/12\/mlt-verteau.svg","contentUrl":"https:\/\/www.mylasertabac.com\/wp-content\/uploads\/2024\/12\/mlt-verteau.svg","caption":"My Laser Tabac"},"image":{"@id":"https:\/\/www.mylasertabac.com\/pt-pt\/#\/schema\/logo\/image\/"}},{"@type":"Person","@id":"https:\/\/www.mylasertabac.com\/pt-pt\/#\/schema\/person\/02c249cb76d912efb6c315ec23eccdf3","name":"Florian Fortes","image":{"@type":"ImageObject","inLanguage":"pt-PT","@id":"https:\/\/www.mylasertabac.com\/wp-content\/litespeed\/avatar\/142101a71d7b9e6490c1120d9c109a67.jpg?ver=1776856306","url":"https:\/\/www.mylasertabac.com\/wp-content\/litespeed\/avatar\/142101a71d7b9e6490c1120d9c109a67.jpg?ver=1776856306","contentUrl":"https:\/\/www.mylasertabac.com\/wp-content\/litespeed\/avatar\/142101a71d7b9e6490c1120d9c109a67.jpg?ver=1776856306","caption":"Florian Fortes"},"sameAs":["https:\/\/www.mylasertabac.com","https:\/\/www.facebook.com\/profile.php?id=61571554707319"],"url":"https:\/\/www.mylasertabac.com\/pt-pt\/author\/florianfortes5312\/"}]}},"_links":{"self":[{"href":"https:\/\/www.mylasertabac.com\/pt-pt\/wp-json\/wp\/v2\/posts\/18907","targetHints":{"allow":["GET"]}}],"collection":[{"href":"https:\/\/www.mylasertabac.com\/pt-pt\/wp-json\/wp\/v2\/posts"}],"about":[{"href":"https:\/\/www.mylasertabac.com\/pt-pt\/wp-json\/wp\/v2\/types\/post"}],"author":[{"embeddable":true,"href":"https:\/\/www.mylasertabac.com\/pt-pt\/wp-json\/wp\/v2\/users\/2"}],"replies":[{"embeddable":true,"href":"https:\/\/www.mylasertabac.com\/pt-pt\/wp-json\/wp\/v2\/comments?post=18907"}],"version-history":[{"count":7,"href":"https:\/\/www.mylasertabac.com\/pt-pt\/wp-json\/wp\/v2\/posts\/18907\/revisions"}],"predecessor-version":[{"id":18948,"href":"https:\/\/www.mylasertabac.com\/pt-pt\/wp-json\/wp\/v2\/posts\/18907\/revisions\/18948"}],"wp:featuredmedia":[{"embeddable":true,"href":"https:\/\/www.mylasertabac.com\/pt-pt\/wp-json\/wp\/v2\/media\/18900"}],"wp:attachment":[{"href":"https:\/\/www.mylasertabac.com\/pt-pt\/wp-json\/wp\/v2\/media?parent=18907"}],"wp:term":[{"taxonomy":"category","embeddable":true,"href":"https:\/\/www.mylasertabac.com\/pt-pt\/wp-json\/wp\/v2\/categories?post=18907"},{"taxonomy":"post_tag","embeddable":true,"href":"https:\/\/www.mylasertabac.com\/pt-pt\/wp-json\/wp\/v2\/tags?post=18907"}],"curies":[{"name":"wp","href":"https:\/\/api.w.org\/{rel}","templated":true}]}}