{"id":18961,"date":"2025-10-28T14:55:06","date_gmt":"2025-10-28T13:55:06","guid":{"rendered":"https:\/\/www.mylasertabac.com\/o-corpo-e-os-jovens-o-cocktail-de-prazer-que-esconde-um-perigo-silencioso\/"},"modified":"2025-10-28T15:03:16","modified_gmt":"2025-10-28T14:03:16","slug":"o-corpo-e-os-jovens-o-cocktail-de-prazer-que-esconde-um-perigo-silencioso","status":"publish","type":"post","link":"https:\/\/www.mylasertabac.com\/pt-pt\/o-corpo-e-os-jovens-o-cocktail-de-prazer-que-esconde-um-perigo-silencioso\/","title":{"rendered":"O corpo e os jovens: o &#8220;cocktail de prazer&#8221; que esconde um perigo silencioso"},"content":{"rendered":"\n<p>Imagina. Uma lata de cor viva. Uma legenda que diz &#8220;refrigerante energizante&#8221;. Um sabor frutado, uma bebida revisitada. E por tr\u00e1s deste formato atraente: 18% a 22% de \u00e1lcool puro, uma mistura de vodka, cafe\u00edna, taurina e a\u00e7\u00facar. \u00c9 o caso da bebida conhecida como <strong>Vody<\/strong>, j\u00e1 em circula\u00e7\u00e3o entre alguns adolescentes.     <\/p>\n\n<blockquote class=\"wp-block-quote is-layout-flow wp-block-quote-is-layout-flow\">\n<p>&#8220;J\u00e1 a usava antes da escola&#8221;, confidenciou um aluno do ensino secund\u00e1rio num relat\u00f3rio recente.<br\/>\u00c9 este contraste &#8211; entre o aspeto l\u00fadico e o conte\u00fado perigoso &#8211; que faz dela uma verdadeira bomba para os adolescentes.<\/p>\n<\/blockquote>\n\n<div style=\"height:21px\" aria-hidden=\"true\" class=\"wp-block-spacer\"><\/div>\n\n<figure class=\"wp-block-image alignleft size-full is-resized\"><a href=\"https:\/\/www.mylasertabac.com\/pt-pt\/os-nossos-centros\/\"><img fetchpriority=\"high\" decoding=\"async\" width=\"1024\" height=\"1024\" src=\"https:\/\/www.mylasertabac.com\/wp-content\/uploads\/2025\/08\/Tu-veux-arreter-lalcool.png\" alt=\"\" class=\"wp-image-14463\" style=\"width:364px;height:auto\" srcset=\"https:\/\/www.mylasertabac.com\/wp-content\/uploads\/2025\/08\/Tu-veux-arreter-lalcool.png 1024w, https:\/\/www.mylasertabac.com\/wp-content\/uploads\/2025\/08\/Tu-veux-arreter-lalcool-300x300.png 300w, https:\/\/www.mylasertabac.com\/wp-content\/uploads\/2025\/08\/Tu-veux-arreter-lalcool-150x150.png 150w, https:\/\/www.mylasertabac.com\/wp-content\/uploads\/2025\/08\/Tu-veux-arreter-lalcool-768x768.png 768w\" sizes=\"(max-width: 1024px) 100vw, 1024px\" \/><\/a><\/figure>\n\n<h2 class=\"wp-block-heading\">Quando a encena\u00e7\u00e3o mascara a amea\u00e7a<\/h2>\n\n<p>Desde o primeiro gole, o efeito \u00e9 discreto. A mistura de <strong>\u00e1lcool e cafe\u00edna<\/strong> cria uma confus\u00e3o: o \u00e1lcool desinibe, a cafe\u00edna estimula. O ritmo card\u00edaco aumenta, a aten\u00e7\u00e3o diminui. Resultado: um corpo que est\u00e1 alerta mas n\u00e3o o sabe.<br\/>As crian\u00e7as e os adolescentes s\u00e3o ainda mais vulner\u00e1veis porque o seu corpo, ainda em crescimento, absorve o \u00e1lcool mais rapidamente e o seu c\u00e9rebro ainda est\u00e1 em desenvolvimento.<br\/>Os m\u00e9dicos lan\u00e7am o alerta: uma \u00fanica lata de Vody pode ser equivalente a v\u00e1rios copos normais &#8211; sem que o consumidor se aperceba.   <\/p>\n\n<div style=\"height:21px\" aria-hidden=\"true\" class=\"wp-block-spacer\"><\/div>\n\n<h2 class=\"wp-block-heading\">O alcoolismo precoce: um problema social<\/h2>\n\n<p>A chegada destas bebidas &#8220;ideais para os jovens&#8221; \u00e0s prateleiras \u00e9 motivo de preocupa\u00e7\u00e3o.<\/p>\n\n<blockquote class=\"wp-block-quote is-layout-flow wp-block-quote-is-layout-flow\">\n<p>N\u00e3o se trata apenas de um produto proibido para menores de 18 anos, mas de um modelo de consumo que seduz antes de alarmar.<br\/>A investiga\u00e7\u00e3o lan\u00e7ada pela <strong>DGCCRF<\/strong> sobre a venda livre destas latas \u00e9 um forte indicador disso mesmo.<br\/>Para al\u00e9m do produto em si, trata-se de um fen\u00f3meno geracional: o \u00e1lcool assume uma nova forma &#8211; doce, colorida, banalizada &#8211; mas nem por isso \u00e9 menos perigoso.<\/p>\n<\/blockquote>\n\n<p>Quando falamos de<strong>alcoolismo precoce<\/strong>, estamos a falar de<strong>uma depend\u00eancia potencial<\/strong>, de altera\u00e7\u00f5es no c\u00e9rebro que ainda est\u00e3o a dar os primeiros passos e de riscos acrescidos de problemas mais tarde. Revela o <strong>peso dos<\/strong> h\u00e1bitos, <strong>dos<\/strong> amigos e <strong>da<\/strong> press\u00e3o social. <\/p>\n\n<div style=\"height:21px\" aria-hidden=\"true\" class=\"wp-block-spacer\"><\/div>\n\n<h2 class=\"wp-block-heading\">Porque \u00e9 que v\u00eas isto como uma oportunidade para agir<\/h2>\n\n<p>Se est\u00e1s a ler este artigo, \u00e9 porque acreditas no poder da informa\u00e7\u00e3o. Que \u00e9s um pai, um educador ou algu\u00e9m que se preocupa. E tudo isso \u00e9 bom.<br\/>Porque agir n\u00e3o significa impor, significa <strong>dialogar<\/strong>.  <\/p>\n\n<ul class=\"wp-block-list\">\n<li>Explica o que \u00e9 realmente esta bebida: <strong>\u00e1lcool<\/strong> forte combinado com <strong>cafe\u00edna<\/strong>, <strong>taurina<\/strong> e <strong>a\u00e7\u00facar<\/strong>.<\/li>\n\n\n\n<li>Mostra os efeitos vis\u00edveis: taquicardia, nervosismo, poss\u00edvel coma alco\u00f3lico.<\/li>\n\n\n\n<li>Partilha o testemunho de um adolescente: &#8220;Pensei que estava a beber um refrigerante&#8230; Acordei na enfermaria.&#8221;<\/li>\n\n\n\n<li>Ouvir em vez de castigar: &#8220;Como te sentes?&#8221;, &#8220;Porque engoliste uma lata antes da aula?<\/li>\n<\/ul>\n\n<p>Entre os jovens, beber nem sempre \u00e9 uma indica\u00e7\u00e3o clara do processo envolvido: muitas vezes \u00e9 m\u00edmica, um desafio, curiosidade. Falar sobre isso desmascara o que se esconde por detr\u00e1s da fachada de um sorriso. <\/p>\n\n<div style=\"height:21px\" aria-hidden=\"true\" class=\"wp-block-spacer\"><\/div>\n\n<figure class=\"wp-block-table\"><table class=\"has-fixed-layout\"><tbody><tr><td>L\u00ea tamb\u00e9m: <a href=\"https:\/\/www.mylasertabac.com\/pt-pt\/junta-te-ao-franchising-laser-anti-tabac-e-beneficia-de-um-conceito-chave-na-mao-rentavel\/\"><mark style=\"background-color:rgba(0, 0, 0, 0)\" class=\"has-inline-color has-luminous-vivid-orange-color\">Se queres abrir um franchising no sector da sa\u00fade e da toxicodepend\u00eancia, clica aqui<\/mark><\/a><\/td><\/tr><\/tbody><\/table><\/figure>\n\n<div style=\"height:21px\" aria-hidden=\"true\" class=\"wp-block-spacer\"><\/div>\n\n<h2 class=\"wp-block-heading\">Rumo a solu\u00e7\u00f5es pr\u00e1ticas<\/h2>\n\n<p>A preven\u00e7\u00e3o tamb\u00e9m implica <strong>respostas concretas<\/strong>.<\/p>\n\n<ul class=\"wp-block-list\">\n<li>Restringe o acesso a estas bebidas nas prateleiras de autosservi\u00e7o.<\/li>\n\n\n\n<li>Implementa <strong>a educa\u00e7\u00e3o emocional<\/strong>: aprende a dizer n\u00e3o e a ouvir o teu corpo.<\/li>\n\n\n\n<li>Promove <strong>alternativas saud\u00e1veis<\/strong>: mocktails, bebidas sem \u00e1lcool, momentos partilhados sem excessos.<\/li>\n\n\n\n<li>E sobretudo: dar aos adolescentes as chaves para fazerem as suas pr\u00f3prias escolhas.<\/li>\n<\/ul>\n\n<p>De forma complementar, m\u00e9todos de apoio como a <strong>reflexologia auricular a laser<\/strong> &#8211; conhecida para deixar de fumar &#8211; come\u00e7am tamb\u00e9m a ser utilizados para a depend\u00eancia do \u00e1lcool. Libertar a <g id=\"gid_1\">depend\u00eancia<\/g>, recalibrar o corpo, recuperar a confian\u00e7a: \u00e9 esse o caminho a seguir. Quando um jovem j\u00e1 est\u00e1 em risco, nunca \u00e9 m\u00e1 ideia integrar uma abordagem global.  <\/p>\n\n<div style=\"height:21px\" aria-hidden=\"true\" class=\"wp-block-spacer\"><\/div>\n\n<h2 class=\"wp-block-heading\">Envolver todos: um c\u00edrculo virtuoso<\/h2>\n\n<p>Quer sejas pai ou m\u00e3e ou algu\u00e9m pr\u00f3ximo de ti, a tua posi\u00e7\u00e3o conta.<br\/>O<strong>exemplo<\/strong> que d\u00e1s, a forma como falas, a forma como ouves: s\u00e3o estas as coisas que constroem a preven\u00e7\u00e3o. Uma discuss\u00e3o aberta vale mais do que uma proibi\u00e7\u00e3o abrupta.<br\/>E se fazes parte de uma rede ou de uma comunidade educativa, partilha a tua experi\u00eancia. Organiza um debate, um atelier, um momento em que n\u00e3o seja necess\u00e1rio banalizar o drama.  <\/p>\n\n<p>Porque o que est\u00e1 em causa \u00e9 <strong>a vida<\/strong> e <strong>a liberdade<\/strong>. Poder escolher, compreender, avan\u00e7ar sem constrangimentos.<br\/>Falar desta bebida n\u00e3o \u00e9 julgar, \u00e9 alertar.<br\/>\u00c9 dizer: &#8220;Sim, h\u00e1 uma festa. Sim, o prazer existe. Mas n\u00e3o num borr\u00e3o. <\/p>\n\n<div style=\"height:21px\" aria-hidden=\"true\" class=\"wp-block-spacer\"><\/div>\n\n<h3 class=\"wp-block-heading\">Em conclus\u00e3o<\/h3>\n\n<p><strong>O Vody<\/strong> \u00e9 mais do que uma bebida: reflecte uma mudan\u00e7a na forma como os jovens consomem \u00e1lcool.<br\/>Colorido, doce, sedutor: \u00e9 atraente.<br\/>Mas por detr\u00e1s da imagem est\u00e1 o perigo.<br\/>E o di\u00e1logo, a educa\u00e7\u00e3o e o apoio s\u00e3o os baluartes.<br\/>Falar sobre o assunto com sinceridade, curiosidade e gentileza significa oferecer uma verdadeira oportunidade \u00e0 pr\u00f3xima gera\u00e7\u00e3o.<\/p>\n\n<p>Come\u00e7a hoje este di\u00e1logo. Para que os nossos olhos sejam claros, e os nossos corpos tamb\u00e9m.<br\/>E para que cada um de n\u00f3s ganhe a sua liberdade &#8211; sem compromissos. <\/p>\n\n<div style=\"height:21px\" aria-hidden=\"true\" class=\"wp-block-spacer\"><\/div>\n\n<figure class=\"wp-block-image size-large\"><img decoding=\"async\" src=\"https:\/\/www.mylasertabac.com\/wp-content\/uploads\/\/mlt-verteau.svg\" alt=\"\" class=\"wp-image-13\"\/><\/figure>\n","protected":false},"excerpt":{"rendered":"<p>Imagina. Uma lata de cor viva. Uma legenda que diz &#8220;refrigerante energizante&#8221;. Um sabor frutado, uma bebida revisitada. E por tr\u00e1s deste formato atraente: 18% a 22% de \u00e1lcool puro, uma mistura de vodka, cafe\u00edna, taurina e a\u00e7\u00facar. \u00c9 o caso da bebida conhecida como Vody, j\u00e1 em circula\u00e7\u00e3o entre alguns adolescentes. &#8220;J\u00e1 a usava [&hellip;]<\/p>\n","protected":false},"author":2,"featured_media":18977,"comment_status":"closed","ping_status":"open","sticky":false,"template":"","format":"standard","meta":{"inline_featured_image":false,"footnotes":""},"categories":[680],"tags":[],"class_list":["post-18961","post","type-post","status-publish","format-standard","has-post-thumbnail","hentry","category-noticias-pt-pt"],"yoast_head":"<!-- This site is optimized with the Yoast SEO plugin v27.4 - https:\/\/yoast.com\/product\/yoast-seo-wordpress\/ -->\n<title>O corpo e os jovens: o &quot;cocktail de prazer&quot; que esconde um perigo silencioso - My Laser Tabac<\/title>\n<meta name=\"description\" content=\"Descobre os riscos ocultos do Vody e como sensibilizar os jovens para o consumo precoce de \u00e1lcool.\" \/>\n<meta name=\"robots\" content=\"index, follow, max-snippet:-1, max-image-preview:large, max-video-preview:-1\" \/>\n<link rel=\"canonical\" href=\"https:\/\/www.mylasertabac.com\/pt-pt\/o-corpo-e-os-jovens-o-cocktail-de-prazer-que-esconde-um-perigo-silencioso\/\" \/>\n<meta property=\"og:locale\" content=\"pt_PT\" \/>\n<meta property=\"og:type\" content=\"article\" \/>\n<meta property=\"og:title\" content=\"O corpo e os jovens: o &quot;cocktail de prazer&quot; que esconde um perigo silencioso - My Laser Tabac\" \/>\n<meta property=\"og:description\" content=\"Descobre os riscos ocultos do Vody e como sensibilizar os jovens para o consumo precoce de \u00e1lcool.\" \/>\n<meta property=\"og:url\" content=\"https:\/\/www.mylasertabac.com\/pt-pt\/o-corpo-e-os-jovens-o-cocktail-de-prazer-que-esconde-um-perigo-silencioso\/\" \/>\n<meta property=\"og:site_name\" content=\"My Laser Tabac\" \/>\n<meta property=\"article:author\" content=\"https:\/\/www.facebook.com\/profile.php?id=61571554707319\" \/>\n<meta property=\"article:published_time\" content=\"2025-10-28T13:55:06+00:00\" \/>\n<meta property=\"article:modified_time\" content=\"2025-10-28T14:03:16+00:00\" \/>\n<meta property=\"og:image\" content=\"https:\/\/www.mylasertabac.com\/wp-content\/uploads\/2025\/10\/Vody-la-boisson-des-jeunes-qui-est-tres-dangereuse-1024x683.png\" \/>\n\t<meta property=\"og:image:width\" content=\"1024\" \/>\n\t<meta property=\"og:image:height\" content=\"683\" \/>\n\t<meta property=\"og:image:type\" content=\"image\/png\" \/>\n<meta name=\"author\" content=\"Florian Fortes\" \/>\n<meta name=\"twitter:card\" content=\"summary_large_image\" \/>\n<meta name=\"twitter:label1\" content=\"Escrito por\" \/>\n\t<meta name=\"twitter:data1\" content=\"Florian Fortes\" \/>\n\t<meta name=\"twitter:label2\" content=\"Tempo estimado de leitura\" \/>\n\t<meta name=\"twitter:data2\" content=\"4 minutos\" \/>\n<script type=\"application\/ld+json\" class=\"yoast-schema-graph\">{\"@context\":\"https:\\\/\\\/schema.org\",\"@graph\":[{\"@type\":\"Article\",\"@id\":\"https:\\\/\\\/www.mylasertabac.com\\\/pt-pt\\\/o-corpo-e-os-jovens-o-cocktail-de-prazer-que-esconde-um-perigo-silencioso\\\/#article\",\"isPartOf\":{\"@id\":\"https:\\\/\\\/www.mylasertabac.com\\\/pt-pt\\\/o-corpo-e-os-jovens-o-cocktail-de-prazer-que-esconde-um-perigo-silencioso\\\/\"},\"author\":{\"name\":\"Florian Fortes\",\"@id\":\"https:\\\/\\\/www.mylasertabac.com\\\/pt-pt\\\/#\\\/schema\\\/person\\\/02c249cb76d912efb6c315ec23eccdf3\"},\"headline\":\"O corpo e os jovens: o &#8220;cocktail de prazer&#8221; que esconde um perigo silencioso\",\"datePublished\":\"2025-10-28T13:55:06+00:00\",\"dateModified\":\"2025-10-28T14:03:16+00:00\",\"mainEntityOfPage\":{\"@id\":\"https:\\\/\\\/www.mylasertabac.com\\\/pt-pt\\\/o-corpo-e-os-jovens-o-cocktail-de-prazer-que-esconde-um-perigo-silencioso\\\/\"},\"wordCount\":883,\"publisher\":{\"@id\":\"https:\\\/\\\/www.mylasertabac.com\\\/pt-pt\\\/#organization\"},\"image\":{\"@id\":\"https:\\\/\\\/www.mylasertabac.com\\\/pt-pt\\\/o-corpo-e-os-jovens-o-cocktail-de-prazer-que-esconde-um-perigo-silencioso\\\/#primaryimage\"},\"thumbnailUrl\":\"https:\\\/\\\/www.mylasertabac.com\\\/wp-content\\\/uploads\\\/2025\\\/10\\\/Vody-la-boisson-des-jeunes-qui-est-tres-dangereuse.png\",\"articleSection\":[\"not\u00edcias\"],\"inLanguage\":\"pt-PT\"},{\"@type\":\"WebPage\",\"@id\":\"https:\\\/\\\/www.mylasertabac.com\\\/pt-pt\\\/o-corpo-e-os-jovens-o-cocktail-de-prazer-que-esconde-um-perigo-silencioso\\\/\",\"url\":\"https:\\\/\\\/www.mylasertabac.com\\\/pt-pt\\\/o-corpo-e-os-jovens-o-cocktail-de-prazer-que-esconde-um-perigo-silencioso\\\/\",\"name\":\"O corpo e os jovens: o \\\"cocktail de prazer\\\" que esconde um perigo silencioso - My Laser Tabac\",\"isPartOf\":{\"@id\":\"https:\\\/\\\/www.mylasertabac.com\\\/pt-pt\\\/#website\"},\"primaryImageOfPage\":{\"@id\":\"https:\\\/\\\/www.mylasertabac.com\\\/pt-pt\\\/o-corpo-e-os-jovens-o-cocktail-de-prazer-que-esconde-um-perigo-silencioso\\\/#primaryimage\"},\"image\":{\"@id\":\"https:\\\/\\\/www.mylasertabac.com\\\/pt-pt\\\/o-corpo-e-os-jovens-o-cocktail-de-prazer-que-esconde-um-perigo-silencioso\\\/#primaryimage\"},\"thumbnailUrl\":\"https:\\\/\\\/www.mylasertabac.com\\\/wp-content\\\/uploads\\\/2025\\\/10\\\/Vody-la-boisson-des-jeunes-qui-est-tres-dangereuse.png\",\"datePublished\":\"2025-10-28T13:55:06+00:00\",\"dateModified\":\"2025-10-28T14:03:16+00:00\",\"description\":\"Descobre os riscos ocultos do Vody e como sensibilizar os jovens para o consumo precoce de \u00e1lcool.\",\"breadcrumb\":{\"@id\":\"https:\\\/\\\/www.mylasertabac.com\\\/pt-pt\\\/o-corpo-e-os-jovens-o-cocktail-de-prazer-que-esconde-um-perigo-silencioso\\\/#breadcrumb\"},\"inLanguage\":\"pt-PT\",\"potentialAction\":[{\"@type\":\"ReadAction\",\"target\":[\"https:\\\/\\\/www.mylasertabac.com\\\/pt-pt\\\/o-corpo-e-os-jovens-o-cocktail-de-prazer-que-esconde-um-perigo-silencioso\\\/\"]}]},{\"@type\":\"ImageObject\",\"inLanguage\":\"pt-PT\",\"@id\":\"https:\\\/\\\/www.mylasertabac.com\\\/pt-pt\\\/o-corpo-e-os-jovens-o-cocktail-de-prazer-que-esconde-um-perigo-silencioso\\\/#primaryimage\",\"url\":\"https:\\\/\\\/www.mylasertabac.com\\\/wp-content\\\/uploads\\\/2025\\\/10\\\/Vody-la-boisson-des-jeunes-qui-est-tres-dangereuse.png\",\"contentUrl\":\"https:\\\/\\\/www.mylasertabac.com\\\/wp-content\\\/uploads\\\/2025\\\/10\\\/Vody-la-boisson-des-jeunes-qui-est-tres-dangereuse.png\",\"width\":1536,\"height\":1024},{\"@type\":\"BreadcrumbList\",\"@id\":\"https:\\\/\\\/www.mylasertabac.com\\\/pt-pt\\\/o-corpo-e-os-jovens-o-cocktail-de-prazer-que-esconde-um-perigo-silencioso\\\/#breadcrumb\",\"itemListElement\":[{\"@type\":\"ListItem\",\"position\":1,\"name\":\"Accueil\",\"item\":\"https:\\\/\\\/www.mylasertabac.com\\\/pt-pt\\\/casa\\\/\"},{\"@type\":\"ListItem\",\"position\":2,\"name\":\"O corpo e os jovens: o \u00abcocktail de prazer\u00bb que esconde um perigo silencioso\"}]},{\"@type\":\"WebSite\",\"@id\":\"https:\\\/\\\/www.mylasertabac.com\\\/pt-pt\\\/#website\",\"url\":\"https:\\\/\\\/www.mylasertabac.com\\\/pt-pt\\\/\",\"name\":\"My Laser Tabac\",\"description\":\"La solution laser qui transforme les fumeurs en ex-fumeurs\",\"publisher\":{\"@id\":\"https:\\\/\\\/www.mylasertabac.com\\\/pt-pt\\\/#organization\"},\"potentialAction\":[{\"@type\":\"SearchAction\",\"target\":{\"@type\":\"EntryPoint\",\"urlTemplate\":\"https:\\\/\\\/www.mylasertabac.com\\\/pt-pt\\\/?s={search_term_string}\"},\"query-input\":{\"@type\":\"PropertyValueSpecification\",\"valueRequired\":true,\"valueName\":\"search_term_string\"}}],\"inLanguage\":\"pt-PT\"},{\"@type\":\"Organization\",\"@id\":\"https:\\\/\\\/www.mylasertabac.com\\\/pt-pt\\\/#organization\",\"name\":\"My Laser Tabac\",\"url\":\"https:\\\/\\\/www.mylasertabac.com\\\/pt-pt\\\/\",\"logo\":{\"@type\":\"ImageObject\",\"inLanguage\":\"pt-PT\",\"@id\":\"https:\\\/\\\/www.mylasertabac.com\\\/pt-pt\\\/#\\\/schema\\\/logo\\\/image\\\/\",\"url\":\"https:\\\/\\\/www.mylasertabac.com\\\/wp-content\\\/uploads\\\/2024\\\/12\\\/mlt-verteau.svg\",\"contentUrl\":\"https:\\\/\\\/www.mylasertabac.com\\\/wp-content\\\/uploads\\\/2024\\\/12\\\/mlt-verteau.svg\",\"caption\":\"My Laser Tabac\"},\"image\":{\"@id\":\"https:\\\/\\\/www.mylasertabac.com\\\/pt-pt\\\/#\\\/schema\\\/logo\\\/image\\\/\"}},{\"@type\":\"Person\",\"@id\":\"https:\\\/\\\/www.mylasertabac.com\\\/pt-pt\\\/#\\\/schema\\\/person\\\/02c249cb76d912efb6c315ec23eccdf3\",\"name\":\"Florian Fortes\",\"image\":{\"@type\":\"ImageObject\",\"inLanguage\":\"pt-PT\",\"@id\":\"https:\\\/\\\/www.mylasertabac.com\\\/wp-content\\\/litespeed\\\/avatar\\\/142101a71d7b9e6490c1120d9c109a67.jpg?ver=1776856306\",\"url\":\"https:\\\/\\\/www.mylasertabac.com\\\/wp-content\\\/litespeed\\\/avatar\\\/142101a71d7b9e6490c1120d9c109a67.jpg?ver=1776856306\",\"contentUrl\":\"https:\\\/\\\/www.mylasertabac.com\\\/wp-content\\\/litespeed\\\/avatar\\\/142101a71d7b9e6490c1120d9c109a67.jpg?ver=1776856306\",\"caption\":\"Florian Fortes\"},\"sameAs\":[\"https:\\\/\\\/www.mylasertabac.com\",\"https:\\\/\\\/www.facebook.com\\\/profile.php?id=61571554707319\"],\"url\":\"https:\\\/\\\/www.mylasertabac.com\\\/pt-pt\\\/author\\\/florianfortes5312\\\/\"}]}<\/script>\n<!-- \/ Yoast SEO plugin. -->","yoast_head_json":{"title":"O corpo e os jovens: o \"cocktail de prazer\" que esconde um perigo silencioso - My Laser Tabac","description":"Descobre os riscos ocultos do Vody e como sensibilizar os jovens para o consumo precoce de \u00e1lcool.","robots":{"index":"index","follow":"follow","max-snippet":"max-snippet:-1","max-image-preview":"max-image-preview:large","max-video-preview":"max-video-preview:-1"},"canonical":"https:\/\/www.mylasertabac.com\/pt-pt\/o-corpo-e-os-jovens-o-cocktail-de-prazer-que-esconde-um-perigo-silencioso\/","og_locale":"pt_PT","og_type":"article","og_title":"O corpo e os jovens: o \"cocktail de prazer\" que esconde um perigo silencioso - My Laser Tabac","og_description":"Descobre os riscos ocultos do Vody e como sensibilizar os jovens para o consumo precoce de \u00e1lcool.","og_url":"https:\/\/www.mylasertabac.com\/pt-pt\/o-corpo-e-os-jovens-o-cocktail-de-prazer-que-esconde-um-perigo-silencioso\/","og_site_name":"My Laser Tabac","article_author":"https:\/\/www.facebook.com\/profile.php?id=61571554707319","article_published_time":"2025-10-28T13:55:06+00:00","article_modified_time":"2025-10-28T14:03:16+00:00","og_image":[{"width":1024,"height":683,"url":"https:\/\/www.mylasertabac.com\/wp-content\/uploads\/2025\/10\/Vody-la-boisson-des-jeunes-qui-est-tres-dangereuse-1024x683.png","type":"image\/png"}],"author":"Florian Fortes","twitter_card":"summary_large_image","twitter_misc":{"Escrito por":"Florian Fortes","Tempo estimado de leitura":"4 minutos"},"schema":{"@context":"https:\/\/schema.org","@graph":[{"@type":"Article","@id":"https:\/\/www.mylasertabac.com\/pt-pt\/o-corpo-e-os-jovens-o-cocktail-de-prazer-que-esconde-um-perigo-silencioso\/#article","isPartOf":{"@id":"https:\/\/www.mylasertabac.com\/pt-pt\/o-corpo-e-os-jovens-o-cocktail-de-prazer-que-esconde-um-perigo-silencioso\/"},"author":{"name":"Florian Fortes","@id":"https:\/\/www.mylasertabac.com\/pt-pt\/#\/schema\/person\/02c249cb76d912efb6c315ec23eccdf3"},"headline":"O corpo e os jovens: o &#8220;cocktail de prazer&#8221; que esconde um perigo silencioso","datePublished":"2025-10-28T13:55:06+00:00","dateModified":"2025-10-28T14:03:16+00:00","mainEntityOfPage":{"@id":"https:\/\/www.mylasertabac.com\/pt-pt\/o-corpo-e-os-jovens-o-cocktail-de-prazer-que-esconde-um-perigo-silencioso\/"},"wordCount":883,"publisher":{"@id":"https:\/\/www.mylasertabac.com\/pt-pt\/#organization"},"image":{"@id":"https:\/\/www.mylasertabac.com\/pt-pt\/o-corpo-e-os-jovens-o-cocktail-de-prazer-que-esconde-um-perigo-silencioso\/#primaryimage"},"thumbnailUrl":"https:\/\/www.mylasertabac.com\/wp-content\/uploads\/2025\/10\/Vody-la-boisson-des-jeunes-qui-est-tres-dangereuse.png","articleSection":["not\u00edcias"],"inLanguage":"pt-PT"},{"@type":"WebPage","@id":"https:\/\/www.mylasertabac.com\/pt-pt\/o-corpo-e-os-jovens-o-cocktail-de-prazer-que-esconde-um-perigo-silencioso\/","url":"https:\/\/www.mylasertabac.com\/pt-pt\/o-corpo-e-os-jovens-o-cocktail-de-prazer-que-esconde-um-perigo-silencioso\/","name":"O corpo e os jovens: o \"cocktail de prazer\" que esconde um perigo silencioso - My Laser Tabac","isPartOf":{"@id":"https:\/\/www.mylasertabac.com\/pt-pt\/#website"},"primaryImageOfPage":{"@id":"https:\/\/www.mylasertabac.com\/pt-pt\/o-corpo-e-os-jovens-o-cocktail-de-prazer-que-esconde-um-perigo-silencioso\/#primaryimage"},"image":{"@id":"https:\/\/www.mylasertabac.com\/pt-pt\/o-corpo-e-os-jovens-o-cocktail-de-prazer-que-esconde-um-perigo-silencioso\/#primaryimage"},"thumbnailUrl":"https:\/\/www.mylasertabac.com\/wp-content\/uploads\/2025\/10\/Vody-la-boisson-des-jeunes-qui-est-tres-dangereuse.png","datePublished":"2025-10-28T13:55:06+00:00","dateModified":"2025-10-28T14:03:16+00:00","description":"Descobre os riscos ocultos do Vody e como sensibilizar os jovens para o consumo precoce de \u00e1lcool.","breadcrumb":{"@id":"https:\/\/www.mylasertabac.com\/pt-pt\/o-corpo-e-os-jovens-o-cocktail-de-prazer-que-esconde-um-perigo-silencioso\/#breadcrumb"},"inLanguage":"pt-PT","potentialAction":[{"@type":"ReadAction","target":["https:\/\/www.mylasertabac.com\/pt-pt\/o-corpo-e-os-jovens-o-cocktail-de-prazer-que-esconde-um-perigo-silencioso\/"]}]},{"@type":"ImageObject","inLanguage":"pt-PT","@id":"https:\/\/www.mylasertabac.com\/pt-pt\/o-corpo-e-os-jovens-o-cocktail-de-prazer-que-esconde-um-perigo-silencioso\/#primaryimage","url":"https:\/\/www.mylasertabac.com\/wp-content\/uploads\/2025\/10\/Vody-la-boisson-des-jeunes-qui-est-tres-dangereuse.png","contentUrl":"https:\/\/www.mylasertabac.com\/wp-content\/uploads\/2025\/10\/Vody-la-boisson-des-jeunes-qui-est-tres-dangereuse.png","width":1536,"height":1024},{"@type":"BreadcrumbList","@id":"https:\/\/www.mylasertabac.com\/pt-pt\/o-corpo-e-os-jovens-o-cocktail-de-prazer-que-esconde-um-perigo-silencioso\/#breadcrumb","itemListElement":[{"@type":"ListItem","position":1,"name":"Accueil","item":"https:\/\/www.mylasertabac.com\/pt-pt\/casa\/"},{"@type":"ListItem","position":2,"name":"O corpo e os jovens: o \u00abcocktail de prazer\u00bb que esconde um perigo silencioso"}]},{"@type":"WebSite","@id":"https:\/\/www.mylasertabac.com\/pt-pt\/#website","url":"https:\/\/www.mylasertabac.com\/pt-pt\/","name":"My Laser Tabac","description":"La solution laser qui transforme les fumeurs en ex-fumeurs","publisher":{"@id":"https:\/\/www.mylasertabac.com\/pt-pt\/#organization"},"potentialAction":[{"@type":"SearchAction","target":{"@type":"EntryPoint","urlTemplate":"https:\/\/www.mylasertabac.com\/pt-pt\/?s={search_term_string}"},"query-input":{"@type":"PropertyValueSpecification","valueRequired":true,"valueName":"search_term_string"}}],"inLanguage":"pt-PT"},{"@type":"Organization","@id":"https:\/\/www.mylasertabac.com\/pt-pt\/#organization","name":"My Laser Tabac","url":"https:\/\/www.mylasertabac.com\/pt-pt\/","logo":{"@type":"ImageObject","inLanguage":"pt-PT","@id":"https:\/\/www.mylasertabac.com\/pt-pt\/#\/schema\/logo\/image\/","url":"https:\/\/www.mylasertabac.com\/wp-content\/uploads\/2024\/12\/mlt-verteau.svg","contentUrl":"https:\/\/www.mylasertabac.com\/wp-content\/uploads\/2024\/12\/mlt-verteau.svg","caption":"My Laser Tabac"},"image":{"@id":"https:\/\/www.mylasertabac.com\/pt-pt\/#\/schema\/logo\/image\/"}},{"@type":"Person","@id":"https:\/\/www.mylasertabac.com\/pt-pt\/#\/schema\/person\/02c249cb76d912efb6c315ec23eccdf3","name":"Florian Fortes","image":{"@type":"ImageObject","inLanguage":"pt-PT","@id":"https:\/\/www.mylasertabac.com\/wp-content\/litespeed\/avatar\/142101a71d7b9e6490c1120d9c109a67.jpg?ver=1776856306","url":"https:\/\/www.mylasertabac.com\/wp-content\/litespeed\/avatar\/142101a71d7b9e6490c1120d9c109a67.jpg?ver=1776856306","contentUrl":"https:\/\/www.mylasertabac.com\/wp-content\/litespeed\/avatar\/142101a71d7b9e6490c1120d9c109a67.jpg?ver=1776856306","caption":"Florian Fortes"},"sameAs":["https:\/\/www.mylasertabac.com","https:\/\/www.facebook.com\/profile.php?id=61571554707319"],"url":"https:\/\/www.mylasertabac.com\/pt-pt\/author\/florianfortes5312\/"}]}},"_links":{"self":[{"href":"https:\/\/www.mylasertabac.com\/pt-pt\/wp-json\/wp\/v2\/posts\/18961","targetHints":{"allow":["GET"]}}],"collection":[{"href":"https:\/\/www.mylasertabac.com\/pt-pt\/wp-json\/wp\/v2\/posts"}],"about":[{"href":"https:\/\/www.mylasertabac.com\/pt-pt\/wp-json\/wp\/v2\/types\/post"}],"author":[{"embeddable":true,"href":"https:\/\/www.mylasertabac.com\/pt-pt\/wp-json\/wp\/v2\/users\/2"}],"replies":[{"embeddable":true,"href":"https:\/\/www.mylasertabac.com\/pt-pt\/wp-json\/wp\/v2\/comments?post=18961"}],"version-history":[{"count":5,"href":"https:\/\/www.mylasertabac.com\/pt-pt\/wp-json\/wp\/v2\/posts\/18961\/revisions"}],"predecessor-version":[{"id":18999,"href":"https:\/\/www.mylasertabac.com\/pt-pt\/wp-json\/wp\/v2\/posts\/18961\/revisions\/18999"}],"wp:featuredmedia":[{"embeddable":true,"href":"https:\/\/www.mylasertabac.com\/pt-pt\/wp-json\/wp\/v2\/media\/18977"}],"wp:attachment":[{"href":"https:\/\/www.mylasertabac.com\/pt-pt\/wp-json\/wp\/v2\/media?parent=18961"}],"wp:term":[{"taxonomy":"category","embeddable":true,"href":"https:\/\/www.mylasertabac.com\/pt-pt\/wp-json\/wp\/v2\/categories?post=18961"},{"taxonomy":"post_tag","embeddable":true,"href":"https:\/\/www.mylasertabac.com\/pt-pt\/wp-json\/wp\/v2\/tags?post=18961"}],"curies":[{"name":"wp","href":"https:\/\/api.w.org\/{rel}","templated":true}]}}