{"id":19009,"date":"2025-10-28T15:06:16","date_gmt":"2025-10-28T14:06:16","guid":{"rendered":"https:\/\/www.mylasertabac.com\/venda-de-alcool-a-menores-quando-a-lei-trai-a-realidade\/"},"modified":"2025-10-28T17:40:03","modified_gmt":"2025-10-28T16:40:03","slug":"venda-de-alcool-a-menores-quando-a-lei-trai-a-realidade","status":"publish","type":"post","link":"https:\/\/www.mylasertabac.com\/pt-pt\/venda-de-alcool-a-menores-quando-a-lei-trai-a-realidade\/","title":{"rendered":"Venda de \u00e1lcool a menores: quando a lei trai a realidade"},"content":{"rendered":"\n<div style=\"height:21px\" aria-hidden=\"true\" class=\"wp-block-spacer\"><\/div>\n\n<ol start=\"2025\" class=\"wp-block-list\">\n<li>Um liceu franc\u00eas. Uma quinta-feira \u00e0 noite. E uma bebida n\u00e3o controlada: &#8220;Pediram-me o meu BI? N\u00e3o. Disseram-me: &#8216;\u00c9 para o anivers\u00e1rio do meu irm\u00e3o'&#8221;. Este excerto, recolhido durante uma opera\u00e7\u00e3o de controlo, reflecte uma constata\u00e7\u00e3o alarmante: a proibi\u00e7\u00e3o de venda de \u00e1lcool a menores existe&#8230; mas \u00e9 demasiadas vezes letra morta.  <\/li>\n<\/ol>\n\n<div style=\"height:21px\" aria-hidden=\"true\" class=\"wp-block-spacer\"><\/div>\n\n<h2 class=\"wp-block-heading\">Uma proibi\u00e7\u00e3o clara, mas pouca aplica\u00e7\u00e3o<\/h2>\n\n<p>A regra \u00e9 inequ\u00edvoca: \u00e9 proibida qualquer venda de bebidas alco\u00f3licas a menores de 18 anos. <a href=\"https:\/\/sante.gouv.fr\/IMG\/pdf\/affiche_a4_debits_de_boissons_a_consommer_sur_place.pdf?utm_source=chatgpt.com\" target=\"_blank\" rel=\"noreferrer noopener\">Sant\u00e9 et Autonomie+2L\u00e9gifrance+2<\/a><br\/>No entanto, no terreno, o cumprimento desta lei deixa a desejar.<br\/>Inqu\u00e9ritos de revela\u00e7\u00e3o realizados junto das cadeias de supermercados mostram que a maioria continua a vender bebidas alco\u00f3licas a menores sem exigir prova de idade. <a href=\"https:\/\/www.economiematin.fr\/alcool-mineurs-vente-interdiction-supermarche-sante?utm_source=chatgpt.com\" target=\"_blank\" rel=\"noreferrer noopener\">Economiematin+2blog.addictions-france.org+2<\/a><br\/>Esta situa\u00e7\u00e3o levanta quest\u00f5es: quem, nas lojas ou nos bares, \u00e9 realmente respons\u00e1vel pelo controlo da idade? Muitos deixam passar.<\/p>\n\n<div style=\"height:21px\" aria-hidden=\"true\" class=\"wp-block-spacer\"><\/div>\n\n<h2 class=\"wp-block-heading\">O papel dos operadores de caixa e a press\u00e3o dos retalhistas<\/h2>\n\n<p>Quando um jovem paga uma garrafa de 8 euros, com um saco ou uma lata, coloca-se a quest\u00e3o: deve o caixa verificar sistematicamente?<br\/>A resposta legal \u00e9 sim.<br\/>Mas a realidade no terreno \u00e9 diferente. A press\u00e3o do fluxo, a apar\u00eancia do cliente, a rapidez da compra&#8230; s\u00e3o demasiados os factores que favorecem a ina\u00e7\u00e3o.<br\/>O C\u00f3digo de Sa\u00fade P\u00fablica franc\u00eas imp\u00f5e uma obriga\u00e7\u00e3o: &#8220;A pessoa que emite a bebida deve exigir ao cliente a prova da sua maioridade&#8221;. <a href=\"https:\/\/www.legifrance.gouv.fr\/codes\/id\/LEGISCTA000006171207?utm_source=chatgpt.com\" target=\"_blank\" rel=\"noreferrer noopener\">L\u00e9gifrance<\/a><br\/>E no entanto: poucos controlos, san\u00e7\u00f5es limitadas, menos vigil\u00e2ncia. <\/p>\n\n<div style=\"height:21px\" aria-hidden=\"true\" class=\"wp-block-spacer\"><\/div>\n\n<h2 class=\"wp-block-heading\">Quando \u00e9 que a venda de \u00e1lcool a menores se torna um problema de sa\u00fade p\u00fablica<\/h2>\n\n<p>Quando os jovens come\u00e7am a beber numa idade precoce, os efeitos s\u00e3o duradouros: dificuldades de aprendizagem, diminui\u00e7\u00e3o da matura\u00e7\u00e3o cerebral e aumento do risco de depend\u00eancia. <a href=\"https:\/\/addictions-france.org\/actualites\/des-geants-de-la-grande-distribution-aux-bars-de-quartiers-tous-hors-la-loi-pour-la-vente-dalcool-aux-mineurs-12204\/?utm_source=chatgpt.com\" target=\"_blank\" rel=\"noreferrer noopener\">V\u00edcios Fran\u00e7a+1<\/a><br\/>Um jovem de 15 anos que compra livremente uma bebida &#8220;recreativa&#8221; j\u00e1 est\u00e1 a caminho de se tornar um adulto potencialmente dependente do \u00e1lcool.<br\/>No entanto, poucos estabelecimentos s\u00e3o sancionados a longo prazo. As den\u00fancias continuam a ser baixas, tal como as ac\u00e7\u00f5es penais.<br\/>Isto leva \u00e0 conclus\u00e3o alarmante de que a aplica\u00e7\u00e3o da lei continua a ser uma vari\u00e1vel de ajustamento. Entretanto, os jovens est\u00e3o a pagar o pre\u00e7o.<\/p>\n\n<div style=\"height:21px\" aria-hidden=\"true\" class=\"wp-block-spacer\"><\/div>\n\n<h2 class=\"wp-block-heading\">Age antes que seja tarde demais<\/h2>\n\n<p>Se \u00e9s pai, professor ou empres\u00e1rio, este facto n\u00e3o deve paralisar-te, mas sim mobilizar-te.<br\/>Eis algumas ideias pr\u00e1ticas:<\/p>\n\n<ul class=\"wp-block-list\">\n<li>Introduzir a verifica\u00e7\u00e3o sistem\u00e1tica da idade em todas as lojas.<\/li>\n\n\n\n<li>Treina as equipas para detetar comportamentos de risco: compras tardias, sacos vis\u00edveis, compras em grupo.<\/li>\n\n\n\n<li>Fala com os jovens. Explica-lhes que o \u00e1lcool n\u00e3o \u00e9 apenas uma &#8220;festa&#8221;, mas um produto que muda tudo: o corpo, o c\u00e9rebro, a vida. <\/li>\n\n\n\n<li>Oferece alternativas sem \u00e1lcool para que o prazer se mantenha, mas sem os riscos.<\/li>\n<\/ul>\n\n<p>Os retalhistas tamb\u00e9m t\u00eam um papel a desempenhar: recordar as regras, afixar claramente a proibi\u00e7\u00e3o, recusar a venda a um jovem sem prova de idade. Trata-se de uma responsabilidade colectiva. <\/p>\n\n<div style=\"height:21px\" aria-hidden=\"true\" class=\"wp-block-spacer\"><\/div>\n\n<h2 class=\"wp-block-heading\">Uma responsabilidade partilhada<\/h2>\n\n<p>A venda de \u00e1lcool a menores n\u00e3o \u00e9 apenas uma falha individual.<br\/>\u00c9 uma falha colectiva: distribui\u00e7\u00e3o, legisla\u00e7\u00e3o, fiscaliza\u00e7\u00e3o, educa\u00e7\u00e3o.<br\/>Todos os intervenientes t\u00eam um papel a desempenhar: desde o caixa que tem de pedir o bilhete de identidade, ao gerente que tem de formar a sua equipa, \u00e0 comunidade que tem de fiscalizar.<br\/>E at\u00e9 ao pai que tem de falar com o seu filho sobre este ato que pode descambar em depend\u00eancia.<\/p>\n\n<div style=\"height:21px\" aria-hidden=\"true\" class=\"wp-block-spacer\"><\/div>\n\n<h2 class=\"wp-block-heading\">Conclus\u00e3o<\/h2>\n\n<p>O com\u00e9rcio e a lei est\u00e3o agora desequilibrados.<br\/>Vender \u00e1lcool a um menor n\u00e3o deve continuar a ser a mais leve das infrac\u00e7\u00f5es: \u00e9 um grande risco para a sa\u00fade p\u00fablica.<br\/>Agir para garantir que a lei \u00e9 mais do que um simples sinal: \u00e9 da responsabilidade de todos.<br\/>Porque por detr\u00e1s de cada bebida vendida demasiado cedo, uma vida pode ser virada do avesso.<\/p>\n\n<div style=\"height:35px\" aria-hidden=\"true\" class=\"wp-block-spacer\"><\/div>\n\n<figure class=\"wp-block-image size-large\"><img decoding=\"async\" src=\"https:\/\/www.mylasertabac.com\/wp-content\/uploads\/\/mlt-verteau.svg\" alt=\"\" class=\"wp-image-13\"\/><\/figure>\n","protected":false},"excerpt":{"rendered":"<p>Uma proibi\u00e7\u00e3o clara, mas pouca aplica\u00e7\u00e3o A regra \u00e9 inequ\u00edvoca: \u00e9 proibida qualquer venda de bebidas alco\u00f3licas a menores de 18 anos. Sant\u00e9 et Autonomie+2L\u00e9gifrance+2No entanto, no terreno, o cumprimento desta lei deixa a desejar.Inqu\u00e9ritos de revela\u00e7\u00e3o realizados junto das cadeias de supermercados mostram que a maioria continua a vender bebidas alco\u00f3licas a menores sem [&hellip;]<\/p>\n","protected":false},"author":2,"featured_media":19027,"comment_status":"closed","ping_status":"open","sticky":false,"template":"","format":"standard","meta":{"inline_featured_image":false,"footnotes":""},"categories":[77],"tags":[],"class_list":["post-19009","post","type-post","status-publish","format-standard","has-post-thumbnail","hentry","category-sem-categoria"],"yoast_head":"<!-- This site is optimized with the Yoast SEO plugin v27.5 - https:\/\/yoast.com\/product\/yoast-seo-wordpress\/ -->\n<title>Venda de \u00e1lcool a menores: quando a lei trai a realidade - My Laser Tabac<\/title>\n<meta name=\"description\" content=\"Descobre porque \u00e9 que a venda de \u00e1lcool a menores continua a ser um grande perigo, apesar da lei, e como tomar medidas eficazes.\" \/>\n<meta name=\"robots\" content=\"index, follow, max-snippet:-1, max-image-preview:large, max-video-preview:-1\" \/>\n<link rel=\"canonical\" href=\"https:\/\/www.mylasertabac.com\/pt-pt\/venda-de-alcool-a-menores-quando-a-lei-trai-a-realidade\/\" \/>\n<meta property=\"og:locale\" content=\"pt_PT\" \/>\n<meta property=\"og:type\" content=\"article\" \/>\n<meta property=\"og:title\" content=\"Venda de \u00e1lcool a menores: quando a lei trai a realidade - My Laser Tabac\" \/>\n<meta property=\"og:description\" content=\"Descobre porque \u00e9 que a venda de \u00e1lcool a menores continua a ser um grande perigo, apesar da lei, e como tomar medidas eficazes.\" \/>\n<meta property=\"og:url\" content=\"https:\/\/www.mylasertabac.com\/pt-pt\/venda-de-alcool-a-menores-quando-a-lei-trai-a-realidade\/\" \/>\n<meta property=\"og:site_name\" content=\"My Laser Tabac\" \/>\n<meta property=\"article:author\" content=\"https:\/\/www.facebook.com\/profile.php?id=61571554707319\" \/>\n<meta property=\"article:published_time\" content=\"2025-10-28T14:06:16+00:00\" \/>\n<meta property=\"article:modified_time\" content=\"2025-10-28T16:40:03+00:00\" \/>\n<meta property=\"og:image\" content=\"https:\/\/www.mylasertabac.com\/wp-content\/uploads\/2025\/10\/Vente-dalcool-au-mineur-qui-esy-le-responsable-1024x683.png\" \/>\n\t<meta property=\"og:image:width\" content=\"1024\" \/>\n\t<meta property=\"og:image:height\" content=\"683\" \/>\n\t<meta property=\"og:image:type\" content=\"image\/png\" \/>\n<meta name=\"author\" content=\"Florian Fortes\" \/>\n<meta name=\"twitter:card\" content=\"summary_large_image\" \/>\n<meta name=\"twitter:label1\" content=\"Escrito por\" \/>\n\t<meta name=\"twitter:data1\" content=\"Florian Fortes\" \/>\n\t<meta name=\"twitter:label2\" content=\"Tempo estimado de leitura\" \/>\n\t<meta name=\"twitter:data2\" content=\"3 minutos\" \/>\n<script type=\"application\/ld+json\" class=\"yoast-schema-graph\">{\"@context\":\"https:\\\/\\\/schema.org\",\"@graph\":[{\"@type\":\"Article\",\"@id\":\"https:\\\/\\\/www.mylasertabac.com\\\/pt-pt\\\/venda-de-alcool-a-menores-quando-a-lei-trai-a-realidade\\\/#article\",\"isPartOf\":{\"@id\":\"https:\\\/\\\/www.mylasertabac.com\\\/pt-pt\\\/venda-de-alcool-a-menores-quando-a-lei-trai-a-realidade\\\/\"},\"author\":{\"name\":\"Florian Fortes\",\"@id\":\"https:\\\/\\\/www.mylasertabac.com\\\/pt-pt\\\/#\\\/schema\\\/person\\\/02c249cb76d912efb6c315ec23eccdf3\"},\"headline\":\"Venda de \u00e1lcool a menores: quando a lei trai a realidade\",\"datePublished\":\"2025-10-28T14:06:16+00:00\",\"dateModified\":\"2025-10-28T16:40:03+00:00\",\"mainEntityOfPage\":{\"@id\":\"https:\\\/\\\/www.mylasertabac.com\\\/pt-pt\\\/venda-de-alcool-a-menores-quando-a-lei-trai-a-realidade\\\/\"},\"wordCount\":681,\"publisher\":{\"@id\":\"https:\\\/\\\/www.mylasertabac.com\\\/pt-pt\\\/#organization\"},\"image\":{\"@id\":\"https:\\\/\\\/www.mylasertabac.com\\\/pt-pt\\\/venda-de-alcool-a-menores-quando-a-lei-trai-a-realidade\\\/#primaryimage\"},\"thumbnailUrl\":\"https:\\\/\\\/www.mylasertabac.com\\\/wp-content\\\/uploads\\\/2025\\\/10\\\/Vente-dalcool-au-mineur-qui-esy-le-responsable.png\",\"inLanguage\":\"pt-PT\"},{\"@type\":\"WebPage\",\"@id\":\"https:\\\/\\\/www.mylasertabac.com\\\/pt-pt\\\/venda-de-alcool-a-menores-quando-a-lei-trai-a-realidade\\\/\",\"url\":\"https:\\\/\\\/www.mylasertabac.com\\\/pt-pt\\\/venda-de-alcool-a-menores-quando-a-lei-trai-a-realidade\\\/\",\"name\":\"Venda de \u00e1lcool a menores: quando a lei trai a realidade - My Laser Tabac\",\"isPartOf\":{\"@id\":\"https:\\\/\\\/www.mylasertabac.com\\\/pt-pt\\\/#website\"},\"primaryImageOfPage\":{\"@id\":\"https:\\\/\\\/www.mylasertabac.com\\\/pt-pt\\\/venda-de-alcool-a-menores-quando-a-lei-trai-a-realidade\\\/#primaryimage\"},\"image\":{\"@id\":\"https:\\\/\\\/www.mylasertabac.com\\\/pt-pt\\\/venda-de-alcool-a-menores-quando-a-lei-trai-a-realidade\\\/#primaryimage\"},\"thumbnailUrl\":\"https:\\\/\\\/www.mylasertabac.com\\\/wp-content\\\/uploads\\\/2025\\\/10\\\/Vente-dalcool-au-mineur-qui-esy-le-responsable.png\",\"datePublished\":\"2025-10-28T14:06:16+00:00\",\"dateModified\":\"2025-10-28T16:40:03+00:00\",\"description\":\"Descobre porque \u00e9 que a venda de \u00e1lcool a menores continua a ser um grande perigo, apesar da lei, e como tomar medidas eficazes.\",\"breadcrumb\":{\"@id\":\"https:\\\/\\\/www.mylasertabac.com\\\/pt-pt\\\/venda-de-alcool-a-menores-quando-a-lei-trai-a-realidade\\\/#breadcrumb\"},\"inLanguage\":\"pt-PT\",\"potentialAction\":[{\"@type\":\"ReadAction\",\"target\":[\"https:\\\/\\\/www.mylasertabac.com\\\/pt-pt\\\/venda-de-alcool-a-menores-quando-a-lei-trai-a-realidade\\\/\"]}]},{\"@type\":\"ImageObject\",\"inLanguage\":\"pt-PT\",\"@id\":\"https:\\\/\\\/www.mylasertabac.com\\\/pt-pt\\\/venda-de-alcool-a-menores-quando-a-lei-trai-a-realidade\\\/#primaryimage\",\"url\":\"https:\\\/\\\/www.mylasertabac.com\\\/wp-content\\\/uploads\\\/2025\\\/10\\\/Vente-dalcool-au-mineur-qui-esy-le-responsable.png\",\"contentUrl\":\"https:\\\/\\\/www.mylasertabac.com\\\/wp-content\\\/uploads\\\/2025\\\/10\\\/Vente-dalcool-au-mineur-qui-esy-le-responsable.png\",\"width\":1536,\"height\":1024},{\"@type\":\"BreadcrumbList\",\"@id\":\"https:\\\/\\\/www.mylasertabac.com\\\/pt-pt\\\/venda-de-alcool-a-menores-quando-a-lei-trai-a-realidade\\\/#breadcrumb\",\"itemListElement\":[{\"@type\":\"ListItem\",\"position\":1,\"name\":\"Accueil\",\"item\":\"https:\\\/\\\/www.mylasertabac.com\\\/pt-pt\\\/casa\\\/\"},{\"@type\":\"ListItem\",\"position\":2,\"name\":\"Venda de \u00e1lcool a menores: quando a lei trai a realidade\"}]},{\"@type\":\"WebSite\",\"@id\":\"https:\\\/\\\/www.mylasertabac.com\\\/pt-pt\\\/#website\",\"url\":\"https:\\\/\\\/www.mylasertabac.com\\\/pt-pt\\\/\",\"name\":\"My Laser Tabac\",\"description\":\"La solution laser qui transforme les fumeurs en ex-fumeurs\",\"publisher\":{\"@id\":\"https:\\\/\\\/www.mylasertabac.com\\\/pt-pt\\\/#organization\"},\"potentialAction\":[{\"@type\":\"SearchAction\",\"target\":{\"@type\":\"EntryPoint\",\"urlTemplate\":\"https:\\\/\\\/www.mylasertabac.com\\\/pt-pt\\\/?s={search_term_string}\"},\"query-input\":{\"@type\":\"PropertyValueSpecification\",\"valueRequired\":true,\"valueName\":\"search_term_string\"}}],\"inLanguage\":\"pt-PT\"},{\"@type\":\"Organization\",\"@id\":\"https:\\\/\\\/www.mylasertabac.com\\\/pt-pt\\\/#organization\",\"name\":\"My Laser Tabac\",\"url\":\"https:\\\/\\\/www.mylasertabac.com\\\/pt-pt\\\/\",\"logo\":{\"@type\":\"ImageObject\",\"inLanguage\":\"pt-PT\",\"@id\":\"https:\\\/\\\/www.mylasertabac.com\\\/pt-pt\\\/#\\\/schema\\\/logo\\\/image\\\/\",\"url\":\"https:\\\/\\\/www.mylasertabac.com\\\/wp-content\\\/uploads\\\/2024\\\/12\\\/mlt-verteau.svg\",\"contentUrl\":\"https:\\\/\\\/www.mylasertabac.com\\\/wp-content\\\/uploads\\\/2024\\\/12\\\/mlt-verteau.svg\",\"caption\":\"My Laser Tabac\"},\"image\":{\"@id\":\"https:\\\/\\\/www.mylasertabac.com\\\/pt-pt\\\/#\\\/schema\\\/logo\\\/image\\\/\"}},{\"@type\":\"Person\",\"@id\":\"https:\\\/\\\/www.mylasertabac.com\\\/pt-pt\\\/#\\\/schema\\\/person\\\/02c249cb76d912efb6c315ec23eccdf3\",\"name\":\"Florian Fortes\",\"image\":{\"@type\":\"ImageObject\",\"inLanguage\":\"pt-PT\",\"@id\":\"https:\\\/\\\/www.mylasertabac.com\\\/wp-content\\\/litespeed\\\/avatar\\\/142101a71d7b9e6490c1120d9c109a67.jpg?ver=1776856306\",\"url\":\"https:\\\/\\\/www.mylasertabac.com\\\/wp-content\\\/litespeed\\\/avatar\\\/142101a71d7b9e6490c1120d9c109a67.jpg?ver=1776856306\",\"contentUrl\":\"https:\\\/\\\/www.mylasertabac.com\\\/wp-content\\\/litespeed\\\/avatar\\\/142101a71d7b9e6490c1120d9c109a67.jpg?ver=1776856306\",\"caption\":\"Florian Fortes\"},\"sameAs\":[\"https:\\\/\\\/www.mylasertabac.com\",\"https:\\\/\\\/www.facebook.com\\\/profile.php?id=61571554707319\"],\"url\":\"https:\\\/\\\/www.mylasertabac.com\\\/pt-pt\\\/author\\\/florianfortes5312\\\/\"}]}<\/script>\n<!-- \/ Yoast SEO plugin. -->","yoast_head_json":{"title":"Venda de \u00e1lcool a menores: quando a lei trai a realidade - My Laser Tabac","description":"Descobre porque \u00e9 que a venda de \u00e1lcool a menores continua a ser um grande perigo, apesar da lei, e como tomar medidas eficazes.","robots":{"index":"index","follow":"follow","max-snippet":"max-snippet:-1","max-image-preview":"max-image-preview:large","max-video-preview":"max-video-preview:-1"},"canonical":"https:\/\/www.mylasertabac.com\/pt-pt\/venda-de-alcool-a-menores-quando-a-lei-trai-a-realidade\/","og_locale":"pt_PT","og_type":"article","og_title":"Venda de \u00e1lcool a menores: quando a lei trai a realidade - My Laser Tabac","og_description":"Descobre porque \u00e9 que a venda de \u00e1lcool a menores continua a ser um grande perigo, apesar da lei, e como tomar medidas eficazes.","og_url":"https:\/\/www.mylasertabac.com\/pt-pt\/venda-de-alcool-a-menores-quando-a-lei-trai-a-realidade\/","og_site_name":"My Laser Tabac","article_author":"https:\/\/www.facebook.com\/profile.php?id=61571554707319","article_published_time":"2025-10-28T14:06:16+00:00","article_modified_time":"2025-10-28T16:40:03+00:00","og_image":[{"width":1024,"height":683,"url":"https:\/\/www.mylasertabac.com\/wp-content\/uploads\/2025\/10\/Vente-dalcool-au-mineur-qui-esy-le-responsable-1024x683.png","type":"image\/png"}],"author":"Florian Fortes","twitter_card":"summary_large_image","twitter_misc":{"Escrito por":"Florian Fortes","Tempo estimado de leitura":"3 minutos"},"schema":{"@context":"https:\/\/schema.org","@graph":[{"@type":"Article","@id":"https:\/\/www.mylasertabac.com\/pt-pt\/venda-de-alcool-a-menores-quando-a-lei-trai-a-realidade\/#article","isPartOf":{"@id":"https:\/\/www.mylasertabac.com\/pt-pt\/venda-de-alcool-a-menores-quando-a-lei-trai-a-realidade\/"},"author":{"name":"Florian Fortes","@id":"https:\/\/www.mylasertabac.com\/pt-pt\/#\/schema\/person\/02c249cb76d912efb6c315ec23eccdf3"},"headline":"Venda de \u00e1lcool a menores: quando a lei trai a realidade","datePublished":"2025-10-28T14:06:16+00:00","dateModified":"2025-10-28T16:40:03+00:00","mainEntityOfPage":{"@id":"https:\/\/www.mylasertabac.com\/pt-pt\/venda-de-alcool-a-menores-quando-a-lei-trai-a-realidade\/"},"wordCount":681,"publisher":{"@id":"https:\/\/www.mylasertabac.com\/pt-pt\/#organization"},"image":{"@id":"https:\/\/www.mylasertabac.com\/pt-pt\/venda-de-alcool-a-menores-quando-a-lei-trai-a-realidade\/#primaryimage"},"thumbnailUrl":"https:\/\/www.mylasertabac.com\/wp-content\/uploads\/2025\/10\/Vente-dalcool-au-mineur-qui-esy-le-responsable.png","inLanguage":"pt-PT"},{"@type":"WebPage","@id":"https:\/\/www.mylasertabac.com\/pt-pt\/venda-de-alcool-a-menores-quando-a-lei-trai-a-realidade\/","url":"https:\/\/www.mylasertabac.com\/pt-pt\/venda-de-alcool-a-menores-quando-a-lei-trai-a-realidade\/","name":"Venda de \u00e1lcool a menores: quando a lei trai a realidade - My Laser Tabac","isPartOf":{"@id":"https:\/\/www.mylasertabac.com\/pt-pt\/#website"},"primaryImageOfPage":{"@id":"https:\/\/www.mylasertabac.com\/pt-pt\/venda-de-alcool-a-menores-quando-a-lei-trai-a-realidade\/#primaryimage"},"image":{"@id":"https:\/\/www.mylasertabac.com\/pt-pt\/venda-de-alcool-a-menores-quando-a-lei-trai-a-realidade\/#primaryimage"},"thumbnailUrl":"https:\/\/www.mylasertabac.com\/wp-content\/uploads\/2025\/10\/Vente-dalcool-au-mineur-qui-esy-le-responsable.png","datePublished":"2025-10-28T14:06:16+00:00","dateModified":"2025-10-28T16:40:03+00:00","description":"Descobre porque \u00e9 que a venda de \u00e1lcool a menores continua a ser um grande perigo, apesar da lei, e como tomar medidas eficazes.","breadcrumb":{"@id":"https:\/\/www.mylasertabac.com\/pt-pt\/venda-de-alcool-a-menores-quando-a-lei-trai-a-realidade\/#breadcrumb"},"inLanguage":"pt-PT","potentialAction":[{"@type":"ReadAction","target":["https:\/\/www.mylasertabac.com\/pt-pt\/venda-de-alcool-a-menores-quando-a-lei-trai-a-realidade\/"]}]},{"@type":"ImageObject","inLanguage":"pt-PT","@id":"https:\/\/www.mylasertabac.com\/pt-pt\/venda-de-alcool-a-menores-quando-a-lei-trai-a-realidade\/#primaryimage","url":"https:\/\/www.mylasertabac.com\/wp-content\/uploads\/2025\/10\/Vente-dalcool-au-mineur-qui-esy-le-responsable.png","contentUrl":"https:\/\/www.mylasertabac.com\/wp-content\/uploads\/2025\/10\/Vente-dalcool-au-mineur-qui-esy-le-responsable.png","width":1536,"height":1024},{"@type":"BreadcrumbList","@id":"https:\/\/www.mylasertabac.com\/pt-pt\/venda-de-alcool-a-menores-quando-a-lei-trai-a-realidade\/#breadcrumb","itemListElement":[{"@type":"ListItem","position":1,"name":"Accueil","item":"https:\/\/www.mylasertabac.com\/pt-pt\/casa\/"},{"@type":"ListItem","position":2,"name":"Venda de \u00e1lcool a menores: quando a lei trai a realidade"}]},{"@type":"WebSite","@id":"https:\/\/www.mylasertabac.com\/pt-pt\/#website","url":"https:\/\/www.mylasertabac.com\/pt-pt\/","name":"My Laser Tabac","description":"La solution laser qui transforme les fumeurs en ex-fumeurs","publisher":{"@id":"https:\/\/www.mylasertabac.com\/pt-pt\/#organization"},"potentialAction":[{"@type":"SearchAction","target":{"@type":"EntryPoint","urlTemplate":"https:\/\/www.mylasertabac.com\/pt-pt\/?s={search_term_string}"},"query-input":{"@type":"PropertyValueSpecification","valueRequired":true,"valueName":"search_term_string"}}],"inLanguage":"pt-PT"},{"@type":"Organization","@id":"https:\/\/www.mylasertabac.com\/pt-pt\/#organization","name":"My Laser Tabac","url":"https:\/\/www.mylasertabac.com\/pt-pt\/","logo":{"@type":"ImageObject","inLanguage":"pt-PT","@id":"https:\/\/www.mylasertabac.com\/pt-pt\/#\/schema\/logo\/image\/","url":"https:\/\/www.mylasertabac.com\/wp-content\/uploads\/2024\/12\/mlt-verteau.svg","contentUrl":"https:\/\/www.mylasertabac.com\/wp-content\/uploads\/2024\/12\/mlt-verteau.svg","caption":"My Laser Tabac"},"image":{"@id":"https:\/\/www.mylasertabac.com\/pt-pt\/#\/schema\/logo\/image\/"}},{"@type":"Person","@id":"https:\/\/www.mylasertabac.com\/pt-pt\/#\/schema\/person\/02c249cb76d912efb6c315ec23eccdf3","name":"Florian Fortes","image":{"@type":"ImageObject","inLanguage":"pt-PT","@id":"https:\/\/www.mylasertabac.com\/wp-content\/litespeed\/avatar\/142101a71d7b9e6490c1120d9c109a67.jpg?ver=1776856306","url":"https:\/\/www.mylasertabac.com\/wp-content\/litespeed\/avatar\/142101a71d7b9e6490c1120d9c109a67.jpg?ver=1776856306","contentUrl":"https:\/\/www.mylasertabac.com\/wp-content\/litespeed\/avatar\/142101a71d7b9e6490c1120d9c109a67.jpg?ver=1776856306","caption":"Florian Fortes"},"sameAs":["https:\/\/www.mylasertabac.com","https:\/\/www.facebook.com\/profile.php?id=61571554707319"],"url":"https:\/\/www.mylasertabac.com\/pt-pt\/author\/florianfortes5312\/"}]}},"_links":{"self":[{"href":"https:\/\/www.mylasertabac.com\/pt-pt\/wp-json\/wp\/v2\/posts\/19009","targetHints":{"allow":["GET"]}}],"collection":[{"href":"https:\/\/www.mylasertabac.com\/pt-pt\/wp-json\/wp\/v2\/posts"}],"about":[{"href":"https:\/\/www.mylasertabac.com\/pt-pt\/wp-json\/wp\/v2\/types\/post"}],"author":[{"embeddable":true,"href":"https:\/\/www.mylasertabac.com\/pt-pt\/wp-json\/wp\/v2\/users\/2"}],"replies":[{"embeddable":true,"href":"https:\/\/www.mylasertabac.com\/pt-pt\/wp-json\/wp\/v2\/comments?post=19009"}],"version-history":[{"count":3,"href":"https:\/\/www.mylasertabac.com\/pt-pt\/wp-json\/wp\/v2\/posts\/19009\/revisions"}],"predecessor-version":[{"id":19035,"href":"https:\/\/www.mylasertabac.com\/pt-pt\/wp-json\/wp\/v2\/posts\/19009\/revisions\/19035"}],"wp:featuredmedia":[{"embeddable":true,"href":"https:\/\/www.mylasertabac.com\/pt-pt\/wp-json\/wp\/v2\/media\/19027"}],"wp:attachment":[{"href":"https:\/\/www.mylasertabac.com\/pt-pt\/wp-json\/wp\/v2\/media?parent=19009"}],"wp:term":[{"taxonomy":"category","embeddable":true,"href":"https:\/\/www.mylasertabac.com\/pt-pt\/wp-json\/wp\/v2\/categories?post=19009"},{"taxonomy":"post_tag","embeddable":true,"href":"https:\/\/www.mylasertabac.com\/pt-pt\/wp-json\/wp\/v2\/tags?post=19009"}],"curies":[{"name":"wp","href":"https:\/\/api.w.org\/{rel}","templated":true}]}}