{"id":19057,"date":"2025-10-29T09:37:20","date_gmt":"2025-10-29T08:37:20","guid":{"rendered":"https:\/\/www.mylasertabac.com\/tributacao-dos-e-liquidos-e-encerramento-de-lojas-especializadas-um-ponto-de-viragem-para-o-vaping\/"},"modified":"2025-10-29T17:55:48","modified_gmt":"2025-10-29T16:55:48","slug":"tributacao-dos-e-liquidos-e-encerramento-de-lojas-especializadas-um-ponto-de-viragem-para-o-vaping","status":"publish","type":"post","link":"https:\/\/www.mylasertabac.com\/pt-pt\/tributacao-dos-e-liquidos-e-encerramento-de-lojas-especializadas-um-ponto-de-viragem-para-o-vaping\/","title":{"rendered":"Tributa\u00e7\u00e3o dos e-l\u00edquidos e encerramento de lojas especializadas: um ponto de viragem para o vaping"},"content":{"rendered":"\n<p>A lei de finan\u00e7as de 2026 pretende revolucionar o mundo do vaping em Fran\u00e7a: tributa\u00e7\u00e3o dos e-l\u00edquidos, proibi\u00e7\u00e3o da venda online e autoriza\u00e7\u00e3o obrigat\u00f3ria para os estabelecimentos. Uma s\u00e9rie de medidas que amea\u00e7am toda uma \u00e1rea de redu\u00e7\u00e3o de danos. <\/p>\n\n<div style=\"height:25px\" aria-hidden=\"true\" class=\"wp-block-spacer\"><\/div>\n\n<figure class=\"wp-block-image alignleft size-large is-resized\"><a href=\"https:\/\/www.mylasertabac.com\/pt-pt\/os-nossos-centros\/\"><img fetchpriority=\"high\" decoding=\"async\" width=\"1024\" height=\"668\" src=\"https:\/\/www.mylasertabac.com\/wp-content\/uploads\/2025\/08\/tu-veux-arreter-de-fumer-Clique-ici--1024x668.jpg\" alt=\"\" class=\"wp-image-13752\" style=\"width:429px;height:auto\" srcset=\"https:\/\/www.mylasertabac.com\/wp-content\/uploads\/2025\/08\/tu-veux-arreter-de-fumer-Clique-ici--1024x668.jpg 1024w, https:\/\/www.mylasertabac.com\/wp-content\/uploads\/2025\/08\/tu-veux-arreter-de-fumer-Clique-ici--300x196.jpg 300w, https:\/\/www.mylasertabac.com\/wp-content\/uploads\/2025\/08\/tu-veux-arreter-de-fumer-Clique-ici--768x501.jpg 768w, https:\/\/www.mylasertabac.com\/wp-content\/uploads\/2025\/08\/tu-veux-arreter-de-fumer-Clique-ici-.jpg 1206w\" sizes=\"(max-width: 1024px) 100vw, 1024px\" \/><\/a><\/figure>\n\n<h2 class=\"wp-block-heading\">Um novo imposto para os l\u00edquidos electr\u00f3nicos<\/h2>\n\n<p>A partir de 2026, cada mililitro de e-l\u00edquido poder\u00e1 ser tributado a <strong>0,03 euros\/mL<\/strong> para os l\u00edquidos que contenham at\u00e9 15 mg\/mL de nicotina, e a <strong>0,05 euros\/mL<\/strong> acima desse valor. <br\/>Por outras palavras, o pre\u00e7o de uma garrafa de 50 ml passar\u00e1 de 1,50 para 2,50 euros, reduzindo gradualmente a diferen\u00e7a de custo entre o vaporizador e os cigarros tradicionais. <br\/>As autoridades justificam esta tributa\u00e7\u00e3o em nome da <strong>sa\u00fade p\u00fablica<\/strong> e da harmoniza\u00e7\u00e3o fiscal. Mas os profissionais do vaping v\u00eaem-na como um obst\u00e1culo ao acesso dos fumadores a uma alternativa menos nociva.   <\/p>\n\n<div style=\"height:25px\" aria-hidden=\"true\" class=\"wp-block-spacer\"><\/div>\n\n<h2 class=\"wp-block-heading\">Proibi\u00e7\u00e3o das vendas em linha e aprova\u00e7\u00e3o obrigat\u00f3ria<\/h2>\n\n<p>Ao mesmo tempo, o artigo L. 3513-18-4 do C\u00f3digo de Sa\u00fade P\u00fablica franc\u00eas, tal como proposto, pro\u00edbe a venda \u00e0 dist\u00e2ncia de e-l\u00edquidos a particulares. <br\/>A consequ\u00eancia direta \u00e9 que as lojas em linha ser\u00e3o completamente exclu\u00eddas do mercado, e apenas as vendas f\u00edsicas continuar\u00e3o a ser poss\u00edveis &#8211; embora num quadro extremamente restrito.<br\/>Al\u00e9m disso, o artigo L. 3513-18-2 estipula que apenas os estabelecimentos ou tabacarias aprovados poder\u00e3o vender estes produtos &#8211; sujeitos \u00e0 verifica\u00e7\u00e3o da forma\u00e7\u00e3o, dos recursos materiais e da cobran\u00e7a de impostos especiais de consumo.  <\/p>\n\n<div style=\"height:25px\" aria-hidden=\"true\" class=\"wp-block-spacer\"><\/div>\n\n<h2 class=\"wp-block-heading\">Que impacto ter\u00e1 nas lojas especializadas?<\/h2>\n\n<p>Para as lojas de vape, quer sejam independentes ou fa\u00e7am parte de uma rede, o golpe \u00e9 duro.<\/p>\n\n<ul class=\"wp-block-list\">\n<li>Muitos dependem fortemente das vendas em linha: esta \u00e9 uma perda importante.<\/li>\n\n\n\n<li>A aprova\u00e7\u00e3o implica custos: software espec\u00edfico, acompanhamento administrativo, forma\u00e7\u00e3o, etc.<\/li>\n\n\n\n<li>O risco de encerramento ou de convers\u00e3o \u00e9 real.  <\/li>\n<\/ul>\n\n<div style=\"height:25px\" aria-hidden=\"true\" class=\"wp-block-spacer\"><\/div>\n\n<h2 class=\"wp-block-heading\">Um benef\u00edcio indireto para os tabaqueiros?<\/h2>\n\n<p>Com esta reforma, as tabacarias poderiam tornar-se <strong>os \u00fanicos vendedores f\u00edsicos maiorit\u00e1rios de<\/strong> e-l\u00edquidos.<br\/>Em algumas zonas rurais ou pouco povoadas, isto equivale a uma exclusividade virtual.<br\/>Mas as tabacarias nem sempre t\u00eam as compet\u00eancias ou a orienta\u00e7\u00e3o que um profissional do vaping oferece. O risco \u00e9 a diminui\u00e7\u00e3o da oferta especializada, a redu\u00e7\u00e3o do apoio t\u00e9cnico e, para alguns ex-fumadores, o regresso aos cigarros tradicionais. <\/p>\n\n<div style=\"height:25px\" aria-hidden=\"true\" class=\"wp-block-spacer\"><\/div>\n\n<h2 class=\"wp-block-heading\">Um esquema do governo para os vapers?<\/h2>\n\n<p>Esta \u00e9 a opini\u00e3o de muitos intervenientes no sector.<br\/>A boa vontade demonstrada em termos de redu\u00e7\u00e3o dos riscos esbarra com uma tributa\u00e7\u00e3o elevada e uma distribui\u00e7\u00e3o restrita, que podem empurrar os consumidores para canais paralelos ou para o tabaco.<br\/>Neste contexto, podemos legitimamente falar de uma <strong>altera\u00e7\u00e3o das regras do jogo<\/strong>, que pouco beneficia os vapers.<\/p>\n\n<div style=\"height:25px\" aria-hidden=\"true\" class=\"wp-block-spacer\"><\/div>\n\n<h2 class=\"wp-block-heading\">E para os fumadores que querem mesmo deixar de fumar?<\/h2>\n\n<p>Durante muito tempo, o vaporizador foi visto como uma forma de deixar de fumar. Com estas medidas, este papel foi posto em causa.<br\/>Mas existe uma outra via complementar: a reflexologia auricular a laser. <strong><a href=\"https:\/\/www.mylasertabac.com\/pt-pt\/\">reflexologia auricular laser<\/a><\/strong>.<br\/>\u00c9 a\u00ed que entra <a href=\"https:\/\/www.mylasertabac.com\/pt-pt\/\">MyLaserTabac<\/a>.<br\/>Este m\u00e9todo suave actua diretamente sobre os mecanismos de depend\u00eancia, atrav\u00e9s de est\u00edmulos laser aplicados no ouvido. Ajuda a aliviar o desejo de fumar, a reduzir o stress associado \u00e0 cessa\u00e7\u00e3o e a apoiar uma verdadeira rutura com o tabaco.<br\/>Para aqueles que v\u00eaem o vaping ou os substitutos como uma alternativa imperfeita &#8211; ou que receiam voltar a fumar &#8211; esta solu\u00e7\u00e3o representa uma <strong>oportunidade real de fazer uma rutura duradoura com o<\/strong> tabaco.  <\/p>\n\n<div style=\"height:25px\" aria-hidden=\"true\" class=\"wp-block-spacer\"><\/div>\n\n<h2 class=\"wp-block-heading\">Conclus\u00e3o<\/h2>\n\n<p>A reforma anunciada para 2026 est\u00e1 a alterar profundamente o panorama do vaping em Fran\u00e7a. Tributa\u00e7\u00e3o pesada, proibi\u00e7\u00e3o de venda em linha, restri\u00e7\u00f5es \u00e0 distribui\u00e7\u00e3o: as consequ\u00eancias s\u00e3o m\u00faltiplas e muitas vezes desfavor\u00e1veis para os utilizadores.<br\/>Se utilizas o vape no \u00e2mbito de uma estrat\u00e9gia de desabitua\u00e7\u00e3o, n\u00e3o percas de vista que existem outros m\u00e9todos dispon\u00edveis.<br\/>E se quiseres ir mais longe, escolher uma abordagem supervisionada, adaptada \u00e0s tuas necessidades e orientada para a liberdade, o m\u00e9todo laser anti-tabaco MyLaserTabac est\u00e1 l\u00e1 para te ajudar. <\/p>\n\n<div style=\"height:25px\" aria-hidden=\"true\" class=\"wp-block-spacer\"><\/div>\n\n<figure class=\"wp-block-image size-large\"><img decoding=\"async\" src=\"https:\/\/www.mylasertabac.com\/wp-content\/uploads\/\/mlt-verteau.svg\" alt=\"\" class=\"wp-image-13\"\/><\/figure>\n","protected":false},"excerpt":{"rendered":"<p>A lei de finan\u00e7as de 2026 pretende revolucionar o mundo do vaping em Fran\u00e7a: tributa\u00e7\u00e3o dos e-l\u00edquidos, proibi\u00e7\u00e3o da venda online e autoriza\u00e7\u00e3o obrigat\u00f3ria para os estabelecimentos. Uma s\u00e9rie de medidas que amea\u00e7am toda uma \u00e1rea de redu\u00e7\u00e3o de danos. Um novo imposto para os l\u00edquidos electr\u00f3nicos A partir de 2026, cada mililitro de e-l\u00edquido [&hellip;]<\/p>\n","protected":false},"author":2,"featured_media":19068,"comment_status":"closed","ping_status":"open","sticky":false,"template":"","format":"standard","meta":{"inline_featured_image":false,"footnotes":""},"categories":[680],"tags":[],"class_list":["post-19057","post","type-post","status-publish","format-standard","has-post-thumbnail","hentry","category-noticias-pt-pt"],"yoast_head":"<!-- This site is optimized with the Yoast SEO plugin v27.4 - https:\/\/yoast.com\/product\/yoast-seo-wordpress\/ -->\n<title>Tributa\u00e7\u00e3o dos e-l\u00edquidos e encerramento de lojas especializadas: um ponto de viragem para o vaping - My Laser Tabac<\/title>\n<meta name=\"description\" content=\"Descobre como o novo imposto sobre os vape e o artigo 26\u00ba est\u00e3o a abalar as vendas de e-l\u00edquidos em Fran\u00e7a.\" \/>\n<meta name=\"robots\" content=\"index, follow, max-snippet:-1, max-image-preview:large, max-video-preview:-1\" \/>\n<link rel=\"canonical\" href=\"https:\/\/www.mylasertabac.com\/pt-pt\/tributacao-dos-e-liquidos-e-encerramento-de-lojas-especializadas-um-ponto-de-viragem-para-o-vaping\/\" \/>\n<meta property=\"og:locale\" content=\"pt_PT\" \/>\n<meta property=\"og:type\" content=\"article\" \/>\n<meta property=\"og:title\" content=\"Tributa\u00e7\u00e3o dos e-l\u00edquidos e encerramento de lojas especializadas: um ponto de viragem para o vaping - My Laser Tabac\" \/>\n<meta property=\"og:description\" content=\"Descobre como o novo imposto sobre os vape e o artigo 26\u00ba est\u00e3o a abalar as vendas de e-l\u00edquidos em Fran\u00e7a.\" \/>\n<meta property=\"og:url\" content=\"https:\/\/www.mylasertabac.com\/pt-pt\/tributacao-dos-e-liquidos-e-encerramento-de-lojas-especializadas-um-ponto-de-viragem-para-o-vaping\/\" \/>\n<meta property=\"og:site_name\" content=\"My Laser Tabac\" \/>\n<meta property=\"article:author\" content=\"https:\/\/www.facebook.com\/profile.php?id=61571554707319\" \/>\n<meta property=\"article:published_time\" content=\"2025-10-29T08:37:20+00:00\" \/>\n<meta property=\"article:modified_time\" content=\"2025-10-29T16:55:48+00:00\" \/>\n<meta property=\"og:image\" content=\"https:\/\/www.mylasertabac.com\/wp-content\/uploads\/2025\/10\/la-nouvelle-taxe-sur-les-e-liquide-et-linterdiction-de-vendre-hors-tabac-1024x683.png\" \/>\n\t<meta property=\"og:image:width\" content=\"1024\" \/>\n\t<meta property=\"og:image:height\" content=\"683\" \/>\n\t<meta property=\"og:image:type\" content=\"image\/png\" \/>\n<meta name=\"author\" content=\"Florian Fortes\" \/>\n<meta name=\"twitter:card\" content=\"summary_large_image\" \/>\n<meta name=\"twitter:label1\" content=\"Escrito por\" \/>\n\t<meta name=\"twitter:data1\" content=\"Florian Fortes\" \/>\n\t<meta name=\"twitter:label2\" content=\"Tempo estimado de leitura\" \/>\n\t<meta name=\"twitter:data2\" content=\"4 minutos\" \/>\n<script type=\"application\/ld+json\" class=\"yoast-schema-graph\">{\"@context\":\"https:\\\/\\\/schema.org\",\"@graph\":[{\"@type\":\"Article\",\"@id\":\"https:\\\/\\\/www.mylasertabac.com\\\/pt-pt\\\/tributacao-dos-e-liquidos-e-encerramento-de-lojas-especializadas-um-ponto-de-viragem-para-o-vaping\\\/#article\",\"isPartOf\":{\"@id\":\"https:\\\/\\\/www.mylasertabac.com\\\/pt-pt\\\/tributacao-dos-e-liquidos-e-encerramento-de-lojas-especializadas-um-ponto-de-viragem-para-o-vaping\\\/\"},\"author\":{\"name\":\"Florian Fortes\",\"@id\":\"https:\\\/\\\/www.mylasertabac.com\\\/pt-pt\\\/#\\\/schema\\\/person\\\/02c249cb76d912efb6c315ec23eccdf3\"},\"headline\":\"Tributa\u00e7\u00e3o dos e-l\u00edquidos e encerramento de lojas especializadas: um ponto de viragem para o vaping\",\"datePublished\":\"2025-10-29T08:37:20+00:00\",\"dateModified\":\"2025-10-29T16:55:48+00:00\",\"mainEntityOfPage\":{\"@id\":\"https:\\\/\\\/www.mylasertabac.com\\\/pt-pt\\\/tributacao-dos-e-liquidos-e-encerramento-de-lojas-especializadas-um-ponto-de-viragem-para-o-vaping\\\/\"},\"wordCount\":729,\"publisher\":{\"@id\":\"https:\\\/\\\/www.mylasertabac.com\\\/pt-pt\\\/#organization\"},\"image\":{\"@id\":\"https:\\\/\\\/www.mylasertabac.com\\\/pt-pt\\\/tributacao-dos-e-liquidos-e-encerramento-de-lojas-especializadas-um-ponto-de-viragem-para-o-vaping\\\/#primaryimage\"},\"thumbnailUrl\":\"https:\\\/\\\/www.mylasertabac.com\\\/wp-content\\\/uploads\\\/2025\\\/10\\\/la-nouvelle-taxe-sur-les-e-liquide-et-linterdiction-de-vendre-hors-tabac.png\",\"articleSection\":[\"not\u00edcias\"],\"inLanguage\":\"pt-PT\"},{\"@type\":\"WebPage\",\"@id\":\"https:\\\/\\\/www.mylasertabac.com\\\/pt-pt\\\/tributacao-dos-e-liquidos-e-encerramento-de-lojas-especializadas-um-ponto-de-viragem-para-o-vaping\\\/\",\"url\":\"https:\\\/\\\/www.mylasertabac.com\\\/pt-pt\\\/tributacao-dos-e-liquidos-e-encerramento-de-lojas-especializadas-um-ponto-de-viragem-para-o-vaping\\\/\",\"name\":\"Tributa\u00e7\u00e3o dos e-l\u00edquidos e encerramento de lojas especializadas: um ponto de viragem para o vaping - My Laser Tabac\",\"isPartOf\":{\"@id\":\"https:\\\/\\\/www.mylasertabac.com\\\/pt-pt\\\/#website\"},\"primaryImageOfPage\":{\"@id\":\"https:\\\/\\\/www.mylasertabac.com\\\/pt-pt\\\/tributacao-dos-e-liquidos-e-encerramento-de-lojas-especializadas-um-ponto-de-viragem-para-o-vaping\\\/#primaryimage\"},\"image\":{\"@id\":\"https:\\\/\\\/www.mylasertabac.com\\\/pt-pt\\\/tributacao-dos-e-liquidos-e-encerramento-de-lojas-especializadas-um-ponto-de-viragem-para-o-vaping\\\/#primaryimage\"},\"thumbnailUrl\":\"https:\\\/\\\/www.mylasertabac.com\\\/wp-content\\\/uploads\\\/2025\\\/10\\\/la-nouvelle-taxe-sur-les-e-liquide-et-linterdiction-de-vendre-hors-tabac.png\",\"datePublished\":\"2025-10-29T08:37:20+00:00\",\"dateModified\":\"2025-10-29T16:55:48+00:00\",\"description\":\"Descobre como o novo imposto sobre os vape e o artigo 26\u00ba est\u00e3o a abalar as vendas de e-l\u00edquidos em Fran\u00e7a.\",\"breadcrumb\":{\"@id\":\"https:\\\/\\\/www.mylasertabac.com\\\/pt-pt\\\/tributacao-dos-e-liquidos-e-encerramento-de-lojas-especializadas-um-ponto-de-viragem-para-o-vaping\\\/#breadcrumb\"},\"inLanguage\":\"pt-PT\",\"potentialAction\":[{\"@type\":\"ReadAction\",\"target\":[\"https:\\\/\\\/www.mylasertabac.com\\\/pt-pt\\\/tributacao-dos-e-liquidos-e-encerramento-de-lojas-especializadas-um-ponto-de-viragem-para-o-vaping\\\/\"]}]},{\"@type\":\"ImageObject\",\"inLanguage\":\"pt-PT\",\"@id\":\"https:\\\/\\\/www.mylasertabac.com\\\/pt-pt\\\/tributacao-dos-e-liquidos-e-encerramento-de-lojas-especializadas-um-ponto-de-viragem-para-o-vaping\\\/#primaryimage\",\"url\":\"https:\\\/\\\/www.mylasertabac.com\\\/wp-content\\\/uploads\\\/2025\\\/10\\\/la-nouvelle-taxe-sur-les-e-liquide-et-linterdiction-de-vendre-hors-tabac.png\",\"contentUrl\":\"https:\\\/\\\/www.mylasertabac.com\\\/wp-content\\\/uploads\\\/2025\\\/10\\\/la-nouvelle-taxe-sur-les-e-liquide-et-linterdiction-de-vendre-hors-tabac.png\",\"width\":1536,\"height\":1024},{\"@type\":\"BreadcrumbList\",\"@id\":\"https:\\\/\\\/www.mylasertabac.com\\\/pt-pt\\\/tributacao-dos-e-liquidos-e-encerramento-de-lojas-especializadas-um-ponto-de-viragem-para-o-vaping\\\/#breadcrumb\",\"itemListElement\":[{\"@type\":\"ListItem\",\"position\":1,\"name\":\"Accueil\",\"item\":\"https:\\\/\\\/www.mylasertabac.com\\\/pt-pt\\\/casa\\\/\"},{\"@type\":\"ListItem\",\"position\":2,\"name\":\"Tributa\u00e7\u00e3o dos e-l\u00edquidos e encerramento de lojas especializadas: um ponto de viragem para o vaping\"}]},{\"@type\":\"WebSite\",\"@id\":\"https:\\\/\\\/www.mylasertabac.com\\\/pt-pt\\\/#website\",\"url\":\"https:\\\/\\\/www.mylasertabac.com\\\/pt-pt\\\/\",\"name\":\"My Laser Tabac\",\"description\":\"La solution laser qui transforme les fumeurs en ex-fumeurs\",\"publisher\":{\"@id\":\"https:\\\/\\\/www.mylasertabac.com\\\/pt-pt\\\/#organization\"},\"potentialAction\":[{\"@type\":\"SearchAction\",\"target\":{\"@type\":\"EntryPoint\",\"urlTemplate\":\"https:\\\/\\\/www.mylasertabac.com\\\/pt-pt\\\/?s={search_term_string}\"},\"query-input\":{\"@type\":\"PropertyValueSpecification\",\"valueRequired\":true,\"valueName\":\"search_term_string\"}}],\"inLanguage\":\"pt-PT\"},{\"@type\":\"Organization\",\"@id\":\"https:\\\/\\\/www.mylasertabac.com\\\/pt-pt\\\/#organization\",\"name\":\"My Laser Tabac\",\"url\":\"https:\\\/\\\/www.mylasertabac.com\\\/pt-pt\\\/\",\"logo\":{\"@type\":\"ImageObject\",\"inLanguage\":\"pt-PT\",\"@id\":\"https:\\\/\\\/www.mylasertabac.com\\\/pt-pt\\\/#\\\/schema\\\/logo\\\/image\\\/\",\"url\":\"https:\\\/\\\/www.mylasertabac.com\\\/wp-content\\\/uploads\\\/2024\\\/12\\\/mlt-verteau.svg\",\"contentUrl\":\"https:\\\/\\\/www.mylasertabac.com\\\/wp-content\\\/uploads\\\/2024\\\/12\\\/mlt-verteau.svg\",\"caption\":\"My Laser Tabac\"},\"image\":{\"@id\":\"https:\\\/\\\/www.mylasertabac.com\\\/pt-pt\\\/#\\\/schema\\\/logo\\\/image\\\/\"}},{\"@type\":\"Person\",\"@id\":\"https:\\\/\\\/www.mylasertabac.com\\\/pt-pt\\\/#\\\/schema\\\/person\\\/02c249cb76d912efb6c315ec23eccdf3\",\"name\":\"Florian Fortes\",\"image\":{\"@type\":\"ImageObject\",\"inLanguage\":\"pt-PT\",\"@id\":\"https:\\\/\\\/www.mylasertabac.com\\\/wp-content\\\/litespeed\\\/avatar\\\/142101a71d7b9e6490c1120d9c109a67.jpg?ver=1776856306\",\"url\":\"https:\\\/\\\/www.mylasertabac.com\\\/wp-content\\\/litespeed\\\/avatar\\\/142101a71d7b9e6490c1120d9c109a67.jpg?ver=1776856306\",\"contentUrl\":\"https:\\\/\\\/www.mylasertabac.com\\\/wp-content\\\/litespeed\\\/avatar\\\/142101a71d7b9e6490c1120d9c109a67.jpg?ver=1776856306\",\"caption\":\"Florian Fortes\"},\"sameAs\":[\"https:\\\/\\\/www.mylasertabac.com\",\"https:\\\/\\\/www.facebook.com\\\/profile.php?id=61571554707319\"],\"url\":\"https:\\\/\\\/www.mylasertabac.com\\\/pt-pt\\\/author\\\/florianfortes5312\\\/\"}]}<\/script>\n<!-- \/ Yoast SEO plugin. -->","yoast_head_json":{"title":"Tributa\u00e7\u00e3o dos e-l\u00edquidos e encerramento de lojas especializadas: um ponto de viragem para o vaping - My Laser Tabac","description":"Descobre como o novo imposto sobre os vape e o artigo 26\u00ba est\u00e3o a abalar as vendas de e-l\u00edquidos em Fran\u00e7a.","robots":{"index":"index","follow":"follow","max-snippet":"max-snippet:-1","max-image-preview":"max-image-preview:large","max-video-preview":"max-video-preview:-1"},"canonical":"https:\/\/www.mylasertabac.com\/pt-pt\/tributacao-dos-e-liquidos-e-encerramento-de-lojas-especializadas-um-ponto-de-viragem-para-o-vaping\/","og_locale":"pt_PT","og_type":"article","og_title":"Tributa\u00e7\u00e3o dos e-l\u00edquidos e encerramento de lojas especializadas: um ponto de viragem para o vaping - My Laser Tabac","og_description":"Descobre como o novo imposto sobre os vape e o artigo 26\u00ba est\u00e3o a abalar as vendas de e-l\u00edquidos em Fran\u00e7a.","og_url":"https:\/\/www.mylasertabac.com\/pt-pt\/tributacao-dos-e-liquidos-e-encerramento-de-lojas-especializadas-um-ponto-de-viragem-para-o-vaping\/","og_site_name":"My Laser Tabac","article_author":"https:\/\/www.facebook.com\/profile.php?id=61571554707319","article_published_time":"2025-10-29T08:37:20+00:00","article_modified_time":"2025-10-29T16:55:48+00:00","og_image":[{"width":1024,"height":683,"url":"https:\/\/www.mylasertabac.com\/wp-content\/uploads\/2025\/10\/la-nouvelle-taxe-sur-les-e-liquide-et-linterdiction-de-vendre-hors-tabac-1024x683.png","type":"image\/png"}],"author":"Florian Fortes","twitter_card":"summary_large_image","twitter_misc":{"Escrito por":"Florian Fortes","Tempo estimado de leitura":"4 minutos"},"schema":{"@context":"https:\/\/schema.org","@graph":[{"@type":"Article","@id":"https:\/\/www.mylasertabac.com\/pt-pt\/tributacao-dos-e-liquidos-e-encerramento-de-lojas-especializadas-um-ponto-de-viragem-para-o-vaping\/#article","isPartOf":{"@id":"https:\/\/www.mylasertabac.com\/pt-pt\/tributacao-dos-e-liquidos-e-encerramento-de-lojas-especializadas-um-ponto-de-viragem-para-o-vaping\/"},"author":{"name":"Florian Fortes","@id":"https:\/\/www.mylasertabac.com\/pt-pt\/#\/schema\/person\/02c249cb76d912efb6c315ec23eccdf3"},"headline":"Tributa\u00e7\u00e3o dos e-l\u00edquidos e encerramento de lojas especializadas: um ponto de viragem para o vaping","datePublished":"2025-10-29T08:37:20+00:00","dateModified":"2025-10-29T16:55:48+00:00","mainEntityOfPage":{"@id":"https:\/\/www.mylasertabac.com\/pt-pt\/tributacao-dos-e-liquidos-e-encerramento-de-lojas-especializadas-um-ponto-de-viragem-para-o-vaping\/"},"wordCount":729,"publisher":{"@id":"https:\/\/www.mylasertabac.com\/pt-pt\/#organization"},"image":{"@id":"https:\/\/www.mylasertabac.com\/pt-pt\/tributacao-dos-e-liquidos-e-encerramento-de-lojas-especializadas-um-ponto-de-viragem-para-o-vaping\/#primaryimage"},"thumbnailUrl":"https:\/\/www.mylasertabac.com\/wp-content\/uploads\/2025\/10\/la-nouvelle-taxe-sur-les-e-liquide-et-linterdiction-de-vendre-hors-tabac.png","articleSection":["not\u00edcias"],"inLanguage":"pt-PT"},{"@type":"WebPage","@id":"https:\/\/www.mylasertabac.com\/pt-pt\/tributacao-dos-e-liquidos-e-encerramento-de-lojas-especializadas-um-ponto-de-viragem-para-o-vaping\/","url":"https:\/\/www.mylasertabac.com\/pt-pt\/tributacao-dos-e-liquidos-e-encerramento-de-lojas-especializadas-um-ponto-de-viragem-para-o-vaping\/","name":"Tributa\u00e7\u00e3o dos e-l\u00edquidos e encerramento de lojas especializadas: um ponto de viragem para o vaping - My Laser Tabac","isPartOf":{"@id":"https:\/\/www.mylasertabac.com\/pt-pt\/#website"},"primaryImageOfPage":{"@id":"https:\/\/www.mylasertabac.com\/pt-pt\/tributacao-dos-e-liquidos-e-encerramento-de-lojas-especializadas-um-ponto-de-viragem-para-o-vaping\/#primaryimage"},"image":{"@id":"https:\/\/www.mylasertabac.com\/pt-pt\/tributacao-dos-e-liquidos-e-encerramento-de-lojas-especializadas-um-ponto-de-viragem-para-o-vaping\/#primaryimage"},"thumbnailUrl":"https:\/\/www.mylasertabac.com\/wp-content\/uploads\/2025\/10\/la-nouvelle-taxe-sur-les-e-liquide-et-linterdiction-de-vendre-hors-tabac.png","datePublished":"2025-10-29T08:37:20+00:00","dateModified":"2025-10-29T16:55:48+00:00","description":"Descobre como o novo imposto sobre os vape e o artigo 26\u00ba est\u00e3o a abalar as vendas de e-l\u00edquidos em Fran\u00e7a.","breadcrumb":{"@id":"https:\/\/www.mylasertabac.com\/pt-pt\/tributacao-dos-e-liquidos-e-encerramento-de-lojas-especializadas-um-ponto-de-viragem-para-o-vaping\/#breadcrumb"},"inLanguage":"pt-PT","potentialAction":[{"@type":"ReadAction","target":["https:\/\/www.mylasertabac.com\/pt-pt\/tributacao-dos-e-liquidos-e-encerramento-de-lojas-especializadas-um-ponto-de-viragem-para-o-vaping\/"]}]},{"@type":"ImageObject","inLanguage":"pt-PT","@id":"https:\/\/www.mylasertabac.com\/pt-pt\/tributacao-dos-e-liquidos-e-encerramento-de-lojas-especializadas-um-ponto-de-viragem-para-o-vaping\/#primaryimage","url":"https:\/\/www.mylasertabac.com\/wp-content\/uploads\/2025\/10\/la-nouvelle-taxe-sur-les-e-liquide-et-linterdiction-de-vendre-hors-tabac.png","contentUrl":"https:\/\/www.mylasertabac.com\/wp-content\/uploads\/2025\/10\/la-nouvelle-taxe-sur-les-e-liquide-et-linterdiction-de-vendre-hors-tabac.png","width":1536,"height":1024},{"@type":"BreadcrumbList","@id":"https:\/\/www.mylasertabac.com\/pt-pt\/tributacao-dos-e-liquidos-e-encerramento-de-lojas-especializadas-um-ponto-de-viragem-para-o-vaping\/#breadcrumb","itemListElement":[{"@type":"ListItem","position":1,"name":"Accueil","item":"https:\/\/www.mylasertabac.com\/pt-pt\/casa\/"},{"@type":"ListItem","position":2,"name":"Tributa\u00e7\u00e3o dos e-l\u00edquidos e encerramento de lojas especializadas: um ponto de viragem para o vaping"}]},{"@type":"WebSite","@id":"https:\/\/www.mylasertabac.com\/pt-pt\/#website","url":"https:\/\/www.mylasertabac.com\/pt-pt\/","name":"My Laser Tabac","description":"La solution laser qui transforme les fumeurs en ex-fumeurs","publisher":{"@id":"https:\/\/www.mylasertabac.com\/pt-pt\/#organization"},"potentialAction":[{"@type":"SearchAction","target":{"@type":"EntryPoint","urlTemplate":"https:\/\/www.mylasertabac.com\/pt-pt\/?s={search_term_string}"},"query-input":{"@type":"PropertyValueSpecification","valueRequired":true,"valueName":"search_term_string"}}],"inLanguage":"pt-PT"},{"@type":"Organization","@id":"https:\/\/www.mylasertabac.com\/pt-pt\/#organization","name":"My Laser Tabac","url":"https:\/\/www.mylasertabac.com\/pt-pt\/","logo":{"@type":"ImageObject","inLanguage":"pt-PT","@id":"https:\/\/www.mylasertabac.com\/pt-pt\/#\/schema\/logo\/image\/","url":"https:\/\/www.mylasertabac.com\/wp-content\/uploads\/2024\/12\/mlt-verteau.svg","contentUrl":"https:\/\/www.mylasertabac.com\/wp-content\/uploads\/2024\/12\/mlt-verteau.svg","caption":"My Laser Tabac"},"image":{"@id":"https:\/\/www.mylasertabac.com\/pt-pt\/#\/schema\/logo\/image\/"}},{"@type":"Person","@id":"https:\/\/www.mylasertabac.com\/pt-pt\/#\/schema\/person\/02c249cb76d912efb6c315ec23eccdf3","name":"Florian Fortes","image":{"@type":"ImageObject","inLanguage":"pt-PT","@id":"https:\/\/www.mylasertabac.com\/wp-content\/litespeed\/avatar\/142101a71d7b9e6490c1120d9c109a67.jpg?ver=1776856306","url":"https:\/\/www.mylasertabac.com\/wp-content\/litespeed\/avatar\/142101a71d7b9e6490c1120d9c109a67.jpg?ver=1776856306","contentUrl":"https:\/\/www.mylasertabac.com\/wp-content\/litespeed\/avatar\/142101a71d7b9e6490c1120d9c109a67.jpg?ver=1776856306","caption":"Florian Fortes"},"sameAs":["https:\/\/www.mylasertabac.com","https:\/\/www.facebook.com\/profile.php?id=61571554707319"],"url":"https:\/\/www.mylasertabac.com\/pt-pt\/author\/florianfortes5312\/"}]}},"_links":{"self":[{"href":"https:\/\/www.mylasertabac.com\/pt-pt\/wp-json\/wp\/v2\/posts\/19057","targetHints":{"allow":["GET"]}}],"collection":[{"href":"https:\/\/www.mylasertabac.com\/pt-pt\/wp-json\/wp\/v2\/posts"}],"about":[{"href":"https:\/\/www.mylasertabac.com\/pt-pt\/wp-json\/wp\/v2\/types\/post"}],"author":[{"embeddable":true,"href":"https:\/\/www.mylasertabac.com\/pt-pt\/wp-json\/wp\/v2\/users\/2"}],"replies":[{"embeddable":true,"href":"https:\/\/www.mylasertabac.com\/pt-pt\/wp-json\/wp\/v2\/comments?post=19057"}],"version-history":[{"count":4,"href":"https:\/\/www.mylasertabac.com\/pt-pt\/wp-json\/wp\/v2\/posts\/19057\/revisions"}],"predecessor-version":[{"id":19079,"href":"https:\/\/www.mylasertabac.com\/pt-pt\/wp-json\/wp\/v2\/posts\/19057\/revisions\/19079"}],"wp:featuredmedia":[{"embeddable":true,"href":"https:\/\/www.mylasertabac.com\/pt-pt\/wp-json\/wp\/v2\/media\/19068"}],"wp:attachment":[{"href":"https:\/\/www.mylasertabac.com\/pt-pt\/wp-json\/wp\/v2\/media?parent=19057"}],"wp:term":[{"taxonomy":"category","embeddable":true,"href":"https:\/\/www.mylasertabac.com\/pt-pt\/wp-json\/wp\/v2\/categories?post=19057"},{"taxonomy":"post_tag","embeddable":true,"href":"https:\/\/www.mylasertabac.com\/pt-pt\/wp-json\/wp\/v2\/tags?post=19057"}],"curies":[{"name":"wp","href":"https:\/\/api.w.org\/{rel}","templated":true}]}}