{"id":19138,"date":"2025-10-30T10:05:51","date_gmt":"2025-10-30T09:05:51","guid":{"rendered":"https:\/\/www.mylasertabac.com\/precos-dos-cigarros-na-turquia-em-2025-quanto-custa-realmente-fumar-em-istambul\/"},"modified":"2025-10-30T10:18:42","modified_gmt":"2025-10-30T09:18:42","slug":"precos-dos-cigarros-na-turquia-em-2025-quanto-custa-realmente-fumar-em-istambul","status":"publish","type":"post","link":"https:\/\/www.mylasertabac.com\/pt-pt\/precos-dos-cigarros-na-turquia-em-2025-quanto-custa-realmente-fumar-em-istambul\/","title":{"rendered":"Pre\u00e7os dos cigarros na Turquia em 2025: quanto custa realmente fumar em Istambul?"},"content":{"rendered":"\n<div style=\"height:18px\" aria-hidden=\"true\" class=\"wp-block-spacer\"><\/div>\n\n<p>Em 2025, a Turquia continua a atrair muitos viajantes europeus, atra\u00eddos pelo baixo custo de vida. Mas o mesmo se aplica aos cigarros. Apesar dos aumentos sucessivos, o pre\u00e7o de um ma\u00e7o continua a ser bastante inferior ao da Fran\u00e7a, da Alemanha ou da It\u00e1lia.<br\/>Quanto custa ent\u00e3o um ma\u00e7o de <g id=\"gid_0\">Marlboro<\/g>, <g id=\"gid_1\">Camel<\/g> ou <g id=\"gid_2\">Winston<\/g> na Turquia? E, sobretudo, quais s\u00e3o as tend\u00eancias para os pr\u00f3ximos anos?   <\/p>\n\n<div style=\"height:20px\" aria-hidden=\"true\" class=\"wp-block-spacer\"><\/div>\n\n<figure class=\"wp-block-image alignleft size-large is-resized\"><a href=\"https:\/\/www.mylasertabac.com\/pt-pt\/os-nossos-centros\/\"><img fetchpriority=\"high\" decoding=\"async\" width=\"1024\" height=\"668\" src=\"https:\/\/www.mylasertabac.com\/wp-content\/uploads\/2025\/08\/tu-veux-arreter-de-fumer-Clique-ici--1024x668.jpg\" alt=\"\" class=\"wp-image-13752\" style=\"width:461px;height:auto\" srcset=\"https:\/\/www.mylasertabac.com\/wp-content\/uploads\/2025\/08\/tu-veux-arreter-de-fumer-Clique-ici--1024x668.jpg 1024w, https:\/\/www.mylasertabac.com\/wp-content\/uploads\/2025\/08\/tu-veux-arreter-de-fumer-Clique-ici--300x196.jpg 300w, https:\/\/www.mylasertabac.com\/wp-content\/uploads\/2025\/08\/tu-veux-arreter-de-fumer-Clique-ici--768x501.jpg 768w, https:\/\/www.mylasertabac.com\/wp-content\/uploads\/2025\/08\/tu-veux-arreter-de-fumer-Clique-ici-.jpg 1206w\" sizes=\"(max-width: 1024px) 100vw, 1024px\" \/><\/a><\/figure>\n\n<h2 class=\"wp-block-heading\">\ud83c\uddf9\ud83c\uddf7 Pre\u00e7os do tabaco na Turquia em 2025<\/h2>\n\n<p>O pre\u00e7o dos cigarros na Turquia \u00e9 fixado pelo governo e ajustado regularmente atrav\u00e9s do \u00d6TV (imposto especial sobre o consumo).<br\/>Em <strong>outubro de 2025<\/strong>, um ma\u00e7o de cigarros custar\u00e1 <strong>entre 80 e 140 liras turcas (TRY)<\/strong>, dependendo da marca.<br\/>Com uma taxa de c\u00e2mbio m\u00e9dia de <strong>1 euro = 49 TRY<\/strong>, isto equivale a <strong>1,60 a 2,85 euros por ma\u00e7o<\/strong>.<\/p>\n\n<blockquote class=\"wp-block-quote is-layout-flow wp-block-quote-is-layout-flow\">\n<p>A t\u00edtulo de compara\u00e7\u00e3o, o mesmo pacote custa cerca de <strong>13 euros em Fran\u00e7a<\/strong> ou <strong>8 euros na Alemanha<\/strong>.<br\/>A diferen\u00e7a \u00e9, portanto, ainda consider\u00e1vel &#8211; quase <strong> 80%<\/strong> em rela\u00e7\u00e3o ao pre\u00e7o franc\u00eas.<\/p>\n\n\n\n<div style=\"height:18px\" aria-hidden=\"true\" class=\"wp-block-spacer\"><\/div>\n<\/blockquote>\n\n<h2 class=\"wp-block-heading\">Tabela comparativa dos pre\u00e7os dos cigarros na Turquia (outubro de 2025)<\/h2>\n\n<div style=\"height:18px\" aria-hidden=\"true\" class=\"wp-block-spacer\"><\/div>\n\n<figure class=\"wp-block-table\"><table class=\"has-fixed-layout\"><thead><tr><th>Marca (Europa)<\/th><th>Pre\u00e7o em TRY<\/th><th>Pre\u00e7o em euros (\u2248 1 \u20ac = 49 TRY)<\/th><th>Pre\u00e7o m\u00e9dio em Fran\u00e7a (\u20ac)<\/th><th>Diferen\u00e7a Fran\u00e7a\/Turquia<\/th><\/tr><\/thead><tbody><tr><td>Marlboro Red<\/td><td>95<\/td><td>1,94<\/td><td>13,00<\/td><td>-85 %<\/td><\/tr><tr><td>Marlboro Gold<\/td><td>95<\/td><td>1,94<\/td><td>13,00<\/td><td>-85 %<\/td><\/tr><tr><td>Winston Blue<\/td><td>90<\/td><td>1,84<\/td><td>12,00<\/td><td>-85 %<\/td><\/tr><tr><td>Amarelo camel<\/td><td>88<\/td><td>1,80<\/td><td>12,50<\/td><td>-86 %<\/td><\/tr><tr><td>Kent Blue<\/td><td>92<\/td><td>1,88<\/td><td>11,50<\/td><td>-84 %<\/td><\/tr><tr><td>Rothmans<\/td><td>86<\/td><td>1,76<\/td><td>11,00<\/td><td>-84 %<\/td><\/tr><tr><td>Chesterfield Original<\/td><td>83<\/td><td>1,69<\/td><td>11,00<\/td><td>-85 %<\/td><\/tr><tr><td>Parlamento Aqua Blue<\/td><td>105<\/td><td>2,14<\/td><td>14,00<\/td><td>-85 %<\/td><\/tr><tr><td>Davidoff Classic<\/td><td>110<\/td><td>2,25<\/td><td>14,50<\/td><td>-84 %<\/td><\/tr><tr><td>L&amp;M Etiqueta Vermelha<\/td><td>82<\/td><td>1,67<\/td><td>10,50<\/td><td>-84 %<\/td><\/tr><tr><td>Lucky Strike Blue<\/td><td>90<\/td><td>1,84<\/td><td>12,50<\/td><td>-85 %<\/td><\/tr><tr><td>Vogue Menthol<\/td><td>100<\/td><td>2,04<\/td><td>13,50<\/td><td>-85 %<\/td><\/tr><tr><td>Gauloises castanhas<\/td><td>98<\/td><td>2,00<\/td><td>12,80<\/td><td>-84 %<\/td><\/tr><tr><td>Pall Mall Vermelho<\/td><td>84<\/td><td>1,71<\/td><td>11,20<\/td><td>-85 %<\/td><\/tr><tr><td>Benson &amp; Hedges Ouro<\/td><td>108<\/td><td>2,20<\/td><td>13,80<\/td><td>-84 %<\/td><\/tr><tr><td>Dunhill Blue<\/td><td>112<\/td><td>2,29<\/td><td>14,20<\/td><td>-84 %<\/td><\/tr><tr><td>Monte Carlo Prata<\/td><td>80<\/td><td>1,63<\/td><td>10,00<\/td><td>-84 %<\/td><\/tr><tr><td>Corte de seda roxo<\/td><td>106<\/td><td>2,16<\/td><td>13,50<\/td><td>-84 %<\/td><\/tr><tr><td>Viceroy Vermelho<\/td><td>78<\/td><td>1,59<\/td><td>10,20<\/td><td>-84 %<\/td><\/tr><tr><td>Philip Morris Prata<\/td><td>94<\/td><td>1,92<\/td><td>13,00<\/td><td>-85 %<\/td><\/tr><\/tbody><\/table><\/figure>\n\n<blockquote class=\"wp-block-quote is-layout-flow wp-block-quote-is-layout-flow\">\n<div style=\"height:18px\" aria-hidden=\"true\" class=\"wp-block-spacer\"><\/div>\n\n\n\n<p>\ud83d\udd39 <strong>Pre\u00e7o m\u00e9dio na Turquia (2025)<\/strong>: 93 TRY \u2248 <strong>\u20ac1,90 \/ ma\u00e7o<\/strong><br\/>\ud83d\udd39 <strong>Pre\u00e7o m\u00e9dio em Fran\u00e7a (2025)<\/strong>: \u20ac12,70 \/ ma\u00e7o<br\/>\ud83d\udd39 <strong>Poupan\u00e7a m\u00e9dia:<\/strong> cerca de <strong>\u20ac10,80 por ma\u00e7o<\/strong><\/p>\n<\/blockquote>\n\n<p>Fontes de refer\u00eancia cruzada: <em>Combien-coute.net (atualizado em outubro de 2025), Minist\u00e9rio do Tesouro turco, dados das tabacarias europeias<\/em>.<\/p>\n\n<div style=\"height:18px\" aria-hidden=\"true\" class=\"wp-block-spacer\"><\/div>\n\n<figure class=\"wp-block-table\"><table class=\"has-fixed-layout\"><tbody><tr><td>L\u00ea tamb\u00e9m:  <a href=\"https:\/\/www.mylasertabac.com\/pt-pt\/junta-te-ao-franchising-laser-anti-tabac-e-beneficia-de-um-conceito-chave-na-mao-rentavel\/\"><mark style=\"background-color:rgba(0, 0, 0, 0)\" class=\"has-inline-color has-luminous-vivid-orange-color\">Queres lan\u00e7ar um franchising na \u00e1rea em r\u00e1pido crescimento da cessa\u00e7\u00e3o tab\u00e1gica e da depend\u00eancia. Clica aqui <\/mark><\/a><\/td><\/tr><\/tbody><\/table><\/figure>\n\n<div style=\"height:18px\" aria-hidden=\"true\" class=\"wp-block-spacer\"><\/div>\n\n<h2 class=\"wp-block-heading\">Tend\u00eancias de pre\u00e7os na Turquia nos \u00faltimos anos<\/h2>\n\n<p>A tend\u00eancia \u00e9 marcada por um <strong>aumento constante<\/strong>, devido, nomeadamente, \u00e0 tributa\u00e7\u00e3o do \u00d6TV e \u00e0 desvaloriza\u00e7\u00e3o da lira turca.<\/p>\n\n<ul class=\"wp-block-list\">\n<li><strong>2020<\/strong>: 20 TENTATIVAS (\u2248 0,50 \u20ac)<\/li>\n\n\n\n<li><strong>2022<\/strong>: 45 TENTATIVAS (\u2248 1,10 \u20ac)<\/li>\n\n\n\n<li><strong>2023<\/strong>: 65 TENTATIVAS (\u2248 1,40 EUROS)<\/li>\n\n\n\n<li><strong>2025<\/strong>: m\u00e9dia de 93 TRY (\u2248 1,90 \u20ac)<\/li>\n<\/ul>\n\n<p>Este aumento de mais de <strong> 360% em 5 anos<\/strong> reflecte uma vontade pol\u00edtica de <strong>limitar o consumo de tabaco<\/strong> e, ao mesmo tempo, <strong>fazer face \u00e0 infla\u00e7\u00e3o<\/strong>.<br\/>No entanto, os cigarros continuam a ser muito mais acess\u00edveis do que na Europa Ocidental.<\/p>\n\n<div style=\"height:18px\" aria-hidden=\"true\" class=\"wp-block-spacer\"><\/div>\n\n<h2 class=\"wp-block-heading\">Porqu\u00ea a demora?<\/h2>\n\n<h3 class=\"wp-block-heading\">\u27a4 Custo de vida<\/h3>\n\n<p>O custo de vida na Turquia \u00e9 cerca de <strong>60% inferior ao da Fran\u00e7a<\/strong>. Os sal\u00e1rios, as rendas e os pre\u00e7os ao consumidor s\u00e3o geralmente ajustados em baixa, o que mant\u00e9m os pre\u00e7os do tabaco a n\u00edveis atractivos tanto para os habitantes locais como para os turistas. <\/p>\n\n<h3 class=\"wp-block-heading\">\u27a4 Estrat\u00e9gia fiscal<\/h3>\n\n<p>O governo turco est\u00e1 a ajustar os seus impostos sem atingir os n\u00edveis europeus, porque <strong>o tabaco \u00e9 uma fonte importante de impostos<\/strong>.<br\/>Um aumento demasiado r\u00e1pido do pre\u00e7o poderia alimentar o <strong>mercado negro<\/strong>, que j\u00e1 est\u00e1 presente nas fronteiras da S\u00edria e da Ge\u00f3rgia.<\/p>\n\n<h3 class=\"wp-block-heading\">\u27a4 Impacto na sa\u00fade<\/h3>\n\n<p>Segundo o <em>Instituto de Estat\u00edstica turco,<\/em> h\u00e1 quase <strong>15 milh\u00f5es de fumadores<\/strong> no pa\u00eds. As autoridades est\u00e3o a intensificar as campanhas de preven\u00e7\u00e3o, mas a diminui\u00e7\u00e3o das vendas continua a ser lenta. <\/p>\n\n<div style=\"height:18px\" aria-hidden=\"true\" class=\"wp-block-spacer\"><\/div>\n\n<h2 class=\"wp-block-heading\">E agora? Fumar \u00e9 mais barato, mas por quanto tempo? <\/h2>\n\n<p>Mesmo que o ma\u00e7o de tabaco continue a ser acess\u00edvel, a tend\u00eancia \u00e9 clara: <strong>os pre\u00e7os aumentam todos os anos<\/strong>.<br\/>E, para al\u00e9m do custo financeiro, o verdadeiro pre\u00e7o do tabaco \u00e9 o custo para a <strong>sa\u00fade<\/strong>.<br\/>O tabagismo continua a ser uma das principais causas de cancro e de doen\u00e7as cardiovasculares na Turquia, tal como noutros pa\u00edses.<\/p>\n\n<div style=\"height:18px\" aria-hidden=\"true\" class=\"wp-block-spacer\"><\/div>\n\n<figure class=\"wp-block-table\"><table class=\"has-fixed-layout\"><tbody><tr><td>V\u00ea tamb\u00e9m: <a href=\"https:\/\/www.mylasertabac.com\/pt-pt\/precos-dos-cigarros-em-marrocos-em-2025-aumento-confirmado-e-novas-tarifas-oficiais\/\"><mark style=\"background-color:rgba(0, 0, 0, 0)\" class=\"has-inline-color has-luminous-vivid-orange-color\">Quanto custar\u00e3o os ma\u00e7os de cigarros em Marrocos em 2025? <\/mark><\/a> <\/td><\/tr><\/tbody><\/table><\/figure>\n\n<div style=\"height:18px\" aria-hidden=\"true\" class=\"wp-block-spacer\"><\/div>\n\n<h2 class=\"wp-block-heading\">Porque \u00e9 que est\u00e1 na altura de deixares de fumar<\/h2>\n\n<p>Saber o pre\u00e7o de um ma\u00e7o de tabaco \u00e9 muito bom.<br\/>Mas saber <strong>quanto o tabaco custa ao teu corpo<\/strong> \u00e9 ainda melhor.<br\/>A depend\u00eancia da nicotina, a perda de energia, o stress e a falta de ar n\u00e3o s\u00e3o inevit\u00e1veis.<\/p>\n\n<p>Hoje em dia, existem solu\u00e7\u00f5es naturais para <strong>deixar o v\u00edcio<\/strong> sem sofrer de abstin\u00eancia.<br\/>A mais eficaz e mais suave: <strong>a reflexologia auricular a laser<\/strong>, desenvolvida e praticada pela <strong>MyLaserTabac<\/strong>.<\/p>\n\n<div style=\"height:18px\" aria-hidden=\"true\" class=\"wp-block-spacer\"><\/div>\n\n<h2 class=\"wp-block-heading\">O m\u00e9todo MyLaserTabac: uma abordagem moderna e suave \u00e0 desist\u00eancia<\/h2>\n\n<p>Na <strong>MyLaserTabac<\/strong>, utilizamos uma t\u00e9cnica inovadora baseada na <strong>estimula\u00e7\u00e3o laser dos pontos auriculares<\/strong>(zonas reflexas do ouvido).<br\/>Este m\u00e9todo actua diretamente sobre :<\/p>\n\n<ul class=\"wp-block-list\">\n<li>o <strong>c\u00e9rebro do v\u00edcio<\/strong>,<\/li>\n\n\n\n<li><strong>gerir o stress e os desejos<\/strong>,<\/li>\n\n\n\n<li>e <strong>comportamentos aditivos<\/strong>.<\/li>\n<\/ul>\n\n<div style=\"height:18px\" aria-hidden=\"true\" class=\"wp-block-spacer\"><\/div>\n\n<p>Os nossos profissionais trabalham com cada indiv\u00edduo para criar um <strong>programa<\/strong> personalizado adaptado \u00e0s suas necessidades:<\/p>\n\n<ul class=\"wp-block-list\">\n<li><strong>Tabaco<\/strong>,<\/li>\n\n\n\n<li><strong>\u00c1lcool<\/strong>,<\/li>\n\n\n\n<li><strong>A\u00e7\u00facar<\/strong>,<\/li>\n\n\n\n<li><strong>Cannabis<\/strong>,<\/li>\n\n\n\n<li><strong>Stress e ansiedade<\/strong>.<\/li>\n<\/ul>\n\n<p>Em apenas algumas sess\u00f5es, muitos deles encontram calma, energia e liberdade.<br\/>E, acima de tudo, descobrem que <strong>viver sem cigarros<\/strong> \u00e9 <strong>viver melhor<\/strong>.<\/p>\n\n<div style=\"height:18px\" aria-hidden=\"true\" class=\"wp-block-spacer\"><\/div>\n\n<h2 class=\"wp-block-heading\">\ud83d\ude80 Conclus\u00e3o<\/h2>\n\n<p><strong>Os pre\u00e7os dos cigarros na Turquia<\/strong> ainda s\u00e3o baixos em compara\u00e7\u00e3o com a Fran\u00e7a, mas a tend\u00eancia \u00e9 para subir.<br\/>Em vez de seguires o aumento, est\u00e1 na altura de mudares <strong>de rumo<\/strong>.<br\/>Investir na tua <strong>sa\u00fade<\/strong> vale mil vezes mais do que um ma\u00e7o de 2 euros.<br\/>Marca uma consulta hoje com <strong>MyLaserTabac<\/strong>, o m\u00e9todo natural e suave para <strong>dizeres adeus ao tabaco<\/strong>&#8230; para sempre.<\/p>\n\n<div style=\"height:30px\" aria-hidden=\"true\" class=\"wp-block-spacer\"><\/div>\n\n<figure class=\"wp-block-image size-large\"><img decoding=\"async\" src=\"https:\/\/www.mylasertabac.com\/wp-content\/uploads\/\/mlt-verteau.svg\" alt=\"\" class=\"wp-image-13\"\/><\/figure>\n","protected":false},"excerpt":{"rendered":"<p>Em 2025, a Turquia continua a atrair muitos viajantes europeus, atra\u00eddos pelo baixo custo de vida. Mas o mesmo se aplica aos cigarros. Apesar dos aumentos sucessivos, o pre\u00e7o de um ma\u00e7o continua a ser bastante inferior ao da Fran\u00e7a, da Alemanha ou da It\u00e1lia.Quanto custa ent\u00e3o um ma\u00e7o de Marlboro, Camel ou Winston na [&hellip;]<\/p>\n","protected":false},"author":2,"featured_media":19129,"comment_status":"closed","ping_status":"open","sticky":false,"template":"","format":"standard","meta":{"inline_featured_image":false,"footnotes":""},"categories":[680],"tags":[],"class_list":["post-19138","post","type-post","status-publish","format-standard","has-post-thumbnail","hentry","category-noticias-pt-pt"],"yoast_head":"<!-- This site is optimized with the Yoast SEO plugin v27.5 - https:\/\/yoast.com\/product\/yoast-seo-wordpress\/ -->\n<title>Pre\u00e7os dos cigarros na Turquia em 2025: quanto custa realmente fumar em Istambul? - My Laser Tabac<\/title>\n<meta name=\"description\" content=\"Descobre quanto custar\u00e3o os cigarros na Turquia em 2025 e como deixar de fumar utilizando o m\u00e9todo MyLaserTabac.\" \/>\n<meta name=\"robots\" content=\"index, follow, max-snippet:-1, max-image-preview:large, max-video-preview:-1\" \/>\n<link rel=\"canonical\" href=\"https:\/\/www.mylasertabac.com\/pt-pt\/precos-dos-cigarros-na-turquia-em-2025-quanto-custa-realmente-fumar-em-istambul\/\" \/>\n<meta property=\"og:locale\" content=\"pt_PT\" \/>\n<meta property=\"og:type\" content=\"article\" \/>\n<meta property=\"og:title\" content=\"Pre\u00e7os dos cigarros na Turquia em 2025: quanto custa realmente fumar em Istambul? - My Laser Tabac\" \/>\n<meta property=\"og:description\" content=\"Descobre quanto custar\u00e3o os cigarros na Turquia em 2025 e como deixar de fumar utilizando o m\u00e9todo MyLaserTabac.\" \/>\n<meta property=\"og:url\" content=\"https:\/\/www.mylasertabac.com\/pt-pt\/precos-dos-cigarros-na-turquia-em-2025-quanto-custa-realmente-fumar-em-istambul\/\" \/>\n<meta property=\"og:site_name\" content=\"My Laser Tabac\" \/>\n<meta property=\"article:author\" content=\"https:\/\/www.facebook.com\/profile.php?id=61571554707319\" \/>\n<meta property=\"article:published_time\" content=\"2025-10-30T09:05:51+00:00\" \/>\n<meta property=\"article:modified_time\" content=\"2025-10-30T09:18:42+00:00\" \/>\n<meta property=\"og:image\" content=\"https:\/\/www.mylasertabac.com\/wp-content\/uploads\/2025\/10\/Prix-des-cigarettes-en-Turquie-en-2025-1024x683.png\" \/>\n\t<meta property=\"og:image:width\" content=\"1024\" \/>\n\t<meta property=\"og:image:height\" content=\"683\" \/>\n\t<meta property=\"og:image:type\" content=\"image\/png\" \/>\n<meta name=\"author\" content=\"Florian Fortes\" \/>\n<meta name=\"twitter:card\" content=\"summary_large_image\" \/>\n<meta name=\"twitter:label1\" content=\"Escrito por\" \/>\n\t<meta name=\"twitter:data1\" content=\"Florian Fortes\" \/>\n\t<meta name=\"twitter:label2\" content=\"Tempo estimado de leitura\" \/>\n\t<meta name=\"twitter:data2\" content=\"5 minutos\" \/>\n<script type=\"application\/ld+json\" class=\"yoast-schema-graph\">{\"@context\":\"https:\\\/\\\/schema.org\",\"@graph\":[{\"@type\":\"Article\",\"@id\":\"https:\\\/\\\/www.mylasertabac.com\\\/pt-pt\\\/precos-dos-cigarros-na-turquia-em-2025-quanto-custa-realmente-fumar-em-istambul\\\/#article\",\"isPartOf\":{\"@id\":\"https:\\\/\\\/www.mylasertabac.com\\\/pt-pt\\\/precos-dos-cigarros-na-turquia-em-2025-quanto-custa-realmente-fumar-em-istambul\\\/\"},\"author\":{\"name\":\"Florian Fortes\",\"@id\":\"https:\\\/\\\/www.mylasertabac.com\\\/pt-pt\\\/#\\\/schema\\\/person\\\/02c249cb76d912efb6c315ec23eccdf3\"},\"headline\":\"Pre\u00e7os dos cigarros na Turquia em 2025: quanto custa realmente fumar em Istambul?\",\"datePublished\":\"2025-10-30T09:05:51+00:00\",\"dateModified\":\"2025-10-30T09:18:42+00:00\",\"mainEntityOfPage\":{\"@id\":\"https:\\\/\\\/www.mylasertabac.com\\\/pt-pt\\\/precos-dos-cigarros-na-turquia-em-2025-quanto-custa-realmente-fumar-em-istambul\\\/\"},\"wordCount\":947,\"publisher\":{\"@id\":\"https:\\\/\\\/www.mylasertabac.com\\\/pt-pt\\\/#organization\"},\"image\":{\"@id\":\"https:\\\/\\\/www.mylasertabac.com\\\/pt-pt\\\/precos-dos-cigarros-na-turquia-em-2025-quanto-custa-realmente-fumar-em-istambul\\\/#primaryimage\"},\"thumbnailUrl\":\"https:\\\/\\\/www.mylasertabac.com\\\/wp-content\\\/uploads\\\/2025\\\/10\\\/Prix-des-cigarettes-en-Turquie-en-2025.png\",\"articleSection\":[\"not\u00edcias\"],\"inLanguage\":\"pt-PT\"},{\"@type\":\"WebPage\",\"@id\":\"https:\\\/\\\/www.mylasertabac.com\\\/pt-pt\\\/precos-dos-cigarros-na-turquia-em-2025-quanto-custa-realmente-fumar-em-istambul\\\/\",\"url\":\"https:\\\/\\\/www.mylasertabac.com\\\/pt-pt\\\/precos-dos-cigarros-na-turquia-em-2025-quanto-custa-realmente-fumar-em-istambul\\\/\",\"name\":\"Pre\u00e7os dos cigarros na Turquia em 2025: quanto custa realmente fumar em Istambul? - My Laser Tabac\",\"isPartOf\":{\"@id\":\"https:\\\/\\\/www.mylasertabac.com\\\/pt-pt\\\/#website\"},\"primaryImageOfPage\":{\"@id\":\"https:\\\/\\\/www.mylasertabac.com\\\/pt-pt\\\/precos-dos-cigarros-na-turquia-em-2025-quanto-custa-realmente-fumar-em-istambul\\\/#primaryimage\"},\"image\":{\"@id\":\"https:\\\/\\\/www.mylasertabac.com\\\/pt-pt\\\/precos-dos-cigarros-na-turquia-em-2025-quanto-custa-realmente-fumar-em-istambul\\\/#primaryimage\"},\"thumbnailUrl\":\"https:\\\/\\\/www.mylasertabac.com\\\/wp-content\\\/uploads\\\/2025\\\/10\\\/Prix-des-cigarettes-en-Turquie-en-2025.png\",\"datePublished\":\"2025-10-30T09:05:51+00:00\",\"dateModified\":\"2025-10-30T09:18:42+00:00\",\"description\":\"Descobre quanto custar\u00e3o os cigarros na Turquia em 2025 e como deixar de fumar utilizando o m\u00e9todo MyLaserTabac.\",\"breadcrumb\":{\"@id\":\"https:\\\/\\\/www.mylasertabac.com\\\/pt-pt\\\/precos-dos-cigarros-na-turquia-em-2025-quanto-custa-realmente-fumar-em-istambul\\\/#breadcrumb\"},\"inLanguage\":\"pt-PT\",\"potentialAction\":[{\"@type\":\"ReadAction\",\"target\":[\"https:\\\/\\\/www.mylasertabac.com\\\/pt-pt\\\/precos-dos-cigarros-na-turquia-em-2025-quanto-custa-realmente-fumar-em-istambul\\\/\"]}]},{\"@type\":\"ImageObject\",\"inLanguage\":\"pt-PT\",\"@id\":\"https:\\\/\\\/www.mylasertabac.com\\\/pt-pt\\\/precos-dos-cigarros-na-turquia-em-2025-quanto-custa-realmente-fumar-em-istambul\\\/#primaryimage\",\"url\":\"https:\\\/\\\/www.mylasertabac.com\\\/wp-content\\\/uploads\\\/2025\\\/10\\\/Prix-des-cigarettes-en-Turquie-en-2025.png\",\"contentUrl\":\"https:\\\/\\\/www.mylasertabac.com\\\/wp-content\\\/uploads\\\/2025\\\/10\\\/Prix-des-cigarettes-en-Turquie-en-2025.png\",\"width\":1536,\"height\":1024},{\"@type\":\"BreadcrumbList\",\"@id\":\"https:\\\/\\\/www.mylasertabac.com\\\/pt-pt\\\/precos-dos-cigarros-na-turquia-em-2025-quanto-custa-realmente-fumar-em-istambul\\\/#breadcrumb\",\"itemListElement\":[{\"@type\":\"ListItem\",\"position\":1,\"name\":\"Accueil\",\"item\":\"https:\\\/\\\/www.mylasertabac.com\\\/pt-pt\\\/casa\\\/\"},{\"@type\":\"ListItem\",\"position\":2,\"name\":\"Pre\u00e7os dos cigarros na Turquia em 2025: quanto custa realmente fumar em Istambul?\"}]},{\"@type\":\"WebSite\",\"@id\":\"https:\\\/\\\/www.mylasertabac.com\\\/pt-pt\\\/#website\",\"url\":\"https:\\\/\\\/www.mylasertabac.com\\\/pt-pt\\\/\",\"name\":\"My Laser Tabac\",\"description\":\"La solution laser qui transforme les fumeurs en ex-fumeurs\",\"publisher\":{\"@id\":\"https:\\\/\\\/www.mylasertabac.com\\\/pt-pt\\\/#organization\"},\"potentialAction\":[{\"@type\":\"SearchAction\",\"target\":{\"@type\":\"EntryPoint\",\"urlTemplate\":\"https:\\\/\\\/www.mylasertabac.com\\\/pt-pt\\\/?s={search_term_string}\"},\"query-input\":{\"@type\":\"PropertyValueSpecification\",\"valueRequired\":true,\"valueName\":\"search_term_string\"}}],\"inLanguage\":\"pt-PT\"},{\"@type\":\"Organization\",\"@id\":\"https:\\\/\\\/www.mylasertabac.com\\\/pt-pt\\\/#organization\",\"name\":\"My Laser Tabac\",\"url\":\"https:\\\/\\\/www.mylasertabac.com\\\/pt-pt\\\/\",\"logo\":{\"@type\":\"ImageObject\",\"inLanguage\":\"pt-PT\",\"@id\":\"https:\\\/\\\/www.mylasertabac.com\\\/pt-pt\\\/#\\\/schema\\\/logo\\\/image\\\/\",\"url\":\"https:\\\/\\\/www.mylasertabac.com\\\/wp-content\\\/uploads\\\/2024\\\/12\\\/mlt-verteau.svg\",\"contentUrl\":\"https:\\\/\\\/www.mylasertabac.com\\\/wp-content\\\/uploads\\\/2024\\\/12\\\/mlt-verteau.svg\",\"caption\":\"My Laser Tabac\"},\"image\":{\"@id\":\"https:\\\/\\\/www.mylasertabac.com\\\/pt-pt\\\/#\\\/schema\\\/logo\\\/image\\\/\"}},{\"@type\":\"Person\",\"@id\":\"https:\\\/\\\/www.mylasertabac.com\\\/pt-pt\\\/#\\\/schema\\\/person\\\/02c249cb76d912efb6c315ec23eccdf3\",\"name\":\"Florian Fortes\",\"image\":{\"@type\":\"ImageObject\",\"inLanguage\":\"pt-PT\",\"@id\":\"https:\\\/\\\/www.mylasertabac.com\\\/wp-content\\\/litespeed\\\/avatar\\\/142101a71d7b9e6490c1120d9c109a67.jpg?ver=1777461116\",\"url\":\"https:\\\/\\\/www.mylasertabac.com\\\/wp-content\\\/litespeed\\\/avatar\\\/142101a71d7b9e6490c1120d9c109a67.jpg?ver=1777461116\",\"contentUrl\":\"https:\\\/\\\/www.mylasertabac.com\\\/wp-content\\\/litespeed\\\/avatar\\\/142101a71d7b9e6490c1120d9c109a67.jpg?ver=1777461116\",\"caption\":\"Florian Fortes\"},\"sameAs\":[\"https:\\\/\\\/www.mylasertabac.com\",\"https:\\\/\\\/www.facebook.com\\\/profile.php?id=61571554707319\"],\"url\":\"https:\\\/\\\/www.mylasertabac.com\\\/pt-pt\\\/author\\\/florianfortes5312\\\/\"}]}<\/script>\n<!-- \/ Yoast SEO plugin. -->","yoast_head_json":{"title":"Pre\u00e7os dos cigarros na Turquia em 2025: quanto custa realmente fumar em Istambul? - My Laser Tabac","description":"Descobre quanto custar\u00e3o os cigarros na Turquia em 2025 e como deixar de fumar utilizando o m\u00e9todo MyLaserTabac.","robots":{"index":"index","follow":"follow","max-snippet":"max-snippet:-1","max-image-preview":"max-image-preview:large","max-video-preview":"max-video-preview:-1"},"canonical":"https:\/\/www.mylasertabac.com\/pt-pt\/precos-dos-cigarros-na-turquia-em-2025-quanto-custa-realmente-fumar-em-istambul\/","og_locale":"pt_PT","og_type":"article","og_title":"Pre\u00e7os dos cigarros na Turquia em 2025: quanto custa realmente fumar em Istambul? - My Laser Tabac","og_description":"Descobre quanto custar\u00e3o os cigarros na Turquia em 2025 e como deixar de fumar utilizando o m\u00e9todo MyLaserTabac.","og_url":"https:\/\/www.mylasertabac.com\/pt-pt\/precos-dos-cigarros-na-turquia-em-2025-quanto-custa-realmente-fumar-em-istambul\/","og_site_name":"My Laser Tabac","article_author":"https:\/\/www.facebook.com\/profile.php?id=61571554707319","article_published_time":"2025-10-30T09:05:51+00:00","article_modified_time":"2025-10-30T09:18:42+00:00","og_image":[{"width":1024,"height":683,"url":"https:\/\/www.mylasertabac.com\/wp-content\/uploads\/2025\/10\/Prix-des-cigarettes-en-Turquie-en-2025-1024x683.png","type":"image\/png"}],"author":"Florian Fortes","twitter_card":"summary_large_image","twitter_misc":{"Escrito por":"Florian Fortes","Tempo estimado de leitura":"5 minutos"},"schema":{"@context":"https:\/\/schema.org","@graph":[{"@type":"Article","@id":"https:\/\/www.mylasertabac.com\/pt-pt\/precos-dos-cigarros-na-turquia-em-2025-quanto-custa-realmente-fumar-em-istambul\/#article","isPartOf":{"@id":"https:\/\/www.mylasertabac.com\/pt-pt\/precos-dos-cigarros-na-turquia-em-2025-quanto-custa-realmente-fumar-em-istambul\/"},"author":{"name":"Florian Fortes","@id":"https:\/\/www.mylasertabac.com\/pt-pt\/#\/schema\/person\/02c249cb76d912efb6c315ec23eccdf3"},"headline":"Pre\u00e7os dos cigarros na Turquia em 2025: quanto custa realmente fumar em Istambul?","datePublished":"2025-10-30T09:05:51+00:00","dateModified":"2025-10-30T09:18:42+00:00","mainEntityOfPage":{"@id":"https:\/\/www.mylasertabac.com\/pt-pt\/precos-dos-cigarros-na-turquia-em-2025-quanto-custa-realmente-fumar-em-istambul\/"},"wordCount":947,"publisher":{"@id":"https:\/\/www.mylasertabac.com\/pt-pt\/#organization"},"image":{"@id":"https:\/\/www.mylasertabac.com\/pt-pt\/precos-dos-cigarros-na-turquia-em-2025-quanto-custa-realmente-fumar-em-istambul\/#primaryimage"},"thumbnailUrl":"https:\/\/www.mylasertabac.com\/wp-content\/uploads\/2025\/10\/Prix-des-cigarettes-en-Turquie-en-2025.png","articleSection":["not\u00edcias"],"inLanguage":"pt-PT"},{"@type":"WebPage","@id":"https:\/\/www.mylasertabac.com\/pt-pt\/precos-dos-cigarros-na-turquia-em-2025-quanto-custa-realmente-fumar-em-istambul\/","url":"https:\/\/www.mylasertabac.com\/pt-pt\/precos-dos-cigarros-na-turquia-em-2025-quanto-custa-realmente-fumar-em-istambul\/","name":"Pre\u00e7os dos cigarros na Turquia em 2025: quanto custa realmente fumar em Istambul? - My Laser Tabac","isPartOf":{"@id":"https:\/\/www.mylasertabac.com\/pt-pt\/#website"},"primaryImageOfPage":{"@id":"https:\/\/www.mylasertabac.com\/pt-pt\/precos-dos-cigarros-na-turquia-em-2025-quanto-custa-realmente-fumar-em-istambul\/#primaryimage"},"image":{"@id":"https:\/\/www.mylasertabac.com\/pt-pt\/precos-dos-cigarros-na-turquia-em-2025-quanto-custa-realmente-fumar-em-istambul\/#primaryimage"},"thumbnailUrl":"https:\/\/www.mylasertabac.com\/wp-content\/uploads\/2025\/10\/Prix-des-cigarettes-en-Turquie-en-2025.png","datePublished":"2025-10-30T09:05:51+00:00","dateModified":"2025-10-30T09:18:42+00:00","description":"Descobre quanto custar\u00e3o os cigarros na Turquia em 2025 e como deixar de fumar utilizando o m\u00e9todo MyLaserTabac.","breadcrumb":{"@id":"https:\/\/www.mylasertabac.com\/pt-pt\/precos-dos-cigarros-na-turquia-em-2025-quanto-custa-realmente-fumar-em-istambul\/#breadcrumb"},"inLanguage":"pt-PT","potentialAction":[{"@type":"ReadAction","target":["https:\/\/www.mylasertabac.com\/pt-pt\/precos-dos-cigarros-na-turquia-em-2025-quanto-custa-realmente-fumar-em-istambul\/"]}]},{"@type":"ImageObject","inLanguage":"pt-PT","@id":"https:\/\/www.mylasertabac.com\/pt-pt\/precos-dos-cigarros-na-turquia-em-2025-quanto-custa-realmente-fumar-em-istambul\/#primaryimage","url":"https:\/\/www.mylasertabac.com\/wp-content\/uploads\/2025\/10\/Prix-des-cigarettes-en-Turquie-en-2025.png","contentUrl":"https:\/\/www.mylasertabac.com\/wp-content\/uploads\/2025\/10\/Prix-des-cigarettes-en-Turquie-en-2025.png","width":1536,"height":1024},{"@type":"BreadcrumbList","@id":"https:\/\/www.mylasertabac.com\/pt-pt\/precos-dos-cigarros-na-turquia-em-2025-quanto-custa-realmente-fumar-em-istambul\/#breadcrumb","itemListElement":[{"@type":"ListItem","position":1,"name":"Accueil","item":"https:\/\/www.mylasertabac.com\/pt-pt\/casa\/"},{"@type":"ListItem","position":2,"name":"Pre\u00e7os dos cigarros na Turquia em 2025: quanto custa realmente fumar em Istambul?"}]},{"@type":"WebSite","@id":"https:\/\/www.mylasertabac.com\/pt-pt\/#website","url":"https:\/\/www.mylasertabac.com\/pt-pt\/","name":"My Laser Tabac","description":"La solution laser qui transforme les fumeurs en ex-fumeurs","publisher":{"@id":"https:\/\/www.mylasertabac.com\/pt-pt\/#organization"},"potentialAction":[{"@type":"SearchAction","target":{"@type":"EntryPoint","urlTemplate":"https:\/\/www.mylasertabac.com\/pt-pt\/?s={search_term_string}"},"query-input":{"@type":"PropertyValueSpecification","valueRequired":true,"valueName":"search_term_string"}}],"inLanguage":"pt-PT"},{"@type":"Organization","@id":"https:\/\/www.mylasertabac.com\/pt-pt\/#organization","name":"My Laser Tabac","url":"https:\/\/www.mylasertabac.com\/pt-pt\/","logo":{"@type":"ImageObject","inLanguage":"pt-PT","@id":"https:\/\/www.mylasertabac.com\/pt-pt\/#\/schema\/logo\/image\/","url":"https:\/\/www.mylasertabac.com\/wp-content\/uploads\/2024\/12\/mlt-verteau.svg","contentUrl":"https:\/\/www.mylasertabac.com\/wp-content\/uploads\/2024\/12\/mlt-verteau.svg","caption":"My Laser Tabac"},"image":{"@id":"https:\/\/www.mylasertabac.com\/pt-pt\/#\/schema\/logo\/image\/"}},{"@type":"Person","@id":"https:\/\/www.mylasertabac.com\/pt-pt\/#\/schema\/person\/02c249cb76d912efb6c315ec23eccdf3","name":"Florian Fortes","image":{"@type":"ImageObject","inLanguage":"pt-PT","@id":"https:\/\/www.mylasertabac.com\/wp-content\/litespeed\/avatar\/142101a71d7b9e6490c1120d9c109a67.jpg?ver=1777461116","url":"https:\/\/www.mylasertabac.com\/wp-content\/litespeed\/avatar\/142101a71d7b9e6490c1120d9c109a67.jpg?ver=1777461116","contentUrl":"https:\/\/www.mylasertabac.com\/wp-content\/litespeed\/avatar\/142101a71d7b9e6490c1120d9c109a67.jpg?ver=1777461116","caption":"Florian Fortes"},"sameAs":["https:\/\/www.mylasertabac.com","https:\/\/www.facebook.com\/profile.php?id=61571554707319"],"url":"https:\/\/www.mylasertabac.com\/pt-pt\/author\/florianfortes5312\/"}]}},"_links":{"self":[{"href":"https:\/\/www.mylasertabac.com\/pt-pt\/wp-json\/wp\/v2\/posts\/19138","targetHints":{"allow":["GET"]}}],"collection":[{"href":"https:\/\/www.mylasertabac.com\/pt-pt\/wp-json\/wp\/v2\/posts"}],"about":[{"href":"https:\/\/www.mylasertabac.com\/pt-pt\/wp-json\/wp\/v2\/types\/post"}],"author":[{"embeddable":true,"href":"https:\/\/www.mylasertabac.com\/pt-pt\/wp-json\/wp\/v2\/users\/2"}],"replies":[{"embeddable":true,"href":"https:\/\/www.mylasertabac.com\/pt-pt\/wp-json\/wp\/v2\/comments?post=19138"}],"version-history":[{"count":1,"href":"https:\/\/www.mylasertabac.com\/pt-pt\/wp-json\/wp\/v2\/posts\/19138\/revisions"}],"predecessor-version":[{"id":19140,"href":"https:\/\/www.mylasertabac.com\/pt-pt\/wp-json\/wp\/v2\/posts\/19138\/revisions\/19140"}],"wp:featuredmedia":[{"embeddable":true,"href":"https:\/\/www.mylasertabac.com\/pt-pt\/wp-json\/wp\/v2\/media\/19129"}],"wp:attachment":[{"href":"https:\/\/www.mylasertabac.com\/pt-pt\/wp-json\/wp\/v2\/media?parent=19138"}],"wp:term":[{"taxonomy":"category","embeddable":true,"href":"https:\/\/www.mylasertabac.com\/pt-pt\/wp-json\/wp\/v2\/categories?post=19138"},{"taxonomy":"post_tag","embeddable":true,"href":"https:\/\/www.mylasertabac.com\/pt-pt\/wp-json\/wp\/v2\/tags?post=19138"}],"curies":[{"name":"wp","href":"https:\/\/api.w.org\/{rel}","templated":true}]}}