{"id":2561,"date":"2024-12-11T17:42:17","date_gmt":"2024-12-11T16:42:17","guid":{"rendered":"https:\/\/www.mylasertabac.com\/os-beneficios-do-tratamento-a-laser-para-deixar-de-fumar\/"},"modified":"2025-01-28T15:55:46","modified_gmt":"2025-01-28T14:55:46","slug":"os-beneficios-do-tratamento-a-laser-para-deixar-de-fumar","status":"publish","type":"post","link":"https:\/\/www.mylasertabac.com\/pt-pt\/os-beneficios-do-tratamento-a-laser-para-deixar-de-fumar\/","title":{"rendered":"Os benef\u00edcios do tratamento a laser para deixar de fumar"},"content":{"rendered":"\n<div style=\"height:39px\" aria-hidden=\"true\" class=\"wp-block-spacer\"><\/div>\n\n<p>Deixar de fumar \u00e9 um dos maiores desafios para muitos <strong>fumadores<\/strong>. A depend\u00eancia <strong>da nicotina<\/strong>, os h\u00e1bitos enraizados e <strong>os sintomas<\/strong> de abstin\u00eancia tornam esta tarefa complexa. No entanto, surgiu um m\u00e9todo inovador para tornar o processo mais f\u00e1cil: o <strong>laser<\/strong> <strong>MyLaserTabac<\/strong>. Na <strong>MyLaserTabac<\/strong>, utilizamos esta t\u00e9cnica para ajudar os nossos clientes a p\u00f4r fim ao seu <strong>v\u00edcio<\/strong> e a regressar a uma vida mais saud\u00e1vel e <strong>sem cigarros<\/strong>. Descobre aqui porque \u00e9 que o <strong>laser<\/strong> \u00e9 uma <strong>forma<\/strong> eficaz e natural de <strong>deixar de fumar<\/strong>.   <\/p>\n\n<div style=\"height:39px\" aria-hidden=\"true\" class=\"wp-block-spacer\"><\/div>\n\n<h2 class=\"wp-block-heading\"><strong>O que \u00e9 a terapia laser para deixar de fumar?<\/strong><\/h2>\n\n<div style=\"height:39px\" aria-hidden=\"true\" class=\"wp-block-spacer\"><\/div>\n\n<h2 class=\"wp-block-heading\"><strong>Um m\u00e9todo inspirado na acupunctura<\/strong><\/h2>\n\n<div style=\"height:39px\" aria-hidden=\"true\" class=\"wp-block-spacer\"><\/div>\n\n<p>O tratamento a laser \u00e9 um m\u00e9todo moderno inspirado nos princ\u00edpios da<strong>acupunctura<\/strong> tradicional. Em vez de utilizar agulhas, utiliza um <strong>laser suave<\/strong> para estimular pontos espec\u00edficos localizados principalmente \u00e0 volta da<strong>orelha<\/strong>. Estes <strong>pontos auriculares<\/strong> est\u00e3o ligados a \u00e1reas do c\u00e9rebro respons\u00e1veis pela gest\u00e3o do stress, da ansiedade e da depend\u00eancia. Ao ativar estas \u00e1reas, <strong>o tratamento<\/strong> <strong>a laser<\/strong> ajuda a reequilibrar o organismo, reduzindo os desejos e <strong>os sintomas<\/strong> <strong>de abstin\u00eancia<\/strong>.   <\/p>\n\n<div style=\"height:21px\" aria-hidden=\"true\" class=\"wp-block-spacer\"><\/div>\n\n<p>No <strong>MyLaserTabac<\/strong>, adapt\u00e1mos esta <strong>t\u00e9cnica<\/strong> utilizando <strong>o laserostop<\/strong>, uma abordagem que oferece <strong>resultados concretos<\/strong>e mensur\u00e1veis para apoiar os nossos <strong>pacientes<\/strong> ao longo do seu percurso <strong>de cessa\u00e7\u00e3o<\/strong> <strong>tab\u00e1gica<\/strong>.<\/p>\n\n<div style=\"height:39px\" aria-hidden=\"true\" class=\"wp-block-spacer\"><\/div>\n\n<figure class=\"wp-block-image aligncenter size-large\"><img fetchpriority=\"high\" decoding=\"async\" width=\"1024\" height=\"653\" src=\"https:\/\/www.mylasertabac.com\/wp-content\/uploads\/2024\/12\/IMG_9151-1024x653.jpg\" alt=\"\" class=\"wp-image-572\" srcset=\"https:\/\/www.mylasertabac.com\/wp-content\/uploads\/2024\/12\/IMG_9151-1024x653.jpg 1024w, https:\/\/www.mylasertabac.com\/wp-content\/uploads\/2024\/12\/IMG_9151-300x191.jpg 300w, https:\/\/www.mylasertabac.com\/wp-content\/uploads\/2024\/12\/IMG_9151-768x489.jpg 768w, https:\/\/www.mylasertabac.com\/wp-content\/uploads\/2024\/12\/IMG_9151.jpg 1053w\" sizes=\"(max-width: 1024px) 100vw, 1024px\" \/><\/figure>\n\n<div style=\"height:39px\" aria-hidden=\"true\" class=\"wp-block-spacer\"><\/div>\n\n<h2 class=\"wp-block-heading\"><strong>Os benef\u00edcios do tratamento a laser para deixar de fumar<\/strong><\/h2>\n\n<div style=\"height:39px\" aria-hidden=\"true\" class=\"wp-block-spacer\"><\/div>\n\n<h2 class=\"wp-block-heading\"><strong>1. Um m\u00e9todo natural e n\u00e3o invasivo<\/strong><\/h2>\n\n<div style=\"height:39px\" aria-hidden=\"true\" class=\"wp-block-spacer\"><\/div>\n\n<p>Uma das principais vantagens da <strong>terapia a laser<\/strong> \u00e9 o facto de n\u00e3o necessitar de medica\u00e7\u00e3o ou de <strong>substitutos da nicotina<\/strong>. Ao contr\u00e1rio dos <strong>pensos<\/strong> ou das pastilhas, a terapia <strong>a laser<\/strong> explora simplesmente a capacidade natural do corpo para se auto-regular. O <strong>tratamento<\/strong> \u00e9 indolor e n\u00e3o tem <strong>efeitos secund\u00e1rios<\/strong>. Assim, <strong>as pessoas <\/strong>podem submeter-se a <strong>sess\u00f5es<\/strong> sem receio de efeitos adversos.   <\/p>\n\n<div style=\"height:19px\" aria-hidden=\"true\" class=\"wp-block-spacer\"><\/div>\n\n<p>Utilizando <strong>a fotobiomodula\u00e7\u00e3o<\/strong>, o <strong>laser<\/strong> estimula a produ\u00e7\u00e3o de endorfinas, as hormonas do bem-estar, o que ajuda a reduzir os <strong>sintomas<\/strong> de abstin\u00eancia frequentemente sentidos pelos <strong>fumadores<\/strong>. Esta abordagem natural \u00e9 ideal para quem procura uma alternativa suave e eficaz ao <strong>consumo de cigarros<\/strong>. <\/p>\n\n<div style=\"height:39px\" aria-hidden=\"true\" class=\"wp-block-spacer\"><\/div>\n\n<h3 class=\"wp-block-heading\"><strong>Tratamento sem riscos para a sa\u00fade<\/strong><\/h3>\n\n<div style=\"height:39px\" aria-hidden=\"true\" class=\"wp-block-spacer\"><\/div>\n\n<p>Ao contr\u00e1rio dos <strong>m\u00e9todos<\/strong> que envolvem produtos qu\u00edmicos, <strong>a terapia laser<\/strong> n\u00e3o envolve a ingest\u00e3o ou a aplica\u00e7\u00e3o de subst\u00e2ncias na pele. \u00c9 uma <strong>terapia<\/strong> suave que actua em profundidade sem causar stress ao <strong>organismo<\/strong>. Al\u00e9m disso, na <strong>MyLaserTabac<\/strong>, todos os nossos equipamentos s\u00e3o regularmente controlados para garantir a seguran\u00e7a e o bem-estar dos nossos <strong>pacientes<\/strong>.  <\/p>\n\n<div style=\"height:39px\" aria-hidden=\"true\" class=\"wp-block-spacer\"><\/div>\n\n<h2 class=\"wp-block-heading\"><strong>2. Reduzir os sintomas de abstin\u00eancia e os desejos<\/strong><\/h2>\n\n<p><strong>Deixar de fumar<\/strong> \u00e9 muitas vezes acompanhado de <strong>sintomas<\/strong> desagrad\u00e1veis: irritabilidade, ansiedade, nervosismo, desejo de <strong>fumar<\/strong>, etc. A <strong>t\u00e9cnica<\/strong> <strong>laser<\/strong> ajuda a minimizar estes desconfortos, estimulando <strong>pontos<\/strong> de acupunctura na<strong>orelha<\/strong> e no rosto. Isto ajuda a reduzir o desejo de <strong>fumar<\/strong> e a estabilizar o humor do <strong>fumador<\/strong>, facilitando a <strong>cessa\u00e7\u00e3o<\/strong>.  <\/p>\n\n<div style=\"height:39px\" aria-hidden=\"true\" class=\"wp-block-spacer\"><\/div>\n\n<h3 class=\"wp-block-heading\"><strong>Resultados concretos desde a primeira sess\u00e3o<\/strong><\/h3>\n\n<div style=\"height:40px\" aria-hidden=\"true\" class=\"wp-block-spacer\"><\/div>\n\n<p>Na <strong>MyLaserTabac<\/strong>, observ\u00e1mos que muitos clientes sentem uma melhoria acentuada logo na primeira <strong>sess\u00e3o de<\/strong> <strong>terapia a laser<\/strong>. A redu\u00e7\u00e3o do desejo de <strong>fumar<\/strong> e o efeito calmante geral mant\u00eam <strong>os pacientes<\/strong> motivados e empenhados no seu processo <strong>de cessa\u00e7\u00e3o<\/strong>. Este <strong>m\u00e9todo<\/strong> \u00e9 particularmente eficaz para aqueles que j\u00e1 tentaram outras <strong>t\u00e9cnicas, infelizmente<\/strong> sem sucesso.  <\/p>\n\n<div style=\"height:39px\" aria-hidden=\"true\" class=\"wp-block-spacer\"><\/div>\n\n<h2 class=\"wp-block-heading\"><strong>3. Reduzir o aumento de peso associado \u00e0 cessa\u00e7\u00e3o tab\u00e1gica<\/strong><\/h2>\n\n<div style=\"height:39px\" aria-hidden=\"true\" class=\"wp-block-spacer\"><\/div>\n\n<p>Outra vantagem da <strong>terapia laser<\/strong> \u00e9 que ajuda a evitar o <strong>aumento de peso<\/strong> frequentemente associado \u00e0 <strong>cessa\u00e7\u00e3o tab\u00e1gica<\/strong>. Ao equilibrar o sistema do corpo, <strong>o tratamento<\/strong> <strong>com laser<\/strong> ajuda a controlar o apetite e a reduzir os desejos compensat\u00f3rios. Muitos <strong>fumadores<\/strong> preocupam-se em ganhar alguns quilos quando deixam de <strong>fumar<\/strong>, mas com a <strong>terapia<\/strong> <strong>laser<\/strong> estas preocupa\u00e7\u00f5es podem ser aliviadas.  <\/p>\n\n<div style=\"height:39px\" aria-hidden=\"true\" class=\"wp-block-spacer\"><\/div>\n\n<h2 class=\"wp-block-heading\"><strong>4. Um m\u00e9todo reconhecido e aprovado<\/strong><\/h2>\n\n<div style=\"height:39px\" aria-hidden=\"true\" class=\"wp-block-spacer\"><\/div>\n\n<p><strong>A auriculoterapia<\/strong>, na qual se baseia <strong>a terapia laser<\/strong>, \u00e9 reconhecida pela Organiza\u00e7\u00e3o Mundial de Sa\u00fade (OMS) como um <strong>m\u00e9todo<\/strong> eficaz para o tratamento de v\u00e1rias doen\u00e7as, incluindo a depend\u00eancia <strong>do tabaco<\/strong>. Este reconhecimento refor\u00e7a a credibilidade desta abordagem, demonstrando que se trata de uma <strong>t\u00e9cnica<\/strong> segura e validada pela ci\u00eancia. <\/p>\n\n<p>Na <strong>MyLaserTabac<\/strong>, desenvolvemos uma experi\u00eancia especial na utiliza\u00e7\u00e3o deste <strong>m\u00e9todo<\/strong> para ajudar <strong>os<\/strong>nossos <strong>pacientes<\/strong>a libertarem-se da <strong>depend\u00eancia<\/strong> do <strong>tabaco<\/strong>. Com <strong>resultados<\/strong> comprovados e <strong>efic\u00e1cia<\/strong> duradoura, o nosso <strong>laserostop<\/strong> tornou-se uma refer\u00eancia em <strong>Fran\u00e7a<\/strong> para quem deseja deixar de <strong>fumar<\/strong>. <\/p>\n\n<div style=\"height:39px\" aria-hidden=\"true\" class=\"wp-block-spacer\"><\/div>\n\n<h2 class=\"wp-block-heading\"><strong>Como funciona uma sess\u00e3o de terapia laser na MyLaserTabac?<\/strong><\/h2>\n\n<div style=\"height:39px\" aria-hidden=\"true\" class=\"wp-block-spacer\"><\/div>\n\n<h2 class=\"wp-block-heading\"><strong>Apoio personalizado para cada fumador<\/strong><\/h2>\n\n<div style=\"height:39px\" aria-hidden=\"true\" class=\"wp-block-spacer\"><\/div>\n\n<p>Quando te deslocas a um dos nossos <strong>centros<\/strong> pela primeira vez, a nossa equipa recebe-te para uma primeira consulta. Esta fase permite-nos conhecer os teus h\u00e1bitos, necessidades e expectativas para podermos personalizar o <strong>tratamento<\/strong>. Cada <strong>sess\u00e3o<\/strong> \u00e9 ent\u00e3o adaptada ao teu perfil, utilizando pontos espec\u00edficos para maximizar as possibilidades de sucesso.  <\/p>\n\n<div style=\"height:39px\" aria-hidden=\"true\" class=\"wp-block-spacer\"><\/div>\n\n<h3 class=\"wp-block-heading\"><strong>Uma t\u00e9cnica relaxante e eficaz<\/strong><\/h3>\n\n<div style=\"height:39px\" aria-hidden=\"true\" class=\"wp-block-spacer\"><\/div>\n\n<p>Durante a <strong>sess\u00e3o<\/strong>, o <strong>laser<\/strong> \u00e9 aplicado em <strong>pontos-chave<\/strong> \u00e0 volta da<strong>orelha<\/strong> e, por vezes, noutras zonas do corpo. <strong>Os pacientes<\/strong> experimentam frequentemente uma sensa\u00e7\u00e3o de relaxamento profundo, o que facilita <strong>a abstin\u00eancia<\/strong>. Este processo <strong>reinicia o<\/strong>sistema nervoso, reduzindo os desejos de <strong>nicotina<\/strong> e <strong>os efeitos<\/strong> da abstin\u00eancia.  <\/p>\n\n<div style=\"height:39px\" aria-hidden=\"true\" class=\"wp-block-spacer\"><\/div>\n\n<h3 class=\"wp-block-heading\"><strong>Acompanhamento exaustivo e resultados garantidos<\/strong><\/h3>\n\n<div style=\"height:39px\" aria-hidden=\"true\" class=\"wp-block-spacer\"><\/div>\n\n<p>No <strong>MyLaserTabac<\/strong>, sabemos que cada jornada <strong>para deixar de fumar<\/strong> \u00e9 \u00fanica. \u00c9 por isso que oferecemos uma <strong>garantia<\/strong>: se ocorrer uma reca\u00edda, podes voltar para mais <strong>sess\u00f5es<\/strong> sem qualquer custo. Esta abordagem foi concebida para garantir o <strong>sucesso de<\/strong> cada cliente, fornecendo apoio cont\u00ednuo ao longo da sua jornada para deixar de <strong>fumar<\/strong>.  <\/p>\n\n<div style=\"height:39px\" aria-hidden=\"true\" class=\"wp-block-spacer\"><\/div>\n\n<h2 class=\"wp-block-heading\"><strong>Porqu\u00ea escolher a terapia laser para deixar de fumar?<\/strong><\/h2>\n\n<div style=\"height:39px\" aria-hidden=\"true\" class=\"wp-block-spacer\"><\/div>\n\n<h2 class=\"wp-block-heading\"><strong>Uma t\u00e9cnica moderna e inovadora<\/strong><\/h2>\n\n<div style=\"height:39px\" aria-hidden=\"true\" class=\"wp-block-spacer\"><\/div>\n\n<p>Ao contr\u00e1rio dos <strong>substitutos<\/strong> tradicionais, como os <strong>pensos<\/strong> ou <strong>as pastilhas<\/strong>, <strong>a terapia laser<\/strong> \u00e9 um <strong>m\u00e9todo<\/strong> moderno que actua diretamente nos <strong>pontos auditivos<\/strong> sem introduzir subst\u00e2ncias qu\u00edmicas no organismo. Esta abordagem <strong>f\u00edsica<\/strong> e natural conduz a uma redu\u00e7\u00e3o gradual e duradoura da depend\u00eancia. <\/p>\n\n<div style=\"height:39px\" aria-hidden=\"true\" class=\"wp-block-spacer\"><\/div>\n\n<h3 class=\"wp-block-heading\"><strong>Centros especializados em Fran\u00e7a<\/strong> e na Europa &#8230;<\/h3>\n\n<div style=\"height:39px\" aria-hidden=\"true\" class=\"wp-block-spacer\"><\/div>\n\n<p>Com v\u00e1rios <strong>centros<\/strong> em <strong>Fran\u00e7a<\/strong>, <strong>a MyLaserTabac<\/strong> tornou-se l\u00edder na <strong>cessa\u00e7\u00e3o tab\u00e1gica<\/strong> <strong>a laser<\/strong>. Oferecemos uma <strong>terapia<\/strong> personalizada, adaptada a cada <strong>paciente<\/strong>, para garantir uma <strong>taxa de<\/strong> sucesso elevada e duradoura. <\/p>\n\n<div style=\"height:19px\" aria-hidden=\"true\" class=\"wp-block-spacer\"><\/div>\n\n<p>O nosso <strong>laserostop<\/strong> oferece-te uma <strong>solu\u00e7\u00e3o<\/strong> completa e natural para aqueles que querem deixar de <strong>fumar<\/strong> definitivamente. Ao escolheres <strong>o MyLaserTabac<\/strong>, est\u00e1s a optar por uma abordagem segura, eficaz e reconhecida pela comunidade cient\u00edfica. <\/p>\n\n<div style=\"height:39px\" aria-hidden=\"true\" class=\"wp-block-spacer\"><\/div>\n\n<figure class=\"wp-block-image alignwide size-large\"><img decoding=\"async\" src=\"https:\/\/www.mylasertabac.com\/wp-content\/uploads\/\/mlt-verteau.svg\" alt=\"\" class=\"wp-image-13\"\/><\/figure>\n\n<div style=\"height:39px\" aria-hidden=\"true\" class=\"wp-block-spacer\"><\/div>\n\n<h2 class=\"wp-block-heading\"><strong>Conclus\u00e3o: D\u00e1 o primeiro passo para uma vida sem fumo<\/strong><\/h2>\n\n<div style=\"height:39px\" aria-hidden=\"true\" class=\"wp-block-spacer\"><\/div>\n\n<p>Deixar de <strong>fumar<\/strong> nunca foi t\u00e3o f\u00e1cil com a <strong>terapia laser<\/strong>. Este <strong>m\u00e9todo<\/strong> natural, sem <strong>efeitos secund\u00e1rios<\/strong>, \u00e9 a <strong>solu\u00e7\u00e3o<\/strong> ideal para quem procura libertar-se da <strong>depend\u00eancia<\/strong> <strong>da nicotina<\/strong>. Com <strong>resultados<\/strong> comprovados, <strong>sess\u00f5es<\/strong> relaxantes e apoio personalizado, <strong>MyLaserTabac<\/strong> \u00e9 o teu melhor aliado para dizeres adeus aos <strong>cigarros<\/strong>.  <\/p>\n\n<div style=\"height:21px\" aria-hidden=\"true\" class=\"wp-block-spacer\"><\/div>\n\n<p>Contacta <strong>a MyLaserTabac hoje mesmo<\/strong> para marcar uma consulta e descobrir como a nossa <strong>terapia laser<\/strong> pode transformar a tua <strong>vida<\/strong>. Faz a escolha de recuperar a tua <strong>sa\u00fade<\/strong> e junta-te aos milhares de <strong>fumadores<\/strong> que deixaram <strong>de fumar<\/strong> com sucesso gra\u00e7as ao nosso <strong>m\u00e9todo<\/strong> inovador. <\/p>\n\n<p><\/p>\n","protected":false},"excerpt":{"rendered":"<p>Deixar de fumar \u00e9 um dos maiores desafios para muitos fumadores. A depend\u00eancia da nicotina, os h\u00e1bitos enraizados e os sintomas de abstin\u00eancia tornam esta tarefa complexa. No entanto, surgiu um m\u00e9todo inovador para tornar o processo mais f\u00e1cil: o laser MyLaserTabac. Na MyLaserTabac, utilizamos esta t\u00e9cnica para ajudar os nossos clientes a p\u00f4r fim [&hellip;]<\/p>\n","protected":false},"author":2,"featured_media":1809,"comment_status":"closed","ping_status":"open","sticky":false,"template":"","format":"standard","meta":{"inline_featured_image":false,"footnotes":""},"categories":[136,130],"tags":[140,128,138],"class_list":["post-2561","post","type-post","status-publish","format-standard","has-post-thumbnail","hentry","category-deixa-de-fumar","category-saude","tag-deixa-de-fumar","tag-laser-anti-tabaco","tag-para-de-fumar"],"yoast_head":"<!-- This site is optimized with the Yoast SEO plugin v27.5 - https:\/\/yoast.com\/product\/yoast-seo-wordpress\/ -->\n<title>Os benef\u00edcios do tratamento a laser para deixar de fumar - My Laser Tabac<\/title>\n<meta name=\"description\" content=\"Descobre os benef\u00edcios da cessa\u00e7\u00e3o tab\u00e1gica a laser: um m\u00e9todo inovador, r\u00e1pido, indolor e eficaz para deixar de fumar de vez.\" \/>\n<meta name=\"robots\" content=\"index, follow, max-snippet:-1, max-image-preview:large, max-video-preview:-1\" \/>\n<link rel=\"canonical\" href=\"https:\/\/www.mylasertabac.com\/pt-pt\/os-beneficios-do-tratamento-a-laser-para-deixar-de-fumar\/\" \/>\n<meta property=\"og:locale\" content=\"pt_PT\" \/>\n<meta property=\"og:type\" content=\"article\" \/>\n<meta property=\"og:title\" content=\"Os benef\u00edcios do tratamento a laser para deixar de fumar - My Laser Tabac\" \/>\n<meta property=\"og:description\" content=\"Descobre os benef\u00edcios da cessa\u00e7\u00e3o tab\u00e1gica a laser: um m\u00e9todo inovador, r\u00e1pido, indolor e eficaz para deixar de fumar de vez.\" \/>\n<meta property=\"og:url\" content=\"https:\/\/www.mylasertabac.com\/pt-pt\/os-beneficios-do-tratamento-a-laser-para-deixar-de-fumar\/\" \/>\n<meta property=\"og:site_name\" content=\"My Laser Tabac\" \/>\n<meta property=\"article:author\" content=\"https:\/\/www.facebook.com\/profile.php?id=61571554707319\" \/>\n<meta property=\"article:published_time\" content=\"2024-12-11T16:42:17+00:00\" \/>\n<meta property=\"article:modified_time\" content=\"2025-01-28T14:55:46+00:00\" \/>\n<meta property=\"og:image\" content=\"https:\/\/www.mylasertabac.com\/wp-content\/uploads\/2024\/12\/IMG_9150.jpg\" \/>\n\t<meta property=\"og:image:width\" content=\"1179\" \/>\n\t<meta property=\"og:image:height\" content=\"667\" \/>\n\t<meta property=\"og:image:type\" content=\"image\/jpeg\" \/>\n<meta name=\"author\" content=\"Florian Fortes\" \/>\n<meta name=\"twitter:card\" content=\"summary_large_image\" \/>\n<meta name=\"twitter:label1\" content=\"Escrito por\" \/>\n\t<meta name=\"twitter:data1\" content=\"Florian Fortes\" \/>\n\t<meta name=\"twitter:label2\" content=\"Tempo estimado de leitura\" \/>\n\t<meta name=\"twitter:data2\" content=\"6 minutos\" \/>\n<script type=\"application\/ld+json\" class=\"yoast-schema-graph\">{\"@context\":\"https:\\\/\\\/schema.org\",\"@graph\":[{\"@type\":\"Article\",\"@id\":\"https:\\\/\\\/www.mylasertabac.com\\\/pt-pt\\\/os-beneficios-do-tratamento-a-laser-para-deixar-de-fumar\\\/#article\",\"isPartOf\":{\"@id\":\"https:\\\/\\\/www.mylasertabac.com\\\/pt-pt\\\/os-beneficios-do-tratamento-a-laser-para-deixar-de-fumar\\\/\"},\"author\":{\"name\":\"Florian Fortes\",\"@id\":\"https:\\\/\\\/www.mylasertabac.com\\\/pt-pt\\\/#\\\/schema\\\/person\\\/02c249cb76d912efb6c315ec23eccdf3\"},\"headline\":\"Os benef\u00edcios do tratamento a laser para deixar de fumar\",\"datePublished\":\"2024-12-11T16:42:17+00:00\",\"dateModified\":\"2025-01-28T14:55:46+00:00\",\"mainEntityOfPage\":{\"@id\":\"https:\\\/\\\/www.mylasertabac.com\\\/pt-pt\\\/os-beneficios-do-tratamento-a-laser-para-deixar-de-fumar\\\/\"},\"wordCount\":1191,\"publisher\":{\"@id\":\"https:\\\/\\\/www.mylasertabac.com\\\/pt-pt\\\/#organization\"},\"image\":{\"@id\":\"https:\\\/\\\/www.mylasertabac.com\\\/pt-pt\\\/os-beneficios-do-tratamento-a-laser-para-deixar-de-fumar\\\/#primaryimage\"},\"thumbnailUrl\":\"https:\\\/\\\/www.mylasertabac.com\\\/wp-content\\\/uploads\\\/2024\\\/12\\\/IMG_9150.jpg\",\"keywords\":[\"deixa de fumar\",\"Laser anti-tabaco\",\"P\u00e1ra de fumar\"],\"articleSection\":[\"Deixa de fumar\",\"Sa\u00fade\"],\"inLanguage\":\"pt-PT\"},{\"@type\":\"WebPage\",\"@id\":\"https:\\\/\\\/www.mylasertabac.com\\\/pt-pt\\\/os-beneficios-do-tratamento-a-laser-para-deixar-de-fumar\\\/\",\"url\":\"https:\\\/\\\/www.mylasertabac.com\\\/pt-pt\\\/os-beneficios-do-tratamento-a-laser-para-deixar-de-fumar\\\/\",\"name\":\"Os benef\u00edcios do tratamento a laser para deixar de fumar - My Laser Tabac\",\"isPartOf\":{\"@id\":\"https:\\\/\\\/www.mylasertabac.com\\\/pt-pt\\\/#website\"},\"primaryImageOfPage\":{\"@id\":\"https:\\\/\\\/www.mylasertabac.com\\\/pt-pt\\\/os-beneficios-do-tratamento-a-laser-para-deixar-de-fumar\\\/#primaryimage\"},\"image\":{\"@id\":\"https:\\\/\\\/www.mylasertabac.com\\\/pt-pt\\\/os-beneficios-do-tratamento-a-laser-para-deixar-de-fumar\\\/#primaryimage\"},\"thumbnailUrl\":\"https:\\\/\\\/www.mylasertabac.com\\\/wp-content\\\/uploads\\\/2024\\\/12\\\/IMG_9150.jpg\",\"datePublished\":\"2024-12-11T16:42:17+00:00\",\"dateModified\":\"2025-01-28T14:55:46+00:00\",\"description\":\"Descobre os benef\u00edcios da cessa\u00e7\u00e3o tab\u00e1gica a laser: um m\u00e9todo inovador, r\u00e1pido, indolor e eficaz para deixar de fumar de vez.\",\"breadcrumb\":{\"@id\":\"https:\\\/\\\/www.mylasertabac.com\\\/pt-pt\\\/os-beneficios-do-tratamento-a-laser-para-deixar-de-fumar\\\/#breadcrumb\"},\"inLanguage\":\"pt-PT\",\"potentialAction\":[{\"@type\":\"ReadAction\",\"target\":[\"https:\\\/\\\/www.mylasertabac.com\\\/pt-pt\\\/os-beneficios-do-tratamento-a-laser-para-deixar-de-fumar\\\/\"]}]},{\"@type\":\"ImageObject\",\"inLanguage\":\"pt-PT\",\"@id\":\"https:\\\/\\\/www.mylasertabac.com\\\/pt-pt\\\/os-beneficios-do-tratamento-a-laser-para-deixar-de-fumar\\\/#primaryimage\",\"url\":\"https:\\\/\\\/www.mylasertabac.com\\\/wp-content\\\/uploads\\\/2024\\\/12\\\/IMG_9150.jpg\",\"contentUrl\":\"https:\\\/\\\/www.mylasertabac.com\\\/wp-content\\\/uploads\\\/2024\\\/12\\\/IMG_9150.jpg\",\"width\":1179,\"height\":667},{\"@type\":\"BreadcrumbList\",\"@id\":\"https:\\\/\\\/www.mylasertabac.com\\\/pt-pt\\\/os-beneficios-do-tratamento-a-laser-para-deixar-de-fumar\\\/#breadcrumb\",\"itemListElement\":[{\"@type\":\"ListItem\",\"position\":1,\"name\":\"Accueil\",\"item\":\"https:\\\/\\\/www.mylasertabac.com\\\/pt-pt\\\/casa\\\/\"},{\"@type\":\"ListItem\",\"position\":2,\"name\":\"Os benef\u00edcios do tratamento a laser para deixar de fumar\"}]},{\"@type\":\"WebSite\",\"@id\":\"https:\\\/\\\/www.mylasertabac.com\\\/pt-pt\\\/#website\",\"url\":\"https:\\\/\\\/www.mylasertabac.com\\\/pt-pt\\\/\",\"name\":\"My Laser Tabac\",\"description\":\"La solution laser qui transforme les fumeurs en ex-fumeurs\",\"publisher\":{\"@id\":\"https:\\\/\\\/www.mylasertabac.com\\\/pt-pt\\\/#organization\"},\"potentialAction\":[{\"@type\":\"SearchAction\",\"target\":{\"@type\":\"EntryPoint\",\"urlTemplate\":\"https:\\\/\\\/www.mylasertabac.com\\\/pt-pt\\\/?s={search_term_string}\"},\"query-input\":{\"@type\":\"PropertyValueSpecification\",\"valueRequired\":true,\"valueName\":\"search_term_string\"}}],\"inLanguage\":\"pt-PT\"},{\"@type\":\"Organization\",\"@id\":\"https:\\\/\\\/www.mylasertabac.com\\\/pt-pt\\\/#organization\",\"name\":\"My Laser Tabac\",\"url\":\"https:\\\/\\\/www.mylasertabac.com\\\/pt-pt\\\/\",\"logo\":{\"@type\":\"ImageObject\",\"inLanguage\":\"pt-PT\",\"@id\":\"https:\\\/\\\/www.mylasertabac.com\\\/pt-pt\\\/#\\\/schema\\\/logo\\\/image\\\/\",\"url\":\"https:\\\/\\\/www.mylasertabac.com\\\/wp-content\\\/uploads\\\/2024\\\/12\\\/mlt-verteau.svg\",\"contentUrl\":\"https:\\\/\\\/www.mylasertabac.com\\\/wp-content\\\/uploads\\\/2024\\\/12\\\/mlt-verteau.svg\",\"caption\":\"My Laser Tabac\"},\"image\":{\"@id\":\"https:\\\/\\\/www.mylasertabac.com\\\/pt-pt\\\/#\\\/schema\\\/logo\\\/image\\\/\"}},{\"@type\":\"Person\",\"@id\":\"https:\\\/\\\/www.mylasertabac.com\\\/pt-pt\\\/#\\\/schema\\\/person\\\/02c249cb76d912efb6c315ec23eccdf3\",\"name\":\"Florian Fortes\",\"image\":{\"@type\":\"ImageObject\",\"inLanguage\":\"pt-PT\",\"@id\":\"https:\\\/\\\/www.mylasertabac.com\\\/wp-content\\\/litespeed\\\/avatar\\\/142101a71d7b9e6490c1120d9c109a67.jpg?ver=1777461116\",\"url\":\"https:\\\/\\\/www.mylasertabac.com\\\/wp-content\\\/litespeed\\\/avatar\\\/142101a71d7b9e6490c1120d9c109a67.jpg?ver=1777461116\",\"contentUrl\":\"https:\\\/\\\/www.mylasertabac.com\\\/wp-content\\\/litespeed\\\/avatar\\\/142101a71d7b9e6490c1120d9c109a67.jpg?ver=1777461116\",\"caption\":\"Florian Fortes\"},\"sameAs\":[\"https:\\\/\\\/www.mylasertabac.com\",\"https:\\\/\\\/www.facebook.com\\\/profile.php?id=61571554707319\"],\"url\":\"https:\\\/\\\/www.mylasertabac.com\\\/pt-pt\\\/author\\\/florianfortes5312\\\/\"}]}<\/script>\n<!-- \/ Yoast SEO plugin. -->","yoast_head_json":{"title":"Os benef\u00edcios do tratamento a laser para deixar de fumar - My Laser Tabac","description":"Descobre os benef\u00edcios da cessa\u00e7\u00e3o tab\u00e1gica a laser: um m\u00e9todo inovador, r\u00e1pido, indolor e eficaz para deixar de fumar de vez.","robots":{"index":"index","follow":"follow","max-snippet":"max-snippet:-1","max-image-preview":"max-image-preview:large","max-video-preview":"max-video-preview:-1"},"canonical":"https:\/\/www.mylasertabac.com\/pt-pt\/os-beneficios-do-tratamento-a-laser-para-deixar-de-fumar\/","og_locale":"pt_PT","og_type":"article","og_title":"Os benef\u00edcios do tratamento a laser para deixar de fumar - My Laser Tabac","og_description":"Descobre os benef\u00edcios da cessa\u00e7\u00e3o tab\u00e1gica a laser: um m\u00e9todo inovador, r\u00e1pido, indolor e eficaz para deixar de fumar de vez.","og_url":"https:\/\/www.mylasertabac.com\/pt-pt\/os-beneficios-do-tratamento-a-laser-para-deixar-de-fumar\/","og_site_name":"My Laser Tabac","article_author":"https:\/\/www.facebook.com\/profile.php?id=61571554707319","article_published_time":"2024-12-11T16:42:17+00:00","article_modified_time":"2025-01-28T14:55:46+00:00","og_image":[{"width":1179,"height":667,"url":"https:\/\/www.mylasertabac.com\/wp-content\/uploads\/2024\/12\/IMG_9150.jpg","type":"image\/jpeg"}],"author":"Florian Fortes","twitter_card":"summary_large_image","twitter_misc":{"Escrito por":"Florian Fortes","Tempo estimado de leitura":"6 minutos"},"schema":{"@context":"https:\/\/schema.org","@graph":[{"@type":"Article","@id":"https:\/\/www.mylasertabac.com\/pt-pt\/os-beneficios-do-tratamento-a-laser-para-deixar-de-fumar\/#article","isPartOf":{"@id":"https:\/\/www.mylasertabac.com\/pt-pt\/os-beneficios-do-tratamento-a-laser-para-deixar-de-fumar\/"},"author":{"name":"Florian Fortes","@id":"https:\/\/www.mylasertabac.com\/pt-pt\/#\/schema\/person\/02c249cb76d912efb6c315ec23eccdf3"},"headline":"Os benef\u00edcios do tratamento a laser para deixar de fumar","datePublished":"2024-12-11T16:42:17+00:00","dateModified":"2025-01-28T14:55:46+00:00","mainEntityOfPage":{"@id":"https:\/\/www.mylasertabac.com\/pt-pt\/os-beneficios-do-tratamento-a-laser-para-deixar-de-fumar\/"},"wordCount":1191,"publisher":{"@id":"https:\/\/www.mylasertabac.com\/pt-pt\/#organization"},"image":{"@id":"https:\/\/www.mylasertabac.com\/pt-pt\/os-beneficios-do-tratamento-a-laser-para-deixar-de-fumar\/#primaryimage"},"thumbnailUrl":"https:\/\/www.mylasertabac.com\/wp-content\/uploads\/2024\/12\/IMG_9150.jpg","keywords":["deixa de fumar","Laser anti-tabaco","P\u00e1ra de fumar"],"articleSection":["Deixa de fumar","Sa\u00fade"],"inLanguage":"pt-PT"},{"@type":"WebPage","@id":"https:\/\/www.mylasertabac.com\/pt-pt\/os-beneficios-do-tratamento-a-laser-para-deixar-de-fumar\/","url":"https:\/\/www.mylasertabac.com\/pt-pt\/os-beneficios-do-tratamento-a-laser-para-deixar-de-fumar\/","name":"Os benef\u00edcios do tratamento a laser para deixar de fumar - My Laser Tabac","isPartOf":{"@id":"https:\/\/www.mylasertabac.com\/pt-pt\/#website"},"primaryImageOfPage":{"@id":"https:\/\/www.mylasertabac.com\/pt-pt\/os-beneficios-do-tratamento-a-laser-para-deixar-de-fumar\/#primaryimage"},"image":{"@id":"https:\/\/www.mylasertabac.com\/pt-pt\/os-beneficios-do-tratamento-a-laser-para-deixar-de-fumar\/#primaryimage"},"thumbnailUrl":"https:\/\/www.mylasertabac.com\/wp-content\/uploads\/2024\/12\/IMG_9150.jpg","datePublished":"2024-12-11T16:42:17+00:00","dateModified":"2025-01-28T14:55:46+00:00","description":"Descobre os benef\u00edcios da cessa\u00e7\u00e3o tab\u00e1gica a laser: um m\u00e9todo inovador, r\u00e1pido, indolor e eficaz para deixar de fumar de vez.","breadcrumb":{"@id":"https:\/\/www.mylasertabac.com\/pt-pt\/os-beneficios-do-tratamento-a-laser-para-deixar-de-fumar\/#breadcrumb"},"inLanguage":"pt-PT","potentialAction":[{"@type":"ReadAction","target":["https:\/\/www.mylasertabac.com\/pt-pt\/os-beneficios-do-tratamento-a-laser-para-deixar-de-fumar\/"]}]},{"@type":"ImageObject","inLanguage":"pt-PT","@id":"https:\/\/www.mylasertabac.com\/pt-pt\/os-beneficios-do-tratamento-a-laser-para-deixar-de-fumar\/#primaryimage","url":"https:\/\/www.mylasertabac.com\/wp-content\/uploads\/2024\/12\/IMG_9150.jpg","contentUrl":"https:\/\/www.mylasertabac.com\/wp-content\/uploads\/2024\/12\/IMG_9150.jpg","width":1179,"height":667},{"@type":"BreadcrumbList","@id":"https:\/\/www.mylasertabac.com\/pt-pt\/os-beneficios-do-tratamento-a-laser-para-deixar-de-fumar\/#breadcrumb","itemListElement":[{"@type":"ListItem","position":1,"name":"Accueil","item":"https:\/\/www.mylasertabac.com\/pt-pt\/casa\/"},{"@type":"ListItem","position":2,"name":"Os benef\u00edcios do tratamento a laser para deixar de fumar"}]},{"@type":"WebSite","@id":"https:\/\/www.mylasertabac.com\/pt-pt\/#website","url":"https:\/\/www.mylasertabac.com\/pt-pt\/","name":"My Laser Tabac","description":"La solution laser qui transforme les fumeurs en ex-fumeurs","publisher":{"@id":"https:\/\/www.mylasertabac.com\/pt-pt\/#organization"},"potentialAction":[{"@type":"SearchAction","target":{"@type":"EntryPoint","urlTemplate":"https:\/\/www.mylasertabac.com\/pt-pt\/?s={search_term_string}"},"query-input":{"@type":"PropertyValueSpecification","valueRequired":true,"valueName":"search_term_string"}}],"inLanguage":"pt-PT"},{"@type":"Organization","@id":"https:\/\/www.mylasertabac.com\/pt-pt\/#organization","name":"My Laser Tabac","url":"https:\/\/www.mylasertabac.com\/pt-pt\/","logo":{"@type":"ImageObject","inLanguage":"pt-PT","@id":"https:\/\/www.mylasertabac.com\/pt-pt\/#\/schema\/logo\/image\/","url":"https:\/\/www.mylasertabac.com\/wp-content\/uploads\/2024\/12\/mlt-verteau.svg","contentUrl":"https:\/\/www.mylasertabac.com\/wp-content\/uploads\/2024\/12\/mlt-verteau.svg","caption":"My Laser Tabac"},"image":{"@id":"https:\/\/www.mylasertabac.com\/pt-pt\/#\/schema\/logo\/image\/"}},{"@type":"Person","@id":"https:\/\/www.mylasertabac.com\/pt-pt\/#\/schema\/person\/02c249cb76d912efb6c315ec23eccdf3","name":"Florian Fortes","image":{"@type":"ImageObject","inLanguage":"pt-PT","@id":"https:\/\/www.mylasertabac.com\/wp-content\/litespeed\/avatar\/142101a71d7b9e6490c1120d9c109a67.jpg?ver=1777461116","url":"https:\/\/www.mylasertabac.com\/wp-content\/litespeed\/avatar\/142101a71d7b9e6490c1120d9c109a67.jpg?ver=1777461116","contentUrl":"https:\/\/www.mylasertabac.com\/wp-content\/litespeed\/avatar\/142101a71d7b9e6490c1120d9c109a67.jpg?ver=1777461116","caption":"Florian Fortes"},"sameAs":["https:\/\/www.mylasertabac.com","https:\/\/www.facebook.com\/profile.php?id=61571554707319"],"url":"https:\/\/www.mylasertabac.com\/pt-pt\/author\/florianfortes5312\/"}]}},"_links":{"self":[{"href":"https:\/\/www.mylasertabac.com\/pt-pt\/wp-json\/wp\/v2\/posts\/2561","targetHints":{"allow":["GET"]}}],"collection":[{"href":"https:\/\/www.mylasertabac.com\/pt-pt\/wp-json\/wp\/v2\/posts"}],"about":[{"href":"https:\/\/www.mylasertabac.com\/pt-pt\/wp-json\/wp\/v2\/types\/post"}],"author":[{"embeddable":true,"href":"https:\/\/www.mylasertabac.com\/pt-pt\/wp-json\/wp\/v2\/users\/2"}],"replies":[{"embeddable":true,"href":"https:\/\/www.mylasertabac.com\/pt-pt\/wp-json\/wp\/v2\/comments?post=2561"}],"version-history":[{"count":1,"href":"https:\/\/www.mylasertabac.com\/pt-pt\/wp-json\/wp\/v2\/posts\/2561\/revisions"}],"predecessor-version":[{"id":2563,"href":"https:\/\/www.mylasertabac.com\/pt-pt\/wp-json\/wp\/v2\/posts\/2561\/revisions\/2563"}],"wp:featuredmedia":[{"embeddable":true,"href":"https:\/\/www.mylasertabac.com\/pt-pt\/wp-json\/wp\/v2\/media\/1809"}],"wp:attachment":[{"href":"https:\/\/www.mylasertabac.com\/pt-pt\/wp-json\/wp\/v2\/media?parent=2561"}],"wp:term":[{"taxonomy":"category","embeddable":true,"href":"https:\/\/www.mylasertabac.com\/pt-pt\/wp-json\/wp\/v2\/categories?post=2561"},{"taxonomy":"post_tag","embeddable":true,"href":"https:\/\/www.mylasertabac.com\/pt-pt\/wp-json\/wp\/v2\/tags?post=2561"}],"curies":[{"name":"wp","href":"https:\/\/api.w.org\/{rel}","templated":true}]}}