{"id":2629,"date":"2024-12-04T19:05:12","date_gmt":"2024-12-04T18:05:12","guid":{"rendered":"https:\/\/www.mylasertabac.com\/como-e-que-escolho-o-centro-laser-anti-tabaco-certo\/"},"modified":"2025-08-04T10:07:25","modified_gmt":"2025-08-04T08:07:25","slug":"como-e-que-escolho-o-centro-laser-anti-tabaco-certo","status":"publish","type":"post","link":"https:\/\/www.mylasertabac.com\/pt-pt\/como-e-que-escolho-o-centro-laser-anti-tabaco-certo\/","title":{"rendered":"Como \u00e9 que escolho o centro laser anti-tabaco certo?"},"content":{"rendered":"\n<p><\/p>\n\n<p>Deixar de fumar \u00e9 uma decis\u00e3o importante e escolher o centro laser anti-tabaco certo \u00e9 essencial para garantir o sucesso. Com o aparecimento de tantas empresas que oferecem terapias a laser, pode ser dif\u00edcil fazer uma escolha informada. Neste artigo, guiamos-te pelos crit\u00e9rios essenciais para escolheres o centro que melhor responde \u00e0s tuas necessidades.  <\/p>\n\n<div style=\"height:21px\" aria-hidden=\"true\" class=\"wp-block-spacer\"><\/div>\n\n<h2 class=\"wp-block-heading\"><strong><mark style=\"background-color:#ffffff\" class=\"has-inline-color has-black-color\">Verifica a reputa\u00e7\u00e3o e as opini\u00f5es dos clientes<\/mark><\/strong><\/h2>\n\n<div style=\"height:19px\" aria-hidden=\"true\" class=\"wp-block-spacer\"><\/div>\n\n<p>O primeiro crit\u00e9rio para escolher um centro <a href=\"https:\/\/www.mylasertabac.com\/pt-pt\/\">laser anti-tabaco<\/a> \u00e9 a sua <strong>reputa\u00e7\u00e3o<\/strong>. Verifica as opini\u00f5es online e procura os testemunhos dos clientes. Os coment\u00e1rios positivos s\u00e3o muitas vezes uma garantia de qualidade e efic\u00e1cia.  <\/p>\n\n<div style=\"height:27px\" aria-hidden=\"true\" class=\"wp-block-spacer\"><\/div>\n\n<h2 class=\"wp-block-heading\"><strong><mark style=\"background-color:#ffffff\" class=\"has-inline-color has-black-color\">Porqu\u00ea escolher o MyLaserTabac?<\/mark><\/strong><\/h2>\n\n<div style=\"height:24px\" aria-hidden=\"true\" class=\"wp-block-spacer\"><\/div>\n\n<p><a href=\"https:\/\/www.mylasertabac.com\/pt-pt\/\">MyLaserTabac<\/a> \u00e9 uma empresa conhecida pela sua experi\u00eancia em ajudar as pessoas a deixarem de fumar e outras depend\u00eancias, como o \u00e1lcool, o a\u00e7\u00facar e a can\u00e1bis. Com centenas de centros em Fran\u00e7a e na Europa, goza de uma forte reputa\u00e7\u00e3o e de muitas opini\u00f5es positivas dos clientes. <\/p>\n\n<div style=\"height:24px\" aria-hidden=\"true\" class=\"wp-block-spacer\"><\/div>\n\n<ul class=\"wp-block-list\">\n<li><strong>Feedback<\/strong>: Muitos pacientes sublinham a efic\u00e1cia das sess\u00f5es desde o primeiro procedimento.<\/li>\n\n\n\n<li><strong>Elevada taxa de satisfa\u00e7\u00e3o<\/strong>: Os clientes apreciam o apoio personalizado e o profissionalismo dos nossos profissionais.<\/li>\n<\/ul>\n\n<div style=\"height:25px\" aria-hidden=\"true\" class=\"wp-block-spacer\"><\/div>\n\n<figure class=\"wp-block-table\"><table class=\"has-fixed-layout\"><tbody><tr><td>Tamb\u00e9m vale a pena ler: <a href=\"https:\/\/www.mylasertabac.com\/pt-pt\/informacoes\/formacao-laser-anti-tabaco-e-contra-a-dependencia\/\">Se queres abrir o teu pr\u00f3prio centro laser anti-tabaco, clica aqui <\/a> <\/td><\/tr><\/tbody><\/table><\/figure>\n\n<div style=\"height:25px\" aria-hidden=\"true\" class=\"wp-block-spacer\"><\/div>\n\n<h2 class=\"wp-block-heading\"><strong><mark style=\"background-color:#ffffff\" class=\"has-inline-color has-black-color\">Certifica-te de que os teus profissionais s\u00e3o qualificados<\/mark><\/strong><\/h2>\n\n<div style=\"height:23px\" aria-hidden=\"true\" class=\"wp-block-spacer\"><\/div>\n\n<p>Um bom centro laser anti-tabaco deve ter profissionais formados na utiliza\u00e7\u00e3o da tecnologia laser e da auriculoterapia. Estas qualifica\u00e7\u00f5es garantem que o tratamento ser\u00e1 efectuado de forma segura e eficaz. <\/p>\n\n<div style=\"height:31px\" aria-hidden=\"true\" class=\"wp-block-spacer\"><\/div>\n\n<figure class=\"wp-block-image alignright size-large is-resized\"><img decoding=\"async\" src=\"https:\/\/www.mylasertabac.com\/wp-content\/uploads\/\/mlt-verteau.svg\" alt=\"\" class=\"wp-image-13\" style=\"width:421px;height:auto\"\/><\/figure>\n\n<h2 class=\"wp-block-heading\"><strong><mark style=\"background-color:#ffffff\" class=\"has-inline-color has-black-color\">A experi\u00eancia do MyLaserTabac<\/mark><\/strong><\/h2>\n\n<p>Os centros MyLaserTabac trabalham com profissionais certificados e experientes. Cada profissional \u00e9 formado para oferecer um servi\u00e7o de qualidade adaptado a cada paciente. <\/p>\n\n<div style=\"height:36px\" aria-hidden=\"true\" class=\"wp-block-spacer\"><\/div>\n\n<h2 class=\"wp-block-heading\"><strong><mark style=\"background-color:#ffffff\" class=\"has-inline-color has-black-color\">Verifica a disponibilidade e a proximidade dos centros<\/mark><\/strong><\/h2>\n\n<div style=\"height:19px\" aria-hidden=\"true\" class=\"wp-block-spacer\"><\/div>\n\n<p>Um centro de f\u00e1cil acesso \u00e9 um crit\u00e9rio importante. Escolher uma empresa com v\u00e1rias filiais significa que podes encontrar um centro perto de casa, evitando viagens longas e stressantes. <\/p>\n\n<p>Clica no link para ver todos os nossos centros dispon\u00edveis em toda a Fran\u00e7a: https: <a href=\"https:\/\/www.mylasertabac.com\/pt-pt\/os-nossos-centros\/\">\/\/www.mylasertabac.com\/nos-centres\/<\/a><\/p>\n\n<div style=\"height:24px\" aria-hidden=\"true\" class=\"wp-block-spacer\"><\/div>\n\n<figure class=\"wp-block-image alignleft size-large is-resized\"><img fetchpriority=\"high\" decoding=\"async\" width=\"1024\" height=\"683\" src=\"https:\/\/www.mylasertabac.com\/wp-content\/uploads\/2024\/12\/pourquoi-choisir-mylasertabac-1024x683.png\" alt=\"\" class=\"wp-image-12616\" style=\"width:433px;height:auto\" srcset=\"https:\/\/www.mylasertabac.com\/wp-content\/uploads\/2024\/12\/pourquoi-choisir-mylasertabac-1024x683.png 1024w, https:\/\/www.mylasertabac.com\/wp-content\/uploads\/2024\/12\/pourquoi-choisir-mylasertabac-300x200.png 300w, https:\/\/www.mylasertabac.com\/wp-content\/uploads\/2024\/12\/pourquoi-choisir-mylasertabac-768x512.png 768w, https:\/\/www.mylasertabac.com\/wp-content\/uploads\/2024\/12\/pourquoi-choisir-mylasertabac.png 1536w\" sizes=\"(max-width: 1024px) 100vw, 1024px\" \/><\/figure>\n\n<h2 class=\"wp-block-heading\"><strong><mark style=\"background-color:#ffffff\" class=\"has-inline-color has-black-color\">MyLaserTabac, uma vasta rede<\/mark><\/strong><\/h2>\n\n<p>Com uma rede de centros em toda a Fran\u00e7a e em v\u00e1rios pa\u00edses europeus, MyLaserTabac garante uma disponibilidade r\u00e1pida para os seus clientes. Esta vasta rede permite-nos responder a todos os pedidos, mesmo em zonas com mau servi\u00e7o. <\/p>\n\n<div style=\"height:30px\" aria-hidden=\"true\" class=\"wp-block-spacer\"><\/div>\n\n<h2 class=\"wp-block-heading\"><mark style=\"background-color:#ffffff\" class=\"has-inline-color has-black-color\"><strong>Certifica-te de que os servi\u00e7os que ofereces s\u00e3o transparentes<\/strong><\/mark><\/h2>\n\n<div style=\"height:18px\" aria-hidden=\"true\" class=\"wp-block-spacer\"><\/div>\n\n<p>Os centros s\u00e9rios devem fornecer informa\u00e7\u00f5es claras sobre o funcionamento do laser, os resultados esperados e os pre\u00e7os praticados. A transpar\u00eancia \u00e9 essencial para estabelecer uma rela\u00e7\u00e3o de confian\u00e7a entre o paciente e o centro. <\/p>\n\n<div style=\"height:40px\" aria-hidden=\"true\" class=\"wp-block-spacer\"><\/div>\n\n<h2 class=\"wp-block-heading\"><strong><mark style=\"background-color:#ffffff\" class=\"has-inline-color has-black-color\">Apoio claro com MyLaserTabac<\/mark><\/strong><\/h2>\n\n<div style=\"height:17px\" aria-hidden=\"true\" class=\"wp-block-spacer\"><\/div>\n\n<p>Na MyLaserTabac, mantemos-te informado desde o primeiro contacto:<\/p>\n\n<div style=\"height:18px\" aria-hidden=\"true\" class=\"wp-block-spacer\"><\/div>\n\n<ul class=\"wp-block-list\">\n<li><strong>Explica\u00e7\u00e3o dos m\u00e9todos<\/strong>: O tratamento com laser, os seus benef\u00edcios e limita\u00e7\u00f5es s\u00e3o claramente explicados.<\/li>\n\n\n\n<li><strong>Tarifas transparentes<\/strong>: N\u00e3o h\u00e1 taxas ocultas, tudo \u00e9 detalhado desde o in\u00edcio.<\/li>\n\n\n\n<li><strong>Garantia de acompanhamento<\/strong>: Se necess\u00e1rio, s\u00e3o propostas sess\u00f5es de refor\u00e7o para garantir o sucesso do tratamento. Garantia de 12 meses. <\/li>\n<\/ul>\n\n<div style=\"height:19px\" aria-hidden=\"true\" class=\"wp-block-spacer\"><\/div>\n\n<h2 class=\"wp-block-heading\"><strong><mark style=\"background-color:#ffffff\" class=\"has-inline-color has-black-color\">Escolhe um centro especializado em m\u00faltiplas depend\u00eancias<\/mark><\/strong><\/h2>\n\n<div style=\"height:21px\" aria-hidden=\"true\" class=\"wp-block-spacer\"><\/div>\n\n<p>Um bom centro deve ser capaz de tratar v\u00e1rios tipos de depend\u00eancias, e n\u00e3o apenas o tabaco. Isto mostra que o centro domina perfeitamente a tecnologia laser e a sua aplica\u00e7\u00e3o a diferentes tipos de depend\u00eancia. <\/p>\n\n<div style=\"height:25px\" aria-hidden=\"true\" class=\"wp-block-spacer\"><\/div>\n\n<figure class=\"wp-block-table\"><table class=\"has-fixed-layout\"><tbody><tr><td>L\u00ea tamb\u00e9m: <a href=\"https:\/\/www.mylasertabac.com\/pt-pt\/%f0%9f%92%b8-precos-dos-macos-de-cigarros-na-europa-em-julho-de-2025-uma-comparacao-pais-a-pais\/\">\ud83d\udcb8<mark style=\"background-color:rgba(0, 0, 0, 0)\" class=\"has-inline-color has-luminous-vivid-orange-color\"> Pre\u00e7os dos ma\u00e7os de cigarros na Europa em julho de 2025: a grande compara\u00e7\u00e3o por pa\u00eds<\/mark><\/a><\/td><\/tr><\/tbody><\/table><\/figure>\n\n<div style=\"height:23px\" aria-hidden=\"true\" class=\"wp-block-spacer\"><\/div>\n\n<h2 class=\"wp-block-heading\"><strong><mark style=\"background-color:#ffffff\" class=\"has-inline-color has-black-color\">Uma especializa\u00e7\u00e3o \u00fanica no MyLaserTabac<\/mark><\/strong><\/h2>\n\n<div style=\"height:19px\" aria-hidden=\"true\" class=\"wp-block-spacer\"><\/div>\n\n<p>O que distingue o MyLaserTabac \u00e9 a sua capacidade de tratar uma vasta gama de depend\u00eancias:<\/p>\n\n<div style=\"height:15px\" aria-hidden=\"true\" class=\"wp-block-spacer\"><\/div>\n\n<ul class=\"wp-block-list\">\n<li><strong>Tabaco e cigarros electr\u00f3nicos<\/strong><\/li>\n\n\n\n<li><strong>V\u00edcios de a\u00e7\u00facar ou compuls\u00e3o alimentar<\/strong><\/li>\n\n\n\n<li><strong>Consumo de \u00e1lcool<\/strong><\/li>\n\n\n\n<li><strong>Depend\u00eancia de cannabis<\/strong><\/li>\n<\/ul>\n\n<div style=\"height:15px\" aria-hidden=\"true\" class=\"wp-block-spacer\"><\/div>\n\n<p>Esta versatilidade atesta a per\u00edcia e o dom\u00ednio das t\u00e9cnicas utilizadas.<\/p>\n\n<div style=\"height:20px\" aria-hidden=\"true\" class=\"wp-block-spacer\"><\/div>\n\n<h2 class=\"wp-block-heading\"><strong><mark style=\"background-color:#ffffff\" class=\"has-inline-color has-black-color\">Conclus\u00e3o: Porqu\u00ea escolher o MyLaserTabac?<\/mark><\/strong><\/h2>\n\n<div style=\"height:25px\" aria-hidden=\"true\" class=\"wp-block-spacer\"><\/div>\n\n<p>Com uma rede extensa, profissionais qualificados e experi\u00eancia reconhecida, <strong>MyLaserTabac<\/strong> \u00e9 a escolha ideal para deixares de fumar ou te libertares de outros v\u00edcios. A sua abordagem personalizada e o seu compromisso com a satisfa\u00e7\u00e3o do cliente fazem deles um l\u00edder incontest\u00e1vel neste dom\u00ednio. <\/p>\n\n<p>Marca uma consulta hoje num dos nossos centros <mark style=\"background-color:#ffffff\" class=\"has-inline-color\"><strong>MyLaserTabac<\/strong> <\/mark>perto de ti e d\u00e1 o primeiro passo para uma vida sem v\u00edcios.<\/p>\n\n<p class=\"has-white-background-color has-background\"><\/p>\n\n<figure class=\"wp-block-image size-large\"><img decoding=\"async\" src=\"https:\/\/www.mylasertabac.com\/wp-content\/uploads\/\/mlt-verteau.svg\" alt=\"\" class=\"wp-image-13\"\/><\/figure>\n\n<p><\/p>\n\n<p><\/p>\n","protected":false},"excerpt":{"rendered":"<p>Deixar de fumar \u00e9 uma decis\u00e3o importante e escolher o centro laser anti-tabaco certo \u00e9 essencial para garantir o sucesso. Com o aparecimento de tantas empresas que oferecem terapias a laser, pode ser dif\u00edcil fazer uma escolha informada. Neste artigo, guiamos-te pelos crit\u00e9rios essenciais para escolheres o centro que melhor responde \u00e0s tuas necessidades.  <\/p>\n","protected":false},"author":2,"featured_media":1247,"comment_status":"closed","ping_status":"open","sticky":false,"template":"","format":"standard","meta":{"inline_featured_image":false,"footnotes":""},"categories":[255,251,136,254,180,130,181,257,182],"tags":[260,128,259],"class_list":["post-2629","post","type-post","status-publish","format-standard","has-post-thumbnail","hentry","category-auriculoterapia","category-centro-laser-anti-tabagismo","category-deixa-de-fumar","category-laser-anti-tabaco","category-metodos-de-desmame","category-saude","category-saude-e-toxicodependencia","category-tecnologia-dos-cuidados-de-saude","category-terapias-alternativas","tag-centro-de-laser-anti-tabagismo","tag-laser-anti-tabaco","tag-que-centro-laser-anti-tabagismo-deves-escolher"],"yoast_head":"<!-- This site is optimized with the Yoast SEO plugin v27.5 - https:\/\/yoast.com\/product\/yoast-seo-wordpress\/ -->\n<title>Como \u00e9 que escolho o centro laser anti-tabaco certo? - My Laser Tabac<\/title>\n<meta name=\"description\" content=\"Descobre os nossos conselhos para escolher o centro laser anti-tabaco mais adequado \u00e0s tuas necessidades. MyLaserTabac, l\u00edder em Fran\u00e7a e na Europa.\" \/>\n<meta name=\"robots\" content=\"index, follow, max-snippet:-1, max-image-preview:large, max-video-preview:-1\" \/>\n<link rel=\"canonical\" href=\"https:\/\/www.mylasertabac.com\/pt-pt\/como-e-que-escolho-o-centro-laser-anti-tabaco-certo\/\" \/>\n<meta property=\"og:locale\" content=\"pt_PT\" \/>\n<meta property=\"og:type\" content=\"article\" \/>\n<meta property=\"og:title\" content=\"Como \u00e9 que escolho o centro laser anti-tabaco certo? - My Laser Tabac\" \/>\n<meta property=\"og:description\" content=\"Descobre os nossos conselhos para escolher o centro laser anti-tabaco mais adequado \u00e0s tuas necessidades. MyLaserTabac, l\u00edder em Fran\u00e7a e na Europa.\" \/>\n<meta property=\"og:url\" content=\"https:\/\/www.mylasertabac.com\/pt-pt\/como-e-que-escolho-o-centro-laser-anti-tabaco-certo\/\" \/>\n<meta property=\"og:site_name\" content=\"My Laser Tabac\" \/>\n<meta property=\"article:author\" content=\"https:\/\/www.facebook.com\/profile.php?id=61571554707319\" \/>\n<meta property=\"article:published_time\" content=\"2024-12-04T18:05:12+00:00\" \/>\n<meta property=\"article:modified_time\" content=\"2025-08-04T08:07:25+00:00\" \/>\n<meta property=\"og:image\" content=\"https:\/\/www.mylasertabac.com\/wp-content\/uploads\/2024\/12\/Comment-choisir-le-bon-centre-de-laser-anti-tabac.jpg\" \/>\n\t<meta property=\"og:image:width\" content=\"1179\" \/>\n\t<meta property=\"og:image:height\" content=\"661\" \/>\n\t<meta property=\"og:image:type\" content=\"image\/jpeg\" \/>\n<meta name=\"author\" content=\"Florian Fortes\" \/>\n<meta name=\"twitter:card\" content=\"summary_large_image\" \/>\n<meta name=\"twitter:label1\" content=\"Escrito por\" \/>\n\t<meta name=\"twitter:data1\" content=\"Florian Fortes\" \/>\n\t<meta name=\"twitter:label2\" content=\"Tempo estimado de leitura\" \/>\n\t<meta name=\"twitter:data2\" content=\"4 minutos\" \/>\n<script type=\"application\/ld+json\" class=\"yoast-schema-graph\">{\"@context\":\"https:\\\/\\\/schema.org\",\"@graph\":[{\"@type\":\"Article\",\"@id\":\"https:\\\/\\\/www.mylasertabac.com\\\/pt-pt\\\/como-e-que-escolho-o-centro-laser-anti-tabaco-certo\\\/#article\",\"isPartOf\":{\"@id\":\"https:\\\/\\\/www.mylasertabac.com\\\/pt-pt\\\/como-e-que-escolho-o-centro-laser-anti-tabaco-certo\\\/\"},\"author\":{\"name\":\"Florian Fortes\",\"@id\":\"https:\\\/\\\/www.mylasertabac.com\\\/pt-pt\\\/#\\\/schema\\\/person\\\/02c249cb76d912efb6c315ec23eccdf3\"},\"headline\":\"Como \u00e9 que escolho o centro laser anti-tabaco certo?\",\"datePublished\":\"2024-12-04T18:05:12+00:00\",\"dateModified\":\"2025-08-04T08:07:25+00:00\",\"mainEntityOfPage\":{\"@id\":\"https:\\\/\\\/www.mylasertabac.com\\\/pt-pt\\\/como-e-que-escolho-o-centro-laser-anti-tabaco-certo\\\/\"},\"wordCount\":722,\"publisher\":{\"@id\":\"https:\\\/\\\/www.mylasertabac.com\\\/pt-pt\\\/#organization\"},\"image\":{\"@id\":\"https:\\\/\\\/www.mylasertabac.com\\\/pt-pt\\\/como-e-que-escolho-o-centro-laser-anti-tabaco-certo\\\/#primaryimage\"},\"thumbnailUrl\":\"https:\\\/\\\/www.mylasertabac.com\\\/wp-content\\\/uploads\\\/2024\\\/12\\\/Comment-choisir-le-bon-centre-de-laser-anti-tabac.jpg\",\"keywords\":[\"Centro de laser anti-tabagismo?\",\"Laser anti-tabaco\",\"Que centro laser anti-tabagismo deves escolher?\"],\"articleSection\":[\"auriculoterapia\",\"Centro laser anti-tabagismo\",\"Deixa de fumar\",\"Laser anti-tabaco\",\"M\u00e9todos de desmame\",\"Sa\u00fade\",\"Sa\u00fade e toxicodepend\u00eancia\",\"Tecnologia dos cuidados de sa\u00fade\",\"Terapias alternativas\"],\"inLanguage\":\"pt-PT\"},{\"@type\":\"WebPage\",\"@id\":\"https:\\\/\\\/www.mylasertabac.com\\\/pt-pt\\\/como-e-que-escolho-o-centro-laser-anti-tabaco-certo\\\/\",\"url\":\"https:\\\/\\\/www.mylasertabac.com\\\/pt-pt\\\/como-e-que-escolho-o-centro-laser-anti-tabaco-certo\\\/\",\"name\":\"Como \u00e9 que escolho o centro laser anti-tabaco certo? - My Laser Tabac\",\"isPartOf\":{\"@id\":\"https:\\\/\\\/www.mylasertabac.com\\\/pt-pt\\\/#website\"},\"primaryImageOfPage\":{\"@id\":\"https:\\\/\\\/www.mylasertabac.com\\\/pt-pt\\\/como-e-que-escolho-o-centro-laser-anti-tabaco-certo\\\/#primaryimage\"},\"image\":{\"@id\":\"https:\\\/\\\/www.mylasertabac.com\\\/pt-pt\\\/como-e-que-escolho-o-centro-laser-anti-tabaco-certo\\\/#primaryimage\"},\"thumbnailUrl\":\"https:\\\/\\\/www.mylasertabac.com\\\/wp-content\\\/uploads\\\/2024\\\/12\\\/Comment-choisir-le-bon-centre-de-laser-anti-tabac.jpg\",\"datePublished\":\"2024-12-04T18:05:12+00:00\",\"dateModified\":\"2025-08-04T08:07:25+00:00\",\"description\":\"Descobre os nossos conselhos para escolher o centro laser anti-tabaco mais adequado \u00e0s tuas necessidades. MyLaserTabac, l\u00edder em Fran\u00e7a e na Europa.\",\"breadcrumb\":{\"@id\":\"https:\\\/\\\/www.mylasertabac.com\\\/pt-pt\\\/como-e-que-escolho-o-centro-laser-anti-tabaco-certo\\\/#breadcrumb\"},\"inLanguage\":\"pt-PT\",\"potentialAction\":[{\"@type\":\"ReadAction\",\"target\":[\"https:\\\/\\\/www.mylasertabac.com\\\/pt-pt\\\/como-e-que-escolho-o-centro-laser-anti-tabaco-certo\\\/\"]}]},{\"@type\":\"ImageObject\",\"inLanguage\":\"pt-PT\",\"@id\":\"https:\\\/\\\/www.mylasertabac.com\\\/pt-pt\\\/como-e-que-escolho-o-centro-laser-anti-tabaco-certo\\\/#primaryimage\",\"url\":\"https:\\\/\\\/www.mylasertabac.com\\\/wp-content\\\/uploads\\\/2024\\\/12\\\/Comment-choisir-le-bon-centre-de-laser-anti-tabac.jpg\",\"contentUrl\":\"https:\\\/\\\/www.mylasertabac.com\\\/wp-content\\\/uploads\\\/2024\\\/12\\\/Comment-choisir-le-bon-centre-de-laser-anti-tabac.jpg\",\"width\":1179,\"height\":661},{\"@type\":\"BreadcrumbList\",\"@id\":\"https:\\\/\\\/www.mylasertabac.com\\\/pt-pt\\\/como-e-que-escolho-o-centro-laser-anti-tabaco-certo\\\/#breadcrumb\",\"itemListElement\":[{\"@type\":\"ListItem\",\"position\":1,\"name\":\"Accueil\",\"item\":\"https:\\\/\\\/www.mylasertabac.com\\\/pt-pt\\\/casa\\\/\"},{\"@type\":\"ListItem\",\"position\":2,\"name\":\"Como \u00e9 que escolho o centro laser anti-tabaco certo?\"}]},{\"@type\":\"WebSite\",\"@id\":\"https:\\\/\\\/www.mylasertabac.com\\\/pt-pt\\\/#website\",\"url\":\"https:\\\/\\\/www.mylasertabac.com\\\/pt-pt\\\/\",\"name\":\"My Laser Tabac\",\"description\":\"La solution laser qui transforme les fumeurs en ex-fumeurs\",\"publisher\":{\"@id\":\"https:\\\/\\\/www.mylasertabac.com\\\/pt-pt\\\/#organization\"},\"potentialAction\":[{\"@type\":\"SearchAction\",\"target\":{\"@type\":\"EntryPoint\",\"urlTemplate\":\"https:\\\/\\\/www.mylasertabac.com\\\/pt-pt\\\/?s={search_term_string}\"},\"query-input\":{\"@type\":\"PropertyValueSpecification\",\"valueRequired\":true,\"valueName\":\"search_term_string\"}}],\"inLanguage\":\"pt-PT\"},{\"@type\":\"Organization\",\"@id\":\"https:\\\/\\\/www.mylasertabac.com\\\/pt-pt\\\/#organization\",\"name\":\"My Laser Tabac\",\"url\":\"https:\\\/\\\/www.mylasertabac.com\\\/pt-pt\\\/\",\"logo\":{\"@type\":\"ImageObject\",\"inLanguage\":\"pt-PT\",\"@id\":\"https:\\\/\\\/www.mylasertabac.com\\\/pt-pt\\\/#\\\/schema\\\/logo\\\/image\\\/\",\"url\":\"https:\\\/\\\/www.mylasertabac.com\\\/wp-content\\\/uploads\\\/2024\\\/12\\\/mlt-verteau.svg\",\"contentUrl\":\"https:\\\/\\\/www.mylasertabac.com\\\/wp-content\\\/uploads\\\/2024\\\/12\\\/mlt-verteau.svg\",\"caption\":\"My Laser Tabac\"},\"image\":{\"@id\":\"https:\\\/\\\/www.mylasertabac.com\\\/pt-pt\\\/#\\\/schema\\\/logo\\\/image\\\/\"}},{\"@type\":\"Person\",\"@id\":\"https:\\\/\\\/www.mylasertabac.com\\\/pt-pt\\\/#\\\/schema\\\/person\\\/02c249cb76d912efb6c315ec23eccdf3\",\"name\":\"Florian Fortes\",\"image\":{\"@type\":\"ImageObject\",\"inLanguage\":\"pt-PT\",\"@id\":\"https:\\\/\\\/www.mylasertabac.com\\\/wp-content\\\/litespeed\\\/avatar\\\/142101a71d7b9e6490c1120d9c109a67.jpg?ver=1777461116\",\"url\":\"https:\\\/\\\/www.mylasertabac.com\\\/wp-content\\\/litespeed\\\/avatar\\\/142101a71d7b9e6490c1120d9c109a67.jpg?ver=1777461116\",\"contentUrl\":\"https:\\\/\\\/www.mylasertabac.com\\\/wp-content\\\/litespeed\\\/avatar\\\/142101a71d7b9e6490c1120d9c109a67.jpg?ver=1777461116\",\"caption\":\"Florian Fortes\"},\"sameAs\":[\"https:\\\/\\\/www.mylasertabac.com\",\"https:\\\/\\\/www.facebook.com\\\/profile.php?id=61571554707319\"],\"url\":\"https:\\\/\\\/www.mylasertabac.com\\\/pt-pt\\\/author\\\/florianfortes5312\\\/\"}]}<\/script>\n<!-- \/ Yoast SEO plugin. -->","yoast_head_json":{"title":"Como \u00e9 que escolho o centro laser anti-tabaco certo? - My Laser Tabac","description":"Descobre os nossos conselhos para escolher o centro laser anti-tabaco mais adequado \u00e0s tuas necessidades. MyLaserTabac, l\u00edder em Fran\u00e7a e na Europa.","robots":{"index":"index","follow":"follow","max-snippet":"max-snippet:-1","max-image-preview":"max-image-preview:large","max-video-preview":"max-video-preview:-1"},"canonical":"https:\/\/www.mylasertabac.com\/pt-pt\/como-e-que-escolho-o-centro-laser-anti-tabaco-certo\/","og_locale":"pt_PT","og_type":"article","og_title":"Como \u00e9 que escolho o centro laser anti-tabaco certo? - My Laser Tabac","og_description":"Descobre os nossos conselhos para escolher o centro laser anti-tabaco mais adequado \u00e0s tuas necessidades. MyLaserTabac, l\u00edder em Fran\u00e7a e na Europa.","og_url":"https:\/\/www.mylasertabac.com\/pt-pt\/como-e-que-escolho-o-centro-laser-anti-tabaco-certo\/","og_site_name":"My Laser Tabac","article_author":"https:\/\/www.facebook.com\/profile.php?id=61571554707319","article_published_time":"2024-12-04T18:05:12+00:00","article_modified_time":"2025-08-04T08:07:25+00:00","og_image":[{"width":1179,"height":661,"url":"https:\/\/www.mylasertabac.com\/wp-content\/uploads\/2024\/12\/Comment-choisir-le-bon-centre-de-laser-anti-tabac.jpg","type":"image\/jpeg"}],"author":"Florian Fortes","twitter_card":"summary_large_image","twitter_misc":{"Escrito por":"Florian Fortes","Tempo estimado de leitura":"4 minutos"},"schema":{"@context":"https:\/\/schema.org","@graph":[{"@type":"Article","@id":"https:\/\/www.mylasertabac.com\/pt-pt\/como-e-que-escolho-o-centro-laser-anti-tabaco-certo\/#article","isPartOf":{"@id":"https:\/\/www.mylasertabac.com\/pt-pt\/como-e-que-escolho-o-centro-laser-anti-tabaco-certo\/"},"author":{"name":"Florian Fortes","@id":"https:\/\/www.mylasertabac.com\/pt-pt\/#\/schema\/person\/02c249cb76d912efb6c315ec23eccdf3"},"headline":"Como \u00e9 que escolho o centro laser anti-tabaco certo?","datePublished":"2024-12-04T18:05:12+00:00","dateModified":"2025-08-04T08:07:25+00:00","mainEntityOfPage":{"@id":"https:\/\/www.mylasertabac.com\/pt-pt\/como-e-que-escolho-o-centro-laser-anti-tabaco-certo\/"},"wordCount":722,"publisher":{"@id":"https:\/\/www.mylasertabac.com\/pt-pt\/#organization"},"image":{"@id":"https:\/\/www.mylasertabac.com\/pt-pt\/como-e-que-escolho-o-centro-laser-anti-tabaco-certo\/#primaryimage"},"thumbnailUrl":"https:\/\/www.mylasertabac.com\/wp-content\/uploads\/2024\/12\/Comment-choisir-le-bon-centre-de-laser-anti-tabac.jpg","keywords":["Centro de laser anti-tabagismo?","Laser anti-tabaco","Que centro laser anti-tabagismo deves escolher?"],"articleSection":["auriculoterapia","Centro laser anti-tabagismo","Deixa de fumar","Laser anti-tabaco","M\u00e9todos de desmame","Sa\u00fade","Sa\u00fade e toxicodepend\u00eancia","Tecnologia dos cuidados de sa\u00fade","Terapias alternativas"],"inLanguage":"pt-PT"},{"@type":"WebPage","@id":"https:\/\/www.mylasertabac.com\/pt-pt\/como-e-que-escolho-o-centro-laser-anti-tabaco-certo\/","url":"https:\/\/www.mylasertabac.com\/pt-pt\/como-e-que-escolho-o-centro-laser-anti-tabaco-certo\/","name":"Como \u00e9 que escolho o centro laser anti-tabaco certo? - My Laser Tabac","isPartOf":{"@id":"https:\/\/www.mylasertabac.com\/pt-pt\/#website"},"primaryImageOfPage":{"@id":"https:\/\/www.mylasertabac.com\/pt-pt\/como-e-que-escolho-o-centro-laser-anti-tabaco-certo\/#primaryimage"},"image":{"@id":"https:\/\/www.mylasertabac.com\/pt-pt\/como-e-que-escolho-o-centro-laser-anti-tabaco-certo\/#primaryimage"},"thumbnailUrl":"https:\/\/www.mylasertabac.com\/wp-content\/uploads\/2024\/12\/Comment-choisir-le-bon-centre-de-laser-anti-tabac.jpg","datePublished":"2024-12-04T18:05:12+00:00","dateModified":"2025-08-04T08:07:25+00:00","description":"Descobre os nossos conselhos para escolher o centro laser anti-tabaco mais adequado \u00e0s tuas necessidades. MyLaserTabac, l\u00edder em Fran\u00e7a e na Europa.","breadcrumb":{"@id":"https:\/\/www.mylasertabac.com\/pt-pt\/como-e-que-escolho-o-centro-laser-anti-tabaco-certo\/#breadcrumb"},"inLanguage":"pt-PT","potentialAction":[{"@type":"ReadAction","target":["https:\/\/www.mylasertabac.com\/pt-pt\/como-e-que-escolho-o-centro-laser-anti-tabaco-certo\/"]}]},{"@type":"ImageObject","inLanguage":"pt-PT","@id":"https:\/\/www.mylasertabac.com\/pt-pt\/como-e-que-escolho-o-centro-laser-anti-tabaco-certo\/#primaryimage","url":"https:\/\/www.mylasertabac.com\/wp-content\/uploads\/2024\/12\/Comment-choisir-le-bon-centre-de-laser-anti-tabac.jpg","contentUrl":"https:\/\/www.mylasertabac.com\/wp-content\/uploads\/2024\/12\/Comment-choisir-le-bon-centre-de-laser-anti-tabac.jpg","width":1179,"height":661},{"@type":"BreadcrumbList","@id":"https:\/\/www.mylasertabac.com\/pt-pt\/como-e-que-escolho-o-centro-laser-anti-tabaco-certo\/#breadcrumb","itemListElement":[{"@type":"ListItem","position":1,"name":"Accueil","item":"https:\/\/www.mylasertabac.com\/pt-pt\/casa\/"},{"@type":"ListItem","position":2,"name":"Como \u00e9 que escolho o centro laser anti-tabaco certo?"}]},{"@type":"WebSite","@id":"https:\/\/www.mylasertabac.com\/pt-pt\/#website","url":"https:\/\/www.mylasertabac.com\/pt-pt\/","name":"My Laser Tabac","description":"La solution laser qui transforme les fumeurs en ex-fumeurs","publisher":{"@id":"https:\/\/www.mylasertabac.com\/pt-pt\/#organization"},"potentialAction":[{"@type":"SearchAction","target":{"@type":"EntryPoint","urlTemplate":"https:\/\/www.mylasertabac.com\/pt-pt\/?s={search_term_string}"},"query-input":{"@type":"PropertyValueSpecification","valueRequired":true,"valueName":"search_term_string"}}],"inLanguage":"pt-PT"},{"@type":"Organization","@id":"https:\/\/www.mylasertabac.com\/pt-pt\/#organization","name":"My Laser Tabac","url":"https:\/\/www.mylasertabac.com\/pt-pt\/","logo":{"@type":"ImageObject","inLanguage":"pt-PT","@id":"https:\/\/www.mylasertabac.com\/pt-pt\/#\/schema\/logo\/image\/","url":"https:\/\/www.mylasertabac.com\/wp-content\/uploads\/2024\/12\/mlt-verteau.svg","contentUrl":"https:\/\/www.mylasertabac.com\/wp-content\/uploads\/2024\/12\/mlt-verteau.svg","caption":"My Laser Tabac"},"image":{"@id":"https:\/\/www.mylasertabac.com\/pt-pt\/#\/schema\/logo\/image\/"}},{"@type":"Person","@id":"https:\/\/www.mylasertabac.com\/pt-pt\/#\/schema\/person\/02c249cb76d912efb6c315ec23eccdf3","name":"Florian Fortes","image":{"@type":"ImageObject","inLanguage":"pt-PT","@id":"https:\/\/www.mylasertabac.com\/wp-content\/litespeed\/avatar\/142101a71d7b9e6490c1120d9c109a67.jpg?ver=1777461116","url":"https:\/\/www.mylasertabac.com\/wp-content\/litespeed\/avatar\/142101a71d7b9e6490c1120d9c109a67.jpg?ver=1777461116","contentUrl":"https:\/\/www.mylasertabac.com\/wp-content\/litespeed\/avatar\/142101a71d7b9e6490c1120d9c109a67.jpg?ver=1777461116","caption":"Florian Fortes"},"sameAs":["https:\/\/www.mylasertabac.com","https:\/\/www.facebook.com\/profile.php?id=61571554707319"],"url":"https:\/\/www.mylasertabac.com\/pt-pt\/author\/florianfortes5312\/"}]}},"_links":{"self":[{"href":"https:\/\/www.mylasertabac.com\/pt-pt\/wp-json\/wp\/v2\/posts\/2629","targetHints":{"allow":["GET"]}}],"collection":[{"href":"https:\/\/www.mylasertabac.com\/pt-pt\/wp-json\/wp\/v2\/posts"}],"about":[{"href":"https:\/\/www.mylasertabac.com\/pt-pt\/wp-json\/wp\/v2\/types\/post"}],"author":[{"embeddable":true,"href":"https:\/\/www.mylasertabac.com\/pt-pt\/wp-json\/wp\/v2\/users\/2"}],"replies":[{"embeddable":true,"href":"https:\/\/www.mylasertabac.com\/pt-pt\/wp-json\/wp\/v2\/comments?post=2629"}],"version-history":[{"count":5,"href":"https:\/\/www.mylasertabac.com\/pt-pt\/wp-json\/wp\/v2\/posts\/2629\/revisions"}],"predecessor-version":[{"id":12631,"href":"https:\/\/www.mylasertabac.com\/pt-pt\/wp-json\/wp\/v2\/posts\/2629\/revisions\/12631"}],"wp:featuredmedia":[{"embeddable":true,"href":"https:\/\/www.mylasertabac.com\/pt-pt\/wp-json\/wp\/v2\/media\/1247"}],"wp:attachment":[{"href":"https:\/\/www.mylasertabac.com\/pt-pt\/wp-json\/wp\/v2\/media?parent=2629"}],"wp:term":[{"taxonomy":"category","embeddable":true,"href":"https:\/\/www.mylasertabac.com\/pt-pt\/wp-json\/wp\/v2\/categories?post=2629"},{"taxonomy":"post_tag","embeddable":true,"href":"https:\/\/www.mylasertabac.com\/pt-pt\/wp-json\/wp\/v2\/tags?post=2629"}],"curies":[{"name":"wp","href":"https:\/\/api.w.org\/{rel}","templated":true}]}}