{"id":3599,"date":"2025-02-03T16:48:54","date_gmt":"2025-02-03T15:48:54","guid":{"rendered":"https:\/\/www.mylasertabac.com\/abertura-do-centro-mylasertabac-em-ales-uma-solucao-eficaz-para-deixar-de-fumar-e-de-se-viciar-definitivamente\/"},"modified":"2025-02-27T20:51:10","modified_gmt":"2025-02-27T19:51:10","slug":"abertura-do-centro-mylasertabac-em-ales-uma-solucao-eficaz-para-deixar-de-fumar-e-de-se-viciar-definitivamente","status":"publish","type":"post","link":"https:\/\/www.mylasertabac.com\/pt-pt\/abertura-do-centro-mylasertabac-em-ales-uma-solucao-eficaz-para-deixar-de-fumar-e-de-se-viciar-definitivamente\/","title":{"rendered":"Abertura do centro MyLaserTabac em Al\u00e8s: uma solu\u00e7\u00e3o eficaz para deixar de fumar e de se viciar definitivamente"},"content":{"rendered":"\n<div style=\"height:30px\" aria-hidden=\"true\" class=\"wp-block-spacer\"><\/div>\n\n<p><\/p>\n\n<p>Boas not\u00edcias para os habitantes do Gard! <strong>MyLaserTabac<\/strong> abre um novo centro em <strong>M\u00e9jeanne-Les-Al\u00e8s<\/strong>, na <strong>zona industrial de Capra<\/strong>. Especializado na <strong>cessa\u00e7\u00e3o tab<\/strong> \u00e1gica e no abandono das depend\u00eancias, o nosso centro prop\u00f5e um m\u00e9todo suave e eficaz para ajudar as pessoas que querem <strong>deixar de fumar<\/strong> e p\u00f4r fim \u00e0 sua <strong>depend\u00eancia do tabaco, da<\/strong> <strong>can\u00e1bis<\/strong>, do <strong>\u00e1lcool<\/strong> e at\u00e9 <strong>do<\/strong> <strong>a\u00e7\u00facar<\/strong>. <\/p>\n\n<p>Se j\u00e1 tentaste deixar de fumar v\u00e1rias vezes sem sucesso, o nosso m\u00e9todo inovador de <strong>laser auricular<\/strong> pode ser a solu\u00e7\u00e3o para ti. Descobre como <strong>o MyLaserTabac<\/strong> te pode ajudar a levar uma vida mais saud\u00e1vel e livre de v\u00edcios. <\/p>\n\n<div style=\"height:26px\" aria-hidden=\"true\" class=\"wp-block-spacer\"><\/div>\n\n<h2 class=\"wp-block-heading\"><strong>Um m\u00e9todo revolucion\u00e1rio para deixar de fumar e para as depend\u00eancias<\/strong><\/h2>\n\n<div style=\"height:19px\" aria-hidden=\"true\" class=\"wp-block-spacer\"><\/div>\n\n<p>Deixar de fumar ou p\u00f4r fim a uma depend\u00eancia pode parecer insuper\u00e1vel. Entre a <strong>falta de for\u00e7a de vontade<\/strong>, <strong>o medo do stress<\/strong> e <strong>os sintomas de abstin\u00eancia<\/strong>, muitos desistem rapidamente. \u00c9 aqui que entra o <strong><a href=\"\">MyLaserTabac<\/a><\/strong>.  <\/p>\n\n<p>O nosso m\u00e9todo baseia-se na <strong>estimula\u00e7\u00e3o a laser dos pontos de acupunctura do ouvido<\/strong>. Este procedimento, derivado da<strong>auriculoterapia<\/strong>, ajuda a reduzir imediatamente <strong>os desejos<\/strong> e <strong>a ansiedade<\/strong>, e melhora <strong>o bem-estar geral<\/strong>. <\/p>\n\n<p>Ao contr\u00e1rio dos substitutos da nicotina ou dos tratamentos medicamentosos, esta abordagem <strong>natural n\u00e3o tem efeitos secund\u00e1rios<\/strong> e actua diretamente nos <strong>receptores cerebrais<\/strong> respons\u00e1veis pela depend\u00eancia, tornando mais f\u00e1cil <strong>deixar de fumar rapidamente e de forma sustent\u00e1vel<\/strong>.<\/p>\n\n<div style=\"height:19px\" aria-hidden=\"true\" class=\"wp-block-spacer\"><\/div>\n\n<figure class=\"wp-block-image size-large\"><img fetchpriority=\"high\" decoding=\"async\" width=\"1024\" height=\"585\" src=\"https:\/\/www.mylasertabac.com\/wp-content\/uploads\/2025\/02\/2773CEC5-B1C0-4250-A3D3-4135CBE37B0F-1-1024x585.png\" alt=\"\" class=\"wp-image-3581\" srcset=\"https:\/\/www.mylasertabac.com\/wp-content\/uploads\/2025\/02\/2773CEC5-B1C0-4250-A3D3-4135CBE37B0F-1-1024x585.png 1024w, https:\/\/www.mylasertabac.com\/wp-content\/uploads\/2025\/02\/2773CEC5-B1C0-4250-A3D3-4135CBE37B0F-1-300x171.png 300w, https:\/\/www.mylasertabac.com\/wp-content\/uploads\/2025\/02\/2773CEC5-B1C0-4250-A3D3-4135CBE37B0F-1-768x439.png 768w, https:\/\/www.mylasertabac.com\/wp-content\/uploads\/2025\/02\/2773CEC5-B1C0-4250-A3D3-4135CBE37B0F-1-1536x878.png 1536w, https:\/\/www.mylasertabac.com\/wp-content\/uploads\/2025\/02\/2773CEC5-B1C0-4250-A3D3-4135CBE37B0F-1.png 1792w\" sizes=\"(max-width: 1024px) 100vw, 1024px\" \/><\/figure>\n\n<div style=\"height:19px\" aria-hidden=\"true\" class=\"wp-block-spacer\"><\/div>\n\n<h2 class=\"wp-block-heading\"><strong>Um centro especializado no tratamento de v\u00e1rias depend\u00eancias<\/strong><\/h2>\n\n<p>Na <strong>MyLaserTabac<\/strong>, sabemos que <strong>o tabaco<\/strong> n\u00e3o \u00e9 a \u00fanica depend\u00eancia que tem impacto na vida quotidiana. \u00c9 por isso que desenvolvemos uma abordagem adaptada a v\u00e1rias formas de depend\u00eancia: <\/p>\n\n<div style=\"height:26px\" aria-hidden=\"true\" class=\"wp-block-spacer\"><\/div>\n\n<h3 class=\"wp-block-heading\"><strong>1. Deixa de fumar &#8211; Deixa de fumar para sempre!<\/strong> \ud83d\udeac<\/h3>\n\n<div style=\"height:19px\" aria-hidden=\"true\" class=\"wp-block-spacer\"><\/div>\n\n<p><strong>O tabagismo<\/strong> \u00e9 uma das <strong>depend\u00eancias mais difundidas<\/strong> em Fran\u00e7a, com milh\u00f5es de fumadores \u00e0 procura de uma forma de <strong>deixar de fumar definitivamente<\/strong>. As nossas sess\u00f5es <strong>de desabitua\u00e7\u00e3o<\/strong> tab\u00e1gica ajudam a<strong>eliminar rapidamente o desejo de fumar<\/strong>, reduzindo ao mesmo tempo os efeitos indesej\u00e1veis da abstin\u00eancia. <\/p>\n\n<div style=\"height:19px\" aria-hidden=\"true\" class=\"wp-block-spacer\"><\/div>\n\n<p>\u2705 <strong>Elimina o desejo de fumar logo na primeira sess\u00e3o<\/strong><br\/>\u2705 <strong>Reduz o stress e a ansiedade associados a deixar de fumar<\/strong><br\/>\u2705 <strong>N\u00e3o ganha peso depois de deixar de fumar<\/strong><\/p>\n\n<div style=\"height:19px\" aria-hidden=\"true\" class=\"wp-block-spacer\"><\/div>\n\n<h3 class=\"wp-block-heading\"><strong>2. Deixa de consumir cannabis &#8211; Recupera uma mente clara e liberta<\/strong> <\/h3>\n\n<div style=\"height:19px\" aria-hidden=\"true\" class=\"wp-block-spacer\"><\/div>\n\n<p><strong>A cannabis<\/strong> pode ser altamente viciante, afectando a concentra\u00e7\u00e3o, o sono e o humor. O nosso m\u00e9todo ajuda a <strong>reduzir a necessidade de consumir<\/strong> e <strong>a aliviar os sintomas de abstin\u00eancia<\/strong> (irritabilidade, ins\u00f3nia, ansiedade). <\/p>\n\n<div style=\"height:19px\" aria-hidden=\"true\" class=\"wp-block-spacer\"><\/div>\n\n<p>\u2705 <strong>Facilita a retirada natural e sem dor<\/strong><br\/>\u2705 <strong>Ajuda a restaurar o equil\u00edbrio mental e emocional<\/strong><\/p>\n\n<div style=\"height:19px\" aria-hidden=\"true\" class=\"wp-block-spacer\"><\/div>\n\n<h3 class=\"wp-block-heading\"><strong>3. Deixar o \u00e1lcool &#8211; Liberta-te dos excessos<\/strong> \ud83c\udf77<\/h3>\n\n<div style=\"height:19px\" aria-hidden=\"true\" class=\"wp-block-spacer\"><\/div>\n\n<p><strong>O alcoolismo<\/strong> \u00e9 uma depend\u00eancia que pode prejudicar rapidamente a sa\u00fade e as rela\u00e7\u00f5es sociais. Utilizando a nossa <strong>t\u00e9cnica de laser auricular<\/strong>, ajudamos os nossos pacientes a <strong>reduzir<\/strong> gradualmente <strong>o seu consumo<\/strong> e a regressar a uma vida mais saud\u00e1vel. <\/p>\n\n<div style=\"height:19px\" aria-hidden=\"true\" class=\"wp-block-spacer\"><\/div>\n\n<p>\u2705 <strong>Reduz o desejo de beber<\/strong><br\/>\u2705 <strong>Ajuda a controlar as compuls\u00f5es relacionadas com o \u00e1lcool<\/strong><\/p>\n\n<div style=\"height:19px\" aria-hidden=\"true\" class=\"wp-block-spacer\"><\/div>\n\n<h3 class=\"wp-block-heading\"><strong>4. P\u00e1ra com o a\u00e7\u00facar &#8211; Reduz os desejos de a\u00e7\u00facar<\/strong> \ud83e\uddc1<\/h3>\n\n<div style=\"height:19px\" aria-hidden=\"true\" class=\"wp-block-spacer\"><\/div>\n\n<p><strong>O a\u00e7\u00facar<\/strong> \u00e9 um v\u00edcio muitas vezes subestimado, mas que desempenha um papel importante no aumento de peso e nas perturba\u00e7\u00f5es metab\u00f3licas. As nossas sess\u00f5es ajudam a <strong>reduzir os desejos de a\u00e7\u00facar<\/strong> e ajudam os nossos pacientes a regressar a uma dieta mais equilibrada. <\/p>\n\n<div style=\"height:19px\" aria-hidden=\"true\" class=\"wp-block-spacer\"><\/div>\n\n<p>\u2705 <strong>Elimina os desejos compulsivos de a\u00e7\u00facar<\/strong><br\/>\u2705 <strong>Ajuda a estabilizar o peso e a melhorar a sa\u00fade<\/strong><\/p>\n\n<div style=\"height:19px\" aria-hidden=\"true\" class=\"wp-block-spacer\"><\/div>\n\n<h2 class=\"wp-block-heading\"><strong>Porqu\u00ea escolher MyLaserTabac em Al\u00e8s?<\/strong><\/h2>\n\n<div style=\"height:19px\" aria-hidden=\"true\" class=\"wp-block-spacer\"><\/div>\n\n<p>Quando escolhes o <a href=\"https:\/\/www.mylasertabac.com\/centres\/ales\/\"><strong>MyLaserTabac<\/strong> em Ales para deixar de fumar e para o tratamento da depend\u00eancia<\/a>, beneficias de :<\/p>\n\n<div style=\"height:19px\" aria-hidden=\"true\" class=\"wp-block-spacer\"><\/div>\n\n<p><br\/><br\/><br\/>U <strong>m m\u00e9todo natural sem efeitos secund\u00e1rios<\/strong> \u2714<strong>Um acompanhamento personalizado e adaptado \u00e0s tuas necessidades<\/strong> \u2714<strong>Uma elevada taxa de sucesso desde a primeira sess\u00e3o<\/strong> \u2714<strong>Um centro profissional na vanguarda dos \u00faltimos avan\u00e7os da auriculoterapia<\/strong><\/p>\n\n<div style=\"height:19px\" aria-hidden=\"true\" class=\"wp-block-spacer\"><\/div>\n\n<p>O nosso <strong>novo centro em M\u00e9jeanne-le-Les-Al\u00e8s<\/strong>, na <strong>zona industrial de Capra<\/strong>, \u00e9 de <strong>f\u00e1cil acesso<\/strong> e foi concebido para proporcionar um <strong>ambiente profissional e relaxante<\/strong> a todos aqueles que querem libertar-se das suas depend\u00eancias.<\/p>\n\n<div style=\"height:19px\" aria-hidden=\"true\" class=\"wp-block-spacer\"><\/div>\n\n<h2 class=\"wp-block-heading\"><strong>Marca uma consulta hoje!<\/strong>  \ud83d\uddd3\ufe0f<\/h2>\n\n<div style=\"height:19px\" aria-hidden=\"true\" class=\"wp-block-spacer\"><\/div>\n\n<p>Se queres <strong>deixar de fumar<\/strong>, dizer <strong>adeus ao tabaco<\/strong> ou livrar-te da <strong>depend\u00eancia da can\u00e1bis, do \u00e1lcool ou do a\u00e7\u00facar<\/strong>, a nossa equipa est\u00e1 pronta para te apoiar.<\/p>\n\n<p>\ud83d\udcde <strong>Contacta-nos agora<\/strong> para marcares a tua sess\u00e3o e come\u00e7ares a tua nova vida <strong>livre de depend\u00eancias<\/strong>.<\/p>\n\n<p>\ud83d\udd39 <strong>MyLaserTabac &#8211; A solu\u00e7\u00e3o suave e eficaz para uma abstin\u00eancia duradoura!<\/strong><\/p>\n\n<div style=\"height:24px\" aria-hidden=\"true\" class=\"wp-block-spacer\"><\/div>\n\n<h3 class=\"wp-block-heading\">\ud83d\udcfa Os meios de comunica\u00e7\u00e3o social est\u00e3o a falar de Mylasertabac :<\/h3>\n\n<p><a href=\"https:\/\/sinactiv.fr\/blogs\/divers\/arret-tabac-laser\">sinactiv.fr<\/a>, <a href=\"https:\/\/www.naturopat.fr\/comment-arreter-de-fumer-facilement-grace-au-laser\/\">naturopat.fr<\/a>, <a href=\"https:\/\/sante-et-beaute.fr\/pourquoi-arreter-de-fumer-en-2025\/\">sante-et-beaute.fr<\/a>, <a href=\"https:\/\/monparrainsante.com\/pourquoi-arreter-de-fumer-en-2025\/\">monparrainsante.com<\/a><a href=\"https:\/\/www.hypnoandco.com\/arreter-de-fumer-laser\/\">,hypnoandco.com,<\/a><a href=\"https:\/\/l-hexagone.fr\/bien-etre-sante\/pourquoi-arreter-de-fumer-en-2025-est-une-decision-essentielle\/\">l-hexagone.fr<\/a>, <a href=\"https:\/\/www.mondentistechampigny.fr\/soins-dentaires\/effets-tabagisme-dents\/\">mondentistechampigny.fr<\/a>, <a href=\"https:\/\/france-pharmacies.fr\/pourquoi-il-est-important-darreter-de-fumer-en-2025\/\">france-pharmacies.fr<\/a>, <a href=\"https:\/\/www.santeplusmag.com\/111129505-pourquoi-arreter-de-fumer-en-2025-articles-partenaires\/\">santeplusmag.com<\/a>, <a href=\"https:\/\/www.topdents.com\/pourquoi-la-cigarette-abime-les-dents\/\">topdents.com<\/a><\/p>\n\n<div style=\"height:23px\" aria-hidden=\"true\" class=\"wp-block-spacer\"><\/div>\n\n<figure class=\"wp-block-image size-large\"><img decoding=\"async\" src=\"https:\/\/www.mylasertabac.com\/wp-content\/uploads\/\/mlt-verteau.svg\" alt=\"\" class=\"wp-image-13\"\/><\/figure>\n\n<div style=\"height:19px\" aria-hidden=\"true\" class=\"wp-block-spacer\"><\/div>\n","protected":false},"excerpt":{"rendered":"<p>Boas not\u00edcias para os habitantes do Gard! MyLaserTabac abre um novo centro em M\u00e9jeanne-Les-Al\u00e8s, na zona industrial de Capra. Especializado na cessa\u00e7\u00e3o tab \u00e1gica e no abandono das depend\u00eancias, o nosso centro prop\u00f5e um m\u00e9todo suave e eficaz para ajudar as pessoas que querem deixar de fumar e p\u00f4r fim \u00e0 sua depend\u00eancia do tabaco, [&hellip;]<\/p>\n","protected":false},"author":2,"featured_media":3587,"comment_status":"closed","ping_status":"open","sticky":false,"template":"","format":"standard","meta":{"inline_featured_image":false,"footnotes":""},"categories":[251],"tags":[128],"class_list":["post-3599","post","type-post","status-publish","format-standard","has-post-thumbnail","hentry","category-centro-laser-anti-tabagismo","tag-laser-anti-tabaco"],"yoast_head":"<!-- This site is optimized with the Yoast SEO plugin v27.4 - https:\/\/yoast.com\/product\/yoast-seo-wordpress\/ -->\n<title>Abertura do centro MyLaserTabac em Al\u00e8s: uma solu\u00e7\u00e3o eficaz para deixar de fumar e de se viciar definitivamente - My Laser Tabac<\/title>\n<meta name=\"description\" content=\"Queres deixar de fumar ou livrar-te da tua depend\u00eancia da can\u00e1bis, do \u00e1lcool ou do a\u00e7\u00facar. Mylasertabac abre as suas portas em Mejanne les Ales 30340\" \/>\n<meta name=\"robots\" content=\"index, follow, max-snippet:-1, max-image-preview:large, max-video-preview:-1\" \/>\n<link rel=\"canonical\" href=\"https:\/\/www.mylasertabac.com\/pt-pt\/abertura-do-centro-mylasertabac-em-ales-uma-solucao-eficaz-para-deixar-de-fumar-e-de-se-viciar-definitivamente\/\" \/>\n<meta property=\"og:locale\" content=\"pt_PT\" \/>\n<meta property=\"og:type\" content=\"article\" \/>\n<meta property=\"og:title\" content=\"Abertura do centro MyLaserTabac em Al\u00e8s: uma solu\u00e7\u00e3o eficaz para deixar de fumar e de se viciar definitivamente - My Laser Tabac\" \/>\n<meta property=\"og:description\" content=\"Queres deixar de fumar ou livrar-te da tua depend\u00eancia da can\u00e1bis, do \u00e1lcool ou do a\u00e7\u00facar. Mylasertabac abre as suas portas em Mejanne les Ales 30340\" \/>\n<meta property=\"og:url\" content=\"https:\/\/www.mylasertabac.com\/pt-pt\/abertura-do-centro-mylasertabac-em-ales-uma-solucao-eficaz-para-deixar-de-fumar-e-de-se-viciar-definitivamente\/\" \/>\n<meta property=\"og:site_name\" content=\"My Laser Tabac\" \/>\n<meta property=\"article:author\" content=\"https:\/\/www.facebook.com\/profile.php?id=61571554707319\" \/>\n<meta property=\"article:published_time\" content=\"2025-02-03T15:48:54+00:00\" \/>\n<meta property=\"article:modified_time\" content=\"2025-02-27T19:51:10+00:00\" \/>\n<meta property=\"og:image\" content=\"https:\/\/www.mylasertabac.com\/wp-content\/uploads\/2025\/02\/2773CEC5-B1C0-4250-A3D3-4135CBE37B0F-1-1024x585.png\" \/>\n\t<meta property=\"og:image:width\" content=\"1024\" \/>\n\t<meta property=\"og:image:height\" content=\"585\" \/>\n\t<meta property=\"og:image:type\" content=\"image\/png\" \/>\n<meta name=\"author\" content=\"Florian Fortes\" \/>\n<meta name=\"twitter:card\" content=\"summary_large_image\" \/>\n<meta name=\"twitter:label1\" content=\"Escrito por\" \/>\n\t<meta name=\"twitter:data1\" content=\"Florian Fortes\" \/>\n\t<meta name=\"twitter:label2\" content=\"Tempo estimado de leitura\" \/>\n\t<meta name=\"twitter:data2\" content=\"4 minutos\" \/>\n<script type=\"application\/ld+json\" class=\"yoast-schema-graph\">{\"@context\":\"https:\\\/\\\/schema.org\",\"@graph\":[{\"@type\":\"Article\",\"@id\":\"https:\\\/\\\/www.mylasertabac.com\\\/pt-pt\\\/abertura-do-centro-mylasertabac-em-ales-uma-solucao-eficaz-para-deixar-de-fumar-e-de-se-viciar-definitivamente\\\/#article\",\"isPartOf\":{\"@id\":\"https:\\\/\\\/www.mylasertabac.com\\\/pt-pt\\\/abertura-do-centro-mylasertabac-em-ales-uma-solucao-eficaz-para-deixar-de-fumar-e-de-se-viciar-definitivamente\\\/\"},\"author\":{\"name\":\"Florian Fortes\",\"@id\":\"https:\\\/\\\/www.mylasertabac.com\\\/pt-pt\\\/#\\\/schema\\\/person\\\/02c249cb76d912efb6c315ec23eccdf3\"},\"headline\":\"Abertura do centro MyLaserTabac em Al\u00e8s: uma solu\u00e7\u00e3o eficaz para deixar de fumar e de se viciar definitivamente\",\"datePublished\":\"2025-02-03T15:48:54+00:00\",\"dateModified\":\"2025-02-27T19:51:10+00:00\",\"mainEntityOfPage\":{\"@id\":\"https:\\\/\\\/www.mylasertabac.com\\\/pt-pt\\\/abertura-do-centro-mylasertabac-em-ales-uma-solucao-eficaz-para-deixar-de-fumar-e-de-se-viciar-definitivamente\\\/\"},\"wordCount\":814,\"publisher\":{\"@id\":\"https:\\\/\\\/www.mylasertabac.com\\\/pt-pt\\\/#organization\"},\"image\":{\"@id\":\"https:\\\/\\\/www.mylasertabac.com\\\/pt-pt\\\/abertura-do-centro-mylasertabac-em-ales-uma-solucao-eficaz-para-deixar-de-fumar-e-de-se-viciar-definitivamente\\\/#primaryimage\"},\"thumbnailUrl\":\"https:\\\/\\\/www.mylasertabac.com\\\/wp-content\\\/uploads\\\/2025\\\/02\\\/2773CEC5-B1C0-4250-A3D3-4135CBE37B0F-1.png\",\"keywords\":[\"Laser anti-tabaco\"],\"articleSection\":[\"Centro laser anti-tabagismo\"],\"inLanguage\":\"pt-PT\"},{\"@type\":\"WebPage\",\"@id\":\"https:\\\/\\\/www.mylasertabac.com\\\/pt-pt\\\/abertura-do-centro-mylasertabac-em-ales-uma-solucao-eficaz-para-deixar-de-fumar-e-de-se-viciar-definitivamente\\\/\",\"url\":\"https:\\\/\\\/www.mylasertabac.com\\\/pt-pt\\\/abertura-do-centro-mylasertabac-em-ales-uma-solucao-eficaz-para-deixar-de-fumar-e-de-se-viciar-definitivamente\\\/\",\"name\":\"Abertura do centro MyLaserTabac em Al\u00e8s: uma solu\u00e7\u00e3o eficaz para deixar de fumar e de se viciar definitivamente - My Laser Tabac\",\"isPartOf\":{\"@id\":\"https:\\\/\\\/www.mylasertabac.com\\\/pt-pt\\\/#website\"},\"primaryImageOfPage\":{\"@id\":\"https:\\\/\\\/www.mylasertabac.com\\\/pt-pt\\\/abertura-do-centro-mylasertabac-em-ales-uma-solucao-eficaz-para-deixar-de-fumar-e-de-se-viciar-definitivamente\\\/#primaryimage\"},\"image\":{\"@id\":\"https:\\\/\\\/www.mylasertabac.com\\\/pt-pt\\\/abertura-do-centro-mylasertabac-em-ales-uma-solucao-eficaz-para-deixar-de-fumar-e-de-se-viciar-definitivamente\\\/#primaryimage\"},\"thumbnailUrl\":\"https:\\\/\\\/www.mylasertabac.com\\\/wp-content\\\/uploads\\\/2025\\\/02\\\/2773CEC5-B1C0-4250-A3D3-4135CBE37B0F-1.png\",\"datePublished\":\"2025-02-03T15:48:54+00:00\",\"dateModified\":\"2025-02-27T19:51:10+00:00\",\"description\":\"Queres deixar de fumar ou livrar-te da tua depend\u00eancia da can\u00e1bis, do \u00e1lcool ou do a\u00e7\u00facar. Mylasertabac abre as suas portas em Mejanne les Ales 30340\",\"breadcrumb\":{\"@id\":\"https:\\\/\\\/www.mylasertabac.com\\\/pt-pt\\\/abertura-do-centro-mylasertabac-em-ales-uma-solucao-eficaz-para-deixar-de-fumar-e-de-se-viciar-definitivamente\\\/#breadcrumb\"},\"inLanguage\":\"pt-PT\",\"potentialAction\":[{\"@type\":\"ReadAction\",\"target\":[\"https:\\\/\\\/www.mylasertabac.com\\\/pt-pt\\\/abertura-do-centro-mylasertabac-em-ales-uma-solucao-eficaz-para-deixar-de-fumar-e-de-se-viciar-definitivamente\\\/\"]}]},{\"@type\":\"ImageObject\",\"inLanguage\":\"pt-PT\",\"@id\":\"https:\\\/\\\/www.mylasertabac.com\\\/pt-pt\\\/abertura-do-centro-mylasertabac-em-ales-uma-solucao-eficaz-para-deixar-de-fumar-e-de-se-viciar-definitivamente\\\/#primaryimage\",\"url\":\"https:\\\/\\\/www.mylasertabac.com\\\/wp-content\\\/uploads\\\/2025\\\/02\\\/2773CEC5-B1C0-4250-A3D3-4135CBE37B0F-1.png\",\"contentUrl\":\"https:\\\/\\\/www.mylasertabac.com\\\/wp-content\\\/uploads\\\/2025\\\/02\\\/2773CEC5-B1C0-4250-A3D3-4135CBE37B0F-1.png\",\"width\":1792,\"height\":1024},{\"@type\":\"BreadcrumbList\",\"@id\":\"https:\\\/\\\/www.mylasertabac.com\\\/pt-pt\\\/abertura-do-centro-mylasertabac-em-ales-uma-solucao-eficaz-para-deixar-de-fumar-e-de-se-viciar-definitivamente\\\/#breadcrumb\",\"itemListElement\":[{\"@type\":\"ListItem\",\"position\":1,\"name\":\"Accueil\",\"item\":\"https:\\\/\\\/www.mylasertabac.com\\\/pt-pt\\\/casa\\\/\"},{\"@type\":\"ListItem\",\"position\":2,\"name\":\"Abertura do centro MyLaserTabac em Al\u00e8s: uma solu\u00e7\u00e3o eficaz para deixar de fumar e de se viciar definitivamente\"}]},{\"@type\":\"WebSite\",\"@id\":\"https:\\\/\\\/www.mylasertabac.com\\\/pt-pt\\\/#website\",\"url\":\"https:\\\/\\\/www.mylasertabac.com\\\/pt-pt\\\/\",\"name\":\"My Laser Tabac\",\"description\":\"La solution laser qui transforme les fumeurs en ex-fumeurs\",\"publisher\":{\"@id\":\"https:\\\/\\\/www.mylasertabac.com\\\/pt-pt\\\/#organization\"},\"potentialAction\":[{\"@type\":\"SearchAction\",\"target\":{\"@type\":\"EntryPoint\",\"urlTemplate\":\"https:\\\/\\\/www.mylasertabac.com\\\/pt-pt\\\/?s={search_term_string}\"},\"query-input\":{\"@type\":\"PropertyValueSpecification\",\"valueRequired\":true,\"valueName\":\"search_term_string\"}}],\"inLanguage\":\"pt-PT\"},{\"@type\":\"Organization\",\"@id\":\"https:\\\/\\\/www.mylasertabac.com\\\/pt-pt\\\/#organization\",\"name\":\"My Laser Tabac\",\"url\":\"https:\\\/\\\/www.mylasertabac.com\\\/pt-pt\\\/\",\"logo\":{\"@type\":\"ImageObject\",\"inLanguage\":\"pt-PT\",\"@id\":\"https:\\\/\\\/www.mylasertabac.com\\\/pt-pt\\\/#\\\/schema\\\/logo\\\/image\\\/\",\"url\":\"https:\\\/\\\/www.mylasertabac.com\\\/wp-content\\\/uploads\\\/2024\\\/12\\\/mlt-verteau.svg\",\"contentUrl\":\"https:\\\/\\\/www.mylasertabac.com\\\/wp-content\\\/uploads\\\/2024\\\/12\\\/mlt-verteau.svg\",\"caption\":\"My Laser Tabac\"},\"image\":{\"@id\":\"https:\\\/\\\/www.mylasertabac.com\\\/pt-pt\\\/#\\\/schema\\\/logo\\\/image\\\/\"}},{\"@type\":\"Person\",\"@id\":\"https:\\\/\\\/www.mylasertabac.com\\\/pt-pt\\\/#\\\/schema\\\/person\\\/02c249cb76d912efb6c315ec23eccdf3\",\"name\":\"Florian Fortes\",\"image\":{\"@type\":\"ImageObject\",\"inLanguage\":\"pt-PT\",\"@id\":\"https:\\\/\\\/www.mylasertabac.com\\\/wp-content\\\/litespeed\\\/avatar\\\/142101a71d7b9e6490c1120d9c109a67.jpg?ver=1776856306\",\"url\":\"https:\\\/\\\/www.mylasertabac.com\\\/wp-content\\\/litespeed\\\/avatar\\\/142101a71d7b9e6490c1120d9c109a67.jpg?ver=1776856306\",\"contentUrl\":\"https:\\\/\\\/www.mylasertabac.com\\\/wp-content\\\/litespeed\\\/avatar\\\/142101a71d7b9e6490c1120d9c109a67.jpg?ver=1776856306\",\"caption\":\"Florian Fortes\"},\"sameAs\":[\"https:\\\/\\\/www.mylasertabac.com\",\"https:\\\/\\\/www.facebook.com\\\/profile.php?id=61571554707319\"],\"url\":\"https:\\\/\\\/www.mylasertabac.com\\\/pt-pt\\\/author\\\/florianfortes5312\\\/\"}]}<\/script>\n<!-- \/ Yoast SEO plugin. -->","yoast_head_json":{"title":"Abertura do centro MyLaserTabac em Al\u00e8s: uma solu\u00e7\u00e3o eficaz para deixar de fumar e de se viciar definitivamente - My Laser Tabac","description":"Queres deixar de fumar ou livrar-te da tua depend\u00eancia da can\u00e1bis, do \u00e1lcool ou do a\u00e7\u00facar. Mylasertabac abre as suas portas em Mejanne les Ales 30340","robots":{"index":"index","follow":"follow","max-snippet":"max-snippet:-1","max-image-preview":"max-image-preview:large","max-video-preview":"max-video-preview:-1"},"canonical":"https:\/\/www.mylasertabac.com\/pt-pt\/abertura-do-centro-mylasertabac-em-ales-uma-solucao-eficaz-para-deixar-de-fumar-e-de-se-viciar-definitivamente\/","og_locale":"pt_PT","og_type":"article","og_title":"Abertura do centro MyLaserTabac em Al\u00e8s: uma solu\u00e7\u00e3o eficaz para deixar de fumar e de se viciar definitivamente - My Laser Tabac","og_description":"Queres deixar de fumar ou livrar-te da tua depend\u00eancia da can\u00e1bis, do \u00e1lcool ou do a\u00e7\u00facar. Mylasertabac abre as suas portas em Mejanne les Ales 30340","og_url":"https:\/\/www.mylasertabac.com\/pt-pt\/abertura-do-centro-mylasertabac-em-ales-uma-solucao-eficaz-para-deixar-de-fumar-e-de-se-viciar-definitivamente\/","og_site_name":"My Laser Tabac","article_author":"https:\/\/www.facebook.com\/profile.php?id=61571554707319","article_published_time":"2025-02-03T15:48:54+00:00","article_modified_time":"2025-02-27T19:51:10+00:00","og_image":[{"width":1024,"height":585,"url":"https:\/\/www.mylasertabac.com\/wp-content\/uploads\/2025\/02\/2773CEC5-B1C0-4250-A3D3-4135CBE37B0F-1-1024x585.png","type":"image\/png"}],"author":"Florian Fortes","twitter_card":"summary_large_image","twitter_misc":{"Escrito por":"Florian Fortes","Tempo estimado de leitura":"4 minutos"},"schema":{"@context":"https:\/\/schema.org","@graph":[{"@type":"Article","@id":"https:\/\/www.mylasertabac.com\/pt-pt\/abertura-do-centro-mylasertabac-em-ales-uma-solucao-eficaz-para-deixar-de-fumar-e-de-se-viciar-definitivamente\/#article","isPartOf":{"@id":"https:\/\/www.mylasertabac.com\/pt-pt\/abertura-do-centro-mylasertabac-em-ales-uma-solucao-eficaz-para-deixar-de-fumar-e-de-se-viciar-definitivamente\/"},"author":{"name":"Florian Fortes","@id":"https:\/\/www.mylasertabac.com\/pt-pt\/#\/schema\/person\/02c249cb76d912efb6c315ec23eccdf3"},"headline":"Abertura do centro MyLaserTabac em Al\u00e8s: uma solu\u00e7\u00e3o eficaz para deixar de fumar e de se viciar definitivamente","datePublished":"2025-02-03T15:48:54+00:00","dateModified":"2025-02-27T19:51:10+00:00","mainEntityOfPage":{"@id":"https:\/\/www.mylasertabac.com\/pt-pt\/abertura-do-centro-mylasertabac-em-ales-uma-solucao-eficaz-para-deixar-de-fumar-e-de-se-viciar-definitivamente\/"},"wordCount":814,"publisher":{"@id":"https:\/\/www.mylasertabac.com\/pt-pt\/#organization"},"image":{"@id":"https:\/\/www.mylasertabac.com\/pt-pt\/abertura-do-centro-mylasertabac-em-ales-uma-solucao-eficaz-para-deixar-de-fumar-e-de-se-viciar-definitivamente\/#primaryimage"},"thumbnailUrl":"https:\/\/www.mylasertabac.com\/wp-content\/uploads\/2025\/02\/2773CEC5-B1C0-4250-A3D3-4135CBE37B0F-1.png","keywords":["Laser anti-tabaco"],"articleSection":["Centro laser anti-tabagismo"],"inLanguage":"pt-PT"},{"@type":"WebPage","@id":"https:\/\/www.mylasertabac.com\/pt-pt\/abertura-do-centro-mylasertabac-em-ales-uma-solucao-eficaz-para-deixar-de-fumar-e-de-se-viciar-definitivamente\/","url":"https:\/\/www.mylasertabac.com\/pt-pt\/abertura-do-centro-mylasertabac-em-ales-uma-solucao-eficaz-para-deixar-de-fumar-e-de-se-viciar-definitivamente\/","name":"Abertura do centro MyLaserTabac em Al\u00e8s: uma solu\u00e7\u00e3o eficaz para deixar de fumar e de se viciar definitivamente - My Laser Tabac","isPartOf":{"@id":"https:\/\/www.mylasertabac.com\/pt-pt\/#website"},"primaryImageOfPage":{"@id":"https:\/\/www.mylasertabac.com\/pt-pt\/abertura-do-centro-mylasertabac-em-ales-uma-solucao-eficaz-para-deixar-de-fumar-e-de-se-viciar-definitivamente\/#primaryimage"},"image":{"@id":"https:\/\/www.mylasertabac.com\/pt-pt\/abertura-do-centro-mylasertabac-em-ales-uma-solucao-eficaz-para-deixar-de-fumar-e-de-se-viciar-definitivamente\/#primaryimage"},"thumbnailUrl":"https:\/\/www.mylasertabac.com\/wp-content\/uploads\/2025\/02\/2773CEC5-B1C0-4250-A3D3-4135CBE37B0F-1.png","datePublished":"2025-02-03T15:48:54+00:00","dateModified":"2025-02-27T19:51:10+00:00","description":"Queres deixar de fumar ou livrar-te da tua depend\u00eancia da can\u00e1bis, do \u00e1lcool ou do a\u00e7\u00facar. Mylasertabac abre as suas portas em Mejanne les Ales 30340","breadcrumb":{"@id":"https:\/\/www.mylasertabac.com\/pt-pt\/abertura-do-centro-mylasertabac-em-ales-uma-solucao-eficaz-para-deixar-de-fumar-e-de-se-viciar-definitivamente\/#breadcrumb"},"inLanguage":"pt-PT","potentialAction":[{"@type":"ReadAction","target":["https:\/\/www.mylasertabac.com\/pt-pt\/abertura-do-centro-mylasertabac-em-ales-uma-solucao-eficaz-para-deixar-de-fumar-e-de-se-viciar-definitivamente\/"]}]},{"@type":"ImageObject","inLanguage":"pt-PT","@id":"https:\/\/www.mylasertabac.com\/pt-pt\/abertura-do-centro-mylasertabac-em-ales-uma-solucao-eficaz-para-deixar-de-fumar-e-de-se-viciar-definitivamente\/#primaryimage","url":"https:\/\/www.mylasertabac.com\/wp-content\/uploads\/2025\/02\/2773CEC5-B1C0-4250-A3D3-4135CBE37B0F-1.png","contentUrl":"https:\/\/www.mylasertabac.com\/wp-content\/uploads\/2025\/02\/2773CEC5-B1C0-4250-A3D3-4135CBE37B0F-1.png","width":1792,"height":1024},{"@type":"BreadcrumbList","@id":"https:\/\/www.mylasertabac.com\/pt-pt\/abertura-do-centro-mylasertabac-em-ales-uma-solucao-eficaz-para-deixar-de-fumar-e-de-se-viciar-definitivamente\/#breadcrumb","itemListElement":[{"@type":"ListItem","position":1,"name":"Accueil","item":"https:\/\/www.mylasertabac.com\/pt-pt\/casa\/"},{"@type":"ListItem","position":2,"name":"Abertura do centro MyLaserTabac em Al\u00e8s: uma solu\u00e7\u00e3o eficaz para deixar de fumar e de se viciar definitivamente"}]},{"@type":"WebSite","@id":"https:\/\/www.mylasertabac.com\/pt-pt\/#website","url":"https:\/\/www.mylasertabac.com\/pt-pt\/","name":"My Laser Tabac","description":"La solution laser qui transforme les fumeurs en ex-fumeurs","publisher":{"@id":"https:\/\/www.mylasertabac.com\/pt-pt\/#organization"},"potentialAction":[{"@type":"SearchAction","target":{"@type":"EntryPoint","urlTemplate":"https:\/\/www.mylasertabac.com\/pt-pt\/?s={search_term_string}"},"query-input":{"@type":"PropertyValueSpecification","valueRequired":true,"valueName":"search_term_string"}}],"inLanguage":"pt-PT"},{"@type":"Organization","@id":"https:\/\/www.mylasertabac.com\/pt-pt\/#organization","name":"My Laser Tabac","url":"https:\/\/www.mylasertabac.com\/pt-pt\/","logo":{"@type":"ImageObject","inLanguage":"pt-PT","@id":"https:\/\/www.mylasertabac.com\/pt-pt\/#\/schema\/logo\/image\/","url":"https:\/\/www.mylasertabac.com\/wp-content\/uploads\/2024\/12\/mlt-verteau.svg","contentUrl":"https:\/\/www.mylasertabac.com\/wp-content\/uploads\/2024\/12\/mlt-verteau.svg","caption":"My Laser Tabac"},"image":{"@id":"https:\/\/www.mylasertabac.com\/pt-pt\/#\/schema\/logo\/image\/"}},{"@type":"Person","@id":"https:\/\/www.mylasertabac.com\/pt-pt\/#\/schema\/person\/02c249cb76d912efb6c315ec23eccdf3","name":"Florian Fortes","image":{"@type":"ImageObject","inLanguage":"pt-PT","@id":"https:\/\/www.mylasertabac.com\/wp-content\/litespeed\/avatar\/142101a71d7b9e6490c1120d9c109a67.jpg?ver=1776856306","url":"https:\/\/www.mylasertabac.com\/wp-content\/litespeed\/avatar\/142101a71d7b9e6490c1120d9c109a67.jpg?ver=1776856306","contentUrl":"https:\/\/www.mylasertabac.com\/wp-content\/litespeed\/avatar\/142101a71d7b9e6490c1120d9c109a67.jpg?ver=1776856306","caption":"Florian Fortes"},"sameAs":["https:\/\/www.mylasertabac.com","https:\/\/www.facebook.com\/profile.php?id=61571554707319"],"url":"https:\/\/www.mylasertabac.com\/pt-pt\/author\/florianfortes5312\/"}]}},"_links":{"self":[{"href":"https:\/\/www.mylasertabac.com\/pt-pt\/wp-json\/wp\/v2\/posts\/3599","targetHints":{"allow":["GET"]}}],"collection":[{"href":"https:\/\/www.mylasertabac.com\/pt-pt\/wp-json\/wp\/v2\/posts"}],"about":[{"href":"https:\/\/www.mylasertabac.com\/pt-pt\/wp-json\/wp\/v2\/types\/post"}],"author":[{"embeddable":true,"href":"https:\/\/www.mylasertabac.com\/pt-pt\/wp-json\/wp\/v2\/users\/2"}],"replies":[{"embeddable":true,"href":"https:\/\/www.mylasertabac.com\/pt-pt\/wp-json\/wp\/v2\/comments?post=3599"}],"version-history":[{"count":5,"href":"https:\/\/www.mylasertabac.com\/pt-pt\/wp-json\/wp\/v2\/posts\/3599\/revisions"}],"predecessor-version":[{"id":3631,"href":"https:\/\/www.mylasertabac.com\/pt-pt\/wp-json\/wp\/v2\/posts\/3599\/revisions\/3631"}],"wp:featuredmedia":[{"embeddable":true,"href":"https:\/\/www.mylasertabac.com\/pt-pt\/wp-json\/wp\/v2\/media\/3587"}],"wp:attachment":[{"href":"https:\/\/www.mylasertabac.com\/pt-pt\/wp-json\/wp\/v2\/media?parent=3599"}],"wp:term":[{"taxonomy":"category","embeddable":true,"href":"https:\/\/www.mylasertabac.com\/pt-pt\/wp-json\/wp\/v2\/categories?post=3599"},{"taxonomy":"post_tag","embeddable":true,"href":"https:\/\/www.mylasertabac.com\/pt-pt\/wp-json\/wp\/v2\/tags?post=3599"}],"curies":[{"name":"wp","href":"https:\/\/api.w.org\/{rel}","templated":true}]}}