{"id":3980,"date":"2025-02-11T10:10:52","date_gmt":"2025-02-11T09:10:52","guid":{"rendered":"https:\/\/www.mylasertabac.com\/que-paises-adoptaram-politicas-para-combater-a-poluicao-provocada-pelo-tabaco\/"},"modified":"2025-02-24T21:55:31","modified_gmt":"2025-02-24T20:55:31","slug":"que-paises-adoptaram-politicas-para-combater-a-poluicao-provocada-pelo-tabaco","status":"publish","type":"post","link":"https:\/\/www.mylasertabac.com\/pt-pt\/que-paises-adoptaram-politicas-para-combater-a-poluicao-provocada-pelo-tabaco\/","title":{"rendered":"Que pa\u00edses adoptaram pol\u00edticas para combater a polui\u00e7\u00e3o provocada pelo tabaco?"},"content":{"rendered":"\n<p>O tabaco, embora estreitamente associado a problemas de sa\u00fade p\u00fablica, \u00e9 tamb\u00e9m uma importante fonte de polui\u00e7\u00e3o que afecta o solo, o ar e os oceanos. O consumo de cigarros e os res\u00edduos que gera, como as pontas de cigarro e as embalagens, agravam os problemas ambientais e colocam desafios \u00e0s pol\u00edticas de gest\u00e3o de res\u00edduos. Face a esta situa\u00e7\u00e3o, alguns pa\u00edses adoptaram medidas ambiciosas para reduzir o impacto ambiental do<a href=\"https:\/\/www.mylasertabac.com\/pt-pt\/o-que-e-o-tabaco\/\"> tabaco<\/a> e proteger as suas popula\u00e7\u00f5es. Neste artigo, analisamos as iniciativas anti-tabaco em todo o mundo e o seu impacto na polui\u00e7\u00e3o.   <\/p>\n\n<div style=\"height:22px\" aria-hidden=\"true\" class=\"wp-block-spacer\"><\/div>\n\n<h2 class=\"wp-block-heading\"><strong>A necessidade urgente de tomar medidas contra a polui\u00e7\u00e3o relacionada com o tabaco<\/strong><\/h2>\n\n<div style=\"height:22px\" aria-hidden=\"true\" class=\"wp-block-spacer\"><\/div>\n\n<h3 class=\"wp-block-heading\"><strong>Os efeitos combinados do tabaco na sa\u00fade e no ambiente<\/strong><\/h3>\n\n<div style=\"height:22px\" aria-hidden=\"true\" class=\"wp-block-spacer\"><\/div>\n\n<p>O tabagismo \u00e9 respons\u00e1vel por milh\u00f5es de mortes em todo o mundo todos os anos. No entanto, as suas consequ\u00eancias v\u00e3o muito al\u00e9m dos riscos para a sa\u00fade dos fumadores. Os produtos do tabaco, nomeadamente as pontas de cigarro, cont\u00eam subst\u00e2ncias t\u00f3xicas que contaminam o solo, a \u00e1gua e o ar. Os filtros de cigarro, que s\u00e3o principalmente feitos de pl\u00e1stico, demoram v\u00e1rias d\u00e9cadas a decompor-se. Uma vez descartados na natureza, libertam subst\u00e2ncias qu\u00edmicas como o chumbo, o ars\u00e9nico e a nicotina, pondo em perigo os ecossistemas terrestres e marinhos. A legisla\u00e7\u00e3o ambiental deveria incluir medidas mais rigorosas para limitar estes efeitos nocivos.     <\/p>\n\n<p>A Organiza\u00e7\u00e3o Mundial de Sa\u00fade (OMS) salienta que o tabaco \u00e9 um dos principais contribuintes para a desfloresta\u00e7\u00e3o, devido \u00e0s terras necess\u00e1rias para o seu cultivo e aos processos de cura das folhas. A ind\u00fastria contribui igualmente para as emiss\u00f5es de gases com efeito de estufa em todas as fases da cadeia de produ\u00e7\u00e3o e de distribui\u00e7\u00e3o. Neste contexto, \u00e9 necess\u00e1ria uma a\u00e7\u00e3o internacional coordenada para reduzir este impacto.  <\/p>\n\n<div style=\"height:36px\" aria-hidden=\"true\" class=\"wp-block-spacer\"><\/div>\n\n<figure class=\"wp-block-image alignright size-full is-resized\"><img fetchpriority=\"high\" decoding=\"async\" width=\"1024\" height=\"1024\" src=\"https:\/\/www.mylasertabac.com\/wp-content\/uploads\/2025\/01\/F9402960-9972-49C1-96FA-2C62DE6C51B0.png\" alt=\"\" class=\"wp-image-1192\" style=\"width:582px;height:auto\" srcset=\"https:\/\/www.mylasertabac.com\/wp-content\/uploads\/2025\/01\/F9402960-9972-49C1-96FA-2C62DE6C51B0.png 1024w, https:\/\/www.mylasertabac.com\/wp-content\/uploads\/2025\/01\/F9402960-9972-49C1-96FA-2C62DE6C51B0-300x300.png 300w, https:\/\/www.mylasertabac.com\/wp-content\/uploads\/2025\/01\/F9402960-9972-49C1-96FA-2C62DE6C51B0-150x150.png 150w, https:\/\/www.mylasertabac.com\/wp-content\/uploads\/2025\/01\/F9402960-9972-49C1-96FA-2C62DE6C51B0-768x768.png 768w\" sizes=\"(max-width: 1024px) 100vw, 1024px\" \/><\/figure>\n\n<h3 class=\"wp-block-heading\"><strong>Polui\u00e7\u00e3o vis\u00edvel em locais p\u00fablicos<\/strong><\/h3>\n\n<p>As pontas de cigarro est\u00e3o omnipresentes nas ruas, praias e parques e s\u00e3o atualmente o res\u00edduo mais comum recolhido durante as campanhas de limpeza. Todos os anos, milhares de milh\u00f5es de pontas de cigarro s\u00e3o atiradas para o ambiente, poluindo a \u00e1gua e expondo as pessoas a subst\u00e2ncias qu\u00edmicas nocivas. Em Fran\u00e7a, cerca de 40 mil milh\u00f5es de pontas de cigarro s\u00e3o deitadas fora todos os anos, o que resulta em custos de limpeza significativos. Os relat\u00f3rios municipais mostram que estes res\u00edduos representam um encargo financeiro e log\u00edstico consider\u00e1vel.   <\/p>\n\n<p>As medidas para reduzir esta polui\u00e7\u00e3o s\u00e3o, por conseguinte, essenciais, n\u00e3o s\u00f3 para preservar o ambiente, mas tamb\u00e9m para proteger o direito das pessoas a viverem num ambiente saud\u00e1vel. Uma pol\u00edtica rigorosa de gest\u00e3o dos res\u00edduos de tabaco poderia incluir programas de sensibiliza\u00e7\u00e3o dirigidos aos fumadores. <\/p>\n\n<div style=\"height:42px\" aria-hidden=\"true\" class=\"wp-block-spacer\"><\/div>\n\n<h2 class=\"wp-block-heading\"><strong>Iniciativas internacionais de luta contra a polui\u00e7\u00e3o do tabaco<\/strong><\/h2>\n\n<div style=\"height:22px\" aria-hidden=\"true\" class=\"wp-block-spacer\"><\/div>\n\n<h3 class=\"wp-block-heading\"><strong>A Conven\u00e7\u00e3o-Quadro da OMS para o Controlo do Tabaco<\/strong><\/h3>\n\n<div style=\"height:22px\" aria-hidden=\"true\" class=\"wp-block-spacer\"><\/div>\n\n<p>Adoptada em 2003, a Conven\u00e7\u00e3o-Quadro da OMS para a Luta Antitabaco (FCTC) \u00e9 o primeiro tratado internacional destinado a reduzir o consumo de tabaco e as suas consequ\u00eancias para a sa\u00fade, sociais, econ\u00f3micas e ambientais. Este quadro jur\u00eddico vinculativo compromete os pa\u00edses signat\u00e1rios a aplicar pol\u00edticas para regular o consumo de cigarros, proibir a publicidade ao tabaco e reduzir a exposi\u00e7\u00e3o dos n\u00e3o fumadores ao tabagismo passivo. Estas ac\u00e7\u00f5es visam tamb\u00e9m sensibilizar as gera\u00e7\u00f5es mais jovens para os perigos do tabaco, tendo como alvo as mulheres, que est\u00e3o cada vez mais expostas ao consumo de cigarros.  <\/p>\n\n<div style=\"height:22px\" aria-hidden=\"true\" class=\"wp-block-spacer\"><\/div>\n\n<p>Um dos principais objectivos da FCTC \u00e9 tornar a ind\u00fastria do tabaco mais respons\u00e1vel, impondo regras sobre a gest\u00e3o de res\u00edduos. Por exemplo, alguns pa\u00edses adoptaram leis que obrigam os fabricantes a financiar programas de reciclagem de beatas de cigarros ou a encontrar alternativas aos filtros de pl\u00e1stico. Os relat\u00f3rios de avalia\u00e7\u00e3o da OMS mostram que os resultados destas pol\u00edticas s\u00e3o prometedores, embora ainda haja margem para melhorias.  <\/p>\n\n<div style=\"height:22px\" aria-hidden=\"true\" class=\"wp-block-spacer\"><\/div>\n\n<p class=\"has-cyan-bluish-gray-background-color has-background\">Tamb\u00e9m te pode interessar este artigo: <a href=\"https:\/\/www.mylasertabac.com\/pt-pt\/quais-sao-as-alternativas-naturais-para-deixares-de-fumar\/\"><mark style=\"background-color:#abb8c3\" class=\"has-inline-color has-luminous-vivid-orange-color\">Quais s\u00e3o as alternativas naturais para deixares de fumar?<\/mark><\/a><\/p>\n\n<div style=\"height:22px\" aria-hidden=\"true\" class=\"wp-block-spacer\"><\/div>\n\n<h2 class=\"wp-block-heading\"><strong>As ac\u00e7\u00f5es da Uni\u00e3o Europeia<\/strong><\/h2>\n\n<div style=\"height:22px\" aria-hidden=\"true\" class=\"wp-block-spacer\"><\/div>\n\n<p>A n\u00edvel europeu, foram adoptadas medidas ambiciosas para reduzir a polui\u00e7\u00e3o relacionada com o tabaco. A diretiva europeia sobre os pl\u00e1sticos de utiliza\u00e7\u00e3o \u00fanica, que ser\u00e1 adoptada em 2019, inclui os filtros de cigarros entre os produtos a regulamentar. Esta medida exige que os fabricantes contribuam financeiramente para os custos de limpeza das beatas de cigarros e que sensibilizem os consumidores para o seu impacto ambiental.  <\/p>\n\n<p>Pa\u00edses como a Fran\u00e7a j\u00e1 incorporaram estas diretivas nos seus quadros nacionais. Desde 2021, os fabricantes de cigarros em Fran\u00e7a s\u00e3o obrigados a financiar iniciativas de recolha e reciclagem de beatas de cigarros, uma novidade mundial em termos de responsabilidade alargada do produtor. O objetivo desta pol\u00edtica \u00e9 incentivar ac\u00e7\u00f5es concretas para reduzir os res\u00edduos relacionados com o consumo de tabaco.  <\/p>\n\n<div style=\"height:22px\" aria-hidden=\"true\" class=\"wp-block-spacer\"><\/div>\n\n<h2 class=\"wp-block-heading\"><strong>Iniciativas nacionais exemplares<\/strong><\/h2>\n\n<div style=\"height:22px\" aria-hidden=\"true\" class=\"wp-block-spacer\"><\/div>\n\n<figure class=\"wp-block-image size-large\"><img decoding=\"async\" width=\"1024\" height=\"585\" src=\"https:\/\/www.mylasertabac.com\/wp-content\/uploads\/2025\/01\/les-francais-grand-gagnant-contre-la-lute-des-megots-de-cigarette--1024x585.webp\" alt=\"\" class=\"wp-image-1190\" srcset=\"https:\/\/www.mylasertabac.com\/wp-content\/uploads\/2025\/01\/les-francais-grand-gagnant-contre-la-lute-des-megots-de-cigarette--1024x585.webp 1024w, https:\/\/www.mylasertabac.com\/wp-content\/uploads\/2025\/01\/les-francais-grand-gagnant-contre-la-lute-des-megots-de-cigarette--300x171.webp 300w, https:\/\/www.mylasertabac.com\/wp-content\/uploads\/2025\/01\/les-francais-grand-gagnant-contre-la-lute-des-megots-de-cigarette--768x439.webp 768w, https:\/\/www.mylasertabac.com\/wp-content\/uploads\/2025\/01\/les-francais-grand-gagnant-contre-la-lute-des-megots-de-cigarette--1536x878.webp 1536w, https:\/\/www.mylasertabac.com\/wp-content\/uploads\/2025\/01\/les-francais-grand-gagnant-contre-la-lute-des-megots-de-cigarette-.webp 1792w\" sizes=\"(max-width: 1024px) 100vw, 1024px\" \/><\/figure>\n\n<div style=\"height:22px\" aria-hidden=\"true\" class=\"wp-block-spacer\"><\/div>\n\n<h3 class=\"wp-block-heading\"><strong>A Fran\u00e7a como pioneira<\/strong><\/h3>\n\n<div style=\"height:22px\" aria-hidden=\"true\" class=\"wp-block-spacer\"><\/div>\n\n<p>Em Fran\u00e7a, foram postas em pr\u00e1tica pol\u00edticas ambiciosas para combater a polui\u00e7\u00e3o provocada pelo tabaco. Para al\u00e9m da responsabilidade dos fabricantes, foram desenvolvidas campanhas de sensibiliza\u00e7\u00e3o dirigidas aos jovens e \u00e0s mulheres para reduzir o consumo de cigarros. A proibi\u00e7\u00e3o de fumar em locais p\u00fablicos, introduzida progressivamente desde 2007, desempenhou um papel decisivo. Estas medidas reduziram a exposi\u00e7\u00e3o ao tabagismo passivo e aumentaram a sensibiliza\u00e7\u00e3o para os riscos para a sa\u00fade. Relat\u00f3rios recentes mostram que estas iniciativas est\u00e3o a ter um impacto positivo na sa\u00fade p\u00fablica.    <\/p>\n\n<p>O aumento dos impostos sobre os produtos do tabaco \u00e9 outra medida fundamental. Em Fran\u00e7a, o pre\u00e7o de um ma\u00e7o de cigarros atingiu 10 euros em 2020, um dos mais elevados da Europa. Esta estrat\u00e9gia destina-se a dissuadir os jovens de come\u00e7ar a fumar, uma vez que as estat\u00edsticas mostram que os pre\u00e7os elevados t\u00eam um impacto direto na redu\u00e7\u00e3o do consumo. Al\u00e9m disso, alguns dos fundos angariados s\u00e3o reinvestidos em programas de preven\u00e7\u00e3o e tratamento da depend\u00eancia.   <\/p>\n\n<p>A responsabilidade alargada do produtor (REP), introduzida em 2021, obriga os fabricantes a financiar a recolha e a reciclagem das pontas de cigarro. Esta medida, \u00fanica no mundo, permitiu recolher milh\u00f5es de pontas de cigarro todos os anos em locais p\u00fablicos e sensibilizar os fumadores para o seu impacto ambiental. Al\u00e9m disso, iniciativas locais como a instala\u00e7\u00e3o de cinzeiros urbanos e a introdu\u00e7\u00e3o de programas educativos nas escolas est\u00e3o a contribuir para uma mudan\u00e7a gradual de comportamento.  <\/p>\n\n<div style=\"height:22px\" aria-hidden=\"true\" class=\"wp-block-spacer\"><\/div>\n\n<p>Os resultados destas ac\u00e7\u00f5es s\u00e3o encorajadores. A taxa de tabagismo em Fran\u00e7a baixou de 34% em 2000 para 25% em 2020, confirmando a efic\u00e1cia das medidas tomadas na luta contra o tabaco. <\/p>\n\n<div style=\"height:22px\" aria-hidden=\"true\" class=\"wp-block-spacer\"><\/div>\n\n<figure class=\"wp-block-image alignleft size-full is-resized\"><img decoding=\"async\" width=\"1024\" height=\"1024\" src=\"https:\/\/www.mylasertabac.com\/wp-content\/uploads\/2025\/01\/polution-cigarette-dans-la-mer-.png\" alt=\"\" class=\"wp-image-1187\" style=\"width:366px;height:auto\" srcset=\"https:\/\/www.mylasertabac.com\/wp-content\/uploads\/2025\/01\/polution-cigarette-dans-la-mer-.png 1024w, https:\/\/www.mylasertabac.com\/wp-content\/uploads\/2025\/01\/polution-cigarette-dans-la-mer--300x300.png 300w, https:\/\/www.mylasertabac.com\/wp-content\/uploads\/2025\/01\/polution-cigarette-dans-la-mer--150x150.png 150w, https:\/\/www.mylasertabac.com\/wp-content\/uploads\/2025\/01\/polution-cigarette-dans-la-mer--768x768.png 768w\" sizes=\"(max-width: 1024px) 100vw, 1024px\" \/><\/figure>\n\n<h2 class=\"wp-block-heading\"><strong>Os pa\u00edses asi\u00e1ticos e os seus desafios<\/strong><\/h2>\n\n<p>Em pa\u00edses como o Jap\u00e3o e a Coreia do Sul, as pol\u00edticas anti-tabaco tamb\u00e9m evolu\u00edram. No Jap\u00e3o, \u00e9 estritamente proibido fumar em muitos locais p\u00fablicos, incluindo esta\u00e7\u00f5es, restaurantes e escrit\u00f3rios. Foram criadas zonas espec\u00edficas para fumadores para reduzir a exposi\u00e7\u00e3o ao tabagismo passivo. Esta abordagem repressiva \u00e9 combinada com campanhas de sensibiliza\u00e7\u00e3o que salientam os perigos do tabagismo para a sa\u00fade e o ambiente. As leis em vigor nestes pa\u00edses s\u00e3o regularmente actualizadas para se adaptarem aos novos desafios colocados pelo tabagismo.    <\/p>\n\n<p>No entanto, estes pa\u00edses enfrentam desafios \u00fanicos. Na Coreia do Sul, apesar de existirem leis rigorosas, o consumo de tabaco continua elevado, sobretudo entre os homens. As campanhas dirigidas aos jovens e \u00e0s mulheres est\u00e3o a aumentar para contrariar as estrat\u00e9gias da ind\u00fastria do tabaco para atrair novos consumidores.  <\/p>\n\n<p>Foram tamb\u00e9m introduzidos programas de responsabiliza\u00e7\u00e3o dos fabricantes. Por exemplo, foram lan\u00e7adas iniciativas para envolver a ind\u00fastria do tabaco na gest\u00e3o dos res\u00edduos. Na Coreia do Sul, alguns munic\u00edpios est\u00e3o a experimentar sistemas espec\u00edficos de recolha de pontas de cigarro, em que os fumadores podem depositar os seus res\u00edduos em cinzeiros urbanos ligados. Estes dispositivos medem a quantidade recolhida e enviam dados \u00e0s autoridades locais para avaliar a efic\u00e1cia das campanhas de sensibiliza\u00e7\u00e3o.   <\/p>\n\n<div style=\"height:22px\" aria-hidden=\"true\" class=\"wp-block-spacer\"><\/div>\n\n<p>O Jap\u00e3o, por seu lado, adoptou uma abordagem rigorosa em mat\u00e9ria de educa\u00e7\u00e3o. As escolas incluem m\u00f3dulos sobre os perigos do tabaco, n\u00e3o s\u00f3 para a sa\u00fade mas tamb\u00e9m para o ambiente. Estes esfor\u00e7os educativos t\u00eam como objetivo criar uma gera\u00e7\u00e3o mais consciente dos problemas ambientais associados ao tabagismo. Al\u00e9m disso, algumas empresas japonesas est\u00e3o a encorajar os seus empregados a deixarem de fumar, oferecendo dias de folga extra \u00e0queles que conseguem deixar de fumar. Esta pol\u00edtica inovadora real\u00e7a o papel das empresas no combate ao impacto do tabagismo.    <\/p>\n\n<div style=\"height:22px\" aria-hidden=\"true\" class=\"wp-block-spacer\"><\/div>\n\n<p>Apesar destes progressos, a gest\u00e3o dos res\u00edduos do tabaco continua a ser um grande desafio nestes pa\u00edses. Grandes cidades como Seul e T\u00f3quio continuam a ter de lidar com grandes volumes de pontas de cigarro descartadas em espa\u00e7os p\u00fablicos. Uma maior coopera\u00e7\u00e3o internacional poderia ajudar a partilhar solu\u00e7\u00f5es inovadoras e a refor\u00e7ar os quadros legislativos para melhor combater este flagelo ambiental.  <\/p>\n\n<div style=\"height:22px\" aria-hidden=\"true\" class=\"wp-block-spacer\"><\/div>\n\n<h2 class=\"wp-block-heading\"><strong>Conclus\u00e3o<\/strong><\/h2>\n\n<p>As pol\u00edticas adoptadas para combater a polui\u00e7\u00e3o relacionada com o tabaco mostram que uma a\u00e7\u00e3o concreta pode ter um impacto significativo no ambiente e na sa\u00fade p\u00fablica. No entanto, h\u00e1 ainda muito a fazer para tornar a ind\u00fastria do tabaco mais respons\u00e1vel e reduzir os danos causados pelo consumo de cigarros. A ado\u00e7\u00e3o de filtros biodegrad\u00e1veis e o investimento em campanhas de sensibiliza\u00e7\u00e3o espec\u00edficas poderiam complementar estes esfor\u00e7os. Por \u00faltimo, a harmoniza\u00e7\u00e3o das pol\u00edticas \u00e0 escala mundial continua a ser essencial se quisermos atingir um objetivo comum: um futuro sem polui\u00e7\u00e3o provocada pelo tabaco.   <\/p>\n\n<div style=\"height:22px\" aria-hidden=\"true\" class=\"wp-block-spacer\"><\/div>\n","protected":false},"excerpt":{"rendered":"<p>O tabaco, embora estreitamente associado a problemas de sa\u00fade p\u00fablica, \u00e9 tamb\u00e9m uma importante fonte de polui\u00e7\u00e3o que afecta o solo, o ar e os oceanos. O consumo de cigarros e os res\u00edduos que gera, como as pontas de cigarro e as embalagens, agravam os problemas ambientais e colocam desafios \u00e0s pol\u00edticas de gest\u00e3o de [&hellip;]<\/p>\n","protected":false},"author":2,"featured_media":2397,"comment_status":"closed","ping_status":"open","sticky":false,"template":"","format":"standard","meta":{"inline_featured_image":false,"footnotes":""},"categories":[130],"tags":[513],"class_list":["post-3980","post","type-post","status-publish","format-standard","has-post-thumbnail","hentry","category-saude","tag-poluicao-do-tabaco"],"yoast_head":"<!-- This site is optimized with the Yoast SEO plugin v27.5 - https:\/\/yoast.com\/product\/yoast-seo-wordpress\/ -->\n<title>Que pa\u00edses adoptaram pol\u00edticas para combater a polui\u00e7\u00e3o provocada pelo tabaco? - My Laser Tabac<\/title>\n<meta name=\"description\" content=\"Descobre quais os pa\u00edses que adoptaram pol\u00edticas rigorosas para reduzir a polui\u00e7\u00e3o causada pelas beatas de cigarros e pelo consumo de tabaco.\" \/>\n<meta name=\"robots\" content=\"index, follow, max-snippet:-1, max-image-preview:large, max-video-preview:-1\" \/>\n<link rel=\"canonical\" href=\"https:\/\/www.mylasertabac.com\/pt-pt\/que-paises-adoptaram-politicas-para-combater-a-poluicao-provocada-pelo-tabaco\/\" \/>\n<meta property=\"og:locale\" content=\"pt_PT\" \/>\n<meta property=\"og:type\" content=\"article\" \/>\n<meta property=\"og:title\" content=\"Que pa\u00edses adoptaram pol\u00edticas para combater a polui\u00e7\u00e3o provocada pelo tabaco? - My Laser Tabac\" \/>\n<meta property=\"og:description\" content=\"Descobre quais os pa\u00edses que adoptaram pol\u00edticas rigorosas para reduzir a polui\u00e7\u00e3o causada pelas beatas de cigarros e pelo consumo de tabaco.\" \/>\n<meta property=\"og:url\" content=\"https:\/\/www.mylasertabac.com\/pt-pt\/que-paises-adoptaram-politicas-para-combater-a-poluicao-provocada-pelo-tabaco\/\" \/>\n<meta property=\"og:site_name\" content=\"My Laser Tabac\" \/>\n<meta property=\"article:author\" content=\"https:\/\/www.facebook.com\/profile.php?id=61571554707319\" \/>\n<meta property=\"article:published_time\" content=\"2025-02-11T09:10:52+00:00\" \/>\n<meta property=\"article:modified_time\" content=\"2025-02-24T20:55:31+00:00\" \/>\n<meta property=\"og:image\" content=\"https:\/\/www.mylasertabac.com\/wp-content\/uploads\/2025\/01\/Les-pays-se-revolte-pour-luter-contre-la-polution-du-au-tabac--1024x585.png\" \/>\n\t<meta property=\"og:image:width\" content=\"1024\" \/>\n\t<meta property=\"og:image:height\" content=\"585\" \/>\n\t<meta property=\"og:image:type\" content=\"image\/png\" \/>\n<meta name=\"author\" content=\"Florian Fortes\" \/>\n<meta name=\"twitter:card\" content=\"summary_large_image\" \/>\n<meta name=\"twitter:label1\" content=\"Escrito por\" \/>\n\t<meta name=\"twitter:data1\" content=\"Florian Fortes\" \/>\n\t<meta name=\"twitter:label2\" content=\"Tempo estimado de leitura\" \/>\n\t<meta name=\"twitter:data2\" content=\"8 minutos\" \/>\n<script type=\"application\/ld+json\" class=\"yoast-schema-graph\">{\"@context\":\"https:\\\/\\\/schema.org\",\"@graph\":[{\"@type\":\"Article\",\"@id\":\"https:\\\/\\\/www.mylasertabac.com\\\/pt-pt\\\/que-paises-adoptaram-politicas-para-combater-a-poluicao-provocada-pelo-tabaco\\\/#article\",\"isPartOf\":{\"@id\":\"https:\\\/\\\/www.mylasertabac.com\\\/pt-pt\\\/que-paises-adoptaram-politicas-para-combater-a-poluicao-provocada-pelo-tabaco\\\/\"},\"author\":{\"name\":\"Florian Fortes\",\"@id\":\"https:\\\/\\\/www.mylasertabac.com\\\/pt-pt\\\/#\\\/schema\\\/person\\\/02c249cb76d912efb6c315ec23eccdf3\"},\"headline\":\"Que pa\u00edses adoptaram pol\u00edticas para combater a polui\u00e7\u00e3o provocada pelo tabaco?\",\"datePublished\":\"2025-02-11T09:10:52+00:00\",\"dateModified\":\"2025-02-24T20:55:31+00:00\",\"mainEntityOfPage\":{\"@id\":\"https:\\\/\\\/www.mylasertabac.com\\\/pt-pt\\\/que-paises-adoptaram-politicas-para-combater-a-poluicao-provocada-pelo-tabaco\\\/\"},\"wordCount\":1704,\"publisher\":{\"@id\":\"https:\\\/\\\/www.mylasertabac.com\\\/pt-pt\\\/#organization\"},\"image\":{\"@id\":\"https:\\\/\\\/www.mylasertabac.com\\\/pt-pt\\\/que-paises-adoptaram-politicas-para-combater-a-poluicao-provocada-pelo-tabaco\\\/#primaryimage\"},\"thumbnailUrl\":\"https:\\\/\\\/www.mylasertabac.com\\\/wp-content\\\/uploads\\\/2025\\\/01\\\/Les-pays-se-revolte-pour-luter-contre-la-polution-du-au-tabac-.png\",\"keywords\":[\"polui\u00e7\u00e3o do tabaco\"],\"articleSection\":[\"Sa\u00fade\"],\"inLanguage\":\"pt-PT\"},{\"@type\":\"WebPage\",\"@id\":\"https:\\\/\\\/www.mylasertabac.com\\\/pt-pt\\\/que-paises-adoptaram-politicas-para-combater-a-poluicao-provocada-pelo-tabaco\\\/\",\"url\":\"https:\\\/\\\/www.mylasertabac.com\\\/pt-pt\\\/que-paises-adoptaram-politicas-para-combater-a-poluicao-provocada-pelo-tabaco\\\/\",\"name\":\"Que pa\u00edses adoptaram pol\u00edticas para combater a polui\u00e7\u00e3o provocada pelo tabaco? - My Laser Tabac\",\"isPartOf\":{\"@id\":\"https:\\\/\\\/www.mylasertabac.com\\\/pt-pt\\\/#website\"},\"primaryImageOfPage\":{\"@id\":\"https:\\\/\\\/www.mylasertabac.com\\\/pt-pt\\\/que-paises-adoptaram-politicas-para-combater-a-poluicao-provocada-pelo-tabaco\\\/#primaryimage\"},\"image\":{\"@id\":\"https:\\\/\\\/www.mylasertabac.com\\\/pt-pt\\\/que-paises-adoptaram-politicas-para-combater-a-poluicao-provocada-pelo-tabaco\\\/#primaryimage\"},\"thumbnailUrl\":\"https:\\\/\\\/www.mylasertabac.com\\\/wp-content\\\/uploads\\\/2025\\\/01\\\/Les-pays-se-revolte-pour-luter-contre-la-polution-du-au-tabac-.png\",\"datePublished\":\"2025-02-11T09:10:52+00:00\",\"dateModified\":\"2025-02-24T20:55:31+00:00\",\"description\":\"Descobre quais os pa\u00edses que adoptaram pol\u00edticas rigorosas para reduzir a polui\u00e7\u00e3o causada pelas beatas de cigarros e pelo consumo de tabaco.\",\"breadcrumb\":{\"@id\":\"https:\\\/\\\/www.mylasertabac.com\\\/pt-pt\\\/que-paises-adoptaram-politicas-para-combater-a-poluicao-provocada-pelo-tabaco\\\/#breadcrumb\"},\"inLanguage\":\"pt-PT\",\"potentialAction\":[{\"@type\":\"ReadAction\",\"target\":[\"https:\\\/\\\/www.mylasertabac.com\\\/pt-pt\\\/que-paises-adoptaram-politicas-para-combater-a-poluicao-provocada-pelo-tabaco\\\/\"]}]},{\"@type\":\"ImageObject\",\"inLanguage\":\"pt-PT\",\"@id\":\"https:\\\/\\\/www.mylasertabac.com\\\/pt-pt\\\/que-paises-adoptaram-politicas-para-combater-a-poluicao-provocada-pelo-tabaco\\\/#primaryimage\",\"url\":\"https:\\\/\\\/www.mylasertabac.com\\\/wp-content\\\/uploads\\\/2025\\\/01\\\/Les-pays-se-revolte-pour-luter-contre-la-polution-du-au-tabac-.png\",\"contentUrl\":\"https:\\\/\\\/www.mylasertabac.com\\\/wp-content\\\/uploads\\\/2025\\\/01\\\/Les-pays-se-revolte-pour-luter-contre-la-polution-du-au-tabac-.png\",\"width\":1792,\"height\":1024},{\"@type\":\"BreadcrumbList\",\"@id\":\"https:\\\/\\\/www.mylasertabac.com\\\/pt-pt\\\/que-paises-adoptaram-politicas-para-combater-a-poluicao-provocada-pelo-tabaco\\\/#breadcrumb\",\"itemListElement\":[{\"@type\":\"ListItem\",\"position\":1,\"name\":\"Accueil\",\"item\":\"https:\\\/\\\/www.mylasertabac.com\\\/pt-pt\\\/casa\\\/\"},{\"@type\":\"ListItem\",\"position\":2,\"name\":\"Que pa\u00edses adoptaram pol\u00edticas para combater a polui\u00e7\u00e3o provocada pelo tabaco?\"}]},{\"@type\":\"WebSite\",\"@id\":\"https:\\\/\\\/www.mylasertabac.com\\\/pt-pt\\\/#website\",\"url\":\"https:\\\/\\\/www.mylasertabac.com\\\/pt-pt\\\/\",\"name\":\"My Laser Tabac\",\"description\":\"La solution laser qui transforme les fumeurs en ex-fumeurs\",\"publisher\":{\"@id\":\"https:\\\/\\\/www.mylasertabac.com\\\/pt-pt\\\/#organization\"},\"potentialAction\":[{\"@type\":\"SearchAction\",\"target\":{\"@type\":\"EntryPoint\",\"urlTemplate\":\"https:\\\/\\\/www.mylasertabac.com\\\/pt-pt\\\/?s={search_term_string}\"},\"query-input\":{\"@type\":\"PropertyValueSpecification\",\"valueRequired\":true,\"valueName\":\"search_term_string\"}}],\"inLanguage\":\"pt-PT\"},{\"@type\":\"Organization\",\"@id\":\"https:\\\/\\\/www.mylasertabac.com\\\/pt-pt\\\/#organization\",\"name\":\"My Laser Tabac\",\"url\":\"https:\\\/\\\/www.mylasertabac.com\\\/pt-pt\\\/\",\"logo\":{\"@type\":\"ImageObject\",\"inLanguage\":\"pt-PT\",\"@id\":\"https:\\\/\\\/www.mylasertabac.com\\\/pt-pt\\\/#\\\/schema\\\/logo\\\/image\\\/\",\"url\":\"https:\\\/\\\/www.mylasertabac.com\\\/wp-content\\\/uploads\\\/2024\\\/12\\\/mlt-verteau.svg\",\"contentUrl\":\"https:\\\/\\\/www.mylasertabac.com\\\/wp-content\\\/uploads\\\/2024\\\/12\\\/mlt-verteau.svg\",\"caption\":\"My Laser Tabac\"},\"image\":{\"@id\":\"https:\\\/\\\/www.mylasertabac.com\\\/pt-pt\\\/#\\\/schema\\\/logo\\\/image\\\/\"}},{\"@type\":\"Person\",\"@id\":\"https:\\\/\\\/www.mylasertabac.com\\\/pt-pt\\\/#\\\/schema\\\/person\\\/02c249cb76d912efb6c315ec23eccdf3\",\"name\":\"Florian Fortes\",\"image\":{\"@type\":\"ImageObject\",\"inLanguage\":\"pt-PT\",\"@id\":\"https:\\\/\\\/www.mylasertabac.com\\\/wp-content\\\/litespeed\\\/avatar\\\/142101a71d7b9e6490c1120d9c109a67.jpg?ver=1777461116\",\"url\":\"https:\\\/\\\/www.mylasertabac.com\\\/wp-content\\\/litespeed\\\/avatar\\\/142101a71d7b9e6490c1120d9c109a67.jpg?ver=1777461116\",\"contentUrl\":\"https:\\\/\\\/www.mylasertabac.com\\\/wp-content\\\/litespeed\\\/avatar\\\/142101a71d7b9e6490c1120d9c109a67.jpg?ver=1777461116\",\"caption\":\"Florian Fortes\"},\"sameAs\":[\"https:\\\/\\\/www.mylasertabac.com\",\"https:\\\/\\\/www.facebook.com\\\/profile.php?id=61571554707319\"],\"url\":\"https:\\\/\\\/www.mylasertabac.com\\\/pt-pt\\\/author\\\/florianfortes5312\\\/\"}]}<\/script>\n<!-- \/ Yoast SEO plugin. -->","yoast_head_json":{"title":"Que pa\u00edses adoptaram pol\u00edticas para combater a polui\u00e7\u00e3o provocada pelo tabaco? - My Laser Tabac","description":"Descobre quais os pa\u00edses que adoptaram pol\u00edticas rigorosas para reduzir a polui\u00e7\u00e3o causada pelas beatas de cigarros e pelo consumo de tabaco.","robots":{"index":"index","follow":"follow","max-snippet":"max-snippet:-1","max-image-preview":"max-image-preview:large","max-video-preview":"max-video-preview:-1"},"canonical":"https:\/\/www.mylasertabac.com\/pt-pt\/que-paises-adoptaram-politicas-para-combater-a-poluicao-provocada-pelo-tabaco\/","og_locale":"pt_PT","og_type":"article","og_title":"Que pa\u00edses adoptaram pol\u00edticas para combater a polui\u00e7\u00e3o provocada pelo tabaco? - My Laser Tabac","og_description":"Descobre quais os pa\u00edses que adoptaram pol\u00edticas rigorosas para reduzir a polui\u00e7\u00e3o causada pelas beatas de cigarros e pelo consumo de tabaco.","og_url":"https:\/\/www.mylasertabac.com\/pt-pt\/que-paises-adoptaram-politicas-para-combater-a-poluicao-provocada-pelo-tabaco\/","og_site_name":"My Laser Tabac","article_author":"https:\/\/www.facebook.com\/profile.php?id=61571554707319","article_published_time":"2025-02-11T09:10:52+00:00","article_modified_time":"2025-02-24T20:55:31+00:00","og_image":[{"width":1024,"height":585,"url":"https:\/\/www.mylasertabac.com\/wp-content\/uploads\/2025\/01\/Les-pays-se-revolte-pour-luter-contre-la-polution-du-au-tabac--1024x585.png","type":"image\/png"}],"author":"Florian Fortes","twitter_card":"summary_large_image","twitter_misc":{"Escrito por":"Florian Fortes","Tempo estimado de leitura":"8 minutos"},"schema":{"@context":"https:\/\/schema.org","@graph":[{"@type":"Article","@id":"https:\/\/www.mylasertabac.com\/pt-pt\/que-paises-adoptaram-politicas-para-combater-a-poluicao-provocada-pelo-tabaco\/#article","isPartOf":{"@id":"https:\/\/www.mylasertabac.com\/pt-pt\/que-paises-adoptaram-politicas-para-combater-a-poluicao-provocada-pelo-tabaco\/"},"author":{"name":"Florian Fortes","@id":"https:\/\/www.mylasertabac.com\/pt-pt\/#\/schema\/person\/02c249cb76d912efb6c315ec23eccdf3"},"headline":"Que pa\u00edses adoptaram pol\u00edticas para combater a polui\u00e7\u00e3o provocada pelo tabaco?","datePublished":"2025-02-11T09:10:52+00:00","dateModified":"2025-02-24T20:55:31+00:00","mainEntityOfPage":{"@id":"https:\/\/www.mylasertabac.com\/pt-pt\/que-paises-adoptaram-politicas-para-combater-a-poluicao-provocada-pelo-tabaco\/"},"wordCount":1704,"publisher":{"@id":"https:\/\/www.mylasertabac.com\/pt-pt\/#organization"},"image":{"@id":"https:\/\/www.mylasertabac.com\/pt-pt\/que-paises-adoptaram-politicas-para-combater-a-poluicao-provocada-pelo-tabaco\/#primaryimage"},"thumbnailUrl":"https:\/\/www.mylasertabac.com\/wp-content\/uploads\/2025\/01\/Les-pays-se-revolte-pour-luter-contre-la-polution-du-au-tabac-.png","keywords":["polui\u00e7\u00e3o do tabaco"],"articleSection":["Sa\u00fade"],"inLanguage":"pt-PT"},{"@type":"WebPage","@id":"https:\/\/www.mylasertabac.com\/pt-pt\/que-paises-adoptaram-politicas-para-combater-a-poluicao-provocada-pelo-tabaco\/","url":"https:\/\/www.mylasertabac.com\/pt-pt\/que-paises-adoptaram-politicas-para-combater-a-poluicao-provocada-pelo-tabaco\/","name":"Que pa\u00edses adoptaram pol\u00edticas para combater a polui\u00e7\u00e3o provocada pelo tabaco? - My Laser Tabac","isPartOf":{"@id":"https:\/\/www.mylasertabac.com\/pt-pt\/#website"},"primaryImageOfPage":{"@id":"https:\/\/www.mylasertabac.com\/pt-pt\/que-paises-adoptaram-politicas-para-combater-a-poluicao-provocada-pelo-tabaco\/#primaryimage"},"image":{"@id":"https:\/\/www.mylasertabac.com\/pt-pt\/que-paises-adoptaram-politicas-para-combater-a-poluicao-provocada-pelo-tabaco\/#primaryimage"},"thumbnailUrl":"https:\/\/www.mylasertabac.com\/wp-content\/uploads\/2025\/01\/Les-pays-se-revolte-pour-luter-contre-la-polution-du-au-tabac-.png","datePublished":"2025-02-11T09:10:52+00:00","dateModified":"2025-02-24T20:55:31+00:00","description":"Descobre quais os pa\u00edses que adoptaram pol\u00edticas rigorosas para reduzir a polui\u00e7\u00e3o causada pelas beatas de cigarros e pelo consumo de tabaco.","breadcrumb":{"@id":"https:\/\/www.mylasertabac.com\/pt-pt\/que-paises-adoptaram-politicas-para-combater-a-poluicao-provocada-pelo-tabaco\/#breadcrumb"},"inLanguage":"pt-PT","potentialAction":[{"@type":"ReadAction","target":["https:\/\/www.mylasertabac.com\/pt-pt\/que-paises-adoptaram-politicas-para-combater-a-poluicao-provocada-pelo-tabaco\/"]}]},{"@type":"ImageObject","inLanguage":"pt-PT","@id":"https:\/\/www.mylasertabac.com\/pt-pt\/que-paises-adoptaram-politicas-para-combater-a-poluicao-provocada-pelo-tabaco\/#primaryimage","url":"https:\/\/www.mylasertabac.com\/wp-content\/uploads\/2025\/01\/Les-pays-se-revolte-pour-luter-contre-la-polution-du-au-tabac-.png","contentUrl":"https:\/\/www.mylasertabac.com\/wp-content\/uploads\/2025\/01\/Les-pays-se-revolte-pour-luter-contre-la-polution-du-au-tabac-.png","width":1792,"height":1024},{"@type":"BreadcrumbList","@id":"https:\/\/www.mylasertabac.com\/pt-pt\/que-paises-adoptaram-politicas-para-combater-a-poluicao-provocada-pelo-tabaco\/#breadcrumb","itemListElement":[{"@type":"ListItem","position":1,"name":"Accueil","item":"https:\/\/www.mylasertabac.com\/pt-pt\/casa\/"},{"@type":"ListItem","position":2,"name":"Que pa\u00edses adoptaram pol\u00edticas para combater a polui\u00e7\u00e3o provocada pelo tabaco?"}]},{"@type":"WebSite","@id":"https:\/\/www.mylasertabac.com\/pt-pt\/#website","url":"https:\/\/www.mylasertabac.com\/pt-pt\/","name":"My Laser Tabac","description":"La solution laser qui transforme les fumeurs en ex-fumeurs","publisher":{"@id":"https:\/\/www.mylasertabac.com\/pt-pt\/#organization"},"potentialAction":[{"@type":"SearchAction","target":{"@type":"EntryPoint","urlTemplate":"https:\/\/www.mylasertabac.com\/pt-pt\/?s={search_term_string}"},"query-input":{"@type":"PropertyValueSpecification","valueRequired":true,"valueName":"search_term_string"}}],"inLanguage":"pt-PT"},{"@type":"Organization","@id":"https:\/\/www.mylasertabac.com\/pt-pt\/#organization","name":"My Laser Tabac","url":"https:\/\/www.mylasertabac.com\/pt-pt\/","logo":{"@type":"ImageObject","inLanguage":"pt-PT","@id":"https:\/\/www.mylasertabac.com\/pt-pt\/#\/schema\/logo\/image\/","url":"https:\/\/www.mylasertabac.com\/wp-content\/uploads\/2024\/12\/mlt-verteau.svg","contentUrl":"https:\/\/www.mylasertabac.com\/wp-content\/uploads\/2024\/12\/mlt-verteau.svg","caption":"My Laser Tabac"},"image":{"@id":"https:\/\/www.mylasertabac.com\/pt-pt\/#\/schema\/logo\/image\/"}},{"@type":"Person","@id":"https:\/\/www.mylasertabac.com\/pt-pt\/#\/schema\/person\/02c249cb76d912efb6c315ec23eccdf3","name":"Florian Fortes","image":{"@type":"ImageObject","inLanguage":"pt-PT","@id":"https:\/\/www.mylasertabac.com\/wp-content\/litespeed\/avatar\/142101a71d7b9e6490c1120d9c109a67.jpg?ver=1777461116","url":"https:\/\/www.mylasertabac.com\/wp-content\/litespeed\/avatar\/142101a71d7b9e6490c1120d9c109a67.jpg?ver=1777461116","contentUrl":"https:\/\/www.mylasertabac.com\/wp-content\/litespeed\/avatar\/142101a71d7b9e6490c1120d9c109a67.jpg?ver=1777461116","caption":"Florian Fortes"},"sameAs":["https:\/\/www.mylasertabac.com","https:\/\/www.facebook.com\/profile.php?id=61571554707319"],"url":"https:\/\/www.mylasertabac.com\/pt-pt\/author\/florianfortes5312\/"}]}},"_links":{"self":[{"href":"https:\/\/www.mylasertabac.com\/pt-pt\/wp-json\/wp\/v2\/posts\/3980","targetHints":{"allow":["GET"]}}],"collection":[{"href":"https:\/\/www.mylasertabac.com\/pt-pt\/wp-json\/wp\/v2\/posts"}],"about":[{"href":"https:\/\/www.mylasertabac.com\/pt-pt\/wp-json\/wp\/v2\/types\/post"}],"author":[{"embeddable":true,"href":"https:\/\/www.mylasertabac.com\/pt-pt\/wp-json\/wp\/v2\/users\/2"}],"replies":[{"embeddable":true,"href":"https:\/\/www.mylasertabac.com\/pt-pt\/wp-json\/wp\/v2\/comments?post=3980"}],"version-history":[{"count":1,"href":"https:\/\/www.mylasertabac.com\/pt-pt\/wp-json\/wp\/v2\/posts\/3980\/revisions"}],"predecessor-version":[{"id":3982,"href":"https:\/\/www.mylasertabac.com\/pt-pt\/wp-json\/wp\/v2\/posts\/3980\/revisions\/3982"}],"wp:featuredmedia":[{"embeddable":true,"href":"https:\/\/www.mylasertabac.com\/pt-pt\/wp-json\/wp\/v2\/media\/2397"}],"wp:attachment":[{"href":"https:\/\/www.mylasertabac.com\/pt-pt\/wp-json\/wp\/v2\/media?parent=3980"}],"wp:term":[{"taxonomy":"category","embeddable":true,"href":"https:\/\/www.mylasertabac.com\/pt-pt\/wp-json\/wp\/v2\/categories?post=3980"},{"taxonomy":"post_tag","embeddable":true,"href":"https:\/\/www.mylasertabac.com\/pt-pt\/wp-json\/wp\/v2\/tags?post=3980"}],"curies":[{"name":"wp","href":"https:\/\/api.w.org\/{rel}","templated":true}]}}