{"id":4244,"date":"2025-02-23T11:41:54","date_gmt":"2025-02-23T10:41:54","guid":{"rendered":"https:\/\/www.mylasertabac.com\/fumar-enquanto-conduzes-e-permitido-ou-nao\/"},"modified":"2025-02-24T11:28:49","modified_gmt":"2025-02-24T10:28:49","slug":"fumar-enquanto-conduzes-e-permitido-ou-nao","status":"publish","type":"post","link":"https:\/\/www.mylasertabac.com\/pt-pt\/fumar-enquanto-conduzes-e-permitido-ou-nao\/","title":{"rendered":"Fumar enquanto conduzes: \u00e9 permitido ou n\u00e3o?"},"content":{"rendered":"\n<div style=\"height:24px\" aria-hidden=\"true\" class=\"wp-block-spacer\"><\/div>\n\n<h2 class=\"wp-block-heading\">Uma pr\u00e1tica comum mas arriscada<\/h2>\n\n<div style=\"height:16px\" aria-hidden=\"true\" class=\"wp-block-spacer\"><\/div>\n\n<p>Muitos automobilistas adquiriram o h\u00e1bito de fumar enquanto conduzem, sem necessariamente se perguntarem se \u00e9 legal ou perigoso faz\u00ea-lo. No entanto, acender um cigarro ao volante distrai o condutor, o que pode ter consequ\u00eancias para a seguran\u00e7a rodovi\u00e1ria. Vejamos as regras em vigor, os riscos e o impacto na sa\u00fade.  <\/p>\n\n<div style=\"height:16px\" aria-hidden=\"true\" class=\"wp-block-spacer\"><\/div>\n\n<h2 class=\"wp-block-heading\">O que diz a lei sobre fumar e conduzir?<\/h2>\n\n<div style=\"height:16px\" aria-hidden=\"true\" class=\"wp-block-spacer\"><\/div>\n\n<p>Em Fran\u00e7a, <strong>n\u00e3o existe uma proibi\u00e7\u00e3o geral de fumar ao volante<\/strong>, mas isso n\u00e3o significa que n\u00e3o haja consequ\u00eancias. O <strong>C\u00f3digo da Estrada<\/strong> prev\u00ea uma s\u00e9rie de disposi\u00e7\u00f5es que podem ser aplicadas em caso de comportamento perigoso ao volante. <\/p>\n\n<div style=\"height:16px\" aria-hidden=\"true\" class=\"wp-block-spacer\"><\/div>\n\n<h3 class=\"wp-block-heading\">Desaten\u00e7\u00e3o do condutor<\/h3>\n\n<div style=\"height:16px\" aria-hidden=\"true\" class=\"wp-block-spacer\"><\/div>\n\n<p>De acordo com o<strong>artigo R412-6 do C\u00f3digo da Estrada franc\u00eas<\/strong>, &#8220;todos os condutores devem estar em estado e posi\u00e7\u00e3o constantes para efetuar todas as manobras de forma conveniente e sem demora&#8221;. Por outras palavras, <strong>fumar durante a condu\u00e7\u00e3o pode ser punido<\/strong> se te impedir de ter o controlo total do ve\u00edculo. <\/p>\n\n<p>Se um agente da autoridade considerar que o condutor n\u00e3o est\u00e1 no pleno gozo das suas faculdades devido ao consumo de tabaco, pode acus\u00e1-lo de <strong>condu\u00e7\u00e3o perigosa<\/strong>, uma infra\u00e7\u00e3o que pode resultar numa <strong>multa de<\/strong> <strong>classe 2<\/strong> com uma coima <strong>fixa de 35 euros<\/strong>.<\/p>\n\n<div style=\"height:16px\" aria-hidden=\"true\" class=\"wp-block-spacer\"><\/div>\n\n<figure class=\"wp-block-image size-large\"><img fetchpriority=\"high\" decoding=\"async\" width=\"1024\" height=\"585\" src=\"https:\/\/www.mylasertabac.com\/wp-content\/uploads\/2025\/02\/la-cigarette-est-interdite-en-conduisant--1024x585.png\" alt=\"\" class=\"wp-image-4210\" srcset=\"https:\/\/www.mylasertabac.com\/wp-content\/uploads\/2025\/02\/la-cigarette-est-interdite-en-conduisant--1024x585.png 1024w, https:\/\/www.mylasertabac.com\/wp-content\/uploads\/2025\/02\/la-cigarette-est-interdite-en-conduisant--300x171.png 300w, https:\/\/www.mylasertabac.com\/wp-content\/uploads\/2025\/02\/la-cigarette-est-interdite-en-conduisant--768x439.png 768w, https:\/\/www.mylasertabac.com\/wp-content\/uploads\/2025\/02\/la-cigarette-est-interdite-en-conduisant--1536x878.png 1536w, https:\/\/www.mylasertabac.com\/wp-content\/uploads\/2025\/02\/la-cigarette-est-interdite-en-conduisant-.png 1792w\" sizes=\"(max-width: 1024px) 100vw, 1024px\" \/><\/figure>\n\n<div style=\"height:28px\" aria-hidden=\"true\" class=\"wp-block-spacer\"><\/div>\n\n<h3 class=\"wp-block-heading\">Menores a bordo<\/h3>\n\n<div style=\"height:16px\" aria-hidden=\"true\" class=\"wp-block-spacer\"><\/div>\n\n<p>Outra restri\u00e7\u00e3o importante diz respeito \u00e0 presen\u00e7a de <strong>menores no ve\u00edculo<\/strong>. Desde 2016, <strong>\u00e9 estritamente proibido fumar num autom\u00f3vel na presen\u00e7a de um menor<\/strong>, em conformidade com o <strong>artigo L3511-7-2 do C\u00f3digo de Sa\u00fade P\u00fablica franc\u00eas<\/strong>. Esta lei visa proteger as crian\u00e7as do <strong>tabagismo passivo<\/strong>, um grave problema de sa\u00fade p\u00fablica.  <\/p>\n\n<div style=\"height:16px\" aria-hidden=\"true\" class=\"wp-block-spacer\"><\/div>\n\n<p>A infra\u00e7\u00e3o \u00e9 pun\u00edvel com uma <strong>coima fixa de 135 euros<\/strong>, que pode atingir <strong>750 euros em caso de reincid\u00eancia<\/strong>.<\/p>\n\n<div style=\"height:16px\" aria-hidden=\"true\" class=\"wp-block-spacer\"><\/div>\n\n<h3 class=\"wp-block-heading\">Fumar enquanto conduzes: Est\u00e1s autorizado ou proibido?<\/h3>\n\n<div style=\"height:16px\" aria-hidden=\"true\" class=\"wp-block-spacer\"><\/div>\n\n<p>A <strong>lei n\u00e3o pro\u00edbe explicitamente<\/strong> a utiliza\u00e7\u00e3o de cigarros electr\u00f3nicos <strong>durante a condu\u00e7\u00e3o<\/strong>, mas aplicam-se as mesmas regras que aos cigarros convencionais. Se a utiliza\u00e7\u00e3o de um cigarro eletr\u00f3nico prejudicar a vigil\u00e2ncia do condutor, pode ser-lhe aplicada uma coima. <\/p>\n\n<div style=\"height:16px\" aria-hidden=\"true\" class=\"wp-block-spacer\"><\/div>\n\n<figure class=\"wp-block-image size-large\"><img decoding=\"async\" width=\"1024\" height=\"585\" src=\"https:\/\/www.mylasertabac.com\/wp-content\/uploads\/2025\/02\/est-on-capable-de-conduire-sans-etre-distrec-quand-on-fume-en-conduisant-1024x585.png\" alt=\"\" class=\"wp-image-4218\" srcset=\"https:\/\/www.mylasertabac.com\/wp-content\/uploads\/2025\/02\/est-on-capable-de-conduire-sans-etre-distrec-quand-on-fume-en-conduisant-1024x585.png 1024w, https:\/\/www.mylasertabac.com\/wp-content\/uploads\/2025\/02\/est-on-capable-de-conduire-sans-etre-distrec-quand-on-fume-en-conduisant-300x171.png 300w, https:\/\/www.mylasertabac.com\/wp-content\/uploads\/2025\/02\/est-on-capable-de-conduire-sans-etre-distrec-quand-on-fume-en-conduisant-768x439.png 768w, https:\/\/www.mylasertabac.com\/wp-content\/uploads\/2025\/02\/est-on-capable-de-conduire-sans-etre-distrec-quand-on-fume-en-conduisant-1536x878.png 1536w, https:\/\/www.mylasertabac.com\/wp-content\/uploads\/2025\/02\/est-on-capable-de-conduire-sans-etre-distrec-quand-on-fume-en-conduisant.png 1792w\" sizes=\"(max-width: 1024px) 100vw, 1024px\" \/><\/figure>\n\n<div style=\"height:21px\" aria-hidden=\"true\" class=\"wp-block-spacer\"><\/div>\n\n<h2 class=\"wp-block-heading\">Os perigos de fumar no carro<\/h2>\n\n<div style=\"height:16px\" aria-hidden=\"true\" class=\"wp-block-spacer\"><\/div>\n\n<h3 class=\"wp-block-heading\">Um risco de distra\u00e7\u00e3o<\/h3>\n\n<div style=\"height:16px\" aria-hidden=\"true\" class=\"wp-block-spacer\"><\/div>\n\n<p>Acender um cigarro, manusear um isqueiro, pegar num ma\u00e7o de tabaco ou deix\u00e1-lo cair acidentalmente, tudo isto distrai a aten\u00e7\u00e3o do condutor. Calcula-se que um segundo de desaten\u00e7\u00e3o pode ser fatal na estrada, especialmente a alta velocidade. <\/p>\n\n<div style=\"height:16px\" aria-hidden=\"true\" class=\"wp-block-spacer\"><\/div>\n\n<h3 class=\"wp-block-heading\">Fumo passivo em ambientes fechados<\/h3>\n\n<div style=\"height:16px\" aria-hidden=\"true\" class=\"wp-block-spacer\"><\/div>\n\n<p>No interior de um ve\u00edculo, <strong>o fumo do cigarro concentra-se rapidamente<\/strong>, mesmo com as janelas abertas. Os passageiros inalam um ar carregado de part\u00edculas t\u00f3xicas, que podem agravar os problemas respirat\u00f3rios, sobretudo das crian\u00e7as e dos idosos. <\/p>\n\n<div style=\"height:16px\" aria-hidden=\"true\" class=\"wp-block-spacer\"><\/div>\n\n<p>Estudos demonstraram que <strong>o n\u00edvel de toxinas presentes no ar de uma cabina para fumadores pode ser at\u00e9 10 vezes superior aos limiares autorizados em locais p\u00fablicos<\/strong>.<\/p>\n\n<div style=\"height:16px\" aria-hidden=\"true\" class=\"wp-block-spacer\"><\/div>\n\n<h3 class=\"wp-block-heading\">Impacto na capacidade de resposta<\/h3>\n\n<div style=\"height:16px\" aria-hidden=\"true\" class=\"wp-block-spacer\"><\/div>\n\n<p>A nicotina tem um efeito estimulante que pode provocar uma falsa sensa\u00e7\u00e3o de alerta, alterando a perce\u00e7\u00e3o do condutor. Al\u00e9m disso, quando seguras um cigarro, uma m\u00e3o est\u00e1 parcialmente ocupada, o que reduz a capacidade de reagir rapidamente em caso de perigo. <\/p>\n\n<div style=\"height:16px\" aria-hidden=\"true\" class=\"wp-block-spacer\"><\/div>\n\n<figure class=\"wp-block-image alignleft size-full is-resized\"><img decoding=\"async\" width=\"1024\" height=\"1024\" src=\"https:\/\/www.mylasertabac.com\/wp-content\/uploads\/2025\/02\/que-dis-la-loi-sur-la-consomation-de-cigarette-en-conduisant.png\" alt=\"\" class=\"wp-image-4226\" style=\"aspect-ratio:1;width:336px;height:auto\" srcset=\"https:\/\/www.mylasertabac.com\/wp-content\/uploads\/2025\/02\/que-dis-la-loi-sur-la-consomation-de-cigarette-en-conduisant.png 1024w, https:\/\/www.mylasertabac.com\/wp-content\/uploads\/2025\/02\/que-dis-la-loi-sur-la-consomation-de-cigarette-en-conduisant-300x300.png 300w, https:\/\/www.mylasertabac.com\/wp-content\/uploads\/2025\/02\/que-dis-la-loi-sur-la-consomation-de-cigarette-en-conduisant-150x150.png 150w, https:\/\/www.mylasertabac.com\/wp-content\/uploads\/2025\/02\/que-dis-la-loi-sur-la-consomation-de-cigarette-en-conduisant-768x768.png 768w\" sizes=\"(max-width: 1024px) 100vw, 1024px\" \/><\/figure>\n\n<h2 class=\"wp-block-heading\">Quais s\u00e3o as san\u00e7\u00f5es por excesso de fumo?<\/h2>\n\n<p>Se o fumo do cigarro prejudicar a visibilidade do condutor, pode ser aplicada <strong>uma coima fixa de 35 euros<\/strong>. Em casos extremos, se o fumo for considerado perigoso para a condu\u00e7\u00e3o, a infra\u00e7\u00e3o pode ser reclassificada como <strong>condu\u00e7\u00e3o perigosa<\/strong>, o que implica san\u00e7\u00f5es mais pesadas. <\/p>\n\n<h2 class=\"wp-block-heading\">Rumo a uma proibi\u00e7\u00e3o total no futuro?<\/h2>\n\n<p>Com pol\u00edticas de combate ao tabagismo e de prote\u00e7\u00e3o dos utentes da estrada, n\u00e3o est\u00e1 fora de quest\u00e3o que a regulamenta\u00e7\u00e3o evolua no sentido de uma proibi\u00e7\u00e3o total de fumar ao volante. Alguns pa\u00edses, como o Reino Unido e a It\u00e1lia, j\u00e1 adoptaram legisla\u00e7\u00e3o rigorosa que pro\u00edbe totalmente esta pr\u00e1tica. <\/p>\n\n<div style=\"height:26px\" aria-hidden=\"true\" class=\"wp-block-spacer\"><\/div>\n\n<h2 class=\"wp-block-heading\">Deixar de fumar: uma solu\u00e7\u00e3o que vale a pena considerar<\/h2>\n\n<div style=\"height:16px\" aria-hidden=\"true\" class=\"wp-block-spacer\"><\/div>\n\n<p>Tendo em conta os riscos para a seguran\u00e7a e a sa\u00fade, <strong>deixar de fumar continua a ser a melhor op\u00e7\u00e3o<\/strong>. Atualmente, existem v\u00e1rios m\u00e9todos dispon\u00edveis para ajudar os fumadores a deixar de fumar. <\/p>\n\n<div style=\"height:16px\" aria-hidden=\"true\" class=\"wp-block-spacer\"><\/div>\n\n<p>Uma das t\u00e9cnicas mais eficazes \u00e9 a <strong>auriculoterapia anti-tabaco a laser<\/strong>. Este m\u00e9todo consiste em estimular pontos espec\u00edficos do ouvido com um laser de baixa intensidade, reduzindo assim o desejo de fumar e aliviando os sintomas de abstin\u00eancia. <\/p>\n\n<div style=\"height:16px\" aria-hidden=\"true\" class=\"wp-block-spacer\"><\/div>\n\n<h3 class=\"wp-block-heading\">As vantagens do Laser Anti-Tabaco<\/h3>\n\n<div style=\"height:16px\" aria-hidden=\"true\" class=\"wp-block-spacer\"><\/div>\n\n<ul class=\"wp-block-list\">\n<li><strong>Sem drogas ou substitutos da nicotina<\/strong>: m\u00e9todo 100% natural.<\/li>\n\n\n\n<li><strong>N\u00e3o tens dores nem efeitos secund\u00e1rios<\/strong>.<\/li>\n\n\n\n<li><strong>Elevada taxa de sucesso<\/strong>: muitos pacientes param ap\u00f3s apenas uma sess\u00e3o.<\/li>\n\n\n\n<li><strong>Evita o aumento de peso associado \u00e0 abstin\u00eancia<\/strong>.<\/li>\n<\/ul>\n\n<div style=\"height:16px\" aria-hidden=\"true\" class=\"wp-block-spacer\"><\/div>\n\n<p>Ao combinar uma abordagem f\u00edsica e psicol\u00f3gica, esta t\u00e9cnica aumenta consideravelmente as hip\u00f3teses de sucesso para quem quer deixar de fumar definitivamente.<\/p>\n\n<p>Atualmente, 90% das pessoas que experimentaram o m\u00e9todo anti-tabaco a laser deixaram de fumar.<\/p>\n\n<div style=\"height:28px\" aria-hidden=\"true\" class=\"wp-block-spacer\"><\/div>\n\n<p class=\"has-cyan-bluish-gray-background-color has-background\">Tamb\u00e9m te pode interessar este artigo: <a href=\"https:\/\/www.mylasertabac.com\/pt-pt\/informacoes\/formacao-laser-anti-tabaco-e-contra-a-dependencia\/\"><mark style=\"background-color:rgba(0, 0, 0, 0)\" class=\"has-inline-color has-luminous-vivid-orange-color\">Forma\u00e7\u00e3o a laser anti-tabaco e contra a depend\u00eancia<\/mark><\/a><\/p>\n\n<div style=\"height:27px\" aria-hidden=\"true\" class=\"wp-block-spacer\"><\/div>\n\n<h2 class=\"wp-block-heading\">Conclus\u00e3o<\/h2>\n\n<div style=\"height:16px\" aria-hidden=\"true\" class=\"wp-block-spacer\"><\/div>\n\n<p>Fumar enquanto conduzes n\u00e3o \u00e9 estritamente proibido por lei, mas pode levar a san\u00e7\u00f5es se comprometer a seguran\u00e7a rodovi\u00e1ria. Entre os riscos de distra\u00e7\u00e3o, o impacto nos passageiros e a regulamenta\u00e7\u00e3o em vigor, \u00e9 essencial estar consciente dos perigos deste h\u00e1bito ao volante. <\/p>\n\n<p>Para aqueles que querem dar um passo em frente e deixar de fumar de vez, <strong> <a href=\"https:\/\/www.mylasertabac.com\/pt-pt\/\">a auriculoterapia anti-tabaco a laser<\/a><\/strong> \u00e9 uma solu\u00e7\u00e3o eficaz, natural e sem stress. Deixar de fumar n\u00e3o s\u00f3 melhora a tua seguran\u00e7a no carro, como tamb\u00e9m protege a tua sa\u00fade e a dos outros. <\/p>\n\n<div style=\"height:60px\" aria-hidden=\"true\" class=\"wp-block-spacer\"><\/div>\n\n<figure class=\"wp-block-image size-large\"><img decoding=\"async\" src=\"https:\/\/www.mylasertabac.com\/wp-content\/uploads\/\/mlt-verteau.svg\" alt=\"\" class=\"wp-image-13\"\/><\/figure>\n","protected":false},"excerpt":{"rendered":"<p>Uma pr\u00e1tica comum mas arriscada Muitos automobilistas adquiriram o h\u00e1bito de fumar enquanto conduzem, sem necessariamente se perguntarem se \u00e9 legal ou perigoso faz\u00ea-lo. No entanto, acender um cigarro ao volante distrai o condutor, o que pode ter consequ\u00eancias para a seguran\u00e7a rodovi\u00e1ria. Vejamos as regras em vigor, os riscos e o impacto na sa\u00fade. [&hellip;]<\/p>\n","protected":false},"author":2,"featured_media":4208,"comment_status":"closed","ping_status":"open","sticky":false,"template":"","format":"standard","meta":{"inline_featured_image":false,"footnotes":""},"categories":[562],"tags":[],"class_list":["post-4244","post","type-post","status-publish","format-standard","has-post-thumbnail","hentry","category-codigo-da-estrada"],"yoast_head":"<!-- This site is optimized with the Yoast SEO plugin v27.4 - https:\/\/yoast.com\/product\/yoast-seo-wordpress\/ -->\n<title>Fumar enquanto conduzes: \u00e9 permitido ou n\u00e3o? - My Laser Tabac<\/title>\n<meta name=\"description\" content=\"Fumar enquanto conduzes: \u00e9 legal? Descobre as leis, os riscos e as san\u00e7\u00f5es associadas ao ato de fumar ao volante, para uma condu\u00e7\u00e3o mais segura.\" \/>\n<meta name=\"robots\" content=\"index, follow, max-snippet:-1, max-image-preview:large, max-video-preview:-1\" \/>\n<link rel=\"canonical\" href=\"https:\/\/www.mylasertabac.com\/pt-pt\/fumar-enquanto-conduzes-e-permitido-ou-nao\/\" \/>\n<meta property=\"og:locale\" content=\"pt_PT\" \/>\n<meta property=\"og:type\" content=\"article\" \/>\n<meta property=\"og:title\" content=\"Fumar enquanto conduzes: \u00e9 permitido ou n\u00e3o? - My Laser Tabac\" \/>\n<meta property=\"og:description\" content=\"Fumar enquanto conduzes: \u00e9 legal? Descobre as leis, os riscos e as san\u00e7\u00f5es associadas ao ato de fumar ao volante, para uma condu\u00e7\u00e3o mais segura.\" \/>\n<meta property=\"og:url\" content=\"https:\/\/www.mylasertabac.com\/pt-pt\/fumar-enquanto-conduzes-e-permitido-ou-nao\/\" \/>\n<meta property=\"og:site_name\" content=\"My Laser Tabac\" \/>\n<meta property=\"article:author\" content=\"https:\/\/www.facebook.com\/profile.php?id=61571554707319\" \/>\n<meta property=\"article:published_time\" content=\"2025-02-23T10:41:54+00:00\" \/>\n<meta property=\"article:modified_time\" content=\"2025-02-24T10:28:49+00:00\" \/>\n<meta property=\"og:image\" content=\"https:\/\/www.mylasertabac.com\/wp-content\/uploads\/2025\/02\/fumer-en-voiture-a-ton-le-droit-.png\" \/>\n\t<meta property=\"og:image:width\" content=\"800\" \/>\n\t<meta property=\"og:image:height\" content=\"800\" \/>\n\t<meta property=\"og:image:type\" content=\"image\/png\" \/>\n<meta name=\"author\" content=\"Florian Fortes\" \/>\n<meta name=\"twitter:card\" content=\"summary_large_image\" \/>\n<meta name=\"twitter:label1\" content=\"Escrito por\" \/>\n\t<meta name=\"twitter:data1\" content=\"Florian Fortes\" \/>\n\t<meta name=\"twitter:label2\" content=\"Tempo estimado de leitura\" \/>\n\t<meta name=\"twitter:data2\" content=\"5 minutos\" \/>\n<script type=\"application\/ld+json\" class=\"yoast-schema-graph\">{\"@context\":\"https:\\\/\\\/schema.org\",\"@graph\":[{\"@type\":\"Article\",\"@id\":\"https:\\\/\\\/www.mylasertabac.com\\\/pt-pt\\\/fumar-enquanto-conduzes-e-permitido-ou-nao\\\/#article\",\"isPartOf\":{\"@id\":\"https:\\\/\\\/www.mylasertabac.com\\\/pt-pt\\\/fumar-enquanto-conduzes-e-permitido-ou-nao\\\/\"},\"author\":{\"name\":\"Florian Fortes\",\"@id\":\"https:\\\/\\\/www.mylasertabac.com\\\/pt-pt\\\/#\\\/schema\\\/person\\\/02c249cb76d912efb6c315ec23eccdf3\"},\"headline\":\"Fumar enquanto conduzes: \u00e9 permitido ou n\u00e3o?\",\"datePublished\":\"2025-02-23T10:41:54+00:00\",\"dateModified\":\"2025-02-24T10:28:49+00:00\",\"mainEntityOfPage\":{\"@id\":\"https:\\\/\\\/www.mylasertabac.com\\\/pt-pt\\\/fumar-enquanto-conduzes-e-permitido-ou-nao\\\/\"},\"wordCount\":971,\"publisher\":{\"@id\":\"https:\\\/\\\/www.mylasertabac.com\\\/pt-pt\\\/#organization\"},\"image\":{\"@id\":\"https:\\\/\\\/www.mylasertabac.com\\\/pt-pt\\\/fumar-enquanto-conduzes-e-permitido-ou-nao\\\/#primaryimage\"},\"thumbnailUrl\":\"https:\\\/\\\/www.mylasertabac.com\\\/wp-content\\\/uploads\\\/2025\\\/02\\\/fumer-en-voiture-a-ton-le-droit-.png\",\"articleSection\":[\"c\u00f3digo da estrada\"],\"inLanguage\":\"pt-PT\"},{\"@type\":\"WebPage\",\"@id\":\"https:\\\/\\\/www.mylasertabac.com\\\/pt-pt\\\/fumar-enquanto-conduzes-e-permitido-ou-nao\\\/\",\"url\":\"https:\\\/\\\/www.mylasertabac.com\\\/pt-pt\\\/fumar-enquanto-conduzes-e-permitido-ou-nao\\\/\",\"name\":\"Fumar enquanto conduzes: \u00e9 permitido ou n\u00e3o? - My Laser Tabac\",\"isPartOf\":{\"@id\":\"https:\\\/\\\/www.mylasertabac.com\\\/pt-pt\\\/#website\"},\"primaryImageOfPage\":{\"@id\":\"https:\\\/\\\/www.mylasertabac.com\\\/pt-pt\\\/fumar-enquanto-conduzes-e-permitido-ou-nao\\\/#primaryimage\"},\"image\":{\"@id\":\"https:\\\/\\\/www.mylasertabac.com\\\/pt-pt\\\/fumar-enquanto-conduzes-e-permitido-ou-nao\\\/#primaryimage\"},\"thumbnailUrl\":\"https:\\\/\\\/www.mylasertabac.com\\\/wp-content\\\/uploads\\\/2025\\\/02\\\/fumer-en-voiture-a-ton-le-droit-.png\",\"datePublished\":\"2025-02-23T10:41:54+00:00\",\"dateModified\":\"2025-02-24T10:28:49+00:00\",\"description\":\"Fumar enquanto conduzes: \u00e9 legal? Descobre as leis, os riscos e as san\u00e7\u00f5es associadas ao ato de fumar ao volante, para uma condu\u00e7\u00e3o mais segura.\",\"breadcrumb\":{\"@id\":\"https:\\\/\\\/www.mylasertabac.com\\\/pt-pt\\\/fumar-enquanto-conduzes-e-permitido-ou-nao\\\/#breadcrumb\"},\"inLanguage\":\"pt-PT\",\"potentialAction\":[{\"@type\":\"ReadAction\",\"target\":[\"https:\\\/\\\/www.mylasertabac.com\\\/pt-pt\\\/fumar-enquanto-conduzes-e-permitido-ou-nao\\\/\"]}]},{\"@type\":\"ImageObject\",\"inLanguage\":\"pt-PT\",\"@id\":\"https:\\\/\\\/www.mylasertabac.com\\\/pt-pt\\\/fumar-enquanto-conduzes-e-permitido-ou-nao\\\/#primaryimage\",\"url\":\"https:\\\/\\\/www.mylasertabac.com\\\/wp-content\\\/uploads\\\/2025\\\/02\\\/fumer-en-voiture-a-ton-le-droit-.png\",\"contentUrl\":\"https:\\\/\\\/www.mylasertabac.com\\\/wp-content\\\/uploads\\\/2025\\\/02\\\/fumer-en-voiture-a-ton-le-droit-.png\",\"width\":1024,\"height\":1024},{\"@type\":\"BreadcrumbList\",\"@id\":\"https:\\\/\\\/www.mylasertabac.com\\\/pt-pt\\\/fumar-enquanto-conduzes-e-permitido-ou-nao\\\/#breadcrumb\",\"itemListElement\":[{\"@type\":\"ListItem\",\"position\":1,\"name\":\"Accueil\",\"item\":\"https:\\\/\\\/www.mylasertabac.com\\\/pt-pt\\\/casa\\\/\"},{\"@type\":\"ListItem\",\"position\":2,\"name\":\"Fumar enquanto conduzes: \u00e9 permitido ou n\u00e3o?\"}]},{\"@type\":\"WebSite\",\"@id\":\"https:\\\/\\\/www.mylasertabac.com\\\/pt-pt\\\/#website\",\"url\":\"https:\\\/\\\/www.mylasertabac.com\\\/pt-pt\\\/\",\"name\":\"My Laser Tabac\",\"description\":\"La solution laser qui transforme les fumeurs en ex-fumeurs\",\"publisher\":{\"@id\":\"https:\\\/\\\/www.mylasertabac.com\\\/pt-pt\\\/#organization\"},\"potentialAction\":[{\"@type\":\"SearchAction\",\"target\":{\"@type\":\"EntryPoint\",\"urlTemplate\":\"https:\\\/\\\/www.mylasertabac.com\\\/pt-pt\\\/?s={search_term_string}\"},\"query-input\":{\"@type\":\"PropertyValueSpecification\",\"valueRequired\":true,\"valueName\":\"search_term_string\"}}],\"inLanguage\":\"pt-PT\"},{\"@type\":\"Organization\",\"@id\":\"https:\\\/\\\/www.mylasertabac.com\\\/pt-pt\\\/#organization\",\"name\":\"My Laser Tabac\",\"url\":\"https:\\\/\\\/www.mylasertabac.com\\\/pt-pt\\\/\",\"logo\":{\"@type\":\"ImageObject\",\"inLanguage\":\"pt-PT\",\"@id\":\"https:\\\/\\\/www.mylasertabac.com\\\/pt-pt\\\/#\\\/schema\\\/logo\\\/image\\\/\",\"url\":\"https:\\\/\\\/www.mylasertabac.com\\\/wp-content\\\/uploads\\\/2024\\\/12\\\/mlt-verteau.svg\",\"contentUrl\":\"https:\\\/\\\/www.mylasertabac.com\\\/wp-content\\\/uploads\\\/2024\\\/12\\\/mlt-verteau.svg\",\"caption\":\"My Laser Tabac\"},\"image\":{\"@id\":\"https:\\\/\\\/www.mylasertabac.com\\\/pt-pt\\\/#\\\/schema\\\/logo\\\/image\\\/\"}},{\"@type\":\"Person\",\"@id\":\"https:\\\/\\\/www.mylasertabac.com\\\/pt-pt\\\/#\\\/schema\\\/person\\\/02c249cb76d912efb6c315ec23eccdf3\",\"name\":\"Florian Fortes\",\"image\":{\"@type\":\"ImageObject\",\"inLanguage\":\"pt-PT\",\"@id\":\"https:\\\/\\\/www.mylasertabac.com\\\/wp-content\\\/litespeed\\\/avatar\\\/142101a71d7b9e6490c1120d9c109a67.jpg?ver=1776856306\",\"url\":\"https:\\\/\\\/www.mylasertabac.com\\\/wp-content\\\/litespeed\\\/avatar\\\/142101a71d7b9e6490c1120d9c109a67.jpg?ver=1776856306\",\"contentUrl\":\"https:\\\/\\\/www.mylasertabac.com\\\/wp-content\\\/litespeed\\\/avatar\\\/142101a71d7b9e6490c1120d9c109a67.jpg?ver=1776856306\",\"caption\":\"Florian Fortes\"},\"sameAs\":[\"https:\\\/\\\/www.mylasertabac.com\",\"https:\\\/\\\/www.facebook.com\\\/profile.php?id=61571554707319\"],\"url\":\"https:\\\/\\\/www.mylasertabac.com\\\/pt-pt\\\/author\\\/florianfortes5312\\\/\"}]}<\/script>\n<!-- \/ Yoast SEO plugin. -->","yoast_head_json":{"title":"Fumar enquanto conduzes: \u00e9 permitido ou n\u00e3o? - My Laser Tabac","description":"Fumar enquanto conduzes: \u00e9 legal? Descobre as leis, os riscos e as san\u00e7\u00f5es associadas ao ato de fumar ao volante, para uma condu\u00e7\u00e3o mais segura.","robots":{"index":"index","follow":"follow","max-snippet":"max-snippet:-1","max-image-preview":"max-image-preview:large","max-video-preview":"max-video-preview:-1"},"canonical":"https:\/\/www.mylasertabac.com\/pt-pt\/fumar-enquanto-conduzes-e-permitido-ou-nao\/","og_locale":"pt_PT","og_type":"article","og_title":"Fumar enquanto conduzes: \u00e9 permitido ou n\u00e3o? - My Laser Tabac","og_description":"Fumar enquanto conduzes: \u00e9 legal? Descobre as leis, os riscos e as san\u00e7\u00f5es associadas ao ato de fumar ao volante, para uma condu\u00e7\u00e3o mais segura.","og_url":"https:\/\/www.mylasertabac.com\/pt-pt\/fumar-enquanto-conduzes-e-permitido-ou-nao\/","og_site_name":"My Laser Tabac","article_author":"https:\/\/www.facebook.com\/profile.php?id=61571554707319","article_published_time":"2025-02-23T10:41:54+00:00","article_modified_time":"2025-02-24T10:28:49+00:00","og_image":[{"url":"https:\/\/www.mylasertabac.com\/wp-content\/uploads\/2025\/02\/fumer-en-voiture-a-ton-le-droit-.png","width":800,"height":800,"type":"image\/png"}],"author":"Florian Fortes","twitter_card":"summary_large_image","twitter_misc":{"Escrito por":"Florian Fortes","Tempo estimado de leitura":"5 minutos"},"schema":{"@context":"https:\/\/schema.org","@graph":[{"@type":"Article","@id":"https:\/\/www.mylasertabac.com\/pt-pt\/fumar-enquanto-conduzes-e-permitido-ou-nao\/#article","isPartOf":{"@id":"https:\/\/www.mylasertabac.com\/pt-pt\/fumar-enquanto-conduzes-e-permitido-ou-nao\/"},"author":{"name":"Florian Fortes","@id":"https:\/\/www.mylasertabac.com\/pt-pt\/#\/schema\/person\/02c249cb76d912efb6c315ec23eccdf3"},"headline":"Fumar enquanto conduzes: \u00e9 permitido ou n\u00e3o?","datePublished":"2025-02-23T10:41:54+00:00","dateModified":"2025-02-24T10:28:49+00:00","mainEntityOfPage":{"@id":"https:\/\/www.mylasertabac.com\/pt-pt\/fumar-enquanto-conduzes-e-permitido-ou-nao\/"},"wordCount":971,"publisher":{"@id":"https:\/\/www.mylasertabac.com\/pt-pt\/#organization"},"image":{"@id":"https:\/\/www.mylasertabac.com\/pt-pt\/fumar-enquanto-conduzes-e-permitido-ou-nao\/#primaryimage"},"thumbnailUrl":"https:\/\/www.mylasertabac.com\/wp-content\/uploads\/2025\/02\/fumer-en-voiture-a-ton-le-droit-.png","articleSection":["c\u00f3digo da estrada"],"inLanguage":"pt-PT"},{"@type":"WebPage","@id":"https:\/\/www.mylasertabac.com\/pt-pt\/fumar-enquanto-conduzes-e-permitido-ou-nao\/","url":"https:\/\/www.mylasertabac.com\/pt-pt\/fumar-enquanto-conduzes-e-permitido-ou-nao\/","name":"Fumar enquanto conduzes: \u00e9 permitido ou n\u00e3o? - My Laser Tabac","isPartOf":{"@id":"https:\/\/www.mylasertabac.com\/pt-pt\/#website"},"primaryImageOfPage":{"@id":"https:\/\/www.mylasertabac.com\/pt-pt\/fumar-enquanto-conduzes-e-permitido-ou-nao\/#primaryimage"},"image":{"@id":"https:\/\/www.mylasertabac.com\/pt-pt\/fumar-enquanto-conduzes-e-permitido-ou-nao\/#primaryimage"},"thumbnailUrl":"https:\/\/www.mylasertabac.com\/wp-content\/uploads\/2025\/02\/fumer-en-voiture-a-ton-le-droit-.png","datePublished":"2025-02-23T10:41:54+00:00","dateModified":"2025-02-24T10:28:49+00:00","description":"Fumar enquanto conduzes: \u00e9 legal? Descobre as leis, os riscos e as san\u00e7\u00f5es associadas ao ato de fumar ao volante, para uma condu\u00e7\u00e3o mais segura.","breadcrumb":{"@id":"https:\/\/www.mylasertabac.com\/pt-pt\/fumar-enquanto-conduzes-e-permitido-ou-nao\/#breadcrumb"},"inLanguage":"pt-PT","potentialAction":[{"@type":"ReadAction","target":["https:\/\/www.mylasertabac.com\/pt-pt\/fumar-enquanto-conduzes-e-permitido-ou-nao\/"]}]},{"@type":"ImageObject","inLanguage":"pt-PT","@id":"https:\/\/www.mylasertabac.com\/pt-pt\/fumar-enquanto-conduzes-e-permitido-ou-nao\/#primaryimage","url":"https:\/\/www.mylasertabac.com\/wp-content\/uploads\/2025\/02\/fumer-en-voiture-a-ton-le-droit-.png","contentUrl":"https:\/\/www.mylasertabac.com\/wp-content\/uploads\/2025\/02\/fumer-en-voiture-a-ton-le-droit-.png","width":1024,"height":1024},{"@type":"BreadcrumbList","@id":"https:\/\/www.mylasertabac.com\/pt-pt\/fumar-enquanto-conduzes-e-permitido-ou-nao\/#breadcrumb","itemListElement":[{"@type":"ListItem","position":1,"name":"Accueil","item":"https:\/\/www.mylasertabac.com\/pt-pt\/casa\/"},{"@type":"ListItem","position":2,"name":"Fumar enquanto conduzes: \u00e9 permitido ou n\u00e3o?"}]},{"@type":"WebSite","@id":"https:\/\/www.mylasertabac.com\/pt-pt\/#website","url":"https:\/\/www.mylasertabac.com\/pt-pt\/","name":"My Laser Tabac","description":"La solution laser qui transforme les fumeurs en ex-fumeurs","publisher":{"@id":"https:\/\/www.mylasertabac.com\/pt-pt\/#organization"},"potentialAction":[{"@type":"SearchAction","target":{"@type":"EntryPoint","urlTemplate":"https:\/\/www.mylasertabac.com\/pt-pt\/?s={search_term_string}"},"query-input":{"@type":"PropertyValueSpecification","valueRequired":true,"valueName":"search_term_string"}}],"inLanguage":"pt-PT"},{"@type":"Organization","@id":"https:\/\/www.mylasertabac.com\/pt-pt\/#organization","name":"My Laser Tabac","url":"https:\/\/www.mylasertabac.com\/pt-pt\/","logo":{"@type":"ImageObject","inLanguage":"pt-PT","@id":"https:\/\/www.mylasertabac.com\/pt-pt\/#\/schema\/logo\/image\/","url":"https:\/\/www.mylasertabac.com\/wp-content\/uploads\/2024\/12\/mlt-verteau.svg","contentUrl":"https:\/\/www.mylasertabac.com\/wp-content\/uploads\/2024\/12\/mlt-verteau.svg","caption":"My Laser Tabac"},"image":{"@id":"https:\/\/www.mylasertabac.com\/pt-pt\/#\/schema\/logo\/image\/"}},{"@type":"Person","@id":"https:\/\/www.mylasertabac.com\/pt-pt\/#\/schema\/person\/02c249cb76d912efb6c315ec23eccdf3","name":"Florian Fortes","image":{"@type":"ImageObject","inLanguage":"pt-PT","@id":"https:\/\/www.mylasertabac.com\/wp-content\/litespeed\/avatar\/142101a71d7b9e6490c1120d9c109a67.jpg?ver=1776856306","url":"https:\/\/www.mylasertabac.com\/wp-content\/litespeed\/avatar\/142101a71d7b9e6490c1120d9c109a67.jpg?ver=1776856306","contentUrl":"https:\/\/www.mylasertabac.com\/wp-content\/litespeed\/avatar\/142101a71d7b9e6490c1120d9c109a67.jpg?ver=1776856306","caption":"Florian Fortes"},"sameAs":["https:\/\/www.mylasertabac.com","https:\/\/www.facebook.com\/profile.php?id=61571554707319"],"url":"https:\/\/www.mylasertabac.com\/pt-pt\/author\/florianfortes5312\/"}]}},"_links":{"self":[{"href":"https:\/\/www.mylasertabac.com\/pt-pt\/wp-json\/wp\/v2\/posts\/4244","targetHints":{"allow":["GET"]}}],"collection":[{"href":"https:\/\/www.mylasertabac.com\/pt-pt\/wp-json\/wp\/v2\/posts"}],"about":[{"href":"https:\/\/www.mylasertabac.com\/pt-pt\/wp-json\/wp\/v2\/types\/post"}],"author":[{"embeddable":true,"href":"https:\/\/www.mylasertabac.com\/pt-pt\/wp-json\/wp\/v2\/users\/2"}],"replies":[{"embeddable":true,"href":"https:\/\/www.mylasertabac.com\/pt-pt\/wp-json\/wp\/v2\/comments?post=4244"}],"version-history":[{"count":1,"href":"https:\/\/www.mylasertabac.com\/pt-pt\/wp-json\/wp\/v2\/posts\/4244\/revisions"}],"predecessor-version":[{"id":4246,"href":"https:\/\/www.mylasertabac.com\/pt-pt\/wp-json\/wp\/v2\/posts\/4244\/revisions\/4246"}],"wp:featuredmedia":[{"embeddable":true,"href":"https:\/\/www.mylasertabac.com\/pt-pt\/wp-json\/wp\/v2\/media\/4208"}],"wp:attachment":[{"href":"https:\/\/www.mylasertabac.com\/pt-pt\/wp-json\/wp\/v2\/media?parent=4244"}],"wp:term":[{"taxonomy":"category","embeddable":true,"href":"https:\/\/www.mylasertabac.com\/pt-pt\/wp-json\/wp\/v2\/categories?post=4244"},{"taxonomy":"post_tag","embeddable":true,"href":"https:\/\/www.mylasertabac.com\/pt-pt\/wp-json\/wp\/v2\/tags?post=4244"}],"curies":[{"name":"wp","href":"https:\/\/api.w.org\/{rel}","templated":true}]}}