{"id":4341,"date":"2025-03-01T11:24:32","date_gmt":"2025-03-01T10:24:32","guid":{"rendered":"https:\/\/www.mylasertabac.com\/consegues-deixar-de-fumar-numa-so-sessao\/"},"modified":"2025-04-08T14:45:13","modified_gmt":"2025-04-08T12:45:13","slug":"consegues-deixar-de-fumar-numa-so-sessao","status":"publish","type":"post","link":"https:\/\/www.mylasertabac.com\/pt-pt\/consegues-deixar-de-fumar-numa-so-sessao\/","title":{"rendered":"Consegues deixar de fumar numa s\u00f3 sess\u00e3o?"},"content":{"rendered":"\n<h2 class=\"wp-block-heading\"><strong>O laser para deixar de fumar \u00e9 eficaz numa s\u00f3 sess\u00e3o?<\/strong><\/h2>\n\n<div style=\"height:24px\" aria-hidden=\"true\" class=\"wp-block-spacer\"><\/div>\n\n<p><br\/>Em Fran\u00e7a, o interesse crescente pela cessa\u00e7\u00e3o tab\u00e1gica a laser, um <strong>novo<\/strong> m\u00e9todo sem substitutos qu\u00edmicos nem <strong>efeitos<\/strong> secund\u00e1rios, atrai as pessoas que procuram deixar de fumar sem os inconvenientes habituais. <strong>O tratamento<\/strong>a laser tem como objetivo acalmar o desejo de fumar, estimulando os pontos reflexos. Esta tecnologia inovadora \u00e9 promissora, mas h\u00e1 uma quest\u00e3o que se mant\u00e9m: podes realmente deixar de fumar numa s\u00f3 sess\u00e3o? Este artigo explora os efeitos do tratamento a laser, a sua aplica\u00e7\u00e3o em Fran\u00e7a e os testemunhos das pessoas que experimentaram este m\u00e9todo.   <\/p>\n\n<div style=\"height:24px\" aria-hidden=\"true\" class=\"wp-block-spacer\"><\/div>\n\n<h2 class=\"wp-block-heading\"><strong>O que \u00e9 a cessa\u00e7\u00e3o tab\u00e1gica a laser?<\/strong><\/h2>\n\n<div style=\"height:24px\" aria-hidden=\"true\" class=\"wp-block-spacer\"><\/div>\n\n<h3 class=\"wp-block-heading\"><strong>O princ\u00edpio da terapia laser para fumadores<\/strong><\/h3>\n\n<div style=\"height:24px\" aria-hidden=\"true\" class=\"wp-block-spacer\"><\/div>\n\n<p>A cessa\u00e7\u00e3o tab\u00e1gica por laser baseia-se num princ\u00edpio semelhante ao da acupunctura, mas sem agulhas. Ao utilizar um <strong>laser de baixa intensidade<\/strong> em pontos estrat\u00e9gicos do corpo, esta t\u00e9cnica estimula a produ\u00e7\u00e3o de endorfinas, as hormonas do bem-estar que compensam a abstin\u00eancia da nicotina. Em Fran\u00e7a, <strong>os centros de<\/strong> cessa\u00e7\u00e3o tab\u00e1gica que prop\u00f5em esta t\u00e9cnica est\u00e3o a ter um sucesso crescente, pois evita os <strong>sintomas secund\u00e1rios<\/strong> frequentemente associados ao abandono do cigarro.  <\/p>\n\n<div style=\"height:68px\" aria-hidden=\"true\" class=\"wp-block-spacer\"><\/div>\n\n<figure class=\"wp-block-image alignleft size-full is-resized\"><img fetchpriority=\"high\" decoding=\"async\" width=\"1024\" height=\"1024\" src=\"https:\/\/www.mylasertabac.com\/wp-content\/uploads\/2025\/02\/point-auriculotherapie-.png\" alt=\"\" class=\"wp-image-4314\" style=\"width:541px;height:auto\" srcset=\"https:\/\/www.mylasertabac.com\/wp-content\/uploads\/2025\/02\/point-auriculotherapie-.png 1024w, https:\/\/www.mylasertabac.com\/wp-content\/uploads\/2025\/02\/point-auriculotherapie--300x300.png 300w, https:\/\/www.mylasertabac.com\/wp-content\/uploads\/2025\/02\/point-auriculotherapie--150x150.png 150w, https:\/\/www.mylasertabac.com\/wp-content\/uploads\/2025\/02\/point-auriculotherapie--768x768.png 768w\" sizes=\"(max-width: 1024px) 100vw, 1024px\" \/><\/figure>\n\n<h3 class=\"wp-block-heading\"><strong>Quais s\u00e3o os pontos de tratamento visados pelo laser e quais s\u00e3o os seus efeitos?<\/strong><\/h3>\n\n<p>Durante o <strong>tratamento<\/strong>, o laser visa pontos espec\u00edficos, particularmente na<strong>orelha<\/strong>, pulsos e m\u00e3os. A ativa\u00e7\u00e3o destas zonas reduz o stress e diminui o desejo de fumar, acalmando os sinais de abstin\u00eancia enviados pelo c\u00e9rebro. Esta t\u00e9cnica tem efeitos r\u00e1pidos, ajudando <strong>os fumadores<\/strong> a sentirem-se mais calmos e menos propensos \u00e0s flutua\u00e7\u00f5es <strong>de peso<\/strong> frequentemente associadas \u00e0 cessa\u00e7\u00e3o tab\u00e1gica. Em apenas alguns minutos, a sess\u00e3o pode reduzir a vontade de fumar, uma vantagem para as pessoas preocupadas com o seu bem-estar.   <\/p>\n\n<div style=\"height:59px\" aria-hidden=\"true\" class=\"wp-block-spacer\"><\/div>\n\n<h2 class=\"wp-block-heading\"><strong>Consegues mesmo deixar de fumar com apenas uma sess\u00e3o de laser?<\/strong><\/h2>\n\n<div style=\"height:24px\" aria-hidden=\"true\" class=\"wp-block-spacer\"><\/div>\n\n<figure class=\"wp-block-image alignright size-full is-resized\"><img decoding=\"async\" width=\"1024\" height=\"1024\" src=\"https:\/\/www.mylasertabac.com\/wp-content\/uploads\/2025\/02\/combien-dure-une-seance-de-laser-.png\" alt=\"\" class=\"wp-image-4324\" style=\"width:451px;height:auto\" srcset=\"https:\/\/www.mylasertabac.com\/wp-content\/uploads\/2025\/02\/combien-dure-une-seance-de-laser-.png 1024w, https:\/\/www.mylasertabac.com\/wp-content\/uploads\/2025\/02\/combien-dure-une-seance-de-laser--300x300.png 300w, https:\/\/www.mylasertabac.com\/wp-content\/uploads\/2025\/02\/combien-dure-une-seance-de-laser--150x150.png 150w, https:\/\/www.mylasertabac.com\/wp-content\/uploads\/2025\/02\/combien-dure-une-seance-de-laser--768x768.png 768w\" sizes=\"(max-width: 1024px) 100vw, 1024px\" \/><\/figure>\n\n<h3 class=\"wp-block-heading\"><strong>A efic\u00e1cia de uma \u00fanica sess\u00e3o de laser<\/strong><\/h3>\n\n<p>Alguns especialistas em Fran\u00e7a defendem que, para os <strong>fumadores<\/strong> moderadamente dependentes, uma \u00fanica sess\u00e3o de laser pode ser suficiente para provocar mudan\u00e7as duradouras. No entanto, para os <strong>fumadores<\/strong> de longa dura\u00e7\u00e3o, podem ser necess\u00e1rias v\u00e1rias sess\u00f5es. O <strong>tratamento<\/strong> \u00e9 concebido para ter um efeito imediato, reduzindo o desejo de fumar e diminuindo o risco de reca\u00edda. As pessoas que experimentaram este tipo de desabitua\u00e7\u00e3o referem uma redu\u00e7\u00e3o r\u00e1pida dos seus desejos, o que constitui uma vantagem consider\u00e1vel quando se trata de enfrentar a depend\u00eancia com mais calma.   <\/p>\n\n<div style=\"height:59px\" aria-hidden=\"true\" class=\"wp-block-spacer\"><\/div>\n\n<h3 class=\"wp-block-heading\"><strong>A hist\u00f3ria de Jean: retirada bem sucedida gra\u00e7as ao tratamento a laser<\/strong><\/h3>\n\n<div style=\"height:24px\" aria-hidden=\"true\" class=\"wp-block-spacer\"><\/div>\n\n<p>Jean, 48 anos, <strong>fumador<\/strong> h\u00e1 mais de 20 anos, tentou v\u00e1rios m\u00e9todos antes de recorrer ao tratamento a laser num <strong>centro<\/strong> especializado em Fran\u00e7a. Explica que, logo na primeira sess\u00e3o, sentiu uma redu\u00e7\u00e3o da vontade de fumar. Embora os efeitos tenham sido r\u00e1pidos, Jean submeteu-se a duas sess\u00f5es adicionais para refor\u00e7ar o <strong>tratamento<\/strong> e evitar que os desejos voltassem. Hoje em dia, ap\u00f3s <strong>anos<\/strong> de <strong>tabagismo<\/strong>, refere uma melhoria acentuada do seu estado geral, sem altera\u00e7\u00f5es <strong>de peso e sem<\/strong>sintomas de stress.   <\/p>\n\n<div style=\"height:24px\" aria-hidden=\"true\" class=\"wp-block-spacer\"><\/div>\n\n<h3 class=\"wp-block-heading\"><strong>Podes passar sem substitutos?<\/strong><\/h3>\n\n<div style=\"height:24px\" aria-hidden=\"true\" class=\"wp-block-spacer\"><\/div>\n\n<p>Um dos pontos fortes do m\u00e9todo laser \u00e9 o facto de oferecer apoio sem substitutos, como pastilhas ou adesivos de nicotina. Evita assim os efeitos secund\u00e1rios por vezes causados pelos substitutos qu\u00edmicos, uma alternativa apreciada por muitos <strong>fumadores<\/strong> que procuram deixar de fumar naturalmente. Em Fran\u00e7a, esta abordagem sem substitutos \u00e9 recomendada para aqueles que preferem uma abstin\u00eancia suave, sem flutua\u00e7\u00f5es de peso ou ansiedade.  <\/p>\n\n<div style=\"height:28px\" aria-hidden=\"true\" class=\"wp-block-spacer\"><\/div>\n\n<p class=\"has-cyan-bluish-gray-background-color has-background\">Este artigo tamb\u00e9m pode ser do teu interesse: <a href=\"https:\/\/www.mylasertabac.com\/pt-pt\/junta-te-ao-franchising-laser-anti-tabac-e-beneficia-de-um-conceito-chave-na-mao-rentavel-2\/\"><mark style=\"background-color:#abb8c3\" class=\"has-inline-color has-luminous-vivid-orange-color\">Junta-te ao franchising Laser Anti-Tabac e beneficia de um conceito chave-na-m\u00e3o rent\u00e1vel<\/mark><\/a><\/p>\n\n<div style=\"height:28px\" aria-hidden=\"true\" class=\"wp-block-spacer\"><\/div>\n\n<h2 class=\"wp-block-heading\"><strong>Factores que influenciam a efic\u00e1cia do tratamento<\/strong><\/h2>\n\n<div style=\"height:24px\" aria-hidden=\"true\" class=\"wp-block-spacer\"><\/div>\n\n<h3 class=\"wp-block-heading\"><strong>N\u00edvel de depend\u00eancia do tabaco<\/strong><\/h3>\n\n<div style=\"height:24px\" aria-hidden=\"true\" class=\"wp-block-spacer\"><\/div>\n\n<p>A efic\u00e1cia do laser depende muito do grau de depend\u00eancia. <strong>Os fumadores<\/strong> que <strong>fumam<\/strong> h\u00e1 v\u00e1rios <strong>anos<\/strong> podem apresentar sintomas de abstin\u00eancia mais intensos, necessitando por vezes de v\u00e1rias sess\u00f5es de acompanhamento. Nestes casos, os <strong>centros<\/strong> recomendam um acompanhamento progressivo para reduzir os impulsos e alcan\u00e7ar a estabilidade. Esta abordagem \u00e9 particularmente \u00fatil para as pessoas cujo h\u00e1bito est\u00e1 profundamente enraizado, exigindo um apoio cont\u00ednuo.   <\/p>\n\n<div style=\"height:41px\" aria-hidden=\"true\" class=\"wp-block-spacer\"><\/div>\n\n<figure class=\"wp-block-image alignwide size-full\"><img decoding=\"async\" width=\"1024\" height=\"1024\" src=\"https:\/\/www.mylasertabac.com\/wp-content\/uploads\/2025\/02\/motivation-pour-arreter-de-fumer.png\" alt=\"\" class=\"wp-image-4444\" srcset=\"https:\/\/www.mylasertabac.com\/wp-content\/uploads\/2025\/02\/motivation-pour-arreter-de-fumer.png 1024w, https:\/\/www.mylasertabac.com\/wp-content\/uploads\/2025\/02\/motivation-pour-arreter-de-fumer-300x300.png 300w, https:\/\/www.mylasertabac.com\/wp-content\/uploads\/2025\/02\/motivation-pour-arreter-de-fumer-150x150.png 150w, https:\/\/www.mylasertabac.com\/wp-content\/uploads\/2025\/02\/motivation-pour-arreter-de-fumer-768x768.png 768w\" sizes=\"(max-width: 1024px) 100vw, 1024px\" \/><\/figure>\n\n<div style=\"height:46px\" aria-hidden=\"true\" class=\"wp-block-spacer\"><\/div>\n\n<h3 class=\"wp-block-heading\"><strong>Motiva\u00e7\u00e3o e apoio pessoal<\/strong><\/h3>\n\n<div style=\"height:24px\" aria-hidden=\"true\" class=\"wp-block-spacer\"><\/div>\n\n<p>O sucesso da cessa\u00e7\u00e3o tab\u00e1gica, qualquer que seja o m\u00e9todo, depende da motiva\u00e7\u00e3o pessoal. Em Fran\u00e7a, os especialistas em cessa\u00e7\u00e3o tab\u00e1gica insistem na import\u00e2ncia da determina\u00e7\u00e3o pessoal para aumentar a efic\u00e1cia do <strong>tratamento<\/strong>. V\u00e1rios centros oferecem apoio para orientar <strong>os fumadores<\/strong> no sentido de uma cessa\u00e7\u00e3o duradoura. Aqueles que abordam a sess\u00e3o de laser com uma atitude positiva e objectivos claros observam uma redu\u00e7\u00e3o dos <strong>sintomas<\/strong> de abstin\u00eancia e uma melhor gest\u00e3o do seu desejo de fumar.   <\/p>\n\n<div style=\"height:24px\" aria-hidden=\"true\" class=\"wp-block-spacer\"><\/div>\n\n<h3 class=\"wp-block-heading\"><strong>Acompanhamento ap\u00f3s o tratamento<\/strong><\/h3>\n\n<div style=\"height:24px\" aria-hidden=\"true\" class=\"wp-block-spacer\"><\/div>\n\n<p>Em muitos centros, \u00e9 proposto um acompanhamento personalizado ap\u00f3s a primeira sess\u00e3o. Este acompanhamento tem por objetivo refor\u00e7ar os <strong>efeitos do<\/strong> <strong>tratamento<\/strong>, limitar os <strong>sintomas secund\u00e1rios<\/strong> e estabilizar a cessa\u00e7\u00e3o. Pode incluir sess\u00f5es de apoio, exerc\u00edcios de relaxamento ou sess\u00f5es de lembrete. Ao refor\u00e7ar o efeito das sess\u00f5es de laser, o acompanhamento proporciona um apoio a longo prazo, o que \u00e9 particularmente \u00fatil para os <strong>fumadores<\/strong> com depend\u00eancia prolongada.   <\/p>\n\n<div style=\"height:24px\" aria-hidden=\"true\" class=\"wp-block-spacer\"><\/div>\n\n<h2 class=\"wp-block-heading\"><strong>Testemunhos e opini\u00f5es de especialistas<\/strong><\/h2>\n\n<div style=\"height:30px\" aria-hidden=\"true\" class=\"wp-block-spacer\"><\/div>\n\n<figure class=\"wp-block-image alignleft size-full is-resized\"><img loading=\"lazy\" decoding=\"async\" width=\"234\" height=\"360\" src=\"https:\/\/www.mylasertabac.com\/wp-content\/uploads\/2025\/02\/IMG_9795.jpg\" alt=\"\" class=\"wp-image-4436\" style=\"width:208px;height:auto\" srcset=\"https:\/\/www.mylasertabac.com\/wp-content\/uploads\/2025\/02\/IMG_9795.jpg 234w, https:\/\/www.mylasertabac.com\/wp-content\/uploads\/2025\/02\/IMG_9795-195x300.jpg 195w\" sizes=\"(max-width: 234px) 100vw, 234px\" \/><\/figure>\n\n<h3 class=\"wp-block-heading\"><strong>A hist\u00f3ria de C\u00e9line: deixar de fumar sem substitutos<\/strong><\/h3>\n\n<p>C\u00e9line, <strong>fumadora<\/strong> h\u00e1 15 anos, optou pelo m\u00e9todo laser devido \u00e0 sua abordagem suave e \u00e0 aus\u00eancia de efeitos secund\u00e1rios. Desde a primeira sess\u00e3o, sentiu uma melhoria na forma como geria os seus desejos. Hoje, diz que n\u00e3o tem vontade de fumar e que se sente mais serena. C\u00e9line tamb\u00e9m notou uma estabilidade no seu <strong>peso<\/strong>, uma preocupa\u00e7\u00e3o comum entre as pessoas que deixam de fumar. Em Fran\u00e7a, <strong>os centros<\/strong> especializados confirmam que resultados semelhantes s\u00e3o frequentemente observados entre os <strong>fumadores<\/strong> motivados.    <\/p>\n\n<h3 class=\"wp-block-heading\"><strong>Os profissionais e a abordagem laser<\/strong><\/h3>\n\n<p>Os especialistas observam que este m\u00e9todo estimula pontos como os do<strong>ouvido<\/strong> e outras zonas reflexas para reduzir a vontade de fumar. Este m\u00e9todo ajuda <strong>os fumadores<\/strong> a limitar <strong>os efeitos secund\u00e1rios<\/strong> de forma suave e sem substitutos. Para quem procura uma alternativa n\u00e3o invasiva, a terapia laser est\u00e1 a tornar-se uma solu\u00e7\u00e3o popular para uma retirada gradual e sem stress.  <\/p>\n\n<div style=\"height:56px\" aria-hidden=\"true\" class=\"wp-block-spacer\"><\/div>\n\n<div class=\"wp-block-buttons alignwide is-content-justification-center is-layout-flex wp-container-core-buttons-is-layout-a89b3969 wp-block-buttons-is-layout-flex\">\n<div class=\"wp-block-button\"><a class=\"wp-block-button__link wp-element-button\" href=\"https:\/\/www.mylasertabac.com\/pt-pt\/os-nossos-centros\/\">Marca uma consulta num dos nossos centros laser anti-tabaco<\/a><\/div>\n<\/div>\n\n<div style=\"height:38px\" aria-hidden=\"true\" class=\"wp-block-spacer\"><\/div>\n\n<h2 class=\"wp-block-heading\">Uma solu\u00e7\u00e3o eficaz e acess\u00edvel para deixar de fumar<\/h2>\n\n<div style=\"height:24px\" aria-hidden=\"true\" class=\"wp-block-spacer\"><\/div>\n\n<p>O <strong><a href=\"https:\/\/www.mylasertabac.com\/pt-pt\/\">laser para deixar de fumar<\/a><\/strong> \u00e9 uma alternativa cada vez mais popular para os <strong>fumadores<\/strong> que querem deixar <strong>os cigarros<\/strong> sem substitutos ou efeitos secund\u00e1rios. A sua efic\u00e1cia baseia-se na <strong>estimula\u00e7\u00e3o precisa dos pontos auriculares<\/strong> que reduzem naturalmente os desejos e ajudam a regular as emo\u00e7\u00f5es ligadas \u00e0 abstin\u00eancia da nicotina. Para muitas pessoas, uma \u00fanica sess\u00e3o pode ser suficiente, mas um acompanhamento personalizado num <strong>centro anti-tabagismo a laser<\/strong> ajuda a refor\u00e7ar e a manter os resultados obtidos.  <\/p>\n\n<p>Em Fran\u00e7a e na Europa, muitos <strong><a href=\"https:\/\/www.mylasertabac.com\/pt-pt\/\">centros laser anti-tabagismo<\/a><\/strong> prop\u00f5em este <strong>m\u00e9todo inovador<\/strong>, que ajuda os pacientes a conseguirem uma vida livre da <strong>depend\u00eancia do<\/strong> <strong>tabaco, do \u00e1lcool ou<\/strong> <strong>da<\/strong> <strong>can\u00e1bis<\/strong>. O interesse desta abordagem reside na sua efic\u00e1cia r\u00e1pida, na facilidade de aplica\u00e7\u00e3o e na aus\u00eancia de efeitos secund\u00e1rios. Gra\u00e7as \u00e0 sua <strong>forma\u00e7\u00e3o em laser anti-tabaco<\/strong>, os profissionais est\u00e3o em condi\u00e7\u00f5es de propor um programa de tratamento completo e adaptado ao perfil de cada <strong>fumador<\/strong>, aumentando assim a taxa de sucesso.  <\/p>\n\n<p>A utiliza\u00e7\u00e3o da <strong><a href=\"https:\/\/www.mylasertabac.com\/pt-pt\/\">auriculoterapia laser<\/a><\/strong> \u00e9 atualmente recomendado para as pessoas que procuram um <strong>tratamento natural e<\/strong>n\u00e3o invasivo para <strong>deixar de fumar<\/strong>. Esta tecnologia, associada a um acompanhamento personalizado, permite aos <strong>fumadores<\/strong> melhorar a sua qualidade de vida e evitar as reca\u00eddas. O <strong>laser anti-tabagismo<\/strong> actua reequilibrando as necessidades do organismo e ajudando a regular os sinais cerebrais associados ao desejo de fumar.  <\/p>\n\n<p>Se queres dizer adeus aos cigarros e recuperar uma sa\u00fade melhor sem stress ou aumento de peso, marca hoje uma consulta num <strong>centro laser anti-tabaco<\/strong> perto de ti em Fran\u00e7a ou na Europa. Confia num <strong>m\u00e9todo reconhecido<\/strong> que j\u00e1 permitiu a milhares de pessoas deixar de <strong>fumar<\/strong> definitivamente e voltar a desfrutar de uma vida mais saud\u00e1vel. <\/p>\n\n<p>N\u00e3o deixes que o teu <strong>v\u00edcio<\/strong> controle a tua vida di\u00e1ria. Contacta um <strong>centro especializado<\/strong> e descobre como <strong>o tratamento a laser<\/strong> te pode ajudar a virar a p\u00e1gina de vez. D\u00e1 o primeiro passo para uma vida sem tabaco agora mesmo! Para saberes mais sobre t\u00e9cnicas complementares ao tratamento a laser, l\u00ea o nosso artigo sobre estrat\u00e9gias de desabitua\u00e7\u00e3o para pessoas com uma depend\u00eancia mais intensa do tabaco. <\/p>\n\n<div style=\"height:40px\" aria-hidden=\"true\" class=\"wp-block-spacer\"><\/div>\n\n<figure class=\"wp-block-embed is-type-video is-provider-youtube wp-block-embed-youtube wp-embed-aspect-16-9 wp-has-aspect-ratio\"><div class=\"wp-block-embed__wrapper\">\n<iframe title=\"Tu veux arr\u00eater de fumer gr\u00e2ce au Laser de Star Wars ? #tabac #sant\u00e9 #arr\u00eatdutabac #sevragetabagique\" width=\"800\" height=\"450\" src=\"https:\/\/www.youtube.com\/embed\/POa3Whfz2bo?feature=oembed\" frameborder=\"0\" allow=\"accelerometer; autoplay; clipboard-write; encrypted-media; gyroscope; picture-in-picture; web-share\" referrerpolicy=\"strict-origin-when-cross-origin\" allowfullscreen><\/iframe>\n<\/div><\/figure>\n\n<div style=\"height:52px\" aria-hidden=\"true\" class=\"wp-block-spacer\"><\/div>\n\n<figure class=\"wp-block-image size-large\"><img decoding=\"async\" src=\"https:\/\/www.mylasertabac.com\/wp-content\/uploads\/\/mlt-verteau.svg\" alt=\"\" class=\"wp-image-13\"\/><\/figure>\n\n<p><\/p>\n","protected":false},"excerpt":{"rendered":"<p>O laser para deixar de fumar \u00e9 eficaz numa s\u00f3 sess\u00e3o? Em Fran\u00e7a, o interesse crescente pela cessa\u00e7\u00e3o tab\u00e1gica a laser, um novo m\u00e9todo sem substitutos qu\u00edmicos nem efeitos secund\u00e1rios, atrai as pessoas que procuram deixar de fumar sem os inconvenientes habituais. O tratamentoa laser tem como objetivo acalmar o desejo de fumar, estimulando os [&hellip;]<\/p>\n","protected":false},"author":2,"featured_media":4467,"comment_status":"closed","ping_status":"open","sticky":false,"template":"","format":"standard","meta":{"inline_featured_image":false,"footnotes":""},"categories":[136],"tags":[140],"class_list":["post-4341","post","type-post","status-publish","format-standard","has-post-thumbnail","hentry","category-deixa-de-fumar","tag-deixa-de-fumar"],"yoast_head":"<!-- This site is optimized with the Yoast SEO plugin v27.4 - https:\/\/yoast.com\/product\/yoast-seo-wordpress\/ -->\n<title>Consegues deixar de fumar numa s\u00f3 sess\u00e3o? - My Laser Tabac<\/title>\n<meta name=\"description\" content=\"Descobre mais sobre a cessa\u00e7\u00e3o tab\u00e1gica a laser, um m\u00e9todo natural e eficaz para deixar de fumar.\" \/>\n<meta name=\"robots\" content=\"index, follow, max-snippet:-1, max-image-preview:large, max-video-preview:-1\" \/>\n<link rel=\"canonical\" href=\"https:\/\/www.mylasertabac.com\/pt-pt\/consegues-deixar-de-fumar-numa-so-sessao\/\" \/>\n<meta property=\"og:locale\" content=\"pt_PT\" \/>\n<meta property=\"og:type\" content=\"article\" \/>\n<meta property=\"og:title\" content=\"Consegues deixar de fumar numa s\u00f3 sess\u00e3o? - My Laser Tabac\" \/>\n<meta property=\"og:description\" content=\"Descobre mais sobre a cessa\u00e7\u00e3o tab\u00e1gica a laser, um m\u00e9todo natural e eficaz para deixar de fumar.\" \/>\n<meta property=\"og:url\" content=\"https:\/\/www.mylasertabac.com\/pt-pt\/consegues-deixar-de-fumar-numa-so-sessao\/\" \/>\n<meta property=\"og:site_name\" content=\"My Laser Tabac\" \/>\n<meta property=\"article:author\" content=\"https:\/\/www.facebook.com\/profile.php?id=61571554707319\" \/>\n<meta property=\"article:published_time\" content=\"2025-03-01T10:24:32+00:00\" \/>\n<meta property=\"article:modified_time\" content=\"2025-04-08T12:45:13+00:00\" \/>\n<meta property=\"og:image\" content=\"https:\/\/www.mylasertabac.com\/wp-content\/uploads\/2025\/02\/peut-on-arreter-de-fumer-en-une-seance-.jpeg\" \/>\n\t<meta property=\"og:image:width\" content=\"986\" \/>\n\t<meta property=\"og:image:height\" content=\"969\" \/>\n\t<meta property=\"og:image:type\" content=\"image\/jpeg\" \/>\n<meta name=\"author\" content=\"Florian Fortes\" \/>\n<meta name=\"twitter:card\" content=\"summary_large_image\" \/>\n<meta name=\"twitter:label1\" content=\"Escrito por\" \/>\n\t<meta name=\"twitter:data1\" content=\"Florian Fortes\" \/>\n\t<meta name=\"twitter:label2\" content=\"Tempo estimado de leitura\" \/>\n\t<meta name=\"twitter:data2\" content=\"8 minutos\" \/>\n<script type=\"application\/ld+json\" class=\"yoast-schema-graph\">{\"@context\":\"https:\\\/\\\/schema.org\",\"@graph\":[{\"@type\":\"Article\",\"@id\":\"https:\\\/\\\/www.mylasertabac.com\\\/pt-pt\\\/consegues-deixar-de-fumar-numa-so-sessao\\\/#article\",\"isPartOf\":{\"@id\":\"https:\\\/\\\/www.mylasertabac.com\\\/pt-pt\\\/consegues-deixar-de-fumar-numa-so-sessao\\\/\"},\"author\":{\"name\":\"Florian Fortes\",\"@id\":\"https:\\\/\\\/www.mylasertabac.com\\\/pt-pt\\\/#\\\/schema\\\/person\\\/02c249cb76d912efb6c315ec23eccdf3\"},\"headline\":\"Consegues deixar de fumar numa s\u00f3 sess\u00e3o?\",\"datePublished\":\"2025-03-01T10:24:32+00:00\",\"dateModified\":\"2025-04-08T12:45:13+00:00\",\"mainEntityOfPage\":{\"@id\":\"https:\\\/\\\/www.mylasertabac.com\\\/pt-pt\\\/consegues-deixar-de-fumar-numa-so-sessao\\\/\"},\"wordCount\":1509,\"publisher\":{\"@id\":\"https:\\\/\\\/www.mylasertabac.com\\\/pt-pt\\\/#organization\"},\"image\":{\"@id\":\"https:\\\/\\\/www.mylasertabac.com\\\/pt-pt\\\/consegues-deixar-de-fumar-numa-so-sessao\\\/#primaryimage\"},\"thumbnailUrl\":\"https:\\\/\\\/www.mylasertabac.com\\\/wp-content\\\/uploads\\\/2025\\\/02\\\/peut-on-arreter-de-fumer-en-une-seance-.jpeg\",\"keywords\":[\"deixa de fumar\"],\"articleSection\":[\"Deixa de fumar\"],\"inLanguage\":\"pt-PT\"},{\"@type\":\"WebPage\",\"@id\":\"https:\\\/\\\/www.mylasertabac.com\\\/pt-pt\\\/consegues-deixar-de-fumar-numa-so-sessao\\\/\",\"url\":\"https:\\\/\\\/www.mylasertabac.com\\\/pt-pt\\\/consegues-deixar-de-fumar-numa-so-sessao\\\/\",\"name\":\"Consegues deixar de fumar numa s\u00f3 sess\u00e3o? - My Laser Tabac\",\"isPartOf\":{\"@id\":\"https:\\\/\\\/www.mylasertabac.com\\\/pt-pt\\\/#website\"},\"primaryImageOfPage\":{\"@id\":\"https:\\\/\\\/www.mylasertabac.com\\\/pt-pt\\\/consegues-deixar-de-fumar-numa-so-sessao\\\/#primaryimage\"},\"image\":{\"@id\":\"https:\\\/\\\/www.mylasertabac.com\\\/pt-pt\\\/consegues-deixar-de-fumar-numa-so-sessao\\\/#primaryimage\"},\"thumbnailUrl\":\"https:\\\/\\\/www.mylasertabac.com\\\/wp-content\\\/uploads\\\/2025\\\/02\\\/peut-on-arreter-de-fumer-en-une-seance-.jpeg\",\"datePublished\":\"2025-03-01T10:24:32+00:00\",\"dateModified\":\"2025-04-08T12:45:13+00:00\",\"description\":\"Descobre mais sobre a cessa\u00e7\u00e3o tab\u00e1gica a laser, um m\u00e9todo natural e eficaz para deixar de fumar.\",\"breadcrumb\":{\"@id\":\"https:\\\/\\\/www.mylasertabac.com\\\/pt-pt\\\/consegues-deixar-de-fumar-numa-so-sessao\\\/#breadcrumb\"},\"inLanguage\":\"pt-PT\",\"potentialAction\":[{\"@type\":\"ReadAction\",\"target\":[\"https:\\\/\\\/www.mylasertabac.com\\\/pt-pt\\\/consegues-deixar-de-fumar-numa-so-sessao\\\/\"]}]},{\"@type\":\"ImageObject\",\"inLanguage\":\"pt-PT\",\"@id\":\"https:\\\/\\\/www.mylasertabac.com\\\/pt-pt\\\/consegues-deixar-de-fumar-numa-so-sessao\\\/#primaryimage\",\"url\":\"https:\\\/\\\/www.mylasertabac.com\\\/wp-content\\\/uploads\\\/2025\\\/02\\\/peut-on-arreter-de-fumer-en-une-seance-.jpeg\",\"contentUrl\":\"https:\\\/\\\/www.mylasertabac.com\\\/wp-content\\\/uploads\\\/2025\\\/02\\\/peut-on-arreter-de-fumer-en-une-seance-.jpeg\",\"width\":986,\"height\":969},{\"@type\":\"BreadcrumbList\",\"@id\":\"https:\\\/\\\/www.mylasertabac.com\\\/pt-pt\\\/consegues-deixar-de-fumar-numa-so-sessao\\\/#breadcrumb\",\"itemListElement\":[{\"@type\":\"ListItem\",\"position\":1,\"name\":\"Accueil\",\"item\":\"https:\\\/\\\/www.mylasertabac.com\\\/pt-pt\\\/casa\\\/\"},{\"@type\":\"ListItem\",\"position\":2,\"name\":\"Consegues deixar de fumar numa s\u00f3 sess\u00e3o?\"}]},{\"@type\":\"WebSite\",\"@id\":\"https:\\\/\\\/www.mylasertabac.com\\\/pt-pt\\\/#website\",\"url\":\"https:\\\/\\\/www.mylasertabac.com\\\/pt-pt\\\/\",\"name\":\"My Laser Tabac\",\"description\":\"La solution laser qui transforme les fumeurs en ex-fumeurs\",\"publisher\":{\"@id\":\"https:\\\/\\\/www.mylasertabac.com\\\/pt-pt\\\/#organization\"},\"potentialAction\":[{\"@type\":\"SearchAction\",\"target\":{\"@type\":\"EntryPoint\",\"urlTemplate\":\"https:\\\/\\\/www.mylasertabac.com\\\/pt-pt\\\/?s={search_term_string}\"},\"query-input\":{\"@type\":\"PropertyValueSpecification\",\"valueRequired\":true,\"valueName\":\"search_term_string\"}}],\"inLanguage\":\"pt-PT\"},{\"@type\":\"Organization\",\"@id\":\"https:\\\/\\\/www.mylasertabac.com\\\/pt-pt\\\/#organization\",\"name\":\"My Laser Tabac\",\"url\":\"https:\\\/\\\/www.mylasertabac.com\\\/pt-pt\\\/\",\"logo\":{\"@type\":\"ImageObject\",\"inLanguage\":\"pt-PT\",\"@id\":\"https:\\\/\\\/www.mylasertabac.com\\\/pt-pt\\\/#\\\/schema\\\/logo\\\/image\\\/\",\"url\":\"https:\\\/\\\/www.mylasertabac.com\\\/wp-content\\\/uploads\\\/2024\\\/12\\\/mlt-verteau.svg\",\"contentUrl\":\"https:\\\/\\\/www.mylasertabac.com\\\/wp-content\\\/uploads\\\/2024\\\/12\\\/mlt-verteau.svg\",\"caption\":\"My Laser Tabac\"},\"image\":{\"@id\":\"https:\\\/\\\/www.mylasertabac.com\\\/pt-pt\\\/#\\\/schema\\\/logo\\\/image\\\/\"}},{\"@type\":\"Person\",\"@id\":\"https:\\\/\\\/www.mylasertabac.com\\\/pt-pt\\\/#\\\/schema\\\/person\\\/02c249cb76d912efb6c315ec23eccdf3\",\"name\":\"Florian Fortes\",\"image\":{\"@type\":\"ImageObject\",\"inLanguage\":\"pt-PT\",\"@id\":\"https:\\\/\\\/www.mylasertabac.com\\\/wp-content\\\/litespeed\\\/avatar\\\/142101a71d7b9e6490c1120d9c109a67.jpg?ver=1776856306\",\"url\":\"https:\\\/\\\/www.mylasertabac.com\\\/wp-content\\\/litespeed\\\/avatar\\\/142101a71d7b9e6490c1120d9c109a67.jpg?ver=1776856306\",\"contentUrl\":\"https:\\\/\\\/www.mylasertabac.com\\\/wp-content\\\/litespeed\\\/avatar\\\/142101a71d7b9e6490c1120d9c109a67.jpg?ver=1776856306\",\"caption\":\"Florian Fortes\"},\"sameAs\":[\"https:\\\/\\\/www.mylasertabac.com\",\"https:\\\/\\\/www.facebook.com\\\/profile.php?id=61571554707319\"],\"url\":\"https:\\\/\\\/www.mylasertabac.com\\\/pt-pt\\\/author\\\/florianfortes5312\\\/\"}]}<\/script>\n<!-- \/ Yoast SEO plugin. -->","yoast_head_json":{"title":"Consegues deixar de fumar numa s\u00f3 sess\u00e3o? - My Laser Tabac","description":"Descobre mais sobre a cessa\u00e7\u00e3o tab\u00e1gica a laser, um m\u00e9todo natural e eficaz para deixar de fumar.","robots":{"index":"index","follow":"follow","max-snippet":"max-snippet:-1","max-image-preview":"max-image-preview:large","max-video-preview":"max-video-preview:-1"},"canonical":"https:\/\/www.mylasertabac.com\/pt-pt\/consegues-deixar-de-fumar-numa-so-sessao\/","og_locale":"pt_PT","og_type":"article","og_title":"Consegues deixar de fumar numa s\u00f3 sess\u00e3o? - My Laser Tabac","og_description":"Descobre mais sobre a cessa\u00e7\u00e3o tab\u00e1gica a laser, um m\u00e9todo natural e eficaz para deixar de fumar.","og_url":"https:\/\/www.mylasertabac.com\/pt-pt\/consegues-deixar-de-fumar-numa-so-sessao\/","og_site_name":"My Laser Tabac","article_author":"https:\/\/www.facebook.com\/profile.php?id=61571554707319","article_published_time":"2025-03-01T10:24:32+00:00","article_modified_time":"2025-04-08T12:45:13+00:00","og_image":[{"width":986,"height":969,"url":"https:\/\/www.mylasertabac.com\/wp-content\/uploads\/2025\/02\/peut-on-arreter-de-fumer-en-une-seance-.jpeg","type":"image\/jpeg"}],"author":"Florian Fortes","twitter_card":"summary_large_image","twitter_misc":{"Escrito por":"Florian Fortes","Tempo estimado de leitura":"8 minutos"},"schema":{"@context":"https:\/\/schema.org","@graph":[{"@type":"Article","@id":"https:\/\/www.mylasertabac.com\/pt-pt\/consegues-deixar-de-fumar-numa-so-sessao\/#article","isPartOf":{"@id":"https:\/\/www.mylasertabac.com\/pt-pt\/consegues-deixar-de-fumar-numa-so-sessao\/"},"author":{"name":"Florian Fortes","@id":"https:\/\/www.mylasertabac.com\/pt-pt\/#\/schema\/person\/02c249cb76d912efb6c315ec23eccdf3"},"headline":"Consegues deixar de fumar numa s\u00f3 sess\u00e3o?","datePublished":"2025-03-01T10:24:32+00:00","dateModified":"2025-04-08T12:45:13+00:00","mainEntityOfPage":{"@id":"https:\/\/www.mylasertabac.com\/pt-pt\/consegues-deixar-de-fumar-numa-so-sessao\/"},"wordCount":1509,"publisher":{"@id":"https:\/\/www.mylasertabac.com\/pt-pt\/#organization"},"image":{"@id":"https:\/\/www.mylasertabac.com\/pt-pt\/consegues-deixar-de-fumar-numa-so-sessao\/#primaryimage"},"thumbnailUrl":"https:\/\/www.mylasertabac.com\/wp-content\/uploads\/2025\/02\/peut-on-arreter-de-fumer-en-une-seance-.jpeg","keywords":["deixa de fumar"],"articleSection":["Deixa de fumar"],"inLanguage":"pt-PT"},{"@type":"WebPage","@id":"https:\/\/www.mylasertabac.com\/pt-pt\/consegues-deixar-de-fumar-numa-so-sessao\/","url":"https:\/\/www.mylasertabac.com\/pt-pt\/consegues-deixar-de-fumar-numa-so-sessao\/","name":"Consegues deixar de fumar numa s\u00f3 sess\u00e3o? - My Laser Tabac","isPartOf":{"@id":"https:\/\/www.mylasertabac.com\/pt-pt\/#website"},"primaryImageOfPage":{"@id":"https:\/\/www.mylasertabac.com\/pt-pt\/consegues-deixar-de-fumar-numa-so-sessao\/#primaryimage"},"image":{"@id":"https:\/\/www.mylasertabac.com\/pt-pt\/consegues-deixar-de-fumar-numa-so-sessao\/#primaryimage"},"thumbnailUrl":"https:\/\/www.mylasertabac.com\/wp-content\/uploads\/2025\/02\/peut-on-arreter-de-fumer-en-une-seance-.jpeg","datePublished":"2025-03-01T10:24:32+00:00","dateModified":"2025-04-08T12:45:13+00:00","description":"Descobre mais sobre a cessa\u00e7\u00e3o tab\u00e1gica a laser, um m\u00e9todo natural e eficaz para deixar de fumar.","breadcrumb":{"@id":"https:\/\/www.mylasertabac.com\/pt-pt\/consegues-deixar-de-fumar-numa-so-sessao\/#breadcrumb"},"inLanguage":"pt-PT","potentialAction":[{"@type":"ReadAction","target":["https:\/\/www.mylasertabac.com\/pt-pt\/consegues-deixar-de-fumar-numa-so-sessao\/"]}]},{"@type":"ImageObject","inLanguage":"pt-PT","@id":"https:\/\/www.mylasertabac.com\/pt-pt\/consegues-deixar-de-fumar-numa-so-sessao\/#primaryimage","url":"https:\/\/www.mylasertabac.com\/wp-content\/uploads\/2025\/02\/peut-on-arreter-de-fumer-en-une-seance-.jpeg","contentUrl":"https:\/\/www.mylasertabac.com\/wp-content\/uploads\/2025\/02\/peut-on-arreter-de-fumer-en-une-seance-.jpeg","width":986,"height":969},{"@type":"BreadcrumbList","@id":"https:\/\/www.mylasertabac.com\/pt-pt\/consegues-deixar-de-fumar-numa-so-sessao\/#breadcrumb","itemListElement":[{"@type":"ListItem","position":1,"name":"Accueil","item":"https:\/\/www.mylasertabac.com\/pt-pt\/casa\/"},{"@type":"ListItem","position":2,"name":"Consegues deixar de fumar numa s\u00f3 sess\u00e3o?"}]},{"@type":"WebSite","@id":"https:\/\/www.mylasertabac.com\/pt-pt\/#website","url":"https:\/\/www.mylasertabac.com\/pt-pt\/","name":"My Laser Tabac","description":"La solution laser qui transforme les fumeurs en ex-fumeurs","publisher":{"@id":"https:\/\/www.mylasertabac.com\/pt-pt\/#organization"},"potentialAction":[{"@type":"SearchAction","target":{"@type":"EntryPoint","urlTemplate":"https:\/\/www.mylasertabac.com\/pt-pt\/?s={search_term_string}"},"query-input":{"@type":"PropertyValueSpecification","valueRequired":true,"valueName":"search_term_string"}}],"inLanguage":"pt-PT"},{"@type":"Organization","@id":"https:\/\/www.mylasertabac.com\/pt-pt\/#organization","name":"My Laser Tabac","url":"https:\/\/www.mylasertabac.com\/pt-pt\/","logo":{"@type":"ImageObject","inLanguage":"pt-PT","@id":"https:\/\/www.mylasertabac.com\/pt-pt\/#\/schema\/logo\/image\/","url":"https:\/\/www.mylasertabac.com\/wp-content\/uploads\/2024\/12\/mlt-verteau.svg","contentUrl":"https:\/\/www.mylasertabac.com\/wp-content\/uploads\/2024\/12\/mlt-verteau.svg","caption":"My Laser Tabac"},"image":{"@id":"https:\/\/www.mylasertabac.com\/pt-pt\/#\/schema\/logo\/image\/"}},{"@type":"Person","@id":"https:\/\/www.mylasertabac.com\/pt-pt\/#\/schema\/person\/02c249cb76d912efb6c315ec23eccdf3","name":"Florian Fortes","image":{"@type":"ImageObject","inLanguage":"pt-PT","@id":"https:\/\/www.mylasertabac.com\/wp-content\/litespeed\/avatar\/142101a71d7b9e6490c1120d9c109a67.jpg?ver=1776856306","url":"https:\/\/www.mylasertabac.com\/wp-content\/litespeed\/avatar\/142101a71d7b9e6490c1120d9c109a67.jpg?ver=1776856306","contentUrl":"https:\/\/www.mylasertabac.com\/wp-content\/litespeed\/avatar\/142101a71d7b9e6490c1120d9c109a67.jpg?ver=1776856306","caption":"Florian Fortes"},"sameAs":["https:\/\/www.mylasertabac.com","https:\/\/www.facebook.com\/profile.php?id=61571554707319"],"url":"https:\/\/www.mylasertabac.com\/pt-pt\/author\/florianfortes5312\/"}]}},"_links":{"self":[{"href":"https:\/\/www.mylasertabac.com\/pt-pt\/wp-json\/wp\/v2\/posts\/4341","targetHints":{"allow":["GET"]}}],"collection":[{"href":"https:\/\/www.mylasertabac.com\/pt-pt\/wp-json\/wp\/v2\/posts"}],"about":[{"href":"https:\/\/www.mylasertabac.com\/pt-pt\/wp-json\/wp\/v2\/types\/post"}],"author":[{"embeddable":true,"href":"https:\/\/www.mylasertabac.com\/pt-pt\/wp-json\/wp\/v2\/users\/2"}],"replies":[{"embeddable":true,"href":"https:\/\/www.mylasertabac.com\/pt-pt\/wp-json\/wp\/v2\/comments?post=4341"}],"version-history":[{"count":10,"href":"https:\/\/www.mylasertabac.com\/pt-pt\/wp-json\/wp\/v2\/posts\/4341\/revisions"}],"predecessor-version":[{"id":6904,"href":"https:\/\/www.mylasertabac.com\/pt-pt\/wp-json\/wp\/v2\/posts\/4341\/revisions\/6904"}],"wp:featuredmedia":[{"embeddable":true,"href":"https:\/\/www.mylasertabac.com\/pt-pt\/wp-json\/wp\/v2\/media\/4467"}],"wp:attachment":[{"href":"https:\/\/www.mylasertabac.com\/pt-pt\/wp-json\/wp\/v2\/media?parent=4341"}],"wp:term":[{"taxonomy":"category","embeddable":true,"href":"https:\/\/www.mylasertabac.com\/pt-pt\/wp-json\/wp\/v2\/categories?post=4341"},{"taxonomy":"post_tag","embeddable":true,"href":"https:\/\/www.mylasertabac.com\/pt-pt\/wp-json\/wp\/v2\/tags?post=4341"}],"curies":[{"name":"wp","href":"https:\/\/api.w.org\/{rel}","templated":true}]}}