{"id":5191,"date":"2025-03-10T09:01:00","date_gmt":"2025-03-10T08:01:00","guid":{"rendered":"https:\/\/www.mylasertabac.com\/quanto-tempo-demora-a-recuperar-o-paladar-depois-de-deixares-de-fumar\/"},"modified":"2025-04-08T14:18:46","modified_gmt":"2025-04-08T12:18:46","slug":"quanto-tempo-demora-a-recuperar-o-paladar-depois-de-deixares-de-fumar","status":"publish","type":"post","link":"https:\/\/www.mylasertabac.com\/pt-pt\/quanto-tempo-demora-a-recuperar-o-paladar-depois-de-deixares-de-fumar\/","title":{"rendered":"Quanto tempo demora a recuperar o paladar depois de deixares de fumar?"},"content":{"rendered":"\n<div style=\"height:21px\" aria-hidden=\"true\" class=\"wp-block-spacer\"><\/div>\n\n<p>Deixar de fumar traz muitos benef\u00edcios para a sa\u00fade, mas tamb\u00e9m \u00e9 acompanhado por v\u00e1rios sintomas associados \u00e0 cessa\u00e7\u00e3o tab\u00e1gica. Entre eles, a perce\u00e7\u00e3o do sabor dos alimentos e o sentido do olfato s\u00e3o frequentemente alterados, o que pode perturbar os ex-fumadores durante as primeiras semanas. A nicotina, o mon\u00f3xido de carbono e outros produtos qu\u00edmicos contidos nos cigarros t\u00eam um impacto direto nas papilas gustativas e no sistema olfativo, alterando a forma como uma pessoa percebe os alimentos.  <\/p>\n\n<p>Mas quanto tempo \u00e9 necess\u00e1rio para que as papilas gustativas recuperem toda a sua capacidade depois de deixares de fumar? Que factores influenciam esta recupera\u00e7\u00e3o e como podes acelerar o processo para que possas apreciar os sabores ao m\u00e1ximo? Este artigo fornece respostas claras e conselhos pr\u00e1ticos para te ajudar a fazer a transi\u00e7\u00e3o para uma nova perce\u00e7\u00e3o do paladar. A recupera\u00e7\u00e3o do paladar \u00e9 um dos muitos benef\u00edcios de deixar de fumar, o que tamb\u00e9m reduz o risco de doen\u00e7as card\u00edacas e cancro.   <\/p>\n\n<div style=\"height:27px\" aria-hidden=\"true\" class=\"wp-block-spacer\"><\/div>\n\n<h2 class=\"wp-block-heading\"><strong>Porque \u00e9 que o tabaco afecta a perce\u00e7\u00e3o do sabor?<\/strong><\/h2>\n\n<div style=\"height:31px\" aria-hidden=\"true\" class=\"wp-block-spacer\"><\/div>\n\n<h3 class=\"wp-block-heading\"><strong>\ud83d\udd2c Os efeitos do tabaco nas papilas gustativas e no olfato<\/strong><\/h3>\n\n<div style=\"height:21px\" aria-hidden=\"true\" class=\"wp-block-spacer\"><\/div>\n\n<p><a href=\"https:\/\/www.mylasertabac.com\/pt-pt\/como-e-que-a-cultura-do-tabaco-contribui-para-a-poluicao-ambiental\/\">O tabaco cont\u00e9m subst\u00e2ncias t\u00f3xicas<\/a> que alteram a sensibilidade das papilas gustativas, reduzindo a sua capacidade de detetar os sabores. Ao fumar, os fumadores exp\u00f5em constantemente a l\u00edngua e a boca a res\u00edduos de nicotina e de mon\u00f3xido de carbono, o que reduz o fornecimento de oxig\u00e9nio \u00e0s c\u00e9lulas gustativas. Isto atrasa a sua regenera\u00e7\u00e3o e leva a uma redu\u00e7\u00e3o gradual do sabor.  <\/p>\n\n<p>Fumar tamb\u00e9m afecta o sentido do olfato, que desempenha um papel fundamental na perce\u00e7\u00e3o dos sabores. Uma pessoa que fuma sente menos intensamente os aromas dos alimentos, o que altera o prazer que sente ao comer. Este fen\u00f3meno \u00e9 revers\u00edvel quando se<a href=\"https:\/\/www.mylasertabac.com\/pt-pt\/\">deixa de fumar<\/a>, mas o tempo necess\u00e1rio para recuperar totalmente estas sensa\u00e7\u00f5es varia de pessoa para pessoa. Em termos de benef\u00edcios para o organismo, a recupera\u00e7\u00e3o plena do paladar e do olfato permite desfrutar melhor dos alimentos e reduzir o consumo excessivo de produtos transformados ricos em aditivos.   <\/p>\n\n<div style=\"height:21px\" aria-hidden=\"true\" class=\"wp-block-spacer\"><\/div>\n\n<h3 class=\"wp-block-heading\"><strong>\ud83d\udeac Porque \u00e9 que alguns ex-fumadores demoram mais tempo a recuperar o gosto?<\/strong><\/h3>\n\n<div style=\"height:21px\" aria-hidden=\"true\" class=\"wp-block-spacer\"><\/div>\n\n<p>Nem todos os fumadores recuperam o paladar ao mesmo ritmo depois de deixarem de fumar. V\u00e1rios factores influenciam a rapidez da recupera\u00e7\u00e3o: <\/p>\n\n<div style=\"height:21px\" aria-hidden=\"true\" class=\"wp-block-spacer\"><\/div>\n\n<ul class=\"wp-block-list\">\n<li><strong>O n\u00famero de anos que uma pessoa fumou<\/strong>: quanto mais tempo uma pessoa fumou, mais tempo demorar\u00e1 a recuperar.<\/li>\n\n\n\n<li><strong>O tipo de produtos consumidos<\/strong>: cigarros convencionais, vaporizadores e substitutos de nicotina podem influenciar a sensibilidade gustativa de diferentes formas.<\/li>\n\n\n\n<li><strong>Estado geral de sa\u00fade<\/strong>: os fumadores com antecedentes de doen\u00e7as card\u00edacas, ataques card\u00edacos ou doen\u00e7as pulmonares podem ver a sua recupera\u00e7\u00e3o retardada.<\/li>\n\n\n\n<li><strong>Higiene oral e dent\u00e1ria<\/strong>: uma boca saud\u00e1vel permite que as papilas gustativas recuperem mais rapidamente.<\/li>\n<\/ul>\n\n<div style=\"height:21px\" aria-hidden=\"true\" class=\"wp-block-spacer\"><\/div>\n\n<p>Fumar \u00e9 um grande fator de risco para o organismo, pois afecta n\u00e3o s\u00f3 o sabor dos alimentos, mas tamb\u00e9m os pulm\u00f5es e o cora\u00e7\u00e3o, e aumenta o risco de cancro. Recuperar uma perce\u00e7\u00e3o normal dos sabores permite-te mudar os teus h\u00e1bitos alimentares e adotar uma dieta mais saud\u00e1vel a longo prazo. <\/p>\n\n<div style=\"height:28px\" aria-hidden=\"true\" class=\"wp-block-spacer\"><\/div>\n\n<figure class=\"wp-block-image size-large\"><img fetchpriority=\"high\" decoding=\"async\" width=\"1024\" height=\"576\" src=\"https:\/\/www.mylasertabac.com\/wp-content\/uploads\/2025\/03\/combien-de-temps-il-faut-pour-retrouver-le-gout-apres-arreter-de-fumer-1024x576.jpg\" alt=\"\" class=\"wp-image-5046\" srcset=\"https:\/\/www.mylasertabac.com\/wp-content\/uploads\/2025\/03\/combien-de-temps-il-faut-pour-retrouver-le-gout-apres-arreter-de-fumer-1024x576.jpg 1024w, https:\/\/www.mylasertabac.com\/wp-content\/uploads\/2025\/03\/combien-de-temps-il-faut-pour-retrouver-le-gout-apres-arreter-de-fumer-300x169.jpg 300w, https:\/\/www.mylasertabac.com\/wp-content\/uploads\/2025\/03\/combien-de-temps-il-faut-pour-retrouver-le-gout-apres-arreter-de-fumer-768x432.jpg 768w, https:\/\/www.mylasertabac.com\/wp-content\/uploads\/2025\/03\/combien-de-temps-il-faut-pour-retrouver-le-gout-apres-arreter-de-fumer.jpg 1189w\" sizes=\"(max-width: 1024px) 100vw, 1024px\" \/><\/figure>\n\n<div style=\"height:30px\" aria-hidden=\"true\" class=\"wp-block-spacer\"><\/div>\n\n<h2 class=\"wp-block-heading\"><strong>Quanto tempo demora a recuperar o paladar depois de deixares de fumar?<\/strong><\/h2>\n\n<div style=\"height:21px\" aria-hidden=\"true\" class=\"wp-block-spacer\"><\/div>\n\n<h3 class=\"wp-block-heading\"><strong>\u23f3 As diferentes etapas da recupera\u00e7\u00e3o do gosto<\/strong><\/h3>\n\n<div style=\"height:21px\" aria-hidden=\"true\" class=\"wp-block-spacer\"><\/div>\n\n<ol start=\"1\" class=\"wp-block-list\">\n<li><strong>Ap\u00f3s 48 horas<\/strong>: A quantidade de mon\u00f3xido de carbono no sangue \u00e9 reduzida para metade, melhorando a oxigena\u00e7\u00e3o dos tecidos, incluindo as papilas gustativas.<\/li>\n\n\n\n<li><strong>Ap\u00f3s uma semana<\/strong>: Aparecem os primeiros sinais de recupera\u00e7\u00e3o, com um ligeiro regresso das sensa\u00e7\u00f5es gustativas e olfactivas.<\/li>\n\n\n\n<li><strong>Ap\u00f3s um m\u00eas<\/strong>: As c\u00e9lulas gustativas come\u00e7am a regenerar-se completamente, tornando os sabores mais percept\u00edveis.<\/li>\n\n\n\n<li><strong>Ap\u00f3s tr\u00eas meses<\/strong>: A maioria dos ex-fumadores nota uma melhoria acentuada na sua perce\u00e7\u00e3o do paladar e do olfato.<\/li>\n\n\n\n<li><strong>Ap\u00f3s seis meses a um ano<\/strong>: A recupera\u00e7\u00e3o est\u00e1 quase completa, embora algumas pessoas que fumaram muito possam demorar mais tempo.<\/li>\n<\/ol>\n\n<div style=\"height:21px\" aria-hidden=\"true\" class=\"wp-block-spacer\"><\/div>\n\n<p>A longo prazo, o regresso do gosto \u00e9 um fator-chave para prevenir os riscos associados ao tabagismo. Uma maior aprecia\u00e7\u00e3o dos sabores naturais ajuda a limitar o consumo de produtos nocivos e favorece uma alimenta\u00e7\u00e3o equilibrada, reduzindo assim o aumento excessivo de peso frequentemente observado ap\u00f3s a cessa\u00e7\u00e3o tab\u00e1gica. <\/p>\n\n<div style=\"height:21px\" aria-hidden=\"true\" class=\"wp-block-spacer\"><\/div>\n\n<p class=\"has-cyan-bluish-gray-background-color has-background\">Tamb\u00e9m te pode interessar este artigo: <a href=\"https:\/\/www.mylasertabac.com\/pt-pt\/informacoes\/formacao-laser-anti-tabaco-e-contra-a-dependencia\/\"><mark style=\"background-color:rgba(0, 0, 0, 0)\" class=\"has-inline-color has-luminous-vivid-orange-color\">Descobre o m\u00e9todo MyLaserTabac e torna-te um profissional de reflexologia auricular a laser<\/mark><\/a><\/p>\n\n<div style=\"height:26px\" aria-hidden=\"true\" class=\"wp-block-spacer\"><\/div>\n\n<h3 class=\"wp-block-heading\"><strong>\ud83e\uddec Porque \u00e9 que alguns ex-fumadores demoram mais tempo a voltar a fumar?<\/strong><\/h3>\n\n<div style=\"height:21px\" aria-hidden=\"true\" class=\"wp-block-spacer\"><\/div>\n\n<p>Em algumas pessoas, o paladar demora mais tempo a regressar devido \u00e0 depend\u00eancia prolongada dos cigarros. O tabagismo altera permanentemente o sistema sensorial, tornando a recupera\u00e7\u00e3o mais lenta nos fumadores intensivos. Al\u00e9m disso, a utiliza\u00e7\u00e3o de substitutos da nicotina pode prolongar este fen\u00f3meno, continuando a expor os receptores gustativos \u00e0 nicotina, embora sob uma forma diferente.  <\/p>\n\n<div style=\"height:21px\" aria-hidden=\"true\" class=\"wp-block-spacer\"><\/div>\n\n<p>A recupera\u00e7\u00e3o do paladar \u00e9, portanto, influenciada por muitos factores, mas \u00e9 inevit\u00e1vel. Os benef\u00edcios para o organismo s\u00e3o consider\u00e1veis: melhor digest\u00e3o, redu\u00e7\u00e3o das doen\u00e7as card\u00edacas e do risco de enfarte gra\u00e7as a uma alimenta\u00e7\u00e3o mais equilibrada. <\/p>\n\n<div style=\"height:21px\" aria-hidden=\"true\" class=\"wp-block-spacer\"><\/div>\n\n<h2 class=\"wp-block-heading\"><strong>Como podes acelerar o regresso do paladar depois de deixares de fumar?<\/strong><\/h2>\n\n<div style=\"height:30px\" aria-hidden=\"true\" class=\"wp-block-spacer\"><\/div>\n\n<figure class=\"wp-block-image alignleft size-full\"><img decoding=\"async\" width=\"640\" height=\"340\" src=\"https:\/\/www.mylasertabac.com\/wp-content\/uploads\/2025\/03\/alimentation-equilibre-pour-ne-pas-grossir.jpg\" alt=\"\" class=\"wp-image-5030\" srcset=\"https:\/\/www.mylasertabac.com\/wp-content\/uploads\/2025\/03\/alimentation-equilibre-pour-ne-pas-grossir.jpg 640w, https:\/\/www.mylasertabac.com\/wp-content\/uploads\/2025\/03\/alimentation-equilibre-pour-ne-pas-grossir-300x159.jpg 300w\" sizes=\"(max-width: 640px) 100vw, 640px\" \/><\/figure>\n\n<h3 class=\"wp-block-heading\"><strong>\ud83c\udf4f Adotar uma dieta que favore\u00e7a a regenera\u00e7\u00e3o das papilas gustativas<\/strong><\/h3>\n\n<p>A alimenta\u00e7\u00e3o desempenha um papel fundamental na recupera\u00e7\u00e3o do paladar depois de deixares de fumar. Para estimular as papilas gustativas e acelerar a sua regenera\u00e7\u00e3o, recomendamos-te que : <\/p>\n\n<ul class=\"wp-block-list\">\n<li><strong>Frutas e legumes ricos em antioxidantes<\/strong> (laranjas, kiwis, espinafres, cenouras) para combater os efeitos oxidantes do tabaco.<\/li>\n\n\n\n<li><strong>Alimentos \u00e1cidos e picantes<\/strong> como o lim\u00e3o, o gengibre e a malagueta para estimular a sensibilidade gustativa.<\/li>\n\n\n\n<li><strong>Alimentos ricos em \u00f3mega 3<\/strong>, como o peixe e as nozes, para melhorar a circula\u00e7\u00e3o sangu\u00ednea e promover a regenera\u00e7\u00e3o celular.<\/li>\n<\/ul>\n\n<p>A ado\u00e7\u00e3o destes novos h\u00e1bitos alimentares tamb\u00e9m ajuda a evitar o aumento excessivo de peso depois de deixares de fumar. \u00c9 essencial que te concentres em escolhas saud\u00e1veis para maximizar os benef\u00edcios de deixar de fumar e reduzir o risco de reca\u00edda. <\/p>\n\n<div style=\"height:42px\" aria-hidden=\"true\" class=\"wp-block-spacer\"><\/div>\n\n<figure class=\"wp-block-image alignright size-full is-resized\"><img decoding=\"async\" width=\"300\" height=\"168\" src=\"https:\/\/www.mylasertabac.com\/wp-content\/uploads\/2025\/03\/brossage-des-dents-.jpeg\" alt=\"\" class=\"wp-image-5038\" style=\"width:439px;height:auto\"\/><\/figure>\n\n<h3 class=\"wp-block-heading\"><strong>\ud83d\udca7 Manter uma boa higiene oral<\/strong><\/h3>\n\n<p>Uma boca saud\u00e1vel favorece uma recupera\u00e7\u00e3o mais r\u00e1pida das sensa\u00e7\u00f5es gustativas. Para o conseguir, recomendamos-te : <\/p>\n\n<ul class=\"wp-block-list\">\n<li>Escova os dentes ap\u00f3s cada refei\u00e7\u00e3o com pasta dent\u00edfrica com fl\u00faor.<\/li>\n\n\n\n<li>Utiliza um elixir bucal antiss\u00e9tico para remover os res\u00edduos de tabaco.<\/li>\n\n\n\n<li>Faz um check-up dent\u00e1rio algumas semanas depois de deixares de fumar para remover os vest\u00edgios de nicotina que se acumularam na tua l\u00edngua e gengivas.<\/li>\n<\/ul>\n\n<div style=\"height:44px\" aria-hidden=\"true\" class=\"wp-block-spacer\"><\/div>\n\n<p><strong>Conclus\u00e3o<\/strong><\/p>\n\n<div style=\"height:21px\" aria-hidden=\"true\" class=\"wp-block-spacer\"><\/div>\n\n<p>Recuperar o paladar depois de deixar de fumar \u00e9 um processo gradual que depende de uma s\u00e9rie de factores. A maioria dos ex-fumadores nota uma melhoria sens\u00edvel nas primeiras semanas, mas s\u00e3o necess\u00e1rios em m\u00e9dia tr\u00eas a seis meses para que a perce\u00e7\u00e3o do paladar volte completamente. Se adoptares uma dieta adequada, mantiveres uma boa higiene oral e explorares m\u00e9todos complementares como o tratamento a laser, \u00e9 poss\u00edvel acelerar esta recupera\u00e7\u00e3o.  <\/p>\n\n<p>Para al\u00e9m de melhorar o sabor, <a href=\"https:\/\/www.mylasertabac.com\/pt-pt\/\">deixar de fumar<\/a> traz muitos outros benef\u00edcios para a sa\u00fade: redu\u00e7\u00e3o do risco de doen\u00e7as card\u00edacas, melhoria da fun\u00e7\u00e3o pulmonar e aumento da esperan\u00e7a de vida. Cada dia sem tabaco \u00e9 uma vit\u00f3ria para uma melhor qualidade de vida e um prazer renovado em saborear os alimentos em pleno. <\/p>\n\n<div style=\"height:35px\" aria-hidden=\"true\" class=\"wp-block-spacer\"><\/div>\n\n<figure class=\"wp-block-embed alignfull is-type-video is-provider-youtube wp-block-embed-youtube wp-embed-aspect-16-9 wp-has-aspect-ratio\"><div class=\"wp-block-embed__wrapper\">\n<iframe title=\"Tu veux arr\u00eater de fumer gr\u00e2ce au Laser de Star Wars ? #tabac #sant\u00e9 #arr\u00eatdutabac #sevragetabagique\" width=\"800\" height=\"450\" src=\"https:\/\/www.youtube.com\/embed\/POa3Whfz2bo?feature=oembed\" frameborder=\"0\" allow=\"accelerometer; autoplay; clipboard-write; encrypted-media; gyroscope; picture-in-picture; web-share\" referrerpolicy=\"strict-origin-when-cross-origin\" allowfullscreen><\/iframe>\n<\/div><\/figure>\n\n<div style=\"height:28px\" aria-hidden=\"true\" class=\"wp-block-spacer\"><\/div>\n\n<h3 class=\"wp-block-heading\">\ud83d\udcfa Os meios de comunica\u00e7\u00e3o social est\u00e3o a falar de Mylasertabac :<\/h3>\n\n<p><a href=\"https:\/\/sinactiv.fr\/blogs\/divers\/arret-tabac-laser\">sinactiv.fr<\/a>, <a href=\"https:\/\/www.naturopat.fr\/comment-arreter-de-fumer-facilement-grace-au-laser\/\">naturopat.fr<\/a>, <a href=\"https:\/\/sante-et-beaute.fr\/pourquoi-arreter-de-fumer-en-2025\/\">sante-et-beaute.fr<\/a>, <a href=\"https:\/\/monparrainsante.com\/pourquoi-arreter-de-fumer-en-2025\/\">monparrainsante.com<\/a><a href=\"https:\/\/www.hypnoandco.com\/arreter-de-fumer-laser\/\">,hypnoandco.com,<\/a><a href=\"https:\/\/l-hexagone.fr\/bien-etre-sante\/pourquoi-arreter-de-fumer-en-2025-est-une-decision-essentielle\/\">l-hexagone.fr<\/a>, <a href=\"https:\/\/www.mondentistechampigny.fr\/soins-dentaires\/effets-tabagisme-dents\/\">mondentistechampigny.fr<\/a>, <a href=\"https:\/\/france-pharmacies.fr\/pourquoi-il-est-important-darreter-de-fumer-en-2025\/\">france-pharmacies.fr<\/a>, <a href=\"https:\/\/www.santeplusmag.com\/111129505-pourquoi-arreter-de-fumer-en-2025-articles-partenaires\/\">santeplusmag.com<\/a>, <a href=\"https:\/\/www.topdents.com\/pourquoi-la-cigarette-abime-les-dents\/\">topdents.com<\/a><\/p>\n\n<div style=\"height:40px\" aria-hidden=\"true\" class=\"wp-block-spacer\"><\/div>\n\n<figure class=\"wp-block-image size-large\"><img decoding=\"async\" src=\"https:\/\/www.mylasertabac.com\/wp-content\/uploads\/\/mlt-verteau.svg\" alt=\"\" class=\"wp-image-13\"\/><\/figure>\n","protected":false},"excerpt":{"rendered":"<p>Deixar de fumar traz muitos benef\u00edcios para a sa\u00fade, mas tamb\u00e9m \u00e9 acompanhado por v\u00e1rios sintomas associados \u00e0 cessa\u00e7\u00e3o tab\u00e1gica. Entre eles, a perce\u00e7\u00e3o do sabor dos alimentos e o sentido do olfato s\u00e3o frequentemente alterados, o que pode perturbar os ex-fumadores durante as primeiras semanas. A nicotina, o mon\u00f3xido de carbono e outros produtos [&hellip;]<\/p>\n","protected":false},"author":2,"featured_media":5028,"comment_status":"closed","ping_status":"open","sticky":false,"template":"","format":"standard","meta":{"inline_featured_image":false,"footnotes":""},"categories":[130],"tags":[],"class_list":["post-5191","post","type-post","status-publish","format-standard","has-post-thumbnail","hentry","category-saude"],"yoast_head":"<!-- This site is optimized with the Yoast SEO plugin v27.5 - https:\/\/yoast.com\/product\/yoast-seo-wordpress\/ -->\n<title>Quanto tempo demora a recuperar o paladar depois de deixares de fumar? - My Laser Tabac<\/title>\n<meta name=\"description\" content=\"Descobre quanto tempo demora a recuperar o paladar depois de deixares de fumar e como as tuas papilas gustativas se regeneram gradualmente.\" \/>\n<meta name=\"robots\" content=\"index, follow, max-snippet:-1, max-image-preview:large, max-video-preview:-1\" \/>\n<link rel=\"canonical\" href=\"https:\/\/www.mylasertabac.com\/pt-pt\/quanto-tempo-demora-a-recuperar-o-paladar-depois-de-deixares-de-fumar\/\" \/>\n<meta property=\"og:locale\" content=\"pt_PT\" \/>\n<meta property=\"og:type\" content=\"article\" \/>\n<meta property=\"og:title\" content=\"Quanto tempo demora a recuperar o paladar depois de deixares de fumar? - My Laser Tabac\" \/>\n<meta property=\"og:description\" content=\"Descobre quanto tempo demora a recuperar o paladar depois de deixares de fumar e como as tuas papilas gustativas se regeneram gradualmente.\" \/>\n<meta property=\"og:url\" content=\"https:\/\/www.mylasertabac.com\/pt-pt\/quanto-tempo-demora-a-recuperar-o-paladar-depois-de-deixares-de-fumar\/\" \/>\n<meta property=\"og:site_name\" content=\"My Laser Tabac\" \/>\n<meta property=\"article:author\" content=\"https:\/\/www.facebook.com\/profile.php?id=61571554707319\" \/>\n<meta property=\"article:published_time\" content=\"2025-03-10T08:01:00+00:00\" \/>\n<meta property=\"article:modified_time\" content=\"2025-04-08T12:18:46+00:00\" \/>\n<meta property=\"og:image\" content=\"https:\/\/www.mylasertabac.com\/wp-content\/uploads\/2025\/03\/combien-de-temps-faut-il-pour-retrouver-le-gout-lorsque-on-arrete-de-fumer.webp\" \/>\n\t<meta property=\"og:image:width\" content=\"1168\" \/>\n\t<meta property=\"og:image:height\" content=\"898\" \/>\n\t<meta property=\"og:image:type\" content=\"image\/webp\" \/>\n<meta name=\"author\" content=\"Florian Fortes\" \/>\n<meta name=\"twitter:card\" content=\"summary_large_image\" \/>\n<meta name=\"twitter:label1\" content=\"Escrito por\" \/>\n\t<meta name=\"twitter:data1\" content=\"Florian Fortes\" \/>\n\t<meta name=\"twitter:label2\" content=\"Tempo estimado de leitura\" \/>\n\t<meta name=\"twitter:data2\" content=\"6 minutos\" \/>\n<script type=\"application\/ld+json\" class=\"yoast-schema-graph\">{\"@context\":\"https:\\\/\\\/schema.org\",\"@graph\":[{\"@type\":\"Article\",\"@id\":\"https:\\\/\\\/www.mylasertabac.com\\\/pt-pt\\\/quanto-tempo-demora-a-recuperar-o-paladar-depois-de-deixares-de-fumar\\\/#article\",\"isPartOf\":{\"@id\":\"https:\\\/\\\/www.mylasertabac.com\\\/pt-pt\\\/quanto-tempo-demora-a-recuperar-o-paladar-depois-de-deixares-de-fumar\\\/\"},\"author\":{\"name\":\"Florian Fortes\",\"@id\":\"https:\\\/\\\/www.mylasertabac.com\\\/pt-pt\\\/#\\\/schema\\\/person\\\/02c249cb76d912efb6c315ec23eccdf3\"},\"headline\":\"Quanto tempo demora a recuperar o paladar depois de deixares de fumar?\",\"datePublished\":\"2025-03-10T08:01:00+00:00\",\"dateModified\":\"2025-04-08T12:18:46+00:00\",\"mainEntityOfPage\":{\"@id\":\"https:\\\/\\\/www.mylasertabac.com\\\/pt-pt\\\/quanto-tempo-demora-a-recuperar-o-paladar-depois-de-deixares-de-fumar\\\/\"},\"wordCount\":1307,\"publisher\":{\"@id\":\"https:\\\/\\\/www.mylasertabac.com\\\/pt-pt\\\/#organization\"},\"image\":{\"@id\":\"https:\\\/\\\/www.mylasertabac.com\\\/pt-pt\\\/quanto-tempo-demora-a-recuperar-o-paladar-depois-de-deixares-de-fumar\\\/#primaryimage\"},\"thumbnailUrl\":\"https:\\\/\\\/www.mylasertabac.com\\\/wp-content\\\/uploads\\\/2025\\\/03\\\/combien-de-temps-faut-il-pour-retrouver-le-gout-lorsque-on-arrete-de-fumer.webp\",\"articleSection\":[\"Sa\u00fade\"],\"inLanguage\":\"pt-PT\"},{\"@type\":\"WebPage\",\"@id\":\"https:\\\/\\\/www.mylasertabac.com\\\/pt-pt\\\/quanto-tempo-demora-a-recuperar-o-paladar-depois-de-deixares-de-fumar\\\/\",\"url\":\"https:\\\/\\\/www.mylasertabac.com\\\/pt-pt\\\/quanto-tempo-demora-a-recuperar-o-paladar-depois-de-deixares-de-fumar\\\/\",\"name\":\"Quanto tempo demora a recuperar o paladar depois de deixares de fumar? - My Laser Tabac\",\"isPartOf\":{\"@id\":\"https:\\\/\\\/www.mylasertabac.com\\\/pt-pt\\\/#website\"},\"primaryImageOfPage\":{\"@id\":\"https:\\\/\\\/www.mylasertabac.com\\\/pt-pt\\\/quanto-tempo-demora-a-recuperar-o-paladar-depois-de-deixares-de-fumar\\\/#primaryimage\"},\"image\":{\"@id\":\"https:\\\/\\\/www.mylasertabac.com\\\/pt-pt\\\/quanto-tempo-demora-a-recuperar-o-paladar-depois-de-deixares-de-fumar\\\/#primaryimage\"},\"thumbnailUrl\":\"https:\\\/\\\/www.mylasertabac.com\\\/wp-content\\\/uploads\\\/2025\\\/03\\\/combien-de-temps-faut-il-pour-retrouver-le-gout-lorsque-on-arrete-de-fumer.webp\",\"datePublished\":\"2025-03-10T08:01:00+00:00\",\"dateModified\":\"2025-04-08T12:18:46+00:00\",\"description\":\"Descobre quanto tempo demora a recuperar o paladar depois de deixares de fumar e como as tuas papilas gustativas se regeneram gradualmente.\",\"breadcrumb\":{\"@id\":\"https:\\\/\\\/www.mylasertabac.com\\\/pt-pt\\\/quanto-tempo-demora-a-recuperar-o-paladar-depois-de-deixares-de-fumar\\\/#breadcrumb\"},\"inLanguage\":\"pt-PT\",\"potentialAction\":[{\"@type\":\"ReadAction\",\"target\":[\"https:\\\/\\\/www.mylasertabac.com\\\/pt-pt\\\/quanto-tempo-demora-a-recuperar-o-paladar-depois-de-deixares-de-fumar\\\/\"]}]},{\"@type\":\"ImageObject\",\"inLanguage\":\"pt-PT\",\"@id\":\"https:\\\/\\\/www.mylasertabac.com\\\/pt-pt\\\/quanto-tempo-demora-a-recuperar-o-paladar-depois-de-deixares-de-fumar\\\/#primaryimage\",\"url\":\"https:\\\/\\\/www.mylasertabac.com\\\/wp-content\\\/uploads\\\/2025\\\/03\\\/combien-de-temps-faut-il-pour-retrouver-le-gout-lorsque-on-arrete-de-fumer.webp\",\"contentUrl\":\"https:\\\/\\\/www.mylasertabac.com\\\/wp-content\\\/uploads\\\/2025\\\/03\\\/combien-de-temps-faut-il-pour-retrouver-le-gout-lorsque-on-arrete-de-fumer.webp\",\"width\":1168,\"height\":898},{\"@type\":\"BreadcrumbList\",\"@id\":\"https:\\\/\\\/www.mylasertabac.com\\\/pt-pt\\\/quanto-tempo-demora-a-recuperar-o-paladar-depois-de-deixares-de-fumar\\\/#breadcrumb\",\"itemListElement\":[{\"@type\":\"ListItem\",\"position\":1,\"name\":\"Accueil\",\"item\":\"https:\\\/\\\/www.mylasertabac.com\\\/pt-pt\\\/casa\\\/\"},{\"@type\":\"ListItem\",\"position\":2,\"name\":\"Quanto tempo demora a recuperar o paladar depois de deixares de fumar?\"}]},{\"@type\":\"WebSite\",\"@id\":\"https:\\\/\\\/www.mylasertabac.com\\\/pt-pt\\\/#website\",\"url\":\"https:\\\/\\\/www.mylasertabac.com\\\/pt-pt\\\/\",\"name\":\"My Laser Tabac\",\"description\":\"La solution laser qui transforme les fumeurs en ex-fumeurs\",\"publisher\":{\"@id\":\"https:\\\/\\\/www.mylasertabac.com\\\/pt-pt\\\/#organization\"},\"potentialAction\":[{\"@type\":\"SearchAction\",\"target\":{\"@type\":\"EntryPoint\",\"urlTemplate\":\"https:\\\/\\\/www.mylasertabac.com\\\/pt-pt\\\/?s={search_term_string}\"},\"query-input\":{\"@type\":\"PropertyValueSpecification\",\"valueRequired\":true,\"valueName\":\"search_term_string\"}}],\"inLanguage\":\"pt-PT\"},{\"@type\":\"Organization\",\"@id\":\"https:\\\/\\\/www.mylasertabac.com\\\/pt-pt\\\/#organization\",\"name\":\"My Laser Tabac\",\"url\":\"https:\\\/\\\/www.mylasertabac.com\\\/pt-pt\\\/\",\"logo\":{\"@type\":\"ImageObject\",\"inLanguage\":\"pt-PT\",\"@id\":\"https:\\\/\\\/www.mylasertabac.com\\\/pt-pt\\\/#\\\/schema\\\/logo\\\/image\\\/\",\"url\":\"https:\\\/\\\/www.mylasertabac.com\\\/wp-content\\\/uploads\\\/2024\\\/12\\\/mlt-verteau.svg\",\"contentUrl\":\"https:\\\/\\\/www.mylasertabac.com\\\/wp-content\\\/uploads\\\/2024\\\/12\\\/mlt-verteau.svg\",\"caption\":\"My Laser Tabac\"},\"image\":{\"@id\":\"https:\\\/\\\/www.mylasertabac.com\\\/pt-pt\\\/#\\\/schema\\\/logo\\\/image\\\/\"}},{\"@type\":\"Person\",\"@id\":\"https:\\\/\\\/www.mylasertabac.com\\\/pt-pt\\\/#\\\/schema\\\/person\\\/02c249cb76d912efb6c315ec23eccdf3\",\"name\":\"Florian Fortes\",\"image\":{\"@type\":\"ImageObject\",\"inLanguage\":\"pt-PT\",\"@id\":\"https:\\\/\\\/www.mylasertabac.com\\\/wp-content\\\/litespeed\\\/avatar\\\/142101a71d7b9e6490c1120d9c109a67.jpg?ver=1776856306\",\"url\":\"https:\\\/\\\/www.mylasertabac.com\\\/wp-content\\\/litespeed\\\/avatar\\\/142101a71d7b9e6490c1120d9c109a67.jpg?ver=1776856306\",\"contentUrl\":\"https:\\\/\\\/www.mylasertabac.com\\\/wp-content\\\/litespeed\\\/avatar\\\/142101a71d7b9e6490c1120d9c109a67.jpg?ver=1776856306\",\"caption\":\"Florian Fortes\"},\"sameAs\":[\"https:\\\/\\\/www.mylasertabac.com\",\"https:\\\/\\\/www.facebook.com\\\/profile.php?id=61571554707319\"],\"url\":\"https:\\\/\\\/www.mylasertabac.com\\\/pt-pt\\\/author\\\/florianfortes5312\\\/\"}]}<\/script>\n<!-- \/ Yoast SEO plugin. -->","yoast_head_json":{"title":"Quanto tempo demora a recuperar o paladar depois de deixares de fumar? - My Laser Tabac","description":"Descobre quanto tempo demora a recuperar o paladar depois de deixares de fumar e como as tuas papilas gustativas se regeneram gradualmente.","robots":{"index":"index","follow":"follow","max-snippet":"max-snippet:-1","max-image-preview":"max-image-preview:large","max-video-preview":"max-video-preview:-1"},"canonical":"https:\/\/www.mylasertabac.com\/pt-pt\/quanto-tempo-demora-a-recuperar-o-paladar-depois-de-deixares-de-fumar\/","og_locale":"pt_PT","og_type":"article","og_title":"Quanto tempo demora a recuperar o paladar depois de deixares de fumar? - My Laser Tabac","og_description":"Descobre quanto tempo demora a recuperar o paladar depois de deixares de fumar e como as tuas papilas gustativas se regeneram gradualmente.","og_url":"https:\/\/www.mylasertabac.com\/pt-pt\/quanto-tempo-demora-a-recuperar-o-paladar-depois-de-deixares-de-fumar\/","og_site_name":"My Laser Tabac","article_author":"https:\/\/www.facebook.com\/profile.php?id=61571554707319","article_published_time":"2025-03-10T08:01:00+00:00","article_modified_time":"2025-04-08T12:18:46+00:00","og_image":[{"width":1168,"height":898,"url":"https:\/\/www.mylasertabac.com\/wp-content\/uploads\/2025\/03\/combien-de-temps-faut-il-pour-retrouver-le-gout-lorsque-on-arrete-de-fumer.webp","type":"image\/webp"}],"author":"Florian Fortes","twitter_card":"summary_large_image","twitter_misc":{"Escrito por":"Florian Fortes","Tempo estimado de leitura":"6 minutos"},"schema":{"@context":"https:\/\/schema.org","@graph":[{"@type":"Article","@id":"https:\/\/www.mylasertabac.com\/pt-pt\/quanto-tempo-demora-a-recuperar-o-paladar-depois-de-deixares-de-fumar\/#article","isPartOf":{"@id":"https:\/\/www.mylasertabac.com\/pt-pt\/quanto-tempo-demora-a-recuperar-o-paladar-depois-de-deixares-de-fumar\/"},"author":{"name":"Florian Fortes","@id":"https:\/\/www.mylasertabac.com\/pt-pt\/#\/schema\/person\/02c249cb76d912efb6c315ec23eccdf3"},"headline":"Quanto tempo demora a recuperar o paladar depois de deixares de fumar?","datePublished":"2025-03-10T08:01:00+00:00","dateModified":"2025-04-08T12:18:46+00:00","mainEntityOfPage":{"@id":"https:\/\/www.mylasertabac.com\/pt-pt\/quanto-tempo-demora-a-recuperar-o-paladar-depois-de-deixares-de-fumar\/"},"wordCount":1307,"publisher":{"@id":"https:\/\/www.mylasertabac.com\/pt-pt\/#organization"},"image":{"@id":"https:\/\/www.mylasertabac.com\/pt-pt\/quanto-tempo-demora-a-recuperar-o-paladar-depois-de-deixares-de-fumar\/#primaryimage"},"thumbnailUrl":"https:\/\/www.mylasertabac.com\/wp-content\/uploads\/2025\/03\/combien-de-temps-faut-il-pour-retrouver-le-gout-lorsque-on-arrete-de-fumer.webp","articleSection":["Sa\u00fade"],"inLanguage":"pt-PT"},{"@type":"WebPage","@id":"https:\/\/www.mylasertabac.com\/pt-pt\/quanto-tempo-demora-a-recuperar-o-paladar-depois-de-deixares-de-fumar\/","url":"https:\/\/www.mylasertabac.com\/pt-pt\/quanto-tempo-demora-a-recuperar-o-paladar-depois-de-deixares-de-fumar\/","name":"Quanto tempo demora a recuperar o paladar depois de deixares de fumar? - My Laser Tabac","isPartOf":{"@id":"https:\/\/www.mylasertabac.com\/pt-pt\/#website"},"primaryImageOfPage":{"@id":"https:\/\/www.mylasertabac.com\/pt-pt\/quanto-tempo-demora-a-recuperar-o-paladar-depois-de-deixares-de-fumar\/#primaryimage"},"image":{"@id":"https:\/\/www.mylasertabac.com\/pt-pt\/quanto-tempo-demora-a-recuperar-o-paladar-depois-de-deixares-de-fumar\/#primaryimage"},"thumbnailUrl":"https:\/\/www.mylasertabac.com\/wp-content\/uploads\/2025\/03\/combien-de-temps-faut-il-pour-retrouver-le-gout-lorsque-on-arrete-de-fumer.webp","datePublished":"2025-03-10T08:01:00+00:00","dateModified":"2025-04-08T12:18:46+00:00","description":"Descobre quanto tempo demora a recuperar o paladar depois de deixares de fumar e como as tuas papilas gustativas se regeneram gradualmente.","breadcrumb":{"@id":"https:\/\/www.mylasertabac.com\/pt-pt\/quanto-tempo-demora-a-recuperar-o-paladar-depois-de-deixares-de-fumar\/#breadcrumb"},"inLanguage":"pt-PT","potentialAction":[{"@type":"ReadAction","target":["https:\/\/www.mylasertabac.com\/pt-pt\/quanto-tempo-demora-a-recuperar-o-paladar-depois-de-deixares-de-fumar\/"]}]},{"@type":"ImageObject","inLanguage":"pt-PT","@id":"https:\/\/www.mylasertabac.com\/pt-pt\/quanto-tempo-demora-a-recuperar-o-paladar-depois-de-deixares-de-fumar\/#primaryimage","url":"https:\/\/www.mylasertabac.com\/wp-content\/uploads\/2025\/03\/combien-de-temps-faut-il-pour-retrouver-le-gout-lorsque-on-arrete-de-fumer.webp","contentUrl":"https:\/\/www.mylasertabac.com\/wp-content\/uploads\/2025\/03\/combien-de-temps-faut-il-pour-retrouver-le-gout-lorsque-on-arrete-de-fumer.webp","width":1168,"height":898},{"@type":"BreadcrumbList","@id":"https:\/\/www.mylasertabac.com\/pt-pt\/quanto-tempo-demora-a-recuperar-o-paladar-depois-de-deixares-de-fumar\/#breadcrumb","itemListElement":[{"@type":"ListItem","position":1,"name":"Accueil","item":"https:\/\/www.mylasertabac.com\/pt-pt\/casa\/"},{"@type":"ListItem","position":2,"name":"Quanto tempo demora a recuperar o paladar depois de deixares de fumar?"}]},{"@type":"WebSite","@id":"https:\/\/www.mylasertabac.com\/pt-pt\/#website","url":"https:\/\/www.mylasertabac.com\/pt-pt\/","name":"My Laser Tabac","description":"La solution laser qui transforme les fumeurs en ex-fumeurs","publisher":{"@id":"https:\/\/www.mylasertabac.com\/pt-pt\/#organization"},"potentialAction":[{"@type":"SearchAction","target":{"@type":"EntryPoint","urlTemplate":"https:\/\/www.mylasertabac.com\/pt-pt\/?s={search_term_string}"},"query-input":{"@type":"PropertyValueSpecification","valueRequired":true,"valueName":"search_term_string"}}],"inLanguage":"pt-PT"},{"@type":"Organization","@id":"https:\/\/www.mylasertabac.com\/pt-pt\/#organization","name":"My Laser Tabac","url":"https:\/\/www.mylasertabac.com\/pt-pt\/","logo":{"@type":"ImageObject","inLanguage":"pt-PT","@id":"https:\/\/www.mylasertabac.com\/pt-pt\/#\/schema\/logo\/image\/","url":"https:\/\/www.mylasertabac.com\/wp-content\/uploads\/2024\/12\/mlt-verteau.svg","contentUrl":"https:\/\/www.mylasertabac.com\/wp-content\/uploads\/2024\/12\/mlt-verteau.svg","caption":"My Laser Tabac"},"image":{"@id":"https:\/\/www.mylasertabac.com\/pt-pt\/#\/schema\/logo\/image\/"}},{"@type":"Person","@id":"https:\/\/www.mylasertabac.com\/pt-pt\/#\/schema\/person\/02c249cb76d912efb6c315ec23eccdf3","name":"Florian Fortes","image":{"@type":"ImageObject","inLanguage":"pt-PT","@id":"https:\/\/www.mylasertabac.com\/wp-content\/litespeed\/avatar\/142101a71d7b9e6490c1120d9c109a67.jpg?ver=1776856306","url":"https:\/\/www.mylasertabac.com\/wp-content\/litespeed\/avatar\/142101a71d7b9e6490c1120d9c109a67.jpg?ver=1776856306","contentUrl":"https:\/\/www.mylasertabac.com\/wp-content\/litespeed\/avatar\/142101a71d7b9e6490c1120d9c109a67.jpg?ver=1776856306","caption":"Florian Fortes"},"sameAs":["https:\/\/www.mylasertabac.com","https:\/\/www.facebook.com\/profile.php?id=61571554707319"],"url":"https:\/\/www.mylasertabac.com\/pt-pt\/author\/florianfortes5312\/"}]}},"_links":{"self":[{"href":"https:\/\/www.mylasertabac.com\/pt-pt\/wp-json\/wp\/v2\/posts\/5191","targetHints":{"allow":["GET"]}}],"collection":[{"href":"https:\/\/www.mylasertabac.com\/pt-pt\/wp-json\/wp\/v2\/posts"}],"about":[{"href":"https:\/\/www.mylasertabac.com\/pt-pt\/wp-json\/wp\/v2\/types\/post"}],"author":[{"embeddable":true,"href":"https:\/\/www.mylasertabac.com\/pt-pt\/wp-json\/wp\/v2\/users\/2"}],"replies":[{"embeddable":true,"href":"https:\/\/www.mylasertabac.com\/pt-pt\/wp-json\/wp\/v2\/comments?post=5191"}],"version-history":[{"count":3,"href":"https:\/\/www.mylasertabac.com\/pt-pt\/wp-json\/wp\/v2\/posts\/5191\/revisions"}],"predecessor-version":[{"id":6867,"href":"https:\/\/www.mylasertabac.com\/pt-pt\/wp-json\/wp\/v2\/posts\/5191\/revisions\/6867"}],"wp:featuredmedia":[{"embeddable":true,"href":"https:\/\/www.mylasertabac.com\/pt-pt\/wp-json\/wp\/v2\/media\/5028"}],"wp:attachment":[{"href":"https:\/\/www.mylasertabac.com\/pt-pt\/wp-json\/wp\/v2\/media?parent=5191"}],"wp:term":[{"taxonomy":"category","embeddable":true,"href":"https:\/\/www.mylasertabac.com\/pt-pt\/wp-json\/wp\/v2\/categories?post=5191"},{"taxonomy":"post_tag","embeddable":true,"href":"https:\/\/www.mylasertabac.com\/pt-pt\/wp-json\/wp\/v2\/tags?post=5191"}],"curies":[{"name":"wp","href":"https:\/\/api.w.org\/{rel}","templated":true}]}}