{"id":6639,"date":"2025-04-07T14:52:33","date_gmt":"2025-04-07T12:52:33","guid":{"rendered":"https:\/\/www.mylasertabac.com\/fumar-em-tua-casa-o-que-diz-a-lei-para-inquilinos-e-senhorios\/"},"modified":"2025-04-07T16:13:46","modified_gmt":"2025-04-07T14:13:46","slug":"fumar-em-tua-casa-o-que-diz-a-lei-para-inquilinos-e-senhorios","status":"publish","type":"post","link":"https:\/\/www.mylasertabac.com\/pt-pt\/fumar-em-tua-casa-o-que-diz-a-lei-para-inquilinos-e-senhorios\/","title":{"rendered":"Fumar em tua casa: o que diz a lei para inquilinos e senhorios"},"content":{"rendered":"\n<div style=\"height:14px\" aria-hidden=\"true\" class=\"wp-block-spacer\"><\/div>\n\n<p>A quest\u00e3o de saber se <strong>os inquilinos<\/strong> podem <strong>fumar<\/strong> no seu <strong>alojamento<\/strong> surge frequentemente aquando do <strong>arrendamento<\/strong>. Embora <strong>a lei<\/strong> francesa garanta <strong>aos inquilinos<\/strong> uma certa liberdade, existem <strong>restri\u00e7\u00f5es<\/strong> em fun\u00e7\u00e3o do contrato <strong>de arrendamento<\/strong>, do tipo de <strong>contrato<\/strong> e das <strong>regras<\/strong> <strong>de copropriedade<\/strong>. <\/p>\n\n<p>Pode um <strong>senhorio<\/strong> ou um <strong>locador<\/strong> <strong>proibir<\/strong> um <strong>inquilino<\/strong> de <strong>fumar<\/strong>? Quais s\u00e3o os direitos e as obriga\u00e7\u00f5es de ambas as partes em mat\u00e9ria de <strong>gest\u00e3o do arrendamento<\/strong>? <strong>Os cigarros<\/strong>, <strong>a cannabis<\/strong> ou mesmo o <strong>inc\u00f3modo<\/strong> causado pelo fumo podem justificar a <strong>rescis\u00e3o do<\/strong> contrato de arrendamento ou a dedu\u00e7\u00e3o do <strong>dep\u00f3sito de renda<\/strong>? Este artigo analisa os regulamentos em <strong>vigor<\/strong>, as condi\u00e7\u00f5es espec\u00edficas dos <strong>contratos de arrendamento<\/strong> e as poss\u00edveis <strong>san\u00e7\u00f5es<\/strong> em caso de lit\u00edgio.   <\/p>\n\n<div style=\"height:14px\" aria-hidden=\"true\" class=\"wp-block-spacer\"><\/div>\n\n<figure class=\"wp-block-image alignleft size-large is-resized\"><img fetchpriority=\"high\" decoding=\"async\" width=\"1024\" height=\"547\" src=\"https:\/\/www.mylasertabac.com\/wp-content\/uploads\/2025\/04\/locataire-1024x547.jpeg\" alt=\"\" class=\"wp-image-6649\" style=\"width:427px;height:auto\" srcset=\"https:\/\/www.mylasertabac.com\/wp-content\/uploads\/2025\/04\/locataire-1024x547.jpeg 1024w, https:\/\/www.mylasertabac.com\/wp-content\/uploads\/2025\/04\/locataire-300x160.jpeg 300w, https:\/\/www.mylasertabac.com\/wp-content\/uploads\/2025\/04\/locataire-768x410.jpeg 768w, https:\/\/www.mylasertabac.com\/wp-content\/uploads\/2025\/04\/locataire.jpeg 1179w\" sizes=\"(max-width: 1024px) 100vw, 1024px\" \/><\/figure>\n\n<h2 class=\"wp-block-heading\"><strong>Fumar em casa \u00e9 um direito do inquilino?<\/strong><\/h2>\n\n<p>Quando um <strong>inquilino arrenda um apartamento<\/strong>, tem o <strong>direito<\/strong> de usufruir pacificamente do <strong>im\u00f3vel<\/strong>, segundo a <strong>legisla\u00e7\u00e3o<\/strong> <strong>francesa<\/strong> em vigor. No entanto, esta liberdade \u00e9 <strong>regida<\/strong> por <strong>regulamentos<\/strong> precisos. <\/p>\n\n<p><\/p>\n\n<div style=\"height:14px\" aria-hidden=\"true\" class=\"wp-block-spacer\"><\/div>\n\n<h3 class=\"wp-block-heading\"><strong>Liberdade de fumar na tua casa privada<\/strong><\/h3>\n\n<div style=\"height:14px\" aria-hidden=\"true\" class=\"wp-block-spacer\"><\/div>\n\n<p>Em princ\u00edpio, n\u00e3o existe uma <strong>proibi\u00e7\u00e3o<\/strong> geral de <strong>fumar<\/strong> num <strong>im\u00f3vel arrendado<\/strong>. Por conseguinte, <strong>os inquilinos<\/strong> s\u00e3o livres de consumir <strong>tabaco<\/strong> no interior do seu <strong>apartamento<\/strong>, a menos que isso cause perturba\u00e7\u00f5es aos outros residentes do<strong>edif\u00edcio<\/strong>. <\/p>\n\n<p>No entanto, o fumo pode causar <strong>danos nas<\/strong> <strong>paredes<\/strong>, incluindo o amarelecimento da pintura e odores persistentes. No <strong>final do<\/strong> <strong>contrato de arrendamento<\/strong>, o <strong>senhorio<\/strong> pode solicitar a realiza\u00e7\u00e3o de <strong>obras<\/strong> de renova\u00e7\u00e3o se forem encontrados vest\u00edgios de fumo <strong>de tabaco<\/strong> e deduzir uma parte da <strong>garantia de arrendamento<\/strong>. <\/p>\n\n<div style=\"height:19px\" aria-hidden=\"true\" class=\"wp-block-spacer\"><\/div>\n\n<figure class=\"wp-block-image alignright size-large is-resized\"><img decoding=\"async\" width=\"724\" height=\"1024\" src=\"https:\/\/www.mylasertabac.com\/wp-content\/uploads\/2025\/04\/IMG_1092-724x1024.png\" alt=\"\" class=\"wp-image-6657\" style=\"width:450px;height:auto\" srcset=\"https:\/\/www.mylasertabac.com\/wp-content\/uploads\/2025\/04\/IMG_1092-724x1024.png 724w, https:\/\/www.mylasertabac.com\/wp-content\/uploads\/2025\/04\/IMG_1092-212x300.png 212w, https:\/\/www.mylasertabac.com\/wp-content\/uploads\/2025\/04\/IMG_1092-768x1086.png 768w, https:\/\/www.mylasertabac.com\/wp-content\/uploads\/2025\/04\/IMG_1092.png 792w\" sizes=\"(max-width: 724px) 100vw, 724px\" \/><\/figure>\n\n<p><\/p>\n\n<h3 class=\"wp-block-heading\"><strong>Poss\u00edveis restri\u00e7\u00f5es consoante o contrato de arrendamento<\/strong><\/h3>\n\n<p>Alguns <strong>senhorios<\/strong> incluem uma <strong>cl\u00e1usula<\/strong> espec\u00edfica no <strong>contrato<\/strong> <strong>de arrendamento<\/strong> <strong>que pro\u00edbe<\/strong> <strong>o consumo de tabaco<\/strong>, especialmente em <strong>alojamentos mobilados<\/strong>, onde os m\u00f3veis e o equipamento est\u00e3o expostos a odores e res\u00edduos de fumo. No entanto, esta <strong>cl\u00e1usula<\/strong> <strong>n\u00e3o tem<\/strong> muitas vezes <strong>qualquer efeito<\/strong> jur\u00eddico, uma vez que <strong>os inquilinos<\/strong> conservam o <strong>direito<\/strong> de<strong>utilizar<\/strong> o seu <strong>alojamento de acordo com as<\/strong>suas prefer\u00eancias pessoais. <\/p>\n\n<p>Nos <strong>condom\u00ednios<\/strong>, as <strong>regras<\/strong> podem <strong>proibir que<\/strong> <strong>se<\/strong> fume nas <strong>\u00e1reas comuns<\/strong>, mas n\u00e3o no interior dos <strong>apartamentos<\/strong>.<\/p>\n\n<div style=\"height:37px\" aria-hidden=\"true\" class=\"wp-block-spacer\"><\/div>\n\n<p class=\"has-cyan-bluish-gray-background-color has-background\">Este artigo tamb\u00e9m pode ser do teu interesse:<mark style=\"background-color:rgba(0, 0, 0, 0)\" class=\"has-inline-color has-luminous-vivid-orange-color\"> <\/mark><a href=\"https:\/\/www.mylasertabac.com\/pt-pt\/junta-te-ao-franchising-laser-anti-tabac-e-beneficia-de-um-conceito-chave-na-mao-rentavel\/\"><mark style=\"background-color:rgba(0, 0, 0, 0)\" class=\"has-inline-color has-luminous-vivid-orange-color\">Junta-te ao franchising Laser Anti-Tabac e beneficia de um conceito chave-na-m\u00e3o rent\u00e1vel<\/mark><\/a><\/p>\n\n<div style=\"height:14px\" aria-hidden=\"true\" class=\"wp-block-spacer\"><\/div>\n\n<h2 class=\"wp-block-heading\"><strong>Que impacto tem o tabagismo na habita\u00e7\u00e3o?<\/strong><\/h2>\n\n<div style=\"height:14px\" aria-hidden=\"true\" class=\"wp-block-spacer\"><\/div>\n\n<p>Embora <strong>os inquilinos<\/strong> sejam livres de <strong>fumar<\/strong>, devem ter o cuidado de n\u00e3o danificar o<strong>apartamento<\/strong>, sob pena de lhes ser descontado o <strong>dep\u00f3sito de aluguer<\/strong>.<\/p>\n\n<div style=\"height:14px\" aria-hidden=\"true\" class=\"wp-block-spacer\"><\/div>\n\n<h2 class=\"wp-block-heading\"><strong>Danos nas instala\u00e7\u00f5es: responsabilidade do inquilino<\/strong><\/h2>\n\n<div style=\"height:14px\" aria-hidden=\"true\" class=\"wp-block-spacer\"><\/div>\n\n<p><strong>O inquilino<\/strong> deve devolver o seu <strong>im\u00f3vel<\/strong> no mesmo <strong>estado em<\/strong> que se encontrava quando se mudou <strong>.<\/strong> O fumo <strong>do cigarro<\/strong> pode causar : <\/p>\n\n<ul class=\"wp-block-list\">\n<li>Manchas amareladas nas <strong>paredes<\/strong> e nos tectos.<\/li>\n\n\n\n<li>Odores persistentes, nomeadamente nos revestimentos de ch\u00e3o e nas cortinas.<\/li>\n\n\n\n<li>Uma acumula\u00e7\u00e3o de nicotina que pode exigir <strong>trabalhos<\/strong> dispendiosos para o <strong>propriet\u00e1rio<\/strong>.<\/li>\n<\/ul>\n\n<p>Em caso de <strong>danos<\/strong> comprovados, o <strong>senhorio<\/strong> tem o direito de reter uma parte da <strong>renda<\/strong> ou da <strong>garantia de arrendamento<\/strong> para proceder a repara\u00e7\u00f5es.<\/p>\n\n<div style=\"height:14px\" aria-hidden=\"true\" class=\"wp-block-spacer\"><\/div>\n\n<h3 class=\"wp-block-heading\"><strong>Reclama\u00e7\u00f5es de vizinhos e lit\u00edgios relacionados com o consumo de tabaco<\/strong><\/h3>\n\n<div style=\"height:14px\" aria-hidden=\"true\" class=\"wp-block-spacer\"><\/div>\n\n<p>Se o fumo se infiltra nas <strong>janelas<\/strong> dos vizinhos ou nas zonas comuns de um <strong>edif\u00edcio<\/strong>, podem surgir lit\u00edgios. O <strong>propriet\u00e1rio<\/strong> pode ter de tomar <strong>medidas<\/strong> se os <strong>co-propriet\u00e1rios<\/strong> considerarem que o problema \u00e9 excessivo. <\/p>\n\n<p><strong>Os inquilinos<\/strong> podem ser processados por causar inc\u00f3modos <strong>aos vizinhos<\/strong>, especialmente se fumar <strong>tabaco<\/strong> ou <strong>cannabis<\/strong> causar inc\u00f3modos repetidos.<\/p>\n\n<div style=\"height:14px\" aria-hidden=\"true\" class=\"wp-block-spacer\"><\/div>\n\n<h2 class=\"wp-block-heading\"><strong>Fumar na tua varanda ou na tua janela: o que diz a lei?<\/strong><\/h2>\n\n<div style=\"height:14px\" aria-hidden=\"true\" class=\"wp-block-spacer\"><\/div>\n\n<p>Fumar <strong>cigarros<\/strong> numa <strong>varanda<\/strong> ou em frente a uma <strong>janela<\/strong> levanta uma quest\u00e3o complicada em mat\u00e9ria <strong>de direito de propriedade<\/strong>.<\/p>\n\n<div style=\"height:14px\" aria-hidden=\"true\" class=\"wp-block-spacer\"><\/div>\n\n<h3 class=\"wp-block-heading\"><strong>Apartamentos e condom\u00ednios<\/strong><\/h3>\n\n<div style=\"height:14px\" aria-hidden=\"true\" class=\"wp-block-spacer\"><\/div>\n\n<p>Nos <strong>condom\u00ednios<\/strong>, as <strong>regras<\/strong> podem estabelecer <strong>restri\u00e7\u00f5es<\/strong> ao <strong>fumo<\/strong> nas varandas, especialmente se o fumo incomodar os outros residentes. No entanto, \u00e9 raro que um <strong>senhorio<\/strong> <strong>pro\u00edba<\/strong> formalmente que se <strong>fume<\/strong> numa <strong>varanda<\/strong> privada. <\/p>\n\n<div style=\"height:14px\" aria-hidden=\"true\" class=\"wp-block-spacer\"><\/div>\n\n<h2 class=\"wp-block-heading\"><strong>O que \u00e9 que os inquilinos arriscam se n\u00e3o cumprirem as regras?<\/strong><\/h2>\n\n<div style=\"height:14px\" aria-hidden=\"true\" class=\"wp-block-spacer\"><\/div>\n\n<p>Se um <strong>inquilino<\/strong> se recusar a deixar de <strong>fumar<\/strong> apesar das repetidas queixas, o <strong>senhorio<\/strong> pode iniciar <strong>um processo de rescis\u00e3o<\/strong> do <strong>contrato de arrendamento<\/strong>, especialmente se o <strong>regulamento<\/strong><strong>do edif\u00edcio<\/strong> impuser uma <strong>proibi\u00e7\u00e3o<\/strong> rigorosa.<\/p>\n\n<div style=\"height:17px\" aria-hidden=\"true\" class=\"wp-block-spacer\"><\/div>\n\n<p class=\"has-cyan-bluish-gray-background-color has-background\">Tamb\u00e9m podes estar interessado neste artigo:  <a href=\"https:\/\/www.mylasertabac.com\/pt-pt\/podes-fumar-no-trabalho-direitos-e-proibicoes-no-local-de-trabalho\/\"><mark style=\"background-color:rgba(0, 0, 0, 0)\" class=\"has-inline-color has-luminous-vivid-orange-color\">Podes fumar no trabalho? Direitos e proibi\u00e7\u00f5es no local de trabalho <\/mark><\/a><\/p>\n\n<div style=\"height:14px\" aria-hidden=\"true\" class=\"wp-block-spacer\"><\/div>\n\n<h2 class=\"wp-block-heading\"><strong>O que diz a lei sobre arrendamentos sazonais ou Airbnb?<\/strong><\/h2>\n\n<div style=\"height:14px\" aria-hidden=\"true\" class=\"wp-block-spacer\"><\/div>\n\n<p>No caso de um <strong>aluguer sazonal<\/strong>, como um <strong>apartamento<\/strong> alugado na Airbnb, <strong>os propriet\u00e1rios<\/strong> s\u00e3o livres de<strong>proibir<\/strong> o consumo de <strong>cigarros<\/strong> no interior da <strong>propriedade<\/strong>.<\/p>\n\n<div style=\"height:14px\" aria-hidden=\"true\" class=\"wp-block-spacer\"><\/div>\n\n<h3 class=\"wp-block-heading\"><strong>Fumar em alojamentos mobilados de curta dura\u00e7\u00e3o<\/strong><\/h3>\n\n<div style=\"height:14px\" aria-hidden=\"true\" class=\"wp-block-spacer\"><\/div>\n\n<p>Um <strong>contrato<\/strong> <strong>de arrendamento sazonal<\/strong> inclui frequentemente uma <strong>cl\u00e1usula<\/strong> que estipula que <strong>os fumadores<\/strong> devem abster-se de <strong>fumar<\/strong> nos espa\u00e7os interiores. Em caso de incumprimento, o <strong>locador<\/strong> pode aplicar custos adicionais de limpeza e desodoriza\u00e7\u00e3o. <\/p>\n\n<div style=\"height:14px\" aria-hidden=\"true\" class=\"wp-block-spacer\"><\/div>\n\n<h3 class=\"wp-block-heading\"><strong>O impacto do tabagismo no pagamento das cau\u00e7\u00f5es<\/strong><\/h3>\n\n<div style=\"height:14px\" aria-hidden=\"true\" class=\"wp-block-spacer\"><\/div>\n\n<p>Se um <strong>inquilino<\/strong> fumar apesar da<strong>proibi\u00e7\u00e3o<\/strong>, o <strong>senhorio<\/strong> pode reter parte da <strong>cau\u00e7\u00e3o<\/strong> para cobrir os custos de <strong>recupera\u00e7\u00e3o<\/strong> do <strong>im\u00f3vel<\/strong>.<\/p>\n\n<div style=\"height:14px\" aria-hidden=\"true\" class=\"wp-block-spacer\"><\/div>\n\n<h3 class=\"wp-block-heading\"><strong>Que altera\u00e7\u00f5es legislativas est\u00e3o previstas?<\/strong><\/h3>\n\n<div style=\"height:14px\" aria-hidden=\"true\" class=\"wp-block-spacer\"><\/div>\n\n<p>As regulamenta\u00e7\u00f5es relativas <strong>ao tabaco<\/strong> e <strong>\u00e0 habita\u00e7\u00e3o<\/strong> est\u00e3o em constante evolu\u00e7\u00e3o sob a influ\u00eancia das <strong>pol\u00edticas de sa\u00fade p\u00fablica<\/strong> e das tend\u00eancias <strong>do arrendamento de im\u00f3veis<\/strong>.<\/p>\n\n<div style=\"height:14px\" aria-hidden=\"true\" class=\"wp-block-spacer\"><\/div>\n\n<h3 class=\"wp-block-heading\"><strong>A favor de regras mais rigorosas para fumar em casa?<\/strong><\/h3>\n\n<div style=\"height:14px\" aria-hidden=\"true\" class=\"wp-block-spacer\"><\/div>\n\n<p>O Parlamento Europeu prop\u00f5e a<strong>proibi\u00e7\u00e3o de<\/strong> <strong>fumar<\/strong> em determinados tipos de <strong>arrendamento<\/strong>, nomeadamente em alojamentos <strong>mobilados<\/strong> e apartamentos partilhados. A proibi\u00e7\u00e3o de fumar em certos tipos de arrendamento, nomeadamente em alojamentos mobilados e apartamentos partilhados, pode ser objeto de uma <strong>cl\u00e1usula<\/strong> espec\u00edfica no <strong>contrato de arrendamento<\/strong> para limitar <strong>os danos<\/strong> causados pelo fumo. <\/p>\n\n<div style=\"height:29px\" aria-hidden=\"true\" class=\"wp-block-spacer\"><\/div>\n\n<figure class=\"wp-block-image alignleft size-large is-resized\"><img decoding=\"async\" width=\"1024\" height=\"683\" src=\"https:\/\/www.mylasertabac.com\/wp-content\/uploads\/2025\/04\/europe--1024x683.png\" alt=\"\" class=\"wp-image-6665\" style=\"width:316px;height:auto\" srcset=\"https:\/\/www.mylasertabac.com\/wp-content\/uploads\/2025\/04\/europe--1024x683.png 1024w, https:\/\/www.mylasertabac.com\/wp-content\/uploads\/2025\/04\/europe--300x200.png 300w, https:\/\/www.mylasertabac.com\/wp-content\/uploads\/2025\/04\/europe--768x512.png 768w, https:\/\/www.mylasertabac.com\/wp-content\/uploads\/2025\/04\/europe--1536x1024.png 1536w, https:\/\/www.mylasertabac.com\/wp-content\/uploads\/2025\/04\/europe--2048x1366.png 2048w\" sizes=\"(max-width: 1024px) 100vw, 1024px\" \/><\/figure>\n\n<h2 class=\"wp-block-heading\"><strong>Regras mais rigorosas na Europa?<\/strong><\/h2>\n\n<p>Nalguns <strong>pa\u00edses europeus<\/strong>, a regulamenta\u00e7\u00e3o \u00e9 mais rigorosa. Na Alemanha, por exemplo, um <strong>senhorio<\/strong> pode <strong>proibir<\/strong> formalmente <strong>que<\/strong> se <strong>fume<\/strong> num <strong>apartamento alugado<\/strong>, sob pena de <strong>rescis\u00e3o<\/strong> imediata <strong>do<\/strong> <strong>contrato de arrendamento<\/strong>. Uma influ\u00eancia que poder\u00e1 chegar a <strong>Fran\u00e7a<\/strong> nos pr\u00f3ximos anos.  <\/p>\n\n<div style=\"height:70px\" aria-hidden=\"true\" class=\"wp-block-spacer\"><\/div>\n\n<p><strong>Conclus\u00e3o<\/strong><\/p>\n\n<div style=\"height:15px\" aria-hidden=\"true\" class=\"wp-block-spacer\"><\/div>\n\n<p>Em <strong>Fran\u00e7a<\/strong>, <strong>os inquilinos<\/strong> t\u00eam o <strong>direito<\/strong> de <strong>fumar<\/strong> nos seus <strong>alojamentos<\/strong>, a n\u00e3o ser que isso cause <strong>danos<\/strong> ou inc\u00f3modo comprovado. No entanto, o <strong>senhorio<\/strong> pode aplicar <strong>restri\u00e7\u00f5es<\/strong>, nomeadamente no caso de <strong>alojamentos mobilados<\/strong>, e exigir que as <strong>instala\u00e7\u00f5es<\/strong> sejam repostas no seu <strong>estado<\/strong> original quando o inquilino <strong>sair<\/strong>. <\/p>\n\n<p>Tendo em conta a evolu\u00e7\u00e3o da <strong>pol\u00edtica de sa\u00fade<\/strong>, \u00e9 prov\u00e1vel que a legisla\u00e7\u00e3o se torne mais rigorosa, nomeadamente no que se refere \u00e0 <strong>copropriedade e<\/strong>ao <strong>arrendamento sazonal<\/strong>. Esta \u00e9 uma quest\u00e3o que continuar\u00e1 a alimentar o debate no sector <strong>do arrendamento imobili\u00e1rio<\/strong>. <\/p>\n\n<p>Se queres <a href=\"https:\/\/www.mylasertabac.com\/pt-pt\/\">deixar de fumar<\/a>, marca uma consulta num dos nossos <a href=\"https:\/\/www.mylasertabac.com\/pt-pt\/os-nossos-centros\/\">centros laser anti-depend\u00eancia<\/a> diretamente no nosso site <a href=\"https:\/\/www.mylasertabac.com\/pt-pt\/\">https:\/\/www.mylasertabac.com<\/a><\/p>\n\n<p><\/p>\n\n<div style=\"height:27px\" aria-hidden=\"true\" class=\"wp-block-spacer\"><\/div>\n\n<figure class=\"wp-block-image size-large\"><img decoding=\"async\" src=\"https:\/\/www.mylasertabac.com\/wp-content\/uploads\/\/mlt-verteau.svg\" alt=\"\" class=\"wp-image-13\"\/><\/figure>\n","protected":false},"excerpt":{"rendered":"<p>A quest\u00e3o de saber se os inquilinos podem fumar no seu alojamento surge frequentemente aquando do arrendamento. Embora a lei francesa garanta aos inquilinos uma certa liberdade, existem restri\u00e7\u00f5es em fun\u00e7\u00e3o do contrato de arrendamento, do tipo de contrato e das regras de copropriedade. Pode um senhorio ou um locador proibir um inquilino de fumar? [&hellip;]<\/p>\n","protected":false},"author":2,"featured_media":6679,"comment_status":"closed","ping_status":"open","sticky":false,"template":"","format":"standard","meta":{"inline_featured_image":false,"footnotes":""},"categories":[579,77],"tags":[],"class_list":["post-6639","post","type-post","status-publish","format-standard","has-post-thumbnail","hentry","category-lei","category-sem-categoria"],"yoast_head":"<!-- This site is optimized with the Yoast SEO plugin v27.5 - https:\/\/yoast.com\/product\/yoast-seo-wordpress\/ -->\n<title>Os inquilinos podem fumar na sua casa?<\/title>\n<meta name=\"description\" content=\"Gostarias de saber quais s\u00e3o as regras aplic\u00e1veis quando \u00e9s inquilino e fumas no teu apartamento.\" \/>\n<meta name=\"robots\" content=\"index, follow, max-snippet:-1, max-image-preview:large, max-video-preview:-1\" \/>\n<link rel=\"canonical\" href=\"https:\/\/www.mylasertabac.com\/pt-pt\/fumar-em-tua-casa-o-que-diz-a-lei-para-inquilinos-e-senhorios\/\" \/>\n<meta property=\"og:locale\" content=\"pt_PT\" \/>\n<meta property=\"og:type\" content=\"article\" \/>\n<meta property=\"og:title\" content=\"Os inquilinos podem fumar na sua casa?\" \/>\n<meta property=\"og:description\" content=\"Gostarias de saber quais s\u00e3o as regras aplic\u00e1veis quando \u00e9s inquilino e fumas no teu apartamento.\" \/>\n<meta property=\"og:url\" content=\"https:\/\/www.mylasertabac.com\/pt-pt\/fumar-em-tua-casa-o-que-diz-a-lei-para-inquilinos-e-senhorios\/\" \/>\n<meta property=\"og:site_name\" content=\"My Laser Tabac\" \/>\n<meta property=\"article:author\" content=\"https:\/\/www.facebook.com\/profile.php?id=61571554707319\" \/>\n<meta property=\"article:published_time\" content=\"2025-04-07T12:52:33+00:00\" \/>\n<meta property=\"article:modified_time\" content=\"2025-04-07T14:13:46+00:00\" \/>\n<meta property=\"og:image\" content=\"https:\/\/www.mylasertabac.com\/wp-content\/uploads\/2025\/04\/fumer-a-linterieur-de-sa-maison-quand-ont-est-locataire-ce-que-dis-la-loi.png\" \/>\n\t<meta property=\"og:image:width\" content=\"1024\" \/>\n\t<meta property=\"og:image:height\" content=\"1024\" \/>\n\t<meta property=\"og:image:type\" content=\"image\/png\" \/>\n<meta name=\"author\" content=\"Florian Fortes\" \/>\n<meta name=\"twitter:card\" content=\"summary_large_image\" \/>\n<meta name=\"twitter:label1\" content=\"Escrito por\" \/>\n\t<meta name=\"twitter:data1\" content=\"Florian Fortes\" \/>\n\t<meta name=\"twitter:label2\" content=\"Tempo estimado de leitura\" \/>\n\t<meta name=\"twitter:data2\" content=\"6 minutos\" \/>\n<script type=\"application\/ld+json\" class=\"yoast-schema-graph\">{\"@context\":\"https:\\\/\\\/schema.org\",\"@graph\":[{\"@type\":\"Article\",\"@id\":\"https:\\\/\\\/www.mylasertabac.com\\\/pt-pt\\\/fumar-em-tua-casa-o-que-diz-a-lei-para-inquilinos-e-senhorios\\\/#article\",\"isPartOf\":{\"@id\":\"https:\\\/\\\/www.mylasertabac.com\\\/pt-pt\\\/fumar-em-tua-casa-o-que-diz-a-lei-para-inquilinos-e-senhorios\\\/\"},\"author\":{\"name\":\"Florian Fortes\",\"@id\":\"https:\\\/\\\/www.mylasertabac.com\\\/pt-pt\\\/#\\\/schema\\\/person\\\/02c249cb76d912efb6c315ec23eccdf3\"},\"headline\":\"Fumar em tua casa: o que diz a lei para inquilinos e senhorios\",\"datePublished\":\"2025-04-07T12:52:33+00:00\",\"dateModified\":\"2025-04-07T14:13:46+00:00\",\"mainEntityOfPage\":{\"@id\":\"https:\\\/\\\/www.mylasertabac.com\\\/pt-pt\\\/fumar-em-tua-casa-o-que-diz-a-lei-para-inquilinos-e-senhorios\\\/\"},\"wordCount\":1161,\"publisher\":{\"@id\":\"https:\\\/\\\/www.mylasertabac.com\\\/pt-pt\\\/#organization\"},\"image\":{\"@id\":\"https:\\\/\\\/www.mylasertabac.com\\\/pt-pt\\\/fumar-em-tua-casa-o-que-diz-a-lei-para-inquilinos-e-senhorios\\\/#primaryimage\"},\"thumbnailUrl\":\"https:\\\/\\\/www.mylasertabac.com\\\/wp-content\\\/uploads\\\/2025\\\/04\\\/fumer-a-linterieur-de-sa-maison-quand-ont-est-locataire-ce-que-dis-la-loi.png\",\"articleSection\":[\"lei\"],\"inLanguage\":\"pt-PT\"},{\"@type\":\"WebPage\",\"@id\":\"https:\\\/\\\/www.mylasertabac.com\\\/pt-pt\\\/fumar-em-tua-casa-o-que-diz-a-lei-para-inquilinos-e-senhorios\\\/\",\"url\":\"https:\\\/\\\/www.mylasertabac.com\\\/pt-pt\\\/fumar-em-tua-casa-o-que-diz-a-lei-para-inquilinos-e-senhorios\\\/\",\"name\":\"Os inquilinos podem fumar na sua casa?\",\"isPartOf\":{\"@id\":\"https:\\\/\\\/www.mylasertabac.com\\\/pt-pt\\\/#website\"},\"primaryImageOfPage\":{\"@id\":\"https:\\\/\\\/www.mylasertabac.com\\\/pt-pt\\\/fumar-em-tua-casa-o-que-diz-a-lei-para-inquilinos-e-senhorios\\\/#primaryimage\"},\"image\":{\"@id\":\"https:\\\/\\\/www.mylasertabac.com\\\/pt-pt\\\/fumar-em-tua-casa-o-que-diz-a-lei-para-inquilinos-e-senhorios\\\/#primaryimage\"},\"thumbnailUrl\":\"https:\\\/\\\/www.mylasertabac.com\\\/wp-content\\\/uploads\\\/2025\\\/04\\\/fumer-a-linterieur-de-sa-maison-quand-ont-est-locataire-ce-que-dis-la-loi.png\",\"datePublished\":\"2025-04-07T12:52:33+00:00\",\"dateModified\":\"2025-04-07T14:13:46+00:00\",\"description\":\"Gostarias de saber quais s\u00e3o as regras aplic\u00e1veis quando \u00e9s inquilino e fumas no teu apartamento.\",\"breadcrumb\":{\"@id\":\"https:\\\/\\\/www.mylasertabac.com\\\/pt-pt\\\/fumar-em-tua-casa-o-que-diz-a-lei-para-inquilinos-e-senhorios\\\/#breadcrumb\"},\"inLanguage\":\"pt-PT\",\"potentialAction\":[{\"@type\":\"ReadAction\",\"target\":[\"https:\\\/\\\/www.mylasertabac.com\\\/pt-pt\\\/fumar-em-tua-casa-o-que-diz-a-lei-para-inquilinos-e-senhorios\\\/\"]}]},{\"@type\":\"ImageObject\",\"inLanguage\":\"pt-PT\",\"@id\":\"https:\\\/\\\/www.mylasertabac.com\\\/pt-pt\\\/fumar-em-tua-casa-o-que-diz-a-lei-para-inquilinos-e-senhorios\\\/#primaryimage\",\"url\":\"https:\\\/\\\/www.mylasertabac.com\\\/wp-content\\\/uploads\\\/2025\\\/04\\\/fumer-a-linterieur-de-sa-maison-quand-ont-est-locataire-ce-que-dis-la-loi.png\",\"contentUrl\":\"https:\\\/\\\/www.mylasertabac.com\\\/wp-content\\\/uploads\\\/2025\\\/04\\\/fumer-a-linterieur-de-sa-maison-quand-ont-est-locataire-ce-que-dis-la-loi.png\",\"width\":1024,\"height\":1024},{\"@type\":\"BreadcrumbList\",\"@id\":\"https:\\\/\\\/www.mylasertabac.com\\\/pt-pt\\\/fumar-em-tua-casa-o-que-diz-a-lei-para-inquilinos-e-senhorios\\\/#breadcrumb\",\"itemListElement\":[{\"@type\":\"ListItem\",\"position\":1,\"name\":\"Accueil\",\"item\":\"https:\\\/\\\/www.mylasertabac.com\\\/pt-pt\\\/casa\\\/\"},{\"@type\":\"ListItem\",\"position\":2,\"name\":\"Fumar em tua casa: o que diz a lei para inquilinos e senhorios\"}]},{\"@type\":\"WebSite\",\"@id\":\"https:\\\/\\\/www.mylasertabac.com\\\/pt-pt\\\/#website\",\"url\":\"https:\\\/\\\/www.mylasertabac.com\\\/pt-pt\\\/\",\"name\":\"My Laser Tabac\",\"description\":\"La solution laser qui transforme les fumeurs en ex-fumeurs\",\"publisher\":{\"@id\":\"https:\\\/\\\/www.mylasertabac.com\\\/pt-pt\\\/#organization\"},\"potentialAction\":[{\"@type\":\"SearchAction\",\"target\":{\"@type\":\"EntryPoint\",\"urlTemplate\":\"https:\\\/\\\/www.mylasertabac.com\\\/pt-pt\\\/?s={search_term_string}\"},\"query-input\":{\"@type\":\"PropertyValueSpecification\",\"valueRequired\":true,\"valueName\":\"search_term_string\"}}],\"inLanguage\":\"pt-PT\"},{\"@type\":\"Organization\",\"@id\":\"https:\\\/\\\/www.mylasertabac.com\\\/pt-pt\\\/#organization\",\"name\":\"My Laser Tabac\",\"url\":\"https:\\\/\\\/www.mylasertabac.com\\\/pt-pt\\\/\",\"logo\":{\"@type\":\"ImageObject\",\"inLanguage\":\"pt-PT\",\"@id\":\"https:\\\/\\\/www.mylasertabac.com\\\/pt-pt\\\/#\\\/schema\\\/logo\\\/image\\\/\",\"url\":\"https:\\\/\\\/www.mylasertabac.com\\\/wp-content\\\/uploads\\\/2024\\\/12\\\/mlt-verteau.svg\",\"contentUrl\":\"https:\\\/\\\/www.mylasertabac.com\\\/wp-content\\\/uploads\\\/2024\\\/12\\\/mlt-verteau.svg\",\"caption\":\"My Laser Tabac\"},\"image\":{\"@id\":\"https:\\\/\\\/www.mylasertabac.com\\\/pt-pt\\\/#\\\/schema\\\/logo\\\/image\\\/\"}},{\"@type\":\"Person\",\"@id\":\"https:\\\/\\\/www.mylasertabac.com\\\/pt-pt\\\/#\\\/schema\\\/person\\\/02c249cb76d912efb6c315ec23eccdf3\",\"name\":\"Florian Fortes\",\"image\":{\"@type\":\"ImageObject\",\"inLanguage\":\"pt-PT\",\"@id\":\"https:\\\/\\\/www.mylasertabac.com\\\/wp-content\\\/litespeed\\\/avatar\\\/142101a71d7b9e6490c1120d9c109a67.jpg?ver=1776856306\",\"url\":\"https:\\\/\\\/www.mylasertabac.com\\\/wp-content\\\/litespeed\\\/avatar\\\/142101a71d7b9e6490c1120d9c109a67.jpg?ver=1776856306\",\"contentUrl\":\"https:\\\/\\\/www.mylasertabac.com\\\/wp-content\\\/litespeed\\\/avatar\\\/142101a71d7b9e6490c1120d9c109a67.jpg?ver=1776856306\",\"caption\":\"Florian Fortes\"},\"sameAs\":[\"https:\\\/\\\/www.mylasertabac.com\",\"https:\\\/\\\/www.facebook.com\\\/profile.php?id=61571554707319\"],\"url\":\"https:\\\/\\\/www.mylasertabac.com\\\/pt-pt\\\/author\\\/florianfortes5312\\\/\"}]}<\/script>\n<!-- \/ Yoast SEO plugin. -->","yoast_head_json":{"title":"Os inquilinos podem fumar na sua casa?","description":"Gostarias de saber quais s\u00e3o as regras aplic\u00e1veis quando \u00e9s inquilino e fumas no teu apartamento.","robots":{"index":"index","follow":"follow","max-snippet":"max-snippet:-1","max-image-preview":"max-image-preview:large","max-video-preview":"max-video-preview:-1"},"canonical":"https:\/\/www.mylasertabac.com\/pt-pt\/fumar-em-tua-casa-o-que-diz-a-lei-para-inquilinos-e-senhorios\/","og_locale":"pt_PT","og_type":"article","og_title":"Os inquilinos podem fumar na sua casa?","og_description":"Gostarias de saber quais s\u00e3o as regras aplic\u00e1veis quando \u00e9s inquilino e fumas no teu apartamento.","og_url":"https:\/\/www.mylasertabac.com\/pt-pt\/fumar-em-tua-casa-o-que-diz-a-lei-para-inquilinos-e-senhorios\/","og_site_name":"My Laser Tabac","article_author":"https:\/\/www.facebook.com\/profile.php?id=61571554707319","article_published_time":"2025-04-07T12:52:33+00:00","article_modified_time":"2025-04-07T14:13:46+00:00","og_image":[{"width":1024,"height":1024,"url":"https:\/\/www.mylasertabac.com\/wp-content\/uploads\/2025\/04\/fumer-a-linterieur-de-sa-maison-quand-ont-est-locataire-ce-que-dis-la-loi.png","type":"image\/png"}],"author":"Florian Fortes","twitter_card":"summary_large_image","twitter_misc":{"Escrito por":"Florian Fortes","Tempo estimado de leitura":"6 minutos"},"schema":{"@context":"https:\/\/schema.org","@graph":[{"@type":"Article","@id":"https:\/\/www.mylasertabac.com\/pt-pt\/fumar-em-tua-casa-o-que-diz-a-lei-para-inquilinos-e-senhorios\/#article","isPartOf":{"@id":"https:\/\/www.mylasertabac.com\/pt-pt\/fumar-em-tua-casa-o-que-diz-a-lei-para-inquilinos-e-senhorios\/"},"author":{"name":"Florian Fortes","@id":"https:\/\/www.mylasertabac.com\/pt-pt\/#\/schema\/person\/02c249cb76d912efb6c315ec23eccdf3"},"headline":"Fumar em tua casa: o que diz a lei para inquilinos e senhorios","datePublished":"2025-04-07T12:52:33+00:00","dateModified":"2025-04-07T14:13:46+00:00","mainEntityOfPage":{"@id":"https:\/\/www.mylasertabac.com\/pt-pt\/fumar-em-tua-casa-o-que-diz-a-lei-para-inquilinos-e-senhorios\/"},"wordCount":1161,"publisher":{"@id":"https:\/\/www.mylasertabac.com\/pt-pt\/#organization"},"image":{"@id":"https:\/\/www.mylasertabac.com\/pt-pt\/fumar-em-tua-casa-o-que-diz-a-lei-para-inquilinos-e-senhorios\/#primaryimage"},"thumbnailUrl":"https:\/\/www.mylasertabac.com\/wp-content\/uploads\/2025\/04\/fumer-a-linterieur-de-sa-maison-quand-ont-est-locataire-ce-que-dis-la-loi.png","articleSection":["lei"],"inLanguage":"pt-PT"},{"@type":"WebPage","@id":"https:\/\/www.mylasertabac.com\/pt-pt\/fumar-em-tua-casa-o-que-diz-a-lei-para-inquilinos-e-senhorios\/","url":"https:\/\/www.mylasertabac.com\/pt-pt\/fumar-em-tua-casa-o-que-diz-a-lei-para-inquilinos-e-senhorios\/","name":"Os inquilinos podem fumar na sua casa?","isPartOf":{"@id":"https:\/\/www.mylasertabac.com\/pt-pt\/#website"},"primaryImageOfPage":{"@id":"https:\/\/www.mylasertabac.com\/pt-pt\/fumar-em-tua-casa-o-que-diz-a-lei-para-inquilinos-e-senhorios\/#primaryimage"},"image":{"@id":"https:\/\/www.mylasertabac.com\/pt-pt\/fumar-em-tua-casa-o-que-diz-a-lei-para-inquilinos-e-senhorios\/#primaryimage"},"thumbnailUrl":"https:\/\/www.mylasertabac.com\/wp-content\/uploads\/2025\/04\/fumer-a-linterieur-de-sa-maison-quand-ont-est-locataire-ce-que-dis-la-loi.png","datePublished":"2025-04-07T12:52:33+00:00","dateModified":"2025-04-07T14:13:46+00:00","description":"Gostarias de saber quais s\u00e3o as regras aplic\u00e1veis quando \u00e9s inquilino e fumas no teu apartamento.","breadcrumb":{"@id":"https:\/\/www.mylasertabac.com\/pt-pt\/fumar-em-tua-casa-o-que-diz-a-lei-para-inquilinos-e-senhorios\/#breadcrumb"},"inLanguage":"pt-PT","potentialAction":[{"@type":"ReadAction","target":["https:\/\/www.mylasertabac.com\/pt-pt\/fumar-em-tua-casa-o-que-diz-a-lei-para-inquilinos-e-senhorios\/"]}]},{"@type":"ImageObject","inLanguage":"pt-PT","@id":"https:\/\/www.mylasertabac.com\/pt-pt\/fumar-em-tua-casa-o-que-diz-a-lei-para-inquilinos-e-senhorios\/#primaryimage","url":"https:\/\/www.mylasertabac.com\/wp-content\/uploads\/2025\/04\/fumer-a-linterieur-de-sa-maison-quand-ont-est-locataire-ce-que-dis-la-loi.png","contentUrl":"https:\/\/www.mylasertabac.com\/wp-content\/uploads\/2025\/04\/fumer-a-linterieur-de-sa-maison-quand-ont-est-locataire-ce-que-dis-la-loi.png","width":1024,"height":1024},{"@type":"BreadcrumbList","@id":"https:\/\/www.mylasertabac.com\/pt-pt\/fumar-em-tua-casa-o-que-diz-a-lei-para-inquilinos-e-senhorios\/#breadcrumb","itemListElement":[{"@type":"ListItem","position":1,"name":"Accueil","item":"https:\/\/www.mylasertabac.com\/pt-pt\/casa\/"},{"@type":"ListItem","position":2,"name":"Fumar em tua casa: o que diz a lei para inquilinos e senhorios"}]},{"@type":"WebSite","@id":"https:\/\/www.mylasertabac.com\/pt-pt\/#website","url":"https:\/\/www.mylasertabac.com\/pt-pt\/","name":"My Laser Tabac","description":"La solution laser qui transforme les fumeurs en ex-fumeurs","publisher":{"@id":"https:\/\/www.mylasertabac.com\/pt-pt\/#organization"},"potentialAction":[{"@type":"SearchAction","target":{"@type":"EntryPoint","urlTemplate":"https:\/\/www.mylasertabac.com\/pt-pt\/?s={search_term_string}"},"query-input":{"@type":"PropertyValueSpecification","valueRequired":true,"valueName":"search_term_string"}}],"inLanguage":"pt-PT"},{"@type":"Organization","@id":"https:\/\/www.mylasertabac.com\/pt-pt\/#organization","name":"My Laser Tabac","url":"https:\/\/www.mylasertabac.com\/pt-pt\/","logo":{"@type":"ImageObject","inLanguage":"pt-PT","@id":"https:\/\/www.mylasertabac.com\/pt-pt\/#\/schema\/logo\/image\/","url":"https:\/\/www.mylasertabac.com\/wp-content\/uploads\/2024\/12\/mlt-verteau.svg","contentUrl":"https:\/\/www.mylasertabac.com\/wp-content\/uploads\/2024\/12\/mlt-verteau.svg","caption":"My Laser Tabac"},"image":{"@id":"https:\/\/www.mylasertabac.com\/pt-pt\/#\/schema\/logo\/image\/"}},{"@type":"Person","@id":"https:\/\/www.mylasertabac.com\/pt-pt\/#\/schema\/person\/02c249cb76d912efb6c315ec23eccdf3","name":"Florian Fortes","image":{"@type":"ImageObject","inLanguage":"pt-PT","@id":"https:\/\/www.mylasertabac.com\/wp-content\/litespeed\/avatar\/142101a71d7b9e6490c1120d9c109a67.jpg?ver=1776856306","url":"https:\/\/www.mylasertabac.com\/wp-content\/litespeed\/avatar\/142101a71d7b9e6490c1120d9c109a67.jpg?ver=1776856306","contentUrl":"https:\/\/www.mylasertabac.com\/wp-content\/litespeed\/avatar\/142101a71d7b9e6490c1120d9c109a67.jpg?ver=1776856306","caption":"Florian Fortes"},"sameAs":["https:\/\/www.mylasertabac.com","https:\/\/www.facebook.com\/profile.php?id=61571554707319"],"url":"https:\/\/www.mylasertabac.com\/pt-pt\/author\/florianfortes5312\/"}]}},"_links":{"self":[{"href":"https:\/\/www.mylasertabac.com\/pt-pt\/wp-json\/wp\/v2\/posts\/6639","targetHints":{"allow":["GET"]}}],"collection":[{"href":"https:\/\/www.mylasertabac.com\/pt-pt\/wp-json\/wp\/v2\/posts"}],"about":[{"href":"https:\/\/www.mylasertabac.com\/pt-pt\/wp-json\/wp\/v2\/types\/post"}],"author":[{"embeddable":true,"href":"https:\/\/www.mylasertabac.com\/pt-pt\/wp-json\/wp\/v2\/users\/2"}],"replies":[{"embeddable":true,"href":"https:\/\/www.mylasertabac.com\/pt-pt\/wp-json\/wp\/v2\/comments?post=6639"}],"version-history":[{"count":4,"href":"https:\/\/www.mylasertabac.com\/pt-pt\/wp-json\/wp\/v2\/posts\/6639\/revisions"}],"predecessor-version":[{"id":6700,"href":"https:\/\/www.mylasertabac.com\/pt-pt\/wp-json\/wp\/v2\/posts\/6639\/revisions\/6700"}],"wp:featuredmedia":[{"embeddable":true,"href":"https:\/\/www.mylasertabac.com\/pt-pt\/wp-json\/wp\/v2\/media\/6679"}],"wp:attachment":[{"href":"https:\/\/www.mylasertabac.com\/pt-pt\/wp-json\/wp\/v2\/media?parent=6639"}],"wp:term":[{"taxonomy":"category","embeddable":true,"href":"https:\/\/www.mylasertabac.com\/pt-pt\/wp-json\/wp\/v2\/categories?post=6639"},{"taxonomy":"post_tag","embeddable":true,"href":"https:\/\/www.mylasertabac.com\/pt-pt\/wp-json\/wp\/v2\/tags?post=6639"}],"curies":[{"name":"wp","href":"https:\/\/api.w.org\/{rel}","templated":true}]}}