{"id":7019,"date":"2025-04-10T16:13:48","date_gmt":"2025-04-10T14:13:48","guid":{"rendered":"https:\/\/www.mylasertabac.com\/como-posso-tornar-me-um-laser-practitioner-anti-tabaco-e-mudar-a-minha-vida-profissional\/"},"modified":"2025-04-11T07:21:22","modified_gmt":"2025-04-11T05:21:22","slug":"como-posso-tornar-me-um-laser-practitioner-anti-tabaco-e-mudar-a-minha-vida-profissional","status":"publish","type":"post","link":"https:\/\/www.mylasertabac.com\/pt-pt\/como-posso-tornar-me-um-laser-practitioner-anti-tabaco-e-mudar-a-minha-vida-profissional\/","title":{"rendered":"Como posso tornar-me um laser practitioner anti-tabaco e mudar a minha vida profissional?"},"content":{"rendered":"\n<div style=\"height:18px\" aria-hidden=\"true\" class=\"wp-block-spacer\"><\/div>\n\n<p>Mudar de carreira pode ser um desafio, mas \u00e9 tamb\u00e9m uma oportunidade fant\u00e1stica para te reinventares e encontrares uma profiss\u00e3o gratificante. Se procuras um trabalho rent\u00e1vel, \u00fatil e orientado para o bem-estar dos outros, vieste ao s\u00edtio certo, <strong><a href=\"https:\/\/www.mylasertabac.com\/pt-pt\/informacoes\/torna-te-um-parceiro\/\">tornares-te um profissional de laser anti-tabaco<\/a><\/strong> podes ser a solu\u00e7\u00e3o ideal. Este m\u00e9todo, inspirado na auriculoterapia, tem ajudado milhares de fumadores a deixar de fumar definitivamente, com uma elevada taxa de sucesso.  <\/p>\n\n<p>Hoje em dia, cada vez mais pessoas procuram alternativas naturais e eficazes para deixar de fumar. Como profissional de laser anti-tabagismo, ter\u00e1s um papel essencial para ajudar os teus pacientes a libertarem-se do seu v\u00edcio. Desta forma, poder\u00e1s contribuir para melhorar a qualidade de vida de muitas pessoas, ao mesmo tempo que exerces uma profiss\u00e3o gratificante e rent\u00e1vel.  <\/p>\n\n<p>\u00c9s um trabalhador \u00e0 procura de independ\u00eancia? Um profissional do bem-estar que procura diversificar a sua atividade? Ou simplesmente procuras uma <strong>mudan\u00e7a de carreira r\u00e1pida e eficaz<\/strong>? Vamos descobrir juntos porqu\u00ea e como podes come\u00e7ar a trabalhar nesta \u00e1rea promissora.   <\/p>\n\n<div style=\"height:47px\" aria-hidden=\"true\" class=\"wp-block-spacer\"><\/div>\n\n<figure class=\"wp-block-image alignleft size-large\"><img fetchpriority=\"high\" decoding=\"async\" width=\"683\" height=\"1024\" src=\"https:\/\/www.mylasertabac.com\/wp-content\/uploads\/2025\/04\/pra-683x1024.png\" alt=\"\" class=\"wp-image-6708\" srcset=\"https:\/\/www.mylasertabac.com\/wp-content\/uploads\/2025\/04\/pra-683x1024.png 683w, https:\/\/www.mylasertabac.com\/wp-content\/uploads\/2025\/04\/pra-200x300.png 200w, https:\/\/www.mylasertabac.com\/wp-content\/uploads\/2025\/04\/pra-768x1152.png 768w, https:\/\/www.mylasertabac.com\/wp-content\/uploads\/2025\/04\/pra.png 1024w\" sizes=\"(max-width: 683px) 100vw, 683px\" \/><\/figure>\n\n<p><\/p>\n\n<h2 class=\"wp-block-heading\"><strong>Porqu\u00ea considerar uma mudan\u00e7a de carreira para laser anti-tabaco?<\/strong><\/h2>\n\n<h3 class=\"wp-block-heading\"><strong>\ud83d\udcc8 Um mercado em r\u00e1pido crescimento<\/strong><\/h3>\n\n<p>Todos os anos, milh\u00f5es de pessoas tentam deixar de fumar, mas <strong>poucas conseguem por si pr\u00f3prias<\/strong>. Perante o fracasso dos substitutos da nicotina e dos m\u00e9todos tradicionais, est\u00e3o a surgir novas alternativas e <strong>o laser anti-tabaco<\/strong> surge como uma solu\u00e7\u00e3o eficaz e natural. <\/p>\n\n<p>O tabagismo \u00e9 um grave problema de sa\u00fade p\u00fablica e muitos governos est\u00e3o a introduzir medidas para incentivar as pessoas a deixarem de fumar. Estas iniciativas incluem impostos mais elevados sobre os cigarros, campanhas de preven\u00e7\u00e3o e maiores restri\u00e7\u00f5es \u00e0 publicidade ao tabaco. Consequentemente, a procura de solu\u00e7\u00f5es inovadoras para deixar de fumar est\u00e1 a crescer, criando um mercado din\u00e2mico para os profissionais de <a href=\"https:\/\/www.mylasertabac.com\/pt-pt\/\">laser anti-tabaco<\/a>.  <\/p>\n\n<div style=\"height:35px\" aria-hidden=\"true\" class=\"wp-block-spacer\"><\/div>\n\n<h3 class=\"wp-block-heading\"><strong>\ud83d\udca1 Um m\u00e9todo inovador e eficaz<\/strong><\/h3>\n\n<p>Ao contr\u00e1rio dos adesivos, pastilhas ou medicamentos, que prolongam a depend\u00eancia da nicotina, o <strong><a href=\"https:\/\/www.mylasertabac.com\/pt-pt\/\">laser auricular<\/a><\/strong> estimula pontos espec\u00edficos da orelha para <strong>reduzir o desejo de fumar e aliviar os sintomas de abstin\u00eancia<\/strong>. Inspirada na acupunctura, esta t\u00e9cnica suave actua no c\u00e9rebro para libertar endorfinas, ajudando o paciente a recuperar um equil\u00edbrio natural. <\/p>\n\n<p>O laser anti-tabagismo actua igualmente sobre a ansiedade e o stress, que s\u00e3o frequentemente factores de reca\u00edda. Ao estimular certos pontos reflexos, ajuda o paciente a gerir mais calmamente a sua vontade de fumar. Al\u00e9m disso, esta abordagem n\u00e3o invasiva n\u00e3o tem efeitos secund\u00e1rios, ao contr\u00e1rio da medica\u00e7\u00e3o, que pode provocar perturba\u00e7\u00f5es do sono ou mudan\u00e7as de humor.  <\/p>\n\n<p>Em apenas uma sess\u00e3o, os fumadores podem sentir uma <strong>redu\u00e7\u00e3o imediata dos desejos e das compuls\u00f5es ligadas ao tabaco<\/strong>. \u00c9 esta efic\u00e1cia que explica o facto de a procura deste m\u00e9todo continuar a crescer. <\/p>\n\n<div style=\"height:18px\" aria-hidden=\"true\" class=\"wp-block-spacer\"><\/div>\n\n<h3 class=\"wp-block-heading\"><strong>\ud83d\udcbc Um neg\u00f3cio acess\u00edvel e rent\u00e1vel<\/strong><\/h3>\n\n<div style=\"height:18px\" aria-hidden=\"true\" class=\"wp-block-spacer\"><\/div>\n\n<p>Ao contr\u00e1rio de outras profiss\u00f5es de bem-estar que requerem uma forma\u00e7\u00e3o longa e dispendiosa, tornares-te um praticante de <strong>laser anti-tabaco<\/strong> \u00e9 <strong>acess\u00edvel a todos<\/strong>, sem pr\u00e9-requisitos m\u00e9dicos. A forma\u00e7\u00e3o \u00e9 r\u00e1pida, pelo que podes come\u00e7ar o teu neg\u00f3cio em apenas alguns dias. <\/p>\n\n<p>Com um custo m\u00e9dio de <strong>180 a 200 euros por sess\u00e3o<\/strong>, um profissional pode recuperar o seu investimento inicial em apenas algumas semanas. Al\u00e9m disso, a fidelidade dos clientes \u00e9 elevada, uma vez que muitos recomendam este m\u00e9todo a amigos e familiares, assegurando <strong>um boca-a-boca eficaz<\/strong> e uma clientela regular. <\/p>\n\n<p>Al\u00e9m disso, esta profiss\u00e3o pode ser exercida num escrit\u00f3rio, em casa ou em viagem, oferecendo uma flexibilidade inestim\u00e1vel para adaptar o teu hor\u00e1rio e maximizar o teu rendimento.<\/p>\n\n<div style=\"height:18px\" aria-hidden=\"true\" class=\"wp-block-spacer\"><\/div>\n\n<h2 class=\"wp-block-heading\"><strong>Quem pode tornar-se um profissional de laser anti-tabaco?<\/strong><\/h2>\n\n<div style=\"height:18px\" aria-hidden=\"true\" class=\"wp-block-spacer\"><\/div>\n\n<p>Esta profiss\u00e3o est\u00e1 aberta a <strong>todos<\/strong>, quer estejas em forma\u00e7\u00e3o ou j\u00e1 trabalhes na \u00e1rea do bem-estar. Os perfis mais comuns s\u00e3o <\/p>\n\n<div style=\"height:18px\" aria-hidden=\"true\" class=\"wp-block-spacer\"><\/div>\n\n<ul class=\"wp-block-list\">\n<li><strong>Empres\u00e1rios independentes<\/strong> que pretendam criar a sua pr\u00f3pria empresa.<\/li>\n\n\n\n<li><strong>Treinadores de desenvolvimento pessoal ou terapeutas<\/strong> que procuram expandir os seus servi\u00e7os.<\/li>\n\n\n\n<li><strong>Profissionais de sa\u00fade<\/strong> que pretendam incorporar uma nova abordagem na sua pr\u00e1tica.<\/li>\n\n\n\n<li><strong>Pessoas em processo de reconvers\u00e3o<\/strong> profissional que pretendam enveredar por uma carreira promissora e gratificante.<\/li>\n<\/ul>\n\n<div style=\"height:18px\" aria-hidden=\"true\" class=\"wp-block-spacer\"><\/div>\n\n<p>N\u00e3o precisas de um diploma de medicina, apenas de um <strong>desejo sincero de ajudar os outros<\/strong> e de uma vontade de aprender um m\u00e9todo eficaz.<\/p>\n\n<p>Quer sejas um profissional do bem-estar ou apenas um apaixonado por cuidar das pessoas, esta pode ser uma excelente oportunidade de carreira para ti. \u00c9 uma profiss\u00e3o que te permite trabalhar por conta pr\u00f3pria e, ao mesmo tempo, contribuir ativamente para melhorar a sa\u00fade p\u00fablica. <\/p>\n\n<div style=\"height:18px\" aria-hidden=\"true\" class=\"wp-block-spacer\"><\/div>\n\n<h2 class=\"wp-block-heading\"><strong>Quais s\u00e3o as etapas para te tornares um praticante?<\/strong><\/h2>\n\n<h3 class=\"wp-block-heading\"><strong>\ud83c\udf93 Treina com o meu Laser Tabac<\/strong><\/h3>\n\n<p><a href=\"https:\/\/www.mylasertabac.com\/pt-pt\/\">MyLaserTabac<\/a> oferece uma forma\u00e7\u00e3o chave na m\u00e3o para te ensinar a usar o laser anti-tabaco e outros v\u00edcios por ti pr\u00f3prio.  <\/p>\n\n<div style=\"height:18px\" aria-hidden=\"true\" class=\"wp-block-spacer\"><\/div>\n\n<p>Eis os principais passos:<\/p>\n\n<div style=\"height:18px\" aria-hidden=\"true\" class=\"wp-block-spacer\"><\/div>\n\n<ol start=\"1\" class=\"wp-block-list\">\n<li><strong>Forma\u00e7\u00e3o presencial<\/strong>: Dois dias intensivos para dominar as t\u00e9cnicas de estimula\u00e7\u00e3o laser, os pontos auriculares e os protocolos de tratamento.<\/li>\n\n\n\n<li><strong>Dia de imers\u00e3o<\/strong>: experi\u00eancia no centro para observar e praticar em pacientes reais.<\/li>\n\n\n\n<li><strong>Sess\u00e3o avan\u00e7ada de videoconfer\u00eancia<\/strong>: Para aperfei\u00e7oar as tuas t\u00e9cnicas e responder \u00e0s tuas perguntas ap\u00f3s as primeiras consultas.<\/li>\n\n\n\n<li><strong>Apoio p\u00f3s-forma\u00e7\u00e3o<\/strong>: apoio pedag\u00f3gico, assist\u00eancia ao longo de 6 meses e conselhos sobre como come\u00e7ar bem o teu neg\u00f3cio.<\/li>\n<\/ol>\n\n<div style=\"height:18px\" aria-hidden=\"true\" class=\"wp-block-spacer\"><\/div>\n\n<p>Este programa de forma\u00e7\u00e3o abrangente d\u00e1-te a confian\u00e7a necess\u00e1ria para come\u00e7ares, com apoio personalizado para garantir que desenvolves as tuas compet\u00eancias de forma r\u00e1pida e eficaz.<\/p>\n\n<div style=\"height:18px\" aria-hidden=\"true\" class=\"wp-block-spacer\"><\/div>\n\n<p><strong>Conclus\u00e3o<\/strong><\/p>\n\n<p>Torna-te <strong><a href=\"https:\/\/www.mylasertabac.com\/pt-pt\/informacoes\/formacao-laser-anti-tabaco-e-contra-a-dependencia\/\">m\u00e9dico laser anti-tabagismo<\/a><\/strong> \u00e9 uma oportunidade fant\u00e1stica de reconvers\u00e3o profissional. Acess\u00edvel, rent\u00e1vel e humanamente gratificante, esta profiss\u00e3o pode ajudar muitas pessoas a regressar a uma vida sem tabaco. <\/p>\n\n<p>Ao formares-te e juntares-te ao conceito Mylasertabac, beneficiar\u00e1s de um <strong>apoio completo<\/strong> para fazeres a tua transi\u00e7\u00e3o profissional com sucesso e constru\u00edres um projeto s\u00f3lido. N\u00f3s tratamos de tudo, desde a comunica\u00e7\u00e3o e as redes sociais at\u00e9 ao Facebook, Instagram, Youtube e agendamento. <\/p>\n\n<p><strong>E se fosse altura de dar um novo impulso \u00e0 tua carreira com o <a href=\"https:\/\/www.mylasertabac.com\/pt-pt\/junta-te-ao-franchising-laser-anti-tabac-e-beneficia-de-um-conceito-chave-na-mao-rentavel\/\">franchise Mylasertabac<\/a>?<\/strong> \ud83d\ude80<\/p>\n\n<div style=\"height:31px\" aria-hidden=\"true\" class=\"wp-block-spacer\"><\/div>\n\n<figure class=\"wp-block-embed is-type-video is-provider-youtube wp-block-embed-youtube wp-embed-aspect-16-9 wp-has-aspect-ratio\"><div class=\"wp-block-embed__wrapper\">\n<iframe title=\"\u2705Nous recherchons de nouveau soldat pour combattre les addictions #tabac  #Mylasertabac #franchise\" width=\"800\" height=\"450\" src=\"https:\/\/www.youtube.com\/embed\/9F6KNO6GtkI?feature=oembed\" frameborder=\"0\" allow=\"accelerometer; autoplay; clipboard-write; encrypted-media; gyroscope; picture-in-picture; web-share\" referrerpolicy=\"strict-origin-when-cross-origin\" allowfullscreen><\/iframe>\n<\/div><\/figure>\n\n<div style=\"height:45px\" aria-hidden=\"true\" class=\"wp-block-spacer\"><\/div>\n\n<figure class=\"wp-block-image alignfull size-large\"><img decoding=\"async\" src=\"https:\/\/www.mylasertabac.com\/wp-content\/uploads\/\/mlt-verteau.svg\" alt=\"\" class=\"wp-image-13\"\/><\/figure>\n","protected":false},"excerpt":{"rendered":"<p>Mudar de carreira pode ser um desafio, mas \u00e9 tamb\u00e9m uma oportunidade fant\u00e1stica para te reinventares e encontrares uma profiss\u00e3o gratificante. Se procuras um trabalho rent\u00e1vel, \u00fatil e orientado para o bem-estar dos outros, vieste ao s\u00edtio certo, tornares-te um profissional de laser anti-tabaco podes ser a solu\u00e7\u00e3o ideal. Este m\u00e9todo, inspirado na auriculoterapia, tem [&hellip;]<\/p>\n","protected":false},"author":2,"featured_media":6724,"comment_status":"closed","ping_status":"open","sticky":false,"template":"","format":"standard","meta":{"inline_featured_image":false,"footnotes":""},"categories":[589],"tags":[],"class_list":["post-7019","post","type-post","status-publish","format-standard","has-post-thumbnail","hentry","category-negocio"],"yoast_head":"<!-- This site is optimized with the Yoast SEO plugin v27.5 - https:\/\/yoast.com\/product\/yoast-seo-wordpress\/ -->\n<title>Torna-te um profissional na \u00e1rea dos lasers anti-tabaco<\/title>\n<meta name=\"description\" content=\"Descobre como te podes tornar um profissional de laser anti-tabaco e de depend\u00eancia: forma\u00e7\u00e3o, compet\u00eancias necess\u00e1rias e oportunidades neste sector em expans\u00e3o.\" \/>\n<meta name=\"robots\" content=\"index, follow, max-snippet:-1, max-image-preview:large, max-video-preview:-1\" \/>\n<link rel=\"canonical\" href=\"https:\/\/www.mylasertabac.com\/pt-pt\/como-posso-tornar-me-um-laser-practitioner-anti-tabaco-e-mudar-a-minha-vida-profissional\/\" \/>\n<meta property=\"og:locale\" content=\"pt_PT\" \/>\n<meta property=\"og:type\" content=\"article\" \/>\n<meta property=\"og:title\" content=\"Torna-te um profissional na \u00e1rea dos lasers anti-tabaco\" \/>\n<meta property=\"og:description\" content=\"Descobre como te podes tornar um profissional de laser anti-tabaco e de depend\u00eancia: forma\u00e7\u00e3o, compet\u00eancias necess\u00e1rias e oportunidades neste sector em expans\u00e3o.\" \/>\n<meta property=\"og:url\" content=\"https:\/\/www.mylasertabac.com\/pt-pt\/como-posso-tornar-me-um-laser-practitioner-anti-tabaco-e-mudar-a-minha-vida-profissional\/\" \/>\n<meta property=\"og:site_name\" content=\"My Laser Tabac\" \/>\n<meta property=\"article:author\" content=\"https:\/\/www.facebook.com\/profile.php?id=61571554707319\" \/>\n<meta property=\"article:published_time\" content=\"2025-04-10T14:13:48+00:00\" \/>\n<meta property=\"article:modified_time\" content=\"2025-04-11T05:21:22+00:00\" \/>\n<meta property=\"og:image\" content=\"https:\/\/www.mylasertabac.com\/wp-content\/uploads\/2025\/04\/prat.jpeg\" \/>\n\t<meta property=\"og:image:width\" content=\"1179\" \/>\n\t<meta property=\"og:image:height\" content=\"861\" \/>\n\t<meta property=\"og:image:type\" content=\"image\/jpeg\" \/>\n<meta name=\"author\" content=\"Florian Fortes\" \/>\n<meta name=\"twitter:card\" content=\"summary_large_image\" \/>\n<meta name=\"twitter:label1\" content=\"Escrito por\" \/>\n\t<meta name=\"twitter:data1\" content=\"Florian Fortes\" \/>\n\t<meta name=\"twitter:label2\" content=\"Tempo estimado de leitura\" \/>\n\t<meta name=\"twitter:data2\" content=\"5 minutos\" \/>\n<script type=\"application\/ld+json\" class=\"yoast-schema-graph\">{\"@context\":\"https:\\\/\\\/schema.org\",\"@graph\":[{\"@type\":\"Article\",\"@id\":\"https:\\\/\\\/www.mylasertabac.com\\\/pt-pt\\\/como-posso-tornar-me-um-laser-practitioner-anti-tabaco-e-mudar-a-minha-vida-profissional\\\/#article\",\"isPartOf\":{\"@id\":\"https:\\\/\\\/www.mylasertabac.com\\\/pt-pt\\\/como-posso-tornar-me-um-laser-practitioner-anti-tabaco-e-mudar-a-minha-vida-profissional\\\/\"},\"author\":{\"name\":\"Florian Fortes\",\"@id\":\"https:\\\/\\\/www.mylasertabac.com\\\/pt-pt\\\/#\\\/schema\\\/person\\\/02c249cb76d912efb6c315ec23eccdf3\"},\"headline\":\"Como posso tornar-me um laser practitioner anti-tabaco e mudar a minha vida profissional?\",\"datePublished\":\"2025-04-10T14:13:48+00:00\",\"dateModified\":\"2025-04-11T05:21:22+00:00\",\"mainEntityOfPage\":{\"@id\":\"https:\\\/\\\/www.mylasertabac.com\\\/pt-pt\\\/como-posso-tornar-me-um-laser-practitioner-anti-tabaco-e-mudar-a-minha-vida-profissional\\\/\"},\"wordCount\":1080,\"publisher\":{\"@id\":\"https:\\\/\\\/www.mylasertabac.com\\\/pt-pt\\\/#organization\"},\"image\":{\"@id\":\"https:\\\/\\\/www.mylasertabac.com\\\/pt-pt\\\/como-posso-tornar-me-um-laser-practitioner-anti-tabaco-e-mudar-a-minha-vida-profissional\\\/#primaryimage\"},\"thumbnailUrl\":\"https:\\\/\\\/www.mylasertabac.com\\\/wp-content\\\/uploads\\\/2025\\\/04\\\/prat.jpeg\",\"articleSection\":[\"neg\u00f3cio\"],\"inLanguage\":\"pt-PT\"},{\"@type\":\"WebPage\",\"@id\":\"https:\\\/\\\/www.mylasertabac.com\\\/pt-pt\\\/como-posso-tornar-me-um-laser-practitioner-anti-tabaco-e-mudar-a-minha-vida-profissional\\\/\",\"url\":\"https:\\\/\\\/www.mylasertabac.com\\\/pt-pt\\\/como-posso-tornar-me-um-laser-practitioner-anti-tabaco-e-mudar-a-minha-vida-profissional\\\/\",\"name\":\"Torna-te um profissional na \u00e1rea dos lasers anti-tabaco\",\"isPartOf\":{\"@id\":\"https:\\\/\\\/www.mylasertabac.com\\\/pt-pt\\\/#website\"},\"primaryImageOfPage\":{\"@id\":\"https:\\\/\\\/www.mylasertabac.com\\\/pt-pt\\\/como-posso-tornar-me-um-laser-practitioner-anti-tabaco-e-mudar-a-minha-vida-profissional\\\/#primaryimage\"},\"image\":{\"@id\":\"https:\\\/\\\/www.mylasertabac.com\\\/pt-pt\\\/como-posso-tornar-me-um-laser-practitioner-anti-tabaco-e-mudar-a-minha-vida-profissional\\\/#primaryimage\"},\"thumbnailUrl\":\"https:\\\/\\\/www.mylasertabac.com\\\/wp-content\\\/uploads\\\/2025\\\/04\\\/prat.jpeg\",\"datePublished\":\"2025-04-10T14:13:48+00:00\",\"dateModified\":\"2025-04-11T05:21:22+00:00\",\"description\":\"Descobre como te podes tornar um profissional de laser anti-tabaco e de depend\u00eancia: forma\u00e7\u00e3o, compet\u00eancias necess\u00e1rias e oportunidades neste sector em expans\u00e3o.\",\"breadcrumb\":{\"@id\":\"https:\\\/\\\/www.mylasertabac.com\\\/pt-pt\\\/como-posso-tornar-me-um-laser-practitioner-anti-tabaco-e-mudar-a-minha-vida-profissional\\\/#breadcrumb\"},\"inLanguage\":\"pt-PT\",\"potentialAction\":[{\"@type\":\"ReadAction\",\"target\":[\"https:\\\/\\\/www.mylasertabac.com\\\/pt-pt\\\/como-posso-tornar-me-um-laser-practitioner-anti-tabaco-e-mudar-a-minha-vida-profissional\\\/\"]}]},{\"@type\":\"ImageObject\",\"inLanguage\":\"pt-PT\",\"@id\":\"https:\\\/\\\/www.mylasertabac.com\\\/pt-pt\\\/como-posso-tornar-me-um-laser-practitioner-anti-tabaco-e-mudar-a-minha-vida-profissional\\\/#primaryimage\",\"url\":\"https:\\\/\\\/www.mylasertabac.com\\\/wp-content\\\/uploads\\\/2025\\\/04\\\/prat.jpeg\",\"contentUrl\":\"https:\\\/\\\/www.mylasertabac.com\\\/wp-content\\\/uploads\\\/2025\\\/04\\\/prat.jpeg\",\"width\":1179,\"height\":861},{\"@type\":\"BreadcrumbList\",\"@id\":\"https:\\\/\\\/www.mylasertabac.com\\\/pt-pt\\\/como-posso-tornar-me-um-laser-practitioner-anti-tabaco-e-mudar-a-minha-vida-profissional\\\/#breadcrumb\",\"itemListElement\":[{\"@type\":\"ListItem\",\"position\":1,\"name\":\"Accueil\",\"item\":\"https:\\\/\\\/www.mylasertabac.com\\\/pt-pt\\\/casa\\\/\"},{\"@type\":\"ListItem\",\"position\":2,\"name\":\"Como posso tornar-me um laser practitioner anti-tabaco e mudar a minha vida profissional?\"}]},{\"@type\":\"WebSite\",\"@id\":\"https:\\\/\\\/www.mylasertabac.com\\\/pt-pt\\\/#website\",\"url\":\"https:\\\/\\\/www.mylasertabac.com\\\/pt-pt\\\/\",\"name\":\"My Laser Tabac\",\"description\":\"La solution laser qui transforme les fumeurs en ex-fumeurs\",\"publisher\":{\"@id\":\"https:\\\/\\\/www.mylasertabac.com\\\/pt-pt\\\/#organization\"},\"potentialAction\":[{\"@type\":\"SearchAction\",\"target\":{\"@type\":\"EntryPoint\",\"urlTemplate\":\"https:\\\/\\\/www.mylasertabac.com\\\/pt-pt\\\/?s={search_term_string}\"},\"query-input\":{\"@type\":\"PropertyValueSpecification\",\"valueRequired\":true,\"valueName\":\"search_term_string\"}}],\"inLanguage\":\"pt-PT\"},{\"@type\":\"Organization\",\"@id\":\"https:\\\/\\\/www.mylasertabac.com\\\/pt-pt\\\/#organization\",\"name\":\"My Laser Tabac\",\"url\":\"https:\\\/\\\/www.mylasertabac.com\\\/pt-pt\\\/\",\"logo\":{\"@type\":\"ImageObject\",\"inLanguage\":\"pt-PT\",\"@id\":\"https:\\\/\\\/www.mylasertabac.com\\\/pt-pt\\\/#\\\/schema\\\/logo\\\/image\\\/\",\"url\":\"https:\\\/\\\/www.mylasertabac.com\\\/wp-content\\\/uploads\\\/2024\\\/12\\\/mlt-verteau.svg\",\"contentUrl\":\"https:\\\/\\\/www.mylasertabac.com\\\/wp-content\\\/uploads\\\/2024\\\/12\\\/mlt-verteau.svg\",\"caption\":\"My Laser Tabac\"},\"image\":{\"@id\":\"https:\\\/\\\/www.mylasertabac.com\\\/pt-pt\\\/#\\\/schema\\\/logo\\\/image\\\/\"}},{\"@type\":\"Person\",\"@id\":\"https:\\\/\\\/www.mylasertabac.com\\\/pt-pt\\\/#\\\/schema\\\/person\\\/02c249cb76d912efb6c315ec23eccdf3\",\"name\":\"Florian Fortes\",\"image\":{\"@type\":\"ImageObject\",\"inLanguage\":\"pt-PT\",\"@id\":\"https:\\\/\\\/www.mylasertabac.com\\\/wp-content\\\/litespeed\\\/avatar\\\/142101a71d7b9e6490c1120d9c109a67.jpg?ver=1776856306\",\"url\":\"https:\\\/\\\/www.mylasertabac.com\\\/wp-content\\\/litespeed\\\/avatar\\\/142101a71d7b9e6490c1120d9c109a67.jpg?ver=1776856306\",\"contentUrl\":\"https:\\\/\\\/www.mylasertabac.com\\\/wp-content\\\/litespeed\\\/avatar\\\/142101a71d7b9e6490c1120d9c109a67.jpg?ver=1776856306\",\"caption\":\"Florian Fortes\"},\"sameAs\":[\"https:\\\/\\\/www.mylasertabac.com\",\"https:\\\/\\\/www.facebook.com\\\/profile.php?id=61571554707319\"],\"url\":\"https:\\\/\\\/www.mylasertabac.com\\\/pt-pt\\\/author\\\/florianfortes5312\\\/\"}]}<\/script>\n<!-- \/ Yoast SEO plugin. -->","yoast_head_json":{"title":"Torna-te um profissional na \u00e1rea dos lasers anti-tabaco","description":"Descobre como te podes tornar um profissional de laser anti-tabaco e de depend\u00eancia: forma\u00e7\u00e3o, compet\u00eancias necess\u00e1rias e oportunidades neste sector em expans\u00e3o.","robots":{"index":"index","follow":"follow","max-snippet":"max-snippet:-1","max-image-preview":"max-image-preview:large","max-video-preview":"max-video-preview:-1"},"canonical":"https:\/\/www.mylasertabac.com\/pt-pt\/como-posso-tornar-me-um-laser-practitioner-anti-tabaco-e-mudar-a-minha-vida-profissional\/","og_locale":"pt_PT","og_type":"article","og_title":"Torna-te um profissional na \u00e1rea dos lasers anti-tabaco","og_description":"Descobre como te podes tornar um profissional de laser anti-tabaco e de depend\u00eancia: forma\u00e7\u00e3o, compet\u00eancias necess\u00e1rias e oportunidades neste sector em expans\u00e3o.","og_url":"https:\/\/www.mylasertabac.com\/pt-pt\/como-posso-tornar-me-um-laser-practitioner-anti-tabaco-e-mudar-a-minha-vida-profissional\/","og_site_name":"My Laser Tabac","article_author":"https:\/\/www.facebook.com\/profile.php?id=61571554707319","article_published_time":"2025-04-10T14:13:48+00:00","article_modified_time":"2025-04-11T05:21:22+00:00","og_image":[{"width":1179,"height":861,"url":"https:\/\/www.mylasertabac.com\/wp-content\/uploads\/2025\/04\/prat.jpeg","type":"image\/jpeg"}],"author":"Florian Fortes","twitter_card":"summary_large_image","twitter_misc":{"Escrito por":"Florian Fortes","Tempo estimado de leitura":"5 minutos"},"schema":{"@context":"https:\/\/schema.org","@graph":[{"@type":"Article","@id":"https:\/\/www.mylasertabac.com\/pt-pt\/como-posso-tornar-me-um-laser-practitioner-anti-tabaco-e-mudar-a-minha-vida-profissional\/#article","isPartOf":{"@id":"https:\/\/www.mylasertabac.com\/pt-pt\/como-posso-tornar-me-um-laser-practitioner-anti-tabaco-e-mudar-a-minha-vida-profissional\/"},"author":{"name":"Florian Fortes","@id":"https:\/\/www.mylasertabac.com\/pt-pt\/#\/schema\/person\/02c249cb76d912efb6c315ec23eccdf3"},"headline":"Como posso tornar-me um laser practitioner anti-tabaco e mudar a minha vida profissional?","datePublished":"2025-04-10T14:13:48+00:00","dateModified":"2025-04-11T05:21:22+00:00","mainEntityOfPage":{"@id":"https:\/\/www.mylasertabac.com\/pt-pt\/como-posso-tornar-me-um-laser-practitioner-anti-tabaco-e-mudar-a-minha-vida-profissional\/"},"wordCount":1080,"publisher":{"@id":"https:\/\/www.mylasertabac.com\/pt-pt\/#organization"},"image":{"@id":"https:\/\/www.mylasertabac.com\/pt-pt\/como-posso-tornar-me-um-laser-practitioner-anti-tabaco-e-mudar-a-minha-vida-profissional\/#primaryimage"},"thumbnailUrl":"https:\/\/www.mylasertabac.com\/wp-content\/uploads\/2025\/04\/prat.jpeg","articleSection":["neg\u00f3cio"],"inLanguage":"pt-PT"},{"@type":"WebPage","@id":"https:\/\/www.mylasertabac.com\/pt-pt\/como-posso-tornar-me-um-laser-practitioner-anti-tabaco-e-mudar-a-minha-vida-profissional\/","url":"https:\/\/www.mylasertabac.com\/pt-pt\/como-posso-tornar-me-um-laser-practitioner-anti-tabaco-e-mudar-a-minha-vida-profissional\/","name":"Torna-te um profissional na \u00e1rea dos lasers anti-tabaco","isPartOf":{"@id":"https:\/\/www.mylasertabac.com\/pt-pt\/#website"},"primaryImageOfPage":{"@id":"https:\/\/www.mylasertabac.com\/pt-pt\/como-posso-tornar-me-um-laser-practitioner-anti-tabaco-e-mudar-a-minha-vida-profissional\/#primaryimage"},"image":{"@id":"https:\/\/www.mylasertabac.com\/pt-pt\/como-posso-tornar-me-um-laser-practitioner-anti-tabaco-e-mudar-a-minha-vida-profissional\/#primaryimage"},"thumbnailUrl":"https:\/\/www.mylasertabac.com\/wp-content\/uploads\/2025\/04\/prat.jpeg","datePublished":"2025-04-10T14:13:48+00:00","dateModified":"2025-04-11T05:21:22+00:00","description":"Descobre como te podes tornar um profissional de laser anti-tabaco e de depend\u00eancia: forma\u00e7\u00e3o, compet\u00eancias necess\u00e1rias e oportunidades neste sector em expans\u00e3o.","breadcrumb":{"@id":"https:\/\/www.mylasertabac.com\/pt-pt\/como-posso-tornar-me-um-laser-practitioner-anti-tabaco-e-mudar-a-minha-vida-profissional\/#breadcrumb"},"inLanguage":"pt-PT","potentialAction":[{"@type":"ReadAction","target":["https:\/\/www.mylasertabac.com\/pt-pt\/como-posso-tornar-me-um-laser-practitioner-anti-tabaco-e-mudar-a-minha-vida-profissional\/"]}]},{"@type":"ImageObject","inLanguage":"pt-PT","@id":"https:\/\/www.mylasertabac.com\/pt-pt\/como-posso-tornar-me-um-laser-practitioner-anti-tabaco-e-mudar-a-minha-vida-profissional\/#primaryimage","url":"https:\/\/www.mylasertabac.com\/wp-content\/uploads\/2025\/04\/prat.jpeg","contentUrl":"https:\/\/www.mylasertabac.com\/wp-content\/uploads\/2025\/04\/prat.jpeg","width":1179,"height":861},{"@type":"BreadcrumbList","@id":"https:\/\/www.mylasertabac.com\/pt-pt\/como-posso-tornar-me-um-laser-practitioner-anti-tabaco-e-mudar-a-minha-vida-profissional\/#breadcrumb","itemListElement":[{"@type":"ListItem","position":1,"name":"Accueil","item":"https:\/\/www.mylasertabac.com\/pt-pt\/casa\/"},{"@type":"ListItem","position":2,"name":"Como posso tornar-me um laser practitioner anti-tabaco e mudar a minha vida profissional?"}]},{"@type":"WebSite","@id":"https:\/\/www.mylasertabac.com\/pt-pt\/#website","url":"https:\/\/www.mylasertabac.com\/pt-pt\/","name":"My Laser Tabac","description":"La solution laser qui transforme les fumeurs en ex-fumeurs","publisher":{"@id":"https:\/\/www.mylasertabac.com\/pt-pt\/#organization"},"potentialAction":[{"@type":"SearchAction","target":{"@type":"EntryPoint","urlTemplate":"https:\/\/www.mylasertabac.com\/pt-pt\/?s={search_term_string}"},"query-input":{"@type":"PropertyValueSpecification","valueRequired":true,"valueName":"search_term_string"}}],"inLanguage":"pt-PT"},{"@type":"Organization","@id":"https:\/\/www.mylasertabac.com\/pt-pt\/#organization","name":"My Laser Tabac","url":"https:\/\/www.mylasertabac.com\/pt-pt\/","logo":{"@type":"ImageObject","inLanguage":"pt-PT","@id":"https:\/\/www.mylasertabac.com\/pt-pt\/#\/schema\/logo\/image\/","url":"https:\/\/www.mylasertabac.com\/wp-content\/uploads\/2024\/12\/mlt-verteau.svg","contentUrl":"https:\/\/www.mylasertabac.com\/wp-content\/uploads\/2024\/12\/mlt-verteau.svg","caption":"My Laser Tabac"},"image":{"@id":"https:\/\/www.mylasertabac.com\/pt-pt\/#\/schema\/logo\/image\/"}},{"@type":"Person","@id":"https:\/\/www.mylasertabac.com\/pt-pt\/#\/schema\/person\/02c249cb76d912efb6c315ec23eccdf3","name":"Florian Fortes","image":{"@type":"ImageObject","inLanguage":"pt-PT","@id":"https:\/\/www.mylasertabac.com\/wp-content\/litespeed\/avatar\/142101a71d7b9e6490c1120d9c109a67.jpg?ver=1776856306","url":"https:\/\/www.mylasertabac.com\/wp-content\/litespeed\/avatar\/142101a71d7b9e6490c1120d9c109a67.jpg?ver=1776856306","contentUrl":"https:\/\/www.mylasertabac.com\/wp-content\/litespeed\/avatar\/142101a71d7b9e6490c1120d9c109a67.jpg?ver=1776856306","caption":"Florian Fortes"},"sameAs":["https:\/\/www.mylasertabac.com","https:\/\/www.facebook.com\/profile.php?id=61571554707319"],"url":"https:\/\/www.mylasertabac.com\/pt-pt\/author\/florianfortes5312\/"}]}},"_links":{"self":[{"href":"https:\/\/www.mylasertabac.com\/pt-pt\/wp-json\/wp\/v2\/posts\/7019","targetHints":{"allow":["GET"]}}],"collection":[{"href":"https:\/\/www.mylasertabac.com\/pt-pt\/wp-json\/wp\/v2\/posts"}],"about":[{"href":"https:\/\/www.mylasertabac.com\/pt-pt\/wp-json\/wp\/v2\/types\/post"}],"author":[{"embeddable":true,"href":"https:\/\/www.mylasertabac.com\/pt-pt\/wp-json\/wp\/v2\/users\/2"}],"replies":[{"embeddable":true,"href":"https:\/\/www.mylasertabac.com\/pt-pt\/wp-json\/wp\/v2\/comments?post=7019"}],"version-history":[{"count":1,"href":"https:\/\/www.mylasertabac.com\/pt-pt\/wp-json\/wp\/v2\/posts\/7019\/revisions"}],"predecessor-version":[{"id":7022,"href":"https:\/\/www.mylasertabac.com\/pt-pt\/wp-json\/wp\/v2\/posts\/7019\/revisions\/7022"}],"wp:featuredmedia":[{"embeddable":true,"href":"https:\/\/www.mylasertabac.com\/pt-pt\/wp-json\/wp\/v2\/media\/6724"}],"wp:attachment":[{"href":"https:\/\/www.mylasertabac.com\/pt-pt\/wp-json\/wp\/v2\/media?parent=7019"}],"wp:term":[{"taxonomy":"category","embeddable":true,"href":"https:\/\/www.mylasertabac.com\/pt-pt\/wp-json\/wp\/v2\/categories?post=7019"},{"taxonomy":"post_tag","embeddable":true,"href":"https:\/\/www.mylasertabac.com\/pt-pt\/wp-json\/wp\/v2\/tags?post=7019"}],"curies":[{"name":"wp","href":"https:\/\/api.w.org\/{rel}","templated":true}]}}