{"id":7424,"date":"2025-04-24T08:08:37","date_gmt":"2025-04-24T06:08:37","guid":{"rendered":"https:\/\/www.mylasertabac.com\/abrir-o-teu-proprio-centro-laser-anti-tabaco-os-passos-fundamentais-para-o-sucesso\/"},"modified":"2025-06-02T12:53:44","modified_gmt":"2025-06-02T10:53:44","slug":"abrir-o-teu-proprio-centro-laser-anti-tabaco-os-passos-fundamentais-para-o-sucesso","status":"publish","type":"post","link":"https:\/\/www.mylasertabac.com\/pt-pt\/abrir-o-teu-proprio-centro-laser-anti-tabaco-os-passos-fundamentais-para-o-sucesso\/","title":{"rendered":"Abrir o teu pr\u00f3prio centro laser anti-tabaco: os passos fundamentais para o sucesso"},"content":{"rendered":"\n<div style=\"height:21px\" aria-hidden=\"true\" class=\"wp-block-spacer\"><\/div>\n\n<p>Est\u00e1s num ponto de viragem na tua vida profissional? Gostarias de encontrar uma nova carreira que fa\u00e7a sentido, onde possas ajudar os outros enquanto constr\u00f3is o teu pr\u00f3prio sucesso? Abrir um centro <strong>laser anti-tabaco<\/strong> pode ser a oportunidade de que estavas \u00e0 espera. Este sector em plena expans\u00e3o combina bem-estar, liberdade, autonomia e impacto humano. Mas precisas de saber os passos certos para lan\u00e7ar a tua empresa com confian\u00e7a. Neste artigo, vamos guiar-te passo a passo e mostrar-te porque deves aderir ao<a href=\"https:\/\/www.mylasertabac.com\/pt-pt\/junta-te-ao-franchising-laser-anti-tabac-e-beneficia-de-um-conceito-chave-na-mao-rentavel\/\"> <strong>franchising MYLASERTABAC<\/strong><\/a> o franchising pode fazer toda a diferen\u00e7a.     <\/p>\n\n<div style=\"height:27px\" aria-hidden=\"true\" class=\"wp-block-spacer\"><\/div>\n\n<div class=\"wp-block-buttons alignwide is-content-justification-center is-layout-flex wp-container-core-buttons-is-layout-a89b3969 wp-block-buttons-is-layout-flex\">\n<div class=\"wp-block-button\"><a class=\"wp-block-button__link wp-element-button\" href=\"https:\/\/www.mylasertabac.com\/pt-pt\/informacoes\/formacao-laser-anti-tabaco-e-contra-a-dependencia\/\">Para te tornares um franchisado Mylasertabac clica aqui  <\/a><\/div>\n<\/div>\n\n<div style=\"height:27px\" aria-hidden=\"true\" class=\"wp-block-spacer\"><\/div>\n\n<figure class=\"wp-block-image alignleft size-full is-resized\"><img fetchpriority=\"high\" decoding=\"async\" width=\"975\" height=\"982\" src=\"https:\/\/www.mylasertabac.com\/wp-content\/uploads\/2025\/04\/1.jpg\" alt=\"\" class=\"wp-image-7385\" style=\"width:429px;height:auto\" srcset=\"https:\/\/www.mylasertabac.com\/wp-content\/uploads\/2025\/04\/1.jpg 975w, https:\/\/www.mylasertabac.com\/wp-content\/uploads\/2025\/04\/1-298x300.jpg 298w, https:\/\/www.mylasertabac.com\/wp-content\/uploads\/2025\/04\/1-150x150.jpg 150w, https:\/\/www.mylasertabac.com\/wp-content\/uploads\/2025\/04\/1-768x774.jpg 768w\" sizes=\"(max-width: 975px) 100vw, 975px\" \/><\/figure>\n\n<h2 class=\"wp-block-heading\"><strong>Uma profiss\u00e3o com futuro no centro da sa\u00fade e do bem-estar<\/strong><\/h2>\n\n<h3 class=\"wp-block-heading\"><strong>Porque \u00e9 que os lasers anti-tabaco est\u00e3o a conquistar cada vez mais fumadores<\/strong><\/h3>\n\n<p>Atualmente, muitos fumadores querem parar, mas sentem-se impotentes perante a depend\u00eancia. O laser anti-tabagismo representa uma alternativa suave e natural, sem efeitos secund\u00e1rios, aos m\u00e9todos tradicionais como os pensos ou os substitutos da nicotina. Baseada na auriculoterapia, esta t\u00e9cnica consiste em estimular pontos espec\u00edficos do ouvido com um laser frio para libertar endorfinas e reduzir os sintomas de abstin\u00eancia.  <\/p>\n\n<p>A <strong>taxa de sucesso de 90% desde a primeira sess\u00e3o<\/strong>, observada no MY LASER TABAC, prova a efic\u00e1cia desta abordagem. Conquista cada vez mais pessoas que querem deixar de fumar sem stress nem aumento de peso. <\/p>\n\n<div style=\"height:38px\" aria-hidden=\"true\" class=\"wp-block-spacer\"><\/div>\n\n<h2 class=\"wp-block-heading\"><strong>Procura crescente de solu\u00e7\u00f5es r\u00e1pidas e eficazes<\/strong><\/h2>\n\n<div style=\"height:21px\" aria-hidden=\"true\" class=\"wp-block-spacer\"><\/div>\n\n<p>O pre\u00e7o de um ma\u00e7o de cigarros continua a aumentar, as leis anti-tabaco est\u00e3o a ser refor\u00e7adas e a consci\u00eancia colectiva dos problemas de sa\u00fade est\u00e1 a acelerar. Cada vez mais franceses procuram solu\u00e7\u00f5es eficazes e imediatas. <a href=\"https:\/\/www.mylasertabac.com\/pt-pt\/\">Os lasers anti-<\/a> tabaco s\u00e3o a resposta perfeita a esta necessidade, tornando-os num mercado em r\u00e1pido crescimento.  <\/p>\n\n<div style=\"height:21px\" aria-hidden=\"true\" class=\"wp-block-spacer\"><\/div>\n\n<h2 class=\"wp-block-heading\"><strong>Um projeto que combina sentido, liberdade e rentabilidade<\/strong><\/h2>\n\n<div style=\"height:21px\" aria-hidden=\"true\" class=\"wp-block-spacer\"><\/div>\n\n<p>Para al\u00e9m das vantagens para os teus clientes, este neg\u00f3cio oferece-te uma verdadeira liberdade: hor\u00e1rios de trabalho flex\u00edveis, gest\u00e3o independente, margens atraentes. Torna-te <strong>um agente de mudan\u00e7a<\/strong>, ao mesmo tempo que constr\u00f3is um projeto est\u00e1vel, rent\u00e1vel e em conformidade com os teus valores. <\/p>\n\n<div style=\"height:35px\" aria-hidden=\"true\" class=\"wp-block-spacer\"><\/div>\n\n<figure class=\"wp-block-image size-large\"><img decoding=\"async\" width=\"1024\" height=\"659\" src=\"https:\/\/www.mylasertabac.com\/wp-content\/uploads\/2025\/04\/graphique-illustrant-laugmentation-du-prix-des-cigarettes-1024x659.jpeg\" alt=\"\" class=\"wp-image-7393\" srcset=\"https:\/\/www.mylasertabac.com\/wp-content\/uploads\/2025\/04\/graphique-illustrant-laugmentation-du-prix-des-cigarettes-1024x659.jpeg 1024w, https:\/\/www.mylasertabac.com\/wp-content\/uploads\/2025\/04\/graphique-illustrant-laugmentation-du-prix-des-cigarettes-300x193.jpeg 300w, https:\/\/www.mylasertabac.com\/wp-content\/uploads\/2025\/04\/graphique-illustrant-laugmentation-du-prix-des-cigarettes-768x494.jpeg 768w, https:\/\/www.mylasertabac.com\/wp-content\/uploads\/2025\/04\/graphique-illustrant-laugmentation-du-prix-des-cigarettes.jpeg 1179w\" sizes=\"(max-width: 1024px) 100vw, 1024px\" \/><\/figure>\n\n<div style=\"height:35px\" aria-hidden=\"true\" class=\"wp-block-spacer\"><\/div>\n\n<div class=\"wp-block-buttons is-content-justification-center is-layout-flex wp-container-core-buttons-is-layout-a89b3969 wp-block-buttons-is-layout-flex\">\n<div class=\"wp-block-button\"><a class=\"wp-block-button__link wp-element-button\" href=\"https:\/\/www.mylasertabac.com\/pt-pt\/informacoes\/formacao-laser-anti-tabaco-e-contra-a-dependencia\/\">Descobre mais sobre como se tornar um franchisado Mylasertabac &#8230;<\/a><\/div>\n<\/div>\n\n<div style=\"height:22px\" aria-hidden=\"true\" class=\"wp-block-spacer\"><\/div>\n\n<h2 class=\"wp-block-heading\"><strong>Condi\u00e7\u00f5es pr\u00e9vias para a abertura de um centro<\/strong><\/h2>\n\n<div style=\"height:21px\" aria-hidden=\"true\" class=\"wp-block-spacer\"><\/div>\n\n<h3 class=\"wp-block-heading\"><strong>Deves ser um terapeuta ou um profissional de sa\u00fade?<\/strong><\/h3>\n\n<div style=\"height:21px\" aria-hidden=\"true\" class=\"wp-block-spacer\"><\/div>\n\n<p>N\u00e3o, de modo algum. A profiss\u00e3o de profissional de cessa\u00e7\u00e3o tab\u00e1gica a laser est\u00e1 aberta a <strong>todos<\/strong>, sem qualquer pr\u00e9-requisito m\u00e9dico. Quer venhas de um meio comercial, social ou de bem-estar, quer estejas em vias de mudar de carreira, podes exercer a profiss\u00e3o. A <a href=\"https:\/\/www.mylasertabac.com\/pt-pt\/informacoes\/formacao-laser-anti-tabaco-e-contra-a-dependencia\/#formations\">forma\u00e7\u00e3o em auriculoterapia<\/a> que propomos d\u00e1-te todas as compet\u00eancias necess\u00e1rias para exerceres a tua profiss\u00e3o de forma rigorosa e profissional.   <\/p>\n\n<div style=\"height:21px\" aria-hidden=\"true\" class=\"wp-block-spacer\"><\/div>\n\n<h3 class=\"wp-block-heading\"><strong>Compet\u00eancias humanas e interpessoais essenciais<\/strong><\/h3>\n\n<div style=\"height:21px\" aria-hidden=\"true\" class=\"wp-block-spacer\"><\/div>\n\n<p>Esta \u00e9 uma profiss\u00e3o profundamente humana. Est\u00e1s a lidar com pessoas vulner\u00e1veis que muitas vezes ficam stressadas com a ideia de deixar de fumar. \u00c9 por isso que \u00e9 essencial que sejas um bom ouvinte, que sejas carinhoso e tranquilizador. Uma boa capacidade de comunica\u00e7\u00e3o e a capacidade de incutir confian\u00e7a fazem toda a diferen\u00e7a para o sucesso das tuas sess\u00f5es&#8230; e para a fidelidade dos teus clientes.   <\/p>\n\n<div style=\"height:34px\" aria-hidden=\"true\" class=\"wp-block-spacer\"><\/div>\n\n<figure class=\"wp-block-image alignleft size-full is-resized\"><img decoding=\"async\" width=\"995\" height=\"982\" src=\"https:\/\/www.mylasertabac.com\/wp-content\/uploads\/2025\/04\/centre.jpg\" alt=\"\" class=\"wp-image-7401\" style=\"width:423px;height:auto\" srcset=\"https:\/\/www.mylasertabac.com\/wp-content\/uploads\/2025\/04\/centre.jpg 995w, https:\/\/www.mylasertabac.com\/wp-content\/uploads\/2025\/04\/centre-300x296.jpg 300w, https:\/\/www.mylasertabac.com\/wp-content\/uploads\/2025\/04\/centre-768x758.jpg 768w\" sizes=\"(max-width: 995px) 100vw, 995px\" \/><\/figure>\n\n<h3 class=\"wp-block-heading\"><strong>Precisas de instala\u00e7\u00f5es adequadas ou queres trabalhar por conta pr\u00f3pria?<\/strong><\/h3>\n\n<p>Podes come\u00e7ar num consult\u00f3rio partilhado, numa sala em tua casa, ou mesmo oferecer os teus servi\u00e7os em casa. Alguns franchisados MYLASERTABAC trabalham tamb\u00e9m em itiner\u00e2ncia ou em colabora\u00e7\u00e3o com centros de bem-estar ou de medicina alternativa. O m\u00e9todo \u00e9 flex\u00edvel e o modelo adapta-se aos teus recursos.  <\/p>\n\n<div style=\"height:38px\" aria-hidden=\"true\" class=\"wp-block-spacer\"><\/div>\n\n<h2 class=\"wp-block-heading\"><strong>As principais etapas do lan\u00e7amento de um centro laser anti-tabaco<\/strong><\/h2>\n\n<div style=\"height:21px\" aria-hidden=\"true\" class=\"wp-block-spacer\"><\/div>\n\n<h3 class=\"wp-block-heading\"><strong>Etapa 1 &#8211; Escolher o curso certo para te tornares um profissional<\/strong><\/h3>\n\n<div style=\"height:21px\" aria-hidden=\"true\" class=\"wp-block-spacer\"><\/div>\n\n<p>Esta \u00e9 a fase mais importante. Tem cuidado com as forma\u00e7\u00f5es demasiado r\u00e1pidas, mal estruturadas ou apenas em linha. Para exercer com serenidade, tens de compreender os mecanismos da depend\u00eancia, dominar o protocolo laser e saber apoiar emocionalmente o cliente. Na MYLASERTABAC, oferecemos-te uma forma\u00e7\u00e3o <strong>intensiva<\/strong> <strong>presencial<\/strong>, com <strong>pr\u00e1tica real<\/strong>, para que possas estar 100% operacional de imediato.   <\/p>\n\n<div style=\"height:21px\" aria-hidden=\"true\" class=\"wp-block-spacer\"><\/div>\n\n<h3 class=\"wp-block-heading\"><strong>Fase 2 &#8211; Forma\u00e7\u00e3o no m\u00e9todo e protocolo laser<\/strong><\/h3>\n\n<div style=\"height:21px\" aria-hidden=\"true\" class=\"wp-block-spacer\"><\/div>\n\n<p>O nosso protocolo exclusivo \u00e9 baseado na auriculoterapia e optimizado por anos de experi\u00eancia no terreno. Aprender\u00e1s a utilizar o equipamento profissional, a visar os pontos reflexos chave, a tratar casos especiais (fumadores pesados, reca\u00eddas, ansiedade, etc.) e a realizar uma sess\u00e3o completa por ti pr\u00f3prio. <\/p>\n\n<div style=\"height:21px\" aria-hidden=\"true\" class=\"wp-block-spacer\"><\/div>\n\n<h3 class=\"wp-block-heading\"><strong>Etapa 3 &#8211; Come\u00e7ar com um enquadramento tranquilizador e um apoio real<\/strong><\/h3>\n\n<div style=\"height:21px\" aria-hidden=\"true\" class=\"wp-block-spacer\"><\/div>\n\n<p>Depois de receberes forma\u00e7\u00e3o, podes come\u00e7ar de imediato. Mas isso \u00e9 apenas o come\u00e7o: n\u00f3s apoiamos-te em todas as etapas do processo. Gra\u00e7as \u00e0 nossa rede, beneficiar\u00e1s de <strong>modelos de documentos,<\/strong> de <strong>gui\u00f5es de boas-vindas aos clientes,<\/strong> de <strong>tutoriais, de conselhos pr\u00e1ticos e de um acompanhamento regular<\/strong>. \u00c9 a garantia de um lan\u00e7amento estruturado e eficaz.   <\/p>\n\n<div style=\"height:21px\" aria-hidden=\"true\" class=\"wp-block-spacer\"><\/div>\n\n<p><\/p>\n\n<h2 class=\"wp-block-heading\"><strong>Promove-te e desenvolve a tua base de clientes<\/strong><\/h2>\n\n<div style=\"height:21px\" aria-hidden=\"true\" class=\"wp-block-spacer\"><\/div>\n\n<h3 class=\"wp-block-heading\"><strong>Comunica\u00e7\u00e3o local: boca a boca, cartazes, parcerias<\/strong><\/h3>\n\n<div style=\"height:21px\" aria-hidden=\"true\" class=\"wp-block-spacer\"><\/div>\n\n<p>Os primeiros clientes v\u00eam muitas vezes de uma rede pessoal. Depois disso, o boca a boca desempenha um papel fundamental. <a href=\"https:\/\/www.mylasertabac.com\/pt-pt\/\">MYLASERTABAC<\/a> p\u00f5e \u00e0 tua disposi\u00e7\u00e3o suportes f\u00edsicos de comunica\u00e7\u00e3o: folhetos, cartazes, kakemonos. Podemos ajudar-te a estabelecer parcerias locais com farm\u00e1cias, gin\u00e1sios e centros de bem-estar.  <\/p>\n\n<div style=\"height:32px\" aria-hidden=\"true\" class=\"wp-block-spacer\"><\/div>\n\n<figure class=\"wp-block-image alignleft size-large is-resized\"><img loading=\"lazy\" decoding=\"async\" width=\"1024\" height=\"683\" src=\"https:\/\/www.mylasertabac.com\/wp-content\/uploads\/2025\/04\/2-1024x683.png\" alt=\"\" class=\"wp-image-7409\" style=\"width:496px;height:auto\" srcset=\"https:\/\/www.mylasertabac.com\/wp-content\/uploads\/2025\/04\/2-1024x683.png 1024w, https:\/\/www.mylasertabac.com\/wp-content\/uploads\/2025\/04\/2-300x200.png 300w, https:\/\/www.mylasertabac.com\/wp-content\/uploads\/2025\/04\/2-768x512.png 768w, https:\/\/www.mylasertabac.com\/wp-content\/uploads\/2025\/04\/2.png 1536w\" sizes=\"(max-width: 1024px) 100vw, 1024px\" \/><\/figure>\n\n<h2 class=\"wp-block-heading\"><strong>Visibilidade online: s\u00edtio Web, redes sociais, coment\u00e1rios de clientes<\/strong><\/h2>\n\n<p>A tua presen\u00e7a em linha \u00e9 crucial. Atualmente, 90% dos clientes procuram-te na Internet. Ter um s\u00edtio Web profissional, uma p\u00e1gina do Google bem preenchida, cr\u00edticas positivas e redes sociais activas \u00e9 essencial.  <\/p>\n\n<div style=\"height:36px\" aria-hidden=\"true\" class=\"wp-block-spacer\"><\/div>\n\n<p class=\"has-cyan-bluish-gray-background-color has-background\">Tamb\u00e9m te pode interessar este artigo: <a href=\"https:\/\/www.mylasertabac.com\/pt-pt\/serie-especial-20-dias-para-compreenderes-e-superares-a-dependencia-do-tabaco\/\"><mark style=\"background-color:rgba(0, 0, 0, 0)\" class=\"has-inline-color has-luminous-vivid-orange-color\">S\u00e9rie especial: 20 dias para compreenderes e superares a depend\u00eancia do tabaco<\/mark><\/a><\/p>\n\n<div style=\"height:32px\" aria-hidden=\"true\" class=\"wp-block-spacer\"><\/div>\n\n<h2 class=\"wp-block-heading\"><strong>Com a franquia MY LASER TABAC, tudo \u00e9 tratado<\/strong><\/h2>\n\n<div style=\"height:21px\" aria-hidden=\"true\" class=\"wp-block-spacer\"><\/div>\n\n<p>Boas not\u00edcias: com MYLASERTABAC, n\u00e3o tens de <strong>gerir nada<\/strong>. N\u00f3s tratamos de <strong>toda a tua comunica\u00e7\u00e3o digital<\/strong>. Cria\u00e7\u00e3o da tua listagem no nosso site, gest\u00e3o das tuas publica\u00e7\u00f5es nas redes sociais, campanhas de patroc\u00ednio local, emailings, referencia\u00e7\u00e3o natural&#8230; O resultado? <strong>Uma clientela que cresce nas primeiras semanas<\/strong>, sem que tenhas de te tornar um especialista em marketing.  <\/p>\n\n<div style=\"height:21px\" aria-hidden=\"true\" class=\"wp-block-spacer\"><\/div>\n\n<h2 class=\"wp-block-heading\"><strong>Porqu\u00ea juntar-se ao MY LASER TABAC para tornar o teu projeto uma realidade?<\/strong><\/h2>\n\n<div style=\"height:21px\" aria-hidden=\"true\" class=\"wp-block-spacer\"><\/div>\n\n<h3 class=\"wp-block-heading\"><strong>Um programa de forma\u00e7\u00e3o completo, humano e acess\u00edvel<\/strong><\/h3>\n\n<div style=\"height:21px\" aria-hidden=\"true\" class=\"wp-block-spacer\"><\/div>\n\n<p>O nosso curso de forma\u00e7\u00e3o presencial de dois dias d\u00e1-te todas as chaves para o sucesso. Teoria, pr\u00e1tica, acompanhamento personalizado: est\u00e1s em boas m\u00e3os. Estamos \u00e0 escala humana, dispon\u00edveis e prontos para te ouvir antes, durante e depois do curso.  <\/p>\n\n<div style=\"height:21px\" aria-hidden=\"true\" class=\"wp-block-spacer\"><\/div>\n\n<h3 class=\"wp-block-heading\"><strong>Um m\u00e9todo com uma taxa de sucesso inigual\u00e1vel<\/strong><\/h3>\n\n<p>O nosso protocolo exclusivo tem <strong>90% de sucesso desde a primeira sess\u00e3o<\/strong>. Os nossos clientes falam melhor do que n\u00f3s: centenas de testemunhos aut\u00eanticos, cr\u00edticas de 5 estrelas e, sobretudo, pessoas que recuperaram a sua liberdade. Ao juntares-te \u00e0 nossa rede, est\u00e1s a construir uma <strong>reputa\u00e7\u00e3o s\u00f3lida<\/strong>.  <\/p>\n\n<div style=\"height:21px\" aria-hidden=\"true\" class=\"wp-block-spacer\"><\/div>\n\n<h3 class=\"wp-block-heading\"><strong>Uma rede de franchisados muito unida e com apoio<\/strong><\/h3>\n\n<p>Em MYLASERTABAC, nunca estar\u00e1s sozinho. Juntas-te a uma <strong>comunidade din\u00e2mica<\/strong>, com interc\u00e2mbios regulares, reuni\u00f5es de acompanhamento e grupos privados onde podes partilhar as tuas experi\u00eancias, colocar as tuas quest\u00f5es e progredir em conjunto. A for\u00e7a dos n\u00fameros!  <\/p>\n\n<div style=\"height:21px\" aria-hidden=\"true\" class=\"wp-block-spacer\"><\/div>\n\n<h3 class=\"wp-block-heading\"><strong>Conclus\u00e3o<\/strong><\/h3>\n\n<p>Abrir o teu pr\u00f3prio <a href=\"https:\/\/www.mylasertabac.com\/pt-pt\/os-nossos-centros\/\">centro laser anti-tabaco<\/a> \u00e9 muito mais do que um projeto profissional. \u00c9 uma <strong>aventura humana<\/strong>, um <strong>motivo de orgulho<\/strong> e uma <strong>verdadeira oportunidade de sucesso<\/strong>. Com um m\u00e9todo eficaz, uma forma\u00e7\u00e3o s\u00e9ria e uma rede s\u00f3lida por tr\u00e1s de ti, tens todas as cartas na m\u00e3o.  <\/p>\n\n<p>\ud83c\udfaf  <strong>Est\u00e1s pronto para agir? Contacta-nos e transforma a tua ambi\u00e7\u00e3o em realidade com MY LASER TABAC. <\/strong>  Contacta-nos agora para fazeres o <a href=\"https:\/\/www.mylasertabac.com\/pt-pt\/informacoes\/formacao-laser-anti-tabaco-e-contra-a-dependencia\/#formations\">curso de reflexologia auricular<\/a>.<\/p>\n\n<div style=\"height:31px\" aria-hidden=\"true\" class=\"wp-block-spacer\"><\/div>\n\n<figure class=\"wp-block-image size-large\"><img decoding=\"async\" src=\"https:\/\/www.mylasertabac.com\/wp-content\/uploads\/\/mlt-verteau.svg\" alt=\"\" class=\"wp-image-13\"\/><\/figure>\n\n<div style=\"height:31px\" aria-hidden=\"true\" class=\"wp-block-spacer\"><\/div>\n","protected":false},"excerpt":{"rendered":"<p>Est\u00e1s num ponto de viragem na tua vida profissional? Gostarias de encontrar uma nova carreira que fa\u00e7a sentido, onde possas ajudar os outros enquanto constr\u00f3is o teu pr\u00f3prio sucesso? Abrir um centro laser anti-tabaco pode ser a oportunidade de que estavas \u00e0 espera. Este sector em plena expans\u00e3o combina bem-estar, liberdade, autonomia e impacto humano. [&hellip;]<\/p>\n","protected":false},"author":2,"featured_media":7472,"comment_status":"closed","ping_status":"open","sticky":false,"template":"","format":"standard","meta":{"inline_featured_image":false,"footnotes":""},"categories":[569],"tags":[],"class_list":["post-7424","post","type-post","status-publish","format-standard","has-post-thumbnail","hentry","category-formacao-laser-anti-tabaco-e-contra-a-dependencia"],"yoast_head":"<!-- This site is optimized with the Yoast SEO plugin v27.5 - https:\/\/yoast.com\/product\/yoast-seo-wordpress\/ -->\n<title>Abrir o teu pr\u00f3prio centro laser anti-tabaco: os passos fundamentais para o sucesso - My Laser Tabac<\/title>\n<meta name=\"description\" content=\"Gostarias de saber como abrir o teu pr\u00f3prio centro de laser e de toxicodepend\u00eancia na tua zona?\" \/>\n<meta name=\"robots\" content=\"index, follow, max-snippet:-1, max-image-preview:large, max-video-preview:-1\" \/>\n<link rel=\"canonical\" href=\"https:\/\/www.mylasertabac.com\/pt-pt\/abrir-o-teu-proprio-centro-laser-anti-tabaco-os-passos-fundamentais-para-o-sucesso\/\" \/>\n<meta property=\"og:locale\" content=\"pt_PT\" \/>\n<meta property=\"og:type\" content=\"article\" \/>\n<meta property=\"og:title\" content=\"Abrir o teu pr\u00f3prio centro laser anti-tabaco: os passos fundamentais para o sucesso - My Laser Tabac\" \/>\n<meta property=\"og:description\" content=\"Gostarias de saber como abrir o teu pr\u00f3prio centro de laser e de toxicodepend\u00eancia na tua zona?\" \/>\n<meta property=\"og:url\" content=\"https:\/\/www.mylasertabac.com\/pt-pt\/abrir-o-teu-proprio-centro-laser-anti-tabaco-os-passos-fundamentais-para-o-sucesso\/\" \/>\n<meta property=\"og:site_name\" content=\"My Laser Tabac\" \/>\n<meta property=\"article:author\" content=\"https:\/\/www.facebook.com\/profile.php?id=61571554707319\" \/>\n<meta property=\"article:published_time\" content=\"2025-04-24T06:08:37+00:00\" \/>\n<meta property=\"article:modified_time\" content=\"2025-06-02T10:53:44+00:00\" \/>\n<meta property=\"og:image\" content=\"https:\/\/www.mylasertabac.com\/wp-content\/uploads\/2025\/04\/vitrine.jpg\" \/>\n\t<meta property=\"og:image:width\" content=\"1179\" \/>\n\t<meta property=\"og:image:height\" content=\"762\" \/>\n\t<meta property=\"og:image:type\" content=\"image\/jpeg\" \/>\n<meta name=\"author\" content=\"Florian Fortes\" \/>\n<meta name=\"twitter:card\" content=\"summary_large_image\" \/>\n<meta name=\"twitter:label1\" content=\"Escrito por\" \/>\n\t<meta name=\"twitter:data1\" content=\"Florian Fortes\" \/>\n\t<meta name=\"twitter:label2\" content=\"Tempo estimado de leitura\" \/>\n\t<meta name=\"twitter:data2\" content=\"7 minutos\" \/>\n<script type=\"application\/ld+json\" class=\"yoast-schema-graph\">{\"@context\":\"https:\\\/\\\/schema.org\",\"@graph\":[{\"@type\":\"Article\",\"@id\":\"https:\\\/\\\/www.mylasertabac.com\\\/pt-pt\\\/abrir-o-teu-proprio-centro-laser-anti-tabaco-os-passos-fundamentais-para-o-sucesso\\\/#article\",\"isPartOf\":{\"@id\":\"https:\\\/\\\/www.mylasertabac.com\\\/pt-pt\\\/abrir-o-teu-proprio-centro-laser-anti-tabaco-os-passos-fundamentais-para-o-sucesso\\\/\"},\"author\":{\"name\":\"Florian Fortes\",\"@id\":\"https:\\\/\\\/www.mylasertabac.com\\\/pt-pt\\\/#\\\/schema\\\/person\\\/02c249cb76d912efb6c315ec23eccdf3\"},\"headline\":\"Abrir o teu pr\u00f3prio centro laser anti-tabaco: os passos fundamentais para o sucesso\",\"datePublished\":\"2025-04-24T06:08:37+00:00\",\"dateModified\":\"2025-06-02T10:53:44+00:00\",\"mainEntityOfPage\":{\"@id\":\"https:\\\/\\\/www.mylasertabac.com\\\/pt-pt\\\/abrir-o-teu-proprio-centro-laser-anti-tabaco-os-passos-fundamentais-para-o-sucesso\\\/\"},\"wordCount\":1319,\"publisher\":{\"@id\":\"https:\\\/\\\/www.mylasertabac.com\\\/pt-pt\\\/#organization\"},\"image\":{\"@id\":\"https:\\\/\\\/www.mylasertabac.com\\\/pt-pt\\\/abrir-o-teu-proprio-centro-laser-anti-tabaco-os-passos-fundamentais-para-o-sucesso\\\/#primaryimage\"},\"thumbnailUrl\":\"https:\\\/\\\/www.mylasertabac.com\\\/wp-content\\\/uploads\\\/2025\\\/04\\\/vitrine.jpg\",\"articleSection\":[\"forma\u00e7\u00e3o laser anti-tabaco e contra a depend\u00eancia\"],\"inLanguage\":\"pt-PT\"},{\"@type\":\"WebPage\",\"@id\":\"https:\\\/\\\/www.mylasertabac.com\\\/pt-pt\\\/abrir-o-teu-proprio-centro-laser-anti-tabaco-os-passos-fundamentais-para-o-sucesso\\\/\",\"url\":\"https:\\\/\\\/www.mylasertabac.com\\\/pt-pt\\\/abrir-o-teu-proprio-centro-laser-anti-tabaco-os-passos-fundamentais-para-o-sucesso\\\/\",\"name\":\"Abrir o teu pr\u00f3prio centro laser anti-tabaco: os passos fundamentais para o sucesso - My Laser Tabac\",\"isPartOf\":{\"@id\":\"https:\\\/\\\/www.mylasertabac.com\\\/pt-pt\\\/#website\"},\"primaryImageOfPage\":{\"@id\":\"https:\\\/\\\/www.mylasertabac.com\\\/pt-pt\\\/abrir-o-teu-proprio-centro-laser-anti-tabaco-os-passos-fundamentais-para-o-sucesso\\\/#primaryimage\"},\"image\":{\"@id\":\"https:\\\/\\\/www.mylasertabac.com\\\/pt-pt\\\/abrir-o-teu-proprio-centro-laser-anti-tabaco-os-passos-fundamentais-para-o-sucesso\\\/#primaryimage\"},\"thumbnailUrl\":\"https:\\\/\\\/www.mylasertabac.com\\\/wp-content\\\/uploads\\\/2025\\\/04\\\/vitrine.jpg\",\"datePublished\":\"2025-04-24T06:08:37+00:00\",\"dateModified\":\"2025-06-02T10:53:44+00:00\",\"description\":\"Gostarias de saber como abrir o teu pr\u00f3prio centro de laser e de toxicodepend\u00eancia na tua zona?\",\"breadcrumb\":{\"@id\":\"https:\\\/\\\/www.mylasertabac.com\\\/pt-pt\\\/abrir-o-teu-proprio-centro-laser-anti-tabaco-os-passos-fundamentais-para-o-sucesso\\\/#breadcrumb\"},\"inLanguage\":\"pt-PT\",\"potentialAction\":[{\"@type\":\"ReadAction\",\"target\":[\"https:\\\/\\\/www.mylasertabac.com\\\/pt-pt\\\/abrir-o-teu-proprio-centro-laser-anti-tabaco-os-passos-fundamentais-para-o-sucesso\\\/\"]}]},{\"@type\":\"ImageObject\",\"inLanguage\":\"pt-PT\",\"@id\":\"https:\\\/\\\/www.mylasertabac.com\\\/pt-pt\\\/abrir-o-teu-proprio-centro-laser-anti-tabaco-os-passos-fundamentais-para-o-sucesso\\\/#primaryimage\",\"url\":\"https:\\\/\\\/www.mylasertabac.com\\\/wp-content\\\/uploads\\\/2025\\\/04\\\/vitrine.jpg\",\"contentUrl\":\"https:\\\/\\\/www.mylasertabac.com\\\/wp-content\\\/uploads\\\/2025\\\/04\\\/vitrine.jpg\",\"width\":1179,\"height\":762},{\"@type\":\"BreadcrumbList\",\"@id\":\"https:\\\/\\\/www.mylasertabac.com\\\/pt-pt\\\/abrir-o-teu-proprio-centro-laser-anti-tabaco-os-passos-fundamentais-para-o-sucesso\\\/#breadcrumb\",\"itemListElement\":[{\"@type\":\"ListItem\",\"position\":1,\"name\":\"Accueil\",\"item\":\"https:\\\/\\\/www.mylasertabac.com\\\/pt-pt\\\/casa\\\/\"},{\"@type\":\"ListItem\",\"position\":2,\"name\":\"Abrir o teu pr\u00f3prio centro laser anti-tabaco: os passos fundamentais para o sucesso\"}]},{\"@type\":\"WebSite\",\"@id\":\"https:\\\/\\\/www.mylasertabac.com\\\/pt-pt\\\/#website\",\"url\":\"https:\\\/\\\/www.mylasertabac.com\\\/pt-pt\\\/\",\"name\":\"My Laser Tabac\",\"description\":\"La solution laser qui transforme les fumeurs en ex-fumeurs\",\"publisher\":{\"@id\":\"https:\\\/\\\/www.mylasertabac.com\\\/pt-pt\\\/#organization\"},\"potentialAction\":[{\"@type\":\"SearchAction\",\"target\":{\"@type\":\"EntryPoint\",\"urlTemplate\":\"https:\\\/\\\/www.mylasertabac.com\\\/pt-pt\\\/?s={search_term_string}\"},\"query-input\":{\"@type\":\"PropertyValueSpecification\",\"valueRequired\":true,\"valueName\":\"search_term_string\"}}],\"inLanguage\":\"pt-PT\"},{\"@type\":\"Organization\",\"@id\":\"https:\\\/\\\/www.mylasertabac.com\\\/pt-pt\\\/#organization\",\"name\":\"My Laser Tabac\",\"url\":\"https:\\\/\\\/www.mylasertabac.com\\\/pt-pt\\\/\",\"logo\":{\"@type\":\"ImageObject\",\"inLanguage\":\"pt-PT\",\"@id\":\"https:\\\/\\\/www.mylasertabac.com\\\/pt-pt\\\/#\\\/schema\\\/logo\\\/image\\\/\",\"url\":\"https:\\\/\\\/www.mylasertabac.com\\\/wp-content\\\/uploads\\\/2024\\\/12\\\/mlt-verteau.svg\",\"contentUrl\":\"https:\\\/\\\/www.mylasertabac.com\\\/wp-content\\\/uploads\\\/2024\\\/12\\\/mlt-verteau.svg\",\"caption\":\"My Laser Tabac\"},\"image\":{\"@id\":\"https:\\\/\\\/www.mylasertabac.com\\\/pt-pt\\\/#\\\/schema\\\/logo\\\/image\\\/\"}},{\"@type\":\"Person\",\"@id\":\"https:\\\/\\\/www.mylasertabac.com\\\/pt-pt\\\/#\\\/schema\\\/person\\\/02c249cb76d912efb6c315ec23eccdf3\",\"name\":\"Florian Fortes\",\"image\":{\"@type\":\"ImageObject\",\"inLanguage\":\"pt-PT\",\"@id\":\"https:\\\/\\\/www.mylasertabac.com\\\/wp-content\\\/litespeed\\\/avatar\\\/142101a71d7b9e6490c1120d9c109a67.jpg?ver=1776856306\",\"url\":\"https:\\\/\\\/www.mylasertabac.com\\\/wp-content\\\/litespeed\\\/avatar\\\/142101a71d7b9e6490c1120d9c109a67.jpg?ver=1776856306\",\"contentUrl\":\"https:\\\/\\\/www.mylasertabac.com\\\/wp-content\\\/litespeed\\\/avatar\\\/142101a71d7b9e6490c1120d9c109a67.jpg?ver=1776856306\",\"caption\":\"Florian Fortes\"},\"sameAs\":[\"https:\\\/\\\/www.mylasertabac.com\",\"https:\\\/\\\/www.facebook.com\\\/profile.php?id=61571554707319\"],\"url\":\"https:\\\/\\\/www.mylasertabac.com\\\/pt-pt\\\/author\\\/florianfortes5312\\\/\"}]}<\/script>\n<!-- \/ Yoast SEO plugin. -->","yoast_head_json":{"title":"Abrir o teu pr\u00f3prio centro laser anti-tabaco: os passos fundamentais para o sucesso - My Laser Tabac","description":"Gostarias de saber como abrir o teu pr\u00f3prio centro de laser e de toxicodepend\u00eancia na tua zona?","robots":{"index":"index","follow":"follow","max-snippet":"max-snippet:-1","max-image-preview":"max-image-preview:large","max-video-preview":"max-video-preview:-1"},"canonical":"https:\/\/www.mylasertabac.com\/pt-pt\/abrir-o-teu-proprio-centro-laser-anti-tabaco-os-passos-fundamentais-para-o-sucesso\/","og_locale":"pt_PT","og_type":"article","og_title":"Abrir o teu pr\u00f3prio centro laser anti-tabaco: os passos fundamentais para o sucesso - My Laser Tabac","og_description":"Gostarias de saber como abrir o teu pr\u00f3prio centro de laser e de toxicodepend\u00eancia na tua zona?","og_url":"https:\/\/www.mylasertabac.com\/pt-pt\/abrir-o-teu-proprio-centro-laser-anti-tabaco-os-passos-fundamentais-para-o-sucesso\/","og_site_name":"My Laser Tabac","article_author":"https:\/\/www.facebook.com\/profile.php?id=61571554707319","article_published_time":"2025-04-24T06:08:37+00:00","article_modified_time":"2025-06-02T10:53:44+00:00","og_image":[{"width":1179,"height":762,"url":"https:\/\/www.mylasertabac.com\/wp-content\/uploads\/2025\/04\/vitrine.jpg","type":"image\/jpeg"}],"author":"Florian Fortes","twitter_card":"summary_large_image","twitter_misc":{"Escrito por":"Florian Fortes","Tempo estimado de leitura":"7 minutos"},"schema":{"@context":"https:\/\/schema.org","@graph":[{"@type":"Article","@id":"https:\/\/www.mylasertabac.com\/pt-pt\/abrir-o-teu-proprio-centro-laser-anti-tabaco-os-passos-fundamentais-para-o-sucesso\/#article","isPartOf":{"@id":"https:\/\/www.mylasertabac.com\/pt-pt\/abrir-o-teu-proprio-centro-laser-anti-tabaco-os-passos-fundamentais-para-o-sucesso\/"},"author":{"name":"Florian Fortes","@id":"https:\/\/www.mylasertabac.com\/pt-pt\/#\/schema\/person\/02c249cb76d912efb6c315ec23eccdf3"},"headline":"Abrir o teu pr\u00f3prio centro laser anti-tabaco: os passos fundamentais para o sucesso","datePublished":"2025-04-24T06:08:37+00:00","dateModified":"2025-06-02T10:53:44+00:00","mainEntityOfPage":{"@id":"https:\/\/www.mylasertabac.com\/pt-pt\/abrir-o-teu-proprio-centro-laser-anti-tabaco-os-passos-fundamentais-para-o-sucesso\/"},"wordCount":1319,"publisher":{"@id":"https:\/\/www.mylasertabac.com\/pt-pt\/#organization"},"image":{"@id":"https:\/\/www.mylasertabac.com\/pt-pt\/abrir-o-teu-proprio-centro-laser-anti-tabaco-os-passos-fundamentais-para-o-sucesso\/#primaryimage"},"thumbnailUrl":"https:\/\/www.mylasertabac.com\/wp-content\/uploads\/2025\/04\/vitrine.jpg","articleSection":["forma\u00e7\u00e3o laser anti-tabaco e contra a depend\u00eancia"],"inLanguage":"pt-PT"},{"@type":"WebPage","@id":"https:\/\/www.mylasertabac.com\/pt-pt\/abrir-o-teu-proprio-centro-laser-anti-tabaco-os-passos-fundamentais-para-o-sucesso\/","url":"https:\/\/www.mylasertabac.com\/pt-pt\/abrir-o-teu-proprio-centro-laser-anti-tabaco-os-passos-fundamentais-para-o-sucesso\/","name":"Abrir o teu pr\u00f3prio centro laser anti-tabaco: os passos fundamentais para o sucesso - My Laser Tabac","isPartOf":{"@id":"https:\/\/www.mylasertabac.com\/pt-pt\/#website"},"primaryImageOfPage":{"@id":"https:\/\/www.mylasertabac.com\/pt-pt\/abrir-o-teu-proprio-centro-laser-anti-tabaco-os-passos-fundamentais-para-o-sucesso\/#primaryimage"},"image":{"@id":"https:\/\/www.mylasertabac.com\/pt-pt\/abrir-o-teu-proprio-centro-laser-anti-tabaco-os-passos-fundamentais-para-o-sucesso\/#primaryimage"},"thumbnailUrl":"https:\/\/www.mylasertabac.com\/wp-content\/uploads\/2025\/04\/vitrine.jpg","datePublished":"2025-04-24T06:08:37+00:00","dateModified":"2025-06-02T10:53:44+00:00","description":"Gostarias de saber como abrir o teu pr\u00f3prio centro de laser e de toxicodepend\u00eancia na tua zona?","breadcrumb":{"@id":"https:\/\/www.mylasertabac.com\/pt-pt\/abrir-o-teu-proprio-centro-laser-anti-tabaco-os-passos-fundamentais-para-o-sucesso\/#breadcrumb"},"inLanguage":"pt-PT","potentialAction":[{"@type":"ReadAction","target":["https:\/\/www.mylasertabac.com\/pt-pt\/abrir-o-teu-proprio-centro-laser-anti-tabaco-os-passos-fundamentais-para-o-sucesso\/"]}]},{"@type":"ImageObject","inLanguage":"pt-PT","@id":"https:\/\/www.mylasertabac.com\/pt-pt\/abrir-o-teu-proprio-centro-laser-anti-tabaco-os-passos-fundamentais-para-o-sucesso\/#primaryimage","url":"https:\/\/www.mylasertabac.com\/wp-content\/uploads\/2025\/04\/vitrine.jpg","contentUrl":"https:\/\/www.mylasertabac.com\/wp-content\/uploads\/2025\/04\/vitrine.jpg","width":1179,"height":762},{"@type":"BreadcrumbList","@id":"https:\/\/www.mylasertabac.com\/pt-pt\/abrir-o-teu-proprio-centro-laser-anti-tabaco-os-passos-fundamentais-para-o-sucesso\/#breadcrumb","itemListElement":[{"@type":"ListItem","position":1,"name":"Accueil","item":"https:\/\/www.mylasertabac.com\/pt-pt\/casa\/"},{"@type":"ListItem","position":2,"name":"Abrir o teu pr\u00f3prio centro laser anti-tabaco: os passos fundamentais para o sucesso"}]},{"@type":"WebSite","@id":"https:\/\/www.mylasertabac.com\/pt-pt\/#website","url":"https:\/\/www.mylasertabac.com\/pt-pt\/","name":"My Laser Tabac","description":"La solution laser qui transforme les fumeurs en ex-fumeurs","publisher":{"@id":"https:\/\/www.mylasertabac.com\/pt-pt\/#organization"},"potentialAction":[{"@type":"SearchAction","target":{"@type":"EntryPoint","urlTemplate":"https:\/\/www.mylasertabac.com\/pt-pt\/?s={search_term_string}"},"query-input":{"@type":"PropertyValueSpecification","valueRequired":true,"valueName":"search_term_string"}}],"inLanguage":"pt-PT"},{"@type":"Organization","@id":"https:\/\/www.mylasertabac.com\/pt-pt\/#organization","name":"My Laser Tabac","url":"https:\/\/www.mylasertabac.com\/pt-pt\/","logo":{"@type":"ImageObject","inLanguage":"pt-PT","@id":"https:\/\/www.mylasertabac.com\/pt-pt\/#\/schema\/logo\/image\/","url":"https:\/\/www.mylasertabac.com\/wp-content\/uploads\/2024\/12\/mlt-verteau.svg","contentUrl":"https:\/\/www.mylasertabac.com\/wp-content\/uploads\/2024\/12\/mlt-verteau.svg","caption":"My Laser Tabac"},"image":{"@id":"https:\/\/www.mylasertabac.com\/pt-pt\/#\/schema\/logo\/image\/"}},{"@type":"Person","@id":"https:\/\/www.mylasertabac.com\/pt-pt\/#\/schema\/person\/02c249cb76d912efb6c315ec23eccdf3","name":"Florian Fortes","image":{"@type":"ImageObject","inLanguage":"pt-PT","@id":"https:\/\/www.mylasertabac.com\/wp-content\/litespeed\/avatar\/142101a71d7b9e6490c1120d9c109a67.jpg?ver=1776856306","url":"https:\/\/www.mylasertabac.com\/wp-content\/litespeed\/avatar\/142101a71d7b9e6490c1120d9c109a67.jpg?ver=1776856306","contentUrl":"https:\/\/www.mylasertabac.com\/wp-content\/litespeed\/avatar\/142101a71d7b9e6490c1120d9c109a67.jpg?ver=1776856306","caption":"Florian Fortes"},"sameAs":["https:\/\/www.mylasertabac.com","https:\/\/www.facebook.com\/profile.php?id=61571554707319"],"url":"https:\/\/www.mylasertabac.com\/pt-pt\/author\/florianfortes5312\/"}]}},"_links":{"self":[{"href":"https:\/\/www.mylasertabac.com\/pt-pt\/wp-json\/wp\/v2\/posts\/7424","targetHints":{"allow":["GET"]}}],"collection":[{"href":"https:\/\/www.mylasertabac.com\/pt-pt\/wp-json\/wp\/v2\/posts"}],"about":[{"href":"https:\/\/www.mylasertabac.com\/pt-pt\/wp-json\/wp\/v2\/types\/post"}],"author":[{"embeddable":true,"href":"https:\/\/www.mylasertabac.com\/pt-pt\/wp-json\/wp\/v2\/users\/2"}],"replies":[{"embeddable":true,"href":"https:\/\/www.mylasertabac.com\/pt-pt\/wp-json\/wp\/v2\/comments?post=7424"}],"version-history":[{"count":7,"href":"https:\/\/www.mylasertabac.com\/pt-pt\/wp-json\/wp\/v2\/posts\/7424\/revisions"}],"predecessor-version":[{"id":9093,"href":"https:\/\/www.mylasertabac.com\/pt-pt\/wp-json\/wp\/v2\/posts\/7424\/revisions\/9093"}],"wp:featuredmedia":[{"embeddable":true,"href":"https:\/\/www.mylasertabac.com\/pt-pt\/wp-json\/wp\/v2\/media\/7472"}],"wp:attachment":[{"href":"https:\/\/www.mylasertabac.com\/pt-pt\/wp-json\/wp\/v2\/media?parent=7424"}],"wp:term":[{"taxonomy":"category","embeddable":true,"href":"https:\/\/www.mylasertabac.com\/pt-pt\/wp-json\/wp\/v2\/categories?post=7424"},{"taxonomy":"post_tag","embeddable":true,"href":"https:\/\/www.mylasertabac.com\/pt-pt\/wp-json\/wp\/v2\/tags?post=7424"}],"curies":[{"name":"wp","href":"https:\/\/api.w.org\/{rel}","templated":true}]}}