{"id":8105,"date":"2025-05-11T11:59:03","date_gmt":"2025-05-11T09:59:03","guid":{"rendered":"https:\/\/www.mylasertabac.com\/como-e-que-adaptas-a-tua-dieta-quando-deixas-de-fumar\/"},"modified":"2025-05-11T14:08:56","modified_gmt":"2025-05-11T12:08:56","slug":"como-e-que-adaptas-a-tua-dieta-quando-deixas-de-fumar","status":"publish","type":"post","link":"https:\/\/www.mylasertabac.com\/pt-pt\/como-e-que-adaptas-a-tua-dieta-quando-deixas-de-fumar\/","title":{"rendered":"Como adaptar a tua alimenta\u00e7\u00e3o quando deixas de fumar: conselhos para recuperar o equil\u00edbrio e a sa\u00fade"},"content":{"rendered":"\n<div style=\"height:21px\" aria-hidden=\"true\" class=\"wp-block-spacer\"><\/div>\n\n<p><strong>Deixar de fumar<\/strong> \u00e9 um passo essencial para recuperar o controlo da tua vida, da tua sa\u00fade e do teu corpo. Mas \u00e9 frequentemente acompanhado de <strong>sintomas f\u00edsicos e alimentares<\/strong> que podem perturbar a tua vida quotidiana. Entre os mais temidos est\u00e3o o <strong>aumento de peso<\/strong>, <strong>os desejos compulsivos<\/strong>, os problemas digestivos e a vontade irreprim\u00edvel de petiscar depois de cada refei\u00e7\u00e3o.  <\/p>\n\n<p>Ent\u00e3o, <strong>como fazer<\/strong> uma dieta equilibrada durante esta fase de <strong>abandono do tabaco<\/strong>? Que <strong>alimentos deves consumir para<\/strong>acalmar <strong>o desejo de fumar<\/strong> sem compensar com produtos gordurosos ou a\u00e7ucarados? Aqui tens todos os <strong>conselhos alimentares<\/strong> necess\u00e1rios, validados por especialistas em <strong>preven\u00e7\u00e3o da sa\u00fade<\/strong>, para <strong>deixares de fumar<\/strong> com sucesso sem arruinares os teus esfor\u00e7os.  <\/p>\n\n<div style=\"height:21px\" aria-hidden=\"true\" class=\"wp-block-spacer\"><\/div>\n\n<h2 class=\"wp-block-heading\">Compreender os efeitos do desmame na alimenta\u00e7\u00e3o<\/h2>\n\n<div style=\"height:21px\" aria-hidden=\"true\" class=\"wp-block-spacer\"><\/div>\n\n<p><strong>A cessa\u00e7\u00e3o do tabagismo<\/strong> \u00e9 acompanhada por grandes <strong>mudan\u00e7as f\u00edsicas<\/strong>. <strong>A nicotina<\/strong> contida nos <strong>cigarros<\/strong> actua h\u00e1 muito tempo como um inibidor de apetite e um estimulante metab\u00f3lico. Quando deixas de fumar, o teu corpo abranda ligeiramente o gasto de calorias, o que pode levar a um <strong>aumento de peso<\/strong> se n\u00e3o reajustares rapidamente a tua <strong>dieta<\/strong>.  <\/p>\n\n<p>Al\u00e9m disso, muitos <strong>fumadores<\/strong> associam o ato de fumar a momentos muito espec\u00edficos: depois do <strong>caf\u00e9<\/strong>, em momentos de <strong>stress<\/strong>, enquanto caminham ou depois das <strong>refei\u00e7\u00f5es<\/strong>. Estes h\u00e1bitos tornam-se autom\u00e1ticos. Quando paramos, o c\u00e9rebro tenta substitu\u00ed-los, muitas vezes <strong>comendo alimentos<\/strong> reconfortantes.  <\/p>\n\n<div style=\"height:21px\" aria-hidden=\"true\" class=\"wp-block-spacer\"><\/div>\n\n<h2 class=\"wp-block-heading\">Escolhe os alimentos certos para acalmar os desejos<\/h2>\n\n<div style=\"height:25px\" aria-hidden=\"true\" class=\"wp-block-spacer\"><\/div>\n\n<p>A chave para uma <strong>retirada<\/strong> bem sucedida \u00e9 antecipar <strong>os desejos<\/strong> e oferecer uma <strong>alternativa saud\u00e1vel<\/strong>. Aqui tens alguns <strong>produtos alimentares<\/strong> que podem ajudar: <\/p>\n\n<div style=\"height:21px\" aria-hidden=\"true\" class=\"wp-block-spacer\"><\/div>\n\n<figure class=\"wp-block-image size-large\"><img fetchpriority=\"high\" decoding=\"async\" width=\"1024\" height=\"683\" src=\"https:\/\/www.mylasertabac.com\/wp-content\/uploads\/2025\/05\/lo-1024x683.png\" alt=\"\" class=\"wp-image-8092\" srcset=\"https:\/\/www.mylasertabac.com\/wp-content\/uploads\/2025\/05\/lo-1024x683.png 1024w, https:\/\/www.mylasertabac.com\/wp-content\/uploads\/2025\/05\/lo-300x200.png 300w, https:\/\/www.mylasertabac.com\/wp-content\/uploads\/2025\/05\/lo-768x512.png 768w, https:\/\/www.mylasertabac.com\/wp-content\/uploads\/2025\/05\/lo.png 1536w\" sizes=\"(max-width: 1024px) 100vw, 1024px\" \/><\/figure>\n\n<p><\/p>\n\n<div style=\"height:21px\" aria-hidden=\"true\" class=\"wp-block-spacer\"><\/div>\n\n<h3 class=\"wp-block-heading\">1. <strong>Frutas e legumes ricos em fibras<\/strong><\/h3>\n\n<div style=\"height:21px\" aria-hidden=\"true\" class=\"wp-block-spacer\"><\/div>\n\n<p>Proporcionam uma sensa\u00e7\u00e3o de saciedade duradoura, regulam a digest\u00e3o e fornecem <strong>fibras alimentares<\/strong> essenciais. Incluir <strong>legumes<\/strong> crus ou cozidos em todas as <strong>refei\u00e7\u00f5es<\/strong> e comer duas ou tr\u00eas <strong>frutas<\/strong> por dia \u00e9 um reflexo que deve ser adotado desde o in\u00edcio do <strong>desmame<\/strong>. <\/p>\n\n<div style=\"height:21px\" aria-hidden=\"true\" class=\"wp-block-spacer\"><\/div>\n\n<h3 class=\"wp-block-heading\">2. <strong>Prote\u00ednas magras para estabilizar o teu apetite<\/strong><\/h3>\n\n<div style=\"height:21px\" aria-hidden=\"true\" class=\"wp-block-spacer\"><\/div>\n\n<p><strong>As prote\u00ednas<\/strong> (carnes brancas, ovos, peixe, leguminosas) s\u00e3o saciantes e ajudam a <strong>evitar<\/strong> <strong>o aumento de peso<\/strong>. Tamb\u00e9m ajudam a manter a massa muscular se fores <strong>fisicamente ativo<\/strong>. <\/p>\n\n<div style=\"height:21px\" aria-hidden=\"true\" class=\"wp-block-spacer\"><\/div>\n\n<h3 class=\"wp-block-heading\">3. <strong>\u00c1gua: a arma secreta contra a inveja<\/strong><\/h3>\n\n<div style=\"height:21px\" aria-hidden=\"true\" class=\"wp-block-spacer\"><\/div>\n\n<p>Beber muita<strong>\u00e1gua<\/strong> (1,5 a 2 litros por dia) \u00e9 fundamental. Ajuda a eliminar <strong>a nicotina<\/strong>, alivia <strong>os efeitos secund\u00e1rios<\/strong>, como as dores de cabe\u00e7a, e d\u00e1 uma sensa\u00e7\u00e3o de saciedade que acalma <strong>a vontade de fumar<\/strong>. <\/p>\n\n<div style=\"height:21px\" aria-hidden=\"true\" class=\"wp-block-spacer\"><\/div>\n\n<p><\/p>\n\n<h3 class=\"wp-block-heading\">4. <strong>Limita o caf\u00e9 e o \u00e1lcool<\/strong><\/h3>\n\n<div style=\"height:21px\" aria-hidden=\"true\" class=\"wp-block-spacer\"><\/div>\n\n<p>Alguns <strong>fumadores<\/strong> associam inconscientemente os cigarros ao <strong>caf\u00e9<\/strong>. Se for esse o teu caso, reduz <strong>o consumo de caf\u00e9<\/strong> ou substitui-o por ch\u00e1s de ervas, especialmente em momentos de <strong>stress<\/strong>.<strong>O \u00e1lcool<\/strong> aumenta o risco de reca\u00edda.  <\/p>\n\n<div style=\"height:21px\" aria-hidden=\"true\" class=\"wp-block-spacer\"><\/div>\n\n<h2 class=\"wp-block-heading\">Adaptar os teus h\u00e1bitos alimentares<\/h2>\n\n<div style=\"height:21px\" aria-hidden=\"true\" class=\"wp-block-spacer\"><\/div>\n\n<p>Eis <strong>como<\/strong> organizar os teus dias para reduzir os <strong>efeitos da abstin\u00eancia<\/strong>:<\/p>\n\n<div style=\"height:21px\" aria-hidden=\"true\" class=\"wp-block-spacer\"><\/div>\n\n<ul class=\"wp-block-list\">\n<li>Come a horas regulares para evitar a fome.<\/li>\n\n\n\n<li>Se necess\u00e1rio, divide as tuas refei\u00e7\u00f5es (lanches saud\u00e1veis entre as refei\u00e7\u00f5es).<\/li>\n\n\n\n<li>Tem sempre \u00e0 m\u00e3o <strong>alimentos saud\u00e1veis<\/strong>: frutos secos sem sal, palitos de cenoura, iogurte natural.<\/li>\n\n\n\n<li>Evita dietas rigorosas durante as primeiras semanas: o <strong>corpo<\/strong> precisa de tempo para estabilizar.<\/li>\n\n\n\n<li>Se necess\u00e1rio, um <strong>servi\u00e7o de informa\u00e7\u00e3o sobre o tabaco<\/strong> ou uma <strong>consulta de nutri\u00e7\u00e3o<\/strong> podem proporcionar-te uma ajuda personalizada.<\/li>\n<\/ul>\n\n<div style=\"height:21px\" aria-hidden=\"true\" class=\"wp-block-spacer\"><\/div>\n\n<hr class=\"wp-block-separator has-alpha-channel-opacity\"\/>\n\n<h2 class=\"wp-block-heading\">O papel fundamental do desporto e da atividade f\u00edsica<\/h2>\n\n<div style=\"height:21px\" aria-hidden=\"true\" class=\"wp-block-spacer\"><\/div>\n\n<p>Para al\u00e9m de uma <strong>alimenta\u00e7\u00e3o<\/strong> saud\u00e1vel,<strong>a atividade f\u00edsica<\/strong> \u00e9 um <strong>poderoso aliado<\/strong>. Ajuda a gerir <strong>o stress<\/strong>, melhora o humor, queima calorias e, acima de tudo, reduz <strong>os sintomas de abstin\u00eancia<\/strong>, como a irritabilidade e a fadiga. N\u00e3o precisas de te tornar um maratonista: 30 minutos de caminhada r\u00e1pida ou de nata\u00e7\u00e3o, 3 vezes por semana, s\u00e3o suficientes.  <\/p>\n\n<div style=\"height:21px\" aria-hidden=\"true\" class=\"wp-block-spacer\"><\/div>\n\n<hr class=\"wp-block-separator has-alpha-channel-opacity\"\/>\n\n<h2 class=\"wp-block-heading\">Laser anti-tabagismo: ajuda a estabilizar a tua dieta<\/h2>\n\n<div style=\"height:21px\" aria-hidden=\"true\" class=\"wp-block-spacer\"><\/div>\n\n<p>Se os <strong>sintomas de abstin\u00eancia<\/strong> forem demasiado intensos (perturba\u00e7\u00f5es de humor, <strong>desejos de fumar<\/strong>, comer compulsivamente), o tratamento <strong>anti-tabaco a laser<\/strong> pode facilitar muito a cessa\u00e7\u00e3o. Este m\u00e9todo suave e <strong>sem medicamentos<\/strong> actua diretamente nos <strong>pontos reflexos do ouvido<\/strong> para acalmar <strong>os desejos<\/strong>, regular o apetite e acalmar o <strong>corpo<\/strong>. Na <strong>MyLaserTabac<\/strong>, os nossos centros oferecem este servi\u00e7o eficaz e natural para ajudar <strong>os fumadores<\/strong> a deixarem de fumar com total tranquilidade.  <\/p>\n\n<div style=\"height:21px\" aria-hidden=\"true\" class=\"wp-block-spacer\"><\/div>\n\n<hr class=\"wp-block-separator has-alpha-channel-opacity\"\/>\n\n<h2 class=\"wp-block-heading\">\u26a0\ufe0f Cuidado com as armadilhas do desmame<\/h2>\n\n<div style=\"height:21px\" aria-hidden=\"true\" class=\"wp-block-spacer\"><\/div>\n\n<p>Muitos <strong>fumadores<\/strong> tentam compensar recorrendo a <strong><a href=\"https:\/\/www.mylasertabac.com\/pt-pt\/tributacao-dos-cigarros-electronicos-em-2025-qual-o-impacto-para-os-consumidores\/\">cigarro eletr\u00f3nico<\/a><\/strong>pensando que podem evitar os efeitos do tabaco. Mas <strong>fumar<\/strong> continua a ser uma depend\u00eancia e mant\u00e9m o h\u00e1bito vivo, tornando mais dif\u00edcil a adapta\u00e7\u00e3o \u00e0 dieta. Do mesmo modo, os substitutos a\u00e7ucarados, os snacks ultraprocessados e as dietas radicais apresentam <strong>riscos para a sa\u00fade<\/strong>.  <\/p>\n\n<div style=\"height:21px\" aria-hidden=\"true\" class=\"wp-block-spacer\"><\/div>\n\n<hr class=\"wp-block-separator has-alpha-channel-opacity\"\/>\n\n<h2 class=\"wp-block-heading\">Conselhos pr\u00e1ticos para comeres bem depois de deixares de fumar<\/h2>\n\n<div style=\"height:21px\" aria-hidden=\"true\" class=\"wp-block-spacer\"><\/div>\n\n<p>\u2714\ufe0f Faz compras com o est\u00f4mago cheio para evitar comprar por impulso.<br\/>\u2714\ufe0f Evita pratos preparados demasiado gordos e salgados.<br\/>\u2714\ufe0f Prepara os menus com anteced\u00eancia e cozinha em casa.<br\/>\u2714\ufe0f Escolhe <strong>produtos ricos em fibras<\/strong> e <strong>com baixo teor de a\u00e7\u00facar<\/strong>.<br\/>\u2714\ufe0f Lembra-te que o teu <strong>corpo<\/strong> est\u00e1 a passar por uma fase de <strong>repara\u00e7\u00e3o<\/strong>. D\u00e1-lhe os <strong>alimentos<\/strong> certos. <\/p>\n\n<div style=\"height:21px\" aria-hidden=\"true\" class=\"wp-block-spacer\"><\/div>\n\n<hr class=\"wp-block-separator has-alpha-channel-opacity\"\/>\n\n<h2 class=\"wp-block-heading\">Quando deves consultar?<\/h2>\n\n<div style=\"height:21px\" aria-hidden=\"true\" class=\"wp-block-spacer\"><\/div>\n\n<p>Se, apesar dos teus esfor\u00e7os, continuares a sentir <strong>efeitos dif\u00edceis<\/strong> de gerir, marca <strong>uma consulta<\/strong> com um tabacologista, um nutricionista ou um profissional do m\u00e9todo <strong>laser anti-tabaco<\/strong>. Um acompanhamento personalizado \u00e9 muitas vezes <strong>a chave do sucesso<\/strong>. <\/p>\n\n<div style=\"height:21px\" aria-hidden=\"true\" class=\"wp-block-spacer\"><\/div>\n\n<hr class=\"wp-block-separator has-alpha-channel-opacity\"\/>\n\n<h2 class=\"wp-block-heading\">Em poucas palavras<\/h2>\n\n<p><strong><a href=\"https:\/\/www.mylasertabac.com\/pt-pt\/\">Deixar de fumar<\/a><\/strong> n\u00e3o \u00e9 o fim, \u00e9 um novo come\u00e7o. Comer bem durante a <strong>desabitua\u00e7\u00e3o<\/strong> n\u00e3o tem nada a ver com uma <strong>dieta rigorosa<\/strong>, mas sim com o desejo de <strong>cuidar da tua sa\u00fade<\/strong>. Gra\u00e7as a uma <strong>alimenta\u00e7\u00e3o equilibrada<\/strong>, a <strong>uma atividade f\u00edsica adequada<\/strong> e a instrumentos inovadores como o <strong><a href=\"https:\/\/www.mylasertabac.com\/pt-pt\/\">laser anti-tabagismo<\/a><\/strong>todos os <strong>fumadores<\/strong> podem despedir-se dos <strong>cigarros<\/strong> com sucesso, sem sacrificar o seu bem-estar.  <\/p>\n\n<div style=\"height:21px\" aria-hidden=\"true\" class=\"wp-block-spacer\"><\/div>\n\n<p>\ud83d\udc49 Clica <a href=\"https:\/\/www.mylasertabac.com\/pt-pt\/os-nossos-centros\/\">aqui para marcar uma consulta num dos nossos centros laser anti-tabaco<\/a>.<\/p>\n\n<div style=\"height:29px\" aria-hidden=\"true\" class=\"wp-block-spacer\"><\/div>\n\n<figure class=\"wp-block-image alignfull size-large\"><img decoding=\"async\" src=\"https:\/\/www.mylasertabac.com\/wp-content\/uploads\/\/mlt-verteau.svg\" alt=\"\" class=\"wp-image-13\"\/><\/figure>\n","protected":false},"excerpt":{"rendered":"<p>Deixar de fumar \u00e9 um passo essencial para recuperar o controlo da tua vida, da tua sa\u00fade e do teu corpo. Mas \u00e9 frequentemente acompanhado de sintomas f\u00edsicos e alimentares que podem perturbar a tua vida quotidiana. Entre os mais temidos est\u00e3o o aumento de peso, os desejos compulsivos, os problemas digestivos e a vontade [&hellip;]<\/p>\n","protected":false},"author":2,"featured_media":8090,"comment_status":"closed","ping_status":"open","sticky":false,"template":"","format":"standard","meta":{"inline_featured_image":false,"footnotes":""},"categories":[624],"tags":[],"class_list":["post-8105","post","type-post","status-publish","format-standard","has-post-thumbnail","hentry","category-fonte-de-alimentacao"],"yoast_head":"<!-- This site is optimized with the Yoast SEO plugin v27.4 - https:\/\/yoast.com\/product\/yoast-seo-wordpress\/ -->\n<title>Como adaptar a tua alimenta\u00e7\u00e3o quando deixas de fumar: conselhos para recuperar o equil\u00edbrio e a sa\u00fade - My Laser Tabac<\/title>\n<meta name=\"description\" content=\"Se queres saber como adaptar a tua dieta quando deixas de fumar cigarros, o nosso artigo explica tudo.\" \/>\n<meta name=\"robots\" content=\"index, follow, max-snippet:-1, max-image-preview:large, max-video-preview:-1\" \/>\n<link rel=\"canonical\" href=\"https:\/\/www.mylasertabac.com\/pt-pt\/como-e-que-adaptas-a-tua-dieta-quando-deixas-de-fumar\/\" \/>\n<meta property=\"og:locale\" content=\"pt_PT\" \/>\n<meta property=\"og:type\" content=\"article\" \/>\n<meta property=\"og:title\" content=\"Como adaptar a tua alimenta\u00e7\u00e3o quando deixas de fumar: conselhos para recuperar o equil\u00edbrio e a sa\u00fade - My Laser Tabac\" \/>\n<meta property=\"og:description\" content=\"Se queres saber como adaptar a tua dieta quando deixas de fumar cigarros, o nosso artigo explica tudo.\" \/>\n<meta property=\"og:url\" content=\"https:\/\/www.mylasertabac.com\/pt-pt\/como-e-que-adaptas-a-tua-dieta-quando-deixas-de-fumar\/\" \/>\n<meta property=\"og:site_name\" content=\"My Laser Tabac\" \/>\n<meta property=\"article:author\" content=\"https:\/\/www.facebook.com\/profile.php?id=61571554707319\" \/>\n<meta property=\"article:published_time\" content=\"2025-05-11T09:59:03+00:00\" \/>\n<meta property=\"article:modified_time\" content=\"2025-05-11T12:08:56+00:00\" \/>\n<meta property=\"og:image\" content=\"https:\/\/www.mylasertabac.com\/wp-content\/uploads\/2025\/05\/l-2.png\" \/>\n\t<meta property=\"og:image:width\" content=\"800\" \/>\n\t<meta property=\"og:image:height\" content=\"533\" \/>\n\t<meta property=\"og:image:type\" content=\"image\/png\" \/>\n<meta name=\"author\" content=\"Florian Fortes\" \/>\n<meta name=\"twitter:card\" content=\"summary_large_image\" \/>\n<meta name=\"twitter:label1\" content=\"Escrito por\" \/>\n\t<meta name=\"twitter:data1\" content=\"Florian Fortes\" \/>\n\t<meta name=\"twitter:label2\" content=\"Tempo estimado de leitura\" \/>\n\t<meta name=\"twitter:data2\" content=\"5 minutos\" \/>\n<script type=\"application\/ld+json\" class=\"yoast-schema-graph\">{\"@context\":\"https:\\\/\\\/schema.org\",\"@graph\":[{\"@type\":\"Article\",\"@id\":\"https:\\\/\\\/www.mylasertabac.com\\\/pt-pt\\\/como-e-que-adaptas-a-tua-dieta-quando-deixas-de-fumar\\\/#article\",\"isPartOf\":{\"@id\":\"https:\\\/\\\/www.mylasertabac.com\\\/pt-pt\\\/como-e-que-adaptas-a-tua-dieta-quando-deixas-de-fumar\\\/\"},\"author\":{\"name\":\"Florian Fortes\",\"@id\":\"https:\\\/\\\/www.mylasertabac.com\\\/pt-pt\\\/#\\\/schema\\\/person\\\/02c249cb76d912efb6c315ec23eccdf3\"},\"headline\":\"Como adaptar a tua alimenta\u00e7\u00e3o quando deixas de fumar: conselhos para recuperar o equil\u00edbrio e a sa\u00fade\",\"datePublished\":\"2025-05-11T09:59:03+00:00\",\"dateModified\":\"2025-05-11T12:08:56+00:00\",\"mainEntityOfPage\":{\"@id\":\"https:\\\/\\\/www.mylasertabac.com\\\/pt-pt\\\/como-e-que-adaptas-a-tua-dieta-quando-deixas-de-fumar\\\/\"},\"wordCount\":997,\"publisher\":{\"@id\":\"https:\\\/\\\/www.mylasertabac.com\\\/pt-pt\\\/#organization\"},\"image\":{\"@id\":\"https:\\\/\\\/www.mylasertabac.com\\\/pt-pt\\\/como-e-que-adaptas-a-tua-dieta-quando-deixas-de-fumar\\\/#primaryimage\"},\"thumbnailUrl\":\"https:\\\/\\\/www.mylasertabac.com\\\/wp-content\\\/uploads\\\/2025\\\/05\\\/l-2.png\",\"articleSection\":[\"fonte de alimenta\u00e7\u00e3o\"],\"inLanguage\":\"pt-PT\"},{\"@type\":\"WebPage\",\"@id\":\"https:\\\/\\\/www.mylasertabac.com\\\/pt-pt\\\/como-e-que-adaptas-a-tua-dieta-quando-deixas-de-fumar\\\/\",\"url\":\"https:\\\/\\\/www.mylasertabac.com\\\/pt-pt\\\/como-e-que-adaptas-a-tua-dieta-quando-deixas-de-fumar\\\/\",\"name\":\"Como adaptar a tua alimenta\u00e7\u00e3o quando deixas de fumar: conselhos para recuperar o equil\u00edbrio e a sa\u00fade - My Laser Tabac\",\"isPartOf\":{\"@id\":\"https:\\\/\\\/www.mylasertabac.com\\\/pt-pt\\\/#website\"},\"primaryImageOfPage\":{\"@id\":\"https:\\\/\\\/www.mylasertabac.com\\\/pt-pt\\\/como-e-que-adaptas-a-tua-dieta-quando-deixas-de-fumar\\\/#primaryimage\"},\"image\":{\"@id\":\"https:\\\/\\\/www.mylasertabac.com\\\/pt-pt\\\/como-e-que-adaptas-a-tua-dieta-quando-deixas-de-fumar\\\/#primaryimage\"},\"thumbnailUrl\":\"https:\\\/\\\/www.mylasertabac.com\\\/wp-content\\\/uploads\\\/2025\\\/05\\\/l-2.png\",\"datePublished\":\"2025-05-11T09:59:03+00:00\",\"dateModified\":\"2025-05-11T12:08:56+00:00\",\"description\":\"Se queres saber como adaptar a tua dieta quando deixas de fumar cigarros, o nosso artigo explica tudo.\",\"breadcrumb\":{\"@id\":\"https:\\\/\\\/www.mylasertabac.com\\\/pt-pt\\\/como-e-que-adaptas-a-tua-dieta-quando-deixas-de-fumar\\\/#breadcrumb\"},\"inLanguage\":\"pt-PT\",\"potentialAction\":[{\"@type\":\"ReadAction\",\"target\":[\"https:\\\/\\\/www.mylasertabac.com\\\/pt-pt\\\/como-e-que-adaptas-a-tua-dieta-quando-deixas-de-fumar\\\/\"]}]},{\"@type\":\"ImageObject\",\"inLanguage\":\"pt-PT\",\"@id\":\"https:\\\/\\\/www.mylasertabac.com\\\/pt-pt\\\/como-e-que-adaptas-a-tua-dieta-quando-deixas-de-fumar\\\/#primaryimage\",\"url\":\"https:\\\/\\\/www.mylasertabac.com\\\/wp-content\\\/uploads\\\/2025\\\/05\\\/l-2.png\",\"contentUrl\":\"https:\\\/\\\/www.mylasertabac.com\\\/wp-content\\\/uploads\\\/2025\\\/05\\\/l-2.png\",\"width\":1536,\"height\":1024},{\"@type\":\"BreadcrumbList\",\"@id\":\"https:\\\/\\\/www.mylasertabac.com\\\/pt-pt\\\/como-e-que-adaptas-a-tua-dieta-quando-deixas-de-fumar\\\/#breadcrumb\",\"itemListElement\":[{\"@type\":\"ListItem\",\"position\":1,\"name\":\"Accueil\",\"item\":\"https:\\\/\\\/www.mylasertabac.com\\\/pt-pt\\\/casa\\\/\"},{\"@type\":\"ListItem\",\"position\":2,\"name\":\"Como adaptar a tua alimenta\u00e7\u00e3o quando deixas de fumar: conselhos para recuperar o equil\u00edbrio e a sa\u00fade\"}]},{\"@type\":\"WebSite\",\"@id\":\"https:\\\/\\\/www.mylasertabac.com\\\/pt-pt\\\/#website\",\"url\":\"https:\\\/\\\/www.mylasertabac.com\\\/pt-pt\\\/\",\"name\":\"My Laser Tabac\",\"description\":\"La solution laser qui transforme les fumeurs en ex-fumeurs\",\"publisher\":{\"@id\":\"https:\\\/\\\/www.mylasertabac.com\\\/pt-pt\\\/#organization\"},\"potentialAction\":[{\"@type\":\"SearchAction\",\"target\":{\"@type\":\"EntryPoint\",\"urlTemplate\":\"https:\\\/\\\/www.mylasertabac.com\\\/pt-pt\\\/?s={search_term_string}\"},\"query-input\":{\"@type\":\"PropertyValueSpecification\",\"valueRequired\":true,\"valueName\":\"search_term_string\"}}],\"inLanguage\":\"pt-PT\"},{\"@type\":\"Organization\",\"@id\":\"https:\\\/\\\/www.mylasertabac.com\\\/pt-pt\\\/#organization\",\"name\":\"My Laser Tabac\",\"url\":\"https:\\\/\\\/www.mylasertabac.com\\\/pt-pt\\\/\",\"logo\":{\"@type\":\"ImageObject\",\"inLanguage\":\"pt-PT\",\"@id\":\"https:\\\/\\\/www.mylasertabac.com\\\/pt-pt\\\/#\\\/schema\\\/logo\\\/image\\\/\",\"url\":\"https:\\\/\\\/www.mylasertabac.com\\\/wp-content\\\/uploads\\\/2024\\\/12\\\/mlt-verteau.svg\",\"contentUrl\":\"https:\\\/\\\/www.mylasertabac.com\\\/wp-content\\\/uploads\\\/2024\\\/12\\\/mlt-verteau.svg\",\"caption\":\"My Laser Tabac\"},\"image\":{\"@id\":\"https:\\\/\\\/www.mylasertabac.com\\\/pt-pt\\\/#\\\/schema\\\/logo\\\/image\\\/\"}},{\"@type\":\"Person\",\"@id\":\"https:\\\/\\\/www.mylasertabac.com\\\/pt-pt\\\/#\\\/schema\\\/person\\\/02c249cb76d912efb6c315ec23eccdf3\",\"name\":\"Florian Fortes\",\"image\":{\"@type\":\"ImageObject\",\"inLanguage\":\"pt-PT\",\"@id\":\"https:\\\/\\\/www.mylasertabac.com\\\/wp-content\\\/litespeed\\\/avatar\\\/142101a71d7b9e6490c1120d9c109a67.jpg?ver=1776856306\",\"url\":\"https:\\\/\\\/www.mylasertabac.com\\\/wp-content\\\/litespeed\\\/avatar\\\/142101a71d7b9e6490c1120d9c109a67.jpg?ver=1776856306\",\"contentUrl\":\"https:\\\/\\\/www.mylasertabac.com\\\/wp-content\\\/litespeed\\\/avatar\\\/142101a71d7b9e6490c1120d9c109a67.jpg?ver=1776856306\",\"caption\":\"Florian Fortes\"},\"sameAs\":[\"https:\\\/\\\/www.mylasertabac.com\",\"https:\\\/\\\/www.facebook.com\\\/profile.php?id=61571554707319\"],\"url\":\"https:\\\/\\\/www.mylasertabac.com\\\/pt-pt\\\/author\\\/florianfortes5312\\\/\"}]}<\/script>\n<!-- \/ Yoast SEO plugin. -->","yoast_head_json":{"title":"Como adaptar a tua alimenta\u00e7\u00e3o quando deixas de fumar: conselhos para recuperar o equil\u00edbrio e a sa\u00fade - My Laser Tabac","description":"Se queres saber como adaptar a tua dieta quando deixas de fumar cigarros, o nosso artigo explica tudo.","robots":{"index":"index","follow":"follow","max-snippet":"max-snippet:-1","max-image-preview":"max-image-preview:large","max-video-preview":"max-video-preview:-1"},"canonical":"https:\/\/www.mylasertabac.com\/pt-pt\/como-e-que-adaptas-a-tua-dieta-quando-deixas-de-fumar\/","og_locale":"pt_PT","og_type":"article","og_title":"Como adaptar a tua alimenta\u00e7\u00e3o quando deixas de fumar: conselhos para recuperar o equil\u00edbrio e a sa\u00fade - My Laser Tabac","og_description":"Se queres saber como adaptar a tua dieta quando deixas de fumar cigarros, o nosso artigo explica tudo.","og_url":"https:\/\/www.mylasertabac.com\/pt-pt\/como-e-que-adaptas-a-tua-dieta-quando-deixas-de-fumar\/","og_site_name":"My Laser Tabac","article_author":"https:\/\/www.facebook.com\/profile.php?id=61571554707319","article_published_time":"2025-05-11T09:59:03+00:00","article_modified_time":"2025-05-11T12:08:56+00:00","og_image":[{"url":"https:\/\/www.mylasertabac.com\/wp-content\/uploads\/2025\/05\/l-2.png","width":800,"height":533,"type":"image\/png"}],"author":"Florian Fortes","twitter_card":"summary_large_image","twitter_misc":{"Escrito por":"Florian Fortes","Tempo estimado de leitura":"5 minutos"},"schema":{"@context":"https:\/\/schema.org","@graph":[{"@type":"Article","@id":"https:\/\/www.mylasertabac.com\/pt-pt\/como-e-que-adaptas-a-tua-dieta-quando-deixas-de-fumar\/#article","isPartOf":{"@id":"https:\/\/www.mylasertabac.com\/pt-pt\/como-e-que-adaptas-a-tua-dieta-quando-deixas-de-fumar\/"},"author":{"name":"Florian Fortes","@id":"https:\/\/www.mylasertabac.com\/pt-pt\/#\/schema\/person\/02c249cb76d912efb6c315ec23eccdf3"},"headline":"Como adaptar a tua alimenta\u00e7\u00e3o quando deixas de fumar: conselhos para recuperar o equil\u00edbrio e a sa\u00fade","datePublished":"2025-05-11T09:59:03+00:00","dateModified":"2025-05-11T12:08:56+00:00","mainEntityOfPage":{"@id":"https:\/\/www.mylasertabac.com\/pt-pt\/como-e-que-adaptas-a-tua-dieta-quando-deixas-de-fumar\/"},"wordCount":997,"publisher":{"@id":"https:\/\/www.mylasertabac.com\/pt-pt\/#organization"},"image":{"@id":"https:\/\/www.mylasertabac.com\/pt-pt\/como-e-que-adaptas-a-tua-dieta-quando-deixas-de-fumar\/#primaryimage"},"thumbnailUrl":"https:\/\/www.mylasertabac.com\/wp-content\/uploads\/2025\/05\/l-2.png","articleSection":["fonte de alimenta\u00e7\u00e3o"],"inLanguage":"pt-PT"},{"@type":"WebPage","@id":"https:\/\/www.mylasertabac.com\/pt-pt\/como-e-que-adaptas-a-tua-dieta-quando-deixas-de-fumar\/","url":"https:\/\/www.mylasertabac.com\/pt-pt\/como-e-que-adaptas-a-tua-dieta-quando-deixas-de-fumar\/","name":"Como adaptar a tua alimenta\u00e7\u00e3o quando deixas de fumar: conselhos para recuperar o equil\u00edbrio e a sa\u00fade - My Laser Tabac","isPartOf":{"@id":"https:\/\/www.mylasertabac.com\/pt-pt\/#website"},"primaryImageOfPage":{"@id":"https:\/\/www.mylasertabac.com\/pt-pt\/como-e-que-adaptas-a-tua-dieta-quando-deixas-de-fumar\/#primaryimage"},"image":{"@id":"https:\/\/www.mylasertabac.com\/pt-pt\/como-e-que-adaptas-a-tua-dieta-quando-deixas-de-fumar\/#primaryimage"},"thumbnailUrl":"https:\/\/www.mylasertabac.com\/wp-content\/uploads\/2025\/05\/l-2.png","datePublished":"2025-05-11T09:59:03+00:00","dateModified":"2025-05-11T12:08:56+00:00","description":"Se queres saber como adaptar a tua dieta quando deixas de fumar cigarros, o nosso artigo explica tudo.","breadcrumb":{"@id":"https:\/\/www.mylasertabac.com\/pt-pt\/como-e-que-adaptas-a-tua-dieta-quando-deixas-de-fumar\/#breadcrumb"},"inLanguage":"pt-PT","potentialAction":[{"@type":"ReadAction","target":["https:\/\/www.mylasertabac.com\/pt-pt\/como-e-que-adaptas-a-tua-dieta-quando-deixas-de-fumar\/"]}]},{"@type":"ImageObject","inLanguage":"pt-PT","@id":"https:\/\/www.mylasertabac.com\/pt-pt\/como-e-que-adaptas-a-tua-dieta-quando-deixas-de-fumar\/#primaryimage","url":"https:\/\/www.mylasertabac.com\/wp-content\/uploads\/2025\/05\/l-2.png","contentUrl":"https:\/\/www.mylasertabac.com\/wp-content\/uploads\/2025\/05\/l-2.png","width":1536,"height":1024},{"@type":"BreadcrumbList","@id":"https:\/\/www.mylasertabac.com\/pt-pt\/como-e-que-adaptas-a-tua-dieta-quando-deixas-de-fumar\/#breadcrumb","itemListElement":[{"@type":"ListItem","position":1,"name":"Accueil","item":"https:\/\/www.mylasertabac.com\/pt-pt\/casa\/"},{"@type":"ListItem","position":2,"name":"Como adaptar a tua alimenta\u00e7\u00e3o quando deixas de fumar: conselhos para recuperar o equil\u00edbrio e a sa\u00fade"}]},{"@type":"WebSite","@id":"https:\/\/www.mylasertabac.com\/pt-pt\/#website","url":"https:\/\/www.mylasertabac.com\/pt-pt\/","name":"My Laser Tabac","description":"La solution laser qui transforme les fumeurs en ex-fumeurs","publisher":{"@id":"https:\/\/www.mylasertabac.com\/pt-pt\/#organization"},"potentialAction":[{"@type":"SearchAction","target":{"@type":"EntryPoint","urlTemplate":"https:\/\/www.mylasertabac.com\/pt-pt\/?s={search_term_string}"},"query-input":{"@type":"PropertyValueSpecification","valueRequired":true,"valueName":"search_term_string"}}],"inLanguage":"pt-PT"},{"@type":"Organization","@id":"https:\/\/www.mylasertabac.com\/pt-pt\/#organization","name":"My Laser Tabac","url":"https:\/\/www.mylasertabac.com\/pt-pt\/","logo":{"@type":"ImageObject","inLanguage":"pt-PT","@id":"https:\/\/www.mylasertabac.com\/pt-pt\/#\/schema\/logo\/image\/","url":"https:\/\/www.mylasertabac.com\/wp-content\/uploads\/2024\/12\/mlt-verteau.svg","contentUrl":"https:\/\/www.mylasertabac.com\/wp-content\/uploads\/2024\/12\/mlt-verteau.svg","caption":"My Laser Tabac"},"image":{"@id":"https:\/\/www.mylasertabac.com\/pt-pt\/#\/schema\/logo\/image\/"}},{"@type":"Person","@id":"https:\/\/www.mylasertabac.com\/pt-pt\/#\/schema\/person\/02c249cb76d912efb6c315ec23eccdf3","name":"Florian Fortes","image":{"@type":"ImageObject","inLanguage":"pt-PT","@id":"https:\/\/www.mylasertabac.com\/wp-content\/litespeed\/avatar\/142101a71d7b9e6490c1120d9c109a67.jpg?ver=1776856306","url":"https:\/\/www.mylasertabac.com\/wp-content\/litespeed\/avatar\/142101a71d7b9e6490c1120d9c109a67.jpg?ver=1776856306","contentUrl":"https:\/\/www.mylasertabac.com\/wp-content\/litespeed\/avatar\/142101a71d7b9e6490c1120d9c109a67.jpg?ver=1776856306","caption":"Florian Fortes"},"sameAs":["https:\/\/www.mylasertabac.com","https:\/\/www.facebook.com\/profile.php?id=61571554707319"],"url":"https:\/\/www.mylasertabac.com\/pt-pt\/author\/florianfortes5312\/"}]}},"_links":{"self":[{"href":"https:\/\/www.mylasertabac.com\/pt-pt\/wp-json\/wp\/v2\/posts\/8105","targetHints":{"allow":["GET"]}}],"collection":[{"href":"https:\/\/www.mylasertabac.com\/pt-pt\/wp-json\/wp\/v2\/posts"}],"about":[{"href":"https:\/\/www.mylasertabac.com\/pt-pt\/wp-json\/wp\/v2\/types\/post"}],"author":[{"embeddable":true,"href":"https:\/\/www.mylasertabac.com\/pt-pt\/wp-json\/wp\/v2\/users\/2"}],"replies":[{"embeddable":true,"href":"https:\/\/www.mylasertabac.com\/pt-pt\/wp-json\/wp\/v2\/comments?post=8105"}],"version-history":[{"count":3,"href":"https:\/\/www.mylasertabac.com\/pt-pt\/wp-json\/wp\/v2\/posts\/8105\/revisions"}],"predecessor-version":[{"id":8123,"href":"https:\/\/www.mylasertabac.com\/pt-pt\/wp-json\/wp\/v2\/posts\/8105\/revisions\/8123"}],"wp:featuredmedia":[{"embeddable":true,"href":"https:\/\/www.mylasertabac.com\/pt-pt\/wp-json\/wp\/v2\/media\/8090"}],"wp:attachment":[{"href":"https:\/\/www.mylasertabac.com\/pt-pt\/wp-json\/wp\/v2\/media?parent=8105"}],"wp:term":[{"taxonomy":"category","embeddable":true,"href":"https:\/\/www.mylasertabac.com\/pt-pt\/wp-json\/wp\/v2\/categories?post=8105"},{"taxonomy":"post_tag","embeddable":true,"href":"https:\/\/www.mylasertabac.com\/pt-pt\/wp-json\/wp\/v2\/tags?post=8105"}],"curies":[{"name":"wp","href":"https:\/\/api.w.org\/{rel}","templated":true}]}}