{"id":8834,"date":"2025-05-30T14:27:58","date_gmt":"2025-05-30T12:27:58","guid":{"rendered":"https:\/\/www.mylasertabac.com\/em-breve-sera-proibido-fumar-nas-praias-nos-jardins-publicos-e-junto-as-escolas-o-que-vai-mudar-a-partir-de-1-de-julho\/"},"modified":"2025-06-03T15:31:16","modified_gmt":"2025-06-03T13:31:16","slug":"em-breve-sera-proibido-fumar-nas-praias-nos-jardins-publicos-e-junto-as-escolas-o-que-vai-mudar-a-partir-de-1-de-julho","status":"publish","type":"post","link":"https:\/\/www.mylasertabac.com\/pt-pt\/em-breve-sera-proibido-fumar-nas-praias-nos-jardins-publicos-e-junto-as-escolas-o-que-vai-mudar-a-partir-de-1-de-julho\/","title":{"rendered":"Em breve ser\u00e1 proibido fumar nas praias, nos jardins p\u00fablicos e junto \u00e0s escolas: o que vai mudar a partir de 1 de julho"},"content":{"rendered":"\n<div style=\"height:20px\" aria-hidden=\"true\" class=\"wp-block-spacer\"><\/div>\n\n<h2 class=\"wp-block-heading\">Uma nova etapa na luta contra o tabagismo<\/h2>\n\n<p>A partir de <strong>1 de julho de 2025<\/strong>, uma nova medida transformar\u00e1 o nosso quotidiano: <strong>ser\u00e1 proibido fumar nas praias, nos jardins p\u00fablicos, nas florestas urbanas e nas imedia\u00e7\u00f5es das escolas<\/strong>. Trata-se de uma decis\u00e3o importante, tomada pelo governo no \u00e2mbito da futura lei sobre a sa\u00fade p\u00fablica. Esta regulamenta\u00e7\u00e3o, j\u00e1 aplicada numa s\u00e9rie de cidades pioneiras, tornar-se-\u00e1 agora <strong>a norma nacional<\/strong>.  <\/p>\n\n<p>Esta iniciativa faz parte de uma ambiciosa pol\u00edtica de sa\u00fade p\u00fablica destinada a reduzir a preval\u00eancia do tabagismo em Fran\u00e7a, que continua a ser uma das mais elevadas da Europa Ocidental.<\/p>\n\n<div style=\"height:20px\" aria-hidden=\"true\" class=\"wp-block-spacer\"><\/div>\n\n<h2 class=\"wp-block-heading\">Porqu\u00ea esta proibi\u00e7\u00e3o? Desejo de proteger a sa\u00fade e o ambiente <\/h2>\n\n<div style=\"height:20px\" aria-hidden=\"true\" class=\"wp-block-spacer\"><\/div>\n\n<h3 class=\"wp-block-heading\">Proteger os n\u00e3o fumadores<\/h3>\n\n<div style=\"height:20px\" aria-hidden=\"true\" class=\"wp-block-spacer\"><\/div>\n\n<p>O principal objetivo da proibi\u00e7\u00e3o de fumar em espa\u00e7os p\u00fablicos abertos \u00e9 <strong>proteger os n\u00e3o fumadores<\/strong> &#8211; em especial as crian\u00e7as &#8211; do <strong>tabagismo passivo<\/strong>. Nos parques infantis e depois da escola, as crian\u00e7as est\u00e3o frequentemente expostas ao fumo do tabaco. O objetivo desta lei \u00e9 proteger a sua sa\u00fade e o seu ambiente e dar-lhes um exemplo que seja coerente com as mensagens de preven\u00e7\u00e3o transmitidas na escola.  <\/p>\n\n<div style=\"height:20px\" aria-hidden=\"true\" class=\"wp-block-spacer\"><\/div>\n\n<h3 class=\"wp-block-heading\">Lutar contra a banaliza\u00e7\u00e3o do gesto<\/h3>\n\n<div style=\"height:20px\" aria-hidden=\"true\" class=\"wp-block-spacer\"><\/div>\n\n<p>O objetivo \u00e9 tamb\u00e9m<strong>evitar que o consumo de tabaco se torne comum<\/strong> nos locais p\u00fablicos. Ver um adulto a fumar num banco de jardim ou na areia pode contribuir para <strong>normalizar<\/strong> este comportamento entre os mais jovens. O objetivo \u00e9 claro: <strong>desencorajar a inicia\u00e7\u00e3o do consumo de tabaco na adolesc\u00eancia<\/strong>, um momento crucial em que a maioria dos fumadores come\u00e7a a consumir.  <\/p>\n\n<div style=\"height:20px\" aria-hidden=\"true\" class=\"wp-block-spacer\"><\/div>\n\n<h3 class=\"wp-block-heading\">Um grande desafio ecol\u00f3gico<\/h3>\n\n<div style=\"height:20px\" aria-hidden=\"true\" class=\"wp-block-spacer\"><\/div>\n\n<p>Para al\u00e9m da sa\u00fade, esta medida responde tamb\u00e9m a uma <strong>emerg\u00eancia ecol\u00f3gica<\/strong>. Todos os anos <strong><a href=\"https:\/\/www.mylasertabac.com\/pt-pt\/porque-e-que-as-beatas-de-cigarros-sao-consideradas-um-dos-tipos-de-residuos-mais-comuns-no-mundo\/\">23 mil milh\u00f5es de pontas de cigarro<\/a><\/strong> s\u00e3o deitadas ao ch\u00e3o em Fran\u00e7a. Estes res\u00edduos demoram at\u00e9 <strong>15 anos a decompor-se<\/strong>, libertando subst\u00e2ncias t\u00f3xicas que poluem os solos e os cursos de \u00e1gua. Nas praias, uma \u00fanica ponta de cigarro pode contaminar <strong>at\u00e9 500 litros de \u00e1gua<\/strong>.   <\/p>\n\n<p>Ao tornar as praias e os espa\u00e7os verdes livres de fumo, o governo pretende tamb\u00e9m <strong>preservar estas \u00e1reas naturais<\/strong> e <strong>reduzir a polui\u00e7\u00e3o<\/strong> relacionada com o tabaco.<\/p>\n\n<div style=\"height:20px\" aria-hidden=\"true\" class=\"wp-block-spacer\"><\/div>\n\n<h2 class=\"wp-block-heading\">Regulamenta\u00e7\u00e3o nacional baseada na experi\u00eancia local<\/h2>\n\n<div style=\"height:20px\" aria-hidden=\"true\" class=\"wp-block-spacer\"><\/div>\n\n<p>Algumas cidades francesas, como <strong>Nice, Marselha, Biarritz e Estrasburgo<\/strong>, j\u00e1 tinham tomado a iniciativa. Em Estrasburgo, as escolas s\u00e3o livres de fumo desde 2022. Em Biarritz, a praia da C\u00f4te des Basques \u00e9 livre de fumo desde 2019. Estes exemplos demonstraram <strong>a efic\u00e1cia e a aceita\u00e7\u00e3o progressiva deste<\/strong> tipo de medidas pelo <strong>p\u00fablico<\/strong>.   <\/p>\n\n<p>Esta implanta\u00e7\u00e3o a n\u00edvel nacional <strong>normalizar\u00e1 as regras<\/strong>, tornando-as mais vis\u00edveis e compreens\u00edveis para todos.<\/p>\n\n<div style=\"height:34px\" aria-hidden=\"true\" class=\"wp-block-spacer\"><\/div>\n\n<figure class=\"wp-block-image alignfull size-large\"><img fetchpriority=\"high\" decoding=\"async\" width=\"683\" height=\"1024\" src=\"https:\/\/www.mylasertabac.com\/wp-content\/uploads\/2025\/05\/smo-683x1024.png\" alt=\"\" class=\"wp-image-8821\" srcset=\"https:\/\/www.mylasertabac.com\/wp-content\/uploads\/2025\/05\/smo-683x1024.png 683w, https:\/\/www.mylasertabac.com\/wp-content\/uploads\/2025\/05\/smo-200x300.png 200w, https:\/\/www.mylasertabac.com\/wp-content\/uploads\/2025\/05\/smo-768x1152.png 768w, https:\/\/www.mylasertabac.com\/wp-content\/uploads\/2025\/05\/smo.png 1024w\" sizes=\"(max-width: 683px) 100vw, 683px\" \/><\/figure>\n\n<h2 class=\"wp-block-heading\">Quais s\u00e3o os dom\u00ednios em causa?<\/h2>\n\n<p>A partir de 1 de julho, ser\u00e1 <strong>estritamente proibido fumar<\/strong>:<\/p>\n\n<ul class=\"wp-block-list\">\n<li>nas praias p\u00fablicas,<\/li>\n\n\n\n<li>em <strong>jardins p\u00fablicos e parques municipais<\/strong>,<\/li>\n\n\n\n<li>nas <strong>florestas urbanas<\/strong>,<\/li>\n\n\n\n<li><strong>a menos de 10 metros de escolas<\/strong>, incluindo creches.<\/li>\n<\/ul>\n\n<p>Os munic\u00edpios ser\u00e3o respons\u00e1veis pela aplica\u00e7\u00e3o desta lei. <strong>A sinaliza\u00e7\u00e3o<\/strong> ser\u00e1 refor\u00e7ada e haver\u00e1 <strong>multas<\/strong> em caso de incumprimento. <\/p>\n\n<div style=\"height:42px\" aria-hidden=\"true\" class=\"wp-block-spacer\"><\/div>\n\n<h2 class=\"wp-block-heading\">Uma medida bem acolhida pelos profissionais de sa\u00fade<\/h2>\n\n<div style=\"height:20px\" aria-hidden=\"true\" class=\"wp-block-spacer\"><\/div>\n\n<p>Os m\u00e9dicos, as associa\u00e7\u00f5es de luta contra o cancro e os profissionais de sa\u00fade p\u00fablica congratularam-se com esta medida. Para o <strong>Professor Lo\u00efc Josseran<\/strong>, Presidente da Alian\u00e7a contra o Tabaco, trata-se de um <strong>sinal pol\u00edtico forte<\/strong>: \u201cA Fran\u00e7a est\u00e1 finalmente a dotar-se dos meios para construir uma sociedade sem fumo at\u00e9 2032\u201d. <\/p>\n\n<p>Esta proibi\u00e7\u00e3o \u00e9 vista como <strong>um passo decisivo<\/strong>, que poder\u00e1 ser seguido de outras restri\u00e7\u00f5es no futuro, nomeadamente nas esplanadas dos restaurantes e em certos locais p\u00fablicos.<\/p>\n\n<div style=\"height:20px\" aria-hidden=\"true\" class=\"wp-block-spacer\"><\/div>\n\n<p class=\"has-cyan-bluish-gray-background-color has-background\">L\u00ea tamb\u00e9m: <a href=\"https:\/\/www.mylasertabac.com\/pt-pt\/mylasertabac-o-franchising-numero-1-em-2025-muda-a-tua-vida-e-torna-te-o-teu-proprio-patrao-no-sector-do-bem-estar\/\"><mark style=\"background-color:rgba(0, 0, 0, 0)\" class=\"has-inline-color has-luminous-vivid-orange-color\">MyLaserTabac, o franchising n\u00famero 1 em 2025: muda a tua vida e torna-te o teu pr\u00f3prio patr\u00e3o no sector do bem-estar<\/mark><\/a><\/p>\n\n<div style=\"height:39px\" aria-hidden=\"true\" class=\"wp-block-spacer\"><\/div>\n\n<figure class=\"wp-block-image alignright size-full is-resized\"><img decoding=\"async\" width=\"1024\" height=\"683\" src=\"https:\/\/www.mylasertabac.com\/wp-content\/uploads\/2025\/03\/interdiction-de-fumer.jpg\" alt=\"\" class=\"wp-image-5335\" style=\"width:373px;height:auto\" srcset=\"https:\/\/www.mylasertabac.com\/wp-content\/uploads\/2025\/03\/interdiction-de-fumer.jpg 1024w, https:\/\/www.mylasertabac.com\/wp-content\/uploads\/2025\/03\/interdiction-de-fumer-300x200.jpg 300w, https:\/\/www.mylasertabac.com\/wp-content\/uploads\/2025\/03\/interdiction-de-fumer-768x512.jpg 768w\" sizes=\"(max-width: 1024px) 100vw, 1024px\" \/><\/figure>\n\n<h2 class=\"wp-block-heading\">Uma oportunidade para deixares de fumar<\/h2>\n\n<h3 class=\"wp-block-heading\">O momento certo para deixares de fumar<\/h3>\n\n<p>Perante a prolifera\u00e7\u00e3o de espa\u00e7os para n\u00e3o fumadores, <strong>cada vez mais fumadores pensam em deixar de fumar definitivamente<\/strong>. Esta nova regulamenta\u00e7\u00e3o cria <strong>um contexto favor\u00e1vel \u00e0 mudan\u00e7a<\/strong>, reduzindo os locais e os hor\u00e1rios em que \u00e9 poss\u00edvel fumar. <\/p>\n\n<p>Por isso, agora \u00e9 <strong>a altura ideal para come\u00e7ar o processo de deixar de fumar<\/strong> e um dos m\u00e9todos mais eficazes dispon\u00edveis atualmente \u00e9 o <strong>laser anti-tabaco<\/strong>.<\/p>\n\n<div style=\"height:44px\" aria-hidden=\"true\" class=\"wp-block-spacer\"><\/div>\n\n<h3 class=\"wp-block-heading\">Laser anti-tabagismo: um m\u00e9todo suave mas eficaz<\/h3>\n\n<div style=\"height:20px\" aria-hidden=\"true\" class=\"wp-block-spacer\"><\/div>\n\n<p>O <a href=\"https:\/\/www.mylasertabac.com\/pt-pt\/\"><strong>laser para deixar de fumar<\/strong> <\/a>\u00e9 um m\u00e9todo derivado da auriculoterapia. Trata-se de uma <strong>estimula\u00e7\u00e3o indolor de pontos reflexos no ouvido<\/strong>. O objetivo? <strong>Reduzir o desejo de fumar<\/strong>, aliviar o stress associado \u00e0 abstin\u00eancia e ajudar o corpo a recuperar o seu equil\u00edbrio sem nicotina.  <\/p>\n\n<p>Ao contr\u00e1rio dos substitutos da nicotina, o <strong><a href=\"https:\/\/www.mylasertabac.com\/pt-pt\/\">laser anti-tabaco<\/a> n\u00e3o cont\u00e9m subst\u00e2ncias qu\u00edmicas<\/strong>. Tem um efeito profundo desde a primeira sess\u00e3o, com <strong>uma elevada taxa de sucesso desde a primeira tentativa<\/strong>. Muitos centros especializados oferecem agora apoio personalizado, incluindo <strong>aconselhamento nutricional, ferramentas de gest\u00e3o do stress<\/strong> e acompanhamento personalizado.  <\/p>\n\n<div style=\"height:20px\" aria-hidden=\"true\" class=\"wp-block-spacer\"><\/div>\n\n<h3 class=\"wp-block-heading\">Deixa de fumar de forma sustent\u00e1vel e natural<\/h3>\n\n<div style=\"height:20px\" aria-hidden=\"true\" class=\"wp-block-spacer\"><\/div>\n\n<p><strong>A cessa\u00e7\u00e3o do tabagismo a laser<\/strong> \u00e9 adequada para todos os tipos de fumadores: fumadores ocasionais e fumadores de longa data. \u00c9 particularmente adequado para quem procura uma <strong>solu\u00e7\u00e3o natural, sem efeitos secund\u00e1rios<\/strong> e de aplica\u00e7\u00e3o r\u00e1pida. Na maioria dos casos, <strong>uma \u00fanica sess\u00e3o \u00e9 suficiente<\/strong> para iniciar uma mudan\u00e7a duradoura, com apoio, se necess\u00e1rio, nas semanas seguintes.  <\/p>\n\n<p>Gra\u00e7as a este m\u00e9todo inovador, <strong>muitos ex-fumadores recuperam rapidamente uma melhor qualidade de vida<\/strong>, respiram mais livremente, t\u00eam uma pele mais clara e, acima de tudo, <strong>sentem-se orgulhosos por terem virado a p\u00e1gina.<\/strong><\/p>\n\n<div style=\"height:20px\" aria-hidden=\"true\" class=\"wp-block-spacer\"><\/div>\n\n<h2 class=\"wp-block-heading\">Em conclus\u00e3o<\/h2>\n\n<div style=\"height:32px\" aria-hidden=\"true\" class=\"wp-block-spacer\"><\/div>\n\n<p>A proibi\u00e7\u00e3o de fumar em locais p\u00fablicos a partir de 1 de julho marca <strong>uma viragem importante na pol\u00edtica de sa\u00fade francesa<\/strong>. Ao proteger os mais vulner\u00e1veis, preservar o ambiente e reduzir a visibilidade do tabaco, esta medida inaugura uma nova era. <\/p>\n\n<p>Mas tamb\u00e9m oferece <strong>uma oportunidade valiosa para aqueles que querem deixar de fumar<\/strong>. O <strong>laser anti-tabaco<\/strong> estabeleceu-se como uma solu\u00e7\u00e3o moderna, natural e eficaz para deixar de fumar. Ent\u00e3o, porque n\u00e3o aproveita este novo enquadramento para dar o salto <strong>e voltar a uma vida sem cigarros<\/strong>?  <\/p>\n\n<div style=\"height:28px\" aria-hidden=\"true\" class=\"wp-block-spacer\"><\/div>\n\n<figure class=\"wp-block-image size-large\"><img decoding=\"async\" src=\"https:\/\/www.mylasertabac.com\/wp-content\/uploads\/\/mlt-verteau.svg\" alt=\"\" class=\"wp-image-13\"\/><\/figure>\n\n<p><\/p>\n","protected":false},"excerpt":{"rendered":"<p>Uma nova etapa na luta contra o tabagismo A partir de 1 de julho de 2025, uma nova medida transformar\u00e1 o nosso quotidiano: ser\u00e1 proibido fumar nas praias, nos jardins p\u00fablicos, nas florestas urbanas e nas imedia\u00e7\u00f5es das escolas. Trata-se de uma decis\u00e3o importante, tomada pelo governo no \u00e2mbito da futura lei sobre a sa\u00fade [&hellip;]<\/p>\n","protected":false},"author":2,"featured_media":8881,"comment_status":"closed","ping_status":"open","sticky":false,"template":"","format":"standard","meta":{"inline_featured_image":false,"footnotes":""},"categories":[579],"tags":[],"class_list":["post-8834","post","type-post","status-publish","format-standard","has-post-thumbnail","hentry","category-lei"],"yoast_head":"<!-- This site is optimized with the Yoast SEO plugin v27.4 - https:\/\/yoast.com\/product\/yoast-seo-wordpress\/ -->\n<title>Em breve ser\u00e1 proibido fumar nas praias, nos jardins p\u00fablicos e junto \u00e0s escolas: o que vai mudar a partir de 1 de julho - My Laser Tabac<\/title>\n<meta name=\"description\" content=\"Em Fran\u00e7a, acaba de ser aprovada uma nova lei anti-tabaco e n\u00f3s explicamos-te tudo no nosso blogue.\" \/>\n<meta name=\"robots\" content=\"index, follow, max-snippet:-1, max-image-preview:large, max-video-preview:-1\" \/>\n<link rel=\"canonical\" href=\"https:\/\/www.mylasertabac.com\/pt-pt\/em-breve-sera-proibido-fumar-nas-praias-nos-jardins-publicos-e-junto-as-escolas-o-que-vai-mudar-a-partir-de-1-de-julho\/\" \/>\n<meta property=\"og:locale\" content=\"pt_PT\" \/>\n<meta property=\"og:type\" content=\"article\" \/>\n<meta property=\"og:title\" content=\"Em breve ser\u00e1 proibido fumar nas praias, nos jardins p\u00fablicos e junto \u00e0s escolas: o que vai mudar a partir de 1 de julho - My Laser Tabac\" \/>\n<meta property=\"og:description\" content=\"Em Fran\u00e7a, acaba de ser aprovada uma nova lei anti-tabaco e n\u00f3s explicamos-te tudo no nosso blogue.\" \/>\n<meta property=\"og:url\" content=\"https:\/\/www.mylasertabac.com\/pt-pt\/em-breve-sera-proibido-fumar-nas-praias-nos-jardins-publicos-e-junto-as-escolas-o-que-vai-mudar-a-partir-de-1-de-julho\/\" \/>\n<meta property=\"og:site_name\" content=\"My Laser Tabac\" \/>\n<meta property=\"article:author\" content=\"https:\/\/www.facebook.com\/profile.php?id=61571554707319\" \/>\n<meta property=\"article:published_time\" content=\"2025-05-30T12:27:58+00:00\" \/>\n<meta property=\"article:modified_time\" content=\"2025-06-03T13:31:16+00:00\" \/>\n<meta property=\"og:image\" content=\"https:\/\/www.mylasertabac.com\/wp-content\/uploads\/2025\/05\/smoo-1024x683.png\" \/>\n\t<meta property=\"og:image:width\" content=\"1024\" \/>\n\t<meta property=\"og:image:height\" content=\"683\" \/>\n\t<meta property=\"og:image:type\" content=\"image\/png\" \/>\n<meta name=\"author\" content=\"Florian Fortes\" \/>\n<meta name=\"twitter:card\" content=\"summary_large_image\" \/>\n<meta name=\"twitter:label1\" content=\"Escrito por\" \/>\n\t<meta name=\"twitter:data1\" content=\"Florian Fortes\" \/>\n\t<meta name=\"twitter:label2\" content=\"Tempo estimado de leitura\" \/>\n\t<meta name=\"twitter:data2\" content=\"5 minutos\" \/>\n<script type=\"application\/ld+json\" class=\"yoast-schema-graph\">{\"@context\":\"https:\\\/\\\/schema.org\",\"@graph\":[{\"@type\":\"Article\",\"@id\":\"https:\\\/\\\/www.mylasertabac.com\\\/pt-pt\\\/em-breve-sera-proibido-fumar-nas-praias-nos-jardins-publicos-e-junto-as-escolas-o-que-vai-mudar-a-partir-de-1-de-julho\\\/#article\",\"isPartOf\":{\"@id\":\"https:\\\/\\\/www.mylasertabac.com\\\/pt-pt\\\/em-breve-sera-proibido-fumar-nas-praias-nos-jardins-publicos-e-junto-as-escolas-o-que-vai-mudar-a-partir-de-1-de-julho\\\/\"},\"author\":{\"name\":\"Florian Fortes\",\"@id\":\"https:\\\/\\\/www.mylasertabac.com\\\/pt-pt\\\/#\\\/schema\\\/person\\\/02c249cb76d912efb6c315ec23eccdf3\"},\"headline\":\"Em breve ser\u00e1 proibido fumar nas praias, nos jardins p\u00fablicos e junto \u00e0s escolas: o que vai mudar a partir de 1 de julho\",\"datePublished\":\"2025-05-30T12:27:58+00:00\",\"dateModified\":\"2025-06-03T13:31:16+00:00\",\"mainEntityOfPage\":{\"@id\":\"https:\\\/\\\/www.mylasertabac.com\\\/pt-pt\\\/em-breve-sera-proibido-fumar-nas-praias-nos-jardins-publicos-e-junto-as-escolas-o-que-vai-mudar-a-partir-de-1-de-julho\\\/\"},\"wordCount\":1080,\"publisher\":{\"@id\":\"https:\\\/\\\/www.mylasertabac.com\\\/pt-pt\\\/#organization\"},\"image\":{\"@id\":\"https:\\\/\\\/www.mylasertabac.com\\\/pt-pt\\\/em-breve-sera-proibido-fumar-nas-praias-nos-jardins-publicos-e-junto-as-escolas-o-que-vai-mudar-a-partir-de-1-de-julho\\\/#primaryimage\"},\"thumbnailUrl\":\"https:\\\/\\\/www.mylasertabac.com\\\/wp-content\\\/uploads\\\/2025\\\/05\\\/smoo.png\",\"articleSection\":[\"lei\"],\"inLanguage\":\"pt-PT\"},{\"@type\":\"WebPage\",\"@id\":\"https:\\\/\\\/www.mylasertabac.com\\\/pt-pt\\\/em-breve-sera-proibido-fumar-nas-praias-nos-jardins-publicos-e-junto-as-escolas-o-que-vai-mudar-a-partir-de-1-de-julho\\\/\",\"url\":\"https:\\\/\\\/www.mylasertabac.com\\\/pt-pt\\\/em-breve-sera-proibido-fumar-nas-praias-nos-jardins-publicos-e-junto-as-escolas-o-que-vai-mudar-a-partir-de-1-de-julho\\\/\",\"name\":\"Em breve ser\u00e1 proibido fumar nas praias, nos jardins p\u00fablicos e junto \u00e0s escolas: o que vai mudar a partir de 1 de julho - My Laser Tabac\",\"isPartOf\":{\"@id\":\"https:\\\/\\\/www.mylasertabac.com\\\/pt-pt\\\/#website\"},\"primaryImageOfPage\":{\"@id\":\"https:\\\/\\\/www.mylasertabac.com\\\/pt-pt\\\/em-breve-sera-proibido-fumar-nas-praias-nos-jardins-publicos-e-junto-as-escolas-o-que-vai-mudar-a-partir-de-1-de-julho\\\/#primaryimage\"},\"image\":{\"@id\":\"https:\\\/\\\/www.mylasertabac.com\\\/pt-pt\\\/em-breve-sera-proibido-fumar-nas-praias-nos-jardins-publicos-e-junto-as-escolas-o-que-vai-mudar-a-partir-de-1-de-julho\\\/#primaryimage\"},\"thumbnailUrl\":\"https:\\\/\\\/www.mylasertabac.com\\\/wp-content\\\/uploads\\\/2025\\\/05\\\/smoo.png\",\"datePublished\":\"2025-05-30T12:27:58+00:00\",\"dateModified\":\"2025-06-03T13:31:16+00:00\",\"description\":\"Em Fran\u00e7a, acaba de ser aprovada uma nova lei anti-tabaco e n\u00f3s explicamos-te tudo no nosso blogue.\",\"breadcrumb\":{\"@id\":\"https:\\\/\\\/www.mylasertabac.com\\\/pt-pt\\\/em-breve-sera-proibido-fumar-nas-praias-nos-jardins-publicos-e-junto-as-escolas-o-que-vai-mudar-a-partir-de-1-de-julho\\\/#breadcrumb\"},\"inLanguage\":\"pt-PT\",\"potentialAction\":[{\"@type\":\"ReadAction\",\"target\":[\"https:\\\/\\\/www.mylasertabac.com\\\/pt-pt\\\/em-breve-sera-proibido-fumar-nas-praias-nos-jardins-publicos-e-junto-as-escolas-o-que-vai-mudar-a-partir-de-1-de-julho\\\/\"]}]},{\"@type\":\"ImageObject\",\"inLanguage\":\"pt-PT\",\"@id\":\"https:\\\/\\\/www.mylasertabac.com\\\/pt-pt\\\/em-breve-sera-proibido-fumar-nas-praias-nos-jardins-publicos-e-junto-as-escolas-o-que-vai-mudar-a-partir-de-1-de-julho\\\/#primaryimage\",\"url\":\"https:\\\/\\\/www.mylasertabac.com\\\/wp-content\\\/uploads\\\/2025\\\/05\\\/smoo.png\",\"contentUrl\":\"https:\\\/\\\/www.mylasertabac.com\\\/wp-content\\\/uploads\\\/2025\\\/05\\\/smoo.png\",\"width\":1536,\"height\":1024},{\"@type\":\"BreadcrumbList\",\"@id\":\"https:\\\/\\\/www.mylasertabac.com\\\/pt-pt\\\/em-breve-sera-proibido-fumar-nas-praias-nos-jardins-publicos-e-junto-as-escolas-o-que-vai-mudar-a-partir-de-1-de-julho\\\/#breadcrumb\",\"itemListElement\":[{\"@type\":\"ListItem\",\"position\":1,\"name\":\"Accueil\",\"item\":\"https:\\\/\\\/www.mylasertabac.com\\\/pt-pt\\\/casa\\\/\"},{\"@type\":\"ListItem\",\"position\":2,\"name\":\"Em breve ser\u00e1 proibido fumar nas praias, nos jardins p\u00fablicos e junto \u00e0s escolas: o que vai mudar a partir de 1 de julho\"}]},{\"@type\":\"WebSite\",\"@id\":\"https:\\\/\\\/www.mylasertabac.com\\\/pt-pt\\\/#website\",\"url\":\"https:\\\/\\\/www.mylasertabac.com\\\/pt-pt\\\/\",\"name\":\"My Laser Tabac\",\"description\":\"La solution laser qui transforme les fumeurs en ex-fumeurs\",\"publisher\":{\"@id\":\"https:\\\/\\\/www.mylasertabac.com\\\/pt-pt\\\/#organization\"},\"potentialAction\":[{\"@type\":\"SearchAction\",\"target\":{\"@type\":\"EntryPoint\",\"urlTemplate\":\"https:\\\/\\\/www.mylasertabac.com\\\/pt-pt\\\/?s={search_term_string}\"},\"query-input\":{\"@type\":\"PropertyValueSpecification\",\"valueRequired\":true,\"valueName\":\"search_term_string\"}}],\"inLanguage\":\"pt-PT\"},{\"@type\":\"Organization\",\"@id\":\"https:\\\/\\\/www.mylasertabac.com\\\/pt-pt\\\/#organization\",\"name\":\"My Laser Tabac\",\"url\":\"https:\\\/\\\/www.mylasertabac.com\\\/pt-pt\\\/\",\"logo\":{\"@type\":\"ImageObject\",\"inLanguage\":\"pt-PT\",\"@id\":\"https:\\\/\\\/www.mylasertabac.com\\\/pt-pt\\\/#\\\/schema\\\/logo\\\/image\\\/\",\"url\":\"https:\\\/\\\/www.mylasertabac.com\\\/wp-content\\\/uploads\\\/2024\\\/12\\\/mlt-verteau.svg\",\"contentUrl\":\"https:\\\/\\\/www.mylasertabac.com\\\/wp-content\\\/uploads\\\/2024\\\/12\\\/mlt-verteau.svg\",\"caption\":\"My Laser Tabac\"},\"image\":{\"@id\":\"https:\\\/\\\/www.mylasertabac.com\\\/pt-pt\\\/#\\\/schema\\\/logo\\\/image\\\/\"}},{\"@type\":\"Person\",\"@id\":\"https:\\\/\\\/www.mylasertabac.com\\\/pt-pt\\\/#\\\/schema\\\/person\\\/02c249cb76d912efb6c315ec23eccdf3\",\"name\":\"Florian Fortes\",\"image\":{\"@type\":\"ImageObject\",\"inLanguage\":\"pt-PT\",\"@id\":\"https:\\\/\\\/www.mylasertabac.com\\\/wp-content\\\/litespeed\\\/avatar\\\/142101a71d7b9e6490c1120d9c109a67.jpg?ver=1776856306\",\"url\":\"https:\\\/\\\/www.mylasertabac.com\\\/wp-content\\\/litespeed\\\/avatar\\\/142101a71d7b9e6490c1120d9c109a67.jpg?ver=1776856306\",\"contentUrl\":\"https:\\\/\\\/www.mylasertabac.com\\\/wp-content\\\/litespeed\\\/avatar\\\/142101a71d7b9e6490c1120d9c109a67.jpg?ver=1776856306\",\"caption\":\"Florian Fortes\"},\"sameAs\":[\"https:\\\/\\\/www.mylasertabac.com\",\"https:\\\/\\\/www.facebook.com\\\/profile.php?id=61571554707319\"],\"url\":\"https:\\\/\\\/www.mylasertabac.com\\\/pt-pt\\\/author\\\/florianfortes5312\\\/\"}]}<\/script>\n<!-- \/ Yoast SEO plugin. -->","yoast_head_json":{"title":"Em breve ser\u00e1 proibido fumar nas praias, nos jardins p\u00fablicos e junto \u00e0s escolas: o que vai mudar a partir de 1 de julho - My Laser Tabac","description":"Em Fran\u00e7a, acaba de ser aprovada uma nova lei anti-tabaco e n\u00f3s explicamos-te tudo no nosso blogue.","robots":{"index":"index","follow":"follow","max-snippet":"max-snippet:-1","max-image-preview":"max-image-preview:large","max-video-preview":"max-video-preview:-1"},"canonical":"https:\/\/www.mylasertabac.com\/pt-pt\/em-breve-sera-proibido-fumar-nas-praias-nos-jardins-publicos-e-junto-as-escolas-o-que-vai-mudar-a-partir-de-1-de-julho\/","og_locale":"pt_PT","og_type":"article","og_title":"Em breve ser\u00e1 proibido fumar nas praias, nos jardins p\u00fablicos e junto \u00e0s escolas: o que vai mudar a partir de 1 de julho - My Laser Tabac","og_description":"Em Fran\u00e7a, acaba de ser aprovada uma nova lei anti-tabaco e n\u00f3s explicamos-te tudo no nosso blogue.","og_url":"https:\/\/www.mylasertabac.com\/pt-pt\/em-breve-sera-proibido-fumar-nas-praias-nos-jardins-publicos-e-junto-as-escolas-o-que-vai-mudar-a-partir-de-1-de-julho\/","og_site_name":"My Laser Tabac","article_author":"https:\/\/www.facebook.com\/profile.php?id=61571554707319","article_published_time":"2025-05-30T12:27:58+00:00","article_modified_time":"2025-06-03T13:31:16+00:00","og_image":[{"width":1024,"height":683,"url":"https:\/\/www.mylasertabac.com\/wp-content\/uploads\/2025\/05\/smoo-1024x683.png","type":"image\/png"}],"author":"Florian Fortes","twitter_card":"summary_large_image","twitter_misc":{"Escrito por":"Florian Fortes","Tempo estimado de leitura":"5 minutos"},"schema":{"@context":"https:\/\/schema.org","@graph":[{"@type":"Article","@id":"https:\/\/www.mylasertabac.com\/pt-pt\/em-breve-sera-proibido-fumar-nas-praias-nos-jardins-publicos-e-junto-as-escolas-o-que-vai-mudar-a-partir-de-1-de-julho\/#article","isPartOf":{"@id":"https:\/\/www.mylasertabac.com\/pt-pt\/em-breve-sera-proibido-fumar-nas-praias-nos-jardins-publicos-e-junto-as-escolas-o-que-vai-mudar-a-partir-de-1-de-julho\/"},"author":{"name":"Florian Fortes","@id":"https:\/\/www.mylasertabac.com\/pt-pt\/#\/schema\/person\/02c249cb76d912efb6c315ec23eccdf3"},"headline":"Em breve ser\u00e1 proibido fumar nas praias, nos jardins p\u00fablicos e junto \u00e0s escolas: o que vai mudar a partir de 1 de julho","datePublished":"2025-05-30T12:27:58+00:00","dateModified":"2025-06-03T13:31:16+00:00","mainEntityOfPage":{"@id":"https:\/\/www.mylasertabac.com\/pt-pt\/em-breve-sera-proibido-fumar-nas-praias-nos-jardins-publicos-e-junto-as-escolas-o-que-vai-mudar-a-partir-de-1-de-julho\/"},"wordCount":1080,"publisher":{"@id":"https:\/\/www.mylasertabac.com\/pt-pt\/#organization"},"image":{"@id":"https:\/\/www.mylasertabac.com\/pt-pt\/em-breve-sera-proibido-fumar-nas-praias-nos-jardins-publicos-e-junto-as-escolas-o-que-vai-mudar-a-partir-de-1-de-julho\/#primaryimage"},"thumbnailUrl":"https:\/\/www.mylasertabac.com\/wp-content\/uploads\/2025\/05\/smoo.png","articleSection":["lei"],"inLanguage":"pt-PT"},{"@type":"WebPage","@id":"https:\/\/www.mylasertabac.com\/pt-pt\/em-breve-sera-proibido-fumar-nas-praias-nos-jardins-publicos-e-junto-as-escolas-o-que-vai-mudar-a-partir-de-1-de-julho\/","url":"https:\/\/www.mylasertabac.com\/pt-pt\/em-breve-sera-proibido-fumar-nas-praias-nos-jardins-publicos-e-junto-as-escolas-o-que-vai-mudar-a-partir-de-1-de-julho\/","name":"Em breve ser\u00e1 proibido fumar nas praias, nos jardins p\u00fablicos e junto \u00e0s escolas: o que vai mudar a partir de 1 de julho - My Laser Tabac","isPartOf":{"@id":"https:\/\/www.mylasertabac.com\/pt-pt\/#website"},"primaryImageOfPage":{"@id":"https:\/\/www.mylasertabac.com\/pt-pt\/em-breve-sera-proibido-fumar-nas-praias-nos-jardins-publicos-e-junto-as-escolas-o-que-vai-mudar-a-partir-de-1-de-julho\/#primaryimage"},"image":{"@id":"https:\/\/www.mylasertabac.com\/pt-pt\/em-breve-sera-proibido-fumar-nas-praias-nos-jardins-publicos-e-junto-as-escolas-o-que-vai-mudar-a-partir-de-1-de-julho\/#primaryimage"},"thumbnailUrl":"https:\/\/www.mylasertabac.com\/wp-content\/uploads\/2025\/05\/smoo.png","datePublished":"2025-05-30T12:27:58+00:00","dateModified":"2025-06-03T13:31:16+00:00","description":"Em Fran\u00e7a, acaba de ser aprovada uma nova lei anti-tabaco e n\u00f3s explicamos-te tudo no nosso blogue.","breadcrumb":{"@id":"https:\/\/www.mylasertabac.com\/pt-pt\/em-breve-sera-proibido-fumar-nas-praias-nos-jardins-publicos-e-junto-as-escolas-o-que-vai-mudar-a-partir-de-1-de-julho\/#breadcrumb"},"inLanguage":"pt-PT","potentialAction":[{"@type":"ReadAction","target":["https:\/\/www.mylasertabac.com\/pt-pt\/em-breve-sera-proibido-fumar-nas-praias-nos-jardins-publicos-e-junto-as-escolas-o-que-vai-mudar-a-partir-de-1-de-julho\/"]}]},{"@type":"ImageObject","inLanguage":"pt-PT","@id":"https:\/\/www.mylasertabac.com\/pt-pt\/em-breve-sera-proibido-fumar-nas-praias-nos-jardins-publicos-e-junto-as-escolas-o-que-vai-mudar-a-partir-de-1-de-julho\/#primaryimage","url":"https:\/\/www.mylasertabac.com\/wp-content\/uploads\/2025\/05\/smoo.png","contentUrl":"https:\/\/www.mylasertabac.com\/wp-content\/uploads\/2025\/05\/smoo.png","width":1536,"height":1024},{"@type":"BreadcrumbList","@id":"https:\/\/www.mylasertabac.com\/pt-pt\/em-breve-sera-proibido-fumar-nas-praias-nos-jardins-publicos-e-junto-as-escolas-o-que-vai-mudar-a-partir-de-1-de-julho\/#breadcrumb","itemListElement":[{"@type":"ListItem","position":1,"name":"Accueil","item":"https:\/\/www.mylasertabac.com\/pt-pt\/casa\/"},{"@type":"ListItem","position":2,"name":"Em breve ser\u00e1 proibido fumar nas praias, nos jardins p\u00fablicos e junto \u00e0s escolas: o que vai mudar a partir de 1 de julho"}]},{"@type":"WebSite","@id":"https:\/\/www.mylasertabac.com\/pt-pt\/#website","url":"https:\/\/www.mylasertabac.com\/pt-pt\/","name":"My Laser Tabac","description":"La solution laser qui transforme les fumeurs en ex-fumeurs","publisher":{"@id":"https:\/\/www.mylasertabac.com\/pt-pt\/#organization"},"potentialAction":[{"@type":"SearchAction","target":{"@type":"EntryPoint","urlTemplate":"https:\/\/www.mylasertabac.com\/pt-pt\/?s={search_term_string}"},"query-input":{"@type":"PropertyValueSpecification","valueRequired":true,"valueName":"search_term_string"}}],"inLanguage":"pt-PT"},{"@type":"Organization","@id":"https:\/\/www.mylasertabac.com\/pt-pt\/#organization","name":"My Laser Tabac","url":"https:\/\/www.mylasertabac.com\/pt-pt\/","logo":{"@type":"ImageObject","inLanguage":"pt-PT","@id":"https:\/\/www.mylasertabac.com\/pt-pt\/#\/schema\/logo\/image\/","url":"https:\/\/www.mylasertabac.com\/wp-content\/uploads\/2024\/12\/mlt-verteau.svg","contentUrl":"https:\/\/www.mylasertabac.com\/wp-content\/uploads\/2024\/12\/mlt-verteau.svg","caption":"My Laser Tabac"},"image":{"@id":"https:\/\/www.mylasertabac.com\/pt-pt\/#\/schema\/logo\/image\/"}},{"@type":"Person","@id":"https:\/\/www.mylasertabac.com\/pt-pt\/#\/schema\/person\/02c249cb76d912efb6c315ec23eccdf3","name":"Florian Fortes","image":{"@type":"ImageObject","inLanguage":"pt-PT","@id":"https:\/\/www.mylasertabac.com\/wp-content\/litespeed\/avatar\/142101a71d7b9e6490c1120d9c109a67.jpg?ver=1776856306","url":"https:\/\/www.mylasertabac.com\/wp-content\/litespeed\/avatar\/142101a71d7b9e6490c1120d9c109a67.jpg?ver=1776856306","contentUrl":"https:\/\/www.mylasertabac.com\/wp-content\/litespeed\/avatar\/142101a71d7b9e6490c1120d9c109a67.jpg?ver=1776856306","caption":"Florian Fortes"},"sameAs":["https:\/\/www.mylasertabac.com","https:\/\/www.facebook.com\/profile.php?id=61571554707319"],"url":"https:\/\/www.mylasertabac.com\/pt-pt\/author\/florianfortes5312\/"}]}},"_links":{"self":[{"href":"https:\/\/www.mylasertabac.com\/pt-pt\/wp-json\/wp\/v2\/posts\/8834","targetHints":{"allow":["GET"]}}],"collection":[{"href":"https:\/\/www.mylasertabac.com\/pt-pt\/wp-json\/wp\/v2\/posts"}],"about":[{"href":"https:\/\/www.mylasertabac.com\/pt-pt\/wp-json\/wp\/v2\/types\/post"}],"author":[{"embeddable":true,"href":"https:\/\/www.mylasertabac.com\/pt-pt\/wp-json\/wp\/v2\/users\/2"}],"replies":[{"embeddable":true,"href":"https:\/\/www.mylasertabac.com\/pt-pt\/wp-json\/wp\/v2\/comments?post=8834"}],"version-history":[{"count":11,"href":"https:\/\/www.mylasertabac.com\/pt-pt\/wp-json\/wp\/v2\/posts\/8834\/revisions"}],"predecessor-version":[{"id":9154,"href":"https:\/\/www.mylasertabac.com\/pt-pt\/wp-json\/wp\/v2\/posts\/8834\/revisions\/9154"}],"wp:featuredmedia":[{"embeddable":true,"href":"https:\/\/www.mylasertabac.com\/pt-pt\/wp-json\/wp\/v2\/media\/8881"}],"wp:attachment":[{"href":"https:\/\/www.mylasertabac.com\/pt-pt\/wp-json\/wp\/v2\/media?parent=8834"}],"wp:term":[{"taxonomy":"category","embeddable":true,"href":"https:\/\/www.mylasertabac.com\/pt-pt\/wp-json\/wp\/v2\/categories?post=8834"},{"taxonomy":"post_tag","embeddable":true,"href":"https:\/\/www.mylasertabac.com\/pt-pt\/wp-json\/wp\/v2\/tags?post=8834"}],"curies":[{"name":"wp","href":"https:\/\/api.w.org\/{rel}","templated":true}]}}