{"id":8953,"date":"2025-05-30T18:58:00","date_gmt":"2025-05-30T16:58:00","guid":{"rendered":"https:\/\/www.mylasertabac.com\/31-de-maio-dia-mundial-sem-tabaco-e-se-este-ano-fosse-o-ano-certo-para-deixares-de-fumar-de-vez\/"},"modified":"2025-05-31T07:46:25","modified_gmt":"2025-05-31T05:46:25","slug":"31-de-maio-dia-mundial-sem-tabaco-e-se-este-ano-fosse-o-ano-certo-para-deixares-de-fumar-de-vez","status":"publish","type":"post","link":"https:\/\/www.mylasertabac.com\/pt-pt\/31-de-maio-dia-mundial-sem-tabaco-e-se-este-ano-fosse-o-ano-certo-para-deixares-de-fumar-de-vez\/","title":{"rendered":"31 de maio: Dia Mundial sem Tabaco: e se este ano fosse o ano certo para deixares de fumar de vez?"},"content":{"rendered":"\n<div style=\"height:22px\" aria-hidden=\"true\" class=\"wp-block-spacer\"><\/div>\n\n<p>Todos os anos, a <strong>31 de maio<\/strong>, o mundo celebra <strong>o Dia Mundial sem Tabaco<\/strong>, um evento iniciado pela Organiza\u00e7\u00e3o Mundial de Sa\u00fade para <strong>sensibilizar<\/strong> <strong>as pessoas para<\/strong> <strong>os perigos do tabaco<\/strong> e encoraj\u00e1-las <strong>a deixar de fumar<\/strong>. Em Fran\u00e7a, este dia assume um significado muito especial: segundo dados recentes da <strong>Sant\u00e9 publique France<\/strong>, o tabaco continua a provocar <strong>75 000 mortes por ano<\/strong>, o que faz dele a <strong>principal causa de morte evit\u00e1vel no pa\u00eds<\/strong>. <\/p>\n\n<p>Mas para al\u00e9m das estat\u00edsticas alarmantes, este dia \u00e9 acima de tudo um <strong>convite \u00e0 esperan\u00e7a<\/strong>. Esperan\u00e7a de que todas as tentativas para deixar de fumar contam e de que existem solu\u00e7\u00f5es modernas e eficazes para te ajudar <strong>a recuperar o controlo da tua vida<\/strong>. Uma delas \u00e9 a <strong>cessa\u00e7\u00e3o do tabagismo por laser<\/strong>, uma alternativa suave, inovadora e altamente eficaz.  <\/p>\n\n<div style=\"height:33px\" aria-hidden=\"true\" class=\"wp-block-spacer\"><\/div>\n\n<hr class=\"wp-block-separator has-alpha-channel-opacity\"\/>\n\n<figure class=\"wp-block-image alignleft size-large is-resized\"><img fetchpriority=\"high\" decoding=\"async\" width=\"1024\" height=\"683\" src=\"https:\/\/www.mylasertabac.com\/wp-content\/uploads\/2025\/05\/0FA0041E-A9B6-41BD-A19A-189ED6794684-1024x683.png\" alt=\"\" class=\"wp-image-8913\" style=\"width:406px;height:auto\" srcset=\"https:\/\/www.mylasertabac.com\/wp-content\/uploads\/2025\/05\/0FA0041E-A9B6-41BD-A19A-189ED6794684-1024x683.png 1024w, https:\/\/www.mylasertabac.com\/wp-content\/uploads\/2025\/05\/0FA0041E-A9B6-41BD-A19A-189ED6794684-300x200.png 300w, https:\/\/www.mylasertabac.com\/wp-content\/uploads\/2025\/05\/0FA0041E-A9B6-41BD-A19A-189ED6794684-768x512.png 768w, https:\/\/www.mylasertabac.com\/wp-content\/uploads\/2025\/05\/0FA0041E-A9B6-41BD-A19A-189ED6794684.png 1536w\" sizes=\"(max-width: 1024px) 100vw, 1024px\" \/><\/figure>\n\n<h2 class=\"wp-block-heading\">Porqu\u00ea celebrar o Dia Mundial Sem Tabaco?<\/h2>\n\n<p>O Dia Mundial sem Tabaco n\u00e3o se limita a recordar os efeitos devastadores do tabaco. O seu principal objetivo \u00e9 <strong>real\u00e7ar a ajuda dispon\u00edvel<\/strong>, os avan\u00e7os no tratamento e as hist\u00f3rias daqueles que conseguiram deixar de fumar. <\/p>\n\n<div style=\"height:31px\" aria-hidden=\"true\" class=\"wp-block-spacer\"><\/div>\n\n<h3 class=\"wp-block-heading\">Uma campanha para 2025 centrada no encorajamento<\/h3>\n\n<div style=\"height:22px\" aria-hidden=\"true\" class=\"wp-block-spacer\"><\/div>\n\n<p>Este ano, a Sant\u00e9 publique France est\u00e1 a centrar-se numa ideia simples mas poderosa: <strong>\u201cEncoraja todas as tentativas\u201d.<\/strong> Como todos sabemos, <strong>deixar de fumar \u00e9 uma viagem<\/strong>, n\u00e3o uma linha reta. Muitas vezes, s\u00e3o necess\u00e1rias v\u00e1rias tentativas antes de deixares de vez de fumar. Mas cada tentativa \u00e9 uma vit\u00f3ria sobre ti pr\u00f3prio, um passo em dire\u00e7\u00e3o \u00e0 liberdade.   <\/p>\n\n<p>De acordo com os dados da ag\u00eancia, mais de <strong>50% dos fumadores afirmam querer deixar de fumar<\/strong> e <strong>quase um em cada tr\u00eas tentou faz\u00ea-lo<\/strong> no \u00faltimo ano. O papel dos profissionais de sa\u00fade, dos amigos e familiares e das solu\u00e7\u00f5es modernas de apoio \u00e9, por conseguinte, essencial. <\/p>\n\n<div style=\"height:26px\" aria-hidden=\"true\" class=\"wp-block-spacer\"><\/div>\n\n<hr class=\"wp-block-separator has-alpha-channel-opacity\"\/>\n\n<figure class=\"wp-block-image alignright size-full\"><img decoding=\"async\" width=\"1024\" height=\"1024\" src=\"https:\/\/www.mylasertabac.com\/wp-content\/uploads\/2025\/05\/journee-mondiale-contre-le-tabac-.png\" alt=\"\" class=\"wp-image-8921\" srcset=\"https:\/\/www.mylasertabac.com\/wp-content\/uploads\/2025\/05\/journee-mondiale-contre-le-tabac-.png 1024w, https:\/\/www.mylasertabac.com\/wp-content\/uploads\/2025\/05\/journee-mondiale-contre-le-tabac--300x300.png 300w, https:\/\/www.mylasertabac.com\/wp-content\/uploads\/2025\/05\/journee-mondiale-contre-le-tabac--150x150.png 150w, https:\/\/www.mylasertabac.com\/wp-content\/uploads\/2025\/05\/journee-mondiale-contre-le-tabac--768x768.png 768w\" sizes=\"(max-width: 1024px) 100vw, 1024px\" \/><\/figure>\n\n<h2 class=\"wp-block-heading\">Os perigos do tabaco continuam a aumentar<\/h2>\n\n<h3 class=\"wp-block-heading\">Consequ\u00eancias graves para a sa\u00fade<\/h3>\n\n<p>O tabaco continua a ser um dos principais factores das <strong>doen\u00e7as cardiovasculares e respirat\u00f3rias e do cancro<\/strong>. Fumar reduz consideravelmente a esperan\u00e7a de vida e degrada a qualidade de vida desde os primeiros anos de depend\u00eancia. <\/p>\n\n<div style=\"height:40px\" aria-hidden=\"true\" class=\"wp-block-spacer\"><\/div>\n\n<h3 class=\"wp-block-heading\">Um flagelo ambiental muitas vezes ignorado<\/h3>\n\n<div style=\"height:22px\" aria-hidden=\"true\" class=\"wp-block-spacer\"><\/div>\n\n<p>Para al\u00e9m do seu impacto na sa\u00fade, o tabaco tem tamb\u00e9m um <strong>enorme custo ecol\u00f3gico<\/strong>. A produ\u00e7\u00e3o de cigarros destr\u00f3i florestas inteiras, polui os cursos de \u00e1gua com pesticidas e as beatas de cigarros deitadas fora s\u00e3o uma das formas de res\u00edduos mais t\u00f3xicas e generalizadas do mundo. <\/p>\n\n<div style=\"height:22px\" aria-hidden=\"true\" class=\"wp-block-spacer\"><\/div>\n\n<hr class=\"wp-block-separator has-alpha-channel-opacity\"\/>\n\n<h2 class=\"wp-block-heading\">Laser anti-tabaco: uma solu\u00e7\u00e3o inovadora para um desmame suave<\/h2>\n\n<div style=\"height:22px\" aria-hidden=\"true\" class=\"wp-block-spacer\"><\/div>\n\n<h3 class=\"wp-block-heading\">O que \u00e9 a cessa\u00e7\u00e3o tab\u00e1gica a laser?<\/h3>\n\n<div style=\"height:22px\" aria-hidden=\"true\" class=\"wp-block-spacer\"><\/div>\n\n<p>O <strong>laser anti-tabaco<\/strong> \u00e9 um m\u00e9todo de desabitua\u00e7\u00e3o de <strong>medicina alternativa<\/strong> inspirado na auriculoterapia (estimula\u00e7\u00e3o de pontos reflexos no ouvido). Gra\u00e7as a um <strong>raio laser indolor<\/strong>, \u00e1reas espec\u00edficas s\u00e3o estimuladas para <strong>reduzir imediatamente o desejo de fumar<\/strong>, aliviar o stress e <strong>encorajar a produ\u00e7\u00e3o de endorfinas naturais<\/strong>, ajudando a gerir a abstin\u00eancia sem sofrimento. <\/p>\n\n<div style=\"height:22px\" aria-hidden=\"true\" class=\"wp-block-spacer\"><\/div>\n\n<h3 class=\"wp-block-heading\">Porque \u00e9 que este m\u00e9todo est\u00e1 a tornar-se cada vez mais popular?<\/h3>\n\n<div style=\"height:22px\" aria-hidden=\"true\" class=\"wp-block-spacer\"><\/div>\n\n<p>Ao contr\u00e1rio dos adesivos ou dos substitutos da nicotina, o <strong>laser anti-tabaco n\u00e3o introduz qualquer subst\u00e2ncia no organismo<\/strong>. Actua diretamente sobre os circuitos nervosos e emocionais. Al\u00e9m disso:  <\/p>\n\n<ul class=\"wp-block-list\">\n<li>N\u00e3o \u00e9 <strong>invasivo<\/strong> e <strong>n\u00e3o tem efeitos secund\u00e1rios<\/strong>.<\/li>\n\n\n\n<li>Uma <strong>\u00fanica sess\u00e3o \u00e9 muitas vezes suficiente<\/strong> para parares.<\/li>\n\n\n\n<li>Evita <strong>o aumento de peso<\/strong>, um dos principais obst\u00e1culos para deixar de fumar.<\/li>\n\n\n\n<li>Pode ser utilizado em conjunto com apoio nutricional ou comportamental.<\/li>\n<\/ul>\n\n<p>O resultado: uma <strong>taxa de sucesso impressionante<\/strong>, com elevados n\u00edveis de satisfa\u00e7\u00e3o entre os que a experimentaram.<\/p>\n\n<div style=\"height:27px\" aria-hidden=\"true\" class=\"wp-block-spacer\"><\/div>\n\n<p class=\"has-cyan-bluish-gray-background-color has-background\">L\u00ea tamb\u00e9m: <a href=\"https:\/\/www.mylasertabac.com\/pt-pt\/informacoes\/formacao-laser-anti-tabaco-e-contra-a-dependencia\/\"><mark style=\"background-color:rgba(0, 0, 0, 0)\" class=\"has-inline-color has-luminous-vivid-orange-color\">Forma\u00e7\u00e3o a laser anti-tabaco e contra a depend\u00eancia<\/mark><\/a><\/p>\n\n<div style=\"height:22px\" aria-hidden=\"true\" class=\"wp-block-spacer\"><\/div>\n\n<hr class=\"wp-block-separator has-alpha-channel-opacity\"\/>\n\n<h2 class=\"wp-block-heading\">Deixar de fumar significa ganhar em todas as frentes<\/h2>\n\n<div style=\"height:22px\" aria-hidden=\"true\" class=\"wp-block-spacer\"><\/div>\n\n<h3 class=\"wp-block-heading\">Benef\u00edcios imediatos para a sa\u00fade<\/h3>\n\n<div style=\"height:22px\" aria-hidden=\"true\" class=\"wp-block-spacer\"><\/div>\n\n<p>Nas primeiras 24 horas ap\u00f3s o \u00faltimo cigarro, os benef\u00edcios podem ser sentidos:<\/p>\n\n<ul class=\"wp-block-list\">\n<li>A tens\u00e3o arterial baixa.<\/li>\n\n\n\n<li>O paladar e o olfato melhoram.<\/li>\n\n\n\n<li>A tua respira\u00e7\u00e3o regressa gradualmente.<\/li>\n<\/ul>\n\n<p>A m\u00e9dio prazo, o risco de ataque card\u00edaco, acidente vascular cerebral ou cancro diminui drasticamente. Deixar de fumar significa <strong>dar uma segunda oportunidade ao teu corpo<\/strong>. <\/p>\n\n<div style=\"height:22px\" aria-hidden=\"true\" class=\"wp-block-spacer\"><\/div>\n\n<h3 class=\"wp-block-heading\">Al\u00edvio para a tua carteira<\/h3>\n\n<div style=\"height:22px\" aria-hidden=\"true\" class=\"wp-block-spacer\"><\/div>\n\n<p>Um ma\u00e7o de cigarros custa atualmente cerca de <strong>12 euros<\/strong>. A um ma\u00e7o por dia, s\u00e3o <strong>mais de 4.000 euros por ano<\/strong>. Uma soma consider\u00e1vel que poderia financiar uma viagem, um projeto ou simplesmente aliviar o or\u00e7amento familiar.  <\/p>\n\n<p>Com o <strong>laser anti-tabagismo<\/strong>, o retorno do investimento \u00e9 r\u00e1pido. Com apenas uma sess\u00e3o, muitas vezes com um pre\u00e7o de 150 a 200 euros, podes poupar milhares de euros nos pr\u00f3ximos meses. <\/p>\n\n<div style=\"height:22px\" aria-hidden=\"true\" class=\"wp-block-spacer\"><\/div>\n\n<hr class=\"wp-block-separator has-alpha-channel-opacity\"\/>\n\n<h2 class=\"wp-block-heading\">A import\u00e2ncia do apoio personalizado<\/h2>\n\n<div style=\"height:22px\" aria-hidden=\"true\" class=\"wp-block-spacer\"><\/div>\n\n<p>Embora <strong>a cessa\u00e7\u00e3o do tabagismo por laser<\/strong> seja extremamente eficaz, torna-se ainda mais poderosa quando <strong>acompanhada de um acompanhamento personalizado<\/strong>. Os centros especializados oferecem frequentemente : <\/p>\n\n<ul class=\"wp-block-list\">\n<li>uma avalia\u00e7\u00e3o preliminar com um perito,<\/li>\n\n\n\n<li>um plano de dieta para evitar o aumento de peso,<\/li>\n\n\n\n<li>conselhos para <strong>gerir o stress e a tenta\u00e7\u00e3o<\/strong>,<\/li>\n\n\n\n<li>e <strong>acompanhamento p\u00f3s-sess\u00e3o<\/strong> para garantir o sucesso.<\/li>\n<\/ul>\n\n<div style=\"height:22px\" aria-hidden=\"true\" class=\"wp-block-spacer\"><\/div>\n\n<hr class=\"wp-block-separator has-alpha-channel-opacity\"\/>\n\n<h2 class=\"wp-block-heading\">Testemunho: \u201cParei gra\u00e7as ao tratamento a laser e nunca mais tive uma reca\u00edda\u201d.<\/h2>\n\n<div style=\"height:22px\" aria-hidden=\"true\" class=\"wp-block-spacer\"><\/div>\n\n<figure class=\"wp-block-image alignleft size-full is-resized\"><img decoding=\"async\" width=\"1024\" height=\"1024\" src=\"https:\/\/www.mylasertabac.com\/wp-content\/uploads\/2025\/05\/drogue2.png\" alt=\"\" class=\"wp-image-8199\" style=\"width:328px;height:auto\" srcset=\"https:\/\/www.mylasertabac.com\/wp-content\/uploads\/2025\/05\/drogue2.png 1024w, https:\/\/www.mylasertabac.com\/wp-content\/uploads\/2025\/05\/drogue2-300x300.png 300w, https:\/\/www.mylasertabac.com\/wp-content\/uploads\/2025\/05\/drogue2-150x150.png 150w, https:\/\/www.mylasertabac.com\/wp-content\/uploads\/2025\/05\/drogue2-768x768.png 768w\" sizes=\"(max-width: 1024px) 100vw, 1024px\" \/><\/figure>\n\n<p>Julie, 38 anos, fumadora desde os 16 anos, conta-nos:<\/p>\n\n<blockquote class=\"wp-block-quote is-layout-flow wp-block-quote-is-layout-flow\">\n<p>&#8220;J\u00e1 tinha tentado tudo: adesivos, pastilhas, hipnose? Nada funcionou. O meu m\u00e9dico recomendou-me o <a href=\"https:\/\/www.mylasertabac.com\/pt-pt\/\">laser anti-tabaco<\/a>. Estava c\u00e9tico, mas assim que a sess\u00e3o terminou, deixei de ter vontade de fumar. Sem nervosismo, sem desejos, apenas paz interior. Hoje, n\u00e3o toco num cigarro h\u00e1 8 meses.  <\/p>\n<\/blockquote>\n\n<p>Este testemunho reflecte a experi\u00eancia de <strong>muitos ex-fumadores<\/strong> que passaram por este m\u00e9todo suave e eficaz.<\/p>\n\n<div style=\"height:22px\" aria-hidden=\"true\" class=\"wp-block-spacer\"><\/div>\n\n<hr class=\"wp-block-separator has-alpha-channel-opacity\"\/>\n\n<h2 class=\"wp-block-heading\">Conclus\u00e3o: E se aproveitasses o Dia Mundial Sem Tabaco para te libertares?<\/h2>\n\n<div style=\"height:24px\" aria-hidden=\"true\" class=\"wp-block-spacer\"><\/div>\n\n<p>O Dia Mundial sem Tabaco n\u00e3o \u00e9 apenas um s\u00edmbolo. Pode ser <strong>o est\u00edmulo<\/strong> de que precisas. Hoje em dia, deixar de fumar j\u00e1 n\u00e3o significa sofrimento ou priva\u00e7\u00e3o. Gra\u00e7as ao <strong>laser anti-tabaco<\/strong>, deixar de fumar \u00e9 <strong>acess\u00edvel, confort\u00e1vel e duradouro<\/strong>.   <\/p>\n\n<p>Ent\u00e3o, porque n\u00e3o aproveita a oportunidade? E se este ano, <strong>o dia 31 de maio se tornasse o teu ponto de partida para uma vida mais saud\u00e1vel, mais livre e mais serena<\/strong>? <\/p>\n\n<div style=\"height:34px\" aria-hidden=\"true\" class=\"wp-block-spacer\"><\/div>\n\n<figure class=\"wp-block-image alignfull size-large\"><img decoding=\"async\" src=\"https:\/\/www.mylasertabac.com\/wp-content\/uploads\/\/mlt-verteau.svg\" alt=\"\" class=\"wp-image-13\"\/><\/figure>\n","protected":false},"excerpt":{"rendered":"<p>Todos os anos, a 31 de maio, o mundo celebra o Dia Mundial sem Tabaco, um evento iniciado pela Organiza\u00e7\u00e3o Mundial de Sa\u00fade para sensibilizar as pessoas para os perigos do tabaco e encoraj\u00e1-las a deixar de fumar. Em Fran\u00e7a, este dia assume um significado muito especial: segundo dados recentes da Sant\u00e9 publique France, o [&hellip;]<\/p>\n","protected":false},"author":2,"featured_media":8935,"comment_status":"closed","ping_status":"open","sticky":false,"template":"","format":"standard","meta":{"inline_featured_image":false,"footnotes":""},"categories":[579],"tags":[],"class_list":["post-8953","post","type-post","status-publish","format-standard","has-post-thumbnail","hentry","category-lei"],"yoast_head":"<!-- This site is optimized with the Yoast SEO plugin v27.4 - https:\/\/yoast.com\/product\/yoast-seo-wordpress\/ -->\n<title>31 de maio: Dia Mundial sem Tabaco: e se este ano fosse o ano certo para deixares de fumar de vez? - My Laser Tabac<\/title>\n<meta name=\"description\" content=\"31 de maio de 2025 \u00e9 o Dia Mundial Sem Tabaco, e n\u00f3s temos todos os pormenores de que precisas para combater este flagelo.\" \/>\n<meta name=\"robots\" content=\"index, follow, max-snippet:-1, max-image-preview:large, max-video-preview:-1\" \/>\n<link rel=\"canonical\" href=\"https:\/\/www.mylasertabac.com\/pt-pt\/31-de-maio-dia-mundial-sem-tabaco-e-se-este-ano-fosse-o-ano-certo-para-deixares-de-fumar-de-vez\/\" \/>\n<meta property=\"og:locale\" content=\"pt_PT\" \/>\n<meta property=\"og:type\" content=\"article\" \/>\n<meta property=\"og:title\" content=\"31 de maio: Dia Mundial sem Tabaco: e se este ano fosse o ano certo para deixares de fumar de vez? - My Laser Tabac\" \/>\n<meta property=\"og:description\" content=\"31 de maio de 2025 \u00e9 o Dia Mundial Sem Tabaco, e n\u00f3s temos todos os pormenores de que precisas para combater este flagelo.\" \/>\n<meta property=\"og:url\" content=\"https:\/\/www.mylasertabac.com\/pt-pt\/31-de-maio-dia-mundial-sem-tabaco-e-se-este-ano-fosse-o-ano-certo-para-deixares-de-fumar-de-vez\/\" \/>\n<meta property=\"og:site_name\" content=\"My Laser Tabac\" \/>\n<meta property=\"article:author\" content=\"https:\/\/www.facebook.com\/profile.php?id=61571554707319\" \/>\n<meta property=\"article:published_time\" content=\"2025-05-30T16:58:00+00:00\" \/>\n<meta property=\"article:modified_time\" content=\"2025-05-31T05:46:25+00:00\" \/>\n<meta property=\"og:image\" content=\"https:\/\/www.mylasertabac.com\/wp-content\/uploads\/2025\/05\/A8E5241B-0E88-4EBF-9AF3-53C738BAE792-1024x683.png\" \/>\n\t<meta property=\"og:image:width\" content=\"1024\" \/>\n\t<meta property=\"og:image:height\" content=\"683\" \/>\n\t<meta property=\"og:image:type\" content=\"image\/png\" \/>\n<meta name=\"author\" content=\"Florian Fortes\" \/>\n<meta name=\"twitter:card\" content=\"summary_large_image\" \/>\n<meta name=\"twitter:label1\" content=\"Escrito por\" \/>\n\t<meta name=\"twitter:data1\" content=\"Florian Fortes\" \/>\n\t<meta name=\"twitter:label2\" content=\"Tempo estimado de leitura\" \/>\n\t<meta name=\"twitter:data2\" content=\"5 minutos\" \/>\n<script type=\"application\/ld+json\" class=\"yoast-schema-graph\">{\"@context\":\"https:\\\/\\\/schema.org\",\"@graph\":[{\"@type\":\"Article\",\"@id\":\"https:\\\/\\\/www.mylasertabac.com\\\/pt-pt\\\/31-de-maio-dia-mundial-sem-tabaco-e-se-este-ano-fosse-o-ano-certo-para-deixares-de-fumar-de-vez\\\/#article\",\"isPartOf\":{\"@id\":\"https:\\\/\\\/www.mylasertabac.com\\\/pt-pt\\\/31-de-maio-dia-mundial-sem-tabaco-e-se-este-ano-fosse-o-ano-certo-para-deixares-de-fumar-de-vez\\\/\"},\"author\":{\"name\":\"Florian Fortes\",\"@id\":\"https:\\\/\\\/www.mylasertabac.com\\\/pt-pt\\\/#\\\/schema\\\/person\\\/02c249cb76d912efb6c315ec23eccdf3\"},\"headline\":\"31 de maio: Dia Mundial sem Tabaco: e se este ano fosse o ano certo para deixares de fumar de vez?\",\"datePublished\":\"2025-05-30T16:58:00+00:00\",\"dateModified\":\"2025-05-31T05:46:25+00:00\",\"mainEntityOfPage\":{\"@id\":\"https:\\\/\\\/www.mylasertabac.com\\\/pt-pt\\\/31-de-maio-dia-mundial-sem-tabaco-e-se-este-ano-fosse-o-ano-certo-para-deixares-de-fumar-de-vez\\\/\"},\"wordCount\":1051,\"publisher\":{\"@id\":\"https:\\\/\\\/www.mylasertabac.com\\\/pt-pt\\\/#organization\"},\"image\":{\"@id\":\"https:\\\/\\\/www.mylasertabac.com\\\/pt-pt\\\/31-de-maio-dia-mundial-sem-tabaco-e-se-este-ano-fosse-o-ano-certo-para-deixares-de-fumar-de-vez\\\/#primaryimage\"},\"thumbnailUrl\":\"https:\\\/\\\/www.mylasertabac.com\\\/wp-content\\\/uploads\\\/2025\\\/05\\\/A8E5241B-0E88-4EBF-9AF3-53C738BAE792.png\",\"articleSection\":[\"lei\"],\"inLanguage\":\"pt-PT\"},{\"@type\":\"WebPage\",\"@id\":\"https:\\\/\\\/www.mylasertabac.com\\\/pt-pt\\\/31-de-maio-dia-mundial-sem-tabaco-e-se-este-ano-fosse-o-ano-certo-para-deixares-de-fumar-de-vez\\\/\",\"url\":\"https:\\\/\\\/www.mylasertabac.com\\\/pt-pt\\\/31-de-maio-dia-mundial-sem-tabaco-e-se-este-ano-fosse-o-ano-certo-para-deixares-de-fumar-de-vez\\\/\",\"name\":\"31 de maio: Dia Mundial sem Tabaco: e se este ano fosse o ano certo para deixares de fumar de vez? - My Laser Tabac\",\"isPartOf\":{\"@id\":\"https:\\\/\\\/www.mylasertabac.com\\\/pt-pt\\\/#website\"},\"primaryImageOfPage\":{\"@id\":\"https:\\\/\\\/www.mylasertabac.com\\\/pt-pt\\\/31-de-maio-dia-mundial-sem-tabaco-e-se-este-ano-fosse-o-ano-certo-para-deixares-de-fumar-de-vez\\\/#primaryimage\"},\"image\":{\"@id\":\"https:\\\/\\\/www.mylasertabac.com\\\/pt-pt\\\/31-de-maio-dia-mundial-sem-tabaco-e-se-este-ano-fosse-o-ano-certo-para-deixares-de-fumar-de-vez\\\/#primaryimage\"},\"thumbnailUrl\":\"https:\\\/\\\/www.mylasertabac.com\\\/wp-content\\\/uploads\\\/2025\\\/05\\\/A8E5241B-0E88-4EBF-9AF3-53C738BAE792.png\",\"datePublished\":\"2025-05-30T16:58:00+00:00\",\"dateModified\":\"2025-05-31T05:46:25+00:00\",\"description\":\"31 de maio de 2025 \u00e9 o Dia Mundial Sem Tabaco, e n\u00f3s temos todos os pormenores de que precisas para combater este flagelo.\",\"breadcrumb\":{\"@id\":\"https:\\\/\\\/www.mylasertabac.com\\\/pt-pt\\\/31-de-maio-dia-mundial-sem-tabaco-e-se-este-ano-fosse-o-ano-certo-para-deixares-de-fumar-de-vez\\\/#breadcrumb\"},\"inLanguage\":\"pt-PT\",\"potentialAction\":[{\"@type\":\"ReadAction\",\"target\":[\"https:\\\/\\\/www.mylasertabac.com\\\/pt-pt\\\/31-de-maio-dia-mundial-sem-tabaco-e-se-este-ano-fosse-o-ano-certo-para-deixares-de-fumar-de-vez\\\/\"]}]},{\"@type\":\"ImageObject\",\"inLanguage\":\"pt-PT\",\"@id\":\"https:\\\/\\\/www.mylasertabac.com\\\/pt-pt\\\/31-de-maio-dia-mundial-sem-tabaco-e-se-este-ano-fosse-o-ano-certo-para-deixares-de-fumar-de-vez\\\/#primaryimage\",\"url\":\"https:\\\/\\\/www.mylasertabac.com\\\/wp-content\\\/uploads\\\/2025\\\/05\\\/A8E5241B-0E88-4EBF-9AF3-53C738BAE792.png\",\"contentUrl\":\"https:\\\/\\\/www.mylasertabac.com\\\/wp-content\\\/uploads\\\/2025\\\/05\\\/A8E5241B-0E88-4EBF-9AF3-53C738BAE792.png\",\"width\":1536,\"height\":1024},{\"@type\":\"BreadcrumbList\",\"@id\":\"https:\\\/\\\/www.mylasertabac.com\\\/pt-pt\\\/31-de-maio-dia-mundial-sem-tabaco-e-se-este-ano-fosse-o-ano-certo-para-deixares-de-fumar-de-vez\\\/#breadcrumb\",\"itemListElement\":[{\"@type\":\"ListItem\",\"position\":1,\"name\":\"Accueil\",\"item\":\"https:\\\/\\\/www.mylasertabac.com\\\/pt-pt\\\/casa\\\/\"},{\"@type\":\"ListItem\",\"position\":2,\"name\":\"31 de maio: Dia Mundial sem Tabaco: e se este ano fosse o ano certo para deixares de fumar de vez?\"}]},{\"@type\":\"WebSite\",\"@id\":\"https:\\\/\\\/www.mylasertabac.com\\\/pt-pt\\\/#website\",\"url\":\"https:\\\/\\\/www.mylasertabac.com\\\/pt-pt\\\/\",\"name\":\"My Laser Tabac\",\"description\":\"La solution laser qui transforme les fumeurs en ex-fumeurs\",\"publisher\":{\"@id\":\"https:\\\/\\\/www.mylasertabac.com\\\/pt-pt\\\/#organization\"},\"potentialAction\":[{\"@type\":\"SearchAction\",\"target\":{\"@type\":\"EntryPoint\",\"urlTemplate\":\"https:\\\/\\\/www.mylasertabac.com\\\/pt-pt\\\/?s={search_term_string}\"},\"query-input\":{\"@type\":\"PropertyValueSpecification\",\"valueRequired\":true,\"valueName\":\"search_term_string\"}}],\"inLanguage\":\"pt-PT\"},{\"@type\":\"Organization\",\"@id\":\"https:\\\/\\\/www.mylasertabac.com\\\/pt-pt\\\/#organization\",\"name\":\"My Laser Tabac\",\"url\":\"https:\\\/\\\/www.mylasertabac.com\\\/pt-pt\\\/\",\"logo\":{\"@type\":\"ImageObject\",\"inLanguage\":\"pt-PT\",\"@id\":\"https:\\\/\\\/www.mylasertabac.com\\\/pt-pt\\\/#\\\/schema\\\/logo\\\/image\\\/\",\"url\":\"https:\\\/\\\/www.mylasertabac.com\\\/wp-content\\\/uploads\\\/2024\\\/12\\\/mlt-verteau.svg\",\"contentUrl\":\"https:\\\/\\\/www.mylasertabac.com\\\/wp-content\\\/uploads\\\/2024\\\/12\\\/mlt-verteau.svg\",\"caption\":\"My Laser Tabac\"},\"image\":{\"@id\":\"https:\\\/\\\/www.mylasertabac.com\\\/pt-pt\\\/#\\\/schema\\\/logo\\\/image\\\/\"}},{\"@type\":\"Person\",\"@id\":\"https:\\\/\\\/www.mylasertabac.com\\\/pt-pt\\\/#\\\/schema\\\/person\\\/02c249cb76d912efb6c315ec23eccdf3\",\"name\":\"Florian Fortes\",\"image\":{\"@type\":\"ImageObject\",\"inLanguage\":\"pt-PT\",\"@id\":\"https:\\\/\\\/www.mylasertabac.com\\\/wp-content\\\/litespeed\\\/avatar\\\/142101a71d7b9e6490c1120d9c109a67.jpg?ver=1776856306\",\"url\":\"https:\\\/\\\/www.mylasertabac.com\\\/wp-content\\\/litespeed\\\/avatar\\\/142101a71d7b9e6490c1120d9c109a67.jpg?ver=1776856306\",\"contentUrl\":\"https:\\\/\\\/www.mylasertabac.com\\\/wp-content\\\/litespeed\\\/avatar\\\/142101a71d7b9e6490c1120d9c109a67.jpg?ver=1776856306\",\"caption\":\"Florian Fortes\"},\"sameAs\":[\"https:\\\/\\\/www.mylasertabac.com\",\"https:\\\/\\\/www.facebook.com\\\/profile.php?id=61571554707319\"],\"url\":\"https:\\\/\\\/www.mylasertabac.com\\\/pt-pt\\\/author\\\/florianfortes5312\\\/\"}]}<\/script>\n<!-- \/ Yoast SEO plugin. -->","yoast_head_json":{"title":"31 de maio: Dia Mundial sem Tabaco: e se este ano fosse o ano certo para deixares de fumar de vez? - My Laser Tabac","description":"31 de maio de 2025 \u00e9 o Dia Mundial Sem Tabaco, e n\u00f3s temos todos os pormenores de que precisas para combater este flagelo.","robots":{"index":"index","follow":"follow","max-snippet":"max-snippet:-1","max-image-preview":"max-image-preview:large","max-video-preview":"max-video-preview:-1"},"canonical":"https:\/\/www.mylasertabac.com\/pt-pt\/31-de-maio-dia-mundial-sem-tabaco-e-se-este-ano-fosse-o-ano-certo-para-deixares-de-fumar-de-vez\/","og_locale":"pt_PT","og_type":"article","og_title":"31 de maio: Dia Mundial sem Tabaco: e se este ano fosse o ano certo para deixares de fumar de vez? - My Laser Tabac","og_description":"31 de maio de 2025 \u00e9 o Dia Mundial Sem Tabaco, e n\u00f3s temos todos os pormenores de que precisas para combater este flagelo.","og_url":"https:\/\/www.mylasertabac.com\/pt-pt\/31-de-maio-dia-mundial-sem-tabaco-e-se-este-ano-fosse-o-ano-certo-para-deixares-de-fumar-de-vez\/","og_site_name":"My Laser Tabac","article_author":"https:\/\/www.facebook.com\/profile.php?id=61571554707319","article_published_time":"2025-05-30T16:58:00+00:00","article_modified_time":"2025-05-31T05:46:25+00:00","og_image":[{"width":1024,"height":683,"url":"https:\/\/www.mylasertabac.com\/wp-content\/uploads\/2025\/05\/A8E5241B-0E88-4EBF-9AF3-53C738BAE792-1024x683.png","type":"image\/png"}],"author":"Florian Fortes","twitter_card":"summary_large_image","twitter_misc":{"Escrito por":"Florian Fortes","Tempo estimado de leitura":"5 minutos"},"schema":{"@context":"https:\/\/schema.org","@graph":[{"@type":"Article","@id":"https:\/\/www.mylasertabac.com\/pt-pt\/31-de-maio-dia-mundial-sem-tabaco-e-se-este-ano-fosse-o-ano-certo-para-deixares-de-fumar-de-vez\/#article","isPartOf":{"@id":"https:\/\/www.mylasertabac.com\/pt-pt\/31-de-maio-dia-mundial-sem-tabaco-e-se-este-ano-fosse-o-ano-certo-para-deixares-de-fumar-de-vez\/"},"author":{"name":"Florian Fortes","@id":"https:\/\/www.mylasertabac.com\/pt-pt\/#\/schema\/person\/02c249cb76d912efb6c315ec23eccdf3"},"headline":"31 de maio: Dia Mundial sem Tabaco: e se este ano fosse o ano certo para deixares de fumar de vez?","datePublished":"2025-05-30T16:58:00+00:00","dateModified":"2025-05-31T05:46:25+00:00","mainEntityOfPage":{"@id":"https:\/\/www.mylasertabac.com\/pt-pt\/31-de-maio-dia-mundial-sem-tabaco-e-se-este-ano-fosse-o-ano-certo-para-deixares-de-fumar-de-vez\/"},"wordCount":1051,"publisher":{"@id":"https:\/\/www.mylasertabac.com\/pt-pt\/#organization"},"image":{"@id":"https:\/\/www.mylasertabac.com\/pt-pt\/31-de-maio-dia-mundial-sem-tabaco-e-se-este-ano-fosse-o-ano-certo-para-deixares-de-fumar-de-vez\/#primaryimage"},"thumbnailUrl":"https:\/\/www.mylasertabac.com\/wp-content\/uploads\/2025\/05\/A8E5241B-0E88-4EBF-9AF3-53C738BAE792.png","articleSection":["lei"],"inLanguage":"pt-PT"},{"@type":"WebPage","@id":"https:\/\/www.mylasertabac.com\/pt-pt\/31-de-maio-dia-mundial-sem-tabaco-e-se-este-ano-fosse-o-ano-certo-para-deixares-de-fumar-de-vez\/","url":"https:\/\/www.mylasertabac.com\/pt-pt\/31-de-maio-dia-mundial-sem-tabaco-e-se-este-ano-fosse-o-ano-certo-para-deixares-de-fumar-de-vez\/","name":"31 de maio: Dia Mundial sem Tabaco: e se este ano fosse o ano certo para deixares de fumar de vez? - My Laser Tabac","isPartOf":{"@id":"https:\/\/www.mylasertabac.com\/pt-pt\/#website"},"primaryImageOfPage":{"@id":"https:\/\/www.mylasertabac.com\/pt-pt\/31-de-maio-dia-mundial-sem-tabaco-e-se-este-ano-fosse-o-ano-certo-para-deixares-de-fumar-de-vez\/#primaryimage"},"image":{"@id":"https:\/\/www.mylasertabac.com\/pt-pt\/31-de-maio-dia-mundial-sem-tabaco-e-se-este-ano-fosse-o-ano-certo-para-deixares-de-fumar-de-vez\/#primaryimage"},"thumbnailUrl":"https:\/\/www.mylasertabac.com\/wp-content\/uploads\/2025\/05\/A8E5241B-0E88-4EBF-9AF3-53C738BAE792.png","datePublished":"2025-05-30T16:58:00+00:00","dateModified":"2025-05-31T05:46:25+00:00","description":"31 de maio de 2025 \u00e9 o Dia Mundial Sem Tabaco, e n\u00f3s temos todos os pormenores de que precisas para combater este flagelo.","breadcrumb":{"@id":"https:\/\/www.mylasertabac.com\/pt-pt\/31-de-maio-dia-mundial-sem-tabaco-e-se-este-ano-fosse-o-ano-certo-para-deixares-de-fumar-de-vez\/#breadcrumb"},"inLanguage":"pt-PT","potentialAction":[{"@type":"ReadAction","target":["https:\/\/www.mylasertabac.com\/pt-pt\/31-de-maio-dia-mundial-sem-tabaco-e-se-este-ano-fosse-o-ano-certo-para-deixares-de-fumar-de-vez\/"]}]},{"@type":"ImageObject","inLanguage":"pt-PT","@id":"https:\/\/www.mylasertabac.com\/pt-pt\/31-de-maio-dia-mundial-sem-tabaco-e-se-este-ano-fosse-o-ano-certo-para-deixares-de-fumar-de-vez\/#primaryimage","url":"https:\/\/www.mylasertabac.com\/wp-content\/uploads\/2025\/05\/A8E5241B-0E88-4EBF-9AF3-53C738BAE792.png","contentUrl":"https:\/\/www.mylasertabac.com\/wp-content\/uploads\/2025\/05\/A8E5241B-0E88-4EBF-9AF3-53C738BAE792.png","width":1536,"height":1024},{"@type":"BreadcrumbList","@id":"https:\/\/www.mylasertabac.com\/pt-pt\/31-de-maio-dia-mundial-sem-tabaco-e-se-este-ano-fosse-o-ano-certo-para-deixares-de-fumar-de-vez\/#breadcrumb","itemListElement":[{"@type":"ListItem","position":1,"name":"Accueil","item":"https:\/\/www.mylasertabac.com\/pt-pt\/casa\/"},{"@type":"ListItem","position":2,"name":"31 de maio: Dia Mundial sem Tabaco: e se este ano fosse o ano certo para deixares de fumar de vez?"}]},{"@type":"WebSite","@id":"https:\/\/www.mylasertabac.com\/pt-pt\/#website","url":"https:\/\/www.mylasertabac.com\/pt-pt\/","name":"My Laser Tabac","description":"La solution laser qui transforme les fumeurs en ex-fumeurs","publisher":{"@id":"https:\/\/www.mylasertabac.com\/pt-pt\/#organization"},"potentialAction":[{"@type":"SearchAction","target":{"@type":"EntryPoint","urlTemplate":"https:\/\/www.mylasertabac.com\/pt-pt\/?s={search_term_string}"},"query-input":{"@type":"PropertyValueSpecification","valueRequired":true,"valueName":"search_term_string"}}],"inLanguage":"pt-PT"},{"@type":"Organization","@id":"https:\/\/www.mylasertabac.com\/pt-pt\/#organization","name":"My Laser Tabac","url":"https:\/\/www.mylasertabac.com\/pt-pt\/","logo":{"@type":"ImageObject","inLanguage":"pt-PT","@id":"https:\/\/www.mylasertabac.com\/pt-pt\/#\/schema\/logo\/image\/","url":"https:\/\/www.mylasertabac.com\/wp-content\/uploads\/2024\/12\/mlt-verteau.svg","contentUrl":"https:\/\/www.mylasertabac.com\/wp-content\/uploads\/2024\/12\/mlt-verteau.svg","caption":"My Laser Tabac"},"image":{"@id":"https:\/\/www.mylasertabac.com\/pt-pt\/#\/schema\/logo\/image\/"}},{"@type":"Person","@id":"https:\/\/www.mylasertabac.com\/pt-pt\/#\/schema\/person\/02c249cb76d912efb6c315ec23eccdf3","name":"Florian Fortes","image":{"@type":"ImageObject","inLanguage":"pt-PT","@id":"https:\/\/www.mylasertabac.com\/wp-content\/litespeed\/avatar\/142101a71d7b9e6490c1120d9c109a67.jpg?ver=1776856306","url":"https:\/\/www.mylasertabac.com\/wp-content\/litespeed\/avatar\/142101a71d7b9e6490c1120d9c109a67.jpg?ver=1776856306","contentUrl":"https:\/\/www.mylasertabac.com\/wp-content\/litespeed\/avatar\/142101a71d7b9e6490c1120d9c109a67.jpg?ver=1776856306","caption":"Florian Fortes"},"sameAs":["https:\/\/www.mylasertabac.com","https:\/\/www.facebook.com\/profile.php?id=61571554707319"],"url":"https:\/\/www.mylasertabac.com\/pt-pt\/author\/florianfortes5312\/"}]}},"_links":{"self":[{"href":"https:\/\/www.mylasertabac.com\/pt-pt\/wp-json\/wp\/v2\/posts\/8953","targetHints":{"allow":["GET"]}}],"collection":[{"href":"https:\/\/www.mylasertabac.com\/pt-pt\/wp-json\/wp\/v2\/posts"}],"about":[{"href":"https:\/\/www.mylasertabac.com\/pt-pt\/wp-json\/wp\/v2\/types\/post"}],"author":[{"embeddable":true,"href":"https:\/\/www.mylasertabac.com\/pt-pt\/wp-json\/wp\/v2\/users\/2"}],"replies":[{"embeddable":true,"href":"https:\/\/www.mylasertabac.com\/pt-pt\/wp-json\/wp\/v2\/comments?post=8953"}],"version-history":[{"count":3,"href":"https:\/\/www.mylasertabac.com\/pt-pt\/wp-json\/wp\/v2\/posts\/8953\/revisions"}],"predecessor-version":[{"id":8970,"href":"https:\/\/www.mylasertabac.com\/pt-pt\/wp-json\/wp\/v2\/posts\/8953\/revisions\/8970"}],"wp:featuredmedia":[{"embeddable":true,"href":"https:\/\/www.mylasertabac.com\/pt-pt\/wp-json\/wp\/v2\/media\/8935"}],"wp:attachment":[{"href":"https:\/\/www.mylasertabac.com\/pt-pt\/wp-json\/wp\/v2\/media?parent=8953"}],"wp:term":[{"taxonomy":"category","embeddable":true,"href":"https:\/\/www.mylasertabac.com\/pt-pt\/wp-json\/wp\/v2\/categories?post=8953"},{"taxonomy":"post_tag","embeddable":true,"href":"https:\/\/www.mylasertabac.com\/pt-pt\/wp-json\/wp\/v2\/tags?post=8953"}],"curies":[{"name":"wp","href":"https:\/\/api.w.org\/{rel}","templated":true}]}}