{"id":8984,"date":"2025-05-31T07:46:19","date_gmt":"2025-05-31T05:46:19","guid":{"rendered":"https:\/\/www.mylasertabac.com\/e-se-foi-gracas-aos-lasers-anti-tabaco-que-o-consumo-diminuiu-nos-ultimos-anos\/"},"modified":"2025-05-31T07:46:54","modified_gmt":"2025-05-31T05:46:54","slug":"e-se-foi-gracas-aos-lasers-anti-tabaco-que-o-consumo-diminuiu-nos-ultimos-anos","status":"publish","type":"post","link":"https:\/\/www.mylasertabac.com\/pt-pt\/e-se-foi-gracas-aos-lasers-anti-tabaco-que-o-consumo-diminuiu-nos-ultimos-anos\/","title":{"rendered":"E se foi gra\u00e7as aos lasers anti-tabaco que o consumo diminuiu nos \u00faltimos anos?"},"content":{"rendered":"\n<div style=\"height:19px\" aria-hidden=\"true\" class=\"wp-block-spacer\"><\/div>\n\n<p>No dia 30 de maio, quando os grandes meios de comunica\u00e7\u00e3o social franceses anunciaram uma <strong>descida significativa do consumo de tabaco<\/strong> em Fran\u00e7a, imp\u00f5e-se uma pergunta inquietante: <strong>e se esta tend\u00eancia positiva estivesse ligada a um m\u00e9todo de que ningu\u00e9m fala oficialmente?<\/strong><\/p>\n\n<div style=\"height:19px\" aria-hidden=\"true\" class=\"wp-block-spacer\"><\/div>\n\n<p><strong>E se o decl\u00ednio do tabagismo se devesse, de facto, em grande parte ao sucesso crescente dos lasers anti-tabaco?<\/strong><\/p>\n\n<div style=\"height:19px\" aria-hidden=\"true\" class=\"wp-block-spacer\"><\/div>\n\n<hr class=\"wp-block-separator has-alpha-channel-opacity\"\/>\n\n<h2 class=\"wp-block-heading\">\ud83d\udcc9 Diminui\u00e7\u00e3o do tabagismo em Fran\u00e7a: boas not\u00edcias&#8230; mas um sil\u00eancio revelador<\/h2>\n\n<div style=\"height:19px\" aria-hidden=\"true\" class=\"wp-block-spacer\"><\/div>\n\n<p>De acordo com os \u00faltimos n\u00fameros divulgados pelos principais meios de comunica\u00e7\u00e3o social, como <em>Le Monde<\/em>, <em>France Info<\/em> e <em>Le Figaro<\/em>, <strong>o n\u00famero de fumadores regulares diminuiu significativamente<\/strong> desde 2019. \u00c0 primeira vista, este facto parece ser o resultado de campanhas governamentais, do aumento dos pre\u00e7os do tabaco e de campanhas de preven\u00e7\u00e3o nas escolas. <\/p>\n\n<p>Mas h\u00e1 um ator importante nesta mudan\u00e7a que continua a ser <strong>sistematicamente ignorado<\/strong>: <strong>o laser anti-tabaco<\/strong>.<\/p>\n\n<div style=\"height:19px\" aria-hidden=\"true\" class=\"wp-block-spacer\"><\/div>\n\n<h3 class=\"wp-block-heading\">Porqu\u00ea este sil\u00eancio? Porque este m\u00e9todo \u00e9 perturbador <\/h3>\n\n<div style=\"height:19px\" aria-hidden=\"true\" class=\"wp-block-spacer\"><\/div>\n\n<p>E se <strong>o Estado franc\u00eas e os meios de comunica\u00e7\u00e3o social n\u00e3o querem falar do assunto<\/strong>, talvez seja porque n\u00e3o conseguem <strong>controlar uma pr\u00e1tica que n\u00e3o se enquadra nos seus circuitos m\u00e9dicos convencionais<\/strong>.<\/p>\n\n<p>No entanto, <strong>90% das pessoas que experimentam a tecnologia laser para <a href=\"https:\/\/www.mylasertabac.com\/pt-pt\/\">deixar de fumar<\/a> conseguem deixar de fumar ap\u00f3s a primeira sess\u00e3o<\/strong>. Uma estat\u00edstica impressionante, muito superior \u00e0 dos pensos, pastilhas ou outros substitutos da nicotina. <\/p>\n\n<div style=\"height:43px\" aria-hidden=\"true\" class=\"wp-block-spacer\"><\/div>\n\n<hr class=\"wp-block-separator has-alpha-channel-opacity\"\/>\n\n<figure class=\"wp-block-image alignleft size-large is-resized\"><img fetchpriority=\"high\" decoding=\"async\" width=\"1024\" height=\"662\" src=\"https:\/\/www.mylasertabac.com\/wp-content\/uploads\/2025\/04\/vitrine-1024x662.jpg\" alt=\"\" class=\"wp-image-7466\" style=\"width:488px;height:auto\" srcset=\"https:\/\/www.mylasertabac.com\/wp-content\/uploads\/2025\/04\/vitrine-1024x662.jpg 1024w, https:\/\/www.mylasertabac.com\/wp-content\/uploads\/2025\/04\/vitrine-300x194.jpg 300w, https:\/\/www.mylasertabac.com\/wp-content\/uploads\/2025\/04\/vitrine-768x496.jpg 768w, https:\/\/www.mylasertabac.com\/wp-content\/uploads\/2025\/04\/vitrine.jpg 1179w\" sizes=\"(max-width: 1024px) 100vw, 1024px\" \/><\/figure>\n\n<h2 class=\"wp-block-heading\">\ud83d\udd2c Laser anti-tabagismo: um m\u00e9todo natural e eficaz para deixar de fumar<\/h2>\n\n<h3 class=\"wp-block-heading\">O que \u00e9 a cessa\u00e7\u00e3o tab\u00e1gica a laser?<\/h3>\n\n<p>O <strong>laser anti-tabagismo<\/strong> \u00e9 uma t\u00e9cnica suave e n\u00e3o invasiva inspirada na auriculoterapia. Estimula <strong>pontos espec\u00edficos da orelha com um raio laser indolor<\/strong>. Esta estimula\u00e7\u00e3o desencadeia a produ\u00e7\u00e3o de endorfinas, permitindo :  <\/p>\n\n<ul class=\"wp-block-list\">\n<li><strong>reduz consideravelmente o desejo de fumar<\/strong>,<\/li>\n\n\n\n<li><strong>reduz o stress e a ansiedade associados \u00e0 abstin\u00eancia<\/strong>,<\/li>\n\n\n\n<li>e <strong>torna mais f\u00e1cil deixar de fumar sem ganhar peso<\/strong>.<\/li>\n<\/ul>\n\n<div style=\"height:51px\" aria-hidden=\"true\" class=\"wp-block-spacer\"><\/div>\n\n<h3 class=\"wp-block-heading\">Porque \u00e9 que este m\u00e9todo \u00e9 t\u00e3o popular?<\/h3>\n\n<div style=\"height:19px\" aria-hidden=\"true\" class=\"wp-block-spacer\"><\/div>\n\n<p>Porque funciona. Porque \u00e9 <strong>natural<\/strong>, <strong>sem efeitos secund\u00e1rios<\/strong>, <strong>sem nicotina<\/strong>, <strong>sem drogas<\/strong>, <strong>sem sofrimento<\/strong>. <\/p>\n\n<p>E, sobretudo, porque <strong>os resultados s\u00e3o vis\u00edveis desde a primeira sess\u00e3o<\/strong>, com uma efic\u00e1cia duradoura ao longo do tempo.<\/p>\n\n<div style=\"height:19px\" aria-hidden=\"true\" class=\"wp-block-spacer\"><\/div>\n\n<hr class=\"wp-block-separator has-alpha-channel-opacity\"\/>\n\n<h2 class=\"wp-block-heading\">\ud83d\udcca Os n\u00fameros que ningu\u00e9m quer publicar<\/h2>\n\n<p>Se fizeres as contas, existem atualmente <strong>centenas de centros especializados na cessa\u00e7\u00e3o tab\u00e1gica a laser<\/strong>em toda a Fran\u00e7a. Alguns centros tratam <strong>at\u00e9 10 pessoas por <\/strong>dia, ou seja, <strong>mais de 3.000 por ano<\/strong>. <\/p>\n\n<p>Se multiplicares este n\u00famero pela <strong>taxa de sucesso de 90%<\/strong>, podes ver rapidamente que <strong>dezenas de milhares de pessoas deixam realmente de fumar gra\u00e7as ao tratamento a laser todos os anos<\/strong>.<\/p>\n\n<p>Este n\u00famero \u00e9 colossal. <strong>Explica, por si s\u00f3, uma grande parte do decl\u00ednio do consumo de tabaco em Fran\u00e7a<\/strong>. <\/p>\n\n<p>Mas ningu\u00e9m fala disso. Porque o tratamento a laser, que n\u00e3o \u00e9 <strong>reembolsado<\/strong> <strong>nem reconhecido pelas autoridades de sa\u00fade<\/strong>, n\u00e3o beneficia os lobbies do tabaco nem o sistema de sa\u00fade convencional. <\/p>\n\n<div style=\"height:35px\" aria-hidden=\"true\" class=\"wp-block-spacer\"><\/div>\n\n<hr class=\"wp-block-separator has-alpha-channel-opacity\"\/>\n\n<figure class=\"wp-block-image alignright size-large is-resized\"><img decoding=\"async\" width=\"1024\" height=\"683\" src=\"https:\/\/www.mylasertabac.com\/wp-content\/uploads\/2025\/05\/de-1024x683.png\" alt=\"\" class=\"wp-image-8207\" style=\"width:359px;height:auto\" srcset=\"https:\/\/www.mylasertabac.com\/wp-content\/uploads\/2025\/05\/de-1024x683.png 1024w, https:\/\/www.mylasertabac.com\/wp-content\/uploads\/2025\/05\/de-300x200.png 300w, https:\/\/www.mylasertabac.com\/wp-content\/uploads\/2025\/05\/de-768x512.png 768w, https:\/\/www.mylasertabac.com\/wp-content\/uploads\/2025\/05\/de.png 1536w\" sizes=\"(max-width: 1024px) 100vw, 1024px\" \/><\/figure>\n\n<h2 class=\"wp-block-heading\">\ud83d\udca5 Porque \u00e9 que o laser anti-tabaco \u00e9 t\u00e3o perturbador?<\/h2>\n\n<p>O \u00eaxito do laser anti-tabaco assenta em tr\u00eas pilares sobre os quais o Estado n\u00e3o tem qualquer controlo:<\/p>\n\n<ol class=\"wp-block-list\">\n<li><strong>\u00c9 um m\u00e9todo natural<\/strong> que n\u00e3o requer medica\u00e7\u00e3o ou receita m\u00e9dica.<\/li>\n\n\n\n<li><strong>\u00c9 r\u00e1pido<\/strong>: uma \u00fanica sess\u00e3o \u00e9 suficiente na maioria dos casos.<\/li>\n\n\n\n<li><strong>\u00c9 independente<\/strong>: est\u00e1 fora da ind\u00fastria farmac\u00eautica e das vias m\u00e9dicas convencionais.<\/li>\n<\/ol>\n\n<p>Por outras palavras, o laser anti-tabagismo permite que os fumadores deixem de fumar <strong>sem terem de recorrer a um sistema<\/strong>.<\/p>\n\n<p>E isso \u00e9 perturbador.<\/p>\n\n<div style=\"height:33px\" aria-hidden=\"true\" class=\"wp-block-spacer\"><\/div>\n\n<hr class=\"wp-block-separator has-alpha-channel-opacity\"\/>\n\n<h2 class=\"wp-block-heading\">\ud83e\udde0 Deixar de fumar a laser: uma revolu\u00e7\u00e3o silenciosa mas poderosa<\/h2>\n\n<div style=\"height:19px\" aria-hidden=\"true\" class=\"wp-block-spacer\"><\/div>\n\n<h3 class=\"wp-block-heading\">Testemunhos aos milhares<\/h3>\n\n<div style=\"height:19px\" aria-hidden=\"true\" class=\"wp-block-spacer\"><\/div>\n\n<p>F\u00f3runs, grupos do Facebook, centros especializados e profissionais do bem-estar s\u00e3o un\u00e2nimes: <strong>os testemunhos de sucesso gra\u00e7as ao tratamento a laser multiplicam-se<\/strong>.<\/p>\n\n<blockquote class=\"wp-block-quote is-layout-flow wp-block-quote-is-layout-flow\">\n<p>\u201cDeixei de fumar numa sess\u00e3o ap\u00f3s 20 anos. Sem desejos, sem ansiedade\u201d<br\/>\u201cFinalmente encontrei um m\u00e9todo suave e eficaz. Nunca mais voltarei a fumar\u201d<br\/>\u201cPorque \u00e9 que n\u00e3o falam deste m\u00e9todo na televis\u00e3o?\u201d<\/p>\n<\/blockquote>\n\n<p>Hist\u00f3rias aut\u00eanticas, muito mais convincentes do que campanhas de choque ou fotografias repelentes em pacotes.<\/p>\n\n<div style=\"height:19px\" aria-hidden=\"true\" class=\"wp-block-spacer\"><\/div>\n\n<h3 class=\"wp-block-heading\">Uma solu\u00e7\u00e3o para cada perfil<\/h3>\n\n<div style=\"height:19px\" aria-hidden=\"true\" class=\"wp-block-spacer\"><\/div>\n\n<p>Quer sejas um fumador <strong>ocasional, um fumador di\u00e1rio ou um fumador inveterado<\/strong>, o <strong>laser anti-tabaco<\/strong> pode ser adaptado a cada necessidade:<\/p>\n\n<ul class=\"wp-block-list\">\n<li>\u00c9 adequado para mulheres gr\u00e1vidas (sob recomenda\u00e7\u00e3o m\u00e9dica).<\/li>\n\n\n\n<li>\u00c9 utilizado para evitar reca\u00eddas.<\/li>\n\n\n\n<li>\u00c9 mesmo eficaz para aqueles que falharam com outros m\u00e9todos.<\/li>\n<\/ul>\n\n<div style=\"height:19px\" aria-hidden=\"true\" class=\"wp-block-spacer\"><\/div>\n\n<p class=\"has-cyan-bluish-gray-background-color has-background\">L\u00ea tamb\u00e9m: <a href=\"https:\/\/www.mylasertabac.com\/pt-pt\/informacoes\/formacao-laser-anti-tabaco-e-contra-a-dependencia\/\"><mark style=\"background-color:rgba(0, 0, 0, 0)\" class=\"has-inline-color has-luminous-vivid-orange-color\">Por que abrir uma franquia de sa\u00fade e depend\u00eancia de tabaco? <\/mark><\/a> <\/p>\n\n<div style=\"height:19px\" aria-hidden=\"true\" class=\"wp-block-spacer\"><\/div>\n\n<hr class=\"wp-block-separator has-alpha-channel-opacity\"\/>\n\n<h2 class=\"wp-block-heading\">\ud83d\ude80 E se o futuro da cessa\u00e7\u00e3o tab\u00e1gica j\u00e1 estivesse aqui?<\/h2>\n\n<div style=\"height:19px\" aria-hidden=\"true\" class=\"wp-block-spacer\"><\/div>\n\n<p>Enquanto o governo se esfor\u00e7a por conseguir uma redu\u00e7\u00e3o duradoura do n\u00famero de fumadores, <strong>solu\u00e7\u00f5es pr\u00e1ticas e testadas, como o laser anti-tabaco, continuam a convencer milhares de franceses<\/strong>.<\/p>\n\n<div style=\"height:19px\" aria-hidden=\"true\" class=\"wp-block-spacer\"><\/div>\n\n<p>E mesmo que as autoridades n\u00e3o queiram reconhec\u00ea-lo, <strong>os resultados est\u00e3o \u00e0 vista<\/strong>.<\/p>\n\n<div style=\"height:19px\" aria-hidden=\"true\" class=\"wp-block-spacer\"><\/div>\n\n<p>Quando se trata de deixar <strong>de fumar<\/strong>, \u00e9 tempo de encarar a verdade:<br\/>\u2705 os franceses querem solu\u00e7\u00f5es naturais,<br\/>\u2705 querem deixar de fumar sem sofrimento,<br\/>\u2705 querem resultados r\u00e1pidos e duradouros.<\/p>\n\n<p>E hoje, <strong>o laser anti-tabaco responde a todas estas expectativas<\/strong>.<\/p>\n\n<div style=\"height:19px\" aria-hidden=\"true\" class=\"wp-block-spacer\"><\/div>\n\n<h2 class=\"wp-block-heading\">\ud83d\udcdd Conclus\u00e3o: Junta-te aos milhares de franceses que disseram adeus aos cigarros&#8230; e muito mais<\/h2>\n\n<div style=\"height:19px\" aria-hidden=\"true\" class=\"wp-block-spacer\"><\/div>\n\n<p>O decl\u00ednio do consumo de tabaco em Fran\u00e7a \u00e9 muito real, mas \u00e9 tempo de abrir os olhos: <strong>os lasers anti-tabaco desempenham um papel central<\/strong>. Este m\u00e9todo suave, natural e eficaz est\u00e1 silenciosamente a transformar vidas, todos os dias, em todos os cantos de Fran\u00e7a. <\/p>\n\n<p>Mas <strong>o laser n\u00e3o se limita \u00e0 cessa\u00e7\u00e3o do tabagismo<\/strong>. Na <strong>MyLaserTabac<\/strong>, ajudamos agora os nossos clientes com <strong>outros v\u00edcios importantes<\/strong> que afectam milh\u00f5es de pessoas: <\/p>\n\n<div style=\"height:19px\" aria-hidden=\"true\" class=\"wp-block-spacer\"><\/div>\n\n<ul class=\"wp-block-list\">\n<li><strong>depend\u00eancia do \u00e1lcool<\/strong>,<\/li>\n\n\n\n<li><strong>depend\u00eancia de can\u00e1bis<\/strong>,<\/li>\n\n\n\n<li><strong>o consumo excessivo de a\u00e7\u00facar<\/strong>,<\/li>\n\n\n\n<li><strong>gerir o stress cr\u00f3nico<\/strong>,<\/li>\n\n\n\n<li>e, claro, <strong>deixa de fumar<\/strong>.<\/li>\n<\/ul>\n\n<div style=\"height:19px\" aria-hidden=\"true\" class=\"wp-block-spacer\"><\/div>\n\n<p>A nossa abordagem hol\u00edstica da sa\u00fade e do bem-estar ajuda as pessoas a <strong>recuperar o seu equil\u00edbrio e liberdade<\/strong>, sem qu\u00edmicos ou tratamentos invasivos.<\/p>\n\n<p>E se quiseres ir ainda mais longe, <strong>tamb\u00e9m tu podes tornar-te um ator empenhado na sa\u00fade e na luta contra as depend\u00eancias<\/strong>.<br\/>Gra\u00e7as \u00e0 nossa <strong><a href=\"https:\/\/www.mylasertabac.com\/pt-pt\/informacoes\/formacao-laser-anti-tabaco-e-contra-a-dependencia\/\">forma\u00e7\u00e3o completaem laser anti-tabaco <\/a><\/strong>, aprender\u00e1s todas as t\u00e9cnicas utilizadas nos nossos centros: desde a cessa\u00e7\u00e3o tab\u00e1gica at\u00e9 ao tratamento das depend\u00eancias comportamentais.<\/p>\n\n<div style=\"height:19px\" aria-hidden=\"true\" class=\"wp-block-spacer\"><\/div>\n\n<p>\ud83d\udc49 <strong>Abre o teu pr\u00f3prio <a href=\"https:\/\/www.mylasertabac.com\/pt-pt\/os-nossos-centros\/\">centro MyLaserTabac<\/a><\/strong>, na tua cidade ou regi\u00e3o, e <strong>ajuda outros a mudar as suas vidas, enquanto mudas a tua.<\/strong><\/p>\n\n<div style=\"height:28px\" aria-hidden=\"true\" class=\"wp-block-spacer\"><\/div>\n\n<p><strong>O futuro da sa\u00fade alternativa e natural come\u00e7a hoje.<\/strong><br\/>Junta-te ao movimento.<\/p>\n\n<div style=\"height:29px\" aria-hidden=\"true\" class=\"wp-block-spacer\"><\/div>\n\n<figure class=\"wp-block-image size-large\"><img decoding=\"async\" src=\"https:\/\/www.mylasertabac.com\/wp-content\/uploads\/\/mlt-verteau.svg\" alt=\"\" class=\"wp-image-13\"\/><\/figure>\n\n<p><\/p>\n","protected":false},"excerpt":{"rendered":"<p>No dia 30 de maio, quando os grandes meios de comunica\u00e7\u00e3o social franceses anunciaram uma descida significativa do consumo de tabaco em Fran\u00e7a, imp\u00f5e-se uma pergunta inquietante: e se esta tend\u00eancia positiva estivesse ligada a um m\u00e9todo de que ningu\u00e9m fala oficialmente? E se o decl\u00ednio do tabagismo se devesse, de facto, em grande parte [&hellip;]<\/p>\n","protected":false},"author":2,"featured_media":8945,"comment_status":"closed","ping_status":"open","sticky":false,"template":"","format":"standard","meta":{"inline_featured_image":false,"footnotes":""},"categories":[130],"tags":[],"class_list":["post-8984","post","type-post","status-publish","format-standard","has-post-thumbnail","hentry","category-saude"],"yoast_head":"<!-- This site is optimized with the Yoast SEO plugin v27.4 - https:\/\/yoast.com\/product\/yoast-seo-wordpress\/ -->\n<title>E se foi gra\u00e7as aos lasers anti-tabaco que o consumo diminuiu nos \u00faltimos anos? - My Laser Tabac<\/title>\n<meta name=\"description\" content=\"Surgiram v\u00e1rios artigos que explicam que o consumo de tabaco em Fran\u00e7a diminuiu significativamente, e n\u00f3s podemos contar-te tudo...\" \/>\n<meta name=\"robots\" content=\"index, follow, max-snippet:-1, max-image-preview:large, max-video-preview:-1\" \/>\n<link rel=\"canonical\" href=\"https:\/\/www.mylasertabac.com\/pt-pt\/e-se-foi-gracas-aos-lasers-anti-tabaco-que-o-consumo-diminuiu-nos-ultimos-anos\/\" \/>\n<meta property=\"og:locale\" content=\"pt_PT\" \/>\n<meta property=\"og:type\" content=\"article\" \/>\n<meta property=\"og:title\" content=\"E se foi gra\u00e7as aos lasers anti-tabaco que o consumo diminuiu nos \u00faltimos anos? - My Laser Tabac\" \/>\n<meta property=\"og:description\" content=\"Surgiram v\u00e1rios artigos que explicam que o consumo de tabaco em Fran\u00e7a diminuiu significativamente, e n\u00f3s podemos contar-te tudo...\" \/>\n<meta property=\"og:url\" content=\"https:\/\/www.mylasertabac.com\/pt-pt\/e-se-foi-gracas-aos-lasers-anti-tabaco-que-o-consumo-diminuiu-nos-ultimos-anos\/\" \/>\n<meta property=\"og:site_name\" content=\"My Laser Tabac\" \/>\n<meta property=\"article:author\" content=\"https:\/\/www.facebook.com\/profile.php?id=61571554707319\" \/>\n<meta property=\"article:published_time\" content=\"2025-05-31T05:46:19+00:00\" \/>\n<meta property=\"article:modified_time\" content=\"2025-05-31T05:46:54+00:00\" \/>\n<meta property=\"og:image\" content=\"https:\/\/www.mylasertabac.com\/wp-content\/uploads\/2025\/05\/mp-1024x683.png\" \/>\n\t<meta property=\"og:image:width\" content=\"1024\" \/>\n\t<meta property=\"og:image:height\" content=\"683\" \/>\n\t<meta property=\"og:image:type\" content=\"image\/png\" \/>\n<meta name=\"author\" content=\"Florian Fortes\" \/>\n<meta name=\"twitter:card\" content=\"summary_large_image\" \/>\n<meta name=\"twitter:label1\" content=\"Escrito por\" \/>\n\t<meta name=\"twitter:data1\" content=\"Florian Fortes\" \/>\n\t<meta name=\"twitter:label2\" content=\"Tempo estimado de leitura\" \/>\n\t<meta name=\"twitter:data2\" content=\"5 minutos\" \/>\n<script type=\"application\/ld+json\" class=\"yoast-schema-graph\">{\"@context\":\"https:\\\/\\\/schema.org\",\"@graph\":[{\"@type\":\"Article\",\"@id\":\"https:\\\/\\\/www.mylasertabac.com\\\/pt-pt\\\/e-se-foi-gracas-aos-lasers-anti-tabaco-que-o-consumo-diminuiu-nos-ultimos-anos\\\/#article\",\"isPartOf\":{\"@id\":\"https:\\\/\\\/www.mylasertabac.com\\\/pt-pt\\\/e-se-foi-gracas-aos-lasers-anti-tabaco-que-o-consumo-diminuiu-nos-ultimos-anos\\\/\"},\"author\":{\"name\":\"Florian Fortes\",\"@id\":\"https:\\\/\\\/www.mylasertabac.com\\\/pt-pt\\\/#\\\/schema\\\/person\\\/02c249cb76d912efb6c315ec23eccdf3\"},\"headline\":\"E se foi gra\u00e7as aos lasers anti-tabaco que o consumo diminuiu nos \u00faltimos anos?\",\"datePublished\":\"2025-05-31T05:46:19+00:00\",\"dateModified\":\"2025-05-31T05:46:54+00:00\",\"mainEntityOfPage\":{\"@id\":\"https:\\\/\\\/www.mylasertabac.com\\\/pt-pt\\\/e-se-foi-gracas-aos-lasers-anti-tabaco-que-o-consumo-diminuiu-nos-ultimos-anos\\\/\"},\"wordCount\":1107,\"publisher\":{\"@id\":\"https:\\\/\\\/www.mylasertabac.com\\\/pt-pt\\\/#organization\"},\"image\":{\"@id\":\"https:\\\/\\\/www.mylasertabac.com\\\/pt-pt\\\/e-se-foi-gracas-aos-lasers-anti-tabaco-que-o-consumo-diminuiu-nos-ultimos-anos\\\/#primaryimage\"},\"thumbnailUrl\":\"https:\\\/\\\/www.mylasertabac.com\\\/wp-content\\\/uploads\\\/2025\\\/05\\\/mp.png\",\"articleSection\":[\"Sa\u00fade\"],\"inLanguage\":\"pt-PT\"},{\"@type\":\"WebPage\",\"@id\":\"https:\\\/\\\/www.mylasertabac.com\\\/pt-pt\\\/e-se-foi-gracas-aos-lasers-anti-tabaco-que-o-consumo-diminuiu-nos-ultimos-anos\\\/\",\"url\":\"https:\\\/\\\/www.mylasertabac.com\\\/pt-pt\\\/e-se-foi-gracas-aos-lasers-anti-tabaco-que-o-consumo-diminuiu-nos-ultimos-anos\\\/\",\"name\":\"E se foi gra\u00e7as aos lasers anti-tabaco que o consumo diminuiu nos \u00faltimos anos? - My Laser Tabac\",\"isPartOf\":{\"@id\":\"https:\\\/\\\/www.mylasertabac.com\\\/pt-pt\\\/#website\"},\"primaryImageOfPage\":{\"@id\":\"https:\\\/\\\/www.mylasertabac.com\\\/pt-pt\\\/e-se-foi-gracas-aos-lasers-anti-tabaco-que-o-consumo-diminuiu-nos-ultimos-anos\\\/#primaryimage\"},\"image\":{\"@id\":\"https:\\\/\\\/www.mylasertabac.com\\\/pt-pt\\\/e-se-foi-gracas-aos-lasers-anti-tabaco-que-o-consumo-diminuiu-nos-ultimos-anos\\\/#primaryimage\"},\"thumbnailUrl\":\"https:\\\/\\\/www.mylasertabac.com\\\/wp-content\\\/uploads\\\/2025\\\/05\\\/mp.png\",\"datePublished\":\"2025-05-31T05:46:19+00:00\",\"dateModified\":\"2025-05-31T05:46:54+00:00\",\"description\":\"Surgiram v\u00e1rios artigos que explicam que o consumo de tabaco em Fran\u00e7a diminuiu significativamente, e n\u00f3s podemos contar-te tudo...\",\"breadcrumb\":{\"@id\":\"https:\\\/\\\/www.mylasertabac.com\\\/pt-pt\\\/e-se-foi-gracas-aos-lasers-anti-tabaco-que-o-consumo-diminuiu-nos-ultimos-anos\\\/#breadcrumb\"},\"inLanguage\":\"pt-PT\",\"potentialAction\":[{\"@type\":\"ReadAction\",\"target\":[\"https:\\\/\\\/www.mylasertabac.com\\\/pt-pt\\\/e-se-foi-gracas-aos-lasers-anti-tabaco-que-o-consumo-diminuiu-nos-ultimos-anos\\\/\"]}]},{\"@type\":\"ImageObject\",\"inLanguage\":\"pt-PT\",\"@id\":\"https:\\\/\\\/www.mylasertabac.com\\\/pt-pt\\\/e-se-foi-gracas-aos-lasers-anti-tabaco-que-o-consumo-diminuiu-nos-ultimos-anos\\\/#primaryimage\",\"url\":\"https:\\\/\\\/www.mylasertabac.com\\\/wp-content\\\/uploads\\\/2025\\\/05\\\/mp.png\",\"contentUrl\":\"https:\\\/\\\/www.mylasertabac.com\\\/wp-content\\\/uploads\\\/2025\\\/05\\\/mp.png\",\"width\":1536,\"height\":1024},{\"@type\":\"BreadcrumbList\",\"@id\":\"https:\\\/\\\/www.mylasertabac.com\\\/pt-pt\\\/e-se-foi-gracas-aos-lasers-anti-tabaco-que-o-consumo-diminuiu-nos-ultimos-anos\\\/#breadcrumb\",\"itemListElement\":[{\"@type\":\"ListItem\",\"position\":1,\"name\":\"Accueil\",\"item\":\"https:\\\/\\\/www.mylasertabac.com\\\/pt-pt\\\/casa\\\/\"},{\"@type\":\"ListItem\",\"position\":2,\"name\":\"E se foi gra\u00e7as aos lasers anti-tabaco que o consumo diminuiu nos \u00faltimos anos?\"}]},{\"@type\":\"WebSite\",\"@id\":\"https:\\\/\\\/www.mylasertabac.com\\\/pt-pt\\\/#website\",\"url\":\"https:\\\/\\\/www.mylasertabac.com\\\/pt-pt\\\/\",\"name\":\"My Laser Tabac\",\"description\":\"La solution laser qui transforme les fumeurs en ex-fumeurs\",\"publisher\":{\"@id\":\"https:\\\/\\\/www.mylasertabac.com\\\/pt-pt\\\/#organization\"},\"potentialAction\":[{\"@type\":\"SearchAction\",\"target\":{\"@type\":\"EntryPoint\",\"urlTemplate\":\"https:\\\/\\\/www.mylasertabac.com\\\/pt-pt\\\/?s={search_term_string}\"},\"query-input\":{\"@type\":\"PropertyValueSpecification\",\"valueRequired\":true,\"valueName\":\"search_term_string\"}}],\"inLanguage\":\"pt-PT\"},{\"@type\":\"Organization\",\"@id\":\"https:\\\/\\\/www.mylasertabac.com\\\/pt-pt\\\/#organization\",\"name\":\"My Laser Tabac\",\"url\":\"https:\\\/\\\/www.mylasertabac.com\\\/pt-pt\\\/\",\"logo\":{\"@type\":\"ImageObject\",\"inLanguage\":\"pt-PT\",\"@id\":\"https:\\\/\\\/www.mylasertabac.com\\\/pt-pt\\\/#\\\/schema\\\/logo\\\/image\\\/\",\"url\":\"https:\\\/\\\/www.mylasertabac.com\\\/wp-content\\\/uploads\\\/2024\\\/12\\\/mlt-verteau.svg\",\"contentUrl\":\"https:\\\/\\\/www.mylasertabac.com\\\/wp-content\\\/uploads\\\/2024\\\/12\\\/mlt-verteau.svg\",\"caption\":\"My Laser Tabac\"},\"image\":{\"@id\":\"https:\\\/\\\/www.mylasertabac.com\\\/pt-pt\\\/#\\\/schema\\\/logo\\\/image\\\/\"}},{\"@type\":\"Person\",\"@id\":\"https:\\\/\\\/www.mylasertabac.com\\\/pt-pt\\\/#\\\/schema\\\/person\\\/02c249cb76d912efb6c315ec23eccdf3\",\"name\":\"Florian Fortes\",\"image\":{\"@type\":\"ImageObject\",\"inLanguage\":\"pt-PT\",\"@id\":\"https:\\\/\\\/www.mylasertabac.com\\\/wp-content\\\/litespeed\\\/avatar\\\/142101a71d7b9e6490c1120d9c109a67.jpg?ver=1776856306\",\"url\":\"https:\\\/\\\/www.mylasertabac.com\\\/wp-content\\\/litespeed\\\/avatar\\\/142101a71d7b9e6490c1120d9c109a67.jpg?ver=1776856306\",\"contentUrl\":\"https:\\\/\\\/www.mylasertabac.com\\\/wp-content\\\/litespeed\\\/avatar\\\/142101a71d7b9e6490c1120d9c109a67.jpg?ver=1776856306\",\"caption\":\"Florian Fortes\"},\"sameAs\":[\"https:\\\/\\\/www.mylasertabac.com\",\"https:\\\/\\\/www.facebook.com\\\/profile.php?id=61571554707319\"],\"url\":\"https:\\\/\\\/www.mylasertabac.com\\\/pt-pt\\\/author\\\/florianfortes5312\\\/\"}]}<\/script>\n<!-- \/ Yoast SEO plugin. -->","yoast_head_json":{"title":"E se foi gra\u00e7as aos lasers anti-tabaco que o consumo diminuiu nos \u00faltimos anos? - My Laser Tabac","description":"Surgiram v\u00e1rios artigos que explicam que o consumo de tabaco em Fran\u00e7a diminuiu significativamente, e n\u00f3s podemos contar-te tudo...","robots":{"index":"index","follow":"follow","max-snippet":"max-snippet:-1","max-image-preview":"max-image-preview:large","max-video-preview":"max-video-preview:-1"},"canonical":"https:\/\/www.mylasertabac.com\/pt-pt\/e-se-foi-gracas-aos-lasers-anti-tabaco-que-o-consumo-diminuiu-nos-ultimos-anos\/","og_locale":"pt_PT","og_type":"article","og_title":"E se foi gra\u00e7as aos lasers anti-tabaco que o consumo diminuiu nos \u00faltimos anos? - My Laser Tabac","og_description":"Surgiram v\u00e1rios artigos que explicam que o consumo de tabaco em Fran\u00e7a diminuiu significativamente, e n\u00f3s podemos contar-te tudo...","og_url":"https:\/\/www.mylasertabac.com\/pt-pt\/e-se-foi-gracas-aos-lasers-anti-tabaco-que-o-consumo-diminuiu-nos-ultimos-anos\/","og_site_name":"My Laser Tabac","article_author":"https:\/\/www.facebook.com\/profile.php?id=61571554707319","article_published_time":"2025-05-31T05:46:19+00:00","article_modified_time":"2025-05-31T05:46:54+00:00","og_image":[{"width":1024,"height":683,"url":"https:\/\/www.mylasertabac.com\/wp-content\/uploads\/2025\/05\/mp-1024x683.png","type":"image\/png"}],"author":"Florian Fortes","twitter_card":"summary_large_image","twitter_misc":{"Escrito por":"Florian Fortes","Tempo estimado de leitura":"5 minutos"},"schema":{"@context":"https:\/\/schema.org","@graph":[{"@type":"Article","@id":"https:\/\/www.mylasertabac.com\/pt-pt\/e-se-foi-gracas-aos-lasers-anti-tabaco-que-o-consumo-diminuiu-nos-ultimos-anos\/#article","isPartOf":{"@id":"https:\/\/www.mylasertabac.com\/pt-pt\/e-se-foi-gracas-aos-lasers-anti-tabaco-que-o-consumo-diminuiu-nos-ultimos-anos\/"},"author":{"name":"Florian Fortes","@id":"https:\/\/www.mylasertabac.com\/pt-pt\/#\/schema\/person\/02c249cb76d912efb6c315ec23eccdf3"},"headline":"E se foi gra\u00e7as aos lasers anti-tabaco que o consumo diminuiu nos \u00faltimos anos?","datePublished":"2025-05-31T05:46:19+00:00","dateModified":"2025-05-31T05:46:54+00:00","mainEntityOfPage":{"@id":"https:\/\/www.mylasertabac.com\/pt-pt\/e-se-foi-gracas-aos-lasers-anti-tabaco-que-o-consumo-diminuiu-nos-ultimos-anos\/"},"wordCount":1107,"publisher":{"@id":"https:\/\/www.mylasertabac.com\/pt-pt\/#organization"},"image":{"@id":"https:\/\/www.mylasertabac.com\/pt-pt\/e-se-foi-gracas-aos-lasers-anti-tabaco-que-o-consumo-diminuiu-nos-ultimos-anos\/#primaryimage"},"thumbnailUrl":"https:\/\/www.mylasertabac.com\/wp-content\/uploads\/2025\/05\/mp.png","articleSection":["Sa\u00fade"],"inLanguage":"pt-PT"},{"@type":"WebPage","@id":"https:\/\/www.mylasertabac.com\/pt-pt\/e-se-foi-gracas-aos-lasers-anti-tabaco-que-o-consumo-diminuiu-nos-ultimos-anos\/","url":"https:\/\/www.mylasertabac.com\/pt-pt\/e-se-foi-gracas-aos-lasers-anti-tabaco-que-o-consumo-diminuiu-nos-ultimos-anos\/","name":"E se foi gra\u00e7as aos lasers anti-tabaco que o consumo diminuiu nos \u00faltimos anos? - My Laser Tabac","isPartOf":{"@id":"https:\/\/www.mylasertabac.com\/pt-pt\/#website"},"primaryImageOfPage":{"@id":"https:\/\/www.mylasertabac.com\/pt-pt\/e-se-foi-gracas-aos-lasers-anti-tabaco-que-o-consumo-diminuiu-nos-ultimos-anos\/#primaryimage"},"image":{"@id":"https:\/\/www.mylasertabac.com\/pt-pt\/e-se-foi-gracas-aos-lasers-anti-tabaco-que-o-consumo-diminuiu-nos-ultimos-anos\/#primaryimage"},"thumbnailUrl":"https:\/\/www.mylasertabac.com\/wp-content\/uploads\/2025\/05\/mp.png","datePublished":"2025-05-31T05:46:19+00:00","dateModified":"2025-05-31T05:46:54+00:00","description":"Surgiram v\u00e1rios artigos que explicam que o consumo de tabaco em Fran\u00e7a diminuiu significativamente, e n\u00f3s podemos contar-te tudo...","breadcrumb":{"@id":"https:\/\/www.mylasertabac.com\/pt-pt\/e-se-foi-gracas-aos-lasers-anti-tabaco-que-o-consumo-diminuiu-nos-ultimos-anos\/#breadcrumb"},"inLanguage":"pt-PT","potentialAction":[{"@type":"ReadAction","target":["https:\/\/www.mylasertabac.com\/pt-pt\/e-se-foi-gracas-aos-lasers-anti-tabaco-que-o-consumo-diminuiu-nos-ultimos-anos\/"]}]},{"@type":"ImageObject","inLanguage":"pt-PT","@id":"https:\/\/www.mylasertabac.com\/pt-pt\/e-se-foi-gracas-aos-lasers-anti-tabaco-que-o-consumo-diminuiu-nos-ultimos-anos\/#primaryimage","url":"https:\/\/www.mylasertabac.com\/wp-content\/uploads\/2025\/05\/mp.png","contentUrl":"https:\/\/www.mylasertabac.com\/wp-content\/uploads\/2025\/05\/mp.png","width":1536,"height":1024},{"@type":"BreadcrumbList","@id":"https:\/\/www.mylasertabac.com\/pt-pt\/e-se-foi-gracas-aos-lasers-anti-tabaco-que-o-consumo-diminuiu-nos-ultimos-anos\/#breadcrumb","itemListElement":[{"@type":"ListItem","position":1,"name":"Accueil","item":"https:\/\/www.mylasertabac.com\/pt-pt\/casa\/"},{"@type":"ListItem","position":2,"name":"E se foi gra\u00e7as aos lasers anti-tabaco que o consumo diminuiu nos \u00faltimos anos?"}]},{"@type":"WebSite","@id":"https:\/\/www.mylasertabac.com\/pt-pt\/#website","url":"https:\/\/www.mylasertabac.com\/pt-pt\/","name":"My Laser Tabac","description":"La solution laser qui transforme les fumeurs en ex-fumeurs","publisher":{"@id":"https:\/\/www.mylasertabac.com\/pt-pt\/#organization"},"potentialAction":[{"@type":"SearchAction","target":{"@type":"EntryPoint","urlTemplate":"https:\/\/www.mylasertabac.com\/pt-pt\/?s={search_term_string}"},"query-input":{"@type":"PropertyValueSpecification","valueRequired":true,"valueName":"search_term_string"}}],"inLanguage":"pt-PT"},{"@type":"Organization","@id":"https:\/\/www.mylasertabac.com\/pt-pt\/#organization","name":"My Laser Tabac","url":"https:\/\/www.mylasertabac.com\/pt-pt\/","logo":{"@type":"ImageObject","inLanguage":"pt-PT","@id":"https:\/\/www.mylasertabac.com\/pt-pt\/#\/schema\/logo\/image\/","url":"https:\/\/www.mylasertabac.com\/wp-content\/uploads\/2024\/12\/mlt-verteau.svg","contentUrl":"https:\/\/www.mylasertabac.com\/wp-content\/uploads\/2024\/12\/mlt-verteau.svg","caption":"My Laser Tabac"},"image":{"@id":"https:\/\/www.mylasertabac.com\/pt-pt\/#\/schema\/logo\/image\/"}},{"@type":"Person","@id":"https:\/\/www.mylasertabac.com\/pt-pt\/#\/schema\/person\/02c249cb76d912efb6c315ec23eccdf3","name":"Florian Fortes","image":{"@type":"ImageObject","inLanguage":"pt-PT","@id":"https:\/\/www.mylasertabac.com\/wp-content\/litespeed\/avatar\/142101a71d7b9e6490c1120d9c109a67.jpg?ver=1776856306","url":"https:\/\/www.mylasertabac.com\/wp-content\/litespeed\/avatar\/142101a71d7b9e6490c1120d9c109a67.jpg?ver=1776856306","contentUrl":"https:\/\/www.mylasertabac.com\/wp-content\/litespeed\/avatar\/142101a71d7b9e6490c1120d9c109a67.jpg?ver=1776856306","caption":"Florian Fortes"},"sameAs":["https:\/\/www.mylasertabac.com","https:\/\/www.facebook.com\/profile.php?id=61571554707319"],"url":"https:\/\/www.mylasertabac.com\/pt-pt\/author\/florianfortes5312\/"}]}},"_links":{"self":[{"href":"https:\/\/www.mylasertabac.com\/pt-pt\/wp-json\/wp\/v2\/posts\/8984","targetHints":{"allow":["GET"]}}],"collection":[{"href":"https:\/\/www.mylasertabac.com\/pt-pt\/wp-json\/wp\/v2\/posts"}],"about":[{"href":"https:\/\/www.mylasertabac.com\/pt-pt\/wp-json\/wp\/v2\/types\/post"}],"author":[{"embeddable":true,"href":"https:\/\/www.mylasertabac.com\/pt-pt\/wp-json\/wp\/v2\/users\/2"}],"replies":[{"embeddable":true,"href":"https:\/\/www.mylasertabac.com\/pt-pt\/wp-json\/wp\/v2\/comments?post=8984"}],"version-history":[{"count":1,"href":"https:\/\/www.mylasertabac.com\/pt-pt\/wp-json\/wp\/v2\/posts\/8984\/revisions"}],"predecessor-version":[{"id":8985,"href":"https:\/\/www.mylasertabac.com\/pt-pt\/wp-json\/wp\/v2\/posts\/8984\/revisions\/8985"}],"wp:featuredmedia":[{"embeddable":true,"href":"https:\/\/www.mylasertabac.com\/pt-pt\/wp-json\/wp\/v2\/media\/8945"}],"wp:attachment":[{"href":"https:\/\/www.mylasertabac.com\/pt-pt\/wp-json\/wp\/v2\/media?parent=8984"}],"wp:term":[{"taxonomy":"category","embeddable":true,"href":"https:\/\/www.mylasertabac.com\/pt-pt\/wp-json\/wp\/v2\/categories?post=8984"},{"taxonomy":"post_tag","embeddable":true,"href":"https:\/\/www.mylasertabac.com\/pt-pt\/wp-json\/wp\/v2\/tags?post=8984"}],"curies":[{"name":"wp","href":"https:\/\/api.w.org\/{rel}","templated":true}]}}