{"id":9119,"date":"2025-06-02T16:32:30","date_gmt":"2025-06-02T14:32:30","guid":{"rendered":"https:\/\/www.mylasertabac.com\/fumar-nos-transportes-publicos-regulamentacao-em-vigor-em-franca\/"},"modified":"2025-06-02T16:50:09","modified_gmt":"2025-06-02T14:50:09","slug":"fumar-nos-transportes-publicos-regulamentacao-em-vigor-em-franca","status":"publish","type":"post","link":"https:\/\/www.mylasertabac.com\/pt-pt\/fumar-nos-transportes-publicos-regulamentacao-em-vigor-em-franca\/","title":{"rendered":"Fumar nos transportes p\u00fablicos: regulamenta\u00e7\u00e3o em vigor em Fran\u00e7a"},"content":{"rendered":"\n<div style=\"height:25px\" aria-hidden=\"true\" class=\"wp-block-spacer\"><\/div>\n\n<p>Desde o aparecimento do cigarro eletr\u00f3nico, a quest\u00e3o da sua utiliza\u00e7\u00e3o em locais p\u00fablicos, nomeadamente nos transportes p\u00fablicos, tem sido levantada regularmente. Podes fumar livremente num autocarro, comboio ou metro em Fran\u00e7a? A regulamenta\u00e7\u00e3o atual d\u00e1 uma resposta clara: aplicam-se certas proibi\u00e7\u00f5es, sujeitas a san\u00e7\u00f5es. Este artigo analisa as regras actuais e explora uma alternativa eficaz para abandonar definitivamente o cigarro e o vaping: o laser anti-tabaco.   <\/p>\n\n<div style=\"height:38px\" aria-hidden=\"true\" class=\"wp-block-spacer\"><\/div>\n\n<figure class=\"wp-block-image alignleft size-large is-resized\"><img fetchpriority=\"high\" decoding=\"async\" width=\"1024\" height=\"683\" src=\"https:\/\/www.mylasertabac.com\/wp-content\/uploads\/2025\/06\/vape-bus-1024x683.png\" alt=\"\" class=\"wp-image-9097\" style=\"aspect-ratio:1;width:418px;height:auto\" srcset=\"https:\/\/www.mylasertabac.com\/wp-content\/uploads\/2025\/06\/vape-bus-1024x683.png 1024w, https:\/\/www.mylasertabac.com\/wp-content\/uploads\/2025\/06\/vape-bus-300x200.png 300w, https:\/\/www.mylasertabac.com\/wp-content\/uploads\/2025\/06\/vape-bus-768x512.png 768w, https:\/\/www.mylasertabac.com\/wp-content\/uploads\/2025\/06\/vape-bus.png 1536w\" sizes=\"(max-width: 1024px) 100vw, 1024px\" \/><\/figure>\n\n<h2 class=\"wp-block-heading\"><strong>O que diz a lei sobre a utiliza\u00e7\u00e3o de cigarros electr\u00f3nicos nos transportes p\u00fablicos<\/strong><\/h2>\n\n<h3 class=\"wp-block-heading\"><strong>A Lei da Sa\u00fade de 2016 e a proibi\u00e7\u00e3o de fumar em certos locais p\u00fablicos<\/strong><\/h3>\n\n<p>Desde a Lei da Sa\u00fade de 26 de janeiro de 2016, refor\u00e7ada por um decreto de aplica\u00e7\u00e3o, a utiliza\u00e7\u00e3o de cigarros electr\u00f3nicos foi proibida em muitos espa\u00e7os <strong>p\u00fablicos<\/strong>, incluindo os transportes p\u00fablicos. Esta proibi\u00e7\u00e3o aplica-se a <strong>locais<\/strong> fechados e cobertos acess\u00edveis ao <strong>p\u00fablico<\/strong>, como <strong>escolas<\/strong>, <strong>locais de trabalho<\/strong> e locais abertos ao <strong>p\u00fablico<\/strong>. O objetivo desta regulamenta\u00e7\u00e3o \u00e9 limitar o <strong>tabagismo<\/strong> passivo e evitar que <strong>os menores<\/strong> consumam <strong>produtos<\/strong> de nicotina.  <\/p>\n\n<p>Por conseguinte, \u00e9 estritamente proibido fumar:<\/p>\n\n<div style=\"height:38px\" aria-hidden=\"true\" class=\"wp-block-spacer\"><\/div>\n\n<ul class=\"wp-block-list\">\n<li>Nos <strong>transportes cobertos<\/strong>, como <strong>autocarros, metro e comboios<\/strong>.<\/li>\n\n\n\n<li>Dentro de <strong>esta\u00e7\u00f5es<\/strong>, <strong>estabelecimentos<\/strong> ferrovi\u00e1rios e esta\u00e7\u00f5es de metro.<\/li>\n\n\n\n<li>Nos avi\u00f5es, onde a proibi\u00e7\u00e3o \u00e9 ainda mais rigorosa e aplicada por um <strong>c\u00f3digo<\/strong> internacional.<\/li>\n<\/ul>\n\n<p><strong>Os agentes<\/strong> da autoridade s\u00e3o respons\u00e1veis pela aplica\u00e7\u00e3o desta proibi\u00e7\u00e3o e podem multar os infractores.<\/p>\n\n<div style=\"height:25px\" aria-hidden=\"true\" class=\"wp-block-spacer\"><\/div>\n\n<h2 class=\"wp-block-heading\"><strong>Onde \u00e9 que ainda podes fumar legalmente nos transportes p\u00fablicos?<\/strong><\/h2>\n\n<div style=\"height:25px\" aria-hidden=\"true\" class=\"wp-block-spacer\"><\/div>\n\n<p>Existem algumas excep\u00e7\u00f5es que ainda permitem a utiliza\u00e7\u00e3o de cigarros <strong>electr\u00f3nicos<\/strong> em determinadas \u00e1reas. \u00c9 poss\u00edvel fumar : <\/p>\n\n<ul class=\"wp-block-list\">\n<li>Em <strong>\u00e1reas exteriores<\/strong>, como plataformas de comboios descobertas.<\/li>\n\n\n\n<li>Ao ar livre em determinadas <strong>esta\u00e7\u00f5es<\/strong>, fora das zonas abrangidas pelo <strong>decreto<\/strong> de 2016.<\/li>\n\n\n\n<li>Nas zonas reservadas, por vezes criadas por certos <strong>estabelecimentos<\/strong> de transporte para permitir aos utilizadores consumir os seus <strong>produtos<\/strong>.<\/li>\n<\/ul>\n\n<p>No entanto, os <strong>regulamentos<\/strong> internos de algumas empresas de transportes podem ser ainda mais restritivos. Por isso, \u00e9 aconselh\u00e1vel informares-te sobre tudo o que puderes antes de fumares nessas zonas. <\/p>\n\n<div style=\"height:25px\" aria-hidden=\"true\" class=\"wp-block-spacer\"><\/div>\n\n<h2 class=\"wp-block-heading\"><strong>Quais s\u00e3o as san\u00e7\u00f5es a aplicar em caso de incumprimento do regulamento?<\/strong><\/h2>\n\n<div style=\"height:25px\" aria-hidden=\"true\" class=\"wp-block-spacer\"><\/div>\n\n<h3 class=\"wp-block-heading\"><strong>Multas e riscos incorridos pelos infractores<\/strong><\/h3>\n\n<div style=\"height:25px\" aria-hidden=\"true\" class=\"wp-block-spacer\"><\/div>\n\n<p>Os utilizadores que fumem em zonas proibidas est\u00e3o sujeitos a uma <strong>coima<\/strong> fixa que pode ir at\u00e9 <strong>150 euros<\/strong>. Esta san\u00e7\u00e3o aplica-se em todos os <strong>estabelecimentos<\/strong> onde a utiliza\u00e7\u00e3o de cigarros <strong>electr\u00f3nicos<\/strong> seja proibida por lei. <strong>Os agentes<\/strong> de fiscaliza\u00e7\u00e3o s\u00e3o respons\u00e1veis pelo cumprimento do <strong>c\u00f3digo<\/strong> em vigor e podem aplicar multas imediatas aos infractores.  <\/p>\n\n<p>Em alguns casos, as san\u00e7\u00f5es podem ser agravadas, nomeadamente se o vaporizador for reincidente ou se recusar a cooperar com os <strong>agentes<\/strong> da autoridade. Houve v\u00e1rios relatos de casos em que os vaporizadores, pensando que tinham o direito de usar o seu cigarro <strong>eletr\u00f3nico<\/strong>, foram multados devido \u00e0<strong>proibi\u00e7\u00e3o do transporte em recintos fechados<\/strong>. <\/p>\n\n<div style=\"height:25px\" aria-hidden=\"true\" class=\"wp-block-spacer\"><\/div>\n\n<h3 class=\"wp-block-heading\"><strong>Rumo a restri\u00e7\u00f5es mais rigorosas?<\/strong><\/h3>\n\n<div style=\"height:25px\" aria-hidden=\"true\" class=\"wp-block-spacer\"><\/div>\n\n<p>O <strong>tabagismo<\/strong> continua a ser uma grande preocupa\u00e7\u00e3o para as autoridades p\u00fablicas, e o cigarro <strong>eletr\u00f3nico<\/strong> \u00e9 por vezes visto como um instrumento que incentiva <strong>os menores<\/strong> a come\u00e7ar a <strong>fumar<\/strong>. Por conseguinte, algumas <strong>institui\u00e7\u00f5es<\/strong> e organismos governamentais est\u00e3o a discutir novas medidas para restringir ainda mais o vaping em locais <strong>p\u00fablicos<\/strong> e nos transportes. <\/p>\n\n<p>J\u00e1 foram apresentadas propostas, como a extens\u00e3o da proibi\u00e7\u00e3o <strong>a<\/strong> todas as \u00e1reas exteriores das <strong>esta\u00e7\u00f5es<\/strong> e paragens de transportes <strong>p\u00fablicos<\/strong>. Outros pa\u00edses, como a Austr\u00e1lia e o Canad\u00e1, est\u00e3o a aplicar <strong>regulamenta\u00e7\u00f5es<\/strong> ainda mais rigorosas, proibindo completamente o consumo de cigarros <strong>electr\u00f3nicos<\/strong> em todos os locais p\u00fablicos, incluindo ao ar livre. A Fran\u00e7a poder\u00e1 seguir esta tend\u00eancia nos pr\u00f3ximos anos.  <\/p>\n\n<div style=\"height:25px\" aria-hidden=\"true\" class=\"wp-block-spacer\"><\/div>\n\n<h2 class=\"wp-block-heading\"><strong>O laser anti-tabaco: uma alternativa para deixares de fumar e vaporizares de vez<\/strong><\/h2>\n\n<div style=\"height:31px\" aria-hidden=\"true\" class=\"wp-block-spacer\"><\/div>\n\n<h2 class=\"wp-block-heading\"><strong>Como funciona o laser anti-tabagismo?<\/strong><\/h2>\n\n<div style=\"height:25px\" aria-hidden=\"true\" class=\"wp-block-spacer\"><\/div>\n\n<p><strong>O tratamento a laser auricular<\/strong> baseia-se na<strong><a href=\"https:\/\/www.mylasertabac.com\/pt-pt\/\">auriculoterapia<\/a><\/strong>um m\u00e9todo inspirado na medicina tradicional chinesa. Esta t\u00e9cnica consiste em estimular pontos espec\u00edficos da orelha com um <strong>laser<\/strong> de baixa frequ\u00eancia. Este processo actua diretamente sobre os receptores da depend\u00eancia da nicotina, ajudando a reduzir o desejo de usar cigarros <strong>electr\u00f3nicos<\/strong> e convencionais.  <\/p>\n\n<p>O objetivo \u00e9 oferecer uma solu\u00e7\u00e3o natural, eficaz e indolor para as pessoas que querem deixar de fumar ou de vaporizar. Ao contr\u00e1rio dos substitutos da nicotina, este m\u00e9todo n\u00e3o depende de quaisquer <strong>qu\u00edmicos<\/strong> e permite-te deixar de fumar imediatamente, sem quaisquer efeitos secund\u00e1rios. <\/p>\n\n<div style=\"height:25px\" aria-hidden=\"true\" class=\"wp-block-spacer\"><\/div>\n\n<p class=\"has-cyan-bluish-gray-background-color has-background\">Tamb\u00e9m vale a pena ler: <a href=\"https:\/\/www.mylasertabac.com\/pt-pt\/informacoes\/formacao-laser-anti-tabaco-e-contra-a-dependencia\/\"><mark style=\"background-color:rgba(0, 0, 0, 0)\" class=\"has-inline-color has-luminous-vivid-orange-color\">Se queres come\u00e7ar um novo neg\u00f3cio, a forma\u00e7\u00e3o em reflexologia auricular \u00e9 para ti.<\/mark><\/a><\/p>\n\n<div style=\"height:25px\" aria-hidden=\"true\" class=\"wp-block-spacer\"><\/div>\n\n<h2 class=\"wp-block-heading\"><strong>Porqu\u00ea escolher o laser para deixar de fumar e de vaporizar?<\/strong><\/h2>\n\n<div style=\"height:25px\" aria-hidden=\"true\" class=\"wp-block-spacer\"><\/div>\n\n<p>O <strong>laser anti-tabaco<\/strong> oferece uma s\u00e9rie de vantagens para quem deseja acabar com a depend\u00eancia da nicotina:<br\/>\u2705 <strong>Uma \u00fanica sess\u00e3o \u00e9 suficiente<\/strong> para a maioria dos pacientes, ao contr\u00e1rio dos substitutos convencionais.<br\/>\u2705 <strong>Uma taxa de sucesso de 90%<\/strong>, comprovada por milhares de testemunhos.<br\/>\u2705 <strong>Um m\u00e9todo natural<\/strong>, sem utiliza\u00e7\u00e3o de produtos qu\u00edmicos e sem risco de aumento de peso.<br\/>\u2705 <strong>Um tratamento r\u00e1pido e indolor<\/strong>, efectuado em <strong>estabelecimentos<\/strong> especializados.<\/p>\n\n<div style=\"height:25px\" aria-hidden=\"true\" class=\"wp-block-spacer\"><\/div>\n\n<p>Muitos fumadores e vaporizadores j\u00e1 deram o mergulho e relatam que <strong><a href=\"https:\/\/www.mylasertabac.com\/pt-pt\/\">deixado de fumar<\/a><\/strong> gra\u00e7as \u00e0 tecnologia <strong>laser<\/strong>. Se est\u00e1s \u00e0 procura de uma forma eficaz de deixar de fumar, esta t\u00e9cnica pode muito bem ser a chave do teu sucesso. <\/p>\n\n<div style=\"height:25px\" aria-hidden=\"true\" class=\"wp-block-spacer\"><\/div>\n\n<h2 class=\"wp-block-heading\"><strong>Conclus\u00e3o<\/strong><\/h2>\n\n<p>Fumar nos <strong>transportes p\u00fablicos<\/strong> est\u00e1 sujeito a uma <strong>regulamenta\u00e7\u00e3o<\/strong> rigorosa destinada a proteger o <strong>p\u00fablico<\/strong> e a limitar<strong>a exposi\u00e7\u00e3o ao tabagismo<\/strong> passivo. As san\u00e7\u00f5es por incumprimento destas regras podem ser severas, com <strong>coimas<\/strong> que podem ir at\u00e9 150 euros. Em vez de suportar estes constrangimentos, por que n\u00e3o consideras deixar de fumar de vez?  <\/p>\n\n<p>Gra\u00e7as ao m\u00e9todo <strong>laser anti-tabaco<\/strong>, podes deixar de fumar numa <strong>s\u00f3 sess\u00e3o<\/strong>, sem dor nem efeitos secund\u00e1rios. Descobre mais sobre esta solu\u00e7\u00e3o em <a href=\"https:\/\/www.mylasertabac.com\/pt-pt\/\"><strong>MyLaserTabac.com<\/strong><\/a> e redescobre hoje uma vida sem <strong>cigarros<\/strong> ou vaporizadores! <\/p>\n\n<div style=\"height:35px\" aria-hidden=\"true\" class=\"wp-block-spacer\"><\/div>\n\n<figure class=\"wp-block-image size-large\"><img decoding=\"async\" src=\"https:\/\/www.mylasertabac.com\/wp-content\/uploads\/\/mlt-verteau.svg\" alt=\"\" class=\"wp-image-13\"\/><\/figure>\n","protected":false},"excerpt":{"rendered":"<p>Desde o aparecimento do cigarro eletr\u00f3nico, a quest\u00e3o da sua utiliza\u00e7\u00e3o em locais p\u00fablicos, nomeadamente nos transportes p\u00fablicos, tem sido levantada regularmente. Podes fumar livremente num autocarro, comboio ou metro em Fran\u00e7a? A regulamenta\u00e7\u00e3o atual d\u00e1 uma resposta clara: aplicam-se certas proibi\u00e7\u00f5es, sujeitas a san\u00e7\u00f5es. Este artigo analisa as regras actuais e explora uma alternativa [&hellip;]<\/p>\n","protected":false},"author":2,"featured_media":9111,"comment_status":"closed","ping_status":"open","sticky":false,"template":"","format":"standard","meta":{"inline_featured_image":false,"footnotes":""},"categories":[579],"tags":[],"class_list":["post-9119","post","type-post","status-publish","format-standard","has-post-thumbnail","hentry","category-lei"],"yoast_head":"<!-- This site is optimized with the Yoast SEO plugin v27.4 - https:\/\/yoast.com\/product\/yoast-seo-wordpress\/ -->\n<title>Fumar nos transportes p\u00fablicos: regulamenta\u00e7\u00e3o em vigor em Fran\u00e7a - My Laser Tabac<\/title>\n<meta name=\"description\" content=\"Se queres saber se \u00e9 legal fumar um cigarro eletr\u00f3nico num autocarro, o nosso artigo explica tudo.\" \/>\n<meta name=\"robots\" content=\"index, follow, max-snippet:-1, max-image-preview:large, max-video-preview:-1\" \/>\n<link rel=\"canonical\" href=\"https:\/\/www.mylasertabac.com\/pt-pt\/fumar-nos-transportes-publicos-regulamentacao-em-vigor-em-franca\/\" \/>\n<meta property=\"og:locale\" content=\"pt_PT\" \/>\n<meta property=\"og:type\" content=\"article\" \/>\n<meta property=\"og:title\" content=\"Fumar nos transportes p\u00fablicos: regulamenta\u00e7\u00e3o em vigor em Fran\u00e7a - My Laser Tabac\" \/>\n<meta property=\"og:description\" content=\"Se queres saber se \u00e9 legal fumar um cigarro eletr\u00f3nico num autocarro, o nosso artigo explica tudo.\" \/>\n<meta property=\"og:url\" content=\"https:\/\/www.mylasertabac.com\/pt-pt\/fumar-nos-transportes-publicos-regulamentacao-em-vigor-em-franca\/\" \/>\n<meta property=\"og:site_name\" content=\"My Laser Tabac\" \/>\n<meta property=\"article:author\" content=\"https:\/\/www.facebook.com\/profile.php?id=61571554707319\" \/>\n<meta property=\"article:published_time\" content=\"2025-06-02T14:32:30+00:00\" \/>\n<meta property=\"article:modified_time\" content=\"2025-06-02T14:50:09+00:00\" \/>\n<meta property=\"og:image\" content=\"https:\/\/www.mylasertabac.com\/wp-content\/uploads\/2025\/06\/mnb.png\" \/>\n\t<meta property=\"og:image:width\" content=\"1536\" \/>\n\t<meta property=\"og:image:height\" content=\"1024\" \/>\n\t<meta property=\"og:image:type\" content=\"image\/png\" \/>\n<meta name=\"author\" content=\"Florian Fortes\" \/>\n<meta name=\"twitter:card\" content=\"summary_large_image\" \/>\n<meta name=\"twitter:label1\" content=\"Escrito por\" \/>\n\t<meta name=\"twitter:data1\" content=\"Florian Fortes\" \/>\n\t<meta name=\"twitter:label2\" content=\"Tempo estimado de leitura\" \/>\n\t<meta name=\"twitter:data2\" content=\"5 minutos\" \/>\n<script type=\"application\/ld+json\" class=\"yoast-schema-graph\">{\"@context\":\"https:\\\/\\\/schema.org\",\"@graph\":[{\"@type\":\"Article\",\"@id\":\"https:\\\/\\\/www.mylasertabac.com\\\/pt-pt\\\/fumar-nos-transportes-publicos-regulamentacao-em-vigor-em-franca\\\/#article\",\"isPartOf\":{\"@id\":\"https:\\\/\\\/www.mylasertabac.com\\\/pt-pt\\\/fumar-nos-transportes-publicos-regulamentacao-em-vigor-em-franca\\\/\"},\"author\":{\"name\":\"Florian Fortes\",\"@id\":\"https:\\\/\\\/www.mylasertabac.com\\\/pt-pt\\\/#\\\/schema\\\/person\\\/02c249cb76d912efb6c315ec23eccdf3\"},\"headline\":\"Fumar nos transportes p\u00fablicos: regulamenta\u00e7\u00e3o em vigor em Fran\u00e7a\",\"datePublished\":\"2025-06-02T14:32:30+00:00\",\"dateModified\":\"2025-06-02T14:50:09+00:00\",\"mainEntityOfPage\":{\"@id\":\"https:\\\/\\\/www.mylasertabac.com\\\/pt-pt\\\/fumar-nos-transportes-publicos-regulamentacao-em-vigor-em-franca\\\/\"},\"wordCount\":1018,\"publisher\":{\"@id\":\"https:\\\/\\\/www.mylasertabac.com\\\/pt-pt\\\/#organization\"},\"image\":{\"@id\":\"https:\\\/\\\/www.mylasertabac.com\\\/pt-pt\\\/fumar-nos-transportes-publicos-regulamentacao-em-vigor-em-franca\\\/#primaryimage\"},\"thumbnailUrl\":\"https:\\\/\\\/www.mylasertabac.com\\\/wp-content\\\/uploads\\\/2025\\\/06\\\/mnb.png\",\"articleSection\":[\"lei\"],\"inLanguage\":\"pt-PT\"},{\"@type\":\"WebPage\",\"@id\":\"https:\\\/\\\/www.mylasertabac.com\\\/pt-pt\\\/fumar-nos-transportes-publicos-regulamentacao-em-vigor-em-franca\\\/\",\"url\":\"https:\\\/\\\/www.mylasertabac.com\\\/pt-pt\\\/fumar-nos-transportes-publicos-regulamentacao-em-vigor-em-franca\\\/\",\"name\":\"Fumar nos transportes p\u00fablicos: regulamenta\u00e7\u00e3o em vigor em Fran\u00e7a - My Laser Tabac\",\"isPartOf\":{\"@id\":\"https:\\\/\\\/www.mylasertabac.com\\\/pt-pt\\\/#website\"},\"primaryImageOfPage\":{\"@id\":\"https:\\\/\\\/www.mylasertabac.com\\\/pt-pt\\\/fumar-nos-transportes-publicos-regulamentacao-em-vigor-em-franca\\\/#primaryimage\"},\"image\":{\"@id\":\"https:\\\/\\\/www.mylasertabac.com\\\/pt-pt\\\/fumar-nos-transportes-publicos-regulamentacao-em-vigor-em-franca\\\/#primaryimage\"},\"thumbnailUrl\":\"https:\\\/\\\/www.mylasertabac.com\\\/wp-content\\\/uploads\\\/2025\\\/06\\\/mnb.png\",\"datePublished\":\"2025-06-02T14:32:30+00:00\",\"dateModified\":\"2025-06-02T14:50:09+00:00\",\"description\":\"Se queres saber se \u00e9 legal fumar um cigarro eletr\u00f3nico num autocarro, o nosso artigo explica tudo.\",\"breadcrumb\":{\"@id\":\"https:\\\/\\\/www.mylasertabac.com\\\/pt-pt\\\/fumar-nos-transportes-publicos-regulamentacao-em-vigor-em-franca\\\/#breadcrumb\"},\"inLanguage\":\"pt-PT\",\"potentialAction\":[{\"@type\":\"ReadAction\",\"target\":[\"https:\\\/\\\/www.mylasertabac.com\\\/pt-pt\\\/fumar-nos-transportes-publicos-regulamentacao-em-vigor-em-franca\\\/\"]}]},{\"@type\":\"ImageObject\",\"inLanguage\":\"pt-PT\",\"@id\":\"https:\\\/\\\/www.mylasertabac.com\\\/pt-pt\\\/fumar-nos-transportes-publicos-regulamentacao-em-vigor-em-franca\\\/#primaryimage\",\"url\":\"https:\\\/\\\/www.mylasertabac.com\\\/wp-content\\\/uploads\\\/2025\\\/06\\\/mnb.png\",\"contentUrl\":\"https:\\\/\\\/www.mylasertabac.com\\\/wp-content\\\/uploads\\\/2025\\\/06\\\/mnb.png\",\"width\":1536,\"height\":1024},{\"@type\":\"BreadcrumbList\",\"@id\":\"https:\\\/\\\/www.mylasertabac.com\\\/pt-pt\\\/fumar-nos-transportes-publicos-regulamentacao-em-vigor-em-franca\\\/#breadcrumb\",\"itemListElement\":[{\"@type\":\"ListItem\",\"position\":1,\"name\":\"Accueil\",\"item\":\"https:\\\/\\\/www.mylasertabac.com\\\/pt-pt\\\/casa\\\/\"},{\"@type\":\"ListItem\",\"position\":2,\"name\":\"Fumar nos transportes p\u00fablicos: regulamenta\u00e7\u00e3o em vigor em Fran\u00e7a\"}]},{\"@type\":\"WebSite\",\"@id\":\"https:\\\/\\\/www.mylasertabac.com\\\/pt-pt\\\/#website\",\"url\":\"https:\\\/\\\/www.mylasertabac.com\\\/pt-pt\\\/\",\"name\":\"My Laser Tabac\",\"description\":\"La solution laser qui transforme les fumeurs en ex-fumeurs\",\"publisher\":{\"@id\":\"https:\\\/\\\/www.mylasertabac.com\\\/pt-pt\\\/#organization\"},\"potentialAction\":[{\"@type\":\"SearchAction\",\"target\":{\"@type\":\"EntryPoint\",\"urlTemplate\":\"https:\\\/\\\/www.mylasertabac.com\\\/pt-pt\\\/?s={search_term_string}\"},\"query-input\":{\"@type\":\"PropertyValueSpecification\",\"valueRequired\":true,\"valueName\":\"search_term_string\"}}],\"inLanguage\":\"pt-PT\"},{\"@type\":\"Organization\",\"@id\":\"https:\\\/\\\/www.mylasertabac.com\\\/pt-pt\\\/#organization\",\"name\":\"My Laser Tabac\",\"url\":\"https:\\\/\\\/www.mylasertabac.com\\\/pt-pt\\\/\",\"logo\":{\"@type\":\"ImageObject\",\"inLanguage\":\"pt-PT\",\"@id\":\"https:\\\/\\\/www.mylasertabac.com\\\/pt-pt\\\/#\\\/schema\\\/logo\\\/image\\\/\",\"url\":\"https:\\\/\\\/www.mylasertabac.com\\\/wp-content\\\/uploads\\\/2024\\\/12\\\/mlt-verteau.svg\",\"contentUrl\":\"https:\\\/\\\/www.mylasertabac.com\\\/wp-content\\\/uploads\\\/2024\\\/12\\\/mlt-verteau.svg\",\"caption\":\"My Laser Tabac\"},\"image\":{\"@id\":\"https:\\\/\\\/www.mylasertabac.com\\\/pt-pt\\\/#\\\/schema\\\/logo\\\/image\\\/\"}},{\"@type\":\"Person\",\"@id\":\"https:\\\/\\\/www.mylasertabac.com\\\/pt-pt\\\/#\\\/schema\\\/person\\\/02c249cb76d912efb6c315ec23eccdf3\",\"name\":\"Florian Fortes\",\"image\":{\"@type\":\"ImageObject\",\"inLanguage\":\"pt-PT\",\"@id\":\"https:\\\/\\\/www.mylasertabac.com\\\/wp-content\\\/litespeed\\\/avatar\\\/142101a71d7b9e6490c1120d9c109a67.jpg?ver=1776856306\",\"url\":\"https:\\\/\\\/www.mylasertabac.com\\\/wp-content\\\/litespeed\\\/avatar\\\/142101a71d7b9e6490c1120d9c109a67.jpg?ver=1776856306\",\"contentUrl\":\"https:\\\/\\\/www.mylasertabac.com\\\/wp-content\\\/litespeed\\\/avatar\\\/142101a71d7b9e6490c1120d9c109a67.jpg?ver=1776856306\",\"caption\":\"Florian Fortes\"},\"sameAs\":[\"https:\\\/\\\/www.mylasertabac.com\",\"https:\\\/\\\/www.facebook.com\\\/profile.php?id=61571554707319\"],\"url\":\"https:\\\/\\\/www.mylasertabac.com\\\/pt-pt\\\/author\\\/florianfortes5312\\\/\"}]}<\/script>\n<!-- \/ Yoast SEO plugin. -->","yoast_head_json":{"title":"Fumar nos transportes p\u00fablicos: regulamenta\u00e7\u00e3o em vigor em Fran\u00e7a - My Laser Tabac","description":"Se queres saber se \u00e9 legal fumar um cigarro eletr\u00f3nico num autocarro, o nosso artigo explica tudo.","robots":{"index":"index","follow":"follow","max-snippet":"max-snippet:-1","max-image-preview":"max-image-preview:large","max-video-preview":"max-video-preview:-1"},"canonical":"https:\/\/www.mylasertabac.com\/pt-pt\/fumar-nos-transportes-publicos-regulamentacao-em-vigor-em-franca\/","og_locale":"pt_PT","og_type":"article","og_title":"Fumar nos transportes p\u00fablicos: regulamenta\u00e7\u00e3o em vigor em Fran\u00e7a - My Laser Tabac","og_description":"Se queres saber se \u00e9 legal fumar um cigarro eletr\u00f3nico num autocarro, o nosso artigo explica tudo.","og_url":"https:\/\/www.mylasertabac.com\/pt-pt\/fumar-nos-transportes-publicos-regulamentacao-em-vigor-em-franca\/","og_site_name":"My Laser Tabac","article_author":"https:\/\/www.facebook.com\/profile.php?id=61571554707319","article_published_time":"2025-06-02T14:32:30+00:00","article_modified_time":"2025-06-02T14:50:09+00:00","og_image":[{"width":1536,"height":1024,"url":"https:\/\/www.mylasertabac.com\/wp-content\/uploads\/2025\/06\/mnb.png","type":"image\/png"}],"author":"Florian Fortes","twitter_card":"summary_large_image","twitter_misc":{"Escrito por":"Florian Fortes","Tempo estimado de leitura":"5 minutos"},"schema":{"@context":"https:\/\/schema.org","@graph":[{"@type":"Article","@id":"https:\/\/www.mylasertabac.com\/pt-pt\/fumar-nos-transportes-publicos-regulamentacao-em-vigor-em-franca\/#article","isPartOf":{"@id":"https:\/\/www.mylasertabac.com\/pt-pt\/fumar-nos-transportes-publicos-regulamentacao-em-vigor-em-franca\/"},"author":{"name":"Florian Fortes","@id":"https:\/\/www.mylasertabac.com\/pt-pt\/#\/schema\/person\/02c249cb76d912efb6c315ec23eccdf3"},"headline":"Fumar nos transportes p\u00fablicos: regulamenta\u00e7\u00e3o em vigor em Fran\u00e7a","datePublished":"2025-06-02T14:32:30+00:00","dateModified":"2025-06-02T14:50:09+00:00","mainEntityOfPage":{"@id":"https:\/\/www.mylasertabac.com\/pt-pt\/fumar-nos-transportes-publicos-regulamentacao-em-vigor-em-franca\/"},"wordCount":1018,"publisher":{"@id":"https:\/\/www.mylasertabac.com\/pt-pt\/#organization"},"image":{"@id":"https:\/\/www.mylasertabac.com\/pt-pt\/fumar-nos-transportes-publicos-regulamentacao-em-vigor-em-franca\/#primaryimage"},"thumbnailUrl":"https:\/\/www.mylasertabac.com\/wp-content\/uploads\/2025\/06\/mnb.png","articleSection":["lei"],"inLanguage":"pt-PT"},{"@type":"WebPage","@id":"https:\/\/www.mylasertabac.com\/pt-pt\/fumar-nos-transportes-publicos-regulamentacao-em-vigor-em-franca\/","url":"https:\/\/www.mylasertabac.com\/pt-pt\/fumar-nos-transportes-publicos-regulamentacao-em-vigor-em-franca\/","name":"Fumar nos transportes p\u00fablicos: regulamenta\u00e7\u00e3o em vigor em Fran\u00e7a - My Laser Tabac","isPartOf":{"@id":"https:\/\/www.mylasertabac.com\/pt-pt\/#website"},"primaryImageOfPage":{"@id":"https:\/\/www.mylasertabac.com\/pt-pt\/fumar-nos-transportes-publicos-regulamentacao-em-vigor-em-franca\/#primaryimage"},"image":{"@id":"https:\/\/www.mylasertabac.com\/pt-pt\/fumar-nos-transportes-publicos-regulamentacao-em-vigor-em-franca\/#primaryimage"},"thumbnailUrl":"https:\/\/www.mylasertabac.com\/wp-content\/uploads\/2025\/06\/mnb.png","datePublished":"2025-06-02T14:32:30+00:00","dateModified":"2025-06-02T14:50:09+00:00","description":"Se queres saber se \u00e9 legal fumar um cigarro eletr\u00f3nico num autocarro, o nosso artigo explica tudo.","breadcrumb":{"@id":"https:\/\/www.mylasertabac.com\/pt-pt\/fumar-nos-transportes-publicos-regulamentacao-em-vigor-em-franca\/#breadcrumb"},"inLanguage":"pt-PT","potentialAction":[{"@type":"ReadAction","target":["https:\/\/www.mylasertabac.com\/pt-pt\/fumar-nos-transportes-publicos-regulamentacao-em-vigor-em-franca\/"]}]},{"@type":"ImageObject","inLanguage":"pt-PT","@id":"https:\/\/www.mylasertabac.com\/pt-pt\/fumar-nos-transportes-publicos-regulamentacao-em-vigor-em-franca\/#primaryimage","url":"https:\/\/www.mylasertabac.com\/wp-content\/uploads\/2025\/06\/mnb.png","contentUrl":"https:\/\/www.mylasertabac.com\/wp-content\/uploads\/2025\/06\/mnb.png","width":1536,"height":1024},{"@type":"BreadcrumbList","@id":"https:\/\/www.mylasertabac.com\/pt-pt\/fumar-nos-transportes-publicos-regulamentacao-em-vigor-em-franca\/#breadcrumb","itemListElement":[{"@type":"ListItem","position":1,"name":"Accueil","item":"https:\/\/www.mylasertabac.com\/pt-pt\/casa\/"},{"@type":"ListItem","position":2,"name":"Fumar nos transportes p\u00fablicos: regulamenta\u00e7\u00e3o em vigor em Fran\u00e7a"}]},{"@type":"WebSite","@id":"https:\/\/www.mylasertabac.com\/pt-pt\/#website","url":"https:\/\/www.mylasertabac.com\/pt-pt\/","name":"My Laser Tabac","description":"La solution laser qui transforme les fumeurs en ex-fumeurs","publisher":{"@id":"https:\/\/www.mylasertabac.com\/pt-pt\/#organization"},"potentialAction":[{"@type":"SearchAction","target":{"@type":"EntryPoint","urlTemplate":"https:\/\/www.mylasertabac.com\/pt-pt\/?s={search_term_string}"},"query-input":{"@type":"PropertyValueSpecification","valueRequired":true,"valueName":"search_term_string"}}],"inLanguage":"pt-PT"},{"@type":"Organization","@id":"https:\/\/www.mylasertabac.com\/pt-pt\/#organization","name":"My Laser Tabac","url":"https:\/\/www.mylasertabac.com\/pt-pt\/","logo":{"@type":"ImageObject","inLanguage":"pt-PT","@id":"https:\/\/www.mylasertabac.com\/pt-pt\/#\/schema\/logo\/image\/","url":"https:\/\/www.mylasertabac.com\/wp-content\/uploads\/2024\/12\/mlt-verteau.svg","contentUrl":"https:\/\/www.mylasertabac.com\/wp-content\/uploads\/2024\/12\/mlt-verteau.svg","caption":"My Laser Tabac"},"image":{"@id":"https:\/\/www.mylasertabac.com\/pt-pt\/#\/schema\/logo\/image\/"}},{"@type":"Person","@id":"https:\/\/www.mylasertabac.com\/pt-pt\/#\/schema\/person\/02c249cb76d912efb6c315ec23eccdf3","name":"Florian Fortes","image":{"@type":"ImageObject","inLanguage":"pt-PT","@id":"https:\/\/www.mylasertabac.com\/wp-content\/litespeed\/avatar\/142101a71d7b9e6490c1120d9c109a67.jpg?ver=1776856306","url":"https:\/\/www.mylasertabac.com\/wp-content\/litespeed\/avatar\/142101a71d7b9e6490c1120d9c109a67.jpg?ver=1776856306","contentUrl":"https:\/\/www.mylasertabac.com\/wp-content\/litespeed\/avatar\/142101a71d7b9e6490c1120d9c109a67.jpg?ver=1776856306","caption":"Florian Fortes"},"sameAs":["https:\/\/www.mylasertabac.com","https:\/\/www.facebook.com\/profile.php?id=61571554707319"],"url":"https:\/\/www.mylasertabac.com\/pt-pt\/author\/florianfortes5312\/"}]}},"_links":{"self":[{"href":"https:\/\/www.mylasertabac.com\/pt-pt\/wp-json\/wp\/v2\/posts\/9119","targetHints":{"allow":["GET"]}}],"collection":[{"href":"https:\/\/www.mylasertabac.com\/pt-pt\/wp-json\/wp\/v2\/posts"}],"about":[{"href":"https:\/\/www.mylasertabac.com\/pt-pt\/wp-json\/wp\/v2\/types\/post"}],"author":[{"embeddable":true,"href":"https:\/\/www.mylasertabac.com\/pt-pt\/wp-json\/wp\/v2\/users\/2"}],"replies":[{"embeddable":true,"href":"https:\/\/www.mylasertabac.com\/pt-pt\/wp-json\/wp\/v2\/comments?post=9119"}],"version-history":[{"count":3,"href":"https:\/\/www.mylasertabac.com\/pt-pt\/wp-json\/wp\/v2\/posts\/9119\/revisions"}],"predecessor-version":[{"id":9137,"href":"https:\/\/www.mylasertabac.com\/pt-pt\/wp-json\/wp\/v2\/posts\/9119\/revisions\/9137"}],"wp:featuredmedia":[{"embeddable":true,"href":"https:\/\/www.mylasertabac.com\/pt-pt\/wp-json\/wp\/v2\/media\/9111"}],"wp:attachment":[{"href":"https:\/\/www.mylasertabac.com\/pt-pt\/wp-json\/wp\/v2\/media?parent=9119"}],"wp:term":[{"taxonomy":"category","embeddable":true,"href":"https:\/\/www.mylasertabac.com\/pt-pt\/wp-json\/wp\/v2\/categories?post=9119"},{"taxonomy":"post_tag","embeddable":true,"href":"https:\/\/www.mylasertabac.com\/pt-pt\/wp-json\/wp\/v2\/tags?post=9119"}],"curies":[{"name":"wp","href":"https:\/\/api.w.org\/{rel}","templated":true}]}}