{"id":9221,"date":"2025-06-06T10:43:34","date_gmt":"2025-06-06T08:43:34","guid":{"rendered":"https:\/\/www.mylasertabac.com\/7-beneficios-comprovados-da-reflexologia-auricular-para-a-tua-saude-mental\/"},"modified":"2025-06-06T11:46:30","modified_gmt":"2025-06-06T09:46:30","slug":"7-beneficios-comprovados-da-reflexologia-auricular-para-a-tua-saude-mental","status":"publish","type":"post","link":"https:\/\/www.mylasertabac.com\/pt-pt\/7-beneficios-comprovados-da-reflexologia-auricular-para-a-tua-saude-mental\/","title":{"rendered":"7 benef\u00edcios comprovados da reflexologia auricular para a tua sa\u00fade mental"},"content":{"rendered":"\n<div style=\"height:23px\" aria-hidden=\"true\" class=\"wp-block-spacer\"><\/div>\n\n<p>A reflexologia auricular, tamb\u00e9m conhecida como auriculoterapia, \u00e9 uma t\u00e9cnica derivada da medicina tradicional chinesa. Este m\u00e9todo suave utiliza um laser frio para estimular pontos espec\u00edficos na orelha, actuando eficazmente em v\u00e1rios dist\u00farbios psicol\u00f3gicos e emocionais. Aqui est\u00e3o 7 benef\u00edcios comprovados para a tua sa\u00fade mental.  <\/p>\n\n<div style=\"height:38px\" aria-hidden=\"true\" class=\"wp-block-spacer\"><\/div>\n\n<figure class=\"wp-block-image alignleft size-full is-resized\"><img fetchpriority=\"high\" decoding=\"async\" width=\"1024\" height=\"1024\" src=\"https:\/\/www.mylasertabac.com\/wp-content\/uploads\/2025\/06\/re.png\" alt=\"\" class=\"wp-image-9231\" style=\"width:341px;height:auto\" srcset=\"https:\/\/www.mylasertabac.com\/wp-content\/uploads\/2025\/06\/re.png 1024w, https:\/\/www.mylasertabac.com\/wp-content\/uploads\/2025\/06\/re-300x300.png 300w, https:\/\/www.mylasertabac.com\/wp-content\/uploads\/2025\/06\/re-150x150.png 150w, https:\/\/www.mylasertabac.com\/wp-content\/uploads\/2025\/06\/re-768x768.png 768w\" sizes=\"(max-width: 1024px) 100vw, 1024px\" \/><\/figure>\n\n<h2 class=\"wp-block-heading\"><strong>Benef\u00edcio n\u00b01: Redu\u00e7\u00e3o significativa da ansiedade<\/strong><\/h2>\n\n<h3 class=\"wp-block-heading\"><strong>Como \u00e9 que a reflexologia auricular ajuda a combater a ansiedade?<\/strong><\/h3>\n\n<p>A estimula\u00e7\u00e3o suave dos pontos reflexos situados no ouvido ativa o sistema parassimp\u00e1tico e reduz a resposta excessiva do nervo vago ao stress. Os efeitos s\u00e3o r\u00e1pidos, induzindo um relaxamento profundo e duradouro. V\u00e1rios estudos demonstraram que sess\u00f5es regulares reduzem significativamente os sintomas de ansiedade, mesmo em pessoas que sofrem de ansiedade cr\u00f3nica. Al\u00e9m disso, esta t\u00e9cnica tamb\u00e9m melhora o equil\u00edbrio emocional, reduzindo as reac\u00e7\u00f5es excessivas aos est\u00edmulos stressantes do dia a dia.   <\/p>\n\n<div style=\"height:39px\" aria-hidden=\"true\" class=\"wp-block-spacer\"><\/div>\n\n<h2 class=\"wp-block-heading\"><strong>Benef\u00edcio n\u00b02: Melhoria significativa da qualidade do sono<\/strong><\/h2>\n\n<div style=\"height:23px\" aria-hidden=\"true\" class=\"wp-block-spacer\"><\/div>\n\n<h3 class=\"wp-block-heading\"><strong>Que pontos reflexos te ajudam a dormir melhor?<\/strong><\/h3>\n\n<div style=\"height:23px\" aria-hidden=\"true\" class=\"wp-block-spacer\"><\/div>\n\n<p>A reflexologia auricular visa especificamente \u00e1reas como os Shen Men, conhecidos pelas suas propriedades calmantes. Ao estimular estes pontos com um laser frio, promove uma melhor circula\u00e7\u00e3o de energia no seu corpo, melhorando significativamente o seu sono e reduzindo os despertares noturnos. Muitas pessoas tamb\u00e9m notam uma redu\u00e7\u00e3o nos pesadelos e um aumento na dura\u00e7\u00e3o das fases de sono profundo, que s\u00e3o essenciais para uma boa recupera\u00e7\u00e3o f\u00edsica e mental.  <\/p>\n\n<div style=\"height:37px\" aria-hidden=\"true\" class=\"wp-block-spacer\"><\/div>\n\n<figure class=\"wp-block-image alignright size-full is-resized\"><img decoding=\"async\" width=\"1024\" height=\"1024\" src=\"https:\/\/www.mylasertabac.com\/wp-content\/uploads\/2025\/04\/oreille-2.png\" alt=\"\" class=\"wp-image-7499\" style=\"width:322px;height:auto\" srcset=\"https:\/\/www.mylasertabac.com\/wp-content\/uploads\/2025\/04\/oreille-2.png 1024w, https:\/\/www.mylasertabac.com\/wp-content\/uploads\/2025\/04\/oreille-2-300x300.png 300w, https:\/\/www.mylasertabac.com\/wp-content\/uploads\/2025\/04\/oreille-2-150x150.png 150w, https:\/\/www.mylasertabac.com\/wp-content\/uploads\/2025\/04\/oreille-2-768x768.png 768w\" sizes=\"(max-width: 1024px) 100vw, 1024px\" \/><\/figure>\n\n<h2 class=\"wp-block-heading\"><strong>Benef\u00edcio n\u00ba 3: Al\u00edvio eficaz dos sintomas do stress cr\u00f3nico<\/strong><\/h2>\n\n<h3 class=\"wp-block-heading\"><strong>Que mecanismos fisiol\u00f3gicos est\u00e3o envolvidos?<\/strong><\/h3>\n\n<p>Esta t\u00e9cnica actua diretamente no teu sistema nervoso aut\u00f3nomo. O operador estimula suavemente pontos reflexos espec\u00edficos, reduzindo a atividade do sistema simp\u00e1tico e aumentando a do parassimp\u00e1tico. Isto reduz consideravelmente os efeitos do stress cr\u00f3nico, como a dor, a tens\u00e3o muscular e os problemas digestivos. Os benef\u00edcios a longo prazo incluem tamb\u00e9m uma melhor gest\u00e3o emocional, refor\u00e7ando a tua resist\u00eancia \u00e0s press\u00f5es do dia a dia.   <\/p>\n\n<div style=\"height:37px\" aria-hidden=\"true\" class=\"wp-block-spacer\"><\/div>\n\n<h2 class=\"wp-block-heading\"><strong>Benef\u00edcio n.\u00ba 4: Al\u00edvio r\u00e1pido dos sintomas de depress\u00e3o ligeira<\/strong><\/h2>\n\n<div style=\"height:23px\" aria-hidden=\"true\" class=\"wp-block-spacer\"><\/div>\n\n<h3 class=\"wp-block-heading\"><strong>Testemunhos e estudos que apoiam estes resultados<\/strong><\/h3>\n\n<div style=\"height:23px\" aria-hidden=\"true\" class=\"wp-block-spacer\"><\/div>\n\n<p>Estudos demonstram que a reflexologia auricular pode aliviar eficazmente os sintomas depressivos ligeiros. Ao estimular pontos espec\u00edficos ligados \u00e0s emo\u00e7\u00f5es, a t\u00e9cnica promove um melhor equil\u00edbrio hormonal e emocional. As pessoas que beneficiaram deste m\u00e9todo referem frequentemente uma r\u00e1pida melhoria do seu humor, uma redu\u00e7\u00e3o da tristeza e um aumento geral da energia. Alguns utilizadores notam tamb\u00e9m uma melhoria da sua motiva\u00e7\u00e3o e uma maior facilidade em realizar as suas tarefas di\u00e1rias.   <\/p>\n\n<div style=\"height:36px\" aria-hidden=\"true\" class=\"wp-block-spacer\"><\/div>\n\n<p class=\"has-cyan-bluish-gray-background-color has-background\">L\u00ea tamb\u00e9m : <a href=\"https:\/\/www.mylasertabac.com\/pt-pt\/informacoes\/formacao-laser-anti-tabaco-e-contra-a-dependencia\/\"><mark style=\"background-color:rgba(0, 0, 0, 0)\" class=\"has-inline-color has-luminous-vivid-orange-color\">Descobre o m\u00e9todo MyLaserTabac e torna-te um profissional de reflexologia auricular a laser<\/mark><\/a><\/p>\n\n<div style=\"height:32px\" aria-hidden=\"true\" class=\"wp-block-spacer\"><\/div>\n\n<h2 class=\"wp-block-heading\"><strong>Benef\u00edcio n.\u00ba 5: Melhora o equil\u00edbrio emocional e a concentra\u00e7\u00e3o<\/strong><\/h2>\n\n<div style=\"height:23px\" aria-hidden=\"true\" class=\"wp-block-spacer\"><\/div>\n\n<h3 class=\"wp-block-heading\"><strong>Como \u00e9 que a estimula\u00e7\u00e3o auditiva funciona para promover este equil\u00edbrio?<\/strong><\/h3>\n\n<div style=\"height:23px\" aria-hidden=\"true\" class=\"wp-block-spacer\"><\/div>\n\n<p>Atrav\u00e9s da estimula\u00e7\u00e3o regular dos pontos reflexos auriculares, esta pr\u00e1tica ajuda a harmonizar a tua energia vital. As sess\u00f5es t\u00eam um efeito regulador no teu sistema nervoso, melhorando o teu equil\u00edbrio emocional e aumentando a tua capacidade de te manteres concentrado, mesmo em situa\u00e7\u00f5es de stress. Esta t\u00e9cnica \u00e9 particularmente ben\u00e9fica para as pessoas que t\u00eam dificuldade em manter a sua aten\u00e7\u00e3o ou que se sentem frequentemente desanimadas.  <\/p>\n\n<div style=\"height:23px\" aria-hidden=\"true\" class=\"wp-block-spacer\"><\/div>\n\n<h2 class=\"wp-block-heading\"><strong>Benef\u00edcio n.\u00ba 6: Ajuda eficaz na gest\u00e3o dos problemas da menopausa<\/strong><\/h2>\n\n<div style=\"height:23px\" aria-hidden=\"true\" class=\"wp-block-spacer\"><\/div>\n\n<h3 class=\"wp-block-heading\"><strong>Porque \u00e9 que a reflexologia auricular \u00e9 particularmente adequada?<\/strong><\/h3>\n\n<div style=\"height:23px\" aria-hidden=\"true\" class=\"wp-block-spacer\"><\/div>\n\n<p>A menopausa \u00e9 muitas vezes acompanhada de problemas como a ansiedade, dist\u00farbios do sono e altera\u00e7\u00f5es de humor. A reflexologia auricular visa especificamente as \u00e1reas envolvidas na regula\u00e7\u00e3o hormonal e emocional, trazendo um al\u00edvio natural para as mulheres em causa. As sess\u00f5es regulares reduzem eficazmente estes sintomas, melhorando a qualidade de vida no dia a dia. A pr\u00e1tica tamb\u00e9m ajuda a gerir os afrontamentos e as altera\u00e7\u00f5es s\u00fabitas de humor, que s\u00e3o comuns durante este per\u00edodo.   <\/p>\n\n<div style=\"height:23px\" aria-hidden=\"true\" class=\"wp-block-spacer\"><\/div>\n\n<h2 class=\"wp-block-heading\"><strong>Presta\u00e7\u00e3o n.\u00ba 7: Apoio suave no desmame de depend\u00eancias (tabaco, a\u00e7\u00facar)<\/strong><\/h2>\n\n<div style=\"height:23px\" aria-hidden=\"true\" class=\"wp-block-spacer\"><\/div>\n\n<h3 class=\"wp-block-heading\"><strong>Como \u00e9 que a reflexologia auricular apoia o processo de abstin\u00eancia?<\/strong><\/h3>\n\n<div style=\"height:23px\" aria-hidden=\"true\" class=\"wp-block-spacer\"><\/div>\n\n<p><a href=\"https:\/\/www.mylasertabac.com\/pt-pt\/\">O abandono de depend\u00eancias como o tabaco<\/a> ou o a\u00e7\u00facar \u00e9 muitas vezes acompanhado de sintomas psicol\u00f3gicos dif\u00edceis de gerir, como a irritabilidade e a ansiedade. Ao estimular pontos espec\u00edficos da orelha ligados \u00e0 depend\u00eancia e \u00e0 gest\u00e3o do stress, a reflexologia auricular alivia consideravelmente este per\u00edodo delicado, refor\u00e7ando a tua for\u00e7a de vontade e a tua motiva\u00e7\u00e3o durante o processo de abstin\u00eancia. Esta abordagem suave ajuda a reduzir significativamente os desejos compulsivos e melhora o teu humor geral durante o processo.  <\/p>\n\n<div style=\"height:23px\" aria-hidden=\"true\" class=\"wp-block-spacer\"><\/div>\n\n<p><strong>Conclus\u00e3o<\/strong><\/p>\n\n<p>Os benef\u00edcios da reflexologia auricular para a tua sa\u00fade mental s\u00e3o numerosos e foram comprovados por numerosos estudos. Quer seja para aliviar a ansiedade, melhorar o seu sono, gerir eficazmente o stress cr\u00f3nico, tratar os sintomas de uma depress\u00e3o ligeira, refor\u00e7ar o seu equil\u00edbrio emocional, acompanhar a menopausa ou apoiar a desabitua\u00e7\u00e3o, esta t\u00e9cnica suave oferece uma solu\u00e7\u00e3o natural e eficaz. N\u00e3o hesites em recorrer a profissionais qualificados para tirar o m\u00e1ximo partido destes efeitos positivos na tua sa\u00fade mental e geral.  <\/p>\n\n<p><\/p>\n\n<div style=\"height:28px\" aria-hidden=\"true\" class=\"wp-block-spacer\"><\/div>\n\n<figure class=\"wp-block-image size-large\"><img decoding=\"async\" src=\"https:\/\/www.mylasertabac.com\/wp-content\/uploads\/\/mlt-verteau.svg\" alt=\"\" class=\"wp-image-13\"\/><\/figure>\n","protected":false},"excerpt":{"rendered":"<p>A reflexologia auricular, tamb\u00e9m conhecida como auriculoterapia, \u00e9 uma t\u00e9cnica derivada da medicina tradicional chinesa. Este m\u00e9todo suave utiliza um laser frio para estimular pontos espec\u00edficos na orelha, actuando eficazmente em v\u00e1rios dist\u00farbios psicol\u00f3gicos e emocionais. Aqui est\u00e3o 7 benef\u00edcios comprovados para a tua sa\u00fade mental. Benef\u00edcio n\u00b01: Redu\u00e7\u00e3o significativa da ansiedade Como \u00e9 que [&hellip;]<\/p>\n","protected":false},"author":2,"featured_media":9214,"comment_status":"closed","ping_status":"open","sticky":false,"template":"","format":"standard","meta":{"inline_featured_image":false,"footnotes":""},"categories":[130],"tags":[],"class_list":["post-9221","post","type-post","status-publish","format-standard","has-post-thumbnail","hentry","category-saude"],"yoast_head":"<!-- This site is optimized with the Yoast SEO plugin v27.4 - https:\/\/yoast.com\/product\/yoast-seo-wordpress\/ -->\n<title>7 benef\u00edcios comprovados da reflexologia auricular para a tua sa\u00fade mental - My Laser Tabac<\/title>\n<meta name=\"description\" content=\"Descobre os 7 principais benef\u00edcios comprovados da reflexologia auricular com laser frio: redu\u00e7\u00e3o da ansiedade, melhoria da qualidade do sono, gest\u00e3o do stress e apoio \u00e0 desabitua\u00e7\u00e3o.\" \/>\n<meta name=\"robots\" content=\"index, follow, max-snippet:-1, max-image-preview:large, max-video-preview:-1\" \/>\n<link rel=\"canonical\" href=\"https:\/\/www.mylasertabac.com\/pt-pt\/7-beneficios-comprovados-da-reflexologia-auricular-para-a-tua-saude-mental\/\" \/>\n<meta property=\"og:locale\" content=\"pt_PT\" \/>\n<meta property=\"og:type\" content=\"article\" \/>\n<meta property=\"og:title\" content=\"7 benef\u00edcios comprovados da reflexologia auricular para a tua sa\u00fade mental - My Laser Tabac\" \/>\n<meta property=\"og:description\" content=\"Descobre os 7 principais benef\u00edcios comprovados da reflexologia auricular com laser frio: redu\u00e7\u00e3o da ansiedade, melhoria da qualidade do sono, gest\u00e3o do stress e apoio \u00e0 desabitua\u00e7\u00e3o.\" \/>\n<meta property=\"og:url\" content=\"https:\/\/www.mylasertabac.com\/pt-pt\/7-beneficios-comprovados-da-reflexologia-auricular-para-a-tua-saude-mental\/\" \/>\n<meta property=\"og:site_name\" content=\"My Laser Tabac\" \/>\n<meta property=\"article:author\" content=\"https:\/\/www.facebook.com\/profile.php?id=61571554707319\" \/>\n<meta property=\"article:published_time\" content=\"2025-06-06T08:43:34+00:00\" \/>\n<meta property=\"article:modified_time\" content=\"2025-06-06T09:46:30+00:00\" \/>\n<meta property=\"og:image\" content=\"https:\/\/www.mylasertabac.com\/wp-content\/uploads\/2025\/06\/reflexologie-1024x683.png\" \/>\n\t<meta property=\"og:image:width\" content=\"1024\" \/>\n\t<meta property=\"og:image:height\" content=\"683\" \/>\n\t<meta property=\"og:image:type\" content=\"image\/png\" \/>\n<meta name=\"author\" content=\"Florian Fortes\" \/>\n<meta name=\"twitter:card\" content=\"summary_large_image\" \/>\n<meta name=\"twitter:label1\" content=\"Escrito por\" \/>\n\t<meta name=\"twitter:data1\" content=\"Florian Fortes\" \/>\n\t<meta name=\"twitter:label2\" content=\"Tempo estimado de leitura\" \/>\n\t<meta name=\"twitter:data2\" content=\"4 minutos\" \/>\n<script type=\"application\/ld+json\" class=\"yoast-schema-graph\">{\"@context\":\"https:\\\/\\\/schema.org\",\"@graph\":[{\"@type\":\"Article\",\"@id\":\"https:\\\/\\\/www.mylasertabac.com\\\/pt-pt\\\/7-beneficios-comprovados-da-reflexologia-auricular-para-a-tua-saude-mental\\\/#article\",\"isPartOf\":{\"@id\":\"https:\\\/\\\/www.mylasertabac.com\\\/pt-pt\\\/7-beneficios-comprovados-da-reflexologia-auricular-para-a-tua-saude-mental\\\/\"},\"author\":{\"name\":\"Florian Fortes\",\"@id\":\"https:\\\/\\\/www.mylasertabac.com\\\/pt-pt\\\/#\\\/schema\\\/person\\\/02c249cb76d912efb6c315ec23eccdf3\"},\"headline\":\"7 benef\u00edcios comprovados da reflexologia auricular para a tua sa\u00fade mental\",\"datePublished\":\"2025-06-06T08:43:34+00:00\",\"dateModified\":\"2025-06-06T09:46:30+00:00\",\"mainEntityOfPage\":{\"@id\":\"https:\\\/\\\/www.mylasertabac.com\\\/pt-pt\\\/7-beneficios-comprovados-da-reflexologia-auricular-para-a-tua-saude-mental\\\/\"},\"wordCount\":900,\"publisher\":{\"@id\":\"https:\\\/\\\/www.mylasertabac.com\\\/pt-pt\\\/#organization\"},\"image\":{\"@id\":\"https:\\\/\\\/www.mylasertabac.com\\\/pt-pt\\\/7-beneficios-comprovados-da-reflexologia-auricular-para-a-tua-saude-mental\\\/#primaryimage\"},\"thumbnailUrl\":\"https:\\\/\\\/www.mylasertabac.com\\\/wp-content\\\/uploads\\\/2025\\\/06\\\/reflexologie.png\",\"articleSection\":[\"Sa\u00fade\"],\"inLanguage\":\"pt-PT\"},{\"@type\":\"WebPage\",\"@id\":\"https:\\\/\\\/www.mylasertabac.com\\\/pt-pt\\\/7-beneficios-comprovados-da-reflexologia-auricular-para-a-tua-saude-mental\\\/\",\"url\":\"https:\\\/\\\/www.mylasertabac.com\\\/pt-pt\\\/7-beneficios-comprovados-da-reflexologia-auricular-para-a-tua-saude-mental\\\/\",\"name\":\"7 benef\u00edcios comprovados da reflexologia auricular para a tua sa\u00fade mental - My Laser Tabac\",\"isPartOf\":{\"@id\":\"https:\\\/\\\/www.mylasertabac.com\\\/pt-pt\\\/#website\"},\"primaryImageOfPage\":{\"@id\":\"https:\\\/\\\/www.mylasertabac.com\\\/pt-pt\\\/7-beneficios-comprovados-da-reflexologia-auricular-para-a-tua-saude-mental\\\/#primaryimage\"},\"image\":{\"@id\":\"https:\\\/\\\/www.mylasertabac.com\\\/pt-pt\\\/7-beneficios-comprovados-da-reflexologia-auricular-para-a-tua-saude-mental\\\/#primaryimage\"},\"thumbnailUrl\":\"https:\\\/\\\/www.mylasertabac.com\\\/wp-content\\\/uploads\\\/2025\\\/06\\\/reflexologie.png\",\"datePublished\":\"2025-06-06T08:43:34+00:00\",\"dateModified\":\"2025-06-06T09:46:30+00:00\",\"description\":\"Descobre os 7 principais benef\u00edcios comprovados da reflexologia auricular com laser frio: redu\u00e7\u00e3o da ansiedade, melhoria da qualidade do sono, gest\u00e3o do stress e apoio \u00e0 desabitua\u00e7\u00e3o.\",\"breadcrumb\":{\"@id\":\"https:\\\/\\\/www.mylasertabac.com\\\/pt-pt\\\/7-beneficios-comprovados-da-reflexologia-auricular-para-a-tua-saude-mental\\\/#breadcrumb\"},\"inLanguage\":\"pt-PT\",\"potentialAction\":[{\"@type\":\"ReadAction\",\"target\":[\"https:\\\/\\\/www.mylasertabac.com\\\/pt-pt\\\/7-beneficios-comprovados-da-reflexologia-auricular-para-a-tua-saude-mental\\\/\"]}]},{\"@type\":\"ImageObject\",\"inLanguage\":\"pt-PT\",\"@id\":\"https:\\\/\\\/www.mylasertabac.com\\\/pt-pt\\\/7-beneficios-comprovados-da-reflexologia-auricular-para-a-tua-saude-mental\\\/#primaryimage\",\"url\":\"https:\\\/\\\/www.mylasertabac.com\\\/wp-content\\\/uploads\\\/2025\\\/06\\\/reflexologie.png\",\"contentUrl\":\"https:\\\/\\\/www.mylasertabac.com\\\/wp-content\\\/uploads\\\/2025\\\/06\\\/reflexologie.png\",\"width\":1536,\"height\":1024},{\"@type\":\"BreadcrumbList\",\"@id\":\"https:\\\/\\\/www.mylasertabac.com\\\/pt-pt\\\/7-beneficios-comprovados-da-reflexologia-auricular-para-a-tua-saude-mental\\\/#breadcrumb\",\"itemListElement\":[{\"@type\":\"ListItem\",\"position\":1,\"name\":\"Accueil\",\"item\":\"https:\\\/\\\/www.mylasertabac.com\\\/pt-pt\\\/casa\\\/\"},{\"@type\":\"ListItem\",\"position\":2,\"name\":\"7 benef\u00edcios comprovados da reflexologia auricular para a tua sa\u00fade mental\"}]},{\"@type\":\"WebSite\",\"@id\":\"https:\\\/\\\/www.mylasertabac.com\\\/pt-pt\\\/#website\",\"url\":\"https:\\\/\\\/www.mylasertabac.com\\\/pt-pt\\\/\",\"name\":\"My Laser Tabac\",\"description\":\"La solution laser qui transforme les fumeurs en ex-fumeurs\",\"publisher\":{\"@id\":\"https:\\\/\\\/www.mylasertabac.com\\\/pt-pt\\\/#organization\"},\"potentialAction\":[{\"@type\":\"SearchAction\",\"target\":{\"@type\":\"EntryPoint\",\"urlTemplate\":\"https:\\\/\\\/www.mylasertabac.com\\\/pt-pt\\\/?s={search_term_string}\"},\"query-input\":{\"@type\":\"PropertyValueSpecification\",\"valueRequired\":true,\"valueName\":\"search_term_string\"}}],\"inLanguage\":\"pt-PT\"},{\"@type\":\"Organization\",\"@id\":\"https:\\\/\\\/www.mylasertabac.com\\\/pt-pt\\\/#organization\",\"name\":\"My Laser Tabac\",\"url\":\"https:\\\/\\\/www.mylasertabac.com\\\/pt-pt\\\/\",\"logo\":{\"@type\":\"ImageObject\",\"inLanguage\":\"pt-PT\",\"@id\":\"https:\\\/\\\/www.mylasertabac.com\\\/pt-pt\\\/#\\\/schema\\\/logo\\\/image\\\/\",\"url\":\"https:\\\/\\\/www.mylasertabac.com\\\/wp-content\\\/uploads\\\/2024\\\/12\\\/mlt-verteau.svg\",\"contentUrl\":\"https:\\\/\\\/www.mylasertabac.com\\\/wp-content\\\/uploads\\\/2024\\\/12\\\/mlt-verteau.svg\",\"caption\":\"My Laser Tabac\"},\"image\":{\"@id\":\"https:\\\/\\\/www.mylasertabac.com\\\/pt-pt\\\/#\\\/schema\\\/logo\\\/image\\\/\"}},{\"@type\":\"Person\",\"@id\":\"https:\\\/\\\/www.mylasertabac.com\\\/pt-pt\\\/#\\\/schema\\\/person\\\/02c249cb76d912efb6c315ec23eccdf3\",\"name\":\"Florian Fortes\",\"image\":{\"@type\":\"ImageObject\",\"inLanguage\":\"pt-PT\",\"@id\":\"https:\\\/\\\/www.mylasertabac.com\\\/wp-content\\\/litespeed\\\/avatar\\\/142101a71d7b9e6490c1120d9c109a67.jpg?ver=1776856306\",\"url\":\"https:\\\/\\\/www.mylasertabac.com\\\/wp-content\\\/litespeed\\\/avatar\\\/142101a71d7b9e6490c1120d9c109a67.jpg?ver=1776856306\",\"contentUrl\":\"https:\\\/\\\/www.mylasertabac.com\\\/wp-content\\\/litespeed\\\/avatar\\\/142101a71d7b9e6490c1120d9c109a67.jpg?ver=1776856306\",\"caption\":\"Florian Fortes\"},\"sameAs\":[\"https:\\\/\\\/www.mylasertabac.com\",\"https:\\\/\\\/www.facebook.com\\\/profile.php?id=61571554707319\"],\"url\":\"https:\\\/\\\/www.mylasertabac.com\\\/pt-pt\\\/author\\\/florianfortes5312\\\/\"}]}<\/script>\n<!-- \/ Yoast SEO plugin. -->","yoast_head_json":{"title":"7 benef\u00edcios comprovados da reflexologia auricular para a tua sa\u00fade mental - My Laser Tabac","description":"Descobre os 7 principais benef\u00edcios comprovados da reflexologia auricular com laser frio: redu\u00e7\u00e3o da ansiedade, melhoria da qualidade do sono, gest\u00e3o do stress e apoio \u00e0 desabitua\u00e7\u00e3o.","robots":{"index":"index","follow":"follow","max-snippet":"max-snippet:-1","max-image-preview":"max-image-preview:large","max-video-preview":"max-video-preview:-1"},"canonical":"https:\/\/www.mylasertabac.com\/pt-pt\/7-beneficios-comprovados-da-reflexologia-auricular-para-a-tua-saude-mental\/","og_locale":"pt_PT","og_type":"article","og_title":"7 benef\u00edcios comprovados da reflexologia auricular para a tua sa\u00fade mental - My Laser Tabac","og_description":"Descobre os 7 principais benef\u00edcios comprovados da reflexologia auricular com laser frio: redu\u00e7\u00e3o da ansiedade, melhoria da qualidade do sono, gest\u00e3o do stress e apoio \u00e0 desabitua\u00e7\u00e3o.","og_url":"https:\/\/www.mylasertabac.com\/pt-pt\/7-beneficios-comprovados-da-reflexologia-auricular-para-a-tua-saude-mental\/","og_site_name":"My Laser Tabac","article_author":"https:\/\/www.facebook.com\/profile.php?id=61571554707319","article_published_time":"2025-06-06T08:43:34+00:00","article_modified_time":"2025-06-06T09:46:30+00:00","og_image":[{"width":1024,"height":683,"url":"https:\/\/www.mylasertabac.com\/wp-content\/uploads\/2025\/06\/reflexologie-1024x683.png","type":"image\/png"}],"author":"Florian Fortes","twitter_card":"summary_large_image","twitter_misc":{"Escrito por":"Florian Fortes","Tempo estimado de leitura":"4 minutos"},"schema":{"@context":"https:\/\/schema.org","@graph":[{"@type":"Article","@id":"https:\/\/www.mylasertabac.com\/pt-pt\/7-beneficios-comprovados-da-reflexologia-auricular-para-a-tua-saude-mental\/#article","isPartOf":{"@id":"https:\/\/www.mylasertabac.com\/pt-pt\/7-beneficios-comprovados-da-reflexologia-auricular-para-a-tua-saude-mental\/"},"author":{"name":"Florian Fortes","@id":"https:\/\/www.mylasertabac.com\/pt-pt\/#\/schema\/person\/02c249cb76d912efb6c315ec23eccdf3"},"headline":"7 benef\u00edcios comprovados da reflexologia auricular para a tua sa\u00fade mental","datePublished":"2025-06-06T08:43:34+00:00","dateModified":"2025-06-06T09:46:30+00:00","mainEntityOfPage":{"@id":"https:\/\/www.mylasertabac.com\/pt-pt\/7-beneficios-comprovados-da-reflexologia-auricular-para-a-tua-saude-mental\/"},"wordCount":900,"publisher":{"@id":"https:\/\/www.mylasertabac.com\/pt-pt\/#organization"},"image":{"@id":"https:\/\/www.mylasertabac.com\/pt-pt\/7-beneficios-comprovados-da-reflexologia-auricular-para-a-tua-saude-mental\/#primaryimage"},"thumbnailUrl":"https:\/\/www.mylasertabac.com\/wp-content\/uploads\/2025\/06\/reflexologie.png","articleSection":["Sa\u00fade"],"inLanguage":"pt-PT"},{"@type":"WebPage","@id":"https:\/\/www.mylasertabac.com\/pt-pt\/7-beneficios-comprovados-da-reflexologia-auricular-para-a-tua-saude-mental\/","url":"https:\/\/www.mylasertabac.com\/pt-pt\/7-beneficios-comprovados-da-reflexologia-auricular-para-a-tua-saude-mental\/","name":"7 benef\u00edcios comprovados da reflexologia auricular para a tua sa\u00fade mental - My Laser Tabac","isPartOf":{"@id":"https:\/\/www.mylasertabac.com\/pt-pt\/#website"},"primaryImageOfPage":{"@id":"https:\/\/www.mylasertabac.com\/pt-pt\/7-beneficios-comprovados-da-reflexologia-auricular-para-a-tua-saude-mental\/#primaryimage"},"image":{"@id":"https:\/\/www.mylasertabac.com\/pt-pt\/7-beneficios-comprovados-da-reflexologia-auricular-para-a-tua-saude-mental\/#primaryimage"},"thumbnailUrl":"https:\/\/www.mylasertabac.com\/wp-content\/uploads\/2025\/06\/reflexologie.png","datePublished":"2025-06-06T08:43:34+00:00","dateModified":"2025-06-06T09:46:30+00:00","description":"Descobre os 7 principais benef\u00edcios comprovados da reflexologia auricular com laser frio: redu\u00e7\u00e3o da ansiedade, melhoria da qualidade do sono, gest\u00e3o do stress e apoio \u00e0 desabitua\u00e7\u00e3o.","breadcrumb":{"@id":"https:\/\/www.mylasertabac.com\/pt-pt\/7-beneficios-comprovados-da-reflexologia-auricular-para-a-tua-saude-mental\/#breadcrumb"},"inLanguage":"pt-PT","potentialAction":[{"@type":"ReadAction","target":["https:\/\/www.mylasertabac.com\/pt-pt\/7-beneficios-comprovados-da-reflexologia-auricular-para-a-tua-saude-mental\/"]}]},{"@type":"ImageObject","inLanguage":"pt-PT","@id":"https:\/\/www.mylasertabac.com\/pt-pt\/7-beneficios-comprovados-da-reflexologia-auricular-para-a-tua-saude-mental\/#primaryimage","url":"https:\/\/www.mylasertabac.com\/wp-content\/uploads\/2025\/06\/reflexologie.png","contentUrl":"https:\/\/www.mylasertabac.com\/wp-content\/uploads\/2025\/06\/reflexologie.png","width":1536,"height":1024},{"@type":"BreadcrumbList","@id":"https:\/\/www.mylasertabac.com\/pt-pt\/7-beneficios-comprovados-da-reflexologia-auricular-para-a-tua-saude-mental\/#breadcrumb","itemListElement":[{"@type":"ListItem","position":1,"name":"Accueil","item":"https:\/\/www.mylasertabac.com\/pt-pt\/casa\/"},{"@type":"ListItem","position":2,"name":"7 benef\u00edcios comprovados da reflexologia auricular para a tua sa\u00fade mental"}]},{"@type":"WebSite","@id":"https:\/\/www.mylasertabac.com\/pt-pt\/#website","url":"https:\/\/www.mylasertabac.com\/pt-pt\/","name":"My Laser Tabac","description":"La solution laser qui transforme les fumeurs en ex-fumeurs","publisher":{"@id":"https:\/\/www.mylasertabac.com\/pt-pt\/#organization"},"potentialAction":[{"@type":"SearchAction","target":{"@type":"EntryPoint","urlTemplate":"https:\/\/www.mylasertabac.com\/pt-pt\/?s={search_term_string}"},"query-input":{"@type":"PropertyValueSpecification","valueRequired":true,"valueName":"search_term_string"}}],"inLanguage":"pt-PT"},{"@type":"Organization","@id":"https:\/\/www.mylasertabac.com\/pt-pt\/#organization","name":"My Laser Tabac","url":"https:\/\/www.mylasertabac.com\/pt-pt\/","logo":{"@type":"ImageObject","inLanguage":"pt-PT","@id":"https:\/\/www.mylasertabac.com\/pt-pt\/#\/schema\/logo\/image\/","url":"https:\/\/www.mylasertabac.com\/wp-content\/uploads\/2024\/12\/mlt-verteau.svg","contentUrl":"https:\/\/www.mylasertabac.com\/wp-content\/uploads\/2024\/12\/mlt-verteau.svg","caption":"My Laser Tabac"},"image":{"@id":"https:\/\/www.mylasertabac.com\/pt-pt\/#\/schema\/logo\/image\/"}},{"@type":"Person","@id":"https:\/\/www.mylasertabac.com\/pt-pt\/#\/schema\/person\/02c249cb76d912efb6c315ec23eccdf3","name":"Florian Fortes","image":{"@type":"ImageObject","inLanguage":"pt-PT","@id":"https:\/\/www.mylasertabac.com\/wp-content\/litespeed\/avatar\/142101a71d7b9e6490c1120d9c109a67.jpg?ver=1776856306","url":"https:\/\/www.mylasertabac.com\/wp-content\/litespeed\/avatar\/142101a71d7b9e6490c1120d9c109a67.jpg?ver=1776856306","contentUrl":"https:\/\/www.mylasertabac.com\/wp-content\/litespeed\/avatar\/142101a71d7b9e6490c1120d9c109a67.jpg?ver=1776856306","caption":"Florian Fortes"},"sameAs":["https:\/\/www.mylasertabac.com","https:\/\/www.facebook.com\/profile.php?id=61571554707319"],"url":"https:\/\/www.mylasertabac.com\/pt-pt\/author\/florianfortes5312\/"}]}},"_links":{"self":[{"href":"https:\/\/www.mylasertabac.com\/pt-pt\/wp-json\/wp\/v2\/posts\/9221","targetHints":{"allow":["GET"]}}],"collection":[{"href":"https:\/\/www.mylasertabac.com\/pt-pt\/wp-json\/wp\/v2\/posts"}],"about":[{"href":"https:\/\/www.mylasertabac.com\/pt-pt\/wp-json\/wp\/v2\/types\/post"}],"author":[{"embeddable":true,"href":"https:\/\/www.mylasertabac.com\/pt-pt\/wp-json\/wp\/v2\/users\/2"}],"replies":[{"embeddable":true,"href":"https:\/\/www.mylasertabac.com\/pt-pt\/wp-json\/wp\/v2\/comments?post=9221"}],"version-history":[{"count":4,"href":"https:\/\/www.mylasertabac.com\/pt-pt\/wp-json\/wp\/v2\/posts\/9221\/revisions"}],"predecessor-version":[{"id":9257,"href":"https:\/\/www.mylasertabac.com\/pt-pt\/wp-json\/wp\/v2\/posts\/9221\/revisions\/9257"}],"wp:featuredmedia":[{"embeddable":true,"href":"https:\/\/www.mylasertabac.com\/pt-pt\/wp-json\/wp\/v2\/media\/9214"}],"wp:attachment":[{"href":"https:\/\/www.mylasertabac.com\/pt-pt\/wp-json\/wp\/v2\/media?parent=9221"}],"wp:term":[{"taxonomy":"category","embeddable":true,"href":"https:\/\/www.mylasertabac.com\/pt-pt\/wp-json\/wp\/v2\/categories?post=9221"},{"taxonomy":"post_tag","embeddable":true,"href":"https:\/\/www.mylasertabac.com\/pt-pt\/wp-json\/wp\/v2\/tags?post=9221"}],"curies":[{"name":"wp","href":"https:\/\/api.w.org\/{rel}","templated":true}]}}