{"id":9295,"date":"2025-06-06T14:02:23","date_gmt":"2025-06-06T12:02:23","guid":{"rendered":"https:\/\/www.mylasertabac.com\/trabalhar-no-bem-estar-e-no-apoio-laser-anti-tabaco-uma-vocacao-humana-e-gratificante\/"},"modified":"2025-06-06T14:23:18","modified_gmt":"2025-06-06T12:23:18","slug":"trabalhar-no-bem-estar-e-no-apoio-laser-anti-tabaco-uma-vocacao-humana-e-gratificante","status":"publish","type":"post","link":"https:\/\/www.mylasertabac.com\/pt-pt\/trabalhar-no-bem-estar-e-no-apoio-laser-anti-tabaco-uma-vocacao-humana-e-gratificante\/","title":{"rendered":"Trabalhar no bem-estar e no apoio: laser anti-tabaco, uma voca\u00e7\u00e3o humana e gratificante"},"content":{"rendered":"\n<p><\/p>\n\n<p>E se o teu trabalho pudesse ter um <strong>impacto direto na vida das pessoas<\/strong>? Muitas pessoas aspiram a um trabalho que traga <strong>bem-estar, apoio e mudan\u00e7as positivas<\/strong> para os outros. Trabalhar em apoio humano \u00e9 uma fonte de realiza\u00e7\u00e3o profissional, oferecendo n\u00e3o s\u00f3 um sentimento de satisfa\u00e7\u00e3o, mas tamb\u00e9m a oportunidade de fazer um trabalho <strong>\u00fatil e gratificante<\/strong>.  <\/p>\n\n<p>O <strong>laser anti-tabagismo<\/strong> \u00e9 um m\u00e9todo inovador que ajuda os fumadores a libertarem-se <strong>definitivamente do seu v\u00edcio<\/strong>. Como praticante, desempenhas um papel essencial na sua transforma\u00e7\u00e3o e bem-estar. Como profissional, desempenhas <strong>um<\/strong> papel essencial <strong>na<\/strong> sua transforma\u00e7\u00e3o e bem-estar, <strong>ajudando de forma pr\u00e1tica as pessoas em dificuldade<\/strong>, beneficiando de uma profiss\u00e3o acess\u00edvel, rent\u00e1vel e gratificante a n\u00edvel humano.  <\/p>\n\n<p>Vamos descobrir porque \u00e9 que tornar-se um profissional de <strong>laser anti-tabaco<\/strong> pode ser muito mais do que um trabalho &#8211; pode ser uma <strong>verdadeira voca\u00e7\u00e3o<\/strong>.<\/p>\n\n<div style=\"height:35px\" aria-hidden=\"true\" class=\"wp-block-spacer\"><\/div>\n\n<div class=\"wp-block-buttons alignwide is-content-justification-center is-layout-flex wp-container-core-buttons-is-layout-a89b3969 wp-block-buttons-is-layout-flex\">\n<div class=\"wp-block-button is-style-outline is-style-outline--1\"><a class=\"wp-block-button__link wp-element-button\" href=\"https:\/\/www.mylasertabac.com\/pt-pt\/informacoes\/formacao-laser-anti-tabaco-e-contra-a-dependencia\/\">Descobre mais sobre a forma\u00e7\u00e3o em auriculoterapia laser para tratar as depend\u00eancias &#8230;<\/a><\/div>\n<\/div>\n\n<div style=\"height:35px\" aria-hidden=\"true\" class=\"wp-block-spacer\"><\/div>\n\n<figure class=\"wp-block-image alignleft size-full is-resized\"><img fetchpriority=\"high\" decoding=\"async\" width=\"975\" height=\"982\" src=\"https:\/\/www.mylasertabac.com\/wp-content\/uploads\/2025\/06\/centre.jpeg\" alt=\"\" class=\"wp-image-9265\" style=\"width:349px;height:auto\" srcset=\"https:\/\/www.mylasertabac.com\/wp-content\/uploads\/2025\/06\/centre.jpeg 975w, https:\/\/www.mylasertabac.com\/wp-content\/uploads\/2025\/06\/centre-298x300.jpeg 298w, https:\/\/www.mylasertabac.com\/wp-content\/uploads\/2025\/06\/centre-150x150.jpeg 150w, https:\/\/www.mylasertabac.com\/wp-content\/uploads\/2025\/06\/centre-768x774.jpeg 768w\" sizes=\"(max-width: 975px) 100vw, 975px\" \/><\/figure>\n\n<h2 class=\"wp-block-heading\"><strong>Porque \u00e9 que a profiss\u00e3o de laserista anti-tabaco \u00e9 t\u00e3o gratificante?<\/strong><\/h2>\n\n<h3 class=\"wp-block-heading\"><strong>\ud83d\udc99 Ajudar os outros de forma pr\u00e1tica<\/strong><\/h3>\n\n<p>Todos os dias, milhares de fumadores querem <strong>deixar de fumar<\/strong>, mas muitos falham por n\u00e3o terem o apoio adequado. Como profissional de laser anti-tabagismo, proporcionas <strong>uma solu\u00e7\u00e3o eficaz e natural<\/strong>, permitindo-lhes acabar com os cigarros. <\/p>\n\n<ul class=\"wp-block-list\">\n<li>Vais <strong>orientar<\/strong> os pacientes numa <strong>transi\u00e7\u00e3o importante das suas vidas<\/strong>.<\/li>\n\n\n\n<li>Estar\u00e1s a contribuir para<strong>melhorar a sua sa\u00fade<\/strong> e o<strong>seu<\/strong> bem-estar geral.<\/li>\n\n\n\n<li>Estar\u00e1s a ajudar <strong>fam\u00edlias inteiras<\/strong>, porque um fumador que deixa de fumar tem um impacto positivo nas pessoas que o rodeiam.<\/li>\n<\/ul>\n\n<div style=\"height:41px\" aria-hidden=\"true\" class=\"wp-block-spacer\"><\/div>\n\n<h3 class=\"wp-block-heading\"><strong>\ud83c\udf1f Trazer bem-estar e sa\u00fade<\/strong><\/h3>\n\n<div style=\"height:28px\" aria-hidden=\"true\" class=\"wp-block-spacer\"><\/div>\n\n<p>Os cigarros s\u00e3o uma das <strong>principais causas de doen\u00e7as<\/strong> evit\u00e1veis em todo o mundo. Deixar de fumar pode <strong>melhorar significativamente a sa\u00fade<\/strong> dos doentes: <\/p>\n\n<div style=\"height:28px\" aria-hidden=\"true\" class=\"wp-block-spacer\"><\/div>\n\n<ul class=\"wp-block-list\">\n<li>Reduz <strong>o risco cardiovascular<\/strong> ap\u00f3s alguns meses.<\/li>\n\n\n\n<li>Melhora a <strong>capacidade respirat\u00f3ria<\/strong> e reduz os sintomas de fadiga.<\/li>\n\n\n\n<li>Recupera o <strong>paladar e o olfato<\/strong> em apenas algumas semanas.<\/li>\n\n\n\n<li>Reduz o stress e a ansiedade associados \u00e0 depend\u00eancia.<\/li>\n<\/ul>\n\n<div style=\"height:28px\" aria-hidden=\"true\" class=\"wp-block-spacer\"><\/div>\n\n<p>Como praticante, n\u00e3o est\u00e1s l\u00e1 apenas para aplicar um m\u00e9todo, mas tamb\u00e9m para <strong>ouvir, aconselhar e apoiar<\/strong> cada pessoa nesta transforma\u00e7\u00e3o de vida.<\/p>\n\n<div style=\"height:28px\" aria-hidden=\"true\" class=\"wp-block-spacer\"><\/div>\n\n<h3 class=\"wp-block-heading\"><strong>\ud83d\udc4f Feedback imediato e gratificante dos clientes<\/strong><\/h3>\n\n<div style=\"height:28px\" aria-hidden=\"true\" class=\"wp-block-spacer\"><\/div>\n\n<p>Nada \u00e9 mais gratificante do que ver <strong>um paciente sair do teu consult\u00f3rio livre de tabaco<\/strong> ap\u00f3s uma \u00fanica sess\u00e3o. Muitos pacientes testemunham a sua <strong>imensa gratid\u00e3o<\/strong> para com o seu m\u00e9dico. <\/p>\n\n<p>\u00c9 frequente chegarem mensagens de agradecimento e recomenda\u00e7\u00f5es ap\u00f3s as primeiras semanas de abandono da depend\u00eancia. <strong>Tornas-te uma pe\u00e7a fundamental para o seu sucesso<\/strong>, um guia na sua luta contra a depend\u00eancia. \u00c9 esta forte liga\u00e7\u00e3o humana que torna este trabalho t\u00e3o especial. <\/p>\n\n<div style=\"height:28px\" aria-hidden=\"true\" class=\"wp-block-spacer\"><\/div>\n\n<h3 class=\"wp-block-heading\"><strong>Uma profiss\u00e3o aberta a todos<\/strong><\/h3>\n\n<div style=\"height:28px\" aria-hidden=\"true\" class=\"wp-block-spacer\"><\/div>\n\n<h3 class=\"wp-block-heading\"><strong>\u2705 N\u00e3o precisas de ser m\u00e9dico ou terapeuta<\/strong><\/h3>\n\n<div style=\"height:28px\" aria-hidden=\"true\" class=\"wp-block-spacer\"><\/div>\n\n<p>Ao contr\u00e1rio de outras profiss\u00f5es de bem-estar que exigem <strong>anos de estudo<\/strong>, o tratamento anti-tabaco a laser \u00e9 uma t\u00e9cnica <strong>acess\u00edvel a todos<\/strong>. N\u00e3o precisas de ser um profissional de sa\u00fade para praticar. A forma\u00e7\u00e3o \u00e9 <strong>clara, r\u00e1pida e eficaz<\/strong>, tornando-te operacional em apenas alguns dias.  <\/p>\n\n<div style=\"height:44px\" aria-hidden=\"true\" class=\"wp-block-spacer\"><\/div>\n\n<figure class=\"wp-block-image alignright size-full is-resized\"><img decoding=\"async\" width=\"962\" height=\"963\" src=\"https:\/\/www.mylasertabac.com\/wp-content\/uploads\/2025\/06\/franchise-laser-anti-tabac-.jpeg\" alt=\"\" class=\"wp-image-9281\" style=\"width:381px;height:auto\" srcset=\"https:\/\/www.mylasertabac.com\/wp-content\/uploads\/2025\/06\/franchise-laser-anti-tabac-.jpeg 962w, https:\/\/www.mylasertabac.com\/wp-content\/uploads\/2025\/06\/franchise-laser-anti-tabac--300x300.jpeg 300w, https:\/\/www.mylasertabac.com\/wp-content\/uploads\/2025\/06\/franchise-laser-anti-tabac--150x150.jpeg 150w, https:\/\/www.mylasertabac.com\/wp-content\/uploads\/2025\/06\/franchise-laser-anti-tabac--768x769.jpeg 768w\" sizes=\"(max-width: 962px) 100vw, 962px\" \/><\/figure>\n\n<h3 class=\"wp-block-heading\"><strong>\ud83d\udcc8 Uma oportunidade de carreira em expans\u00e3o<\/strong><\/h3>\n\n<p>Com o aumento dos pre\u00e7os dos cigarros, as campanhas anti-tabaco e a crescente consciencializa\u00e7\u00e3o dos fumadores, a procura de <strong>lasers anti-tabaco est\u00e1 a explodir<\/strong>. <strong>Os pacientes procuram solu\u00e7\u00f5es naturais e duradouras<\/strong>, e os lasers s\u00e3o a resposta perfeita.<\/p>\n\n<p>O<a href=\"https:\/\/www.mylasertabac.com\/pt-pt\/informacoes\/formacao-laser-anti-tabaco-e-contra-a-dependencia\/\"> curso de forma\u00e7\u00e3o laser anti-tabagismo<\/a> e depend\u00eancia permite-te :<\/p>\n\n<ul class=\"wp-block-list\">\n<li>Cria <strong>o teu pr\u00f3prio centro de bem-estar<\/strong> e oferece os teus servi\u00e7os.<\/li>\n\n\n\n<li>Trabalha <strong>em colabora\u00e7\u00e3o com profissionais de sa\u00fade<\/strong>.<\/li>\n\n\n\n<li><strong>Expande a tua atividade em Fran\u00e7a<\/strong> gra\u00e7as \u00e0 forte procura.<\/li>\n<\/ul>\n\n<div style=\"height:42px\" aria-hidden=\"true\" class=\"wp-block-spacer\"><\/div>\n\n<h3 class=\"wp-block-heading\"><strong>\ud83c\udf93 Forma\u00e7\u00e3o chave-na-m\u00e3o para um sucesso r\u00e1pido<\/strong><\/h3>\n\n<div style=\"height:28px\" aria-hidden=\"true\" class=\"wp-block-spacer\"><\/div>\n\n<p>Com o <strong><a href=\"https:\/\/www.mylasertabac.com\/pt-pt\/\">MyLaserTabac<\/a><\/strong>beneficia de um pacote de forma\u00e7\u00e3o completo que inclui :<\/p>\n\n<ol start=\"1\" class=\"wp-block-list\">\n<li><strong>Dois dias de forma\u00e7\u00e3o presencial intensiva<\/strong> para aprenderes as t\u00e9cnicas e a estimula\u00e7\u00e3o do laser.<\/li>\n\n\n\n<li><strong>Um dia de imers\u00e3o num<\/strong> centro especializado para observar e praticar.<\/li>\n\n\n\n<li><strong>Apoio<\/strong> p\u00f3s-forma\u00e7\u00e3o <strong>por videoconfer\u00eancia<\/strong> para te ajudar a aperfei\u00e7oar a tua pr\u00e1tica.<\/li>\n\n\n\n<li><strong>Seis meses de apoio cont\u00ednuo<\/strong> para garantir um arranque \u00f3timo.<\/li>\n<\/ol>\n\n<div style=\"height:32px\" aria-hidden=\"true\" class=\"wp-block-spacer\"><\/div>\n\n<p class=\"has-cyan-bluish-gray-background-color has-background\">L\u00ea tamb\u00e9m : <a href=\"https:\/\/www.mylasertabac.com\/pt-pt\/informacoes\/formacao-laser-anti-tabaco-e-contra-a-dependencia\/\"><mark style=\"background-color:rgba(0, 0, 0, 0)\" class=\"has-inline-color has-luminous-vivid-orange-color\">Descobre o m\u00e9todo MyLaserTabac e torna-te um profissional de reflexologia auricular a laser<\/mark><\/a><\/p>\n\n<div style=\"height:33px\" aria-hidden=\"true\" class=\"wp-block-spacer\"><\/div>\n\n<h2 class=\"wp-block-heading\"><strong>Realiza\u00e7\u00e3o pessoal atrav\u00e9s desta profiss\u00e3o<\/strong><\/h2>\n\n<div style=\"height:28px\" aria-hidden=\"true\" class=\"wp-block-spacer\"><\/div>\n\n<h3 class=\"wp-block-heading\"><strong>\ud83d\udd04 Mudar a tua pr\u00f3pria vida mudando a vida dos outros<\/strong><\/h3>\n\n<div style=\"height:28px\" aria-hidden=\"true\" class=\"wp-block-spacer\"><\/div>\n\n<p>Trabalhar numa <strong>profiss\u00e3o humana<\/strong> tamb\u00e9m transforma o profissional. Sentir\u00e1s <strong>um orgulho imenso em<\/strong> ver os teus pacientes melhorarem e recuperarem uma melhor qualidade de vida. Cada sess\u00e3o ser\u00e1 uma <strong>vit\u00f3ria<\/strong> partilhada com eles, refor\u00e7ando a tua motiva\u00e7\u00e3o e o teu empenho nesta profiss\u00e3o.  <\/p>\n\n<div style=\"height:28px\" aria-hidden=\"true\" class=\"wp-block-spacer\"><\/div>\n\n<h3 class=\"wp-block-heading\"><strong>\ud83e\udd1d Criar uma liga\u00e7\u00e3o forte com os doentes<\/strong><\/h3>\n\n<div style=\"height:28px\" aria-hidden=\"true\" class=\"wp-block-spacer\"><\/div>\n\n<p>O apoio \u00e0 cessa\u00e7\u00e3o tab\u00e1gica \u00e9 mais do que uma simples sess\u00e3o de laser. <strong>Tornas-te um verdadeiro apoio<\/strong> para os teus pacientes, guiando-os atrav\u00e9s de uma mudan\u00e7a profunda. Este la\u00e7o de confian\u00e7a \u00e9 uma fonte de satisfa\u00e7\u00e3o pessoal e profissional. <\/p>\n\n<div style=\"height:28px\" aria-hidden=\"true\" class=\"wp-block-spacer\"><\/div>\n\n<h3 class=\"wp-block-heading\"><strong>\ud83c\udfc6 Desenvolve-te ao teu pr\u00f3prio ritmo e gere o teu neg\u00f3cio como quiseres<\/strong><\/h3>\n\n<div style=\"height:28px\" aria-hidden=\"true\" class=\"wp-block-spacer\"><\/div>\n\n<p>Tornares-te um profissional de laser anti-tabaco oferece-te <strong>total flexibilidade<\/strong>:<\/p>\n\n<div style=\"height:28px\" aria-hidden=\"true\" class=\"wp-block-spacer\"><\/div>\n\n<ul class=\"wp-block-list\">\n<li>Escolhe o <strong>teu pr\u00f3prio hor\u00e1rio<\/strong> e ritmo <strong>de trabalho<\/strong>.<\/li>\n\n\n\n<li>Podes trabalhar <strong>num consult\u00f3rio<\/strong>.<\/li>\n\n\n\n<li>\u00c9s <strong>o teu pr\u00f3prio patr\u00e3o<\/strong>, o que te d\u00e1 uma liberdade sem igual.<\/li>\n<\/ul>\n\n<div style=\"height:28px\" aria-hidden=\"true\" class=\"wp-block-spacer\"><\/div>\n\n<h3 class=\"wp-block-heading\"><strong>Testemunhos de profissionais e pacientes<\/strong><\/h3>\n\n<div style=\"height:28px\" aria-hidden=\"true\" class=\"wp-block-spacer\"><\/div>\n\n<p><strong>\ud83d\udce2 Depoimento de Julien, um antigo empregado que recebeu uma nova forma\u00e7\u00e3o<\/strong><\/p>\n\n<div style=\"height:28px\" aria-hidden=\"true\" class=\"wp-block-spacer\"><\/div>\n\n<p>\u201cTrabalhei durante 10 anos num emprego que j\u00e1 n\u00e3o me fascinava. Precisava de uma mudan\u00e7a, mas n\u00e3o queria voltar a estudar durante muito tempo. Quando soube do curso de forma\u00e7\u00e3o MyLaserTabac, arrisquei. Hoje, sinto-me finalmente <strong>\u00fatil e realizada<\/strong>. Ver os meus pacientes sa\u00edrem do meu consult\u00f3rio sem um cigarro \u00e9 imensamente satisfat\u00f3rio.\u201d    <\/p>\n\n<div style=\"height:38px\" aria-hidden=\"true\" class=\"wp-block-spacer\"><\/div>\n\n<figure class=\"wp-block-image alignright size-full is-resized\"><img decoding=\"async\" width=\"1024\" height=\"1024\" src=\"https:\/\/www.mylasertabac.com\/wp-content\/uploads\/2025\/06\/d.png\" alt=\"\" class=\"wp-image-9273\" style=\"width:394px;height:auto\" srcset=\"https:\/\/www.mylasertabac.com\/wp-content\/uploads\/2025\/06\/d.png 1024w, https:\/\/www.mylasertabac.com\/wp-content\/uploads\/2025\/06\/d-300x300.png 300w, https:\/\/www.mylasertabac.com\/wp-content\/uploads\/2025\/06\/d-150x150.png 150w, https:\/\/www.mylasertabac.com\/wp-content\/uploads\/2025\/06\/d-768x768.png 768w\" sizes=\"(max-width: 1024px) 100vw, 1024px\" \/><\/figure>\n\n<p><strong>\ud83d\udcac Opini\u00f5es de pacientes que deixaram de fumar com sucesso<\/strong><\/p>\n\n<p>\u201cFumava h\u00e1 15 anos e tinha tentado tudo: adesivos, hipnose, medicamentos&#8230; sem sucesso. Depois de uma \u00fanica sess\u00e3o de laser, a minha vontade de fumar desapareceu. Gostaria de agradecer ao meu m\u00e9dico pela sua aten\u00e7\u00e3o e apoio!\u201d<\/p>\n\n<div style=\"height:46px\" aria-hidden=\"true\" class=\"wp-block-spacer\"><\/div>\n\n<h2 class=\"wp-block-heading\"><strong>Conclus\u00e3o<\/strong><\/h2>\n\n<div style=\"height:28px\" aria-hidden=\"true\" class=\"wp-block-spacer\"><\/div>\n\n<p>Ser <strong>um profissional de laser anti-tabaco<\/strong> \u00e9 muito mais do que um simples emprego. \u00c9 uma <strong>voca\u00e7\u00e3o<\/strong> que nos permite ajudar verdadeiramente as pessoas a libertarem-se do tabaco, oferecendo-lhes uma satisfa\u00e7\u00e3o pessoal inigual\u00e1vel. <\/p>\n\n<p>Acess\u00edvel, humana e em plena expans\u00e3o, esta profiss\u00e3o oferece perspectivas incr\u00edveis para quem quer fazer um trabalho <strong>\u00fatil, gratificante e rent\u00e1vel<\/strong>.<\/p>\n\n<p>Gostarias de dar um <strong>novo sentido \u00e0 tua carreira<\/strong> e de te realizares numa profiss\u00e3o centrada no bem-estar?<\/p>\n\n<div style=\"height:28px\" aria-hidden=\"true\" class=\"wp-block-spacer\"><\/div>\n\n<p>\ud83d\ude80 <strong>Junta-te ao MyLaserTabac e torna-te um agente de mudan\u00e7a hoje mesmo!<\/strong><\/p>\n\n<div style=\"height:45px\" aria-hidden=\"true\" class=\"wp-block-spacer\"><\/div>\n\n<figure class=\"wp-block-image size-large\"><img decoding=\"async\" src=\"https:\/\/www.mylasertabac.com\/wp-content\/uploads\/\/mlt-verteau.svg\" alt=\"\" class=\"wp-image-13\"\/><\/figure>\n","protected":false},"excerpt":{"rendered":"<p>E se o teu trabalho pudesse ter um impacto direto na vida das pessoas? Muitas pessoas aspiram a um trabalho que traga bem-estar, apoio e mudan\u00e7as positivas para os outros. Trabalhar em apoio humano \u00e9 uma fonte de realiza\u00e7\u00e3o profissional, oferecendo n\u00e3o s\u00f3 um sentimento de satisfa\u00e7\u00e3o, mas tamb\u00e9m a oportunidade de fazer um trabalho [&hellip;]<\/p>\n","protected":false},"author":2,"featured_media":9287,"comment_status":"closed","ping_status":"open","sticky":false,"template":"","format":"standard","meta":{"inline_featured_image":false,"footnotes":""},"categories":[589],"tags":[],"class_list":["post-9295","post","type-post","status-publish","format-standard","has-post-thumbnail","hentry","category-negocio"],"yoast_head":"<!-- This site is optimized with the Yoast SEO plugin v27.4 - https:\/\/yoast.com\/product\/yoast-seo-wordpress\/ -->\n<title>Trabalhar no bem-estar e no apoio: laser anti-tabaco, uma voca\u00e7\u00e3o humana e gratificante - My Laser Tabac<\/title>\n<meta name=\"description\" content=\"Queres come\u00e7ar um neg\u00f3cio novo e em expans\u00e3o. MylaserTabac lan\u00e7a o seu franchising no dom\u00ednio do bem-estar e das depend\u00eancias.\" \/>\n<meta name=\"robots\" content=\"index, follow, max-snippet:-1, max-image-preview:large, max-video-preview:-1\" \/>\n<link rel=\"canonical\" href=\"https:\/\/www.mylasertabac.com\/pt-pt\/trabalhar-no-bem-estar-e-no-apoio-laser-anti-tabaco-uma-vocacao-humana-e-gratificante\/\" \/>\n<meta property=\"og:locale\" content=\"pt_PT\" \/>\n<meta property=\"og:type\" content=\"article\" \/>\n<meta property=\"og:title\" content=\"Trabalhar no bem-estar e no apoio: laser anti-tabaco, uma voca\u00e7\u00e3o humana e gratificante - My Laser Tabac\" \/>\n<meta property=\"og:description\" content=\"Queres come\u00e7ar um neg\u00f3cio novo e em expans\u00e3o. MylaserTabac lan\u00e7a o seu franchising no dom\u00ednio do bem-estar e das depend\u00eancias.\" \/>\n<meta property=\"og:url\" content=\"https:\/\/www.mylasertabac.com\/pt-pt\/trabalhar-no-bem-estar-e-no-apoio-laser-anti-tabaco-uma-vocacao-humana-e-gratificante\/\" \/>\n<meta property=\"og:site_name\" content=\"My Laser Tabac\" \/>\n<meta property=\"article:author\" content=\"https:\/\/www.facebook.com\/profile.php?id=61571554707319\" \/>\n<meta property=\"article:published_time\" content=\"2025-06-06T12:02:23+00:00\" \/>\n<meta property=\"article:modified_time\" content=\"2025-06-06T12:23:18+00:00\" \/>\n<meta property=\"og:image\" content=\"https:\/\/www.mylasertabac.com\/wp-content\/uploads\/2025\/06\/franchise-laser-anti-tabac-.jpeg\" \/>\n\t<meta property=\"og:image:width\" content=\"962\" \/>\n\t<meta property=\"og:image:height\" content=\"963\" \/>\n\t<meta property=\"og:image:type\" content=\"image\/jpeg\" \/>\n<meta name=\"author\" content=\"Florian Fortes\" \/>\n<meta name=\"twitter:card\" content=\"summary_large_image\" \/>\n<meta name=\"twitter:label1\" content=\"Escrito por\" \/>\n\t<meta name=\"twitter:data1\" content=\"Florian Fortes\" \/>\n\t<meta name=\"twitter:label2\" content=\"Tempo estimado de leitura\" \/>\n\t<meta name=\"twitter:data2\" content=\"6 minutos\" \/>\n<script type=\"application\/ld+json\" class=\"yoast-schema-graph\">{\"@context\":\"https:\\\/\\\/schema.org\",\"@graph\":[{\"@type\":\"Article\",\"@id\":\"https:\\\/\\\/www.mylasertabac.com\\\/pt-pt\\\/trabalhar-no-bem-estar-e-no-apoio-laser-anti-tabaco-uma-vocacao-humana-e-gratificante\\\/#article\",\"isPartOf\":{\"@id\":\"https:\\\/\\\/www.mylasertabac.com\\\/pt-pt\\\/trabalhar-no-bem-estar-e-no-apoio-laser-anti-tabaco-uma-vocacao-humana-e-gratificante\\\/\"},\"author\":{\"name\":\"Florian Fortes\",\"@id\":\"https:\\\/\\\/www.mylasertabac.com\\\/pt-pt\\\/#\\\/schema\\\/person\\\/02c249cb76d912efb6c315ec23eccdf3\"},\"headline\":\"Trabalhar no bem-estar e no apoio: laser anti-tabaco, uma voca\u00e7\u00e3o humana e gratificante\",\"datePublished\":\"2025-06-06T12:02:23+00:00\",\"dateModified\":\"2025-06-06T12:23:18+00:00\",\"mainEntityOfPage\":{\"@id\":\"https:\\\/\\\/www.mylasertabac.com\\\/pt-pt\\\/trabalhar-no-bem-estar-e-no-apoio-laser-anti-tabaco-uma-vocacao-humana-e-gratificante\\\/\"},\"wordCount\":1122,\"publisher\":{\"@id\":\"https:\\\/\\\/www.mylasertabac.com\\\/pt-pt\\\/#organization\"},\"image\":{\"@id\":\"https:\\\/\\\/www.mylasertabac.com\\\/pt-pt\\\/trabalhar-no-bem-estar-e-no-apoio-laser-anti-tabaco-uma-vocacao-humana-e-gratificante\\\/#primaryimage\"},\"thumbnailUrl\":\"https:\\\/\\\/www.mylasertabac.com\\\/wp-content\\\/uploads\\\/2025\\\/06\\\/franchise-laser-anti-tabac-.jpeg\",\"articleSection\":[\"neg\u00f3cio\"],\"inLanguage\":\"pt-PT\"},{\"@type\":\"WebPage\",\"@id\":\"https:\\\/\\\/www.mylasertabac.com\\\/pt-pt\\\/trabalhar-no-bem-estar-e-no-apoio-laser-anti-tabaco-uma-vocacao-humana-e-gratificante\\\/\",\"url\":\"https:\\\/\\\/www.mylasertabac.com\\\/pt-pt\\\/trabalhar-no-bem-estar-e-no-apoio-laser-anti-tabaco-uma-vocacao-humana-e-gratificante\\\/\",\"name\":\"Trabalhar no bem-estar e no apoio: laser anti-tabaco, uma voca\u00e7\u00e3o humana e gratificante - My Laser Tabac\",\"isPartOf\":{\"@id\":\"https:\\\/\\\/www.mylasertabac.com\\\/pt-pt\\\/#website\"},\"primaryImageOfPage\":{\"@id\":\"https:\\\/\\\/www.mylasertabac.com\\\/pt-pt\\\/trabalhar-no-bem-estar-e-no-apoio-laser-anti-tabaco-uma-vocacao-humana-e-gratificante\\\/#primaryimage\"},\"image\":{\"@id\":\"https:\\\/\\\/www.mylasertabac.com\\\/pt-pt\\\/trabalhar-no-bem-estar-e-no-apoio-laser-anti-tabaco-uma-vocacao-humana-e-gratificante\\\/#primaryimage\"},\"thumbnailUrl\":\"https:\\\/\\\/www.mylasertabac.com\\\/wp-content\\\/uploads\\\/2025\\\/06\\\/franchise-laser-anti-tabac-.jpeg\",\"datePublished\":\"2025-06-06T12:02:23+00:00\",\"dateModified\":\"2025-06-06T12:23:18+00:00\",\"description\":\"Queres come\u00e7ar um neg\u00f3cio novo e em expans\u00e3o. MylaserTabac lan\u00e7a o seu franchising no dom\u00ednio do bem-estar e das depend\u00eancias.\",\"breadcrumb\":{\"@id\":\"https:\\\/\\\/www.mylasertabac.com\\\/pt-pt\\\/trabalhar-no-bem-estar-e-no-apoio-laser-anti-tabaco-uma-vocacao-humana-e-gratificante\\\/#breadcrumb\"},\"inLanguage\":\"pt-PT\",\"potentialAction\":[{\"@type\":\"ReadAction\",\"target\":[\"https:\\\/\\\/www.mylasertabac.com\\\/pt-pt\\\/trabalhar-no-bem-estar-e-no-apoio-laser-anti-tabaco-uma-vocacao-humana-e-gratificante\\\/\"]}]},{\"@type\":\"ImageObject\",\"inLanguage\":\"pt-PT\",\"@id\":\"https:\\\/\\\/www.mylasertabac.com\\\/pt-pt\\\/trabalhar-no-bem-estar-e-no-apoio-laser-anti-tabaco-uma-vocacao-humana-e-gratificante\\\/#primaryimage\",\"url\":\"https:\\\/\\\/www.mylasertabac.com\\\/wp-content\\\/uploads\\\/2025\\\/06\\\/franchise-laser-anti-tabac-.jpeg\",\"contentUrl\":\"https:\\\/\\\/www.mylasertabac.com\\\/wp-content\\\/uploads\\\/2025\\\/06\\\/franchise-laser-anti-tabac-.jpeg\",\"width\":962,\"height\":963},{\"@type\":\"BreadcrumbList\",\"@id\":\"https:\\\/\\\/www.mylasertabac.com\\\/pt-pt\\\/trabalhar-no-bem-estar-e-no-apoio-laser-anti-tabaco-uma-vocacao-humana-e-gratificante\\\/#breadcrumb\",\"itemListElement\":[{\"@type\":\"ListItem\",\"position\":1,\"name\":\"Accueil\",\"item\":\"https:\\\/\\\/www.mylasertabac.com\\\/pt-pt\\\/casa\\\/\"},{\"@type\":\"ListItem\",\"position\":2,\"name\":\"Trabalhar no bem-estar e no apoio: laser anti-tabaco, uma voca\u00e7\u00e3o humana e gratificante\"}]},{\"@type\":\"WebSite\",\"@id\":\"https:\\\/\\\/www.mylasertabac.com\\\/pt-pt\\\/#website\",\"url\":\"https:\\\/\\\/www.mylasertabac.com\\\/pt-pt\\\/\",\"name\":\"My Laser Tabac\",\"description\":\"La solution laser qui transforme les fumeurs en ex-fumeurs\",\"publisher\":{\"@id\":\"https:\\\/\\\/www.mylasertabac.com\\\/pt-pt\\\/#organization\"},\"potentialAction\":[{\"@type\":\"SearchAction\",\"target\":{\"@type\":\"EntryPoint\",\"urlTemplate\":\"https:\\\/\\\/www.mylasertabac.com\\\/pt-pt\\\/?s={search_term_string}\"},\"query-input\":{\"@type\":\"PropertyValueSpecification\",\"valueRequired\":true,\"valueName\":\"search_term_string\"}}],\"inLanguage\":\"pt-PT\"},{\"@type\":\"Organization\",\"@id\":\"https:\\\/\\\/www.mylasertabac.com\\\/pt-pt\\\/#organization\",\"name\":\"My Laser Tabac\",\"url\":\"https:\\\/\\\/www.mylasertabac.com\\\/pt-pt\\\/\",\"logo\":{\"@type\":\"ImageObject\",\"inLanguage\":\"pt-PT\",\"@id\":\"https:\\\/\\\/www.mylasertabac.com\\\/pt-pt\\\/#\\\/schema\\\/logo\\\/image\\\/\",\"url\":\"https:\\\/\\\/www.mylasertabac.com\\\/wp-content\\\/uploads\\\/2024\\\/12\\\/mlt-verteau.svg\",\"contentUrl\":\"https:\\\/\\\/www.mylasertabac.com\\\/wp-content\\\/uploads\\\/2024\\\/12\\\/mlt-verteau.svg\",\"caption\":\"My Laser Tabac\"},\"image\":{\"@id\":\"https:\\\/\\\/www.mylasertabac.com\\\/pt-pt\\\/#\\\/schema\\\/logo\\\/image\\\/\"}},{\"@type\":\"Person\",\"@id\":\"https:\\\/\\\/www.mylasertabac.com\\\/pt-pt\\\/#\\\/schema\\\/person\\\/02c249cb76d912efb6c315ec23eccdf3\",\"name\":\"Florian Fortes\",\"image\":{\"@type\":\"ImageObject\",\"inLanguage\":\"pt-PT\",\"@id\":\"https:\\\/\\\/www.mylasertabac.com\\\/wp-content\\\/litespeed\\\/avatar\\\/142101a71d7b9e6490c1120d9c109a67.jpg?ver=1776856306\",\"url\":\"https:\\\/\\\/www.mylasertabac.com\\\/wp-content\\\/litespeed\\\/avatar\\\/142101a71d7b9e6490c1120d9c109a67.jpg?ver=1776856306\",\"contentUrl\":\"https:\\\/\\\/www.mylasertabac.com\\\/wp-content\\\/litespeed\\\/avatar\\\/142101a71d7b9e6490c1120d9c109a67.jpg?ver=1776856306\",\"caption\":\"Florian Fortes\"},\"sameAs\":[\"https:\\\/\\\/www.mylasertabac.com\",\"https:\\\/\\\/www.facebook.com\\\/profile.php?id=61571554707319\"],\"url\":\"https:\\\/\\\/www.mylasertabac.com\\\/pt-pt\\\/author\\\/florianfortes5312\\\/\"}]}<\/script>\n<!-- \/ Yoast SEO plugin. -->","yoast_head_json":{"title":"Trabalhar no bem-estar e no apoio: laser anti-tabaco, uma voca\u00e7\u00e3o humana e gratificante - My Laser Tabac","description":"Queres come\u00e7ar um neg\u00f3cio novo e em expans\u00e3o. MylaserTabac lan\u00e7a o seu franchising no dom\u00ednio do bem-estar e das depend\u00eancias.","robots":{"index":"index","follow":"follow","max-snippet":"max-snippet:-1","max-image-preview":"max-image-preview:large","max-video-preview":"max-video-preview:-1"},"canonical":"https:\/\/www.mylasertabac.com\/pt-pt\/trabalhar-no-bem-estar-e-no-apoio-laser-anti-tabaco-uma-vocacao-humana-e-gratificante\/","og_locale":"pt_PT","og_type":"article","og_title":"Trabalhar no bem-estar e no apoio: laser anti-tabaco, uma voca\u00e7\u00e3o humana e gratificante - My Laser Tabac","og_description":"Queres come\u00e7ar um neg\u00f3cio novo e em expans\u00e3o. MylaserTabac lan\u00e7a o seu franchising no dom\u00ednio do bem-estar e das depend\u00eancias.","og_url":"https:\/\/www.mylasertabac.com\/pt-pt\/trabalhar-no-bem-estar-e-no-apoio-laser-anti-tabaco-uma-vocacao-humana-e-gratificante\/","og_site_name":"My Laser Tabac","article_author":"https:\/\/www.facebook.com\/profile.php?id=61571554707319","article_published_time":"2025-06-06T12:02:23+00:00","article_modified_time":"2025-06-06T12:23:18+00:00","og_image":[{"width":962,"height":963,"url":"https:\/\/www.mylasertabac.com\/wp-content\/uploads\/2025\/06\/franchise-laser-anti-tabac-.jpeg","type":"image\/jpeg"}],"author":"Florian Fortes","twitter_card":"summary_large_image","twitter_misc":{"Escrito por":"Florian Fortes","Tempo estimado de leitura":"6 minutos"},"schema":{"@context":"https:\/\/schema.org","@graph":[{"@type":"Article","@id":"https:\/\/www.mylasertabac.com\/pt-pt\/trabalhar-no-bem-estar-e-no-apoio-laser-anti-tabaco-uma-vocacao-humana-e-gratificante\/#article","isPartOf":{"@id":"https:\/\/www.mylasertabac.com\/pt-pt\/trabalhar-no-bem-estar-e-no-apoio-laser-anti-tabaco-uma-vocacao-humana-e-gratificante\/"},"author":{"name":"Florian Fortes","@id":"https:\/\/www.mylasertabac.com\/pt-pt\/#\/schema\/person\/02c249cb76d912efb6c315ec23eccdf3"},"headline":"Trabalhar no bem-estar e no apoio: laser anti-tabaco, uma voca\u00e7\u00e3o humana e gratificante","datePublished":"2025-06-06T12:02:23+00:00","dateModified":"2025-06-06T12:23:18+00:00","mainEntityOfPage":{"@id":"https:\/\/www.mylasertabac.com\/pt-pt\/trabalhar-no-bem-estar-e-no-apoio-laser-anti-tabaco-uma-vocacao-humana-e-gratificante\/"},"wordCount":1122,"publisher":{"@id":"https:\/\/www.mylasertabac.com\/pt-pt\/#organization"},"image":{"@id":"https:\/\/www.mylasertabac.com\/pt-pt\/trabalhar-no-bem-estar-e-no-apoio-laser-anti-tabaco-uma-vocacao-humana-e-gratificante\/#primaryimage"},"thumbnailUrl":"https:\/\/www.mylasertabac.com\/wp-content\/uploads\/2025\/06\/franchise-laser-anti-tabac-.jpeg","articleSection":["neg\u00f3cio"],"inLanguage":"pt-PT"},{"@type":"WebPage","@id":"https:\/\/www.mylasertabac.com\/pt-pt\/trabalhar-no-bem-estar-e-no-apoio-laser-anti-tabaco-uma-vocacao-humana-e-gratificante\/","url":"https:\/\/www.mylasertabac.com\/pt-pt\/trabalhar-no-bem-estar-e-no-apoio-laser-anti-tabaco-uma-vocacao-humana-e-gratificante\/","name":"Trabalhar no bem-estar e no apoio: laser anti-tabaco, uma voca\u00e7\u00e3o humana e gratificante - My Laser Tabac","isPartOf":{"@id":"https:\/\/www.mylasertabac.com\/pt-pt\/#website"},"primaryImageOfPage":{"@id":"https:\/\/www.mylasertabac.com\/pt-pt\/trabalhar-no-bem-estar-e-no-apoio-laser-anti-tabaco-uma-vocacao-humana-e-gratificante\/#primaryimage"},"image":{"@id":"https:\/\/www.mylasertabac.com\/pt-pt\/trabalhar-no-bem-estar-e-no-apoio-laser-anti-tabaco-uma-vocacao-humana-e-gratificante\/#primaryimage"},"thumbnailUrl":"https:\/\/www.mylasertabac.com\/wp-content\/uploads\/2025\/06\/franchise-laser-anti-tabac-.jpeg","datePublished":"2025-06-06T12:02:23+00:00","dateModified":"2025-06-06T12:23:18+00:00","description":"Queres come\u00e7ar um neg\u00f3cio novo e em expans\u00e3o. MylaserTabac lan\u00e7a o seu franchising no dom\u00ednio do bem-estar e das depend\u00eancias.","breadcrumb":{"@id":"https:\/\/www.mylasertabac.com\/pt-pt\/trabalhar-no-bem-estar-e-no-apoio-laser-anti-tabaco-uma-vocacao-humana-e-gratificante\/#breadcrumb"},"inLanguage":"pt-PT","potentialAction":[{"@type":"ReadAction","target":["https:\/\/www.mylasertabac.com\/pt-pt\/trabalhar-no-bem-estar-e-no-apoio-laser-anti-tabaco-uma-vocacao-humana-e-gratificante\/"]}]},{"@type":"ImageObject","inLanguage":"pt-PT","@id":"https:\/\/www.mylasertabac.com\/pt-pt\/trabalhar-no-bem-estar-e-no-apoio-laser-anti-tabaco-uma-vocacao-humana-e-gratificante\/#primaryimage","url":"https:\/\/www.mylasertabac.com\/wp-content\/uploads\/2025\/06\/franchise-laser-anti-tabac-.jpeg","contentUrl":"https:\/\/www.mylasertabac.com\/wp-content\/uploads\/2025\/06\/franchise-laser-anti-tabac-.jpeg","width":962,"height":963},{"@type":"BreadcrumbList","@id":"https:\/\/www.mylasertabac.com\/pt-pt\/trabalhar-no-bem-estar-e-no-apoio-laser-anti-tabaco-uma-vocacao-humana-e-gratificante\/#breadcrumb","itemListElement":[{"@type":"ListItem","position":1,"name":"Accueil","item":"https:\/\/www.mylasertabac.com\/pt-pt\/casa\/"},{"@type":"ListItem","position":2,"name":"Trabalhar no bem-estar e no apoio: laser anti-tabaco, uma voca\u00e7\u00e3o humana e gratificante"}]},{"@type":"WebSite","@id":"https:\/\/www.mylasertabac.com\/pt-pt\/#website","url":"https:\/\/www.mylasertabac.com\/pt-pt\/","name":"My Laser Tabac","description":"La solution laser qui transforme les fumeurs en ex-fumeurs","publisher":{"@id":"https:\/\/www.mylasertabac.com\/pt-pt\/#organization"},"potentialAction":[{"@type":"SearchAction","target":{"@type":"EntryPoint","urlTemplate":"https:\/\/www.mylasertabac.com\/pt-pt\/?s={search_term_string}"},"query-input":{"@type":"PropertyValueSpecification","valueRequired":true,"valueName":"search_term_string"}}],"inLanguage":"pt-PT"},{"@type":"Organization","@id":"https:\/\/www.mylasertabac.com\/pt-pt\/#organization","name":"My Laser Tabac","url":"https:\/\/www.mylasertabac.com\/pt-pt\/","logo":{"@type":"ImageObject","inLanguage":"pt-PT","@id":"https:\/\/www.mylasertabac.com\/pt-pt\/#\/schema\/logo\/image\/","url":"https:\/\/www.mylasertabac.com\/wp-content\/uploads\/2024\/12\/mlt-verteau.svg","contentUrl":"https:\/\/www.mylasertabac.com\/wp-content\/uploads\/2024\/12\/mlt-verteau.svg","caption":"My Laser Tabac"},"image":{"@id":"https:\/\/www.mylasertabac.com\/pt-pt\/#\/schema\/logo\/image\/"}},{"@type":"Person","@id":"https:\/\/www.mylasertabac.com\/pt-pt\/#\/schema\/person\/02c249cb76d912efb6c315ec23eccdf3","name":"Florian Fortes","image":{"@type":"ImageObject","inLanguage":"pt-PT","@id":"https:\/\/www.mylasertabac.com\/wp-content\/litespeed\/avatar\/142101a71d7b9e6490c1120d9c109a67.jpg?ver=1776856306","url":"https:\/\/www.mylasertabac.com\/wp-content\/litespeed\/avatar\/142101a71d7b9e6490c1120d9c109a67.jpg?ver=1776856306","contentUrl":"https:\/\/www.mylasertabac.com\/wp-content\/litespeed\/avatar\/142101a71d7b9e6490c1120d9c109a67.jpg?ver=1776856306","caption":"Florian Fortes"},"sameAs":["https:\/\/www.mylasertabac.com","https:\/\/www.facebook.com\/profile.php?id=61571554707319"],"url":"https:\/\/www.mylasertabac.com\/pt-pt\/author\/florianfortes5312\/"}]}},"_links":{"self":[{"href":"https:\/\/www.mylasertabac.com\/pt-pt\/wp-json\/wp\/v2\/posts\/9295","targetHints":{"allow":["GET"]}}],"collection":[{"href":"https:\/\/www.mylasertabac.com\/pt-pt\/wp-json\/wp\/v2\/posts"}],"about":[{"href":"https:\/\/www.mylasertabac.com\/pt-pt\/wp-json\/wp\/v2\/types\/post"}],"author":[{"embeddable":true,"href":"https:\/\/www.mylasertabac.com\/pt-pt\/wp-json\/wp\/v2\/users\/2"}],"replies":[{"embeddable":true,"href":"https:\/\/www.mylasertabac.com\/pt-pt\/wp-json\/wp\/v2\/comments?post=9295"}],"version-history":[{"count":3,"href":"https:\/\/www.mylasertabac.com\/pt-pt\/wp-json\/wp\/v2\/posts\/9295\/revisions"}],"predecessor-version":[{"id":9311,"href":"https:\/\/www.mylasertabac.com\/pt-pt\/wp-json\/wp\/v2\/posts\/9295\/revisions\/9311"}],"wp:featuredmedia":[{"embeddable":true,"href":"https:\/\/www.mylasertabac.com\/pt-pt\/wp-json\/wp\/v2\/media\/9287"}],"wp:attachment":[{"href":"https:\/\/www.mylasertabac.com\/pt-pt\/wp-json\/wp\/v2\/media?parent=9295"}],"wp:term":[{"taxonomy":"category","embeddable":true,"href":"https:\/\/www.mylasertabac.com\/pt-pt\/wp-json\/wp\/v2\/categories?post=9295"},{"taxonomy":"post_tag","embeddable":true,"href":"https:\/\/www.mylasertabac.com\/pt-pt\/wp-json\/wp\/v2\/tags?post=9295"}],"curies":[{"name":"wp","href":"https:\/\/api.w.org\/{rel}","templated":true}]}}