{"id":9433,"date":"2025-06-11T16:06:26","date_gmt":"2025-06-11T14:06:26","guid":{"rendered":"https:\/\/www.mylasertabac.com\/aqueles-que-trabalham-por-um-mundo-sem-fumo-uma-homenagem-aos-que-fazem-a-diferenca\/"},"modified":"2025-06-11T16:33:13","modified_gmt":"2025-06-11T14:33:13","slug":"aqueles-que-trabalham-por-um-mundo-sem-fumo-uma-homenagem-aos-que-fazem-a-diferenca","status":"publish","type":"post","link":"https:\/\/www.mylasertabac.com\/pt-pt\/aqueles-que-trabalham-por-um-mundo-sem-fumo-uma-homenagem-aos-que-fazem-a-diferenca\/","title":{"rendered":"Aqueles que trabalham por um mundo sem fumo: uma homenagem aos que fazem a diferen\u00e7a"},"content":{"rendered":"\n<div style=\"height:19px\" aria-hidden=\"true\" class=\"wp-block-spacer\"><\/div>\n\n<p>Todos os anos, no <strong>Dia Mundial sem Tabaco<\/strong>, dezenas de personalidades, organiza\u00e7\u00f5es e institui\u00e7\u00f5es recebem pr\u00e9mios pelo seu <strong>empenho na luta contra o tabagismo<\/strong>. Por detr\u00e1s destes pr\u00e9mios simb\u00f3licos esconde-se uma realidade muito real: uma batalha a longo prazo para proteger a sa\u00fade p\u00fablica e salvar milh\u00f5es de vidas. <\/p>\n\n<p>Num mundo em que a ind\u00fastria do tabaco se renova constantemente para apelar \u00e0s gera\u00e7\u00f5es mais jovens, \u00e9 mais crucial do que nunca saudar o trabalho daqueles que <strong>resistem \u00e0 press\u00e3o, informam, legislam e cuidam<\/strong>.<\/p>\n\n<div style=\"height:28px\" aria-hidden=\"true\" class=\"wp-block-spacer\"><\/div>\n\n<hr class=\"wp-block-separator has-alpha-channel-opacity\"\/>\n\n<figure class=\"wp-block-image alignleft size-full is-resized\"><img fetchpriority=\"high\" decoding=\"async\" width=\"1024\" height=\"1024\" src=\"https:\/\/www.mylasertabac.com\/wp-content\/uploads\/2025\/06\/1F3234A4-3024-4BAE-8B7D-65C12C9D2778.png\" alt=\"\" class=\"wp-image-9446\" style=\"width:421px;height:auto\" srcset=\"https:\/\/www.mylasertabac.com\/wp-content\/uploads\/2025\/06\/1F3234A4-3024-4BAE-8B7D-65C12C9D2778.png 1024w, https:\/\/www.mylasertabac.com\/wp-content\/uploads\/2025\/06\/1F3234A4-3024-4BAE-8B7D-65C12C9D2778-300x300.png 300w, https:\/\/www.mylasertabac.com\/wp-content\/uploads\/2025\/06\/1F3234A4-3024-4BAE-8B7D-65C12C9D2778-150x150.png 150w, https:\/\/www.mylasertabac.com\/wp-content\/uploads\/2025\/06\/1F3234A4-3024-4BAE-8B7D-65C12C9D2778-768x768.png 768w\" sizes=\"(max-width: 1024px) 100vw, 1024px\" \/><\/figure>\n\n<h2 class=\"wp-block-heading\">\ud83d\udead O tabaco, ainda hoje um dos maiores flagelos da sa\u00fade p\u00fablica<\/h2>\n\n<p>Com quase <strong>8 milh\u00f5es de mortes por ano em todo o mundo<\/strong>, o tabaco continua a ser a <strong>principal causa de morte evit\u00e1vel<\/strong>. Os seus efeitos s\u00e3o devastadores: cancros, doen\u00e7as cardiovasculares, patologias respirat\u00f3rias cr\u00f3nicas, problemas de fertilidade&#8230; <\/p>\n\n<p>Mas, para al\u00e9m dos n\u00fameros, \u00e9 necess\u00e1rio desconstruir todo um <strong>sistema econ\u00f3mico, cultural e social<\/strong>. Porque o tabaco n\u00e3o \u00e9 apenas uma subst\u00e2ncia: \u00e9 um <strong>mercado<\/strong>, uma <strong>depend\u00eancia incentivada<\/strong> e, muitas vezes, um <strong>alvo dirigido aos mais vulner\u00e1veis<\/strong>: jovens, pessoas com baixos rendimentos, pessoas com pouca informa\u00e7\u00e3o. <\/p>\n\n<div style=\"height:31px\" aria-hidden=\"true\" class=\"wp-block-spacer\"><\/div>\n\n<hr class=\"wp-block-separator has-alpha-channel-opacity\"\/>\n\n<h2 class=\"wp-block-heading\">\ud83c\udf0d Um dia mundial de sensibiliza\u00e7\u00e3o<\/h2>\n\n<div style=\"height:19px\" aria-hidden=\"true\" class=\"wp-block-spacer\"><\/div>\n\n<p>Celebrado <strong>a 31 de maio<\/strong>, <strong>o Dia Mundial sem Tabaco<\/strong> \u00e9 uma oportunidade para a OMS e os seus parceiros destacarem :<\/p>\n\n<div style=\"height:19px\" aria-hidden=\"true\" class=\"wp-block-spacer\"><\/div>\n\n<ul class=\"wp-block-list\">\n<li>os <strong>progressos realizados<\/strong>,<\/li>\n\n\n\n<li><strong>desafios persistentes<\/strong>,<\/li>\n\n\n\n<li>e, sobretudo, os <strong>agentes da mudan\u00e7a<\/strong>.<\/li>\n<\/ul>\n\n<div style=\"height:19px\" aria-hidden=\"true\" class=\"wp-block-spacer\"><\/div>\n\n<p>Em 2025, o tema centrar-se-\u00e1 na <strong>revela\u00e7\u00e3o das estrat\u00e9gias de sedu\u00e7\u00e3o<\/strong> da ind\u00fastria do tabaco, nomeadamente atrav\u00e9s de publicidade dissimulada, sabores atractivos e marketing dirigido aos adolescentes.<\/p>\n\n<div style=\"height:19px\" aria-hidden=\"true\" class=\"wp-block-spacer\"><\/div>\n\n<hr class=\"wp-block-separator has-alpha-channel-opacity\"\/>\n\n<p class=\"has-cyan-bluish-gray-background-color has-background\">L\u00ea tamb\u00e9m: <a href=\"https:\/\/www.mylasertabac.com\/pt-pt\/informacoes\/formacao-laser-anti-tabaco-e-contra-a-dependencia\/\"> <mark style=\"background-color:rgba(0, 0, 0, 0)\" class=\"has-inline-color has-luminous-vivid-orange-color\">Torna-te um especialista no dom\u00ednio da reflexologia auricular, oferecemos cursos de forma\u00e7\u00e3o para te ajudar a utilizar o laser e a compreender todos os pontos de acupunctura. <\/mark><\/a> <\/p>\n\n<div style=\"height:19px\" aria-hidden=\"true\" class=\"wp-block-spacer\"><\/div>\n\n<h2 class=\"wp-block-heading\">\ud83c\udfc6 Os vencedores de 2025: perfis inspiradores de todo o mundo<\/h2>\n\n<div style=\"height:19px\" aria-hidden=\"true\" class=\"wp-block-spacer\"><\/div>\n\n<p>Os vencedores deste ano incluem :<\/p>\n\n<div style=\"height:19px\" aria-hidden=\"true\" class=\"wp-block-spacer\"><\/div>\n\n<ul class=\"wp-block-list\">\n<li><strong>m\u00e9dicos empenhados<\/strong>, por detr\u00e1s de campanhas de sensibiliza\u00e7\u00e3o em grande escala,<\/li>\n\n\n\n<li><strong>os decisores pol\u00edticos<\/strong>, que aprovaram leis que pro\u00edbem fumar em locais p\u00fablicos,<\/li>\n\n\n\n<li><strong>ONG locais<\/strong>, presentes nos bairros mais expostos,<\/li>\n\n\n\n<li>e <strong>investigadores<\/strong>, que documentam as pr\u00e1ticas do sector e analisam o impacto das medidas de preven\u00e7\u00e3o.<\/li>\n<\/ul>\n\n<div style=\"height:19px\" aria-hidden=\"true\" class=\"wp-block-spacer\"><\/div>\n\n<p>Estas s\u00e3o as pessoas que, <strong>diariamente, est\u00e3o a construir um futuro sem fumo<\/strong>.<\/p>\n\n<div style=\"height:19px\" aria-hidden=\"true\" class=\"wp-block-spacer\"><\/div>\n\n<hr class=\"wp-block-separator has-alpha-channel-opacity\"\/>\n\n<h2 class=\"wp-block-heading\">\ud83d\udcac Compromissos concretos que salvam vidas<\/h2>\n\n<div style=\"height:19px\" aria-hidden=\"true\" class=\"wp-block-spacer\"><\/div>\n\n<p>As ac\u00e7\u00f5es destes actores t\u00eam um <strong>impacto direto<\/strong> na sa\u00fade p\u00fablica:<\/p>\n\n<div style=\"height:19px\" aria-hidden=\"true\" class=\"wp-block-spacer\"><\/div>\n\n<ul class=\"wp-block-list\">\n<li>criar<strong>zonas livres de fumo<\/strong> (praias, escolas, paragens de autocarro),<\/li>\n\n\n\n<li>a proibi\u00e7\u00e3o de <strong>produtos de vaporiza\u00e7\u00e3o com sabor<\/strong> para os jovens,<\/li>\n\n\n\n<li>o aumento gradual dos <strong>pre\u00e7os dos cigarros<\/strong>,<\/li>\n\n\n\n<li>e apoia as pessoas <strong>que est\u00e3o a passar pelo processo de abstin\u00eancia<\/strong>.<\/li>\n<\/ul>\n\n<div style=\"height:19px\" aria-hidden=\"true\" class=\"wp-block-spacer\"><\/div>\n\n<p>Com cada avan\u00e7o regulamentar ou sanit\u00e1rio, uma nova gera\u00e7\u00e3o cresce <strong>sem o cigarro como norma<\/strong>.<\/p>\n\n<div style=\"height:19px\" aria-hidden=\"true\" class=\"wp-block-spacer\"><\/div>\n\n<hr class=\"wp-block-separator has-alpha-channel-opacity\"\/>\n\n<h2 class=\"wp-block-heading\">\ud83d\udcc8 O tabagismo diminui, mas a vigil\u00e2ncia continua a ser necess\u00e1ria<\/h2>\n\n<div style=\"height:19px\" aria-hidden=\"true\" class=\"wp-block-spacer\"><\/div>\n\n<p>As vendas de cigarros em Fran\u00e7a est\u00e3o em queda acentuada e a percentagem de fumadores regulares est\u00e1 a diminuir, sobretudo entre os jovens adultos. Uma tend\u00eancia encorajadora, mas que n\u00e3o deve fazer esquecer o facto : <\/p>\n\n<div style=\"height:19px\" aria-hidden=\"true\" class=\"wp-block-spacer\"><\/div>\n\n<ul class=\"wp-block-list\">\n<li>desigualdades persistentes (o tabaco tem um impacto maior nos grupos desfavorecidos),<\/li>\n\n\n\n<li>a ascens\u00e3o do <strong>cigarro eletr\u00f3nico<\/strong> como um substituto controverso,<\/li>\n\n\n\n<li>e <strong>tentativas<\/strong> dos fabricantes <strong>de contornar a<\/strong> regulamenta\u00e7\u00e3o.<\/li>\n<\/ul>\n\n<div style=\"height:19px\" aria-hidden=\"true\" class=\"wp-block-spacer\"><\/div>\n\n<hr class=\"wp-block-separator has-alpha-channel-opacity\"\/>\n\n<h2 class=\"wp-block-heading\">\ud83d\udc65 Torna-te tu pr\u00f3prio um agente de mudan\u00e7a<\/h2>\n\n<div style=\"height:19px\" aria-hidden=\"true\" class=\"wp-block-spacer\"><\/div>\n\n<p>O \u00eaxito da luta contra o tabagismo depende tamb\u00e9m do empenhamento dos cidad\u00e3os, dos profissionais de sa\u00fade e dos educadores. Cada vez mais pessoas optam por : <\/p>\n\n<div style=\"height:19px\" aria-hidden=\"true\" class=\"wp-block-spacer\"><\/div>\n\n<ul class=\"wp-block-list\">\n<li>forma\u00e7\u00e3o em<strong>apoio \u00e0 cessa\u00e7\u00e3o do<\/strong> <strong>tabagismo<\/strong>(incluindo abordagens como o <strong>laser anti-tabaco<\/strong>, a reflexologia auricular, etc.) <strong><a href=\"https:\/\/www.mylasertabac.com\/pt-pt\/\">reflexologia auricular<\/a><\/strong>ou <strong>auriculoterapia<\/strong>),<\/li>\n\n\n\n<li>transmite <strong>mensagens de preven\u00e7\u00e3o<\/strong>,<\/li>\n\n\n\n<li>ou simplesmente <strong>apoia os seus entes queridos<\/strong> nos seus esfor\u00e7os para deixarem de fumar.<\/li>\n<\/ul>\n\n<div style=\"height:19px\" aria-hidden=\"true\" class=\"wp-block-spacer\"><\/div>\n\n<hr class=\"wp-block-separator has-alpha-channel-opacity\"\/>\n\n<h2 class=\"wp-block-heading\">\ud83d\udca1 Em conclus\u00e3o: todos os gestos contam na luta contra o tabaco<\/h2>\n\n<div style=\"height:19px\" aria-hidden=\"true\" class=\"wp-block-spacer\"><\/div>\n\n<p>O Dia Mundial sem Tabaco n\u00e3o \u00e9 apenas um s\u00edmbolo. \u00c9 um <strong>lembrete anual<\/strong> para reconhecer aqueles que tomam medidas, muitas vezes nos bastidores, para <strong>salvar vidas<\/strong>. <\/p>\n\n<p>Num mundo onde os interesses econ\u00f3micos se sobrep\u00f5em demasiadas vezes \u00e0 sa\u00fade colectiva, <strong>\u00e9 essencial destacar estas vozes corajosas<\/strong>. Porque, gra\u00e7as a elas, um mundo sem tabaco j\u00e1 n\u00e3o \u00e9 uma utopia, mas um projeto coletivo&#8230; em movimento. <\/p>\n\n<div style=\"height:39px\" aria-hidden=\"true\" class=\"wp-block-spacer\"><\/div>\n\n<figure class=\"wp-block-image size-large\"><img decoding=\"async\" src=\"https:\/\/www.mylasertabac.com\/wp-content\/uploads\/\/mlt-verteau.svg\" alt=\"\" class=\"wp-image-13\"\/><\/figure>\n","protected":false},"excerpt":{"rendered":"<p>Todos os anos, no Dia Mundial sem Tabaco, dezenas de personalidades, organiza\u00e7\u00f5es e institui\u00e7\u00f5es recebem pr\u00e9mios pelo seu empenho na luta contra o tabagismo. Por detr\u00e1s destes pr\u00e9mios simb\u00f3licos esconde-se uma realidade muito real: uma batalha a longo prazo para proteger a sa\u00fade p\u00fablica e salvar milh\u00f5es de vidas. Num mundo em que a ind\u00fastria [&hellip;]<\/p>\n","protected":false},"author":2,"featured_media":9428,"comment_status":"closed","ping_status":"open","sticky":false,"template":"","format":"standard","meta":{"inline_featured_image":false,"footnotes":""},"categories":[579],"tags":[],"class_list":["post-9433","post","type-post","status-publish","format-standard","has-post-thumbnail","hentry","category-lei"],"yoast_head":"<!-- This site is optimized with the Yoast SEO plugin v27.4 - https:\/\/yoast.com\/product\/yoast-seo-wordpress\/ -->\n<title>Aqueles que trabalham por um mundo sem fumo: uma homenagem aos que fazem a diferen\u00e7a - My Laser Tabac<\/title>\n<meta name=\"description\" content=\"Descobre os actores premiados no Dia Mundial Sem Tabaco 2025 pelo seu empenho na luta contra o tabagismo.\" \/>\n<meta name=\"robots\" content=\"index, follow, max-snippet:-1, max-image-preview:large, max-video-preview:-1\" \/>\n<link rel=\"canonical\" href=\"https:\/\/www.mylasertabac.com\/pt-pt\/aqueles-que-trabalham-por-um-mundo-sem-fumo-uma-homenagem-aos-que-fazem-a-diferenca\/\" \/>\n<meta property=\"og:locale\" content=\"pt_PT\" \/>\n<meta property=\"og:type\" content=\"article\" \/>\n<meta property=\"og:title\" content=\"Aqueles que trabalham por um mundo sem fumo: uma homenagem aos que fazem a diferen\u00e7a - My Laser Tabac\" \/>\n<meta property=\"og:description\" content=\"Descobre os actores premiados no Dia Mundial Sem Tabaco 2025 pelo seu empenho na luta contra o tabagismo.\" \/>\n<meta property=\"og:url\" content=\"https:\/\/www.mylasertabac.com\/pt-pt\/aqueles-que-trabalham-por-um-mundo-sem-fumo-uma-homenagem-aos-que-fazem-a-diferenca\/\" \/>\n<meta property=\"og:site_name\" content=\"My Laser Tabac\" \/>\n<meta property=\"article:author\" content=\"https:\/\/www.facebook.com\/profile.php?id=61571554707319\" \/>\n<meta property=\"article:published_time\" content=\"2025-06-11T14:06:26+00:00\" \/>\n<meta property=\"article:modified_time\" content=\"2025-06-11T14:33:13+00:00\" \/>\n<meta property=\"og:image\" content=\"https:\/\/www.mylasertabac.com\/wp-content\/uploads\/2025\/06\/journ-1.png\" \/>\n\t<meta property=\"og:image:width\" content=\"1536\" \/>\n\t<meta property=\"og:image:height\" content=\"1024\" \/>\n\t<meta property=\"og:image:type\" content=\"image\/png\" \/>\n<meta name=\"author\" content=\"Florian Fortes\" \/>\n<meta name=\"twitter:card\" content=\"summary_large_image\" \/>\n<meta name=\"twitter:label1\" content=\"Escrito por\" \/>\n\t<meta name=\"twitter:data1\" content=\"Florian Fortes\" \/>\n\t<meta name=\"twitter:label2\" content=\"Tempo estimado de leitura\" \/>\n\t<meta name=\"twitter:data2\" content=\"4 minutos\" \/>\n<script type=\"application\/ld+json\" class=\"yoast-schema-graph\">{\"@context\":\"https:\\\/\\\/schema.org\",\"@graph\":[{\"@type\":\"Article\",\"@id\":\"https:\\\/\\\/www.mylasertabac.com\\\/pt-pt\\\/aqueles-que-trabalham-por-um-mundo-sem-fumo-uma-homenagem-aos-que-fazem-a-diferenca\\\/#article\",\"isPartOf\":{\"@id\":\"https:\\\/\\\/www.mylasertabac.com\\\/pt-pt\\\/aqueles-que-trabalham-por-um-mundo-sem-fumo-uma-homenagem-aos-que-fazem-a-diferenca\\\/\"},\"author\":{\"name\":\"Florian Fortes\",\"@id\":\"https:\\\/\\\/www.mylasertabac.com\\\/pt-pt\\\/#\\\/schema\\\/person\\\/02c249cb76d912efb6c315ec23eccdf3\"},\"headline\":\"Aqueles que trabalham por um mundo sem fumo: uma homenagem aos que fazem a diferen\u00e7a\",\"datePublished\":\"2025-06-11T14:06:26+00:00\",\"dateModified\":\"2025-06-11T14:33:13+00:00\",\"mainEntityOfPage\":{\"@id\":\"https:\\\/\\\/www.mylasertabac.com\\\/pt-pt\\\/aqueles-que-trabalham-por-um-mundo-sem-fumo-uma-homenagem-aos-que-fazem-a-diferenca\\\/\"},\"wordCount\":723,\"publisher\":{\"@id\":\"https:\\\/\\\/www.mylasertabac.com\\\/pt-pt\\\/#organization\"},\"image\":{\"@id\":\"https:\\\/\\\/www.mylasertabac.com\\\/pt-pt\\\/aqueles-que-trabalham-por-um-mundo-sem-fumo-uma-homenagem-aos-que-fazem-a-diferenca\\\/#primaryimage\"},\"thumbnailUrl\":\"https:\\\/\\\/www.mylasertabac.com\\\/wp-content\\\/uploads\\\/2025\\\/06\\\/journ-1.png\",\"articleSection\":[\"lei\"],\"inLanguage\":\"pt-PT\"},{\"@type\":\"WebPage\",\"@id\":\"https:\\\/\\\/www.mylasertabac.com\\\/pt-pt\\\/aqueles-que-trabalham-por-um-mundo-sem-fumo-uma-homenagem-aos-que-fazem-a-diferenca\\\/\",\"url\":\"https:\\\/\\\/www.mylasertabac.com\\\/pt-pt\\\/aqueles-que-trabalham-por-um-mundo-sem-fumo-uma-homenagem-aos-que-fazem-a-diferenca\\\/\",\"name\":\"Aqueles que trabalham por um mundo sem fumo: uma homenagem aos que fazem a diferen\u00e7a - My Laser Tabac\",\"isPartOf\":{\"@id\":\"https:\\\/\\\/www.mylasertabac.com\\\/pt-pt\\\/#website\"},\"primaryImageOfPage\":{\"@id\":\"https:\\\/\\\/www.mylasertabac.com\\\/pt-pt\\\/aqueles-que-trabalham-por-um-mundo-sem-fumo-uma-homenagem-aos-que-fazem-a-diferenca\\\/#primaryimage\"},\"image\":{\"@id\":\"https:\\\/\\\/www.mylasertabac.com\\\/pt-pt\\\/aqueles-que-trabalham-por-um-mundo-sem-fumo-uma-homenagem-aos-que-fazem-a-diferenca\\\/#primaryimage\"},\"thumbnailUrl\":\"https:\\\/\\\/www.mylasertabac.com\\\/wp-content\\\/uploads\\\/2025\\\/06\\\/journ-1.png\",\"datePublished\":\"2025-06-11T14:06:26+00:00\",\"dateModified\":\"2025-06-11T14:33:13+00:00\",\"description\":\"Descobre os actores premiados no Dia Mundial Sem Tabaco 2025 pelo seu empenho na luta contra o tabagismo.\",\"breadcrumb\":{\"@id\":\"https:\\\/\\\/www.mylasertabac.com\\\/pt-pt\\\/aqueles-que-trabalham-por-um-mundo-sem-fumo-uma-homenagem-aos-que-fazem-a-diferenca\\\/#breadcrumb\"},\"inLanguage\":\"pt-PT\",\"potentialAction\":[{\"@type\":\"ReadAction\",\"target\":[\"https:\\\/\\\/www.mylasertabac.com\\\/pt-pt\\\/aqueles-que-trabalham-por-um-mundo-sem-fumo-uma-homenagem-aos-que-fazem-a-diferenca\\\/\"]}]},{\"@type\":\"ImageObject\",\"inLanguage\":\"pt-PT\",\"@id\":\"https:\\\/\\\/www.mylasertabac.com\\\/pt-pt\\\/aqueles-que-trabalham-por-um-mundo-sem-fumo-uma-homenagem-aos-que-fazem-a-diferenca\\\/#primaryimage\",\"url\":\"https:\\\/\\\/www.mylasertabac.com\\\/wp-content\\\/uploads\\\/2025\\\/06\\\/journ-1.png\",\"contentUrl\":\"https:\\\/\\\/www.mylasertabac.com\\\/wp-content\\\/uploads\\\/2025\\\/06\\\/journ-1.png\",\"width\":1536,\"height\":1024},{\"@type\":\"BreadcrumbList\",\"@id\":\"https:\\\/\\\/www.mylasertabac.com\\\/pt-pt\\\/aqueles-que-trabalham-por-um-mundo-sem-fumo-uma-homenagem-aos-que-fazem-a-diferenca\\\/#breadcrumb\",\"itemListElement\":[{\"@type\":\"ListItem\",\"position\":1,\"name\":\"Accueil\",\"item\":\"https:\\\/\\\/www.mylasertabac.com\\\/pt-pt\\\/casa\\\/\"},{\"@type\":\"ListItem\",\"position\":2,\"name\":\"Aqueles que trabalham por um mundo sem fumo: uma homenagem aos que fazem a diferen\u00e7a\"}]},{\"@type\":\"WebSite\",\"@id\":\"https:\\\/\\\/www.mylasertabac.com\\\/pt-pt\\\/#website\",\"url\":\"https:\\\/\\\/www.mylasertabac.com\\\/pt-pt\\\/\",\"name\":\"My Laser Tabac\",\"description\":\"La solution laser qui transforme les fumeurs en ex-fumeurs\",\"publisher\":{\"@id\":\"https:\\\/\\\/www.mylasertabac.com\\\/pt-pt\\\/#organization\"},\"potentialAction\":[{\"@type\":\"SearchAction\",\"target\":{\"@type\":\"EntryPoint\",\"urlTemplate\":\"https:\\\/\\\/www.mylasertabac.com\\\/pt-pt\\\/?s={search_term_string}\"},\"query-input\":{\"@type\":\"PropertyValueSpecification\",\"valueRequired\":true,\"valueName\":\"search_term_string\"}}],\"inLanguage\":\"pt-PT\"},{\"@type\":\"Organization\",\"@id\":\"https:\\\/\\\/www.mylasertabac.com\\\/pt-pt\\\/#organization\",\"name\":\"My Laser Tabac\",\"url\":\"https:\\\/\\\/www.mylasertabac.com\\\/pt-pt\\\/\",\"logo\":{\"@type\":\"ImageObject\",\"inLanguage\":\"pt-PT\",\"@id\":\"https:\\\/\\\/www.mylasertabac.com\\\/pt-pt\\\/#\\\/schema\\\/logo\\\/image\\\/\",\"url\":\"https:\\\/\\\/www.mylasertabac.com\\\/wp-content\\\/uploads\\\/2024\\\/12\\\/mlt-verteau.svg\",\"contentUrl\":\"https:\\\/\\\/www.mylasertabac.com\\\/wp-content\\\/uploads\\\/2024\\\/12\\\/mlt-verteau.svg\",\"caption\":\"My Laser Tabac\"},\"image\":{\"@id\":\"https:\\\/\\\/www.mylasertabac.com\\\/pt-pt\\\/#\\\/schema\\\/logo\\\/image\\\/\"}},{\"@type\":\"Person\",\"@id\":\"https:\\\/\\\/www.mylasertabac.com\\\/pt-pt\\\/#\\\/schema\\\/person\\\/02c249cb76d912efb6c315ec23eccdf3\",\"name\":\"Florian Fortes\",\"image\":{\"@type\":\"ImageObject\",\"inLanguage\":\"pt-PT\",\"@id\":\"https:\\\/\\\/www.mylasertabac.com\\\/wp-content\\\/litespeed\\\/avatar\\\/142101a71d7b9e6490c1120d9c109a67.jpg?ver=1776856306\",\"url\":\"https:\\\/\\\/www.mylasertabac.com\\\/wp-content\\\/litespeed\\\/avatar\\\/142101a71d7b9e6490c1120d9c109a67.jpg?ver=1776856306\",\"contentUrl\":\"https:\\\/\\\/www.mylasertabac.com\\\/wp-content\\\/litespeed\\\/avatar\\\/142101a71d7b9e6490c1120d9c109a67.jpg?ver=1776856306\",\"caption\":\"Florian Fortes\"},\"sameAs\":[\"https:\\\/\\\/www.mylasertabac.com\",\"https:\\\/\\\/www.facebook.com\\\/profile.php?id=61571554707319\"],\"url\":\"https:\\\/\\\/www.mylasertabac.com\\\/pt-pt\\\/author\\\/florianfortes5312\\\/\"}]}<\/script>\n<!-- \/ Yoast SEO plugin. -->","yoast_head_json":{"title":"Aqueles que trabalham por um mundo sem fumo: uma homenagem aos que fazem a diferen\u00e7a - My Laser Tabac","description":"Descobre os actores premiados no Dia Mundial Sem Tabaco 2025 pelo seu empenho na luta contra o tabagismo.","robots":{"index":"index","follow":"follow","max-snippet":"max-snippet:-1","max-image-preview":"max-image-preview:large","max-video-preview":"max-video-preview:-1"},"canonical":"https:\/\/www.mylasertabac.com\/pt-pt\/aqueles-que-trabalham-por-um-mundo-sem-fumo-uma-homenagem-aos-que-fazem-a-diferenca\/","og_locale":"pt_PT","og_type":"article","og_title":"Aqueles que trabalham por um mundo sem fumo: uma homenagem aos que fazem a diferen\u00e7a - My Laser Tabac","og_description":"Descobre os actores premiados no Dia Mundial Sem Tabaco 2025 pelo seu empenho na luta contra o tabagismo.","og_url":"https:\/\/www.mylasertabac.com\/pt-pt\/aqueles-que-trabalham-por-um-mundo-sem-fumo-uma-homenagem-aos-que-fazem-a-diferenca\/","og_site_name":"My Laser Tabac","article_author":"https:\/\/www.facebook.com\/profile.php?id=61571554707319","article_published_time":"2025-06-11T14:06:26+00:00","article_modified_time":"2025-06-11T14:33:13+00:00","og_image":[{"width":1536,"height":1024,"url":"https:\/\/www.mylasertabac.com\/wp-content\/uploads\/2025\/06\/journ-1.png","type":"image\/png"}],"author":"Florian Fortes","twitter_card":"summary_large_image","twitter_misc":{"Escrito por":"Florian Fortes","Tempo estimado de leitura":"4 minutos"},"schema":{"@context":"https:\/\/schema.org","@graph":[{"@type":"Article","@id":"https:\/\/www.mylasertabac.com\/pt-pt\/aqueles-que-trabalham-por-um-mundo-sem-fumo-uma-homenagem-aos-que-fazem-a-diferenca\/#article","isPartOf":{"@id":"https:\/\/www.mylasertabac.com\/pt-pt\/aqueles-que-trabalham-por-um-mundo-sem-fumo-uma-homenagem-aos-que-fazem-a-diferenca\/"},"author":{"name":"Florian Fortes","@id":"https:\/\/www.mylasertabac.com\/pt-pt\/#\/schema\/person\/02c249cb76d912efb6c315ec23eccdf3"},"headline":"Aqueles que trabalham por um mundo sem fumo: uma homenagem aos que fazem a diferen\u00e7a","datePublished":"2025-06-11T14:06:26+00:00","dateModified":"2025-06-11T14:33:13+00:00","mainEntityOfPage":{"@id":"https:\/\/www.mylasertabac.com\/pt-pt\/aqueles-que-trabalham-por-um-mundo-sem-fumo-uma-homenagem-aos-que-fazem-a-diferenca\/"},"wordCount":723,"publisher":{"@id":"https:\/\/www.mylasertabac.com\/pt-pt\/#organization"},"image":{"@id":"https:\/\/www.mylasertabac.com\/pt-pt\/aqueles-que-trabalham-por-um-mundo-sem-fumo-uma-homenagem-aos-que-fazem-a-diferenca\/#primaryimage"},"thumbnailUrl":"https:\/\/www.mylasertabac.com\/wp-content\/uploads\/2025\/06\/journ-1.png","articleSection":["lei"],"inLanguage":"pt-PT"},{"@type":"WebPage","@id":"https:\/\/www.mylasertabac.com\/pt-pt\/aqueles-que-trabalham-por-um-mundo-sem-fumo-uma-homenagem-aos-que-fazem-a-diferenca\/","url":"https:\/\/www.mylasertabac.com\/pt-pt\/aqueles-que-trabalham-por-um-mundo-sem-fumo-uma-homenagem-aos-que-fazem-a-diferenca\/","name":"Aqueles que trabalham por um mundo sem fumo: uma homenagem aos que fazem a diferen\u00e7a - My Laser Tabac","isPartOf":{"@id":"https:\/\/www.mylasertabac.com\/pt-pt\/#website"},"primaryImageOfPage":{"@id":"https:\/\/www.mylasertabac.com\/pt-pt\/aqueles-que-trabalham-por-um-mundo-sem-fumo-uma-homenagem-aos-que-fazem-a-diferenca\/#primaryimage"},"image":{"@id":"https:\/\/www.mylasertabac.com\/pt-pt\/aqueles-que-trabalham-por-um-mundo-sem-fumo-uma-homenagem-aos-que-fazem-a-diferenca\/#primaryimage"},"thumbnailUrl":"https:\/\/www.mylasertabac.com\/wp-content\/uploads\/2025\/06\/journ-1.png","datePublished":"2025-06-11T14:06:26+00:00","dateModified":"2025-06-11T14:33:13+00:00","description":"Descobre os actores premiados no Dia Mundial Sem Tabaco 2025 pelo seu empenho na luta contra o tabagismo.","breadcrumb":{"@id":"https:\/\/www.mylasertabac.com\/pt-pt\/aqueles-que-trabalham-por-um-mundo-sem-fumo-uma-homenagem-aos-que-fazem-a-diferenca\/#breadcrumb"},"inLanguage":"pt-PT","potentialAction":[{"@type":"ReadAction","target":["https:\/\/www.mylasertabac.com\/pt-pt\/aqueles-que-trabalham-por-um-mundo-sem-fumo-uma-homenagem-aos-que-fazem-a-diferenca\/"]}]},{"@type":"ImageObject","inLanguage":"pt-PT","@id":"https:\/\/www.mylasertabac.com\/pt-pt\/aqueles-que-trabalham-por-um-mundo-sem-fumo-uma-homenagem-aos-que-fazem-a-diferenca\/#primaryimage","url":"https:\/\/www.mylasertabac.com\/wp-content\/uploads\/2025\/06\/journ-1.png","contentUrl":"https:\/\/www.mylasertabac.com\/wp-content\/uploads\/2025\/06\/journ-1.png","width":1536,"height":1024},{"@type":"BreadcrumbList","@id":"https:\/\/www.mylasertabac.com\/pt-pt\/aqueles-que-trabalham-por-um-mundo-sem-fumo-uma-homenagem-aos-que-fazem-a-diferenca\/#breadcrumb","itemListElement":[{"@type":"ListItem","position":1,"name":"Accueil","item":"https:\/\/www.mylasertabac.com\/pt-pt\/casa\/"},{"@type":"ListItem","position":2,"name":"Aqueles que trabalham por um mundo sem fumo: uma homenagem aos que fazem a diferen\u00e7a"}]},{"@type":"WebSite","@id":"https:\/\/www.mylasertabac.com\/pt-pt\/#website","url":"https:\/\/www.mylasertabac.com\/pt-pt\/","name":"My Laser Tabac","description":"La solution laser qui transforme les fumeurs en ex-fumeurs","publisher":{"@id":"https:\/\/www.mylasertabac.com\/pt-pt\/#organization"},"potentialAction":[{"@type":"SearchAction","target":{"@type":"EntryPoint","urlTemplate":"https:\/\/www.mylasertabac.com\/pt-pt\/?s={search_term_string}"},"query-input":{"@type":"PropertyValueSpecification","valueRequired":true,"valueName":"search_term_string"}}],"inLanguage":"pt-PT"},{"@type":"Organization","@id":"https:\/\/www.mylasertabac.com\/pt-pt\/#organization","name":"My Laser Tabac","url":"https:\/\/www.mylasertabac.com\/pt-pt\/","logo":{"@type":"ImageObject","inLanguage":"pt-PT","@id":"https:\/\/www.mylasertabac.com\/pt-pt\/#\/schema\/logo\/image\/","url":"https:\/\/www.mylasertabac.com\/wp-content\/uploads\/2024\/12\/mlt-verteau.svg","contentUrl":"https:\/\/www.mylasertabac.com\/wp-content\/uploads\/2024\/12\/mlt-verteau.svg","caption":"My Laser Tabac"},"image":{"@id":"https:\/\/www.mylasertabac.com\/pt-pt\/#\/schema\/logo\/image\/"}},{"@type":"Person","@id":"https:\/\/www.mylasertabac.com\/pt-pt\/#\/schema\/person\/02c249cb76d912efb6c315ec23eccdf3","name":"Florian Fortes","image":{"@type":"ImageObject","inLanguage":"pt-PT","@id":"https:\/\/www.mylasertabac.com\/wp-content\/litespeed\/avatar\/142101a71d7b9e6490c1120d9c109a67.jpg?ver=1776856306","url":"https:\/\/www.mylasertabac.com\/wp-content\/litespeed\/avatar\/142101a71d7b9e6490c1120d9c109a67.jpg?ver=1776856306","contentUrl":"https:\/\/www.mylasertabac.com\/wp-content\/litespeed\/avatar\/142101a71d7b9e6490c1120d9c109a67.jpg?ver=1776856306","caption":"Florian Fortes"},"sameAs":["https:\/\/www.mylasertabac.com","https:\/\/www.facebook.com\/profile.php?id=61571554707319"],"url":"https:\/\/www.mylasertabac.com\/pt-pt\/author\/florianfortes5312\/"}]}},"_links":{"self":[{"href":"https:\/\/www.mylasertabac.com\/pt-pt\/wp-json\/wp\/v2\/posts\/9433","targetHints":{"allow":["GET"]}}],"collection":[{"href":"https:\/\/www.mylasertabac.com\/pt-pt\/wp-json\/wp\/v2\/posts"}],"about":[{"href":"https:\/\/www.mylasertabac.com\/pt-pt\/wp-json\/wp\/v2\/types\/post"}],"author":[{"embeddable":true,"href":"https:\/\/www.mylasertabac.com\/pt-pt\/wp-json\/wp\/v2\/users\/2"}],"replies":[{"embeddable":true,"href":"https:\/\/www.mylasertabac.com\/pt-pt\/wp-json\/wp\/v2\/comments?post=9433"}],"version-history":[{"count":3,"href":"https:\/\/www.mylasertabac.com\/pt-pt\/wp-json\/wp\/v2\/posts\/9433\/revisions"}],"predecessor-version":[{"id":9466,"href":"https:\/\/www.mylasertabac.com\/pt-pt\/wp-json\/wp\/v2\/posts\/9433\/revisions\/9466"}],"wp:featuredmedia":[{"embeddable":true,"href":"https:\/\/www.mylasertabac.com\/pt-pt\/wp-json\/wp\/v2\/media\/9428"}],"wp:attachment":[{"href":"https:\/\/www.mylasertabac.com\/pt-pt\/wp-json\/wp\/v2\/media?parent=9433"}],"wp:term":[{"taxonomy":"category","embeddable":true,"href":"https:\/\/www.mylasertabac.com\/pt-pt\/wp-json\/wp\/v2\/categories?post=9433"},{"taxonomy":"post_tag","embeddable":true,"href":"https:\/\/www.mylasertabac.com\/pt-pt\/wp-json\/wp\/v2\/tags?post=9433"}],"curies":[{"name":"wp","href":"https:\/\/api.w.org\/{rel}","templated":true}]}}